{"id":249254,"date":"2021-12-19T19:45:29","date_gmt":"2021-12-19T18:45:29","guid":{"rendered":"https:\/\/www.radiopiu.net\/wordpress\/?p=249254"},"modified":"2021-12-19T19:45:29","modified_gmt":"2021-12-19T18:45:29","slug":"elezioni-provinciali-le-dichiarazioni","status":"publish","type":"post","link":"https:\/\/www.radiopiu.net\/wordpress\/elezioni-provinciali-le-dichiarazioni\/","title":{"rendered":"ELEZIONI PROVINCIALI: LE DICHIARAZIONI"},"content":{"rendered":"<p><strong>BELLUNO<\/strong> Si sono conclusi gli spogli delle votazioni per il Presidente della provincia e i consiglieri provinciali. Queste sono le dichiarazioni dopo i risultati usciti.<\/p>\n<p><strong><a href=\"https:\/\/www.radiopiu.net\/wordpress\/giornale-radiopiu-13-febbraio-2021-direttore-mirko-mezzacasa\/dinca-5\/\" rel=\"attachment wp-att-190918\"><img loading=\"lazy\" decoding=\"async\" class=\"wp-image-190918 alignleft\" src=\"https:\/\/www.radiopiu.net\/wordpress\/wp-content\/uploads\/2021\/02\/dinca-300x300.jpg\" alt=\"\" width=\"159\" height=\"159\" srcset=\"https:\/\/www.radiopiu.net\/wordpress\/wp-content\/uploads\/2021\/02\/dinca-300x300.jpg 300w, https:\/\/www.radiopiu.net\/wordpress\/wp-content\/uploads\/2021\/02\/dinca-1024x1024.jpg 1024w, https:\/\/www.radiopiu.net\/wordpress\/wp-content\/uploads\/2021\/02\/dinca-150x150.jpg 150w, https:\/\/www.radiopiu.net\/wordpress\/wp-content\/uploads\/2021\/02\/dinca-768x767.jpg 768w, https:\/\/www.radiopiu.net\/wordpress\/wp-content\/uploads\/2021\/02\/dinca.jpg 1080w\" sizes=\"auto, (max-width: 159px) 100vw, 159px\" \/><\/a>IL MINISTRO FEDERICO D&#8217;INCA&#8217;<\/strong><\/p>\n<p>&#8220;I miei auguri a Roberto Padrin, per la riconferma a presidente della Provincia di Belluno e al nuovo Consiglio eletto. Il lavoro di questi anni a favore del territorio \u00e8 stato significativo: le sfide da affrontare sono molteplici ma sono sicuro che ancora una volta le competenze di Padrin saranno saranno utili all&#8217;intera provincia bellunese. In questi ultimi anni, con la Provincia abbiamo avviato un percorso di collaborazione istituzionale per rappresentare al meglio le istanze del territorio. A confermarlo, le costanti interlocuzioni tra l&#8217;Ente e Roma, come avvenuto in occasione dell&#8217;ultimo incontro sulla banda ultralarga. Un cammino che proseguir\u00e0 ancora con molta attenzione&#8221;.<\/p>\n<p>&nbsp;<\/p>\n<p><strong><a href=\"https:\/\/www.radiopiu.net\/wordpress\/speciale-feltre-fondi-di-confine-e-biblioteche-dal-gr-pomeriggio-di-radio-piu\/roger_de_menech_daticamera\/\" rel=\"attachment wp-att-49599\"><img loading=\"lazy\" decoding=\"async\" class=\"size-full wp-image-49599 alignright\" src=\"https:\/\/www.radiopiu.net\/wordpress\/wp-content\/uploads\/2018\/05\/Roger_De_Menech_daticamera.jpg\" alt=\"\" width=\"165\" height=\"228\" \/><\/a>L&#8217;ONOREVOLE DEL PD ROGER DE MENECH E LA SEGRETARIA PROVINCIALE DEL PD MONICA LOTTO<\/strong><\/p>\n<p><span class=\"s1\">Il centrosinistra bellunese proseguir\u00e0 nell\u2019opera di rinnovamento con particolare attenzione alle zone fragili. La vittoria della lista \u2018Provincia Comune Belluno 2030\u2019 alle elezioni provinciali \u00e8 il premio per il lavoro svolto dagli amministratori in seno al consiglio provinciale, ma soprattutto un atto di fiducia per il futuro. <\/span><span class=\"s1\">\u00abAuguro buon lavoro al presidente Padrin che abbiamo appoggiato con convinzione\u00bb, afferma il deputato bellunese Roger De Menech. \u00abAnche per i prossimi anni, il presidente avr\u00e0 il nostro leale sostegno per continuare le azioni per salvaguardare il territorio, rafforzare la dimensione sociale e intervenire con tempestivit\u00e0 nelle situazioni di crisi\u00bb. <\/span><span class=\"s1\">La segretaria provinciale del PD, Monica Lotto, sottolinea quanto \u00abla dimensione civica della lista sia stata accogliente e quindi vincente. Abbiamo raggruppato un gruppo di amministratori equilibrato, contrassegnato da sensibilit\u00e0 comuni, grande esperienza, competenze certe e provenienti da tutte le zone della Provincia\u00bb.\u00a0 <\/span><span class=\"s1\">Per la prima volta una donna, Lucia Da Rold di Ponte nelle Alpi, \u00e8 risultata la pi\u00f9 votata in assoluto e prima degli eletti. Gli altri rappresentanti della lista che entrano in Consiglio provinciale sono Franco De Bon, Fabio Luchetta, Paolo Perenzin, Simone Deola e Walter Cibien.<\/span><\/p>\n<p>&nbsp;<\/p>\n<p><strong><a href=\"https:\/\/www.radiopiu.net\/wordpress\/giornale-radiopiu-19-maggio-2020-direttore-mirko-mezzacasa\/luca-de-carlo-8\/\" rel=\"attachment wp-att-138787\"><img loading=\"lazy\" decoding=\"async\" class=\"size-full wp-image-138787 alignleft\" src=\"https:\/\/www.radiopiu.net\/wordpress\/wp-content\/uploads\/2020\/05\/Luca-De-Carlo.jpg\" alt=\"\" width=\"165\" height=\"228\" \/><\/a>IL SENATORE LUCA DE CARLO<\/strong><\/p>\n<p dir=\"auto\">L&#8217;analisi del senatore di Fratelli d&#8217;Italia e sindaco di Calalzo di Cadore Luca De Carlo guarda ai risultati delle urne provinciali di ieri e si proietta alle consultazioni della prossima primavera. Il primo commento \u00e8 dedicato alle elezioni provinciali tenutesi nella giornata di sabato: \u201cComplimenti a Serenella Bogana, riconfermata per la terza volta in questo ruolo: \u00e8 un chiaro riconoscimento del lavoro fatto in questi anni. Infatti, al netto dei voti ponderati risulta la terza candidata pi\u00f9 votata tra entrambe le liste, segno di un apprezzamento generale da parte degli amministratori del territorio bellunese\u201d. L&#8217;altra analisi \u00e8 invece pi\u00f9 politica, e guarda alle sfide dei prossimi mesi: \u201cIn questa consultazione, nonostante al momento i grandi comuni siano in mano al centrosinistra, il centrodestra ha fatto registrare un ottimo risultato e dimostrato unit\u00e0, unit\u00e0 che servir\u00e0 anche nella prossima tornata amministrativa a Belluno e a Feltre che ci vedr\u00e0 impegnati a rovesciare l&#8217;attuale situazione. Lo schema \u201cpartiti pi\u00f9 liste civiche\u201d va confermato e rilanciato, non solo in vista della chiamata alle urne della prossima primavera, ma anche in ottica delle future elezioni provinciali, che ci auguriamo avvengano dopo una riforma che ripristini l&#8217;elezione diretta di presidente e consiglio e ridia cos\u00ec la parola ai cittadini\u201d. L&#8217;ultimo appello \u00e8 quindi agli alleati: \u201cDa oggi, sguardo fisso sulle amministrative 2022 per trovare insieme i migliori candidati per andare a vincere e certo non per piantare bandierine\u201d, conclude De Carlo.<\/p>\n<p dir=\"auto\">\n<p dir=\"auto\"><strong><a href=\"https:\/\/www.radiopiu.net\/wordpress\/giornale-radiopiu-05-maggio-2021-direttore-mirko-mezzacasa\/lucia_da_rold-2\/\" rel=\"attachment wp-att-207556\"><img loading=\"lazy\" decoding=\"async\" class=\"wp-image-207556 alignright\" src=\"https:\/\/www.radiopiu.net\/wordpress\/wp-content\/uploads\/2021\/05\/Lucia_Da_Rold-225x300.jpg\" alt=\"\" width=\"122\" height=\"163\" srcset=\"https:\/\/www.radiopiu.net\/wordpress\/wp-content\/uploads\/2021\/05\/Lucia_Da_Rold-225x300.jpg 225w, https:\/\/www.radiopiu.net\/wordpress\/wp-content\/uploads\/2021\/05\/Lucia_Da_Rold.jpg 517w\" sizes=\"auto, (max-width: 122px) 100vw, 122px\" \/><\/a>LUCIA DA ROLD, ELETTA NEL CONSIGLIO PROVINCIALE<\/strong><\/p>\n<p dir=\"auto\">&#8220;Sono molto orgogliosa del risultato personale ottenuto. Ringrazio i colleghi che hanno voluto darmi la preferenza e mi fa piacere perch\u00e9 molte sono persone con cui collaboro ormai da diversi anni, molti sono invece gli amministratori e le amministrartici che hanno riposto in me una fiducia che spero di poter ricambiare con il lavoro che faremo insieme da qui in avanti. La soddisfazione pi\u00f9 grande resta la vittoria della lista di centrosinistra grazie alla quale avremo slancio, entusiasmo e capacit\u00e0 per affrontare le sfide dei prossimi anni nel Bellunese\u201d. Lo dichiara Lucia Da Rold a commento dei risultati delle elezioni provinciali.<\/p>\n<p dir=\"auto\">\n<p dir=\"auto\"><strong><a href=\"https:\/\/www.radiopiu.net\/wordpress\/giornale-radiopiu-05-ottobre-2019-direttore-mirko-mezzacasa\/1435664134094_gidoni_franco-2\/\" rel=\"attachment wp-att-101299\"><img loading=\"lazy\" decoding=\"async\" class=\"wp-image-101299 alignleft\" src=\"https:\/\/www.radiopiu.net\/wordpress\/wp-content\/uploads\/2019\/10\/1435664134094_Gidoni_Franco-218x300.jpg\" alt=\"\" width=\"113\" height=\"156\" srcset=\"https:\/\/www.radiopiu.net\/wordpress\/wp-content\/uploads\/2019\/10\/1435664134094_Gidoni_Franco-218x300.jpg 218w, https:\/\/www.radiopiu.net\/wordpress\/wp-content\/uploads\/2019\/10\/1435664134094_Gidoni_Franco.jpg 254w\" sizes=\"auto, (max-width: 113px) 100vw, 113px\" \/><\/a>FRANCO GIDONI, COMMISSARIO PROVINCIALE LEGA NORD<\/strong><\/p>\n<p dir=\"auto\">\u201cPoca affezione all&#8217;ente Provincia da parte della sinistra, la candidatura singola non ha aiutato\u201d, \u00e8 questo il primo commento del commissario provinciale della Lega Franco Gidoni alle elezioni provinciali. La tornata elettorale ha fatto ottenere due consiglieri alla Lega, grazie alla riconferma di Danilo De Toni sindaco di Alleghe con 6168 voti e al nuovo ingresso di Mattia Gosetti, primo cittadino di Cibiana, con 6083 preferenze. A spulciare tra i dati, emerge come gli elettori di centro sinistra siano diminuiti, rispetto all&#8217;ultima votazione e quelli di centro destra, invece, siano aumentati.<\/p>\n<audio class=\"wp-audio-shortcode\" id=\"audio-249254-1\" preload=\"none\" style=\"width: 100%;\" controls=\"controls\"><source type=\"audio\/mpeg\" src=\"https:\/\/www.radiopiu.net\/wordpress\/wp-content\/uploads\/2021\/12\/Gidoni-su-elezioni-provinciali.mp3?_=1\" \/><a href=\"https:\/\/www.radiopiu.net\/wordpress\/wp-content\/uploads\/2021\/12\/Gidoni-su-elezioni-provinciali.mp3\">https:\/\/www.radiopiu.net\/wordpress\/wp-content\/uploads\/2021\/12\/Gidoni-su-elezioni-provinciali.mp3<\/a><\/audio>\n<p dir=\"auto\">\n<p dir=\"auto\">\n<p dir=\"auto\">\n<p dir=\"auto\">*****<\/p>\n","protected":false},"excerpt":{"rendered":"<p>BELLUNO Si sono conclusi gli spogli delle votazioni per il Presidente della provincia e i consiglieri provinciali. Queste sono le dichiarazioni dopo i risultati usciti. IL MINISTRO FEDERICO D&#8217;INCA&#8217; &#8220;I miei auguri a Roberto Padrin, per la riconferma a presidente della Provincia di Belluno e al nuovo Consiglio eletto. Il lavoro di questi anni a&hellip;<\/p>\n","protected":false},"author":4,"featured_media":249099,"comment_status":"closed","ping_status":"open","sticky":false,"template":"","format":"standard","meta":{"_monsterinsights_skip_tracking":false,"_monsterinsights_sitenote_active":false,"_monsterinsights_sitenote_note":"","_monsterinsights_sitenote_category":0,"footnotes":""},"categories":[49],"tags":[],"class_list":["post-249254","post","type-post","status-publish","format-standard","has-post-thumbnail","hentry","category-news-18","category-49","description-off"],"img_url":"https:\/\/www.radiopiu.net\/wordpress\/wp-content\/uploads\/2021\/12\/padrin-vota.jpg","_links":{"self":[{"href":"https:\/\/www.radiopiu.net\/wordpress\/wp-json\/wp\/v2\/posts\/249254","targetHints":{"allow":["GET"]}}],"collection":[{"href":"https:\/\/www.radiopiu.net\/wordpress\/wp-json\/wp\/v2\/posts"}],"about":[{"href":"https:\/\/www.radiopiu.net\/wordpress\/wp-json\/wp\/v2\/types\/post"}],"author":[{"embeddable":true,"href":"https:\/\/www.radiopiu.net\/wordpress\/wp-json\/wp\/v2\/users\/4"}],"replies":[{"embeddable":true,"href":"https:\/\/www.radiopiu.net\/wordpress\/wp-json\/wp\/v2\/comments?post=249254"}],"version-history":[{"count":0,"href":"https:\/\/www.radiopiu.net\/wordpress\/wp-json\/wp\/v2\/posts\/249254\/revisions"}],"wp:featuredmedia":[{"embeddable":true,"href":"https:\/\/www.radiopiu.net\/wordpress\/wp-json\/wp\/v2\/media\/249099"}],"wp:attachment":[{"href":"https:\/\/www.radiopiu.net\/wordpress\/wp-json\/wp\/v2\/media?parent=249254"}],"wp:term":[{"taxonomy":"category","embeddable":true,"href":"https:\/\/www.radiopiu.net\/wordpress\/wp-json\/wp\/v2\/categories?post=249254"},{"taxonomy":"post_tag","embeddable":true,"href":"https:\/\/www.radiopiu.net\/wordpress\/wp-json\/wp\/v2\/tags?post=249254"}],"curies":[{"name":"wp","href":"https:\/\/api.w.org\/{rel}","templated":true}]}}