{"id":249309,"date":"2021-12-20T05:44:42","date_gmt":"2021-12-20T04:44:42","guid":{"rendered":"https:\/\/www.radiopiu.net\/wordpress\/?p=249309"},"modified":"2021-12-20T05:44:42","modified_gmt":"2021-12-20T04:44:42","slug":"cancelli-in-ferro-del-dopoguerra-imitando-i-tipi-e-i-temi-del-passato","status":"publish","type":"post","link":"https:\/\/www.radiopiu.net\/wordpress\/cancelli-in-ferro-del-dopoguerra-imitando-i-tipi-e-i-temi-del-passato\/","title":{"rendered":"CANCELLI IN FERRO DEL DOPOGUERRA IMITANDO I TIPI E I TEMI DEL PASSATO"},"content":{"rendered":"<p><strong>di RENATO BONA<\/strong><\/p>\n<p>\u201cAlcuni manufatti, pur essendo contemporanei alle ville o ai palazzi, nel tempo, a causa delle loro condizioni, sono stati restaurati, verniciati, modificati, oppure sostituiti, a volte rispecchiando lo stile precedente, altre volte cambiandolo totalmente, per adeguarli alle esigenze dei tempi. Questo \u00e8 il motivo per cui la loro datazione non sempre coincide con l\u2019epoca dell\u2019immobile in cui si trovano. Si tenga presente, inoltre, che gli artisti che lavoravano il ferro nei secoli XIX e XX si rifacevano per la maggior parte alle opere del passato, talvolta copiando interamente le produzioni dei fabbri di un tempo. Anche a causa di ci\u00f2, basandosi sulle caratteristiche stilistiche, non sempre si \u00e8 potuto datare con certezza il manufatto, perci\u00f2 ci si \u00e8 anche avvalsi dell\u2019ausilio di vecchie fotografie e di testimonianze di persone anziane\u201d. Con questa premessa, l\u2019autore del libro \u201cCancelli in ferro a Belluno\u201d, Vincenzo Caputo (edito nel luglio 2009 dall\u2019Istituto bellunese di ricerche sociali e culturali presieduto dal prof. don Sergio Sacco, stampa Tipografia Piave, preziosa la collaborazione di Roberto Reolon per la descrizione tecnica e di Augusto Burlon per la presentazione araldica, foto dell\u2019autore e di Luca Zanfron) ci introduce in un mondo affascinante che lo ha \u201cemotivamente coinvolto\u201d specialmente ogniqualvolta si \u00e8 soffermato a pensare \u201ca quanto umano impegno, quanta fantasia artistica e quanta paziente fatica siano stati profusi per la realizzazione di ogni singola opera\u201d. Tanto che la sua impegnativa ricerca \u201cvuole essere un doveroso riconoscimenti per chi, nel tempo, ha cos\u00ec tanto dato\u201d. A questo punto proseguiamo nella presentazione di \u201cCancelli del dopoguerra imitando tipi e temi del passato\u201d partendo dal civico 5 della via Nicol\u00f2 De Stefani dove si pu\u00f2 vedere un esemplare pedonale di servizio, in buono stato di conservazione, del XX secolo, con base cieca e sovrastante griglia verticale in profili battuti piatti, quadrati e attorcigliati, del quale una targhetta indica quale esecutrice la \u201cditta Michielotto &amp; Schiavone costruzioni in ferro Belluno\u201d. Stessa via, civico 6: cancello a due ante stile liberty, d\u2019entrata al giardino di un fabbricato risalente alla fine degli anni Trenta, in buono stato, del 1939. Prodiga di cancelli, la via De Stefani propone al civico 10, in buono stato, datato 1927, il carraio d\u2019entrata di una villa risalente agli anni Venti, considerato \u201cleggero tentativo di Art Nouveau su griglia classica, semplice e lineare in barre quadre lisce con punta a fiamma\u201d. Ci spostiamo nella via Gaspare Diziani dove al civico 1si pu\u00f2 notare del XX secolo, in buono stato, il cancello All\u2019entrata del giardino di un fabbricato della stessa epoca, stile liberty ma con richiamo al classico ornamento con fiori a sei petali e classico girasole centrale. La proposta al civico 39 della via Feltre \u00e8 un cancello del 1920 circa, in non buono stato, all\u2019entrata alla corte di una grande villa risalente agli inizi degli anni Venti con vista sul Piave; si tratta di \u201cmanifattura artigianale a ribattini e giunzioni a mezza sezione\u201d. Stessa via, civico 109 per il massiccio cancello d\u2019entrata all\u2019ex villa Prosdocimi, degli inizi del Novecento, poi scuola di Ragioneria, ora della Provincia di Belluno col Centro per l\u2019impiego. E\u2019 datato 1912 ed \u00e8 in buono stato, vi \u201cPrevale il decoro floreale con abbandono dei virtuosismi del ferro battuto\u201d. Poco pi\u00f9 in la, ecco il civico 3 della via Lazzarini con il cancello del 1927 in discreto stato, d\u2019entrata al viale che conduce ad un villa risalente alla fine degli anni Venti; sul pilastro \u00e8 inciso il nome \u201cVilla Hellweger\u201d; sullo sfondo si vede il Col Visentin. E\u2019 un cancello moderno \u201ccon ancora qualche influenza liberty\u201d. Stessa via, localit\u00e0 Prade, del 1832, in buono stato ecco l\u2019arco con grande cancello d\u2019accesso, facente parte dell\u2019entrata laterale destra del cimitero urbano, la cui costruzione \u00e8 avvenuta nella prima met\u00e0 del secolo XIX; originariamente, prima dei successivi ampliamenti, era l\u2019entrata principale. Si tratta di un \u201cmassiccio cancello a due ante con porta di servizio inserita in quella di destra, di fattura ottocentesca, caratterizzato da un fitto reticolo verticale con zoccolo ad eliche strette\u201d. Tocca ora al Viale Internati e Deportati dove al civico 2, del XX secolo, c\u2019\u2019\u00e8 il robusto e grande cancello carraio in buono stato, posto all\u2019entrata principale del viale di Villa Morassutti (1920-25). Sul pilastro destro \u00e8 indicato il nome \u201cLa Vignetta\u201d. Originariamente l\u2019entrata era collocata in altro luogo poco distante; fu spostata negli anni Sessanta in occasione della costruzione del Ponte degli Alpini. I due grandi pannelli rettangolari sono chiusi da \u201cgrillage\u201d formati da barre quadre ondulate fermate da fascette forgiate e ribattute, con siepe di foglie finemente battute e movimentate\u201d. Restiamo nella via perch\u00e9 al civico 2, pure del XX secolo ed in buono stato, vi \u00e8 la \u201ccaratteristica e bella pedonale al parco della Villa Morassutti. Il cancello non pi\u00f9 in uso da tempo, reca le iniziali di Giovanna, moglie del comm. Federico Morassutti \u2018GM\u2019 alla quale la villa era dedicata. Siamo approdarti nella via Cappellari dove al civico 79 della localit\u00e0 Fisterre ci si imbatte nel cancello \u201cArt Nouveau\u201d, del XX secolo, in buono stato di conservazione, di accesso alla ex Falegnameria probabilmente in funzione dall\u2019Ottocento, ora abitazione privata. Il cancello, risalente agli anni Trenta \u00e8 caratterizzato da un bel motivo floreale. Viene ricordato che \u201cRecenti interventi lo hanno irrigidito a due sole ante con protesi saldate distruggendo l\u2019originalit\u00e0 dell\u2019opera che era tra le pi\u00f9 rappresentative dello stile d\u2019epoca\u201d. Stessa via e stessa localit\u00e0, per il cancello del XVIII secolo, in discreto stato, per l\u2019entrata secondaria alla propriet\u00e0 della Villa gi\u00e0 Butta, Doglioni, Zanussi (1864) e altri. Sul pilastro destro \u00e8 inciso il nome \u201cLa Vigna\u201d (secolo XVIII). Un\u2019annotazione di Caputo: \u201cEra anche il passaggio per raggiungere la dismessa piccola centrale idroelettrica e la diga ivi esistente sul torrente Ardo, ricco di reperti fossili. Notevole il catenaccio esterno montato su bandelle intagliate che denota la funzione di cancello d\u2019entrata nel fondo rustico\u201d.<\/p>\n\n\t\t\t<style type='text\/css'>\n\t\t\t\t#gallery-1 {\n\t\t\t\t\tmargin: auto;\n\t\t\t\t}\n\t\t\t\t#gallery-1 .gallery-item {\n\t\t\t\t\tfloat: left;\n\t\t\t\t\tmargin-top: 10px;\n\t\t\t\t\ttext-align: center;\n\t\t\t\t\twidth: 16%;\n\t\t\t\t}\n\t\t\t\t#gallery-1 img {\n\t\t\t\t\tborder: 2px solid #cfcfcf;\n\t\t\t\t}\n\t\t\t\t#gallery-1 .gallery-caption {\n\t\t\t\t\tmargin-left: 0;\n\t\t\t\t}\n\t\t\t\t\/* see gallery_shortcode() in wp-includes\/media.php *\/\n\t\t\t<\/style>\n\t\t<div id='gallery-1' class='dt-gallery-container gallery galleryid-249309 gallery-columns-6 gallery-size-thumbnail'><dl class='gallery-item'>\n\t\t\t\t<dt class='gallery-icon landscape'>\n\t\t\t\t\t<a class=\"rollover\" href='https:\/\/www.radiopiu.net\/wordpress\/giornale-radiopiu-20-dicembre-2021-direttore-mirko-mezzacasa\/265991349_463072572134476_1303426543829685187_n\/'><img loading=\"lazy\" decoding=\"async\" width=\"150\" height=\"150\" src=\"https:\/\/www.radiopiu.net\/wordpress\/wp-content\/uploads\/2021\/12\/265991349_463072572134476_1303426543829685187_n-150x150.jpg\" class=\"attachment-thumbnail size-thumbnail\" alt=\"\" \/><\/a>\n\t\t\t\t<\/dt><\/dl><dl class='gallery-item'>\n\t\t\t\t<dt class='gallery-icon landscape'>\n\t\t\t\t\t<a class=\"rollover\" href='https:\/\/www.radiopiu.net\/wordpress\/giornale-radiopiu-20-dicembre-2021-direttore-mirko-mezzacasa\/266613835_972879366915480_6933819190463366895_n\/'><img loading=\"lazy\" decoding=\"async\" width=\"150\" height=\"150\" src=\"https:\/\/www.radiopiu.net\/wordpress\/wp-content\/uploads\/2021\/12\/266613835_972879366915480_6933819190463366895_n-150x150.jpg\" class=\"attachment-thumbnail size-thumbnail\" alt=\"\" \/><\/a>\n\t\t\t\t<\/dt><\/dl><dl class='gallery-item'>\n\t\t\t\t<dt class='gallery-icon landscape'>\n\t\t\t\t\t<a class=\"rollover\" href='https:\/\/www.radiopiu.net\/wordpress\/giornale-radiopiu-20-dicembre-2021-direttore-mirko-mezzacasa\/267999537_1356798358087874_2695163822880296137_n\/'><img loading=\"lazy\" decoding=\"async\" width=\"150\" height=\"150\" src=\"https:\/\/www.radiopiu.net\/wordpress\/wp-content\/uploads\/2021\/12\/267999537_1356798358087874_2695163822880296137_n-150x150.jpg\" class=\"attachment-thumbnail size-thumbnail\" alt=\"\" \/><\/a>\n\t\t\t\t<\/dt><\/dl><dl class='gallery-item'>\n\t\t\t\t<dt class='gallery-icon landscape'>\n\t\t\t\t\t<a class=\"rollover\" href='https:\/\/www.radiopiu.net\/wordpress\/giornale-radiopiu-20-dicembre-2021-direttore-mirko-mezzacasa\/264502760_595243531562962_2103444089205486657_n\/'><img loading=\"lazy\" decoding=\"async\" width=\"150\" height=\"150\" src=\"https:\/\/www.radiopiu.net\/wordpress\/wp-content\/uploads\/2021\/12\/264502760_595243531562962_2103444089205486657_n-150x150.jpg\" class=\"attachment-thumbnail size-thumbnail\" alt=\"\" \/><\/a>\n\t\t\t\t<\/dt><\/dl><dl class='gallery-item'>\n\t\t\t\t<dt class='gallery-icon landscape'>\n\t\t\t\t\t<a class=\"rollover\" href='https:\/\/www.radiopiu.net\/wordpress\/giornale-radiopiu-20-dicembre-2021-direttore-mirko-mezzacasa\/265073237_440037310954796_9076620522240296668_n\/'><img loading=\"lazy\" decoding=\"async\" width=\"150\" height=\"150\" src=\"https:\/\/www.radiopiu.net\/wordpress\/wp-content\/uploads\/2021\/12\/265073237_440037310954796_9076620522240296668_n-150x150.jpg\" class=\"attachment-thumbnail size-thumbnail\" alt=\"\" \/><\/a>\n\t\t\t\t<\/dt><\/dl><dl class='gallery-item'>\n\t\t\t\t<dt class='gallery-icon landscape'>\n\t\t\t\t\t<a class=\"rollover\" href='https:\/\/www.radiopiu.net\/wordpress\/giornale-radiopiu-20-dicembre-2021-direttore-mirko-mezzacasa\/269284551_437100624732218_9190670351443508142_n\/'><img loading=\"lazy\" decoding=\"async\" width=\"150\" height=\"150\" src=\"https:\/\/www.radiopiu.net\/wordpress\/wp-content\/uploads\/2021\/12\/269284551_437100624732218_9190670351443508142_n-150x150.jpg\" class=\"attachment-thumbnail size-thumbnail\" alt=\"\" \/><\/a>\n\t\t\t\t<\/dt><\/dl><br style=\"clear: both\" \/><dl class='gallery-item'>\n\t\t\t\t<dt class='gallery-icon landscape'>\n\t\t\t\t\t<a class=\"rollover\" href='https:\/\/www.radiopiu.net\/wordpress\/giornale-radiopiu-20-dicembre-2021-direttore-mirko-mezzacasa\/265892933_4985893494810069_2249485148385854282_n\/'><img loading=\"lazy\" decoding=\"async\" width=\"150\" height=\"150\" src=\"https:\/\/www.radiopiu.net\/wordpress\/wp-content\/uploads\/2021\/12\/265892933_4985893494810069_2249485148385854282_n-150x150.jpg\" class=\"attachment-thumbnail size-thumbnail\" alt=\"\" \/><\/a>\n\t\t\t\t<\/dt><\/dl><dl class='gallery-item'>\n\t\t\t\t<dt class='gallery-icon landscape'>\n\t\t\t\t\t<a class=\"rollover\" href='https:\/\/www.radiopiu.net\/wordpress\/giornale-radiopiu-20-dicembre-2021-direttore-mirko-mezzacasa\/265904534_463106021897395_1724394565964576375_n\/'><img loading=\"lazy\" decoding=\"async\" width=\"150\" height=\"150\" src=\"https:\/\/www.radiopiu.net\/wordpress\/wp-content\/uploads\/2021\/12\/265904534_463106021897395_1724394565964576375_n-150x150.jpg\" class=\"attachment-thumbnail size-thumbnail\" alt=\"\" \/><\/a>\n\t\t\t\t<\/dt><\/dl><dl class='gallery-item'>\n\t\t\t\t<dt class='gallery-icon landscape'>\n\t\t\t\t\t<a class=\"rollover\" href='https:\/\/www.radiopiu.net\/wordpress\/giornale-radiopiu-20-dicembre-2021-direttore-mirko-mezzacasa\/264389158_263171015720771_7731973080152460381_n\/'><img loading=\"lazy\" decoding=\"async\" width=\"150\" height=\"150\" src=\"https:\/\/www.radiopiu.net\/wordpress\/wp-content\/uploads\/2021\/12\/264389158_263171015720771_7731973080152460381_n-150x150.jpg\" class=\"attachment-thumbnail size-thumbnail\" alt=\"\" \/><\/a>\n\t\t\t\t<\/dt><\/dl><dl class='gallery-item'>\n\t\t\t\t<dt class='gallery-icon landscape'>\n\t\t\t\t\t<a class=\"rollover\" href='https:\/\/www.radiopiu.net\/wordpress\/giornale-radiopiu-20-dicembre-2021-direttore-mirko-mezzacasa\/267294595_968564314010786_6071431756151474497_n\/'><img loading=\"lazy\" decoding=\"async\" width=\"150\" height=\"150\" src=\"https:\/\/www.radiopiu.net\/wordpress\/wp-content\/uploads\/2021\/12\/267294595_968564314010786_6071431756151474497_n-150x150.jpg\" class=\"attachment-thumbnail size-thumbnail\" alt=\"\" \/><\/a>\n\t\t\t\t<\/dt><\/dl><dl class='gallery-item'>\n\t\t\t\t<dt class='gallery-icon landscape'>\n\t\t\t\t\t<a class=\"rollover\" href='https:\/\/www.radiopiu.net\/wordpress\/giornale-radiopiu-20-dicembre-2021-direttore-mirko-mezzacasa\/264294863_207547971572000_2473896417978388404_n\/'><img loading=\"lazy\" decoding=\"async\" width=\"150\" height=\"150\" src=\"https:\/\/www.radiopiu.net\/wordpress\/wp-content\/uploads\/2021\/12\/264294863_207547971572000_2473896417978388404_n-150x150.jpg\" class=\"attachment-thumbnail size-thumbnail\" alt=\"\" \/><\/a>\n\t\t\t\t<\/dt><\/dl><dl class='gallery-item'>\n\t\t\t\t<dt class='gallery-icon landscape'>\n\t\t\t\t\t<a class=\"rollover\" href='https:\/\/www.radiopiu.net\/wordpress\/giornale-radiopiu-20-dicembre-2021-direttore-mirko-mezzacasa\/264408197_960288561256803_508833964473287585_n\/'><img loading=\"lazy\" decoding=\"async\" width=\"150\" height=\"150\" src=\"https:\/\/www.radiopiu.net\/wordpress\/wp-content\/uploads\/2021\/12\/264408197_960288561256803_508833964473287585_n-150x150.jpg\" class=\"attachment-thumbnail size-thumbnail\" alt=\"\" \/><\/a>\n\t\t\t\t<\/dt><\/dl><br style=\"clear: both\" \/>\n\t\t\t<\/div>\n\n<p>&nbsp;<\/p>\n<p>NELLE FOTO (riproduzioni dal libro di Vincenzo Caputo \u201cCancelli in ferro a Belluno\u201d): cancello della via De Stefani 3; stessa via, civico 6; ancora via De Stefani, civico 10; via Gaspare Diziani 1; via Feltre 39; stessa via, civico 109; via Lazzarini 3; via Lazzarini localit\u00e0 Prade; Viale Internati e Deportati 2; accesso al parco di Villa Morassutti; via Cappellari 79; stessa via e ancora Fisterre<\/p>\n","protected":false},"excerpt":{"rendered":"<p>di RENATO BONA \u201cAlcuni manufatti, pur essendo contemporanei alle ville o ai palazzi, nel tempo, a causa delle loro condizioni, sono stati restaurati, verniciati, modificati, oppure sostituiti, a volte rispecchiando lo stile precedente, altre volte cambiandolo totalmente, per adeguarli alle esigenze dei tempi. Questo \u00e8 il motivo per cui la loro datazione non sempre coincide&hellip;<\/p>\n","protected":false},"author":4,"featured_media":249318,"comment_status":"closed","ping_status":"open","sticky":false,"template":"","format":"standard","meta":{"_monsterinsights_skip_tracking":false,"_monsterinsights_sitenote_active":false,"_monsterinsights_sitenote_note":"","_monsterinsights_sitenote_category":0,"footnotes":""},"categories":[104,49],"tags":[],"class_list":["post-249309","post","type-post","status-publish","format-standard","has-post-thumbnail","hentry","category-evidenza_3","category-news-18","category-104","category-49","description-off"],"img_url":"https:\/\/www.radiopiu.net\/wordpress\/wp-content\/uploads\/2021\/12\/264389158_263171015720771_7731973080152460381_n.jpg","_links":{"self":[{"href":"https:\/\/www.radiopiu.net\/wordpress\/wp-json\/wp\/v2\/posts\/249309","targetHints":{"allow":["GET"]}}],"collection":[{"href":"https:\/\/www.radiopiu.net\/wordpress\/wp-json\/wp\/v2\/posts"}],"about":[{"href":"https:\/\/www.radiopiu.net\/wordpress\/wp-json\/wp\/v2\/types\/post"}],"author":[{"embeddable":true,"href":"https:\/\/www.radiopiu.net\/wordpress\/wp-json\/wp\/v2\/users\/4"}],"replies":[{"embeddable":true,"href":"https:\/\/www.radiopiu.net\/wordpress\/wp-json\/wp\/v2\/comments?post=249309"}],"version-history":[{"count":0,"href":"https:\/\/www.radiopiu.net\/wordpress\/wp-json\/wp\/v2\/posts\/249309\/revisions"}],"wp:featuredmedia":[{"embeddable":true,"href":"https:\/\/www.radiopiu.net\/wordpress\/wp-json\/wp\/v2\/media\/249318"}],"wp:attachment":[{"href":"https:\/\/www.radiopiu.net\/wordpress\/wp-json\/wp\/v2\/media?parent=249309"}],"wp:term":[{"taxonomy":"category","embeddable":true,"href":"https:\/\/www.radiopiu.net\/wordpress\/wp-json\/wp\/v2\/categories?post=249309"},{"taxonomy":"post_tag","embeddable":true,"href":"https:\/\/www.radiopiu.net\/wordpress\/wp-json\/wp\/v2\/tags?post=249309"}],"curies":[{"name":"wp","href":"https:\/\/api.w.org\/{rel}","templated":true}]}}