{"id":249400,"date":"2021-12-20T23:59:17","date_gmt":"2021-12-20T22:59:17","guid":{"rendered":"https:\/\/www.radiopiu.net\/wordpress\/?p=249400"},"modified":"2021-12-21T05:51:26","modified_gmt":"2021-12-21T04:51:26","slug":"voltago-a-natale-per-bambini-e-per-creativi","status":"publish","type":"post","link":"https:\/\/www.radiopiu.net\/wordpress\/voltago-a-natale-per-bambini-e-per-creativi\/","title":{"rendered":"VOLTAGO A NATALE, PER BAMBINI E PER CREATIVI"},"content":{"rendered":"<p><strong>VOLTAGO<\/strong><\/p>\n<p><strong>con la collaborazione di Gabriele Riva<\/strong><\/p>\n<p>Anche quest\u2019anno il Natale a Voltago Agordino sar\u00e0 rivolto ai piccoli e ai creativi. Venerd\u00ec 24, partendo dalle ore 15.00 in localit\u00e0 Miana, comincer\u00e0 la lunga visita di Babbo Natale ai bambini del paese. La formula, adattata a questi tempi di pandemia, vuole evitare che i piccoli si ritrovino in piazza in attesa del Grande Vecchio vestito di rosso, e allora sar\u00e0 lui stesso che, casa per casa, busser\u00e0 alle porte e lascer\u00e0 un dono ai suoi giovani abitanti. Cos\u00ec far\u00e0 anche la Befana, all\u2019epifania, con una carriola carica di dolci e carbone, rispettivamente per i bambini che sono stati buoni durante questo 2021 oppure si sono dimostrati un po\u2019 furbetti. Per i creativi del paese, invece, \u00e8 stato organizzato il concorso \u201cPresepi sotto le stelle\u201d che, dopo il successo della prima edizione nel 2020, viene riproposto anche quest\u2019anno. Tutto ci\u00f2 che i piccoli\/grandi artisti dovranno fare sar\u00e0 allestire il proprio presepe, classico o di fantasia, piccolo o grande, l\u2019importante \u00e8 che sia posto all\u2019esterno dell\u2019abitazione in maniera che sia facilmente visitabile da chi vorr\u00e0 fare una visita al paese sotto l\u2019Agner. Le iscrizioni \u2013 gratuite \u2013 sono aperte fino a sabato 25 dicembre presso il negozio di generi alimentari di Duilio, lo J\u00e4ger Bar oppure chiamando al 3494934799. Le premiazioni si terranno gioved\u00ec 6 gennaio, alle 17.00, sulla piazza della chiesa. Da Luned\u00ec 27 dicembre, sulla pagina facebook SEI DI VOLTAGO SE sar\u00e0 pubblicata una piantina del paese con indicati tutti i presepi iscritti al concorso. Nonostante tutto, anche a Voltago si vuole date un segno che le cose possono e devono andare avanti; basta solo un po\u2019 di attenzione.<\/p>\n\n\t\t\t<style type='text\/css'>\n\t\t\t\t#gallery-1 {\n\t\t\t\t\tmargin: auto;\n\t\t\t\t}\n\t\t\t\t#gallery-1 .gallery-item {\n\t\t\t\t\tfloat: left;\n\t\t\t\t\tmargin-top: 10px;\n\t\t\t\t\ttext-align: center;\n\t\t\t\t\twidth: 33%;\n\t\t\t\t}\n\t\t\t\t#gallery-1 img {\n\t\t\t\t\tborder: 2px solid #cfcfcf;\n\t\t\t\t}\n\t\t\t\t#gallery-1 .gallery-caption {\n\t\t\t\t\tmargin-left: 0;\n\t\t\t\t}\n\t\t\t\t\/* see gallery_shortcode() in wp-includes\/media.php *\/\n\t\t\t<\/style>\n\t\t<div id='gallery-1' class='dt-gallery-container gallery galleryid-249400 gallery-columns-3 gallery-size-medium'><dl class='gallery-item'>\n\t\t\t\t<dt class='gallery-icon landscape'>\n\t\t\t\t\t<a class=\"rollover rollover-zoom dt-pswp-item\" title=\"0c78098a-9090-4195-bc34-de9a911f297e\" data-dt-img-description=\"\" data-large_image_width=\"1065\" data-large_image_height=\"986\"href='https:\/\/www.radiopiu.net\/wordpress\/wp-content\/uploads\/2021\/12\/0c78098a-9090-4195-bc34-de9a911f297e.jpg'><img loading=\"lazy\" decoding=\"async\" width=\"300\" height=\"278\" src=\"https:\/\/www.radiopiu.net\/wordpress\/wp-content\/uploads\/2021\/12\/0c78098a-9090-4195-bc34-de9a911f297e-300x278.jpg\" class=\"attachment-medium size-medium\" alt=\"\" srcset=\"https:\/\/www.radiopiu.net\/wordpress\/wp-content\/uploads\/2021\/12\/0c78098a-9090-4195-bc34-de9a911f297e-300x278.jpg 300w, https:\/\/www.radiopiu.net\/wordpress\/wp-content\/uploads\/2021\/12\/0c78098a-9090-4195-bc34-de9a911f297e-1024x948.jpg 1024w, https:\/\/www.radiopiu.net\/wordpress\/wp-content\/uploads\/2021\/12\/0c78098a-9090-4195-bc34-de9a911f297e-768x711.jpg 768w, https:\/\/www.radiopiu.net\/wordpress\/wp-content\/uploads\/2021\/12\/0c78098a-9090-4195-bc34-de9a911f297e.jpg 1065w\" sizes=\"auto, (max-width: 300px) 100vw, 300px\" \/><\/a>\n\t\t\t\t<\/dt><\/dl><dl class='gallery-item'>\n\t\t\t\t<dt class='gallery-icon portrait'>\n\t\t\t\t\t<a class=\"rollover rollover-zoom dt-pswp-item\" title=\"4685bca4-a181-41a6-891e-7a196d09a968\" data-dt-img-description=\"\" data-large_image_width=\"860\" data-large_image_height=\"1116\"href='https:\/\/www.radiopiu.net\/wordpress\/wp-content\/uploads\/2021\/12\/4685bca4-a181-41a6-891e-7a196d09a968.jpg'><img loading=\"lazy\" decoding=\"async\" width=\"231\" height=\"300\" src=\"https:\/\/www.radiopiu.net\/wordpress\/wp-content\/uploads\/2021\/12\/4685bca4-a181-41a6-891e-7a196d09a968-231x300.jpg\" class=\"attachment-medium size-medium\" alt=\"\" srcset=\"https:\/\/www.radiopiu.net\/wordpress\/wp-content\/uploads\/2021\/12\/4685bca4-a181-41a6-891e-7a196d09a968-231x300.jpg 231w, https:\/\/www.radiopiu.net\/wordpress\/wp-content\/uploads\/2021\/12\/4685bca4-a181-41a6-891e-7a196d09a968-789x1024.jpg 789w, https:\/\/www.radiopiu.net\/wordpress\/wp-content\/uploads\/2021\/12\/4685bca4-a181-41a6-891e-7a196d09a968-768x997.jpg 768w, https:\/\/www.radiopiu.net\/wordpress\/wp-content\/uploads\/2021\/12\/4685bca4-a181-41a6-891e-7a196d09a968.jpg 860w\" sizes=\"auto, (max-width: 231px) 100vw, 231px\" \/><\/a>\n\t\t\t\t<\/dt><\/dl><dl class='gallery-item'>\n\t\t\t\t<dt class='gallery-icon landscape'>\n\t\t\t\t\t<a class=\"rollover rollover-zoom dt-pswp-item\" title=\"9bd7bbf4-7f68-432c-b8fd-9c494ca5fd1b\" data-dt-img-description=\"\" data-large_image_width=\"668\" data-large_image_height=\"485\"href='https:\/\/www.radiopiu.net\/wordpress\/wp-content\/uploads\/2021\/12\/9bd7bbf4-7f68-432c-b8fd-9c494ca5fd1b.jpg'><img loading=\"lazy\" decoding=\"async\" width=\"300\" height=\"218\" src=\"https:\/\/www.radiopiu.net\/wordpress\/wp-content\/uploads\/2021\/12\/9bd7bbf4-7f68-432c-b8fd-9c494ca5fd1b-300x218.jpg\" class=\"attachment-medium size-medium\" alt=\"\" srcset=\"https:\/\/www.radiopiu.net\/wordpress\/wp-content\/uploads\/2021\/12\/9bd7bbf4-7f68-432c-b8fd-9c494ca5fd1b-300x218.jpg 300w, https:\/\/www.radiopiu.net\/wordpress\/wp-content\/uploads\/2021\/12\/9bd7bbf4-7f68-432c-b8fd-9c494ca5fd1b.jpg 668w\" sizes=\"auto, (max-width: 300px) 100vw, 300px\" \/><\/a>\n\t\t\t\t<\/dt><\/dl><br style=\"clear: both\" \/>\n\t\t\t<\/div>\n\n<p>&nbsp;<\/p>\n<p>&nbsp;<\/p>\n<p>*****<\/p>\n<p>&nbsp;<\/p>\n","protected":false},"excerpt":{"rendered":"<p>VOLTAGO con la collaborazione di Gabriele Riva Anche quest\u2019anno il Natale a Voltago Agordino sar\u00e0 rivolto ai piccoli e ai creativi. Venerd\u00ec 24, partendo dalle ore 15.00 in localit\u00e0 Miana, comincer\u00e0 la lunga visita di Babbo Natale ai bambini del paese. La formula, adattata a questi tempi di pandemia, vuole evitare che i piccoli si&hellip;<\/p>\n","protected":false},"author":4,"featured_media":249403,"comment_status":"closed","ping_status":"open","sticky":false,"template":"","format":"standard","meta":{"_monsterinsights_skip_tracking":false,"_monsterinsights_sitenote_active":false,"_monsterinsights_sitenote_note":"","_monsterinsights_sitenote_category":0,"footnotes":""},"categories":[51,49],"tags":[],"class_list":["post-249400","post","type-post","status-publish","format-standard","has-post-thumbnail","hentry","category-evidenza-top","category-news-18","category-51","category-49","description-off"],"img_url":"https:\/\/www.radiopiu.net\/wordpress\/wp-content\/uploads\/2021\/12\/9bd7bbf4-7f68-432c-b8fd-9c494ca5fd1b.jpg","_links":{"self":[{"href":"https:\/\/www.radiopiu.net\/wordpress\/wp-json\/wp\/v2\/posts\/249400","targetHints":{"allow":["GET"]}}],"collection":[{"href":"https:\/\/www.radiopiu.net\/wordpress\/wp-json\/wp\/v2\/posts"}],"about":[{"href":"https:\/\/www.radiopiu.net\/wordpress\/wp-json\/wp\/v2\/types\/post"}],"author":[{"embeddable":true,"href":"https:\/\/www.radiopiu.net\/wordpress\/wp-json\/wp\/v2\/users\/4"}],"replies":[{"embeddable":true,"href":"https:\/\/www.radiopiu.net\/wordpress\/wp-json\/wp\/v2\/comments?post=249400"}],"version-history":[{"count":0,"href":"https:\/\/www.radiopiu.net\/wordpress\/wp-json\/wp\/v2\/posts\/249400\/revisions"}],"wp:featuredmedia":[{"embeddable":true,"href":"https:\/\/www.radiopiu.net\/wordpress\/wp-json\/wp\/v2\/media\/249403"}],"wp:attachment":[{"href":"https:\/\/www.radiopiu.net\/wordpress\/wp-json\/wp\/v2\/media?parent=249400"}],"wp:term":[{"taxonomy":"category","embeddable":true,"href":"https:\/\/www.radiopiu.net\/wordpress\/wp-json\/wp\/v2\/categories?post=249400"},{"taxonomy":"post_tag","embeddable":true,"href":"https:\/\/www.radiopiu.net\/wordpress\/wp-json\/wp\/v2\/tags?post=249400"}],"curies":[{"name":"wp","href":"https:\/\/api.w.org\/{rel}","templated":true}]}}