{"id":249438,"date":"2021-12-20T14:42:52","date_gmt":"2021-12-20T13:42:52","guid":{"rendered":"https:\/\/www.radiopiu.net\/wordpress\/?p=249438"},"modified":"2021-12-21T05:53:47","modified_gmt":"2021-12-21T04:53:47","slug":"bailey-da-domani-nuova-viabilita","status":"publish","type":"post","link":"https:\/\/www.radiopiu.net\/wordpress\/bailey-da-domani-nuova-viabilita\/","title":{"rendered":"BAILEY, DA OGGI\u00a0 NUOVA VIABILITA&#8217; E LA RIAPERTURA SLITTA DI ALCUNI GIORNI, NON RIAPRIRA&#8217; PER NATALE"},"content":{"rendered":"<p><strong><a href=\"https:\/\/www.radiopiu.net\/wordpress\/bailey-da-domani-nuova-viabilita\/000aaaaa-e1540829357532-678x381\/\" rel=\"attachment wp-att-249439\"><img loading=\"lazy\" decoding=\"async\" class=\"size-medium wp-image-249439 alignleft\" src=\"https:\/\/www.radiopiu.net\/wordpress\/wp-content\/uploads\/2021\/12\/000aaaaa-e1540829357532-678x381-1-300x169.jpg\" alt=\"\" width=\"300\" height=\"169\" srcset=\"https:\/\/www.radiopiu.net\/wordpress\/wp-content\/uploads\/2021\/12\/000aaaaa-e1540829357532-678x381-1-300x169.jpg 300w, https:\/\/www.radiopiu.net\/wordpress\/wp-content\/uploads\/2021\/12\/000aaaaa-e1540829357532-678x381-1.jpg 678w\" sizes=\"auto, (max-width: 300px) 100vw, 300px\" \/><\/a>BELLUNO<\/strong>\u00a0 Entra in vigore OGGI, la nuova viabilit\u00e0 nell&#8217;area di Lambioi, legata ai lavori in corso sul ponte bailey<strong>, la cui riapertura prevista per Natale\u00a0 slitta di alcuni giorni a causa della nevicata e delle temperature rigide dei giorni scorsi.<\/strong> La principale novit\u00e0, che entra in vigore da domani, \u00e8 l&#8217;inversione del senso di marcia sul Ponte della Vittoria, che sar\u00e0 percorribile in uscita dalla citt\u00e0 tutti i giorni dalle 17.00 alle 19.00. L&#8217;altra novit\u00e0 riguarda la riapertura al traffico \u2013 sempre nello stesso orario &#8211; di Via Alzaia, resa possibile dal fatto che i lavori in corso in questi giorni non richiedono pi\u00f9 l&#8217;occupazione della zona come area di cantiere in quelle ore. Per limitare i disagi alle corse del trasporto pubblico \u2013 nella fascia oraria interessata sono un paio quelle che dalla Sinistra Piave si dirigono verso il centro \u2013 sono gi\u00e0 stati individuati percorsi alternativi.<\/p>\n<blockquote><p><em>\u00abI lavori e i controlli fatti in queste settimane hanno fatto emergere una situazione pi\u00f9 complicata rispetto a quella prevista inizialmente&#8221; <\/em>sottolinea l&#8217;assessore ai lavori pubblici Biagio Giannone<\/p>\n<audio class=\"wp-audio-shortcode\" id=\"audio-249438-1\" preload=\"none\" style=\"width: 100%;\" controls=\"controls\"><source type=\"audio\/mpeg\" src=\"https:\/\/www.radiopiu.net\/wordpress\/wp-content\/uploads\/2021\/12\/BIAGIO.mp3?_=1\" \/><a href=\"https:\/\/www.radiopiu.net\/wordpress\/wp-content\/uploads\/2021\/12\/BIAGIO.mp3\">https:\/\/www.radiopiu.net\/wordpress\/wp-content\/uploads\/2021\/12\/BIAGIO.mp3<\/a><\/audio><\/blockquote>\n<p>&nbsp;<\/p>\n<p><strong>\u00a0<\/strong><\/p>\n<p>&nbsp;<\/p>\n","protected":false},"excerpt":{"rendered":"<p>BELLUNO\u00a0 Entra in vigore OGGI, la nuova viabilit\u00e0 nell&#8217;area di Lambioi, legata ai lavori in corso sul ponte bailey, la cui riapertura prevista per Natale\u00a0 slitta di alcuni giorni a causa della nevicata e delle temperature rigide dei giorni scorsi. La principale novit\u00e0, che entra in vigore da domani, \u00e8 l&#8217;inversione del senso di marcia&hellip;<\/p>\n","protected":false},"author":4,"featured_media":249439,"comment_status":"closed","ping_status":"open","sticky":false,"template":"","format":"standard","meta":{"_monsterinsights_skip_tracking":false,"_monsterinsights_sitenote_active":false,"_monsterinsights_sitenote_note":"","_monsterinsights_sitenote_category":0,"footnotes":""},"categories":[51,49],"tags":[],"class_list":["post-249438","post","type-post","status-publish","format-standard","has-post-thumbnail","hentry","category-evidenza-top","category-news-18","category-51","category-49","description-off"],"img_url":"https:\/\/www.radiopiu.net\/wordpress\/wp-content\/uploads\/2021\/12\/000aaaaa-e1540829357532-678x381-1.jpg","_links":{"self":[{"href":"https:\/\/www.radiopiu.net\/wordpress\/wp-json\/wp\/v2\/posts\/249438","targetHints":{"allow":["GET"]}}],"collection":[{"href":"https:\/\/www.radiopiu.net\/wordpress\/wp-json\/wp\/v2\/posts"}],"about":[{"href":"https:\/\/www.radiopiu.net\/wordpress\/wp-json\/wp\/v2\/types\/post"}],"author":[{"embeddable":true,"href":"https:\/\/www.radiopiu.net\/wordpress\/wp-json\/wp\/v2\/users\/4"}],"replies":[{"embeddable":true,"href":"https:\/\/www.radiopiu.net\/wordpress\/wp-json\/wp\/v2\/comments?post=249438"}],"version-history":[{"count":0,"href":"https:\/\/www.radiopiu.net\/wordpress\/wp-json\/wp\/v2\/posts\/249438\/revisions"}],"wp:featuredmedia":[{"embeddable":true,"href":"https:\/\/www.radiopiu.net\/wordpress\/wp-json\/wp\/v2\/media\/249439"}],"wp:attachment":[{"href":"https:\/\/www.radiopiu.net\/wordpress\/wp-json\/wp\/v2\/media?parent=249438"}],"wp:term":[{"taxonomy":"category","embeddable":true,"href":"https:\/\/www.radiopiu.net\/wordpress\/wp-json\/wp\/v2\/categories?post=249438"},{"taxonomy":"post_tag","embeddable":true,"href":"https:\/\/www.radiopiu.net\/wordpress\/wp-json\/wp\/v2\/tags?post=249438"}],"curies":[{"name":"wp","href":"https:\/\/api.w.org\/{rel}","templated":true}]}}