{"id":249502,"date":"2021-12-21T05:47:00","date_gmt":"2021-12-21T04:47:00","guid":{"rendered":"https:\/\/www.radiopiu.net\/wordpress\/?p=249502"},"modified":"2021-12-21T05:49:16","modified_gmt":"2021-12-21T04:49:16","slug":"scuolaasa","status":"publish","type":"post","link":"https:\/\/www.radiopiu.net\/wordpress\/scuolaasa\/","title":{"rendered":"DILLO A RADIO PIU&#8217;&#8230; &#8220;MA CONTIAMO COSI&#8217; POCO NOI AGORDINI?&#8221;"},"content":{"rendered":"<p><strong><a href=\"https:\/\/www.radiopiu.net\/wordpress\/dillo-a-radio-piu-ma-contiamo-cosi-poco-noi-agordini\/inked1b87c76f-b2a0-4cb7-a063-9f5f9fc79a72_li\/\" rel=\"attachment wp-att-249509\"><img loading=\"lazy\" decoding=\"async\" class=\"size-medium wp-image-249509 alignleft\" src=\"https:\/\/www.radiopiu.net\/wordpress\/wp-content\/uploads\/2021\/12\/Inked1b87c76f-b2a0-4cb7-a063-9f5f9fc79a72_LI-150x300.jpg\" alt=\"\" width=\"150\" height=\"300\" srcset=\"https:\/\/www.radiopiu.net\/wordpress\/wp-content\/uploads\/2021\/12\/Inked1b87c76f-b2a0-4cb7-a063-9f5f9fc79a72_LI-150x300.jpg 150w, https:\/\/www.radiopiu.net\/wordpress\/wp-content\/uploads\/2021\/12\/Inked1b87c76f-b2a0-4cb7-a063-9f5f9fc79a72_LI-512x1024.jpg 512w, https:\/\/www.radiopiu.net\/wordpress\/wp-content\/uploads\/2021\/12\/Inked1b87c76f-b2a0-4cb7-a063-9f5f9fc79a72_LI.jpg 720w\" sizes=\"auto, (max-width: 150px) 100vw, 150px\" \/><\/a>REDAZIONE\u00a0<\/strong> Riceviamo e volentieri pubblichiamo lo sfogo di una mamma, segue di pochi giorni uno simile arrivato da Taibon Agordini e altri ancora dalla vallata. In effetti non c&#8217;\u00e8 molto rispetto per chi abita la montagna che si spopola, 60 chilometri per un tampone a un bambino, se va male molti di pi\u00f9 fino a Paludi in Alpago. Perch\u00e9 la scuola e la Ulss non riescono a facilitare la vita dei territori che si spopolano anzich\u00e8 complicarla?<\/p>\n<blockquote><p><strong>LA LETTERA\u00a0<\/strong><\/p>\n<p>&#8220;Come ormai sta succedendo un po&#8217; ovunque, anche la classe di mia nipote, a Cencenighe, si trova con un caso di positivit\u00e0. Io mi chiedo se \u00e8 normale che gli Agordini\u00a0 siano costretti a scendere con i loro figli minorenni fino a Belluno,\u00a0 per fare un tampone,\u00a0 qualcuno \u00e8 dovuto andare a Paludi. Ma contiamo cos\u00ec poco? Forse il mio \u00e8 anche uno sfogo, con qualcuno\u00a0 capisce le difficolt\u00e0 del nostro territorio&#8221;.<\/p><\/blockquote>\n<p>&nbsp;<\/p>\n<p>&nbsp;<\/p>\n<p>&nbsp;<\/p>\n<p>***<\/p>\n","protected":false},"excerpt":{"rendered":"<p>REDAZIONE\u00a0 Riceviamo e volentieri pubblichiamo lo sfogo di una mamma, segue di pochi giorni uno simile arrivato da Taibon Agordini e altri ancora dalla vallata. In effetti non c&#8217;\u00e8 molto rispetto per chi abita la montagna che si spopola, 60 chilometri per un tampone a un bambino, se va male molti di pi\u00f9 fino a&hellip;<\/p>\n","protected":false},"author":4,"featured_media":249509,"comment_status":"closed","ping_status":"open","sticky":false,"template":"","format":"standard","meta":{"_monsterinsights_skip_tracking":false,"_monsterinsights_sitenote_active":false,"_monsterinsights_sitenote_note":"","_monsterinsights_sitenote_category":0,"footnotes":""},"categories":[51,49],"tags":[],"class_list":["post-249502","post","type-post","status-publish","format-standard","has-post-thumbnail","hentry","category-evidenza-top","category-news-18","category-51","category-49","description-off"],"img_url":"https:\/\/www.radiopiu.net\/wordpress\/wp-content\/uploads\/2021\/12\/Inked1b87c76f-b2a0-4cb7-a063-9f5f9fc79a72_LI.jpg","_links":{"self":[{"href":"https:\/\/www.radiopiu.net\/wordpress\/wp-json\/wp\/v2\/posts\/249502","targetHints":{"allow":["GET"]}}],"collection":[{"href":"https:\/\/www.radiopiu.net\/wordpress\/wp-json\/wp\/v2\/posts"}],"about":[{"href":"https:\/\/www.radiopiu.net\/wordpress\/wp-json\/wp\/v2\/types\/post"}],"author":[{"embeddable":true,"href":"https:\/\/www.radiopiu.net\/wordpress\/wp-json\/wp\/v2\/users\/4"}],"replies":[{"embeddable":true,"href":"https:\/\/www.radiopiu.net\/wordpress\/wp-json\/wp\/v2\/comments?post=249502"}],"version-history":[{"count":0,"href":"https:\/\/www.radiopiu.net\/wordpress\/wp-json\/wp\/v2\/posts\/249502\/revisions"}],"wp:featuredmedia":[{"embeddable":true,"href":"https:\/\/www.radiopiu.net\/wordpress\/wp-json\/wp\/v2\/media\/249509"}],"wp:attachment":[{"href":"https:\/\/www.radiopiu.net\/wordpress\/wp-json\/wp\/v2\/media?parent=249502"}],"wp:term":[{"taxonomy":"category","embeddable":true,"href":"https:\/\/www.radiopiu.net\/wordpress\/wp-json\/wp\/v2\/categories?post=249502"},{"taxonomy":"post_tag","embeddable":true,"href":"https:\/\/www.radiopiu.net\/wordpress\/wp-json\/wp\/v2\/tags?post=249502"}],"curies":[{"name":"wp","href":"https:\/\/api.w.org\/{rel}","templated":true}]}}