{"id":249518,"date":"2021-12-21T05:45:19","date_gmt":"2021-12-21T04:45:19","guid":{"rendered":"https:\/\/www.radiopiu.net\/wordpress\/?p=249518"},"modified":"2021-12-21T05:51:19","modified_gmt":"2021-12-21T04:51:19","slug":"luxottica-confermato-il-ponte-dellepifania-ma-tra-gennaio-e-febbraio-quattro-sabati-lavorativi","status":"publish","type":"post","link":"https:\/\/www.radiopiu.net\/wordpress\/luxottica-confermato-il-ponte-dellepifania-ma-tra-gennaio-e-febbraio-quattro-sabati-lavorativi\/","title":{"rendered":"LUXOTTICA: CONFERMATO IL PONTE DELL\u2019EPIFANIA MA TRA GENNAIO E FEBBRAIO QUATTRO SABATI LAVORATIVI"},"content":{"rendered":"<p><strong><a href=\"https:\/\/www.radiopiu.net\/wordpress\/contratto-accordo-luxottica-valentino-fino-a-giugno-2022\/luxottica-framont\/\" rel=\"attachment wp-att-246066\"><img loading=\"lazy\" decoding=\"async\" class=\"size-medium wp-image-246066 alignleft\" src=\"https:\/\/www.radiopiu.net\/wordpress\/wp-content\/uploads\/2021\/12\/LUXOTTICA-FRAMONT-300x225.jpg\" alt=\"\" width=\"300\" height=\"225\" srcset=\"https:\/\/www.radiopiu.net\/wordpress\/wp-content\/uploads\/2021\/12\/LUXOTTICA-FRAMONT-300x225.jpg 300w, https:\/\/www.radiopiu.net\/wordpress\/wp-content\/uploads\/2021\/12\/LUXOTTICA-FRAMONT-1024x768.jpg 1024w, https:\/\/www.radiopiu.net\/wordpress\/wp-content\/uploads\/2021\/12\/LUXOTTICA-FRAMONT-768x576.jpg 768w, https:\/\/www.radiopiu.net\/wordpress\/wp-content\/uploads\/2021\/12\/LUXOTTICA-FRAMONT-1536x1152.jpg 1536w, https:\/\/www.radiopiu.net\/wordpress\/wp-content\/uploads\/2021\/12\/LUXOTTICA-FRAMONT.jpg 2048w\" sizes=\"auto, (max-width: 300px) 100vw, 300px\" \/><\/a>AGORDO<\/strong> Nelle ultime ore la dirigenza di Luxottica e la RSU si sono incontrate per mettere la firma ad una accordo. Si tratta della conferma del ponte dell\u2019Epifania e di un calendario di straordinari incentivati e flessibilit\u00e0. Per quanto riguarda il ponte, lo stabilimento di Agordo chiuder\u00e0 i battenti per la giornata di venerd\u00ec 7 gennaio concedendo alle maestranze il weekend lungo. Agli operai la giornata sar\u00e0 coperta con una flessibilit\u00e0 negativa mentre coloro che lavorano negli uffici dovranno rinunciare ad un permesso individuale. Programmati anche quattro sabati lavorativi per i reparti produttivi. In realt\u00e0 saranno 2 le giornate che ogni operaio dovr\u00e0 lavorare perch\u00e9 si \u00e8 optato per chiamare al lavoro solo il turno del mattino. Il 15 e 22 gennaio saranno due giornate di straordinario incentivato mentre la flessibilit\u00e0 positiva \u00e8 in programma per il 29 gennaio e 5 febbraio. Come gi\u00e0 detto lavoreranno solo i turnisti del mattino mentre i lavoratori a giornata e pat-time potranno consultare il calendario presente sulle bacheche aziendali o nei reparti di appartenenza per sapere con esattezza in quali giornate saranno chiamati al lavoro.<\/p>\n<p>&nbsp;<\/p>\n<p>&nbsp;<\/p>\n<p>*****<\/p>\n","protected":false},"excerpt":{"rendered":"<p>AGORDO Nelle ultime ore la dirigenza di Luxottica e la RSU si sono incontrate per mettere la firma ad una accordo. Si tratta della conferma del ponte dell\u2019Epifania e di un calendario di straordinari incentivati e flessibilit\u00e0. Per quanto riguarda il ponte, lo stabilimento di Agordo chiuder\u00e0 i battenti per la giornata di venerd\u00ec 7&hellip;<\/p>\n","protected":false},"author":4,"featured_media":246066,"comment_status":"closed","ping_status":"open","sticky":false,"template":"","format":"standard","meta":{"_monsterinsights_skip_tracking":false,"_monsterinsights_sitenote_active":false,"_monsterinsights_sitenote_note":"","_monsterinsights_sitenote_category":0,"footnotes":""},"categories":[51,49],"tags":[],"class_list":["post-249518","post","type-post","status-publish","format-standard","has-post-thumbnail","hentry","category-evidenza-top","category-news-18","category-51","category-49","description-off"],"img_url":"https:\/\/www.radiopiu.net\/wordpress\/wp-content\/uploads\/2021\/12\/LUXOTTICA-FRAMONT.jpg","_links":{"self":[{"href":"https:\/\/www.radiopiu.net\/wordpress\/wp-json\/wp\/v2\/posts\/249518","targetHints":{"allow":["GET"]}}],"collection":[{"href":"https:\/\/www.radiopiu.net\/wordpress\/wp-json\/wp\/v2\/posts"}],"about":[{"href":"https:\/\/www.radiopiu.net\/wordpress\/wp-json\/wp\/v2\/types\/post"}],"author":[{"embeddable":true,"href":"https:\/\/www.radiopiu.net\/wordpress\/wp-json\/wp\/v2\/users\/4"}],"replies":[{"embeddable":true,"href":"https:\/\/www.radiopiu.net\/wordpress\/wp-json\/wp\/v2\/comments?post=249518"}],"version-history":[{"count":0,"href":"https:\/\/www.radiopiu.net\/wordpress\/wp-json\/wp\/v2\/posts\/249518\/revisions"}],"wp:featuredmedia":[{"embeddable":true,"href":"https:\/\/www.radiopiu.net\/wordpress\/wp-json\/wp\/v2\/media\/246066"}],"wp:attachment":[{"href":"https:\/\/www.radiopiu.net\/wordpress\/wp-json\/wp\/v2\/media?parent=249518"}],"wp:term":[{"taxonomy":"category","embeddable":true,"href":"https:\/\/www.radiopiu.net\/wordpress\/wp-json\/wp\/v2\/categories?post=249518"},{"taxonomy":"post_tag","embeddable":true,"href":"https:\/\/www.radiopiu.net\/wordpress\/wp-json\/wp\/v2\/tags?post=249518"}],"curies":[{"name":"wp","href":"https:\/\/api.w.org\/{rel}","templated":true}]}}