{"id":249524,"date":"2021-12-22T06:00:37","date_gmt":"2021-12-22T05:00:37","guid":{"rendered":"https:\/\/www.radiopiu.net\/wordpress\/?p=249524"},"modified":"2021-12-22T10:23:15","modified_gmt":"2021-12-22T09:23:15","slug":"giornale-radiopiu-22-dicembre-2021-direttore-mirko-mezzacasa","status":"publish","type":"post","link":"https:\/\/www.radiopiu.net\/wordpress\/giornale-radiopiu-22-dicembre-2021-direttore-mirko-mezzacasa\/","title":{"rendered":"GIORNALE RADIOPIU 22 DICEMBRE 2021 DIRETTORE MIRKO MEZZACASA"},"content":{"rendered":"<h3 class=\"kvgmc6g5 cxmmr5t8 oygrvhab hcukyx3x c1et5uql\"><span style=\"color: #0000ff;\"><strong>INFORMAZIONE il canale su TELEGRAM informazione di prima mano e in tempo reale. iscriviti ed aiutaci a farlo conoscere\u00a0 \u00a0<\/strong><\/span><\/h3>\n<p><a href=\"https:\/\/www.radiopiu.net\/wordpress\/giornale-radiopiu-22-dicembre-2021-direttore-mirko-mezzacasa\/269591756_10159781296633967_1169632828734613633_n\/\" rel=\"attachment wp-att-249738\"><img loading=\"lazy\" decoding=\"async\" class=\"size-medium wp-image-249738 aligncenter\" src=\"https:\/\/www.radiopiu.net\/wordpress\/wp-content\/uploads\/2021\/12\/269591756_10159781296633967_1169632828734613633_n-300x300.jpg\" alt=\"\" width=\"300\" height=\"300\" srcset=\"https:\/\/www.radiopiu.net\/wordpress\/wp-content\/uploads\/2021\/12\/269591756_10159781296633967_1169632828734613633_n-300x300.jpg 300w, https:\/\/www.radiopiu.net\/wordpress\/wp-content\/uploads\/2021\/12\/269591756_10159781296633967_1169632828734613633_n-150x150.jpg 150w, https:\/\/www.radiopiu.net\/wordpress\/wp-content\/uploads\/2021\/12\/269591756_10159781296633967_1169632828734613633_n.jpg 640w\" sizes=\"auto, (max-width: 300px) 100vw, 300px\" \/><\/a><\/p>\n<blockquote>\n<p style=\"text-align: left;\"><strong><a href=\"https:\/\/www.radiopiu.net\/wordpress\/giornale-radiopiu-22-dicembre-2021-direttore-mirko-mezzacasa\/268764048_10159781299288967_6887807561188894507_n\/\" rel=\"attachment wp-att-249737\"><img loading=\"lazy\" decoding=\"async\" class=\" wp-image-249737 alignleft\" src=\"https:\/\/www.radiopiu.net\/wordpress\/wp-content\/uploads\/2021\/12\/268764048_10159781299288967_6887807561188894507_n-300x225.jpg\" alt=\"\" width=\"193\" height=\"145\" srcset=\"https:\/\/www.radiopiu.net\/wordpress\/wp-content\/uploads\/2021\/12\/268764048_10159781299288967_6887807561188894507_n-300x225.jpg 300w, https:\/\/www.radiopiu.net\/wordpress\/wp-content\/uploads\/2021\/12\/268764048_10159781299288967_6887807561188894507_n-1024x768.jpg 1024w, https:\/\/www.radiopiu.net\/wordpress\/wp-content\/uploads\/2021\/12\/268764048_10159781299288967_6887807561188894507_n-768x576.jpg 768w, https:\/\/www.radiopiu.net\/wordpress\/wp-content\/uploads\/2021\/12\/268764048_10159781299288967_6887807561188894507_n.jpg 1080w\" sizes=\"auto, (max-width: 193px) 100vw, 193px\" \/><\/a>AGORDO<\/strong> Lo vogliamo ricordare cos\u00ec, un volto noto nella Conca quello di Mario. Il volto del buon umore, del sorriso. Da tempo non lo si vedeva in piazza, anche per Mario il covid ha significato il rispetto delle regole e quindi dell&#8217;isolamento.\u00a0 Ieri sera il malore improvviso che non gli ha lasciato scampo. Anche per te Mario, che la terra ti sia lieve e che tu possa volare con il vento in poppa in un mondo che sia diverso da quello che hai lasciato. <em>&#8220;Mario era speciale&#8221;<\/em> una frase quella del nipote Luigi (foto) che meglio non poteva riassumere il suo passaggio in questo mondo. Ora Mario Bogo ha raggiunto l&#8217;amata sorella Ernestina. Ad Agordo tra gli altri, tra i tanti amici del centro diurno, lo piange anche il fratello Walter al quale inviamo il nostro messaggio di cordoglio<\/p>\n<blockquote>\n<p style=\"text-align: left;\">\n<\/blockquote>\n<p><a href=\"https:\/\/www.radiopiu.net\/wordpress\/giornale-radiopiu-22-dicembre-2021-direttore-mirko-mezzacasa\/244382406_10221654718534799_4318202411770371598_n\/\" rel=\"attachment wp-att-249749\"><img loading=\"lazy\" decoding=\"async\" class=\"wp-image-249749 alignleft\" src=\"https:\/\/www.radiopiu.net\/wordpress\/wp-content\/uploads\/2021\/12\/244382406_10221654718534799_4318202411770371598_n-215x300.jpg\" alt=\"\" width=\"39\" height=\"54\" srcset=\"https:\/\/www.radiopiu.net\/wordpress\/wp-content\/uploads\/2021\/12\/244382406_10221654718534799_4318202411770371598_n-215x300.jpg 215w, https:\/\/www.radiopiu.net\/wordpress\/wp-content\/uploads\/2021\/12\/244382406_10221654718534799_4318202411770371598_n-734x1024.jpg 734w, https:\/\/www.radiopiu.net\/wordpress\/wp-content\/uploads\/2021\/12\/244382406_10221654718534799_4318202411770371598_n-768x1072.jpg 768w, https:\/\/www.radiopiu.net\/wordpress\/wp-content\/uploads\/2021\/12\/244382406_10221654718534799_4318202411770371598_n.jpg 1040w\" sizes=\"auto, (max-width: 39px) 100vw, 39px\" \/><\/a><span style=\"color: #0000ff;\"><strong data-mce-fragment=\"1\">Elisa Scariot<\/strong>\u00a0<\/span>Caro Mario&#8230;che grande dispiacere stasera sapere che sei andato Altrove. Quante risate&#8230;quante canzoni insieme, quante fotografie e quante videochiamate &#8230;ti abbiamo voluto veramente bene in tanti. Fai buon viaggio<\/p>\n<p>&nbsp;<\/p><\/blockquote>\n<p>&nbsp;<\/p>\n<p>&nbsp;<\/p>\n<p>&nbsp;<\/p>\n<hr \/>\n<p>&nbsp;<\/p>\n<div class=\"page-title-head hgroup\">\n<blockquote>\n<h3 class=\"entry-title\">IL RITORNO DEL COVID ANCHE A SAN TOMASO, PRIMI DUE CASI<\/h3>\n<p><strong><span style=\"color: #ff0000;\">AGGIORNAMENTO COVID\u00a0 DAI COMUNI AGORDINI<\/span><\/strong>\u00a0<strong>LIVINALLONGO<\/strong> 48 positivi 67 in quarantena <strong>FALCADE<\/strong> 1 positivo 1 in quarantena,\u00a0 <strong>VOLTAGO<\/strong> 0 positivi 1 in quarantena, <strong>ROCCA PIETORE<\/strong> 17 postiivi 17 in quaratena <strong>GOSALDO<\/strong> 5 positivi 1 in quarantena <strong>ALLEGHE<\/strong> 8 positivi 11 in quarantena \u00a0<strong>CENCENIGHE<\/strong> 8 positivi 6 in quarantena <strong>CANALE D&#8217;AGORDO<\/strong> 5 positivi <strong>TAIBON<\/strong> 16 positivi 26 isolamento <strong>LA VALLE<\/strong> 16\u00a0 positivi 7 in quarantena <strong>AGORDO<\/strong> 29 positivi 32 in quarantena\u00a0 <strong>SELVA DI CADORE<\/strong> 2 positivi <strong>SAN TOMASO<\/strong> 2 casi\u00a0 <strong>RIVAMONTE<\/strong> 2 positivi 5 in quarantena <strong>COLLE SANTA LUCIA<\/strong> 3 positivi<\/p><\/blockquote>\n<\/div>\n<p><a href=\"https:\/\/www.radiopiu.net\/wordpress\/casicovid1\/2d7d266b-ea77-4c27-9b10-7067b393f807\/\" rel=\"attachment wp-att-249615\"><img loading=\"lazy\" decoding=\"async\" class=\"alignnone size-medium wp-image-249615\" src=\"https:\/\/www.radiopiu.net\/wordpress\/wp-content\/uploads\/2021\/12\/2d7d266b-ea77-4c27-9b10-7067b393f807-300x185.jpg\" alt=\"\" width=\"300\" height=\"185\" srcset=\"https:\/\/www.radiopiu.net\/wordpress\/wp-content\/uploads\/2021\/12\/2d7d266b-ea77-4c27-9b10-7067b393f807-300x185.jpg 300w, https:\/\/www.radiopiu.net\/wordpress\/wp-content\/uploads\/2021\/12\/2d7d266b-ea77-4c27-9b10-7067b393f807.jpg 586w\" sizes=\"auto, (max-width: 300px) 100vw, 300px\" \/><\/a><\/p>\n<p>&nbsp;<\/p>\n<p>&nbsp;<\/p>\n<hr \/>\n<p>&nbsp;<\/p>\n<blockquote>\n<h3>CROCE VERDE VAL BIOIS, A SINGHIOZZO FINO AL 31 DICEMBRE<\/h3>\n<\/blockquote>\n<p><strong><img loading=\"lazy\" decoding=\"async\" class=\"alignleft\" src=\"https:\/\/www.radiopiu.net\/wordpress\/wp-content\/uploads\/2020\/06\/download-36.jpg\" width=\"205\" height=\"112\" \/> <\/strong><\/p>\n<p><strong>\u00a0<\/strong><\/p>\n<p><strong>FALCADE<\/strong> Giorni e orari in cui l&#8217;emergenza della Croce Verde Val Biois non \u00e8 garantita: DOMANI dalle ore 6:00 alle ore 20:00; VENERDI&#8217; 24 DICEMBRE dalle roe 6:00 alle ore 20:00; LUNEDI&#8217; 27 DICEMBRE 2021 dalle ore 20:00 alle ore 6 di MARTEDI&#8217; 28 DICEMBRE 2021<\/p>\n<p>&nbsp;<\/p>\n<p>&nbsp;<\/p>\n<hr \/>\n<p>&nbsp;<\/p>\n<blockquote>\n<h3><img loading=\"lazy\" decoding=\"async\" class=\"alignleft\" src=\"https:\/\/www.radiopiu.net\/wordpress\/wp-content\/uploads\/2018\/07\/ospedale-feltre.jpg\" width=\"194\" height=\"111\" \/>UN DECESSO E 6 PAZIENTI GRAVI IN TERAPIA INTENSIVA<\/h3>\n<\/blockquote>\n<p><strong>BELLUNO<\/strong> Ancora un decesso, \u00e8 morta una paziente covid positiva di 90 anni, era ricoverata all&#8217;ospedale San Martino di Feltre. L&#8217;attuale situazione in provincia,\u00a0 1263 positivi e 2321 persone in isolamento\/quarantena. Sono attualmente ricoverati: 3 pazienti in terapia intensiva a Belluno, altrettanti a Fetre, 18 pazienti in area medica al San Martino, 8 al Santa Maria del Prato, 11 nell&#8217;ospedale di comunit\u00e0 feltrino.<\/p>\n<p>&nbsp;<\/p>\n<hr \/>\n<blockquote>\n<h3><\/h3>\n<h3>REDDITO DI CITTADINANZA PER 35 NON AVENTI DIRITTO, SCOVATI DALLA FINANZA<\/h3>\n<p><em> I nominativi sono stati\u00a0 deferiti alla locale Autorita\u0300 Giudiziaria, e segnalati\u00a0 all\u2019I.N.P.S. per l\u2019immediata revoca del beneficio e del recupero di quanto gia\u0300 erogato, pari ad oltre 100 mila euro.\u00a0<\/em><\/p><\/blockquote>\n<p><strong><a href=\"https:\/\/www.radiopiu.net\/wordpress\/gdf-treviso\/2eb8f214-39a6-4e15-bd1e-539b9100c08b\/\" rel=\"attachment wp-att-222506\"><img loading=\"lazy\" decoding=\"async\" class=\"size-medium wp-image-222506 alignleft\" src=\"https:\/\/www.radiopiu.net\/wordpress\/wp-content\/uploads\/2021\/07\/2eb8f214-39a6-4e15-bd1e-539b9100c08b-300x200.jpg\" alt=\"\" width=\"300\" height=\"200\" srcset=\"https:\/\/www.radiopiu.net\/wordpress\/wp-content\/uploads\/2021\/07\/2eb8f214-39a6-4e15-bd1e-539b9100c08b-300x200.jpg 300w, https:\/\/www.radiopiu.net\/wordpress\/wp-content\/uploads\/2021\/07\/2eb8f214-39a6-4e15-bd1e-539b9100c08b-1024x682.jpg 1024w, https:\/\/www.radiopiu.net\/wordpress\/wp-content\/uploads\/2021\/07\/2eb8f214-39a6-4e15-bd1e-539b9100c08b-768x511.jpg 768w, https:\/\/www.radiopiu.net\/wordpress\/wp-content\/uploads\/2021\/07\/2eb8f214-39a6-4e15-bd1e-539b9100c08b.jpg 1080w\" sizes=\"auto, (max-width: 300px) 100vw, 300px\" \/><\/a>BELLUNO<\/strong>\u00a0 Nel corso del 2021, sono stati segnalati alla locale Autorita\u0300 Giudiziaria 35 soggetti residenti in provincia risultati indebiti percettori del reddito di cittadinanza,\u00a0 recuperando nelle casse dello Stato oltre 100 mila euro. Grazie alla consolidata e collaudata collaborazione con la Direzione Provinciale I.N.P.S. di Belluno, i Finanzieri hanno posto al vaglio tutte le richieste presentate in provincia individuando\u00a0 sul territorio provinciale 35 posizioni per le quali erano state fornite autodichiarazioni non veritiere, in relazione sia all\u2019effettiva condizione di difficolta\u0300 reddituale e lavorativa che al requisito della residenza nel territorio nazionale da almeno 10 anni, in riferimento ai diversi soggetti di nazionalita\u0300 straniera.<\/p>\n<blockquote><p><em>Mi sono dimenticato&#8230;.\u00a0<\/em><\/p><\/blockquote>\n<p>Tra i casi piu\u0300 curiosi ed eclatanti scovati dai Finanzieri si possono annoverare cittadini che hanno \u201cdimenticato\u201d di dichiarare il termine dello stato di disoccupazione, peraltro scaduto da anni, e l\u2019inizio di nuovi rapporti lavorativi retribuiti, oppure l\u2019indicazione di nuclei familiari largamente piu\u0300 numerosi al solo fine di accedere alle fasce di contributo piu\u0300 elevate e vantaggiose, nonche\u0301 dichiarazioni mendaci rispetto all\u2019effettivita\u0300 della convivenza familiare mentre il coniuge era risultato addirittura risiedere all\u2019estero.<\/p>\n<blockquote><p><em>scordandosi le propriet\u00e0 immobiliari<\/em><\/p><\/blockquote>\n<p>L&#8217;abitante dell\u2019alto Cadore che \u201cscordava\u201d di indicare le diverse proprieta\u0300 immobiliari possedute sulle colline toscane ai fini dell\u2019accesso al contributo e la cittadina straniera che, sebbene ospite a carico dello Stato di una struttura di accoglienza in attesa delle procedure relative all\u2019ottenimento di asilo politico, pur conoscendo a malapena la lingua italiana, procedeva autonomamente alla compilazione ed all\u2019inoltro on-line della domanda, inserendo dichiarazioni non veritiere ed attestando la propria residenza sul territorio nazionale.<\/p>\n<p>&nbsp;<\/p>\n<hr \/>\n<p>&nbsp;<\/p>\n<p>&nbsp;<\/p>\n<p>&nbsp;<\/p>\n<blockquote>\n<h3><a href=\"https:\/\/www.radiopiu.net\/wordpress\/giornale-radiopiu-04-novembre-2021-direttore-mirko-mezzacasa\/bus-4675871_960_720\/\" rel=\"attachment wp-att-240734\"><img loading=\"lazy\" decoding=\"async\" class=\" wp-image-240734 alignleft\" src=\"https:\/\/www.radiopiu.net\/wordpress\/wp-content\/uploads\/2021\/11\/bus-4675871_960_720-300x200.jpg\" alt=\"\" width=\"269\" height=\"179\" srcset=\"https:\/\/www.radiopiu.net\/wordpress\/wp-content\/uploads\/2021\/11\/bus-4675871_960_720-300x200.jpg 300w, https:\/\/www.radiopiu.net\/wordpress\/wp-content\/uploads\/2021\/11\/bus-4675871_960_720-768x511.jpg 768w, https:\/\/www.radiopiu.net\/wordpress\/wp-content\/uploads\/2021\/11\/bus-4675871_960_720.jpg 960w\" sizes=\"auto, (max-width: 269px) 100vw, 269px\" \/><\/a>IL PREMIO ALLA DOLOMITIBUS E INTANTO NELL&#8217;AGORDINO LE CRITICHE PER LA MANCANZA DI SERVIZI NEI GIORNI FESTIVI SONO QUOTIDIANE MA LA SOCIETA&#8217; BELLUNESE PARE NON SIA INTENZIONATA A FARE NULLA PER VENIRE INCONTRO A CHI PAGA REGOLARMENTE BIGLIETTO E ABBONAMENTO. PURTROPPO IL RESTO DELL&#8217;AGORDINO &#8211; TURISMO COMPRESO &#8211; PER L&#8217;AZIENDA DEL TRASPORTO PUBBLICO LOCALE NON E&#8217; LUXOTTICA O IL MONDO DELLA SCUOLA DOVE EVIDENTEMENTE GLI INTERESSI SONO DIVERSI<\/h3>\n<\/blockquote>\n<p><strong>BELLUNO<\/strong> Sono in arrivo oltre 500 mila euro per il trasporto pubblico locale per far fronte ai maggiori costi e alle minori entrate causati dal Covid durante la pandemia. Ieri la Regione Veneto ha deciso gli stanziamenti supplettivi per le singole Province e quindi per le societ\u00e0 che gestiscono il tpl. Per Belluno, dove il servizio \u00e8 svolto da Dolomitibus, si parla di 501.930,80 euro complessivi.<\/p>\n<p>&nbsp;<\/p>\n<p>&nbsp;<\/p>\n<hr \/>\n<p>&nbsp;<\/p>\n<blockquote>\n<h3>ECCO LA PISTA DA BOB DI CORTINA, 61 MILIONI DI EURO, 5 A CARICO DELLA REGIONE<\/h3>\n<\/blockquote>\n<p><strong>VENEZIA<\/strong> Diretta da Palazzo Balbi, punto stampa del Presidente Luca Zaia.<\/p>\n<blockquote>\n<h3>LEGGI LA CONFERENZA STAMPA<\/h3>\n<\/blockquote>\n<p>Luca Zaia fa il punto sulle Olimpiadi Milano-Cortina 2026 con Ivo Ferriani, presidente Federazione mondiale del bob e dello skeleton. L&#8217;altra notte \u00e8 stato approvato in Parlamento un emendamento che finanzia la pista da bob di Cortina (61 milioni, di cui 5 a carico della Regione Veneto). La norma ha avuto il parere favorevole del ministro dell&#8217;Economia, Daniele Franco. <em>&#8220;Riqualifichiamo l&#8217;area, smantelliamo, riduciamo l&#8217;impatto della pista, bonifichiamo e ne facciamo una nuova<strong>,\u00a0<\/strong>pi\u00f9 corta. La Regione si impegner\u00e0 nel restauro del trampolino, per\u00a0 15-20 milioni di euro con anfiteatro per le premiazioni e il villaggio olimpico&#8221;.<\/em> ha detto Zaia.<\/p>\n<p>Ivo Ferrianiha annunciato che Cortina diventer\u00e0 un polo per il bob olimpico e paralimpico,\u00a0 centro nazionale. Passaggio importante la creazione di un gruppo\u00a0 manageriale capace di gestire le strutture. <em>Ospiter\u00e0 tre discipline olimpiche bob, skeleton, slittino.\u00a0 Per la pista le indicazioni: parte alta veloce, dove si fanno i tempi, parte bassa scenografica. Il tutto nella massima sicurezza. L&#8217;impianto\u00a0 dovr\u00e0 essere utilizzato il pi\u00f9 possibile, essere funzionale, anche per coprire i costi. Zaia:\u00a0 pronta la lettera della Regione per chiedere che il bob sia inserito come sport paralimpico fin dalle Olimpiadi del 2026&#8243;.<\/em><\/p>\n<p><a href=\"https:\/\/www.facebook.com\/zaiaufficiale\/videos\/967241617205678\">https:\/\/www.facebook.com\/zaiaufficiale\/videos\/967241617205678<\/a><\/p>\n<p>&nbsp;<\/p>\n<p>&nbsp;<\/p>\n<hr \/>\n<p>&nbsp;<\/p>\n<p>&nbsp;<\/p>\n<p>&nbsp;<\/p>\n<blockquote>\n<h3>BAILEY DELLA DISCORDIA, SE CON BABBO NATALE NON E&#8217; ANDATA BENE IL COMUNE CI PROVA CON SAN SILVESTRO<\/h3>\n<\/blockquote>\n<p><strong><img loading=\"lazy\" decoding=\"async\" class=\"alignleft\" src=\"https:\/\/www.radiopiu.net\/wordpress\/wp-content\/uploads\/2021\/08\/Belluno_Feltre_b_Panoramica-sulla-citta.jpg\" width=\"207\" height=\"131\" \/>BELLUNO<\/strong>\u00a0 Il Comune di Belluno si mette nelle mani di San Silvestro,\u00a0 l&#8217;apertura per Natale \u00e8 saltata come ormai noto, ma ecco\u00a0 un&#8217;altra data: 31 dicembre. Salvo repentini e pesanti cambiamenti delle condizioni meteo, il ponte bailey riaprir\u00e0 al traffico entro fine anno: la comunicazione da parte della ditta impegnata nei lavori<\/p>\n<blockquote><p><em>\u201cGli interventi strutturali sono stati eseguiti, resta da completare l&#8217;asfaltatura del piano viario, &#8211; spiega Giannone \u2013 che verr\u00e0 eseguita in questi giorni, a meno che non tornino giornate di pioggia o neve che per\u00f2 al momento non sembrano previste almeno fino a Natale. Se quindi non dovessero verificarsi da qui ai prossimi 10 giorni troppe giornate di temperature e condizioni meteo critiche, il ponte potr\u00e0 essere riaperto al traffico entro il 31 dicembre\u201d.<\/em><\/p><\/blockquote>\n<p><strong>L&#8217;ASSESSORE BIAGIO GIANNONE\u00a0<\/strong><\/p>\n<div style=\"width: 1200px;\" class=\"wp-video\"><video class=\"wp-video-shortcode\" id=\"video-249524-1\" width=\"1200\" height=\"675\" preload=\"metadata\" controls=\"controls\"><source type=\"video\/mp4\" src=\"https:\/\/www.radiopiu.net\/wordpress\/wp-content\/uploads\/2021\/12\/Giannone-Riapertura-bailey-entro-fine-anno.mp4?_=1\" \/><a href=\"https:\/\/www.radiopiu.net\/wordpress\/wp-content\/uploads\/2021\/12\/Giannone-Riapertura-bailey-entro-fine-anno.mp4\">https:\/\/www.radiopiu.net\/wordpress\/wp-content\/uploads\/2021\/12\/Giannone-Riapertura-bailey-entro-fine-anno.mp4<\/a><\/video><\/div>\n<p>&nbsp;<\/p>\n<p>&nbsp;<\/p>\n<p>&nbsp;<\/p>\n<hr \/>\n<blockquote>\n<h3><\/h3>\n<h3>PONTE BAILEY A BELLUNO. SOVILLA: &#8220;NON RIAPRIRA&#8217; PRIMA DI FEBBRAIO&#8221;<\/h3>\n<\/blockquote>\n<p><strong><a href=\"https:\/\/www.radiopiu.net\/wordpress\/giornale-radiopiu-07-luglio-2018-direttore-mirko-mezzacasa\/ponte-bailey\/\" rel=\"attachment wp-att-53317\"><img loading=\"lazy\" decoding=\"async\" class=\" wp-image-53317 alignleft\" src=\"https:\/\/www.radiopiu.net\/wordpress\/wp-content\/uploads\/2018\/07\/ponte-bailey-300x227.jpg\" alt=\"\" width=\"172\" height=\"130\" \/><\/a>BELLUNO<\/strong> Il ponte bailey non riaprir\u00e0 prima di febbraio. Ne \u00e8 convinto il consigliere della Lega Marzio Sovilla, alla luce delle operazioni di questi ultimi giorni sotto la struttura e delle dichiarazioni del consigliere Biagio Giannone. Ci si metta il cuore in pace, insomma, secondo il partito il cantiere si protrarr\u00e0 almeno fino alla fine di gennaio e solo a febbraio si potr\u00e0 procedere con le prove di resistenza e, poi, riaprire al traffico.<\/p>\n<p><strong>MARZIO SOVILLA, CONSIGLIERE COMUNALE DELLA LEGA<\/strong><\/p>\n<audio class=\"wp-audio-shortcode\" id=\"audio-249524-1\" preload=\"none\" style=\"width: 100%;\" controls=\"controls\"><source type=\"audio\/mpeg\" src=\"https:\/\/www.radiopiu.net\/wordpress\/wp-content\/uploads\/2021\/12\/Sovilla-su-nuova-proroga-ponte-bailey.mp3?_=1\" \/><a href=\"https:\/\/www.radiopiu.net\/wordpress\/wp-content\/uploads\/2021\/12\/Sovilla-su-nuova-proroga-ponte-bailey.mp3\">https:\/\/www.radiopiu.net\/wordpress\/wp-content\/uploads\/2021\/12\/Sovilla-su-nuova-proroga-ponte-bailey.mp3<\/a><\/audio>\n<p>&nbsp;<\/p>\n<p>&nbsp;<\/p>\n<hr \/>\n<p>&nbsp;<\/p>\n<blockquote>\n<h3>IMU PER I RESIDENTI ALL&#8217;ESTERO, CALA DEL 37,5% PER CHI HA UNA PENSIONE MATURATA IN ALMENO UN ALTRO PAESE OLTRE ALL&#8217;ITALIA<\/h3>\n<\/blockquote>\n<p><a href=\"https:\/\/www.radiopiu.net\/wordpress\/giornale-radiopiu-22-dicembre-2021-direttore-mirko-mezzacasa\/oscar_de_bona-4\/\" rel=\"attachment wp-att-249685\"><img loading=\"lazy\" decoding=\"async\" class=\" wp-image-249685 alignleft\" src=\"https:\/\/www.radiopiu.net\/wordpress\/wp-content\/uploads\/2021\/12\/oscar_de_bona-2-300x206.jpg\" alt=\"\" width=\"280\" height=\"192\" srcset=\"https:\/\/www.radiopiu.net\/wordpress\/wp-content\/uploads\/2021\/12\/oscar_de_bona-2-300x206.jpg 300w, https:\/\/www.radiopiu.net\/wordpress\/wp-content\/uploads\/2021\/12\/oscar_de_bona-2-1024x701.jpg 1024w, https:\/\/www.radiopiu.net\/wordpress\/wp-content\/uploads\/2021\/12\/oscar_de_bona-2-768x526.jpg 768w, https:\/\/www.radiopiu.net\/wordpress\/wp-content\/uploads\/2021\/12\/oscar_de_bona-2.jpg 1400w\" sizes=\"auto, (max-width: 280px) 100vw, 280px\" \/><\/a><strong>BELLUNO<\/strong> Arriva una buona notizie per gli italiani all\u2019estero. <em>\u00abCon la legge di bilancio 2022 siamo riusciti a portare a casa una maggiore esenzione sull\u2019Imu. Significa che a partire dalla prossima primavera i residenti all\u2019estero, che prendono una pensione maturata in almeno un altro paese oltre all\u2019Italia, godranno di una riduzione delle tasse di quasi due terzi e dovranno pagare solo il 37,5% dell\u2019Imu sull\u2019immobile di propriet\u00e0 in Italia\u00bb.<\/em> Questa la dichiarazione della senatrice Laura Garavini alla quale arriva il grazie\u00a0 dal presidente dell&#8217;associazione Bellunesi nel Mondo Oscar De Bona. L\u2019esenzione dell\u2019Imu agli italiani residenti all\u2019estero \u00e8 sempre stata una grande battaglia dell\u2019Associazione Bellunesi nel Mondo.<em> \u00abAbbiamo sempre interessato le cariche politiche a livello provinciale, regionale e nazionale &#8211; continua De Bona &#8211; convinti che si debba andare incontro ai nostri emigranti, anche perch\u00e9 non bisogna dimenticare quanto si sono sacrificati per lo sviluppo dell\u2019Italia e, non da ultimo, il fatto che molti all\u2019estero sono in affitto e la loro vera e prima casa \u00e8 quella che hanno in Italia. Ecco quindi un piccolo regalo di Natale per tutti loro. Di certo l\u2019Abm vigiler\u00e0 e continuer\u00e0 a battagliare affinch\u00e9 ci sia un\u2019ulteriore riduzione\u00bb.<\/em><\/p>\n<p>&nbsp;<\/p>\n<p>&nbsp;<\/p>\n<hr \/>\n<blockquote>\n<hr \/>\n<h3><\/h3>\n<h3>GSP, CONCLUSI I LAVORI IN VAL CANZOI<\/h3>\n<\/blockquote>\n<p><strong>BELLUNO<\/strong> Si sono conclusi\u00a0 i lavori di manutenzione alla tratta acquedottistica in Val Canzoi che alimenta parte del comune di Cesiomaggiore. Bim Gsp, in poco meno di un mese, ha provveduto a sostituire due tratti di linea di adduzione, circa 280 metri, nei pressi della localit\u00e0 Le Ave. \u00a0I lavori, del valore complessivo di oltre 70mila euro, sono stati coordinati dalle squadre tecnico-operative di Bim Gsp ed eseguiti da un\u2019impresa locale.<\/p>\n\n\t\t\t<style type='text\/css'>\n\t\t\t\t#gallery-1 {\n\t\t\t\t\tmargin: auto;\n\t\t\t\t}\n\t\t\t\t#gallery-1 .gallery-item {\n\t\t\t\t\tfloat: left;\n\t\t\t\t\tmargin-top: 10px;\n\t\t\t\t\ttext-align: center;\n\t\t\t\t\twidth: 50%;\n\t\t\t\t}\n\t\t\t\t#gallery-1 img {\n\t\t\t\t\tborder: 2px solid #cfcfcf;\n\t\t\t\t}\n\t\t\t\t#gallery-1 .gallery-caption {\n\t\t\t\t\tmargin-left: 0;\n\t\t\t\t}\n\t\t\t\t\/* see gallery_shortcode() in wp-includes\/media.php *\/\n\t\t\t<\/style>\n\t\t<div id='gallery-1' class='dt-gallery-container gallery galleryid-249524 gallery-columns-2 gallery-size-thumbnail'><dl class='gallery-item'>\n\t\t\t\t<dt class='gallery-icon landscape'>\n\t\t\t\t\t<a class=\"rollover rollover-zoom dt-pswp-item\" title=\"il cantiere (2)\" data-dt-img-description=\"\" data-large_image_width=\"945\" data-large_image_height=\"708\"href='https:\/\/www.radiopiu.net\/wordpress\/wp-content\/uploads\/2021\/12\/il-cantiere-2.jpg'><img loading=\"lazy\" decoding=\"async\" width=\"150\" height=\"150\" src=\"https:\/\/www.radiopiu.net\/wordpress\/wp-content\/uploads\/2021\/12\/il-cantiere-2-150x150.jpg\" class=\"attachment-thumbnail size-thumbnail\" alt=\"\" \/><\/a>\n\t\t\t\t<\/dt><\/dl><dl class='gallery-item'>\n\t\t\t\t<dt class='gallery-icon portrait'>\n\t\t\t\t\t<a class=\"rollover rollover-zoom dt-pswp-item\" title=\"il cantiere (4)\" data-dt-img-description=\"\" data-large_image_width=\"756\" data-large_image_height=\"1137\"href='https:\/\/www.radiopiu.net\/wordpress\/wp-content\/uploads\/2021\/12\/il-cantiere-4.jpg'><img loading=\"lazy\" decoding=\"async\" width=\"150\" height=\"150\" src=\"https:\/\/www.radiopiu.net\/wordpress\/wp-content\/uploads\/2021\/12\/il-cantiere-4-150x150.jpg\" class=\"attachment-thumbnail size-thumbnail\" alt=\"\" \/><\/a>\n\t\t\t\t<\/dt><\/dl><br style=\"clear: both\" \/>\n\t\t\t<\/div>\n\n<p>&nbsp;<\/p>\n<hr \/>\n<p>&nbsp;<\/p>\n<blockquote>\n<h3>IVA PER IL TERZO SETTORE, RINVIO AL 2024<\/h3>\n<\/blockquote>\n<p><strong><a href=\"https:\/\/www.radiopiu.net\/wordpress\/giornale-radiopiu-22-dicembre-2021-direttore-mirko-mezzacasa\/alberto-franceschini-csv\/\" rel=\"attachment wp-att-249622\"><img loading=\"lazy\" decoding=\"async\" class=\" wp-image-249622 alignleft\" src=\"https:\/\/www.radiopiu.net\/wordpress\/wp-content\/uploads\/2021\/12\/Alberto-Franceschini-CSV-200x300.jpeg\" alt=\"\" width=\"110\" height=\"165\" srcset=\"https:\/\/www.radiopiu.net\/wordpress\/wp-content\/uploads\/2021\/12\/Alberto-Franceschini-CSV-200x300.jpeg 200w, https:\/\/www.radiopiu.net\/wordpress\/wp-content\/uploads\/2021\/12\/Alberto-Franceschini-CSV.jpeg 341w\" sizes=\"auto, (max-width: 110px) 100vw, 110px\" \/><\/a>BELLUNO<\/strong>\u00a0Emendata dalla maggioranza al Senato la Legge di Bilancio. L\u2019intervento correttivo rinvia l\u2019assoggettamento al regime IVA per il Terzo Settore e il mondo del Volontariato. Con la modifica al decreto fiscale la misura entrer\u00e0 in vigore dal primo gennaio 2024. <em>\u201cLa grande mobilitazione del volontariato e di tutto il Terzo Settore, anche nei nostri territori, ha indotto il legislatore alla sterzata che scongiura temporaneamente gli obblighi della disciplina Iva \u2013 afferma Alberto Franceschini, Presidente CSV Belluno Treviso \u2013. Una notizia che certamente ci conforta. Permane, tuttavia, altissima la preoccupazione, dal momento che l\u2019emendamento approvato si configura solamente come una fugace boccata d\u2019ossigeno&#8221;. <\/em>Il provvedimento, infatti, pende ancora come una spada di Damocle su un Terzo Settore gi\u00e0 gravato da un quadro difficile, ma che nonostante tutto continua a mettere a disposizione risorse ed energie fondamentali per favorire il benessere della societ\u00e0. \u00c8 dunque indifferibile l\u2019apertura di un tavolo con il Governo e il Parlamento per individuare soluzioni definitive in linea con la legislazione europea.\u00a0 <em>&#8220;Una stangata fatale, prospettabile nel complesso nell\u2019ordine di qualche milione di euro \u2013 conclude Franceschini \u2013, che condurrebbe inevitabilmente alla moria di piccole e piccolissime associazioni e organizzazioni del volontariato che costituiscono l&#8217;infrastruttura sociale delle nostre comunit\u00e0. Chiediamo pertanto ai parlamentari bellunesi di intervenire per evitare questa pericolosa evenienza&#8221;.<\/em><\/p>\n<p>&nbsp;<\/p>\n<p><strong>IL COMMENTO DEL DEPUTATO DARIO BOND\u00a0<\/strong><\/p>\n<p><em>\u201cE&#8217; un problema che avevo sollevato diverse settimane fa e che ha visto il mio voto contrario sul Decreto fiscale. Ora per\u00f2 lo slittamento al 2024 ci d\u00e0 il tempo per tornare sulla questione. Sono sempre stato fortemente contrario sia all\u2019impostazione delle aliquote sia all\u2019obbligo della fatturazione fiscale per le attivit\u00e0 no-profit. Dietro a questo genere di burocrazia, si annida il rischio di perdere un mondo &#8211; quello del volontariato. Un rischio che non possiamo correre. Per questo il rinvio al 2024 dell\u2019obbligo di partita Iva ci impone di lavorare fin da subito per correggere le storture, laddove possibile\u201d.<\/em><\/p>\n<p>&nbsp;<\/p>\n<p>&nbsp;<\/p>\n<p>&nbsp;<\/p>\n<hr \/>\n<p>&nbsp;<\/p>\n<blockquote>\n<h3>ALEX BARATTIN RICONFERMATO ALLA GUIDA DEL SOCCORSO ALPINO BELLUNESE<\/h3>\n<\/blockquote>\n<p>&nbsp;<\/p>\n<p><a href=\"https:\/\/www.radiopiu.net\/wordpress\/alex-barattin-riconfermato-alla-guida-del-soccorso-alpino-bellunese\/alex-barattin-soccorso-alpino-dolomtii-bellunesi-cnsas\/\" rel=\"attachment wp-att-249642\"><img loading=\"lazy\" decoding=\"async\" class=\" wp-image-249642 alignleft\" src=\"https:\/\/www.radiopiu.net\/wordpress\/wp-content\/uploads\/2021\/12\/Alex-Barattin-Soccorso-Alpino-Dolomtii-Bellunesi-CNSAS-212x300.jpg\" alt=\"\" width=\"106\" height=\"150\" srcset=\"https:\/\/www.radiopiu.net\/wordpress\/wp-content\/uploads\/2021\/12\/Alex-Barattin-Soccorso-Alpino-Dolomtii-Bellunesi-CNSAS-212x300.jpg 212w, https:\/\/www.radiopiu.net\/wordpress\/wp-content\/uploads\/2021\/12\/Alex-Barattin-Soccorso-Alpino-Dolomtii-Bellunesi-CNSAS-723x1024.jpg 723w, https:\/\/www.radiopiu.net\/wordpress\/wp-content\/uploads\/2021\/12\/Alex-Barattin-Soccorso-Alpino-Dolomtii-Bellunesi-CNSAS-768x1088.jpg 768w, https:\/\/www.radiopiu.net\/wordpress\/wp-content\/uploads\/2021\/12\/Alex-Barattin-Soccorso-Alpino-Dolomtii-Bellunesi-CNSAS-1084x1536.jpg 1084w, https:\/\/www.radiopiu.net\/wordpress\/wp-content\/uploads\/2021\/12\/Alex-Barattin-Soccorso-Alpino-Dolomtii-Bellunesi-CNSAS.jpg 1129w\" sizes=\"auto, (max-width: 106px) 100vw, 106px\" \/><\/a><\/p>\n<p><strong>BELLUNO<\/strong> Alex Barattin \u00e8 stato confermato delegato del\u00a0 Soccorso Alpino e Speleologico per la zona Dolomiti Bellunesi (bellunese e trevigiano) e potr\u00e0 contare sulla collaborazione di Mario Brunello, riconfermato come vice. Con loro nel prossimo triennio Ferruccio Barel gi\u00e0 capo del Soccorso alpino di Longarone, in sostituzione di Giorgio Follin.<\/p>\n<blockquote><p><em>&#8220;Ringrazio i delegati e vicedelegati uscenti per l&#8217;impegno profuso in questi anni all&#8217;interno del Consiglio del Soccorso alpino e speleologico del Veneto &#8211; sono le parole del presidente regionale Rodolfo Selenati &#8211; auguro a chi \u00e8 stato confermato e ai nuovi eletti buon lavoro&#8221;.<\/em><\/p><\/blockquote>\n<p>&nbsp;<\/p>\n<p>&nbsp;<\/p>\n<hr \/>\n<p>&nbsp;<\/p>\n<blockquote>\n<h2>RIAPRONO GLI ASCENSORI PER L&#8217;ACCESSO AL CENTRO STORICO<\/h2>\n<\/blockquote>\n<p><strong><img loading=\"lazy\" decoding=\"async\" class=\"alignleft\" src=\"https:\/\/www.radiopiu.net\/wordpress\/wp-content\/uploads\/2020\/10\/Castello.jpg\" width=\"288\" height=\"180\" \/>FELTRE\u00a0<\/strong> Oggi riapriranno gli ascensori per l\u2019accesso al centro storico della citt\u00e0 di Feltre da Campo Giorgio. Il servizio sar\u00e0 attivo dal luned\u00ec al sabato dalle\u00a0 8 alle 19.30,\u00a0 gli ascensori resteranno chiusi la domenica e nei giorni festivi. Come si ricorder\u00e0, l\u2019accesso meccanizzato alla cittadella era stato sospeso in concomitanza con l\u2019avvio del cantiere che interessa la zona del Belvedere, ora fermo per la pausa invernale.<\/p>\n<p>&nbsp;<\/p>\n<p><strong>L&#8217;ASSESSORE ADIS ZATTA<\/strong><\/p>\n<audio class=\"wp-audio-shortcode\" id=\"audio-249524-2\" preload=\"none\" style=\"width: 100%;\" controls=\"controls\"><source type=\"audio\/mpeg\" src=\"https:\/\/www.radiopiu.net\/wordpress\/wp-content\/uploads\/2021\/12\/zatta.mp3?_=2\" \/><a href=\"https:\/\/www.radiopiu.net\/wordpress\/wp-content\/uploads\/2021\/12\/zatta.mp3\">https:\/\/www.radiopiu.net\/wordpress\/wp-content\/uploads\/2021\/12\/zatta.mp3<\/a><\/audio>\n<p>&nbsp;<\/p>\n<hr \/>\n<p>&nbsp;<\/p>\n<p>&nbsp;<\/p>\n<blockquote>\n<h2>UN CENTRO TAMPONI A FALCADE PER TURISTI, ATLETI, OPERATORI DEL COMPARTO<\/h2>\n<\/blockquote>\n<p><strong><img loading=\"lazy\" decoding=\"async\" class=\"alignleft\" src=\"https:\/\/www.radiopiu.net\/wordpress\/wp-content\/uploads\/2021\/11\/SANDRA.jpg\" width=\"142\" height=\"107\" \/>FALCADE\u00a0<\/strong> Da d<u>omenica <\/u>\u00a0per tutta la stagione invernale, sar\u00e0 attivo un centro tamponi a Falcade, prioritariamente per i turisti, atleti e operatori del comparto turistico della Val del Biois. Il servizio sar\u00e0 prestato da personale infermieristico con il coordinamento della\u00a0 Dott.ssa Mariagrazia Diana.\u00a0 <u>Solo su prenotazione<\/u>\u00a0 telefonando\u00a0 al 3534346204. Prenotazione dalle\u00a0 8.30 \u00a0 alle\u00a0 11.30\u00a0 e dalle\u00a0 \u00a015.30 alle 18. Il centro sar\u00e0 aperto: il marted\u00ec, il gioved\u00ec, il venerd\u00ec e la domenica dalle 18.00 ca ( domenica 26 dicembre dalle 16.00 &#8211; venerd\u00ec 31 dicembre dalle ore 15.00 ) presso il PalaFalcade, in via Trieste 23 a Falcade.\u00a0 <u><\/u>Il\u00a0 pagamento avverr\u00e0 il loco in contanti o con pos all&#8217;erogazione del servizio. Italiani \u20ac 15.00 , stranieri \u20ac 22.00.\u00a0 La permanenza del servizio sul territorio sar\u00e0 garantita per tutta la stagione solo fino a quando l&#8217;afflusso di utenti sar\u00e0 tale da assicurare la copertura dei costi del servizio.<\/p>\n<p>&nbsp;<\/p>\n<hr \/>\n<p>&nbsp;<\/p>\n<blockquote class=\"wp-embedded-content\" data-secret=\"SMGlKYIgmU\"><p><a href=\"https:\/\/www.radiopiu.net\/wordpress\/aggiornamentonazdic21\/\">CORONAVIRUS: AGGIORNAMENTO NAZIONALE 21  DICEMBRE  2021<\/a><\/p><\/blockquote>\n<p><iframe loading=\"lazy\" class=\"wp-embedded-content\" sandbox=\"allow-scripts\" security=\"restricted\" style=\"position: absolute; clip: rect(1px, 1px, 1px, 1px);\" title=\"&#8220;CORONAVIRUS: AGGIORNAMENTO NAZIONALE 21  DICEMBRE  2021&#8221; &#8212; Radio Pi\u00f9\" src=\"https:\/\/www.radiopiu.net\/wordpress\/aggiornamentonazdic21\/embed\/#?secret=SMGlKYIgmU\" data-secret=\"SMGlKYIgmU\" width=\"600\" height=\"338\" frameborder=\"0\" marginwidth=\"0\" marginheight=\"0\" scrolling=\"no\"><\/iframe><\/p>\n<p>&nbsp;<\/p>\n<p>&nbsp;<\/p>\n<blockquote class=\"wp-embedded-content\" data-secret=\"9yHBiWkeEY\"><p><a href=\"https:\/\/www.radiopiu.net\/wordpress\/sono-4716-i-nuovi-positivi-in-veneto-delle-ultime-24-ore-aumentano-i-ricoveri-26-decessi\/\">SONO 4716 I NUOVI POSITIVI IN VENETO DELLE ULTIME 24 ORE. AUMENTANO I RICOVERI, 26 DECESSI<\/a><\/p><\/blockquote>\n<p><iframe loading=\"lazy\" class=\"wp-embedded-content\" sandbox=\"allow-scripts\" security=\"restricted\" style=\"position: absolute; clip: rect(1px, 1px, 1px, 1px);\" title=\"&#8220;SONO 4716 I NUOVI POSITIVI IN VENETO DELLE ULTIME 24 ORE. AUMENTANO I RICOVERI, 26 DECESSI&#8221; &#8212; Radio Pi\u00f9\" src=\"https:\/\/www.radiopiu.net\/wordpress\/sono-4716-i-nuovi-positivi-in-veneto-delle-ultime-24-ore-aumentano-i-ricoveri-26-decessi\/embed\/#?secret=9yHBiWkeEY\" data-secret=\"9yHBiWkeEY\" width=\"600\" height=\"338\" frameborder=\"0\" marginwidth=\"0\" marginheight=\"0\" scrolling=\"no\"><\/iframe><\/p>\n<p>&nbsp;<\/p>\n<h2>I GRAFICI DI TIZIANO DE COL<\/h2>\n<p>&nbsp;<\/p>\n\n\t\t\t<style type='text\/css'>\n\t\t\t\t#gallery-2 {\n\t\t\t\t\tmargin: auto;\n\t\t\t\t}\n\t\t\t\t#gallery-2 .gallery-item {\n\t\t\t\t\tfloat: left;\n\t\t\t\t\tmargin-top: 10px;\n\t\t\t\t\ttext-align: center;\n\t\t\t\t\twidth: 33%;\n\t\t\t\t}\n\t\t\t\t#gallery-2 img {\n\t\t\t\t\tborder: 2px solid #cfcfcf;\n\t\t\t\t}\n\t\t\t\t#gallery-2 .gallery-caption {\n\t\t\t\t\tmargin-left: 0;\n\t\t\t\t}\n\t\t\t\t\/* see gallery_shortcode() in wp-includes\/media.php *\/\n\t\t\t<\/style>\n\t\t<div id='gallery-2' class='dt-gallery-container gallery galleryid-249524 gallery-columns-3 gallery-size-thumbnail'><dl class='gallery-item'>\n\t\t\t\t<dt class='gallery-icon landscape'>\n\t\t\t\t\t<a class=\"rollover rollover-zoom dt-pswp-item\" title=\"a0e3ea87-e3d7-471d-8c05-605d200b3bad\" data-dt-img-description=\"\" data-large_image_width=\"599\" data-large_image_height=\"363\"href='https:\/\/www.radiopiu.net\/wordpress\/wp-content\/uploads\/2021\/12\/a0e3ea87-e3d7-471d-8c05-605d200b3bad.jpg'><img loading=\"lazy\" decoding=\"async\" width=\"150\" height=\"150\" src=\"https:\/\/www.radiopiu.net\/wordpress\/wp-content\/uploads\/2021\/12\/a0e3ea87-e3d7-471d-8c05-605d200b3bad-150x150.jpg\" class=\"attachment-thumbnail size-thumbnail\" alt=\"\" \/><\/a>\n\t\t\t\t<\/dt><\/dl><dl class='gallery-item'>\n\t\t\t\t<dt class='gallery-icon landscape'>\n\t\t\t\t\t<a class=\"rollover rollover-zoom dt-pswp-item\" title=\"85eee0cf-e5fb-40cd-9f93-42afeb642309\" data-dt-img-description=\"\" data-large_image_width=\"614\" data-large_image_height=\"372\"href='https:\/\/www.radiopiu.net\/wordpress\/wp-content\/uploads\/2021\/12\/85eee0cf-e5fb-40cd-9f93-42afeb642309.jpg'><img loading=\"lazy\" decoding=\"async\" width=\"150\" height=\"150\" src=\"https:\/\/www.radiopiu.net\/wordpress\/wp-content\/uploads\/2021\/12\/85eee0cf-e5fb-40cd-9f93-42afeb642309-150x150.jpg\" class=\"attachment-thumbnail size-thumbnail\" alt=\"\" \/><\/a>\n\t\t\t\t<\/dt><\/dl><dl class='gallery-item'>\n\t\t\t\t<dt class='gallery-icon landscape'>\n\t\t\t\t\t<a class=\"rollover rollover-zoom dt-pswp-item\" title=\"fe10bb81-0ce3-4e4e-8ed4-003cc5de62a6\" data-dt-img-description=\"\" data-large_image_width=\"604\" data-large_image_height=\"367\"href='https:\/\/www.radiopiu.net\/wordpress\/wp-content\/uploads\/2021\/12\/fe10bb81-0ce3-4e4e-8ed4-003cc5de62a6.jpg'><img loading=\"lazy\" decoding=\"async\" width=\"150\" height=\"150\" src=\"https:\/\/www.radiopiu.net\/wordpress\/wp-content\/uploads\/2021\/12\/fe10bb81-0ce3-4e4e-8ed4-003cc5de62a6-150x150.jpg\" class=\"attachment-thumbnail size-thumbnail\" alt=\"\" \/><\/a>\n\t\t\t\t<\/dt><\/dl><br style=\"clear: both\" \/><dl class='gallery-item'>\n\t\t\t\t<dt class='gallery-icon landscape'>\n\t\t\t\t\t<a class=\"rollover rollover-zoom dt-pswp-item\" title=\"43c8800c-07d9-4abb-8d9b-7f830957ac50\" data-dt-img-description=\"\" data-large_image_width=\"612\" data-large_image_height=\"355\"href='https:\/\/www.radiopiu.net\/wordpress\/wp-content\/uploads\/2021\/12\/43c8800c-07d9-4abb-8d9b-7f830957ac50.jpg'><img loading=\"lazy\" decoding=\"async\" width=\"150\" height=\"150\" src=\"https:\/\/www.radiopiu.net\/wordpress\/wp-content\/uploads\/2021\/12\/43c8800c-07d9-4abb-8d9b-7f830957ac50-150x150.jpg\" class=\"attachment-thumbnail size-thumbnail\" alt=\"\" \/><\/a>\n\t\t\t\t<\/dt><\/dl><dl class='gallery-item'>\n\t\t\t\t<dt class='gallery-icon landscape'>\n\t\t\t\t\t<a class=\"rollover rollover-zoom dt-pswp-item\" title=\"d628548a-7ed6-45b3-a4d2-aab2942a425c\" data-dt-img-description=\"\" data-large_image_width=\"606\" data-large_image_height=\"358\"href='https:\/\/www.radiopiu.net\/wordpress\/wp-content\/uploads\/2021\/12\/d628548a-7ed6-45b3-a4d2-aab2942a425c.jpg'><img loading=\"lazy\" decoding=\"async\" width=\"150\" height=\"150\" src=\"https:\/\/www.radiopiu.net\/wordpress\/wp-content\/uploads\/2021\/12\/d628548a-7ed6-45b3-a4d2-aab2942a425c-150x150.jpg\" class=\"attachment-thumbnail size-thumbnail\" alt=\"\" \/><\/a>\n\t\t\t\t<\/dt><\/dl>\n\t\t\t\t<br style='clear: both' \/>\n\t\t\t<\/div>\n\n<p>&nbsp;<\/p>\n<hr \/>\n<p>&nbsp;<\/p>\n<p>&nbsp;<\/p>\n<blockquote>\n<h3>VACCINAZIONI PEDIATRICHE 5-11 ANNI<\/h3>\n<\/blockquote>\n<p><strong>BELLUNO<\/strong> Sono state organizzate ulteriori sedute dedicate alle vaccinazioni per i bambini 5-11 anni durante il periodo natalizio per facilitare le famiglie prenotabili dal sito www.aulss1.veneto.it: \u2981 CVP Sedico \u2981 CORTINA (drive in Stadio del Ghiaccio) \u2013 28 dicembre dalle 11.00 alle 16.00 \u2981 AURONZO \u2013Pala Tre Cime \u2013 29 dicembre dalle 14.00 alle 16.00 \u2981 OSPEDALE PIEVE DI CADORE \u2013 dal 27 dicembre al 31 gennaio ogni luned\u00ec e mercoled\u00ec dalle 14.30 alle 18.30 \u2981 AGORDO (drive in Tamonich) &#8211; 3 gennaio 2022 dalle 10.00 alle 16.00 \u2981 FELTRE centro prelievi \u2013 9 gennaio dalle 15.00 alle 18.30. Inoltre, oggi pomeriggio, alla scuola media Rocca di Feltre, \u00e8 in programma una seduta vaccinale a cura dei pediatri del feltrino che hanno convocato i loro assistiti.<\/p>\n<p>&nbsp;<\/p>\n<p>&nbsp;<\/p>\n<hr \/>\n<p>&nbsp;<\/p>\n<p>&nbsp;<\/p>\n<blockquote>\n<h3>TAMPONI PER VACCINATI. BOND: &#8220;ECCESSO CHE FA MALE ALL&#8217;ECONOMIA E DA&#8217; RAGIONE AI NO VAX&#8221;<\/h3>\n<\/blockquote>\n<p><strong><a href=\"https:\/\/www.radiopiu.net\/wordpress\/giornale-radiopiu-26-luglio-2019-direttore-mirko-mezzacasa\/dario-bond-6\/\" rel=\"attachment wp-att-93051\"><img loading=\"lazy\" decoding=\"async\" class=\" wp-image-93051 alignleft\" src=\"https:\/\/www.radiopiu.net\/wordpress\/wp-content\/uploads\/2019\/07\/Dario-Bond-300x200.jpg\" alt=\"\" width=\"185\" height=\"123\" srcset=\"https:\/\/www.radiopiu.net\/wordpress\/wp-content\/uploads\/2019\/07\/Dario-Bond-300x200.jpg 300w, https:\/\/www.radiopiu.net\/wordpress\/wp-content\/uploads\/2019\/07\/Dario-Bond-768x512.jpg 768w, https:\/\/www.radiopiu.net\/wordpress\/wp-content\/uploads\/2019\/07\/Dario-Bond-1024x683.jpg 1024w\" sizes=\"auto, (max-width: 185px) 100vw, 185px\" \/><\/a>ROMA<\/strong> \u201cL\u2019idea di obbligare al tampone chi ha gi\u00e0 fatto il vaccino rischia di essere deleteria. Bene fanno le Regioni a opporsi\u201d. Cos\u00ec in una nota il deputato Dario Bond, relativamente alla proposta di estendere il tampone obbligatorio anche ai vaccinati per accedere ad alcuni luoghi pubblici. \u201cSpero che ci sia un passo indietro su questo fronte, perch\u00e9 una proposta simile fa malissimo all\u2019economia in quanto rischia di essere un lockdown in versione ridotta. In pi\u00f9, rischia di dare ragione ai dubbi no vax, vanificando gli sforzi della campagna vaccinale. S\u00ec alla cautela, no a scelte che danneggiano tutti, indiscriminatamente\u201d.<\/p>\n<p>&nbsp;<\/p>\n<p>&nbsp;<\/p>\n<p>&nbsp;<\/p>\n<hr \/>\n<p>&nbsp;<\/p>\n<blockquote>\n<h3>IL PRESIDENTE DELLA PROVINCIA VISITA IL CARCERE DI BALDENICH, DOVE OLTRE IL 70% DEI DETENUTI LAVORA CON REGOLARE CONTRATTO<\/h3>\n<\/blockquote>\n<p><strong><a href=\"https:\/\/www.radiopiu.net\/wordpress\/il-presidente-della-provincia-visita-il-carcere-di-baldenich-dove-oltre-il-70-dei-detenuti-lavora-con-regolare-contratto\/visita-casa-circondariale\/\" rel=\"attachment wp-att-249587\"><img loading=\"lazy\" decoding=\"async\" class=\" wp-image-249587 alignleft\" src=\"https:\/\/www.radiopiu.net\/wordpress\/wp-content\/uploads\/2021\/12\/Visita-casa-circondariale-300x248.jpg\" alt=\"\" width=\"204\" height=\"169\" srcset=\"https:\/\/www.radiopiu.net\/wordpress\/wp-content\/uploads\/2021\/12\/Visita-casa-circondariale-300x248.jpg 300w, https:\/\/www.radiopiu.net\/wordpress\/wp-content\/uploads\/2021\/12\/Visita-casa-circondariale-1024x847.jpg 1024w, https:\/\/www.radiopiu.net\/wordpress\/wp-content\/uploads\/2021\/12\/Visita-casa-circondariale-768x635.jpg 768w, https:\/\/www.radiopiu.net\/wordpress\/wp-content\/uploads\/2021\/12\/Visita-casa-circondariale-1536x1270.jpg 1536w, https:\/\/www.radiopiu.net\/wordpress\/wp-content\/uploads\/2021\/12\/Visita-casa-circondariale-2048x1693.jpg 2048w\" sizes=\"auto, (max-width: 204px) 100vw, 204px\" \/><\/a>BELLUNO <\/strong><span class=\"s1\">Il presidente della Provincia di Belluno ha visitato la casa circondariale di Baldenich. Accompagnato dalla direttrice Tiziana Paolini e dal suo staff, ha potuto vedere il reparto produttivo allestito dalla cooperativa Sviluppo &amp; Lavoro, che all\u2019interno del carcere occupa in maniera stabile molti dei detenuti in lavori di manifattura. Tra i lavoratori della cooperativa e quelli che lavorano alle dipendenze dell&#8217;amministrazione penitenziaria, oltre il 70% dei detenuti \u00e8 occupato con regolare contratto. <\/span><span class=\"s1\">\u00ab<em>In questo modo viene garantito un impegno quotidiano e costante ai detenuti, con un orario di lavoro dal luned\u00ec al sabato&#8221;<\/em> &#8211; spiega il presidente della cooperativa, Gianfranco Borgato\u00a0 &#8220;<\/span><span class=\"s1\"><em>Ho potuto vedere un clima sereno, <\/em>\u00a0il commento del presidente Padrin<\/span><\/p>\n<p><strong>audio ROBERTO PADRIN PRESIDENTE DELLA PROVINCIA<\/strong><\/p>\n<audio class=\"wp-audio-shortcode\" id=\"audio-249524-3\" preload=\"none\" style=\"width: 100%;\" controls=\"controls\"><source type=\"audio\/mpeg\" src=\"https:\/\/www.radiopiu.net\/wordpress\/wp-content\/uploads\/2021\/12\/roberto-padrin.mp3?_=3\" \/><a href=\"https:\/\/www.radiopiu.net\/wordpress\/wp-content\/uploads\/2021\/12\/roberto-padrin.mp3\">https:\/\/www.radiopiu.net\/wordpress\/wp-content\/uploads\/2021\/12\/roberto-padrin.mp3<\/a><\/audio>\n<p><span class=\"s1\">\u00a0<\/span><\/p>\n<p>&nbsp;<\/p>\n<p>&nbsp;<\/p>\n<hr \/>\n<p>&nbsp;<\/p>\n<blockquote>\n<h3>ARRIVANO I FONDI DEL PNRR. AVVISO DA 380 MILIONI DI EURO PER I BORGHI STORICI<\/h3>\n<\/blockquote>\n<p><strong><a href=\"https:\/\/www.radiopiu.net\/wordpress\/speciale-feltre-fondi-di-confine-e-biblioteche-dal-gr-pomeriggio-di-radio-piu\/roger_de_menech_daticamera\/\" rel=\"attachment wp-att-49599\"><img loading=\"lazy\" decoding=\"async\" class=\" wp-image-49599 alignleft\" src=\"https:\/\/www.radiopiu.net\/wordpress\/wp-content\/uploads\/2018\/05\/Roger_De_Menech_daticamera.jpg\" alt=\"\" width=\"122\" height=\"169\" \/><\/a>ROMA <\/strong>Cominciano ad arrivare sui territori le risorse del Pnrr. Da ieri \u00e8 aperto l\u2019avviso pubblico del Ministero della Cultura destinato ai Comuni per la rigenerazione culturale, sociale ed economica dei borghi a rischio di abbandono. \u00abL\u2019avviso mette a disposizione 380 milioni di euro\u00bb, afferma il deputato bellunese Roger De Menech, \u00abe abbiamo tempo fino a met\u00e0 marzo per presentare le domande e i progetti.\u00a0 I Comuni possono gi\u00e0 cominciare a preparare la documentazione da inviare al Ministero che fra l\u2019altro dal 3 gennaio aprir\u00e0 una linea di comunicazione diretta per rispondere a tutti i quesiti di chi ha intenzione di partecipare. L\u2019investimento complessivo del Ministero della Cultura per la rigenerazione dei piccoli borghi \u00e8 superiore al miliardo di euro<\/p>\n<p>&nbsp;<\/p>\n<p>&nbsp;<\/p>\n<div style=\"width: 848px;\" class=\"wp-video\"><video class=\"wp-video-shortcode\" id=\"video-249524-2\" width=\"848\" height=\"480\" preload=\"metadata\" controls=\"controls\"><source type=\"video\/mp4\" src=\"https:\/\/www.radiopiu.net\/wordpress\/wp-content\/uploads\/2021\/12\/WhatsApp-Video-2021-12-21-at-18.12.56.mp4?_=2\" \/><a href=\"https:\/\/www.radiopiu.net\/wordpress\/wp-content\/uploads\/2021\/12\/WhatsApp-Video-2021-12-21-at-18.12.56.mp4\">https:\/\/www.radiopiu.net\/wordpress\/wp-content\/uploads\/2021\/12\/WhatsApp-Video-2021-12-21-at-18.12.56.mp4<\/a><\/video><\/div>\n<p>&nbsp;<\/p>\n<p>&nbsp;<\/p>\n<p>&nbsp;<\/p>\n<p>&nbsp;<\/p>\n<hr \/>\n<p>&nbsp;<\/p>\n<blockquote>\n<h3>BANDO BORGHI SUL PNRR: ACCOLTE PROPOSTE UNCEM PER SEMPLIFICARE MODALITA&#8217; DI PARTECIPAZIONE<\/h3>\n<\/blockquote>\n<p><strong><a href=\"https:\/\/www.radiopiu.net\/wordpress\/giornale-radiopiu-06-novembre-2020-direttore-mirko-mezzacasa\/logouncem_no_scritta-wdtr\/\" rel=\"attachment wp-att-170846\"><img loading=\"lazy\" decoding=\"async\" class=\" wp-image-170846 alignleft\" src=\"https:\/\/www.radiopiu.net\/wordpress\/wp-content\/uploads\/2020\/11\/logoUNCEM_no_scritta-wdtr-300x300.jpg\" alt=\"\" width=\"112\" height=\"112\" srcset=\"https:\/\/www.radiopiu.net\/wordpress\/wp-content\/uploads\/2020\/11\/logoUNCEM_no_scritta-wdtr-300x300.jpg 300w, https:\/\/www.radiopiu.net\/wordpress\/wp-content\/uploads\/2020\/11\/logoUNCEM_no_scritta-wdtr-150x150.jpg 150w, https:\/\/www.radiopiu.net\/wordpress\/wp-content\/uploads\/2020\/11\/logoUNCEM_no_scritta-wdtr.jpg 640w\" sizes=\"auto, (max-width: 112px) 100vw, 112px\" \/><\/a>ROMA<\/strong> <em>&#8220;Il bando uscito nelle scorse ore a valere sul PNRR per la rigenerazione culturale e sociale dei piccoli borghi storici vede una serie di opportunit\u00e0 richieste da Uncem al Ministero della Cultura &#8211; dice Marco Bussone, Presidente Nazionale Uncem &#8211;\u00a0 Il progetto \u00e8 efficace e ci pare strumento adeguato per agevolare i Comuni con meno di 5mila abitanti.<\/em> Parallelamente Uncem auspica che le Regioni selezionino con massima trasparenza il borgo della linea A del Piano, ovvero quelli sui quali verranno destinati 20 milioni di euro ciascuno&#8221;<\/p>\n<p>&nbsp;<\/p>\n<p>&nbsp;<\/p>\n<hr \/>\n<p>&nbsp;<\/p>\n<p>&nbsp;<\/p>\n<blockquote>\n<h3>ACQUISTI ON LINE DALLA\u00a0 POLIZIA POSTALE\u00a0 \u201c5 CONSIGLI PER GLI ACQUISTI\u201d PER COMPRARE A DISTANZA E IN SICUREZZA<\/h3>\n<\/blockquote>\n<p><strong><a href=\"https:\/\/www.radiopiu.net\/wordpress\/la-polizia-postale-e-salva-e-il-sap-esulta\/postale-10\/\" rel=\"attachment wp-att-114649\"><img loading=\"lazy\" decoding=\"async\" class=\"size-medium wp-image-114649 alignleft\" src=\"https:\/\/www.radiopiu.net\/wordpress\/wp-content\/uploads\/2020\/01\/postale-10-300x169.jpg\" alt=\"\" width=\"300\" height=\"169\" srcset=\"https:\/\/www.radiopiu.net\/wordpress\/wp-content\/uploads\/2020\/01\/postale-10-300x169.jpg 300w, https:\/\/www.radiopiu.net\/wordpress\/wp-content\/uploads\/2020\/01\/postale-10.jpg 720w\" sizes=\"auto, (max-width: 300px) 100vw, 300px\" \/><\/a>BELLUNO<\/strong> Si rinnova la collaborazione tra Polizia Postale e delle Comunicazioni e Subito, che promuovono \u201c5 consigli per gli acquisti\u201d on line tra privati, per informare i cittadini e offrire strumenti concreti per un uso sicuro di web e app. 1. INFORMARSI Informati sempre su ci\u00f2 che vuoi acquistare basandoti sulle tre caratteristiche fondamentali di un annuncio: Prezzo, foto e desrizione.\u00a0 2. CONTATTARE L\u2019INSERZIONISTA CON LA CHAT UFFICIALE Usa sempre la chat ufficiale della piattaforma che stai utilizzando, integrata nell\u2019App,\u00a0 diffida da chi ti chiede con insistenza di esser contattato su email o chat alternative. 3. PROTEGGERE DATI PERSONALI E SENSIBILI Proteggi sempre i tuoi dati personali e sensibili. Valuta sempre attentamente quali dati fornire pensando se siano davvero necessari per quello che stai facendo. 4. SCEGLIERE SEMPRE SISTEMI DI PAGAMENTO E SPEDIZIONE UFFICIALI Scegli sempre i sistemi di pagamento e spedizioni ufficiali, integrati nel processo di acquisto in App. 5. DARE LA PROPRIA OPINIONE Prediligi gli affari con utenti valutati positivamente e collabora anche tu a rendere la tua piattaforma di compravendita preferita pi\u00f9 sicura e connessa.<\/p>\n<p>&nbsp;<\/p>\n<hr \/>\n<p>&nbsp;<\/p>\n<div class=\"page-title-head hgroup\">\n<blockquote>\n<h3 class=\"entry-title\">ESSILORLUXOTTICA, MILLERI \u201cNIENTE DI TUTTO QUESTO SAREBBE POSSIBILE SENZA DI VOI\u201d<\/h3>\n<\/blockquote>\n<\/div>\n<p>Se Francesco Milleri avesse potuto salire sul palco del PalaLuxottica lo scorso fine settimana in occasione della grande festa che manca da qualche anno causa covid, sicuramente si sarebbe commosso ringraziando il popolo EssilorLuxottica elencando il potenziale dell&#8217;intero settore prima degli apprezzati auguri di buone feste e felice anno nuovo condivisi con il Presidentissimo Leonardo Del Vecchio.<\/p>\n<blockquote><p><em>&#8220;Abbiamo molto di cui essere tutti orgogliosi, non abbiamo mai smesso di costruire il nostro futuro assieme, guardiamo al 2022 con fiducia e ottimismo. EssilorLuxottica continuer\u00e0 a guidare l&#8217;evoluzione creando opportunit\u00e0 e valore&#8221;<\/em><\/p><\/blockquote>\n<p><strong>AGORDO<\/strong> Per l&#8217;Amministratore Delegato Francesco Milleri il 2021 rimarr\u00e0 negli annali come anno straordinario e lo rimarca nel messaggio alle maestranze Luxottica firmato a quattro mani con il suo vice Paul Du Saillant. Il gruppo \u00e8 cresciuto e Milleri ne riconosce i meriti ai dipendenti, risultato dello sforzo e dell&#8217;impegno di ognuno.<em> &#8220;La vostra energia &#8211; dice Milleri &#8211;\u00a0 e la vostra passione ci hanno permesso di aiutare le persone nel mondo a vedere meglio e vivere meglio, nel segno della nostra mission aziendale&#8221;<\/em>. E&#8217; evidente per tutti che il contesto \u00e8 ancora quello dell&#8217;incertezza, la priorit\u00e0 dell&#8217;Azienda \u00e8 stata garantire salute e sicurezza delle organizzazioni<em> &#8220;Abbiamo ottenuto risultati importanti perch\u00e9 vicini anche nelle avversit\u00e0&#8221;<\/em>. Nel messaggio di fine anno anche le novit\u00e0 innovative come la piattaforma Leonardo, punto di riferimento mondiale per la formazione nell&#8217;ottica per dipendenti e clienti.<em> &#8220;La sostenibilit\u00e0 &#8211; continua Milleri &#8211; \u00e8 oggi un impegno forte dal gruppo, al centro delle strategie. La piattaforma Eyes on the planet raccoglie la visione di sostenibilit\u00e0 attorno a importanti capi saldi come la carbon neutrality, la circolarit\u00e0, l&#8217;accessibilit\u00e0 alle cure della vista nel mondo&#8221;.\u00a0<\/em><\/p>\n\n\t\t\t<style type='text\/css'>\n\t\t\t\t#gallery-3 {\n\t\t\t\t\tmargin: auto;\n\t\t\t\t}\n\t\t\t\t#gallery-3 .gallery-item {\n\t\t\t\t\tfloat: left;\n\t\t\t\t\tmargin-top: 10px;\n\t\t\t\t\ttext-align: center;\n\t\t\t\t\twidth: 50%;\n\t\t\t\t}\n\t\t\t\t#gallery-3 img {\n\t\t\t\t\tborder: 2px solid #cfcfcf;\n\t\t\t\t}\n\t\t\t\t#gallery-3 .gallery-caption {\n\t\t\t\t\tmargin-left: 0;\n\t\t\t\t}\n\t\t\t\t\/* see gallery_shortcode() in wp-includes\/media.php *\/\n\t\t\t<\/style>\n\t\t<div id='gallery-3' class='dt-gallery-container gallery galleryid-249524 gallery-columns-2 gallery-size-medium'><dl class='gallery-item'>\n\t\t\t\t<dt class='gallery-icon portrait'>\n\t\t\t\t\t<a class=\"rollover rollover-zoom dt-pswp-item\" title=\"a777d07f-2635-4615-9c30-cdb0f1db84ab\" data-dt-img-description=\"\" data-large_image_width=\"473\" data-large_image_height=\"1024\"href='https:\/\/www.radiopiu.net\/wordpress\/wp-content\/uploads\/2021\/12\/a777d07f-2635-4615-9c30-cdb0f1db84ab.jpg'><img loading=\"lazy\" decoding=\"async\" width=\"139\" height=\"300\" src=\"https:\/\/www.radiopiu.net\/wordpress\/wp-content\/uploads\/2021\/12\/a777d07f-2635-4615-9c30-cdb0f1db84ab-139x300.jpg\" class=\"attachment-medium size-medium\" alt=\"\" aria-describedby=\"gallery-3-249667\" srcset=\"https:\/\/www.radiopiu.net\/wordpress\/wp-content\/uploads\/2021\/12\/a777d07f-2635-4615-9c30-cdb0f1db84ab-139x300.jpg 139w, https:\/\/www.radiopiu.net\/wordpress\/wp-content\/uploads\/2021\/12\/a777d07f-2635-4615-9c30-cdb0f1db84ab.jpg 473w\" sizes=\"auto, (max-width: 139px) 100vw, 139px\" \/><\/a>\n\t\t\t\t<\/dt>\n\t\t\t\t\t<dd class='wp-caption-text gallery-caption' id='gallery-3-249667'>\n\t\t\t\t\tFRANCESCO MILLERI\n\t\t\t\t\t<\/dd><\/dl><dl class='gallery-item'>\n\t\t\t\t<dt class='gallery-icon portrait'>\n\t\t\t\t\t<a class=\"rollover rollover-zoom dt-pswp-item\" title=\"5729290b-a9e2-435c-b1f9-d879d2dee256\" data-dt-img-description=\"\" data-large_image_width=\"473\" data-large_image_height=\"1024\"href='https:\/\/www.radiopiu.net\/wordpress\/wp-content\/uploads\/2021\/12\/5729290b-a9e2-435c-b1f9-d879d2dee256.jpg'><img loading=\"lazy\" decoding=\"async\" width=\"139\" height=\"300\" src=\"https:\/\/www.radiopiu.net\/wordpress\/wp-content\/uploads\/2021\/12\/5729290b-a9e2-435c-b1f9-d879d2dee256-139x300.jpg\" class=\"attachment-medium size-medium\" alt=\"\" aria-describedby=\"gallery-3-249666\" srcset=\"https:\/\/www.radiopiu.net\/wordpress\/wp-content\/uploads\/2021\/12\/5729290b-a9e2-435c-b1f9-d879d2dee256-139x300.jpg 139w, https:\/\/www.radiopiu.net\/wordpress\/wp-content\/uploads\/2021\/12\/5729290b-a9e2-435c-b1f9-d879d2dee256.jpg 473w\" sizes=\"auto, (max-width: 139px) 100vw, 139px\" \/><\/a>\n\t\t\t\t<\/dt>\n\t\t\t\t\t<dd class='wp-caption-text gallery-caption' id='gallery-3-249666'>\n\t\t\t\t\tPAUL DU SAILLANT\n\t\t\t\t\t<\/dd><\/dl><br style=\"clear: both\" \/>\n\t\t\t<\/div>\n\n<p>&nbsp;<\/p>\n<p>&nbsp;<\/p>\n<p>&nbsp;<\/p>\n<hr \/>\n<p>&nbsp;<\/p>\n<p>&nbsp;<\/p>\n<p>&nbsp;<\/p>\n<blockquote>\n<h2>LA FOTO DEL GIORNO DI ANDREA AMICO,\u00a0 sempre incantevole il tramonto a Passo Duran<\/h2>\n<\/blockquote>\n<p><a href=\"https:\/\/www.radiopiu.net\/wordpress\/giornale-radiopiu-22-dicembre-2021-direttore-mirko-mezzacasa\/264048070_981651712426076_6908254865289700868_n\/\" rel=\"attachment wp-att-249705\"><img loading=\"lazy\" decoding=\"async\" class=\"wp-image-249705 aligncenter\" src=\"https:\/\/www.radiopiu.net\/wordpress\/wp-content\/uploads\/2021\/12\/264048070_981651712426076_6908254865289700868_n.jpg\" alt=\"\" width=\"705\" height=\"513\" srcset=\"https:\/\/www.radiopiu.net\/wordpress\/wp-content\/uploads\/2021\/12\/264048070_981651712426076_6908254865289700868_n.jpg 960w, https:\/\/www.radiopiu.net\/wordpress\/wp-content\/uploads\/2021\/12\/264048070_981651712426076_6908254865289700868_n-300x218.jpg 300w, https:\/\/www.radiopiu.net\/wordpress\/wp-content\/uploads\/2021\/12\/264048070_981651712426076_6908254865289700868_n-768x558.jpg 768w\" sizes=\"auto, (max-width: 705px) 100vw, 705px\" \/><\/a><\/p>\n<p>&nbsp;<\/p>\n<hr \/>\n<p>&nbsp;<\/p>\n<p>&nbsp;<\/p>\n<blockquote>\n<h4><a href=\"https:\/\/www.radiopiu.net\/wordpress\/giornale-radiopiu-22-dicembre-2021-direttore-mirko-mezzacasa\/54a27bae-dbda-4f48-99be-dc3dbefdcb1e-5\/\" rel=\"attachment wp-att-249711\"><img loading=\"lazy\" decoding=\"async\" class=\" wp-image-249711 alignleft\" src=\"https:\/\/www.radiopiu.net\/wordpress\/wp-content\/uploads\/2021\/12\/54a27bae-dbda-4f48-99be-dc3dbefdcb1e-1-300x100.jpg\" alt=\"\" width=\"270\" height=\"90\" srcset=\"https:\/\/www.radiopiu.net\/wordpress\/wp-content\/uploads\/2021\/12\/54a27bae-dbda-4f48-99be-dc3dbefdcb1e-1-300x100.jpg 300w, https:\/\/www.radiopiu.net\/wordpress\/wp-content\/uploads\/2021\/12\/54a27bae-dbda-4f48-99be-dc3dbefdcb1e-1.jpg 742w\" sizes=\"auto, (max-width: 270px) 100vw, 270px\" \/><\/a>DALL&#8217;ULTIMO NUMERO DI CAI IN FORM<\/h4>\n<p>AGORDO\u00a0 Nel periodico del Club Alpino Italiano Sezione di Agordo la penna di Giuliana e Consuela racconta l&#8217;attivit\u00e0 di alpinismo giovanile. Hanno lavorato in sordina ma con tanta buona volont\u00e0 e determinazione creando un bel gruppo di <strong style=\"color: #000000;\">Giovani Aquilotti<\/strong><span style=\"color: #000000; font-weight: normal;\"> che fa ben sperare per il futuro della Sezione: <\/span><strong style=\"color: #000000;\">Giuliana<\/strong><span style=\"color: #000000; font-weight: normal;\"> e <\/span><strong style=\"color: #000000;\">Consuela<\/strong><span style=\"color: #000000; font-weight: normal;\"> sono le due ASAG (Accompagnatrici Sezionali di Alpinismo Giovanile),\u00a0che portano avanti il progetto di avvicinare i giovani alla montagna e che in questi ultimi anni ha dato veramente degli ottimi risultati.<\/span><\/p><\/blockquote>\n<p>&nbsp;<\/p>\n<hr \/>\n<p>&nbsp;<\/p>\n<blockquote>\n<h2>VILLA CROTTA-DE MANZONI DI AGORDO E I CASTELLI DI ANDRAZ E DI AVOSCAN<\/h2>\n<\/blockquote>\n<p><strong>di RENATO BONA<\/strong><\/p>\n<p>Navigando in Internet abbiano fatto conoscenza con il sito \u201cmondi medievali.net\u201d che svolge un\u2019apprezzabilissima attivit\u00e0 per divulgare la conoscenza regione per regione, provincia per provincia, di: castelli, fortezze, rocche, torri, borghi ed edifici fortificati oltre a \u201cpalazzi del potere\u201d, tutti autentico patrimonio del Belpaese. Onore al merito al sito che, mentre annuncia che \u201caltre voci sono in preparazione\u201d, per quanto concerne la realt\u00e0 bellunese si sofferma, in ordine alfabetico, su: Agordo: Villa Crotta De Manzoni; Andraz (frazione di Livinallongo del Col di Lana), sul Castello; Arson (frazione di Feltre) sul Castello di Lusa; Avoscan (frazione di San Tomaso Agordino), sui resti del Castello; Belluno, Palazzo dei Rettori; Palazzo Doglioni; Porta Dojona; Porta Rugo; resti del Castello (Torrione); Torre Civica (Auditorium); Castellavazzo, sui ruderi del Castello della Gardona; Cortina d\u2019Ampezzo: sul Forte Tre Sassi; Rovine del Castello di Botestagno o Potestagno; Feltre, Castello di Alboino, Torre del Campanon; Cinta Muraria, percorso della Sentinella, torre delle Rondinelle; Porta Imperiale; Porta Oria; Porta Pusterla; Torre dell\u2019orologio; Lamosano (frazione di Chies d\u2019Alpago) per il Castello non pi\u00f9 esistente del Bongaio; Majon (frazione di Cortina d\u2019Ampezzo) per il Castello De Zanna; Mel: Palazzo delle Contesse e Palazzo Zorzi; Pieve di Cadore per il Castello e il Palazzo della Magnifica Comunit\u00e0; Quero per il Castello di Quero o Castelnuovo; Tiago (frazione di Mel) per il Castello di Zumelle; Zorzoi (frazione di Sovramonte) per il Castello dello Schener. In questa occasione, andando in rigoroso ordine alfabetico, ci soffermiamo oggi sulle tre \u201cschede\u201d relative alla realt\u00e0 agordina: Agordo, Andraz ed Avoscan. Per quanto riguarda la Villa Crotta de Manzoni si pu\u00f2 leggere che: \u201cSi presenta nella parte anteriore come un&#8217;imponente villa urbana, mentre nella parte posteriore si trasforma in una residenza di campagna con un grande parco e giardino. Tra la fine del Cinquecento e gli inizi del Seicento Francesco Crotta acquist\u00f2 la propriet\u00e0 dove sorgeva un edificio del XV secolo che venne ingrandito ed abbellito per renderlo a tutti gli effetti una residenza signorile. Vennero uniti il nuovo edificio, che ospitava la residenza privata della famiglia, con l&#8217;ala antica destinata al numeroso personale della propriet\u00e0; venne realizzata una sala completamente affrescata. Il corpo seicentesco si affaccia verso il grande prato, il cosiddetto &#8220;Broi, e verso la strada che taglia il centro\u201d. Ancora dal sito: Nel Settecento venne eretta l&#8217;ala di rappresentanza creando lo spazio per il giardino contornato da un&#8217;alta cancellata in ferro con colonne in pietra su cui sono posizionate quindici statue di antiche divinit\u00e0. Nel 1813 la villa venne acquistata dalla famiglia Manzoni che, grazie alle ricchezze accumulate nelle miniere di Valle Imperina, riusc\u00ec a comprare il titolo nobiliare divenendo De Manzoni nel 1820. I De Manzoni fecero vivere alla villa il periodo di massimo splendore promuovendo la cultura e l&#8217;arte come mecenati. Chiamarono alcuni dei rappresentanti pi\u00f9 significativi delle arti bellunesi tra cui l&#8217;architetto Giuseppe Segusini per completare il parco con un edificio in tipico stile romantico, e Pietro Paoletti per decorare il salone con scene tratte dal poema epico Orlando Furioso\u201d. Si rammenta per concludere che \u201cDurante la Grande Guerra la Villa sub\u00ec numerosi danni; vennero distrutti e trafugati gli arredi, i dipinti e la ricca biblioteca insieme ad una grande collezione di minerali e conchiglie\u201d. E siamo al Castello di Andraz a proposito del quale \u201cmondi medievali.net\u201d specifica che: \u201c\u2026 Con ragionevole certezza un castello esisteva gi\u00e0 prima del 1027 quando Corrado II il Salico dona ai Vescovi di Bressanone un vasto territorio tra Livinallongo e Colle Santa Lucia ma non il castello e le sue pertinenze. Si ipotizza un castelliere o un mansio di fattura tardo-romana e la riedificazione, poco prima del 1000 (dopo le successive ondate barbariche che sicuramente hanno distrutto il preesistente manufatto), ad opera di una potente famiglia locale, i Pouchenstein, per contrastare le dispute con i confinanti arroccati sui castelli di Avoscan e Rocca Pietore. Un erede di questa potente famiglia, nel 1200, vende il castello con le pertinenze ed il territorio circostante al Principe-Vescovo di Bressanone Conrad Von Rodenegg. Da allora in poi il castello apparterr\u00e0 ininterrottamente ai vescovi fino al 1803 quando il Principato Vescovile venne soppresso. Ma non sar\u00e0 una storia tranquilla, n\u00e9 facile. Gi\u00e0 nel 1221 il vescovo insedia un suo nipote come vassallo e amministratore del castello e delle propriet\u00e0 terriere. Qualche anno dopo altri suoi nipoti, Paul e Nicolaus Schoneck, compiono atti indicibili ed orrendi delitti e tiranneggiano la popolazione locale. \u00c8 costretto all&#8217;intervento armato pure il Conte del Tirolo che deferisce i due &#8216;bravi&#8217; e li costringe all&#8217;esilio e confisca tutti i loro beni nelle circostanti valli, ma non il castello che resta comunque a disposizione della famiglia Schoneck che di fatto si impossessa dei diritti dell&#8217;illustre vescovo. Probabilmente per necessit\u00e0 economiche nel 1331 i diritti d&#8217;uso, ma non la propriet\u00e0, che nominalmente appartiene ancora ai Vescovi di Bressanone, vengono ceduti alla famiglia degli Avoscano rappresentata da Guadagnino, insediati ad Avoscan di San Tomaso Agordino\u201d. \u00c8 proprio in queste cruente lotte tra potenti famiglie locali &#8211; si spiega ancora &#8211; che, nel 1350, il castello viene assediato ed assaltato con successo da Corrado Gobel che mette in fuga gli Avoscagno e consegna castello e diritti al legittimo proprietario, il Vescovo che\u2026 dal 1416 il vescovo si riserva la gestione &#8216;diretta&#8217; del manufatto e del feudo circostante, ed insedia una propria guarnigione militare con un capitano alla proprie dipendenze. Il Castello viene usato regolarmente dai Vescovi per &#8216;villeggiatura&#8217; ma serviva, e abbastanza spesso, come sicuro rifugio in caso di situazioni di pericolo nelle numerose contese con gli scomodi vicini, primo tra tutti il Conte del Tirolo, o durante le numerose guerre come nella &#8216;guerra dei contadini&#8217; del 1525\u2026Dopo l&#8217;uragano napoleonico, nel 1803 il Principato dei Vescovi di Bressanone viene soppresso e le propriet\u00e0 secolarizzate ed assoggettata definitivamente l&#8217;intera regione. Il castello diviene propriet\u00e0 del governo austriaco\u2026\u201d. Nel 1853 viene venduto ad un privato locale: in parte demolito, le travature usate come materiale da costruzione per le case o addirittura come legna da ardere come del resto suppellettili, mobilia, quadri e la dotazione di materiale storico e cartaceo. Il Castello di Andraz \u00e8 di propriet\u00e0 della Regione Veneto. Concludiamo con Avoscan ed i resti del Castello degli Avoscano casato di conti dei quali viene ricordato che \u201cdomin\u00f2 per circa venticinque anni la storia dell&#8217;Agordino nel corso del XIV secolo, periodo in cui queste zone erano in mano agli Scaligeri di Verona (1322-1337). La residenza di questa famiglia nobile era appunto il castello di Avoscan, esistente gi\u00e0 al tempo delle invasioni barbariche. In riferimento all&#8217;edificazione della fortezza, la tradizione vuole che tre sorelle, tra loro in disaccordo, abbiano costruito tre castelli: quello di Avoscan, quello di Rocca Pietore e quello di Andraz\u2026Altre testimonianze pi\u00f9 attendibili descrivono il castello come \u2018&#8230;un complesso di solidi edifici, alla maniera di fortilizio, e si estendeva anche lungo tutto il piccolo pendio, occupava il piano dove oggi passa la strada pubblica, e finiva sulla sponda del Cordevole\u2019. Attualmente nel luogo dove sorgeva tale costruzione sono state edificate case private e quindi non rimangono pi\u00f9 tracce del castello\u201d.<\/p>\n\n\t\t\t<style type='text\/css'>\n\t\t\t\t#gallery-4 {\n\t\t\t\t\tmargin: auto;\n\t\t\t\t}\n\t\t\t\t#gallery-4 .gallery-item {\n\t\t\t\t\tfloat: left;\n\t\t\t\t\tmargin-top: 10px;\n\t\t\t\t\ttext-align: center;\n\t\t\t\t\twidth: 33%;\n\t\t\t\t}\n\t\t\t\t#gallery-4 img {\n\t\t\t\t\tborder: 2px solid #cfcfcf;\n\t\t\t\t}\n\t\t\t\t#gallery-4 .gallery-caption {\n\t\t\t\t\tmargin-left: 0;\n\t\t\t\t}\n\t\t\t\t\/* see gallery_shortcode() in wp-includes\/media.php *\/\n\t\t\t<\/style>\n\t\t<div id='gallery-4' class='dt-gallery-container gallery galleryid-249524 gallery-columns-3 gallery-size-medium'><dl class='gallery-item'>\n\t\t\t\t<dt class='gallery-icon landscape'>\n\t\t\t\t\t<a class=\"rollover rollover-zoom dt-pswp-item\" title=\"269607534_1098043447694554_3934067859832909497_n\" data-dt-img-description=\"\" data-large_image_width=\"100\" data-large_image_height=\"74\"href='https:\/\/www.radiopiu.net\/wordpress\/wp-content\/uploads\/2021\/12\/269607534_1098043447694554_3934067859832909497_n.png'><img loading=\"lazy\" decoding=\"async\" width=\"100\" height=\"74\" src=\"https:\/\/www.radiopiu.net\/wordpress\/wp-content\/uploads\/2021\/12\/269607534_1098043447694554_3934067859832909497_n.png\" class=\"attachment-medium size-medium\" alt=\"\" \/><\/a>\n\t\t\t\t<\/dt><\/dl><dl class='gallery-item'>\n\t\t\t\t<dt class='gallery-icon landscape'>\n\t\t\t\t\t<a class=\"rollover rollover-zoom dt-pswp-item\" title=\"267687016_617741009464485_8666108077100076658_n\" data-dt-img-description=\"\" data-large_image_width=\"96\" data-large_image_height=\"60\"href='https:\/\/www.radiopiu.net\/wordpress\/wp-content\/uploads\/2021\/12\/267687016_617741009464485_8666108077100076658_n.png'><img loading=\"lazy\" decoding=\"async\" width=\"96\" height=\"60\" src=\"https:\/\/www.radiopiu.net\/wordpress\/wp-content\/uploads\/2021\/12\/267687016_617741009464485_8666108077100076658_n.png\" class=\"attachment-medium size-medium\" alt=\"\" \/><\/a>\n\t\t\t\t<\/dt><\/dl><dl class='gallery-item'>\n\t\t\t\t<dt class='gallery-icon landscape'>\n\t\t\t\t\t<a class=\"rollover rollover-zoom dt-pswp-item\" title=\"269231067_1470402723356120_5727784363492110627_n\" data-dt-img-description=\"\" data-large_image_width=\"104\" data-large_image_height=\"80\"href='https:\/\/www.radiopiu.net\/wordpress\/wp-content\/uploads\/2021\/12\/269231067_1470402723356120_5727784363492110627_n.png'><img loading=\"lazy\" decoding=\"async\" width=\"104\" height=\"80\" src=\"https:\/\/www.radiopiu.net\/wordpress\/wp-content\/uploads\/2021\/12\/269231067_1470402723356120_5727784363492110627_n.png\" class=\"attachment-medium size-medium\" alt=\"\" \/><\/a>\n\t\t\t\t<\/dt><\/dl><br style=\"clear: both\" \/><dl class='gallery-item'>\n\t\t\t\t<dt class='gallery-icon landscape'>\n\t\t\t\t\t<a class=\"rollover rollover-zoom dt-pswp-item\" title=\"263908590_390907362821379_8922775345692556853_n\" data-dt-img-description=\"\" data-large_image_width=\"102\" data-large_image_height=\"83\"href='https:\/\/www.radiopiu.net\/wordpress\/wp-content\/uploads\/2021\/12\/263908590_390907362821379_8922775345692556853_n.png'><img loading=\"lazy\" decoding=\"async\" width=\"102\" height=\"83\" src=\"https:\/\/www.radiopiu.net\/wordpress\/wp-content\/uploads\/2021\/12\/263908590_390907362821379_8922775345692556853_n.png\" class=\"attachment-medium size-medium\" alt=\"\" \/><\/a>\n\t\t\t\t<\/dt><\/dl><dl class='gallery-item'>\n\t\t\t\t<dt class='gallery-icon landscape'>\n\t\t\t\t\t<a class=\"rollover rollover-zoom dt-pswp-item\" title=\"268027993_609174607011368_160055325803976811_n\" data-dt-img-description=\"\" data-large_image_width=\"95\" data-large_image_height=\"75\"href='https:\/\/www.radiopiu.net\/wordpress\/wp-content\/uploads\/2021\/12\/268027993_609174607011368_160055325803976811_n.png'><img loading=\"lazy\" decoding=\"async\" width=\"95\" height=\"75\" src=\"https:\/\/www.radiopiu.net\/wordpress\/wp-content\/uploads\/2021\/12\/268027993_609174607011368_160055325803976811_n.png\" class=\"attachment-medium size-medium\" alt=\"\" \/><\/a>\n\t\t\t\t<\/dt><\/dl><dl class='gallery-item'>\n\t\t\t\t<dt class='gallery-icon landscape'>\n\t\t\t\t\t<a class=\"rollover rollover-zoom dt-pswp-item\" title=\"267837558_631297018307386_7065680922397953004_n\" data-dt-img-description=\"\" data-large_image_width=\"101\" data-large_image_height=\"75\"href='https:\/\/www.radiopiu.net\/wordpress\/wp-content\/uploads\/2021\/12\/267837558_631297018307386_7065680922397953004_n.png'><img loading=\"lazy\" decoding=\"async\" width=\"101\" height=\"75\" src=\"https:\/\/www.radiopiu.net\/wordpress\/wp-content\/uploads\/2021\/12\/267837558_631297018307386_7065680922397953004_n.png\" class=\"attachment-medium size-medium\" alt=\"\" \/><\/a>\n\t\t\t\t<\/dt><\/dl><br style=\"clear: both\" \/>\n\t\t\t<\/div>\n\n<p>&nbsp;<\/p>\n<p>NELLE FOTO (dal sito\u201cmondi medievali.net\u201d): due scorci di Villa Crotta-De Manzoni di Agordo; ed altrettanti del Castello di Andraz; anche Avoscan vantava un castello, lo testimoniano i resti; una panoramica del paese agordino.<\/p>\n<p>&nbsp;<\/p>\n<hr \/>\n<p>&nbsp;<\/p>\n<blockquote>\n<h3>TERZO CONTRIBUTO ALLE IMPRESE DEL COMUNE DI PONTE NELLE ALPI<\/h3>\n<\/blockquote>\n<p><strong><a href=\"https:\/\/www.radiopiu.net\/wordpress\/giornale-radiopiu-22-dicembre-2021-direttore-mirko-mezzacasa\/consorzio_sviluppo_artigiano_in_municipio\/\" rel=\"attachment wp-att-249601\"><img loading=\"lazy\" decoding=\"async\" class=\" wp-image-249601 alignleft\" src=\"https:\/\/www.radiopiu.net\/wordpress\/wp-content\/uploads\/2021\/12\/Consorzio_Sviluppo_Artigiano_in_municipio-300x165.jpg\" alt=\"\" width=\"196\" height=\"108\" srcset=\"https:\/\/www.radiopiu.net\/wordpress\/wp-content\/uploads\/2021\/12\/Consorzio_Sviluppo_Artigiano_in_municipio-300x165.jpg 300w, https:\/\/www.radiopiu.net\/wordpress\/wp-content\/uploads\/2021\/12\/Consorzio_Sviluppo_Artigiano_in_municipio-1024x564.jpg 1024w, https:\/\/www.radiopiu.net\/wordpress\/wp-content\/uploads\/2021\/12\/Consorzio_Sviluppo_Artigiano_in_municipio-768x423.jpg 768w, https:\/\/www.radiopiu.net\/wordpress\/wp-content\/uploads\/2021\/12\/Consorzio_Sviluppo_Artigiano_in_municipio.jpg 1233w\" sizes=\"auto, (max-width: 196px) 100vw, 196px\" \/><\/a>PONTE NELLE ALPI <\/strong>Il Comune di Ponte nelle Alpi eroga un contributo di 10mila euro al terzo Consorzio di garanzia: dopo Confartigianato Imprese e Confcommercio, a beneficiare delle risorse sono le imprese legate al Consorzio Sviluppo Artigiano.<span class=\"gmail-Apple-converted-space\">\u00a0<\/span><\/p>\n<p>&nbsp;<\/p>\n<p>&nbsp;<\/p>\n<p>&nbsp;<\/p>\n<p>&nbsp;<\/p>\n<hr \/>\n<p>&nbsp;<\/p>\n<p>&nbsp;<\/p>\n<blockquote>\n<h3><a href=\"https:\/\/www.radiopiu.net\/wordpress\/giornale-radiopiu-22-dicembre-2021-direttore-mirko-mezzacasa\/photo-2021-12-20-06-33-32\/\" rel=\"attachment wp-att-249637\"><img loading=\"lazy\" decoding=\"async\" class=\" wp-image-249637 alignleft\" src=\"https:\/\/www.radiopiu.net\/wordpress\/wp-content\/uploads\/2021\/12\/PHOTO-2021-12-20-06-33-32-300x200.jpg\" alt=\"\" width=\"231\" height=\"154\" srcset=\"https:\/\/www.radiopiu.net\/wordpress\/wp-content\/uploads\/2021\/12\/PHOTO-2021-12-20-06-33-32-300x200.jpg 300w, https:\/\/www.radiopiu.net\/wordpress\/wp-content\/uploads\/2021\/12\/PHOTO-2021-12-20-06-33-32-1024x682.jpg 1024w, https:\/\/www.radiopiu.net\/wordpress\/wp-content\/uploads\/2021\/12\/PHOTO-2021-12-20-06-33-32-768x512.jpg 768w, https:\/\/www.radiopiu.net\/wordpress\/wp-content\/uploads\/2021\/12\/PHOTO-2021-12-20-06-33-32.jpg 1280w\" sizes=\"auto, (max-width: 231px) 100vw, 231px\" \/><\/a>I GRAZIE DAL CUORE, A CHI HA CONDIVISO IL PROGETTO MISSIONARIO<\/h3>\n<p>Il Gruppo Missionario di Trichiana ha organizzato presso l\u2019oratorio di Parrocchiale di Trichiana un mercatino di oggetti preparati dai volontari. Quest\u2019anno il contributo raccolto ha raggiunto i 4.300 euro.\u00a0 L\u2019importo \u00e8 stato finalizzato al sostegno di una\u00a0 scuola in India, ove opera da tanti anni Padre Maria.<\/p>\n<p>&nbsp;<\/p>\n<p>&nbsp;<\/p><\/blockquote>\n<p>&nbsp;<\/p>\n<hr \/>\n<blockquote>\n<h3><\/h3>\n<h3>L&#8217;ULTIMO CONSIGLIO DEL 2021<\/h3>\n<\/blockquote>\n<p><strong>TAIBON<\/strong> Martedi alle 20:30 consiglio comunale convocato dal sindaco Silvia Tormen, all&#8217;ordine del giorno: affidamento servizio tesoreria, revisione delle partecipazioni, nomina revisore dei conti, approvazione bilancio di previsione dell&#8217;Azienda Speciale Multiservizi, impianto elettrico sul Corpassa, modifica del piano di pagamento dei canoni concessori<\/p>\n<p>&nbsp;<\/p>\n<p>&nbsp;<\/p>\n<hr \/>\n<p>&nbsp;<\/p>\n<blockquote>\n<h3>DOMANI IL CONSIGLIO COMUNALE DI RIVAMONTE<\/h3>\n<\/blockquote>\n<p><strong>RIVAMONTE<\/strong> Il sindaco Giovanni Deon ha convocato il consiglio comunale a Rivamonte per domani alle 19:30. La convocazione avverr\u00e0 in videoconferenza e saranno 3 i punti all&#8217;ordine del giorno tra cui l&#8217;ottava variazione a bilancio e la revisione ordinaria delle partecipazioni.<\/p>\n<p>&nbsp;<\/p>\n<p>&nbsp;<\/p>\n<hr \/>\n<h3><\/h3>\n<blockquote>\n<h3>CONSIGLIO COMUNALE SENZA INTERROGAZIONI DELLA MINORANZA<br \/>\n<strong>\u00a0<\/strong><\/h3>\n<\/blockquote>\n<p><strong>ROCCA PIETORE<\/strong> Sar\u00e0 l&#8217;aria del Natale? Un consiglio comunale senza le interrogazioni della minoranza, anzi delle minoranza di Diana Iraci Borgia o del gruppo che fa riferimento a Maurizio De Cassan. Martedi alle 18.30 seduta di ordinaria amministrazione con l&#8217;approvazione del Dup (documento di programmazione), variazione al bilancio, prelievo dal fondo di riserva, ricognizione delle partecipazioni possedute, bilancio di previsione Asca 2022 e programma per il conferimento di incarichi di collaborazione autonoma.<\/p>\n<p>&nbsp;<\/p>\n<p>&nbsp;<\/p>\n<p>&nbsp;<\/p>\n<hr \/>\n<p>&nbsp;<\/p>\n<p>&nbsp;<\/p>\n<blockquote>\n<h3>CONCORSI NEL FELTRINO<\/h3>\n<\/blockquote>\n<p><strong>FELTRE<\/strong>\u00a0 <span id=\"page3R_mcid8\" class=\"markedContent\"><span dir=\"ltr\" role=\"presentation\">\u00c8<\/span> <span dir=\"ltr\" role=\"presentation\">indetto<\/span> <span dir=\"ltr\" role=\"presentation\">un<\/span> <span dir=\"ltr\" role=\"presentation\">concorso pubblico <\/span> <span dir=\"ltr\" role=\"presentation\">per <\/span> <span dir=\"ltr\" role=\"presentation\">soli esami per\u00a0\u00a0<\/span> <span dir=\"ltr\" role=\"presentation\">l&#8217;assunzione <\/span> <span dir=\"ltr\" role=\"presentation\">a tempo <\/span><span dir=\"ltr\" role=\"presentation\">pieno<\/span> <span dir=\"ltr\" role=\"presentation\">e determinato (3 anni) di un agente di polizia locale <\/span><span dir=\"ltr\" role=\"presentation\">presso il comune di Arsi\u00e8. Altro concorso per due <span id=\"page3R_mcid7\" class=\"markedContent\">istruttori amministrativi\u00a0 presso l\u2019Unione dei Comuni del Basso Feltrino \u2013 Setteville e presso il comune di Pedavena. <\/span><\/span><\/span><span id=\"page3R_mcid9\" class=\"markedContent\"><span dir=\"ltr\" role=\"presentation\">Le <\/span><span dir=\"ltr\" role=\"presentation\">doman<\/span><span dir=\"ltr\" role=\"presentation\">de <\/span><span dir=\"ltr\" role=\"presentation\">di <\/span><span dir=\"ltr\" role=\"presentation\">part<\/span><span dir=\"ltr\" role=\"presentation\">ecipazione <\/span><span dir=\"ltr\" role=\"presentation\">dovranno <\/span><span dir=\"ltr\" role=\"presentation\">essere <\/span><span dir=\"ltr\" role=\"presentation\">presentate <\/span><span dir=\"ltr\" role=\"presentation\">tramite <\/span><span dir=\"ltr\" role=\"presentation\">apposita piatta<\/span><span dir=\"ltr\" role=\"presentation\">fo<\/span><span dir=\"ltr\" role=\"presentation\">rma <\/span><span dir=\"ltr\" role=\"presentation\">del<\/span><span dir=\"ltr\" role=\"presentation\">l&#8217;Unione Montan<\/span><span dir=\"ltr\" role=\"presentation\">a Feltrina entro le 12 del 13 gennaio.\u00a0\u00a0<\/span><\/span><\/p>\n<p>&nbsp;<\/p>\n<p>&nbsp;<\/p>\n<hr \/>\n<p>&nbsp;<\/p>\n<blockquote>\n<h3>LA COOP CADORE CERCA UN VICE RESPONSABILE Candidature entro il 10 gennaio 2022<\/h3>\n<\/blockquote>\n<p><strong>CADORE<\/strong> La cooperativa alla ricerca di una nuova figura per il settore pulizie, sanificazione e igienizzazione.\u00a0 L&#8217;avviso completo \u00e8 disponibile sulla pagina Facebook della Cadore s.c.s. e presto anche sul sito Internet della cooperativa (www.cadorescs.com). Gli interessati potranno inviare il proprio curriculum entro le 12 del 10 gennaio all\u2019indirizzo mail segreteria@cadorescs.com ; il CV potr\u00e0 anche essere consegnato a mano alla Segreteria nella sede amministrativa di Pieve di Cadore.<\/p>\n<p>&nbsp;<\/p>\n<p>&nbsp;<\/p>\n<hr \/>\n<blockquote>\n<h3><\/h3>\n<h3>VALPE CONSEGNA GLI ECOCALENDARI 2022 A SEDICO E NELL&#8217;AGORDINO<\/h3>\n<\/blockquote>\n<p><strong>AGORDO-SEDICO<\/strong>\u00a0 In questi giorni i nuovi calendari per l\u2019anno 2022 sono in consegna nelle case di tutti gli utenti di Sedico e dell\u2019Unione Montana Agordina. I nuovi calendari sono disponibili\u00a0 anche nel sito www.valpeambiente.it.<\/p>\n<p>&nbsp;<\/p>\n<p>&nbsp;<\/p>\n<hr \/>\n<p>&nbsp;<\/p>\n<p>&nbsp;<\/p>\n<blockquote>\n<h3 class=\"articlePlainTitle\"><a href=\"https:\/\/www.radiopiu.net\/wordpress\/giornale-radiopiu-22-dicembre-2021-direttore-mirko-mezzacasa\/th-277\/\" rel=\"attachment wp-att-249716\"><img loading=\"lazy\" decoding=\"async\" class=\"wp-image-249716 alignleft\" src=\"https:\/\/www.radiopiu.net\/wordpress\/wp-content\/uploads\/2021\/12\/th-14.jpg\" alt=\"\" width=\"139\" height=\"185\" \/><\/a>&#8220;Arrivederci in paradiso&#8221; Domenica la presentazione<\/h3>\n<\/blockquote>\n<div class=\"articlePlainText\"><strong>VOLTAGO<\/strong> Domenica alle 16 nella chiesa di San Nicol\u00f2 a Frassen\u00e9 verr\u00e0 presentato il libro &#8220;Arrivederci in paradiso&#8221;, dedicato alla memoria di don Stefano Gorzegno, morto a soli 44 anni sulla spiaggia di Termoli il 30 luglio 2003 per salvare la vita a sette ragazzini a rischio annegamento. Ci saranno gli interventi di Francesco Mercanti, curatore della pubblicazione, del vescovo Marangoni, del parroco don Fabiano Del Favero e del sindaco Schena. Alle 18 la messa.<\/div>\n<p>&nbsp;<\/p>\n<p>&nbsp;<\/p>\n<p><strong>L&#8217;INVITO DI DON FABIANO DEL FAVERO PARROCO DELLE PARROCCHIE DEL POI, DA VOLTAGO A TISER<\/strong><\/p>\n<audio class=\"wp-audio-shortcode\" id=\"audio-249524-4\" preload=\"none\" style=\"width: 100%;\" controls=\"controls\"><source type=\"audio\/mpeg\" src=\"https:\/\/www.radiopiu.net\/wordpress\/wp-content\/uploads\/2021\/12\/don-fabiano.mp3?_=4\" \/><a href=\"https:\/\/www.radiopiu.net\/wordpress\/wp-content\/uploads\/2021\/12\/don-fabiano.mp3\">https:\/\/www.radiopiu.net\/wordpress\/wp-content\/uploads\/2021\/12\/don-fabiano.mp3<\/a><\/audio>\n<p>&nbsp;<\/p>\n<hr \/>\n<p>&nbsp;<\/p>\n<p>&nbsp;<\/p>\n<blockquote>\n<h2>SETTE GIORNI FA ALLA RADIO, I SERVIZI DI RADIO PIU<\/h2>\n<\/blockquote>\n<h2><span style=\"color: #ff0000;\"><a href=\"https:\/\/www.radiopiu.net\/wordpress\/giornale-radiopiu-11-maggio-2021-direttore-mirko-mezzacasa\/anselmo-cagnati_cani-slitta_05\/\" rel=\"attachment wp-att-208961\"><img loading=\"lazy\" decoding=\"async\" class=\"wp-image-208961 alignleft\" src=\"https:\/\/www.radiopiu.net\/wordpress\/wp-content\/uploads\/2021\/05\/Anselmo-Cagnati_cani-slitta_05-300x200.jpg\" alt=\"\" width=\"200\" height=\"133\" srcset=\"https:\/\/www.radiopiu.net\/wordpress\/wp-content\/uploads\/2021\/05\/Anselmo-Cagnati_cani-slitta_05-300x200.jpg 300w, https:\/\/www.radiopiu.net\/wordpress\/wp-content\/uploads\/2021\/05\/Anselmo-Cagnati_cani-slitta_05-1024x683.jpg 1024w, https:\/\/www.radiopiu.net\/wordpress\/wp-content\/uploads\/2021\/05\/Anselmo-Cagnati_cani-slitta_05-768x512.jpg 768w, https:\/\/www.radiopiu.net\/wordpress\/wp-content\/uploads\/2021\/05\/Anselmo-Cagnati_cani-slitta_05.jpg 1200w\" sizes=\"auto, (max-width: 200px) 100vw, 200px\" \/><\/a>ANSELMO IL MUSHER<br \/>\n<\/span><\/h2>\n<p><strong>L&#8217;INTERVISTA\u00a0<\/strong><\/p>\n<p><strong>di Claudio Fontanive\u00a0<\/strong><\/p>\n<audio class=\"wp-audio-shortcode\" id=\"audio-249524-5\" preload=\"none\" style=\"width: 100%;\" controls=\"controls\"><source type=\"audio\/mpeg\" src=\"https:\/\/www.radiopiu.net\/wordpress\/wp-content\/uploads\/2021\/12\/anselmo-cagnati-15-dicembre.mp3?_=5\" \/><a href=\"https:\/\/www.radiopiu.net\/wordpress\/wp-content\/uploads\/2021\/12\/anselmo-cagnati-15-dicembre.mp3\">https:\/\/www.radiopiu.net\/wordpress\/wp-content\/uploads\/2021\/12\/anselmo-cagnati-15-dicembre.mp3<\/a><\/audio>\n<p>&nbsp;<\/p>\n<p>&nbsp;<\/p>\n<hr \/>\n<blockquote>\n<h3><\/h3>\n<h3>NADEL IGNANTER I TABIEI<\/h3>\n<\/blockquote>\n<p><strong>ROCCA PIETORE<\/strong> A Sottoguda a Natale ci saranno i mercatini tra le vie del paese, nei giorni 28 e 29 dicembre dalle 13 alle 19. Martedi 28 alle 16 &#8220;musica, neve e magia&#8221; con il concerto di Sara Stocco (voce) e Nella Hristova (pianoforte)<\/p>\n<p>&nbsp;<\/p>\n<p>&nbsp;<\/p>\n<hr \/>\n<p>&nbsp;<\/p>\n<blockquote>\n<h3>MUSICA E POESIA CON L&#8217;ISTITUTO SUPERIORE DI SCIENZE RELIGIOSE<\/h3>\n<\/blockquote>\n<p><strong>BELLUNO<\/strong> L\u2019Istituto Superiore di Scienze Religiose \u201cGiovanni Paolo I\u201d, istituzione accademica ecclesiastica collegata alla Facolt\u00e0 Teologica del Triveneto, offre a tutti, non solo a docenti, studenti e personale, la possibilit\u00e0 di vivere un momento di spiritualit\u00e0 in preparazione al Natale,\u00a0 domani alle\u00a0 18 nella\u00a0 chiesa di San Pietro a Belluno. Il programma prevede una riflessione sul Natale tramite parole e musica: le parole sono quelle di Antonio Chiades, giornalista, scrittore e poeta, che vive tra Pieve di Cadore e Treviso; l\u2019esecuzione musicale \u00e8 invece affidata al musicista e compositore bellunese Carlo De Battista. Sono previsti inoltre una lettura biblica e l\u2019intervento dei rispettivi vescovi, Michele Tomasi, vescovo di Treviso, e Renato Marangoni, vescovo di Belluno-Feltre. L\u2019evento bellunese \u00e8 organizzato in collaborazione con la Biblioteca Gregoriana del Seminario di Belluno. \u00c8 obbligatorio il Green Pass.<\/p>\n<p>&nbsp;<\/p>\n<p>&nbsp;<\/p>\n<hr \/>\n<p>&nbsp;<\/p>\n<blockquote>\n<h3>IL CONCERTO DI NATALE A CAVIOLA<\/h3>\n<\/blockquote>\n<p><strong>FALCADE<\/strong> \u00c8 in programma il concerto di Natale &#8220;seguitando la gran stela&#8221; con il gruppo musicale &#8220;Na Fuoia&#8221; organizzato dal Gruppo Folk Union ladina Val Biois a Caviola domani alle 20.30 presso la Casa della giovent\u00f9. Si esibiranno i musicisti Andrea Da Cort\u00e0, Annachiara Belli e Pina Sabatini che faranno suonare gli strumenti pi\u00f9 tradizionali come il violino e la chitarra e quelli pi\u00f9 esotici come la cornamusa e il dulcimer. Un regalo di Natale del Gruppo Folk Union ladina Val Biois per ritrovarsi e trascorrere insieme una serata di buona musica. Ingresso ad offerta libera, \u00e8 richiesto il green pass<\/p>\n<p>&nbsp;<\/p>\n<p>&nbsp;<\/p>\n<hr \/>\n<p>&nbsp;<\/p>\n<p>&nbsp;<\/p>\n<blockquote>\n<h3>DOMANI LA PRESENTAZIONE DELLA GUIDA TURISTICA DI DAL MAS<\/h3>\n<\/blockquote>\n<p><strong>SOSPIROLO<\/strong> Si terr\u00e0 domani al Centro Civico alle 20.30 la presentazione della guida turistica \u201cViaggio nelle Dolomiti Bellunesi\u201d \u00a0di Giuliano Dal Mas. In questo suo &#8220;Viaggio&#8221;, Giuliano Dal Mas (Premio Pelmo d\u2019Oro per la Cultura Alpina 2021) si muove esplorando quella bellezza che si trova anche nei posti pi\u00f9 reconditi dove, secondo l\u2019autore, &#8220;solo un cuore fanciullo vede, guarda e assapora&#8221;. Il volume \u00e8 patrocinato dal Comitato Pro Loco Unpli Belluno che rappresenta le 59 Pro Loco ed i 7 Consorzi della provincia di Belluno; la serata, con proiezioni di immagini, \u00e8 a cura della Pro loco \u201cMonti del Sole\u201d con il patrocinio del Comune di Sospirolo. Ingresso libero con obbligo del Super Green Pass.<\/p>\n<p>&nbsp;<\/p>\n<p>&nbsp;<\/p>\n<hr \/>\n<p>&nbsp;<\/p>\n<blockquote>\n<h3>APERTURA INVERNALE DEL CASTELLO DI ANDRAZ<\/h3>\n<\/blockquote>\n<p><strong>LIVINALLONGO <\/strong>Normalmente d\u2019inverno il Castello di Andraz rimane chiuso al pubblico a causa delle grandi quantit\u00e0 di neve che interessano l\u2019area. Quest\u2019anno invece il meteo \u00e8 favorevole e quindi, solo per pochi giorni e per poche ore, il castello aprir\u00e0. Le visite (guidate e su prenotazione ma non particolarmente specialistiche e quindi accessibili a tutti) si concentreranno in particolare sulla figura di Nicol\u00f2 Cusano, vissuto al castello attorno alla met\u00e0 del XV secolo, che proprio qui ha compiuto studi in campo astronomico di notevole rilevanza. \u00c8 infatti in funzione gi\u00e0 da qualche settimana il foro utilizzato per gli studi sul solstizio d\u2019inverno: un\u2019occasione imperdibile. Le aperture straordinarie avverranno il 19, 22, 26 e 29 dicembre dalle 13 alle 15. Per prenotare la visita guidata 334 3346680. Informazioni su www.castellodiandraz.it<\/p>\n<p>&nbsp;<\/p>\n<p>&nbsp;<\/p>\n<hr \/>\n<p>&nbsp;<\/p>\n<p>&nbsp;<\/p>\n<blockquote>\n<h3>PROGRAMMA CORSI I SEMESTRE 2022 AIS BELLUNO<\/h3>\n<\/blockquote>\n<p><strong><a href=\"https:\/\/www.radiopiu.net\/wordpress\/estate-in-villa-2021-alla-scoperta-dei-vini-del-bellunese\/bicchiere-vino\/\" rel=\"attachment wp-att-219120\"><img loading=\"lazy\" decoding=\"async\" class=\" wp-image-219120 alignleft\" src=\"https:\/\/www.radiopiu.net\/wordpress\/wp-content\/uploads\/2021\/06\/bicchiere-vino-300x199.jpg\" alt=\"\" width=\"216\" height=\"143\" srcset=\"https:\/\/www.radiopiu.net\/wordpress\/wp-content\/uploads\/2021\/06\/bicchiere-vino-300x199.jpg 300w, https:\/\/www.radiopiu.net\/wordpress\/wp-content\/uploads\/2021\/06\/bicchiere-vino-1024x678.jpg 1024w, https:\/\/www.radiopiu.net\/wordpress\/wp-content\/uploads\/2021\/06\/bicchiere-vino-768x508.jpg 768w, https:\/\/www.radiopiu.net\/wordpress\/wp-content\/uploads\/2021\/06\/bicchiere-vino-1536x1017.jpg 1536w, https:\/\/www.radiopiu.net\/wordpress\/wp-content\/uploads\/2021\/06\/bicchiere-vino.jpg 1920w\" sizes=\"auto, (max-width: 216px) 100vw, 216px\" \/><\/a>BELLUNO <\/strong>La delegazione AIS (Associazione Italiana Sommelier) di Belluno \u00e8 pronta a ripartire con i corsi di formazione per diventare sommelier. Marted\u00ec 1 febbraio, presso il ristorante \u201cDe Gusto\u201d di Belluno, prender\u00e0 il via il primo livello, quello che introduce al magico mondo del vino. Per chi avesse gi\u00e0 frequentato il primo livello il 1 febbraio al ristorante \u201cLa Casona\u201d a Feltre si potr\u00e0 proseguire il percorso intrapreso con il secondo livello.\u00a0 Infine per i corsisti che hanno gi\u00e0 in tasca i primi due livelli prender\u00e0 il via l\u2019ultimo e forse pi\u00f9 importante appuntamento: il terzo livello. Le lezioni inizieranno luned\u00ec 31 gennaio presso il ristorante Nogherazza.\u00a0 Per ulteriori informazioni e iscrizioni \u00e8 possibile consultare il sito www.aisveneto.it sotto la sezione corsi.<\/p>\n<p>&nbsp;<\/p>\n<p>&nbsp;<\/p>\n<p>&nbsp;<\/p>\n<hr \/>\n<blockquote>\n<h3><\/h3>\n<h3>IL GIOCO DEL TEATRO CON DOLOMITI HUB<\/h3>\n<\/blockquote>\n<p><strong>FONZASO<\/strong> Il 27, 29 e 30 dicembre alla ex scuola elementare di Arten, Dolomiti Hub e Tib Teatro organizzano &#8220;Gioca teatro. Scopro elaboro imparo. Ingresso gratuito, <a href=\"https:\/\/webkolm.musvc2.net\/e\/t?q=7%3d1U7U9b%26q%3db%26n%3dUAW%26o%3dX7X2T%26z%3dBtLuM_rsXt_33_wuSr_70_rsXt_28iIlGrCtAmOb.Ay_LQuU_VfEt8uDt-Cs5wCzAtHe-Df6oJfNoJnI-tAgNe3yLo-6n7eEgLe-TEV1_JVwP_Tk_LQuU_WfMyG_sGzLc7_wuSr_88n72Ml7yNeJ_wuSr_7ZuLr_Ge6nOm_JVwP_Ui9m3nF_rsXt_2XzNm5a3f_5fGp3nAn_JVwP_Ui7oFk9r7sTa%266%3drOsNhV.n7y%26Cs%3dT9c6&amp;mupckp=mupAtu4m8OiX0wt\" target=\"_blank\" rel=\"noopener\"><u>iscrizione obbligatoria<\/u><\/a>.<\/p>\n<p>&nbsp;<\/p>\n<p>&nbsp;<\/p>\n<hr \/>\n<p>&nbsp;<\/p>\n<blockquote class=\"wp-embedded-content\" data-secret=\"5kVN7Lpu0c\"><p><a href=\"https:\/\/www.radiopiu.net\/wordpress\/zeloa\/\">MONTE CELO (ZELO) ED ALPENFESTUNG  ARTICOLO COMPLETO IN TRE PARTI<\/a><\/p><\/blockquote>\n<p><iframe loading=\"lazy\" class=\"wp-embedded-content\" sandbox=\"allow-scripts\" security=\"restricted\" style=\"position: absolute; clip: rect(1px, 1px, 1px, 1px);\" title=\"&#8220;MONTE CELO (ZELO) ED ALPENFESTUNG  ARTICOLO COMPLETO IN TRE PARTI&#8221; &#8212; Radio Pi\u00f9\" src=\"https:\/\/www.radiopiu.net\/wordpress\/zeloa\/embed\/#?secret=5kVN7Lpu0c\" data-secret=\"5kVN7Lpu0c\" width=\"600\" height=\"338\" frameborder=\"0\" marginwidth=\"0\" marginheight=\"0\" scrolling=\"no\"><\/iframe><\/p>\n<p>&nbsp;<\/p>\n<hr \/>\n<p>&nbsp;<\/p>\n<h2><span style=\"color: #ff0000;\">IERI ALLA RADIO\u00a0<\/span><\/h2>\n<p>IL CONCERTO DEL 26 DICEMBRE DALL&#8217;ARCIDIACONALE DI AGORDO SARA&#8217; TRASMESSO IN DIRETTA SULLE FREQUENZE DI RADIO PIU&#8217;, POTRA&#8217; ESSERE VISTO IN STREAMING SUL SITO INTERNET RADIOPIU.NET O SULLE PAGINE FACEBOOK RADIOPIU, RADIOPIU EMITTENTE AGORDINA, SEI DI AGORDO SE&#8230;<\/p>\n<blockquote><p><a href=\"https:\/\/www.radiopiu.net\/wordpress\/giornale-radiopiu-10-dicembre-2021-direttore-mirko-mezzacasa\/7e4dcf0d-ae61-466b-9ba6-59f1c81d4b00\/\" rel=\"attachment wp-att-247533\"><img loading=\"lazy\" decoding=\"async\" class=\"wp-image-247533 aligncenter\" src=\"https:\/\/www.radiopiu.net\/wordpress\/wp-content\/uploads\/2021\/12\/7e4dcf0d-ae61-466b-9ba6-59f1c81d4b00.jpg\" alt=\"\" width=\"257\" height=\"365\" srcset=\"https:\/\/www.radiopiu.net\/wordpress\/wp-content\/uploads\/2021\/12\/7e4dcf0d-ae61-466b-9ba6-59f1c81d4b00.jpg 722w, https:\/\/www.radiopiu.net\/wordpress\/wp-content\/uploads\/2021\/12\/7e4dcf0d-ae61-466b-9ba6-59f1c81d4b00-212x300.jpg 212w\" sizes=\"auto, (max-width: 257px) 100vw, 257px\" \/><\/a><\/p><\/blockquote>\n<p><strong><a href=\"https:\/\/www.radiopiu.net\/wordpress\/baileyaa\/th-276\/\" rel=\"attachment wp-att-249629\"><img loading=\"lazy\" decoding=\"async\" class=\"wp-image-249629 alignleft\" src=\"https:\/\/www.radiopiu.net\/wordpress\/wp-content\/uploads\/2021\/12\/th-13.jpg\" alt=\"\" width=\"118\" height=\"118\" srcset=\"https:\/\/www.radiopiu.net\/wordpress\/wp-content\/uploads\/2021\/12\/th-13.jpg 236w, https:\/\/www.radiopiu.net\/wordpress\/wp-content\/uploads\/2021\/12\/th-13-150x150.jpg 150w\" sizes=\"auto, (max-width: 118px) 100vw, 118px\" \/><\/a>INTERVISTA A ROBERTA CONEDERA\u00a0<\/strong><\/p>\n<p><strong>DI CLAUDIO FONTANIVE\u00a0<\/strong><\/p>\n<p><strong>AUDIO\u00a0<\/strong><\/p>\n<audio class=\"wp-audio-shortcode\" id=\"audio-249524-6\" preload=\"none\" style=\"width: 100%;\" controls=\"controls\"><source type=\"audio\/mpeg\" src=\"https:\/\/www.radiopiu.net\/wordpress\/wp-content\/uploads\/2021\/12\/roberta-condera-21-dicembre.mp3?_=6\" \/><a href=\"https:\/\/www.radiopiu.net\/wordpress\/wp-content\/uploads\/2021\/12\/roberta-condera-21-dicembre.mp3\">https:\/\/www.radiopiu.net\/wordpress\/wp-content\/uploads\/2021\/12\/roberta-condera-21-dicembre.mp3<\/a><\/audio>\n<p>&nbsp;<\/p>\n<p>&nbsp;<\/p>\n<hr \/>\n<p>&nbsp;<\/p>\n<div>\n<div class=\"b654a4as d2edcug0\">\n<div class=\"rq0escxv hkbzh7o3 jwdofwj8 n8tt0mok r8blr3vg hyh9befq\">\n<p><a class=\"dt-pswp-item\" href=\"https:\/\/www.radiopiu.net\/wordpress\/wp-content\/uploads\/2020\/10\/pp.jpg\" data-dt-img-description=\"\" data-large_image_width=\"640\" data-large_image_height=\"640\"><img loading=\"lazy\" decoding=\"async\" class=\"wp-image-163678 alignleft\" src=\"https:\/\/www.radiopiu.net\/wordpress\/wp-content\/uploads\/2020\/10\/pp-300x300.jpg\" alt=\"\" width=\"106\" height=\"106\" srcset=\"https:\/\/www.radiopiu.net\/wordpress\/wp-content\/uploads\/2020\/10\/pp-300x300.jpg 300w, https:\/\/www.radiopiu.net\/wordpress\/wp-content\/uploads\/2020\/10\/pp-150x150.jpg 150w, https:\/\/www.radiopiu.net\/wordpress\/wp-content\/uploads\/2020\/10\/pp-125x125.jpg 125w, https:\/\/www.radiopiu.net\/wordpress\/wp-content\/uploads\/2020\/10\/pp-200x200.jpg 200w, https:\/\/www.radiopiu.net\/wordpress\/wp-content\/uploads\/2020\/10\/pp-80x80.jpg 80w, https:\/\/www.radiopiu.net\/wordpress\/wp-content\/uploads\/2020\/10\/pp-480x480.jpg 480w, https:\/\/www.radiopiu.net\/wordpress\/wp-content\/uploads\/2020\/10\/pp.jpg 640w\" sizes=\"auto, (max-width: 106px) 100vw, 106px\" \/><\/a><\/p>\n<\/div>\n<\/div>\n<\/div>\n<div>\n<div class=\"page-title-head hgroup\">\n<div class=\"page-title-head hgroup\">\n<div class=\"b654a4as d2edcug0\">\n<div class=\"j83agx80 btwxx1t3 lhclo0ds hop8lmos nkwizq5d scwd0bx6 roh60bw9\">\n<div class=\"rq0escxv hkbzh7o3 jwdofwj8 n8tt0mok r8blr3vg hyh9befq\">\n<div class=\"do00u71z l9j0dhe7 k4urcfbm\">\n<h2><span style=\"color: #000080;\">DON CESARE, IL PENSIERO DEL GIORNO. ALLA RADIO ALLE 7 DEL MATTINO E ALLE 19.30 DELLA SERA.\u00a0\u00a0<\/span><\/h2>\n<p>&nbsp;<\/p>\n<p>&nbsp;<\/p>\n<\/div>\n<div class=\"do00u71z l9j0dhe7 k4urcfbm\">\n<audio class=\"wp-audio-shortcode\" id=\"audio-249524-7\" preload=\"none\" style=\"width: 100%;\" controls=\"controls\"><source type=\"audio\/mpeg\" src=\"https:\/\/www.radiopiu.net\/wordpress\/wp-content\/uploads\/2021\/12\/CESARE-7.mp3?_=7\" \/><a href=\"https:\/\/www.radiopiu.net\/wordpress\/wp-content\/uploads\/2021\/12\/CESARE-7.mp3\">https:\/\/www.radiopiu.net\/wordpress\/wp-content\/uploads\/2021\/12\/CESARE-7.mp3<\/a><\/audio>\n<p>&nbsp;<\/p>\n<p>&nbsp;<\/p>\n<p>&nbsp;<\/p>\n<hr \/>\n<p>&nbsp;<\/p>\n<blockquote class=\"wp-embedded-content\" data-secret=\"rZwdzA018k\"><p><a href=\"https:\/\/www.radiopiu.net\/wordpress\/la-valle-agordina-320-anni-dalla-boa-del-1701-quarta-parte-di-6\/\">LA VALLE AGORDINA &#8211; 320 anni dalla BOA del 1701  QUARTA PARTE di 6<\/a><\/p><\/blockquote>\n<p><iframe loading=\"lazy\" class=\"wp-embedded-content\" sandbox=\"allow-scripts\" security=\"restricted\" style=\"position: absolute; clip: rect(1px, 1px, 1px, 1px);\" title=\"&#8220;LA VALLE AGORDINA &#8211; 320 anni dalla BOA del 1701  QUARTA PARTE di 6&#8221; &#8212; Radio Pi\u00f9\" src=\"https:\/\/www.radiopiu.net\/wordpress\/la-valle-agordina-320-anni-dalla-boa-del-1701-quarta-parte-di-6\/embed\/#?secret=rZwdzA018k\" data-secret=\"rZwdzA018k\" width=\"600\" height=\"338\" frameborder=\"0\" marginwidth=\"0\" marginheight=\"0\" scrolling=\"no\"><\/iframe><\/p>\n<p>&nbsp;<\/p>\n<hr \/>\n<p>&nbsp;<\/p>\n<blockquote>\n<h3>IL TIRANNOSAURO CHE DISTRIBUISCE LE CARAMELLE AI BAMBINI<\/h3>\n<\/blockquote>\n<p>&nbsp;<\/p>\n<blockquote>\n<h3><em>Dino da Belluno \u00e8 il fenomeno del momento<\/em><\/h3>\n<\/blockquote>\n<p><strong>BELLUNO<\/strong> Ovunque\u00a0 Babbo Natale,\u00a0 con anticipo ogni tanto La Befana, ma a Belluno c&#8217;\u00e8 di pi\u00f9: il tirannosauro fotografato mentre faceva la spesa al supermercato oppure in centro\u00a0 tra le casette del brul\u00e8 o sul liston, a distribuire caramelle ai bambini.\u00a0 Dino rispetta la gente. In tanti a chiedersi chi sia il misterioso personaggio, del quale si vedono solo le scarpe da ginnastica\u00a0 sotto il costume. pagina facebook DINO DA BELLUNO<\/p>\n<div style=\"width: 480px;\" class=\"wp-video\"><video class=\"wp-video-shortcode\" id=\"video-249524-3\" width=\"480\" height=\"848\" preload=\"metadata\" controls=\"controls\"><source type=\"video\/mp4\" src=\"https:\/\/www.radiopiu.net\/wordpress\/wp-content\/uploads\/2021\/12\/WhatsApp-Video-2021-12-18-at-15.46.08.mp4?_=3\" \/><a href=\"https:\/\/www.radiopiu.net\/wordpress\/wp-content\/uploads\/2021\/12\/WhatsApp-Video-2021-12-18-at-15.46.08.mp4\">https:\/\/www.radiopiu.net\/wordpress\/wp-content\/uploads\/2021\/12\/WhatsApp-Video-2021-12-18-at-15.46.08.mp4<\/a><\/video><\/div>\n<p>&nbsp;<\/p>\n<p>&nbsp;<\/p>\n<hr \/>\n<p>&nbsp;<\/p>\n<div>\n<div class=\"page-title-head hgroup\">\n<div class=\"page-title-head hgroup\">\n<div class=\"b654a4as d2edcug0\">\n<div class=\"j83agx80 btwxx1t3 lhclo0ds hop8lmos nkwizq5d scwd0bx6 roh60bw9\">\n<div class=\"rq0escxv hkbzh7o3 jwdofwj8 n8tt0mok r8blr3vg hyh9befq\">\n<div class=\"do00u71z l9j0dhe7 k4urcfbm\">\n<div class=\"ecm0bbzt e5nlhep0 a8c37x1j\">\n<div class=\"kvgmc6g5 cxmmr5t8 oygrvhab hcukyx3x c1et5uql\">\n<div class=\"gmail-kvgmc6g5 gmail-cxmmr5t8 gmail-oygrvhab gmail-hcukyx3x gmail-c1et5uql gmail-ii04i59q\">\n<div class=\"page-title-head hgroup\">\n<div class=\"page-title-head hgroup\">\n<div class=\"b654a4as d2edcug0\">\n<div class=\"j83agx80 btwxx1t3 lhclo0ds hop8lmos nkwizq5d scwd0bx6 roh60bw9\">\n<div class=\"rq0escxv hkbzh7o3 jwdofwj8 n8tt0mok r8blr3vg hyh9befq\">\n<div class=\"do00u71z l9j0dhe7 k4urcfbm\">\n<p>&nbsp;<\/p>\n<h3 class=\"kvgmc6g5 cxmmr5t8 oygrvhab hcukyx3x c1et5uql\"><span style=\"color: #0000ff;\"><strong><a href=\"https:\/\/www.radiopiu.net\/wordpress\/riaperts\/immagine-racconti-di-natale\/\" rel=\"attachment wp-att-247743\"><img loading=\"lazy\" decoding=\"async\" class=\"wp-image-247743 alignleft\" src=\"https:\/\/www.radiopiu.net\/wordpress\/wp-content\/uploads\/2021\/12\/immagine-racconti-di-natale-249x300.jpg\" alt=\"\" width=\"90\" height=\"108\" srcset=\"https:\/\/www.radiopiu.net\/wordpress\/wp-content\/uploads\/2021\/12\/immagine-racconti-di-natale-249x300.jpg 249w, https:\/\/www.radiopiu.net\/wordpress\/wp-content\/uploads\/2021\/12\/immagine-racconti-di-natale-768x925.jpg 768w, https:\/\/www.radiopiu.net\/wordpress\/wp-content\/uploads\/2021\/12\/immagine-racconti-di-natale.jpg 771w\" sizes=\"auto, (max-width: 90px) 100vw, 90px\" \/><\/a>INFORMAZIONE il canale su TELEGRAM informazione di prima mano e in tempo reale. iscriviti ed aiutaci a farlo conoscere\u00a0<\/strong><\/span><\/h3>\n<blockquote>\n<h3><span style=\"color: #ff0000;\">I RACCONTI DI NATALE DI LUISA ALCHINI, DA MARTEDI AL 24 DICEMBRE TUTTI I GIORNI ALLE 10.05 E ALLE 20.20&#8230; SU RADIO PIU<\/span><\/h3>\n<\/blockquote>\n<p><strong>RACCONTO 1 14 DICEMBRE<\/strong><\/p>\n<audio class=\"wp-audio-shortcode\" id=\"audio-249524-8\" preload=\"none\" style=\"width: 100%;\" controls=\"controls\"><source type=\"audio\/mpeg\" src=\"https:\/\/www.radiopiu.net\/wordpress\/wp-content\/uploads\/2021\/12\/14.mp3?_=8\" \/><a href=\"https:\/\/www.radiopiu.net\/wordpress\/wp-content\/uploads\/2021\/12\/14.mp3\">https:\/\/www.radiopiu.net\/wordpress\/wp-content\/uploads\/2021\/12\/14.mp3<\/a><\/audio>\n<p><strong>RACCONTO 2 15 DICEMBRE\u00a0<\/strong><\/p>\n<audio class=\"wp-audio-shortcode\" id=\"audio-249524-9\" preload=\"none\" style=\"width: 100%;\" controls=\"controls\"><source type=\"audio\/mpeg\" src=\"https:\/\/www.radiopiu.net\/wordpress\/wp-content\/uploads\/2021\/12\/15.mp3?_=9\" \/><a href=\"https:\/\/www.radiopiu.net\/wordpress\/wp-content\/uploads\/2021\/12\/15.mp3\">https:\/\/www.radiopiu.net\/wordpress\/wp-content\/uploads\/2021\/12\/15.mp3<\/a><\/audio>\n<p><strong>RACCONTO 3 16 DICEMBRE<\/strong><\/p>\n<audio class=\"wp-audio-shortcode\" id=\"audio-249524-10\" preload=\"none\" style=\"width: 100%;\" controls=\"controls\"><source type=\"audio\/mpeg\" src=\"https:\/\/www.radiopiu.net\/wordpress\/wp-content\/uploads\/2021\/12\/16.mp3?_=10\" \/><a href=\"https:\/\/www.radiopiu.net\/wordpress\/wp-content\/uploads\/2021\/12\/16.mp3\">https:\/\/www.radiopiu.net\/wordpress\/wp-content\/uploads\/2021\/12\/16.mp3<\/a><\/audio>\n<p><strong>RACCONTO 4 17 DICEMBRE<\/strong><\/p>\n<audio class=\"wp-audio-shortcode\" id=\"audio-249524-11\" preload=\"none\" style=\"width: 100%;\" controls=\"controls\"><source type=\"audio\/mpeg\" src=\"https:\/\/www.radiopiu.net\/wordpress\/wp-content\/uploads\/2021\/12\/17.mp3?_=11\" \/><a href=\"https:\/\/www.radiopiu.net\/wordpress\/wp-content\/uploads\/2021\/12\/17.mp3\">https:\/\/www.radiopiu.net\/wordpress\/wp-content\/uploads\/2021\/12\/17.mp3<\/a><\/audio>\n<p><strong>RACCONTO 5 18 DICEMBRE<\/strong><\/p>\n<audio class=\"wp-audio-shortcode\" id=\"audio-249524-12\" preload=\"none\" style=\"width: 100%;\" controls=\"controls\"><source type=\"audio\/mpeg\" src=\"https:\/\/www.radiopiu.net\/wordpress\/wp-content\/uploads\/2021\/12\/racconto-natale-sabato-18-dicembre.mp3?_=12\" \/><a href=\"https:\/\/www.radiopiu.net\/wordpress\/wp-content\/uploads\/2021\/12\/racconto-natale-sabato-18-dicembre.mp3\">https:\/\/www.radiopiu.net\/wordpress\/wp-content\/uploads\/2021\/12\/racconto-natale-sabato-18-dicembre.mp3<\/a><\/audio>\n<p><strong>RACCONTO 6 20 DICEMBRE\u00a0<\/strong><\/p>\n<audio class=\"wp-audio-shortcode\" id=\"audio-249524-13\" preload=\"none\" style=\"width: 100%;\" controls=\"controls\"><source type=\"audio\/mpeg\" src=\"https:\/\/www.radiopiu.net\/wordpress\/wp-content\/uploads\/2021\/12\/racconta-natale-lunedi-20-dcembre.mp3?_=13\" \/><a href=\"https:\/\/www.radiopiu.net\/wordpress\/wp-content\/uploads\/2021\/12\/racconta-natale-lunedi-20-dcembre.mp3\">https:\/\/www.radiopiu.net\/wordpress\/wp-content\/uploads\/2021\/12\/racconta-natale-lunedi-20-dcembre.mp3<\/a><\/audio>\n<p><strong>\u00a0RACCONTO 7 21 DICEMBRE\u00a0\u00a0<\/strong><\/p>\n<audio class=\"wp-audio-shortcode\" id=\"audio-249524-14\" preload=\"none\" style=\"width: 100%;\" controls=\"controls\"><source type=\"audio\/mpeg\" src=\"https:\/\/www.radiopiu.net\/wordpress\/wp-content\/uploads\/2021\/12\/racconti-natale-21-dicembre.mp3?_=14\" \/><a href=\"https:\/\/www.radiopiu.net\/wordpress\/wp-content\/uploads\/2021\/12\/racconti-natale-21-dicembre.mp3\">https:\/\/www.radiopiu.net\/wordpress\/wp-content\/uploads\/2021\/12\/racconti-natale-21-dicembre.mp3<\/a><\/audio>\n<p>&nbsp;<\/p>\n<p>&nbsp;<\/p>\n<hr \/>\n<blockquote>\n<h3><\/h3>\n<h3>IN VIVO VERSO, SETTIMA STAGIONE CON BRUNELLA MORO, DAL LUNEDI AL VENERDI ALLE 7.10, 10.10 E 18.50<\/h3>\n<h3>DISORDINE di CINZIA TANZINI GESSA<\/h3>\n<\/blockquote>\n<p><strong>AUDIO<\/strong><\/p>\n<audio class=\"wp-audio-shortcode\" id=\"audio-249524-15\" preload=\"none\" style=\"width: 100%;\" controls=\"controls\"><source type=\"audio\/mpeg\" src=\"https:\/\/www.radiopiu.net\/wordpress\/wp-content\/uploads\/2021\/12\/02-CINZIA-TANZINI-GESSA_DISORDINE.mp3?_=15\" \/><a href=\"https:\/\/www.radiopiu.net\/wordpress\/wp-content\/uploads\/2021\/12\/02-CINZIA-TANZINI-GESSA_DISORDINE.mp3\">https:\/\/www.radiopiu.net\/wordpress\/wp-content\/uploads\/2021\/12\/02-CINZIA-TANZINI-GESSA_DISORDINE.mp3<\/a><\/audio>\n<p>&nbsp;<\/p>\n<p><a href=\"https:\/\/www.radiopiu.net\/wordpress\/giornale-radiopiu-22-dicembre-2021-direttore-mirko-mezzacasa\/789e8c0a-60bc-4262-95b3-fd56086109d0\/\" rel=\"attachment wp-att-249634\"><img loading=\"lazy\" decoding=\"async\" class=\" wp-image-249634 alignleft\" src=\"https:\/\/www.radiopiu.net\/wordpress\/wp-content\/uploads\/2021\/12\/789e8c0a-60bc-4262-95b3-fd56086109d0-239x300.jpg\" alt=\"\" width=\"118\" height=\"148\" srcset=\"https:\/\/www.radiopiu.net\/wordpress\/wp-content\/uploads\/2021\/12\/789e8c0a-60bc-4262-95b3-fd56086109d0-239x300.jpg 239w, https:\/\/www.radiopiu.net\/wordpress\/wp-content\/uploads\/2021\/12\/789e8c0a-60bc-4262-95b3-fd56086109d0.jpg 719w\" sizes=\"auto, (max-width: 118px) 100vw, 118px\" \/><\/a>DISORDINE<\/p>\n<p>Ci sono giorni in cui tutto \u00e8 in disordine.<br \/>\nI capelli.<br \/>\nIl letto.<br \/>\nLe parole.<br \/>\nI pensieri.<br \/>\nLa vita.<br \/>\n&#8230;.ma poi tutto andr\u00e0 a posto&#8230;tutto sar\u00e0 di nuovo in ordine.<br \/>\nBisogna solo capire quando.<\/p>\n<p><strong>LA RACCOLTA COMPLETA\u00a0 \u00a0<\/strong><\/p>\n<blockquote class=\"wp-embedded-content\" data-secret=\"H1q56xXcDp\"><p><a href=\"https:\/\/www.radiopiu.net\/wordpress\/in-vivo-verso\/\">In Vivo Verso<\/a><\/p><\/blockquote>\n<p><iframe loading=\"lazy\" class=\"wp-embedded-content\" sandbox=\"allow-scripts\" security=\"restricted\" style=\"position: absolute; clip: rect(1px, 1px, 1px, 1px);\" title=\"&#8220;In Vivo Verso&#8221; &#8212; Radio Pi\u00f9\" src=\"https:\/\/www.radiopiu.net\/wordpress\/in-vivo-verso\/embed\/#?secret=H1q56xXcDp\" data-secret=\"H1q56xXcDp\" width=\"600\" height=\"338\" frameborder=\"0\" marginwidth=\"0\" marginheight=\"0\" scrolling=\"no\"><\/iframe><\/p>\n<p>&nbsp;<\/p>\n<div>\n<div class=\"page-title-head hgroup\">\n<div class=\"page-title-head hgroup\">\n<div class=\"b654a4as d2edcug0\">\n<div class=\"j83agx80 btwxx1t3 lhclo0ds hop8lmos nkwizq5d scwd0bx6 roh60bw9\">\n<div class=\"rq0escxv hkbzh7o3 jwdofwj8 n8tt0mok r8blr3vg hyh9befq\">\n<div class=\"do00u71z l9j0dhe7 k4urcfbm\">\n<div class=\"ecm0bbzt e5nlhep0 a8c37x1j\">\n<div class=\"kvgmc6g5 cxmmr5t8 oygrvhab hcukyx3x c1et5uql\">\n<div class=\"gmail-kvgmc6g5 gmail-cxmmr5t8 gmail-oygrvhab gmail-hcukyx3x gmail-c1et5uql gmail-ii04i59q\">\n<div class=\"page-title-head hgroup\">\n<div class=\"page-title-head hgroup\">\n<div class=\"b654a4as d2edcug0\">\n<div class=\"j83agx80 btwxx1t3 lhclo0ds hop8lmos nkwizq5d scwd0bx6 roh60bw9\">\n<div class=\"rq0escxv hkbzh7o3 jwdofwj8 n8tt0mok r8blr3vg hyh9befq\">\n<div class=\"do00u71z l9j0dhe7 k4urcfbm\">\n<p>&nbsp;<\/p>\n<\/div>\n<\/div>\n<\/div>\n<\/div>\n<\/div>\n<\/div>\n<\/div>\n<\/div>\n<\/div>\n<\/div>\n<\/div>\n<\/div>\n<\/div>\n<\/div>\n<\/div>\n<\/div>\n<hr \/>\n<p>&nbsp;<\/p>\n<p><span style=\"color: #0000ff;\">MUSICA PIU&#8217;\u00a0<\/span><\/p>\n<p><a href=\"https:\/\/www.radiopiu.net\/wordpress\/giornale-radiopiu-20-settembre-2021-direttore-mirko-mezzacasa\/pp-79\/\" rel=\"attachment wp-att-232921\"><img loading=\"lazy\" decoding=\"async\" class=\"wp-image-232921 alignleft\" src=\"https:\/\/www.radiopiu.net\/wordpress\/wp-content\/uploads\/2021\/09\/pp-1-300x300.jpg\" alt=\"\" width=\"135\" height=\"135\" srcset=\"https:\/\/www.radiopiu.net\/wordpress\/wp-content\/uploads\/2021\/09\/pp-1-300x300.jpg 300w, https:\/\/www.radiopiu.net\/wordpress\/wp-content\/uploads\/2021\/09\/pp-1-150x150.jpg 150w, https:\/\/www.radiopiu.net\/wordpress\/wp-content\/uploads\/2021\/09\/pp-1.jpg 640w\" sizes=\"auto, (max-width: 135px) 100vw, 135px\" \/><\/a><\/p>\n<div class=\"mkdf-post-text\">\n<div class=\"mkdf-post-text-inner\">\n<div class=\"mkdf-post-text-main\">\n<div class=\"mkdf-post-text\">\n<div class=\"mkdf-post-text-inner\">\n<div class=\"mkdf-post-text-main\">\n<div class=\"mkdf-post-text\">\n<div class=\"mkdf-post-text-inner\">\n<div class=\"mkdf-post-text-main\">\n<div class=\"page-title-head hgroup\">\n<div class=\"page-title-head hgroup\">\n<div class=\"mkdf-post-text\">\n<div class=\"mkdf-post-text-inner\">\n<div class=\"mkdf-post-text-main\">\n<div class=\"mkdf-post-text\">\n<div class=\"mkdf-post-text-inner\">\n<div class=\"mkdf-post-text-main\">\n<div class=\"page-title-head hgroup\">\n<div class=\"page-title-head hgroup\">\n<div class=\"page-title-head hgroup\">\n<div class=\"page-title-head hgroup\">\n<div class=\"b654a4as d2edcug0\">\n<div class=\"page-title-head hgroup\">\n<div class=\"page-title-head hgroup\">\n<div class=\"page-title-head hgroup\">\n<div class=\"page-title-head hgroup\">\n<div class=\"b654a4as d2edcug0\">\n<div class=\"page-title-head hgroup\">\n<div class=\"page-title-head hgroup\">\n<div class=\"page-title-head hgroup\">\n<div class=\"page-title-head hgroup\">\n<div class=\"b654a4as d2edcug0\">\n<div class=\"mkdf-post-text\">\n<div class=\"mkdf-post-text-inner\">\n<div class=\"mkdf-post-text-main\">\n<div class=\"mkdf-post-text\">\n<div class=\"mkdf-post-text-inner\">\n<div class=\"mkdf-post-text-main\">\n<div class=\"mkdf-post-text\">\n<div class=\"mkdf-post-text-inner\">\n<div class=\"mkdf-post-text-main\">\n<div class=\"page-title-head hgroup\">\n<div class=\"page-title-head hgroup\">\n<div class=\"mkdf-post-text\">\n<div class=\"mkdf-post-text-inner\">\n<div class=\"mkdf-post-text-main\">\n<div class=\"mkdf-post-text\">\n<div class=\"mkdf-post-text-inner\">\n<div class=\"mkdf-post-text-main\">\n<div class=\"page-title-head hgroup\">\n<div class=\"page-title-head hgroup\">\n<div class=\"page-title-head hgroup\">\n<div class=\"page-title-head hgroup\">\n<div class=\"b654a4as d2edcug0\">\n<div class=\"page-title-head hgroup\">\n<div class=\"page-title-head hgroup\">\n<div class=\"page-title-head hgroup\">\n<div class=\"page-title-head hgroup\">\n<div class=\"b654a4as d2edcug0\">\n<div class=\"page-title-head hgroup\">\n<div class=\"page-title-head hgroup\">\n<div class=\"page-title-head hgroup\">\n<div class=\"page-title-head hgroup\">\n<div class=\"b654a4as d2edcug0\">\n<div><\/div>\n<div><\/div>\n<div>\n<p><strong>MUSICA ALLA RADIO, IL PROGRAMMA DI LORIS SCUSSEL &#8220;COLLAGE OPERAZIONE NOSTALGIA&#8221; DAL LUNEDI AL VENERDI ALLE 16.00\u00a0 E ALLE 23\u00a0<\/strong><\/p>\n<\/div>\n<p>&nbsp;<\/p>\n<p><strong>PUNTATA 502<\/strong><\/p>\n<audio class=\"wp-audio-shortcode\" id=\"audio-249524-16\" preload=\"none\" style=\"width: 100%;\" controls=\"controls\"><source type=\"audio\/mpeg\" src=\"https:\/\/www.radiopiu.net\/wordpress\/wp-content\/uploads\/2021\/12\/Collage-502.mp3?_=16\" \/><a href=\"https:\/\/www.radiopiu.net\/wordpress\/wp-content\/uploads\/2021\/12\/Collage-502.mp3\">https:\/\/www.radiopiu.net\/wordpress\/wp-content\/uploads\/2021\/12\/Collage-502.mp3<\/a><\/audio>\n<p>&nbsp;<\/p>\n<h3>SUPERATE LE 500 PUNTATE DI COLLAGE<\/h3>\n<blockquote><p><strong><a href=\"https:\/\/www.radiopiu.net\/wordpress\/superate-le-500-puntate-di-collage\/happy-xmas\/\" rel=\"attachment wp-att-249162\"><img loading=\"lazy\" decoding=\"async\" class=\"size-full wp-image-249162 alignleft\" src=\"https:\/\/www.radiopiu.net\/wordpress\/wp-content\/uploads\/2021\/12\/Happy-Xmas.jpg\" alt=\"\" width=\"225\" height=\"225\" srcset=\"https:\/\/www.radiopiu.net\/wordpress\/wp-content\/uploads\/2021\/12\/Happy-Xmas.jpg 225w, https:\/\/www.radiopiu.net\/wordpress\/wp-content\/uploads\/2021\/12\/Happy-Xmas-150x150.jpg 150w\" sizes=\"auto, (max-width: 225px) 100vw, 225px\" \/><\/a> <\/strong><\/p>\n<p><strong>\u00a0<\/strong><\/p>\n<p><strong>di Loris Scussel<\/strong><\/p>\n<p>Superata quota 500 puntate Collage si avvicina al Natale celebrando una canzone trasmessa in tutte le radio in questi giorni \u201cHappy Xmas ( War is over)\u201d che John Lennon assieme a Yoko Ono scrisse nel 1971 ispirandosi ad un vecchio brano folk tradizionale \u201cStewball\u201d che avremo occasione di ascoltare questa settimana assieme a tante altre proposte. Collage va in onda dal luned\u00ec al venerd\u00ec alle 16:00 e alle 23:00. Buon ascolto e soprattutto Buon Natale ai nostri ascoltatori.<\/p><\/blockquote>\n<p>&nbsp;<\/p>\n<\/div>\n<\/div>\n<\/div>\n<\/div>\n<\/div>\n<\/div>\n<\/div>\n<\/div>\n<\/div>\n<\/div>\n<\/div>\n<\/div>\n<\/div>\n<\/div>\n<\/div>\n<\/div>\n<\/div>\n<\/div>\n<\/div>\n<\/div>\n<\/div>\n<\/div>\n<\/div>\n<\/div>\n<\/div>\n<\/div>\n<\/div>\n<\/div>\n<\/div>\n<\/div>\n<\/div>\n<\/div>\n<\/div>\n<\/div>\n<\/div>\n<\/div>\n<\/div>\n<\/div>\n<\/div>\n<\/div>\n<\/div>\n<\/div>\n<\/div>\n<\/div>\n<\/div>\n<\/div>\n<\/div>\n<\/div>\n<\/div>\n<\/div>\n<\/div>\n<\/div>\n<\/div>\n<\/div>\n<\/div>\n<\/div>\n<\/div>\n<\/div>\n<\/div>\n<\/div>\n<\/div>\n<\/div>\n<\/div>\n<\/div>\n<p>&nbsp;<\/p>\n<p>&nbsp;<\/p>\n<hr \/>\n<p>&nbsp;<\/p>\n<p>&nbsp;<\/p>\n<blockquote class=\"wp-embedded-content\" data-secret=\"PqNGdNsUcJ\"><p><a href=\"https:\/\/www.radiopiu.net\/wordpress\/freemix-la-liberta-musicale-mixata-da-dj-athos-e-raccontata-da-dj-jack\/\">FREEMIX, LA LIBERTA&#8217; MUSICALE MIXATA DA DJ ATHOS E RACCONTATA DA DJ JACK<\/a><\/p><\/blockquote>\n<p><iframe loading=\"lazy\" class=\"wp-embedded-content\" sandbox=\"allow-scripts\" security=\"restricted\" style=\"position: absolute; clip: rect(1px, 1px, 1px, 1px);\" title=\"&#8220;FREEMIX, LA LIBERTA&#8217; MUSICALE MIXATA DA DJ ATHOS E RACCONTATA DA DJ JACK&#8221; &#8212; Radio Pi\u00f9\" src=\"https:\/\/www.radiopiu.net\/wordpress\/freemix-la-liberta-musicale-mixata-da-dj-athos-e-raccontata-da-dj-jack\/embed\/#?secret=PqNGdNsUcJ\" data-secret=\"PqNGdNsUcJ\" width=\"600\" height=\"338\" frameborder=\"0\" marginwidth=\"0\" marginheight=\"0\" scrolling=\"no\"><\/iframe><\/p>\n<p>&nbsp;<\/p>\n<blockquote class=\"wp-embedded-content\" data-secret=\"xg8rFRcj2P\"><p><a href=\"https:\/\/www.radiopiu.net\/wordpress\/da-ieri-alla-radio-in-palinsesto-loris-e-maurizio-con-la-grande-musica\/\">IL BLUES ALLA RADIO &#8230; COME NON L&#8217;AVETE MAI SENTITO PRIMA<\/a><\/p><\/blockquote>\n<p><iframe loading=\"lazy\" class=\"wp-embedded-content\" sandbox=\"allow-scripts\" security=\"restricted\" style=\"position: absolute; clip: rect(1px, 1px, 1px, 1px);\" title=\"&#8220;IL BLUES ALLA RADIO &#8230; COME NON L&#8217;AVETE MAI SENTITO PRIMA&#8221; &#8212; Radio Pi\u00f9\" src=\"https:\/\/www.radiopiu.net\/wordpress\/da-ieri-alla-radio-in-palinsesto-loris-e-maurizio-con-la-grande-musica\/embed\/#?secret=xg8rFRcj2P\" data-secret=\"xg8rFRcj2P\" width=\"600\" height=\"338\" frameborder=\"0\" marginwidth=\"0\" marginheight=\"0\" scrolling=\"no\"><\/iframe><\/p>\n<p>&nbsp;<\/p>\n<hr \/>\n<p>&nbsp;<\/p>\n<blockquote>\n<h3><span style=\"color: #0000ff;\">INFORMAZIONE il canale su TELEGRAM informazione di prima mano e in tempo reale. iscriviti ed aiutaci a farlo conoscere\u00a0\u00a0<\/span><\/h3>\n<\/blockquote>\n<div>\n<div class=\"page-title-head hgroup\">\n<div class=\"page-title-head hgroup\">\n<div class=\"page-title-head hgroup\">\n<div class=\"page-title-head hgroup\">\n<div class=\"b654a4as d2edcug0\">\n<div class=\"page-title-head hgroup\">\n<div class=\"page-title-head hgroup\">\n<div class=\"page-title-head hgroup\">\n<div class=\"page-title-head hgroup\">\n<div class=\"b654a4as d2edcug0\">\n<div class=\"page-title-head hgroup\">\n<div class=\"page-title-head hgroup\">\n<div class=\"page-title-head hgroup\">\n<div class=\"page-title-head hgroup\">\n<div class=\"page-title-head hgroup\">\n<div class=\"page-title-head hgroup\">\n<div class=\"page-title-head hgroup\">\n<div class=\"page-title-head hgroup\">\n<div class=\"page-title-head hgroup\">\n<div class=\"b654a4as d2edcug0\">\n<div class=\"page-title-head hgroup\">\n<div class=\"page-title-head hgroup\">\n<div class=\"page-title-head hgroup\">\n<div class=\"page-title-head hgroup\">\n<div class=\"b654a4as d2edcug0\">\n<div>\n<p>&nbsp;<\/p>\n<\/div>\n<div>\n<div class=\"page-title-head hgroup\">\n<div class=\"page-title-head hgroup\">\n<div class=\"page-title-head hgroup\">\n<div class=\"page-title-head hgroup\">\n<div class=\"page-title-head hgroup\">\n<div class=\"b654a4as d2edcug0\">\n<div>\n<hr \/>\n<\/div>\n<\/div>\n<div>\n<div>\n<p>&nbsp;<\/p>\n<\/div>\n<div>\n<div>\n<p>&nbsp;<\/p>\n<\/div>\n<div>\n<div>\n<p><strong>DUE MINUTI UN LIBRO, TUTTI I GIORNI ALLA RADIO ALLE 9.40 E ALLE 17.50<\/strong><\/p>\n<div>\n<div>\n<p><strong>LA RACCOLTA COMPLETA\u00a0\u00a0<\/strong><\/p>\n<\/div>\n<div>\n<blockquote class=\"wp-embedded-content\" data-secret=\"ioEThxRjYw\"><p><a href=\"https:\/\/www.radiopiu.net\/wordpress\/due-minuti-un-libro\/\">Due minuti un libro<\/a><\/p><\/blockquote>\n<p><iframe loading=\"lazy\" class=\"wp-embedded-content\" sandbox=\"allow-scripts\" security=\"restricted\" style=\"position: absolute; clip: rect(1px, 1px, 1px, 1px);\" title=\"&#8220;Due minuti un libro&#8221; &#8212; Radio Pi\u00f9\" src=\"https:\/\/www.radiopiu.net\/wordpress\/due-minuti-un-libro\/embed\/#?secret=ioEThxRjYw\" data-secret=\"ioEThxRjYw\" width=\"600\" height=\"338\" frameborder=\"0\" marginwidth=\"0\" marginheight=\"0\" scrolling=\"no\"><\/iframe><\/p>\n<\/div>\n<\/div>\n<\/div>\n<div class=\"mkdf-post-text\">\n<div class=\"mkdf-post-text-inner\">\n<div class=\"mkdf-post-text-main\">\n<div class=\"mkdf-post-text\">\n<div class=\"mkdf-post-text-inner\">\n<div class=\"mkdf-post-text-main\">\n<div class=\"mkdf-post-text\">\n<div class=\"mkdf-post-text-inner\">\n<div class=\"mkdf-post-text-main\">\n<div class=\"page-title-head hgroup\">\n<div class=\"page-title-head hgroup\">\n<div class=\"mkdf-post-text\">\n<div class=\"mkdf-post-text-inner\">\n<div class=\"mkdf-post-text-main\">\n<div class=\"mkdf-post-text\">\n<div class=\"mkdf-post-text-inner\">\n<div class=\"mkdf-post-text-main\">\n<div class=\"page-title-head hgroup\">\n<div class=\"page-title-head hgroup\">\n<div class=\"page-title-head hgroup\">\n<div class=\"page-title-head hgroup\">\n<div class=\"b654a4as d2edcug0\">\n<div class=\"page-title-head hgroup\">\n<div class=\"page-title-head hgroup\">\n<div class=\"page-title-head hgroup\">\n<div class=\"page-title-head hgroup\">\n<div class=\"b654a4as d2edcug0\">\n<div class=\"page-title-head hgroup\">\n<div class=\"page-title-head hgroup\">\n<div class=\"page-title-head hgroup\">\n<div class=\"page-title-head hgroup\">\n<div class=\"b654a4as d2edcug0\">\n<div>\n<p>&nbsp;<\/p>\n<\/div>\n<div>\n<hr \/>\n<p>&nbsp;<\/p>\n<\/div>\n<h2><span style=\"color: #808000;\">L&#8217;ALMANACCO LADINO\u00a0\u00a0<\/span><\/h2>\n<p><strong>PUNTATA DEL 20 DICEMBRE 2021<\/strong><\/p>\n<audio class=\"wp-audio-shortcode\" id=\"audio-249524-17\" preload=\"none\" style=\"width: 100%;\" controls=\"controls\"><source type=\"audio\/mpeg\" src=\"https:\/\/www.radiopiu.net\/wordpress\/wp-content\/uploads\/2021\/12\/73\u00b0Almanacco-Ladino_Fodom-1.mp3?_=17\" \/><a href=\"https:\/\/www.radiopiu.net\/wordpress\/wp-content\/uploads\/2021\/12\/73\u00b0Almanacco-Ladino_Fodom-1.mp3\">https:\/\/www.radiopiu.net\/wordpress\/wp-content\/uploads\/2021\/12\/73\u00b0Almanacco-Ladino_Fodom-1.mp3<\/a><\/audio>\n<p><strong>LA RACCOLTA<\/strong><\/p>\n<blockquote class=\"wp-embedded-content\" data-secret=\"jVj1iQrsfh\"><p><a href=\"https:\/\/www.radiopiu.net\/wordpress\/almanacco-ladino\/\">Almanacco Ladino<\/a><\/p><\/blockquote>\n<p><iframe loading=\"lazy\" class=\"wp-embedded-content\" sandbox=\"allow-scripts\" security=\"restricted\" style=\"position: absolute; clip: rect(1px, 1px, 1px, 1px);\" title=\"&#8220;Almanacco Ladino&#8221; &#8212; Radio Pi\u00f9\" src=\"https:\/\/www.radiopiu.net\/wordpress\/almanacco-ladino\/embed\/#?secret=jVj1iQrsfh\" data-secret=\"jVj1iQrsfh\" width=\"600\" height=\"338\" frameborder=\"0\" marginwidth=\"0\" marginheight=\"0\" scrolling=\"no\"><\/iframe><\/p>\n<p>&nbsp;<\/p>\n<hr \/>\n<p>&nbsp;<\/p>\n<h2><span style=\"color: #33cccc;\">LA RASSEGNA STAMPA DA L&#8217;AMICO DEL POPOLO<\/span><\/h2>\n<p><strong><a href=\"https:\/\/www.radiopiu.net\/wordpress\/la-rassegna-stampa-da-lamico-del-popolo-18-dicembre-2021\/francesca-gallo-foto-di-raffaella-vismara-1024x580\/\" rel=\"attachment wp-att-249066\"><img loading=\"lazy\" decoding=\"async\" class=\"size-medium wp-image-249066 alignleft\" src=\"https:\/\/www.radiopiu.net\/wordpress\/wp-content\/uploads\/2021\/12\/Francesca-Gallo-foto-di-Raffaella-Vismara-1024x580-1-300x170.jpg\" alt=\"\" width=\"300\" height=\"170\" srcset=\"https:\/\/www.radiopiu.net\/wordpress\/wp-content\/uploads\/2021\/12\/Francesca-Gallo-foto-di-Raffaella-Vismara-1024x580-1-300x170.jpg 300w, https:\/\/www.radiopiu.net\/wordpress\/wp-content\/uploads\/2021\/12\/Francesca-Gallo-foto-di-Raffaella-Vismara-1024x580-1-768x435.jpg 768w, https:\/\/www.radiopiu.net\/wordpress\/wp-content\/uploads\/2021\/12\/Francesca-Gallo-foto-di-Raffaella-Vismara-1024x580-1.jpg 1024w\" sizes=\"auto, (max-width: 300px) 100vw, 300px\" \/><\/a>di Gianni Santomaso<\/strong><\/p>\n<p>OSPITE: Francesca Gallo, Presidente ISTRESCO<\/p>\n<audio class=\"wp-audio-shortcode\" id=\"audio-249524-18\" preload=\"none\" style=\"width: 100%;\" controls=\"controls\"><source type=\"audio\/mpeg\" src=\"https:\/\/www.radiopiu.net\/wordpress\/wp-content\/uploads\/2021\/12\/RASSEGNA-GIANNI-2.mp3?_=18\" \/><a href=\"https:\/\/www.radiopiu.net\/wordpress\/wp-content\/uploads\/2021\/12\/RASSEGNA-GIANNI-2.mp3\">https:\/\/www.radiopiu.net\/wordpress\/wp-content\/uploads\/2021\/12\/RASSEGNA-GIANNI-2.mp3<\/a><\/audio>\n<p>&nbsp;<\/p>\n<p><strong>LA RACCOLTA COMPLETA<\/strong><\/p>\n<blockquote class=\"wp-embedded-content\" data-secret=\"rCe174m7Kw\"><p><a href=\"https:\/\/www.radiopiu.net\/wordpress\/rassegna-stampa-di-gianni-santomaso\/\">Rassegna stampa da l&#8217;amico del popolo &#8211; di Gianni Santomaso<\/a><\/p><\/blockquote>\n<p><iframe loading=\"lazy\" class=\"wp-embedded-content\" sandbox=\"allow-scripts\" security=\"restricted\" style=\"position: absolute; clip: rect(1px, 1px, 1px, 1px);\" title=\"&#8220;Rassegna stampa da l&#8217;amico del popolo &#8211; di Gianni Santomaso&#8221; &#8212; Radio Pi\u00f9\" src=\"https:\/\/www.radiopiu.net\/wordpress\/rassegna-stampa-di-gianni-santomaso\/embed\/#?secret=rCe174m7Kw\" data-secret=\"rCe174m7Kw\" width=\"600\" height=\"338\" frameborder=\"0\" marginwidth=\"0\" marginheight=\"0\" scrolling=\"no\"><\/iframe><\/p>\n<p>&nbsp;<\/p>\n<hr \/>\n<p>&nbsp;<\/p>\n<h2><span style=\"color: #800080;\">I RACCONTI DI PAOLO SOPPELSA<\/span><\/h2>\n<p><strong>LA RACCOLTA COMPLETA<\/strong><\/p>\n<blockquote class=\"wp-embedded-content\" data-secret=\"XpRNsFnbFM\"><p><a href=\"https:\/\/www.radiopiu.net\/wordpress\/i-racconti-di-paolo-soppelsa\/\">I racconti di Paolo Soppelsa<\/a><\/p><\/blockquote>\n<p><iframe loading=\"lazy\" class=\"wp-embedded-content\" sandbox=\"allow-scripts\" security=\"restricted\" style=\"position: absolute; clip: rect(1px, 1px, 1px, 1px);\" title=\"&#8220;I racconti di Paolo Soppelsa&#8221; &#8212; Radio Pi\u00f9\" src=\"https:\/\/www.radiopiu.net\/wordpress\/i-racconti-di-paolo-soppelsa\/embed\/#?secret=XpRNsFnbFM\" data-secret=\"XpRNsFnbFM\" width=\"600\" height=\"338\" frameborder=\"0\" marginwidth=\"0\" marginheight=\"0\" scrolling=\"no\"><\/iframe><\/p>\n<p>&nbsp;<\/p>\n<hr \/>\n<\/div>\n<div class=\"b654a4as d2edcug0\">\n<p>&nbsp;<\/p>\n<p><a href=\"https:\/\/www.radiopiu.net\/wordpress\/giornale-radiopiu-26-settembre-2018-direttore-mirko-mezzacasa\/viabilita-2\/\" rel=\"attachment wp-att-61954\"><img loading=\"lazy\" decoding=\"async\" class=\"aligncenter wp-image-61954 size-full\" src=\"https:\/\/www.radiopiu.net\/wordpress\/wp-content\/uploads\/2018\/09\/viabilita.jpeg\" sizes=\"auto, (max-width: 800px) 100vw, 800px\" srcset=\"https:\/\/www.radiopiu.net\/wordpress\/wp-content\/uploads\/2018\/09\/viabilita.jpeg 800w, https:\/\/www.radiopiu.net\/wordpress\/wp-content\/uploads\/2018\/09\/viabilita-300x38.jpeg 300w, https:\/\/www.radiopiu.net\/wordpress\/wp-content\/uploads\/2018\/09\/viabilita-768x96.jpeg 768w\" alt=\"\" width=\"800\" height=\"100\" \/><\/a><\/p>\n<div class=\"ecm0bbzt e5nlhep0 a8c37x1j\">\n<div class=\"kvgmc6g5 cxmmr5t8 oygrvhab hcukyx3x c1et5uql\">\n<div class=\"gmail-kvgmc6g5 gmail-cxmmr5t8 gmail-oygrvhab gmail-hcukyx3x gmail-c1et5uql gmail-ii04i59q\">\n<div class=\"page-title-head hgroup\">\n<div class=\"page-title-head hgroup\">\n<div class=\"b654a4as d2edcug0\">\n<div class=\"j83agx80 btwxx1t3 lhclo0ds hop8lmos nkwizq5d scwd0bx6 roh60bw9\">\n<div class=\"rq0escxv hkbzh7o3 jwdofwj8 n8tt0mok r8blr3vg hyh9befq\">\n<div class=\"do00u71z l9j0dhe7 k4urcfbm\">\n<div class=\"page-title-head hgroup\">\n<div class=\"page-title-head hgroup\">\n<div class=\"page-title-head hgroup\">\n<div class=\"page-title-head hgroup\">\n<div class=\"b654a4as d2edcug0\">\n<div class=\"page-title-head hgroup\">\n<div class=\"page-title-head hgroup\">\n<div class=\"page-title-head hgroup\">\n<div class=\"page-title-head hgroup\">\n<div class=\"b654a4as d2edcug0\">\n<div class=\"page-title-head hgroup\">\n<div class=\"page-title-head hgroup\">\n<div class=\"page-title-head hgroup\">\n<div class=\"page-title-head hgroup\">\n<div class=\"page-title-head hgroup\">\n<div class=\"page-title-head hgroup\">\n<div class=\"page-title-head hgroup\">\n<div class=\"page-title-head hgroup\">\n<div class=\"page-title-head hgroup\">\n<div class=\"b654a4as d2edcug0\">\n<div class=\"page-title-head hgroup\">\n<div class=\"page-title-head hgroup\">\n<div class=\"page-title-head hgroup\">\n<div class=\"page-title-head hgroup\">\n<div class=\"b654a4as d2edcug0\">\n<div class=\"page-title-head hgroup\">\n<div class=\"page-title-head hgroup\">\n<div class=\"page-title-head hgroup\">\n<div class=\"page-title-head hgroup\">\n<div class=\"page-title-head hgroup\">\n<div class=\"mkdf-post-text\">\n<div class=\"mkdf-post-text-inner\">\n<div class=\"mkdf-post-text-main\">\n<div class=\"mkdf-post-text\">\n<div class=\"mkdf-post-text-inner\">\n<div class=\"mkdf-post-text-main\">\n<div class=\"mkdf-post-text\">\n<div class=\"mkdf-post-text-inner\">\n<div class=\"mkdf-post-text-main\">\n<div class=\"page-title-head hgroup\">\n<div class=\"page-title-head hgroup\">\n<div class=\"mkdf-post-text\">\n<div class=\"mkdf-post-text-inner\">\n<div class=\"mkdf-post-text-main\">\n<div class=\"mkdf-post-text\">\n<div class=\"mkdf-post-text-inner\">\n<div class=\"mkdf-post-text-main\">\n<div class=\"page-title-head hgroup\">\n<div class=\"page-title-head hgroup\">\n<div class=\"page-title-head hgroup\">\n<div class=\"page-title-head hgroup\">\n<div class=\"b654a4as d2edcug0\">\n<div class=\"page-title-head hgroup\">\n<div class=\"page-title-head hgroup\">\n<div class=\"page-title-head hgroup\">\n<div class=\"page-title-head hgroup\">\n<div class=\"b654a4as d2edcug0\">\n<div class=\"page-title-head hgroup\">\n<div class=\"page-title-head hgroup\">\n<div class=\"page-title-head hgroup\">\n<div class=\"page-title-head hgroup\">\n<div class=\"b654a4as d2edcug0\">\n<div class=\"chat-input\">\n<div class=\"chat-input-container\">\n<div class=\"rows-wrapper chat-input-wrapper\">\n<div class=\"reply-wrapper\">\n<div class=\"btn-menu\">\n<div class=\"btn-menu-item tgico-replace rp\">\n<div class=\"c-ripple\">\n<div class=\"bubbles scrolled-down\">\n<div class=\"scrollable scrollable-y\">\n<div class=\"bubbles-inner has-rights is-chat is-channel\">\n<div class=\"bubbles-date-group\">\n<div class=\"bubble hide-name is-out can-have-tail is-group-first is-group-last is-read\" data-mid=\"5377294335\" data-peer-id=\"-1478820725\" data-timestamp=\"1638437407\">\n<div class=\"bubble-content-wrapper\">\n<div class=\"bubble-content\">\n<p class=\"message\" dir=\"auto\"><strong>\u00a0<\/strong><\/p>\n<\/div>\n<\/div>\n<\/div>\n<\/div>\n<\/div>\n<\/div>\n<\/div>\n<\/div>\n<\/div>\n<\/div>\n<\/div>\n<\/div>\n<\/div>\n<\/div>\n<\/div>\n<\/div>\n<\/div>\n<\/div>\n<\/div>\n<\/div>\n<\/div>\n<\/div>\n<\/div>\n<\/div>\n<\/div>\n<\/div>\n<\/div>\n<\/div>\n<\/div>\n<\/div>\n<\/div>\n<\/div>\n<\/div>\n<\/div>\n<\/div>\n<\/div>\n<\/div>\n<\/div>\n<\/div>\n<\/div>\n<\/div>\n<\/div>\n<\/div>\n<\/div>\n<\/div>\n<\/div>\n<\/div>\n<\/div>\n<\/div>\n<\/div>\n<\/div>\n<\/div>\n<\/div>\n<\/div>\n<\/div>\n<\/div>\n<\/div>\n<\/div>\n<\/div>\n<\/div>\n<\/div>\n<\/div>\n<\/div>\n<\/div>\n<\/div>\n<\/div>\n<\/div>\n<\/div>\n<\/div>\n<\/div>\n<\/div>\n<\/div>\n<\/div>\n<\/div>\n<\/div>\n<\/div>\n<\/div>\n<\/div>\n<\/div>\n<\/div>\n<\/div>\n<\/div>\n<\/div>\n<\/div>\n<\/div>\n<\/div>\n<\/div>\n<\/div>\n<\/div>\n<\/div>\n<\/div>\n<\/div>\n<\/div>\n<\/div>\n<\/div>\n<\/div>\n<\/div>\n<\/div>\n<\/div>\n<\/div>\n<\/div>\n<\/div>\n<\/div>\n<\/div>\n<\/div>\n<\/div>\n<\/div>\n<\/div>\n<\/div>\n<\/div>\n<\/div>\n<\/div>\n<\/div>\n<\/div>\n<\/div>\n<\/div>\n<\/div>\n<\/div>\n<\/div>\n<\/div>\n<\/div>\n<\/div>\n<\/div>\n<\/div>\n<\/div>\n<\/div>\n<\/div>\n<\/div>\n<\/div>\n<\/div>\n<\/div>\n<\/div>\n<\/div>\n<\/div>\n<\/div>\n<\/div>\n<\/div>\n<\/div>\n<\/div>\n<\/div>\n<\/div>\n<\/div>\n<\/div>\n<\/div>\n<\/div>\n<\/div>\n<\/div>\n<\/div>\n<\/div>\n<\/div>\n<\/div>\n<\/div>\n<\/div>\n<\/div>\n<\/div>\n<\/div>\n<\/div>\n<\/div>\n<\/div>\n<\/div>\n<\/div>\n<\/div>\n<\/div>\n<\/div>\n<\/div>\n<\/div>\n<\/div>\n<\/div>\n<div>\n<div class=\"page-title-head hgroup\">\n<div class=\"page-title-head hgroup\">\n<div class=\"b654a4as d2edcug0\">\n<div class=\"j83agx80 btwxx1t3 lhclo0ds hop8lmos nkwizq5d scwd0bx6 roh60bw9\">\n<div class=\"rq0escxv hkbzh7o3 jwdofwj8 n8tt0mok r8blr3vg hyh9befq\">\n<div class=\"do00u71z l9j0dhe7 k4urcfbm\">\n<div class=\"ecm0bbzt e5nlhep0 a8c37x1j\">\n<div class=\"kvgmc6g5 cxmmr5t8 oygrvhab hcukyx3x c1et5uql\">\n<div class=\"gmail-kvgmc6g5 gmail-cxmmr5t8 gmail-oygrvhab gmail-hcukyx3x gmail-c1et5uql gmail-ii04i59q\">\n<div class=\"page-title-head hgroup\">\n<div class=\"page-title-head hgroup\">\n<div class=\"b654a4as d2edcug0\">\n<div class=\"j83agx80 btwxx1t3 lhclo0ds hop8lmos nkwizq5d scwd0bx6 roh60bw9\">\n<div class=\"rq0escxv hkbzh7o3 jwdofwj8 n8tt0mok r8blr3vg hyh9befq\">\n<div class=\"do00u71z l9j0dhe7 k4urcfbm\">\n<div class=\"page-title-head hgroup\">\n<div class=\"page-title-head hgroup\">\n<div class=\"page-title-head hgroup\">\n<div class=\"page-title-head hgroup\">\n<div class=\"b654a4as d2edcug0\">\n<div class=\"page-title-head hgroup\">\n<div class=\"page-title-head hgroup\">\n<div class=\"page-title-head hgroup\">\n<div class=\"page-title-head hgroup\">\n<div class=\"b654a4as d2edcug0\">\n<div class=\"page-title-head hgroup\">\n<div class=\"page-title-head hgroup\">\n<div class=\"page-title-head hgroup\">\n<div class=\"page-title-head hgroup\">\n<div class=\"page-title-head hgroup\">\n<div class=\"page-title-head hgroup\">\n<div class=\"page-title-head hgroup\">\n<div class=\"page-title-head hgroup\">\n<div class=\"page-title-head hgroup\">\n<div class=\"b654a4as d2edcug0\">\n<div class=\"page-title-head hgroup\">\n<div class=\"page-title-head hgroup\">\n<div class=\"page-title-head hgroup\">\n<div class=\"page-title-head hgroup\">\n<div class=\"b654a4as d2edcug0\">\n<div class=\"page-title-head hgroup\">\n<div class=\"page-title-head hgroup\">\n<div class=\"page-title-head hgroup\">\n<div class=\"page-title-head hgroup\">\n<div class=\"page-title-head hgroup\">\n<div class=\"mkdf-post-text\">\n<div class=\"mkdf-post-text-inner\">\n<div class=\"mkdf-post-text-main\">\n<div class=\"mkdf-post-text\">\n<div class=\"mkdf-post-text-inner\">\n<div class=\"mkdf-post-text-main\">\n<div class=\"mkdf-post-text\">\n<div class=\"mkdf-post-text-inner\">\n<div class=\"mkdf-post-text-main\">\n<div class=\"page-title-head hgroup\">\n<div class=\"page-title-head hgroup\">\n<div class=\"mkdf-post-text\">\n<div class=\"mkdf-post-text-inner\">\n<div class=\"mkdf-post-text-main\">\n<div class=\"mkdf-post-text\">\n<div class=\"mkdf-post-text-inner\">\n<div class=\"mkdf-post-text-main\">\n<div class=\"page-title-head hgroup\">\n<div class=\"page-title-head hgroup\">\n<div class=\"page-title-head hgroup\">\n<div class=\"page-title-head hgroup\">\n<div class=\"b654a4as d2edcug0\">\n<div class=\"page-title-head hgroup\">\n<div class=\"page-title-head hgroup\">\n<div class=\"page-title-head hgroup\">\n<div class=\"page-title-head hgroup\">\n<div class=\"b654a4as d2edcug0\">\n<div class=\"page-title-head hgroup\">\n<div class=\"page-title-head hgroup\">\n<div class=\"page-title-head hgroup\">\n<div class=\"page-title-head hgroup\">\n<div class=\"b654a4as d2edcug0\">\n<div class=\"ecm0bbzt e5nlhep0 a8c37x1j\">\n<div class=\"kvgmc6g5 cxmmr5t8 oygrvhab hcukyx3x c1et5uql\">\n<div class=\"gmail-kvgmc6g5 gmail-cxmmr5t8 gmail-oygrvhab gmail-hcukyx3x gmail-c1et5uql gmail-ii04i59q\">\n<div class=\"page-title-head hgroup\">\n<div class=\"page-title-head hgroup\">\n<div class=\"b654a4as d2edcug0\">\n<div class=\"j83agx80 btwxx1t3 lhclo0ds hop8lmos nkwizq5d scwd0bx6 roh60bw9\">\n<div class=\"rq0escxv hkbzh7o3 jwdofwj8 n8tt0mok r8blr3vg hyh9befq\">\n<div class=\"do00u71z l9j0dhe7 k4urcfbm\">\n<div class=\"page-title-head hgroup\">\n<div class=\"page-title-head hgroup\">\n<div class=\"page-title-head hgroup\">\n<div class=\"page-title-head hgroup\">\n<div class=\"b654a4as d2edcug0\">\n<div class=\"page-title-head hgroup\">\n<div class=\"page-title-head hgroup\">\n<div class=\"page-title-head hgroup\">\n<div class=\"page-title-head hgroup\">\n<div class=\"b654a4as d2edcug0\">\n<div class=\"page-title-head hgroup\">\n<div class=\"page-title-head hgroup\">\n<div class=\"page-title-head hgroup\">\n<div class=\"page-title-head hgroup\">\n<div class=\"page-title-head hgroup\">\n<div class=\"page-title-head hgroup\">\n<div class=\"page-title-head hgroup\">\n<div class=\"page-title-head hgroup\">\n<div class=\"page-title-head hgroup\">\n<div class=\"b654a4as d2edcug0\">\n<div class=\"page-title-head hgroup\">\n<div class=\"page-title-head hgroup\">\n<div class=\"page-title-head hgroup\">\n<div class=\"page-title-head hgroup\">\n<div class=\"b654a4as d2edcug0\">\n<div class=\"page-title-head hgroup\">\n<div class=\"page-title-head hgroup\">\n<div class=\"page-title-head hgroup\">\n<div class=\"page-title-head hgroup\">\n<div class=\"page-title-head hgroup\">\n<div class=\"mkdf-post-text\">\n<div class=\"mkdf-post-text-inner\">\n<div class=\"mkdf-post-text-main\">\n<div class=\"mkdf-post-text\">\n<div class=\"mkdf-post-text-inner\">\n<div class=\"mkdf-post-text-main\">\n<div class=\"mkdf-post-text\">\n<div class=\"mkdf-post-text-inner\">\n<div class=\"mkdf-post-text-main\">\n<div class=\"page-title-head hgroup\">\n<div class=\"page-title-head hgroup\">\n<div class=\"mkdf-post-text\">\n<div class=\"mkdf-post-text-inner\">\n<div class=\"mkdf-post-text-main\">\n<div class=\"mkdf-post-text\">\n<div class=\"mkdf-post-text-inner\">\n<div class=\"mkdf-post-text-main\">\n<div class=\"page-title-head hgroup\">\n<div class=\"page-title-head hgroup\">\n<div class=\"page-title-head hgroup\">\n<div class=\"page-title-head hgroup\">\n<div class=\"b654a4as d2edcug0\">\n<div class=\"page-title-head hgroup\">\n<div class=\"page-title-head hgroup\">\n<div class=\"page-title-head hgroup\">\n<div class=\"page-title-head hgroup\">\n<div class=\"b654a4as d2edcug0\">\n<div class=\"page-title-head hgroup\">\n<div class=\"page-title-head hgroup\">\n<div class=\"page-title-head hgroup\">\n<div class=\"page-title-head hgroup\">\n<div class=\"b654a4as d2edcug0\">\n<blockquote class=\"wp-embedded-content\" data-secret=\"zd1NhN8bjR\"><p><a href=\"https:\/\/www.radiopiu.net\/wordpress\/viabilita\/\">viabilita<\/a><\/p><\/blockquote>\n<p><iframe loading=\"lazy\" class=\"wp-embedded-content\" sandbox=\"allow-scripts\" security=\"restricted\" style=\"position: absolute; clip: rect(1px, 1px, 1px, 1px);\" title=\"&#8220;viabilita&#8221; &#8212; Radio Pi\u00f9\" src=\"https:\/\/www.radiopiu.net\/wordpress\/viabilita\/embed\/#?secret=zd1NhN8bjR\" data-secret=\"zd1NhN8bjR\" width=\"600\" height=\"338\" frameborder=\"0\" marginwidth=\"0\" marginheight=\"0\" scrolling=\"no\"><\/iframe><\/p>\n<p>&nbsp;<\/p>\n<hr \/>\n<p>&nbsp;<\/p>\n<\/div>\n<div class=\"b654a4as d2edcug0\">\n<div class=\"ecm0bbzt e5nlhep0 a8c37x1j\">\n<div class=\"kvgmc6g5 cxmmr5t8 oygrvhab hcukyx3x c1et5uql\">\n<div class=\"gmail-kvgmc6g5 gmail-cxmmr5t8 gmail-oygrvhab gmail-hcukyx3x gmail-c1et5uql gmail-ii04i59q\">\n<div>\n<div class=\"page-title-head hgroup\">\n<div class=\"page-title-head hgroup\">\n<div class=\"b654a4as d2edcug0\">\n<div class=\"j83agx80 btwxx1t3 lhclo0ds hop8lmos nkwizq5d scwd0bx6 roh60bw9\">\n<div class=\"rq0escxv hkbzh7o3 jwdofwj8 n8tt0mok r8blr3vg hyh9befq\">\n<div class=\"do00u71z l9j0dhe7 k4urcfbm\">\n<div>\n<div class=\"page-title-head hgroup\">\n<div class=\"page-title-head hgroup\">\n<div class=\"page-title-head hgroup\">\n<div class=\"page-title-head hgroup\">\n<div class=\"b654a4as d2edcug0\">\n<div class=\"page-title-head hgroup\">\n<div class=\"page-title-head hgroup\">\n<div class=\"page-title-head hgroup\">\n<div class=\"page-title-head hgroup\">\n<div class=\"b654a4as d2edcug0\">\n<div class=\"page-title-head hgroup\">\n<div class=\"page-title-head hgroup\">\n<div class=\"page-title-head hgroup\">\n<div class=\"page-title-head hgroup\">\n<div class=\"page-title-head hgroup\">\n<div class=\"mkdf-post-text\">\n<div class=\"mkdf-post-text-inner\">\n<div class=\"mkdf-post-text-main\">\n<div class=\"mkdf-post-text\">\n<div class=\"mkdf-post-text-inner\">\n<div class=\"mkdf-post-text-main\">\n<div class=\"mkdf-post-text\">\n<div class=\"mkdf-post-text-inner\">\n<div class=\"mkdf-post-text-main\">\n<div class=\"page-title-head hgroup\">\n<div class=\"page-title-head hgroup\">\n<div class=\"mkdf-post-text\">\n<div class=\"mkdf-post-text-inner\">\n<div class=\"mkdf-post-text-main\">\n<div class=\"mkdf-post-text\">\n<div class=\"mkdf-post-text-inner\">\n<div class=\"mkdf-post-text-main\">\n<div>\n<div class=\"page-title-head hgroup\">\n<div class=\"page-title-head hgroup\">\n<div>\n<div class=\"page-title-head hgroup\">\n<div class=\"page-title-head hgroup\">\n<div class=\"b654a4as d2edcug0\">\n<div>\n<div class=\"page-title-head hgroup\" style=\"text-align: left;\">\n<div class=\"page-title-head hgroup\">\n<div dir=\"auto\">\n<p><a class=\"dt-pswp-item pspw-wrap-ready\" href=\"https:\/\/i0.wp.com\/www.radiopiu.net\/wordpress\/wp-content\/uploads\/2018\/09\/WhatsApp-Image-2018-09-20-at-16.04.06.jpeg?ssl=1\" data-dt-img-description=\"\" data-large_image_width=\"800\" data-large_image_height=\"100\"><img loading=\"lazy\" decoding=\"async\" class=\"aligncenter wp-image-61378 size-full jetpack-lazy-image jetpack-lazy-image--handled\" src=\"https:\/\/i0.wp.com\/www.radiopiu.net\/wordpress\/wp-content\/uploads\/2018\/09\/WhatsApp-Image-2018-09-20-at-16.04.06.jpeg?resize=800%2C100&amp;ssl=1\" sizes=\"auto, (max-width: 800px) 100vw, 800px\" srcset=\"https:\/\/i0.wp.com\/www.radiopiu.net\/wordpress\/wp-content\/uploads\/2018\/09\/WhatsApp-Image-2018-09-20-at-16.04.06.jpeg?w=800&amp;ssl=1 800w, https:\/\/i0.wp.com\/www.radiopiu.net\/wordpress\/wp-content\/uploads\/2018\/09\/WhatsApp-Image-2018-09-20-at-16.04.06.jpeg?resize=300%2C38&amp;ssl=1 300w, https:\/\/i0.wp.com\/www.radiopiu.net\/wordpress\/wp-content\/uploads\/2018\/09\/WhatsApp-Image-2018-09-20-at-16.04.06.jpeg?resize=768%2C96&amp;ssl=1 768w\" alt=\"\" width=\"800\" height=\"100\" data-lazy-loaded=\"1\" \/><\/a><\/p>\n<\/div>\n<\/div>\n<\/div>\n<\/div>\n<\/div>\n<\/div>\n<\/div>\n<\/div>\n<\/div>\n<\/div>\n<\/div>\n<\/div>\n<\/div>\n<\/div>\n<\/div>\n<\/div>\n<\/div>\n<\/div>\n<\/div>\n<\/div>\n<\/div>\n<\/div>\n<\/div>\n<\/div>\n<\/div>\n<\/div>\n<\/div>\n<\/div>\n<\/div>\n<\/div>\n<\/div>\n<\/div>\n<\/div>\n<\/div>\n<\/div>\n<\/div>\n<\/div>\n<\/div>\n<\/div>\n<\/div>\n<\/div>\n<\/div>\n<\/div>\n<\/div>\n<p>&nbsp;<\/p>\n<\/div>\n<\/div>\n<\/div>\n<\/div>\n<\/div>\n<\/div>\n<\/div>\n<\/div>\n<\/div>\n<\/div>\n<\/div>\n<\/div>\n<\/div>\n<\/div>\n<\/div>\n<\/div>\n<\/div>\n<\/div>\n<\/div>\n<\/div>\n<\/div>\n<\/div>\n<\/div>\n<\/div>\n<\/div>\n<\/div>\n<\/div>\n<\/div>\n<\/div>\n<\/div>\n<\/div>\n<\/div>\n<\/div>\n<\/div>\n<\/div>\n<\/div>\n<\/div>\n<\/div>\n<\/div>\n<\/div>\n<\/div>\n<\/div>\n<\/div>\n<\/div>\n<\/div>\n<\/div>\n<\/div>\n<\/div>\n<\/div>\n<\/div>\n<\/div>\n<\/div>\n<\/div>\n<\/div>\n<\/div>\n<\/div>\n<\/div>\n<\/div>\n<\/div>\n<\/div>\n<\/div>\n<\/div>\n<\/div>\n<\/div>\n<\/div>\n<\/div>\n<\/div>\n<\/div>\n<\/div>\n<\/div>\n<\/div>\n<\/div>\n<\/div>\n<\/div>\n<\/div>\n<\/div>\n<\/div>\n<\/div>\n<\/div>\n<\/div>\n<\/div>\n<\/div>\n<\/div>\n<\/div>\n<\/div>\n<\/div>\n<\/div>\n<\/div>\n<\/div>\n<\/div>\n<\/div>\n<\/div>\n<\/div>\n<\/div>\n<\/div>\n<\/div>\n<\/div>\n<\/div>\n<\/div>\n<\/div>\n<\/div>\n<\/div>\n<\/div>\n<\/div>\n<\/div>\n<\/div>\n<\/div>\n<\/div>\n<\/div>\n<\/div>\n<\/div>\n<\/div>\n<\/div>\n<\/div>\n<\/div>\n<\/div>\n<\/div>\n<\/div>\n<\/div>\n<\/div>\n<\/div>\n<\/div>\n<\/div>\n<\/div>\n<\/div>\n<\/div>\n<\/div>\n<\/div>\n<\/div>\n<\/div>\n<\/div>\n<\/div>\n<\/div>\n<\/div>\n<\/div>\n<\/div>\n<\/div>\n<\/div>\n<\/div>\n<\/div>\n<\/div>\n<\/div>\n<\/div>\n<\/div>\n<\/div>\n<\/div>\n<\/div>\n<\/div>\n<\/div>\n<\/div>\n<\/div>\n<\/div>\n<\/div>\n<\/div>\n<\/div>\n<\/div>\n<\/div>\n<\/div>\n<\/div>\n<div><center><b>Mercoledi 22<\/b><\/center><b>Tempo atteso: <\/b>Sulle Dolomiti cielo sereno con ottima visibilit\u00e0, sulle Prealpi residue nubi basse stratiformi al mattino, con successivo graduale diradamento della nuvolosit\u00e0, soprattutto nella seconda parte della giornata, quando il cielo tender\u00e0 a divenire generalmente poco nuvoloso su tutte le zone montane. Possibili formazioni di foschie o di qualche banco di nebbia in alcune valli prealpine nelle ore pi\u00f9 fredde.<br \/>\n<b>Precipitazioni: <\/b>Assenti (0%).<br \/>\n<b>Temperature: <\/b>Minime in lieve o contenuto calo specie sulle Prealpi, massime in lieve o contenuto aumento, con lieve inversione termica; clima invernale. Su Prealpi a 1500 m min -5\u00b0C, max -2\u00b0C; a 2000 m min -6\u00b0C, max -3\u00b0C. Su Dolomiti a 2000 m min -8\u00b0C, max -1\u00b0C; a 3000 m min -11 \u00b0C, max -3 \u00b0C.<br \/>\n<b>Venti: <\/b>Perlopi\u00f9 deboli di direzione variabile nelle valli, in prevalenza deboli o moderati da nord-ovest in quota, a 5-15 km\/h a 2000 m e a 20-30 km\/h a 3000 m.<\/p>\n<hr \/>\n<p><center><b>Giovedi 23<\/b><\/center><b>Tempo atteso: <\/b>Al mattino parzialmente soleggiato o soleggiato specie sulle Dolomiti e in quota sulle Prealpi, mentre in alcune valli prealpine saranno possibili formazioni di temporanee nubi basse o di foschie o di banchi di nebbia nelle ore pi\u00f9 fredde, in dissolvimento dopo l&#8217;alba. Nel corso della giornata cielo in prevalenza parzialmente nuvoloso per transito di innocue nubi alte, soprattutto dalla tarda mattinata.<br \/>\n<b>Precipitazioni: <\/b>Assenti (0%).<br \/>\n<b>Temperature: <\/b>Pressoch\u00e8 stazionarie nelle valli, in aumento in quota specie le minime. Intensificazione dell&#8217;inversione termica nella notte. Clima diurno meno freddo in quota rispetto ai giorni precedenti. Su Prealpi a 1500 m min, -6\u00b0C max, 2\u00b0C; a 2000 m min -5\u00b0C, max 4\u00b0C. Su Dolomiti a 2000 m min -5\u00b0C, max 4\u00b0C; a 3000 m min -6 \u00b0C, max 0\u00b0C.<br \/>\n<b>Venti: <\/b>Ancora deboli di direzione variabile nelle valli, moderati da nord-ovest in quota, anche a tratti tesi sulle vette dolomitiche, a 15-20 km\/h a 2000 m e a 25-35 km\/h a 3000 m.<\/p>\n<hr \/>\n<p><center><b>Venerdi 24<\/b><\/center>Al mattino cielo poco o parzialmente nuvoloso, con ulteriore graduale aumento della nuvolosit\u00e0 dalle ore centrali fino a cielo molto nuvoloso alla sera\/notte, quando saranno possibili specie sulle Prealpi centro-occidentali locali, brevi e modeste precipitazioni, nevose oltre i 1500-1800 m sulle Prealpi, oltre i 1200-1500 sulle Dolomiti. Temperature in generale aumento con clima meno freddo a tutte le quote rispetto ai giorni precedenti. Venti in quota dai quadranti occidentali, inizialmente moderati, tendenti a divenire tesi o forti nel pomeriggio\/sera.<\/p>\n<hr \/>\n<p><center><b>Sabato 25<\/b><\/center>Giornata umida e molto nuvolosa con tempo a tratti lievemente o moderatamente perturbato, con quota neve intono ai 1000-1300 m sulle Dolomiti e intorno ai 1200-1500 m sulle Prealpi. Temperature minime in aumento, massime in diminuzione. Venti in alta montagna tesi o forti sud-occidentali. Previsore M.Padoan<\/p>\n<p>&nbsp;<\/p>\n<hr \/>\n<p>&nbsp;<\/p>\n<p><a href=\"https:\/\/www.radiopiu.net\/wordpress\/giornale-radiopiu-15-settembre-2018-direttore-mirko-mezzacasa\/sport-7\/\" rel=\"attachment wp-att-60761\"><img loading=\"lazy\" decoding=\"async\" class=\"wp-image-60761 size-full aligncenter\" src=\"https:\/\/www.radiopiu.net\/wordpress\/wp-content\/uploads\/2018\/09\/sport.jpg\" alt=\"\" width=\"800\" height=\"100\" srcset=\"https:\/\/www.radiopiu.net\/wordpress\/wp-content\/uploads\/2018\/09\/sport.jpg 800w, https:\/\/www.radiopiu.net\/wordpress\/wp-content\/uploads\/2018\/09\/sport-300x38.jpg 300w, https:\/\/www.radiopiu.net\/wordpress\/wp-content\/uploads\/2018\/09\/sport-768x96.jpg 768w\" sizes=\"auto, (max-width: 800px) 100vw, 800px\" \/><\/a><\/p>\n<p>&nbsp;<\/p>\n<p><span style=\"color: #0000ff;\"><strong>HOCKEY SU GHIACCIO\u00a0<\/strong><\/span><\/p>\n<p>&nbsp;<\/p>\n<p>&nbsp;<\/p>\n<blockquote>\n<h2><a href=\"https:\/\/www.radiopiu.net\/wordpress\/giornale-radiopiu-22-dicembre-2021-direttore-mirko-mezzacasa\/269724386_316383887159145_5844917595115159490_n\/\" rel=\"attachment wp-att-249719\"><img loading=\"lazy\" decoding=\"async\" class=\"size-medium wp-image-249719 alignleft\" src=\"https:\/\/www.radiopiu.net\/wordpress\/wp-content\/uploads\/2021\/12\/269724386_316383887159145_5844917595115159490_n-300x233.jpg\" alt=\"\" width=\"300\" height=\"233\" srcset=\"https:\/\/www.radiopiu.net\/wordpress\/wp-content\/uploads\/2021\/12\/269724386_316383887159145_5844917595115159490_n-300x233.jpg 300w, https:\/\/www.radiopiu.net\/wordpress\/wp-content\/uploads\/2021\/12\/269724386_316383887159145_5844917595115159490_n.jpg 695w\" sizes=\"auto, (max-width: 300px) 100vw, 300px\" \/><\/a>IL FELTREGHIACCIO BATTE IL CHIAVENNA, IL GIRONE DI RITORNO INIZIA ALLA GRANDE.<\/h2>\n<p><strong>di MARCO GAZ\u00a0<\/strong><\/p><\/blockquote>\n<audio class=\"wp-audio-shortcode\" id=\"audio-249524-19\" preload=\"none\" style=\"width: 100%;\" controls=\"controls\"><source type=\"audio\/mpeg\" src=\"https:\/\/www.radiopiu.net\/wordpress\/wp-content\/uploads\/2021\/12\/gr-22-sport-feltreghiaccio.mp3?_=19\" \/><a href=\"https:\/\/www.radiopiu.net\/wordpress\/wp-content\/uploads\/2021\/12\/gr-22-sport-feltreghiaccio.mp3\">https:\/\/www.radiopiu.net\/wordpress\/wp-content\/uploads\/2021\/12\/gr-22-sport-feltreghiaccio.mp3<\/a><\/audio>\n<p>&nbsp;<\/p>\n<p>&nbsp;<\/p>\n<p>&nbsp;<\/p>\n<blockquote>\n<h3>L&#8217;ALLEGHE PERDE A CALDARO E ORA NON PUO&#8217; PIU&#8217; PERMETTERSI ERRORI<\/h3>\n<\/blockquote>\n<p><strong><a href=\"https:\/\/www.radiopiu.net\/wordpress\/una-vittoria-sudata-per-le-civette-contro-il-varese-e-sabato-lalleghe-a-caldaro\/alleghe-hockey-4\/\" rel=\"attachment wp-att-248099\"><img loading=\"lazy\" decoding=\"async\" class=\"size-medium wp-image-248099 alignleft\" src=\"https:\/\/www.radiopiu.net\/wordpress\/wp-content\/uploads\/2021\/12\/ALLEGHE-HOCKEY-4-300x180.jpg\" alt=\"\" width=\"300\" height=\"180\" srcset=\"https:\/\/www.radiopiu.net\/wordpress\/wp-content\/uploads\/2021\/12\/ALLEGHE-HOCKEY-4-300x180.jpg 300w, https:\/\/www.radiopiu.net\/wordpress\/wp-content\/uploads\/2021\/12\/ALLEGHE-HOCKEY-4-768x460.jpg 768w, https:\/\/www.radiopiu.net\/wordpress\/wp-content\/uploads\/2021\/12\/ALLEGHE-HOCKEY-4.jpg 949w\" sizes=\"auto, (max-width: 300px) 100vw, 300px\" \/><\/a>ALLEGHE<\/strong> Nell&#8217;ultima partita di IHL, l&#8217;Alleghe ha perso contro il Caldaro. Gli altoatesini si sono dimostrati pi\u00f9 incisivi sotto porta grazie anche ad alcuni errori difensivi degli agordini. Una partita rocambolesca con le civette che subiscono la prima marcatura, pareggiano e poi si portano sul 3 a 1. Fatale per\u00f2 il terzo tempo con i lucci che hanno avuto sul piatto due occasioni che non hanno sbagliato e poi il quinto gol a porta vuota. Una sconfitta che non ci voleva, arrivata nel momento sbagliato della stagione. Ora mancano ancora 3 partite per definire quali saranno le squadre che accederanno al Master Round e quindi direttamente ai playoff. Tre sfide da giocare con attenzione e grinta, specialmente quella di domenica prossima quando al De Toni arriva il Como.<\/p>\n<p><strong>LORIS DE VAL, GIOCATORE DELL&#8217;ALLEGHE HOCKEY<\/strong><\/p>\n<audio class=\"wp-audio-shortcode\" id=\"audio-249524-20\" preload=\"none\" style=\"width: 100%;\" controls=\"controls\"><source type=\"audio\/mpeg\" src=\"https:\/\/www.radiopiu.net\/wordpress\/wp-content\/uploads\/2021\/12\/LORIS-DE-VAL.mp3?_=20\" \/><a href=\"https:\/\/www.radiopiu.net\/wordpress\/wp-content\/uploads\/2021\/12\/LORIS-DE-VAL.mp3\">https:\/\/www.radiopiu.net\/wordpress\/wp-content\/uploads\/2021\/12\/LORIS-DE-VAL.mp3<\/a><\/audio>\n<p>&nbsp;<\/p>\n<hr \/>\n<blockquote>\n<h3>LIBRO DI STORIA&#8230; I NOSTRI OLIMPIONICI DELL&#8217;HOCKEY E GINO IL DECANO<\/h3>\n<\/blockquote>\n<p><strong>ALLEGHE<\/strong> 2006, Dopo le Olimpiadi di Torino, con Nicola Fontanive, Manuel De Toni e Carlo Lorenzi il nostro orgoglio olimpico di allora con il sindaco Giuseppe Pezz\u00e8 e Gino indimenticato Callegari<\/p>\n<p>&nbsp;<\/p>\n\n\t\t\t<style type='text\/css'>\n\t\t\t\t#gallery-5 {\n\t\t\t\t\tmargin: auto;\n\t\t\t\t}\n\t\t\t\t#gallery-5 .gallery-item {\n\t\t\t\t\tfloat: left;\n\t\t\t\t\tmargin-top: 10px;\n\t\t\t\t\ttext-align: center;\n\t\t\t\t\twidth: 33%;\n\t\t\t\t}\n\t\t\t\t#gallery-5 img {\n\t\t\t\t\tborder: 2px solid #cfcfcf;\n\t\t\t\t}\n\t\t\t\t#gallery-5 .gallery-caption {\n\t\t\t\t\tmargin-left: 0;\n\t\t\t\t}\n\t\t\t\t\/* see gallery_shortcode() in wp-includes\/media.php *\/\n\t\t\t<\/style>\n\t\t<div id='gallery-5' class='dt-gallery-container gallery galleryid-249524 gallery-columns-3 gallery-size-thumbnail'><dl class='gallery-item'>\n\t\t\t\t<dt class='gallery-icon landscape'>\n\t\t\t\t\t<a class=\"rollover rollover-zoom dt-pswp-item\" title=\"111-1137_IMG\" data-dt-img-description=\"\" data-large_image_width=\"1024\" data-large_image_height=\"768\"href='https:\/\/www.radiopiu.net\/wordpress\/wp-content\/uploads\/2021\/12\/111-1137_IMG.jpg'><img loading=\"lazy\" decoding=\"async\" width=\"150\" height=\"150\" src=\"https:\/\/www.radiopiu.net\/wordpress\/wp-content\/uploads\/2021\/12\/111-1137_IMG-150x150.jpg\" class=\"attachment-thumbnail size-thumbnail\" alt=\"\" \/><\/a>\n\t\t\t\t<\/dt><\/dl><dl class='gallery-item'>\n\t\t\t\t<dt class='gallery-icon landscape'>\n\t\t\t\t\t<a class=\"rollover rollover-zoom dt-pswp-item\" title=\"111-1139_IMG\" data-dt-img-description=\"\" data-large_image_width=\"1024\" data-large_image_height=\"768\"href='https:\/\/www.radiopiu.net\/wordpress\/wp-content\/uploads\/2021\/12\/111-1139_IMG.jpg'><img loading=\"lazy\" decoding=\"async\" width=\"150\" height=\"150\" src=\"https:\/\/www.radiopiu.net\/wordpress\/wp-content\/uploads\/2021\/12\/111-1139_IMG-150x150.jpg\" class=\"attachment-thumbnail size-thumbnail\" alt=\"\" \/><\/a>\n\t\t\t\t<\/dt><\/dl><dl class='gallery-item'>\n\t\t\t\t<dt class='gallery-icon landscape'>\n\t\t\t\t\t<a class=\"rollover rollover-zoom dt-pswp-item\" title=\"111-1138_IMG\" data-dt-img-description=\"\" data-large_image_width=\"1024\" data-large_image_height=\"768\"href='https:\/\/www.radiopiu.net\/wordpress\/wp-content\/uploads\/2021\/12\/111-1138_IMG.jpg'><img loading=\"lazy\" decoding=\"async\" width=\"150\" height=\"150\" src=\"https:\/\/www.radiopiu.net\/wordpress\/wp-content\/uploads\/2021\/12\/111-1138_IMG-150x150.jpg\" class=\"attachment-thumbnail size-thumbnail\" alt=\"\" \/><\/a>\n\t\t\t\t<\/dt><\/dl><br style=\"clear: both\" \/><dl class='gallery-item'>\n\t\t\t\t<dt class='gallery-icon landscape'>\n\t\t\t\t\t<a class=\"rollover rollover-zoom dt-pswp-item\" title=\"111-1130_IMG\" data-dt-img-description=\"\" data-large_image_width=\"1024\" data-large_image_height=\"768\"href='https:\/\/www.radiopiu.net\/wordpress\/wp-content\/uploads\/2021\/12\/111-1130_IMG.jpg'><img loading=\"lazy\" decoding=\"async\" width=\"150\" height=\"150\" src=\"https:\/\/www.radiopiu.net\/wordpress\/wp-content\/uploads\/2021\/12\/111-1130_IMG-150x150.jpg\" class=\"attachment-thumbnail size-thumbnail\" alt=\"\" \/><\/a>\n\t\t\t\t<\/dt><\/dl><dl class='gallery-item'>\n\t\t\t\t<dt class='gallery-icon landscape'>\n\t\t\t\t\t<a class=\"rollover rollover-zoom dt-pswp-item\" title=\"111-1141_IMG\" data-dt-img-description=\"\" data-large_image_width=\"1024\" data-large_image_height=\"768\"href='https:\/\/www.radiopiu.net\/wordpress\/wp-content\/uploads\/2021\/12\/111-1141_IMG.jpg'><img loading=\"lazy\" decoding=\"async\" width=\"150\" height=\"150\" src=\"https:\/\/www.radiopiu.net\/wordpress\/wp-content\/uploads\/2021\/12\/111-1141_IMG-150x150.jpg\" class=\"attachment-thumbnail size-thumbnail\" alt=\"\" \/><\/a>\n\t\t\t\t<\/dt><\/dl>\n\t\t\t\t<br style='clear: both' \/>\n\t\t\t<\/div>\n\n<p>&nbsp;<\/p>\n<\/div>\n<\/div>\n<\/div>\n<\/div>\n<\/div>\n<\/div>\n<\/div>\n<\/div>\n","protected":false},"excerpt":{"rendered":"<p>INFORMAZIONE il canale su TELEGRAM informazione di prima mano e in tempo reale. iscriviti ed aiutaci a farlo conoscere\u00a0 \u00a0 AGORDO Lo vogliamo ricordare cos\u00ec, un volto noto nella Conca quello di Mario. Il volto del buon umore, del sorriso. Da tempo non lo si vedeva in piazza, anche per Mario il covid ha significato&hellip;<\/p>\n","protected":false},"author":4,"featured_media":249731,"comment_status":"closed","ping_status":"open","sticky":false,"template":"","format":"standard","meta":{"_monsterinsights_skip_tracking":false,"_monsterinsights_sitenote_active":false,"_monsterinsights_sitenote_note":"","_monsterinsights_sitenote_category":0,"footnotes":""},"categories":[104,86,49],"tags":[],"class_list":["post-249524","post","type-post","status-publish","format-standard","has-post-thumbnail","hentry","category-evidenza_3","category-gr","category-news-18","category-104","category-86","category-49","description-off"],"img_url":"https:\/\/www.radiopiu.net\/wordpress\/wp-content\/uploads\/2021\/12\/6916fed9-6d7c-4271-9ec4-f45bd89be353.jpg","_links":{"self":[{"href":"https:\/\/www.radiopiu.net\/wordpress\/wp-json\/wp\/v2\/posts\/249524","targetHints":{"allow":["GET"]}}],"collection":[{"href":"https:\/\/www.radiopiu.net\/wordpress\/wp-json\/wp\/v2\/posts"}],"about":[{"href":"https:\/\/www.radiopiu.net\/wordpress\/wp-json\/wp\/v2\/types\/post"}],"author":[{"embeddable":true,"href":"https:\/\/www.radiopiu.net\/wordpress\/wp-json\/wp\/v2\/users\/4"}],"replies":[{"embeddable":true,"href":"https:\/\/www.radiopiu.net\/wordpress\/wp-json\/wp\/v2\/comments?post=249524"}],"version-history":[{"count":0,"href":"https:\/\/www.radiopiu.net\/wordpress\/wp-json\/wp\/v2\/posts\/249524\/revisions"}],"wp:featuredmedia":[{"embeddable":true,"href":"https:\/\/www.radiopiu.net\/wordpress\/wp-json\/wp\/v2\/media\/249731"}],"wp:attachment":[{"href":"https:\/\/www.radiopiu.net\/wordpress\/wp-json\/wp\/v2\/media?parent=249524"}],"wp:term":[{"taxonomy":"category","embeddable":true,"href":"https:\/\/www.radiopiu.net\/wordpress\/wp-json\/wp\/v2\/categories?post=249524"},{"taxonomy":"post_tag","embeddable":true,"href":"https:\/\/www.radiopiu.net\/wordpress\/wp-json\/wp\/v2\/tags?post=249524"}],"curies":[{"name":"wp","href":"https:\/\/api.w.org\/{rel}","templated":true}]}}