{"id":249558,"date":"2021-12-21T06:53:13","date_gmt":"2021-12-21T05:53:13","guid":{"rendered":"https:\/\/www.radiopiu.net\/wordpress\/?p=249558"},"modified":"2021-12-21T06:53:13","modified_gmt":"2021-12-21T05:53:13","slug":"le-frecce-tricolori-in-alta-badia-il-video-di-ustaria-posta","status":"publish","type":"post","link":"https:\/\/www.radiopiu.net\/wordpress\/le-frecce-tricolori-in-alta-badia-il-video-di-ustaria-posta\/","title":{"rendered":"LE FRECCE TRICOLORI IN ALTA BADIA, IL VIDEO DI USTARIA POSTA"},"content":{"rendered":"<div id=\"top-row\" class=\"style-scope ytd-video-secondary-info-renderer\">\n<div id=\"upload-info\" class=\"style-scope ytd-video-owner-renderer\">\n<div id=\"container\" class=\"style-scope ytd-channel-name\">\n<div id=\"text-container\" class=\"style-scope ytd-channel-name\"><a class=\"yt-simple-endpoint style-scope yt-formatted-string\" dir=\"auto\" spellcheck=\"false\" href=\"https:\/\/www.youtube.com\/channel\/UCIqmxsQxO6ysmtO5_pfQDZg\">Ustaria Posta<\/a>\u00a0 Ustaria Posta 5790 iscritti<\/div>\n<\/div>\n<\/div>\n<div id=\"subscribe-button\" class=\"style-scope ytd-video-secondary-info-renderer\"><\/div>\n<\/div>\n<div id=\"content\" class=\"style-scope ytd-expander\">\n<div id=\"description\" class=\"style-scope ytd-video-secondary-info-renderer\"><span class=\"style-scope yt-formatted-string\" dir=\"auto\">Mi dispiace per la qualit\u00e1 del video ma \u00e9 solo un&#8217;estratto di una sessione LIVE fatta su Instagram. Visto che il LIVE era molto lungo non \u00e9 stato pi\u00fa possibile scaricare il file originale in alta qualit\u00e1. Quindi &#8230; imparato la lezione!!! Spero che il video del sorvolo delle Frecce Tricolori in Alta Badia \u00b7 Dolomiti durante il Gigante della Coppa del Mondo di sci sulla Gran Risa vi piaccia lo stesso.\u00a0<\/span><\/div>\n<\/div>\n<div>FOTO COPERTINA SIMONE PRA, DA ALLEGHE<\/div>\n<div id=\"content\" class=\"style-scope ytd-expander\">\n<div><\/div>\n<\/div>\n<p><iframe loading=\"lazy\" title=\"The overflight of the Frecce Tricolori in Alta Badia \u00b7 Dolomites\" width=\"1200\" height=\"675\" src=\"https:\/\/www.youtube.com\/embed\/ohSOoiVdr14?feature=oembed\" frameborder=\"0\" allow=\"accelerometer; autoplay; clipboard-write; encrypted-media; gyroscope; picture-in-picture\" allowfullscreen><\/iframe><\/p>\n","protected":false},"excerpt":{"rendered":"<p>Ustaria Posta\u00a0 Ustaria Posta 5790 iscritti Mi dispiace per la qualit\u00e1 del video ma \u00e9 solo un&#8217;estratto di una sessione LIVE fatta su Instagram. Visto che il LIVE era molto lungo non \u00e9 stato pi\u00fa possibile scaricare il file originale in alta qualit\u00e1. Quindi &#8230; imparato la lezione!!! Spero che il video del sorvolo delle&hellip;<\/p>\n","protected":false},"author":4,"featured_media":249202,"comment_status":"closed","ping_status":"open","sticky":false,"template":"","format":"standard","meta":{"_monsterinsights_skip_tracking":false,"_monsterinsights_sitenote_active":false,"_monsterinsights_sitenote_note":"","_monsterinsights_sitenote_category":0,"footnotes":""},"categories":[49],"tags":[],"class_list":["post-249558","post","type-post","status-publish","format-standard","has-post-thumbnail","hentry","category-news-18","category-49","description-off"],"img_url":"https:\/\/www.radiopiu.net\/wordpress\/wp-content\/uploads\/2021\/12\/6e787254-065e-44a9-b590-14749a3a2fe0.jpg","_links":{"self":[{"href":"https:\/\/www.radiopiu.net\/wordpress\/wp-json\/wp\/v2\/posts\/249558","targetHints":{"allow":["GET"]}}],"collection":[{"href":"https:\/\/www.radiopiu.net\/wordpress\/wp-json\/wp\/v2\/posts"}],"about":[{"href":"https:\/\/www.radiopiu.net\/wordpress\/wp-json\/wp\/v2\/types\/post"}],"author":[{"embeddable":true,"href":"https:\/\/www.radiopiu.net\/wordpress\/wp-json\/wp\/v2\/users\/4"}],"replies":[{"embeddable":true,"href":"https:\/\/www.radiopiu.net\/wordpress\/wp-json\/wp\/v2\/comments?post=249558"}],"version-history":[{"count":0,"href":"https:\/\/www.radiopiu.net\/wordpress\/wp-json\/wp\/v2\/posts\/249558\/revisions"}],"wp:featuredmedia":[{"embeddable":true,"href":"https:\/\/www.radiopiu.net\/wordpress\/wp-json\/wp\/v2\/media\/249202"}],"wp:attachment":[{"href":"https:\/\/www.radiopiu.net\/wordpress\/wp-json\/wp\/v2\/media?parent=249558"}],"wp:term":[{"taxonomy":"category","embeddable":true,"href":"https:\/\/www.radiopiu.net\/wordpress\/wp-json\/wp\/v2\/categories?post=249558"},{"taxonomy":"post_tag","embeddable":true,"href":"https:\/\/www.radiopiu.net\/wordpress\/wp-json\/wp\/v2\/tags?post=249558"}],"curies":[{"name":"wp","href":"https:\/\/api.w.org\/{rel}","templated":true}]}}