{"id":249645,"date":"2021-12-21T15:44:55","date_gmt":"2021-12-21T14:44:55","guid":{"rendered":"https:\/\/www.radiopiu.net\/wordpress\/?p=249645"},"modified":"2021-12-21T15:49:57","modified_gmt":"2021-12-21T14:49:57","slug":"riaprono-gli-ascensori-per-laccesso-al-centro-storico","status":"publish","type":"post","link":"https:\/\/www.radiopiu.net\/wordpress\/riaprono-gli-ascensori-per-laccesso-al-centro-storico\/","title":{"rendered":"RIAPRONO GLI ASCENSORI PER L&#8217;ACCESSO AL CENTRO STORICO"},"content":{"rendered":"<p><strong><img loading=\"lazy\" decoding=\"async\" class=\"alignleft\" src=\"https:\/\/www.radiopiu.net\/wordpress\/wp-content\/uploads\/2020\/10\/Castello.jpg\" width=\"288\" height=\"180\" \/>FELTRE\u00a0<\/strong> Oggi riapriranno gli ascensori per l\u2019accesso al centro storico della citt\u00e0 di Feltre da Campo Giorgio. Il servizio sar\u00e0 attivo dal luned\u00ec al sabato dalle\u00a0 8 alle 19.30,\u00a0 gli ascensori resteranno chiusi la domenica e nei giorni festivi. Come si ricorder\u00e0, l\u2019accesso meccanizzato alla cittadella era stato sospeso in concomitanza con l\u2019avvio del cantiere che interessa la zona del Belvedere, ora fermo per la pausa invernale.<\/p>\n<p>L&#8217;ASSESSORE ADIS ZATTA<\/p>\n<audio class=\"wp-audio-shortcode\" id=\"audio-249645-1\" preload=\"none\" style=\"width: 100%;\" controls=\"controls\"><source type=\"audio\/mpeg\" src=\"https:\/\/www.radiopiu.net\/wordpress\/wp-content\/uploads\/2021\/12\/zatta.mp3?_=1\" \/><a href=\"https:\/\/www.radiopiu.net\/wordpress\/wp-content\/uploads\/2021\/12\/zatta.mp3\">https:\/\/www.radiopiu.net\/wordpress\/wp-content\/uploads\/2021\/12\/zatta.mp3<\/a><\/audio>\n<p>&nbsp;<\/p>\n<p>&nbsp;<\/p>\n<p>***<\/p>\n<p>&nbsp;<\/p>\n","protected":false},"excerpt":{"rendered":"<p>FELTRE\u00a0 Oggi riapriranno gli ascensori per l\u2019accesso al centro storico della citt\u00e0 di Feltre da Campo Giorgio. Il servizio sar\u00e0 attivo dal luned\u00ec al sabato dalle\u00a0 8 alle 19.30,\u00a0 gli ascensori resteranno chiusi la domenica e nei giorni festivi. Come si ricorder\u00e0, l\u2019accesso meccanizzato alla cittadella era stato sospeso in concomitanza con l\u2019avvio del cantiere&hellip;<\/p>\n","protected":false},"author":4,"featured_media":167850,"comment_status":"closed","ping_status":"open","sticky":false,"template":"","format":"standard","meta":{"_monsterinsights_skip_tracking":false,"_monsterinsights_sitenote_active":false,"_monsterinsights_sitenote_note":"","_monsterinsights_sitenote_category":0,"footnotes":""},"categories":[49],"tags":[],"class_list":["post-249645","post","type-post","status-publish","format-standard","has-post-thumbnail","hentry","category-news-18","category-49","description-off"],"img_url":"https:\/\/www.radiopiu.net\/wordpress\/wp-content\/uploads\/2020\/10\/Castello.jpg","_links":{"self":[{"href":"https:\/\/www.radiopiu.net\/wordpress\/wp-json\/wp\/v2\/posts\/249645","targetHints":{"allow":["GET"]}}],"collection":[{"href":"https:\/\/www.radiopiu.net\/wordpress\/wp-json\/wp\/v2\/posts"}],"about":[{"href":"https:\/\/www.radiopiu.net\/wordpress\/wp-json\/wp\/v2\/types\/post"}],"author":[{"embeddable":true,"href":"https:\/\/www.radiopiu.net\/wordpress\/wp-json\/wp\/v2\/users\/4"}],"replies":[{"embeddable":true,"href":"https:\/\/www.radiopiu.net\/wordpress\/wp-json\/wp\/v2\/comments?post=249645"}],"version-history":[{"count":0,"href":"https:\/\/www.radiopiu.net\/wordpress\/wp-json\/wp\/v2\/posts\/249645\/revisions"}],"wp:featuredmedia":[{"embeddable":true,"href":"https:\/\/www.radiopiu.net\/wordpress\/wp-json\/wp\/v2\/media\/167850"}],"wp:attachment":[{"href":"https:\/\/www.radiopiu.net\/wordpress\/wp-json\/wp\/v2\/media?parent=249645"}],"wp:term":[{"taxonomy":"category","embeddable":true,"href":"https:\/\/www.radiopiu.net\/wordpress\/wp-json\/wp\/v2\/categories?post=249645"},{"taxonomy":"post_tag","embeddable":true,"href":"https:\/\/www.radiopiu.net\/wordpress\/wp-json\/wp\/v2\/tags?post=249645"}],"curies":[{"name":"wp","href":"https:\/\/api.w.org\/{rel}","templated":true}]}}