{"id":249649,"date":"2021-12-22T05:52:37","date_gmt":"2021-12-22T04:52:37","guid":{"rendered":"https:\/\/www.radiopiu.net\/wordpress\/?p=249649"},"modified":"2021-12-22T06:08:07","modified_gmt":"2021-12-22T05:08:07","slug":"villa-crotta-de-manzoni-di-agordo-e-i-castelli-di-andraz-e-di-avoscan","status":"publish","type":"post","link":"https:\/\/www.radiopiu.net\/wordpress\/villa-crotta-de-manzoni-di-agordo-e-i-castelli-di-andraz-e-di-avoscan\/","title":{"rendered":"VILLA CROTTA-DE MANZONI DI AGORDO E I CASTELLI DI ANDRAZ E DI AVOSCAN"},"content":{"rendered":"<p><strong>di RENATO BONA<\/strong><\/p>\n<p>Navigando in Internet abbiano fatto conoscenza con il sito \u201cmondi medievali.net\u201d che svolge un\u2019apprezzabilissima attivit\u00e0 per divulgare la conoscenza regione per regione, provincia per provincia, di: castelli, fortezze, rocche, torri, borghi ed edifici fortificati oltre a \u201cpalazzi del potere\u201d, tutti autentico patrimonio del Belpaese. Onore al merito al sito che, mentre annuncia che \u201caltre voci sono in preparazione\u201d, per quanto concerne la realt\u00e0 bellunese si sofferma, in ordine alfabetico, su: Agordo: Villa Crotta De Manzoni; Andraz (frazione di Livinallongo del Col di Lana), sul Castello; Arson (frazione di Feltre) sul Castello di Lusa; Avoscan (frazione di San Tomaso Agordino), sui resti del Castello; Belluno, Palazzo dei Rettori; Palazzo Doglioni; Porta Dojona; Porta Rugo; resti del Castello (Torrione); Torre Civica (Auditorium); Castellavazzo, sui ruderi del Castello della Gardona; Cortina d\u2019Ampezzo: sul Forte Tre Sassi; Rovine del Castello di Botestagno o Potestagno; Feltre, Castello di Alboino, Torre del Campanon; Cinta Muraria, percorso della Sentinella, torre delle Rondinelle; Porta Imperiale; Porta Oria; Porta Pusterla; Torre dell\u2019orologio; Lamosano (frazione di Chies d\u2019Alpago) per il Castello non pi\u00f9 esistente del Bongaio; Majon (frazione di Cortina d\u2019Ampezzo) per il Castello De Zanna; Mel: Palazzo delle Contesse e Palazzo Zorzi; Pieve di Cadore per il Castello e il Palazzo della Magnifica Comunit\u00e0; Quero per il Castello di Quero o Castelnuovo; Tiago (frazione di Mel) per il Castello di Zumelle; Zorzoi (frazione di Sovramonte) per il Castello dello Schener. In questa occasione, andando in rigoroso ordine alfabetico, ci soffermiamo oggi sulle tre \u201cschede\u201d relative alla realt\u00e0 agordina: Agordo, Andraz ed Avoscan. Per quanto riguarda la Villa Crotta de Manzoni si pu\u00f2 leggere che: \u201cSi presenta nella parte anteriore come un&#8217;imponente villa urbana, mentre nella parte posteriore si trasforma in una residenza di campagna con un grande parco e giardino. Tra la fine del Cinquecento e gli inizi del Seicento Francesco Crotta acquist\u00f2 la propriet\u00e0 dove sorgeva un edificio del XV secolo che venne ingrandito ed abbellito per renderlo a tutti gli effetti una residenza signorile. Vennero uniti il nuovo edificio, che ospitava la residenza privata della famiglia, con l&#8217;ala antica destinata al numeroso personale della propriet\u00e0; venne realizzata una sala completamente affrescata. Il corpo seicentesco si affaccia verso il grande prato, il cosiddetto &#8220;Broi, e verso la strada che taglia il centro\u201d. Ancora dal sito: Nel Settecento venne eretta l&#8217;ala di rappresentanza creando lo spazio per il giardino contornato da un&#8217;alta cancellata in ferro con colonne in pietra su cui sono posizionate quindici statue di antiche divinit\u00e0. Nel 1813 la villa venne acquistata dalla famiglia Manzoni che, grazie alle ricchezze accumulate nelle miniere di Valle Imperina, riusc\u00ec a comprare il titolo nobiliare divenendo De Manzoni nel 1820. I De Manzoni fecero vivere alla villa il periodo di massimo splendore promuovendo la cultura e l&#8217;arte come mecenati. Chiamarono alcuni dei rappresentanti pi\u00f9 significativi delle arti bellunesi tra cui l&#8217;architetto Giuseppe Segusini per completare il parco con un edificio in tipico stile romantico, e Pietro Paoletti per decorare il salone con scene tratte dal poema epico Orlando Furioso\u201d. Si rammenta per concludere che \u201cDurante la Grande Guerra la Villa sub\u00ec numerosi danni; vennero distrutti e trafugati gli arredi, i dipinti e la ricca biblioteca insieme ad una grande collezione di minerali e conchiglie\u201d. E siamo al Castello di Andraz a proposito del quale \u201cmondi medievali.net\u201d specifica che: \u201c\u2026 Con ragionevole certezza un castello esisteva gi\u00e0 prima del 1027 quando Corrado II il Salico dona ai Vescovi di Bressanone un vasto territorio tra Livinallongo e Colle Santa Lucia ma non il castello e le sue pertinenze. Si ipotizza un castelliere o un mansio di fattura tardo-romana e la riedificazione, poco prima del 1000 (dopo le successive ondate barbariche che sicuramente hanno distrutto il preesistente manufatto), ad opera di una potente famiglia locale, i Pouchenstein, per contrastare le dispute con i confinanti arroccati sui castelli di Avoscan e Rocca Pietore. Un erede di questa potente famiglia, nel 1200, vende il castello con le pertinenze ed il territorio circostante al Principe-Vescovo di Bressanone Conrad Von Rodenegg. Da allora in poi il castello apparterr\u00e0 ininterrottamente ai vescovi fino al 1803 quando il Principato Vescovile venne soppresso. Ma non sar\u00e0 una storia tranquilla, n\u00e9 facile. Gi\u00e0 nel 1221 il vescovo insedia un suo nipote come vassallo e amministratore del castello e delle propriet\u00e0 terriere. Qualche anno dopo altri suoi nipoti, Paul e Nicolaus Schoneck, compiono atti indicibili ed orrendi delitti e tiranneggiano la popolazione locale. \u00c8 costretto all&#8217;intervento armato pure il Conte del Tirolo che deferisce i due &#8216;bravi&#8217; e li costringe all&#8217;esilio e confisca tutti i loro beni nelle circostanti valli, ma non il castello che resta comunque a disposizione della famiglia Schoneck che di fatto si impossessa dei diritti dell&#8217;illustre vescovo. Probabilmente per necessit\u00e0 economiche nel 1331 i diritti d&#8217;uso, ma non la propriet\u00e0, che nominalmente appartiene ancora ai Vescovi di Bressanone, vengono ceduti alla famiglia degli Avoscano rappresentata da Guadagnino, insediati ad Avoscan di San Tomaso Agordino\u201d. \u00c8 proprio in queste cruente lotte tra potenti famiglie locali &#8211; si spiega ancora &#8211; che, nel 1350, il castello viene assediato ed assaltato con successo da Corrado Gobel che mette in fuga gli Avoscagno e consegna castello e diritti al legittimo proprietario, il Vescovo che\u2026 dal 1416 il vescovo si riserva la gestione &#8216;diretta&#8217; del manufatto e del feudo circostante, ed insedia una propria guarnigione militare con un capitano alla proprie dipendenze. Il Castello viene usato regolarmente dai Vescovi per &#8216;villeggiatura&#8217; ma serviva, e abbastanza spesso, come sicuro rifugio in caso di situazioni di pericolo nelle numerose contese con gli scomodi vicini, primo tra tutti il Conte del Tirolo, o durante le numerose guerre come nella &#8216;guerra dei contadini&#8217; del 1525\u2026Dopo l&#8217;uragano napoleonico, nel 1803 il Principato dei Vescovi di Bressanone viene soppresso e le propriet\u00e0 secolarizzate ed assoggettata definitivamente l&#8217;intera regione. Il castello diviene propriet\u00e0 del governo austriaco\u2026\u201d. Nel 1853 viene venduto ad un privato locale: in parte demolito, le travature usate come materiale da costruzione per le case o addirittura come legna da ardere come del resto suppellettili, mobilia, quadri e la dotazione di materiale storico e cartaceo. Il Castello di Andraz \u00e8 di propriet\u00e0 della Regione Veneto. Concludiamo con Avoscan ed i resti del Castello degli Avoscano casato di conti dei quali viene ricordato che \u201cdomin\u00f2 per circa venticinque anni la storia dell&#8217;Agordino nel corso del XIV secolo, periodo in cui queste zone erano in mano agli Scaligeri di Verona (1322-1337). La residenza di questa famiglia nobile era appunto il castello di Avoscan, esistente gi\u00e0 al tempo delle invasioni barbariche. In riferimento all&#8217;edificazione della fortezza, la tradizione vuole che tre sorelle, tra loro in disaccordo, abbiano costruito tre castelli: quello di Avoscan, quello di Rocca Pietore e quello di Andraz\u2026Altre testimonianze pi\u00f9 attendibili descrivono il castello come \u2018&#8230;un complesso di solidi edifici, alla maniera di fortilizio, e si estendeva anche lungo tutto il piccolo pendio, occupava il piano dove oggi passa la strada pubblica, e finiva sulla sponda del Cordevole\u2019. Attualmente nel luogo dove sorgeva tale costruzione sono state edificate case private e quindi non rimangono pi\u00f9 tracce del castello\u201d.<\/p>\n\n\t\t\t<style type='text\/css'>\n\t\t\t\t#gallery-1 {\n\t\t\t\t\tmargin: auto;\n\t\t\t\t}\n\t\t\t\t#gallery-1 .gallery-item {\n\t\t\t\t\tfloat: left;\n\t\t\t\t\tmargin-top: 10px;\n\t\t\t\t\ttext-align: center;\n\t\t\t\t\twidth: 33%;\n\t\t\t\t}\n\t\t\t\t#gallery-1 img {\n\t\t\t\t\tborder: 2px solid #cfcfcf;\n\t\t\t\t}\n\t\t\t\t#gallery-1 .gallery-caption {\n\t\t\t\t\tmargin-left: 0;\n\t\t\t\t}\n\t\t\t\t\/* see gallery_shortcode() in wp-includes\/media.php *\/\n\t\t\t<\/style>\n\t\t<div id='gallery-1' class='dt-gallery-container gallery galleryid-249649 gallery-columns-3 gallery-size-medium'><dl class='gallery-item'>\n\t\t\t\t<dt class='gallery-icon landscape'>\n\t\t\t\t\t<a class=\"rollover rollover-zoom dt-pswp-item\" title=\"269607534_1098043447694554_3934067859832909497_n\" data-dt-img-description=\"\" data-large_image_width=\"100\" data-large_image_height=\"74\"href='https:\/\/www.radiopiu.net\/wordpress\/wp-content\/uploads\/2021\/12\/269607534_1098043447694554_3934067859832909497_n.png'><img loading=\"lazy\" decoding=\"async\" width=\"100\" height=\"74\" src=\"https:\/\/www.radiopiu.net\/wordpress\/wp-content\/uploads\/2021\/12\/269607534_1098043447694554_3934067859832909497_n.png\" class=\"attachment-medium size-medium\" alt=\"\" \/><\/a>\n\t\t\t\t<\/dt><\/dl><dl class='gallery-item'>\n\t\t\t\t<dt class='gallery-icon landscape'>\n\t\t\t\t\t<a class=\"rollover rollover-zoom dt-pswp-item\" title=\"267687016_617741009464485_8666108077100076658_n\" data-dt-img-description=\"\" data-large_image_width=\"96\" data-large_image_height=\"60\"href='https:\/\/www.radiopiu.net\/wordpress\/wp-content\/uploads\/2021\/12\/267687016_617741009464485_8666108077100076658_n.png'><img loading=\"lazy\" decoding=\"async\" width=\"96\" height=\"60\" src=\"https:\/\/www.radiopiu.net\/wordpress\/wp-content\/uploads\/2021\/12\/267687016_617741009464485_8666108077100076658_n.png\" class=\"attachment-medium size-medium\" alt=\"\" \/><\/a>\n\t\t\t\t<\/dt><\/dl><dl class='gallery-item'>\n\t\t\t\t<dt class='gallery-icon landscape'>\n\t\t\t\t\t<a class=\"rollover rollover-zoom dt-pswp-item\" title=\"269231067_1470402723356120_5727784363492110627_n\" data-dt-img-description=\"\" data-large_image_width=\"104\" data-large_image_height=\"80\"href='https:\/\/www.radiopiu.net\/wordpress\/wp-content\/uploads\/2021\/12\/269231067_1470402723356120_5727784363492110627_n.png'><img loading=\"lazy\" decoding=\"async\" width=\"104\" height=\"80\" src=\"https:\/\/www.radiopiu.net\/wordpress\/wp-content\/uploads\/2021\/12\/269231067_1470402723356120_5727784363492110627_n.png\" class=\"attachment-medium size-medium\" alt=\"\" \/><\/a>\n\t\t\t\t<\/dt><\/dl><br style=\"clear: both\" \/><dl class='gallery-item'>\n\t\t\t\t<dt class='gallery-icon landscape'>\n\t\t\t\t\t<a class=\"rollover rollover-zoom dt-pswp-item\" title=\"263908590_390907362821379_8922775345692556853_n\" data-dt-img-description=\"\" data-large_image_width=\"102\" data-large_image_height=\"83\"href='https:\/\/www.radiopiu.net\/wordpress\/wp-content\/uploads\/2021\/12\/263908590_390907362821379_8922775345692556853_n.png'><img loading=\"lazy\" decoding=\"async\" width=\"102\" height=\"83\" src=\"https:\/\/www.radiopiu.net\/wordpress\/wp-content\/uploads\/2021\/12\/263908590_390907362821379_8922775345692556853_n.png\" class=\"attachment-medium size-medium\" alt=\"\" \/><\/a>\n\t\t\t\t<\/dt><\/dl><dl class='gallery-item'>\n\t\t\t\t<dt class='gallery-icon landscape'>\n\t\t\t\t\t<a class=\"rollover rollover-zoom dt-pswp-item\" title=\"268027993_609174607011368_160055325803976811_n\" data-dt-img-description=\"\" data-large_image_width=\"95\" data-large_image_height=\"75\"href='https:\/\/www.radiopiu.net\/wordpress\/wp-content\/uploads\/2021\/12\/268027993_609174607011368_160055325803976811_n.png'><img loading=\"lazy\" decoding=\"async\" width=\"95\" height=\"75\" src=\"https:\/\/www.radiopiu.net\/wordpress\/wp-content\/uploads\/2021\/12\/268027993_609174607011368_160055325803976811_n.png\" class=\"attachment-medium size-medium\" alt=\"\" \/><\/a>\n\t\t\t\t<\/dt><\/dl><dl class='gallery-item'>\n\t\t\t\t<dt class='gallery-icon landscape'>\n\t\t\t\t\t<a class=\"rollover rollover-zoom dt-pswp-item\" title=\"267837558_631297018307386_7065680922397953004_n\" data-dt-img-description=\"\" data-large_image_width=\"101\" data-large_image_height=\"75\"href='https:\/\/www.radiopiu.net\/wordpress\/wp-content\/uploads\/2021\/12\/267837558_631297018307386_7065680922397953004_n.png'><img loading=\"lazy\" decoding=\"async\" width=\"101\" height=\"75\" src=\"https:\/\/www.radiopiu.net\/wordpress\/wp-content\/uploads\/2021\/12\/267837558_631297018307386_7065680922397953004_n.png\" class=\"attachment-medium size-medium\" alt=\"\" \/><\/a>\n\t\t\t\t<\/dt><\/dl><br style=\"clear: both\" \/>\n\t\t\t<\/div>\n\n<p>&nbsp;<\/p>\n<p>NELLE FOTO (dal sito\u201cmondi medievali.net\u201d): due scorci di Villa Crotta-De Manzoni di Agordo; ed altrettanti del Castello di Andraz; anche Avoscan vantava un castello, lo testimoniano i resti; una panoramica del paese agordino.<\/p>\n","protected":false},"excerpt":{"rendered":"<p>di RENATO BONA Navigando in Internet abbiano fatto conoscenza con il sito \u201cmondi medievali.net\u201d che svolge un\u2019apprezzabilissima attivit\u00e0 per divulgare la conoscenza regione per regione, provincia per provincia, di: castelli, fortezze, rocche, torri, borghi ed edifici fortificati oltre a \u201cpalazzi del potere\u201d, tutti autentico patrimonio del Belpaese. Onore al merito al sito che, mentre annuncia&hellip;<\/p>\n","protected":false},"author":4,"featured_media":249651,"comment_status":"closed","ping_status":"open","sticky":false,"template":"","format":"standard","meta":{"_monsterinsights_skip_tracking":false,"_monsterinsights_sitenote_active":false,"_monsterinsights_sitenote_note":"","_monsterinsights_sitenote_category":0,"footnotes":""},"categories":[51,49],"tags":[],"class_list":["post-249649","post","type-post","status-publish","format-standard","has-post-thumbnail","hentry","category-evidenza-top","category-news-18","category-51","category-49","description-off"],"img_url":"https:\/\/www.radiopiu.net\/wordpress\/wp-content\/uploads\/2021\/12\/269607534_1098043447694554_3934067859832909497_n.png","_links":{"self":[{"href":"https:\/\/www.radiopiu.net\/wordpress\/wp-json\/wp\/v2\/posts\/249649","targetHints":{"allow":["GET"]}}],"collection":[{"href":"https:\/\/www.radiopiu.net\/wordpress\/wp-json\/wp\/v2\/posts"}],"about":[{"href":"https:\/\/www.radiopiu.net\/wordpress\/wp-json\/wp\/v2\/types\/post"}],"author":[{"embeddable":true,"href":"https:\/\/www.radiopiu.net\/wordpress\/wp-json\/wp\/v2\/users\/4"}],"replies":[{"embeddable":true,"href":"https:\/\/www.radiopiu.net\/wordpress\/wp-json\/wp\/v2\/comments?post=249649"}],"version-history":[{"count":0,"href":"https:\/\/www.radiopiu.net\/wordpress\/wp-json\/wp\/v2\/posts\/249649\/revisions"}],"wp:featuredmedia":[{"embeddable":true,"href":"https:\/\/www.radiopiu.net\/wordpress\/wp-json\/wp\/v2\/media\/249651"}],"wp:attachment":[{"href":"https:\/\/www.radiopiu.net\/wordpress\/wp-json\/wp\/v2\/media?parent=249649"}],"wp:term":[{"taxonomy":"category","embeddable":true,"href":"https:\/\/www.radiopiu.net\/wordpress\/wp-json\/wp\/v2\/categories?post=249649"},{"taxonomy":"post_tag","embeddable":true,"href":"https:\/\/www.radiopiu.net\/wordpress\/wp-json\/wp\/v2\/tags?post=249649"}],"curies":[{"name":"wp","href":"https:\/\/api.w.org\/{rel}","templated":true}]}}