{"id":249665,"date":"2021-12-22T05:55:23","date_gmt":"2021-12-22T04:55:23","guid":{"rendered":"https:\/\/www.radiopiu.net\/wordpress\/?p=249665"},"modified":"2021-12-22T12:48:22","modified_gmt":"2021-12-22T11:48:22","slug":"miller","status":"publish","type":"post","link":"https:\/\/www.radiopiu.net\/wordpress\/miller\/","title":{"rendered":"ESSILORLUXOTTICA, MILLERI &#8220;NIENTE DI TUTTO QUESTO SAREBBE POSSIBILE SENZA DI VOI&#8221;"},"content":{"rendered":"<blockquote><p>&nbsp;<\/p><\/blockquote>\n<p>Se Francesco Milleri avesse potuto salire sul palco del PalaLuxottica lo scorso fine settimana in occasione della grande festa che manca da qualche anno causa covid, sicuramente si sarebbe commosso ringraziando il popolo EssilorLuxottica elencando il potenziale dell&#8217;intero settore prima degli apprezzati auguri di buone feste e felice anno nuovo condivisi con il Presidentissimo Leonardo Del Vecchio.<\/p>\n<blockquote><p><em>&#8220;Abbiamo molto di cui essere tutti orgogliosi, non abbiamo mai smesso di costruire il nostro futuro assieme, guardiamo al 2022 con fiducia e ottimismo. EssilorLuxottica continuer\u00e0 a guidare l&#8217;evoluzione creando opportunit\u00e0 e valore&#8221;<\/em><\/p><\/blockquote>\n<p><strong>AGORDO<\/strong> Per l&#8217;Amministratore Delegato Francesco Milleri il 2021 rimarr\u00e0 negli annali come anno straordinario e lo rimarca nel messaggio alle maestranze Luxottica firmato a quattro mani con il suo vice Paul Du Saillant. Il gruppo \u00e8 cresciuto e Milleri ne riconosce i meriti ai dipendenti, risultato dello sforzo e dell&#8217;impegno di ognuno.<em> &#8220;La vostra energia &#8211; dice Milleri &#8211;\u00a0 e la vostra passione ci hanno permesso di aiutare le persone nel mondo a vedere meglio e vivere meglio, nel segno della nostra mission aziendale&#8221;<\/em>. E&#8217; evidente per tutti che il contesto \u00e8 ancora quello dell&#8217;incertezza, la priorit\u00e0 dell&#8217;Azienda \u00e8 stata garantire salute e sicurezza delle organizzazioni<em> &#8220;Abbiamo ottenuto risultati importanti perch\u00e9 vicini anche nelle avversit\u00e0&#8221;<\/em>. Nel messaggio di fine anno anche le novit\u00e0 innovative come la piattaforma Leonardo, punto di riferimento mondiale per la formazione nell&#8217;ottica per dipendenti e clienti.<em> &#8220;La sostenibilit\u00e0 &#8211; continua Milleri &#8211; \u00e8 oggi un impegno forte dal gruppo, al centro delle strategie. La piattaforma Eyes on the planet raccoglie la visione di sostenibilit\u00e0 attorno a importanti capi saldi come la carbon neutrality, la circolarit\u00e0, l&#8217;accessibilit\u00e0 alle cure della vista nel mondo&#8221;.\u00a0<\/em><\/p>\n\n\t\t\t<style type='text\/css'>\n\t\t\t\t#gallery-1 {\n\t\t\t\t\tmargin: auto;\n\t\t\t\t}\n\t\t\t\t#gallery-1 .gallery-item {\n\t\t\t\t\tfloat: left;\n\t\t\t\t\tmargin-top: 10px;\n\t\t\t\t\ttext-align: center;\n\t\t\t\t\twidth: 50%;\n\t\t\t\t}\n\t\t\t\t#gallery-1 img {\n\t\t\t\t\tborder: 2px solid #cfcfcf;\n\t\t\t\t}\n\t\t\t\t#gallery-1 .gallery-caption {\n\t\t\t\t\tmargin-left: 0;\n\t\t\t\t}\n\t\t\t\t\/* see gallery_shortcode() in wp-includes\/media.php *\/\n\t\t\t<\/style>\n\t\t<div id='gallery-1' class='dt-gallery-container gallery galleryid-249665 gallery-columns-2 gallery-size-medium'><dl class='gallery-item'>\n\t\t\t\t<dt class='gallery-icon portrait'>\n\t\t\t\t\t<a class=\"rollover rollover-zoom dt-pswp-item\" title=\"a777d07f-2635-4615-9c30-cdb0f1db84ab\" data-dt-img-description=\"\" data-large_image_width=\"473\" data-large_image_height=\"1024\"href='https:\/\/www.radiopiu.net\/wordpress\/wp-content\/uploads\/2021\/12\/a777d07f-2635-4615-9c30-cdb0f1db84ab.jpg'><img loading=\"lazy\" decoding=\"async\" width=\"139\" height=\"300\" src=\"https:\/\/www.radiopiu.net\/wordpress\/wp-content\/uploads\/2021\/12\/a777d07f-2635-4615-9c30-cdb0f1db84ab-139x300.jpg\" class=\"attachment-medium size-medium\" alt=\"\" aria-describedby=\"gallery-1-249667\" srcset=\"https:\/\/www.radiopiu.net\/wordpress\/wp-content\/uploads\/2021\/12\/a777d07f-2635-4615-9c30-cdb0f1db84ab-139x300.jpg 139w, https:\/\/www.radiopiu.net\/wordpress\/wp-content\/uploads\/2021\/12\/a777d07f-2635-4615-9c30-cdb0f1db84ab.jpg 473w\" sizes=\"auto, (max-width: 139px) 100vw, 139px\" \/><\/a>\n\t\t\t\t<\/dt>\n\t\t\t\t\t<dd class='wp-caption-text gallery-caption' id='gallery-1-249667'>\n\t\t\t\t\tFRANCESCO MILLERI\n\t\t\t\t\t<\/dd><\/dl><dl class='gallery-item'>\n\t\t\t\t<dt class='gallery-icon portrait'>\n\t\t\t\t\t<a class=\"rollover rollover-zoom dt-pswp-item\" title=\"5729290b-a9e2-435c-b1f9-d879d2dee256\" data-dt-img-description=\"\" data-large_image_width=\"473\" data-large_image_height=\"1024\"href='https:\/\/www.radiopiu.net\/wordpress\/wp-content\/uploads\/2021\/12\/5729290b-a9e2-435c-b1f9-d879d2dee256.jpg'><img loading=\"lazy\" decoding=\"async\" width=\"139\" height=\"300\" src=\"https:\/\/www.radiopiu.net\/wordpress\/wp-content\/uploads\/2021\/12\/5729290b-a9e2-435c-b1f9-d879d2dee256-139x300.jpg\" class=\"attachment-medium size-medium\" alt=\"\" aria-describedby=\"gallery-1-249666\" srcset=\"https:\/\/www.radiopiu.net\/wordpress\/wp-content\/uploads\/2021\/12\/5729290b-a9e2-435c-b1f9-d879d2dee256-139x300.jpg 139w, https:\/\/www.radiopiu.net\/wordpress\/wp-content\/uploads\/2021\/12\/5729290b-a9e2-435c-b1f9-d879d2dee256.jpg 473w\" sizes=\"auto, (max-width: 139px) 100vw, 139px\" \/><\/a>\n\t\t\t\t<\/dt>\n\t\t\t\t\t<dd class='wp-caption-text gallery-caption' id='gallery-1-249666'>\n\t\t\t\t\tPAUL DU SAILLANT\n\t\t\t\t\t<\/dd><\/dl><br style=\"clear: both\" \/>\n\t\t\t<\/div>\n\n<p>&nbsp;<\/p>\n","protected":false},"excerpt":{"rendered":"<p>&nbsp; Se Francesco Milleri avesse potuto salire sul palco del PalaLuxottica lo scorso fine settimana in occasione della grande festa che manca da qualche anno causa covid, sicuramente si sarebbe commosso ringraziando il popolo EssilorLuxottica elencando il potenziale dell&#8217;intero settore prima degli apprezzati auguri di buone feste e felice anno nuovo condivisi con il Presidentissimo&hellip;<\/p>\n","protected":false},"author":4,"featured_media":188841,"comment_status":"closed","ping_status":"open","sticky":false,"template":"","format":"standard","meta":{"_monsterinsights_skip_tracking":false,"_monsterinsights_sitenote_active":false,"_monsterinsights_sitenote_note":"","_monsterinsights_sitenote_category":0,"footnotes":""},"categories":[51,49],"tags":[],"class_list":["post-249665","post","type-post","status-publish","format-standard","has-post-thumbnail","hentry","category-evidenza-top","category-news-18","category-51","category-49","description-off"],"img_url":"https:\/\/www.radiopiu.net\/wordpress\/wp-content\/uploads\/2021\/02\/francesco-milleri_.jpg","_links":{"self":[{"href":"https:\/\/www.radiopiu.net\/wordpress\/wp-json\/wp\/v2\/posts\/249665","targetHints":{"allow":["GET"]}}],"collection":[{"href":"https:\/\/www.radiopiu.net\/wordpress\/wp-json\/wp\/v2\/posts"}],"about":[{"href":"https:\/\/www.radiopiu.net\/wordpress\/wp-json\/wp\/v2\/types\/post"}],"author":[{"embeddable":true,"href":"https:\/\/www.radiopiu.net\/wordpress\/wp-json\/wp\/v2\/users\/4"}],"replies":[{"embeddable":true,"href":"https:\/\/www.radiopiu.net\/wordpress\/wp-json\/wp\/v2\/comments?post=249665"}],"version-history":[{"count":0,"href":"https:\/\/www.radiopiu.net\/wordpress\/wp-json\/wp\/v2\/posts\/249665\/revisions"}],"wp:featuredmedia":[{"embeddable":true,"href":"https:\/\/www.radiopiu.net\/wordpress\/wp-json\/wp\/v2\/media\/188841"}],"wp:attachment":[{"href":"https:\/\/www.radiopiu.net\/wordpress\/wp-json\/wp\/v2\/media?parent=249665"}],"wp:term":[{"taxonomy":"category","embeddable":true,"href":"https:\/\/www.radiopiu.net\/wordpress\/wp-json\/wp\/v2\/categories?post=249665"},{"taxonomy":"post_tag","embeddable":true,"href":"https:\/\/www.radiopiu.net\/wordpress\/wp-json\/wp\/v2\/tags?post=249665"}],"curies":[{"name":"wp","href":"https:\/\/api.w.org\/{rel}","templated":true}]}}