{"id":249686,"date":"2021-12-22T05:56:26","date_gmt":"2021-12-22T04:56:26","guid":{"rendered":"https:\/\/www.radiopiu.net\/wordpress\/?p=249686"},"modified":"2021-12-22T06:06:50","modified_gmt":"2021-12-22T05:06:50","slug":"un-centro-tamponi-a-falcade-per-turisti-atleti-operatori-del-comparto","status":"publish","type":"post","link":"https:\/\/www.radiopiu.net\/wordpress\/un-centro-tamponi-a-falcade-per-turisti-atleti-operatori-del-comparto\/","title":{"rendered":"UN CENTRO TAMPONI A FALCADE PER TURISTI, ATLETI, OPERATORI DEL COMPARTO"},"content":{"rendered":"<p><strong><img loading=\"lazy\" decoding=\"async\" class=\"alignleft\" src=\"https:\/\/www.radiopiu.net\/wordpress\/wp-content\/uploads\/2021\/11\/SANDRA.jpg\" width=\"226\" height=\"169\" \/>FALCADE\u00a0<\/strong> Da d<u>omenica <\/u>\u00a0per tutta la stagione invernale, sar\u00e0 attivo un centro tamponi a Falcade, prioritariamente per i turisti, atleti e operatori del comparto turistico della Val del Biois. Il servizio sar\u00e0 prestato da personale infermieristico con il coordinamento della\u00a0 Dott.ssa Mariagrazia Diana.\u00a0 <u>Solo su prenotazione<\/u>\u00a0 telefonando\u00a0 al 3534346204. Prenotazione dalle\u00a0 8.30 \u00a0 alle\u00a0 11.30\u00a0 e dalle\u00a0 \u00a015.30 alle 18. Il centro sar\u00e0 aperto: il marted\u00ec, il gioved\u00ec, il venerd\u00ec e la domenica dalle 18.00 ca ( domenica 26 dicembre dalle 16.00 &#8211; venerd\u00ec 31 dicembre dalle ore 15.00 ) presso il PalaFalcade, in via Trieste 23 a Falcade.\u00a0 <u><\/u>Il\u00a0 pagamento avverr\u00e0 il loco in contanti o con pos all&#8217;erogazione del servizio. Italiani \u20ac 15.00 , stranieri \u20ac 22.00.\u00a0 La permanenza del servizio sul territorio sar\u00e0 garantita per tutta la stagione solo fino a quando l&#8217;afflusso di utenti sar\u00e0 tale da assicurare la copertura dei costi del servizio.<\/p>\n<a href=\"https:\/\/www.radiopiu.net\/wordpress\/wp-content\/uploads\/2021\/12\/covid-point-tamponi.pdf\" class=\"pdfemb-viewer\" style=\"\" data-width=\"max\" data-height=\"max\" data-toolbar=\"top\" data-toolbar-fixed=\"on\">covid point tamponi<\/a>\n","protected":false},"excerpt":{"rendered":"<p>FALCADE\u00a0 Da domenica \u00a0per tutta la stagione invernale, sar\u00e0 attivo un centro tamponi a Falcade, prioritariamente per i turisti, atleti e operatori del comparto turistico della Val del Biois. Il servizio sar\u00e0 prestato da personale infermieristico con il coordinamento della\u00a0 Dott.ssa Mariagrazia Diana.\u00a0 Solo su prenotazione\u00a0 telefonando\u00a0 al 3534346204. Prenotazione dalle\u00a0 8.30 \u00a0 alle\u00a0 11.30\u00a0&hellip;<\/p>\n","protected":false},"author":4,"featured_media":245513,"comment_status":"closed","ping_status":"open","sticky":false,"template":"","format":"standard","meta":{"_monsterinsights_skip_tracking":false,"_monsterinsights_sitenote_active":false,"_monsterinsights_sitenote_note":"","_monsterinsights_sitenote_category":0,"footnotes":""},"categories":[51,49],"tags":[],"class_list":["post-249686","post","type-post","status-publish","format-standard","has-post-thumbnail","hentry","category-evidenza-top","category-news-18","category-51","category-49","description-off"],"img_url":"https:\/\/www.radiopiu.net\/wordpress\/wp-content\/uploads\/2021\/11\/SANDRA.jpg","_links":{"self":[{"href":"https:\/\/www.radiopiu.net\/wordpress\/wp-json\/wp\/v2\/posts\/249686","targetHints":{"allow":["GET"]}}],"collection":[{"href":"https:\/\/www.radiopiu.net\/wordpress\/wp-json\/wp\/v2\/posts"}],"about":[{"href":"https:\/\/www.radiopiu.net\/wordpress\/wp-json\/wp\/v2\/types\/post"}],"author":[{"embeddable":true,"href":"https:\/\/www.radiopiu.net\/wordpress\/wp-json\/wp\/v2\/users\/4"}],"replies":[{"embeddable":true,"href":"https:\/\/www.radiopiu.net\/wordpress\/wp-json\/wp\/v2\/comments?post=249686"}],"version-history":[{"count":0,"href":"https:\/\/www.radiopiu.net\/wordpress\/wp-json\/wp\/v2\/posts\/249686\/revisions"}],"wp:featuredmedia":[{"embeddable":true,"href":"https:\/\/www.radiopiu.net\/wordpress\/wp-json\/wp\/v2\/media\/245513"}],"wp:attachment":[{"href":"https:\/\/www.radiopiu.net\/wordpress\/wp-json\/wp\/v2\/media?parent=249686"}],"wp:term":[{"taxonomy":"category","embeddable":true,"href":"https:\/\/www.radiopiu.net\/wordpress\/wp-json\/wp\/v2\/categories?post=249686"},{"taxonomy":"post_tag","embeddable":true,"href":"https:\/\/www.radiopiu.net\/wordpress\/wp-json\/wp\/v2\/tags?post=249686"}],"curies":[{"name":"wp","href":"https:\/\/api.w.org\/{rel}","templated":true}]}}