{"id":249707,"date":"2021-12-23T06:00:38","date_gmt":"2021-12-23T05:00:38","guid":{"rendered":"https:\/\/www.radiopiu.net\/wordpress\/?p=249707"},"modified":"2021-12-23T10:19:17","modified_gmt":"2021-12-23T09:19:17","slug":"giornale-radiopiu-23-dicembre-2021-direttore-mirko-mezzacasa","status":"publish","type":"post","link":"https:\/\/www.radiopiu.net\/wordpress\/giornale-radiopiu-23-dicembre-2021-direttore-mirko-mezzacasa\/","title":{"rendered":"GIORNALE RADIOPIU 23 DICEMBRE 2021 DIRETTORE MIRKO MEZZACASA"},"content":{"rendered":"<h3 class=\"kvgmc6g5 cxmmr5t8 oygrvhab hcukyx3x c1et5uql\"><span style=\"color: #0000ff;\"><strong>INFORMAZIONE il canale su TELEGRAM informazione di prima mano e in tempo reale. iscriviti ed aiutaci a farlo conoscere\u00a0 \u00a0<\/strong><\/span><\/h3>\n<div>\n<div class=\"pybr56ya dati1w0a hv4rvrfc n851cfcs btwxx1t3 j83agx80 ll8tlv6m\">\n<div class=\"buofh1pr\">\n<div class=\"j83agx80 cbu4d94t ew0dbk1b irj2b8pg\">\n<div class=\"qzhwtbm6 knvmm38d\">\n<h2 class=\"gmql0nx0 l94mrbxd p1ri9a11 lzcic4wl aahdfvyu hzawbc8m\"><span class=\"nc684nl6\"><a class=\"oajrlxb2 g5ia77u1 qu0x051f esr5mh6w e9989ue4 r7d6kgcz rq0escxv nhd2j8a9 nc684nl6 p7hjln8o kvgmc6g5 cxmmr5t8 oygrvhab hcukyx3x jb3vyjys rz4wbd8a qt6c0cv9 a8nywdso i1ao9s8h esuyzwwr f1sip0of lzcic4wl gpro0wi8 oo9gr5id lrazzd5p\" tabindex=\"0\" role=\"link\" href=\"https:\/\/www.facebook.com\/donnavventura\/?__cft__[0]=AZXp5UcsvY0zauVb65BrDEN9MdY5N-WyDi8dNP9k2wVhsPewEINJX1PKAXuSZueWlu2wDDqO3dnNnkOXTKGVzO-KHQ4JInE0kyt4L2o7gL5I7CZ96gRxW8byjULAmgtBTd6nP9bZvzmKKgBW-dmwWXNo&amp;__tn__=-UC%2CP-R\"><strong>Donnavventura<\/strong><\/a><\/span><span class=\"l9j0dhe7 h3qc4492\">\u00a0 a FALCADE,\u00a0 <\/span><span class=\"jpp8pzdo\" style=\"font-size: 14px; font-weight: normal;\"><span aria-hidden=\"true\">\u00a0\u00a0<\/span><\/span>Giorgia ormai esperta &#8230; <a class=\"oajrlxb2 g5ia77u1 qu0x051f esr5mh6w e9989ue4 r7d6kgcz rq0escxv nhd2j8a9 nc684nl6 p7hjln8o kvgmc6g5 cxmmr5t8 oygrvhab hcukyx3x jb3vyjys rz4wbd8a qt6c0cv9 a8nywdso i1ao9s8h esuyzwwr f1sip0of lzcic4wl gpro0wi8 q66pz984 b1v8xokw\" style=\"font-size: 14px; font-weight: normal;\" tabindex=\"0\" role=\"link\" href=\"https:\/\/www.facebook.com\/hashtag\/sleddiogfalcade?__eep__=6&amp;__cft__[0]=AZXp5UcsvY0zauVb65BrDEN9MdY5N-WyDi8dNP9k2wVhsPewEINJX1PKAXuSZueWlu2wDDqO3dnNnkOXTKGVzO-KHQ4JInE0kyt4L2o7gL5I7CZ96gRxW8byjULAmgtBTd6nP9bZvzmKKgBW-dmwWXNo&amp;__tn__=*NK-R\">SleddiogFalcade<\/a> <a class=\"oajrlxb2 g5ia77u1 qu0x051f esr5mh6w e9989ue4 r7d6kgcz rq0escxv nhd2j8a9 nc684nl6 p7hjln8o kvgmc6g5 cxmmr5t8 oygrvhab hcukyx3x jb3vyjys rz4wbd8a qt6c0cv9 a8nywdso i1ao9s8h esuyzwwr f1sip0of lzcic4wl gpro0wi8 q66pz984 b1v8xokw\" style=\"font-size: 14px; font-weight: normal;\" tabindex=\"0\" role=\"link\" href=\"https:\/\/www.facebook.com\/Falcade\/?__cft__[0]=AZXp5UcsvY0zauVb65BrDEN9MdY5N-WyDi8dNP9k2wVhsPewEINJX1PKAXuSZueWlu2wDDqO3dnNnkOXTKGVzO-KHQ4JInE0kyt4L2o7gL5I7CZ96gRxW8byjULAmgtBTd6nP9bZvzmKKgBW-dmwWXNo&amp;__tn__=kK-R\"><span class=\"nc684nl6\">Falcade Dolomiti<\/span><\/a><span style=\"font-size: 14px; font-weight: normal;\"> &#8211; <\/span><a class=\"oajrlxb2 g5ia77u1 qu0x051f esr5mh6w e9989ue4 r7d6kgcz rq0escxv nhd2j8a9 nc684nl6 p7hjln8o kvgmc6g5 cxmmr5t8 oygrvhab hcukyx3x jb3vyjys rz4wbd8a qt6c0cv9 a8nywdso i1ao9s8h esuyzwwr f1sip0of lzcic4wl gpro0wi8 q66pz984 b1v8xokw\" style=\"font-size: 14px; font-weight: normal;\" tabindex=\"0\" role=\"link\" href=\"https:\/\/www.facebook.com\/infodolomiti\/?__cft__[0]=AZXp5UcsvY0zauVb65BrDEN9MdY5N-WyDi8dNP9k2wVhsPewEINJX1PKAXuSZueWlu2wDDqO3dnNnkOXTKGVzO-KHQ4JInE0kyt4L2o7gL5I7CZ96gRxW8byjULAmgtBTd6nP9bZvzmKKgBW-dmwWXNo&amp;__tn__=kK-R\"><span class=\"nc684nl6\">Dolomiti the Mountains of Venice\u00a0<\/span><\/a><\/h2>\n\n\t\t\t<style type='text\/css'>\n\t\t\t\t#gallery-1 {\n\t\t\t\t\tmargin: auto;\n\t\t\t\t}\n\t\t\t\t#gallery-1 .gallery-item {\n\t\t\t\t\tfloat: left;\n\t\t\t\t\tmargin-top: 10px;\n\t\t\t\t\ttext-align: center;\n\t\t\t\t\twidth: 50%;\n\t\t\t\t}\n\t\t\t\t#gallery-1 img {\n\t\t\t\t\tborder: 2px solid #cfcfcf;\n\t\t\t\t}\n\t\t\t\t#gallery-1 .gallery-caption {\n\t\t\t\t\tmargin-left: 0;\n\t\t\t\t}\n\t\t\t\t\/* see gallery_shortcode() in wp-includes\/media.php *\/\n\t\t\t<\/style>\n\t\t<div id='gallery-1' class='dt-gallery-container gallery galleryid-249707 gallery-columns-2 gallery-size-medium'><dl class='gallery-item'>\n\t\t\t\t<dt class='gallery-icon landscape'>\n\t\t\t\t\t<a class=\"rollover rollover-zoom dt-pswp-item\" title=\"269057011_10157906386331511_4242031759844260126_n\" data-dt-img-description=\"\" data-large_image_width=\"600\" data-large_image_height=\"577\"href='https:\/\/www.radiopiu.net\/wordpress\/wp-content\/uploads\/2021\/12\/269057011_10157906386331511_4242031759844260126_n.jpg'><img loading=\"lazy\" decoding=\"async\" width=\"300\" height=\"289\" src=\"https:\/\/www.radiopiu.net\/wordpress\/wp-content\/uploads\/2021\/12\/269057011_10157906386331511_4242031759844260126_n-300x289.jpg\" class=\"attachment-medium size-medium\" alt=\"\" srcset=\"https:\/\/www.radiopiu.net\/wordpress\/wp-content\/uploads\/2021\/12\/269057011_10157906386331511_4242031759844260126_n-300x289.jpg 300w, https:\/\/www.radiopiu.net\/wordpress\/wp-content\/uploads\/2021\/12\/269057011_10157906386331511_4242031759844260126_n.jpg 600w\" sizes=\"auto, (max-width: 300px) 100vw, 300px\" \/><\/a>\n\t\t\t\t<\/dt><\/dl><dl class='gallery-item'>\n\t\t\t\t<dt class='gallery-icon landscape'>\n\t\t\t\t\t<a class=\"rollover rollover-zoom dt-pswp-item\" title=\"268936660_10157906386311511_1244701754062618666_n\" data-dt-img-description=\"\" data-large_image_width=\"600\" data-large_image_height=\"522\"href='https:\/\/www.radiopiu.net\/wordpress\/wp-content\/uploads\/2021\/12\/268936660_10157906386311511_1244701754062618666_n.jpg'><img loading=\"lazy\" decoding=\"async\" width=\"300\" height=\"261\" src=\"https:\/\/www.radiopiu.net\/wordpress\/wp-content\/uploads\/2021\/12\/268936660_10157906386311511_1244701754062618666_n-300x261.jpg\" class=\"attachment-medium size-medium\" alt=\"\" srcset=\"https:\/\/www.radiopiu.net\/wordpress\/wp-content\/uploads\/2021\/12\/268936660_10157906386311511_1244701754062618666_n-300x261.jpg 300w, https:\/\/www.radiopiu.net\/wordpress\/wp-content\/uploads\/2021\/12\/268936660_10157906386311511_1244701754062618666_n.jpg 600w\" sizes=\"auto, (max-width: 300px) 100vw, 300px\" \/><\/a>\n\t\t\t\t<\/dt><\/dl><br style=\"clear: both\" \/>\n\t\t\t<\/div>\n\n<p>&nbsp;<\/p>\n<p>&nbsp;<\/p>\n<p>&nbsp;<\/p>\n<\/div>\n<\/div>\n<\/div>\n<\/div>\n<\/div>\n<hr \/>\n<p>&nbsp;<\/p>\n<div class=\"page-title-head hgroup\">\n<blockquote>\n<h3 class=\"entry-title\">ANCORA IN CRESCITA I CONTAGI A LIVINALLONGO, SEMPRE PIU&#8217; &#8220;PULITA&#8221; LA VALLE DEL BIOIS<\/h3>\n<p><strong><span style=\"color: #ff0000;\">AGGIORNAMENTO COVID\u00a0 DAI COMUNI AGORDINI<\/span><\/strong>\u00a0<strong>LIVINALLONGO<\/strong> 51 positivi 49 in quarantena <strong>FALCADE<\/strong> 1 positivo 2 in quarantena,\u00a0 <strong>VOLTAGO<\/strong> 0 positivi 2\u00a0 in quarantena, <strong>ROCCA PIETORE<\/strong> 17 postitivi 10 in quaratena <strong>GOSALDO<\/strong> 5 positivi 1 in quarantena <strong>ALLEGHE<\/strong> 8 positivi 10 in quarantena \u00a0<strong>CENCENIGHE<\/strong> 7 positivi 5 in quarantena <strong>CANALE D&#8217;AGORDO<\/strong> 8 positivi <strong>TAIBON<\/strong> 14 positivi 20 isolamento <strong>LA VALLE<\/strong> 16 \u00a0 positivi 7 in quarantena <strong>AGORDO<\/strong> 22 positivi 19 in quarantena\u00a0 <strong>SELVA DI CADORE<\/strong> 2 positivi <strong>SAN TOMASO<\/strong> 2 casi\u00a0 <strong>RIVAMONTE<\/strong> 2 positivi 5 in quarantena <strong>COLLE SANTA LUCIA<\/strong> 3 positivi<strong> VALLADA <\/strong>3 positivi 5 in quarantena<\/p><\/blockquote>\n<\/div>\n<p><a href=\"https:\/\/www.radiopiu.net\/wordpress\/casicovid1\/2d7d266b-ea77-4c27-9b10-7067b393f807\/\" rel=\"attachment wp-att-249615\"><img loading=\"lazy\" decoding=\"async\" class=\"alignnone wp-image-249615\" src=\"https:\/\/www.radiopiu.net\/wordpress\/wp-content\/uploads\/2021\/12\/2d7d266b-ea77-4c27-9b10-7067b393f807-300x185.jpg\" alt=\"\" width=\"431\" height=\"266\" srcset=\"https:\/\/www.radiopiu.net\/wordpress\/wp-content\/uploads\/2021\/12\/2d7d266b-ea77-4c27-9b10-7067b393f807-300x185.jpg 300w, https:\/\/www.radiopiu.net\/wordpress\/wp-content\/uploads\/2021\/12\/2d7d266b-ea77-4c27-9b10-7067b393f807.jpg 586w\" sizes=\"auto, (max-width: 431px) 100vw, 431px\" \/><\/a><\/p>\n<p>&nbsp;<\/p>\n<hr \/>\n<p>&nbsp;<\/p>\n<blockquote>\n<h3>UN PROBLEMA IN MENO PER I GENITORI DEGLI ALUNNI DELLA PRIMARIA DI CENCENIGHE<\/h3>\n<\/blockquote>\n<p>&nbsp;<\/p>\n<p><strong>CENCENIGHE<\/strong><em> &#8220;Sembra ci abbiano ascoltato<\/em>&#8221; dice una mamma segnalandoci che il tampone di controllo agli alunni della Primaria di Cencenighe\u00a0 sar\u00e0 effettuato ad Agordo, non pi\u00f9 come il primo a Belluno con evidenti disagi. La bella notizia comunicata dal team scuola<\/p>\n<p>&nbsp;<\/p>\n<p><a href=\"https:\/\/www.radiopiu.net\/wordpress\/un-problema-in-meno-per-i-genitori-degli-alunni-della-primaria-di-cencenighe\/dcc684e2-a59b-46fa-9b92-37a0e9ca02f3\/\" rel=\"attachment wp-att-249866\"><img loading=\"lazy\" decoding=\"async\" class=\"alignnone size-medium wp-image-249866\" src=\"https:\/\/www.radiopiu.net\/wordpress\/wp-content\/uploads\/2021\/12\/dcc684e2-a59b-46fa-9b92-37a0e9ca02f3-182x300.jpg\" alt=\"\" width=\"182\" height=\"300\" srcset=\"https:\/\/www.radiopiu.net\/wordpress\/wp-content\/uploads\/2021\/12\/dcc684e2-a59b-46fa-9b92-37a0e9ca02f3-182x300.jpg 182w, https:\/\/www.radiopiu.net\/wordpress\/wp-content\/uploads\/2021\/12\/dcc684e2-a59b-46fa-9b92-37a0e9ca02f3-620x1024.jpg 620w, https:\/\/www.radiopiu.net\/wordpress\/wp-content\/uploads\/2021\/12\/dcc684e2-a59b-46fa-9b92-37a0e9ca02f3-768x1269.jpg 768w, https:\/\/www.radiopiu.net\/wordpress\/wp-content\/uploads\/2021\/12\/dcc684e2-a59b-46fa-9b92-37a0e9ca02f3-929x1536.jpg 929w, https:\/\/www.radiopiu.net\/wordpress\/wp-content\/uploads\/2021\/12\/dcc684e2-a59b-46fa-9b92-37a0e9ca02f3.jpg 968w\" sizes=\"auto, (max-width: 182px) 100vw, 182px\" \/><\/a><\/p>\n<p>&nbsp;<\/p>\n<p>&nbsp;<\/p>\n<hr \/>\n<blockquote>\n<h3><\/h3>\n<h3>A LONGARONE SEZIONI CHIUSE AL NIDO E ALLA MATERNA<\/h3>\n<\/blockquote>\n<p><strong><img decoding=\"async\" class=\"alignleft\" src=\"https:\/\/www.radiopiu.net\/wordpress\/wp-content\/uploads\/2021\/12\/download-7.jpg\" \/>LONGARONE<\/strong> Natale in quarantena per alcune famiglie del Comune, a darne notizia il sindaco Roberto Padrin dalla personale pagina Facebook.<\/p>\n<blockquote><p><em>&#8220;Carissimi, purtroppo mi spiace fare questa comunicazione a pochi giorni dal Natale che per alcune nostre famiglie sar\u00e0 in quarantena. Ad oggi il numero di nostri cittadini positivi \u00e8 salito a 33 con 45 in isolamento e un paio in ospedale. Abbiamo dovuto chiudere sezioni all\u2019asilo nido e alla scuola materna \u201cLauro\u201d. Grazie ai nostri medici di base luned\u00ec 27 pomeriggio abbiamo attivato una seduta vaccinale al Centro culturale dalle 15 alle 17.30. \u00c8 ancora un momento difficile e vi chiedo ancora massima attenzione con un particolare e caloroso saluto a chi sta male&#8221;.\u00a0<\/em><\/p>\n<p>&nbsp;<\/p><\/blockquote>\n<hr \/>\n<p>&nbsp;<\/p>\n<blockquote>\n<h3>CROCE VERDE VAL BIOIS, A SINGHIOZZO FINO AL 31 DICEMBRE<\/h3>\n<\/blockquote>\n<p><strong><img loading=\"lazy\" decoding=\"async\" class=\"alignleft\" src=\"https:\/\/www.radiopiu.net\/wordpress\/wp-content\/uploads\/2020\/06\/download-36.jpg\" width=\"205\" height=\"112\" \/> <\/strong><\/p>\n<p><strong>\u00a0<\/strong><\/p>\n<p><strong>FALCADE<\/strong> Giorni e orari in cui l&#8217;emergenza della Croce Verde Val Biois non \u00e8 garantita: OGGI dalle ore 6:00 alle ore 20:00; VENERDI&#8217; 24 DICEMBRE dalle roe 6:00 alle ore 20:00; LUNEDI&#8217; 27 DICEMBRE 2021 dalle ore 20:00 alle ore 6 di MARTEDI&#8217; 28 DICEMBRE 2021<\/p>\n<p>&nbsp;<\/p>\n<p>&nbsp;<\/p>\n<hr \/>\n<p>&nbsp;<\/p>\n<blockquote>\n<h3><a href=\"https:\/\/www.radiopiu.net\/wordpress\/giornale-radiopiu-22-dicembre-2021-direttore-mirko-mezzacasa\/269591756_10159781296633967_1169632828734613633_n\/\" rel=\"attachment wp-att-249738\"><img loading=\"lazy\" decoding=\"async\" class=\"wp-image-249738 alignleft\" src=\"https:\/\/www.radiopiu.net\/wordpress\/wp-content\/uploads\/2021\/12\/269591756_10159781296633967_1169632828734613633_n-300x300.jpg\" alt=\"\" width=\"154\" height=\"154\" srcset=\"https:\/\/www.radiopiu.net\/wordpress\/wp-content\/uploads\/2021\/12\/269591756_10159781296633967_1169632828734613633_n-300x300.jpg 300w, https:\/\/www.radiopiu.net\/wordpress\/wp-content\/uploads\/2021\/12\/269591756_10159781296633967_1169632828734613633_n-150x150.jpg 150w, https:\/\/www.radiopiu.net\/wordpress\/wp-content\/uploads\/2021\/12\/269591756_10159781296633967_1169632828734613633_n.jpg 640w\" sizes=\"auto, (max-width: 154px) 100vw, 154px\" \/><\/a>OGGI L&#8217;ULTIMO SALUTO A MARIO IL BUONO<\/h3>\n<\/blockquote>\n<p><strong>AGORDO<\/strong> Oggi alle 14 nella chiesa Arcidiaconale ultimo saluto a Mario Bogo con una comunit\u00e0 che parteciper\u00e0 al dolore del \u00a0fratello Walter con la moglie Adriana, i nipoti Luigi, Sabrina e Andrea. I familiari hanno porto un particolare ringraziamento ai medici e al personale del polifunzionale Asca di Agordo.<\/p>\n<p>&nbsp;<\/p>\n<p><strong>Monsignor Giorgio Lise gi\u00e0 Arcidiacono ad Agordo<\/strong><\/p>\n<div>\n<div class=\"bvz0fpym c1et5uql q9uorilb sf5mxxl7\">\n<div class=\"_680y\">\n<div class=\"_6cuy\">\n<div class=\"b3i9ofy5 e72ty7fz qlfml3jp inkptoze qmr60zad rq0escxv oo9gr5id q9uorilb kvgmc6g5 cxmmr5t8 oygrvhab hcukyx3x d2edcug0 jm1wdb64 l9j0dhe7 l3itjdph qv66sw1b\">\n<div class=\"tw6a2znq sj5x9vvc d1544ag0 cxgpxx05\">\n<div class=\"ecm0bbzt e5nlhep0 a8c37x1j\">\n<div class=\"kvgmc6g5 cxmmr5t8 oygrvhab hcukyx3x c1et5uql\">\n<blockquote>\n<div dir=\"auto\"><em>Conservo un bellissimo ricordo di Mario, della sua gioiosa insistenza nel chiedermi la paghetta domenicale.\u2026 Che gli davo volentieri.a sofferto molto per la morte di Ernestina della quale mi chiedeva spesso\u2026 Notizie: dov\u2019era, se\u00a0 era contenta. Davvero un semplice di cuore. Ora ha celebrato la sua nascita al cielo. Ciao Mario e un abbraccio come mi davi tu, sempre affettuoso e sincero<\/em><\/div>\n<\/blockquote>\n<\/div>\n<\/div>\n<\/div>\n<\/div>\n<\/div>\n<div class=\"_6cuq\">\n<div class=\"oajrlxb2 g5ia77u1 qu0x051f esr5mh6w e9989ue4 r7d6kgcz rq0escxv nhd2j8a9 nc684nl6 p7hjln8o kvgmc6g5 cxmmr5t8 oygrvhab hcukyx3x jb3vyjys rz4wbd8a qt6c0cv9 a8nywdso i1ao9s8h esuyzwwr f1sip0of n00je7tq arfg74bv qs9ysxi8 k77z8yql l9j0dhe7 abiwlrkh p8dawk7l lzcic4wl\" tabindex=\"0\" role=\"button\" aria-label=\"5 reazioni; scopri chi ha aggiunto la sua reazione qui\">\n<div class=\"hyh9befq r8blr3vg n8tt0mok jwdofwj8 gl3lb2sf r9r71o1u j83agx80 ns4ygwem fykbt5ly hgaippwi fni8adji bp9cbjyn jkio9rs9 hn33210v\">\n<div class=\"b3onmgus rl25f0pe j83agx80 bp9cbjyn\"><\/div>\n<\/div>\n<\/div>\n<\/div>\n<\/div>\n<\/div>\n<\/div>\n<p>&nbsp;<\/p>\n<hr \/>\n<blockquote>\n<h3 class=\"entry-title\"><\/h3>\n<h2>SCONGIURATA LA CHIUSURA TOTALE DELLA GALLERIA COMELICO, ANAS ASCOLTA IL TERRITORIO<\/h2>\n<p>&nbsp;<\/p><\/blockquote>\n<p><strong><img decoding=\"async\" class=\"alignleft\" src=\"https:\/\/www.radiopiu.net\/wordpress\/wp-content\/uploads\/2021\/12\/download-5.jpg\" \/>DI MORENO GIOLI<\/strong><\/p>\n<p>BELLUNO<\/p>\n<audio class=\"wp-audio-shortcode\" id=\"audio-249707-1\" preload=\"none\" style=\"width: 100%;\" controls=\"controls\"><source type=\"audio\/mpeg\" src=\"https:\/\/www.radiopiu.net\/wordpress\/wp-content\/uploads\/2021\/12\/MORENO.mp3?_=1\" \/><a href=\"https:\/\/www.radiopiu.net\/wordpress\/wp-content\/uploads\/2021\/12\/MORENO.mp3\">https:\/\/www.radiopiu.net\/wordpress\/wp-content\/uploads\/2021\/12\/MORENO.mp3<\/a><\/audio>\n<p>&nbsp;<\/p>\n<blockquote>\n<h3>A BREVE IL TAVOLO TECNICO PER CONCORDARE TEMPI E MODALITA&#8217; DI CHIUSURA<\/h3>\n<h3>\u00abSono vicino alle amministrazioni del Comelico. Il gioco di squadra tra sindaci e Provincia \u00e8 chiamato a scongiurare questo rischio\u00bb.<\/h3>\n<\/blockquote>\n<p><strong><a href=\"https:\/\/www.radiopiu.net\/wordpress\/il-nuovo-step-della-fase-2-ci-veda-propositivi-e-uniti-la-provincia-puo-fare-da-collettore-di-tutte-le-esigenze-e-le-idee-che-emergono-dal-nostro-territorio\/padrin-64\/\" rel=\"attachment wp-att-138417\"><img loading=\"lazy\" decoding=\"async\" class=\"size-medium wp-image-138417 alignleft\" src=\"https:\/\/www.radiopiu.net\/wordpress\/wp-content\/uploads\/2020\/05\/PADRIN-1-300x225.jpg\" alt=\"\" width=\"300\" height=\"225\" srcset=\"https:\/\/www.radiopiu.net\/wordpress\/wp-content\/uploads\/2020\/05\/PADRIN-1-300x225.jpg 300w, https:\/\/www.radiopiu.net\/wordpress\/wp-content\/uploads\/2020\/05\/PADRIN-1-1024x768.jpg 1024w, https:\/\/www.radiopiu.net\/wordpress\/wp-content\/uploads\/2020\/05\/PADRIN-1-768x576.jpg 768w, https:\/\/www.radiopiu.net\/wordpress\/wp-content\/uploads\/2020\/05\/PADRIN-1-1536x1152.jpg 1536w, https:\/\/www.radiopiu.net\/wordpress\/wp-content\/uploads\/2020\/05\/PADRIN-1-2048x1536.jpg 2048w\" sizes=\"auto, (max-width: 300px) 100vw, 300px\" \/><\/a>BELLUNO\u00a0<\/strong> <em>\u00abLa preoccupazione \u00e8 forte: non possiamo permetterci di tenere isolato il Comelico per un periodo prolungato. Auspico una soluzione il pi\u00f9 possibile indolore\u00bb.<\/em> \u00c8 quanto afferma il presidente della Provincia di Belluno Roberto Padrin a margine dell\u2019incontro tra sindaci e Anas avvenuto\u00a0 in Prefettura. Sul tavolo, la questione dei lavori alla galleria Comelico in partenza in primavera.<br \/>\n\u00abLa messa in sicurezza del tunnel rimane la priorit\u00e0. Ma subito dopo c\u2019\u00e8 la questione della viabilit\u00e0 di collegamento con il Comelico\u00bb afferma il presidente Padrin. \u00abEsclusa la chiusura della galleria per un anno e mezzo, vanno limitati al massimo i disagi per i residenti, per le attivit\u00e0 economiche e produttive, per gli studenti delle scuole. In tal senso, il tavolo tecnico delle prossime settimane avr\u00e0 un compito fondamentale\u00bb. Dalla riunione in Prefettura infatti \u00e8 stata condivisa la convocazione di un tavolo sindaci-Anas, proprio per discutere delle modalit\u00e0 e dei tempi di chiusura della galleria, insieme alla viabilit\u00e0 alternativa.<br \/>\n\u00abLa soluzione della seconda canna va valutata, ma i tempi di realizzazione sembrano non collimare con le esigenze della messa in sicurezza dell\u2019attuale tunnel\u00bb sottolinea il presidente Padrin. \u00abDa valutare anche il recupero della vecchia strada \u201cdella Val\u201d, ma anche in questo caso, autorizzazioni e competenze che richiedono tempi ampi; in ogni caso, si tratta di una strada da mettere in sicurezza per avere comunque un\u2019alternativa\u00bb.<\/p>\n<p>&nbsp;<\/p>\n<p>&nbsp;<\/p>\n<blockquote>\n<h2>Galleria Comelico, D\u2019Inc\u00e0: \u201cConfronto con Anas positivo, al lavoro per limitare i disagi del territorio\u201d<\/h2>\n<\/blockquote>\n<p>L&#8217;INTERVENTO, di\u00a0 FEDERICO D&#8217;INCA&#8217;<\/p>\n<blockquote><p><em>\u201cIl tavolo in prefettura \u00e8 stato particolarmente importante per chiarire le possibili modalit\u00e0 di intervento e le eventuali soluzioni per il traffico nella galleria del Comelico. Scongiurata l\u2019ipotesi di una chiusura totale, abbiamo compreso la necessit\u00e0 dei lavori con un investimento economico molto significativo in una galleria costruita 40 anni fa: ritengo che la disponibilit\u00e0 di Anas nel trovare e valutare possibili proposte per limitare i disagi alla comunit\u00e0 sia stata positiva\u201d. Dopo l\u2019incontro della scorsa settimana con i sindaci del Comelico, mi sono relazionato con Anas per portare le istanze del territorio e per ottenere maggiore chiarezza sugli interventi dedicati alla Galleria \u2013 prosegue il Ministro D\u2019Inc\u00e0, che aggiunge -: ho fatto presente come il tema fosse particolarmente sentito, anche tra i giovani che ho incontrato a scuola, preoccupati per il possibile isolamento. Oggi, la nascita di un tavolo tecnico permanente sull\u2019andamento dei lavori \u00e8 indubbiamente utile per un continuo confronto sulla situazione: \u00e8 fondamentale salvare il tessuto socio economico del Comelico, garantendo certezze sotto il profilo sanitario e scolastico\u201d. D\u2019Inc\u00e0 ritiene che \u201cil dialogo con Anas e i territori debba rimanere costante: personalmente contribuir\u00f2 a fare da raccordo tra la Societ\u00e0, le istituzioni del territorio e il Governo in modo da favorire tutte le azioni necessarie a trovare una soluzione\u201d.<\/em><\/p><\/blockquote>\n<p>&nbsp;<\/p>\n<p>&nbsp;<\/p>\n<p>&nbsp;<\/p>\n<hr \/>\n<blockquote><p>&nbsp;<\/p>\n<h3>APPROVATO IL PROGETTO DEFINITIVO DA 8 MILIONI DI EURO PER IL PONTE SUL PIAVE A LAMBIOI<\/h3>\n<h3><strong style=\"font-size: 14px;\"><a href=\"https:\/\/www.radiopiu.net\/wordpress\/giornale-radiopiu-23-dicembre-2021-direttore-mirko-mezzacasa\/ponte7\/\" rel=\"attachment wp-att-249901\"><br \/>\n<img loading=\"lazy\" decoding=\"async\" class=\"alignleft\" src=\"https:\/\/www.radiopiu.net\/wordpress\/wp-content\/uploads\/2021\/12\/dsc_0045.webp\" width=\"176\" height=\"117\" \/><br \/>\n<\/a><\/strong><\/h3>\n<\/blockquote>\n<p><strong>BELLUNO<\/strong><\/p>\n<p><strong>DI MORENO GIOLI<\/strong><\/p>\n<p>&nbsp;<\/p>\n<audio class=\"wp-audio-shortcode\" id=\"audio-249707-2\" preload=\"none\" style=\"width: 100%;\" controls=\"controls\"><source type=\"audio\/mpeg\" src=\"https:\/\/www.radiopiu.net\/wordpress\/wp-content\/uploads\/2021\/12\/PROGETTO-PIAVE.mp3?_=2\" \/><a href=\"https:\/\/www.radiopiu.net\/wordpress\/wp-content\/uploads\/2021\/12\/PROGETTO-PIAVE.mp3\">https:\/\/www.radiopiu.net\/wordpress\/wp-content\/uploads\/2021\/12\/PROGETTO-PIAVE.mp3<\/a><\/audio>\n<blockquote><p>&nbsp;<\/p><\/blockquote>\n<p>&nbsp;<\/p>\n<hr \/>\n<p>&nbsp;<\/p>\n<h3 class=\"entry-title\">DILLO A RADIO PIU\u2019\u202660 MILIONI PER IL BOB \u201cLA POLITICA INDUSTRIALE PER RILANCIARE IL PAESE?\u201d<\/h3>\n<p><strong>REDAZIONE<\/strong>\u00a0Da sempre Stefano Bona della Fiom Cgil \u00e8 a fianco\u00a0 (anche) dei lavoratori della Acc di Mel. Conosce tutte le vicende, ha battagliato, scritto, parlato, si \u00e8 scontrato a tutti i livelli a difesa delle famiglie della Valbelluna che dipendono dall\u2019azienda di Borgo Valbelluna. Bona oggi riflette sulle ultime decisioni politiche in ottica Olimpiadi 2026 a Cortina-Milano.<\/p>\n<p>&nbsp;<\/p>\n<blockquote><p><em><a href=\"https:\/\/www.radiopiu.net\/wordpress\/acc-consegna-i-compressori-gesto-simbolico-dai-grandi-significati\/download-1114\/\" rel=\"attachment wp-att-197665\"><img loading=\"lazy\" decoding=\"async\" class=\" wp-image-197665 alignleft\" src=\"https:\/\/www.radiopiu.net\/wordpress\/wp-content\/uploads\/2021\/03\/download-2.jpg\" alt=\"\" width=\"184\" height=\"103\" \/><\/a>\u201cSessanta milioni di euro autorizzati per la realizzazione della pista del Bob a Cortina e la sistemazione del trampolino. Al contrario per garantire lavoro e relativi stipendi ai 300 lavoratori di Acc\u00a0 il governo non \u00e8 riuscito a trovare alcun strumento per il sostentamento finanziario della fabbrica, portandola all\u2019asfissia finanziaria e al conseguente fermo delle produzioni pur in presenza di clienti e relativi volumi. Tutto ci\u00f2 risponde ad una precisa scelta di \u201cpolitica industriale\u201d regionale incarnata dalla Lega da Giorgetti passando per Garavaglia fino ad arrivare a Salvini e non adeguatamente contrastata dagli altri partiti, supporto solo a turismo e agroalimentare visti come due facce della stessa medaglia, e non alla manifattura, se non nella versione di mance fiscali ai laboratori artigiani. E a livello nazionale ancora peggio se possibile, notizia di ieri che i contributi \u201cnon a mercato\u201d di cassa depositi e prestiti vanno solo alle infrastrutture ( costruzioni e reti a fibra ottica) per la \u201cvera\u201d manifattura il niente assoluto! E questa sarebbe la politica industriale per rilanciare il paese\u201d<\/em><\/p><\/blockquote>\n<p>&nbsp;<\/p>\n<hr \/>\n<p>&nbsp;<\/p>\n<blockquote>\n<h3>SULLA PISTA DA BOB IL PD &#8220;I RISPARMI VENGANO UTILIZZATI PER SANITA&#8217; E VIABILITA&#8217; NEL BELLUNESE&#8221;<\/h3>\n<\/blockquote>\n<p><strong><a href=\"https:\/\/www.radiopiu.net\/wordpress\/giornale-radiopiu-23-settembre-2021-direttore-mirko-mezzacasa\/bigon-3\/\" rel=\"attachment wp-att-233248\"><img loading=\"lazy\" decoding=\"async\" class=\"wp-image-233248 alignleft\" src=\"https:\/\/www.radiopiu.net\/wordpress\/wp-content\/uploads\/2021\/09\/BIGON-3-300x200.jpg\" alt=\"\" width=\"168\" height=\"112\" srcset=\"https:\/\/www.radiopiu.net\/wordpress\/wp-content\/uploads\/2021\/09\/BIGON-3-300x200.jpg 300w, https:\/\/www.radiopiu.net\/wordpress\/wp-content\/uploads\/2021\/09\/BIGON-3-1024x683.jpg 1024w, https:\/\/www.radiopiu.net\/wordpress\/wp-content\/uploads\/2021\/09\/BIGON-3-768x512.jpg 768w, https:\/\/www.radiopiu.net\/wordpress\/wp-content\/uploads\/2021\/09\/BIGON-3-1536x1024.jpg 1536w, https:\/\/www.radiopiu.net\/wordpress\/wp-content\/uploads\/2021\/09\/BIGON-3-2048x1365.jpg 2048w\" sizes=\"auto, (max-width: 168px) 100vw, 168px\" \/><\/a>VENEZIA<\/strong> <em>\u201cVisto che sar\u00e0 lo Stato a sobbarcarsi le spese per la pista da bob di Cortina e che quei soldi la Regione li ha messi a bilancio, adesso li dirotti su sanit\u00e0 e viabilit\u00e0 del Bellunese\u201d.<\/em> A dirlo Anna Maria Bigon, consigliera regionale del Partito Democratico e vicepresidente della commissione Sanit\u00e0 a Palazzo\u00a0 <em>\u201cIl giudizio su questa opera rimane lo stesso ma vediamo di sfruttare a vantaggio del territorio la novit\u00e0 arrivata da Roma, investendo su servizi utili a tutti. Abbiamo decine di milioni che tornano disponibili e crediamo sia doveroso lasciarli alla provincia di Belluno per contribuire a risolvere i troppi problemi irrisolti su viabilit\u00e0 e soprattutto sanit\u00e0, dalla carenza di medici di medicina generale alle strutture intermedie e ben lontani dal trovare una soluzione, come testimonia la recente sforbiciata alle Case di comunit\u00e0\u201d.<\/em><\/p>\n<p>&nbsp;<\/p>\n<hr \/>\n<p>&nbsp;<\/p>\n<p>&nbsp;<\/p>\n<blockquote>\n<h3>ESSILORLUXOTTICA: IL PIANO BOOST 2021 E&#8217; UN SUCCESSO. IL 53% DEGLI AVENTI DIRITTO HANNO DECISO DI DIVENTARE AZIONISTI DEL GRUPPO<\/h3>\n<\/blockquote>\n<p><strong><a href=\"https:\/\/www.radiopiu.net\/wordpress\/essilorluxottica-le-novita-dallassemblea-degli-azionisti-il-nuovo-consiglio-di-amministrazione-e-i-dividenti-delle-azioni\/essilorluxottica-2\/\" rel=\"attachment wp-att-193540\"><img loading=\"lazy\" decoding=\"async\" class=\"size-medium wp-image-193540 alignleft\" src=\"https:\/\/www.radiopiu.net\/wordpress\/wp-content\/uploads\/2021\/02\/ESSILORLUXOTTICA-300x170.png\" alt=\"\" width=\"300\" height=\"170\" srcset=\"https:\/\/www.radiopiu.net\/wordpress\/wp-content\/uploads\/2021\/02\/ESSILORLUXOTTICA-300x170.png 300w, https:\/\/www.radiopiu.net\/wordpress\/wp-content\/uploads\/2021\/02\/ESSILORLUXOTTICA-1024x579.png 1024w, https:\/\/www.radiopiu.net\/wordpress\/wp-content\/uploads\/2021\/02\/ESSILORLUXOTTICA-768x434.png 768w, https:\/\/www.radiopiu.net\/wordpress\/wp-content\/uploads\/2021\/02\/ESSILORLUXOTTICA.png 1320w\" sizes=\"auto, (max-width: 300px) 100vw, 300px\" \/><\/a>AGORDO<\/strong> Il piano Boost 2021 \u00e8 un successo per EssilorLuxottica. Si \u00e8 conclusa pochi giorni fa la vendita delle azioni ai dipendenti del gruppo e i risultati sono pi\u00f9 che soddisfacenti. Gli aventi diritto al piano erano circa 12.500 su un totale di popolazione di 15 mila lavoratori. Pi\u00f9 della met\u00e0, il 53% pari a circa 6.600 persone, ha aderito a Boost 2021, in crescita rispetto al 2020 quando il dato si era fermato al 46,8%. La risposta migliore si \u00e8 avuta dallo stabilimento Luxottica di Agordo dove il 54% degli aventi diritto hanno acquistato le azioni del gruppo. Del totale degli acquirenti, 9 persone su dieci hanno deciso di optare per l&#8217;acquisto di 4 azioni di cui EssilorLuxottica ne ha regalate altre 4. In pi\u00f9 un dipendente su quattro ha optato per pagare le azioni con il premio di risultato.<\/p>\n<blockquote><p><strong><span id=\"page3R_mcid10\" class=\"markedContent\"><span dir=\"ltr\" role=\"presentation\">Francesco Milleri e Paul du Saillant, rispettivamente Amministratore Delegato e Vice <\/span><span dir=\"ltr\" role=\"presentation\">Amministratore <\/span><span dir=\"ltr\" role=\"presentation\">Delegato di EssilorLuxottica: <em>&#8220;<\/em><\/span><\/span><\/strong><em><span id=\"page3R_mcid10\" class=\"markedContent\"><span dir=\"ltr\" role=\"presentation\">Anche quest\u2019anno<\/span> <span dir=\"ltr\" role=\"presentation\">Boost<\/span><span dir=\"ltr\" role=\"presentation\">,<\/span> <span dir=\"ltr\" role=\"presentation\">il <\/span><span dir=\"ltr\" role=\"presentation\">Pi<\/span><span dir=\"ltr\" role=\"presentation\">ano <\/span><span dir=\"ltr\" role=\"presentation\">di azionariato <\/span><span dir=\"ltr\" role=\"presentation\">diffuso<\/span> <span dir=\"ltr\" role=\"presentation\">di EssilorLuxottica<\/span><span dir=\"ltr\" role=\"presentation\">, si conclude con un successo <\/span><span dir=\"ltr\" role=\"presentation\">e <\/span><span dir=\"ltr\" role=\"presentation\">con <\/span><span dir=\"ltr\" role=\"presentation\">un tasso di sottoscrizione in crescita. <\/span><span dir=\"ltr\" role=\"presentation\">\u00c8 un risultato <\/span><span dir=\"ltr\" role=\"presentation\">che viene<\/span> <span dir=\"ltr\" role=\"presentation\">prima di tutto dalle nostre persone, <\/span><span dir=\"ltr\" role=\"presentation\">dalla loro fiducia<\/span> <span dir=\"ltr\" role=\"presentation\">nella Societ\u00e0<\/span> <span dir=\"ltr\" role=\"presentation\">e<\/span> <span dir=\"ltr\" role=\"presentation\">nelle sue strategie e<\/span> <span dir=\"ltr\" role=\"presentation\">dal<\/span><span dir=\"ltr\" role=\"presentation\">la condivisione della mission aziendale di<\/span> <span dir=\"ltr\" role=\"presentation\">aiutare <\/span><span dir=\"ltr\" role=\"presentation\">chiunque nel mondo a <\/span><span dir=\"ltr\" role=\"presentation\">\u2018<\/span><span dir=\"ltr\" role=\"presentation\">vedere meglio e vivere meglio<\/span><span dir=\"ltr\" role=\"presentation\">\u2019<\/span><span dir=\"ltr\" role=\"presentation\">.<\/span> <span dir=\"ltr\" role=\"presentation\">Orgogliosi di questa risposta, c<\/span><span dir=\"ltr\" role=\"presentation\">ontinu<\/span><span dir=\"ltr\" role=\"presentation\">e<\/span><span dir=\"ltr\" role=\"presentation\">re<\/span><span dir=\"ltr\" role=\"presentation\">mo<\/span> <span dir=\"ltr\" role=\"presentation\">a <\/span><span dir=\"ltr\" role=\"presentation\">costruire<\/span> <span dir=\"ltr\" role=\"presentation\">sul<\/span><span dir=\"ltr\" role=\"presentation\">la partecipazione<\/span> <span dir=\"ltr\" role=\"presentation\">azionari<\/span><span dir=\"ltr\" role=\"presentation\">a diffusa<\/span> <span dir=\"ltr\" role=\"presentation\">dei dipendenti, centrale<\/span> <span dir=\"ltr\" role=\"presentation\">n<\/span><span dir=\"ltr\" role=\"presentation\">ella<\/span> <span dir=\"ltr\" role=\"presentation\">cultura aziendale<\/span><span dir=\"ltr\" role=\"presentation\">,<\/span> <span dir=\"ltr\" role=\"presentation\">con <\/span><span dir=\"ltr\" role=\"presentation\">l\u2019obiettivo di<\/span> <span dir=\"ltr\" role=\"presentation\">estendere l<\/span><span dir=\"ltr\" role=\"presentation\">a stessa <\/span><span dir=\"ltr\" role=\"presentation\">opportunit\u00e0 <\/span><span dir=\"ltr\" role=\"presentation\">al maggior numero <\/span><span dir=\"ltr\" role=\"presentation\">possibile <\/span><span dir=\"ltr\" role=\"presentation\">di dipendenti<\/span> <span dir=\"ltr\" role=\"presentation\">in futuro<\/span><span dir=\"ltr\" role=\"presentation\">\u201d\u00a0<\/span><\/span><\/em><\/p><\/blockquote>\n<p><span id=\"page3R_mcid6\" class=\"markedContent\"><span dir=\"ltr\" role=\"presentation\">Sono oggi<\/span> <span dir=\"ltr\" role=\"presentation\">circa<\/span> <span dir=\"ltr\" role=\"presentation\">67.000 dipendenti del Gruppo in 85 paesi <\/span> <span dir=\"ltr\" role=\"presentation\">a detenere<\/span> <span dir=\"ltr\" role=\"presentation\">una <\/span><span dir=\"ltr\" role=\"presentation\">partecipazione <\/span> <span dir=\"ltr\" role=\"presentation\">azionaria<\/span> <span dir=\"ltr\" role=\"presentation\">in EssilorLuxottica<\/span><span dir=\"ltr\" role=\"presentation\">, <\/span> <span dir=\"ltr\" role=\"presentation\">in<\/span> <span dir=\"ltr\" role=\"presentation\">costante <\/span> <span dir=\"ltr\" role=\"presentation\">crescita <\/span> <span dir=\"ltr\" role=\"presentation\">rispetto a<\/span><span dir=\"ltr\" role=\"presentation\">i circa <\/span> <span dir=\"ltr\" role=\"presentation\">63.000 <\/span> <span dir=\"ltr\" role=\"presentation\">d<\/span><span dir=\"ltr\" role=\"presentation\">el 2020<\/span><span dir=\"ltr\" role=\"presentation\">. <\/span><\/span><span id=\"page3R_mcid8\" class=\"markedContent\"><span dir=\"ltr\" role=\"presentation\">L\u2019azionariato dei dipendenti \u00e8 <\/span> <span dir=\"ltr\" role=\"presentation\">centrale n<\/span><span dir=\"ltr\" role=\"presentation\">ella cultura <\/span> <span dir=\"ltr\" role=\"presentation\">e <\/span> <span dir=\"ltr\" role=\"presentation\">n<\/span><span dir=\"ltr\" role=\"presentation\">ella strategia <\/span> <span dir=\"ltr\" role=\"presentation\">di sviluppo <\/span> <span dir=\"ltr\" role=\"presentation\">a lungo termine <\/span> <span dir=\"ltr\" role=\"presentation\">di <\/span><span dir=\"ltr\" role=\"presentation\">EssilorLuxottica<\/span><span dir=\"ltr\" role=\"presentation\">.<\/span> <span dir=\"ltr\" role=\"presentation\">Of<\/span><span dir=\"ltr\" role=\"presentation\">frire<\/span> <span dir=\"ltr\" role=\"presentation\">ai dipendenti <\/span><span dir=\"ltr\" role=\"presentation\">la possibilit\u00e0<\/span> <span dir=\"ltr\" role=\"presentation\">di <\/span><span dir=\"ltr\" role=\"presentation\">detenere<\/span> <span dir=\"ltr\" role=\"presentation\">una partecipazione <\/span><span dir=\"ltr\" role=\"presentation\">azionaria<\/span> <span dir=\"ltr\" role=\"presentation\">nel capitale della Societ\u00e0 a condizioni favorevoli <\/span><span dir=\"ltr\" role=\"presentation\">allinea <\/span><span dir=\"ltr\" role=\"presentation\">infatti <\/span><span dir=\"ltr\" role=\"presentation\">i loro interessi <\/span><span dir=\"ltr\" role=\"presentation\">a<\/span> <span dir=\"ltr\" role=\"presentation\">quelli del Gruppo e degli altri azionisti.<\/span><\/span><\/p>\n<p>&nbsp;<\/p>\n<p>&nbsp;<\/p>\n<hr \/>\n<p>&nbsp;<\/p>\n<blockquote>\n<h3>\u00a0 BABBO NATALE SI FERMA IM ALPAGO E OMAGGIA LE ASSOCIAZIONI<\/h3>\n<\/blockquote>\n<p><strong><a href=\"https:\/\/www.radiopiu.net\/wordpress\/giornale-radiopiu-23-dicembre-2021-direttore-mirko-mezzacasa\/th-278\/\" rel=\"attachment wp-att-249905\"><img loading=\"lazy\" decoding=\"async\" class=\"wp-image-249905 alignleft\" src=\"https:\/\/www.radiopiu.net\/wordpress\/wp-content\/uploads\/2021\/12\/th-15-300x169.jpg\" alt=\"\" width=\"201\" height=\"113\" srcset=\"https:\/\/www.radiopiu.net\/wordpress\/wp-content\/uploads\/2021\/12\/th-15-300x169.jpg 300w, https:\/\/www.radiopiu.net\/wordpress\/wp-content\/uploads\/2021\/12\/th-15.jpg 381w\" sizes=\"auto, (max-width: 201px) 100vw, 201px\" \/><\/a>ALPAGO<\/strong><\/p>\n<p><strong>DI DAMIANO TORMEN\u00a0<\/strong><\/p>\n<audio class=\"wp-audio-shortcode\" id=\"audio-249707-3\" preload=\"none\" style=\"width: 100%;\" controls=\"controls\"><source type=\"audio\/mpeg\" src=\"https:\/\/www.radiopiu.net\/wordpress\/wp-content\/uploads\/2021\/12\/DAMIANO-2.mp3?_=3\" \/><a href=\"https:\/\/www.radiopiu.net\/wordpress\/wp-content\/uploads\/2021\/12\/DAMIANO-2.mp3\">https:\/\/www.radiopiu.net\/wordpress\/wp-content\/uploads\/2021\/12\/DAMIANO-2.mp3<\/a><\/audio>\n<p>&nbsp;<\/p>\n<hr \/>\n<p>&nbsp;<\/p>\n<blockquote>\n<h3><\/h3>\n<h3>IMPOSTA DI SOGGIORNO: 45 MILIONI DI EURO DI RISTORI AI COMUNI DEL VENETO<\/h3>\n<\/blockquote>\n<p><strong>VENEZIA <\/strong>E\u2019 stata ripartita nei giorni scorsi la seconda tranche di contributi statali per far fronte alla diminuzione degli incassi dell\u2019imposta di soggiorno. In totale, per il 2021, il Governo ha deciso di stanziare 350 milioni di euro (l\u2019anno scorso furono 400) quale ristoro parziale delle minori entrate. La prima tranche di contributi, pari a 250 milioni di euro, \u00e8 stata distribuita sulla base dell\u2019effettiva perdita di gettito registrata dai Comuni nel periodo marzo 2020 &#8211; febbraio 2021, rispetto ai dodici mesi precedenti, ed \u00e8 stata erogata nel luglio scorso. La seconda rata, di 100 milioni di euro, \u00e8 invece stata ripartita pochi giorni fa, sulla base della quota delle minori entrate per gli anni 2020 e 2021 non ancora compensata con i ristori gi\u00e0 attribuiti. Nel complesso, secondo l\u2019analisi della Fondazione Think Tank Nord Est, i Comuni del Veneto hanno ottenuto quasi 45 milioni di euro di ristori, pari al 12,8% del plafond complessivo nazionale. Si tratta di contributi importanti, considerando che l\u2019imposta di soggiorno \u00e8 gi\u00e0 stata introdotta da 137 Municipi veneti: nelle principali localit\u00e0 turistiche vale in media il 12,5% delle entrate tributarie, con punte di quasi il 29%. I Comuni del Veneto avevano ricevuto dallo Stato 36,9 milioni di euro gi\u00e0 lo scorso luglio. A queste risorse si aggiungono altri 7,8 milioni di euro che portano il totale a 44,8 milioni di euro. Nel 2020 le risorse a disposizione furono di pi\u00f9 &#8211; quasi 61 milioni di euro &#8211; dovendo fronteggiare il lungo blocco delle attivit\u00e0 turistiche. Ai Municipi del Bellunese \u00e8 stato destinato 1 milione e 252 mila euro, di cui quasi 800 mila euro per Cortina. Il Trevigiano ha ottenuto un contributo di 1 milione e 133 mila euro: al capoluogo ne sono stati dedicati 293 mila (di cui 105 mila con la seconda rata).<\/p>\n\n\t\t\t<style type='text\/css'>\n\t\t\t\t#gallery-2 {\n\t\t\t\t\tmargin: auto;\n\t\t\t\t}\n\t\t\t\t#gallery-2 .gallery-item {\n\t\t\t\t\tfloat: left;\n\t\t\t\t\tmargin-top: 10px;\n\t\t\t\t\ttext-align: center;\n\t\t\t\t\twidth: 100%;\n\t\t\t\t}\n\t\t\t\t#gallery-2 img {\n\t\t\t\t\tborder: 2px solid #cfcfcf;\n\t\t\t\t}\n\t\t\t\t#gallery-2 .gallery-caption {\n\t\t\t\t\tmargin-left: 0;\n\t\t\t\t}\n\t\t\t\t\/* see gallery_shortcode() in wp-includes\/media.php *\/\n\t\t\t<\/style>\n\t\t<div id='gallery-2' class='dt-gallery-container gallery galleryid-249707 gallery-columns-1 gallery-size-medium'><dl class='gallery-item'>\n\t\t\t\t<dt class='gallery-icon portrait'>\n\t\t\t\t\t<a class=\"rollover rollover-zoom dt-pswp-item\" title=\"Senza titolo\" data-dt-img-description=\"\" data-large_image_width=\"1261\" data-large_image_height=\"1390\"href='https:\/\/www.radiopiu.net\/wordpress\/wp-content\/uploads\/2021\/12\/Senza-titolo.jpg'><img loading=\"lazy\" decoding=\"async\" width=\"272\" height=\"300\" src=\"https:\/\/www.radiopiu.net\/wordpress\/wp-content\/uploads\/2021\/12\/Senza-titolo-272x300.jpg\" class=\"attachment-medium size-medium\" alt=\"\" aria-describedby=\"gallery-2-249797\" srcset=\"https:\/\/www.radiopiu.net\/wordpress\/wp-content\/uploads\/2021\/12\/Senza-titolo-272x300.jpg 272w, https:\/\/www.radiopiu.net\/wordpress\/wp-content\/uploads\/2021\/12\/Senza-titolo-929x1024.jpg 929w, https:\/\/www.radiopiu.net\/wordpress\/wp-content\/uploads\/2021\/12\/Senza-titolo-768x847.jpg 768w, https:\/\/www.radiopiu.net\/wordpress\/wp-content\/uploads\/2021\/12\/Senza-titolo.jpg 1261w\" sizes=\"auto, (max-width: 272px) 100vw, 272px\" \/><\/a>\n\t\t\t\t<\/dt>\n\t\t\t\t\t<dd class='wp-caption-text gallery-caption' id='gallery-2-249797'>\n\t\t\t\t\tRistoro da fondi statali per mancato incasso dell\u2019imposta di soggiorno nel 2021 nei Comuni del Veneto\n\t\t\t\t\t<\/dd><\/dl><br style=\"clear: both\" \/><dl class='gallery-item'>\n\t\t\t\t<dt class='gallery-icon portrait'>\n\t\t\t\t\t<a class=\"rollover rollover-zoom dt-pswp-item\" title=\"Senza titolo\" data-dt-img-description=\"\" data-large_image_width=\"381\" data-large_image_height=\"494\"href='https:\/\/www.radiopiu.net\/wordpress\/wp-content\/uploads\/2021\/12\/Senza-titolo.png'><img loading=\"lazy\" decoding=\"async\" width=\"231\" height=\"300\" src=\"https:\/\/www.radiopiu.net\/wordpress\/wp-content\/uploads\/2021\/12\/Senza-titolo-231x300.png\" class=\"attachment-medium size-medium\" alt=\"\" aria-describedby=\"gallery-2-249798\" srcset=\"https:\/\/www.radiopiu.net\/wordpress\/wp-content\/uploads\/2021\/12\/Senza-titolo-231x300.png 231w, https:\/\/www.radiopiu.net\/wordpress\/wp-content\/uploads\/2021\/12\/Senza-titolo.png 381w\" sizes=\"auto, (max-width: 231px) 100vw, 231px\" \/><\/a>\n\t\t\t\t<\/dt>\n\t\t\t\t\t<dd class='wp-caption-text gallery-caption' id='gallery-2-249798'>\n\t\t\t\t\tRistoro da fondi statali 2020 e 2021 per mancato incasso dell\u2019imposta di soggiorno nei Comuni della Provincia di Belluno\n\t\t\t\t\t<\/dd><\/dl><br style=\"clear: both\" \/>\n\t\t\t<\/div>\n\n<p>&nbsp;<\/p>\n<hr \/>\n<p>&nbsp;<\/p>\n<blockquote>\n<h3>CARO BOLLETTE, I PENSIONATI DI CONFARTIGIANATO CHIEDONO ATTENZIONE PER GLI ANZIANI<\/h3>\n<\/blockquote>\n<p><strong>BELLUNO<\/strong> In questi giorni Anap Confartigianato ha puntato l\u2019attenzione sulla manovra di bilancio 2022, in particolare per quanto riguarda le misure in tema di fisco, welfare e pensioni. <em>\u00abBene che sul tema del fisco 7 miliardi su 8 siano impegnati per la riduzione delle tasse a lavoratori, pensionati e famiglie, ma chiediamo di tutelare i redditi dei nostri pensionati, che hanno una delle tassazioni pi\u00f9 alte d\u2019Europa\u00bb sostiene Antinesca De Pol, presidente Anap Belluno. \u00ab\u00c8 necessario in questo difficile momento che i redditi pi\u00f9 bassi vedano un allargamento della \u201cno tax area\u201d. L\u2019aumento dei costi energetici infatti si sta ripercuotendo in maniera pesante sulle tasche dei pensionati della montagna bellunese, dove il riscaldamento \u00e8 una necessit\u00e0 da ottobre ad aprile. Non vorremmo che per molti la scelta obbligata fosse quella di pagare la bolletta del gas e della luce, rinunciando magari alle medicine\u00bb. <\/em>Sul fronte della salute, Anap chiede di adottare l\u2019indice dei prezzi al consumo armonizzato per i paesi dell\u2019Unione europea (IPCA), includendo oltre ai generi di prima necessit\u00e0, anche le spese farmaceutiche, le prestazioni specialistiche non a carico del Servizio sanitario nazionale, e le spese per le assistenti familiari.<\/p>\n<p>&nbsp;<\/p>\n<hr \/>\n<p>&nbsp;<\/p>\n<blockquote>\n<h3><span style=\"color: #0000ff;\">LA NOMINA\u00a0<\/span><br \/>\nPERETTI NOMINATO VICEPRESIDENTE \u201cLAVORO ARTIGIANO\u201d<\/h3>\n<\/blockquote>\n<p><a href=\"https:\/\/www.radiopiu.net\/wordpress\/i-candidati-sindaco-a-selva-di-cadore-intervistati-da-gianni-santomaso\/adriano-peretti-2\/\" rel=\"attachment wp-att-233905\"><img loading=\"lazy\" decoding=\"async\" class=\"wp-image-233905 alignleft\" src=\"https:\/\/www.radiopiu.net\/wordpress\/wp-content\/uploads\/2021\/09\/Adriano-Peretti-2-225x300.jpg\" alt=\"\" width=\"135\" height=\"180\" srcset=\"https:\/\/www.radiopiu.net\/wordpress\/wp-content\/uploads\/2021\/09\/Adriano-Peretti-2-225x300.jpg 225w, https:\/\/www.radiopiu.net\/wordpress\/wp-content\/uploads\/2021\/09\/Adriano-Peretti-2-768x1024.jpg 768w, https:\/\/www.radiopiu.net\/wordpress\/wp-content\/uploads\/2021\/09\/Adriano-Peretti-2-1152x1536.jpg 1152w, https:\/\/www.radiopiu.net\/wordpress\/wp-content\/uploads\/2021\/09\/Adriano-Peretti-2-1536x2048.jpg 1536w, https:\/\/www.radiopiu.net\/wordpress\/wp-content\/uploads\/2021\/09\/Adriano-Peretti-2-scaled.jpg 1920w\" sizes=\"auto, (max-width: 135px) 100vw, 135px\" \/><\/a><\/p>\n<p><strong>SELVA DI CADORE<\/strong>\u00a0 Adriano Peretti \u00e8 stato nominato Vice Presidente di \u201cLavoro Artigiano\u201d, Associazione di categoria delle PMI piccole e medie imprese. <em>\u201cE\u2019 con grande soddisfazione che ho accettato questo incarico di Vice Presidente della nuova Associazione di Categoria, impegnandomi fin da ora di portare la mia esperienza alle piccole e medie imprese che aderiranno\u201d<\/em> dichiara Peretti. \u201cLavoro Artigiano\u201d nasce da un progetto di qualche anno fa\u00a0 e vede la fusione di Casartigiani Padova e Polesine che coprir\u00e0 il territorio gi\u00e0 di propria pertinenza tra le provincie di Padova e Rovigo oltre le zone del Veneto Orientale, Miranese, Chioggia\/Cavarzere, Basso Vicentino e Basso Veronese compresa la realt\u00e0 del Ferrarese e del Bresciano\/Bergamasco <em>Il mio compito, prosegue Peretti-\u00a0 sar\u00e0 quello di seguire il Settore del Turismo, in tutta l\u2019Area del Veneto Orientale e con delega anche nella Provincia di Belluno, vista anche la \u00a0presenza come albergatore con la gestione dell\u2019 \u201cHotel Lorenzini Ski\u201d nonch\u00e9 consigliere Comunale di Selva di Cadore, su questo mi muover\u00f2 fin da subito per incontrare Enti e Istituzioni per capire quali siano le forze in gioco per questo settore che ha sofferto e sta ancora soffrendo&#8221;.<\/em><\/p>\n<p>&nbsp;<\/p>\n<hr \/>\n<p>&nbsp;<\/p>\n<p>&nbsp;<\/p>\n<blockquote>\n<h3>LA PROPOSTA DI ACCORPARE I PLESSI SCOLASTICI E SI APRE IL CONFRONTO<br \/>\n<strong>\u00a0\u00a0<\/strong><\/h3>\n<\/blockquote>\n<p><strong>di GIANNI SANTOMASO\u00a0<\/strong><\/p>\n<p><strong><a href=\"https:\/\/www.radiopiu.net\/wordpress\/voltago-si-vota-ad-un-anno-dal-commissariamento-la-sfida-al-quorum-di-gian\/b02367e5-1196-46a9-ae96-15143d25c59f\/\" rel=\"attachment wp-att-160205\"><img loading=\"lazy\" decoding=\"async\" class=\" wp-image-160205 alignleft\" src=\"https:\/\/www.radiopiu.net\/wordpress\/wp-content\/uploads\/2020\/09\/b02367e5-1196-46a9-ae96-15143d25c59f-300x150.jpg\" alt=\"\" width=\"164\" height=\"82\" srcset=\"https:\/\/www.radiopiu.net\/wordpress\/wp-content\/uploads\/2020\/09\/b02367e5-1196-46a9-ae96-15143d25c59f-300x150.jpg 300w, https:\/\/www.radiopiu.net\/wordpress\/wp-content\/uploads\/2020\/09\/b02367e5-1196-46a9-ae96-15143d25c59f-1024x512.jpg 1024w, https:\/\/www.radiopiu.net\/wordpress\/wp-content\/uploads\/2020\/09\/b02367e5-1196-46a9-ae96-15143d25c59f-768x384.jpg 768w, https:\/\/www.radiopiu.net\/wordpress\/wp-content\/uploads\/2020\/09\/b02367e5-1196-46a9-ae96-15143d25c59f-1536x768.jpg 1536w, https:\/\/www.radiopiu.net\/wordpress\/wp-content\/uploads\/2020\/09\/b02367e5-1196-46a9-ae96-15143d25c59f-640x320.jpg 640w, https:\/\/www.radiopiu.net\/wordpress\/wp-content\/uploads\/2020\/09\/b02367e5-1196-46a9-ae96-15143d25c59f.jpg 1599w\" sizes=\"auto, (max-width: 164px) 100vw, 164px\" \/><\/a>GOSALDO <\/strong>Scuola unica del Poi? Gosaldo non dice no, Rivamonte rimanda le valutazioni al 2022. Nelle scorse settimane il sindaco di Voltago, Giuseppe Schena, aveva rilanciato una vecchia proposta: quella di accorpare le scuole dei tre paesi del Poi: Voltago, Gosaldo e Rivamonte.<\/p>\n<audio class=\"wp-audio-shortcode\" id=\"audio-249707-4\" preload=\"none\" style=\"width: 100%;\" controls=\"controls\"><source type=\"audio\/ogg\" src=\"https:\/\/www.radiopiu.net\/wordpress\/wp-content\/uploads\/2021\/12\/gianni-scuola-unica-poi.ogg?_=4\" \/><a href=\"https:\/\/www.radiopiu.net\/wordpress\/wp-content\/uploads\/2021\/12\/gianni-scuola-unica-poi.ogg\">https:\/\/www.radiopiu.net\/wordpress\/wp-content\/uploads\/2021\/12\/gianni-scuola-unica-poi.ogg<\/a><\/audio>\n<p>&nbsp;<\/p>\n<p>&nbsp;<\/p>\n<p>&nbsp;<\/p>\n<hr \/>\n<p>&nbsp;<\/p>\n<blockquote>\n<h2>I BAMBINI DELL&#8217;ASILO INCANTATI DALLA CERVA E DA SAN TOMASO LO SPETTACOLO &#8220;DONA'&#8221;<\/h2>\n<\/blockquote>\n<p><strong>AURONZO<\/strong> Dalla pagina facebook <span class=\"nc684nl6\"><a class=\"oajrlxb2 g5ia77u1 qu0x051f esr5mh6w e9989ue4 r7d6kgcz rq0escxv nhd2j8a9 nc684nl6 p7hjln8o kvgmc6g5 cxmmr5t8 oygrvhab hcukyx3x jb3vyjys rz4wbd8a qt6c0cv9 a8nywdso i1ao9s8h esuyzwwr f1sip0of lzcic4wl gpro0wi8 oo9gr5id lrazzd5p\" tabindex=\"0\" role=\"link\" href=\"https:\/\/www.facebook.com\/claretta18\/?__cft__[0]=AZXo6FxKAqpp3tdOZJrjXu3GX2tKi0AtW2Dijpn4DmWb_wtytCw_vpscpB9gT-fUzno8lRjSZ4Z72dsMWk8nvoC2kOyf2qb9CvCkBR3W1Jtpeggn9WVgfehO5Cv093rzuv65Zsp2Kd8GW86nv6CDISrY&amp;__tn__=-UC%2CP-R\"><strong>Claretta la CERVA Del Comelico Sup.- BL<\/strong><\/a><\/span><\/p>\n<p>Ecco le cerva che ormai da tempo gira in paese e ha deciso di fare una sorpresa ai bimbi dell&#8217;asilo nido integrato &#8220;I folletti del bosco&#8221; , tutti i bimbi con grande amorevolezza e stupore la guardavano e salutavano , diamo un nome a questa incredibile cerva, che diventi la Mascotte del Paese un esempio concreto di Amore Rispetto verso la\u00a0 fauna selvatica Dolomitica \u2026<\/p>\n\n\t\t\t<style type='text\/css'>\n\t\t\t\t#gallery-3 {\n\t\t\t\t\tmargin: auto;\n\t\t\t\t}\n\t\t\t\t#gallery-3 .gallery-item {\n\t\t\t\t\tfloat: left;\n\t\t\t\t\tmargin-top: 10px;\n\t\t\t\t\ttext-align: center;\n\t\t\t\t\twidth: 33%;\n\t\t\t\t}\n\t\t\t\t#gallery-3 img {\n\t\t\t\t\tborder: 2px solid #cfcfcf;\n\t\t\t\t}\n\t\t\t\t#gallery-3 .gallery-caption {\n\t\t\t\t\tmargin-left: 0;\n\t\t\t\t}\n\t\t\t\t\/* see gallery_shortcode() in wp-includes\/media.php *\/\n\t\t\t<\/style>\n\t\t<div id='gallery-3' class='dt-gallery-container gallery galleryid-249707 gallery-columns-3 gallery-size-thumbnail'><dl class='gallery-item'>\n\t\t\t\t<dt class='gallery-icon portrait'>\n\t\t\t\t\t<a class=\"rollover rollover-zoom dt-pswp-item\" title=\"269759875_900279287353077_5223857109759427903_n\" data-dt-img-description=\"\" data-large_image_width=\"450\" data-large_image_height=\"600\"href='https:\/\/www.radiopiu.net\/wordpress\/wp-content\/uploads\/2021\/12\/269759875_900279287353077_5223857109759427903_n.jpg'><img loading=\"lazy\" decoding=\"async\" width=\"150\" height=\"150\" src=\"https:\/\/www.radiopiu.net\/wordpress\/wp-content\/uploads\/2021\/12\/269759875_900279287353077_5223857109759427903_n-150x150.jpg\" class=\"attachment-thumbnail size-thumbnail\" alt=\"\" \/><\/a>\n\t\t\t\t<\/dt><\/dl><dl class='gallery-item'>\n\t\t\t\t<dt class='gallery-icon portrait'>\n\t\t\t\t\t<a class=\"rollover rollover-zoom dt-pswp-item\" title=\"269773118_900279294019743_6754009196222133811_n\" data-dt-img-description=\"\" data-large_image_width=\"1500\" data-large_image_height=\"2000\"href='https:\/\/www.radiopiu.net\/wordpress\/wp-content\/uploads\/2021\/12\/269773118_900279294019743_6754009196222133811_n.jpg'><img loading=\"lazy\" decoding=\"async\" width=\"150\" height=\"150\" src=\"https:\/\/www.radiopiu.net\/wordpress\/wp-content\/uploads\/2021\/12\/269773118_900279294019743_6754009196222133811_n-150x150.jpg\" class=\"attachment-thumbnail size-thumbnail\" alt=\"\" \/><\/a>\n\t\t\t\t<\/dt><\/dl><dl class='gallery-item'>\n\t\t\t\t<dt class='gallery-icon portrait'>\n\t\t\t\t\t<a class=\"rollover rollover-zoom dt-pswp-item\" title=\"269814741_900276620686677_5278137598148643015_n\" data-dt-img-description=\"\" data-large_image_width=\"450\" data-large_image_height=\"600\"href='https:\/\/www.radiopiu.net\/wordpress\/wp-content\/uploads\/2021\/12\/269814741_900276620686677_5278137598148643015_n.jpg'><img loading=\"lazy\" decoding=\"async\" width=\"150\" height=\"150\" src=\"https:\/\/www.radiopiu.net\/wordpress\/wp-content\/uploads\/2021\/12\/269814741_900276620686677_5278137598148643015_n-150x150.jpg\" class=\"attachment-thumbnail size-thumbnail\" alt=\"\" \/><\/a>\n\t\t\t\t<\/dt><\/dl><br style=\"clear: both\" \/>\n\t\t\t<\/div>\n\n<p>&nbsp;<\/p>\n<blockquote>\n<h3>IL GIARDINO DI GAETANO E IL BUON NATALE IN&#8230; CERVI<\/h3>\n<\/blockquote>\n<p><strong>SAN TOMASO<\/strong><\/p>\n<p>di Gaetano De Don\u00e0<\/p>\n<blockquote>\n<div dir=\"auto\"><em>Ecco qua magn\u00e0 avon magn\u00e0 e adesso un riposino cos\u00ec grazie al Tino anca en coi avon magn\u00e0 . Doman l\u00e9 naltro di . El sol el fa la ota , el scominzia a torn\u00e0 indrio . El torna sui suoi passi e scominzia anca l&#8217;inverno e dopo San Silvestro arriva il nuovo anno .speron che el fazhe el bravo . Speron chel mande via tutta sta porcheria . Che torne la salute assieme sl bonumore . Perche qua tutti i varda brut . Con chesta pandemia! Mi ve salude tutti che stede tutti ben . adesso vade a impien\u00ec en&#8217;altro sacc de fen .per chele bestioline che le vien a vede se le ciapa valch da se vedol\u00e0 ciao gente se risention sanidap\u00f2 .\u00a0<\/em><\/div>\n<\/blockquote>\n<div dir=\"auto\">\n\n\t\t\t<style type='text\/css'>\n\t\t\t\t#gallery-4 {\n\t\t\t\t\tmargin: auto;\n\t\t\t\t}\n\t\t\t\t#gallery-4 .gallery-item {\n\t\t\t\t\tfloat: left;\n\t\t\t\t\tmargin-top: 10px;\n\t\t\t\t\ttext-align: center;\n\t\t\t\t\twidth: 33%;\n\t\t\t\t}\n\t\t\t\t#gallery-4 img {\n\t\t\t\t\tborder: 2px solid #cfcfcf;\n\t\t\t\t}\n\t\t\t\t#gallery-4 .gallery-caption {\n\t\t\t\t\tmargin-left: 0;\n\t\t\t\t}\n\t\t\t\t\/* see gallery_shortcode() in wp-includes\/media.php *\/\n\t\t\t<\/style>\n\t\t<div id='gallery-4' class='dt-gallery-container gallery galleryid-249707 gallery-columns-3 gallery-size-thumbnail'><dl class='gallery-item'>\n\t\t\t\t<dt class='gallery-icon portrait'>\n\t\t\t\t\t<a class=\"rollover rollover-zoom dt-pswp-item\" title=\"269702399_3046102498989975_2101998034238744885_n\" data-dt-img-description=\"\" data-large_image_width=\"526\" data-large_image_height=\"701\"href='https:\/\/www.radiopiu.net\/wordpress\/wp-content\/uploads\/2021\/12\/269702399_3046102498989975_2101998034238744885_n.jpg'><img loading=\"lazy\" decoding=\"async\" width=\"150\" height=\"150\" src=\"https:\/\/www.radiopiu.net\/wordpress\/wp-content\/uploads\/2021\/12\/269702399_3046102498989975_2101998034238744885_n-150x150.jpg\" class=\"attachment-thumbnail size-thumbnail\" alt=\"\" \/><\/a>\n\t\t\t\t<\/dt><\/dl><dl class='gallery-item'>\n\t\t\t\t<dt class='gallery-icon portrait'>\n\t\t\t\t\t<a class=\"rollover rollover-zoom dt-pswp-item\" title=\"269238539_3044038702529688_2990107315336793275_n\" data-dt-img-description=\"\" data-large_image_width=\"1089\" data-large_image_height=\"2048\"href='https:\/\/www.radiopiu.net\/wordpress\/wp-content\/uploads\/2021\/12\/269238539_3044038702529688_2990107315336793275_n.jpg'><img loading=\"lazy\" decoding=\"async\" width=\"150\" height=\"150\" src=\"https:\/\/www.radiopiu.net\/wordpress\/wp-content\/uploads\/2021\/12\/269238539_3044038702529688_2990107315336793275_n-150x150.jpg\" class=\"attachment-thumbnail size-thumbnail\" alt=\"\" \/><\/a>\n\t\t\t\t<\/dt><\/dl><dl class='gallery-item'>\n\t\t\t\t<dt class='gallery-icon landscape'>\n\t\t\t\t\t<a class=\"rollover rollover-zoom dt-pswp-item\" title=\"269688793_3046343712299187_3200755162482838806_n\" data-dt-img-description=\"\" data-large_image_width=\"640\" data-large_image_height=\"521\"href='https:\/\/www.radiopiu.net\/wordpress\/wp-content\/uploads\/2021\/12\/269688793_3046343712299187_3200755162482838806_n.jpg'><img loading=\"lazy\" decoding=\"async\" width=\"150\" height=\"150\" src=\"https:\/\/www.radiopiu.net\/wordpress\/wp-content\/uploads\/2021\/12\/269688793_3046343712299187_3200755162482838806_n-150x150.jpg\" class=\"attachment-thumbnail size-thumbnail\" alt=\"\" \/><\/a>\n\t\t\t\t<\/dt><\/dl><br style=\"clear: both\" \/>\n\t\t\t<\/div>\n\n<\/div>\n<p>&nbsp;<\/p>\n<p>&nbsp;<\/p>\n<hr \/>\n<p>&nbsp;<\/p>\n<blockquote class=\"wp-embedded-content\" data-secret=\"uvUU6DChva\"><p><a href=\"https:\/\/www.radiopiu.net\/wordpress\/venti-decessi-oltre-4500-nuove-positivita-in-veneto-nelle-ultime-24-ore-aumentano-i-ricoverati-in-area-non-critica-ma-calano-le-terapie-intensive\/\">VENTI DECESSI, OLTRE 4500 NUOVE POSITIVITA&#8217; IN VENETO NELLE ULTIME 24 ORE. AUMENTANO I RICOVERATI IN AREA NON CRITICA MA CALANO LE TERAPIE INTENSIVE<\/a><\/p><\/blockquote>\n<p><iframe loading=\"lazy\" class=\"wp-embedded-content\" sandbox=\"allow-scripts\" security=\"restricted\" style=\"position: absolute; clip: rect(1px, 1px, 1px, 1px);\" title=\"&#8220;VENTI DECESSI, OLTRE 4500 NUOVE POSITIVITA&#8217; IN VENETO NELLE ULTIME 24 ORE. AUMENTANO I RICOVERATI IN AREA NON CRITICA MA CALANO LE TERAPIE INTENSIVE&#8221; &#8212; Radio Pi\u00f9\" src=\"https:\/\/www.radiopiu.net\/wordpress\/venti-decessi-oltre-4500-nuove-positivita-in-veneto-nelle-ultime-24-ore-aumentano-i-ricoverati-in-area-non-critica-ma-calano-le-terapie-intensive\/embed\/#?secret=uvUU6DChva\" data-secret=\"uvUU6DChva\" width=\"600\" height=\"338\" frameborder=\"0\" marginwidth=\"0\" marginheight=\"0\" scrolling=\"no\"><\/iframe><\/p>\n<p>&nbsp;<\/p>\n<h2>I GRAFICI DI TIZIANO DE COL<\/h2>\n\n\t\t\t<style type='text\/css'>\n\t\t\t\t#gallery-5 {\n\t\t\t\t\tmargin: auto;\n\t\t\t\t}\n\t\t\t\t#gallery-5 .gallery-item {\n\t\t\t\t\tfloat: left;\n\t\t\t\t\tmargin-top: 10px;\n\t\t\t\t\ttext-align: center;\n\t\t\t\t\twidth: 33%;\n\t\t\t\t}\n\t\t\t\t#gallery-5 img {\n\t\t\t\t\tborder: 2px solid #cfcfcf;\n\t\t\t\t}\n\t\t\t\t#gallery-5 .gallery-caption {\n\t\t\t\t\tmargin-left: 0;\n\t\t\t\t}\n\t\t\t\t\/* see gallery_shortcode() in wp-includes\/media.php *\/\n\t\t\t<\/style>\n\t\t<div id='gallery-5' class='dt-gallery-container gallery galleryid-249707 gallery-columns-3 gallery-size-thumbnail'><dl class='gallery-item'>\n\t\t\t\t<dt class='gallery-icon landscape'>\n\t\t\t\t\t<a class=\"rollover rollover-zoom dt-pswp-item\" title=\"3f4ec72f-f7e5-4df4-8a86-476ba733b134\" data-dt-img-description=\"\" data-large_image_width=\"590\" data-large_image_height=\"364\"href='https:\/\/www.radiopiu.net\/wordpress\/wp-content\/uploads\/2021\/12\/3f4ec72f-f7e5-4df4-8a86-476ba733b134.jpg'><img loading=\"lazy\" decoding=\"async\" width=\"150\" height=\"150\" src=\"https:\/\/www.radiopiu.net\/wordpress\/wp-content\/uploads\/2021\/12\/3f4ec72f-f7e5-4df4-8a86-476ba733b134-150x150.jpg\" class=\"attachment-thumbnail size-thumbnail\" alt=\"\" \/><\/a>\n\t\t\t\t<\/dt><\/dl><dl class='gallery-item'>\n\t\t\t\t<dt class='gallery-icon landscape'>\n\t\t\t\t\t<a class=\"rollover rollover-zoom dt-pswp-item\" title=\"326eb357-ada7-4e38-8d0f-a929f4ea7328\" data-dt-img-description=\"\" data-large_image_width=\"612\" data-large_image_height=\"370\"href='https:\/\/www.radiopiu.net\/wordpress\/wp-content\/uploads\/2021\/12\/326eb357-ada7-4e38-8d0f-a929f4ea7328.jpg'><img loading=\"lazy\" decoding=\"async\" width=\"150\" height=\"150\" src=\"https:\/\/www.radiopiu.net\/wordpress\/wp-content\/uploads\/2021\/12\/326eb357-ada7-4e38-8d0f-a929f4ea7328-150x150.jpg\" class=\"attachment-thumbnail size-thumbnail\" alt=\"\" \/><\/a>\n\t\t\t\t<\/dt><\/dl><dl class='gallery-item'>\n\t\t\t\t<dt class='gallery-icon landscape'>\n\t\t\t\t\t<a class=\"rollover rollover-zoom dt-pswp-item\" title=\"2a8e0cec-e793-4aee-a784-693a9d1990ea\" data-dt-img-description=\"\" data-large_image_width=\"602\" data-large_image_height=\"362\"href='https:\/\/www.radiopiu.net\/wordpress\/wp-content\/uploads\/2021\/12\/2a8e0cec-e793-4aee-a784-693a9d1990ea.jpg'><img loading=\"lazy\" decoding=\"async\" width=\"150\" height=\"150\" src=\"https:\/\/www.radiopiu.net\/wordpress\/wp-content\/uploads\/2021\/12\/2a8e0cec-e793-4aee-a784-693a9d1990ea-150x150.jpg\" class=\"attachment-thumbnail size-thumbnail\" alt=\"\" \/><\/a>\n\t\t\t\t<\/dt><\/dl><br style=\"clear: both\" \/><dl class='gallery-item'>\n\t\t\t\t<dt class='gallery-icon landscape'>\n\t\t\t\t\t<a class=\"rollover rollover-zoom dt-pswp-item\" title=\"67eb90d3-ce2d-424d-8326-973ba47e5cea\" data-dt-img-description=\"\" data-large_image_width=\"606\" data-large_image_height=\"353\"href='https:\/\/www.radiopiu.net\/wordpress\/wp-content\/uploads\/2021\/12\/67eb90d3-ce2d-424d-8326-973ba47e5cea.jpg'><img loading=\"lazy\" decoding=\"async\" width=\"150\" height=\"150\" src=\"https:\/\/www.radiopiu.net\/wordpress\/wp-content\/uploads\/2021\/12\/67eb90d3-ce2d-424d-8326-973ba47e5cea-150x150.jpg\" class=\"attachment-thumbnail size-thumbnail\" alt=\"\" \/><\/a>\n\t\t\t\t<\/dt><\/dl><dl class='gallery-item'>\n\t\t\t\t<dt class='gallery-icon landscape'>\n\t\t\t\t\t<a class=\"rollover rollover-zoom dt-pswp-item\" title=\"4715ed8f-5826-499b-b162-36d641cd4281\" data-dt-img-description=\"\" data-large_image_width=\"610\" data-large_image_height=\"357\"href='https:\/\/www.radiopiu.net\/wordpress\/wp-content\/uploads\/2021\/12\/4715ed8f-5826-499b-b162-36d641cd4281.jpg'><img loading=\"lazy\" decoding=\"async\" width=\"150\" height=\"150\" src=\"https:\/\/www.radiopiu.net\/wordpress\/wp-content\/uploads\/2021\/12\/4715ed8f-5826-499b-b162-36d641cd4281-150x150.jpg\" class=\"attachment-thumbnail size-thumbnail\" alt=\"\" \/><\/a>\n\t\t\t\t<\/dt><\/dl>\n\t\t\t\t<br style='clear: both' \/>\n\t\t\t<\/div>\n\n<p>&nbsp;<\/p>\n<hr \/>\n<p>&nbsp;<\/p>\n<blockquote>\n<h3 class=\"p1\"><span class=\"s1\">TELEFONIA MOBILE NEL BELLUNESE, IL PRESIDENTE DELLA PROVINCIA INCONTRA WINDTRE. PREVISTI IMPORTANTI INVESTIMENTI PER L\u2019INSTALLAZIONE DI NUOVI IMPIANTI<\/span><\/h3>\n<\/blockquote>\n<p class=\"p2\"><span class=\"s1\"><strong><a href=\"https:\/\/www.radiopiu.net\/wordpress\/a-rivamonte-arrivera-il-segnale-di-wind-tre\/telefonia-mobile\/\" rel=\"attachment wp-att-151801\"><img loading=\"lazy\" decoding=\"async\" class=\"size-medium wp-image-151801 alignleft\" src=\"https:\/\/www.radiopiu.net\/wordpress\/wp-content\/uploads\/2020\/07\/telefonia-mobile-300x200.jpg\" alt=\"\" width=\"300\" height=\"200\" srcset=\"https:\/\/www.radiopiu.net\/wordpress\/wp-content\/uploads\/2020\/07\/telefonia-mobile-300x200.jpg 300w, https:\/\/www.radiopiu.net\/wordpress\/wp-content\/uploads\/2020\/07\/telefonia-mobile-1024x683.jpg 1024w, https:\/\/www.radiopiu.net\/wordpress\/wp-content\/uploads\/2020\/07\/telefonia-mobile-768x512.jpg 768w, https:\/\/www.radiopiu.net\/wordpress\/wp-content\/uploads\/2020\/07\/telefonia-mobile-1536x1024.jpg 1536w, https:\/\/www.radiopiu.net\/wordpress\/wp-content\/uploads\/2020\/07\/telefonia-mobile.jpg 1920w\" sizes=\"auto, (max-width: 300px) 100vw, 300px\" \/><\/a>BELLUNO<\/strong> Nuovi investimenti per la copertura del segnale di telefonia mobile nel Bellunese, in particolare nelle aree pi\u00f9 periferiche. \u00c8 quanto emerge dall\u2019incontro tra il presidente della Provincia Roberto Padrin e i responsabili di Windtre. <\/span><span class=\"s1\">\u00c8 stato analizzato un piano ad hoc, programmato da Windtre, che prevede l\u2019installazione di vari impianti per estendere la capacit\u00e0 di connettivit\u00e0 del territorio e permettere a imprese e cittadini di usufruire di servizi digitali ormai essenziali nella vita quotidiana e lavorativa. In particolare, nella prossima primavera, dopo aver ricevuto il nulla osta dalla Sovrintendenza, verr\u00e0 messo in funzione un nuovo impianto in Cansiglio, mentre a Cortina sono previste tre nuove installazioni. Contestualmente sono in fase di definizione ulteriori investimenti in Valle del Mis, in Alpago, a Lamon, in Comune di Val di Zoldo e a Feltre. <\/span><span class=\"s1\">Il presidente della Provincia di Belluno ha richiesto, inoltre, un\u2019analisi approfondita in merito alla situazione dei rifugi d\u2019alta quota e delle gallerie. <\/span><span class=\"s1\">Sul fronte dei rifugi, sono previste nuove installazioni ad Auronzo, in particolare al Rifugio Auronzo e nella Val d\u2019Ansiei verso Misurina.\u00a0<\/span><\/p>\n<p>&nbsp;<\/p>\n<p>&nbsp;<\/p>\n<hr \/>\n<p>&nbsp;<\/p>\n<blockquote>\n<h3>SPORT PONTALPINO, CONTRINUTI PER 16 ASSOCIAZIONI<\/h3>\n<\/blockquote>\n<p><strong><a href=\"https:\/\/www.radiopiu.net\/wordpress\/giornale-radiopiu-23-dicembre-2021-direttore-mirko-mezzacasa\/sport_ponte_nelle_alpi_1\/\" rel=\"attachment wp-att-249804\"><img loading=\"lazy\" decoding=\"async\" class=\"size-medium wp-image-249804 alignleft\" src=\"https:\/\/www.radiopiu.net\/wordpress\/wp-content\/uploads\/2021\/12\/Sport_Ponte_nelle_Alpi_1-300x137.jpg\" alt=\"\" width=\"300\" height=\"137\" srcset=\"https:\/\/www.radiopiu.net\/wordpress\/wp-content\/uploads\/2021\/12\/Sport_Ponte_nelle_Alpi_1-300x137.jpg 300w, https:\/\/www.radiopiu.net\/wordpress\/wp-content\/uploads\/2021\/12\/Sport_Ponte_nelle_Alpi_1-1024x467.jpg 1024w, https:\/\/www.radiopiu.net\/wordpress\/wp-content\/uploads\/2021\/12\/Sport_Ponte_nelle_Alpi_1-768x350.jpg 768w, https:\/\/www.radiopiu.net\/wordpress\/wp-content\/uploads\/2021\/12\/Sport_Ponte_nelle_Alpi_1.jpg 1504w\" sizes=\"auto, (max-width: 300px) 100vw, 300px\" \/><\/a>PONTE NELLE ALPI <\/strong>L\u2019amministrazione comunale di Ponte nelle Alpi sostiene lo sport. E lo fa in maniera concreta, riconoscendo un contributo alle societ\u00e0 e alle associazioni sportive che svolgono attivit\u00e0 sul territorio. In particolare a chi promuove lo sport giovanile.<span class=\"gmail-Apple-converted-space\"> \u00a0<\/span>Entrando nello specifico, la cifra complessiva ammonta a 10mila euro e le realt\u00e0 sono sedici: \u00abIn un anno segnato da una lieve ripresa della pratica sportiva, ma caratterizzato ancora da molte difficolt\u00e0 per le attivit\u00e0 giovanili &#8211; spiega l\u2019assessora competente in materia, Marta Viel &#8211; il contributo economico vuol essere un segno di vicinanza e supporto alle associazioni sportive pontalpine\u00bb.<span class=\"gmail-Apple-converted-space\"> \u00a0<\/span>Per l\u2019assegnazione delle risorse, si \u00e8 tenuto conto delle richieste arrivate in municipio e corredate dalla relazione dell\u2019attivit\u00e0 svolta, del numero di tesserati, atleti e giovani, del bilancio consuntivo e dei risultati raggiunti.<span class=\"gmail-Apple-converted-space\"> \u00a0<\/span>In pi\u00f9, hanno trovato spazio due riconoscimenti per eventi di livello nazionale e internazionale: il Campionato italiano Master di cronoscalata, promosso dall\u2019Asd Due Ruote Sport, e la tappa di Coppa del Mondo di sci d\u2019erba, organizzata dal Gt Bell1 Ski Club. \u00abUn ringraziamento a tutte le associazioni e societ\u00e0 sportive, che con i loro dirigenti, allenatori e volontari fanno crescere giovani atleti e svolgono un importante ruolo nella comunit\u00e0, valorizzando l\u2019intero territorio\u00bb.<span class=\"gmail-Apple-converted-space\">\u00a0<\/span><\/p>\n<p>&nbsp;<\/p>\n<p>&nbsp;<\/p>\n<hr \/>\n<p>&nbsp;<\/p>\n<blockquote>\n<h3>FAMILY AUDIT: CONCLUSE LE PRIME ATTIVIT\u00c0 DEL PROGETTO PROMOSSO DAL CONSORZIO BIM PIAVE A SOSTEGNO DELLE AZIENDE BELLUNESI<\/h3>\n<\/blockquote>\n<p><strong><a href=\"https:\/\/www.radiopiu.net\/wordpress\/giornale-radiopiu-23-dicembre-2021-direttore-mirko-mezzacasa\/bim-piave\/\" rel=\"attachment wp-att-249802\"><img loading=\"lazy\" decoding=\"async\" class=\"size-medium wp-image-249802 alignleft\" src=\"https:\/\/www.radiopiu.net\/wordpress\/wp-content\/uploads\/2021\/12\/BIM-PIAVE-300x200.jpg\" alt=\"\" width=\"300\" height=\"200\" srcset=\"https:\/\/www.radiopiu.net\/wordpress\/wp-content\/uploads\/2021\/12\/BIM-PIAVE-300x200.jpg 300w, https:\/\/www.radiopiu.net\/wordpress\/wp-content\/uploads\/2021\/12\/BIM-PIAVE.jpg 420w\" sizes=\"auto, (max-width: 300px) 100vw, 300px\" \/><\/a>FELTRE <\/strong>Tre Pubbliche Amministrazioni (Comune di Feltre, Provincia di Belluno e Azienda Feltrina per i Servizi alla Persona) e cinque imprese bellunesi (Bauunternehmung Srl, La Cooperativa di Cortina Soc. Coop, Manifattura Valcismon Spa, Meccanostampi Srl e Societ\u00e0 Nuova Cooperativa Sociale) hanno concluso la prima parte del percorso per ottenere la certificazione Family Audit, promossa dal Consorzio Bim Piave in partnership con il Comune di Feltre, la Provincia di Belluno, la Provincia Autonoma di Trento, Confindustria Belluno Dolomiti e i sindacati CGIL Belluno, CISL Belluno Treviso e UIL Veneto. Con questo progetto, iniziato alla fine del 2020 con la pubblicazione del bando rivolto alle imprese bellunesi, il Consorzio Bim Piave ha voluto rendere la provincia ancora pi\u00f9 attrattiva promuovendo la conciliazione dei tempi di vita e lavoro nelle organizzazioni che desideravano adottare strategie aziendali a beneficio dei propri dipendenti. Bauunternehmung Srl, La Cooperativa di Cortina Soc. Coop, Manifattura Valcismon Spa, Meccanostampi Srl e Societ\u00e0 Nuova Cooperativa Sociale hanno da subito aderito al bando con grande entusiasmo. A tali aziende si sono aggiunti nel corso dell\u2019anno il Comune di Feltre, la Provincia di Belluno e l\u2019Azienda Feltrina per i Servizi alla Persona. La cerimonia di consegna delle certificazioni alle aziende e alle Pubbliche Amministrazioni si svolger\u00e0 il 28 gennaio 2022.<\/p>\n<p>&nbsp;<\/p>\n<p>&nbsp;<\/p>\n<hr \/>\n<p>&nbsp;<\/p>\n<blockquote>\n<h3>FONDAZIONE CARIVERONA CO-FINANZIA PROGETTO DI CENTRO CONSORZI &#8211; SCUOLA DEL LEGNO<\/h3>\n<\/blockquote>\n<p><strong><a href=\"https:\/\/www.radiopiu.net\/wordpress\/sabato-la-cerimonia-di-premiazione-del-concorso-di-poesia-lamore-e\/cuore-legno\/\" rel=\"attachment wp-att-190601\"><img loading=\"lazy\" decoding=\"async\" class=\"size-medium wp-image-190601 alignleft\" src=\"https:\/\/www.radiopiu.net\/wordpress\/wp-content\/uploads\/2021\/02\/CUORE-LEGNO-300x182.jpg\" alt=\"\" width=\"300\" height=\"182\" srcset=\"https:\/\/www.radiopiu.net\/wordpress\/wp-content\/uploads\/2021\/02\/CUORE-LEGNO-300x182.jpg 300w, https:\/\/www.radiopiu.net\/wordpress\/wp-content\/uploads\/2021\/02\/CUORE-LEGNO-1024x620.jpg 1024w, https:\/\/www.radiopiu.net\/wordpress\/wp-content\/uploads\/2021\/02\/CUORE-LEGNO-768x465.jpg 768w, https:\/\/www.radiopiu.net\/wordpress\/wp-content\/uploads\/2021\/02\/CUORE-LEGNO-1536x930.jpg 1536w, https:\/\/www.radiopiu.net\/wordpress\/wp-content\/uploads\/2021\/02\/CUORE-LEGNO.jpg 1920w\" sizes=\"auto, (max-width: 300px) 100vw, 300px\" \/><\/a>BELLUNO <\/strong>\u201dProposte laboratoriali per giovani studenti della Provincia di Belluno al fine di diffondere la cultura del rispetto dell\u2019ambiente attraverso la conoscenza della risorsa naturale del territorio per eccellenza: il legno\u201d, questo il titolo del progetto che Centro Consorzi \u2013 Scuola del Legno \u00a0ha presentato alla Fondazione Cariverona, nell\u2019ambito del bando Format e che la Fondazione stessa ha cofinanziato con un contributo di 65.000 euro. La Scuola \u00e8 da sempre un luogo in cui i cittadini di domani vengono formati e guidati nella conoscenza di ci\u00f2 che li circonda. In questo senso, oggi sempre di pi\u00f9, il concetto di rispetto dell\u2019ambiente assume un ruolo chiave all&#8217;interno delle aule scolastiche. La scuola ricopre un arco di tempo fondamentale per un pieno sviluppo della persona e promuove la pratica attiva della cittadinanza e mira a rendere l\u2019allievo consapevole dell\u2019importanza del prendersi cura di se stessi e degli altri come dell\u2019ambiente nello sviluppo della legalit\u00e0 e di un\u2019etica responsabile. Centro Consorzi ha circa due anni di tempo per svolgere le attivit\u00e0 ed a breve uscir\u00e0 con la programmazione dettagliata coinvolgendo gli Istituti Comprensivi della Provincia a partire da quelli che hanno aderito all\u2019iniziativa fin dalla fase di progettazione vale a dire: IC Tina Merlin di Belluno, IC Sedico-Sospirolo, IC Quero-Vas, IC Ponte Nelle Alpi, IC Longarone, IC\u00a0 Feltre, IC Alleghe e IC Agordo. I lavoratori avranno un particolare sguardo al digitale ed al futuro grazie alla collaborazione con il Fablab Belluno.<\/p>\n<p>&nbsp;<\/p>\n<p>&nbsp;<\/p>\n<hr \/>\n<p>&nbsp;<\/p>\n<blockquote>\n<h3>OGGI IL CONSIGLIO COMUNALE DI RIVAMONTE<\/h3>\n<\/blockquote>\n<p><strong>RIVAMONTE<\/strong> Il sindaco Giovanni Deon ha convocato il consiglio comunale a Rivamonte per oggi alle 19:30. La convocazione avverr\u00e0 in videoconferenza e saranno 3 i punti all&#8217;ordine del giorno tra cui l&#8217;ottava variazione a bilancio e la revisione ordinaria delle partecipazioni.<\/p>\n<p>&nbsp;<\/p>\n<p>&nbsp;<\/p>\n<hr \/>\n<h3><\/h3>\n<blockquote>\n<h3>CONSIGLIO COMUNALE SENZA INTERROGAZIONI DELLA MINORANZA<br \/>\n<strong>\u00a0<\/strong><\/h3>\n<\/blockquote>\n<p><strong>ROCCA PIETORE<\/strong> Sar\u00e0 l&#8217;aria del Natale? Un consiglio comunale senza le interrogazioni della minoranza, anzi delle minoranza di Diana Iraci Borgia o del gruppo che fa riferimento a Marizio De Cassan. Martedi alle 18.30 seduta di ordinaria amministrazione con l&#8217;approvazione del Dup (documento di programmazione), variazione al bilancio, prelievo dal fondo di riserva, ricognizione delle partecipazioni possedute, bilancio di previsione Asca 2022 e programma per il conferimento di incarichi di collaborazione autonoma.<\/p>\n<p>&nbsp;<\/p>\n<p>&nbsp;<\/p>\n<hr \/>\n<p>&nbsp;<\/p>\n<p>&nbsp;<\/p>\n<blockquote>\n<h3>L&#8217;ULTIMO CONSIGLIO DEL 2021<\/h3>\n<\/blockquote>\n<p><strong>TAIBON<\/strong> Martedi alle 20:30 consiglio comunale convocato dal sindaco Silvia Tormen, all&#8217;ordine del giorno: affidamento servizio tesoreria, revisione delle partecipazioni, nomina revisore dei conti, approvazione bilancio di prevision dell&#8217;Azienda Speciale Multiservizi, impianto elettrico sul Corpassa, modifica del piano di pagamento dei canoni concessori<\/p>\n<p>&nbsp;<\/p>\n<p>&nbsp;<\/p>\n<hr \/>\n<p>&nbsp;<\/p>\n<blockquote>\n<h3>LA COOP CADORE CERCA UN VICE RESPONSABILE Candidature entro il 10 gennaio 2022<\/h3>\n<\/blockquote>\n<p><strong>CADORE<\/strong> La cooperativa alla ricerca di una nuova figura per il settore pulizie, sanificazione e igienizzazione.\u00a0 L&#8217;avviso completo \u00e8 disponibile sulla pagina Facebook della Cadore s.c.s. e presto anche sul sito Internet della cooperativa (www.cadorescs.com). Gli interessati potranno inviare il proprio curriculum entro le 12 del 10 gennaio all\u2019indirizzo mail segreteria@cadorescs.com ; il CV potr\u00e0 anche essere consegnato a mano alla Segreteria nella sede amministrativa di Pieve di Cadore.<\/p>\n<p>&nbsp;<\/p>\n<p>&nbsp;<\/p>\n<hr \/>\n<blockquote>\n<h3><\/h3>\n<h3>VALPE CONSEGNA GLI ECOCALENDARI 2022 A SEDICO E NELL&#8217;AGORDINO<\/h3>\n<\/blockquote>\n<p><strong>AGORDO-SEDICO<\/strong>\u00a0 In questi giorni i nuovi calendari per l\u2019anno 2022 sono in consegna nelle case di tutti gli utenti di Sedico e dell\u2019Unione Montana Agordina. I nuovi calendari sono disponibili\u00a0 anche nel sito www.valpeambiente.it.<\/p>\n<p>&nbsp;<\/p>\n<p>&nbsp;<\/p>\n<hr \/>\n<p>&nbsp;<\/p>\n<h2><span style=\"color: #ff0000;\">IERI ALLA RADIO\u00a0<\/span><\/h2>\n<blockquote>\n<h3>IL CONCERTO DI NATALE CON IL GRUPPO FOLK VAL BIOIS<\/h3>\n<\/blockquote>\n<h2><strong><a href=\"https:\/\/www.radiopiu.net\/wordpress\/il-concerto-di-natale-con-il-gruppo-folk-val-biois\/71796522_1224550561080359_7415794991173206016_n\/\" rel=\"attachment wp-att-249791\"><img loading=\"lazy\" decoding=\"async\" class=\" wp-image-249791 alignleft\" src=\"https:\/\/www.radiopiu.net\/wordpress\/wp-content\/uploads\/2021\/12\/71796522_1224550561080359_7415794991173206016_n-e1640166448884-200x300.jpg\" alt=\"\" width=\"137\" height=\"206\" srcset=\"https:\/\/www.radiopiu.net\/wordpress\/wp-content\/uploads\/2021\/12\/71796522_1224550561080359_7415794991173206016_n-e1640166448884-200x300.jpg 200w, https:\/\/www.radiopiu.net\/wordpress\/wp-content\/uploads\/2021\/12\/71796522_1224550561080359_7415794991173206016_n-e1640166448884-683x1024.jpg 683w, https:\/\/www.radiopiu.net\/wordpress\/wp-content\/uploads\/2021\/12\/71796522_1224550561080359_7415794991173206016_n-e1640166448884-768x1152.jpg 768w, https:\/\/www.radiopiu.net\/wordpress\/wp-content\/uploads\/2021\/12\/71796522_1224550561080359_7415794991173206016_n-e1640166448884-1024x1536.jpg 1024w, https:\/\/www.radiopiu.net\/wordpress\/wp-content\/uploads\/2021\/12\/71796522_1224550561080359_7415794991173206016_n-e1640166448884.jpg 1296w\" sizes=\"auto, (max-width: 137px) 100vw, 137px\" \/><\/a><br \/>\n<\/strong><\/h2>\n<p>OSPITE MAYRA DE MARCO<\/p>\n<p><strong>AUDIO<\/strong><\/p>\n<p>&nbsp;<\/p>\n<p>&nbsp;<\/p>\n<p>&nbsp;<\/p>\n<p>DI CLAUDIO FONTANIVE<\/p>\n<audio class=\"wp-audio-shortcode\" id=\"audio-249707-5\" preload=\"none\" style=\"width: 100%;\" controls=\"controls\"><source type=\"audio\/mpeg\" src=\"https:\/\/www.radiopiu.net\/wordpress\/wp-content\/uploads\/2021\/12\/maira-de-marco-concerto-22-dicembre.mp3?_=5\" \/><a href=\"https:\/\/www.radiopiu.net\/wordpress\/wp-content\/uploads\/2021\/12\/maira-de-marco-concerto-22-dicembre.mp3\">https:\/\/www.radiopiu.net\/wordpress\/wp-content\/uploads\/2021\/12\/maira-de-marco-concerto-22-dicembre.mp3<\/a><\/audio>\n<p>&nbsp;<\/p>\n<p><img decoding=\"async\" src=\"https:\/\/www.radiopiu.net\/wordpress\/wp-content\/uploads\/2021\/12\/268979621_10228960172887902_8372804275403139717_n.jpg\" \/><\/p>\n<p>&nbsp;<\/p>\n<p>&nbsp;<\/p>\n<hr \/>\n<p>&nbsp;<\/p>\n<blockquote>\n<h3>AL VIA LE VOTAZIONI DEI PRESEPI DI INTE PER ANTER<\/h3>\n<\/blockquote>\n<div class=\"addthis_sharing_toolbox\" data-url=\"https:\/\/sfoglio.corrierealpi.gelocal.it\/share_article.php?article_id=9660487\" data-title=\"Al via da oggi le votazionidei presepi di &quot;Inte per anter&quot;\"><\/div>\n<div class=\"articlePlainText\"><strong><a href=\"https:\/\/www.radiopiu.net\/wordpress\/inter-per-anter-la-settima-edizione-con-la-vecchia-formula\/261772589_4878126355539661_18305168186311857_n\/\" rel=\"attachment wp-att-248287\"><img loading=\"lazy\" decoding=\"async\" class=\" wp-image-248287 alignleft\" src=\"https:\/\/www.radiopiu.net\/wordpress\/wp-content\/uploads\/2021\/12\/261772589_4878126355539661_18305168186311857_n-248x300.jpg\" alt=\"\" width=\"153\" height=\"185\" srcset=\"https:\/\/www.radiopiu.net\/wordpress\/wp-content\/uploads\/2021\/12\/261772589_4878126355539661_18305168186311857_n-248x300.jpg 248w, https:\/\/www.radiopiu.net\/wordpress\/wp-content\/uploads\/2021\/12\/261772589_4878126355539661_18305168186311857_n.jpg 526w\" sizes=\"auto, (max-width: 153px) 100vw, 153px\" \/><\/a>LA VALLE<\/strong> Da oggi e fino al 5 gennaio si possono votare i 42 presepi allestiti lungo le vie che attraversano le frazioni del comune di La Valle. Si tratta della settima edizione di &#8220;Inte per anter&#8221;, la manifestazione promossa dalla Pro loco lavallese guidata da Andrea Da Roit per valorizzare al contempo la creativit\u00e0 della popolazione e gli angoli pi\u00f9 nascosti del paese.<\/div>\n<div><strong>L&#8217;INTERVISTA DI CLAUDIO FONTANIVE\u00a0 AD ANDREA DA ROIT\u00a0<\/strong><br \/>\n<audio class=\"wp-audio-shortcode\" id=\"audio-249707-6\" preload=\"none\" style=\"width: 100%;\" controls=\"controls\"><source type=\"audio\/mpeg\" src=\"https:\/\/www.radiopiu.net\/wordpress\/wp-content\/uploads\/2021\/12\/andrea-da-roit-pro-loco-la-valle-14-dicembre.mp3?_=6\" \/><a href=\"https:\/\/www.radiopiu.net\/wordpress\/wp-content\/uploads\/2021\/12\/andrea-da-roit-pro-loco-la-valle-14-dicembre.mp3\">https:\/\/www.radiopiu.net\/wordpress\/wp-content\/uploads\/2021\/12\/andrea-da-roit-pro-loco-la-valle-14-dicembre.mp3<\/a><\/audio>\n<\/div>\n<p>&nbsp;<\/p>\n<hr \/>\n<p><strong>\u00a0\u00a0<\/strong><\/p>\n<p>&nbsp;<\/p>\n<p><strong>IL CONCERTO DEL 26 DICEMBRE DALL&#8217;ARCIDIACONALE DI AGORDO SARA&#8217; TRASMESSO IN DIRETTA SULLE FREQUENZE DI RADIO PIU&#8217;, POTRA&#8217; ESSERE VISTO IN STREAMING SUL SITO INTERNET RADIOPIU.NET O SULLE PAGINE FACEBOOK RADIOPIU, RADIOPIU EMITTENTE AGORDINA, SEI DI AGORDO SE&#8230;<\/strong><\/p>\n<blockquote><p><a href=\"https:\/\/www.radiopiu.net\/wordpress\/giornale-radiopiu-10-dicembre-2021-direttore-mirko-mezzacasa\/7e4dcf0d-ae61-466b-9ba6-59f1c81d4b00\/\" rel=\"attachment wp-att-247533\"><img loading=\"lazy\" decoding=\"async\" class=\"wp-image-247533 aligncenter\" src=\"https:\/\/www.radiopiu.net\/wordpress\/wp-content\/uploads\/2021\/12\/7e4dcf0d-ae61-466b-9ba6-59f1c81d4b00.jpg\" alt=\"\" width=\"257\" height=\"365\" srcset=\"https:\/\/www.radiopiu.net\/wordpress\/wp-content\/uploads\/2021\/12\/7e4dcf0d-ae61-466b-9ba6-59f1c81d4b00.jpg 722w, https:\/\/www.radiopiu.net\/wordpress\/wp-content\/uploads\/2021\/12\/7e4dcf0d-ae61-466b-9ba6-59f1c81d4b00-212x300.jpg 212w\" sizes=\"auto, (max-width: 257px) 100vw, 257px\" \/><\/a><\/p><\/blockquote>\n<p><strong><a href=\"https:\/\/www.radiopiu.net\/wordpress\/baileyaa\/th-276\/\" rel=\"attachment wp-att-249629\"><img loading=\"lazy\" decoding=\"async\" class=\"wp-image-249629 alignleft\" src=\"https:\/\/www.radiopiu.net\/wordpress\/wp-content\/uploads\/2021\/12\/th-13.jpg\" alt=\"\" width=\"118\" height=\"118\" srcset=\"https:\/\/www.radiopiu.net\/wordpress\/wp-content\/uploads\/2021\/12\/th-13.jpg 236w, https:\/\/www.radiopiu.net\/wordpress\/wp-content\/uploads\/2021\/12\/th-13-150x150.jpg 150w\" sizes=\"auto, (max-width: 118px) 100vw, 118px\" \/><\/a>INTERVISTA A ROBERTA CONEDERA\u00a0<\/strong><\/p>\n<p><strong>DI CLAUDIO FONTANIVE\u00a0<\/strong><\/p>\n<p><strong>AUDIO\u00a0<\/strong><\/p>\n<audio class=\"wp-audio-shortcode\" id=\"audio-249707-7\" preload=\"none\" style=\"width: 100%;\" controls=\"controls\"><source type=\"audio\/mpeg\" src=\"https:\/\/www.radiopiu.net\/wordpress\/wp-content\/uploads\/2021\/12\/roberta-condera-21-dicembre.mp3?_=7\" \/><a href=\"https:\/\/www.radiopiu.net\/wordpress\/wp-content\/uploads\/2021\/12\/roberta-condera-21-dicembre.mp3\">https:\/\/www.radiopiu.net\/wordpress\/wp-content\/uploads\/2021\/12\/roberta-condera-21-dicembre.mp3<\/a><\/audio>\n<p>&nbsp;<\/p>\n<hr \/>\n<p>&nbsp;<\/p>\n<blockquote>\n<h3>NADEL IGNANTER I TABIEI<\/h3>\n<\/blockquote>\n<p><strong>ROCCA PIETORE<\/strong> A Sottoguda a Natale ci saranno i mercatini tra le vie del paese, nei giorni 28 e 29 dicembre dalle 13 alle 19. Martedi 28 alle 16 &#8220;musica, neve e magia&#8221; con il concerto di Sara Stocco (voce) e Nella Hristova (pianoforte)<\/p>\n<p>&nbsp;<\/p>\n<p>&nbsp;<\/p>\n<hr \/>\n<p>&nbsp;<\/p>\n<blockquote>\n<h3>MUSICA E POESIA CON L&#8217;ISTITUTO SUPERIORE DI SCIENZE RELIGIOSE<\/h3>\n<\/blockquote>\n<p><strong>BELLUNO<\/strong> L\u2019Istituto Superiore di Scienze Religiose \u201cGiovanni Paolo I\u201d, istituzione accademica ecclesiastica collegata alla Facolt\u00e0 Teologica del Triveneto, offre a tutti, non solo a docenti, studenti e personale, la possibilit\u00e0 di vivere un momento di spiritualit\u00e0 in preparazione al Natale,\u00a0 oggi alle\u00a0 18 nella\u00a0 chiesa di San Pietro a Belluno. Il programma prevede una riflessione sul Natale tramite parole e musica: le parole sono quelle di Antonio Chiades, giornalista, scrittore e poeta, che vive tra Pieve di Cadore e Treviso; l\u2019esecuzione musicale \u00e8 invece affidata al musicista e compositore bellunese Carlo De Battista. Sono previsti inoltre una lettura biblica e l\u2019intervento dei rispettivi vescovi, Michele Tomasi, vescovo di Treviso, e Renato Marangoni, vescovo di Belluno-Feltre. L\u2019evento bellunese \u00e8 organizzato in collaborazione con la Biblioteca Gregoriana del Seminario di Belluno. \u00c8 obbligatorio il Green Pass.<\/p>\n<p>&nbsp;<\/p>\n<p>&nbsp;<\/p>\n<hr \/>\n<p>&nbsp;<\/p>\n<blockquote>\n<h3>IL CONCERTO DI NATALE A CAVIOLA<\/h3>\n<\/blockquote>\n<p><strong>FALCADE<\/strong> \u00c8 in programma il concerto di Natale &#8220;seguitando la gran stela&#8221; con il gruppo musicale &#8220;Na Fuoia&#8221; organizzato dal Gruppo Folk Union ladina Val Biois a Caviola oggi alle 20.30 presso la Casa della giovent\u00f9. Si esibiranno i musicisti Andrea Da Cort\u00e0, Annachiara Belli e Pina Sabatini che faranno suonare gli strumenti pi\u00f9 tradizionali come il violino e la chitarra e quelli pi\u00f9 esotici come la cornamusa e il dulcimer. Un regalo di Natale del Gruppo Folk Union ladina Val Biois per ritrovarsi e trascorrere insieme una serata di buona musica. Ingresso ad offerta libera, \u00e8 richiesto il green pass<\/p>\n<p>&nbsp;<\/p>\n<p>&nbsp;<\/p>\n<hr \/>\n<p>&nbsp;<\/p>\n<p>&nbsp;<\/p>\n<blockquote>\n<h3>OGGI LA PRESENTAZIONE DELLA GUIDA TURISTICA DI DAL MAS<\/h3>\n<\/blockquote>\n<p><strong>SOSPIROLO<\/strong> Si terr\u00e0 oggi al Centro Civico alle 20.30 la presentazione della guida turistica \u201cViaggio nelle Dolomiti Bellunesi\u201d \u00a0di Giuliano Dal Mas. In questo suo &#8220;Viaggio&#8221;, Giuliano Dal Mas (Premio Pelmo d\u2019Oro per la Cultura Alpina 2021) si muove esplorando quella bellezza che si trova anche nei posti pi\u00f9 reconditi dove, secondo l\u2019autore, &#8220;solo un cuore fanciullo vede, guarda e assapora&#8221;. Il volume \u00e8 patrocinato dal Comitato Pro Loco Unpli Belluno che rappresenta le 59 Pro Loco ed i 7 Consorzi della provincia di Belluno; la serata, con proiezioni di immagini, \u00e8 a cura della Pro loco \u201cMonti del Sole\u201d con il patrocinio del Comune di Sospirolo. Ingresso libero con obbligo del Super Green Pass.<\/p>\n<p>&nbsp;<\/p>\n<p>&nbsp;<\/p>\n<hr \/>\n<p>&nbsp;<\/p>\n<blockquote>\n<h3>APERTURA INVERNALE DEL CASTELLO DI ANDRAZ<\/h3>\n<\/blockquote>\n<p><strong>LIVINALLONGO <\/strong>Normalmente d\u2019inverno il Castello di Andraz rimane chiuso al pubblico a causa delle grandi quantit\u00e0 di neve che interessano l\u2019area. Quest\u2019anno invece il meteo \u00e8 favorevole e quindi, solo per pochi giorni e per poche ore, il castello aprir\u00e0. Le visite (guidate e su prenotazione ma non particolarmente specialistiche e quindi accessibili a tutti) si concentreranno in particolare sulla figura di Nicol\u00f2 Cusano, vissuto al castello attorno alla met\u00e0 del XV secolo, che proprio qui ha compiuto studi in campo astronomico di notevole rilevanza. \u00c8 infatti in funzione gi\u00e0 da qualche settimana il foro utilizzato per gli studi sul solstizio d\u2019inverno: un\u2019occasione imperdibile. Le aperture straordinarie avverranno il 19, 22, 26 e 29 dicembre dalle 13 alle 15. Per prenotare la visita guidata 334 3346680. Informazioni su www.castellodiandraz.it<\/p>\n<p>&nbsp;<\/p>\n<p>&nbsp;<\/p>\n<hr \/>\n<p>&nbsp;<\/p>\n<blockquote>\n<h3>LA BIBLIOTECA DI LIMANA CHIUDE PER IL NATALE<\/h3>\n<\/blockquote>\n<p><strong>LIMANA <\/strong>La Biblioteca di Limana sar\u00e0 chiusa al pubblico nelle due vigilie del 24 e del 31 dicembre. Rimarr\u00e0 chiusa anche dal 3 al 7 gennaio 2022.<\/p>\n<p>&nbsp;<\/p>\n<p>&nbsp;<\/p>\n<hr \/>\n<p>&nbsp;<\/p>\n<blockquote>\n<h3>IL GIOCO DEL TEATRO CON DOLOMITI HUB<\/h3>\n<\/blockquote>\n<p><strong>FONZASO<\/strong> Il 27, 29 e 30 dicembre alla ex scuola elementare di Arten, Dolomiti Hub e Tib Teatro organizzano &#8220;Gioca teatro. Scopro elaboro imparo. Ingresso gratuito, <a href=\"https:\/\/webkolm.musvc2.net\/e\/t?q=7%3d1U7U9b%26q%3db%26n%3dUAW%26o%3dX7X2T%26z%3dBtLuM_rsXt_33_wuSr_70_rsXt_28iIlGrCtAmOb.Ay_LQuU_VfEt8uDt-Cs5wCzAtHe-Df6oJfNoJnI-tAgNe3yLo-6n7eEgLe-TEV1_JVwP_Tk_LQuU_WfMyG_sGzLc7_wuSr_88n72Ml7yNeJ_wuSr_7ZuLr_Ge6nOm_JVwP_Ui9m3nF_rsXt_2XzNm5a3f_5fGp3nAn_JVwP_Ui7oFk9r7sTa%266%3drOsNhV.n7y%26Cs%3dT9c6&amp;mupckp=mupAtu4m8OiX0wt\" target=\"_blank\" rel=\"noopener\"><u>iscrizione obbligatoria<\/u><\/a>.<\/p>\n<p>&nbsp;<\/p>\n<p>&nbsp;<\/p>\n<hr \/>\n<p>&nbsp;<\/p>\n<blockquote>\n<h3>LE ANTICHE BAMBOLE AL CENTRO CIVICO<\/h3>\n<\/blockquote>\n<p><strong>SANTA GIUSTINA<\/strong>\u00a0 Sar\u00e0 inaugurata domenica\u00a0 alle\u00a0 16 la mostra di bambole antiche che l\u2019Assessorato alla Cultura ha promosso e organizzato grazie alla disponibilit\u00e0 della collezionista zoldana Lia Brustolon e di Stefano Cassol curatore dell\u2019esposizione che sar\u00e0 sempre presente durante le aperture per illustrare storia e caratteristiche degli oggetti esposti. La mostra, collocata nella sala del pianoterra del Centro Culturale di via cal de formiga, rimarr\u00e0 aperta fino al 6 gennaio con aperture pomeridiane dalle 15.00 alle 19.00: l\u2019accesso \u00e8 consentito con Green Pass rafforzato <em>\u201cCon questa iniziativa vorremmo dare un segnale di ripresa delle attivit\u00e0 culturali- sottolinea l\u2019assessore alla cultura Michela Colotto,- ci auguriamo che la mostra sia frequentata dai nostri concittadini, ma anche da fuori Comune perch\u00e9 si tratta di qualcosa di davvero particolare e che la situazione ci permetta di proporre altri eventi di qualit\u00e0 in tutta sicurezza, perch\u00e9 la situazione Covid sta pesantemente condizionando tutto il settore.\u201d<\/em><\/p>\n<p>&nbsp;<\/p>\n<p>&nbsp;<\/p>\n<hr \/>\n<p>&nbsp;<\/p>\n<blockquote>\n<h3>LE TORBIERE DI BUSNADOR E MELERE BIOTOPO DI NOTEVOLE INTERESSE IN QUEL DI TRICHIANA<\/h3>\n<\/blockquote>\n<p><strong>di\u00a0 RENATO BONA<\/strong><\/p>\n<p>Nella quinta tappa (su sei) del viaggio tra i biotopi compresi nell\u2019ambito delle Prealpi e Dolomiti bellunesi e feltrine, dopo esserci occupati delle Torbiere di Valpiana, piccolo altipiano nel comune di Limana; dei Laghetti della Rimonta nei comuni di Lentiai e Mel; del Laghetto Rodela in quel di Sovramonte, e di Col de Moi in territorio di Mel, ci soffermiamo oggi sulle Torbiere di Busnador e Melere, ancora \u201cguidati\u201d dal libretto edito dall\u2019Arpav del Veneto nel 2001 nell\u2019ambito del programma comunitario \u201cLeader II\u201d portato avanti grazie al cofinanziamento della Comunit\u00e0 Europea col Fondo europeo Agricolo di orientamento e garanzia, dal Gruppo di azione locale \u201cPrealpi e Dolomiti Bellunesi e Feltrine\u201d, per il coordinamento generale di Alberto Luchetta e Renzo Scussel quale responsabile del progetto, stampa a cura di Promoduck Santa Giustina, foto di Michele Cassol, Raffaele Gnech, Cesare Lasen, disegni di Andrea Crepaz e Gnech. Questa zona umida \u00e8 localizzata in comune di Trichiana ed \u00e8 raggiungibile dalla frazione di Sant\u2019Antonio di Tortal, lungo la strada per il Passo San Boldo, puntando verso Valmorel e, per 2,8 chilometri fino a Busnador e circa 5 per Melere. Si tratta di ambienti umidi di 8,9 ettari per Busnador e 2,6 ettari per Melere, altitudine rispettivamente 730-760 e 815-850 metri, che fra gli \u201celementi pregevoli\u201d vanta specie vegetali di torbiera e boschetto di faggio. Busnador, in particolare &#8211; si pu\u00f2 leggere nella pubblicazione &#8211; \u201c\u00e8 insediata in corrispondenza di un piatto avvallamento delimitato da due argini morenici paralleli, con sottofondo di terreni fini poco drenati\u201d. Qui sopravvivono alcune pozze molto ridotte con tipica vegetazione palustre di ambienti eutrofici e lembi di torbiera bassa soligena con buona presenza di specie del Caricion devallianae. Tra gli aspetti pi\u00f9 tipici gli autori inseriscono i prati magri da sfalcio, comunit\u00e0 vegetali di chiara impronta illirica e sudorientale. Tra le specie pi\u00f9 caratterizzanti: Knautia ressmannii, Cirsium pannonicum, Anthericum ramosum, Potentilla alba, Gentianella germanica, Plantago argentea e, pi\u00f9 raro. il Gladiolus palustris; altri aspetti apprezzabili sono alcuni nuclei di ontano nero in espansione, diversi cespugliati con salici, un modesto lembo di canneto mentre segni di particolare degradazione sono gli aggruppamenti a Juncus inflexus, sui sentieri dei trattori, quelli a Juncus tenuis e Juncus bufonius. La torbiera di Melere, tipica soligena di pendio con scorrimento idrico superficiale costante \u00e8 localizzata in un\u2019area che ha subito diversi interventi che ne hanno ridotto estensione e funzionalit\u00e0. Assai estesa in origine, \u00e8 oggi ridotta a circa mezzo ettaro con un nucleo centrale rimasto sostanzialmente intatto su un suolo minerale subalcalino ricco di soluti in cui \u201cla sola presenza di Drosera longifolia rappresenta elemento di pregio da sottolineare\u201d. E a proposito di questa specie va segnalato che \u201cproprio dove era stata scoperta in localit\u00e0 Pranolz, a poche centinaia di metri dalla torbiera principale, il sito \u00e8 stato distrutto dalla costruzione della vasca dell\u2019acquedotto. Altra specie minacciata di grande importanza \u00e8 Rhynchospora alba, assai marginale rispetto al nucleo centrale della torbiera. Presenze rilevanti sono pure Dactylorhiza traunsteineri (rara), Dactylorhiza majalis, Epipactis palustris, Eleocharis quinqueflora. Una annotazione: \u201cConsiderata la vicinanza del bosco e di costruzioni, l\u2019ambiente \u00e8 piuttosto fragile e meriterebbe un\u2019oculata gestione. Notevoli sono anche i valori paesaggistici con un nucleo di faggi di rilevanti dimensioni, margini boschivi con ontani, Caltha palustris, Crepis paludosa, Vicia sylvatica\u201d. A 400 metri ad est del nucleo principale della torbiera, a quota 815, si sviluppa un altro biotopo palustre la cui superficie \u00e8 di circa 2 mila metri quadrati. Anche qui presenti la Drosera longifolia e Dactylorhiza traunsteineri che sopravvivono malgrado si stiano accumulando detriti e nonostante il forte drenaggio. Interessante l\u2019aspetto forestale con faggio, acero di monte e carpino bianco; verso monte non manca l\u2019abete rosso; presente pure, in posizione dominante, l\u2019ontano nero. Veniamo all\u2019erpetofauna: tra gli anfibi che si riproducono regolarmente la Salamandra pezzata ed il Tritone alpino. I rettili sono piuttosto scarsi e l\u2019unica specie osservata \u00e8 l\u2019Orbettino; si \u00e8 notata la presenza del Biacco il grosso serpente che si ciba di lucertole e roditori; non manca la Biscia dal collare. Dal punto di vista ornitologico fra le specie nidificanti le pi\u00f9 comuni sono: Balestruccio, Rondine, le Cince, Cinciallegra, Cinciarella Codibugnolo, Verdone; pi\u00f9 localizzati lo Zigolo giallo e il Picchio verde. Alle dimore rurali dei dintorni \u00e8 legata la presenza di Codirosso, Passera mattugia, Passera d\u2019Italia; la zona \u00e8 raggiunta in autunno ed inverno, provenienti dai monti circostanti, dall\u2019Astore, Sparviere, Civetta nana, Corvo imperiale, Nocciolaia e Ghiandaia. Quanto all\u2019avifauna di passo, l\u2019area del Busnador, lungo una rotta di importante migrazione per le zone di Valmorel, Sant\u2019Antonio Tortal, Zelant, Monte Artent, d\u2019autunno in particolare propone stormi di fringillidi e turdidi fra cui Tordi bottacci, Tordele, Pettirossi, Fringuelli e Peppole. Avviandosi a conclusione la pubblicazione sottolinea come molto interessante la coabitazione di tre specie del genere Sorex: Toporagno comune, Toporagno nano e Toporagno alpino. Specie caratteristica di questi ambienti il Toporagno d\u2019acqua di Miller \u201cche utilizza sovente le scoline e le olle di risorgiva per la ricerca del cibo. Tra i topi si segnala la presenta del Topo dal dorso striato e del Topo selvatico dal collo giallo. Pure segnalata nei dintorni del biotopo la presenza della Volpe e dello Scoiattolo e frequente risulta l\u2019avvistamento del Capriolo mentre pi\u00f9 sporadico \u00e8 per il Cervo. Infine una considerazione: \u201cGli ambienti prativi regolarmente falciati che circondano il biotopo sono ottimali per la Lepre comune che pu\u00f2 trovare rifugio e fonti alimentari nei boschetti, nelle siepi e nei versanti pi\u00f9 assolati dpve anche d\u2019inverno la neve non si accumula\u201d.<\/p>\n\n\t\t\t<style type='text\/css'>\n\t\t\t\t#gallery-6 {\n\t\t\t\t\tmargin: auto;\n\t\t\t\t}\n\t\t\t\t#gallery-6 .gallery-item {\n\t\t\t\t\tfloat: left;\n\t\t\t\t\tmargin-top: 10px;\n\t\t\t\t\ttext-align: center;\n\t\t\t\t\twidth: 33%;\n\t\t\t\t}\n\t\t\t\t#gallery-6 img {\n\t\t\t\t\tborder: 2px solid #cfcfcf;\n\t\t\t\t}\n\t\t\t\t#gallery-6 .gallery-caption {\n\t\t\t\t\tmargin-left: 0;\n\t\t\t\t}\n\t\t\t\t\/* see gallery_shortcode() in wp-includes\/media.php *\/\n\t\t\t<\/style>\n\t\t<div id='gallery-6' class='dt-gallery-container gallery galleryid-249707 gallery-columns-3 gallery-size-thumbnail'><dl class='gallery-item'>\n\t\t\t\t<dt class='gallery-icon landscape'>\n\t\t\t\t\t<a class=\"rollover rollover-zoom dt-pswp-item\" title=\"269683439_3088153248181409_4315986711436446551_n\" data-dt-img-description=\"\" data-large_image_width=\"218\" data-large_image_height=\"206\"href='https:\/\/www.radiopiu.net\/wordpress\/wp-content\/uploads\/2021\/12\/269683439_3088153248181409_4315986711436446551_n.jpg'><img loading=\"lazy\" decoding=\"async\" width=\"150\" height=\"150\" src=\"https:\/\/www.radiopiu.net\/wordpress\/wp-content\/uploads\/2021\/12\/269683439_3088153248181409_4315986711436446551_n-150x150.jpg\" class=\"attachment-thumbnail size-thumbnail\" alt=\"\" \/><\/a>\n\t\t\t\t<\/dt><\/dl><dl class='gallery-item'>\n\t\t\t\t<dt class='gallery-icon landscape'>\n\t\t\t\t\t<a class=\"rollover rollover-zoom dt-pswp-item\" title=\"269546633_313643507329562_9115567056111690447_n\" data-dt-img-description=\"\" data-large_image_width=\"261\" data-large_image_height=\"205\"href='https:\/\/www.radiopiu.net\/wordpress\/wp-content\/uploads\/2021\/12\/269546633_313643507329562_9115567056111690447_n.jpg'><img loading=\"lazy\" decoding=\"async\" width=\"150\" height=\"150\" src=\"https:\/\/www.radiopiu.net\/wordpress\/wp-content\/uploads\/2021\/12\/269546633_313643507329562_9115567056111690447_n-150x150.jpg\" class=\"attachment-thumbnail size-thumbnail\" alt=\"\" \/><\/a>\n\t\t\t\t<\/dt><\/dl><dl class='gallery-item'>\n\t\t\t\t<dt class='gallery-icon portrait'>\n\t\t\t\t\t<a class=\"rollover rollover-zoom dt-pswp-item\" title=\"266182313_1768331320026934_4179262645424140550_n\" data-dt-img-description=\"\" data-large_image_width=\"153\" data-large_image_height=\"247\"href='https:\/\/www.radiopiu.net\/wordpress\/wp-content\/uploads\/2021\/12\/266182313_1768331320026934_4179262645424140550_n.jpg'><img loading=\"lazy\" decoding=\"async\" width=\"150\" height=\"150\" src=\"https:\/\/www.radiopiu.net\/wordpress\/wp-content\/uploads\/2021\/12\/266182313_1768331320026934_4179262645424140550_n-150x150.jpg\" class=\"attachment-thumbnail size-thumbnail\" alt=\"\" \/><\/a>\n\t\t\t\t<\/dt><\/dl><br style=\"clear: both\" \/><dl class='gallery-item'>\n\t\t\t\t<dt class='gallery-icon landscape'>\n\t\t\t\t\t<a class=\"rollover rollover-zoom dt-pswp-item\" title=\"269607644_1110519709715557_697479158611766839_n\" data-dt-img-description=\"\" data-large_image_width=\"333\" data-large_image_height=\"206\"href='https:\/\/www.radiopiu.net\/wordpress\/wp-content\/uploads\/2021\/12\/269607644_1110519709715557_697479158611766839_n.jpg'><img loading=\"lazy\" decoding=\"async\" width=\"150\" height=\"150\" src=\"https:\/\/www.radiopiu.net\/wordpress\/wp-content\/uploads\/2021\/12\/269607644_1110519709715557_697479158611766839_n-150x150.jpg\" class=\"attachment-thumbnail size-thumbnail\" alt=\"\" \/><\/a>\n\t\t\t\t<\/dt><\/dl><dl class='gallery-item'>\n\t\t\t\t<dt class='gallery-icon landscape'>\n\t\t\t\t\t<a class=\"rollover rollover-zoom dt-pswp-item\" title=\"268452825_1041802043057326_4354522670800349287_n\" data-dt-img-description=\"\" data-large_image_width=\"320\" data-large_image_height=\"205\"href='https:\/\/www.radiopiu.net\/wordpress\/wp-content\/uploads\/2021\/12\/268452825_1041802043057326_4354522670800349287_n.jpg'><img loading=\"lazy\" decoding=\"async\" width=\"150\" height=\"150\" src=\"https:\/\/www.radiopiu.net\/wordpress\/wp-content\/uploads\/2021\/12\/268452825_1041802043057326_4354522670800349287_n-150x150.jpg\" class=\"attachment-thumbnail size-thumbnail\" alt=\"\" \/><\/a>\n\t\t\t\t<\/dt><\/dl>\n\t\t\t\t<br style='clear: both' \/>\n\t\t\t<\/div>\n\n<p>NELLE FOTO (riproduzioni dal libretto \u201cTorbiere di Busnador e Melere\u201d): copertina della pubblicazione; Cirsium pannonicum; Drosera longifolia; Torbiera di Melere con Eriophorum latifolium; Verdone &#8211; Carduelis chloris.<\/p>\n<p>&nbsp;<\/p>\n<p>&nbsp;<\/p>\n<hr \/>\n<p>&nbsp;<\/p>\n<p><strong>IERI ALLA RADIO\u00a0<\/strong><\/p>\n<blockquote>\n<h2>I PROFESSIONISTI DEL POLIAMBULATORIO AGORDINO RISPONDONO<\/h2>\n<p><strong>CON IL DOTTOR CESARE DAL BO<\/strong><\/p><\/blockquote>\n<p><strong>PUNTATA 06 &#8211; 22 DICEMBRE 2021<\/strong><\/p>\n<audio class=\"wp-audio-shortcode\" id=\"audio-249707-8\" preload=\"none\" style=\"width: 100%;\" controls=\"controls\"><source type=\"audio\/mpeg\" src=\"https:\/\/www.radiopiu.net\/wordpress\/wp-content\/uploads\/2021\/12\/CESARE-DAL-BO.mp3?_=8\" \/><a href=\"https:\/\/www.radiopiu.net\/wordpress\/wp-content\/uploads\/2021\/12\/CESARE-DAL-BO.mp3\">https:\/\/www.radiopiu.net\/wordpress\/wp-content\/uploads\/2021\/12\/CESARE-DAL-BO.mp3<\/a><\/audio>\n<p><strong>\u00a0<\/strong><\/p>\n<p><strong>LA RACCOLTA COMPLETA\u00a0<\/strong><\/p>\n<blockquote class=\"wp-embedded-content\" data-secret=\"KRsH5EWVBN\"><p><a href=\"https:\/\/www.radiopiu.net\/wordpress\/i-professionisti-del-poliambulatorio-agordino-rispondono\/\">I PROFESSIONISTI DEL POLIAMBULATORIO AGORDINO RISPONDONO<\/a><\/p><\/blockquote>\n<p><iframe loading=\"lazy\" class=\"wp-embedded-content\" sandbox=\"allow-scripts\" security=\"restricted\" style=\"position: absolute; clip: rect(1px, 1px, 1px, 1px);\" title=\"&#8220;I PROFESSIONISTI DEL POLIAMBULATORIO AGORDINO RISPONDONO&#8221; &#8212; Radio Pi\u00f9\" src=\"https:\/\/www.radiopiu.net\/wordpress\/i-professionisti-del-poliambulatorio-agordino-rispondono\/embed\/#?secret=KRsH5EWVBN\" data-secret=\"KRsH5EWVBN\" width=\"600\" height=\"338\" frameborder=\"0\" marginwidth=\"0\" marginheight=\"0\" scrolling=\"no\"><\/iframe><\/p>\n<p>&nbsp;<\/p>\n<hr \/>\n<p>&nbsp;<\/p>\n<blockquote class=\"wp-embedded-content\" data-secret=\"Kwj6aCI2nx\"><p><a href=\"https:\/\/www.radiopiu.net\/wordpress\/zeloa\/\">MONTE CELO (ZELO) ED ALPENFESTUNG  ARTICOLO COMPLETO IN TRE PARTI<\/a><\/p><\/blockquote>\n<p><iframe loading=\"lazy\" class=\"wp-embedded-content\" sandbox=\"allow-scripts\" security=\"restricted\" style=\"position: absolute; clip: rect(1px, 1px, 1px, 1px);\" title=\"&#8220;MONTE CELO (ZELO) ED ALPENFESTUNG  ARTICOLO COMPLETO IN TRE PARTI&#8221; &#8212; Radio Pi\u00f9\" src=\"https:\/\/www.radiopiu.net\/wordpress\/zeloa\/embed\/#?secret=Kwj6aCI2nx\" data-secret=\"Kwj6aCI2nx\" width=\"600\" height=\"338\" frameborder=\"0\" marginwidth=\"0\" marginheight=\"0\" scrolling=\"no\"><\/iframe><\/p>\n<p>&nbsp;<\/p>\n<p>&nbsp;<\/p>\n<hr \/>\n<p>&nbsp;<\/p>\n<div>\n<div class=\"b654a4as d2edcug0\">\n<div class=\"rq0escxv hkbzh7o3 jwdofwj8 n8tt0mok r8blr3vg hyh9befq\">\n<p><a class=\"dt-pswp-item\" href=\"https:\/\/www.radiopiu.net\/wordpress\/wp-content\/uploads\/2020\/10\/pp.jpg\" data-dt-img-description=\"\" data-large_image_width=\"640\" data-large_image_height=\"640\"><img loading=\"lazy\" decoding=\"async\" class=\"wp-image-163678 alignleft\" src=\"https:\/\/www.radiopiu.net\/wordpress\/wp-content\/uploads\/2020\/10\/pp-300x300.jpg\" alt=\"\" width=\"106\" height=\"106\" srcset=\"https:\/\/www.radiopiu.net\/wordpress\/wp-content\/uploads\/2020\/10\/pp-300x300.jpg 300w, https:\/\/www.radiopiu.net\/wordpress\/wp-content\/uploads\/2020\/10\/pp-150x150.jpg 150w, https:\/\/www.radiopiu.net\/wordpress\/wp-content\/uploads\/2020\/10\/pp-125x125.jpg 125w, https:\/\/www.radiopiu.net\/wordpress\/wp-content\/uploads\/2020\/10\/pp-200x200.jpg 200w, https:\/\/www.radiopiu.net\/wordpress\/wp-content\/uploads\/2020\/10\/pp-80x80.jpg 80w, https:\/\/www.radiopiu.net\/wordpress\/wp-content\/uploads\/2020\/10\/pp-480x480.jpg 480w, https:\/\/www.radiopiu.net\/wordpress\/wp-content\/uploads\/2020\/10\/pp.jpg 640w\" sizes=\"auto, (max-width: 106px) 100vw, 106px\" \/><\/a><\/p>\n<\/div>\n<\/div>\n<\/div>\n<div>\n<div class=\"page-title-head hgroup\">\n<div class=\"page-title-head hgroup\">\n<div class=\"b654a4as d2edcug0\">\n<div class=\"j83agx80 btwxx1t3 lhclo0ds hop8lmos nkwizq5d scwd0bx6 roh60bw9\">\n<div class=\"rq0escxv hkbzh7o3 jwdofwj8 n8tt0mok r8blr3vg hyh9befq\">\n<div class=\"do00u71z l9j0dhe7 k4urcfbm\">\n<h2><span style=\"color: #000080;\">DON CESARE, IL PENSIERO DEL GIORNO. ALLA RADIO ALLE 7 DEL MATTINO E ALLE 19.30 DELLA SERA.\u00a0\u00a0<\/span><\/h2>\n<p>&nbsp;<\/p>\n<\/div>\n<div class=\"do00u71z l9j0dhe7 k4urcfbm\">\n<audio class=\"wp-audio-shortcode\" id=\"audio-249707-9\" preload=\"none\" style=\"width: 100%;\" controls=\"controls\"><source type=\"audio\/mpeg\" src=\"https:\/\/www.radiopiu.net\/wordpress\/wp-content\/uploads\/2021\/12\/CESARE-8.mp3?_=9\" \/><a href=\"https:\/\/www.radiopiu.net\/wordpress\/wp-content\/uploads\/2021\/12\/CESARE-8.mp3\">https:\/\/www.radiopiu.net\/wordpress\/wp-content\/uploads\/2021\/12\/CESARE-8.mp3<\/a><\/audio>\n<p>&nbsp;<\/p>\n<p>&nbsp;<\/p>\n<hr \/>\n<p>&nbsp;<\/p>\n<p>&nbsp;<\/p>\n<p>&nbsp;<\/p>\n<blockquote>\n<h3 class=\"articlePlainTitle\"><a href=\"https:\/\/www.radiopiu.net\/wordpress\/giornale-radiopiu-22-dicembre-2021-direttore-mirko-mezzacasa\/th-277\/\" rel=\"attachment wp-att-249716\"><img loading=\"lazy\" decoding=\"async\" class=\"wp-image-249716 alignleft\" src=\"https:\/\/www.radiopiu.net\/wordpress\/wp-content\/uploads\/2021\/12\/th-14.jpg\" alt=\"\" width=\"139\" height=\"185\" \/><\/a>&#8220;Arrivederci in paradiso&#8221; Domenica la presentazione<\/h3>\n<\/blockquote>\n<div class=\"articlePlainText\"><strong>VOLTAGO<\/strong> Domenica alle 16 nella chiesa di San Nicol\u00f2 a Frassen\u00e9 verr\u00e0 presentato il libro &#8220;Arrivederci in paradiso&#8221;, dedicato alla memoria di don Stefano Gorzegno, morto a soli 44 anni sulla spiaggia di Termoli il 30 luglio 2003 per salvare la vita a sette ragazzini a rischio annegamento. Ci saranno gli interventi di Francesco Mercanti, curatore della pubblicazione, del vescovo Marangoni, del parroco don Fabiano Del Favero e del sindaco Schena. Alle 18 la messa.<\/div>\n<p>&nbsp;<\/p>\n<p>&nbsp;<\/p>\n<p><strong>L&#8217;INVITO DI DON FABIANO DEL FAVERO PARROCO DELLE PARROCCHIE DEL POI, DA VOLTAGO A TISER<\/strong><\/p>\n<audio class=\"wp-audio-shortcode\" id=\"audio-249707-10\" preload=\"none\" style=\"width: 100%;\" controls=\"controls\"><source type=\"audio\/mpeg\" src=\"https:\/\/www.radiopiu.net\/wordpress\/wp-content\/uploads\/2021\/12\/don-fabiano.mp3?_=10\" \/><a href=\"https:\/\/www.radiopiu.net\/wordpress\/wp-content\/uploads\/2021\/12\/don-fabiano.mp3\">https:\/\/www.radiopiu.net\/wordpress\/wp-content\/uploads\/2021\/12\/don-fabiano.mp3<\/a><\/audio>\n<p>&nbsp;<\/p>\n<p>&nbsp;<\/p>\n<hr \/>\n<p>&nbsp;<\/p>\n<h2><span style=\"color: #ff0000;\"><strong>SPECIALI DI NATALE ALLA RADIO\u00a0<\/strong><\/span><\/h2>\n<p>&nbsp;<\/p>\n<blockquote>\n<h3>LA VISITA AL MUSEO DI TAIBON DEI BAMBINI DELLA PRIMARIA<\/h3>\n<\/blockquote>\n<p><strong><a href=\"https:\/\/www.radiopiu.net\/wordpress\/lunedi-riapre-lasilo-girotondo-di-cencenighe\/mani-bambini\/\" rel=\"attachment wp-att-164891\"><img loading=\"lazy\" decoding=\"async\" class=\"size-medium wp-image-164891 alignleft\" src=\"https:\/\/www.radiopiu.net\/wordpress\/wp-content\/uploads\/2020\/10\/mani-bambini-300x200.jpg\" alt=\"\" width=\"300\" height=\"200\" srcset=\"https:\/\/www.radiopiu.net\/wordpress\/wp-content\/uploads\/2020\/10\/mani-bambini-300x200.jpg 300w, https:\/\/www.radiopiu.net\/wordpress\/wp-content\/uploads\/2020\/10\/mani-bambini-1024x683.jpg 1024w, https:\/\/www.radiopiu.net\/wordpress\/wp-content\/uploads\/2020\/10\/mani-bambini-768x512.jpg 768w, https:\/\/www.radiopiu.net\/wordpress\/wp-content\/uploads\/2020\/10\/mani-bambini-1536x1024.jpg 1536w, https:\/\/www.radiopiu.net\/wordpress\/wp-content\/uploads\/2020\/10\/mani-bambini.jpg 1920w\" sizes=\"auto, (max-width: 300px) 100vw, 300px\" \/><\/a>TAIBON <\/strong>A Ottobre, su gentile invito da parte del gruppo che ha riaperto il museo, tutte le classi della scuola primaria di Taibon hanno visitato questa struttura, dimostrando curiosit\u00e0 ed interesse verso il passato. La classe terza, in particolare, ha vissuto quest\u2019esperienza con passione e grande coinvolgimento tanto che, una volta rientrati in classe, si sono dedicati per lunghe settimane allo studio dei testi\u00a0 e alla rielaborazione di quanto avevano visto. Il prodotto finale \u00e8 un vocale con le voci\u00a0 di tutti i 16 bambini della classe, realizzato grazie al lavoro di squadra delle maestre Armanda, Maria Giovanna e Vanessa.<\/p>\n<p><strong>IL LAVORO DEI BAMBINI<\/strong><\/p>\n<audio class=\"wp-audio-shortcode\" id=\"audio-249707-11\" preload=\"none\" style=\"width: 100%;\" controls=\"controls\"><source type=\"audio\/mpeg\" src=\"https:\/\/www.radiopiu.net\/wordpress\/wp-content\/uploads\/2021\/12\/SCUOLA-MATERNA-TAIBON.mp3?_=11\" \/><a href=\"https:\/\/www.radiopiu.net\/wordpress\/wp-content\/uploads\/2021\/12\/SCUOLA-MATERNA-TAIBON.mp3\">https:\/\/www.radiopiu.net\/wordpress\/wp-content\/uploads\/2021\/12\/SCUOLA-MATERNA-TAIBON.mp3<\/a><\/audio>\n<p>&nbsp;<\/p>\n<hr \/>\n<p>&nbsp;<\/p>\n<blockquote>\n<h3>L&#8217;ALBERO DEL BUON AUSPICIO A CENCENIGHE<\/h3>\n<\/blockquote>\n<p><strong>CENCENIGHE<\/strong> Si \u00e8 svolta nel fine settimana la seconda edizione de &#8220;L&#8217;Albero Del Buon Auspicio&#8221;, un&#8217;iniziativa di comune e Pro Loco di Cencenighe.<\/p>\n<p><strong>LE INTERVISTE DI MATTEO MANFROI<\/strong><\/p>\n<p><strong>IL SINDACO MAURO SOPPELSA<\/strong><\/p>\n<audio class=\"wp-audio-shortcode\" id=\"audio-249707-12\" preload=\"none\" style=\"width: 100%;\" controls=\"controls\"><source type=\"audio\/mpeg\" src=\"https:\/\/www.radiopiu.net\/wordpress\/wp-content\/uploads\/2021\/12\/MATTEO-ALBERO-BUON-AUSPICIO-SINDACO-SOPPELSA.mp3?_=12\" \/><a href=\"https:\/\/www.radiopiu.net\/wordpress\/wp-content\/uploads\/2021\/12\/MATTEO-ALBERO-BUON-AUSPICIO-SINDACO-SOPPELSA.mp3\">https:\/\/www.radiopiu.net\/wordpress\/wp-content\/uploads\/2021\/12\/MATTEO-ALBERO-BUON-AUSPICIO-SINDACO-SOPPELSA.mp3<\/a><\/audio>\n<p>&nbsp;<\/p>\n<p><strong>SIMONA DE NARDIN, PRO LOCO CENCENIGHE<\/strong><\/p>\n<audio class=\"wp-audio-shortcode\" id=\"audio-249707-13\" preload=\"none\" style=\"width: 100%;\" controls=\"controls\"><source type=\"audio\/mpeg\" src=\"https:\/\/www.radiopiu.net\/wordpress\/wp-content\/uploads\/2021\/12\/MATTEO-ALBERO-BUON-AUSPICIO-SIMONA-DE-NARDIN-PRO-LOCO.mp3?_=13\" \/><a href=\"https:\/\/www.radiopiu.net\/wordpress\/wp-content\/uploads\/2021\/12\/MATTEO-ALBERO-BUON-AUSPICIO-SIMONA-DE-NARDIN-PRO-LOCO.mp3\">https:\/\/www.radiopiu.net\/wordpress\/wp-content\/uploads\/2021\/12\/MATTEO-ALBERO-BUON-AUSPICIO-SIMONA-DE-NARDIN-PRO-LOCO.mp3<\/a><\/audio>\n<p>&nbsp;<\/p>\n\n\t\t\t<style type='text\/css'>\n\t\t\t\t#gallery-7 {\n\t\t\t\t\tmargin: auto;\n\t\t\t\t}\n\t\t\t\t#gallery-7 .gallery-item {\n\t\t\t\t\tfloat: left;\n\t\t\t\t\tmargin-top: 10px;\n\t\t\t\t\ttext-align: center;\n\t\t\t\t\twidth: 50%;\n\t\t\t\t}\n\t\t\t\t#gallery-7 img {\n\t\t\t\t\tborder: 2px solid #cfcfcf;\n\t\t\t\t}\n\t\t\t\t#gallery-7 .gallery-caption {\n\t\t\t\t\tmargin-left: 0;\n\t\t\t\t}\n\t\t\t\t\/* see gallery_shortcode() in wp-includes\/media.php *\/\n\t\t\t<\/style>\n\t\t<div id='gallery-7' class='dt-gallery-container gallery galleryid-249707 gallery-columns-2 gallery-size-thumbnail'><dl class='gallery-item'>\n\t\t\t\t<dt class='gallery-icon portrait'>\n\t\t\t\t\t<a class=\"rollover rollover-zoom dt-pswp-item\" title=\"3fe8613d-8238-4b4e-bab1-3b825227f95f\" data-dt-img-description=\"\" data-large_image_width=\"757\" data-large_image_height=\"1600\"href='https:\/\/www.radiopiu.net\/wordpress\/wp-content\/uploads\/2021\/12\/3fe8613d-8238-4b4e-bab1-3b825227f95f.jpg'><img loading=\"lazy\" decoding=\"async\" width=\"150\" height=\"150\" src=\"https:\/\/www.radiopiu.net\/wordpress\/wp-content\/uploads\/2021\/12\/3fe8613d-8238-4b4e-bab1-3b825227f95f-150x150.jpg\" class=\"attachment-thumbnail size-thumbnail\" alt=\"\" \/><\/a>\n\t\t\t\t<\/dt><\/dl><dl class='gallery-item'>\n\t\t\t\t<dt class='gallery-icon landscape'>\n\t\t\t\t\t<a class=\"rollover rollover-zoom dt-pswp-item\" title=\"380833b2-62fd-4941-9e15-afdbf6ffef15\" data-dt-img-description=\"\" data-large_image_width=\"1600\" data-large_image_height=\"757\"href='https:\/\/www.radiopiu.net\/wordpress\/wp-content\/uploads\/2021\/12\/380833b2-62fd-4941-9e15-afdbf6ffef15.jpg'><img loading=\"lazy\" decoding=\"async\" width=\"150\" height=\"150\" src=\"https:\/\/www.radiopiu.net\/wordpress\/wp-content\/uploads\/2021\/12\/380833b2-62fd-4941-9e15-afdbf6ffef15-150x150.jpg\" class=\"attachment-thumbnail size-thumbnail\" alt=\"\" \/><\/a>\n\t\t\t\t<\/dt><\/dl><br style=\"clear: both\" \/>\n\t\t\t<\/div>\n\n<p>&nbsp;<\/p>\n<p>&nbsp;<\/p>\n<hr \/>\n<p>&nbsp;<\/p>\n<p>&nbsp;<\/p>\n<p>&nbsp;<\/p>\n<blockquote class=\"wp-embedded-content\" data-secret=\"kRIRzyj5j7\"><p><a href=\"https:\/\/www.radiopiu.net\/wordpress\/libro-di-storia-22-febbraio-2003-giro-di-boa-ski-cup-a-forcella-aurine\/\">LIBRO DI STORIA&#8230;22 FEBBRAIO 2003, GIRO DI BOA SKI CUP A FORCELLA AURINE<\/a><\/p><\/blockquote>\n<p><iframe loading=\"lazy\" class=\"wp-embedded-content\" sandbox=\"allow-scripts\" security=\"restricted\" style=\"position: absolute; clip: rect(1px, 1px, 1px, 1px);\" title=\"&#8220;LIBRO DI STORIA&#8230;22 FEBBRAIO 2003, GIRO DI BOA SKI CUP A FORCELLA AURINE&#8221; &#8212; Radio Pi\u00f9\" src=\"https:\/\/www.radiopiu.net\/wordpress\/libro-di-storia-22-febbraio-2003-giro-di-boa-ski-cup-a-forcella-aurine\/embed\/#?secret=kRIRzyj5j7\" data-secret=\"kRIRzyj5j7\" width=\"600\" height=\"338\" frameborder=\"0\" marginwidth=\"0\" marginheight=\"0\" scrolling=\"no\"><\/iframe><\/p>\n<p>&nbsp;<\/p>\n<p>&nbsp;<\/p>\n<p>&nbsp;<\/p>\n<hr \/>\n<p>&nbsp;<\/p>\n<blockquote class=\"wp-embedded-content\" data-secret=\"6KO6veNUVk\"><p><a href=\"https:\/\/www.radiopiu.net\/wordpress\/la-valle-agordina-320-anni-dalla-boa-del-1701-quarta-parte-di-6\/\">LA VALLE AGORDINA &#8211; 320 anni dalla BOA del 1701  QUARTA PARTE di 6<\/a><\/p><\/blockquote>\n<p><iframe loading=\"lazy\" class=\"wp-embedded-content\" sandbox=\"allow-scripts\" security=\"restricted\" style=\"position: absolute; clip: rect(1px, 1px, 1px, 1px);\" title=\"&#8220;LA VALLE AGORDINA &#8211; 320 anni dalla BOA del 1701  QUARTA PARTE di 6&#8221; &#8212; Radio Pi\u00f9\" src=\"https:\/\/www.radiopiu.net\/wordpress\/la-valle-agordina-320-anni-dalla-boa-del-1701-quarta-parte-di-6\/embed\/#?secret=6KO6veNUVk\" data-secret=\"6KO6veNUVk\" width=\"600\" height=\"338\" frameborder=\"0\" marginwidth=\"0\" marginheight=\"0\" scrolling=\"no\"><\/iframe><\/p>\n<p>&nbsp;<\/p>\n<p>&nbsp;<\/p>\n<hr \/>\n<p>&nbsp;<\/p>\n<div>\n<div class=\"page-title-head hgroup\">\n<div class=\"page-title-head hgroup\">\n<div class=\"b654a4as d2edcug0\">\n<div class=\"j83agx80 btwxx1t3 lhclo0ds hop8lmos nkwizq5d scwd0bx6 roh60bw9\">\n<div class=\"rq0escxv hkbzh7o3 jwdofwj8 n8tt0mok r8blr3vg hyh9befq\">\n<div class=\"do00u71z l9j0dhe7 k4urcfbm\">\n<div class=\"ecm0bbzt e5nlhep0 a8c37x1j\">\n<div class=\"kvgmc6g5 cxmmr5t8 oygrvhab hcukyx3x c1et5uql\">\n<div class=\"gmail-kvgmc6g5 gmail-cxmmr5t8 gmail-oygrvhab gmail-hcukyx3x gmail-c1et5uql gmail-ii04i59q\">\n<div class=\"page-title-head hgroup\">\n<div class=\"page-title-head hgroup\">\n<div class=\"b654a4as d2edcug0\">\n<div class=\"j83agx80 btwxx1t3 lhclo0ds hop8lmos nkwizq5d scwd0bx6 roh60bw9\">\n<div class=\"rq0escxv hkbzh7o3 jwdofwj8 n8tt0mok r8blr3vg hyh9befq\">\n<div class=\"do00u71z l9j0dhe7 k4urcfbm\">\n<p>&nbsp;<\/p>\n<h3 class=\"kvgmc6g5 cxmmr5t8 oygrvhab hcukyx3x c1et5uql\"><span style=\"color: #0000ff;\"><strong><a href=\"https:\/\/www.radiopiu.net\/wordpress\/riaperts\/immagine-racconti-di-natale\/\" rel=\"attachment wp-att-247743\"><img loading=\"lazy\" decoding=\"async\" class=\"wp-image-247743 alignleft\" src=\"https:\/\/www.radiopiu.net\/wordpress\/wp-content\/uploads\/2021\/12\/immagine-racconti-di-natale-249x300.jpg\" alt=\"\" width=\"90\" height=\"108\" srcset=\"https:\/\/www.radiopiu.net\/wordpress\/wp-content\/uploads\/2021\/12\/immagine-racconti-di-natale-249x300.jpg 249w, https:\/\/www.radiopiu.net\/wordpress\/wp-content\/uploads\/2021\/12\/immagine-racconti-di-natale-768x925.jpg 768w, https:\/\/www.radiopiu.net\/wordpress\/wp-content\/uploads\/2021\/12\/immagine-racconti-di-natale.jpg 771w\" sizes=\"auto, (max-width: 90px) 100vw, 90px\" \/><\/a>INFORMAZIONE il canale su TELEGRAM informazione di prima mano e in tempo reale. iscriviti ed aiutaci a farlo conoscere\u00a0<\/strong><\/span><\/h3>\n<blockquote>\n<h3><span style=\"color: #ff0000;\">I RACCONTI DI NATALE DI LUISA ALCHINI, DA MARTEDI AL 24 DICEMBRE TUTTI I GIORNI ALLE 10.05 E ALLE 20.20&#8230; SU RADIO PIU<\/span><\/h3>\n<\/blockquote>\n<p><strong>RACCONTO 1 14 DICEMBRE<\/strong><\/p>\n<audio class=\"wp-audio-shortcode\" id=\"audio-249707-14\" preload=\"none\" style=\"width: 100%;\" controls=\"controls\"><source type=\"audio\/mpeg\" src=\"https:\/\/www.radiopiu.net\/wordpress\/wp-content\/uploads\/2021\/12\/14.mp3?_=14\" \/><a href=\"https:\/\/www.radiopiu.net\/wordpress\/wp-content\/uploads\/2021\/12\/14.mp3\">https:\/\/www.radiopiu.net\/wordpress\/wp-content\/uploads\/2021\/12\/14.mp3<\/a><\/audio>\n<p><strong>RACCONTO 2 15 DICEMBRE\u00a0<\/strong><\/p>\n<audio class=\"wp-audio-shortcode\" id=\"audio-249707-15\" preload=\"none\" style=\"width: 100%;\" controls=\"controls\"><source type=\"audio\/mpeg\" src=\"https:\/\/www.radiopiu.net\/wordpress\/wp-content\/uploads\/2021\/12\/15.mp3?_=15\" \/><a href=\"https:\/\/www.radiopiu.net\/wordpress\/wp-content\/uploads\/2021\/12\/15.mp3\">https:\/\/www.radiopiu.net\/wordpress\/wp-content\/uploads\/2021\/12\/15.mp3<\/a><\/audio>\n<p><strong>RACCONTO 3 16 DICEMBRE<\/strong><\/p>\n<audio class=\"wp-audio-shortcode\" id=\"audio-249707-16\" preload=\"none\" style=\"width: 100%;\" controls=\"controls\"><source type=\"audio\/mpeg\" src=\"https:\/\/www.radiopiu.net\/wordpress\/wp-content\/uploads\/2021\/12\/16.mp3?_=16\" \/><a href=\"https:\/\/www.radiopiu.net\/wordpress\/wp-content\/uploads\/2021\/12\/16.mp3\">https:\/\/www.radiopiu.net\/wordpress\/wp-content\/uploads\/2021\/12\/16.mp3<\/a><\/audio>\n<p><strong>RACCONTO 4 17 DICEMBRE<\/strong><\/p>\n<audio class=\"wp-audio-shortcode\" id=\"audio-249707-17\" preload=\"none\" style=\"width: 100%;\" controls=\"controls\"><source type=\"audio\/mpeg\" src=\"https:\/\/www.radiopiu.net\/wordpress\/wp-content\/uploads\/2021\/12\/17.mp3?_=17\" \/><a href=\"https:\/\/www.radiopiu.net\/wordpress\/wp-content\/uploads\/2021\/12\/17.mp3\">https:\/\/www.radiopiu.net\/wordpress\/wp-content\/uploads\/2021\/12\/17.mp3<\/a><\/audio>\n<p><strong>RACCONTO 5 18 DICEMBRE<\/strong><\/p>\n<audio class=\"wp-audio-shortcode\" id=\"audio-249707-18\" preload=\"none\" style=\"width: 100%;\" controls=\"controls\"><source type=\"audio\/mpeg\" src=\"https:\/\/www.radiopiu.net\/wordpress\/wp-content\/uploads\/2021\/12\/racconto-natale-sabato-18-dicembre.mp3?_=18\" \/><a href=\"https:\/\/www.radiopiu.net\/wordpress\/wp-content\/uploads\/2021\/12\/racconto-natale-sabato-18-dicembre.mp3\">https:\/\/www.radiopiu.net\/wordpress\/wp-content\/uploads\/2021\/12\/racconto-natale-sabato-18-dicembre.mp3<\/a><\/audio>\n<p><strong>RACCONTO 6 20 DICEMBRE\u00a0<\/strong><\/p>\n<audio class=\"wp-audio-shortcode\" id=\"audio-249707-19\" preload=\"none\" style=\"width: 100%;\" controls=\"controls\"><source type=\"audio\/mpeg\" src=\"https:\/\/www.radiopiu.net\/wordpress\/wp-content\/uploads\/2021\/12\/racconta-natale-lunedi-20-dcembre.mp3?_=19\" \/><a href=\"https:\/\/www.radiopiu.net\/wordpress\/wp-content\/uploads\/2021\/12\/racconta-natale-lunedi-20-dcembre.mp3\">https:\/\/www.radiopiu.net\/wordpress\/wp-content\/uploads\/2021\/12\/racconta-natale-lunedi-20-dcembre.mp3<\/a><\/audio>\n<p><strong>\u00a0RACCONTO 7 21 DICEMBRE\u00a0\u00a0<\/strong><\/p>\n<audio class=\"wp-audio-shortcode\" id=\"audio-249707-20\" preload=\"none\" style=\"width: 100%;\" controls=\"controls\"><source type=\"audio\/mpeg\" src=\"https:\/\/www.radiopiu.net\/wordpress\/wp-content\/uploads\/2021\/12\/racconti-natale-21-dicembre.mp3?_=20\" \/><a href=\"https:\/\/www.radiopiu.net\/wordpress\/wp-content\/uploads\/2021\/12\/racconti-natale-21-dicembre.mp3\">https:\/\/www.radiopiu.net\/wordpress\/wp-content\/uploads\/2021\/12\/racconti-natale-21-dicembre.mp3<\/a><\/audio>\n<p><strong>RACCONTO 8 22 DICEMBRE\u00a0<\/strong><\/p>\n<audio class=\"wp-audio-shortcode\" id=\"audio-249707-21\" preload=\"none\" style=\"width: 100%;\" controls=\"controls\"><source type=\"audio\/mpeg\" src=\"https:\/\/www.radiopiu.net\/wordpress\/wp-content\/uploads\/2021\/12\/racconto-natale-22-dicembre.mp3?_=21\" \/><a href=\"https:\/\/www.radiopiu.net\/wordpress\/wp-content\/uploads\/2021\/12\/racconto-natale-22-dicembre.mp3\">https:\/\/www.radiopiu.net\/wordpress\/wp-content\/uploads\/2021\/12\/racconto-natale-22-dicembre.mp3<\/a><\/audio>\n<p>&nbsp;<\/p>\n<p>&nbsp;<\/p>\n<hr \/>\n<blockquote>\n<h3><\/h3>\n<h3>IN VIVO VERSO, SETTIMA STAGIONE CON BRUNELLA MORO, DAL LUNEDI AL VENERDI ALLE 7.10, 10.10 E 18.50<\/h3>\n<h3>METAFISICA di PAOLO DE TOFFOL<\/h3>\n<\/blockquote>\n<p><strong>AUDIO<\/strong><\/p>\n<audio class=\"wp-audio-shortcode\" id=\"audio-249707-22\" preload=\"none\" style=\"width: 100%;\" controls=\"controls\"><source type=\"audio\/mpeg\" src=\"https:\/\/www.radiopiu.net\/wordpress\/wp-content\/uploads\/2021\/12\/03-PAOLO-DE-TOFFOL_METAFISICA.mp3?_=22\" \/><a href=\"https:\/\/www.radiopiu.net\/wordpress\/wp-content\/uploads\/2021\/12\/03-PAOLO-DE-TOFFOL_METAFISICA.mp3\">https:\/\/www.radiopiu.net\/wordpress\/wp-content\/uploads\/2021\/12\/03-PAOLO-DE-TOFFOL_METAFISICA.mp3<\/a><\/audio>\n<p>&nbsp;<\/p>\n<p><a href=\"https:\/\/www.radiopiu.net\/wordpress\/metafisica-di-paolo-de-toffol\/3484587e-ee6c-4104-ae4d-922e6b043031\/\" rel=\"attachment wp-att-249785\"><img loading=\"lazy\" decoding=\"async\" class=\"wp-image-249785 alignleft\" src=\"https:\/\/www.radiopiu.net\/wordpress\/wp-content\/uploads\/2021\/12\/3484587e-ee6c-4104-ae4d-922e6b043031-300x297.jpg\" alt=\"\" width=\"151\" height=\"149\" srcset=\"https:\/\/www.radiopiu.net\/wordpress\/wp-content\/uploads\/2021\/12\/3484587e-ee6c-4104-ae4d-922e6b043031-300x297.jpg 300w, https:\/\/www.radiopiu.net\/wordpress\/wp-content\/uploads\/2021\/12\/3484587e-ee6c-4104-ae4d-922e6b043031.jpg 750w\" sizes=\"auto, (max-width: 151px) 100vw, 151px\" \/><\/a><strong>METAFISICA<\/strong><\/p>\n<p>Anche il nulla mi strugge il core<br \/>\nal par dell\u2019infinito<br \/>\nche s\u2019approssima sulla soglia<br \/>\nd\u2019una mente che precipita.<br \/>\nE ubriaco di stupore<br \/>\ngetto l\u2019armi della ragion pura<br \/>\nper tuffarmi nell\u2019oblio,<br \/>\nstordito dalla meraviglia del mistero<\/p>\n<p><strong>LA RACCOLTA COMPLETA\u00a0 \u00a0<\/strong><\/p>\n<blockquote class=\"wp-embedded-content\" data-secret=\"aWunZUOPax\"><p><a href=\"https:\/\/www.radiopiu.net\/wordpress\/in-vivo-verso\/\">In Vivo Verso<\/a><\/p><\/blockquote>\n<p><iframe loading=\"lazy\" class=\"wp-embedded-content\" sandbox=\"allow-scripts\" security=\"restricted\" style=\"position: absolute; clip: rect(1px, 1px, 1px, 1px);\" title=\"&#8220;In Vivo Verso&#8221; &#8212; Radio Pi\u00f9\" src=\"https:\/\/www.radiopiu.net\/wordpress\/in-vivo-verso\/embed\/#?secret=aWunZUOPax\" data-secret=\"aWunZUOPax\" width=\"600\" height=\"338\" frameborder=\"0\" marginwidth=\"0\" marginheight=\"0\" scrolling=\"no\"><\/iframe><\/p>\n<p>&nbsp;<\/p>\n<h3><strong>ALBERTO BARONI-BRUNELLA MORO<\/strong><\/h3>\n<p><iframe loading=\"lazy\" title=\"LA CAVALLA STORNA di Giovanni Pascoli\" width=\"1200\" height=\"675\" src=\"https:\/\/www.youtube.com\/embed\/pkAtucOuqQs?feature=oembed\" frameborder=\"0\" allow=\"accelerometer; autoplay; clipboard-write; encrypted-media; gyroscope; picture-in-picture\" allowfullscreen><\/iframe><\/p>\n<p>&nbsp;<\/p>\n<div>\n<div class=\"page-title-head hgroup\">\n<div class=\"page-title-head hgroup\">\n<div class=\"b654a4as d2edcug0\">\n<div class=\"j83agx80 btwxx1t3 lhclo0ds hop8lmos nkwizq5d scwd0bx6 roh60bw9\">\n<div class=\"rq0escxv hkbzh7o3 jwdofwj8 n8tt0mok r8blr3vg hyh9befq\">\n<div class=\"do00u71z l9j0dhe7 k4urcfbm\">\n<div class=\"ecm0bbzt e5nlhep0 a8c37x1j\">\n<div class=\"kvgmc6g5 cxmmr5t8 oygrvhab hcukyx3x c1et5uql\">\n<div class=\"gmail-kvgmc6g5 gmail-cxmmr5t8 gmail-oygrvhab gmail-hcukyx3x gmail-c1et5uql gmail-ii04i59q\">\n<div class=\"page-title-head hgroup\">\n<div class=\"page-title-head hgroup\">\n<div class=\"b654a4as d2edcug0\">\n<div class=\"j83agx80 btwxx1t3 lhclo0ds hop8lmos nkwizq5d scwd0bx6 roh60bw9\">\n<div class=\"rq0escxv hkbzh7o3 jwdofwj8 n8tt0mok r8blr3vg hyh9befq\">\n<div class=\"do00u71z l9j0dhe7 k4urcfbm\">\n<p>&nbsp;<\/p>\n<\/div>\n<\/div>\n<\/div>\n<\/div>\n<\/div>\n<\/div>\n<\/div>\n<\/div>\n<\/div>\n<\/div>\n<\/div>\n<\/div>\n<\/div>\n<\/div>\n<\/div>\n<\/div>\n<hr \/>\n<p>&nbsp;<\/p>\n<p><span style=\"color: #0000ff;\">MUSICA PIU&#8217;\u00a0<\/span><\/p>\n<p><a href=\"https:\/\/www.radiopiu.net\/wordpress\/giornale-radiopiu-20-settembre-2021-direttore-mirko-mezzacasa\/pp-79\/\" rel=\"attachment wp-att-232921\"><img loading=\"lazy\" decoding=\"async\" class=\"wp-image-232921 alignleft\" src=\"https:\/\/www.radiopiu.net\/wordpress\/wp-content\/uploads\/2021\/09\/pp-1-300x300.jpg\" alt=\"\" width=\"135\" height=\"135\" srcset=\"https:\/\/www.radiopiu.net\/wordpress\/wp-content\/uploads\/2021\/09\/pp-1-300x300.jpg 300w, https:\/\/www.radiopiu.net\/wordpress\/wp-content\/uploads\/2021\/09\/pp-1-150x150.jpg 150w, https:\/\/www.radiopiu.net\/wordpress\/wp-content\/uploads\/2021\/09\/pp-1.jpg 640w\" sizes=\"auto, (max-width: 135px) 100vw, 135px\" \/><\/a><\/p>\n<div class=\"mkdf-post-text\">\n<div class=\"mkdf-post-text-inner\">\n<div class=\"mkdf-post-text-main\">\n<div class=\"mkdf-post-text\">\n<div class=\"mkdf-post-text-inner\">\n<div class=\"mkdf-post-text-main\">\n<div class=\"mkdf-post-text\">\n<div class=\"mkdf-post-text-inner\">\n<div class=\"mkdf-post-text-main\">\n<div class=\"page-title-head hgroup\">\n<div class=\"page-title-head hgroup\">\n<div class=\"mkdf-post-text\">\n<div class=\"mkdf-post-text-inner\">\n<div class=\"mkdf-post-text-main\">\n<div class=\"mkdf-post-text\">\n<div class=\"mkdf-post-text-inner\">\n<div class=\"mkdf-post-text-main\">\n<div class=\"page-title-head hgroup\">\n<div class=\"page-title-head hgroup\">\n<div class=\"page-title-head hgroup\">\n<div class=\"page-title-head hgroup\">\n<div class=\"b654a4as d2edcug0\">\n<div class=\"page-title-head hgroup\">\n<div class=\"page-title-head hgroup\">\n<div class=\"page-title-head hgroup\">\n<div class=\"page-title-head hgroup\">\n<div class=\"b654a4as d2edcug0\">\n<div class=\"page-title-head hgroup\">\n<div class=\"page-title-head hgroup\">\n<div class=\"page-title-head hgroup\">\n<div class=\"page-title-head hgroup\">\n<div class=\"b654a4as d2edcug0\">\n<div class=\"mkdf-post-text\">\n<div class=\"mkdf-post-text-inner\">\n<div class=\"mkdf-post-text-main\">\n<div class=\"mkdf-post-text\">\n<div class=\"mkdf-post-text-inner\">\n<div class=\"mkdf-post-text-main\">\n<div class=\"mkdf-post-text\">\n<div class=\"mkdf-post-text-inner\">\n<div class=\"mkdf-post-text-main\">\n<div class=\"page-title-head hgroup\">\n<div class=\"page-title-head hgroup\">\n<div class=\"mkdf-post-text\">\n<div class=\"mkdf-post-text-inner\">\n<div class=\"mkdf-post-text-main\">\n<div class=\"mkdf-post-text\">\n<div class=\"mkdf-post-text-inner\">\n<div class=\"mkdf-post-text-main\">\n<div class=\"page-title-head hgroup\">\n<div class=\"page-title-head hgroup\">\n<div class=\"page-title-head hgroup\">\n<div class=\"page-title-head hgroup\">\n<div class=\"b654a4as d2edcug0\">\n<div class=\"page-title-head hgroup\">\n<div class=\"page-title-head hgroup\">\n<div class=\"page-title-head hgroup\">\n<div class=\"page-title-head hgroup\">\n<div class=\"b654a4as d2edcug0\">\n<div class=\"page-title-head hgroup\">\n<div class=\"page-title-head hgroup\">\n<div class=\"page-title-head hgroup\">\n<div class=\"page-title-head hgroup\">\n<div class=\"b654a4as d2edcug0\">\n<div><\/div>\n<div><\/div>\n<div>\n<p><strong>MUSICA ALLA RADIO, IL PROGRAMMA DI LORIS SCUSSEL &#8220;COLLAGE OPERAZIONE NOSTALGIA&#8221; DAL LUNEDI AL VENERDI ALLE 16.00\u00a0 E ALLE 23\u00a0<\/strong><\/p>\n<\/div>\n<p>&nbsp;<\/p>\n<p><strong>PUNTATA 503<\/strong><\/p>\n<audio class=\"wp-audio-shortcode\" id=\"audio-249707-23\" preload=\"none\" style=\"width: 100%;\" controls=\"controls\"><source type=\"audio\/mpeg\" src=\"https:\/\/www.radiopiu.net\/wordpress\/wp-content\/uploads\/2021\/12\/Collage-503.mp3?_=23\" \/><a href=\"https:\/\/www.radiopiu.net\/wordpress\/wp-content\/uploads\/2021\/12\/Collage-503.mp3\">https:\/\/www.radiopiu.net\/wordpress\/wp-content\/uploads\/2021\/12\/Collage-503.mp3<\/a><\/audio>\n<p>&nbsp;<\/p>\n<h3>SUPERATE LE 500 PUNTATE DI COLLAGE<\/h3>\n<blockquote><p><strong><a href=\"https:\/\/www.radiopiu.net\/wordpress\/superate-le-500-puntate-di-collage\/happy-xmas\/\" rel=\"attachment wp-att-249162\"><img loading=\"lazy\" decoding=\"async\" class=\"size-full wp-image-249162 alignleft\" src=\"https:\/\/www.radiopiu.net\/wordpress\/wp-content\/uploads\/2021\/12\/Happy-Xmas.jpg\" alt=\"\" width=\"225\" height=\"225\" srcset=\"https:\/\/www.radiopiu.net\/wordpress\/wp-content\/uploads\/2021\/12\/Happy-Xmas.jpg 225w, https:\/\/www.radiopiu.net\/wordpress\/wp-content\/uploads\/2021\/12\/Happy-Xmas-150x150.jpg 150w\" sizes=\"auto, (max-width: 225px) 100vw, 225px\" \/><\/a> <\/strong><\/p>\n<p><strong>\u00a0<\/strong><\/p>\n<p><strong>di Loris Scussel<\/strong><\/p>\n<p>Superata quota 500 puntate Collage si avvicina al Natale celebrando una canzone trasmessa in tutte le radio in questi giorni \u201cHappy Xmas ( War is over)\u201d che John Lennon assieme a Yoko Ono scrisse nel 1971 ispirandosi ad un vecchio brano folk tradizionale \u201cStewball\u201d che avremo occasione di ascoltare questa settimana assieme a tante altre proposte. Collage va in onda dal luned\u00ec al venerd\u00ec alle 16:00 e alle 23:00. Buon ascolto e soprattutto Buon Natale ai nostri ascoltatori.<\/p><\/blockquote>\n<p>&nbsp;<\/p>\n<\/div>\n<\/div>\n<\/div>\n<\/div>\n<\/div>\n<\/div>\n<\/div>\n<\/div>\n<\/div>\n<\/div>\n<\/div>\n<\/div>\n<\/div>\n<\/div>\n<\/div>\n<\/div>\n<\/div>\n<\/div>\n<\/div>\n<\/div>\n<\/div>\n<\/div>\n<\/div>\n<\/div>\n<\/div>\n<\/div>\n<\/div>\n<\/div>\n<\/div>\n<\/div>\n<\/div>\n<\/div>\n<\/div>\n<\/div>\n<\/div>\n<\/div>\n<\/div>\n<\/div>\n<\/div>\n<\/div>\n<\/div>\n<\/div>\n<\/div>\n<\/div>\n<\/div>\n<\/div>\n<\/div>\n<\/div>\n<\/div>\n<\/div>\n<\/div>\n<\/div>\n<\/div>\n<\/div>\n<\/div>\n<\/div>\n<\/div>\n<\/div>\n<\/div>\n<\/div>\n<\/div>\n<\/div>\n<\/div>\n<\/div>\n<p>&nbsp;<\/p>\n<p>&nbsp;<\/p>\n<hr \/>\n<p>&nbsp;<\/p>\n<p>&nbsp;<\/p>\n<blockquote class=\"wp-embedded-content\" data-secret=\"PDffVcKNPe\"><p><a href=\"https:\/\/www.radiopiu.net\/wordpress\/freemix-la-liberta-musicale-mixata-da-dj-athos-e-raccontata-da-dj-jack\/\">FREEMIX, LA LIBERTA&#8217; MUSICALE MIXATA DA DJ ATHOS E RACCONTATA DA DJ JACK<\/a><\/p><\/blockquote>\n<p><iframe loading=\"lazy\" class=\"wp-embedded-content\" sandbox=\"allow-scripts\" security=\"restricted\" style=\"position: absolute; clip: rect(1px, 1px, 1px, 1px);\" title=\"&#8220;FREEMIX, LA LIBERTA&#8217; MUSICALE MIXATA DA DJ ATHOS E RACCONTATA DA DJ JACK&#8221; &#8212; Radio Pi\u00f9\" src=\"https:\/\/www.radiopiu.net\/wordpress\/freemix-la-liberta-musicale-mixata-da-dj-athos-e-raccontata-da-dj-jack\/embed\/#?secret=PDffVcKNPe\" data-secret=\"PDffVcKNPe\" width=\"600\" height=\"338\" frameborder=\"0\" marginwidth=\"0\" marginheight=\"0\" scrolling=\"no\"><\/iframe><\/p>\n<p>&nbsp;<\/p>\n<blockquote class=\"wp-embedded-content\" data-secret=\"qgLTlC7ihC\"><p><a href=\"https:\/\/www.radiopiu.net\/wordpress\/da-ieri-alla-radio-in-palinsesto-loris-e-maurizio-con-la-grande-musica\/\">IL BLUES ALLA RADIO &#8230; COME NON L&#8217;AVETE MAI SENTITO PRIMA<\/a><\/p><\/blockquote>\n<p><iframe loading=\"lazy\" class=\"wp-embedded-content\" sandbox=\"allow-scripts\" security=\"restricted\" style=\"position: absolute; clip: rect(1px, 1px, 1px, 1px);\" title=\"&#8220;IL BLUES ALLA RADIO &#8230; COME NON L&#8217;AVETE MAI SENTITO PRIMA&#8221; &#8212; Radio Pi\u00f9\" src=\"https:\/\/www.radiopiu.net\/wordpress\/da-ieri-alla-radio-in-palinsesto-loris-e-maurizio-con-la-grande-musica\/embed\/#?secret=qgLTlC7ihC\" data-secret=\"qgLTlC7ihC\" width=\"600\" height=\"338\" frameborder=\"0\" marginwidth=\"0\" marginheight=\"0\" scrolling=\"no\"><\/iframe><\/p>\n<p>&nbsp;<\/p>\n<hr \/>\n<p>&nbsp;<\/p>\n<blockquote>\n<h3><span style=\"color: #0000ff;\">INFORMAZIONE il canale su TELEGRAM informazione di prima mano e in tempo reale. iscriviti ed aiutaci a farlo conoscere\u00a0\u00a0<\/span><\/h3>\n<\/blockquote>\n<div>\n<div class=\"page-title-head hgroup\">\n<div class=\"page-title-head hgroup\">\n<div class=\"page-title-head hgroup\">\n<div class=\"page-title-head hgroup\">\n<div class=\"b654a4as d2edcug0\">\n<div class=\"page-title-head hgroup\">\n<div class=\"page-title-head hgroup\">\n<div class=\"page-title-head hgroup\">\n<div class=\"page-title-head hgroup\">\n<div class=\"b654a4as d2edcug0\">\n<div class=\"page-title-head hgroup\">\n<div class=\"page-title-head hgroup\">\n<div class=\"page-title-head hgroup\">\n<div class=\"page-title-head hgroup\">\n<div class=\"page-title-head hgroup\">\n<div class=\"page-title-head hgroup\">\n<div class=\"page-title-head hgroup\">\n<div class=\"page-title-head hgroup\">\n<div class=\"page-title-head hgroup\">\n<div class=\"b654a4as d2edcug0\">\n<div class=\"page-title-head hgroup\">\n<div class=\"page-title-head hgroup\">\n<div class=\"page-title-head hgroup\">\n<div class=\"page-title-head hgroup\">\n<div class=\"b654a4as d2edcug0\">\n<div>\n<p>&nbsp;<\/p>\n<\/div>\n<div>\n<div class=\"page-title-head hgroup\">\n<div class=\"page-title-head hgroup\">\n<div class=\"page-title-head hgroup\">\n<div class=\"page-title-head hgroup\">\n<div class=\"page-title-head hgroup\">\n<div class=\"b654a4as d2edcug0\">\n<div>\n<hr \/>\n<\/div>\n<\/div>\n<div>\n<div>\n<p>&nbsp;<\/p>\n<\/div>\n<div>\n<div>\n<p>&nbsp;<\/p>\n<\/div>\n<div>\n<div>\n<p><strong>DUE MINUTI UN LIBRO, TUTTI I GIORNI ALLA RADIO ALLE 9.40 E ALLE 17.50<\/strong><\/p>\n<div>\n<div>\n<p><strong>LA RACCOLTA COMPLETA\u00a0\u00a0<\/strong><\/p>\n<\/div>\n<div>\n<blockquote class=\"wp-embedded-content\" data-secret=\"VAj0lO8RMt\"><p><a href=\"https:\/\/www.radiopiu.net\/wordpress\/due-minuti-un-libro\/\">Due minuti un libro<\/a><\/p><\/blockquote>\n<p><iframe loading=\"lazy\" class=\"wp-embedded-content\" sandbox=\"allow-scripts\" security=\"restricted\" style=\"position: absolute; clip: rect(1px, 1px, 1px, 1px);\" title=\"&#8220;Due minuti un libro&#8221; &#8212; Radio Pi\u00f9\" src=\"https:\/\/www.radiopiu.net\/wordpress\/due-minuti-un-libro\/embed\/#?secret=VAj0lO8RMt\" data-secret=\"VAj0lO8RMt\" width=\"600\" height=\"338\" frameborder=\"0\" marginwidth=\"0\" marginheight=\"0\" scrolling=\"no\"><\/iframe><\/p>\n<\/div>\n<\/div>\n<\/div>\n<div class=\"mkdf-post-text\">\n<div class=\"mkdf-post-text-inner\">\n<div class=\"mkdf-post-text-main\">\n<div class=\"mkdf-post-text\">\n<div class=\"mkdf-post-text-inner\">\n<div class=\"mkdf-post-text-main\">\n<div class=\"mkdf-post-text\">\n<div class=\"mkdf-post-text-inner\">\n<div class=\"mkdf-post-text-main\">\n<div class=\"page-title-head hgroup\">\n<div class=\"page-title-head hgroup\">\n<div class=\"mkdf-post-text\">\n<div class=\"mkdf-post-text-inner\">\n<div class=\"mkdf-post-text-main\">\n<div class=\"mkdf-post-text\">\n<div class=\"mkdf-post-text-inner\">\n<div class=\"mkdf-post-text-main\">\n<div class=\"page-title-head hgroup\">\n<div class=\"page-title-head hgroup\">\n<div class=\"page-title-head hgroup\">\n<div class=\"page-title-head hgroup\">\n<div class=\"b654a4as d2edcug0\">\n<div class=\"page-title-head hgroup\">\n<div class=\"page-title-head hgroup\">\n<div class=\"page-title-head hgroup\">\n<div class=\"page-title-head hgroup\">\n<div class=\"b654a4as d2edcug0\">\n<div class=\"page-title-head hgroup\">\n<div class=\"page-title-head hgroup\">\n<div class=\"page-title-head hgroup\">\n<div class=\"page-title-head hgroup\">\n<div class=\"b654a4as d2edcug0\">\n<div>\n<p>&nbsp;<\/p>\n<\/div>\n<div>\n<hr \/>\n<p>&nbsp;<\/p>\n<\/div>\n<h2><span style=\"color: #808000;\">L&#8217;ALMANACCO LADINO\u00a0\u00a0<\/span><\/h2>\n<p><strong>PUNTATA DEL 20 DICEMBRE 2021<\/strong><\/p>\n<audio class=\"wp-audio-shortcode\" id=\"audio-249707-24\" preload=\"none\" style=\"width: 100%;\" controls=\"controls\"><source type=\"audio\/mpeg\" src=\"https:\/\/www.radiopiu.net\/wordpress\/wp-content\/uploads\/2021\/12\/73\u00b0Almanacco-Ladino_Fodom-1.mp3?_=24\" \/><a href=\"https:\/\/www.radiopiu.net\/wordpress\/wp-content\/uploads\/2021\/12\/73\u00b0Almanacco-Ladino_Fodom-1.mp3\">https:\/\/www.radiopiu.net\/wordpress\/wp-content\/uploads\/2021\/12\/73\u00b0Almanacco-Ladino_Fodom-1.mp3<\/a><\/audio>\n<p><strong>LA RACCOLTA<\/strong><\/p>\n<blockquote class=\"wp-embedded-content\" data-secret=\"Pt854F138k\"><p><a href=\"https:\/\/www.radiopiu.net\/wordpress\/almanacco-ladino\/\">Almanacco Ladino<\/a><\/p><\/blockquote>\n<p><iframe loading=\"lazy\" class=\"wp-embedded-content\" sandbox=\"allow-scripts\" security=\"restricted\" style=\"position: absolute; clip: rect(1px, 1px, 1px, 1px);\" title=\"&#8220;Almanacco Ladino&#8221; &#8212; Radio Pi\u00f9\" src=\"https:\/\/www.radiopiu.net\/wordpress\/almanacco-ladino\/embed\/#?secret=Pt854F138k\" data-secret=\"Pt854F138k\" width=\"600\" height=\"338\" frameborder=\"0\" marginwidth=\"0\" marginheight=\"0\" scrolling=\"no\"><\/iframe><\/p>\n<p>&nbsp;<\/p>\n<hr \/>\n<p>&nbsp;<\/p>\n<h2><span style=\"color: #33cccc;\">LA RASSEGNA STAMPA DA L&#8217;AMICO DEL POPOLO<\/span><\/h2>\n<p><strong><a href=\"https:\/\/www.radiopiu.net\/wordpress\/la-rassegna-stampa-da-lamico-del-popolo-18-dicembre-2021\/francesca-gallo-foto-di-raffaella-vismara-1024x580\/\" rel=\"attachment wp-att-249066\"><img loading=\"lazy\" decoding=\"async\" class=\"size-medium wp-image-249066 alignleft\" src=\"https:\/\/www.radiopiu.net\/wordpress\/wp-content\/uploads\/2021\/12\/Francesca-Gallo-foto-di-Raffaella-Vismara-1024x580-1-300x170.jpg\" alt=\"\" width=\"300\" height=\"170\" srcset=\"https:\/\/www.radiopiu.net\/wordpress\/wp-content\/uploads\/2021\/12\/Francesca-Gallo-foto-di-Raffaella-Vismara-1024x580-1-300x170.jpg 300w, https:\/\/www.radiopiu.net\/wordpress\/wp-content\/uploads\/2021\/12\/Francesca-Gallo-foto-di-Raffaella-Vismara-1024x580-1-768x435.jpg 768w, https:\/\/www.radiopiu.net\/wordpress\/wp-content\/uploads\/2021\/12\/Francesca-Gallo-foto-di-Raffaella-Vismara-1024x580-1.jpg 1024w\" sizes=\"auto, (max-width: 300px) 100vw, 300px\" \/><\/a>di Gianni Santomaso<\/strong><\/p>\n<p>OSPITE: Francesca Gallo, Presidente ISTRESCO<\/p>\n<audio class=\"wp-audio-shortcode\" id=\"audio-249707-25\" preload=\"none\" style=\"width: 100%;\" controls=\"controls\"><source type=\"audio\/mpeg\" src=\"https:\/\/www.radiopiu.net\/wordpress\/wp-content\/uploads\/2021\/12\/RASSEGNA-GIANNI-2.mp3?_=25\" \/><a href=\"https:\/\/www.radiopiu.net\/wordpress\/wp-content\/uploads\/2021\/12\/RASSEGNA-GIANNI-2.mp3\">https:\/\/www.radiopiu.net\/wordpress\/wp-content\/uploads\/2021\/12\/RASSEGNA-GIANNI-2.mp3<\/a><\/audio>\n<p>&nbsp;<\/p>\n<p><strong>LA RACCOLTA COMPLETA<\/strong><\/p>\n<blockquote class=\"wp-embedded-content\" data-secret=\"LzRY22WpR9\"><p><a href=\"https:\/\/www.radiopiu.net\/wordpress\/rassegna-stampa-di-gianni-santomaso\/\">Rassegna stampa da l&#8217;amico del popolo &#8211; di Gianni Santomaso<\/a><\/p><\/blockquote>\n<p><iframe loading=\"lazy\" class=\"wp-embedded-content\" sandbox=\"allow-scripts\" security=\"restricted\" style=\"position: absolute; clip: rect(1px, 1px, 1px, 1px);\" title=\"&#8220;Rassegna stampa da l&#8217;amico del popolo &#8211; di Gianni Santomaso&#8221; &#8212; Radio Pi\u00f9\" src=\"https:\/\/www.radiopiu.net\/wordpress\/rassegna-stampa-di-gianni-santomaso\/embed\/#?secret=LzRY22WpR9\" data-secret=\"LzRY22WpR9\" width=\"600\" height=\"338\" frameborder=\"0\" marginwidth=\"0\" marginheight=\"0\" scrolling=\"no\"><\/iframe><\/p>\n<p>&nbsp;<\/p>\n<hr \/>\n<p>&nbsp;<\/p>\n<h2><span style=\"color: #800080;\">I RACCONTI DI PAOLO SOPPELSA<\/span><\/h2>\n<p><strong>LA RACCOLTA COMPLETA<\/strong><\/p>\n<blockquote class=\"wp-embedded-content\" data-secret=\"WEpL1JyWga\"><p><a href=\"https:\/\/www.radiopiu.net\/wordpress\/i-racconti-di-paolo-soppelsa\/\">I racconti di Paolo Soppelsa<\/a><\/p><\/blockquote>\n<p><iframe loading=\"lazy\" class=\"wp-embedded-content\" sandbox=\"allow-scripts\" security=\"restricted\" style=\"position: absolute; clip: rect(1px, 1px, 1px, 1px);\" title=\"&#8220;I racconti di Paolo Soppelsa&#8221; &#8212; Radio Pi\u00f9\" src=\"https:\/\/www.radiopiu.net\/wordpress\/i-racconti-di-paolo-soppelsa\/embed\/#?secret=WEpL1JyWga\" data-secret=\"WEpL1JyWga\" width=\"600\" height=\"338\" frameborder=\"0\" marginwidth=\"0\" marginheight=\"0\" scrolling=\"no\"><\/iframe><\/p>\n<p>&nbsp;<\/p>\n<hr \/>\n<\/div>\n<div class=\"b654a4as d2edcug0\">\n<p>&nbsp;<\/p>\n<p><a href=\"https:\/\/www.radiopiu.net\/wordpress\/giornale-radiopiu-26-settembre-2018-direttore-mirko-mezzacasa\/viabilita-2\/\" rel=\"attachment wp-att-61954\"><img loading=\"lazy\" decoding=\"async\" class=\"aligncenter wp-image-61954 size-full\" src=\"https:\/\/www.radiopiu.net\/wordpress\/wp-content\/uploads\/2018\/09\/viabilita.jpeg\" sizes=\"auto, (max-width: 800px) 100vw, 800px\" srcset=\"https:\/\/www.radiopiu.net\/wordpress\/wp-content\/uploads\/2018\/09\/viabilita.jpeg 800w, https:\/\/www.radiopiu.net\/wordpress\/wp-content\/uploads\/2018\/09\/viabilita-300x38.jpeg 300w, https:\/\/www.radiopiu.net\/wordpress\/wp-content\/uploads\/2018\/09\/viabilita-768x96.jpeg 768w\" alt=\"\" width=\"800\" height=\"100\" \/><\/a><\/p>\n<div class=\"ecm0bbzt e5nlhep0 a8c37x1j\">\n<div class=\"kvgmc6g5 cxmmr5t8 oygrvhab hcukyx3x c1et5uql\">\n<div class=\"gmail-kvgmc6g5 gmail-cxmmr5t8 gmail-oygrvhab gmail-hcukyx3x gmail-c1et5uql gmail-ii04i59q\">\n<div class=\"page-title-head hgroup\">\n<div class=\"page-title-head hgroup\">\n<div class=\"b654a4as d2edcug0\">\n<div class=\"j83agx80 btwxx1t3 lhclo0ds hop8lmos nkwizq5d scwd0bx6 roh60bw9\">\n<div class=\"rq0escxv hkbzh7o3 jwdofwj8 n8tt0mok r8blr3vg hyh9befq\">\n<div class=\"do00u71z l9j0dhe7 k4urcfbm\">\n<div class=\"page-title-head hgroup\">\n<div class=\"page-title-head hgroup\">\n<div class=\"page-title-head hgroup\">\n<div class=\"page-title-head hgroup\">\n<div class=\"b654a4as d2edcug0\">\n<div class=\"page-title-head hgroup\">\n<div class=\"page-title-head hgroup\">\n<div class=\"page-title-head hgroup\">\n<div class=\"page-title-head hgroup\">\n<div class=\"b654a4as d2edcug0\">\n<div class=\"page-title-head hgroup\">\n<div class=\"page-title-head hgroup\">\n<div class=\"page-title-head hgroup\">\n<div class=\"page-title-head hgroup\">\n<div class=\"page-title-head hgroup\">\n<div class=\"page-title-head hgroup\">\n<div class=\"page-title-head hgroup\">\n<div class=\"page-title-head hgroup\">\n<div class=\"page-title-head hgroup\">\n<div class=\"b654a4as d2edcug0\">\n<div class=\"page-title-head hgroup\">\n<div class=\"page-title-head hgroup\">\n<div class=\"page-title-head hgroup\">\n<div class=\"page-title-head hgroup\">\n<div class=\"b654a4as d2edcug0\">\n<div class=\"page-title-head hgroup\">\n<div class=\"page-title-head hgroup\">\n<div class=\"page-title-head hgroup\">\n<div class=\"page-title-head hgroup\">\n<div class=\"page-title-head hgroup\">\n<div class=\"mkdf-post-text\">\n<div class=\"mkdf-post-text-inner\">\n<div class=\"mkdf-post-text-main\">\n<div class=\"mkdf-post-text\">\n<div class=\"mkdf-post-text-inner\">\n<div class=\"mkdf-post-text-main\">\n<div class=\"mkdf-post-text\">\n<div class=\"mkdf-post-text-inner\">\n<div class=\"mkdf-post-text-main\">\n<div class=\"page-title-head hgroup\">\n<div class=\"page-title-head hgroup\">\n<div class=\"mkdf-post-text\">\n<div class=\"mkdf-post-text-inner\">\n<div class=\"mkdf-post-text-main\">\n<div class=\"mkdf-post-text\">\n<div class=\"mkdf-post-text-inner\">\n<div class=\"mkdf-post-text-main\">\n<div class=\"page-title-head hgroup\">\n<div class=\"page-title-head hgroup\">\n<div class=\"page-title-head hgroup\">\n<div class=\"page-title-head hgroup\">\n<div class=\"b654a4as d2edcug0\">\n<div class=\"page-title-head hgroup\">\n<div class=\"page-title-head hgroup\">\n<div class=\"page-title-head hgroup\">\n<div class=\"page-title-head hgroup\">\n<div class=\"b654a4as d2edcug0\">\n<div class=\"page-title-head hgroup\">\n<div class=\"page-title-head hgroup\">\n<div class=\"page-title-head hgroup\">\n<div class=\"page-title-head hgroup\">\n<div class=\"b654a4as d2edcug0\">\n<div class=\"chat-input\">\n<div class=\"chat-input-container\">\n<div class=\"rows-wrapper chat-input-wrapper\">\n<div class=\"reply-wrapper\">\n<div class=\"btn-menu\">\n<div class=\"btn-menu-item tgico-replace rp\">\n<div class=\"c-ripple\">\n<div class=\"bubbles scrolled-down\">\n<div class=\"scrollable scrollable-y\">\n<div class=\"bubbles-inner has-rights is-chat is-channel\">\n<div class=\"bubbles-date-group\">\n<div class=\"bubble hide-name is-out can-have-tail is-group-first is-group-last is-read\" data-mid=\"5377294335\" data-peer-id=\"-1478820725\" data-timestamp=\"1638437407\">\n<div class=\"bubble-content-wrapper\">\n<div class=\"bubble-content\">\n<p class=\"message\" dir=\"auto\"><strong>\u00a0<\/strong><\/p>\n<\/div>\n<\/div>\n<\/div>\n<\/div>\n<\/div>\n<\/div>\n<\/div>\n<\/div>\n<\/div>\n<\/div>\n<\/div>\n<\/div>\n<\/div>\n<\/div>\n<\/div>\n<\/div>\n<\/div>\n<\/div>\n<\/div>\n<\/div>\n<\/div>\n<\/div>\n<\/div>\n<\/div>\n<\/div>\n<\/div>\n<\/div>\n<\/div>\n<\/div>\n<\/div>\n<\/div>\n<\/div>\n<\/div>\n<\/div>\n<\/div>\n<\/div>\n<\/div>\n<\/div>\n<\/div>\n<\/div>\n<\/div>\n<\/div>\n<\/div>\n<\/div>\n<\/div>\n<\/div>\n<\/div>\n<\/div>\n<\/div>\n<\/div>\n<\/div>\n<\/div>\n<\/div>\n<\/div>\n<\/div>\n<\/div>\n<\/div>\n<\/div>\n<\/div>\n<\/div>\n<\/div>\n<\/div>\n<\/div>\n<\/div>\n<\/div>\n<\/div>\n<\/div>\n<\/div>\n<\/div>\n<\/div>\n<\/div>\n<\/div>\n<\/div>\n<\/div>\n<\/div>\n<\/div>\n<\/div>\n<\/div>\n<\/div>\n<\/div>\n<\/div>\n<\/div>\n<\/div>\n<\/div>\n<\/div>\n<\/div>\n<\/div>\n<\/div>\n<\/div>\n<\/div>\n<\/div>\n<\/div>\n<\/div>\n<\/div>\n<\/div>\n<\/div>\n<\/div>\n<\/div>\n<\/div>\n<\/div>\n<\/div>\n<\/div>\n<\/div>\n<\/div>\n<\/div>\n<\/div>\n<\/div>\n<\/div>\n<\/div>\n<\/div>\n<\/div>\n<\/div>\n<\/div>\n<\/div>\n<\/div>\n<\/div>\n<\/div>\n<\/div>\n<\/div>\n<\/div>\n<\/div>\n<\/div>\n<\/div>\n<\/div>\n<\/div>\n<\/div>\n<\/div>\n<\/div>\n<\/div>\n<\/div>\n<\/div>\n<\/div>\n<\/div>\n<\/div>\n<\/div>\n<\/div>\n<\/div>\n<\/div>\n<\/div>\n<\/div>\n<\/div>\n<\/div>\n<\/div>\n<\/div>\n<\/div>\n<\/div>\n<\/div>\n<\/div>\n<\/div>\n<\/div>\n<\/div>\n<\/div>\n<\/div>\n<\/div>\n<\/div>\n<\/div>\n<\/div>\n<\/div>\n<\/div>\n<\/div>\n<\/div>\n<\/div>\n<\/div>\n<\/div>\n<\/div>\n<\/div>\n<\/div>\n<\/div>\n<div>\n<div class=\"page-title-head hgroup\">\n<div class=\"page-title-head hgroup\">\n<div class=\"b654a4as d2edcug0\">\n<div class=\"j83agx80 btwxx1t3 lhclo0ds hop8lmos nkwizq5d scwd0bx6 roh60bw9\">\n<div class=\"rq0escxv hkbzh7o3 jwdofwj8 n8tt0mok r8blr3vg hyh9befq\">\n<div class=\"do00u71z l9j0dhe7 k4urcfbm\">\n<div class=\"ecm0bbzt e5nlhep0 a8c37x1j\">\n<div class=\"kvgmc6g5 cxmmr5t8 oygrvhab hcukyx3x c1et5uql\">\n<div class=\"gmail-kvgmc6g5 gmail-cxmmr5t8 gmail-oygrvhab gmail-hcukyx3x gmail-c1et5uql gmail-ii04i59q\">\n<div class=\"page-title-head hgroup\">\n<div class=\"page-title-head hgroup\">\n<div class=\"b654a4as d2edcug0\">\n<div class=\"j83agx80 btwxx1t3 lhclo0ds hop8lmos nkwizq5d scwd0bx6 roh60bw9\">\n<div class=\"rq0escxv hkbzh7o3 jwdofwj8 n8tt0mok r8blr3vg hyh9befq\">\n<div class=\"do00u71z l9j0dhe7 k4urcfbm\">\n<div class=\"page-title-head hgroup\">\n<div class=\"page-title-head hgroup\">\n<div class=\"page-title-head hgroup\">\n<div class=\"page-title-head hgroup\">\n<div class=\"b654a4as d2edcug0\">\n<div class=\"page-title-head hgroup\">\n<div class=\"page-title-head hgroup\">\n<div class=\"page-title-head hgroup\">\n<div class=\"page-title-head hgroup\">\n<div class=\"b654a4as d2edcug0\">\n<div class=\"page-title-head hgroup\">\n<div class=\"page-title-head hgroup\">\n<div class=\"page-title-head hgroup\">\n<div class=\"page-title-head hgroup\">\n<div class=\"page-title-head hgroup\">\n<div class=\"page-title-head hgroup\">\n<div class=\"page-title-head hgroup\">\n<div class=\"page-title-head hgroup\">\n<div class=\"page-title-head hgroup\">\n<div class=\"b654a4as d2edcug0\">\n<div class=\"page-title-head hgroup\">\n<div class=\"page-title-head hgroup\">\n<div class=\"page-title-head hgroup\">\n<div class=\"page-title-head hgroup\">\n<div class=\"b654a4as d2edcug0\">\n<div class=\"page-title-head hgroup\">\n<div class=\"page-title-head hgroup\">\n<div class=\"page-title-head hgroup\">\n<div class=\"page-title-head hgroup\">\n<div class=\"page-title-head hgroup\">\n<div class=\"mkdf-post-text\">\n<div class=\"mkdf-post-text-inner\">\n<div class=\"mkdf-post-text-main\">\n<div class=\"mkdf-post-text\">\n<div class=\"mkdf-post-text-inner\">\n<div class=\"mkdf-post-text-main\">\n<div class=\"mkdf-post-text\">\n<div class=\"mkdf-post-text-inner\">\n<div class=\"mkdf-post-text-main\">\n<div class=\"page-title-head hgroup\">\n<div class=\"page-title-head hgroup\">\n<div class=\"mkdf-post-text\">\n<div class=\"mkdf-post-text-inner\">\n<div class=\"mkdf-post-text-main\">\n<div class=\"mkdf-post-text\">\n<div class=\"mkdf-post-text-inner\">\n<div class=\"mkdf-post-text-main\">\n<div class=\"page-title-head hgroup\">\n<div class=\"page-title-head hgroup\">\n<div class=\"page-title-head hgroup\">\n<div class=\"page-title-head hgroup\">\n<div class=\"b654a4as d2edcug0\">\n<div class=\"page-title-head hgroup\">\n<div class=\"page-title-head hgroup\">\n<div class=\"page-title-head hgroup\">\n<div class=\"page-title-head hgroup\">\n<div class=\"b654a4as d2edcug0\">\n<div class=\"page-title-head hgroup\">\n<div class=\"page-title-head hgroup\">\n<div class=\"page-title-head hgroup\">\n<div class=\"page-title-head hgroup\">\n<div class=\"b654a4as d2edcug0\">\n<div class=\"ecm0bbzt e5nlhep0 a8c37x1j\">\n<div class=\"kvgmc6g5 cxmmr5t8 oygrvhab hcukyx3x c1et5uql\">\n<div class=\"gmail-kvgmc6g5 gmail-cxmmr5t8 gmail-oygrvhab gmail-hcukyx3x gmail-c1et5uql gmail-ii04i59q\">\n<div class=\"page-title-head hgroup\">\n<div class=\"page-title-head hgroup\">\n<div class=\"b654a4as d2edcug0\">\n<div class=\"j83agx80 btwxx1t3 lhclo0ds hop8lmos nkwizq5d scwd0bx6 roh60bw9\">\n<div class=\"rq0escxv hkbzh7o3 jwdofwj8 n8tt0mok r8blr3vg hyh9befq\">\n<div class=\"do00u71z l9j0dhe7 k4urcfbm\">\n<div class=\"page-title-head hgroup\">\n<div class=\"page-title-head hgroup\">\n<div class=\"page-title-head hgroup\">\n<div class=\"page-title-head hgroup\">\n<div class=\"b654a4as d2edcug0\">\n<div class=\"page-title-head hgroup\">\n<div class=\"page-title-head hgroup\">\n<div class=\"page-title-head hgroup\">\n<div class=\"page-title-head hgroup\">\n<div class=\"b654a4as d2edcug0\">\n<div class=\"page-title-head hgroup\">\n<div class=\"page-title-head hgroup\">\n<div class=\"page-title-head hgroup\">\n<div class=\"page-title-head hgroup\">\n<div class=\"page-title-head hgroup\">\n<div class=\"page-title-head hgroup\">\n<div class=\"page-title-head hgroup\">\n<div class=\"page-title-head hgroup\">\n<div class=\"page-title-head hgroup\">\n<div class=\"b654a4as d2edcug0\">\n<div class=\"page-title-head hgroup\">\n<div class=\"page-title-head hgroup\">\n<div class=\"page-title-head hgroup\">\n<div class=\"page-title-head hgroup\">\n<div class=\"b654a4as d2edcug0\">\n<div class=\"page-title-head hgroup\">\n<div class=\"page-title-head hgroup\">\n<div class=\"page-title-head hgroup\">\n<div class=\"page-title-head hgroup\">\n<div class=\"page-title-head hgroup\">\n<div class=\"mkdf-post-text\">\n<div class=\"mkdf-post-text-inner\">\n<div class=\"mkdf-post-text-main\">\n<div class=\"mkdf-post-text\">\n<div class=\"mkdf-post-text-inner\">\n<div class=\"mkdf-post-text-main\">\n<div class=\"mkdf-post-text\">\n<div class=\"mkdf-post-text-inner\">\n<div class=\"mkdf-post-text-main\">\n<div class=\"page-title-head hgroup\">\n<div class=\"page-title-head hgroup\">\n<div class=\"mkdf-post-text\">\n<div class=\"mkdf-post-text-inner\">\n<div class=\"mkdf-post-text-main\">\n<div class=\"mkdf-post-text\">\n<div class=\"mkdf-post-text-inner\">\n<div class=\"mkdf-post-text-main\">\n<div class=\"page-title-head hgroup\">\n<div class=\"page-title-head hgroup\">\n<div class=\"page-title-head hgroup\">\n<div class=\"page-title-head hgroup\">\n<div class=\"b654a4as d2edcug0\">\n<div class=\"page-title-head hgroup\">\n<div class=\"page-title-head hgroup\">\n<div class=\"page-title-head hgroup\">\n<div class=\"page-title-head hgroup\">\n<div class=\"b654a4as d2edcug0\">\n<div class=\"page-title-head hgroup\">\n<div class=\"page-title-head hgroup\">\n<div class=\"page-title-head hgroup\">\n<div class=\"page-title-head hgroup\">\n<div class=\"b654a4as d2edcug0\">\n<blockquote class=\"wp-embedded-content\" data-secret=\"aB66h16jDj\"><p><a href=\"https:\/\/www.radiopiu.net\/wordpress\/viabilita\/\">viabilita<\/a><\/p><\/blockquote>\n<p><iframe loading=\"lazy\" class=\"wp-embedded-content\" sandbox=\"allow-scripts\" security=\"restricted\" style=\"position: absolute; clip: rect(1px, 1px, 1px, 1px);\" title=\"&#8220;viabilita&#8221; &#8212; Radio Pi\u00f9\" src=\"https:\/\/www.radiopiu.net\/wordpress\/viabilita\/embed\/#?secret=aB66h16jDj\" data-secret=\"aB66h16jDj\" width=\"600\" height=\"338\" frameborder=\"0\" marginwidth=\"0\" marginheight=\"0\" scrolling=\"no\"><\/iframe><\/p>\n<p>&nbsp;<\/p>\n<hr \/>\n<p>&nbsp;<\/p>\n<\/div>\n<div class=\"b654a4as d2edcug0\">\n<div class=\"ecm0bbzt e5nlhep0 a8c37x1j\">\n<div class=\"kvgmc6g5 cxmmr5t8 oygrvhab hcukyx3x c1et5uql\">\n<div class=\"gmail-kvgmc6g5 gmail-cxmmr5t8 gmail-oygrvhab gmail-hcukyx3x gmail-c1et5uql gmail-ii04i59q\">\n<div>\n<div class=\"page-title-head hgroup\">\n<div class=\"page-title-head hgroup\">\n<div class=\"b654a4as d2edcug0\">\n<div class=\"j83agx80 btwxx1t3 lhclo0ds hop8lmos nkwizq5d scwd0bx6 roh60bw9\">\n<div class=\"rq0escxv hkbzh7o3 jwdofwj8 n8tt0mok r8blr3vg hyh9befq\">\n<div class=\"do00u71z l9j0dhe7 k4urcfbm\">\n<div>\n<div class=\"page-title-head hgroup\">\n<div class=\"page-title-head hgroup\">\n<div class=\"page-title-head hgroup\">\n<div class=\"page-title-head hgroup\">\n<div class=\"b654a4as d2edcug0\">\n<div class=\"page-title-head hgroup\">\n<div class=\"page-title-head hgroup\">\n<div class=\"page-title-head hgroup\">\n<div class=\"page-title-head hgroup\">\n<div class=\"b654a4as d2edcug0\">\n<div class=\"page-title-head hgroup\">\n<div class=\"page-title-head hgroup\">\n<div class=\"page-title-head hgroup\">\n<div class=\"page-title-head hgroup\">\n<div class=\"page-title-head hgroup\">\n<div class=\"mkdf-post-text\">\n<div class=\"mkdf-post-text-inner\">\n<div class=\"mkdf-post-text-main\">\n<div class=\"mkdf-post-text\">\n<div class=\"mkdf-post-text-inner\">\n<div class=\"mkdf-post-text-main\">\n<div class=\"mkdf-post-text\">\n<div class=\"mkdf-post-text-inner\">\n<div class=\"mkdf-post-text-main\">\n<div class=\"page-title-head hgroup\">\n<div class=\"page-title-head hgroup\">\n<div class=\"mkdf-post-text\">\n<div class=\"mkdf-post-text-inner\">\n<div class=\"mkdf-post-text-main\">\n<div class=\"mkdf-post-text\">\n<div class=\"mkdf-post-text-inner\">\n<div class=\"mkdf-post-text-main\">\n<div>\n<div class=\"page-title-head hgroup\">\n<div class=\"page-title-head hgroup\">\n<div>\n<div class=\"page-title-head hgroup\">\n<div class=\"page-title-head hgroup\">\n<div class=\"b654a4as d2edcug0\">\n<div>\n<div class=\"page-title-head hgroup\" style=\"text-align: left;\">\n<div class=\"page-title-head hgroup\">\n<div dir=\"auto\">\n<p><a class=\"dt-pswp-item pspw-wrap-ready\" href=\"https:\/\/i0.wp.com\/www.radiopiu.net\/wordpress\/wp-content\/uploads\/2018\/09\/WhatsApp-Image-2018-09-20-at-16.04.06.jpeg?ssl=1\" data-dt-img-description=\"\" data-large_image_width=\"800\" data-large_image_height=\"100\"><img loading=\"lazy\" decoding=\"async\" class=\"aligncenter wp-image-61378 size-full jetpack-lazy-image jetpack-lazy-image--handled\" src=\"https:\/\/i0.wp.com\/www.radiopiu.net\/wordpress\/wp-content\/uploads\/2018\/09\/WhatsApp-Image-2018-09-20-at-16.04.06.jpeg?resize=800%2C100&amp;ssl=1\" sizes=\"auto, (max-width: 800px) 100vw, 800px\" srcset=\"https:\/\/i0.wp.com\/www.radiopiu.net\/wordpress\/wp-content\/uploads\/2018\/09\/WhatsApp-Image-2018-09-20-at-16.04.06.jpeg?w=800&amp;ssl=1 800w, https:\/\/i0.wp.com\/www.radiopiu.net\/wordpress\/wp-content\/uploads\/2018\/09\/WhatsApp-Image-2018-09-20-at-16.04.06.jpeg?resize=300%2C38&amp;ssl=1 300w, https:\/\/i0.wp.com\/www.radiopiu.net\/wordpress\/wp-content\/uploads\/2018\/09\/WhatsApp-Image-2018-09-20-at-16.04.06.jpeg?resize=768%2C96&amp;ssl=1 768w\" alt=\"\" width=\"800\" height=\"100\" data-lazy-loaded=\"1\" \/><\/a><\/p>\n<\/div>\n<\/div>\n<\/div>\n<\/div>\n<\/div>\n<\/div>\n<\/div>\n<\/div>\n<\/div>\n<\/div>\n<\/div>\n<\/div>\n<\/div>\n<\/div>\n<\/div>\n<\/div>\n<\/div>\n<\/div>\n<\/div>\n<\/div>\n<\/div>\n<\/div>\n<\/div>\n<\/div>\n<\/div>\n<\/div>\n<\/div>\n<\/div>\n<\/div>\n<\/div>\n<\/div>\n<\/div>\n<\/div>\n<\/div>\n<\/div>\n<\/div>\n<\/div>\n<\/div>\n<\/div>\n<\/div>\n<\/div>\n<\/div>\n<\/div>\n<\/div>\n<p>&nbsp;<\/p>\n<\/div>\n<\/div>\n<\/div>\n<\/div>\n<\/div>\n<\/div>\n<\/div>\n<\/div>\n<\/div>\n<\/div>\n<\/div>\n<\/div>\n<\/div>\n<\/div>\n<\/div>\n<\/div>\n<\/div>\n<\/div>\n<\/div>\n<\/div>\n<\/div>\n<\/div>\n<\/div>\n<\/div>\n<\/div>\n<\/div>\n<\/div>\n<\/div>\n<\/div>\n<\/div>\n<\/div>\n<\/div>\n<\/div>\n<\/div>\n<\/div>\n<\/div>\n<\/div>\n<\/div>\n<\/div>\n<\/div>\n<\/div>\n<\/div>\n<\/div>\n<\/div>\n<\/div>\n<\/div>\n<\/div>\n<\/div>\n<\/div>\n<\/div>\n<\/div>\n<\/div>\n<\/div>\n<\/div>\n<\/div>\n<\/div>\n<\/div>\n<\/div>\n<\/div>\n<\/div>\n<\/div>\n<\/div>\n<\/div>\n<\/div>\n<\/div>\n<\/div>\n<\/div>\n<\/div>\n<\/div>\n<\/div>\n<\/div>\n<\/div>\n<\/div>\n<\/div>\n<\/div>\n<\/div>\n<\/div>\n<\/div>\n<\/div>\n<\/div>\n<\/div>\n<\/div>\n<\/div>\n<\/div>\n<\/div>\n<\/div>\n<\/div>\n<\/div>\n<\/div>\n<\/div>\n<\/div>\n<\/div>\n<\/div>\n<\/div>\n<\/div>\n<\/div>\n<\/div>\n<\/div>\n<\/div>\n<\/div>\n<\/div>\n<\/div>\n<\/div>\n<\/div>\n<\/div>\n<\/div>\n<\/div>\n<\/div>\n<\/div>\n<\/div>\n<\/div>\n<\/div>\n<\/div>\n<\/div>\n<\/div>\n<\/div>\n<\/div>\n<\/div>\n<\/div>\n<\/div>\n<\/div>\n<\/div>\n<\/div>\n<\/div>\n<\/div>\n<\/div>\n<\/div>\n<\/div>\n<\/div>\n<\/div>\n<\/div>\n<\/div>\n<\/div>\n<\/div>\n<\/div>\n<\/div>\n<\/div>\n<\/div>\n<\/div>\n<\/div>\n<\/div>\n<\/div>\n<\/div>\n<\/div>\n<\/div>\n<\/div>\n<\/div>\n<\/div>\n<\/div>\n<\/div>\n<\/div>\n<\/div>\n<\/div>\n<\/div>\n<\/div>\n<\/div>\n<\/div>\n<\/div>\n<\/div>\n<div><center><b>Giovedi 23<\/b><\/center><b>Tempo atteso: <\/b>Cielo in prevalenza da poco a parzialmente nuvoloso per transito di sottili velature, solo a tratti in grado di mascherare il sole. In alcune valli prealpine probabile formazione di nubi basse o nebbie nelle ore pi\u00f9 fredde, in graduale dissolvimento al mattino seppur localmente potranno insistere per buona parte della giornata.<br \/>\n<b>Precipitazioni: <\/b>Assenti (0%).<br \/>\n<b>Temperature: <\/b>Pressoch\u00e8 stazionarie nelle valli, in aumento in quota specie le minime. Intensificazione dell&#8217;inversione termica nella notte. Clima diurno meno freddo in quota rispetto ai giorni precedenti. Su Prealpi a 1500 m min, -3\u00b0C max, 0\u00b0C; a 2000 m min -2\u00b0C, max 2\u00b0C. Su Dolomiti a 2000 m min -2\u00b0C, max 3\u00b0C; a 3000 m min -3 \u00b0C, max -2\u00b0C.<br \/>\n<b>Venti: <\/b>Ancora deboli di direzione variabile nelle valli, moderati da nord-ovest in quota, anche a tratti tesi sulle vette dolomitiche, a 15-20 km\/h a 2000 m e a 25-35 km\/h a 3000 m.<\/p>\n<hr \/>\n<p><center><b>Venerdi 24<\/b><\/center><b>Tempo atteso: <\/b>Nella notte e fino al primo mattino cielo sereno o poco nuvoloso, con nubi basse o nebbie nei fondovalle Prealpini. Da met\u00e0 mattinata graduale aumento della nuvolosit\u00e0 per nubi alte su Dolomiti e per nubi basse su Prealpi centro-occidentali fino a nuvoloso o molto nuvoloso ovunque dal tardo pomeriggio\/sera.<br \/>\n<b>Precipitazioni: <\/b>Assenti ovunque fino al tardo pomeriggio. In serata aumento della probabilit\u00e0 su Prealpi centro-occidentali di modeste precipitazioni (50-70%), nevose oltre i 1400\/1700 m.<br \/>\n<b>Temperature: <\/b>Temperature in generale aumento con meno freddo rispetto ai giorni precedenti eccetto lieve calo nella seconda parte della giornata in quota oltre i 2000 metri dove le minime verranno raggiunte in serata. Condizioni di forte inversione termica nelle valli. Su Prealpi a 1500 m min, 1\u00b0C max, 3\u00b0C; a 2000 m min 0\u00b0C, max 2\u00b0C. Su Dolomiti a 2000 m min 0\u00b0C, max 3\u00b0C; a 3000 m min -5 \u00b0C, max -3\u00b0C<br \/>\n<b>Venti: <\/b>Venti in quota dai quadranti occidentali, inizialmente moderati, tendenti a divenire tesi o forti nel pomeriggio\/sera. a 15-30 km\/h a 2000 m a 25-40 km\/h a 3000 m<\/p>\n<hr \/>\n<p><center><b>Sabato 25<\/b><\/center>Giornata umida e molto nuvolosa ovunque con tempo a tratti lievemente perturbato. Possibili deboli precipitazioni, maggiormente probabili su Prealpi (60-80 %) rispetto alle Dolomiti (50-70 %) con quota neve intorno a 1000-1300 m sulle Dolomiti e 1200-1500 m sulle Prealpi. Temperature minime in aumento, massime in diminuzione. Venti in quota moderati o tesi sud-occidentali.<\/p>\n<hr \/>\n<p><center><b>Domenica 26<\/b><\/center>Persistono condizioni di cielo molto nuvoloso o coperto ovunque e la possibilit\u00e0 di deboli precipitazioni maggiormente probabili nella seconda parte della giornata. Limite neve in generale lieve abbassamento rispetto a sabato. Debole escursione termica diurna con temperature superiori alle medie del periodo ma in lieve calo rispetto a sabato in montagna Previsore DDL<\/p>\n<p>&nbsp;<\/p>\n<hr \/>\n<p>&nbsp;<\/p>\n<p><a href=\"https:\/\/www.radiopiu.net\/wordpress\/giornale-radiopiu-15-settembre-2018-direttore-mirko-mezzacasa\/sport-7\/\" rel=\"attachment wp-att-60761\"><img loading=\"lazy\" decoding=\"async\" class=\"wp-image-60761 size-full aligncenter\" src=\"https:\/\/www.radiopiu.net\/wordpress\/wp-content\/uploads\/2018\/09\/sport.jpg\" alt=\"\" width=\"800\" height=\"100\" srcset=\"https:\/\/www.radiopiu.net\/wordpress\/wp-content\/uploads\/2018\/09\/sport.jpg 800w, https:\/\/www.radiopiu.net\/wordpress\/wp-content\/uploads\/2018\/09\/sport-300x38.jpg 300w, https:\/\/www.radiopiu.net\/wordpress\/wp-content\/uploads\/2018\/09\/sport-768x96.jpg 768w\" sizes=\"auto, (max-width: 800px) 100vw, 800px\" \/><\/a><\/p>\n<p>&nbsp;<\/p>\n<blockquote>\n<h3 style=\"text-align: center;\">GLI AUGURI DEL DOLOMITI RALLY<\/h3>\n<h3 style=\"text-align: center;\">di Mauro Riva<\/h3>\n<\/blockquote>\n<p><a href=\"https:\/\/www.radiopiu.net\/wordpress\/giornale-radiopiu-23-dicembre-2021-direttore-mirko-mezzacasa\/9cbd062e-10c0-4190-a18c-e0f377901af0\/\" rel=\"attachment wp-att-249815\"><img loading=\"lazy\" decoding=\"async\" class=\"size-medium wp-image-249815 aligncenter\" src=\"https:\/\/www.radiopiu.net\/wordpress\/wp-content\/uploads\/2021\/12\/9cbd062e-10c0-4190-a18c-e0f377901af0-226x300.jpg\" alt=\"\" width=\"226\" height=\"300\" srcset=\"https:\/\/www.radiopiu.net\/wordpress\/wp-content\/uploads\/2021\/12\/9cbd062e-10c0-4190-a18c-e0f377901af0-226x300.jpg 226w, https:\/\/www.radiopiu.net\/wordpress\/wp-content\/uploads\/2021\/12\/9cbd062e-10c0-4190-a18c-e0f377901af0-768x1020.jpg 768w, https:\/\/www.radiopiu.net\/wordpress\/wp-content\/uploads\/2021\/12\/9cbd062e-10c0-4190-a18c-e0f377901af0.jpg 771w\" sizes=\"auto, (max-width: 226px) 100vw, 226px\" \/><\/a><\/p>\n<p>&nbsp;<\/p>\n<hr \/>\n<p>&nbsp;<\/p>\n<p>&nbsp;<\/p>\n<blockquote>\n<h3>IL FELTREGHIACCHIO CHIUDE L\u2019ANNO CON UNA VITTORIA E LA PRIMA POSIZIONE DEL QUALIFICATON ROUND<\/h3>\n<\/blockquote>\n<p><strong><a href=\"https:\/\/www.radiopiu.net\/wordpress\/alleghe-hockey-dalla-ihl-allunder-13-passando-per-il-femminile\/hockey-bbb\/\" rel=\"attachment wp-att-70532\"><img loading=\"lazy\" decoding=\"async\" class=\"size-medium wp-image-70532 alignleft\" src=\"https:\/\/www.radiopiu.net\/wordpress\/wp-content\/uploads\/2018\/12\/HOCKEY-BBB-300x188.jpg\" alt=\"\" width=\"300\" height=\"188\" srcset=\"https:\/\/www.radiopiu.net\/wordpress\/wp-content\/uploads\/2018\/12\/HOCKEY-BBB-300x188.jpg 300w, https:\/\/www.radiopiu.net\/wordpress\/wp-content\/uploads\/2018\/12\/HOCKEY-BBB-768x480.jpg 768w, https:\/\/www.radiopiu.net\/wordpress\/wp-content\/uploads\/2018\/12\/HOCKEY-BBB-1024x640.jpg 1024w, https:\/\/www.radiopiu.net\/wordpress\/wp-content\/uploads\/2018\/12\/HOCKEY-BBB.jpg 1920w\" sizes=\"auto, (max-width: 300px) 100vw, 300px\" \/><\/a>CHIAVENNA \u2013 FELTREGHIACCIO 1-2<\/strong><\/p>\n<p>PARZIALI: 0-1, 1-0, 0-1<\/p>\n<p>GOL FELTREGHIACCIO: 2 Matteo Dall\u2019Agnol<\/p>\n<p>Termina nel migliore dei modi il 2021 del Feltreghiaccio che Torna dalla trasferta da Chiavenna con un\u2019ottima vittoria e la prima posizione del qualification round della IHL Division 1. La squadra allenata da Franco Zampol ha iniziato il girone di qualificazione alla grande e con i suoi 15 punti \u00e8 in testa alla grduatoria. Dalla lunga trasferta in terra lombarda i feltrini escono a testa altissima dopo una sfida dominata. Tanti tiri in porta per i bellunesi che per\u00f2 riescono a vincere la partita solo nei minuti finali. Ad aprire le marcature ci pensa Matteo dall\u2019Agnol nel primo tempo. Il Chiavenna pareggia i conti nella seconda frazione. Nel terzo drittel i feltrini prendo d\u2019assalto la gabbia lombarda e solo a tre minuti dal termine Matteo Dall\u2019Agnol sigla la doppietta personale che consegna tre punti ad un Feltreghiaccio che sembra essere in piena forma. Ora una lunga pausa per la squadra di Feltre che ritorner\u00e0 in campo il 2 gennaio al Drio Le Rive per la sfida contro il Laces.<\/p>\n<\/div>\n<\/div>\n<\/div>\n<\/div>\n<\/div>\n<\/div>\n<\/div>\n<\/div>\n","protected":false},"excerpt":{"rendered":"<p>INFORMAZIONE il canale su TELEGRAM informazione di prima mano e in tempo reale. iscriviti ed aiutaci a farlo conoscere\u00a0 \u00a0 Donnavventura\u00a0 a FALCADE,\u00a0 \u00a0\u00a0Giorgia ormai esperta &#8230; SleddiogFalcade Falcade Dolomiti &#8211; Dolomiti the Mountains of Venice\u00a0 &nbsp; &nbsp; &nbsp; &nbsp; ANCORA IN CRESCITA I CONTAGI A LIVINALLONGO, SEMPRE PIU&#8217; &#8220;PULITA&#8221; LA VALLE DEL BIOIS AGGIORNAMENTO&hellip;<\/p>\n","protected":false},"author":4,"featured_media":249791,"comment_status":"closed","ping_status":"open","sticky":false,"template":"","format":"standard","meta":{"_monsterinsights_skip_tracking":false,"_monsterinsights_sitenote_active":false,"_monsterinsights_sitenote_note":"","_monsterinsights_sitenote_category":0,"footnotes":""},"categories":[104,86,49],"tags":[],"class_list":["post-249707","post","type-post","status-publish","format-standard","has-post-thumbnail","hentry","category-evidenza_3","category-gr","category-news-18","category-104","category-86","category-49","description-off"],"img_url":"https:\/\/www.radiopiu.net\/wordpress\/wp-content\/uploads\/2021\/12\/71796522_1224550561080359_7415794991173206016_n-e1640166448884.jpg","_links":{"self":[{"href":"https:\/\/www.radiopiu.net\/wordpress\/wp-json\/wp\/v2\/posts\/249707","targetHints":{"allow":["GET"]}}],"collection":[{"href":"https:\/\/www.radiopiu.net\/wordpress\/wp-json\/wp\/v2\/posts"}],"about":[{"href":"https:\/\/www.radiopiu.net\/wordpress\/wp-json\/wp\/v2\/types\/post"}],"author":[{"embeddable":true,"href":"https:\/\/www.radiopiu.net\/wordpress\/wp-json\/wp\/v2\/users\/4"}],"replies":[{"embeddable":true,"href":"https:\/\/www.radiopiu.net\/wordpress\/wp-json\/wp\/v2\/comments?post=249707"}],"version-history":[{"count":0,"href":"https:\/\/www.radiopiu.net\/wordpress\/wp-json\/wp\/v2\/posts\/249707\/revisions"}],"wp:featuredmedia":[{"embeddable":true,"href":"https:\/\/www.radiopiu.net\/wordpress\/wp-json\/wp\/v2\/media\/249791"}],"wp:attachment":[{"href":"https:\/\/www.radiopiu.net\/wordpress\/wp-json\/wp\/v2\/media?parent=249707"}],"wp:term":[{"taxonomy":"category","embeddable":true,"href":"https:\/\/www.radiopiu.net\/wordpress\/wp-json\/wp\/v2\/categories?post=249707"},{"taxonomy":"post_tag","embeddable":true,"href":"https:\/\/www.radiopiu.net\/wordpress\/wp-json\/wp\/v2\/tags?post=249707"}],"curies":[{"name":"wp","href":"https:\/\/api.w.org\/{rel}","templated":true}]}}