{"id":249754,"date":"2021-12-22T07:07:19","date_gmt":"2021-12-22T06:07:19","guid":{"rendered":"https:\/\/www.radiopiu.net\/wordpress\/?p=249754"},"modified":"2021-12-22T07:07:19","modified_gmt":"2021-12-22T06:07:19","slug":"arrivederci-in-paradiso-domenica-la-presentazione","status":"publish","type":"post","link":"https:\/\/www.radiopiu.net\/wordpress\/arrivederci-in-paradiso-domenica-la-presentazione\/","title":{"rendered":"&#8220;Arrivederci in paradiso&#8221; Domenica la presentazione"},"content":{"rendered":"<p>&nbsp;<\/p>\n<blockquote>\n<h3 class=\"articlePlainTitle\"><a href=\"https:\/\/www.radiopiu.net\/wordpress\/giornale-radiopiu-22-dicembre-2021-direttore-mirko-mezzacasa\/th-277\/\" rel=\"attachment wp-att-249716\"><img loading=\"lazy\" decoding=\"async\" class=\"wp-image-249716 alignleft\" src=\"https:\/\/www.radiopiu.net\/wordpress\/wp-content\/uploads\/2021\/12\/th-14.jpg\" alt=\"\" width=\"139\" height=\"185\" \/><\/a><\/h3>\n<\/blockquote>\n<div class=\"articlePlainText\"><strong>VOLTAGO<\/strong> Domenica alle 16 nella chiesa di San Nicol\u00f2 a Frassen\u00e9 verr\u00e0 presentato il libro &#8220;Arrivederci in paradiso&#8221;, dedicato alla memoria di don Stefano Gorzegno, morto a soli 44 anni sulla spiaggia di Termoli il 30 luglio 2003 per salvare la vita a sette ragazzini a rischio annegamento. Ci saranno gli interventi di Francesco Mercanti, curatore della pubblicazione, del vescovo Marangoni, del parroco don Fabiano Del Favero e del sindaco Schena. Alle 18 la messa.<\/div>\n<p>&nbsp;<\/p>\n<p>&nbsp;<\/p>\n<p><strong>L&#8217;INVITO DI DON FABIANO DEL FAVERO PARROCO DELLE PARROCCHIE DEL POI, DA VOLTAGO A TISER<\/strong><\/p>\n<audio class=\"wp-audio-shortcode\" id=\"audio-249754-1\" preload=\"none\" style=\"width: 100%;\" controls=\"controls\"><source type=\"audio\/mpeg\" src=\"https:\/\/www.radiopiu.net\/wordpress\/wp-content\/uploads\/2021\/12\/don-fabiano.mp3?_=1\" \/><a href=\"https:\/\/www.radiopiu.net\/wordpress\/wp-content\/uploads\/2021\/12\/don-fabiano.mp3\">https:\/\/www.radiopiu.net\/wordpress\/wp-content\/uploads\/2021\/12\/don-fabiano.mp3<\/a><\/audio>\n<p>&nbsp;<\/p>\n","protected":false},"excerpt":{"rendered":"<p>&nbsp; VOLTAGO Domenica alle 16 nella chiesa di San Nicol\u00f2 a Frassen\u00e9 verr\u00e0 presentato il libro &#8220;Arrivederci in paradiso&#8221;, dedicato alla memoria di don Stefano Gorzegno, morto a soli 44 anni sulla spiaggia di Termoli il 30 luglio 2003 per salvare la vita a sette ragazzini a rischio annegamento. Ci saranno gli interventi di Francesco&hellip;<\/p>\n","protected":false},"author":4,"featured_media":249755,"comment_status":"closed","ping_status":"open","sticky":false,"template":"","format":"standard","meta":{"_monsterinsights_skip_tracking":false,"_monsterinsights_sitenote_active":false,"_monsterinsights_sitenote_note":"","_monsterinsights_sitenote_category":0,"footnotes":""},"categories":[49],"tags":[],"class_list":["post-249754","post","type-post","status-publish","format-standard","has-post-thumbnail","hentry","category-news-18","category-49","description-off"],"img_url":"https:\/\/www.radiopiu.net\/wordpress\/wp-content\/uploads\/2021\/12\/051a4dda-d2a8-496b-8672-c71e2686f5b0.jpg","_links":{"self":[{"href":"https:\/\/www.radiopiu.net\/wordpress\/wp-json\/wp\/v2\/posts\/249754","targetHints":{"allow":["GET"]}}],"collection":[{"href":"https:\/\/www.radiopiu.net\/wordpress\/wp-json\/wp\/v2\/posts"}],"about":[{"href":"https:\/\/www.radiopiu.net\/wordpress\/wp-json\/wp\/v2\/types\/post"}],"author":[{"embeddable":true,"href":"https:\/\/www.radiopiu.net\/wordpress\/wp-json\/wp\/v2\/users\/4"}],"replies":[{"embeddable":true,"href":"https:\/\/www.radiopiu.net\/wordpress\/wp-json\/wp\/v2\/comments?post=249754"}],"version-history":[{"count":0,"href":"https:\/\/www.radiopiu.net\/wordpress\/wp-json\/wp\/v2\/posts\/249754\/revisions"}],"wp:featuredmedia":[{"embeddable":true,"href":"https:\/\/www.radiopiu.net\/wordpress\/wp-json\/wp\/v2\/media\/249755"}],"wp:attachment":[{"href":"https:\/\/www.radiopiu.net\/wordpress\/wp-json\/wp\/v2\/media?parent=249754"}],"wp:term":[{"taxonomy":"category","embeddable":true,"href":"https:\/\/www.radiopiu.net\/wordpress\/wp-json\/wp\/v2\/categories?post=249754"},{"taxonomy":"post_tag","embeddable":true,"href":"https:\/\/www.radiopiu.net\/wordpress\/wp-json\/wp\/v2\/tags?post=249754"}],"curies":[{"name":"wp","href":"https:\/\/api.w.org\/{rel}","templated":true}]}}