{"id":249801,"date":"2021-12-22T12:55:09","date_gmt":"2021-12-22T11:55:09","guid":{"rendered":"https:\/\/www.radiopiu.net\/wordpress\/?p=249801"},"modified":"2021-12-22T13:29:53","modified_gmt":"2021-12-22T12:29:53","slug":"essilorluxottica-il-piano-boost-2021-e-un-successo-il-53-degli-aventi-diritto-hanno-deciso-di-diventare-azionisti-del-gruppo","status":"publish","type":"post","link":"https:\/\/www.radiopiu.net\/wordpress\/essilorluxottica-il-piano-boost-2021-e-un-successo-il-53-degli-aventi-diritto-hanno-deciso-di-diventare-azionisti-del-gruppo\/","title":{"rendered":"BOOST 2021  UN SUCCESSO. IL 53%  AZIONISTA DEL GRUPPO"},"content":{"rendered":"<p><strong><a href=\"https:\/\/www.radiopiu.net\/wordpress\/essilorluxottica-le-novita-dallassemblea-degli-azionisti-il-nuovo-consiglio-di-amministrazione-e-i-dividenti-delle-azioni\/essilorluxottica-2\/\" rel=\"attachment wp-att-193540\"><img loading=\"lazy\" decoding=\"async\" class=\"size-medium wp-image-193540 alignleft\" src=\"https:\/\/www.radiopiu.net\/wordpress\/wp-content\/uploads\/2021\/02\/ESSILORLUXOTTICA-300x170.png\" alt=\"\" width=\"300\" height=\"170\" srcset=\"https:\/\/www.radiopiu.net\/wordpress\/wp-content\/uploads\/2021\/02\/ESSILORLUXOTTICA-300x170.png 300w, https:\/\/www.radiopiu.net\/wordpress\/wp-content\/uploads\/2021\/02\/ESSILORLUXOTTICA-1024x579.png 1024w, https:\/\/www.radiopiu.net\/wordpress\/wp-content\/uploads\/2021\/02\/ESSILORLUXOTTICA-768x434.png 768w, https:\/\/www.radiopiu.net\/wordpress\/wp-content\/uploads\/2021\/02\/ESSILORLUXOTTICA.png 1320w\" sizes=\"auto, (max-width: 300px) 100vw, 300px\" \/><\/a>AGORDO<\/strong> Il piano Boost 2021 \u00e8 un successo per EssilorLuxottica. Si \u00e8 conclusa pochi giorni fa la vendita delle azioni ai dipendenti del gruppo e i risultati sono pi\u00f9 che soddisfacenti. Gli aventi diritto al piano erano circa 12.500 su un totale di popolazione di 15 mila lavoratori. Pi\u00f9 della met\u00e0, il 53% pari a circa 6.600 persone, ha aderito a Boost 2021, in crescita rispetto al 2020 quando il dato si era fermato al 46,8%. La risposta migliore si \u00e8 avuta dallo stabilimento Luxottica di Agordo dove il 54% degli aventi diritto hanno acquistato le azioni del gruppo. Del totale degli acquirenti, 9 persone su dieci hanno deciso di optare per l&#8217;acquisto di 4 azioni di cui EssilorLuxottica ne ha regalate altre 4. In pi\u00f9 un dipendente su quattro ha optato per pagare le azioni con il premio di risultato.<\/p>\n<blockquote><p><strong><span id=\"page3R_mcid10\" class=\"markedContent\"><span dir=\"ltr\" role=\"presentation\">Francesco Milleri e Paul du Saillant, rispettivamente Amministratore Delegato e Vice <\/span><span dir=\"ltr\" role=\"presentation\">Amministratore <\/span><span dir=\"ltr\" role=\"presentation\">Delegato di EssilorLuxottica: <em>&#8220;<\/em><\/span><\/span><\/strong><em><span id=\"page3R_mcid10\" class=\"markedContent\"><span dir=\"ltr\" role=\"presentation\">Anche quest\u2019anno<\/span> <span dir=\"ltr\" role=\"presentation\">Boost<\/span><span dir=\"ltr\" role=\"presentation\">,<\/span> <span dir=\"ltr\" role=\"presentation\">il <\/span><span dir=\"ltr\" role=\"presentation\">Pi<\/span><span dir=\"ltr\" role=\"presentation\">ano <\/span><span dir=\"ltr\" role=\"presentation\">di azionariato <\/span><span dir=\"ltr\" role=\"presentation\">diffuso<\/span> <span dir=\"ltr\" role=\"presentation\">di EssilorLuxottica<\/span><span dir=\"ltr\" role=\"presentation\">, si conclude con un successo <\/span><span dir=\"ltr\" role=\"presentation\">e <\/span><span dir=\"ltr\" role=\"presentation\">con <\/span><span dir=\"ltr\" role=\"presentation\">un tasso di sottoscrizione in crescita. <\/span><span dir=\"ltr\" role=\"presentation\">\u00c8 un risultato <\/span><span dir=\"ltr\" role=\"presentation\">che viene<\/span> <span dir=\"ltr\" role=\"presentation\">prima di tutto dalle nostre persone, <\/span><span dir=\"ltr\" role=\"presentation\">dalla loro fiducia<\/span> <span dir=\"ltr\" role=\"presentation\">nella Societ\u00e0<\/span> <span dir=\"ltr\" role=\"presentation\">e<\/span> <span dir=\"ltr\" role=\"presentation\">nelle sue strategie e<\/span> <span dir=\"ltr\" role=\"presentation\">dal<\/span><span dir=\"ltr\" role=\"presentation\">la condivisione della mission aziendale di<\/span> <span dir=\"ltr\" role=\"presentation\">aiutare <\/span><span dir=\"ltr\" role=\"presentation\">chiunque nel mondo a <\/span><span dir=\"ltr\" role=\"presentation\">\u2018<\/span><span dir=\"ltr\" role=\"presentation\">vedere meglio e vivere meglio<\/span><span dir=\"ltr\" role=\"presentation\">\u2019<\/span><span dir=\"ltr\" role=\"presentation\">.<\/span> <span dir=\"ltr\" role=\"presentation\">Orgogliosi di questa risposta, c<\/span><span dir=\"ltr\" role=\"presentation\">ontinu<\/span><span dir=\"ltr\" role=\"presentation\">e<\/span><span dir=\"ltr\" role=\"presentation\">re<\/span><span dir=\"ltr\" role=\"presentation\">mo<\/span> <span dir=\"ltr\" role=\"presentation\">a <\/span><span dir=\"ltr\" role=\"presentation\">costruire<\/span> <span dir=\"ltr\" role=\"presentation\">sul<\/span><span dir=\"ltr\" role=\"presentation\">la partecipazione<\/span> <span dir=\"ltr\" role=\"presentation\">azionari<\/span><span dir=\"ltr\" role=\"presentation\">a diffusa<\/span> <span dir=\"ltr\" role=\"presentation\">dei dipendenti, centrale<\/span> <span dir=\"ltr\" role=\"presentation\">n<\/span><span dir=\"ltr\" role=\"presentation\">ella<\/span> <span dir=\"ltr\" role=\"presentation\">cultura aziendale<\/span><span dir=\"ltr\" role=\"presentation\">,<\/span> <span dir=\"ltr\" role=\"presentation\">con <\/span><span dir=\"ltr\" role=\"presentation\">l\u2019obiettivo di<\/span> <span dir=\"ltr\" role=\"presentation\">estendere l<\/span><span dir=\"ltr\" role=\"presentation\">a stessa <\/span><span dir=\"ltr\" role=\"presentation\">opportunit\u00e0 <\/span><span dir=\"ltr\" role=\"presentation\">al maggior numero <\/span><span dir=\"ltr\" role=\"presentation\">possibile <\/span><span dir=\"ltr\" role=\"presentation\">di dipendenti<\/span> <span dir=\"ltr\" role=\"presentation\">in futuro<\/span><span dir=\"ltr\" role=\"presentation\">\u201d\u00a0<\/span><\/span><\/em><\/p><\/blockquote>\n<p><span id=\"page3R_mcid6\" class=\"markedContent\"><span dir=\"ltr\" role=\"presentation\">Sono oggi<\/span> <span dir=\"ltr\" role=\"presentation\">circa<\/span> <span dir=\"ltr\" role=\"presentation\">67.000 dipendenti del Gruppo in 85 paesi <\/span> <span dir=\"ltr\" role=\"presentation\">a detenere<\/span> <span dir=\"ltr\" role=\"presentation\">una <\/span><span dir=\"ltr\" role=\"presentation\">partecipazione <\/span> <span dir=\"ltr\" role=\"presentation\">azionaria<\/span> <span dir=\"ltr\" role=\"presentation\">in EssilorLuxottica<\/span><span dir=\"ltr\" role=\"presentation\">, <\/span> <span dir=\"ltr\" role=\"presentation\">in<\/span> <span dir=\"ltr\" role=\"presentation\">costante <\/span> <span dir=\"ltr\" role=\"presentation\">crescita <\/span> <span dir=\"ltr\" role=\"presentation\">rispetto a<\/span><span dir=\"ltr\" role=\"presentation\">i circa <\/span> <span dir=\"ltr\" role=\"presentation\">63.000 <\/span> <span dir=\"ltr\" role=\"presentation\">d<\/span><span dir=\"ltr\" role=\"presentation\">el 2020<\/span><span dir=\"ltr\" role=\"presentation\">. <\/span><\/span><span id=\"page3R_mcid8\" class=\"markedContent\"><span dir=\"ltr\" role=\"presentation\">L\u2019azionariato dei dipendenti \u00e8 <\/span> <span dir=\"ltr\" role=\"presentation\">centrale n<\/span><span dir=\"ltr\" role=\"presentation\">ella cultura <\/span> <span dir=\"ltr\" role=\"presentation\">e <\/span> <span dir=\"ltr\" role=\"presentation\">n<\/span><span dir=\"ltr\" role=\"presentation\">ella strategia <\/span> <span dir=\"ltr\" role=\"presentation\">di sviluppo <\/span> <span dir=\"ltr\" role=\"presentation\">a lungo termine <\/span> <span dir=\"ltr\" role=\"presentation\">di <\/span><span dir=\"ltr\" role=\"presentation\">EssilorLuxottica<\/span><span dir=\"ltr\" role=\"presentation\">.<\/span> <span dir=\"ltr\" role=\"presentation\">Of<\/span><span dir=\"ltr\" role=\"presentation\">frire<\/span> <span dir=\"ltr\" role=\"presentation\">ai dipendenti <\/span><span dir=\"ltr\" role=\"presentation\">la possibilit\u00e0<\/span> <span dir=\"ltr\" role=\"presentation\">di <\/span><span dir=\"ltr\" role=\"presentation\">detenere<\/span> <span dir=\"ltr\" role=\"presentation\">una partecipazione <\/span><span dir=\"ltr\" role=\"presentation\">azionaria<\/span> <span dir=\"ltr\" role=\"presentation\">nel capitale della Societ\u00e0 a condizioni favorevoli <\/span><span dir=\"ltr\" role=\"presentation\">allinea <\/span><span dir=\"ltr\" role=\"presentation\">infatti <\/span><span dir=\"ltr\" role=\"presentation\">i loro interessi <\/span><span dir=\"ltr\" role=\"presentation\">a<\/span> <span dir=\"ltr\" role=\"presentation\">quelli del Gruppo e degli altri azionisti.<\/span><\/span><\/p>\n<p>&nbsp;<\/p>\n<p>&nbsp;<\/p>\n<p>*****<\/p>\n","protected":false},"excerpt":{"rendered":"<p>AGORDO Il piano Boost 2021 \u00e8 un successo per EssilorLuxottica. Si \u00e8 conclusa pochi giorni fa la vendita delle azioni ai dipendenti del gruppo e i risultati sono pi\u00f9 che soddisfacenti. Gli aventi diritto al piano erano circa 12.500 su un totale di popolazione di 15 mila lavoratori. Pi\u00f9 della met\u00e0, il 53% pari a&hellip;<\/p>\n","protected":false},"author":4,"featured_media":193540,"comment_status":"closed","ping_status":"open","sticky":false,"template":"","format":"standard","meta":{"_monsterinsights_skip_tracking":false,"_monsterinsights_sitenote_active":false,"_monsterinsights_sitenote_note":"","_monsterinsights_sitenote_category":0,"footnotes":""},"categories":[51,49],"tags":[],"class_list":["post-249801","post","type-post","status-publish","format-standard","has-post-thumbnail","hentry","category-evidenza-top","category-news-18","category-51","category-49","description-off"],"img_url":"https:\/\/www.radiopiu.net\/wordpress\/wp-content\/uploads\/2021\/02\/ESSILORLUXOTTICA.png","_links":{"self":[{"href":"https:\/\/www.radiopiu.net\/wordpress\/wp-json\/wp\/v2\/posts\/249801","targetHints":{"allow":["GET"]}}],"collection":[{"href":"https:\/\/www.radiopiu.net\/wordpress\/wp-json\/wp\/v2\/posts"}],"about":[{"href":"https:\/\/www.radiopiu.net\/wordpress\/wp-json\/wp\/v2\/types\/post"}],"author":[{"embeddable":true,"href":"https:\/\/www.radiopiu.net\/wordpress\/wp-json\/wp\/v2\/users\/4"}],"replies":[{"embeddable":true,"href":"https:\/\/www.radiopiu.net\/wordpress\/wp-json\/wp\/v2\/comments?post=249801"}],"version-history":[{"count":0,"href":"https:\/\/www.radiopiu.net\/wordpress\/wp-json\/wp\/v2\/posts\/249801\/revisions"}],"wp:featuredmedia":[{"embeddable":true,"href":"https:\/\/www.radiopiu.net\/wordpress\/wp-json\/wp\/v2\/media\/193540"}],"wp:attachment":[{"href":"https:\/\/www.radiopiu.net\/wordpress\/wp-json\/wp\/v2\/media?parent=249801"}],"wp:term":[{"taxonomy":"category","embeddable":true,"href":"https:\/\/www.radiopiu.net\/wordpress\/wp-json\/wp\/v2\/categories?post=249801"},{"taxonomy":"post_tag","embeddable":true,"href":"https:\/\/www.radiopiu.net\/wordpress\/wp-json\/wp\/v2\/tags?post=249801"}],"curies":[{"name":"wp","href":"https:\/\/api.w.org\/{rel}","templated":true}]}}