{"id":249875,"date":"2021-12-22T18:26:00","date_gmt":"2021-12-22T17:26:00","guid":{"rendered":"https:\/\/www.radiopiu.net\/wordpress\/?p=249875"},"modified":"2021-12-22T18:26:00","modified_gmt":"2021-12-22T17:26:00","slug":"galleria-comelico-a-breve-il-tavolo-tecnico-per-concordare-tempi-e-modalita-di-chiusura","status":"publish","type":"post","link":"https:\/\/www.radiopiu.net\/wordpress\/galleria-comelico-a-breve-il-tavolo-tecnico-per-concordare-tempi-e-modalita-di-chiusura\/","title":{"rendered":"GALLERIA COMELICO, A BREVE IL TAVOLO TECNICO PER CONCORDARE TEMPI E MODALITA&#8217; DI CHIUSURA"},"content":{"rendered":"<blockquote>\n<h3>\u00abSono vicino alle amministrazioni del Comelico. Il gioco di squadra tra sindaci e Provincia \u00e8 chiamato a scongiurare questo rischio\u00bb.<\/h3>\n<\/blockquote>\n<p><strong><a href=\"https:\/\/www.radiopiu.net\/wordpress\/il-nuovo-step-della-fase-2-ci-veda-propositivi-e-uniti-la-provincia-puo-fare-da-collettore-di-tutte-le-esigenze-e-le-idee-che-emergono-dal-nostro-territorio\/padrin-64\/\" rel=\"attachment wp-att-138417\"><img loading=\"lazy\" decoding=\"async\" class=\"size-medium wp-image-138417 alignleft\" src=\"https:\/\/www.radiopiu.net\/wordpress\/wp-content\/uploads\/2020\/05\/PADRIN-1-300x225.jpg\" alt=\"\" width=\"300\" height=\"225\" srcset=\"https:\/\/www.radiopiu.net\/wordpress\/wp-content\/uploads\/2020\/05\/PADRIN-1-300x225.jpg 300w, https:\/\/www.radiopiu.net\/wordpress\/wp-content\/uploads\/2020\/05\/PADRIN-1-1024x768.jpg 1024w, https:\/\/www.radiopiu.net\/wordpress\/wp-content\/uploads\/2020\/05\/PADRIN-1-768x576.jpg 768w, https:\/\/www.radiopiu.net\/wordpress\/wp-content\/uploads\/2020\/05\/PADRIN-1-1536x1152.jpg 1536w, https:\/\/www.radiopiu.net\/wordpress\/wp-content\/uploads\/2020\/05\/PADRIN-1-2048x1536.jpg 2048w\" sizes=\"auto, (max-width: 300px) 100vw, 300px\" \/><\/a>BELLUNO\u00a0<\/strong> <em>\u00abLa preoccupazione \u00e8 forte: non possiamo permetterci di tenere isolato il Comelico per un periodo prolungato. Auspico una soluzione il pi\u00f9 possibile indolore\u00bb.<\/em> \u00c8 quanto afferma il presidente della Provincia di Belluno Roberto Padrin a margine dell\u2019incontro tra sindaci e Anas avvenuto questa mattina in Prefettura. Sul tavolo, la questione dei lavori alla galleria Comelico in partenza in primavera.<br \/>\n\u00abLa messa in sicurezza del tunnel rimane la priorit\u00e0. Ma subito dopo c\u2019\u00e8 la questione della viabilit\u00e0 di collegamento con il Comelico\u00bb afferma il presidente Padrin. \u00abEsclusa la chiusura della galleria per un anno e mezzo, vanno limitati al massimo i disagi per i residenti, per le attivit\u00e0 economiche e produttive, per gli studenti delle scuole. In tal senso, il tavolo tecnico delle prossime settimane avr\u00e0 un compito fondamentale\u00bb. Dalla riunione in Prefettura infatti \u00e8 stata condivisa la convocazione di un tavolo sindaci-Anas, proprio per discutere delle modalit\u00e0 e dei tempi di chiusura della galleria, insieme alla viabilit\u00e0 alternativa.<br \/>\n\u00abLa soluzione della seconda canna va valutata, ma i tempi di realizzazione sembrano non collimare con le esigenze della messa in sicurezza dell\u2019attuale tunnel\u00bb sottolinea il presidente Padrin. \u00abDa valutare anche il recupero della vecchia strada \u201cdella Val\u201d, ma anche in questo caso, autorizzazioni e competenze che richiedono tempi ampi; in ogni caso, si tratta di una strada da mettere in sicurezza per avere comunque un\u2019alternativa\u00bb.<\/p>\n","protected":false},"excerpt":{"rendered":"<p>\u00abSono vicino alle amministrazioni del Comelico. Il gioco di squadra tra sindaci e Provincia \u00e8 chiamato a scongiurare questo rischio\u00bb. BELLUNO\u00a0 \u00abLa preoccupazione \u00e8 forte: non possiamo permetterci di tenere isolato il Comelico per un periodo prolungato. Auspico una soluzione il pi\u00f9 possibile indolore\u00bb. \u00c8 quanto afferma il presidente della Provincia di Belluno Roberto Padrin&hellip;<\/p>\n","protected":false},"author":4,"featured_media":138417,"comment_status":"closed","ping_status":"open","sticky":false,"template":"","format":"standard","meta":{"_monsterinsights_skip_tracking":false,"_monsterinsights_sitenote_active":false,"_monsterinsights_sitenote_note":"","_monsterinsights_sitenote_category":0,"footnotes":""},"categories":[104,49],"tags":[],"class_list":["post-249875","post","type-post","status-publish","format-standard","has-post-thumbnail","hentry","category-evidenza_3","category-news-18","category-104","category-49","description-off"],"img_url":"https:\/\/www.radiopiu.net\/wordpress\/wp-content\/uploads\/2020\/05\/PADRIN-1-scaled.jpg","_links":{"self":[{"href":"https:\/\/www.radiopiu.net\/wordpress\/wp-json\/wp\/v2\/posts\/249875","targetHints":{"allow":["GET"]}}],"collection":[{"href":"https:\/\/www.radiopiu.net\/wordpress\/wp-json\/wp\/v2\/posts"}],"about":[{"href":"https:\/\/www.radiopiu.net\/wordpress\/wp-json\/wp\/v2\/types\/post"}],"author":[{"embeddable":true,"href":"https:\/\/www.radiopiu.net\/wordpress\/wp-json\/wp\/v2\/users\/4"}],"replies":[{"embeddable":true,"href":"https:\/\/www.radiopiu.net\/wordpress\/wp-json\/wp\/v2\/comments?post=249875"}],"version-history":[{"count":0,"href":"https:\/\/www.radiopiu.net\/wordpress\/wp-json\/wp\/v2\/posts\/249875\/revisions"}],"wp:featuredmedia":[{"embeddable":true,"href":"https:\/\/www.radiopiu.net\/wordpress\/wp-json\/wp\/v2\/media\/138417"}],"wp:attachment":[{"href":"https:\/\/www.radiopiu.net\/wordpress\/wp-json\/wp\/v2\/media?parent=249875"}],"wp:term":[{"taxonomy":"category","embeddable":true,"href":"https:\/\/www.radiopiu.net\/wordpress\/wp-json\/wp\/v2\/categories?post=249875"},{"taxonomy":"post_tag","embeddable":true,"href":"https:\/\/www.radiopiu.net\/wordpress\/wp-json\/wp\/v2\/tags?post=249875"}],"curies":[{"name":"wp","href":"https:\/\/api.w.org\/{rel}","templated":true}]}}