{"id":249896,"date":"2021-12-24T05:45:24","date_gmt":"2021-12-24T04:45:24","guid":{"rendered":"https:\/\/www.radiopiu.net\/wordpress\/?p=249896"},"modified":"2021-12-24T09:19:06","modified_gmt":"2021-12-24T08:19:06","slug":"giornale-radiopiu-24-dicembre-2021-direttore-mirko-mezzacasa","status":"publish","type":"post","link":"https:\/\/www.radiopiu.net\/wordpress\/giornale-radiopiu-24-dicembre-2021-direttore-mirko-mezzacasa\/","title":{"rendered":"GIORNALE RADIOPIU 24 DICEMBRE 2021 DIRETTORE MIRKO MEZZACASA"},"content":{"rendered":"<h3 class=\"kvgmc6g5 cxmmr5t8 oygrvhab hcukyx3x c1et5uql\"><span style=\"color: #0000ff;\"><strong>INFORMAZIONE il canale su TELEGRAM informazione di prima mano e in tempo reale. iscriviti ed aiutaci a farlo conoscere\u00a0 \u00a0\u00a0<\/strong><\/span><\/h3>\n<p>&nbsp;<\/p>\n<blockquote><p><em>Anche quest&#8217;anno facciamo gli auguri ad un &#8220;emigrante&#8221; bellunese&#8230;con il suo biglietto di auguri esteso a tutti gli amici della radio pi\u00f9, del sito internet, dei nostri canali social. Con un abbraccio a PierAldo Vignazia per tutti noi &#8220;vip&#8221;, il vignettista che per anni ci ha fatto sorridere con le due vignette pubblicate sui quotidiani, ma indimenticabile per noi rimane la collaborazione prestata al giornale AGORDINO PIU&#8217; NOTIZIE il mensile che per 10 anni ha raccontato le cronache della vallata. Auguri Vip! Auguri a tutti voi, che sia un Natale Sereno e d&#8217;amore\u00a0<\/em><br \/>\n<a href=\"https:\/\/www.radiopiu.net\/wordpress\/giornale-radiopiu-24-dicembre-2021-direttore-mirko-mezzacasa\/c2fce20d-a274-4ae1-bc14-278414ec40e9\/\" rel=\"attachment wp-att-250116\"><img loading=\"lazy\" decoding=\"async\" class=\"size-medium wp-image-250116 aligncenter\" src=\"https:\/\/www.radiopiu.net\/wordpress\/wp-content\/uploads\/2021\/12\/c2fce20d-a274-4ae1-bc14-278414ec40e9-300x277.jpg\" alt=\"\" width=\"300\" height=\"277\" srcset=\"https:\/\/www.radiopiu.net\/wordpress\/wp-content\/uploads\/2021\/12\/c2fce20d-a274-4ae1-bc14-278414ec40e9-300x277.jpg 300w, https:\/\/www.radiopiu.net\/wordpress\/wp-content\/uploads\/2021\/12\/c2fce20d-a274-4ae1-bc14-278414ec40e9-1024x946.jpg 1024w, https:\/\/www.radiopiu.net\/wordpress\/wp-content\/uploads\/2021\/12\/c2fce20d-a274-4ae1-bc14-278414ec40e9-768x710.jpg 768w, https:\/\/www.radiopiu.net\/wordpress\/wp-content\/uploads\/2021\/12\/c2fce20d-a274-4ae1-bc14-278414ec40e9.jpg 1280w\" sizes=\"auto, (max-width: 300px) 100vw, 300px\" \/><\/a><\/p><\/blockquote>\n<p>&nbsp;<\/p>\n<h3>Blackfin celebra il Natale con il video della Fondazione Andrea Bocelli<\/h3>\n<p>Quest\u2019anno vogliamo augurarvi liete festivit\u00e0 condividendo con voi il video girato dal Maestro Andrea Bocelli in collaborazione con i piccoli studenti della scuola primaria e dell\u2019infanzia \u201cE. De Amicis\u201d di Muccia. Il video ripercorre il viaggio lungo dieci anni della Fondazione Andrea Bocelli che si occupa di aiutare il prossimo attraverso molteplici progetti e interventi in tutto il mondo.<\/p>\n<p><iframe loading=\"lazy\" title=\"&quot;Christmas at ABF: Christmas of hope and opportunity\u201d\" width=\"1200\" height=\"675\" src=\"https:\/\/www.youtube.com\/embed\/FhfrSK_ipbc?feature=oembed\" frameborder=\"0\" allow=\"accelerometer; autoplay; clipboard-write; encrypted-media; gyroscope; picture-in-picture\" allowfullscreen><\/iframe><\/p>\n<p>&nbsp;<\/p>\n<hr \/>\n<blockquote>\n<h3>GLI AUGURI DEL PRESIDENTE DELLA PROVINCIA ROBERTO PADRIN<\/h3>\n<\/blockquote>\n<div style=\"width: 848px;\" class=\"wp-video\"><video class=\"wp-video-shortcode\" id=\"video-249896-1\" width=\"848\" height=\"480\" preload=\"metadata\" controls=\"controls\"><source type=\"video\/mp4\" src=\"https:\/\/www.radiopiu.net\/wordpress\/wp-content\/uploads\/2021\/12\/WhatsApp-Video-2021-12-23-at-15.13.54.mp4?_=1\" \/><a href=\"https:\/\/www.radiopiu.net\/wordpress\/wp-content\/uploads\/2021\/12\/WhatsApp-Video-2021-12-23-at-15.13.54.mp4\">https:\/\/www.radiopiu.net\/wordpress\/wp-content\/uploads\/2021\/12\/WhatsApp-Video-2021-12-23-at-15.13.54.mp4<\/a><\/video><\/div>\n<p>&nbsp;<\/p>\n<hr \/>\n<p>&nbsp;<\/p>\n<blockquote>\n<h3>A META&#8217; GENNAIO VENETO IN ARANCIONE<\/h3>\n<\/blockquote>\n<div id=\"article-body\" class=\"entry_content\">\n<div id=\"article-body\" class=\"entry_content\">\n<p><img loading=\"lazy\" decoding=\"async\" class=\"alignleft\" src=\"https:\/\/www.radiopiu.net\/wordpress\/wp-content\/uploads\/2021\/03\/427165_2-300x300.jpg\" width=\"167\" height=\"167\" \/>Il Veneto non \u00e8 lontano dalla zona arancione, i numeri dei contagi sono in continua crescita, anche oggi oltre 5000. I modelli indicano una probabilit\u00e0 di sforare i parametri (incidenza e occupazione ospedaliera) entro met\u00e0 gennaio. Ma non ci saranno restrizioni sugli impianti sciistici, lo assicura la Regione che sta lavorando su un&#8217;ordinanza salva stagione. L\u2019occupazione ospedaliera dei pazienti Covid \u00e8 del 16% di posti letto nelle terapie intensive e del 17% nelle aree mediche. <em>\u00c8 verosimile che in terapia intensiva in una settimana, 10 giorni al massimo &#8211; lo ha detto Zaia &#8211;\u00a0 si vada al 20% e cos\u00ec resteremo appesi all\u2019area medica per scongiurare il passaggio alla fascia arancione\u00bb.<\/em><\/p>\n<p>&nbsp;<\/p>\n<p>&nbsp;<\/p>\n<blockquote>\n<h3><a href=\"https:\/\/www.radiopiu.net\/wordpress\/anef-veneto-rinnova-il-consiglio-direttivo-il-nuovo-presidente-e-marco-grigoletto-a-d-di-sofma-spa-di-arabba\/foto_marco_grigoletto01\/\" rel=\"attachment wp-att-241599\"><img loading=\"lazy\" decoding=\"async\" class=\"wp-image-241599 alignleft\" src=\"https:\/\/www.radiopiu.net\/wordpress\/wp-content\/uploads\/2021\/11\/foto_Marco_Grigoletto01-300x200.jpg\" alt=\"\" width=\"197\" height=\"131\" srcset=\"https:\/\/www.radiopiu.net\/wordpress\/wp-content\/uploads\/2021\/11\/foto_Marco_Grigoletto01-300x200.jpg 300w, https:\/\/www.radiopiu.net\/wordpress\/wp-content\/uploads\/2021\/11\/foto_Marco_Grigoletto01-1024x681.jpg 1024w, https:\/\/www.radiopiu.net\/wordpress\/wp-content\/uploads\/2021\/11\/foto_Marco_Grigoletto01-768x511.jpg 768w, https:\/\/www.radiopiu.net\/wordpress\/wp-content\/uploads\/2021\/11\/foto_Marco_Grigoletto01-1536x1021.jpg 1536w, https:\/\/www.radiopiu.net\/wordpress\/wp-content\/uploads\/2021\/11\/foto_Marco_Grigoletto01.jpg 1600w\" sizes=\"auto, (max-width: 197px) 100vw, 197px\" \/><\/a>LA STAGIONE DELLO SCI, MARCO GRIGOLETTO FIDUCIOSO TRA GRANDE ATTENZIONE. INTANTO ARRIVANO I RISTORI<\/h3>\n<h3><strong style=\"font-size: 14px;\">di\u00a0 MORENO GIOLI<\/strong><\/h3>\n<\/blockquote>\n<audio class=\"wp-audio-shortcode\" id=\"audio-249896-1\" preload=\"none\" style=\"width: 100%;\" controls=\"controls\"><source type=\"audio\/mpeg\" src=\"https:\/\/www.radiopiu.net\/wordpress\/wp-content\/uploads\/2021\/12\/gioli-1.mp3?_=1\" \/><a href=\"https:\/\/www.radiopiu.net\/wordpress\/wp-content\/uploads\/2021\/12\/gioli-1.mp3\">https:\/\/www.radiopiu.net\/wordpress\/wp-content\/uploads\/2021\/12\/gioli-1.mp3<\/a><\/audio>\n<p>&nbsp;<\/p>\n<p><em>\u00a0<\/em><\/p>\n<\/div>\n<\/div>\n<p>&nbsp;<\/p>\n<hr \/>\n<div class=\"page-title-head hgroup\">\n<blockquote>\n<h3 class=\"entry-title\">AZZERATI I POSITIVI A VOLTAGO 23 AD AGORDO 16 LA VALLE<\/h3>\n<\/blockquote>\n<p><strong><span style=\"color: #ff0000;\">AGGIORNAMENTO COVID\u00a0 DAI COMUNI AGORDINI<\/span><\/strong>\u00a0<strong>LIVINALLONGO<\/strong> 50 positivi 41 in quarantena <strong>FALCADE<\/strong> 1 positivo 2 in quarantena,\u00a0 <strong>VOLTAGO<\/strong> 0 positivi 2\u00a0 in quarantena, <strong>ROCCA PIETORE<\/strong> 17 postiivi 8 in quaratena <strong>GOSALDO<\/strong> 5 positivi 1 in quarantena <strong>ALLEGHE<\/strong> 8 positivi 10 in quarantena \u00a0<strong>CENCENIGHE<\/strong> 7 positivi 5 in quarantena <strong>CANALE D&#8217;AGORDO<\/strong> 5 positivi <strong>TAIBON<\/strong> 14 positivi 20 isolamento <strong>LA VALLE<\/strong> 16 \u00a0 positivi 7 in quarantena <strong>AGORDO<\/strong> 23 positivi 23 in quarantena\u00a0 <strong>SELVA DI CADORE<\/strong> 2 positivi <strong>SAN TOMASO<\/strong> 3 positivi 3 quarantena\u00a0 <strong>RIVAMONTE<\/strong> 2 positivi 5 in quarantena <strong>COLLE SANTA LUCIA<\/strong> 3 positivi<strong> VALLADA <\/strong>3 positivi 5 in quarantena<\/p>\n<\/div>\n<p>&nbsp;<\/p>\n<p>&nbsp;<\/p>\n<hr \/>\n<p>&nbsp;<\/p>\n<blockquote>\n<h3>COVID, DECEDUTA UNA DONNA DI 62 ANNI<\/h3>\n<\/blockquote>\n<p><strong><img loading=\"lazy\" decoding=\"async\" class=\"alignleft\" src=\"https:\/\/www.radiopiu.net\/wordpress\/wp-content\/uploads\/2020\/06\/dc8d9e01-0412-48a8-91b1-c64ba92a8187.jpg\" width=\"140\" height=\"70\" \/>BELLUNO<\/strong> La Ulss1 Dolomiti chiude la giornata segnalando il decesso di\u00a0 una paziente covid positiva di 62 anni ricoverata a in Terapia Intensiva a Belluno<br \/>\nATTUALI POSITIVI 1339 Persone in isolamento\/quarantena 2517 Sono attualmente ricoverati: 4 pazienti in terapia intensiva (2 Feltre, 2 Belluno) 23 paziente in area non critica (17 a Belluno 6 a Feltre), 10 i pazienti all&#8217;ospedale di Comunit\u00e0 di Feltre.<\/p>\n<p>&nbsp;<\/p>\n<p>&nbsp;<\/p>\n<hr \/>\n<p>&nbsp;<\/p>\n<blockquote>\n<h3>CROCE VERDE VAL BIOIS, A SINGHIOZZO FINO AL 31 DICEMBRE<\/h3>\n<\/blockquote>\n<p><strong><img loading=\"lazy\" decoding=\"async\" class=\"alignleft\" src=\"https:\/\/www.radiopiu.net\/wordpress\/wp-content\/uploads\/2020\/06\/download-36.jpg\" width=\"205\" height=\"112\" \/> <\/strong><\/p>\n<p><strong>\u00a0<\/strong><strong>FALCADE<\/strong> Giorni e orari in cui l&#8217;emergenza della Croce Verde Val Biois non \u00e8 garantita: OGGI dalle ore 6:00 alle ore 20:00; LUNEDI&#8217; 27 DICEMBRE 2021 dalle ore 20:00 alle ore 6 di MARTEDI&#8217; 28 DICEMBRE 2021<\/p>\n<p>&nbsp;<\/p>\n<p>&nbsp;<\/p>\n<p>&nbsp;<\/p>\n<p>&nbsp;<\/p>\n<hr \/>\n<p>&nbsp;<\/p>\n<blockquote>\n<h3>RIAPERTA LA 52 CARNICA E LA 51 A DOMEGGE<\/h3>\n<\/blockquote>\n<p><img decoding=\"async\" class=\"alignleft\" src=\"https:\/\/www.radiopiu.net\/wordpress\/wp-content\/uploads\/2021\/12\/image001.png\" \/> \u00e8 riaperto al traffico, in modalit\u00e0 provvisoria di cantiere il tratto della\u00a0strada statale 52 \u201cCarnica\u201d in \u00a0Comune di Santo Stefano di Cadore<\/p>\n<p>Nell\u2019ambito dei lavori di prolungamento del percorso ciclopedonale riaperta al traffico \u2013 in modalit\u00e0 di cantiere \u2013 la strada statale 51 \u201cdi Alemagna\u201d in Comune di Domegge di Cadore.<\/p>\n<p>&nbsp;<\/p>\n<p>&nbsp;<\/p>\n<p>&nbsp;<\/p>\n<p>&nbsp;<\/p>\n<hr \/>\n<p>&nbsp;<\/p>\n<blockquote>\n<h3>LA POLIZIA LOCALE SCORTA LA MAMMA VERSO L&#8217;OSPEDALE<\/h3>\n<\/blockquote>\n<div class=\"articlePlainSubHead\"><strong>BELLUNO<\/strong> La Polizia locale di ieri mattina alle 10.30 ha dato un contributo concreto ad una donna che ha dovuto raggiungere con urgenza l&#8217;ospedale San Martino per partorire.\u00a0 Pattuglia a sirene spiegate, lungo viale Fantuzzi. La coppia di futuri genitori era in coda, in attesa che scattasse il verde del semaforo e ha invocato l&#8217;intervento della prima pattuglia disponibile, per poter avere strada<\/div>\n<div><\/div>\n<div><\/div>\n<blockquote>\n<div><\/div>\n<\/blockquote>\n<div><\/div>\n<div>\n<hr \/>\n<\/div>\n<h3><\/h3>\n<blockquote>\n<h3><\/h3>\n<\/blockquote>\n<h3><\/h3>\n<h3>IERI L&#8217;ULTIMO SALUTO A DEBORA COLLE<\/h3>\n<div><strong><a href=\"https:\/\/www.radiopiu.net\/wordpress\/giornale-radiopiu-24-dicembre-2021-direttore-mirko-mezzacasa\/b78b43f1-8c8e-4a3f-9c03-20e9e5e06668\/\" rel=\"attachment wp-att-250110\"><img loading=\"lazy\" decoding=\"async\" class=\"wp-image-250110 alignleft\" src=\"https:\/\/www.radiopiu.net\/wordpress\/wp-content\/uploads\/2021\/12\/b78b43f1-8c8e-4a3f-9c03-20e9e5e06668-300x169.jpg\" alt=\"\" width=\"206\" height=\"116\" srcset=\"https:\/\/www.radiopiu.net\/wordpress\/wp-content\/uploads\/2021\/12\/b78b43f1-8c8e-4a3f-9c03-20e9e5e06668-300x169.jpg 300w, https:\/\/www.radiopiu.net\/wordpress\/wp-content\/uploads\/2021\/12\/b78b43f1-8c8e-4a3f-9c03-20e9e5e06668-1024x576.jpg 1024w, https:\/\/www.radiopiu.net\/wordpress\/wp-content\/uploads\/2021\/12\/b78b43f1-8c8e-4a3f-9c03-20e9e5e06668-768x432.jpg 768w, https:\/\/www.radiopiu.net\/wordpress\/wp-content\/uploads\/2021\/12\/b78b43f1-8c8e-4a3f-9c03-20e9e5e06668-1536x864.jpg 1536w, https:\/\/www.radiopiu.net\/wordpress\/wp-content\/uploads\/2021\/12\/b78b43f1-8c8e-4a3f-9c03-20e9e5e06668.jpg 1920w\" sizes=\"auto, (max-width: 206px) 100vw, 206px\" \/><\/a>SANTA GIUSTINA\u00a0<\/strong> Con mamma Marina, pap\u00e0 Ezio e la sorella Serena erano in tanti che ieri mattina per porgere l&#8217;ultimo saluto alla ventinovenne di Santa Giustina, deceduta insieme all&#8217;amico Adriano Corona, che si trovava alla guida dell&#8217;auto. Don Gianni: <em>\u00abSiamo sicuri che tutto il bene che Debora ha fatto rimane. La <a href=\"https:\/\/www.radiopiu.net\/wordpress\/lultimo-saluto-a-debora-in-giornata-il-nulla-osta-dalla-magistratura\/6380946_13142109_debora_colle_adriano_corona\/\" rel=\"attachment wp-att-248439\"><img loading=\"lazy\" decoding=\"async\" class=\"size-medium wp-image-248439 alignright\" src=\"https:\/\/www.radiopiu.net\/wordpress\/wp-content\/uploads\/2021\/12\/6380946_13142109_debora_colle_adriano_corona-300x164.jpg\" alt=\"\" width=\"300\" height=\"164\" srcset=\"https:\/\/www.radiopiu.net\/wordpress\/wp-content\/uploads\/2021\/12\/6380946_13142109_debora_colle_adriano_corona-300x164.jpg 300w, https:\/\/www.radiopiu.net\/wordpress\/wp-content\/uploads\/2021\/12\/6380946_13142109_debora_colle_adriano_corona-1024x561.jpg 1024w, https:\/\/www.radiopiu.net\/wordpress\/wp-content\/uploads\/2021\/12\/6380946_13142109_debora_colle_adriano_corona-768x421.jpg 768w, https:\/\/www.radiopiu.net\/wordpress\/wp-content\/uploads\/2021\/12\/6380946_13142109_debora_colle_adriano_corona.jpg 1280w\" sizes=\"auto, (max-width: 300px) 100vw, 300px\" \/><\/a>ricordiamo qui per il bene che ci ha fatto e le diciamo grazie. Tutto il resto cade, una morte incomprensibile agli occhi umani come quella di Ges\u00f9. Debora era nella sua giovinezza, con la voglia di vivere, in un&#8217;et\u00e0 nella quale si cerca di capire e di capirsi, di provare a dare il meglio di s\u00e9, anche se non sempre ci si riesce. Succede a tutti<\/em>. <em>La morte improvvisa di Debora ci ricorda il vero senso della via: \u00abIl vangelo ci dice di tenersi pronti perch\u00e9 il figlio dell&#8217;uomo verr\u00e0 nell&#8217;ora non pensata\u00bb\u00a0<\/em><\/div>\n<div><\/div>\n<div><\/div>\n<div><\/div>\n<div><\/div>\n<div><\/div>\n<div><\/div>\n<hr \/>\n<p>&nbsp;<\/p>\n<p>&nbsp;<\/p>\n<h1>PAPA LUCIANI BEATO, DOMENICA 4 SETTEMBRE LA PROCLAMAZIONE<\/h1>\n<header class=\"entry-header\">\n<h1 class=\"entry-title-post\">Habemus diem<\/h1>\n<h2 class=\"seed_wp_starter_so_sottotitolo\"><img loading=\"lazy\" decoding=\"async\" class=\"alignleft\" src=\"https:\/\/www.radiopiu.net\/wordpress\/wp-content\/uploads\/2021\/12\/449a-e1629811955471-800x662-1.jpg\" width=\"201\" height=\"166\" \/>Domenica 4 settembre 2022 a San Pietro in Roma papa Francesco proclamer\u00e0 beato papa Giovanni Paolo I<\/h2>\n<\/header>\n<div class=\"entry-content-post\">\n<p>Ha il sapore dei pranzi delle feste, traspira il clima festoso di casa e giunge come lieta notizia la chiamata telefonica del Prefetto delle cause dei Santi, il cardinale Marcello Semeraro. Le parole sono immediate e allargano il cuore:\u00a0<em>\u00abCaro vescovo Renato, ho pensato di chiamare per telefono e dire subito a voce quanto dovrei fare per lettera che non so quando arriver\u00e0 in questi giorni di festa. Mi \u00e8 stata comunicata la data in cui Papa Francesco a San Pietro in Roma proclamer\u00e0 beato Papa Giovanni Paolo I:\u00a0<strong>sar\u00e0 domenica 4 settembre 2022<\/strong>\u00bb<\/em>.<\/p>\n<p>S\u00ec, era attesa questa notizia! Qualcuno anche la immaginava. Ora \u00e8 \u201cufficiale\u201d. Siamo grati del dono che ci viene cos\u00ec confermato. \u00c8 una sorta di \u201cevento natalizio\u201d da preparare, attendere e accogliere. Vorrei evidenziare questa dimensione del dono di cui stupirci e di cui essere grati a Dio, che \u00e8 come una madre premurosa per i suoi figli, ma anche riconoscenti a uomini, donne, famiglie e comunit\u00e0 che intessono la vita e il ministero del nostro don Albino Luciani. La sua santit\u00e0 di vita \u00e8 un frutto maturato con l\u2019apporto divino e umano al plurale.<\/p>\n<p><strong>il vescovo\u00a0 Renato Marangoni<\/strong><\/p>\n<\/div>\n<p>&nbsp;<\/p>\n<p>&nbsp;<\/p>\n<p>&nbsp;<\/p>\n<hr \/>\n<blockquote>\n<h3 class=\"entry-title\"><\/h3>\n<p>&nbsp;<\/p>\n<h3 class=\"entry-title\">DOLOMITIBUS: NON UNA CORSA FESTIVA PER L\u2019AGORDINO MA UNO SPOSTAMENTO DA \u201cFUORI\u201d SERVIZIO<\/h3>\n<\/blockquote>\n<p><strong><a href=\"https:\/\/www.radiopiu.net\/wordpress\/dolomitibus-non-una-corsa-festiva-per-lagordino-ma-uno-spostamento-da-fuori-servizio\/9b6fc850-3c0d-4536-8d85-090077b6c8fc\/\" rel=\"attachment wp-att-249965\"><img loading=\"lazy\" decoding=\"async\" class=\" wp-image-249965 alignleft\" src=\"https:\/\/www.radiopiu.net\/wordpress\/wp-content\/uploads\/2021\/12\/9b6fc850-3c0d-4536-8d85-090077b6c8fc-222x300.jpg\" sizes=\"auto, (max-width: 180px) 100vw, 180px\" srcset=\"https:\/\/www.radiopiu.net\/wordpress\/wp-content\/uploads\/2021\/12\/9b6fc850-3c0d-4536-8d85-090077b6c8fc-222x300.jpg 222w, https:\/\/www.radiopiu.net\/wordpress\/wp-content\/uploads\/2021\/12\/9b6fc850-3c0d-4536-8d85-090077b6c8fc.jpg 593w\" alt=\"\" width=\"180\" height=\"243\" \/><\/a>ALLEGHE<\/strong>\u00a0In questi giorni \u00e8 stata messa in luce una problematica legata al trasporto pubblico locale, la mancanza di un servizio nei giorni festivi per valligiani e turisti diretti verso lo localit\u00e0\u00a0 della vallata. Alessandro, ad una fermata della Dolomitibus\u00a0 fa comunque notare che la tabella segnala le corse festive e sono ancora molte le persone che non hanno accesso o non accedono alla tecnologia internet, pertanto quanto scritto in tabella dovrebbe sempre fare testo o almeno visto che l\u2019annuncio \u00e8 pubblico lo si presume.\u00a0 In clima natalizio-costruttivo Alessandro ha segnalato l\u2019incongruenza alla Dolomitibus onde evitare incomprensioni con l\u2019utenza. Da Via Col da Ren L\u2019azienda del trasporto pubblico risponde che\u00a0<em>\u201cl\u2019orario delle 17:53,\u00a0 segnato sulla tabella oraria \u00e8 privo di dicitura descrittiva ed identifica una corsa \u201cfuori servizio\u201d. Gli orari ufficiali ed in vigore di transito alle varie fermate sono pubblicati esclusivamente sul sito ufficiale Dolomiti Bus; nelle tabelle oraria affisse alle paline, transitano solo le corse con sigla descrittiva\u201d.\u00a0<\/em>Spiegazione chiara ma che ancora una volta si scontra con il buon senso, e qui la penna di Alessandro propone il suggerimento migliore\u00a0<em>\u201cindicare un orario per una corsa \u201cfuori servizio\u201d senza alcuna dicitura potrebbe causare confusione (oltretutto mi sfugge l\u2019utilit\u00e0 per l\u2019utenza); almeno dovrebbe essere apposta dicitura esplicita \u201cfuori servizio\u201d. Consiglio di valutare di apporre qrcode alle tabelle sulle paline con rimando al link diretto all\u2019orario per facilitarne la consultazione\u201d<\/em><\/p>\n<p>&nbsp;<\/p>\n<p>&nbsp;<\/p>\n<p>&nbsp;<\/p>\n<p>&nbsp;<\/p>\n<p>&nbsp;<\/p>\n<p>&nbsp;<\/p>\n<p>&nbsp;<\/p>\n<hr \/>\n<p>&nbsp;<\/p>\n<blockquote>\n<h3>RICCARDO A RADIO PIU&#8217;&#8230; ASPETTANDO LA NUOVA AUTO<\/h3>\n<\/blockquote>\n<p><strong>VIDEO\u00a0<\/strong><\/p>\n<p>&nbsp;<\/p>\n<p><a href=\"https:\/\/www.facebook.com\/mirko.mezzacasa\/videos\/5455830807765319\">https:\/\/www.facebook.com\/mirko.mezzacasa\/videos\/5455830807765319<\/a><\/p>\n<div class=\"page-title-head hgroup\">\n<blockquote>\n<h3 class=\"entry-title\">A FEBBRAIO LA CONSEGNA DELL\u2019AUTO ALLA FAMIGLIA DI RICCARDO TEGNER<\/h3>\n<\/blockquote>\n<\/div>\n<div class=\"page-title-breadcrumbs\"><strong><a href=\"https:\/\/www.radiopiu.net\/wordpress\/a-febbraio-la-consegna-dellauto-alla-famiglia-di-riccardo-tegner\/1626451699105964-locandina-riccardo-5\/\" rel=\"attachment wp-att-248980\"><img loading=\"lazy\" decoding=\"async\" class=\"size-medium wp-image-248980 alignleft\" src=\"https:\/\/www.radiopiu.net\/wordpress\/wp-content\/uploads\/2021\/12\/1626451699105964-locandina-riccardo-300x169.jpg\" alt=\"\" width=\"300\" height=\"169\" srcset=\"https:\/\/www.radiopiu.net\/wordpress\/wp-content\/uploads\/2021\/12\/1626451699105964-locandina-riccardo-300x169.jpg 300w, https:\/\/www.radiopiu.net\/wordpress\/wp-content\/uploads\/2021\/12\/1626451699105964-locandina-riccardo-768x432.jpg 768w, https:\/\/www.radiopiu.net\/wordpress\/wp-content\/uploads\/2021\/12\/1626451699105964-locandina-riccardo.jpg 800w\" sizes=\"auto, (max-width: 300px) 100vw, 300px\" \/><\/a>SOSPIROLO<\/strong> Mancano due mesi e la macchina sar\u00e0 consegnata. \u00c8 prevista per il mese di febbraio 2022 la consegna della nuova vettura alla famiglia di Riccardo Tegner, il ragazzo di Sospirolo costretto a stare sulla sedia a rotelle a causa della distrofia muscolare di Duchenne, di cui \u00e8 affetto dalla nascita. Dopo la raccolta fondi dei mesi scorsi, si avvicina sempre di pi\u00f9 il momento tanto atteso dalla famiglia di Riccardo. Un veicolo che si \u00e8 fatto aspettare pi\u00f9 del dovuto, ordinato nel mese di luglio e in consegna a febbraio. Una consegna che arriva per\u00f2 nel momento giusto, quando le temperature inizieranno ad alzarsi e i genitori potranno sfruttare al massimo il mezzo per portare a spasso Riccardo. Una spesa di 35 mila euro che alla fine \u00e8 stata coperta completamente anche grazie alle tante donazioni arrivate tramite la piattaforma Eppella e ai contributi raccolti e donati direttamente a pap\u00e0 Agostino e mamma Ana Maria.<\/div>\n<p>&nbsp;<\/p>\n<p>&nbsp;<\/p>\n<p>&nbsp;<\/p>\n<p>&nbsp;<\/p>\n<p>&nbsp;<\/p>\n<hr \/>\n<p>&nbsp;<\/p>\n<blockquote>\n<h3><strong><a href=\"https:\/\/www.radiopiu.net\/wordpress\/giornale-radiopiu-24-dicembre-2021-direttore-mirko-mezzacasa\/assemblea-gsp-23-12-2021-1\/\" rel=\"attachment wp-att-250098\"><img loading=\"lazy\" decoding=\"async\" class=\" wp-image-250098 alignleft\" src=\"https:\/\/www.radiopiu.net\/wordpress\/wp-content\/uploads\/2021\/12\/assemblea-Gsp-23.12.2021-1-300x142.jpg\" alt=\"\" width=\"201\" height=\"95\" srcset=\"https:\/\/www.radiopiu.net\/wordpress\/wp-content\/uploads\/2021\/12\/assemblea-Gsp-23.12.2021-1-300x142.jpg 300w, https:\/\/www.radiopiu.net\/wordpress\/wp-content\/uploads\/2021\/12\/assemblea-Gsp-23.12.2021-1-1024x484.jpg 1024w, https:\/\/www.radiopiu.net\/wordpress\/wp-content\/uploads\/2021\/12\/assemblea-Gsp-23.12.2021-1-768x363.jpg 768w, https:\/\/www.radiopiu.net\/wordpress\/wp-content\/uploads\/2021\/12\/assemblea-Gsp-23.12.2021-1-1536x725.jpg 1536w, https:\/\/www.radiopiu.net\/wordpress\/wp-content\/uploads\/2021\/12\/assemblea-Gsp-23.12.2021-1.jpg 1599w\" sizes=\"auto, (max-width: 201px) 100vw, 201px\" \/><\/a>BIM GSP, approvato il Piano Industriale 2022-2024<\/strong><\/h3>\n<\/blockquote>\n<p><em>\u00a0<\/em><em>Programmati, nel prossimo triennio, lavori per 66,2 milioni. <\/em><em>Realizzati nel 2021 investimenti per 15,3 milioni di euro.<\/em><\/p>\n<p><strong>BELLUNO\u00a0<\/strong> Assemblea dei soci di Bim Gsp per l\u2019approvazione del bilancio previsionale 2022 e del piano industriale 2022-2024. Attilio Sommavilla, presidente della societ\u00e0, coadiuvato dai consiglieri di amministrazione Lara Stefani e Andrea Menin, ha illustrato ai soci le principali performance conseguite nel 2021 e i programmi per il prossimo triennio. A spiccare, tra gli obiettivi conseguiti e programmati, il valore degli investimenti, di ben 15,3 milioni di euro nel 2021 e di 66,2 milioni nel prossimo triennio. Tra i risultati <a href=\"https:\/\/www.radiopiu.net\/wordpress\/giornale-radiopiu-24-dicembre-2021-direttore-mirko-mezzacasa\/assemblea-gsp-23-12-2021-2-2\/\" rel=\"attachment wp-att-250099\"><img loading=\"lazy\" decoding=\"async\" class=\"size-medium wp-image-250099 alignright\" src=\"https:\/\/www.radiopiu.net\/wordpress\/wp-content\/uploads\/2021\/12\/assemblea-Gsp-23.12.2021-2-2-300x142.jpg\" alt=\"\" width=\"300\" height=\"142\" srcset=\"https:\/\/www.radiopiu.net\/wordpress\/wp-content\/uploads\/2021\/12\/assemblea-Gsp-23.12.2021-2-2-300x142.jpg 300w, https:\/\/www.radiopiu.net\/wordpress\/wp-content\/uploads\/2021\/12\/assemblea-Gsp-23.12.2021-2-2-1024x484.jpg 1024w, https:\/\/www.radiopiu.net\/wordpress\/wp-content\/uploads\/2021\/12\/assemblea-Gsp-23.12.2021-2-2-768x363.jpg 768w, https:\/\/www.radiopiu.net\/wordpress\/wp-content\/uploads\/2021\/12\/assemblea-Gsp-23.12.2021-2-2-1536x725.jpg 1536w, https:\/\/www.radiopiu.net\/wordpress\/wp-content\/uploads\/2021\/12\/assemblea-Gsp-23.12.2021-2-2.jpg 1599w\" sizes=\"auto, (max-width: 300px) 100vw, 300px\" \/><\/a>economici di rilievo del 2021, ricavi per 27,6 milioni, costi a 23,3 milioni, patrimonio a 59,3 milioni di euro. <strong>Ricavi, costi e utile <\/strong>I ricavi, nel 2021, ammontano a 27,6 milioni di euro, in lieve aumento rispetto al 2020, mentre i costi raggiungono quota 23,3 milioni. Il margine operativo lordo, differenza tra ricavi e costi, \u00e8 di 4,3 milioni di euro, mentre il risultato netto, l\u2019utile, per il 2021 \u00e8 di 17 milioni di euro<\/p>\n<p>&nbsp;<\/p>\n<blockquote>\n<h3>NESSUN AUMENTO IN BOLLETTA, IL CDA ASCOLTA I SINDACI<\/h3>\n<\/blockquote>\n<p>Il temuto aumento nelle bollette Gsp 2021 non ci sar\u00e0. La richiesta presentata il 29 dicembre da un gruppo di sindaci e con la sindaca di Valle Marianna Hofer come prima firmataria, \u00e8 stata accettata dal cda di Bim Gsp. La bolletta in arrivo nelle case dei bellunesi in questi giorni, quindi, non avr\u00e0 il nessun rincaro e n\u00e9 questo sar\u00e0 poi spalmato sulle annualit\u00e0 2022 \u2013 2023 come inizialmente prospettato. \u201cE&#8217; un momento epocale \u2013 dichiara Hofer -, con oggi abbiamo iniziato un percorso costruttivo e positivo insieme al cda che ha dimostrato, in questo modo, di ascoltare davvero i proprietari della rete, ovvero i sindaci rappresentanti dei comuni\u201d.<\/p>\n<audio class=\"wp-audio-shortcode\" id=\"audio-249896-2\" preload=\"none\" style=\"width: 100%;\" controls=\"controls\"><source type=\"audio\/mpeg\" src=\"https:\/\/www.radiopiu.net\/wordpress\/wp-content\/uploads\/2021\/12\/HOFER-GSP.mp3?_=2\" \/><a href=\"https:\/\/www.radiopiu.net\/wordpress\/wp-content\/uploads\/2021\/12\/HOFER-GSP.mp3\">https:\/\/www.radiopiu.net\/wordpress\/wp-content\/uploads\/2021\/12\/HOFER-GSP.mp3<\/a><\/audio>\n<p>&nbsp;<\/p>\n<p>&nbsp;<\/p>\n<p>&nbsp;<\/p>\n<hr \/>\n<p>&nbsp;<\/p>\n<blockquote class=\"wp-embedded-content\" data-secret=\"9vOtWU9WlS\"><p><a href=\"https:\/\/www.radiopiu.net\/wordpress\/aggiornamentonazdic23\/\">CORONAVIRUS: AGGIORNAMENTO NAZIONALE 23  DICEMBRE  2021<\/a><\/p><\/blockquote>\n<p><iframe loading=\"lazy\" class=\"wp-embedded-content\" sandbox=\"allow-scripts\" security=\"restricted\" style=\"position: absolute; clip: rect(1px, 1px, 1px, 1px);\" title=\"&#8220;CORONAVIRUS: AGGIORNAMENTO NAZIONALE 23  DICEMBRE  2021&#8221; &#8212; Radio Pi\u00f9\" src=\"https:\/\/www.radiopiu.net\/wordpress\/aggiornamentonazdic23\/embed\/#?secret=9vOtWU9WlS\" data-secret=\"9vOtWU9WlS\" width=\"600\" height=\"338\" frameborder=\"0\" marginwidth=\"0\" marginheight=\"0\" scrolling=\"no\"><\/iframe><\/p>\n<blockquote class=\"wp-embedded-content\" data-secret=\"DkrFgeOYlW\"><p><a href=\"https:\/\/www.radiopiu.net\/wordpress\/agggaz2s\/\">IERI: 208 CASI DI POSITIVITA&#8217; ALL&#8217;ORA, 20 DECESSI IN PROVINCIA GLI ATTUALMENTE POSITIVI SUPERANO I 1300<\/a><\/p><\/blockquote>\n<p><iframe loading=\"lazy\" class=\"wp-embedded-content\" sandbox=\"allow-scripts\" security=\"restricted\" style=\"position: absolute; clip: rect(1px, 1px, 1px, 1px);\" title=\"&#8220;IERI: 208 CASI DI POSITIVITA&#8217; ALL&#8217;ORA, 20 DECESSI IN PROVINCIA GLI ATTUALMENTE POSITIVI SUPERANO I 1300&#8221; &#8212; Radio Pi\u00f9\" src=\"https:\/\/www.radiopiu.net\/wordpress\/agggaz2s\/embed\/#?secret=DkrFgeOYlW\" data-secret=\"DkrFgeOYlW\" width=\"600\" height=\"338\" frameborder=\"0\" marginwidth=\"0\" marginheight=\"0\" scrolling=\"no\"><\/iframe><\/p>\n<h2>I GRAFICI DI TIZIANO DE COL<\/h2>\n\n\t\t\t<style type='text\/css'>\n\t\t\t\t#gallery-1 {\n\t\t\t\t\tmargin: auto;\n\t\t\t\t}\n\t\t\t\t#gallery-1 .gallery-item {\n\t\t\t\t\tfloat: left;\n\t\t\t\t\tmargin-top: 10px;\n\t\t\t\t\ttext-align: center;\n\t\t\t\t\twidth: 33%;\n\t\t\t\t}\n\t\t\t\t#gallery-1 img {\n\t\t\t\t\tborder: 2px solid #cfcfcf;\n\t\t\t\t}\n\t\t\t\t#gallery-1 .gallery-caption {\n\t\t\t\t\tmargin-left: 0;\n\t\t\t\t}\n\t\t\t\t\/* see gallery_shortcode() in wp-includes\/media.php *\/\n\t\t\t<\/style>\n\t\t<div id='gallery-1' class='dt-gallery-container gallery galleryid-249896 gallery-columns-3 gallery-size-thumbnail'><dl class='gallery-item'>\n\t\t\t\t<dt class='gallery-icon landscape'>\n\t\t\t\t\t<a class=\"rollover rollover-zoom dt-pswp-item\" title=\"1e5623c8-e833-4653-b781-a5c62db6ae86\" data-dt-img-description=\"\" data-large_image_width=\"591\" data-large_image_height=\"360\"href='https:\/\/www.radiopiu.net\/wordpress\/wp-content\/uploads\/2021\/12\/1e5623c8-e833-4653-b781-a5c62db6ae86.jpg'><img loading=\"lazy\" decoding=\"async\" width=\"150\" height=\"150\" src=\"https:\/\/www.radiopiu.net\/wordpress\/wp-content\/uploads\/2021\/12\/1e5623c8-e833-4653-b781-a5c62db6ae86-150x150.jpg\" class=\"attachment-thumbnail size-thumbnail\" alt=\"\" \/><\/a>\n\t\t\t\t<\/dt><\/dl><dl class='gallery-item'>\n\t\t\t\t<dt class='gallery-icon landscape'>\n\t\t\t\t\t<a class=\"rollover rollover-zoom dt-pswp-item\" title=\"780dbd7d-b470-4b0e-b38f-b11737e17cc5\" data-dt-img-description=\"\" data-large_image_width=\"598\" data-large_image_height=\"356\"href='https:\/\/www.radiopiu.net\/wordpress\/wp-content\/uploads\/2021\/12\/780dbd7d-b470-4b0e-b38f-b11737e17cc5.jpg'><img loading=\"lazy\" decoding=\"async\" width=\"150\" height=\"150\" src=\"https:\/\/www.radiopiu.net\/wordpress\/wp-content\/uploads\/2021\/12\/780dbd7d-b470-4b0e-b38f-b11737e17cc5-150x150.jpg\" class=\"attachment-thumbnail size-thumbnail\" alt=\"\" \/><\/a>\n\t\t\t\t<\/dt><\/dl><dl class='gallery-item'>\n\t\t\t\t<dt class='gallery-icon landscape'>\n\t\t\t\t\t<a class=\"rollover rollover-zoom dt-pswp-item\" title=\"f42cec83-cf39-464f-9633-3383018fe3c9\" data-dt-img-description=\"\" data-large_image_width=\"606\" data-large_image_height=\"352\"href='https:\/\/www.radiopiu.net\/wordpress\/wp-content\/uploads\/2021\/12\/f42cec83-cf39-464f-9633-3383018fe3c9.jpg'><img loading=\"lazy\" decoding=\"async\" width=\"150\" height=\"150\" src=\"https:\/\/www.radiopiu.net\/wordpress\/wp-content\/uploads\/2021\/12\/f42cec83-cf39-464f-9633-3383018fe3c9-150x150.jpg\" class=\"attachment-thumbnail size-thumbnail\" alt=\"\" \/><\/a>\n\t\t\t\t<\/dt><\/dl><br style=\"clear: both\" \/><dl class='gallery-item'>\n\t\t\t\t<dt class='gallery-icon landscape'>\n\t\t\t\t\t<a class=\"rollover rollover-zoom dt-pswp-item\" title=\"8b757795-6f07-4757-88f9-e01e6c9f1a02\" data-dt-img-description=\"\" data-large_image_width=\"606\" data-large_image_height=\"352\"href='https:\/\/www.radiopiu.net\/wordpress\/wp-content\/uploads\/2021\/12\/8b757795-6f07-4757-88f9-e01e6c9f1a02.jpg'><img loading=\"lazy\" decoding=\"async\" width=\"150\" height=\"150\" src=\"https:\/\/www.radiopiu.net\/wordpress\/wp-content\/uploads\/2021\/12\/8b757795-6f07-4757-88f9-e01e6c9f1a02-150x150.jpg\" class=\"attachment-thumbnail size-thumbnail\" alt=\"\" \/><\/a>\n\t\t\t\t<\/dt><\/dl><dl class='gallery-item'>\n\t\t\t\t<dt class='gallery-icon landscape'>\n\t\t\t\t\t<a class=\"rollover rollover-zoom dt-pswp-item\" title=\"c66fece2-fe6f-4d3c-8fc1-65a7d8d8fdb1\" data-dt-img-description=\"\" data-large_image_width=\"608\" data-large_image_height=\"360\"href='https:\/\/www.radiopiu.net\/wordpress\/wp-content\/uploads\/2021\/12\/c66fece2-fe6f-4d3c-8fc1-65a7d8d8fdb1.jpg'><img loading=\"lazy\" decoding=\"async\" width=\"150\" height=\"150\" src=\"https:\/\/www.radiopiu.net\/wordpress\/wp-content\/uploads\/2021\/12\/c66fece2-fe6f-4d3c-8fc1-65a7d8d8fdb1-150x150.jpg\" class=\"attachment-thumbnail size-thumbnail\" alt=\"\" \/><\/a>\n\t\t\t\t<\/dt><\/dl>\n\t\t\t\t<br style='clear: both' \/>\n\t\t\t<\/div>\n\n<p>&nbsp;<\/p>\n<hr \/>\n<p>&nbsp;<\/p>\n<blockquote>\n<h3>GLI AUGURI DI NATALE IL PUNTO SUL COVID 19 CON IL PRESIDENTE DEL VENETO LUCA ZAIA<\/h3>\n<\/blockquote>\n<p><strong>VENEZIA <\/strong>Da Palazzo Balbi, punto stampa del Presidente Luca Zaia.<\/p>\n<blockquote>\n<h3>LEGGI LA CONFERENZA STAMPA<\/h3>\n<\/blockquote>\n<p>Voglio ringraziare tutti i giornalisti per essere al fianco dei cittadini. Porto la mia solidariet\u00e0 a tutti i giornalisti che hanno avuto attacchi in questo momento. Se dobbiamo fare un bilancio del 2021 si pu\u00f2 dire che \u00e8 stato anche questo un anno di covid. L&#8217;anno scorso la situazione era pesante e ancora oggi siamo in pandemia. Voglio ringraziare coloro che sono in trincea. I nostri sanitari non hanno un momento facile. Abbiamo 1300 ricoverati, un terzo rispetto all&#8217;anno scorso. Alla sanit\u00e0 abbiamo chiesto un grande sacrificio. Hanno il diritto del nostro rispetto e davanti non avranno un Natale e Capodanno facile. In quest&#8217;anno abbiamo cercato di portare avanti altre iniziative. \u00c8 stato un anno delle grandi infrastrutture, basta pensare alla Pedemontana. La pi\u00f9 grande opera italiana, l&#8217;opera che cambia la vita al Veneto. Il pil del Veneto oltre al 6% ma le imprese hanno difficolt\u00e0 con le materie prime che hanno dei prezzi insostenibile. Un pensiero va anche ai lavoratori di ACC e Ideal Standard. L&#8217;estate 2021 \u00e8 stato assaporare un po di libert\u00e0. Ci sono delle novit\u00e0 per il trasporto su rotaia. Arriveranno nuovi treni. Le olimpiadi non sono una partita da poco. Dobbiamo recuperare 24 mesi persi in scartofie ed ora dobbiamo recuperare il tempo perso. Sul bob si \u00e8 chiusa la partita e ringrazio chi ha lavorato per questo. A settimane spero arrivi il definitivo sulla variate di Cortina. Ci sar\u00e0 un ammodernamento delle piste. Spero che questa candidatura porti dei benefici specialmente alla provincia di Belluno. Del PNRR dovremmo avere 115 milioni di euro. Ricordo che c&#8217;\u00e8 un bando per i borghi storici. Stiamo lavorando a un progetto bandiera che non posso svelare. 11 anno di bilancio tax free, se i soldi restano nelle tasche dei veneti qualcuno vive con quei soldi e confermo che resteremo tax free. Oltre 5000 positivi, aumentano i ricoveri, oltre 80% delle terapie intensive sono non vaccinati. Federica Pellegrini testimonial per la terza vaccinazione.<\/p>\n<p>&nbsp;<\/p>\n<p>https:\/\/www.facebook.com\/zaiaufficiale\/videos\/1170409103492689<\/p>\n<p>&nbsp;<\/p>\n<hr \/>\n<p>&nbsp;<\/p>\n<blockquote>\n<h3>APERTI NUOVI POSTI PER LA PRENOTAZIONE DELLE VACCINAZIONI ANTI COVID PER BAMBINI DAI 5 AGLI 11 ANNI<\/h3>\n<\/blockquote>\n<p><strong><a href=\"https:\/\/www.radiopiu.net\/wordpress\/giornale-radiopiu-15-marzo-2021-direttore-mirko-mezzacasa\/vaccino-2\/\" rel=\"attachment wp-att-196946\"><img loading=\"lazy\" decoding=\"async\" class=\" wp-image-196946 alignleft\" src=\"https:\/\/www.radiopiu.net\/wordpress\/wp-content\/uploads\/2021\/03\/VACCINO-300x169.jpg\" alt=\"\" width=\"210\" height=\"118\" srcset=\"https:\/\/www.radiopiu.net\/wordpress\/wp-content\/uploads\/2021\/03\/VACCINO-300x169.jpg 300w, https:\/\/www.radiopiu.net\/wordpress\/wp-content\/uploads\/2021\/03\/VACCINO-1024x576.jpg 1024w, https:\/\/www.radiopiu.net\/wordpress\/wp-content\/uploads\/2021\/03\/VACCINO-768x432.jpg 768w, https:\/\/www.radiopiu.net\/wordpress\/wp-content\/uploads\/2021\/03\/VACCINO.jpg 1280w\" sizes=\"auto, (max-width: 210px) 100vw, 210px\" \/><\/a>BELLUNO <\/strong>L&#8217;Ulss Dolomiti ha aperto 4 mila posti prenotabili dal sito <a href=\"http:\/\/www.aulss1.veneto.it\/\">www.aulss1.veneto.it<\/a> per la vaccinazione anti covid dei bambini, che si aggiungono alle disponibilit\u00e0 dei singoli Pediatri di libera scelta che offrono la vaccinazione nei propri ambulatori. I posti attivati nei centri vaccinali si collocano durante le vacanze natalizie, per agevolare le famiglie. Le vaccinazioni sono prenotabili nei Centri di vaccinazione di: Agordo drive in, Pieve di Cadore ospedale, Cortina drive in, Auronzo Pala Tre Cime, Sedico CVP Palaskating, Feltre Centro Prelievi.<\/p>\n<p>&nbsp;<\/p>\n<p>&nbsp;<\/p>\n<p>&nbsp;<\/p>\n<p>&nbsp;<\/p>\n<hr \/>\n<p>&nbsp;<\/p>\n<blockquote>\n<h3>BOB A CORTINA DE MENECH &#8220;I RISPARMI PER SANITA&#8217;, LAVORO E STRADE&#8221;<\/h3>\n<\/blockquote>\n<blockquote>\n<div>\u00abIl governo ha sostenuto concretamente l\u2019evento Olimpiadi\u00bb, afferma il deputato bellunese Roger De Menech, \u00abLa Regione confermi la volont\u00e0 di investire nel Bellunese confermando i 75 milioni di euro previsti nel 2019 per la pista di bob. Venuto meno questo impegno, i fondi possono essere utilizzati per affrontare le questioni pi\u00f9 urgenti\u00bb.<\/div>\n<\/blockquote>\n<div class=\"\"><\/div>\n<div class=\"\"><strong>ROMA<\/strong> <em>\u00abLa scelta del governo di finanziare con i 61 milioni di euro\u00a0 il rifacimento della pista da Bob \u2018Eugenio Monti\u2019 di Cortina in vista delle Olimpiadi libera i 75 milioni di euro stanziati dalla Regione per lo stesso impianto che vanno investiti nel territorio\u00bb.<\/em> La segretaria provinciale del Partito democratico, Monica Lotto, riprende la proposta lanciata ieri dai consiglieri regionali del Pd, Bigon e Zanoni. <em>\u00abNel Bellunese abbiamo tre emergenze e credo che i fondi accantonati dalla Regione con la legge 44 del 25 novembre 2019 debbano necessariamente essere impiegati per farvi fronte\u00bb, incalza Lotto: \u00abIn primo luogo la sanit\u00e0.<\/em> <em>C\u2019\u00e8 poi la crisi lavorativa che coinvolge alcune aziende storiche della Valbelluna per cui oltre mille lavoratori e le loro famiglie rischiano di rimanere prive di reddito, per non parlare della viabilit\u00e0\u00a0 dal rifacimento del tunnel di accesso al Comelico&#8221;<\/em><\/div>\n<div class=\"\"><\/div>\n<div class=\"\"><\/div>\n<div class=\"\"><\/div>\n<p>&nbsp;<\/p>\n<hr \/>\n<blockquote>\n<h3><\/h3>\n<h3>LOTTA AL BOSTRICO, BOND: &#8220;MAGGIORE SEMPLIFICAZIONE E FONDO DA 6 MILIONI PER DIFENDERE I BOSCHI DAL POST-VAIA&#8221;<\/h3>\n<\/blockquote>\n<p><strong><a href=\"https:\/\/www.radiopiu.net\/wordpress\/giornale-radiopiu-20-maggio-2020-direttore-mirko-mezzacasa\/dario-bond-11\/\" rel=\"attachment wp-att-138833\"><img loading=\"lazy\" decoding=\"async\" class=\" wp-image-138833 alignleft\" src=\"https:\/\/www.radiopiu.net\/wordpress\/wp-content\/uploads\/2020\/05\/Dario-Bond.jpg\" alt=\"\" width=\"110\" height=\"152\" \/><\/a>ROMA<\/strong> <em>\u201cPer difendere il patrimonio forestale dal bostrico, servono semplificazione e risorse. Bene quindi le misure previste da un emendamento in finanziaria\u201d.<\/em> Cos\u00ec in una nota il deputato Dario Bond, relativamente a un emendamento alla manovra di bilancio 2022, valutato positivamente dalla commissione bilancio al Senato<em>. \u201cLa formulazione \u00e8 relativa al contenimento del bostrico,\u00a0 prevede l\u2019istituzione di un fondo da 3 milioni annui per il 2022 e il 2023.<\/em>\u00a0 Inoltre, \u00e8 previsto che i proprietari dei terreni possono per un periodo di 7 anni adottare le misure di contenimento pi\u00f9 adeguate, compreso l\u2019abbattimenti di alberi in deroga a vincoli esistenti e con esenzione della valutazione di impatto ambientale.<em> L\u2019obiettivo pi\u00f9 alto \u00e8 quello di ricostruire la filiera del legno partendo dal bosco&#8221;<\/em>, conclude Bond.<\/p>\n<p>&nbsp;<\/p>\n<p>&nbsp;<\/p>\n<p>&nbsp;<\/p>\n<p>&nbsp;<\/p>\n<hr \/>\n<p>&nbsp;<\/p>\n<blockquote>\n<h3>COMMISSIONE PARI OPPORTUNIT\u00c0, ONLINE IL MODULO PER LA CANDIDATURA<\/h3>\n<\/blockquote>\n<p><strong><a href=\"https:\/\/www.radiopiu.net\/wordpress\/giornale-radiopiu-27-agosto-2021-direttore-mirko-mezzacasa\/belluno_feltre_b_panoramica-sulla-citta-2\/\" rel=\"attachment wp-att-229687\"><img loading=\"lazy\" decoding=\"async\" class=\" wp-image-229687 alignleft\" src=\"https:\/\/www.radiopiu.net\/wordpress\/wp-content\/uploads\/2021\/08\/Belluno_Feltre_b_Panoramica-sulla-citta-300x190.jpg\" alt=\"\" width=\"147\" height=\"93\" srcset=\"https:\/\/www.radiopiu.net\/wordpress\/wp-content\/uploads\/2021\/08\/Belluno_Feltre_b_Panoramica-sulla-citta-300x190.jpg 300w, https:\/\/www.radiopiu.net\/wordpress\/wp-content\/uploads\/2021\/08\/Belluno_Feltre_b_Panoramica-sulla-citta-768x487.jpg 768w, https:\/\/www.radiopiu.net\/wordpress\/wp-content\/uploads\/2021\/08\/Belluno_Feltre_b_Panoramica-sulla-citta.jpg 1024w\" sizes=\"auto, (max-width: 147px) 100vw, 147px\" \/><\/a>BELLUNO <\/strong>\u00c8 pubblicato sul sito ufficiale e all&#8217;albo pretorio del Comune di Belluno (<a href=\"https:\/\/bit.ly\/BLPariOpportunita\">https:\/\/bit.ly\/BLPariOpportunita<\/a>) l&#8217;avviso per la candidatura a componente della neonata Commissione consiliare speciale permanente per le pari opportunit\u00e0.\u00a0 Le candidature dovranno essere indirizzate al Sindaco e pervenire a mezzo posta, mediante consegna a mano all&#8217;Ufficio Protocollo oppure via PEC (<a href=\"mailto:belluno.bl@cert.ip-veneto.net\">belluno.bl@cert.ip-veneto.net<\/a>) entro e non oltre le ore 12:00 di luned\u00ec 17 gennaio 2022.<\/p>\n<p>&nbsp;<\/p>\n<p>&nbsp;<\/p>\n<p>&nbsp;<\/p>\n<hr \/>\n<p>&nbsp;<\/p>\n<blockquote>\n<h3><b><span style=\"font-size: large;\">IL 12 GENNAIO I TEST DI INGRESSO ALLO SKI COLLEGE VENETO FALCADE PER LA STAGIONE 2022-2023<\/span><\/b><\/h3>\n<\/blockquote>\n<p><strong><a href=\"https:\/\/www.radiopiu.net\/wordpress\/giornale-radiopiu-24-dicembre-2021-direttore-mirko-mezzacasa\/ski-college-presentazione-18-sett-2021-3\/\" rel=\"attachment wp-att-249952\"><img loading=\"lazy\" decoding=\"async\" class=\"size-medium wp-image-249952 alignleft\" src=\"https:\/\/www.radiopiu.net\/wordpress\/wp-content\/uploads\/2021\/12\/ski-college-presentazione-18-sett-2021-1-300x200.jpg\" alt=\"\" width=\"300\" height=\"200\" srcset=\"https:\/\/www.radiopiu.net\/wordpress\/wp-content\/uploads\/2021\/12\/ski-college-presentazione-18-sett-2021-1-300x200.jpg 300w, https:\/\/www.radiopiu.net\/wordpress\/wp-content\/uploads\/2021\/12\/ski-college-presentazione-18-sett-2021-1-1024x682.jpg 1024w, https:\/\/www.radiopiu.net\/wordpress\/wp-content\/uploads\/2021\/12\/ski-college-presentazione-18-sett-2021-1-768x512.jpg 768w, https:\/\/www.radiopiu.net\/wordpress\/wp-content\/uploads\/2021\/12\/ski-college-presentazione-18-sett-2021-1-1536x1024.jpg 1536w, https:\/\/www.radiopiu.net\/wordpress\/wp-content\/uploads\/2021\/12\/ski-college-presentazione-18-sett-2021-1.jpg 2000w\" sizes=\"auto, (max-width: 300px) 100vw, 300px\" \/><\/a>FALCADE<\/strong> Sono stati fissati per mercoled\u00ec 12 gennaio 2022 i test di ingresso allo Ski College Veneto di Falcade per la stagione 2022-2023, per le discipline dello sci alpino, dello sci di fondo, dello snowboard e del biathlon. Nella stessa giornata si svolger\u00e0, in presenza presso\u00a0 la Sala Dolomiti di Falcade (la struttura polifunzionale adiacente alla sede scolastica) in Via Trieste, dalle ore 14, la presentazione dello Ski College a tutti gli interessati all\u2019iscrizione per la stagione 2022-2023. Interverranno, tra gli altri, il presidente dello Ski College, un referente dell\u2019istituto Follador \u2013 De Rossi (requisito fondamentale per il tesseramento allo Ski College Veneto \u2013 Falcade \u00e8 infatti l\u2019iscrizione al Follador \u2013 De Rossi) e del convitto, i tecnici della nostra struttura. Lo Ski College Veneto di Falcade, che lo scorso settembre ha celebrato i 30 anni di attivit\u00e0, \u00e8\u00a0una struttura che ospita attualmente una sessantina di giovani atleti, provenienti da diverse regioni italiane, impegnati nello sci alpino, nello sci di fondo e nello snowboard che, grazie alla convenzione con l\u2019istituto Follador &#8211; De Rossi, possono scegliere l\u2019indirizzo di studio tra istituto tecnico tecnologico, istituto tecnico economico, liceo scientifico, liceo scientifico sportivo e istituto professionale.<\/p>\n<p>&nbsp;<\/p>\n<hr \/>\n<p><strong>\u00a0<\/strong><\/p>\n<blockquote>\n<h2><strong>LUTTO A PARECH DI AGORDO\u00a0<\/strong><\/h2>\n<\/blockquote>\n<p><strong><br \/>\nE&#8217; mancato Bepo Tromba, Giuseppe Benvegn\u00f9, 64 anni amorevolmente assistito dal figlio Marco con Martina e dalla moglie Luciana. Oggi alle 14 ad Agordo di funerali. Dalla famiglia un ringraziamento al Pronto Soccorso dell&#8217;Ospedale di Agordo.\u00a0<\/strong><\/p>\n<p><a href=\"https:\/\/www.radiopiu.net\/wordpress\/giornale-radiopiu-24-dicembre-2021-direttore-mirko-mezzacasa\/269711575_4612068372218231_9050094976007782960_n\/\" rel=\"attachment wp-att-250129\"><img loading=\"lazy\" decoding=\"async\" class=\"alignnone size-medium wp-image-250129\" src=\"https:\/\/www.radiopiu.net\/wordpress\/wp-content\/uploads\/2021\/12\/269711575_4612068372218231_9050094976007782960_n-300x200.jpg\" alt=\"\" width=\"300\" height=\"200\" srcset=\"https:\/\/www.radiopiu.net\/wordpress\/wp-content\/uploads\/2021\/12\/269711575_4612068372218231_9050094976007782960_n-300x200.jpg 300w, https:\/\/www.radiopiu.net\/wordpress\/wp-content\/uploads\/2021\/12\/269711575_4612068372218231_9050094976007782960_n.jpg 416w\" sizes=\"auto, (max-width: 300px) 100vw, 300px\" \/><\/a><\/p>\n<p>&nbsp;<\/p>\n<p>&nbsp;<\/p>\n<hr \/>\n<p>&nbsp;<\/p>\n<blockquote>\n<h3>PICCOLE MEDIE IMPRESE, IL FONDO DEDICATO ALL&#8217;INNOVAZIONE<\/h3>\n<\/blockquote>\n<p><strong><a href=\"https:\/\/www.radiopiu.net\/wordpress\/215936-2asdasdasdasd\/th-136\/\" rel=\"attachment wp-att-215940\"><img loading=\"lazy\" decoding=\"async\" class=\"size-full wp-image-215940 alignleft\" src=\"https:\/\/www.radiopiu.net\/wordpress\/wp-content\/uploads\/2021\/06\/th-9.jpg\" alt=\"\" width=\"187\" height=\"104\" \/><\/a>BELLUNO<\/strong> Per il manifatturiero bellunese potrebbe prepararsi la svolta. Il 2022 offre buone opportunit\u00e0 secondo il consigliere regionale bellunese della Lega, Giovanni Puppato , le imprese bellunesi dovranno saperle cogliere. Innovazione, sviluppo tecnologico in chiave sostenibile, sono queste le direttive del &#8220;Bando per l&#8217;erogazione di contributi finalizzati al riposizionamento competitivo delle PMI. Il nuovo bando \u00e8 stato approvato dalla giunta veneta nelle scorse settimane e prevede la concessione di contributi alle pmi, finalizzati a sostenere gli investimenti, la promozione della digitalizzazione e di nuovi modelli di economia circolare. La disponibilit\u00e0 finanziaria per il 2021 \u00e8 di 33,5 milioni di euro, con possibilit\u00e0 di risorse aggiuntive in caso di future, ulteriori, disponibilit\u00e0. I contributi possono essere<br \/>\na fondo perduto fino al 30% con limite massimo di 150 mila euro su una spesa di 500 mila, mentre il limite minimo \u00e8 fissato a 24 mila su una spesa di 80 mila. Le spese inferiori a 80 mila non saranno ammesse. Il beneficiario pu\u00f2 eventualmente chiedere il 40% sulla spesa, a titolo di anticipo. Le domande potranno essere presentate fino al 9 febbraio, i progetti, poi, dovranno venir conclusi entro il 14 febbraio del 2024.<\/p>\n<p><strong>IL CONSIGLIERE GIOVANNI PUPPATO\u00a0\u00a0<\/strong><\/p>\n<audio class=\"wp-audio-shortcode\" id=\"audio-249896-3\" preload=\"none\" style=\"width: 100%;\" controls=\"controls\"><source type=\"audio\/mpeg\" src=\"https:\/\/www.radiopiu.net\/wordpress\/wp-content\/uploads\/2021\/12\/PUPPATO.mp3?_=3\" \/><a href=\"https:\/\/www.radiopiu.net\/wordpress\/wp-content\/uploads\/2021\/12\/PUPPATO.mp3\">https:\/\/www.radiopiu.net\/wordpress\/wp-content\/uploads\/2021\/12\/PUPPATO.mp3<\/a><\/audio>\n<p>&nbsp;<\/p>\n<hr \/>\n<p>&nbsp;<\/p>\n<blockquote>\n<h3>IERI SERA IL CONSIGLIO COMUNALE A RIVAMONTE, LA DIRETTA DI RADIO PIU<\/h3>\n<\/blockquote>\n<p><a href=\"https:\/\/www.facebook.com\/mirko.mezzacasa\/videos\/664349324977319\">https:\/\/www.facebook.com\/mirko.mezzacasa\/videos\/664349324977319<\/a><\/p>\n<p>&nbsp;<\/p>\n<p>&nbsp;<\/p>\n<hr \/>\n<blockquote>\n<h3><\/h3>\n<h3>CONFARTIGIANATO E COLDIRETTI CONSEGNANO AL VESCOVO ORIGINALI STATUINE PER IL PRESEPE<\/h3>\n<\/blockquote>\n<p><strong>BELLUNO<\/strong>\u00a0 Tra gli uomini di buona volont\u00e0 che animano il presepe c\u2019\u00e8 anche un imprenditore con il pc, simbolo delle nuove modalit\u00e0 di lavoro diventate di stringente attualit\u00e0 con la pandemia. La statuina da mettere davanti alla mangiatoia \u00e8 stata consegnata questa mattina al vescovo di Belluno-Feltre da una delegazione di Confartigianato Belluno e Coldiretti, coinvolge i vescovi delle 226 diocesi italiane. \u00c8 un&#8217;idea nata a Natale 2020, in piena virulenza di pandemia: aggiungere ogni anno, ai personaggi arruolati per la tradizionale rivisitazione della Nativit\u00e0, figure in grado di parlare del presente da affrontare pur nelle condizioni pi\u00f9 estreme, ma anche di un futuro possibile da costruire malgrado tutto con fiducia. La statuina donata al vescovo sar\u00e0 posizionata nel presepe allestito in cattedrale a Belluno, accompagnata da un piccolo cartello con la spiegazione per i visitatori.<\/p>\n\n\t\t\t<style type='text\/css'>\n\t\t\t\t#gallery-2 {\n\t\t\t\t\tmargin: auto;\n\t\t\t\t}\n\t\t\t\t#gallery-2 .gallery-item {\n\t\t\t\t\tfloat: left;\n\t\t\t\t\tmargin-top: 10px;\n\t\t\t\t\ttext-align: center;\n\t\t\t\t\twidth: 33%;\n\t\t\t\t}\n\t\t\t\t#gallery-2 img {\n\t\t\t\t\tborder: 2px solid #cfcfcf;\n\t\t\t\t}\n\t\t\t\t#gallery-2 .gallery-caption {\n\t\t\t\t\tmargin-left: 0;\n\t\t\t\t}\n\t\t\t\t\/* see gallery_shortcode() in wp-includes\/media.php *\/\n\t\t\t<\/style>\n\t\t<div id='gallery-2' class='dt-gallery-container gallery galleryid-249896 gallery-columns-3 gallery-size-thumbnail'><dl class='gallery-item'>\n\t\t\t\t<dt class='gallery-icon portrait'>\n\t\t\t\t\t<a class=\"rollover rollover-zoom dt-pswp-item\" title=\"IMG_2738-1\" data-dt-img-description=\"\" data-large_image_width=\"1512\" data-large_image_height=\"2016\"href='https:\/\/www.radiopiu.net\/wordpress\/wp-content\/uploads\/2021\/12\/IMG_2738-1-rotated.jpg'><img loading=\"lazy\" decoding=\"async\" width=\"150\" height=\"150\" src=\"https:\/\/www.radiopiu.net\/wordpress\/wp-content\/uploads\/2021\/12\/IMG_2738-1-150x150.jpg\" class=\"attachment-thumbnail size-thumbnail\" alt=\"\" \/><\/a>\n\t\t\t\t<\/dt><\/dl><dl class='gallery-item'>\n\t\t\t\t<dt class='gallery-icon landscape'>\n\t\t\t\t\t<a class=\"rollover rollover-zoom dt-pswp-item\" title=\"IMG_2730-1\" data-dt-img-description=\"\" data-large_image_width=\"2016\" data-large_image_height=\"1512\"href='https:\/\/www.radiopiu.net\/wordpress\/wp-content\/uploads\/2021\/12\/IMG_2730-1.jpg'><img loading=\"lazy\" decoding=\"async\" width=\"150\" height=\"150\" src=\"https:\/\/www.radiopiu.net\/wordpress\/wp-content\/uploads\/2021\/12\/IMG_2730-1-150x150.jpg\" class=\"attachment-thumbnail size-thumbnail\" alt=\"\" \/><\/a>\n\t\t\t\t<\/dt><\/dl><dl class='gallery-item'>\n\t\t\t\t<dt class='gallery-icon landscape'>\n\t\t\t\t\t<a class=\"rollover rollover-zoom dt-pswp-item\" title=\"IMG_2735-1\" data-dt-img-description=\"\" data-large_image_width=\"2016\" data-large_image_height=\"1512\"href='https:\/\/www.radiopiu.net\/wordpress\/wp-content\/uploads\/2021\/12\/IMG_2735-1.jpg'><img loading=\"lazy\" decoding=\"async\" width=\"150\" height=\"150\" src=\"https:\/\/www.radiopiu.net\/wordpress\/wp-content\/uploads\/2021\/12\/IMG_2735-1-150x150.jpg\" class=\"attachment-thumbnail size-thumbnail\" alt=\"\" \/><\/a>\n\t\t\t\t<\/dt><\/dl><br style=\"clear: both\" \/>\n\t\t\t<\/div>\n\n<p>&nbsp;<\/p>\n<hr \/>\n<p>&nbsp;<\/p>\n<blockquote>\n<h3>PER L\u2019ERARIO E\u2019 UN NATALE CON I FIOCCHI: SOTTO L\u2019ALBERO TROVERA\u2019 UNA \u201cSORPRESA\u201d DA 513,5 MILIARDI<\/h3>\n<\/blockquote>\n<p><a href=\"https:\/\/www.radiopiu.net\/wordpress\/per-lerario-e-un-natale-con-i-fiocchi-sotto-lalbero-trovera-una-sorpresa-da-5135-miliardi\/schermata-2021-12-23-alle-10-26-24\/\" rel=\"attachment wp-att-249957\"><img loading=\"lazy\" decoding=\"async\" class=\"size-medium wp-image-249957 alignleft\" src=\"https:\/\/www.radiopiu.net\/wordpress\/wp-content\/uploads\/2021\/12\/Schermata-2021-12-23-alle-10.26.24-225x300.png\" alt=\"\" width=\"225\" height=\"300\" srcset=\"https:\/\/www.radiopiu.net\/wordpress\/wp-content\/uploads\/2021\/12\/Schermata-2021-12-23-alle-10.26.24-225x300.png 225w, https:\/\/www.radiopiu.net\/wordpress\/wp-content\/uploads\/2021\/12\/Schermata-2021-12-23-alle-10.26.24.png 746w\" sizes=\"auto, (max-width: 225px) 100vw, 225px\" \/><\/a>Per l\u2019erario quest\u2019anno sar\u00e0 sicuramente un Natale con i fiocchi: sotto l\u2019albero, infatti, trover\u00e0 una \u201csorpresa\u201d da 513,5 miliardi di euro. A tanto ammonta il gettito tributario del 2021. Sia chiaro: molti contribuenti questo \u201cpresente\u201d non l\u2019hanno fatto proprio con il cuore, ma possiamo affermare che alla stragrande maggioranza \u00e8 \u201ccostato\u201d fatica, sudore e tanto lavoro. E mai come in questo momento di difficolt\u00e0, tutti sperano che queste risorse vengano spese bene, a vantaggio soprattutto di coloro che ne hanno pi\u00f9 bisogno. A dirlo \u00e8 l\u2019Ufficio studi della CGIA. Tra imposte dirette (Irpef, Ires, Irap, etc.), indirette (Iva)\u00a0\u00a0 e quelle in conto capitale (imposte di successione, condoni, etc.), negli ultimi 20 anni solo nel 2019 il gettito \u00e8 stato superiore a quello di quest\u2019anno: sebbene di poco, due anni fa il fisco ebbe modo di incassare 517 miliardi (+3,4 miliardi di euro) (vedi Tab. 1).<\/p>\n<p><strong>Negli ultimi 20 anni pi\u00f9 tasse per oltre 146 miliardi<\/strong><\/p>\n<p><strong>\u00a0<\/strong>Negli ultimi 20 anni, periodo che praticamente coincide con l\u2019utilizzo dell\u2019euro, le entrate tributarie in Italia sono aumentate di 146,6 miliardi di euro. Se nel 2001 l\u2019erario, Regioni e gli enti locali avevano incassato 366,9 miliardi di euro, nel 2021 il gettito, a prezzi correnti, \u00e8 salito a 513,5 miliardi (+39,9 per cento). L\u2019inflazione, sempre in questo arco temporale, \u00e8 aumentata del 35,5 per cento, 4,4 punti in meno <a href=\"https:\/\/www.radiopiu.net\/wordpress\/per-lerario-e-un-natale-con-i-fiocchi-sotto-lalbero-trovera-una-sorpresa-da-5135-miliardi\/schermata-2021-12-23-alle-10-27-03\/\" rel=\"attachment wp-att-249959\"><img loading=\"lazy\" decoding=\"async\" class=\"size-medium wp-image-249959 alignright\" src=\"https:\/\/www.radiopiu.net\/wordpress\/wp-content\/uploads\/2021\/12\/Schermata-2021-12-23-alle-10.27.03-300x127.png\" alt=\"\" width=\"300\" height=\"127\" srcset=\"https:\/\/www.radiopiu.net\/wordpress\/wp-content\/uploads\/2021\/12\/Schermata-2021-12-23-alle-10.27.03-300x127.png 300w, https:\/\/www.radiopiu.net\/wordpress\/wp-content\/uploads\/2021\/12\/Schermata-2021-12-23-alle-10.27.03-768x324.png 768w, https:\/\/www.radiopiu.net\/wordpress\/wp-content\/uploads\/2021\/12\/Schermata-2021-12-23-alle-10.27.03.png 996w\" sizes=\"auto, (max-width: 300px) 100vw, 300px\" \/><\/a>rispetto alla crescita percentuale del gettito; il Pil, invece, \u00e8 aumentato del 36,4 per cento, 3,5 punti in meno dell\u2019incremento delle tasse (vedi Tab. 2 e Graf. 1). Qualcuno pu\u00f2 affermare con cognizione di causa che con 146,6 miliardi di entrate in pi\u00f9 la nostra macchina pubblica funziona meglio e che i contribuenti italiani abbiano ricevuto pi\u00f9 servizi, oppure questo prelievo aggiuntivo li ha impoveriti, contribuendo a non far crescere il Paese ? Noi non abbiamo dubbi; propendiamo senza esitazioni per la seconda ipotesi.<\/p>\n<p><strong>Fisco: il 2022 sar\u00e0 un anno di transizione <\/strong><\/p>\n<p>In attesa della tanto agognata riforma fiscale che speriamo sia realizzata entro l\u2019anno prossimo con la legge delega, il 2022 sar\u00e0 un anno di transizione. Certo, il leggero ritocco all\u2019Irpef approvato in queste settimane dalla maggioranza di governo dar\u00e0 un po\u2019 di sollievo, ma siamo ancora molto lontani dal raggiungere un risultato accettabile. Non solo. Oltre a tagliare le tasse, operazione non pi\u00f9 rinviabile, sar\u00e0 necessario sburocratizzare l\u2019intero sistema fiscale. Oggi paghiamo troppo e in maniera estremamente complessa che per molti artigiani e tanti piccoli imprenditori si traduce in un ulteriore costo per il servizio reso dal commercialista o dal consulente del lavoro.<\/p>\n<p><strong>Bene taglio dell\u2019Irpef, ma \u00e8 ancora insufficiente<\/strong><\/p>\n<p>Il punto debole della nuova misura sta nella dimensione del taglio dell\u2019Irpef che i contribuenti beneficeranno nel 2022: 7 miliardi sono pochi e del tutto insufficienti per allineare la nostra pressione fiscale\u00a0 alla media europea. Tuttavia, vista la situazione dei\u00a0 nostri conti pubblici, qualsiasi riduzione strutturale delle tasse non potr\u00e0 essere fatta in deficit. Se non vogliamo scassare definitivamente il bilancio pubblico, le risorse andranno reperite tagliando di pari importo la spesa pubblica. E qui sta il punto. Abbiamo l\u2019impressione che nessuno, anche lontanamente, voglia razionalizzare le uscite pubbliche, tanto pi\u00f9 nei prossimi anni, visto che con il PNRR dovremo spendere oltre 235 miliardi di euro. Per questo nutriamo tante perplessit\u00e0 sulla riuscita della prossima riforma che verr\u00e0 definita con la legge delega.<\/p>\n<p><strong><a href=\"https:\/\/www.radiopiu.net\/wordpress\/per-lerario-e-un-natale-con-i-fiocchi-sotto-lalbero-trovera-una-sorpresa-da-5135-miliardi\/schermata-2021-12-23-alle-10-27-39\/\" rel=\"attachment wp-att-249960\"><img loading=\"lazy\" decoding=\"async\" class=\" wp-image-249960 alignleft\" src=\"https:\/\/www.radiopiu.net\/wordpress\/wp-content\/uploads\/2021\/12\/Schermata-2021-12-23-alle-10.27.39-300x166.png\" alt=\"\" width=\"407\" height=\"225\" srcset=\"https:\/\/www.radiopiu.net\/wordpress\/wp-content\/uploads\/2021\/12\/Schermata-2021-12-23-alle-10.27.39-300x166.png 300w, https:\/\/www.radiopiu.net\/wordpress\/wp-content\/uploads\/2021\/12\/Schermata-2021-12-23-alle-10.27.39-1024x565.png 1024w, https:\/\/www.radiopiu.net\/wordpress\/wp-content\/uploads\/2021\/12\/Schermata-2021-12-23-alle-10.27.39-768x424.png 768w, https:\/\/www.radiopiu.net\/wordpress\/wp-content\/uploads\/2021\/12\/Schermata-2021-12-23-alle-10.27.39.png 1428w\" sizes=\"auto, (max-width: 407px) 100vw, 407px\" \/><\/a>Solo con meno spesa avremo una forte riduzione delle tasse<\/strong><\/p>\n<p>Dall\u2019Ufficio studi della CGIA non hanno dubbi: la vera sfida \u00e8 far funzionare meglio e con costi inferiori la macchina pubblica. Se, infatti, fossimo in grado con un colpo di bacchetta magica di eliminare una buona parte degli sprechi e degli sperperi che si annida all\u2019interno della nostra Pubblica Amministrazione (PA), probabilmente la spesa pubblica italiana costerebbe molto meno e, conseguentemente, il livello della pressione tributaria sarebbe pi\u00f9 contenuto, avvantaggiando proprio coloro che le tasse le versano tutte, fino all\u2019ultimo centesimo. Segnaliamo che il costo annuo sostenuto dalle imprese per la gestione burocratica dei rapporti con la PA \u00e8 pari, secondo l\u2019Istituto Ambrosetti, a 57 miliardi di euro all\u2019anno. I debiti commerciali che lo Stato e le sue articolazioni periferiche hanno nei confronti dei propri fornitori ammontano a 53 miliardi di euro. Senza contare la malagiustizia, il deficit infrastrutturale e l\u2019arretratezza del nostro trasporto pubblico locale. Insomma, se riusciremo ad ammodernare la macchina pubblica, i cittadini e le imprese riceveranno servizi migliori a minor costo e chi ci governa potr\u00e0 contare su un numero di risorse maggiori per tagliare le tasse.<\/p>\n<p>&nbsp;<\/p>\n<p>&nbsp;<\/p>\n<p>&nbsp;<\/p>\n<p>&nbsp;<\/p>\n<p>&nbsp;<\/p>\n<hr \/>\n<p>&nbsp;<\/p>\n<blockquote>\n<h3>QUINDI A NATALE CHE TEMPO FARA&#8217;?<\/h3>\n<\/blockquote>\n<p><img loading=\"lazy\" decoding=\"async\" class=\"alignleft\" src=\"https:\/\/www.radiopiu.net\/wordpress\/wp-content\/uploads\/2020\/08\/STAZIONE-METEO-PUNTA-ROCCA-1.jpg\" width=\"242\" height=\"111\" \/>Dopo questi ultimi giorni caratterizzati da tempo stabile e dalla discesa in quota di correnti fredde e secche di origine artica, sul Veneto, nel corso del fine settimana natalizio, \u00e8 atteso un cambiamento delle condizioni meteorologiche. Gi\u00e0 da oggi infatti l\u2019infiltrazione fredda di origine artica lascer\u00e0 il Nordest per l\u2019arrivo di correnti occidentali via via pi\u00f9 umide e miti di origine atlantica. Durante la Vigilia di Natale la nuvolosit\u00e0 tender\u00e0 ad aumentare fino ad avere un cielo in prevalenza molto nuvoloso, specie nel pomeriggio, e con possibilit\u00e0 di qualche debole precipitazione sparsa verso sera sui settori centro-meridionali della regione. Le temperature cominceranno ad aumentare, specie nei valori minimi, insieme ad una moderata intensificazione dei venti da ovest in quota. Il giorno di Natale sar\u00e0 caratterizzato da un cielo generalmente molto nuvoloso o coperto con deboli piogge, a tratti diffuse gi\u00e0 dal mattino e soprattutto in pianura, in diradamento dal pomeriggio a partire da ovest; sulle zone montane i fenomeni saranno probabilmente pi\u00f9 modesti e sparsi, con limite delle deboli nevicate intorno ai 1400-1600m sulle Prealpi e a 1000-1300m sulle Dolomiti, localmente anche un po\u2019 pi\u00f9 in basso in alcune valli dove non si escludono fenomeni di pioggia ghiacciata o gelicidio (pioggia che gela al suolo), specie al mattino. A Santo Stefano \u00e8 atteso il transito di un secondo impulso debolmente perturbato che porter\u00e0 ancora nubi e delle modeste precipitazioni, a tratti diffuse, specie sui settori centro-meridionali della regione. I venti saranno in attenuazione in quota, ma proverranno ancora dai quadranti occidentali quindi saranno ancora piuttosto umidi e abbastanza miti. Le temperature si manterranno quindi su valori un po\u2019 sopra la media del periodo, specie nelle minime giornaliere, e il limite delle eventuali deboli nevicate in montagna sar\u00e0 stabile o in lieve calo rispetto al giorno prima.<\/p>\n<p>&nbsp;<\/p>\n<p>&nbsp;<\/p>\n<hr \/>\n<p>&nbsp;<\/p>\n<blockquote>\n<h3>AL LIBRO PARLATO DI FELTRE 15MILA AUDIOLIBRI<\/h3>\n<\/blockquote>\n<p><strong><a href=\"https:\/\/www.radiopiu.net\/wordpress\/al-libro-parlato-di-feltre-15mila-audiolibri\/247254615_10158546224114503_5227201240191809138_n\/\" rel=\"attachment wp-att-250026\"><img loading=\"lazy\" decoding=\"async\" class=\"size-medium wp-image-250026 alignleft\" src=\"https:\/\/www.radiopiu.net\/wordpress\/wp-content\/uploads\/2021\/12\/247254615_10158546224114503_5227201240191809138_n-300x225.jpg\" alt=\"\" width=\"300\" height=\"225\" srcset=\"https:\/\/www.radiopiu.net\/wordpress\/wp-content\/uploads\/2021\/12\/247254615_10158546224114503_5227201240191809138_n-300x225.jpg 300w, https:\/\/www.radiopiu.net\/wordpress\/wp-content\/uploads\/2021\/12\/247254615_10158546224114503_5227201240191809138_n-1024x768.jpg 1024w, https:\/\/www.radiopiu.net\/wordpress\/wp-content\/uploads\/2021\/12\/247254615_10158546224114503_5227201240191809138_n-768x576.jpg 768w, https:\/\/www.radiopiu.net\/wordpress\/wp-content\/uploads\/2021\/12\/247254615_10158546224114503_5227201240191809138_n-1536x1152.jpg 1536w, https:\/\/www.radiopiu.net\/wordpress\/wp-content\/uploads\/2021\/12\/247254615_10158546224114503_5227201240191809138_n.jpg 2048w\" sizes=\"auto, (max-width: 300px) 100vw, 300px\" \/><\/a>FELTRE<\/strong> \u00a0Si conclude con ottimi risultati il 2021 del Centro Internazionale del Libro Parlato di Feltre che, nonostante la pandemia in corso, incrementa il numero degli utenti e dei donatori volontari di voce, rivolgendosi a non vedenti, ipovedenti, dislessici, distrofici, anziani e tutti coloro per i quali la lettura in modo tradizionale non \u00e8 possibile. Sono infatti pi\u00f9 di 2000 gli utenti iscritti ai servizi offerti dal CILP e quasi 450 i donatori volontari di voce sparsi su tutto il territorio nazionale che nel 2021 hanno registrato pi\u00f9 di 11.337 ore per un totale di 1.037 audiolibri, che salgono ora a quota 15 mila disponibili in catalogo. Durante il 2021, inoltre, il Centro Internazionale del Libro Parlato \u00e8 stato presente sul territorio con molte iniziative, tra cui: l\u2019inaugurazione alla presenza del Ministro Per i Rapporti con il Parlamento Federico D\u2019Inc\u00e0 della nuova sala didattica, dotata di computer, scrivanie a lavagna didattica fruibili dalle associazioni del territorio che ne faranno richiesta; l\u2019incontro con Walter Delogu, tra i protagonisti della docu serie Sanpa in onda su Netflix, che ha presentato alla cittadinanza il suo nuovo libro Il braccio destro e ha incontrato gli studenti dell\u2019Istituto Comprensivo Gino Rocca di Feltre per sensibilizzarli al tema delle dipendenze; le letture organizzate in occasione dell\u2019anniversario dei 700 anni dalla morte di Dante Alighieri e in occasione delle Giornata contro la violenza sulle donne per promuovere tematiche sociali a fianco delle associazioni e amministrazioni del territorio. Sono stati inoltre migliorati e sviluppati nuovi strumenti digitali per abbattere qualsiasi \u201cbarriera architettonica digitale\u201d, tra cui il il CILP Assistant, un <a href=\"https:\/\/www.radiopiu.net\/wordpress\/al-libro-parlato-di-feltre-15mila-audiolibri\/248758859_10158557446024503_3649895660611844488_n\/\" rel=\"attachment wp-att-250025\"><img loading=\"lazy\" decoding=\"async\" class=\" wp-image-250025 alignright\" src=\"https:\/\/www.radiopiu.net\/wordpress\/wp-content\/uploads\/2021\/12\/248758859_10158557446024503_3649895660611844488_n-300x225.jpg\" alt=\"\" width=\"252\" height=\"189\" srcset=\"https:\/\/www.radiopiu.net\/wordpress\/wp-content\/uploads\/2021\/12\/248758859_10158557446024503_3649895660611844488_n-300x225.jpg 300w, https:\/\/www.radiopiu.net\/wordpress\/wp-content\/uploads\/2021\/12\/248758859_10158557446024503_3649895660611844488_n-1024x768.jpg 1024w, https:\/\/www.radiopiu.net\/wordpress\/wp-content\/uploads\/2021\/12\/248758859_10158557446024503_3649895660611844488_n-768x576.jpg 768w, https:\/\/www.radiopiu.net\/wordpress\/wp-content\/uploads\/2021\/12\/248758859_10158557446024503_3649895660611844488_n-1536x1152.jpg 1536w, https:\/\/www.radiopiu.net\/wordpress\/wp-content\/uploads\/2021\/12\/248758859_10158557446024503_3649895660611844488_n.jpg 2048w\" sizes=\"auto, (max-width: 252px) 100vw, 252px\" \/><\/a>assistente vocale compatibile con Google Home e Amazon Alexa capace di riprodurre libri e riviste in modo semplice, ma altrettanto innovativo, l\u2019applicazione per dispositivi Apple e Android grazie alla quale \u00e8 possibile eseguire tutte le operazioni di ricerca, download e ascolto direttamente dal proprio smartphone, ed \u00e8 stato realizzato il restyling del sito web per renderlo pi\u00f9 fruibile. Molte sono le iniziative in programma per il 2022, tra cui i progetti iniziati quest\u2019anno dai centri di coordinamento che il CILP ha su tutto il territorio nazionale, tra cui il reclutamento di donatori di voce nel carcere femminile di Bologna, portato avanti dal coordinatore Marzio Bossi, e il coinvolgimento del Servizio Civile da parte del centro di coordinamento di Cremona con la dott.ssa Elena Spelta.<em> &#8220;Siamo molto soddisfatti dal grande lavoro che abbiamo svolto quest\u2019anno &#8211; dichiara Luisa Alchini, Presidente del Centro del Libro Parlato &#8211; e ci tengo a ringraziare tutti gli operatori interni e i collaboratori che hanno dato il loro contributo per raggiungere questi importanti risultati. Il 2022 ci vedr\u00e0 impegnati a portare avanti quello che abbiamo seminato in questi anni e a organizzare tanti eventi per la cittadinanza, tra cui uno in particolare dedicato alla dislessia&#8221;<\/em>. Per maggiori informazioni www.libroparlato.org<\/p>\n<p>AL LIBRO PARLATO DI FELTRE 15MILA AUDIOLIBRI<\/p>\n<p>&nbsp;<\/p>\n<hr \/>\n<p>&nbsp;<\/p>\n<blockquote>\n<h3>\u00a0SETTIMANA DI CONSIGLI COMUNALI<\/h3>\n<\/blockquote>\n<p><strong>LIVINALLONGO<\/strong> Lunedi alle 18.30 consiglio comunale Fodom, oltre alla consueta revisione delle partecipazioni, scioglimento consensuale della convenzione per lo svolgimento delle funzioni di segreteria comunale in forma associata.<\/p>\n<p><strong>VOLTAGO<\/strong> Cinque punti all&#8217;ordine del giorno nel consiglio comunale di martedi alle 18.30, compresa la mozione presentata dal consigliere Francesca Della Lucia in merito al conferimento della cittadinanza onoraria al milite ignoto. Il sindaco Giuseppe Schena propone: revisione delle partecipazioni, bilancio Asca, variazione d&#8217;urgenza.<\/p>\n<p><strong>ROCCA PIETORE<\/strong> Sar\u00e0 l&#8217;aria del Natale? Un consiglio comunale senza le interrogazioni della minoranza, anzi delle minoranza di Diana Iraci Borgia o del gruppo che fa riferimento a Marizio De Cassan. Martedi alle 18.30 seduta di ordinaria amministrazione con l&#8217;approvazione del Dup (documento di programmazione), variazione al bilancio, prelievo dal fondo di riserva, ricognizione delle partecipazioni possedute, bilancio di previsione Asca 2022 e programma per il conferimento di incarichi di collaborazione autonoma.<\/p>\n<p><strong>TAIBON<\/strong> Martedi alle 20:30 consiglio comunale convocato dal sindaco Silvia Tormen, all&#8217;ordine del giorno: affidamento servizio tesoreria, revisione delle partecipazioni, nomina revisore dei conti, approvazione bilancio di prevision dell&#8217;Azienda Speciale Multiservizi, impianto elettrico sul Corpassa, modifica del piano di pagamento dei canoniconcessori<\/p>\n<p><strong>FALCADE<\/strong> Consiglio comunale mercoledi alle 8 del mattino, all&#8217;ordine del giorno la variazione al bilancio, la revisione delle partecipazioni e il bilancio Asca.<\/p>\n<p><strong><a href=\"https:\/\/www.radiopiu.net\/wordpress\/depositate-le-liste-dei-due-candidati-sindaco-a-voltago-lo-stesso-e-avvenuto-anche-a-selva-di-cadore\/adriano-peretti\/\" rel=\"attachment wp-att-230839\"><img loading=\"lazy\" decoding=\"async\" class=\"wp-image-230839 alignleft\" src=\"https:\/\/www.radiopiu.net\/wordpress\/wp-content\/uploads\/2021\/09\/ADRIANO-PERETTI-300x300.jpeg\" alt=\"\" width=\"198\" height=\"198\" srcset=\"https:\/\/www.radiopiu.net\/wordpress\/wp-content\/uploads\/2021\/09\/ADRIANO-PERETTI-300x300.jpeg 300w, https:\/\/www.radiopiu.net\/wordpress\/wp-content\/uploads\/2021\/09\/ADRIANO-PERETTI-1024x1024.jpeg 1024w, https:\/\/www.radiopiu.net\/wordpress\/wp-content\/uploads\/2021\/09\/ADRIANO-PERETTI-150x150.jpeg 150w, https:\/\/www.radiopiu.net\/wordpress\/wp-content\/uploads\/2021\/09\/ADRIANO-PERETTI-768x768.jpeg 768w, https:\/\/www.radiopiu.net\/wordpress\/wp-content\/uploads\/2021\/09\/ADRIANO-PERETTI-1536x1536.jpeg 1536w, https:\/\/www.radiopiu.net\/wordpress\/wp-content\/uploads\/2021\/09\/ADRIANO-PERETTI.jpeg 2048w\" sizes=\"auto, (max-width: 198px) 100vw, 198px\" \/><\/a>SELVA DI CADORE<\/strong> Mercoledi alle 19 consiglio comunale, all&#8217;ordine del giorno: verifica delle aree\u00a0 e fabbricati per la residenza o attivit\u00e0 produttive che potranno essere ceduti in diritto di propriet\u00e0; approvazione documento Dup; approvazione della modifica sul regolamento dell&#8217;imposta di soggiorno. La minoranza di Adriano Peretti porta in consiglio tre interrogazioni, sulla designazione dei rappresentanti presso Enti, tassa di soggiorno e luminarie, microcriminalit\u00e0 post fatti di Lorenzago <em>&#8220;Chiediamo sia presa in considerazione l&#8217;ipotesi di stipulare un protocollo d&#8217;intesa con la Prefettura per istituire un progetto di controllo di vicinato&#8221;<\/em><\/p>\n<blockquote><p><strong>il consigliere Adriano Peretti (foto)<\/strong><\/p><\/blockquote>\n<audio class=\"wp-audio-shortcode\" id=\"audio-249896-4\" preload=\"none\" style=\"width: 100%;\" controls=\"controls\"><source type=\"audio\/ogg\" src=\"https:\/\/www.radiopiu.net\/wordpress\/wp-content\/uploads\/2021\/12\/peretti.ogg?_=4\" \/><a href=\"https:\/\/www.radiopiu.net\/wordpress\/wp-content\/uploads\/2021\/12\/peretti.ogg\">https:\/\/www.radiopiu.net\/wordpress\/wp-content\/uploads\/2021\/12\/peretti.ogg<\/a><\/audio>\n<p>&nbsp;<\/p>\n<p>&nbsp;<\/p>\n<hr \/>\n<p>&nbsp;<\/p>\n<blockquote>\n<h3>IL CEIS DI BELLUNO CERCA 10 VOLONTARI<\/h3>\n<\/blockquote>\n<p><strong>BELLUNO <\/strong>Il Centro Italiano di Solidariet\u00e0 di Belluno \u00e8 ACCREDITATO PER IL SERVIZIO CIVILE UNIVERSALE e seleziona 10 volontari da impiegare nel progetto \u201cABBRACCIO-percorso di contrasto alle dipendenze\u201d. Disponibili 10 posti in 5 sedi in provincia di Belluno. Il Servizio prevede l\u2019inserimento nelle Comunit\u00e0 Terapeutiche (Comune di Belluno) per persone con problemi di dipendenza da sostanze d\u2019abuso o nel settore di progettazione sociale e inserimento lavorativo di Ce.I.S. e della Cooperativa Sociale Integra (Comune di Belluno e Sospirolo).\u00a0 Nel sito <a href=\"http:\/\/www.serviziocivile.gov.it\/\">www.serviziocivile.gov.it<\/a> \u201csezione volontari\u201d ci sono le informazioni e la possibilit\u00e0 di leggere e scaricare il bando. Le domande devono essere presentate entro il 26 gennaio 2022.<\/p>\n<p>&nbsp;<\/p>\n<p>&nbsp;<\/p>\n<hr \/>\n<p>&nbsp;<\/p>\n<blockquote>\n<h3>LA COOP CADORE CERCA UN VICE RESPONSABILE Candidature entro il 10 gennaio 2022<\/h3>\n<\/blockquote>\n<p><strong>CADORE<\/strong> La cooperativa alla ricerca di una nuova figura per il settore pulizie, sanificazione e igienizzazione.\u00a0 L&#8217;avviso completo \u00e8 disponibile sulla pagina Facebook della Cadore s.c.s. e presto anche sul sito Internet della cooperativa (www.cadorescs.com). Gli interessati potranno inviare il proprio curriculum entro le 12 del 10 gennaio all\u2019indirizzo mail segreteria@cadorescs.com ; il CV potr\u00e0 anche essere consegnato a mano alla Segreteria nella sede amministrativa di Pieve di Cadore.<\/p>\n<p>&nbsp;<\/p>\n<p>&nbsp;<\/p>\n<hr \/>\n<blockquote>\n<h3><\/h3>\n<h3>VALPE CONSEGNA GLI ECOCALENDARI 2022 A SEDICO E NELL&#8217;AGORDINO<\/h3>\n<\/blockquote>\n<p><strong>AGORDO-SEDICO<\/strong>\u00a0 In questi giorni i nuovi calendari per l\u2019anno 2022 sono in consegna nelle case di tutti gli utenti di Sedico e dell\u2019Unione Montana Agordina. I nuovi calendari sono disponibili\u00a0 anche nel sito www.valpeambiente.it.<\/p>\n<p>&nbsp;<\/p>\n<hr \/>\n<blockquote>\n<h3><\/h3>\n<h3>AUGURI SPECIALI&#8230; DALLA NONNA PIU&#8217;.\u00a0 IL NATALE ALL&#8217;OSTERIA AL PIANO<\/h3>\n<\/blockquote>\n<p><a href=\"https:\/\/www.facebook.com\/mirko.mezzacasa\/videos\/1017942848788750\">https:\/\/www.facebook.com\/mirko.mezzacasa\/videos\/1017942848788750<\/a><\/p>\n<p>&nbsp;<\/p>\n<hr \/>\n<p>&nbsp;<\/p>\n<blockquote>\n<h3>IL CONCERTO DI NATALE CON IL GRUPPO FOLK VAL BIOIS<\/h3>\n<\/blockquote>\n<h2><strong><a href=\"https:\/\/www.radiopiu.net\/wordpress\/il-concerto-di-natale-con-il-gruppo-folk-val-biois\/71796522_1224550561080359_7415794991173206016_n\/\" rel=\"attachment wp-att-249791\"><img loading=\"lazy\" decoding=\"async\" class=\" wp-image-249791 alignleft\" src=\"https:\/\/www.radiopiu.net\/wordpress\/wp-content\/uploads\/2021\/12\/71796522_1224550561080359_7415794991173206016_n-e1640166448884-200x300.jpg\" alt=\"\" width=\"137\" height=\"206\" srcset=\"https:\/\/www.radiopiu.net\/wordpress\/wp-content\/uploads\/2021\/12\/71796522_1224550561080359_7415794991173206016_n-e1640166448884-200x300.jpg 200w, https:\/\/www.radiopiu.net\/wordpress\/wp-content\/uploads\/2021\/12\/71796522_1224550561080359_7415794991173206016_n-e1640166448884-683x1024.jpg 683w, https:\/\/www.radiopiu.net\/wordpress\/wp-content\/uploads\/2021\/12\/71796522_1224550561080359_7415794991173206016_n-e1640166448884-768x1152.jpg 768w, https:\/\/www.radiopiu.net\/wordpress\/wp-content\/uploads\/2021\/12\/71796522_1224550561080359_7415794991173206016_n-e1640166448884-1024x1536.jpg 1024w, https:\/\/www.radiopiu.net\/wordpress\/wp-content\/uploads\/2021\/12\/71796522_1224550561080359_7415794991173206016_n-e1640166448884.jpg 1296w\" sizes=\"auto, (max-width: 137px) 100vw, 137px\" \/><\/a><br \/>\n<\/strong><\/h2>\n<p>OSPITE MAYRA DE MARCO<\/p>\n<p><strong>AUDIO<\/strong><\/p>\n<p>&nbsp;<\/p>\n<p>&nbsp;<\/p>\n<p>&nbsp;<\/p>\n<p>DI CLAUDIO FONTANIVE<\/p>\n<audio class=\"wp-audio-shortcode\" id=\"audio-249896-5\" preload=\"none\" style=\"width: 100%;\" controls=\"controls\"><source type=\"audio\/mpeg\" src=\"https:\/\/www.radiopiu.net\/wordpress\/wp-content\/uploads\/2021\/12\/maira-de-marco-concerto-22-dicembre.mp3?_=5\" \/><a href=\"https:\/\/www.radiopiu.net\/wordpress\/wp-content\/uploads\/2021\/12\/maira-de-marco-concerto-22-dicembre.mp3\">https:\/\/www.radiopiu.net\/wordpress\/wp-content\/uploads\/2021\/12\/maira-de-marco-concerto-22-dicembre.mp3<\/a><\/audio>\n<p>&nbsp;<\/p>\n<p><img decoding=\"async\" src=\"https:\/\/www.radiopiu.net\/wordpress\/wp-content\/uploads\/2021\/12\/268979621_10228960172887902_8372804275403139717_n.jpg\" \/><\/p>\n<p>&nbsp;<\/p>\n<p>&nbsp;<\/p>\n<p>&nbsp;<\/p>\n<hr \/>\n<p><strong>\u00a0\u00a0<\/strong><\/p>\n<p>&nbsp;<\/p>\n<blockquote>\n<h3>ANNULLATO IL CONCERTO DEL CORO AGORDO<\/h3>\n<\/blockquote>\n<p><strong><a href=\"https:\/\/www.radiopiu.net\/wordpress\/giornale-radiopiu-23-dicembre-2020-direttore-mirko-mezzacasa\/18402019_1963585183658352_108074474785960414_o\/\" rel=\"attachment wp-att-181231\"><img loading=\"lazy\" decoding=\"async\" class=\"size-medium wp-image-181231 alignleft\" src=\"https:\/\/www.radiopiu.net\/wordpress\/wp-content\/uploads\/2020\/12\/18402019_1963585183658352_108074474785960414_o-300x199.jpg\" alt=\"\" width=\"300\" height=\"199\" srcset=\"https:\/\/www.radiopiu.net\/wordpress\/wp-content\/uploads\/2020\/12\/18402019_1963585183658352_108074474785960414_o-300x199.jpg 300w, https:\/\/www.radiopiu.net\/wordpress\/wp-content\/uploads\/2020\/12\/18402019_1963585183658352_108074474785960414_o-1024x680.jpg 1024w, https:\/\/www.radiopiu.net\/wordpress\/wp-content\/uploads\/2020\/12\/18402019_1963585183658352_108074474785960414_o-768x510.jpg 768w, https:\/\/www.radiopiu.net\/wordpress\/wp-content\/uploads\/2020\/12\/18402019_1963585183658352_108074474785960414_o-1536x1020.jpg 1536w, https:\/\/www.radiopiu.net\/wordpress\/wp-content\/uploads\/2020\/12\/18402019_1963585183658352_108074474785960414_o.jpg 2048w\" sizes=\"auto, (max-width: 300px) 100vw, 300px\" \/><\/a>AGORDO<\/strong> Vista l\u2019impennata esponenziale di contagi da Corona Virus che si sta allargando, come una macchia d\u2019olio, in questi ultimi giorni anche nel bellunese, Agordino incluso, il Coro Agordo ha deciso di annullare il Concerto di Natale del 26 dicembre. Crediamo fermamente &#8211; dice Gabriele Riva, presidente del gruppo vocale agordino &#8211; che davanti alla nostra passione per il canto, alla nostra voglia di stare assieme e al desiderio di incontrare i nostri amici, in questo momento si debba porre la sicurezza, l\u2019incolumit\u00e0 e la salute di tutti. Nella certezza &#8211; continua Riva &#8211; che il 2022 sar\u00e0 un anno nuovo non solo sul calendario ma anche nella nostra vita e nella nostra quotidianit\u00e0, il Coro Agordo augura un Natale fatto di affetti veri, di cose e gesti semplici e di grandi pensieri, quelli positivi e pieni di ottimismo, che portano a vedere un domani luminoso e di speranza.<\/p>\n<p>&nbsp;<\/p>\n<p>ALLARADIO GABRIELE RIVA<\/p>\n<audio class=\"wp-audio-shortcode\" id=\"audio-249896-6\" preload=\"none\" style=\"width: 100%;\" controls=\"controls\"><source type=\"audio\/mpeg\" src=\"https:\/\/www.radiopiu.net\/wordpress\/wp-content\/uploads\/2021\/12\/RIVA.mp3?_=6\" \/><a href=\"https:\/\/www.radiopiu.net\/wordpress\/wp-content\/uploads\/2021\/12\/RIVA.mp3\">https:\/\/www.radiopiu.net\/wordpress\/wp-content\/uploads\/2021\/12\/RIVA.mp3<\/a><\/audio>\n<p>&nbsp;<\/p>\n<hr \/>\n<p>&nbsp;<\/p>\n<p>&nbsp;<\/p>\n<blockquote>\n<h3>CONCERTO DI NATALE CON L&#8217;ORCHESTRA DOLOMITI SYNPHONIA E SILVIA TESSARI<\/h3>\n<\/blockquote>\n<p><span class=\"normaltextrun\"><a href=\"https:\/\/www.radiopiu.net\/wordpress\/giornale-radiopiu-24-dicembre-2021-direttore-mirko-mezzacasa\/foto-orchestra-dolomiti-symphonia-1\/\" rel=\"attachment wp-att-250104\"><img loading=\"lazy\" decoding=\"async\" class=\"size-medium wp-image-250104 alignleft\" src=\"https:\/\/www.radiopiu.net\/wordpress\/wp-content\/uploads\/2021\/12\/foto-orchestra-Dolomiti-Symphonia-1-300x172.jpg\" alt=\"\" width=\"300\" height=\"172\" srcset=\"https:\/\/www.radiopiu.net\/wordpress\/wp-content\/uploads\/2021\/12\/foto-orchestra-Dolomiti-Symphonia-1-300x172.jpg 300w, https:\/\/www.radiopiu.net\/wordpress\/wp-content\/uploads\/2021\/12\/foto-orchestra-Dolomiti-Symphonia-1-1024x588.jpg 1024w, https:\/\/www.radiopiu.net\/wordpress\/wp-content\/uploads\/2021\/12\/foto-orchestra-Dolomiti-Symphonia-1-768x441.jpg 768w, https:\/\/www.radiopiu.net\/wordpress\/wp-content\/uploads\/2021\/12\/foto-orchestra-Dolomiti-Symphonia-1-1536x883.jpg 1536w, https:\/\/www.radiopiu.net\/wordpress\/wp-content\/uploads\/2021\/12\/foto-orchestra-Dolomiti-Symphonia-1-2048x1177.jpg 2048w\" sizes=\"auto, (max-width: 300px) 100vw, 300px\" \/><\/a><strong>FALCADE<\/strong> Mercoled\u00ec 29 dicembre, alle ore 21.00, nella chiesa parrocchiale di Falcade, l\u2019orchestra Dolomiti Symphonia (oltre trenta elementi), il direttore Delio Cassetta e la pianista Silvia Tessari aspetteranno il pubblico per dare il via al concerto per Dante Moro. Grazie ad un nutrito gruppo di sostenitori istituzionali e privati, l\u2019evento avr\u00e0 luogo quest\u2019anno \u2018dal vivo\u2019, secondo le norme del distanziamento, dell\u2019utilizzo di mascherine (obbligatorie le FFP2 secondo l\u2019ultima normativa), del green pass rafforzato. Ma sar\u00e0 protagonista la musica. Musica che stupisce, porta humour e straordinariet\u00e0, ritmo e freschezza, com\u2019\u00e8 quella del \u201cSuonatore\u201d del giovane inglese Robin Haigh, brano vincitore della quinta edizione del concorso Dante Moro, in prima esecuzione assoluta. Musica che invece trascina, incanta, affascina ed entusiasma, com\u2019\u00e8 quella celeberrima del primo concerto per pianoforte e orchestra di Tchaikovsky. L\u2019evento \u00e8 ad ingresso libero. Si raccomanda la prenotazione al numero 3478870898.<\/span><\/p>\n<p>&nbsp;<\/p>\n<hr \/>\n<p>&nbsp;<\/p>\n<blockquote>\n<h3>NADEL IGNANTER I TABIEI<\/h3>\n<\/blockquote>\n<p><strong>ROCCA PIETORE<\/strong> A Sottoguda a Natale ci saranno i mercatini tra le vie del paese, nei giorni 28 e 29 dicembre dalle 13 alle 19. Martedi 28 alle 16 &#8220;musica, neve e magia&#8221; con il concerto di Sara Stocco (voce) e Nella Hristova (pianoforte)<\/p>\n<p>&nbsp;<\/p>\n<p>&nbsp;<\/p>\n<hr \/>\n<p>&nbsp;<\/p>\n<blockquote>\n<h3>APERTURA INVERNALE DEL CASTELLO DI ANDRAZ<\/h3>\n<\/blockquote>\n<p><strong>LIVINALLONGO <\/strong>Normalmente d\u2019inverno il Castello di Andraz rimane chiuso al pubblico a causa delle grandi quantit\u00e0 di neve che interessano l\u2019area. Quest\u2019anno invece il meteo \u00e8 favorevole e quindi, solo per pochi giorni e per poche ore, il castello aprir\u00e0. Le visite (guidate e su prenotazione ma non particolarmente specialistiche e quindi accessibili a tutti) si concentreranno in particolare sulla figura di Nicol\u00f2 Cusano, vissuto al castello attorno alla met\u00e0 del XV secolo, che proprio qui ha compiuto studi in campo astronomico di notevole rilevanza. \u00c8 infatti in funzione gi\u00e0 da qualche settimana il foro utilizzato per gli studi sul solstizio d\u2019inverno: un\u2019occasione imperdibile. Le aperture straordinarie avverranno il 19, 22, 26 e 29 dicembre dalle 13 alle 15. Per prenotare la visita guidata 334 3346680. Informazioni su www.castellodiandraz.it<\/p>\n<p>&nbsp;<\/p>\n<p>&nbsp;<\/p>\n<hr \/>\n<p>&nbsp;<\/p>\n<blockquote>\n<h3>LA BIBLIOTECA DI LIMANA CHIUDE PER IL NATALE<\/h3>\n<\/blockquote>\n<p><strong>LIMANA <\/strong>La Biblioteca di Limana sar\u00e0 chiusa al pubblico nelle due vigilie del 24 e del 31 dicembre. Rimarr\u00e0 chiusa anche dal 3 al 7 gennaio 2022.<\/p>\n<p>&nbsp;<\/p>\n<p>&nbsp;<\/p>\n<hr \/>\n<p>&nbsp;<\/p>\n<blockquote>\n<h3>IL GIOCO DEL TEATRO CON DOLOMITI HUB<\/h3>\n<\/blockquote>\n<p><strong>FONZASO<\/strong> Il 27, 29 e 30 dicembre alla ex scuola elementare di Arten, Dolomiti Hub e Tib Teatro organizzano &#8220;Gioca teatro. Scopro elaboro imparo. Ingresso gratuito, <a href=\"https:\/\/webkolm.musvc2.net\/e\/t?q=7%3d1U7U9b%26q%3db%26n%3dUAW%26o%3dX7X2T%26z%3dBtLuM_rsXt_33_wuSr_70_rsXt_28iIlGrCtAmOb.Ay_LQuU_VfEt8uDt-Cs5wCzAtHe-Df6oJfNoJnI-tAgNe3yLo-6n7eEgLe-TEV1_JVwP_Tk_LQuU_WfMyG_sGzLc7_wuSr_88n72Ml7yNeJ_wuSr_7ZuLr_Ge6nOm_JVwP_Ui9m3nF_rsXt_2XzNm5a3f_5fGp3nAn_JVwP_Ui7oFk9r7sTa%266%3drOsNhV.n7y%26Cs%3dT9c6&amp;mupckp=mupAtu4m8OiX0wt\" target=\"_blank\" rel=\"noopener\"><u>iscrizione obbligatoria<\/u><\/a>.<\/p>\n<p>&nbsp;<\/p>\n<p>&nbsp;<\/p>\n<hr \/>\n<p>&nbsp;<\/p>\n<blockquote>\n<h3>LE ANTICHE BAMBOLE AL CENTRO CIVICO<\/h3>\n<\/blockquote>\n<p><strong>SANTA GIUSTINA<\/strong>\u00a0 Sar\u00e0 inaugurata domenica\u00a0 alle\u00a0 16 la mostra di bambole antiche che l\u2019Assessorato alla Cultura ha promosso e organizzato grazie alla disponibilit\u00e0 della collezionista zoldana Lia Brustolon e di Stefano Cassol curatore dell\u2019esposizione che sar\u00e0 sempre presente durante le aperture per illustrare storia e caratteristiche degli oggetti esposti. La mostra, collocata nella sala del pianoterra del Centro Culturale di via cal de formiga, rimarr\u00e0 aperta fino al 6 gennaio con aperture pomeridiane dalle 15.00 alle 19.00: l\u2019accesso \u00e8 consentito con Green Pass rafforzato <em>\u201cCon questa iniziativa vorremmo dare un segnale di ripresa delle attivit\u00e0 culturali- sottolinea l\u2019assessore alla cultura Michela Colotto,- ci auguriamo che la mostra sia frequentata dai nostri concittadini, ma anche da fuori Comune perch\u00e9 si tratta di qualcosa di davvero particolare e che la situazione ci permetta di proporre altri eventi di qualit\u00e0 in tutta sicurezza, perch\u00e9 la situazione Covid sta pesantemente condizionando tutto il settore.\u201d<\/em><\/p>\n<p>&nbsp;<\/p>\n<p>&nbsp;<\/p>\n<hr \/>\n<p>&nbsp;<\/p>\n<h2><span style=\"color: #ff0000;\">IERI ALLA RADIO\u00a0<\/span><\/h2>\n<h2><strong><a href=\"https:\/\/www.radiopiu.net\/wordpress\/collage-di-loris-scussel-dal-lunedi-al-venerdi-alle-16-e-alle-23-su-radio-piu\/piscina_agordo\/\" rel=\"attachment wp-att-213759\"><img loading=\"lazy\" decoding=\"async\" class=\"size-medium wp-image-213759 alignleft\" src=\"https:\/\/www.radiopiu.net\/wordpress\/wp-content\/uploads\/2021\/06\/piscina_agordo-300x200.jpg\" alt=\"\" width=\"300\" height=\"200\" srcset=\"https:\/\/www.radiopiu.net\/wordpress\/wp-content\/uploads\/2021\/06\/piscina_agordo-300x200.jpg 300w, https:\/\/www.radiopiu.net\/wordpress\/wp-content\/uploads\/2021\/06\/piscina_agordo-1024x684.jpg 1024w, https:\/\/www.radiopiu.net\/wordpress\/wp-content\/uploads\/2021\/06\/piscina_agordo-768x513.jpg 768w, https:\/\/www.radiopiu.net\/wordpress\/wp-content\/uploads\/2021\/06\/piscina_agordo-1536x1026.jpg 1536w, https:\/\/www.radiopiu.net\/wordpress\/wp-content\/uploads\/2021\/06\/piscina_agordo-2048x1368.jpg 2048w\" sizes=\"auto, (max-width: 300px) 100vw, 300px\" \/><\/a><\/strong><span style=\"color: #0000ff;\">L&#8217;ANTIVIGILIA DI NATALE ALLA PISCINA DI AGORDO<\/span><\/h2>\n<p><strong>di Claudio Fontanive<\/strong><\/p>\n<p>OSPITI: Roberto Broglio, Cristiana Carazzai, Annamaria Vieceli<\/p>\n<audio class=\"wp-audio-shortcode\" id=\"audio-249896-7\" preload=\"none\" style=\"width: 100%;\" controls=\"controls\"><source type=\"audio\/mpeg\" src=\"https:\/\/www.radiopiu.net\/wordpress\/wp-content\/uploads\/2021\/12\/piscina-23-dicembre.mp3?_=7\" \/><a href=\"https:\/\/www.radiopiu.net\/wordpress\/wp-content\/uploads\/2021\/12\/piscina-23-dicembre.mp3\">https:\/\/www.radiopiu.net\/wordpress\/wp-content\/uploads\/2021\/12\/piscina-23-dicembre.mp3<\/a><\/audio>\n<p>&nbsp;<\/p>\n<hr \/>\n<p>&nbsp;<\/p>\n<h2><strong><a href=\"https:\/\/www.radiopiu.net\/wordpress\/giornale-radiopiu-06-febbraio-2019-direttore-mirko-mezzacasa\/logo_spi-cgil-800x445\/\" rel=\"attachment wp-att-75538\"><img loading=\"lazy\" decoding=\"async\" class=\"size-medium wp-image-75538 alignleft\" src=\"https:\/\/www.radiopiu.net\/wordpress\/wp-content\/uploads\/2019\/02\/Logo_Spi-CGIL-800x445-300x167.jpg\" alt=\"\" width=\"300\" height=\"167\" srcset=\"https:\/\/www.radiopiu.net\/wordpress\/wp-content\/uploads\/2019\/02\/Logo_Spi-CGIL-800x445-300x167.jpg 300w, https:\/\/www.radiopiu.net\/wordpress\/wp-content\/uploads\/2019\/02\/Logo_Spi-CGIL-800x445-768x427.jpg 768w, https:\/\/www.radiopiu.net\/wordpress\/wp-content\/uploads\/2019\/02\/Logo_Spi-CGIL-800x445.jpg 800w\" sizes=\"auto, (max-width: 300px) 100vw, 300px\" \/><\/a><span style=\"color: #ff6600;\">SPECIALE SPI CGIL &#8211; 23 DICEMBRE 2021<\/span><\/strong><\/h2>\n<p><strong>di Claudio Fontanive<\/strong><\/p>\n<p>OSPITE: Maria Grazia Gentilin<\/p>\n<audio class=\"wp-audio-shortcode\" id=\"audio-249896-8\" preload=\"none\" style=\"width: 100%;\" controls=\"controls\"><source type=\"audio\/mpeg\" src=\"https:\/\/www.radiopiu.net\/wordpress\/wp-content\/uploads\/2021\/12\/spi-cgil-23-dicembre.mp3?_=8\" \/><a href=\"https:\/\/www.radiopiu.net\/wordpress\/wp-content\/uploads\/2021\/12\/spi-cgil-23-dicembre.mp3\">https:\/\/www.radiopiu.net\/wordpress\/wp-content\/uploads\/2021\/12\/spi-cgil-23-dicembre.mp3<\/a><\/audio>\n<p>&nbsp;<\/p>\n<p>&nbsp;<\/p>\n<hr \/>\n<p>&nbsp;<\/p>\n<p>&nbsp;<\/p>\n<blockquote class=\"wp-embedded-content\" data-secret=\"BtT4LmnLMc\"><p><a href=\"https:\/\/www.radiopiu.net\/wordpress\/zeloa\/\">MONTE CELO (ZELO) ED ALPENFESTUNG  ARTICOLO COMPLETO IN TRE PARTI<\/a><\/p><\/blockquote>\n<p><iframe loading=\"lazy\" class=\"wp-embedded-content\" sandbox=\"allow-scripts\" security=\"restricted\" style=\"position: absolute; clip: rect(1px, 1px, 1px, 1px);\" title=\"&#8220;MONTE CELO (ZELO) ED ALPENFESTUNG  ARTICOLO COMPLETO IN TRE PARTI&#8221; &#8212; Radio Pi\u00f9\" src=\"https:\/\/www.radiopiu.net\/wordpress\/zeloa\/embed\/#?secret=BtT4LmnLMc\" data-secret=\"BtT4LmnLMc\" width=\"600\" height=\"338\" frameborder=\"0\" marginwidth=\"0\" marginheight=\"0\" scrolling=\"no\"><\/iframe><\/p>\n<p>&nbsp;<\/p>\n<p>&nbsp;<\/p>\n<hr \/>\n<p>&nbsp;<\/p>\n<div>\n<div class=\"b654a4as d2edcug0\">\n<div class=\"rq0escxv hkbzh7o3 jwdofwj8 n8tt0mok r8blr3vg hyh9befq\">\n<p><a class=\"dt-pswp-item\" href=\"https:\/\/www.radiopiu.net\/wordpress\/wp-content\/uploads\/2020\/10\/pp.jpg\" data-dt-img-description=\"\" data-large_image_width=\"640\" data-large_image_height=\"640\"><img loading=\"lazy\" decoding=\"async\" class=\"wp-image-163678 alignleft\" src=\"https:\/\/www.radiopiu.net\/wordpress\/wp-content\/uploads\/2020\/10\/pp-300x300.jpg\" alt=\"\" width=\"106\" height=\"106\" srcset=\"https:\/\/www.radiopiu.net\/wordpress\/wp-content\/uploads\/2020\/10\/pp-300x300.jpg 300w, https:\/\/www.radiopiu.net\/wordpress\/wp-content\/uploads\/2020\/10\/pp-150x150.jpg 150w, https:\/\/www.radiopiu.net\/wordpress\/wp-content\/uploads\/2020\/10\/pp-125x125.jpg 125w, https:\/\/www.radiopiu.net\/wordpress\/wp-content\/uploads\/2020\/10\/pp-200x200.jpg 200w, https:\/\/www.radiopiu.net\/wordpress\/wp-content\/uploads\/2020\/10\/pp-80x80.jpg 80w, https:\/\/www.radiopiu.net\/wordpress\/wp-content\/uploads\/2020\/10\/pp-480x480.jpg 480w, https:\/\/www.radiopiu.net\/wordpress\/wp-content\/uploads\/2020\/10\/pp.jpg 640w\" sizes=\"auto, (max-width: 106px) 100vw, 106px\" \/><\/a><\/p>\n<\/div>\n<\/div>\n<\/div>\n<div>\n<div class=\"page-title-head hgroup\">\n<div class=\"page-title-head hgroup\">\n<div class=\"b654a4as d2edcug0\">\n<div class=\"j83agx80 btwxx1t3 lhclo0ds hop8lmos nkwizq5d scwd0bx6 roh60bw9\">\n<div class=\"rq0escxv hkbzh7o3 jwdofwj8 n8tt0mok r8blr3vg hyh9befq\">\n<div class=\"do00u71z l9j0dhe7 k4urcfbm\">\n<h2><span style=\"color: #000080;\">DON CESARE, IL PENSIERO DEL GIORNO. ALLA RADIO ALLE 7 DEL MATTINO E ALLE 19.30 DELLA SERA.\u00a0\u00a0<\/span><\/h2>\n<p>&nbsp;<\/p>\n<\/div>\n<div class=\"do00u71z l9j0dhe7 k4urcfbm\">\n<audio class=\"wp-audio-shortcode\" id=\"audio-249896-9\" preload=\"none\" style=\"width: 100%;\" controls=\"controls\"><source type=\"audio\/mpeg\" src=\"https:\/\/www.radiopiu.net\/wordpress\/wp-content\/uploads\/2021\/12\/cesare-11.mp3?_=9\" \/><a href=\"https:\/\/www.radiopiu.net\/wordpress\/wp-content\/uploads\/2021\/12\/cesare-11.mp3\">https:\/\/www.radiopiu.net\/wordpress\/wp-content\/uploads\/2021\/12\/cesare-11.mp3<\/a><\/audio>\n<p>&nbsp;<\/p>\n<p>&nbsp;<\/p>\n<hr \/>\n<p>&nbsp;<\/p>\n<p>&nbsp;<\/p>\n<p>&nbsp;<\/p>\n<blockquote>\n<h3 class=\"articlePlainTitle\"><a href=\"https:\/\/www.radiopiu.net\/wordpress\/giornale-radiopiu-22-dicembre-2021-direttore-mirko-mezzacasa\/th-277\/\" rel=\"attachment wp-att-249716\"><img loading=\"lazy\" decoding=\"async\" class=\"wp-image-249716 alignleft\" src=\"https:\/\/www.radiopiu.net\/wordpress\/wp-content\/uploads\/2021\/12\/th-14.jpg\" alt=\"\" width=\"139\" height=\"185\" \/><\/a>&#8220;Arrivederci in paradiso&#8221; Domenica la presentazione<\/h3>\n<\/blockquote>\n<div class=\"articlePlainText\"><strong>VOLTAGO<\/strong> Domenica alle 16 nella chiesa di San Nicol\u00f2 a Frassen\u00e9 verr\u00e0 presentato il libro &#8220;Arrivederci in paradiso&#8221;, dedicato alla memoria di don Stefano Gorzegno, morto a soli 44 anni sulla spiaggia di Termoli il 30 luglio 2003 per salvare la vita a sette ragazzini a rischio annegamento. Ci saranno gli interventi di Francesco Mercanti, curatore della pubblicazione, del vescovo Marangoni, del parroco don Fabiano Del Favero e del sindaco Schena. Alle 18 la messa.<\/div>\n<p>&nbsp;<\/p>\n<p><strong>L&#8217;INVITO DI DON FABIANO DEL FAVERO PARROCO DELLE PARROCCHIE DEL POI, DA VOLTAGO A TISER<\/strong><\/p>\n<audio class=\"wp-audio-shortcode\" id=\"audio-249896-10\" preload=\"none\" style=\"width: 100%;\" controls=\"controls\"><source type=\"audio\/mpeg\" src=\"https:\/\/www.radiopiu.net\/wordpress\/wp-content\/uploads\/2021\/12\/don-fabiano.mp3?_=10\" \/><a href=\"https:\/\/www.radiopiu.net\/wordpress\/wp-content\/uploads\/2021\/12\/don-fabiano.mp3\">https:\/\/www.radiopiu.net\/wordpress\/wp-content\/uploads\/2021\/12\/don-fabiano.mp3<\/a><\/audio>\n<p>&nbsp;<\/p>\n<p>&nbsp;<\/p>\n<p>&nbsp;<\/p>\n<hr \/>\n<p>&nbsp;<\/p>\n<p>https:\/\/www.radiopiu.net\/wordpress\/la-valle-agordina-320-anni-dalla-boa-del-1701-quarta-parte-di-6\/<\/p>\n<p>&nbsp;<\/p>\n<p>&nbsp;<\/p>\n<hr \/>\n<p>&nbsp;<\/p>\n<div>\n<div class=\"page-title-head hgroup\">\n<div class=\"page-title-head hgroup\">\n<div class=\"b654a4as d2edcug0\">\n<div class=\"j83agx80 btwxx1t3 lhclo0ds hop8lmos nkwizq5d scwd0bx6 roh60bw9\">\n<div class=\"rq0escxv hkbzh7o3 jwdofwj8 n8tt0mok r8blr3vg hyh9befq\">\n<div class=\"do00u71z l9j0dhe7 k4urcfbm\">\n<div class=\"ecm0bbzt e5nlhep0 a8c37x1j\">\n<div class=\"kvgmc6g5 cxmmr5t8 oygrvhab hcukyx3x c1et5uql\">\n<div class=\"gmail-kvgmc6g5 gmail-cxmmr5t8 gmail-oygrvhab gmail-hcukyx3x gmail-c1et5uql gmail-ii04i59q\">\n<div class=\"page-title-head hgroup\">\n<div class=\"page-title-head hgroup\">\n<div class=\"b654a4as d2edcug0\">\n<div class=\"j83agx80 btwxx1t3 lhclo0ds hop8lmos nkwizq5d scwd0bx6 roh60bw9\">\n<div class=\"rq0escxv hkbzh7o3 jwdofwj8 n8tt0mok r8blr3vg hyh9befq\">\n<div class=\"do00u71z l9j0dhe7 k4urcfbm\">\n<p>&nbsp;<\/p>\n<h3 class=\"kvgmc6g5 cxmmr5t8 oygrvhab hcukyx3x c1et5uql\"><span style=\"color: #0000ff;\"><strong><a href=\"https:\/\/www.radiopiu.net\/wordpress\/riaperts\/immagine-racconti-di-natale\/\" rel=\"attachment wp-att-247743\"><img loading=\"lazy\" decoding=\"async\" class=\"wp-image-247743 alignleft\" src=\"https:\/\/www.radiopiu.net\/wordpress\/wp-content\/uploads\/2021\/12\/immagine-racconti-di-natale-249x300.jpg\" alt=\"\" width=\"90\" height=\"108\" srcset=\"https:\/\/www.radiopiu.net\/wordpress\/wp-content\/uploads\/2021\/12\/immagine-racconti-di-natale-249x300.jpg 249w, https:\/\/www.radiopiu.net\/wordpress\/wp-content\/uploads\/2021\/12\/immagine-racconti-di-natale-768x925.jpg 768w, https:\/\/www.radiopiu.net\/wordpress\/wp-content\/uploads\/2021\/12\/immagine-racconti-di-natale.jpg 771w\" sizes=\"auto, (max-width: 90px) 100vw, 90px\" \/><\/a>INFORMAZIONE il canale su TELEGRAM informazione di prima mano e in tempo reale. iscriviti ed aiutaci a farlo conoscere\u00a0<\/strong><\/span><\/h3>\n<blockquote>\n<h3><span style=\"color: #ff0000;\">I RACCONTI DI NATALE DI LUISA ALCHINI, DA MARTEDI AL 24 DICEMBRE TUTTI I GIORNI ALLE 10.05 E ALLE 20.20&#8230; SU RADIO PIU<\/span><\/h3>\n<\/blockquote>\n<p><strong>RACCONTO 1 14 DICEMBRE<\/strong><\/p>\n<audio class=\"wp-audio-shortcode\" id=\"audio-249896-11\" preload=\"none\" style=\"width: 100%;\" controls=\"controls\"><source type=\"audio\/mpeg\" src=\"https:\/\/www.radiopiu.net\/wordpress\/wp-content\/uploads\/2021\/12\/14.mp3?_=11\" \/><a href=\"https:\/\/www.radiopiu.net\/wordpress\/wp-content\/uploads\/2021\/12\/14.mp3\">https:\/\/www.radiopiu.net\/wordpress\/wp-content\/uploads\/2021\/12\/14.mp3<\/a><\/audio>\n<p><strong>RACCONTO 2 15 DICEMBRE\u00a0<\/strong><\/p>\n<audio class=\"wp-audio-shortcode\" id=\"audio-249896-12\" preload=\"none\" style=\"width: 100%;\" controls=\"controls\"><source type=\"audio\/mpeg\" src=\"https:\/\/www.radiopiu.net\/wordpress\/wp-content\/uploads\/2021\/12\/15.mp3?_=12\" \/><a href=\"https:\/\/www.radiopiu.net\/wordpress\/wp-content\/uploads\/2021\/12\/15.mp3\">https:\/\/www.radiopiu.net\/wordpress\/wp-content\/uploads\/2021\/12\/15.mp3<\/a><\/audio>\n<p><strong>RACCONTO 3 16 DICEMBRE<\/strong><\/p>\n<audio class=\"wp-audio-shortcode\" id=\"audio-249896-13\" preload=\"none\" style=\"width: 100%;\" controls=\"controls\"><source type=\"audio\/mpeg\" src=\"https:\/\/www.radiopiu.net\/wordpress\/wp-content\/uploads\/2021\/12\/16.mp3?_=13\" \/><a href=\"https:\/\/www.radiopiu.net\/wordpress\/wp-content\/uploads\/2021\/12\/16.mp3\">https:\/\/www.radiopiu.net\/wordpress\/wp-content\/uploads\/2021\/12\/16.mp3<\/a><\/audio>\n<p><strong>RACCONTO 4 17 DICEMBRE<\/strong><\/p>\n<audio class=\"wp-audio-shortcode\" id=\"audio-249896-14\" preload=\"none\" style=\"width: 100%;\" controls=\"controls\"><source type=\"audio\/mpeg\" src=\"https:\/\/www.radiopiu.net\/wordpress\/wp-content\/uploads\/2021\/12\/17.mp3?_=14\" \/><a href=\"https:\/\/www.radiopiu.net\/wordpress\/wp-content\/uploads\/2021\/12\/17.mp3\">https:\/\/www.radiopiu.net\/wordpress\/wp-content\/uploads\/2021\/12\/17.mp3<\/a><\/audio>\n<p><strong>RACCONTO 5 18 DICEMBRE<\/strong><\/p>\n<audio class=\"wp-audio-shortcode\" id=\"audio-249896-15\" preload=\"none\" style=\"width: 100%;\" controls=\"controls\"><source type=\"audio\/mpeg\" src=\"https:\/\/www.radiopiu.net\/wordpress\/wp-content\/uploads\/2021\/12\/racconto-natale-sabato-18-dicembre.mp3?_=15\" \/><a href=\"https:\/\/www.radiopiu.net\/wordpress\/wp-content\/uploads\/2021\/12\/racconto-natale-sabato-18-dicembre.mp3\">https:\/\/www.radiopiu.net\/wordpress\/wp-content\/uploads\/2021\/12\/racconto-natale-sabato-18-dicembre.mp3<\/a><\/audio>\n<p><strong>RACCONTO 6 20 DICEMBRE\u00a0<\/strong><\/p>\n<audio class=\"wp-audio-shortcode\" id=\"audio-249896-16\" preload=\"none\" style=\"width: 100%;\" controls=\"controls\"><source type=\"audio\/mpeg\" src=\"https:\/\/www.radiopiu.net\/wordpress\/wp-content\/uploads\/2021\/12\/racconta-natale-lunedi-20-dcembre.mp3?_=16\" \/><a href=\"https:\/\/www.radiopiu.net\/wordpress\/wp-content\/uploads\/2021\/12\/racconta-natale-lunedi-20-dcembre.mp3\">https:\/\/www.radiopiu.net\/wordpress\/wp-content\/uploads\/2021\/12\/racconta-natale-lunedi-20-dcembre.mp3<\/a><\/audio>\n<p><strong>\u00a0RACCONTO 7 21 DICEMBRE\u00a0\u00a0<\/strong><\/p>\n<audio class=\"wp-audio-shortcode\" id=\"audio-249896-17\" preload=\"none\" style=\"width: 100%;\" controls=\"controls\"><source type=\"audio\/mpeg\" src=\"https:\/\/www.radiopiu.net\/wordpress\/wp-content\/uploads\/2021\/12\/racconti-natale-21-dicembre.mp3?_=17\" \/><a href=\"https:\/\/www.radiopiu.net\/wordpress\/wp-content\/uploads\/2021\/12\/racconti-natale-21-dicembre.mp3\">https:\/\/www.radiopiu.net\/wordpress\/wp-content\/uploads\/2021\/12\/racconti-natale-21-dicembre.mp3<\/a><\/audio>\n<p><strong>RACCONTO 8 22 DICEMBRE\u00a0<\/strong><\/p>\n<audio class=\"wp-audio-shortcode\" id=\"audio-249896-18\" preload=\"none\" style=\"width: 100%;\" controls=\"controls\"><source type=\"audio\/mpeg\" src=\"https:\/\/www.radiopiu.net\/wordpress\/wp-content\/uploads\/2021\/12\/racconto-natale-22-dicembre.mp3?_=18\" \/><a href=\"https:\/\/www.radiopiu.net\/wordpress\/wp-content\/uploads\/2021\/12\/racconto-natale-22-dicembre.mp3\">https:\/\/www.radiopiu.net\/wordpress\/wp-content\/uploads\/2021\/12\/racconto-natale-22-dicembre.mp3<\/a><\/audio>\n<p><strong>\u00a0RACCONTO DEL 23 DICEMBRE\u00a0<\/strong><\/p>\n<audio class=\"wp-audio-shortcode\" id=\"audio-249896-19\" preload=\"none\" style=\"width: 100%;\" controls=\"controls\"><source type=\"audio\/mpeg\" src=\"https:\/\/www.radiopiu.net\/wordpress\/wp-content\/uploads\/2021\/12\/23.mp3?_=19\" \/><a href=\"https:\/\/www.radiopiu.net\/wordpress\/wp-content\/uploads\/2021\/12\/23.mp3\">https:\/\/www.radiopiu.net\/wordpress\/wp-content\/uploads\/2021\/12\/23.mp3<\/a><\/audio>\n<p>&nbsp;<\/p>\n<p>&nbsp;<\/p>\n<hr \/>\n<blockquote>\n<h3><\/h3>\n<h3>IN VIVO VERSO, SETTIMA STAGIONE CON BRUNELLA MORO, DAL LUNEDI AL VENERDI ALLE 7.10, 10.10 E 18.50<\/h3>\n<h3>ESSERE STELLA di LORELLA DE BON<\/h3>\n<\/blockquote>\n<p><strong>AUDIO<\/strong><\/p>\n<audio class=\"wp-audio-shortcode\" id=\"audio-249896-20\" preload=\"none\" style=\"width: 100%;\" controls=\"controls\"><source type=\"audio\/mpeg\" src=\"https:\/\/www.radiopiu.net\/wordpress\/wp-content\/uploads\/2021\/12\/04-LORELLA-DE-BON_ESSERE-STELLA.mp3?_=20\" \/><a href=\"https:\/\/www.radiopiu.net\/wordpress\/wp-content\/uploads\/2021\/12\/04-LORELLA-DE-BON_ESSERE-STELLA.mp3\">https:\/\/www.radiopiu.net\/wordpress\/wp-content\/uploads\/2021\/12\/04-LORELLA-DE-BON_ESSERE-STELLA.mp3<\/a><\/audio>\n<p>&nbsp;<\/p>\n<p><a href=\"https:\/\/www.radiopiu.net\/wordpress\/essere-stella-di-lorella-de-bon\/0345e5f2-ec0b-46ee-9fb3-39d37c333222\/\" rel=\"attachment wp-att-250038\"><img loading=\"lazy\" decoding=\"async\" class=\" wp-image-250038 alignleft\" src=\"https:\/\/www.radiopiu.net\/wordpress\/wp-content\/uploads\/2021\/12\/0345e5f2-ec0b-46ee-9fb3-39d37c333222-193x300.jpg\" alt=\"\" width=\"137\" height=\"213\" srcset=\"https:\/\/www.radiopiu.net\/wordpress\/wp-content\/uploads\/2021\/12\/0345e5f2-ec0b-46ee-9fb3-39d37c333222-193x300.jpg 193w, https:\/\/www.radiopiu.net\/wordpress\/wp-content\/uploads\/2021\/12\/0345e5f2-ec0b-46ee-9fb3-39d37c333222.jpg 660w\" sizes=\"auto, (max-width: 137px) 100vw, 137px\" \/><\/a>ESSERE STELLA<\/p>\n<p>Schiaccio il mento alla parete,<br \/>\ngli occhi, il naso, la fronte<br \/>\nstendo un cantico al muro<br \/>\ndimoro nell&#8217;intonaco, invisibile<br \/>\ndeclamo il visibile che sei, ideale<br \/>\ncreatura di luce, di sempre, di mai<br \/>\nche mai avr\u00f2 colmata la distanza<br \/>\nmai il desiderio di essere stella<br \/>\nche ti affonda negli occhi.<\/p>\n<p>&nbsp;<\/p>\n<p><strong>LA RACCOLTA COMPLETA\u00a0 \u00a0<\/strong><\/p>\n<blockquote class=\"wp-embedded-content\" data-secret=\"6QZxfYKnZE\"><p><a href=\"https:\/\/www.radiopiu.net\/wordpress\/in-vivo-verso\/\">In Vivo Verso<\/a><\/p><\/blockquote>\n<p><iframe loading=\"lazy\" class=\"wp-embedded-content\" sandbox=\"allow-scripts\" security=\"restricted\" style=\"position: absolute; clip: rect(1px, 1px, 1px, 1px);\" title=\"&#8220;In Vivo Verso&#8221; &#8212; Radio Pi\u00f9\" src=\"https:\/\/www.radiopiu.net\/wordpress\/in-vivo-verso\/embed\/#?secret=6QZxfYKnZE\" data-secret=\"6QZxfYKnZE\" width=\"600\" height=\"338\" frameborder=\"0\" marginwidth=\"0\" marginheight=\"0\" scrolling=\"no\"><\/iframe><\/p>\n<p>&nbsp;<\/p>\n<h3><strong>ALBERTO BARONI-BRUNELLA MORO<\/strong><\/h3>\n<p><iframe loading=\"lazy\" title=\"LA CAVALLA STORNA di Giovanni Pascoli\" width=\"1200\" height=\"675\" src=\"https:\/\/www.youtube.com\/embed\/pkAtucOuqQs?feature=oembed\" frameborder=\"0\" allow=\"accelerometer; autoplay; clipboard-write; encrypted-media; gyroscope; picture-in-picture\" allowfullscreen><\/iframe><\/p>\n<p>&nbsp;<\/p>\n<div>\n<div class=\"page-title-head hgroup\">\n<div class=\"page-title-head hgroup\">\n<div class=\"b654a4as d2edcug0\">\n<div class=\"j83agx80 btwxx1t3 lhclo0ds hop8lmos nkwizq5d scwd0bx6 roh60bw9\">\n<div class=\"rq0escxv hkbzh7o3 jwdofwj8 n8tt0mok r8blr3vg hyh9befq\">\n<div class=\"do00u71z l9j0dhe7 k4urcfbm\">\n<div class=\"ecm0bbzt e5nlhep0 a8c37x1j\">\n<div class=\"kvgmc6g5 cxmmr5t8 oygrvhab hcukyx3x c1et5uql\">\n<div class=\"gmail-kvgmc6g5 gmail-cxmmr5t8 gmail-oygrvhab gmail-hcukyx3x gmail-c1et5uql gmail-ii04i59q\">\n<div class=\"page-title-head hgroup\">\n<div class=\"page-title-head hgroup\">\n<div class=\"b654a4as d2edcug0\">\n<div class=\"j83agx80 btwxx1t3 lhclo0ds hop8lmos nkwizq5d scwd0bx6 roh60bw9\">\n<div class=\"rq0escxv hkbzh7o3 jwdofwj8 n8tt0mok r8blr3vg hyh9befq\">\n<div class=\"do00u71z l9j0dhe7 k4urcfbm\">\n<p>&nbsp;<\/p>\n<\/div>\n<\/div>\n<\/div>\n<\/div>\n<\/div>\n<\/div>\n<\/div>\n<\/div>\n<\/div>\n<\/div>\n<\/div>\n<\/div>\n<\/div>\n<\/div>\n<\/div>\n<\/div>\n<hr \/>\n<p>&nbsp;<\/p>\n<p><span style=\"color: #0000ff;\">MUSICA PIU&#8217;\u00a0<\/span><\/p>\n<p><a href=\"https:\/\/www.radiopiu.net\/wordpress\/giornale-radiopiu-20-settembre-2021-direttore-mirko-mezzacasa\/pp-79\/\" rel=\"attachment wp-att-232921\"><img loading=\"lazy\" decoding=\"async\" class=\"wp-image-232921 alignleft\" src=\"https:\/\/www.radiopiu.net\/wordpress\/wp-content\/uploads\/2021\/09\/pp-1-300x300.jpg\" alt=\"\" width=\"135\" height=\"135\" srcset=\"https:\/\/www.radiopiu.net\/wordpress\/wp-content\/uploads\/2021\/09\/pp-1-300x300.jpg 300w, https:\/\/www.radiopiu.net\/wordpress\/wp-content\/uploads\/2021\/09\/pp-1-150x150.jpg 150w, https:\/\/www.radiopiu.net\/wordpress\/wp-content\/uploads\/2021\/09\/pp-1.jpg 640w\" sizes=\"auto, (max-width: 135px) 100vw, 135px\" \/><\/a><\/p>\n<div class=\"mkdf-post-text\">\n<div class=\"mkdf-post-text-inner\">\n<div class=\"mkdf-post-text-main\">\n<div class=\"mkdf-post-text\">\n<div class=\"mkdf-post-text-inner\">\n<div class=\"mkdf-post-text-main\">\n<div class=\"mkdf-post-text\">\n<div class=\"mkdf-post-text-inner\">\n<div class=\"mkdf-post-text-main\">\n<div class=\"page-title-head hgroup\">\n<div class=\"page-title-head hgroup\">\n<div class=\"mkdf-post-text\">\n<div class=\"mkdf-post-text-inner\">\n<div class=\"mkdf-post-text-main\">\n<div class=\"mkdf-post-text\">\n<div class=\"mkdf-post-text-inner\">\n<div class=\"mkdf-post-text-main\">\n<div class=\"page-title-head hgroup\">\n<div class=\"page-title-head hgroup\">\n<div class=\"page-title-head hgroup\">\n<div class=\"page-title-head hgroup\">\n<div class=\"b654a4as d2edcug0\">\n<div class=\"page-title-head hgroup\">\n<div class=\"page-title-head hgroup\">\n<div class=\"page-title-head hgroup\">\n<div class=\"page-title-head hgroup\">\n<div class=\"b654a4as d2edcug0\">\n<div class=\"page-title-head hgroup\">\n<div class=\"page-title-head hgroup\">\n<div class=\"page-title-head hgroup\">\n<div class=\"page-title-head hgroup\">\n<div class=\"b654a4as d2edcug0\">\n<div class=\"mkdf-post-text\">\n<div class=\"mkdf-post-text-inner\">\n<div class=\"mkdf-post-text-main\">\n<div class=\"mkdf-post-text\">\n<div class=\"mkdf-post-text-inner\">\n<div class=\"mkdf-post-text-main\">\n<div class=\"mkdf-post-text\">\n<div class=\"mkdf-post-text-inner\">\n<div class=\"mkdf-post-text-main\">\n<div class=\"page-title-head hgroup\">\n<div class=\"page-title-head hgroup\">\n<div class=\"mkdf-post-text\">\n<div class=\"mkdf-post-text-inner\">\n<div class=\"mkdf-post-text-main\">\n<div class=\"mkdf-post-text\">\n<div class=\"mkdf-post-text-inner\">\n<div class=\"mkdf-post-text-main\">\n<div class=\"page-title-head hgroup\">\n<div class=\"page-title-head hgroup\">\n<div class=\"page-title-head hgroup\">\n<div class=\"page-title-head hgroup\">\n<div class=\"b654a4as d2edcug0\">\n<div class=\"page-title-head hgroup\">\n<div class=\"page-title-head hgroup\">\n<div class=\"page-title-head hgroup\">\n<div class=\"page-title-head hgroup\">\n<div class=\"b654a4as d2edcug0\">\n<div class=\"page-title-head hgroup\">\n<div class=\"page-title-head hgroup\">\n<div class=\"page-title-head hgroup\">\n<div class=\"page-title-head hgroup\">\n<div class=\"b654a4as d2edcug0\">\n<div><\/div>\n<div><\/div>\n<div>\n<p><strong>MUSICA ALLA RADIO, IL PROGRAMMA DI LORIS SCUSSEL &#8220;COLLAGE OPERAZIONE NOSTALGIA&#8221; DAL LUNEDI AL VENERDI ALLE 16.00\u00a0 E ALLE 23\u00a0<\/strong><\/p>\n<\/div>\n<p>&nbsp;<\/p>\n<p><strong>PUNTATA 504<\/strong><\/p>\n<audio class=\"wp-audio-shortcode\" id=\"audio-249896-21\" preload=\"none\" style=\"width: 100%;\" controls=\"controls\"><source type=\"audio\/mpeg\" src=\"https:\/\/www.radiopiu.net\/wordpress\/wp-content\/uploads\/2021\/12\/Collage-504.mp3?_=21\" \/><a href=\"https:\/\/www.radiopiu.net\/wordpress\/wp-content\/uploads\/2021\/12\/Collage-504.mp3\">https:\/\/www.radiopiu.net\/wordpress\/wp-content\/uploads\/2021\/12\/Collage-504.mp3<\/a><\/audio>\n<blockquote><p>&nbsp;<\/p><\/blockquote>\n<p>&nbsp;<\/p>\n<\/div>\n<\/div>\n<\/div>\n<\/div>\n<\/div>\n<\/div>\n<\/div>\n<\/div>\n<\/div>\n<\/div>\n<\/div>\n<\/div>\n<\/div>\n<\/div>\n<\/div>\n<\/div>\n<\/div>\n<\/div>\n<\/div>\n<\/div>\n<\/div>\n<\/div>\n<\/div>\n<\/div>\n<\/div>\n<\/div>\n<\/div>\n<\/div>\n<\/div>\n<\/div>\n<\/div>\n<\/div>\n<\/div>\n<\/div>\n<\/div>\n<\/div>\n<\/div>\n<\/div>\n<\/div>\n<\/div>\n<\/div>\n<\/div>\n<\/div>\n<\/div>\n<\/div>\n<\/div>\n<\/div>\n<\/div>\n<\/div>\n<\/div>\n<\/div>\n<\/div>\n<\/div>\n<\/div>\n<\/div>\n<\/div>\n<\/div>\n<\/div>\n<\/div>\n<\/div>\n<\/div>\n<\/div>\n<\/div>\n<\/div>\n<p>&nbsp;<\/p>\n<p>&nbsp;<\/p>\n<hr \/>\n<p>&nbsp;<\/p>\n<p>&nbsp;<\/p>\n<blockquote class=\"wp-embedded-content\" data-secret=\"OFQnilcl3r\"><p><a href=\"https:\/\/www.radiopiu.net\/wordpress\/freemix-la-liberta-musicale-mixata-da-dj-athos-e-raccontata-da-dj-jack\/\">FREEMIX, LA LIBERTA&#8217; MUSICALE MIXATA DA DJ ATHOS E RACCONTATA DA DJ JACK<\/a><\/p><\/blockquote>\n<p><iframe loading=\"lazy\" class=\"wp-embedded-content\" sandbox=\"allow-scripts\" security=\"restricted\" style=\"position: absolute; clip: rect(1px, 1px, 1px, 1px);\" title=\"&#8220;FREEMIX, LA LIBERTA&#8217; MUSICALE MIXATA DA DJ ATHOS E RACCONTATA DA DJ JACK&#8221; &#8212; Radio Pi\u00f9\" src=\"https:\/\/www.radiopiu.net\/wordpress\/freemix-la-liberta-musicale-mixata-da-dj-athos-e-raccontata-da-dj-jack\/embed\/#?secret=OFQnilcl3r\" data-secret=\"OFQnilcl3r\" width=\"600\" height=\"338\" frameborder=\"0\" marginwidth=\"0\" marginheight=\"0\" scrolling=\"no\"><\/iframe><\/p>\n<p>&nbsp;<\/p>\n<blockquote class=\"wp-embedded-content\" data-secret=\"lFeSwybnji\"><p><a href=\"https:\/\/www.radiopiu.net\/wordpress\/da-ieri-alla-radio-in-palinsesto-loris-e-maurizio-con-la-grande-musica\/\">IL BLUES ALLA RADIO &#8230; COME NON L&#8217;AVETE MAI SENTITO PRIMA<\/a><\/p><\/blockquote>\n<p><iframe loading=\"lazy\" class=\"wp-embedded-content\" sandbox=\"allow-scripts\" security=\"restricted\" style=\"position: absolute; clip: rect(1px, 1px, 1px, 1px);\" title=\"&#8220;IL BLUES ALLA RADIO &#8230; COME NON L&#8217;AVETE MAI SENTITO PRIMA&#8221; &#8212; Radio Pi\u00f9\" src=\"https:\/\/www.radiopiu.net\/wordpress\/da-ieri-alla-radio-in-palinsesto-loris-e-maurizio-con-la-grande-musica\/embed\/#?secret=lFeSwybnji\" data-secret=\"lFeSwybnji\" width=\"600\" height=\"338\" frameborder=\"0\" marginwidth=\"0\" marginheight=\"0\" scrolling=\"no\"><\/iframe><\/p>\n<p>&nbsp;<\/p>\n<hr \/>\n<p>&nbsp;<\/p>\n<blockquote>\n<h3><span style=\"color: #0000ff;\">INFORMAZIONE il canale su TELEGRAM informazione di prima mano e in tempo reale. iscriviti ed aiutaci a farlo conoscere\u00a0\u00a0<\/span><\/h3>\n<\/blockquote>\n<div>\n<div class=\"page-title-head hgroup\">\n<div class=\"page-title-head hgroup\">\n<div class=\"page-title-head hgroup\">\n<div class=\"page-title-head hgroup\">\n<div class=\"b654a4as d2edcug0\">\n<div class=\"page-title-head hgroup\">\n<div class=\"page-title-head hgroup\">\n<div class=\"page-title-head hgroup\">\n<div class=\"page-title-head hgroup\">\n<div class=\"b654a4as d2edcug0\">\n<div class=\"page-title-head hgroup\">\n<div class=\"page-title-head hgroup\">\n<div class=\"page-title-head hgroup\">\n<div class=\"page-title-head hgroup\">\n<div class=\"page-title-head hgroup\">\n<div class=\"page-title-head hgroup\">\n<div class=\"page-title-head hgroup\">\n<div class=\"page-title-head hgroup\">\n<div class=\"page-title-head hgroup\">\n<div class=\"b654a4as d2edcug0\">\n<div class=\"page-title-head hgroup\">\n<div class=\"page-title-head hgroup\">\n<div class=\"page-title-head hgroup\">\n<div class=\"page-title-head hgroup\">\n<div class=\"b654a4as d2edcug0\">\n<div>\n<p>&nbsp;<\/p>\n<\/div>\n<div>\n<div class=\"page-title-head hgroup\">\n<div class=\"page-title-head hgroup\">\n<div class=\"page-title-head hgroup\">\n<div class=\"page-title-head hgroup\">\n<div class=\"page-title-head hgroup\">\n<div class=\"b654a4as d2edcug0\">\n<div>\n<hr \/>\n<\/div>\n<\/div>\n<div>\n<div>\n<p>&nbsp;<\/p>\n<\/div>\n<div>\n<div>\n<p>&nbsp;<\/p>\n<\/div>\n<div>\n<div>\n<p><strong>DUE MINUTI UN LIBRO, TUTTI I GIORNI ALLA RADIO ALLE 9.40 E ALLE 17.50<\/strong><\/p>\n<div>\n<div>\n<p><strong>LA RACCOLTA COMPLETA\u00a0\u00a0<\/strong><\/p>\n<\/div>\n<div>\n<blockquote class=\"wp-embedded-content\" data-secret=\"zNFjDKsm7d\"><p><a href=\"https:\/\/www.radiopiu.net\/wordpress\/due-minuti-un-libro\/\">Due minuti un libro<\/a><\/p><\/blockquote>\n<p><iframe loading=\"lazy\" class=\"wp-embedded-content\" sandbox=\"allow-scripts\" security=\"restricted\" style=\"position: absolute; clip: rect(1px, 1px, 1px, 1px);\" title=\"&#8220;Due minuti un libro&#8221; &#8212; Radio Pi\u00f9\" src=\"https:\/\/www.radiopiu.net\/wordpress\/due-minuti-un-libro\/embed\/#?secret=zNFjDKsm7d\" data-secret=\"zNFjDKsm7d\" width=\"600\" height=\"338\" frameborder=\"0\" marginwidth=\"0\" marginheight=\"0\" scrolling=\"no\"><\/iframe><\/p>\n<\/div>\n<\/div>\n<\/div>\n<div class=\"mkdf-post-text\">\n<div class=\"mkdf-post-text-inner\">\n<div class=\"mkdf-post-text-main\">\n<div class=\"mkdf-post-text\">\n<div class=\"mkdf-post-text-inner\">\n<div class=\"mkdf-post-text-main\">\n<div class=\"mkdf-post-text\">\n<div class=\"mkdf-post-text-inner\">\n<div class=\"mkdf-post-text-main\">\n<div class=\"page-title-head hgroup\">\n<div class=\"page-title-head hgroup\">\n<div class=\"mkdf-post-text\">\n<div class=\"mkdf-post-text-inner\">\n<div class=\"mkdf-post-text-main\">\n<div class=\"mkdf-post-text\">\n<div class=\"mkdf-post-text-inner\">\n<div class=\"mkdf-post-text-main\">\n<div class=\"page-title-head hgroup\">\n<div class=\"page-title-head hgroup\">\n<div class=\"page-title-head hgroup\">\n<div class=\"page-title-head hgroup\">\n<div class=\"b654a4as d2edcug0\">\n<div class=\"page-title-head hgroup\">\n<div class=\"page-title-head hgroup\">\n<div class=\"page-title-head hgroup\">\n<div class=\"page-title-head hgroup\">\n<div class=\"b654a4as d2edcug0\">\n<div class=\"page-title-head hgroup\">\n<div class=\"page-title-head hgroup\">\n<div class=\"page-title-head hgroup\">\n<div class=\"page-title-head hgroup\">\n<div class=\"b654a4as d2edcug0\">\n<div>\n<p>&nbsp;<\/p>\n<\/div>\n<div>\n<hr \/>\n<p>&nbsp;<\/p>\n<\/div>\n<h2><span style=\"color: #808000;\">L&#8217;ALMANACCO LADINO\u00a0\u00a0<\/span><\/h2>\n<p><strong>LA RACCOLTA<\/strong><\/p>\n<blockquote class=\"wp-embedded-content\" data-secret=\"4ujvejv3Xd\"><p><a href=\"https:\/\/www.radiopiu.net\/wordpress\/almanacco-ladino\/\">Almanacco Ladino<\/a><\/p><\/blockquote>\n<p><iframe loading=\"lazy\" class=\"wp-embedded-content\" sandbox=\"allow-scripts\" security=\"restricted\" style=\"position: absolute; clip: rect(1px, 1px, 1px, 1px);\" title=\"&#8220;Almanacco Ladino&#8221; &#8212; Radio Pi\u00f9\" src=\"https:\/\/www.radiopiu.net\/wordpress\/almanacco-ladino\/embed\/#?secret=4ujvejv3Xd\" data-secret=\"4ujvejv3Xd\" width=\"600\" height=\"338\" frameborder=\"0\" marginwidth=\"0\" marginheight=\"0\" scrolling=\"no\"><\/iframe><\/p>\n<p>&nbsp;<\/p>\n<hr \/>\n<p>&nbsp;<\/p>\n<p><strong>LA RACCOLTA COMPLETA<\/strong><\/p>\n<blockquote class=\"wp-embedded-content\" data-secret=\"a3778hJVfE\"><p><a href=\"https:\/\/www.radiopiu.net\/wordpress\/rassegna-stampa-di-gianni-santomaso\/\">Rassegna stampa da l&#8217;amico del popolo &#8211; di Gianni Santomaso<\/a><\/p><\/blockquote>\n<p><iframe loading=\"lazy\" class=\"wp-embedded-content\" sandbox=\"allow-scripts\" security=\"restricted\" style=\"position: absolute; clip: rect(1px, 1px, 1px, 1px);\" title=\"&#8220;Rassegna stampa da l&#8217;amico del popolo &#8211; di Gianni Santomaso&#8221; &#8212; Radio Pi\u00f9\" src=\"https:\/\/www.radiopiu.net\/wordpress\/rassegna-stampa-di-gianni-santomaso\/embed\/#?secret=a3778hJVfE\" data-secret=\"a3778hJVfE\" width=\"600\" height=\"338\" frameborder=\"0\" marginwidth=\"0\" marginheight=\"0\" scrolling=\"no\"><\/iframe><\/p>\n<p>&nbsp;<\/p>\n<hr \/>\n<p>&nbsp;<\/p>\n<h2><span style=\"color: #800080;\">I RACCONTI DI PAOLO SOPPELSA<\/span><\/h2>\n<p><strong>LA RACCOLTA COMPLETA<\/strong><\/p>\n<blockquote class=\"wp-embedded-content\" data-secret=\"miwbxf9ufI\"><p><a href=\"https:\/\/www.radiopiu.net\/wordpress\/i-racconti-di-paolo-soppelsa\/\">I racconti di Paolo Soppelsa<\/a><\/p><\/blockquote>\n<p><iframe loading=\"lazy\" class=\"wp-embedded-content\" sandbox=\"allow-scripts\" security=\"restricted\" style=\"position: absolute; clip: rect(1px, 1px, 1px, 1px);\" title=\"&#8220;I racconti di Paolo Soppelsa&#8221; &#8212; Radio Pi\u00f9\" src=\"https:\/\/www.radiopiu.net\/wordpress\/i-racconti-di-paolo-soppelsa\/embed\/#?secret=miwbxf9ufI\" data-secret=\"miwbxf9ufI\" width=\"600\" height=\"338\" frameborder=\"0\" marginwidth=\"0\" marginheight=\"0\" scrolling=\"no\"><\/iframe><\/p>\n<p>&nbsp;<\/p>\n<hr \/>\n<\/div>\n<div class=\"b654a4as d2edcug0\">\n<p>&nbsp;<\/p>\n<p><a href=\"https:\/\/www.radiopiu.net\/wordpress\/giornale-radiopiu-26-settembre-2018-direttore-mirko-mezzacasa\/viabilita-2\/\" rel=\"attachment wp-att-61954\"><img loading=\"lazy\" decoding=\"async\" class=\"aligncenter wp-image-61954 size-full\" src=\"https:\/\/www.radiopiu.net\/wordpress\/wp-content\/uploads\/2018\/09\/viabilita.jpeg\" sizes=\"auto, (max-width: 800px) 100vw, 800px\" srcset=\"https:\/\/www.radiopiu.net\/wordpress\/wp-content\/uploads\/2018\/09\/viabilita.jpeg 800w, https:\/\/www.radiopiu.net\/wordpress\/wp-content\/uploads\/2018\/09\/viabilita-300x38.jpeg 300w, https:\/\/www.radiopiu.net\/wordpress\/wp-content\/uploads\/2018\/09\/viabilita-768x96.jpeg 768w\" alt=\"\" width=\"800\" height=\"100\" \/><\/a><\/p>\n<div class=\"ecm0bbzt e5nlhep0 a8c37x1j\">\n<div class=\"kvgmc6g5 cxmmr5t8 oygrvhab hcukyx3x c1et5uql\">\n<div class=\"gmail-kvgmc6g5 gmail-cxmmr5t8 gmail-oygrvhab gmail-hcukyx3x gmail-c1et5uql gmail-ii04i59q\">\n<div class=\"page-title-head hgroup\">\n<div class=\"page-title-head hgroup\">\n<div class=\"b654a4as d2edcug0\">\n<div class=\"j83agx80 btwxx1t3 lhclo0ds hop8lmos nkwizq5d scwd0bx6 roh60bw9\">\n<div class=\"rq0escxv hkbzh7o3 jwdofwj8 n8tt0mok r8blr3vg hyh9befq\">\n<div class=\"do00u71z l9j0dhe7 k4urcfbm\">\n<div class=\"page-title-head hgroup\">\n<div class=\"page-title-head hgroup\">\n<div class=\"page-title-head hgroup\">\n<div class=\"page-title-head hgroup\">\n<div class=\"b654a4as d2edcug0\">\n<div class=\"page-title-head hgroup\">\n<div class=\"page-title-head hgroup\">\n<div class=\"page-title-head hgroup\">\n<div class=\"page-title-head hgroup\">\n<div class=\"b654a4as d2edcug0\">\n<div class=\"page-title-head hgroup\">\n<div class=\"page-title-head hgroup\">\n<div class=\"page-title-head hgroup\">\n<div class=\"page-title-head hgroup\">\n<div class=\"page-title-head hgroup\">\n<div class=\"page-title-head hgroup\">\n<div class=\"page-title-head hgroup\">\n<div class=\"page-title-head hgroup\">\n<div class=\"page-title-head hgroup\">\n<div class=\"b654a4as d2edcug0\">\n<div class=\"page-title-head hgroup\">\n<div class=\"page-title-head hgroup\">\n<div class=\"page-title-head hgroup\">\n<div class=\"page-title-head hgroup\">\n<div class=\"b654a4as d2edcug0\">\n<div class=\"page-title-head hgroup\">\n<div class=\"page-title-head hgroup\">\n<div class=\"page-title-head hgroup\">\n<div class=\"page-title-head hgroup\">\n<div class=\"page-title-head hgroup\">\n<div class=\"mkdf-post-text\">\n<div class=\"mkdf-post-text-inner\">\n<div class=\"mkdf-post-text-main\">\n<div class=\"mkdf-post-text\">\n<div class=\"mkdf-post-text-inner\">\n<div class=\"mkdf-post-text-main\">\n<div class=\"mkdf-post-text\">\n<div class=\"mkdf-post-text-inner\">\n<div class=\"mkdf-post-text-main\">\n<div class=\"page-title-head hgroup\">\n<div class=\"page-title-head hgroup\">\n<div class=\"mkdf-post-text\">\n<div class=\"mkdf-post-text-inner\">\n<div class=\"mkdf-post-text-main\">\n<div class=\"mkdf-post-text\">\n<div class=\"mkdf-post-text-inner\">\n<div class=\"mkdf-post-text-main\">\n<div class=\"page-title-head hgroup\">\n<div class=\"page-title-head hgroup\">\n<div class=\"page-title-head hgroup\">\n<div class=\"page-title-head hgroup\">\n<div class=\"b654a4as d2edcug0\">\n<div class=\"page-title-head hgroup\">\n<div class=\"page-title-head hgroup\">\n<div class=\"page-title-head hgroup\">\n<div class=\"page-title-head hgroup\">\n<div class=\"b654a4as d2edcug0\">\n<div class=\"page-title-head hgroup\">\n<div class=\"page-title-head hgroup\">\n<div class=\"page-title-head hgroup\">\n<div class=\"page-title-head hgroup\">\n<div class=\"b654a4as d2edcug0\">\n<div class=\"chat-input\">\n<div class=\"chat-input-container\">\n<div class=\"rows-wrapper chat-input-wrapper\">\n<div class=\"reply-wrapper\">\n<div class=\"btn-menu\">\n<div class=\"btn-menu-item tgico-replace rp\">\n<div class=\"c-ripple\">\n<div class=\"bubbles scrolled-down\">\n<div class=\"scrollable scrollable-y\">\n<div class=\"bubbles-inner has-rights is-chat is-channel\">\n<div class=\"bubbles-date-group\">\n<div class=\"bubble hide-name is-out can-have-tail is-group-first is-group-last is-read\" data-mid=\"5377294335\" data-peer-id=\"-1478820725\" data-timestamp=\"1638437407\">\n<div class=\"bubble-content-wrapper\">\n<div class=\"bubble-content\">\n<p class=\"message\" dir=\"auto\"><strong>\u00a0<\/strong><\/p>\n<\/div>\n<\/div>\n<\/div>\n<\/div>\n<\/div>\n<\/div>\n<\/div>\n<\/div>\n<\/div>\n<\/div>\n<\/div>\n<\/div>\n<\/div>\n<\/div>\n<\/div>\n<\/div>\n<\/div>\n<\/div>\n<\/div>\n<\/div>\n<\/div>\n<\/div>\n<\/div>\n<\/div>\n<\/div>\n<\/div>\n<\/div>\n<\/div>\n<\/div>\n<\/div>\n<\/div>\n<\/div>\n<\/div>\n<\/div>\n<\/div>\n<\/div>\n<\/div>\n<\/div>\n<\/div>\n<\/div>\n<\/div>\n<\/div>\n<\/div>\n<\/div>\n<\/div>\n<\/div>\n<\/div>\n<\/div>\n<\/div>\n<\/div>\n<\/div>\n<\/div>\n<\/div>\n<\/div>\n<\/div>\n<\/div>\n<\/div>\n<\/div>\n<\/div>\n<\/div>\n<\/div>\n<\/div>\n<\/div>\n<\/div>\n<\/div>\n<\/div>\n<\/div>\n<\/div>\n<\/div>\n<\/div>\n<\/div>\n<\/div>\n<\/div>\n<\/div>\n<\/div>\n<\/div>\n<\/div>\n<\/div>\n<\/div>\n<\/div>\n<\/div>\n<\/div>\n<\/div>\n<\/div>\n<\/div>\n<\/div>\n<\/div>\n<\/div>\n<\/div>\n<\/div>\n<\/div>\n<\/div>\n<\/div>\n<\/div>\n<\/div>\n<\/div>\n<\/div>\n<\/div>\n<\/div>\n<\/div>\n<\/div>\n<\/div>\n<\/div>\n<\/div>\n<\/div>\n<\/div>\n<\/div>\n<\/div>\n<\/div>\n<\/div>\n<\/div>\n<\/div>\n<\/div>\n<\/div>\n<\/div>\n<\/div>\n<\/div>\n<\/div>\n<\/div>\n<\/div>\n<\/div>\n<\/div>\n<\/div>\n<\/div>\n<\/div>\n<\/div>\n<\/div>\n<\/div>\n<\/div>\n<\/div>\n<\/div>\n<\/div>\n<\/div>\n<\/div>\n<\/div>\n<\/div>\n<\/div>\n<\/div>\n<\/div>\n<\/div>\n<\/div>\n<\/div>\n<\/div>\n<\/div>\n<\/div>\n<\/div>\n<\/div>\n<\/div>\n<\/div>\n<\/div>\n<\/div>\n<\/div>\n<\/div>\n<\/div>\n<\/div>\n<\/div>\n<\/div>\n<\/div>\n<\/div>\n<\/div>\n<\/div>\n<\/div>\n<\/div>\n<\/div>\n<\/div>\n<\/div>\n<\/div>\n<\/div>\n<div>\n<div class=\"page-title-head hgroup\">\n<div class=\"page-title-head hgroup\">\n<div class=\"b654a4as d2edcug0\">\n<div class=\"j83agx80 btwxx1t3 lhclo0ds hop8lmos nkwizq5d scwd0bx6 roh60bw9\">\n<div class=\"rq0escxv hkbzh7o3 jwdofwj8 n8tt0mok r8blr3vg hyh9befq\">\n<div class=\"do00u71z l9j0dhe7 k4urcfbm\">\n<div class=\"ecm0bbzt e5nlhep0 a8c37x1j\">\n<div class=\"kvgmc6g5 cxmmr5t8 oygrvhab hcukyx3x c1et5uql\">\n<div class=\"gmail-kvgmc6g5 gmail-cxmmr5t8 gmail-oygrvhab gmail-hcukyx3x gmail-c1et5uql gmail-ii04i59q\">\n<div class=\"page-title-head hgroup\">\n<div class=\"page-title-head hgroup\">\n<div class=\"b654a4as d2edcug0\">\n<div class=\"j83agx80 btwxx1t3 lhclo0ds hop8lmos nkwizq5d scwd0bx6 roh60bw9\">\n<div class=\"rq0escxv hkbzh7o3 jwdofwj8 n8tt0mok r8blr3vg hyh9befq\">\n<div class=\"do00u71z l9j0dhe7 k4urcfbm\">\n<div class=\"page-title-head hgroup\">\n<div class=\"page-title-head hgroup\">\n<div class=\"page-title-head hgroup\">\n<div class=\"page-title-head hgroup\">\n<div class=\"b654a4as d2edcug0\">\n<div class=\"page-title-head hgroup\">\n<div class=\"page-title-head hgroup\">\n<div class=\"page-title-head hgroup\">\n<div class=\"page-title-head hgroup\">\n<div class=\"b654a4as d2edcug0\">\n<div class=\"page-title-head hgroup\">\n<div class=\"page-title-head hgroup\">\n<div class=\"page-title-head hgroup\">\n<div class=\"page-title-head hgroup\">\n<div class=\"page-title-head hgroup\">\n<div class=\"page-title-head hgroup\">\n<div class=\"page-title-head hgroup\">\n<div class=\"page-title-head hgroup\">\n<div class=\"page-title-head hgroup\">\n<div class=\"b654a4as d2edcug0\">\n<div class=\"page-title-head hgroup\">\n<div class=\"page-title-head hgroup\">\n<div class=\"page-title-head hgroup\">\n<div class=\"page-title-head hgroup\">\n<div class=\"b654a4as d2edcug0\">\n<div class=\"page-title-head hgroup\">\n<div class=\"page-title-head hgroup\">\n<div class=\"page-title-head hgroup\">\n<div class=\"page-title-head hgroup\">\n<div class=\"page-title-head hgroup\">\n<div class=\"mkdf-post-text\">\n<div class=\"mkdf-post-text-inner\">\n<div class=\"mkdf-post-text-main\">\n<div class=\"mkdf-post-text\">\n<div class=\"mkdf-post-text-inner\">\n<div class=\"mkdf-post-text-main\">\n<div class=\"mkdf-post-text\">\n<div class=\"mkdf-post-text-inner\">\n<div class=\"mkdf-post-text-main\">\n<div class=\"page-title-head hgroup\">\n<div class=\"page-title-head hgroup\">\n<div class=\"mkdf-post-text\">\n<div class=\"mkdf-post-text-inner\">\n<div class=\"mkdf-post-text-main\">\n<div class=\"mkdf-post-text\">\n<div class=\"mkdf-post-text-inner\">\n<div class=\"mkdf-post-text-main\">\n<div class=\"page-title-head hgroup\">\n<div class=\"page-title-head hgroup\">\n<div class=\"page-title-head hgroup\">\n<div class=\"page-title-head hgroup\">\n<div class=\"b654a4as d2edcug0\">\n<div class=\"page-title-head hgroup\">\n<div class=\"page-title-head hgroup\">\n<div class=\"page-title-head hgroup\">\n<div class=\"page-title-head hgroup\">\n<div class=\"b654a4as d2edcug0\">\n<div class=\"page-title-head hgroup\">\n<div class=\"page-title-head hgroup\">\n<div class=\"page-title-head hgroup\">\n<div class=\"page-title-head hgroup\">\n<div class=\"b654a4as d2edcug0\">\n<div class=\"ecm0bbzt e5nlhep0 a8c37x1j\">\n<div class=\"kvgmc6g5 cxmmr5t8 oygrvhab hcukyx3x c1et5uql\">\n<div class=\"gmail-kvgmc6g5 gmail-cxmmr5t8 gmail-oygrvhab gmail-hcukyx3x gmail-c1et5uql gmail-ii04i59q\">\n<div class=\"page-title-head hgroup\">\n<div class=\"page-title-head hgroup\">\n<div class=\"b654a4as d2edcug0\">\n<div class=\"j83agx80 btwxx1t3 lhclo0ds hop8lmos nkwizq5d scwd0bx6 roh60bw9\">\n<div class=\"rq0escxv hkbzh7o3 jwdofwj8 n8tt0mok r8blr3vg hyh9befq\">\n<div class=\"do00u71z l9j0dhe7 k4urcfbm\">\n<div class=\"page-title-head hgroup\">\n<div class=\"page-title-head hgroup\">\n<div class=\"page-title-head hgroup\">\n<div class=\"page-title-head hgroup\">\n<div class=\"b654a4as d2edcug0\">\n<div class=\"page-title-head hgroup\">\n<div class=\"page-title-head hgroup\">\n<div class=\"page-title-head hgroup\">\n<div class=\"page-title-head hgroup\">\n<div class=\"b654a4as d2edcug0\">\n<div class=\"page-title-head hgroup\">\n<div class=\"page-title-head hgroup\">\n<div class=\"page-title-head hgroup\">\n<div class=\"page-title-head hgroup\">\n<div class=\"page-title-head hgroup\">\n<div class=\"page-title-head hgroup\">\n<div class=\"page-title-head hgroup\">\n<div class=\"page-title-head hgroup\">\n<div class=\"page-title-head hgroup\">\n<div class=\"b654a4as d2edcug0\">\n<div class=\"page-title-head hgroup\">\n<div class=\"page-title-head hgroup\">\n<div class=\"page-title-head hgroup\">\n<div class=\"page-title-head hgroup\">\n<div class=\"b654a4as d2edcug0\">\n<div class=\"page-title-head hgroup\">\n<div class=\"page-title-head hgroup\">\n<div class=\"page-title-head hgroup\">\n<div class=\"page-title-head hgroup\">\n<div class=\"page-title-head hgroup\">\n<div class=\"mkdf-post-text\">\n<div class=\"mkdf-post-text-inner\">\n<div class=\"mkdf-post-text-main\">\n<div class=\"mkdf-post-text\">\n<div class=\"mkdf-post-text-inner\">\n<div class=\"mkdf-post-text-main\">\n<div class=\"mkdf-post-text\">\n<div class=\"mkdf-post-text-inner\">\n<div class=\"mkdf-post-text-main\">\n<div class=\"page-title-head hgroup\">\n<div class=\"page-title-head hgroup\">\n<div class=\"mkdf-post-text\">\n<div class=\"mkdf-post-text-inner\">\n<div class=\"mkdf-post-text-main\">\n<div class=\"mkdf-post-text\">\n<div class=\"mkdf-post-text-inner\">\n<div class=\"mkdf-post-text-main\">\n<div class=\"page-title-head hgroup\">\n<div class=\"page-title-head hgroup\">\n<div class=\"page-title-head hgroup\">\n<div class=\"page-title-head hgroup\">\n<div class=\"b654a4as d2edcug0\">\n<div class=\"page-title-head hgroup\">\n<div class=\"page-title-head hgroup\">\n<div class=\"page-title-head hgroup\">\n<div class=\"page-title-head hgroup\">\n<div class=\"b654a4as d2edcug0\">\n<div class=\"page-title-head hgroup\">\n<div class=\"page-title-head hgroup\">\n<div class=\"page-title-head hgroup\">\n<div class=\"page-title-head hgroup\">\n<div class=\"b654a4as d2edcug0\">\n<blockquote class=\"wp-embedded-content\" data-secret=\"Jq9HUJ2h4a\"><p><a href=\"https:\/\/www.radiopiu.net\/wordpress\/viabilita\/\">viabilita<\/a><\/p><\/blockquote>\n<p><iframe loading=\"lazy\" class=\"wp-embedded-content\" sandbox=\"allow-scripts\" security=\"restricted\" style=\"position: absolute; clip: rect(1px, 1px, 1px, 1px);\" title=\"&#8220;viabilita&#8221; &#8212; Radio Pi\u00f9\" src=\"https:\/\/www.radiopiu.net\/wordpress\/viabilita\/embed\/#?secret=Jq9HUJ2h4a\" data-secret=\"Jq9HUJ2h4a\" width=\"600\" height=\"338\" frameborder=\"0\" marginwidth=\"0\" marginheight=\"0\" scrolling=\"no\"><\/iframe><\/p>\n<p>&nbsp;<\/p>\n<hr \/>\n<p>&nbsp;<\/p>\n<\/div>\n<div class=\"b654a4as d2edcug0\">\n<div class=\"ecm0bbzt e5nlhep0 a8c37x1j\">\n<div class=\"kvgmc6g5 cxmmr5t8 oygrvhab hcukyx3x c1et5uql\">\n<div class=\"gmail-kvgmc6g5 gmail-cxmmr5t8 gmail-oygrvhab gmail-hcukyx3x gmail-c1et5uql gmail-ii04i59q\">\n<div>\n<div class=\"page-title-head hgroup\">\n<div class=\"page-title-head hgroup\">\n<div class=\"b654a4as d2edcug0\">\n<div class=\"j83agx80 btwxx1t3 lhclo0ds hop8lmos nkwizq5d scwd0bx6 roh60bw9\">\n<div class=\"rq0escxv hkbzh7o3 jwdofwj8 n8tt0mok r8blr3vg hyh9befq\">\n<div class=\"do00u71z l9j0dhe7 k4urcfbm\">\n<div>\n<div class=\"page-title-head hgroup\">\n<div class=\"page-title-head hgroup\">\n<div class=\"page-title-head hgroup\">\n<div class=\"page-title-head hgroup\">\n<div class=\"b654a4as d2edcug0\">\n<div class=\"page-title-head hgroup\">\n<div class=\"page-title-head hgroup\">\n<div class=\"page-title-head hgroup\">\n<div class=\"page-title-head hgroup\">\n<div class=\"b654a4as d2edcug0\">\n<div class=\"page-title-head hgroup\">\n<div class=\"page-title-head hgroup\">\n<div class=\"page-title-head hgroup\">\n<div class=\"page-title-head hgroup\">\n<div class=\"page-title-head hgroup\">\n<div class=\"mkdf-post-text\">\n<div class=\"mkdf-post-text-inner\">\n<div class=\"mkdf-post-text-main\">\n<div class=\"mkdf-post-text\">\n<div class=\"mkdf-post-text-inner\">\n<div class=\"mkdf-post-text-main\">\n<div class=\"mkdf-post-text\">\n<div class=\"mkdf-post-text-inner\">\n<div class=\"mkdf-post-text-main\">\n<div class=\"page-title-head hgroup\">\n<div class=\"page-title-head hgroup\">\n<div class=\"mkdf-post-text\">\n<div class=\"mkdf-post-text-inner\">\n<div class=\"mkdf-post-text-main\">\n<div class=\"mkdf-post-text\">\n<div class=\"mkdf-post-text-inner\">\n<div class=\"mkdf-post-text-main\">\n<div>\n<div class=\"page-title-head hgroup\">\n<div class=\"page-title-head hgroup\">\n<div>\n<div class=\"page-title-head hgroup\">\n<div class=\"page-title-head hgroup\">\n<div class=\"b654a4as d2edcug0\">\n<div>\n<div class=\"page-title-head hgroup\" style=\"text-align: left;\">\n<div class=\"page-title-head hgroup\">\n<div dir=\"auto\">\n<p><a class=\"dt-pswp-item pspw-wrap-ready\" href=\"https:\/\/i0.wp.com\/www.radiopiu.net\/wordpress\/wp-content\/uploads\/2018\/09\/WhatsApp-Image-2018-09-20-at-16.04.06.jpeg?ssl=1\" data-dt-img-description=\"\" data-large_image_width=\"800\" data-large_image_height=\"100\"><img loading=\"lazy\" decoding=\"async\" class=\"aligncenter wp-image-61378 size-full jetpack-lazy-image jetpack-lazy-image--handled\" src=\"https:\/\/i0.wp.com\/www.radiopiu.net\/wordpress\/wp-content\/uploads\/2018\/09\/WhatsApp-Image-2018-09-20-at-16.04.06.jpeg?resize=800%2C100&amp;ssl=1\" sizes=\"auto, (max-width: 800px) 100vw, 800px\" srcset=\"https:\/\/i0.wp.com\/www.radiopiu.net\/wordpress\/wp-content\/uploads\/2018\/09\/WhatsApp-Image-2018-09-20-at-16.04.06.jpeg?w=800&amp;ssl=1 800w, https:\/\/i0.wp.com\/www.radiopiu.net\/wordpress\/wp-content\/uploads\/2018\/09\/WhatsApp-Image-2018-09-20-at-16.04.06.jpeg?resize=300%2C38&amp;ssl=1 300w, https:\/\/i0.wp.com\/www.radiopiu.net\/wordpress\/wp-content\/uploads\/2018\/09\/WhatsApp-Image-2018-09-20-at-16.04.06.jpeg?resize=768%2C96&amp;ssl=1 768w\" alt=\"\" width=\"800\" height=\"100\" data-lazy-loaded=\"1\" \/><\/a><\/p>\n<\/div>\n<\/div>\n<\/div>\n<\/div>\n<\/div>\n<\/div>\n<\/div>\n<\/div>\n<\/div>\n<\/div>\n<\/div>\n<\/div>\n<\/div>\n<\/div>\n<\/div>\n<\/div>\n<\/div>\n<\/div>\n<\/div>\n<\/div>\n<\/div>\n<\/div>\n<\/div>\n<\/div>\n<\/div>\n<\/div>\n<\/div>\n<\/div>\n<\/div>\n<\/div>\n<\/div>\n<\/div>\n<\/div>\n<\/div>\n<\/div>\n<\/div>\n<\/div>\n<\/div>\n<\/div>\n<\/div>\n<\/div>\n<\/div>\n<\/div>\n<\/div>\n<p>&nbsp;<\/p>\n<\/div>\n<\/div>\n<\/div>\n<\/div>\n<\/div>\n<\/div>\n<\/div>\n<\/div>\n<\/div>\n<\/div>\n<\/div>\n<\/div>\n<\/div>\n<\/div>\n<\/div>\n<\/div>\n<\/div>\n<\/div>\n<\/div>\n<\/div>\n<\/div>\n<\/div>\n<\/div>\n<\/div>\n<\/div>\n<\/div>\n<\/div>\n<\/div>\n<\/div>\n<\/div>\n<\/div>\n<\/div>\n<\/div>\n<\/div>\n<\/div>\n<\/div>\n<\/div>\n<\/div>\n<\/div>\n<\/div>\n<\/div>\n<\/div>\n<\/div>\n<\/div>\n<\/div>\n<\/div>\n<\/div>\n<\/div>\n<\/div>\n<\/div>\n<\/div>\n<\/div>\n<\/div>\n<\/div>\n<\/div>\n<\/div>\n<\/div>\n<\/div>\n<\/div>\n<\/div>\n<\/div>\n<\/div>\n<\/div>\n<\/div>\n<\/div>\n<\/div>\n<\/div>\n<\/div>\n<\/div>\n<\/div>\n<\/div>\n<\/div>\n<\/div>\n<\/div>\n<\/div>\n<\/div>\n<\/div>\n<\/div>\n<\/div>\n<\/div>\n<\/div>\n<\/div>\n<\/div>\n<\/div>\n<\/div>\n<\/div>\n<\/div>\n<\/div>\n<\/div>\n<\/div>\n<\/div>\n<\/div>\n<\/div>\n<\/div>\n<\/div>\n<\/div>\n<\/div>\n<\/div>\n<\/div>\n<\/div>\n<\/div>\n<\/div>\n<\/div>\n<\/div>\n<\/div>\n<\/div>\n<\/div>\n<\/div>\n<\/div>\n<\/div>\n<\/div>\n<\/div>\n<\/div>\n<\/div>\n<\/div>\n<\/div>\n<\/div>\n<\/div>\n<\/div>\n<\/div>\n<\/div>\n<\/div>\n<\/div>\n<\/div>\n<\/div>\n<\/div>\n<\/div>\n<\/div>\n<\/div>\n<\/div>\n<\/div>\n<\/div>\n<\/div>\n<\/div>\n<\/div>\n<\/div>\n<\/div>\n<\/div>\n<\/div>\n<\/div>\n<\/div>\n<\/div>\n<\/div>\n<\/div>\n<\/div>\n<\/div>\n<\/div>\n<\/div>\n<\/div>\n<\/div>\n<\/div>\n<\/div>\n<\/div>\n<\/div>\n<\/div>\n<\/div>\n<\/div>\n<\/div>\n<\/div>\n<div><center><b>Venerdi 24<\/b><\/center><b>Tempo atteso: <\/b>Nella notte e fino al primo mattino cielo poco nuvoloso, con nubi basse o nebbie nei fondovalle Prealpini e prime sottili velature. In seguito graduale aumento della nuvolosit\u00e0 per nubi alte su Dolomiti e per nubi basse su Prealpi centro-occidentali fino a nuvoloso ovunque dal tardo pomeriggio\/sera.<br \/>\n<b>Precipitazioni: <\/b>Assenti ovunque fino al tardo pomeriggio. In serata lieve aumento della probabilit\u00e0 su Prealpi veronesi di modeste precipitazioni (10-30%), eventualmente con qualche fiocco oltre i 1600\/1800 m<br \/>\n<b>Temperature: <\/b>Temperature in generale aumento con meno freddo rispetto ai giorni precedenti eccetto oltre i 2000 metri dove le temperature rimangano stazionarie. Condizioni di forte inversione termica nelle valli. Su Prealpi a 1500 m min, 1\u00b0C max, 2\u00b0C; a 2000 m min 0\u00b0C, max 2\u00b0C. Su Dolomiti a 2000 m min 1\u00b0C, max 3\u00b0C; a 3000 m min -4 \u00b0C, max -2\u00b0C<br \/>\n<b>Venti: <\/b>Venti in quota dai quadranti occidentali, fino a tesi o forti in quota sulle Dolomiti e sulle dorsali prealpine occidentali, a 15-30 km\/h a 2000 m a 25-40 km\/h a 3000 m<\/p>\n<hr \/>\n<p><center><b>Sabato 25<\/b><\/center><b>Tempo atteso: <\/b>Molto nuvoloso ovunque con tempo a tratti lievemente perturbato. Nella seconda parte della giornata e soprattutto verso sera possibile qualche irregolare schiarita specie su Dolomiti.<br \/>\n<b>Precipitazioni: <\/b>Tra notte e mattino possibili deboli precipitazioni, maggiormente probabili su Prealpi (70-90%) rispetto alle Dolomiti(50-70 %) dove potranno risultare anche del tutto assenti sui settori settentrionali, con quota neve intorno a 1000-1200 m sulle Dolomiti ma non escluso inzialmente fino a fondovalle, e 1300-1600 m sulle Prealpi, in esaurimento nel pomeriggio. Sono previsti mediamente 1-5 cm su Dolomiti e fino a 10 cm su Prealpi occidentali a 2000 metri. Non escluso fenomeno di gelicidio (pioggia che gela al suolo) su alcuni fondovalle prealpini.<br \/>\n<b>Temperature: <\/b>Temperature minime in aumento, massime in diminuzione. Su Prealpi a 1500 m min, 1\u00b0C max, 3\u00b0C; a 2000 m min -2\u00b0C, max 0\u00b0C. Su Dolomiti a 2000 m min 0\u00b0C, max 2\u00b0C; a 3000 m min -5 \u00b0C, max -4\u00b0C<br \/>\n<b>Venti: <\/b>Venti in quota moderati o tesi sud-occidentali a 10-20 km\/h a 2000 m a 15-30 km\/h a 3000 m<\/p>\n<hr \/>\n<p><center><b>Domenica 26<\/b><\/center>Cielo generalmente nuvoloso o molto nuvoloso ovunque. In giornata possibile qualche debole o debolissima precipitazione, eventualmente nevosa attorno a 800\/1100 m su Dolomiti e 1300\/1500 su Prealpi. Debole escursione termica diurna con temperature stazionarie on lieve calo in quota rispetto a sabato. Venti in quota deboli o moderati da sudovest.<\/p>\n<hr \/>\n<p><center><b>Lunedi 27<\/b><\/center>Cielo generalmente nuvoloso con deboli precipitazioni possibili dalla tarda mattinata in estensione dalle Prealpi alle Dolomiti, nevose attorno a 800\/1100 m su Dolomiti e 100\/1200 su Prealpi. Temperature pressoch\u00e8 stazionarie o in ulteriore lieve aumento le minime a fondovalle. Previsore DDL<\/p>\n<p>&nbsp;<\/p>\n<hr \/>\n<p>&nbsp;<\/p>\n<p><a href=\"https:\/\/www.radiopiu.net\/wordpress\/giornale-radiopiu-15-settembre-2018-direttore-mirko-mezzacasa\/sport-7\/\" rel=\"attachment wp-att-60761\"><img loading=\"lazy\" decoding=\"async\" class=\"wp-image-60761 size-full aligncenter\" src=\"https:\/\/www.radiopiu.net\/wordpress\/wp-content\/uploads\/2018\/09\/sport.jpg\" alt=\"\" width=\"800\" height=\"100\" srcset=\"https:\/\/www.radiopiu.net\/wordpress\/wp-content\/uploads\/2018\/09\/sport.jpg 800w, https:\/\/www.radiopiu.net\/wordpress\/wp-content\/uploads\/2018\/09\/sport-300x38.jpg 300w, https:\/\/www.radiopiu.net\/wordpress\/wp-content\/uploads\/2018\/09\/sport-768x96.jpg 768w\" sizes=\"auto, (max-width: 800px) 100vw, 800px\" \/><\/a><\/p>\n<h3 style=\"text-align: left;\"><\/h3>\n<p><span style=\"color: #0000ff;\"><strong>PALLAVOLO<\/strong><\/span><\/p>\n<blockquote>\n<h3>SANTO STEFANO SOTTO RETE PER I RINOCERONTI DI BELLUNO<\/h3>\n<\/blockquote>\n<p><strong><a href=\"https:\/\/www.radiopiu.net\/wordpress\/giornale-radiopiu-24-dicembre-2021-direttore-mirko-mezzacasa\/poletto_offre_indicazioni\/\" rel=\"attachment wp-att-249955\"><img loading=\"lazy\" decoding=\"async\" class=\"size-medium wp-image-249955 alignleft\" src=\"https:\/\/www.radiopiu.net\/wordpress\/wp-content\/uploads\/2021\/12\/Poletto_offre_indicazioni-300x150.jpg\" alt=\"\" width=\"300\" height=\"150\" srcset=\"https:\/\/www.radiopiu.net\/wordpress\/wp-content\/uploads\/2021\/12\/Poletto_offre_indicazioni-300x150.jpg 300w, https:\/\/www.radiopiu.net\/wordpress\/wp-content\/uploads\/2021\/12\/Poletto_offre_indicazioni-768x384.jpg 768w, https:\/\/www.radiopiu.net\/wordpress\/wp-content\/uploads\/2021\/12\/Poletto_offre_indicazioni.jpg 800w\" sizes=\"auto, (max-width: 300px) 100vw, 300px\" \/><\/a>BELLUNO<\/strong> Si gioca a Natale. O meglio, il giorno successivo. Ma difficilmente l\u2019avversario della Da Rold Logistics Belluno sar\u00e0 in vena di regali. Perch\u00e9 l\u2019avversario in questione \u00e8 forse il pi\u00f9 in forma del campionato di Serie A3 Credem Banca: il riferimento \u00e8 alla Tinet Prata di Pordenone. La squadra che chiuder\u00e0 il girone d\u2019andata. E che, dall\u2019alto del suo quarto posto, vanta una striscia di otto successi in sequenza.<span class=\"gmail-Apple-converted-space\">\u00a0<\/span>Striscia che proveranno a spezzare i ragazzi di Diego Poletto, chiamati ad affrontare la trasferta friulana proprio nel giorno di Santo Stefano: domenica 26, alle ore 18: \u00abGiocare sotto le festivit\u00e0 \u00e8 l\u2019ultimo dei problemi &#8211; argomenta il coach della Da Rold Logistics -. Anzi, in Serie A \u00e8 normale. In pi\u00f9, in questi due anni caratterizzati dalla pandemia, pure i non professionisti si sono abituati a trascorrere il periodo di fine dicembre in palestra\u00bb.<span class=\"gmail-Apple-converted-space\"> Manca una sola giornata al giro di boa e il bottino di 17 punti \u00e8 pi\u00f9 che soddisfacente. Poletto, per\u00f2, chiede un ulteriore passo avanti ai suoi: \u00abVoglio vedere la Drl degli ultimi tempi, non certo la versione del quinto set di domenica scorsa, quando abbiamo mollato troppo presto. Bisogna sempre provarci fino in fondo, per rispetto del pubblico e di noi stessi. Tornando al Prata, dovremo interpretare la sfida in maniera anche un po\u2019 spregiudicata. E senza alcun timore reverenziale\u00bb.\u00a0\u00a0<\/span><\/p>\n<p>&nbsp;<\/p>\n<p>&nbsp;<\/p>\n<p><span style=\"color: #0000ff;\"><strong>CORSA IN MONTAGNA\u00a0\u00a0<\/strong><\/span><\/p>\n<blockquote>\n<h3><strong><a href=\"https:\/\/www.radiopiu.net\/wordpress\/giornale-radiopiu-24-dicembre-2021-direttore-mirko-mezzacasa\/transcivetta-karpos-2019-3\/\" rel=\"attachment wp-att-250076\"><img loading=\"lazy\" decoding=\"async\" class=\"size-medium wp-image-250076 alignleft\" src=\"https:\/\/www.radiopiu.net\/wordpress\/wp-content\/uploads\/2021\/12\/\u00a9TiComunicazione_transcivetta-2019-300x200.jpg\" alt=\"\" width=\"300\" height=\"200\" srcset=\"https:\/\/www.radiopiu.net\/wordpress\/wp-content\/uploads\/2021\/12\/\u00a9TiComunicazione_transcivetta-2019-300x200.jpg 300w, https:\/\/www.radiopiu.net\/wordpress\/wp-content\/uploads\/2021\/12\/\u00a9TiComunicazione_transcivetta-2019-1024x683.jpg 1024w, https:\/\/www.radiopiu.net\/wordpress\/wp-content\/uploads\/2021\/12\/\u00a9TiComunicazione_transcivetta-2019-768x512.jpg 768w, https:\/\/www.radiopiu.net\/wordpress\/wp-content\/uploads\/2021\/12\/\u00a9TiComunicazione_transcivetta-2019-1536x1024.jpg 1536w, https:\/\/www.radiopiu.net\/wordpress\/wp-content\/uploads\/2021\/12\/\u00a9TiComunicazione_transcivetta-2019.jpg 1900w\" sizes=\"auto, (max-width: 300px) 100vw, 300px\" \/><\/a>IL 15 GENNAIO TRANSCIVETTA KARPOS APRE LE ISCRIZIONI<\/strong><\/h3>\n<\/blockquote>\n<p><strong>ALLEGHE<\/strong> Dopo una pausa forzata di due anni, causa emergenza sanitaria legata al Covid-19, ritorner\u00e0 nel 2022 Transcivetta Karpos. La <a href=\"http:\/\/40.ma\">40.ma<\/a> edizione dell\u2019evento della corsa in montagna, classicissima a coppie, si svolger\u00e0 domenica 17 luglio. Il comitato organizzatore \u00e8 da tempo al lavoro per la ripartenza di un evento che nel corso degli anni ha saputo avere riscontri crescenti di interesse e di partecipazione. Le iscrizioni si apriranno sabato 15 gennaio, sul sito <a href=\"http:\/\/www.transcivetta.com\">www.transcivetta.com<\/a>. Il costo di iscrizione a coppia \u00e8 fissato in 80 euro fino al 31 marzo. Dall\u20191 aprile al 3 luglio la quota passer\u00e0 a 90 euro. La data ultima per aderire \u00e8 stata fissata al 3 luglio, salvo il raggiungimento anticipato delle mille coppie, numero massimo fissato dall\u2019organizzazione. Sar\u00e0 possibile partecipare in maniera competitiva, e in questo caso bisogner\u00e0 essere in possesso del certificato medico agonistico, oppure in maniera non competitiva. In quest\u2019ultimo caso sar\u00e0 sufficiente un certificato medico non agonistico. Per approfondimenti: <a href=\"http:\/\/www.transcivetta.com\">www.transcivetta.com<\/a><\/p>\n<\/div>\n<\/div>\n<\/div>\n<\/div>\n<\/div>\n<\/div>\n<\/div>\n<\/div>\n","protected":false},"excerpt":{"rendered":"<p>INFORMAZIONE il canale su TELEGRAM informazione di prima mano e in tempo reale. iscriviti ed aiutaci a farlo conoscere\u00a0 \u00a0\u00a0 &nbsp; Anche quest&#8217;anno facciamo gli auguri ad un &#8220;emigrante&#8221; bellunese&#8230;con il suo biglietto di auguri esteso a tutti gli amici della radio pi\u00f9, del sito internet, dei nostri canali social. Con un abbraccio a PierAldo&hellip;<\/p>\n","protected":false},"author":4,"featured_media":250116,"comment_status":"closed","ping_status":"open","sticky":false,"template":"","format":"standard","meta":{"_monsterinsights_skip_tracking":false,"_monsterinsights_sitenote_active":false,"_monsterinsights_sitenote_note":"","_monsterinsights_sitenote_category":0,"footnotes":""},"categories":[104,86,49],"tags":[],"class_list":["post-249896","post","type-post","status-publish","format-standard","has-post-thumbnail","hentry","category-evidenza_3","category-gr","category-news-18","category-104","category-86","category-49","description-off"],"img_url":"https:\/\/www.radiopiu.net\/wordpress\/wp-content\/uploads\/2021\/12\/c2fce20d-a274-4ae1-bc14-278414ec40e9.jpg","_links":{"self":[{"href":"https:\/\/www.radiopiu.net\/wordpress\/wp-json\/wp\/v2\/posts\/249896","targetHints":{"allow":["GET"]}}],"collection":[{"href":"https:\/\/www.radiopiu.net\/wordpress\/wp-json\/wp\/v2\/posts"}],"about":[{"href":"https:\/\/www.radiopiu.net\/wordpress\/wp-json\/wp\/v2\/types\/post"}],"author":[{"embeddable":true,"href":"https:\/\/www.radiopiu.net\/wordpress\/wp-json\/wp\/v2\/users\/4"}],"replies":[{"embeddable":true,"href":"https:\/\/www.radiopiu.net\/wordpress\/wp-json\/wp\/v2\/comments?post=249896"}],"version-history":[{"count":0,"href":"https:\/\/www.radiopiu.net\/wordpress\/wp-json\/wp\/v2\/posts\/249896\/revisions"}],"wp:featuredmedia":[{"embeddable":true,"href":"https:\/\/www.radiopiu.net\/wordpress\/wp-json\/wp\/v2\/media\/250116"}],"wp:attachment":[{"href":"https:\/\/www.radiopiu.net\/wordpress\/wp-json\/wp\/v2\/media?parent=249896"}],"wp:term":[{"taxonomy":"category","embeddable":true,"href":"https:\/\/www.radiopiu.net\/wordpress\/wp-json\/wp\/v2\/categories?post=249896"},{"taxonomy":"post_tag","embeddable":true,"href":"https:\/\/www.radiopiu.net\/wordpress\/wp-json\/wp\/v2\/tags?post=249896"}],"curies":[{"name":"wp","href":"https:\/\/api.w.org\/{rel}","templated":true}]}}