{"id":250019,"date":"2021-12-23T14:35:59","date_gmt":"2021-12-23T13:35:59","guid":{"rendered":"https:\/\/www.radiopiu.net\/wordpress\/?p=250019"},"modified":"2021-12-23T14:35:59","modified_gmt":"2021-12-23T13:35:59","slug":"quindi-a-natale-che-tempo-fara","status":"publish","type":"post","link":"https:\/\/www.radiopiu.net\/wordpress\/quindi-a-natale-che-tempo-fara\/","title":{"rendered":"QUINDI A NATALE CHE TEMPO FARA&#8217;?"},"content":{"rendered":"<blockquote><p><em>Le previsioni meteo per il weekend natalizio. In prevalenza molto nuvoloso, con piogge a tratti diffuse e modeste nevicate in montagna a quote medie<\/em><\/p><\/blockquote>\n<p>Dopo questi ultimi giorni caratterizzati da tempo stabile e dalla discesa in quota di correnti fredde e secche di origine artica, sul Veneto, nel corso del fine settimana natalizio, \u00e8 atteso un cambiamento delle condizioni meteorologiche.<br \/>\nGi\u00e0 da oggi infatti l\u2019infiltrazione fredda di origine artica lascer\u00e0 il Nordest per l\u2019arrivo di correnti occidentali via via pi\u00f9 umide e miti di origine atlantica.<br \/>\nDurante la Vigilia di Natale la nuvolosit\u00e0 tender\u00e0 ad aumentare fino ad avere un cielo in prevalenza molto nuvoloso, specie nel pomeriggio, e con possibilit\u00e0 di qualche debole precipitazione sparsa verso sera sui settori centro-meridionali della regione. Le temperature cominceranno ad aumentare, specie nei valori minimi, insieme ad una moderata intensificazione dei venti da ovest in quota.<\/p>\n<p>Il giorno di Natale sar\u00e0 caratterizzato da un cielo generalmente molto nuvoloso o coperto con deboli piogge, a tratti diffuse gi\u00e0 dal mattino e soprattutto in pianura, in diradamento dal pomeriggio a partire da ovest; sulle zone montane i fenomeni saranno probabilmente pi\u00f9 modesti e sparsi, con limite delle deboli nevicate intorno ai 1400-1600m sulle Prealpi e a 1000-1300m sulle Dolomiti, localmente anche un po\u2019 pi\u00f9 in basso in alcune valli dove non si escludono fenomeni di pioggia ghiacciata o gelicidio (pioggia che gela al suolo), specie al mattino.<\/p>\n<p>A Santo Stefano \u00e8 atteso il transito di un secondo impulso debolmente perturbato che porter\u00e0 ancora nubi e delle modeste precipitazioni, a tratti diffuse, specie sui settori centro-meridionali della regione. I venti saranno in attenuazione in quota, ma proverranno ancora dai quadranti occidentali quindi saranno ancora piuttosto umidi e abbastanza miti. Le temperature si manterranno quindi su valori un po\u2019 sopra la media del periodo, specie nelle minime giornaliere, e il limite delle eventuali deboli nevicate in montagna sar\u00e0 stabile o in lieve calo rispetto al giorno prima.<\/p>\n<p>All\u2019inizio della settimana prossima il tempo potr\u00e0 essere ancora variabile, con il probabile transito luned\u00ec 27 di un nuovo rapido impulso di origine atlantica che potr\u00e0 portare ancora delle precipitazioni, a tratti diffuse e con limite delle nevicate in montagna intorno ai 1000-1200m. Nei giorni successivi il tempo tender\u00e0 a divenire pi\u00f9 stabile e senza precipitazioni<br \/>\nAl momento per\u00f2 l\u2019evoluzione meteorologica, specie dal giorno 26 in poi, appare ancora piuttosto incerta, in particolare nei riguardi dell\u2019entit\u00e0 delle precipitazioni e dell\u2019andamento termico. Si consiglia pertanto di seguire i prossimi aggiornamenti consultando i bollettini meteo sul sito ARPAV su www.arpa.veneto.it.<\/p>\n<p>&nbsp;<\/p>\n<p>Nei prossimi giorni le correnti in quota si disporranno dai quadranti occidentali facendo affluire sulla regione masse d\u2019aria umide e miti provenienti dal medio Atlantico. (Carta meteorologica del Geopotenziale e Temperatura a 500 hPa previsti alle ore 12 del 25\/12: fonte ECMWF elaborazione ARPAV)<\/p>\n","protected":false},"excerpt":{"rendered":"<p>Le previsioni meteo per il weekend natalizio. In prevalenza molto nuvoloso, con piogge a tratti diffuse e modeste nevicate in montagna a quote medie Dopo questi ultimi giorni caratterizzati da tempo stabile e dalla discesa in quota di correnti fredde e secche di origine artica, sul Veneto, nel corso del fine settimana natalizio, \u00e8 atteso&hellip;<\/p>\n","protected":false},"author":4,"featured_media":156246,"comment_status":"closed","ping_status":"open","sticky":false,"template":"","format":"standard","meta":{"_monsterinsights_skip_tracking":false,"_monsterinsights_sitenote_active":false,"_monsterinsights_sitenote_note":"","_monsterinsights_sitenote_category":0,"footnotes":""},"categories":[51,49],"tags":[],"class_list":["post-250019","post","type-post","status-publish","format-standard","has-post-thumbnail","hentry","category-evidenza-top","category-news-18","category-51","category-49","description-off"],"img_url":"https:\/\/www.radiopiu.net\/wordpress\/wp-content\/uploads\/2020\/08\/STAZIONE-METEO-PUNTA-ROCCA-1.jpg","_links":{"self":[{"href":"https:\/\/www.radiopiu.net\/wordpress\/wp-json\/wp\/v2\/posts\/250019","targetHints":{"allow":["GET"]}}],"collection":[{"href":"https:\/\/www.radiopiu.net\/wordpress\/wp-json\/wp\/v2\/posts"}],"about":[{"href":"https:\/\/www.radiopiu.net\/wordpress\/wp-json\/wp\/v2\/types\/post"}],"author":[{"embeddable":true,"href":"https:\/\/www.radiopiu.net\/wordpress\/wp-json\/wp\/v2\/users\/4"}],"replies":[{"embeddable":true,"href":"https:\/\/www.radiopiu.net\/wordpress\/wp-json\/wp\/v2\/comments?post=250019"}],"version-history":[{"count":0,"href":"https:\/\/www.radiopiu.net\/wordpress\/wp-json\/wp\/v2\/posts\/250019\/revisions"}],"wp:featuredmedia":[{"embeddable":true,"href":"https:\/\/www.radiopiu.net\/wordpress\/wp-json\/wp\/v2\/media\/156246"}],"wp:attachment":[{"href":"https:\/\/www.radiopiu.net\/wordpress\/wp-json\/wp\/v2\/media?parent=250019"}],"wp:term":[{"taxonomy":"category","embeddable":true,"href":"https:\/\/www.radiopiu.net\/wordpress\/wp-json\/wp\/v2\/categories?post=250019"},{"taxonomy":"post_tag","embeddable":true,"href":"https:\/\/www.radiopiu.net\/wordpress\/wp-json\/wp\/v2\/tags?post=250019"}],"curies":[{"name":"wp","href":"https:\/\/api.w.org\/{rel}","templated":true}]}}