{"id":250072,"date":"2021-12-24T05:42:55","date_gmt":"2021-12-24T04:42:55","guid":{"rendered":"https:\/\/www.radiopiu.net\/wordpress\/?p=250072"},"modified":"2021-12-24T05:58:46","modified_gmt":"2021-12-24T04:58:46","slug":"papa-luciani-beato-domenica-4-settembre-la-proclamazione","status":"publish","type":"post","link":"https:\/\/www.radiopiu.net\/wordpress\/papa-luciani-beato-domenica-4-settembre-la-proclamazione\/","title":{"rendered":"PAPA LUCIANI BEATO, DOMENICA 4 SETTEMBRE LA PROCLAMAZIONE"},"content":{"rendered":"<header class=\"entry-header\">\n<h4 class=\"seed_wp_starter_so_occhiello\"><\/h4>\n<h1 class=\"entry-title-post\">Habemus diem<\/h1>\n<h2 class=\"seed_wp_starter_so_sottotitolo\">Domenica 4 settembre 2022 a San Pietro in Roma papa Francesco proclamer\u00e0 beato papa Giovanni Paolo I<\/h2>\n<\/header>\n<div class=\"entry-content-post\">\n<p>Ha il sapore dei pranzi delle feste, traspira il clima festoso di casa e giunge come lieta notizia la chiamata telefonica del Prefetto delle cause dei Santi, il cardinale Marcello Semeraro. Le parole sono immediate e allargano il cuore:\u00a0<em>\u00abCaro vescovo Renato, ho pensato di chiamare per telefono e dire subito a voce quanto dovrei fare per lettera che non so quando arriver\u00e0 in questi giorni di festa. Mi \u00e8 stata comunicata la data in cui Papa Francesco a San Pietro in Roma proclamer\u00e0 beato Papa Giovanni Paolo I:\u00a0<strong>sar\u00e0 domenica 4 settembre 2022<\/strong>\u00bb<\/em>.<\/p>\n<p>S\u00ec, era attesa questa notizia! Qualcuno anche la immaginava. Ora \u00e8 \u201cufficiale\u201d. Siamo grati del dono che ci viene cos\u00ec confermato. \u00c8 una sorta di \u201cevento natalizio\u201d da preparare, attendere e accogliere. Vorrei evidenziare questa dimensione del dono di cui stupirci e di cui essere grati a Dio, che \u00e8 come una madre premurosa per i suoi figli, ma anche riconoscenti a uomini, donne, famiglie e comunit\u00e0 che intessono la vita e il ministero del nostro don Albino Luciani. La sua santit\u00e0 di vita \u00e8 un frutto maturato con l\u2019apporto divino e umano al plurale.<\/p>\n<p><strong>il vescovo\u00a0 Renato Marangoni<\/strong><\/p>\n<\/div>\n<footer class=\"entry-meta\">\n<div class=\"entry-meta-footer\"><\/div>\n<\/footer>\n","protected":false},"excerpt":{"rendered":"<p>Habemus diem Domenica 4 settembre 2022 a San Pietro in Roma papa Francesco proclamer\u00e0 beato papa Giovanni Paolo I Ha il sapore dei pranzi delle feste, traspira il clima festoso di casa e giunge come lieta notizia la chiamata telefonica del Prefetto delle cause dei Santi, il cardinale Marcello Semeraro. Le parole sono immediate e&hellip;<\/p>\n","protected":false},"author":4,"featured_media":250073,"comment_status":"closed","ping_status":"open","sticky":false,"template":"","format":"standard","meta":{"_monsterinsights_skip_tracking":false,"_monsterinsights_sitenote_active":false,"_monsterinsights_sitenote_note":"","_monsterinsights_sitenote_category":0,"footnotes":""},"categories":[51,49],"tags":[],"class_list":["post-250072","post","type-post","status-publish","format-standard","has-post-thumbnail","hentry","category-evidenza-top","category-news-18","category-51","category-49","description-off"],"img_url":"https:\/\/www.radiopiu.net\/wordpress\/wp-content\/uploads\/2021\/12\/449a-e1629811955471-800x662-1.jpg","_links":{"self":[{"href":"https:\/\/www.radiopiu.net\/wordpress\/wp-json\/wp\/v2\/posts\/250072","targetHints":{"allow":["GET"]}}],"collection":[{"href":"https:\/\/www.radiopiu.net\/wordpress\/wp-json\/wp\/v2\/posts"}],"about":[{"href":"https:\/\/www.radiopiu.net\/wordpress\/wp-json\/wp\/v2\/types\/post"}],"author":[{"embeddable":true,"href":"https:\/\/www.radiopiu.net\/wordpress\/wp-json\/wp\/v2\/users\/4"}],"replies":[{"embeddable":true,"href":"https:\/\/www.radiopiu.net\/wordpress\/wp-json\/wp\/v2\/comments?post=250072"}],"version-history":[{"count":0,"href":"https:\/\/www.radiopiu.net\/wordpress\/wp-json\/wp\/v2\/posts\/250072\/revisions"}],"wp:featuredmedia":[{"embeddable":true,"href":"https:\/\/www.radiopiu.net\/wordpress\/wp-json\/wp\/v2\/media\/250073"}],"wp:attachment":[{"href":"https:\/\/www.radiopiu.net\/wordpress\/wp-json\/wp\/v2\/media?parent=250072"}],"wp:term":[{"taxonomy":"category","embeddable":true,"href":"https:\/\/www.radiopiu.net\/wordpress\/wp-json\/wp\/v2\/categories?post=250072"},{"taxonomy":"post_tag","embeddable":true,"href":"https:\/\/www.radiopiu.net\/wordpress\/wp-json\/wp\/v2\/tags?post=250072"}],"curies":[{"name":"wp","href":"https:\/\/api.w.org\/{rel}","templated":true}]}}