{"id":250101,"date":"2021-12-23T20:17:40","date_gmt":"2021-12-23T19:17:40","guid":{"rendered":"https:\/\/www.radiopiu.net\/wordpress\/?p=250101"},"modified":"2021-12-23T20:17:41","modified_gmt":"2021-12-23T19:17:41","slug":"gsp-nessun-aumento-in-bolletta-il-cda-ascolta-i-sindaci","status":"publish","type":"post","link":"https:\/\/www.radiopiu.net\/wordpress\/gsp-nessun-aumento-in-bolletta-il-cda-ascolta-i-sindaci\/","title":{"rendered":"GSP: NESSUN AUMENTO IN BOLLETTA, IL CDA ASCOLTA I SINDACI"},"content":{"rendered":"<p>&nbsp;<\/p>\n<blockquote>\n<h3><strong><a href=\"https:\/\/www.radiopiu.net\/wordpress\/?attachment_id=250098\" rel=\"attachment wp-att-250098\"><img loading=\"lazy\" decoding=\"async\" class=\" wp-image-250098 alignleft\" src=\"https:\/\/www.radiopiu.net\/wordpress\/wp-content\/uploads\/2021\/12\/assemblea-Gsp-23.12.2021-1-300x142.jpg\" alt=\"\" width=\"201\" height=\"95\" srcset=\"https:\/\/www.radiopiu.net\/wordpress\/wp-content\/uploads\/2021\/12\/assemblea-Gsp-23.12.2021-1-300x142.jpg 300w, https:\/\/www.radiopiu.net\/wordpress\/wp-content\/uploads\/2021\/12\/assemblea-Gsp-23.12.2021-1-1024x484.jpg 1024w, https:\/\/www.radiopiu.net\/wordpress\/wp-content\/uploads\/2021\/12\/assemblea-Gsp-23.12.2021-1-768x363.jpg 768w, https:\/\/www.radiopiu.net\/wordpress\/wp-content\/uploads\/2021\/12\/assemblea-Gsp-23.12.2021-1-1536x725.jpg 1536w, https:\/\/www.radiopiu.net\/wordpress\/wp-content\/uploads\/2021\/12\/assemblea-Gsp-23.12.2021-1.jpg 1599w\" sizes=\"auto, (max-width: 201px) 100vw, 201px\" \/><\/a>BIM GSP, approvato il Piano Industriale 2022-2024<\/strong><\/h3>\n<\/blockquote>\n<p><em>\u00a0<\/em><em>Programmati, nel prossimo triennio, lavori per 66,2 milioni. <\/em><em>Realizzati nel 2021 investimenti per 15,3 milioni di euro.<\/em><\/p>\n<p>&nbsp;<\/p>\n<p><strong>BELLUNO\u00a0<\/strong> Assemblea dei soci di Bim Gsp per l\u2019approvazione del bilancio previsionale 2022 e del piano industriale 2022-2024. Attilio Sommavilla, presidente della societ\u00e0, coadiuvato dai consiglieri di amministrazione Lara Stefani e Andrea Menin, ha illustrato ai soci le principali performance conseguite nel 2021 e i programmi per il prossimo triennio. A spiccare, tra gli obiettivi conseguiti e programmati, il valore degli investimenti, di ben 15,3 milioni di euro nel 2021 e di 66,2 milioni nel prossimo triennio. Tra i risultati <a href=\"https:\/\/www.radiopiu.net\/wordpress\/?attachment_id=250099\" rel=\"attachment wp-att-250099\"><img loading=\"lazy\" decoding=\"async\" class=\"size-medium wp-image-250099 alignright\" src=\"https:\/\/www.radiopiu.net\/wordpress\/wp-content\/uploads\/2021\/12\/assemblea-Gsp-23.12.2021-2-2-300x142.jpg\" alt=\"\" width=\"300\" height=\"142\" srcset=\"https:\/\/www.radiopiu.net\/wordpress\/wp-content\/uploads\/2021\/12\/assemblea-Gsp-23.12.2021-2-2-300x142.jpg 300w, https:\/\/www.radiopiu.net\/wordpress\/wp-content\/uploads\/2021\/12\/assemblea-Gsp-23.12.2021-2-2-1024x484.jpg 1024w, https:\/\/www.radiopiu.net\/wordpress\/wp-content\/uploads\/2021\/12\/assemblea-Gsp-23.12.2021-2-2-768x363.jpg 768w, https:\/\/www.radiopiu.net\/wordpress\/wp-content\/uploads\/2021\/12\/assemblea-Gsp-23.12.2021-2-2-1536x725.jpg 1536w, https:\/\/www.radiopiu.net\/wordpress\/wp-content\/uploads\/2021\/12\/assemblea-Gsp-23.12.2021-2-2.jpg 1599w\" sizes=\"auto, (max-width: 300px) 100vw, 300px\" \/><\/a>economici di rilievo del 2021, ricavi per 27,6 milioni, costi a 23,3 milioni, patrimonio a 59,3 milioni di euro. <strong>Ricavi, costi e utile <\/strong>I ricavi, nel 2021, ammontano a 27,6 milioni di euro, in lieve aumento rispetto al 2020, mentre i costi raggiungono quota 23,3 milioni. Il margine operativo lordo, differenza tra ricavi e costi, \u00e8 di 4,3 milioni di euro, mentre il risultato netto, l\u2019utile, per il 2021 \u00e8 di 17 milioni di euro<\/p>\n<p>&nbsp;<\/p>\n<blockquote>\n<h3>NESSUN AUMENTO IN BOLLETTA, IL CDA ASCOLTA I SINDACI<\/h3>\n<\/blockquote>\n<p>Il temuto aumento nelle bollette Gsp 2021 non ci sar\u00e0. La richiesta presentata il 29 dicembre da un gruppo di sindaci e con la sindaca di Valle Marianna Hofer come prima firmataria, \u00e8 stata accettata dal cda di Bim Gsp. La bolletta in arrivo nelle case dei bellunesi in questi giorni, quindi, non avr\u00e0 il nessun rincaro e n\u00e9 questo sar\u00e0 poi spalmato sulle annualit\u00e0 2022 \u2013 2023 come inizialmente prospettato. \u201cE&#8217; un momento epocale \u2013 dichiara Hofer -, con oggi abbiamo iniziato un percorso costruttivo e positivo insieme al cda che ha dimostrato, in questo modo, di ascoltare davvero i proprietari della rete, ovvero i sindaci rappresentanti dei comuni\u201d.<\/p>\n<audio class=\"wp-audio-shortcode\" id=\"audio-250101-1\" preload=\"none\" style=\"width: 100%;\" controls=\"controls\"><source type=\"audio\/mpeg\" src=\"https:\/\/www.radiopiu.net\/wordpress\/wp-content\/uploads\/2021\/12\/HOFER-GSP.mp3?_=1\" \/><a href=\"https:\/\/www.radiopiu.net\/wordpress\/wp-content\/uploads\/2021\/12\/HOFER-GSP.mp3\">https:\/\/www.radiopiu.net\/wordpress\/wp-content\/uploads\/2021\/12\/HOFER-GSP.mp3<\/a><\/audio>\n<p>&nbsp;<\/p>\n","protected":false},"excerpt":{"rendered":"<p>&nbsp; BIM GSP, approvato il Piano Industriale 2022-2024 \u00a0Programmati, nel prossimo triennio, lavori per 66,2 milioni. Realizzati nel 2021 investimenti per 15,3 milioni di euro. &nbsp; BELLUNO\u00a0 Assemblea dei soci di Bim Gsp per l\u2019approvazione del bilancio previsionale 2022 e del piano industriale 2022-2024. Attilio Sommavilla, presidente della societ\u00e0, coadiuvato dai consiglieri di amministrazione Lara&hellip;<\/p>\n","protected":false},"author":4,"featured_media":250098,"comment_status":"closed","ping_status":"open","sticky":false,"template":"","format":"standard","meta":{"_monsterinsights_skip_tracking":false,"_monsterinsights_sitenote_active":false,"_monsterinsights_sitenote_note":"","_monsterinsights_sitenote_category":0,"footnotes":""},"categories":[51,49],"tags":[],"class_list":["post-250101","post","type-post","status-publish","format-standard","has-post-thumbnail","hentry","category-evidenza-top","category-news-18","category-51","category-49","description-off"],"img_url":"https:\/\/www.radiopiu.net\/wordpress\/wp-content\/uploads\/2021\/12\/assemblea-Gsp-23.12.2021-1.jpg","_links":{"self":[{"href":"https:\/\/www.radiopiu.net\/wordpress\/wp-json\/wp\/v2\/posts\/250101","targetHints":{"allow":["GET"]}}],"collection":[{"href":"https:\/\/www.radiopiu.net\/wordpress\/wp-json\/wp\/v2\/posts"}],"about":[{"href":"https:\/\/www.radiopiu.net\/wordpress\/wp-json\/wp\/v2\/types\/post"}],"author":[{"embeddable":true,"href":"https:\/\/www.radiopiu.net\/wordpress\/wp-json\/wp\/v2\/users\/4"}],"replies":[{"embeddable":true,"href":"https:\/\/www.radiopiu.net\/wordpress\/wp-json\/wp\/v2\/comments?post=250101"}],"version-history":[{"count":0,"href":"https:\/\/www.radiopiu.net\/wordpress\/wp-json\/wp\/v2\/posts\/250101\/revisions"}],"wp:featuredmedia":[{"embeddable":true,"href":"https:\/\/www.radiopiu.net\/wordpress\/wp-json\/wp\/v2\/media\/250098"}],"wp:attachment":[{"href":"https:\/\/www.radiopiu.net\/wordpress\/wp-json\/wp\/v2\/media?parent=250101"}],"wp:term":[{"taxonomy":"category","embeddable":true,"href":"https:\/\/www.radiopiu.net\/wordpress\/wp-json\/wp\/v2\/categories?post=250101"},{"taxonomy":"post_tag","embeddable":true,"href":"https:\/\/www.radiopiu.net\/wordpress\/wp-json\/wp\/v2\/tags?post=250101"}],"curies":[{"name":"wp","href":"https:\/\/api.w.org\/{rel}","templated":true}]}}