{"id":250111,"date":"2021-12-24T05:44:55","date_gmt":"2021-12-24T04:44:55","guid":{"rendered":"https:\/\/www.radiopiu.net\/wordpress\/?p=250111"},"modified":"2021-12-24T05:58:05","modified_gmt":"2021-12-24T04:58:05","slug":"una-morte-improvvisa","status":"publish","type":"post","link":"https:\/\/www.radiopiu.net\/wordpress\/una-morte-improvvisa\/","title":{"rendered":"&#8220;UNA MORTE IMPROVVISA CHE RICORDA IL VERO SENSO DELLA VITA&#8221;"},"content":{"rendered":"<blockquote>\n<h3>IERI &#8216;ULTIMO SALUTO A DEBORA COLLE<\/h3>\n<\/blockquote>\n<div><strong><a href=\"https:\/\/www.radiopiu.net\/wordpress\/giornale-radiopiu-24-dicembre-2021-direttore-mirko-mezzacasa\/b78b43f1-8c8e-4a3f-9c03-20e9e5e06668\/\" rel=\"attachment wp-att-250110\"><img loading=\"lazy\" decoding=\"async\" class=\"wp-image-250110 alignleft\" src=\"https:\/\/www.radiopiu.net\/wordpress\/wp-content\/uploads\/2021\/12\/b78b43f1-8c8e-4a3f-9c03-20e9e5e06668-300x169.jpg\" alt=\"\" width=\"206\" height=\"116\" srcset=\"https:\/\/www.radiopiu.net\/wordpress\/wp-content\/uploads\/2021\/12\/b78b43f1-8c8e-4a3f-9c03-20e9e5e06668-300x169.jpg 300w, https:\/\/www.radiopiu.net\/wordpress\/wp-content\/uploads\/2021\/12\/b78b43f1-8c8e-4a3f-9c03-20e9e5e06668-1024x576.jpg 1024w, https:\/\/www.radiopiu.net\/wordpress\/wp-content\/uploads\/2021\/12\/b78b43f1-8c8e-4a3f-9c03-20e9e5e06668-768x432.jpg 768w, https:\/\/www.radiopiu.net\/wordpress\/wp-content\/uploads\/2021\/12\/b78b43f1-8c8e-4a3f-9c03-20e9e5e06668-1536x864.jpg 1536w, https:\/\/www.radiopiu.net\/wordpress\/wp-content\/uploads\/2021\/12\/b78b43f1-8c8e-4a3f-9c03-20e9e5e06668.jpg 1920w\" sizes=\"auto, (max-width: 206px) 100vw, 206px\" \/><\/a>SANTA GIUSTINA\u00a0<\/strong> Con mamma Marina, pap\u00e0 Ezio e la sorella Serena erano in tanti che ieri mattina per porgere l&#8217;ultimo saluto alla ventinovenne di Santa Giustina, deceduta insieme all&#8217;amico Adriano Corona, che si trovava alla guida dell&#8217;auto. Don Gianni: <em>\u00abSiamo sicuri che tutto il bene che Debora ha fatto rimane. La <a href=\"https:\/\/www.radiopiu.net\/wordpress\/lultimo-saluto-a-debora-in-giornata-il-nulla-osta-dalla-magistratura\/6380946_13142109_debora_colle_adriano_corona\/\" rel=\"attachment wp-att-248439\"><img loading=\"lazy\" decoding=\"async\" class=\"size-medium wp-image-248439 alignright\" src=\"https:\/\/www.radiopiu.net\/wordpress\/wp-content\/uploads\/2021\/12\/6380946_13142109_debora_colle_adriano_corona-300x164.jpg\" alt=\"\" width=\"300\" height=\"164\" srcset=\"https:\/\/www.radiopiu.net\/wordpress\/wp-content\/uploads\/2021\/12\/6380946_13142109_debora_colle_adriano_corona-300x164.jpg 300w, https:\/\/www.radiopiu.net\/wordpress\/wp-content\/uploads\/2021\/12\/6380946_13142109_debora_colle_adriano_corona-1024x561.jpg 1024w, https:\/\/www.radiopiu.net\/wordpress\/wp-content\/uploads\/2021\/12\/6380946_13142109_debora_colle_adriano_corona-768x421.jpg 768w, https:\/\/www.radiopiu.net\/wordpress\/wp-content\/uploads\/2021\/12\/6380946_13142109_debora_colle_adriano_corona.jpg 1280w\" sizes=\"auto, (max-width: 300px) 100vw, 300px\" \/><\/a>ricordiamo qui per il bene che ci ha fatto e le diciamo grazie. Tutto il resto cade, una morte incomprensibile agli occhi umani come quella di Ges\u00f9. Debora era nella sua giovinezza, con la voglia di vivere, in un&#8217;et\u00e0 nella quale si cerca di capire e di capirsi, di provare a dare il meglio di s\u00e9, anche se non sempre ci si riesce. Succede a tutti<\/em>. <em>La morte improvvisa di Debora ci ricorda il vero senso della via: \u00abIl vangelo ci dice di tenersi pronti perch\u00e9 il figlio dell&#8217;uomo verr\u00e0 nell&#8217;ora non pensata\u00bb\u00a0<\/em><\/div>\n","protected":false},"excerpt":{"rendered":"<p>IERI &#8216;ULTIMO SALUTO A DEBORA COLLE SANTA GIUSTINA\u00a0 Con mamma Marina, pap\u00e0 Ezio e la sorella Serena erano in tanti che ieri mattina per porgere l&#8217;ultimo saluto alla ventinovenne di Santa Giustina, deceduta insieme all&#8217;amico Adriano Corona, che si trovava alla guida dell&#8217;auto. Don Gianni: \u00abSiamo sicuri che tutto il bene che Debora ha fatto&hellip;<\/p>\n","protected":false},"author":4,"featured_media":250113,"comment_status":"closed","ping_status":"open","sticky":false,"template":"","format":"standard","meta":{"_monsterinsights_skip_tracking":false,"_monsterinsights_sitenote_active":false,"_monsterinsights_sitenote_note":"","_monsterinsights_sitenote_category":0,"footnotes":""},"categories":[51,49],"tags":[],"class_list":["post-250111","post","type-post","status-publish","format-standard","has-post-thumbnail","hentry","category-evidenza-top","category-news-18","category-51","category-49","description-off"],"img_url":"https:\/\/www.radiopiu.net\/wordpress\/wp-content\/uploads\/2021\/12\/6380909_13100720_vittime_incidente_crocetta_del_montello.jpg","_links":{"self":[{"href":"https:\/\/www.radiopiu.net\/wordpress\/wp-json\/wp\/v2\/posts\/250111","targetHints":{"allow":["GET"]}}],"collection":[{"href":"https:\/\/www.radiopiu.net\/wordpress\/wp-json\/wp\/v2\/posts"}],"about":[{"href":"https:\/\/www.radiopiu.net\/wordpress\/wp-json\/wp\/v2\/types\/post"}],"author":[{"embeddable":true,"href":"https:\/\/www.radiopiu.net\/wordpress\/wp-json\/wp\/v2\/users\/4"}],"replies":[{"embeddable":true,"href":"https:\/\/www.radiopiu.net\/wordpress\/wp-json\/wp\/v2\/comments?post=250111"}],"version-history":[{"count":0,"href":"https:\/\/www.radiopiu.net\/wordpress\/wp-json\/wp\/v2\/posts\/250111\/revisions"}],"wp:featuredmedia":[{"embeddable":true,"href":"https:\/\/www.radiopiu.net\/wordpress\/wp-json\/wp\/v2\/media\/250113"}],"wp:attachment":[{"href":"https:\/\/www.radiopiu.net\/wordpress\/wp-json\/wp\/v2\/media?parent=250111"}],"wp:term":[{"taxonomy":"category","embeddable":true,"href":"https:\/\/www.radiopiu.net\/wordpress\/wp-json\/wp\/v2\/categories?post=250111"},{"taxonomy":"post_tag","embeddable":true,"href":"https:\/\/www.radiopiu.net\/wordpress\/wp-json\/wp\/v2\/tags?post=250111"}],"curies":[{"name":"wp","href":"https:\/\/api.w.org\/{rel}","templated":true}]}}