{"id":250172,"date":"2021-12-27T05:52:14","date_gmt":"2021-12-27T04:52:14","guid":{"rendered":"https:\/\/www.radiopiu.net\/wordpress\/?p=250172"},"modified":"2021-12-27T09:19:40","modified_gmt":"2021-12-27T08:19:40","slug":"giornale-radiopiu-27-dicembre-2021-direttore-mirko-mezzacasa","status":"publish","type":"post","link":"https:\/\/www.radiopiu.net\/wordpress\/giornale-radiopiu-27-dicembre-2021-direttore-mirko-mezzacasa\/","title":{"rendered":"GIORNALE RADIOPIU 27 DICEMBRE 2021 DIRETTORE MIRKO MEZZACASA"},"content":{"rendered":"<h3 class=\"kvgmc6g5 cxmmr5t8 oygrvhab hcukyx3x c1et5uql\"><span style=\"color: #0000ff;\"><strong>INFORMAZIONE il canale su TELEGRAM informazione di prima mano e in tempo reale. iscriviti ed aiutaci a farlo conoscere\u00a0 \u00a0\u00a0<\/strong><\/span><\/h3>\n<p>&nbsp;<\/p>\n<blockquote><p><strong>IL MERAVIGLIOSO PRESEPE IN PIAZZA A FRASSENE&#8217;\u00a0 DI VOLTAGO AGORDINO<\/strong><\/p><\/blockquote>\n<p>https:\/\/www.facebook.com\/mirko.mezzacasa\/videos\/1264434847367929<\/p>\n<p>&nbsp;<\/p>\n<p>&nbsp;<\/p>\n<hr \/>\n<p>&nbsp;<\/p>\n<blockquote>\n<h3>CROCE VERDE VAL BIOIS, A SINGHIOZZO FINO AL 31 DICEMBRE<\/h3>\n<\/blockquote>\n<p><strong><img loading=\"lazy\" decoding=\"async\" class=\"alignleft\" src=\"https:\/\/www.radiopiu.net\/wordpress\/wp-content\/uploads\/2020\/06\/download-36.jpg\" width=\"205\" height=\"112\" \/> <\/strong><\/p>\n<p><strong>\u00a0 <\/strong><\/p>\n<p><strong>FALCADE<\/strong> Giorni e orari in cui l&#8217;emergenza della Croce Verde Val Biois non \u00e8 garantita: OGGI\u00a0 dalle ore 20:00 alle ore 6 di DOMANI<\/p>\n<p>&nbsp;<\/p>\n<p>&nbsp;<\/p>\n<p>&nbsp;<\/p>\n<hr \/>\n<p>&nbsp;<\/p>\n<blockquote>\n<h3>COVID A SCUOLA. ULSS 1 DOLOMITI: AUMENTANO LE CLASSI IN SORVEGLIANZA (+2), 5 IN PIU&#8217; NELLE SCUOLE DELL&#8217;INFANZIA<\/h3>\n<\/blockquote>\n<p><strong>BELLUNO <\/strong>Il team scuole, del Dipartimento di Prevenzione, fa il punto settimanale sulla situazione dei contagi nelle scuole della provincia. Si rileva un lieve incremento (+2) delle classi in sorveglianza scolastica rispetto alla precedente settimana.\u00a0 Si evidenzia inoltre un aumento di classi appartenenti a scuole dell\u2019infanzia (+5 in 5 giorni ).\u00a0 Si sottolinea un aumento delle classi in monitoraggio e un leggero calo di quelle in quarantena in quando alcune classi hanno terminato il periodo di sorveglianza. Le classi oggetto del presente report sono localizzate in modo uniforme in tutta la provincia di Belluno.<\/p>\n<p><strong><u>AGGIORNAMENTO REPORT SETTIMANALE SCUOLE<\/u><\/strong><\/p>\n<table width=\"730\">\n<tbody>\n<tr>\n<td width=\"230\"><strong>ORDINE E GRADO<\/strong><\/td>\n<td colspan=\"3\" width=\"328\"><strong>NUMERO CLASSI IN CARICO<\/strong><\/td>\n<td width=\"172\"><strong>VARIAZIONI <\/strong><\/td>\n<\/tr>\n<tr>\n<td width=\"230\"><\/td>\n<td width=\"118\"><\/td>\n<td width=\"114\"><\/td>\n<td width=\"96\"><\/td>\n<td width=\"172\">TOTALE<\/td>\n<\/tr>\n<tr>\n<td width=\"230\"><\/td>\n<td width=\"118\">*Monitoraggio<\/td>\n<td width=\"114\">**Quarantena<\/td>\n<td width=\"96\">Totale<\/td>\n<td rowspan=\"8\" width=\"172\"><strong>\u00a0<\/strong><\/p>\n<p><strong>+2<\/strong><\/p>\n<p><strong>\u00a0<\/strong><\/p>\n<p><strong>\u00a0<\/strong><\/td>\n<\/tr>\n<tr>\n<td width=\"230\">Asili e Infanzie<\/td>\n<td width=\"118\">\/<\/td>\n<td width=\"114\">11<\/td>\n<td width=\"96\">11<\/td>\n<\/tr>\n<tr>\n<td width=\"230\">Primarie<\/td>\n<td width=\"118\">14<\/td>\n<td width=\"114\">8<\/td>\n<td width=\"96\">22<\/td>\n<\/tr>\n<tr>\n<td width=\"230\">Secondaria di primo grado<\/td>\n<td width=\"118\">7<\/td>\n<td width=\"114\">4<\/td>\n<td width=\"96\">11<\/td>\n<\/tr>\n<tr>\n<td width=\"230\">Secondaria di secondo grado<\/td>\n<td width=\"118\">14<\/td>\n<td width=\"114\">2<\/td>\n<td width=\"96\">16<\/td>\n<\/tr>\n<tr>\n<td width=\"230\">Convitto<\/td>\n<td width=\"118\">\/<\/td>\n<td width=\"114\">\/<\/td>\n<td width=\"96\">\/<\/td>\n<\/tr>\n<tr>\n<td width=\"230\">Doposcuole<\/td>\n<td width=\"118\">\/<\/td>\n<td width=\"114\">\/<\/td>\n<td width=\"96\">\/<\/td>\n<\/tr>\n<tr>\n<td width=\"230\"><strong>TOTALE<\/strong><\/td>\n<td width=\"118\"><strong>35<\/strong><\/td>\n<td width=\"114\"><strong>25<\/strong><\/td>\n<td width=\"96\"><strong>60<\/strong><\/td>\n<\/tr>\n<\/tbody>\n<\/table>\n<p>&nbsp;<\/p>\n<p><strong>TOTALE SOGGETTI ATTUALMENTE IN CARICO: 1180<\/strong><\/p>\n<p>&nbsp;<\/p>\n<p>&nbsp;<\/p>\n<hr \/>\n<p>&nbsp;<\/p>\n<blockquote>\n<h3>INCIDENTE MORTALE A PIOVENA DI SANTA GIUSTINA. MUORE UN ANZIANO NELLO SCHIANTO MORTALE A 200 METRI\u00a0 DA CASA<\/h3>\n<p><em>Gentile, riservato ma di compagnia, aveva sempre un sorriso per tutti.\u00a0<\/em><\/p><\/blockquote>\n<p><strong>SANTA GIUSTINA<\/strong>\u00a0 Venerdi i Vigili del Fuoco sono intervenuti lungo la SS 50\u00a0 in localit\u00e0 Piovena nel comune di Santa Giustina per un incidente stradale: deceduto un uomo. I pompieri arrivati da Feltre hanno messo in sicurezza i veicoli, ed estratto il conducente della Fiat Punto. Purtroppo nonostante i soccorsi il medico del SUEM ha dovuto constatare la morte dell\u2019anziano. Illesi gli altri due conducenti. La polizia stradale ha deviato il traffico ed eseguito i rilievi del sinistro.\u00a0 \u00a0La vittima \u00e8 Carlo Tiziani, di 76 anni. Illesi gli altri automobilisti coinvolti. Mancavano 200 metri per arrivare a casa. Alle 17.15 lo schianto con una Mercedes, che procedeva nel senso di marcia opposto.\u00a0 Tiziani \u00e8 deceduto sul colpo, per le ferite riportate nell&#8217;impatto. Per consentire alla Polstrada di effettuare i rilievi e ai vigili del fuoco di Feltre di ripulire la carreggiata dai tanti detriti, la statale 50 \u00e8 stata chiusa per oltre tre ore. Il traffico \u00e8 stato deviato per la provinciale di Cesiomaggiore a Piovena.<\/p>\n\n\t\t\t<style type='text\/css'>\n\t\t\t\t#gallery-1 {\n\t\t\t\t\tmargin: auto;\n\t\t\t\t}\n\t\t\t\t#gallery-1 .gallery-item {\n\t\t\t\t\tfloat: left;\n\t\t\t\t\tmargin-top: 10px;\n\t\t\t\t\ttext-align: center;\n\t\t\t\t\twidth: 33%;\n\t\t\t\t}\n\t\t\t\t#gallery-1 img {\n\t\t\t\t\tborder: 2px solid #cfcfcf;\n\t\t\t\t}\n\t\t\t\t#gallery-1 .gallery-caption {\n\t\t\t\t\tmargin-left: 0;\n\t\t\t\t}\n\t\t\t\t\/* see gallery_shortcode() in wp-includes\/media.php *\/\n\t\t\t<\/style>\n\t\t<div id='gallery-1' class='dt-gallery-container gallery galleryid-250172 gallery-columns-3 gallery-size-medium'><dl class='gallery-item'>\n\t\t\t\t<dt class='gallery-icon landscape'>\n\t\t\t\t\t<a class=\"rollover rollover-zoom dt-pswp-item\" title=\"3be49167-bb6b-4432-a2bf-13cd8704031e\" data-dt-img-description=\"\" data-large_image_width=\"1280\" data-large_image_height=\"894\"href='https:\/\/www.radiopiu.net\/wordpress\/wp-content\/uploads\/2021\/12\/3be49167-bb6b-4432-a2bf-13cd8704031e.jpg'><img loading=\"lazy\" decoding=\"async\" width=\"300\" height=\"210\" src=\"https:\/\/www.radiopiu.net\/wordpress\/wp-content\/uploads\/2021\/12\/3be49167-bb6b-4432-a2bf-13cd8704031e-300x210.jpg\" class=\"attachment-medium size-medium\" alt=\"\" srcset=\"https:\/\/www.radiopiu.net\/wordpress\/wp-content\/uploads\/2021\/12\/3be49167-bb6b-4432-a2bf-13cd8704031e-300x210.jpg 300w, https:\/\/www.radiopiu.net\/wordpress\/wp-content\/uploads\/2021\/12\/3be49167-bb6b-4432-a2bf-13cd8704031e-1024x715.jpg 1024w, https:\/\/www.radiopiu.net\/wordpress\/wp-content\/uploads\/2021\/12\/3be49167-bb6b-4432-a2bf-13cd8704031e-768x536.jpg 768w, https:\/\/www.radiopiu.net\/wordpress\/wp-content\/uploads\/2021\/12\/3be49167-bb6b-4432-a2bf-13cd8704031e.jpg 1280w\" sizes=\"auto, (max-width: 300px) 100vw, 300px\" \/><\/a>\n\t\t\t\t<\/dt><\/dl><dl class='gallery-item'>\n\t\t\t\t<dt class='gallery-icon landscape'>\n\t\t\t\t\t<a class=\"rollover rollover-zoom dt-pswp-item\" title=\"274c3105-cccc-41b9-b55c-aa0f9bdab9fd\" data-dt-img-description=\"\" data-large_image_width=\"1151\" data-large_image_height=\"678\"href='https:\/\/www.radiopiu.net\/wordpress\/wp-content\/uploads\/2021\/12\/274c3105-cccc-41b9-b55c-aa0f9bdab9fd.jpg'><img loading=\"lazy\" decoding=\"async\" width=\"300\" height=\"177\" src=\"https:\/\/www.radiopiu.net\/wordpress\/wp-content\/uploads\/2021\/12\/274c3105-cccc-41b9-b55c-aa0f9bdab9fd-300x177.jpg\" class=\"attachment-medium size-medium\" alt=\"\" srcset=\"https:\/\/www.radiopiu.net\/wordpress\/wp-content\/uploads\/2021\/12\/274c3105-cccc-41b9-b55c-aa0f9bdab9fd-300x177.jpg 300w, https:\/\/www.radiopiu.net\/wordpress\/wp-content\/uploads\/2021\/12\/274c3105-cccc-41b9-b55c-aa0f9bdab9fd-1024x603.jpg 1024w, https:\/\/www.radiopiu.net\/wordpress\/wp-content\/uploads\/2021\/12\/274c3105-cccc-41b9-b55c-aa0f9bdab9fd-768x452.jpg 768w, https:\/\/www.radiopiu.net\/wordpress\/wp-content\/uploads\/2021\/12\/274c3105-cccc-41b9-b55c-aa0f9bdab9fd.jpg 1151w\" sizes=\"auto, (max-width: 300px) 100vw, 300px\" \/><\/a>\n\t\t\t\t<\/dt><\/dl><dl class='gallery-item'>\n\t\t\t\t<dt class='gallery-icon landscape'>\n\t\t\t\t\t<a class=\"rollover rollover-zoom dt-pswp-item\" title=\"05d361f9-32c9-4cbb-8693-68d2a40761a0\" data-dt-img-description=\"\" data-large_image_width=\"960\" data-large_image_height=\"618\"href='https:\/\/www.radiopiu.net\/wordpress\/wp-content\/uploads\/2021\/12\/05d361f9-32c9-4cbb-8693-68d2a40761a0.jpg'><img loading=\"lazy\" decoding=\"async\" width=\"300\" height=\"193\" src=\"https:\/\/www.radiopiu.net\/wordpress\/wp-content\/uploads\/2021\/12\/05d361f9-32c9-4cbb-8693-68d2a40761a0-300x193.jpg\" class=\"attachment-medium size-medium\" alt=\"\" srcset=\"https:\/\/www.radiopiu.net\/wordpress\/wp-content\/uploads\/2021\/12\/05d361f9-32c9-4cbb-8693-68d2a40761a0-300x193.jpg 300w, https:\/\/www.radiopiu.net\/wordpress\/wp-content\/uploads\/2021\/12\/05d361f9-32c9-4cbb-8693-68d2a40761a0-768x494.jpg 768w, https:\/\/www.radiopiu.net\/wordpress\/wp-content\/uploads\/2021\/12\/05d361f9-32c9-4cbb-8693-68d2a40761a0.jpg 960w\" sizes=\"auto, (max-width: 300px) 100vw, 300px\" \/><\/a>\n\t\t\t\t<\/dt><\/dl><br style=\"clear: both\" \/>\n\t\t\t<\/div>\n\n<p>&nbsp;<\/p>\n<hr \/>\n<p>&nbsp;<\/p>\n<blockquote>\n<h3 class=\"entry-title\">DONNA AGGREDITA A CASTOI GRAVI FERITE RIPORTATE, A DARE L&#8217;ALLARME SONO STATI I VICINI SENTENDO LE URLA DELLA DONNA<\/h3>\n<\/blockquote>\n<p style=\"text-align: left;\"><strong><a href=\"https:\/\/www.radiopiu.net\/wordpress\/giornale-radiopiu-30-ottobre-2021-direttore-mirko-mezzacasa\/police-3394767__480\/\" rel=\"attachment wp-att-239926\"><img loading=\"lazy\" decoding=\"async\" class=\"size-medium wp-image-239926 alignleft\" src=\"https:\/\/www.radiopiu.net\/wordpress\/wp-content\/uploads\/2021\/10\/police-3394767__480-300x200.jpg\" alt=\"\" width=\"300\" height=\"200\" srcset=\"https:\/\/www.radiopiu.net\/wordpress\/wp-content\/uploads\/2021\/10\/police-3394767__480-300x200.jpg 300w, https:\/\/www.radiopiu.net\/wordpress\/wp-content\/uploads\/2021\/10\/police-3394767__480.jpg 719w\" sizes=\"auto, (max-width: 300px) 100vw, 300px\" \/><\/a>BELLUNO<\/strong> Stava parcheggiando\u00a0 la macchina in cortile, quando venerd\u00ec alle 23 \u00e8 stata colpita alle spalle da un uomo. Una donna di circa quarant\u2019anni \u00e8 ricoverata\u00a0 all\u2019ospedale San Martino di Belluno dopo l\u2019aggressione subita a Castoi, dove abita proprio mentre si incamminava per raggiungere la porta d\u2019ingresso, qualcuno l\u2019ha aggredita alla spalle. Indagano i Carabinieri. Gli inquirenti mantengono per ora il pi\u00f9 stretto riserbo, mentre in paese cresce la paura, non era una aggressione a scopo di rapina, perch\u00e9 la borsa e il portafoglio sono rimasti sul posto.\u00a0 La quarantenne da quella sera \u00e8 ricoverata in ospedale. Le sue condizioni sono serie, ma il quadro clinico \u00e8 in miglioramento. I carabinieri attendono che si riprenda per parlare con lei, per chiarire i tanti aspetti della vicenda rimasti senza risposta. Primo fra tutti se la donna abbia visto il suo aggressore in faccia.\u00a0 L&#8217;aggressore aveva con s\u00e8 un oggetto contundente, forse un bastone, e ha colpito duramente la donna al capo provocandole una profonda ferita lacero contusa sulla fronte. Le indagini sono in corso e gli inquirenti mantengono il pi\u00f9 stretto riserbo, vista la delicatezza della situazione.<\/p>\n<p>&nbsp;<\/p>\n<hr \/>\n<p>&nbsp;<\/p>\n<blockquote>\n<h3>CINQUANTENNE IN OSPEDALE, PICCHIATO DAL BRANCO<\/h3>\n<\/blockquote>\n<p><strong><img loading=\"lazy\" decoding=\"async\" class=\"alignleft\" src=\"https:\/\/www.radiopiu.net\/wordpress\/wp-content\/uploads\/2018\/09\/POLIZIA-3.jpg\" width=\"227\" height=\"78\" \/>BELLUNO<\/strong> Alcuni giovani stavano danneggiando un auto e un uomo per senso civico ha cercato con il buon senso di farli ragionare, purtroppo la reazione scomposta del branco in pieno centro storico \u00e8 stata vergognosa. L&#8217;uomo \u00e8 finito in ospedale con ferite al volto dopo l&#8217;aggressione della banda di ragazzi che\u00a0 stavano danneggiando alcune auto in sosta. Sono in corso le indagini, coordinate dalla Polizia che ha riscontrato anche i danni\u00a0 alle\u00a0 auto in sosta nella zona del teatro comunale.\u00a0 La zona dell&#8217;aggressione, centralissima, \u00e8 coperta da numerose telecamere del sistema di videosorveglianza<\/p>\n<blockquote><p>&nbsp;<\/p><\/blockquote>\n<hr \/>\n<p>&nbsp;<\/p>\n<blockquote>\n<h3>SPARO IN VIA CARRERA, FINESTRA IN FRANTUMI<\/h3>\n<p><strong><a href=\"https:\/\/www.radiopiu.net\/wordpress\/giornale-radiopiu-19-ottobre-2021-direttore-mirko-mezzacasa\/bd4ca11e-f342-4192-87c9-e0edc1ac7c40\/\" rel=\"attachment wp-att-237584\"><img loading=\"lazy\" decoding=\"async\" class=\"wp-image-237584 alignleft\" src=\"https:\/\/www.radiopiu.net\/wordpress\/wp-content\/uploads\/2021\/10\/bd4ca11e-f342-4192-87c9-e0edc1ac7c40-300x169.jpg\" alt=\"\" width=\"178\" height=\"100\" srcset=\"https:\/\/www.radiopiu.net\/wordpress\/wp-content\/uploads\/2021\/10\/bd4ca11e-f342-4192-87c9-e0edc1ac7c40-300x169.jpg 300w, https:\/\/www.radiopiu.net\/wordpress\/wp-content\/uploads\/2021\/10\/bd4ca11e-f342-4192-87c9-e0edc1ac7c40-1024x576.jpg 1024w, https:\/\/www.radiopiu.net\/wordpress\/wp-content\/uploads\/2021\/10\/bd4ca11e-f342-4192-87c9-e0edc1ac7c40-768x432.jpg 768w, https:\/\/www.radiopiu.net\/wordpress\/wp-content\/uploads\/2021\/10\/bd4ca11e-f342-4192-87c9-e0edc1ac7c40-1536x864.jpg 1536w, https:\/\/www.radiopiu.net\/wordpress\/wp-content\/uploads\/2021\/10\/bd4ca11e-f342-4192-87c9-e0edc1ac7c40.jpg 1920w\" sizes=\"auto, (max-width: 178px) 100vw, 178px\" \/><\/a>SANTA GIUSTINA\u00a0<\/strong> \u00a0I vetri di una finestra sono andati in frantumi, la causa un proiettile partito da un&#8217;arma da fuoco, probabilmente una pistola. E&#8217; successo la vigilia di Natale a Formegan in via Carrera.<\/p><\/blockquote>\n<div id=\"articoloModal\" class=\"modal fade lora in\" tabindex=\"-1\" role=\"dialog\" aria-labelledby=\"cedModalArticolo\">\n<div class=\"modal-dialog norounded\" role=\"document\">\n<div id=\"articoloContainer\" class=\"bbianco modal-content norounded col-xs-12 col-sm-10 col-sm-offset-1\">\n<div id=\"articoloBody\" class=\"row bbianco nero\">\n<div id=\"\" class=\"col-xs-12 hidden-xs contenutoArticolo columned\">Il proiettile ha bucato la tapparella in plastica e mandato in frantumi i vetri dell&#8217;abitazione di\u00a0 Alessio Grappoli.<b> <\/b>Secondo una prima ricostruzione effettuata dai carabinieri della stazione di Santa Giustina, il proiettile sarebbe stato sparato verso la finestra da una pistola ad aria compressa. Nessuno in via Carrera si sarebbe accorto di nulla.<i id=\"iconLinkDoppie\" class=\"iconDX clickable fa fa-file-o \" title=\"Cambia Vista: mostra pagine doppie\" aria-hidden=\"true\" data-on=\"autoAlpha:1;\" data-off=\"autoAlpha:0.5;\"><\/i><\/div>\n<\/div>\n<\/div>\n<\/div>\n<\/div>\n<div><\/div>\n<div><img \/><img \/><img \/><img \/><img \/><img \/><img \/><img \/><img \/><img \/><img \/><img \/><img \/><img \/><img \/><img \/><img \/><\/div>\n<p>&nbsp;<\/p>\n<hr \/>\n<blockquote>\n<h3><\/h3>\n<h3>AUTO IN FIAMME NEL PARCHEGGIO DI PITTARELLO A BELLUNO<\/h3>\n<\/blockquote>\n<p><strong>BELLUNO<\/strong> Nessun ferito ma che spavento a Belluno nel parcheggio del negozio Pittarello la vigilia di Natale. I Vigili del Fuoco sono intervenuti in Via Mariano Tonegutti a Belluno per l\u2019incendio di un\u2019autovettura. Il conducente mentre stava percorrendo la via, si \u00e8 accorto che qualcosa non andava, si \u00e8 fermato ed \u00e8 sceso, mentre l\u2019auto prendeva fuoco. I pompieri arrivati con il personale di prima partenza hanno spento con la schiuma l\u2019auto andata completamente distrutta. Le cause di probabile natura elettromeccanica sono al vaglio dei Vigili del Fuoco.<\/p>\n<div style=\"width: 848px;\" class=\"wp-video\"><video class=\"wp-video-shortcode\" id=\"video-250172-1\" width=\"848\" height=\"480\" preload=\"metadata\" controls=\"controls\"><source type=\"video\/mp4\" src=\"https:\/\/www.radiopiu.net\/wordpress\/wp-content\/uploads\/2021\/12\/WhatsApp-Video-2021-12-24-at-09.56.36.mp4?_=1\" \/><a href=\"https:\/\/www.radiopiu.net\/wordpress\/wp-content\/uploads\/2021\/12\/WhatsApp-Video-2021-12-24-at-09.56.36.mp4\">https:\/\/www.radiopiu.net\/wordpress\/wp-content\/uploads\/2021\/12\/WhatsApp-Video-2021-12-24-at-09.56.36.mp4<\/a><\/video><\/div>\n<p>&nbsp;<\/p>\n<hr \/>\n<p>&nbsp;<\/p>\n<blockquote>\n<h3>L&#8217;EX CAMPIONE DI RUGBY RITROVATO IN VAL CIMOLIANA<\/h3>\n<\/blockquote>\n<p><b>ERTO<\/b> Vacanze di Natale da raccontare quelle dell&#8217;ex campione di rugby\u00a0 Francesco Minto 34 anni residente a Treviso. Dopo ore di ricerche gli uomini del Soccorso Alpino e Vigili del fuoco\u00a0 lo hanno ritrovato in Val Cimoliana mentre rientratava autonomamente. Era uscito di casa a Natale\u00a0 per\u00a0 un giro a Erto. La famiglia dell&#8217;uomo ha quindi allertato la macchina dei soccorsi e la vicenda si \u00e8 conclusa nel modo migliore, Minto \u00e8 stato ritrovato e sta bene. Attardatosi durante l&#8217;escursione ha deciso di fermarsi per la notte in un bivacco in alta Val Montana, zona totalmente priva di segnale telefonica e per questo non ha potuto avvisare dell&#8217;inconveniente i suoi cari.<\/p>\n<p>&nbsp;<\/p>\n<p>&nbsp;<\/p>\n<hr \/>\n<p>&nbsp;<\/p>\n<blockquote>\n<h3>LANCIO DI OGGETTI SERALI, IL SEGNO SUGLI INFISSI<\/h3>\n<\/blockquote>\n\n\t\t\t<style type='text\/css'>\n\t\t\t\t#gallery-2 {\n\t\t\t\t\tmargin: auto;\n\t\t\t\t}\n\t\t\t\t#gallery-2 .gallery-item {\n\t\t\t\t\tfloat: left;\n\t\t\t\t\tmargin-top: 10px;\n\t\t\t\t\ttext-align: center;\n\t\t\t\t\twidth: 50%;\n\t\t\t\t}\n\t\t\t\t#gallery-2 img {\n\t\t\t\t\tborder: 2px solid #cfcfcf;\n\t\t\t\t}\n\t\t\t\t#gallery-2 .gallery-caption {\n\t\t\t\t\tmargin-left: 0;\n\t\t\t\t}\n\t\t\t\t\/* see gallery_shortcode() in wp-includes\/media.php *\/\n\t\t\t<\/style>\n\t\t<div id='gallery-2' class='dt-gallery-container gallery galleryid-250172 gallery-columns-2 gallery-size-medium'><dl class='gallery-item'>\n\t\t\t\t<dt class='gallery-icon portrait'>\n\t\t\t\t\t<a class=\"rollover rollover-zoom dt-pswp-item\" title=\"269739337_1232221823935263_5551837619262177393_n\" data-dt-img-description=\"\" data-large_image_width=\"1200\" data-large_image_height=\"1600\"href='https:\/\/www.radiopiu.net\/wordpress\/wp-content\/uploads\/2021\/12\/269739337_1232221823935263_5551837619262177393_n.jpg'><img loading=\"lazy\" decoding=\"async\" width=\"225\" height=\"300\" src=\"https:\/\/www.radiopiu.net\/wordpress\/wp-content\/uploads\/2021\/12\/269739337_1232221823935263_5551837619262177393_n-225x300.jpg\" class=\"attachment-medium size-medium\" alt=\"\" srcset=\"https:\/\/www.radiopiu.net\/wordpress\/wp-content\/uploads\/2021\/12\/269739337_1232221823935263_5551837619262177393_n-225x300.jpg 225w, https:\/\/www.radiopiu.net\/wordpress\/wp-content\/uploads\/2021\/12\/269739337_1232221823935263_5551837619262177393_n-768x1024.jpg 768w, https:\/\/www.radiopiu.net\/wordpress\/wp-content\/uploads\/2021\/12\/269739337_1232221823935263_5551837619262177393_n-1152x1536.jpg 1152w, https:\/\/www.radiopiu.net\/wordpress\/wp-content\/uploads\/2021\/12\/269739337_1232221823935263_5551837619262177393_n.jpg 1200w\" sizes=\"auto, (max-width: 225px) 100vw, 225px\" \/><\/a>\n\t\t\t\t<\/dt><\/dl><dl class='gallery-item'>\n\t\t\t\t<dt class='gallery-icon portrait'>\n\t\t\t\t\t<a class=\"rollover rollover-zoom dt-pswp-item\" title=\"269755058_1544499959241397_5810672983326590259_n\" data-dt-img-description=\"\" data-large_image_width=\"1200\" data-large_image_height=\"1600\"href='https:\/\/www.radiopiu.net\/wordpress\/wp-content\/uploads\/2021\/12\/269755058_1544499959241397_5810672983326590259_n.jpg'><img loading=\"lazy\" decoding=\"async\" width=\"225\" height=\"300\" src=\"https:\/\/www.radiopiu.net\/wordpress\/wp-content\/uploads\/2021\/12\/269755058_1544499959241397_5810672983326590259_n-225x300.jpg\" class=\"attachment-medium size-medium\" alt=\"\" srcset=\"https:\/\/www.radiopiu.net\/wordpress\/wp-content\/uploads\/2021\/12\/269755058_1544499959241397_5810672983326590259_n-225x300.jpg 225w, https:\/\/www.radiopiu.net\/wordpress\/wp-content\/uploads\/2021\/12\/269755058_1544499959241397_5810672983326590259_n-768x1024.jpg 768w, https:\/\/www.radiopiu.net\/wordpress\/wp-content\/uploads\/2021\/12\/269755058_1544499959241397_5810672983326590259_n-1152x1536.jpg 1152w, https:\/\/www.radiopiu.net\/wordpress\/wp-content\/uploads\/2021\/12\/269755058_1544499959241397_5810672983326590259_n.jpg 1200w\" sizes=\"auto, (max-width: 225px) 100vw, 225px\" \/><\/a>\n\t\t\t\t<\/dt><\/dl><br style=\"clear: both\" \/>\n\t\t\t<\/div>\n\n<p><strong>VOLTAGO<\/strong> La segnalazione di un&#8217;ascoltatrice di Radio Pi\u00f9 &#8221; Da due sere\u00a0 si ripetono alcuni atti vandalici. Vengono lanciati oggetti sugli infissi che causano danni oltre alla paura alle dieci e mezza di sera&#8221;.<\/p>\n<p>&nbsp;<\/p>\n<p>&nbsp;<\/p>\n<hr \/>\n<p>&nbsp;<\/p>\n<blockquote class=\"wp-embedded-content\" data-secret=\"gFiE0SSNIP\"><p><a href=\"https:\/\/www.radiopiu.net\/wordpress\/aggiornamentonazdic26\/\">CORONAVIRUS: AGGIORNAMENTO NAZIONALE 26 DICEMBRE  2021<\/a><\/p><\/blockquote>\n<p><iframe loading=\"lazy\" class=\"wp-embedded-content\" sandbox=\"allow-scripts\" security=\"restricted\" style=\"position: absolute; clip: rect(1px, 1px, 1px, 1px);\" title=\"&#8220;CORONAVIRUS: AGGIORNAMENTO NAZIONALE 26 DICEMBRE  2021&#8221; &#8212; Radio Pi\u00f9\" src=\"https:\/\/www.radiopiu.net\/wordpress\/aggiornamentonazdic26\/embed\/#?secret=gFiE0SSNIP\" data-secret=\"gFiE0SSNIP\" width=\"600\" height=\"338\" frameborder=\"0\" marginwidth=\"0\" marginheight=\"0\" scrolling=\"no\"><\/iframe><\/p>\n<p>&nbsp;<\/p>\n<blockquote class=\"wp-embedded-content\" data-secret=\"llboOaOvLC\"><p><a href=\"https:\/\/www.radiopiu.net\/wordpress\/un-decesso-ricoveri-in-lieve-calo-e-2093-nuovi-positivi-in-veneto-nelle-ultime-24-ore\/\">UN DECESSO, RICOVERI IN LIEVE CALO E 2093 NUOVI POSITIVI IN VENETO NELLE ULTIME 24 ORE<\/a><\/p><\/blockquote>\n<p><iframe loading=\"lazy\" class=\"wp-embedded-content\" sandbox=\"allow-scripts\" security=\"restricted\" style=\"position: absolute; clip: rect(1px, 1px, 1px, 1px);\" title=\"&#8220;UN DECESSO, RICOVERI IN LIEVE CALO E 2093 NUOVI POSITIVI IN VENETO NELLE ULTIME 24 ORE&#8221; &#8212; Radio Pi\u00f9\" src=\"https:\/\/www.radiopiu.net\/wordpress\/un-decesso-ricoveri-in-lieve-calo-e-2093-nuovi-positivi-in-veneto-nelle-ultime-24-ore\/embed\/#?secret=llboOaOvLC\" data-secret=\"llboOaOvLC\" width=\"600\" height=\"338\" frameborder=\"0\" marginwidth=\"0\" marginheight=\"0\" scrolling=\"no\"><\/iframe><\/p>\n<p>&nbsp;<\/p>\n<h2>I GRAFICI DI TIZIANO DE COL<\/h2>\n\n\t\t\t<style type='text\/css'>\n\t\t\t\t#gallery-3 {\n\t\t\t\t\tmargin: auto;\n\t\t\t\t}\n\t\t\t\t#gallery-3 .gallery-item {\n\t\t\t\t\tfloat: left;\n\t\t\t\t\tmargin-top: 10px;\n\t\t\t\t\ttext-align: center;\n\t\t\t\t\twidth: 33%;\n\t\t\t\t}\n\t\t\t\t#gallery-3 img {\n\t\t\t\t\tborder: 2px solid #cfcfcf;\n\t\t\t\t}\n\t\t\t\t#gallery-3 .gallery-caption {\n\t\t\t\t\tmargin-left: 0;\n\t\t\t\t}\n\t\t\t\t\/* see gallery_shortcode() in wp-includes\/media.php *\/\n\t\t\t<\/style>\n\t\t<div id='gallery-3' class='dt-gallery-container gallery galleryid-250172 gallery-columns-3 gallery-size-medium'><dl class='gallery-item'>\n\t\t\t\t<dt class='gallery-icon landscape'>\n\t\t\t\t\t<a class=\"rollover rollover-zoom dt-pswp-item\" title=\"2ad7392e-01e6-4b83-9f85-59fd56f6d5df\" data-dt-img-description=\"\" data-large_image_width=\"586\" data-large_image_height=\"362\"href='https:\/\/www.radiopiu.net\/wordpress\/wp-content\/uploads\/2021\/12\/2ad7392e-01e6-4b83-9f85-59fd56f6d5df.jpg'><img loading=\"lazy\" decoding=\"async\" width=\"300\" height=\"185\" src=\"https:\/\/www.radiopiu.net\/wordpress\/wp-content\/uploads\/2021\/12\/2ad7392e-01e6-4b83-9f85-59fd56f6d5df-300x185.jpg\" class=\"attachment-medium size-medium\" alt=\"\" srcset=\"https:\/\/www.radiopiu.net\/wordpress\/wp-content\/uploads\/2021\/12\/2ad7392e-01e6-4b83-9f85-59fd56f6d5df-300x185.jpg 300w, https:\/\/www.radiopiu.net\/wordpress\/wp-content\/uploads\/2021\/12\/2ad7392e-01e6-4b83-9f85-59fd56f6d5df.jpg 586w\" sizes=\"auto, (max-width: 300px) 100vw, 300px\" \/><\/a>\n\t\t\t\t<\/dt><\/dl><dl class='gallery-item'>\n\t\t\t\t<dt class='gallery-icon landscape'>\n\t\t\t\t\t<a class=\"rollover rollover-zoom dt-pswp-item\" title=\"2da6cb11-cc93-46a6-bc1d-4a96ff23014c\" data-dt-img-description=\"\" data-large_image_width=\"606\" data-large_image_height=\"355\"href='https:\/\/www.radiopiu.net\/wordpress\/wp-content\/uploads\/2021\/12\/2da6cb11-cc93-46a6-bc1d-4a96ff23014c.jpg'><img loading=\"lazy\" decoding=\"async\" width=\"300\" height=\"176\" src=\"https:\/\/www.radiopiu.net\/wordpress\/wp-content\/uploads\/2021\/12\/2da6cb11-cc93-46a6-bc1d-4a96ff23014c-300x176.jpg\" class=\"attachment-medium size-medium\" alt=\"\" srcset=\"https:\/\/www.radiopiu.net\/wordpress\/wp-content\/uploads\/2021\/12\/2da6cb11-cc93-46a6-bc1d-4a96ff23014c-300x176.jpg 300w, https:\/\/www.radiopiu.net\/wordpress\/wp-content\/uploads\/2021\/12\/2da6cb11-cc93-46a6-bc1d-4a96ff23014c.jpg 606w\" sizes=\"auto, (max-width: 300px) 100vw, 300px\" \/><\/a>\n\t\t\t\t<\/dt><\/dl><dl class='gallery-item'>\n\t\t\t\t<dt class='gallery-icon landscape'>\n\t\t\t\t\t<a class=\"rollover rollover-zoom dt-pswp-item\" title=\"622c8348-d828-49e4-bbd1-80467e70c7a4\" data-dt-img-description=\"\" data-large_image_width=\"610\" data-large_image_height=\"353\"href='https:\/\/www.radiopiu.net\/wordpress\/wp-content\/uploads\/2021\/12\/622c8348-d828-49e4-bbd1-80467e70c7a4.jpg'><img loading=\"lazy\" decoding=\"async\" width=\"300\" height=\"174\" src=\"https:\/\/www.radiopiu.net\/wordpress\/wp-content\/uploads\/2021\/12\/622c8348-d828-49e4-bbd1-80467e70c7a4-300x174.jpg\" class=\"attachment-medium size-medium\" alt=\"\" srcset=\"https:\/\/www.radiopiu.net\/wordpress\/wp-content\/uploads\/2021\/12\/622c8348-d828-49e4-bbd1-80467e70c7a4-300x174.jpg 300w, https:\/\/www.radiopiu.net\/wordpress\/wp-content\/uploads\/2021\/12\/622c8348-d828-49e4-bbd1-80467e70c7a4.jpg 610w\" sizes=\"auto, (max-width: 300px) 100vw, 300px\" \/><\/a>\n\t\t\t\t<\/dt><\/dl><br style=\"clear: both\" \/><dl class='gallery-item'>\n\t\t\t\t<dt class='gallery-icon landscape'>\n\t\t\t\t\t<a class=\"rollover rollover-zoom dt-pswp-item\" title=\"24fc6b43-dc39-4480-8fa7-b375b83c38ce\" data-dt-img-description=\"\" data-large_image_width=\"602\" data-large_image_height=\"363\"href='https:\/\/www.radiopiu.net\/wordpress\/wp-content\/uploads\/2021\/12\/24fc6b43-dc39-4480-8fa7-b375b83c38ce.jpg'><img loading=\"lazy\" decoding=\"async\" width=\"300\" height=\"181\" src=\"https:\/\/www.radiopiu.net\/wordpress\/wp-content\/uploads\/2021\/12\/24fc6b43-dc39-4480-8fa7-b375b83c38ce-300x181.jpg\" class=\"attachment-medium size-medium\" alt=\"\" srcset=\"https:\/\/www.radiopiu.net\/wordpress\/wp-content\/uploads\/2021\/12\/24fc6b43-dc39-4480-8fa7-b375b83c38ce-300x181.jpg 300w, https:\/\/www.radiopiu.net\/wordpress\/wp-content\/uploads\/2021\/12\/24fc6b43-dc39-4480-8fa7-b375b83c38ce.jpg 602w\" sizes=\"auto, (max-width: 300px) 100vw, 300px\" \/><\/a>\n\t\t\t\t<\/dt><\/dl><dl class='gallery-item'>\n\t\t\t\t<dt class='gallery-icon landscape'>\n\t\t\t\t\t<a class=\"rollover rollover-zoom dt-pswp-item\" title=\"ca95005c-66c3-493f-ac00-d1f8dd220fe4\" data-dt-img-description=\"\" data-large_image_width=\"598\" data-large_image_height=\"356\"href='https:\/\/www.radiopiu.net\/wordpress\/wp-content\/uploads\/2021\/12\/ca95005c-66c3-493f-ac00-d1f8dd220fe4.jpg'><img loading=\"lazy\" decoding=\"async\" width=\"300\" height=\"179\" src=\"https:\/\/www.radiopiu.net\/wordpress\/wp-content\/uploads\/2021\/12\/ca95005c-66c3-493f-ac00-d1f8dd220fe4-300x179.jpg\" class=\"attachment-medium size-medium\" alt=\"\" srcset=\"https:\/\/www.radiopiu.net\/wordpress\/wp-content\/uploads\/2021\/12\/ca95005c-66c3-493f-ac00-d1f8dd220fe4-300x179.jpg 300w, https:\/\/www.radiopiu.net\/wordpress\/wp-content\/uploads\/2021\/12\/ca95005c-66c3-493f-ac00-d1f8dd220fe4.jpg 598w\" sizes=\"auto, (max-width: 300px) 100vw, 300px\" \/><\/a>\n\t\t\t\t<\/dt><\/dl>\n\t\t\t\t<br style='clear: both' \/>\n\t\t\t<\/div>\n\n<p>&nbsp;<\/p>\n<hr \/>\n<p>&nbsp;<\/p>\n<blockquote>\n<h3>UN ANNO DI VACCINI IN ULSS 1 DOLOMITI<\/h3>\n<\/blockquote>\n<p><strong><a href=\"https:\/\/www.radiopiu.net\/wordpress\/vaccinazioni-a-ponte-nelle-alpi-il-6-e-7-aprile-convocate-600-persone-tra-70-e-79-anni\/vaccino_anti_covid\/\" rel=\"attachment wp-att-200891\"><img loading=\"lazy\" decoding=\"async\" class=\"size-medium wp-image-200891 alignleft\" src=\"https:\/\/www.radiopiu.net\/wordpress\/wp-content\/uploads\/2021\/04\/Vaccino_anti_Covid-300x167.jpg\" alt=\"\" width=\"300\" height=\"167\" srcset=\"https:\/\/www.radiopiu.net\/wordpress\/wp-content\/uploads\/2021\/04\/Vaccino_anti_Covid-300x167.jpg 300w, https:\/\/www.radiopiu.net\/wordpress\/wp-content\/uploads\/2021\/04\/Vaccino_anti_Covid-768x428.jpg 768w, https:\/\/www.radiopiu.net\/wordpress\/wp-content\/uploads\/2021\/04\/Vaccino_anti_Covid.jpg 943w\" sizes=\"auto, (max-width: 300px) 100vw, 300px\" \/><\/a>BELLUNO <\/strong>370 mila dosi di vaccino anti covid somministrate in un anno, 158 mila residenti in Ulss Dolomiti con almeno una dose, un team di 100 persone al lavori nei centri vaccinali oltre ai numerosi volontari, un territorio che ha saputo lavorare insieme per arrivare a coprire l\u201986% della popolazione con almeno una dose e a raggiungere con la dose booster il 64% degli eleggibili. Questi sono i principali numeri dell\u2019anno di campagna vaccinale anti covid in Ulss Dolomiti, partita, come in tutta Italia, il 27 dicembre 2020.\u00a0 Dopo l\u2019emozione della somministrazione delle prime dosi agli operatori sanitari e agli operatori e ospiti delle RSA, la campagna di immunizzazione era partita spedita dai primi giorni del 2020, \u00a0anche grazie al lavoro della Farmacia ospedaliera nell\u2019allestimento in sicurezza delle dosi e il ricavare fin da subito la sesta dose dal vaccino Pfizer, secondo le indicazioni via via fornite dai vigenti Piani Vaccinali Nazionali e Regionali, iniziando dalle fasce pi\u00f9 anziane e dalle persone estremamente vulnerabili o disabili, e, successivamente, dai servizi essenziali. A seguire la popolazione generale, per fasce d\u2019et\u00e0 fino alla recente apertura delle vaccinazioni in et\u00e0 pediatrica. Nell\u2019autunno 2021, \u00e8 partita la somministrazione delle dosi booster. La campagna vaccinale anti covid in Ulss Dolomiti \u00e8 stata caratterizzata dallo sforzo sinergico di tutto il territorio per immunizzare il pi\u00f9 rapidamente possibile la popolazione, offrendo le vaccinazioni in modo capillare. Al team del dipartimento di Prevenzione, composto da circa 100 persone che curano la campagna nei dettagli (dalle prenotazioni all\u2019organizzazione delle sedute, agli approvvigionamenti di vaccino etc), si affiancano le \u00e9quipe del territorio e della medicina di famiglia e degli operatori ospedalieri per sedute aggiuntive e per percorsi dedicati alle categorie pi\u00f9 fragili (immunodepressi, oncologici, dializzati, gravide etc etc). \u00ab<em>I contributi alla campagna vaccinale, in questo anno, sono stati tanti: in primis i sindaci che hanno messo a disposizione spazi nei vari territori e promosso attivamente le sedute, il volontariato, ed in particolare la Protezione Civile che ha curato gli aspetti logistici dei drive in e dei centri vaccinali, Luxottica che ha attivato il Centro Vaccinale HUB di Sedico. Importanti contributi sono arrivati dalle forze dell\u2019Ordine, che hanno supportato per mesi \u201cscortato\u201d i vaccini e supportato la prenotazione, dal mondo dello sport che si \u00e8 fatto promotore attivo della campagna, ai vari testimonial che hanno promosso con le loro storie la vaccinazione, al mondo della scuola, al settore produttivo con Confindustria in testa. <\/em><em>Una parte importante del lavoro \u00e8 stata svolta dai Medici di Medicina generale, primo riferimento per gli assistiti, che in questo territorio hanno vaccinato pi\u00f9 che altrove. Anche le farmacie hanno supportato la campagna. <\/em><em>Diverse anche le iniziative peculiari come l\u2019analisi costante dei dati che ha permesso di potenziare l\u2019offerta nelle zone meno vaccinate (caso Comelico), la campagna di comunicazione WpertuttiNoi, il percorso dedicato alla vaccinazione delle donne in gravidanza e allattamento e le vaccinazioni \u201csenza ago\u201d , richieste da persone da tutta Italia. <\/em><em>I risultati li vediamo: rispetto allo scorso \u00e8 stato possibile controllare l\u2019epidemia , sono ridotti le persone che necessitano di ricovero e soprattutto i decessi. <\/em><em>Non \u00e8 finita: i dati dimostrano la necessit\u00e0 di procedere ancora pi\u00f9 rapidamente con la terza dose e con le vaccinazioni in et\u00e0 pediatrica. Sul sito <a href=\"http:\/\/www.aulss1.veneto.it\">www.aulss1.veneto.it<\/a> ci sono ampi spazi prenotabili in tutto il territorio<\/em>\u00bb, commenta il direttore generale Maria Grazia Carraro. \u00ab<em>In questo anno la campagna vaccinale ha impegnato gran parte delle nostre energie, testimoniando la forza dell\u2019organizzazione e lo spirito di collaborazione, in emergenza, di tutte le componenti del territorio. Un grazie a quanti hanno contribuito, in diversi modi<\/em>\u00bb Conclude di Direttore Generale Maria Grazia Carro.<\/p>\n\n\t\t\t<style type='text\/css'>\n\t\t\t\t#gallery-4 {\n\t\t\t\t\tmargin: auto;\n\t\t\t\t}\n\t\t\t\t#gallery-4 .gallery-item {\n\t\t\t\t\tfloat: left;\n\t\t\t\t\tmargin-top: 10px;\n\t\t\t\t\ttext-align: center;\n\t\t\t\t\twidth: 50%;\n\t\t\t\t}\n\t\t\t\t#gallery-4 img {\n\t\t\t\t\tborder: 2px solid #cfcfcf;\n\t\t\t\t}\n\t\t\t\t#gallery-4 .gallery-caption {\n\t\t\t\t\tmargin-left: 0;\n\t\t\t\t}\n\t\t\t\t\/* see gallery_shortcode() in wp-includes\/media.php *\/\n\t\t\t<\/style>\n\t\t<div id='gallery-4' class='dt-gallery-container gallery galleryid-250172 gallery-columns-2 gallery-size-medium'><dl class='gallery-item'>\n\t\t\t\t<dt class='gallery-icon landscape'>\n\t\t\t\t\t<a class=\"rollover rollover-zoom dt-pswp-item\" title=\"1\" data-dt-img-description=\"\" data-large_image_width=\"1124\" data-large_image_height=\"675\"href='https:\/\/www.radiopiu.net\/wordpress\/wp-content\/uploads\/2021\/12\/1-2.jpg'><img loading=\"lazy\" decoding=\"async\" width=\"300\" height=\"180\" src=\"https:\/\/www.radiopiu.net\/wordpress\/wp-content\/uploads\/2021\/12\/1-2-300x180.jpg\" class=\"attachment-medium size-medium\" alt=\"\" srcset=\"https:\/\/www.radiopiu.net\/wordpress\/wp-content\/uploads\/2021\/12\/1-2-300x180.jpg 300w, https:\/\/www.radiopiu.net\/wordpress\/wp-content\/uploads\/2021\/12\/1-2-1024x615.jpg 1024w, https:\/\/www.radiopiu.net\/wordpress\/wp-content\/uploads\/2021\/12\/1-2-768x461.jpg 768w, https:\/\/www.radiopiu.net\/wordpress\/wp-content\/uploads\/2021\/12\/1-2.jpg 1124w\" sizes=\"auto, (max-width: 300px) 100vw, 300px\" \/><\/a>\n\t\t\t\t<\/dt><\/dl><dl class='gallery-item'>\n\t\t\t\t<dt class='gallery-icon landscape'>\n\t\t\t\t\t<a class=\"rollover rollover-zoom dt-pswp-item\" title=\"2\" data-dt-img-description=\"\" data-large_image_width=\"1475\" data-large_image_height=\"754\"href='https:\/\/www.radiopiu.net\/wordpress\/wp-content\/uploads\/2021\/12\/2.png'><img loading=\"lazy\" decoding=\"async\" width=\"300\" height=\"153\" src=\"https:\/\/www.radiopiu.net\/wordpress\/wp-content\/uploads\/2021\/12\/2-300x153.png\" class=\"attachment-medium size-medium\" alt=\"\" srcset=\"https:\/\/www.radiopiu.net\/wordpress\/wp-content\/uploads\/2021\/12\/2-300x153.png 300w, https:\/\/www.radiopiu.net\/wordpress\/wp-content\/uploads\/2021\/12\/2-1024x523.png 1024w, https:\/\/www.radiopiu.net\/wordpress\/wp-content\/uploads\/2021\/12\/2-768x393.png 768w, https:\/\/www.radiopiu.net\/wordpress\/wp-content\/uploads\/2021\/12\/2.png 1475w\" sizes=\"auto, (max-width: 300px) 100vw, 300px\" \/><\/a>\n\t\t\t\t<\/dt><\/dl><br style=\"clear: both\" \/>\n\t\t\t<\/div>\n\n<p>&nbsp;<\/p>\n<p><strong>I DATI AD OGGI<\/strong><\/p>\n<p>Totale dosi somministrate: 369.580 dosi, 86% \u2013 157.001 persone vaccinate con primo ciclo over 12, 84,5% &#8211; 153.756 persone con ciclo completo over 12, 391 persone ancora da vaccinare over 12 anni. Risultano vaccinati con almeno una dose: il 76,5 \u00a0% dei 12- 19 enni (10.875 persone), il 83,8 % dei 20-29enni (15.878), il 79,6 % dei 30-39enni (15.807), il 79,3% dei 40-49enni (21.803), l\u201985,9% dei 50-59enni (28.543), l\u201988,6\u00a0 % dei 60-69enni (24.740), il 93,2% dei 70-79enni (22.150), circa il 100% degli over 80 (17.210). Le persone ancora da vaccinare sono cos\u00ec suddivise: 12-19 anni: 3.332 (23,5%), 20-29 anni: 3.071 (16,2%), 30-39 anni: 4.041 (20,4%), 40-49 anni: 5.689 (20,7%), 50-59 anni: 4.675 (14,1%), 60-69 anni: 3.185 (11,4%), 70 79 anni: 1.623 (6,8%). <strong>TERZE DOSI\/dosi booster: <\/strong>81,4 % degli over 80 eleggibili gi\u00e0 vaccinati con dose booster, 78,7% dei 70-79enni eleggibili gi\u00e0 vaccinati con dose booster, 64,1% della popolazione totale eleggibile gi\u00e0 vaccinato con dose booster. <strong>VACCINAZIONI PEDIATRICHE 5-11 ANNI: <\/strong>Circa 600 bambini 5-11 anni gi\u00e0 vaccinati. Sono state organizzate ulteriori sedute dedicate alle vaccinazioni per i bambini 5-11 anni durante il periodo natalizio per facilitare le famiglie prenotabili dal sito www.aulss1.veneto.it: CVP Sedico, CORTINA (drive in Stadio del Ghiaccio) \u2013 28 dicembre dalle 11.00 alle 16.00, AURONZO \u2013Pala Tre Cime \u2013 29 dicembre dalle 14.00 alle 16.00, OSPEDALE PIEVE DI CADORE \u2013 dal 27 dicembre al 31 gennaio ogni luned\u00ec e mercoled\u00ec dalle 14.30 alle 18.30, AGORDO (drive in Tamonich) &#8211; 3 gennaio 2022 dalle 10.00 alle 16.00, FELTRE centro prelievi \u2013 28 dicembre e 9 gennaio dalle 15.00 alle 18.30.<\/p>\n<p>&nbsp;<\/p>\n<p>&nbsp;<\/p>\n<hr \/>\n<p>&nbsp;<\/p>\n<blockquote>\n<h3>DECRETO FESTIVIT\u00c0: ANEF VENETO CI AGGIORNA SU TUTTE LE REGOLE PER SCIARE IN SICUREZZA<\/h3>\n<\/blockquote>\n<p><a href=\"https:\/\/www.radiopiu.net\/wordpress\/scuola-e-sport\/sci\/\" rel=\"attachment wp-att-192986\"><img loading=\"lazy\" decoding=\"async\" class=\"size-medium wp-image-192986 alignleft\" src=\"https:\/\/www.radiopiu.net\/wordpress\/wp-content\/uploads\/2021\/02\/sci-300x200.jpg\" alt=\"\" width=\"300\" height=\"200\" srcset=\"https:\/\/www.radiopiu.net\/wordpress\/wp-content\/uploads\/2021\/02\/sci-300x200.jpg 300w, https:\/\/www.radiopiu.net\/wordpress\/wp-content\/uploads\/2021\/02\/sci.jpg 626w\" sizes=\"auto, (max-width: 300px) 100vw, 300px\" \/><\/a>La principale novit\u00e0 specifica per lo sci introdotta dal Decreto Festivit\u00e0, approvato dal governo lo scorso 23 dicembre ed entrato in vigore il 25 dicembre \u00a0per far fronte al dilagare della variante Omicron in Italia, introduce <strong>l\u2019obbligo di utilizzo di mascherina di protezione delle vie respiratorie di tipo FFP2 o superiore. <\/strong>Nel decreto si prevede sin da ora l\u2019obbligo di utilizzo di mascherine FFP2 a copertura di naso e bocca <strong>per poter accedere agli impianti di risalita chiusi<\/strong> come funivie, cabinovie e seggiovie che utilizzano la copertura, <strong>anche in zona bianca. <\/strong>Siamo nel mezzo della stagione sciistica invernale e, in previsione dei grandi flussi previsti per le vacanze natalizie, l\u2019Associazione Nazionale Esercenti Funiviari del Veneto fa il punto e ci illustra come questa nuova norma si affianca gi\u00e0 da oggi alle diverse regole che vanno rispettate per poter accedere a impianti e piste, ecco quali: <strong>Obbligo di Green Pass (anche da tampone) in zona bianca e gialla; <\/strong><strong>in zona arancione o rossa <\/strong>\u00e8 richiesta la prova di avvenuta vaccinazione o guarigione dal Covid-19, attraverso l\u2019esibizione del <strong>Super Green pass<\/strong>. In questo senso in tutte e 12 valli del Dolomiti Superski, per poter garantire un ancor maggior livello di sicurezza, \u00e8 prevista la verifica puntuale del Green Pass per tutti gli accessi agli impianti di risalita di tipo chiuso (cabinovie funivie e seggiovie con cupola qualora sia utilizzata). La verifica avviene attraverso un sistema di attivazione dello skipass che richiede la validazione dello stesso direttamente in cassa oppure attraverso l\u2019applicazione Dolomiti Superski, il sito web Dolomiti Superski e le colonnine Ticket Box di emissione automatica degli skipass acquistati online. Nelle altre aree sciistiche esterne al superski i controlli possono essere fatti a campione se deciso dalle singole societ\u00e0. <strong>Riduzione della capienza all\u201980%per gli impianti di risalita di tipo\u00a0chiuso<\/strong> (funivie, cabinovie e seggiovie con cupola paravento se utilizzata) mentre non vi \u00e8 alcun limite per skilift e seggiovie aperte.\u00a0<strong>Assicurazione obbligatoria e casco per i minorenni con l\u2019entrata in vigore della Legge di cui al Dlgs 40\/2021.<\/strong> A partire dal 1\u00b0 gennaio 2022, indipendentemente dall\u2019emergenza sanitaria, diventa\u00a0obbligatoria per lo sciatore la sottoscrizione di una polizza assicurativaper la responsabilit\u00e0 civile per i danni provocati a cose o persone. Suddetta polizza potr\u00e0 essere acquistata presso una qualsiasi agenzia assicurativa, nel sito di Dolomiti Superski oppure direttamente presso le casse dei comprensori del circuito Dolomiti Superski al costo di \u20ac 3 al giorno. E\u2019 consigliato allo sciatore di verificare se non ne sia gi\u00e0 in possesso magari con l\u2019iscrizione a qualche centro sportivo. Diventa inoltre obbligatorio indossare un\u00a0casco protettivo\u00a0per\u00a0tutti i minorenni\u00a0che sulle piste pratichino sci e snowboard. L\u2019obbligo \u00e8 gi\u00e0 in vigore, ma solo fino ai 14 anni. Verr\u00e0 cos\u00ec esteso anche agli sciatori di et\u00e0 compresa fra i 15 e i 18 anni.<\/p>\n<blockquote><p><a href=\"https:\/\/www.radiopiu.net\/wordpress\/anef-veneto-rinnova-il-consiglio-direttivo-il-nuovo-presidente-e-marco-grigoletto-a-d-di-sofma-spa-di-arabba\/foto_marco_grigoletto01\/\" rel=\"attachment wp-att-241599\"><img loading=\"lazy\" decoding=\"async\" class=\"size-medium wp-image-241599 alignright\" src=\"https:\/\/www.radiopiu.net\/wordpress\/wp-content\/uploads\/2021\/11\/foto_Marco_Grigoletto01-300x200.jpg\" alt=\"\" width=\"300\" height=\"200\" srcset=\"https:\/\/www.radiopiu.net\/wordpress\/wp-content\/uploads\/2021\/11\/foto_Marco_Grigoletto01-300x200.jpg 300w, https:\/\/www.radiopiu.net\/wordpress\/wp-content\/uploads\/2021\/11\/foto_Marco_Grigoletto01-1024x681.jpg 1024w, https:\/\/www.radiopiu.net\/wordpress\/wp-content\/uploads\/2021\/11\/foto_Marco_Grigoletto01-768x511.jpg 768w, https:\/\/www.radiopiu.net\/wordpress\/wp-content\/uploads\/2021\/11\/foto_Marco_Grigoletto01-1536x1021.jpg 1536w, https:\/\/www.radiopiu.net\/wordpress\/wp-content\/uploads\/2021\/11\/foto_Marco_Grigoletto01.jpg 1600w\" sizes=\"auto, (max-width: 300px) 100vw, 300px\" \/><\/a>&#8220;<em>Con il giorno di Natale il nuovo decreto \u201cfestivit\u00e0\u201d del governo \u00e8 entrato in vigore e ha indubbiamente messo in difficolt\u00e0 il settore degli impianti a fune generando confusione sull\u2019uso delle mascherine &#8211; dichiara il presidente di ANEF Veneto Marco Grigoletto &#8211; Di fatto \u00e8 richiesta la ffp2 sugli impianti chiusi e non su quelli aperti. Sembra che la camera di regia di questo Governo non si sia resa conto che emanare una norma con validit\u00e0 dal giorno di Natale abbia creato oltre che confusione anche serie difficolt\u00e0 sulla sua applicazione. Non si \u00e8 tenuto conto della scarsit\u00e0 delle mascherine ffp2 peraltro gi\u00e0 finite nelle aree di montagna, ne si \u00e8 considerato il fatto che le persone, magari straniere non sono ancora totalmente informate dei decreti che si susseguono con ritmo quasi settimanale. Sembra ovvio, non contestando la norma in se, ma il metodo, che vi siano oggettive difficolt\u00e0 nel reperire dpi anche se in alcune nostre valli gli impiantisti hanno messo a disposizione le mascherine che avevano ma che non sono state, e non saranno sufficienti a coprire la domanda del cliente. Inoltre non spetterebbe alle nostre societ\u00e0 metterle a disposizione. Confidiamo sulla collaborazione delle forze dell\u2019ordine e la comprensione della politica che deve rendersi conto che l\u2019applicazione della norma, seppur necessaria, richiede del tempo dato che viene imposta in giorni festivi con i nostri clienti che sono qui in ferie e non riescono a reperire i dpi necessari semplicemente perch\u00e9 non sono pi\u00f9 a disposizione nelle farmacie. \u00c8 gi\u00e0 la seconda volta che ci viene applicata una regola dalla sera alla mattina. Prima con gli stranieri ora con le ffp2. Forse il settore degli impianti a fune non sar\u00e0 cos\u00ec fondamentale per l\u2019apparato governativo ma per il territorio e il turismo montano si. Come al solito &#8211; conclude Grigoletto &#8211; il nostro comparto si adeguer\u00e0 con adeguate informazioni allo sciatore nel rispetto delle norme di sicurezza e salute ma di certo tutto questo non fa bene alla nostra economia e sono piuttosto seccato perch\u00e8 mentre chi ha emanato la norma magari era al cenone di Natale noi proprio a causa di questa abbiamo dovuto mettere in campo maggiori forze e tranquillizzare la nostra clientela visibilmente confusa e impreparata a questi repentini cambiamenti<\/em>&#8220;.<\/p><\/blockquote>\n<p>&nbsp;<\/p>\n<hr \/>\n<p>&nbsp;<\/p>\n<blockquote>\n<h3>DILLO A RADIO PIU&#8217;&#8230; QUELLO CHE C&#8217;ERA E NON ABBIAMO PIU&#8217;<\/h3>\n<h3><strong style=\"font-size: 14px;\">Riceviamo a volentieri pubblichiamo la riflessione di Michela Marcer.<\/strong><\/h3>\n<\/blockquote>\n<blockquote><p><em><img loading=\"lazy\" decoding=\"async\" class=\"alignleft\" src=\"https:\/\/www.radiopiu.net\/wordpress\/wp-content\/uploads\/2021\/12\/bus-1816336__340-300x300.jpg\" width=\"163\" height=\"163\" \/>Ogni inverno Dolomitibus attivava un servizio di skibus che dal Cadore (Borca, San Vito) raggiungeva Cortina d&#8217;Ampezzo e le stazioni sciistiche della Tofana e 5Torri. Alcune corse effettuavano servizio fino al Passo Falzarego. Quest&#8217;anno questo fondamentale servizio non \u00e8 stato attivato. Significher\u00e0 muovere pi\u00f9 auto per raggiungere le piste e privare i turisti (soprattutto stranieri) non muniti di auto della possibilit\u00e0 di muoversi nel comprensorio. Ho abituato mio figlio, oggi adolescente, ad utilizzare i mezzi pubblici per andare a sciare, da bambino con noi genitori, da ragazzo con gli amici. Come gli spiego che la Sostenibilit\u00e0 di cui si fregia Cortina per Mondiali ed Olimpiadi \u00e8 solo uno slogan e non un Valore attuato nei fatti?<\/em><\/p><\/blockquote>\n<p>Dalla Dolomitibus: il servizio sar\u00e0 attivato il 2 gennaio. Da Cortina il Sindaco conferma il disservizio per mancanza di personale mentre si va verso la soluzione<\/p>\n<p>&nbsp;<\/p>\n<hr \/>\n<p>&nbsp;<\/p>\n<blockquote>\n<h3>DILLO A RADIO PIU &#8230; LA GRANDE UTOPIA, PRETENDERE DI AVERE QUELLO NON FATTIBILE<\/h3>\n<\/blockquote>\n<p><strong>REDAZIONE<\/strong> Non e&#8217; solo una risposta all&#8217;articolo pubblicato, si va oltre la critica cercando di sottolineare l&#8217;importanza delle opportunit\u00e0.<\/p>\n<blockquote><p><span class=\"markedContent\"> <br role=\"presentation\" \/><\/span><span id=\"page3R_mcid0\" class=\"markedContent\"><br role=\"presentation\" \/><\/span><em><span id=\"page3R_mcid6\" class=\"markedContent\"><span dir=\"ltr\" role=\"presentation\"><strong>BORGO VALBELLUNA<\/strong> La stampa locale d<\/span><\/span><span id=\"page3R_mcid7\" class=\"markedContent\"><span dir=\"ltr\" role=\"presentation\">a ampio spazio a segnalazioni di disservizi vari, cosa anche lodevole, segnalazioni\u00a0 sempre<\/span><span dir=\"ltr\" role=\"presentation\">\u00a0pi\u00f9 clave contro l\u2019amministratore di turno atte a fargli perdere credibilit\u00e0 che non cose <\/span><span dir=\"ltr\" role=\"presentation\">realmente risolvibili. Dico realmente perch\u00e9 a proposit<\/span><span dir=\"ltr\" role=\"presentation\">o dei collegamenti Dolomiti Bus ricordati oggi <\/span><span dir=\"ltr\" role=\"presentation\">della lamentala a Radio Pi\u00f9\u00a0 di Michela Marcer\u00a0 circa la non attivazione di un servizio, da cittadino normale e con <\/span><span dir=\"ltr\" role=\"presentation\">le informazioni che riesco a reperire, mi risulta che: turismo da e per altri Sati quasi assente, autis<\/span><span dir=\"ltr\" role=\"presentation\">ti che non <\/span><span dir=\"ltr\" role=\"presentation\">possono guidare gli autobus\u00a0 perch\u00e9 non vaccinati, autisti <\/span>\u00a0<span dir=\"ltr\" role=\"presentation\">che<\/span> <span dir=\"ltr\" role=\"presentation\">scarseggiano <\/span><span dir=\"ltr\" role=\"presentation\">(mancano) <\/span> <span dir=\"ltr\" role=\"presentation\">in tutta Italia<\/span><span dir=\"ltr\" role=\"presentation\">. <\/span><\/span><span id=\"page3R_mcid8\" class=\"markedContent\"><span dir=\"ltr\" role=\"presentation\">Se ho una carriola non posso<\/span> <span dir=\"ltr\" role=\"presentation\">pensare di trasportare tonnellate e se devo portare in discarica un sacco di <\/span><span dir=\"ltr\" role=\"presentation\">erbacce non acquisto certamente un camion. <\/span><\/span><span id=\"page3R_mcid9\" class=\"markedContent\"><span dir=\"ltr\" role=\"presentation\">Se guardiamo cosi la cosa dovremmo ridimensionare le pretese, smetterla di fare le cassandre e propor<\/span><span dir=\"ltr\" role=\"presentation\">ci<\/span> <span dir=\"ltr\" role=\"presentation\">di <\/span><span dir=\"ltr\" role=\"presentation\">pensare a come impegnarci in<\/span> <span dir=\"ltr\" role=\"presentation\">prima persona a risolvere. <\/span><\/span><span id=\"page3R_mcid10\" class=\"markedContent\"><span dir=\"ltr\" role=\"presentation\">Due giorni fa stessa cosa da Agordo, un turista non trova di domenica la corsa per Belluno e non ha <\/span><span dir=\"ltr\" role=\"presentation\">soldi per un taxi e quindi fa autostop. <\/span><\/span><span id=\"page3R_mcid11\" class=\"markedContent\"><span dir=\"ltr\" role=\"presentation\">Se io abitassi ad Agordo mi metterei a disposizione per un trasporto solidale a<\/span><span dir=\"ltr\" role=\"presentation\">ssieme ad altri amici.<\/span> <span dir=\"ltr\" role=\"presentation\">Tanta <\/span><span dir=\"ltr\" role=\"presentation\">gente non ha da fare e potrebbe prestarsi dietro rimborso del carburante a tariffa Aci. Creerei un gruppo di <\/span><span dir=\"ltr\" role=\"presentation\">volontari non solo per questo ma anche per anziani e dimessi dal pronto soccorso. <\/span><\/span><span id=\"page3R_mcid12\" class=\"markedContent\"><span dir=\"ltr\" role=\"presentation\">Proporrei ai taxisti locali di atti<\/span><span dir=\"ltr\" role=\"presentation\">vare ad orari stabiliti delle corse per pi\u00f9 persone verso Belluno con tariffe <\/span><span dir=\"ltr\" role=\"presentation\">remunerative per loro e convenienti per gli utenti a fronte rinuncia dell\u2019istituzione del volontariato <\/span><span dir=\"ltr\" role=\"presentation\">trasporti. <\/span><\/span><span id=\"page3R_mcid13\" class=\"markedContent\"><span dir=\"ltr\" role=\"presentation\">Forse sono soluzioni utopiche, ma la grande utopia \u00e8 <\/span><span dir=\"ltr\" role=\"presentation\">pretendere<\/span> <span dir=\"ltr\" role=\"presentation\">di avere qualcosa che gi\u00e0 sappiamo in cuor <\/span><span dir=\"ltr\" role=\"presentation\">nostro non essere fattibile. Pi\u00f9 impegno da parte di tutta la popolazione e meno poco credibili piagnistei.<\/span><\/span><\/em><span id=\"page3R_mcid14\" class=\"markedContent\"><br \/>\n<\/span><\/p><\/blockquote>\n<p><span id=\"page3R_mcid14\" class=\"markedContent\"><span dir=\"ltr\" role=\"presentation\">\u00a0Loris Piani <\/span><span dir=\"ltr\" role=\"presentation\">\u2013<\/span> <span dir=\"ltr\" role=\"presentation\">Trichiana<\/span><span dir=\"ltr\" role=\"presentation\">&#8211;<\/span> <span dir=\"ltr\" role=\"presentation\">Borgo Valbelluna<\/span><\/span><\/p>\n<p>&nbsp;<\/p>\n<p>&nbsp;<\/p>\n<hr \/>\n<p>&nbsp;<\/p>\n<blockquote>\n<h3>L&#8217;AMMINISTRAZIONE COMUNALE DI VOLTAGO FESTEGGIA IL SUO CENTENARIO<\/h3>\n<\/blockquote>\n<p><strong><a href=\"https:\/\/www.radiopiu.net\/wordpress\/anche-lamministrazione-comunale-di-voltago-fa-gli-auguri-a-romolo-lolo-de-marco-per-i-suo-cento-anni\/b7a29b99-0ecd-48f9-96b4-2c5ba0c6b78c\/\" rel=\"attachment wp-att-250199\"><img loading=\"lazy\" decoding=\"async\" class=\"size-medium wp-image-250199 alignleft\" src=\"https:\/\/www.radiopiu.net\/wordpress\/wp-content\/uploads\/2021\/12\/b7a29b99-0ecd-48f9-96b4-2c5ba0c6b78c-300x225.jpg\" alt=\"\" width=\"300\" height=\"225\" srcset=\"https:\/\/www.radiopiu.net\/wordpress\/wp-content\/uploads\/2021\/12\/b7a29b99-0ecd-48f9-96b4-2c5ba0c6b78c-300x225.jpg 300w, https:\/\/www.radiopiu.net\/wordpress\/wp-content\/uploads\/2021\/12\/b7a29b99-0ecd-48f9-96b4-2c5ba0c6b78c-768x576.jpg 768w, https:\/\/www.radiopiu.net\/wordpress\/wp-content\/uploads\/2021\/12\/b7a29b99-0ecd-48f9-96b4-2c5ba0c6b78c.jpg 1024w\" sizes=\"auto, (max-width: 300px) 100vw, 300px\" \/><\/a>VOLTAGO<\/strong> Dopo gli auguri a Radio Pi\u00f9, anche l&#8217;amministrazione comunale di Voltago ha voluto fare gli auguri a Romolo &#8220;Lolo&#8221; De Marco che nella giornata di venerd\u00ec ha raggiunto il traguardo dei cento anni.<\/p>\n<p><strong>\u00a0<\/strong><\/p>\n<p><strong>LA LETTERA DELL&#8217;AMMINISTAZIONE COMUNALE DI VOLTAGO<\/strong><\/p>\n<div class=\"page\" title=\"Page 1\">\n<div class=\"layoutArea\">\n<div class=\"column\">\n<blockquote><p><em><a href=\"https:\/\/www.radiopiu.net\/wordpress\/anche-lamministrazione-comunale-di-voltago-fa-gli-auguri-a-romolo-lolo-de-marco-per-i-suo-cento-anni\/269873826_6614475258624291_2757561764046747540_n\/\" rel=\"attachment wp-att-250214\"><img loading=\"lazy\" decoding=\"async\" class=\"size-medium wp-image-250214 alignleft\" src=\"https:\/\/www.radiopiu.net\/wordpress\/wp-content\/uploads\/2021\/12\/269873826_6614475258624291_2757561764046747540_n-300x169.jpg\" alt=\"\" width=\"300\" height=\"169\" srcset=\"https:\/\/www.radiopiu.net\/wordpress\/wp-content\/uploads\/2021\/12\/269873826_6614475258624291_2757561764046747540_n-300x169.jpg 300w, https:\/\/www.radiopiu.net\/wordpress\/wp-content\/uploads\/2021\/12\/269873826_6614475258624291_2757561764046747540_n-1024x576.jpg 1024w, https:\/\/www.radiopiu.net\/wordpress\/wp-content\/uploads\/2021\/12\/269873826_6614475258624291_2757561764046747540_n-768x432.jpg 768w, https:\/\/www.radiopiu.net\/wordpress\/wp-content\/uploads\/2021\/12\/269873826_6614475258624291_2757561764046747540_n-1536x864.jpg 1536w, https:\/\/www.radiopiu.net\/wordpress\/wp-content\/uploads\/2021\/12\/269873826_6614475258624291_2757561764046747540_n.jpg 1728w\" sizes=\"auto, (max-width: 300px) 100vw, 300px\" \/><\/a>Il giorno 24 Dicembre 2021, la vigilia di Natale il nostro compaesano Romolo ha raggiunto l&#8217; ambito traguardo del secolo di vita. \u201cEl Lolo\u201d come e\u0300 da tutti conosciuto in Paese, e\u0300 nato a Frassene\u0301 il 24 Dicembre 1921, la sua famiglia e\u0300 del casato dei \u201cMonech\u201d: I genitori, Antonio De Marco \u201cPiciol\u201d e Giovanna Schena avevano oltre a Lui,altri cinque figli: Sara,Remo,Federico,Nilo,Alcide ed appunto Romolo. La sua vita e\u0300, ed e\u0300 stata tutta incentrata su quello che oggi verrebbe definito Km0, cioe\u0300 a dire: svolse sempre lavori legati e caratteristici delle localita\u0300 di montagna, realta\u0300 che focalizza a pieno il piccolo paese. Dopo aver frequentato l&#8217; allora scuola casearia del Mas, la sua mansione si sviluppo\u0300 sempre in quel settore in tantem con l&#8217; attivita\u0300 di boscaiolo. Negli Anni 50 inizio\u0300 la sua attivita\u0300 di \u201ccasaro\u201d prima a malga Luna, poi a malga Cavallera sopra l&#8217; abitato di Gosaldo ed in seguito per 10 anni in Losch all&#8217; omonima malga. Il suo lavoro di \u201ccaser\u201d si svolse non solo a monte, nelle prima citate casere locali, ma anche a valle: lavoro\u0300 con il fratello Remo e presso il \u201ccaselo di Frassene\u0301\u201d. Intercalava, come abbiamo precedente detto, il lavoro caseario con quello di boscaiolo: fu per anni all&#8217; opera come taglialegna con De Mio, con la falegnameria Cont e con \u201cRemo Geio\u201d per anni titolare della ditta, dai paesani conosciuta come \u201cla siega del Geio\u201d. A tal proposito, vale la pena di sottolineare il suo impegno,durante il triste evento dell&#8217; alluvione del 1966, che colpi\u0300 duramente l&#8217; abitato di Frassene\u0301: lo si vedeva in prima linea durante l&#8217; abbattimento del legname per la ricostruzione dei ponti, cosi\u0300 da evitare l&#8217; isolamento del paese e per la quale l&#8217; allora sindaco Cleto Gnech conio\u0300 una celebre espressione durante una riunione pubblica indetta per fare il punto della situazione nei giorni successivi all&#8217; evento: \u201cI burocrati non perdoneranno mai alle nostre popolazioni di aver aperto strade ed aver fatto i ponti senza prima deliberare, protocollare,bollare, ecc,ecc&#8230;\u201d. Dopo questa carrellata di storia, desideriamo evindenziare,di nuovo, l&#8217; attaccamento del \u201cLolo\u201d al suo paese: Sempre presente alle manifestazioni organizzate da,socio da innumerevoli anni del Gruppo Sportivo Frassene\u0301, lo si ricorda fino a prima del Covid, adempiere regolarmente al suo diritto di voto presso il seggio elettorale ed ogni volta diceva con orgoglio: \u201c No vota nisun qua pi ve\u0300cio de mi\u0300\u201d per poi vederlo al bar per \u201cquatro scarti\u201d con gli amici.<\/em><br \/>\n<em>Questo e\u0300 \u201cLolo\u201d una pietra secolare del nostro paese,memoria storica fondamentale per ricordare come eravamo,come siamo e come saremo.<\/em><br \/>\n<em>Il Sindaco e l&#8217; amministrazione comunale di Voltago Agordino si vogliono unire alla famiglia di Romolo:la moglie Giuseppina (Pinuccia) la figlia Mara,il genero Ivan,i nipoti Enrico ed Adele per un grande augurio anzi tutto di buon compleanno per l&#8217; ambito traguardo e di liete festivita\u0300.<\/em><\/p>\n<p><em><strong>Voltago Agordino, 24\/12\/2021 Il sindaco e l&#8217; amministrazione comunale di Voltago Agordino<\/strong><\/em><\/p><\/blockquote>\n<p><strong>IL SINDACO DI VOLTAGO GIUSEPPE SCHENA<\/strong><\/p>\n<audio class=\"wp-audio-shortcode\" id=\"audio-250172-1\" preload=\"none\" style=\"width: 100%;\" controls=\"controls\"><source type=\"audio\/mpeg\" src=\"https:\/\/www.radiopiu.net\/wordpress\/wp-content\/uploads\/2021\/12\/SINDACO-VOLTAGO-ROMOLO.mp3?_=1\" \/><a href=\"https:\/\/www.radiopiu.net\/wordpress\/wp-content\/uploads\/2021\/12\/SINDACO-VOLTAGO-ROMOLO.mp3\">https:\/\/www.radiopiu.net\/wordpress\/wp-content\/uploads\/2021\/12\/SINDACO-VOLTAGO-ROMOLO.mp3<\/a><\/audio>\n<p>&nbsp;<\/p>\n<p>&nbsp;<\/p>\n<hr \/>\n<p>&nbsp;<\/p>\n<blockquote>\n<h3>PAPA GIOVANNI PAOLO I BEATO IL 4 SETTEMBRE, LA RIFLESSIONE DI MONSIGNOR GIORGIO LISE<\/h3>\n<\/blockquote>\n<header class=\"entry-header\">\n<h2><a href=\"https:\/\/www.radiopiu.net\/wordpress\/giornale-radiopiu-25-agosto-2021-direttore-mirko-mezzacasa\/vatican-pope-john-paul-i\/\" rel=\"attachment wp-att-229321\"><img loading=\"lazy\" decoding=\"async\" class=\"wp-image-229321 size-medium alignleft\" src=\"https:\/\/www.radiopiu.net\/wordpress\/wp-content\/uploads\/2021\/08\/Elezione-Papa-Luciani-300x198.jpg\" alt=\"\" width=\"300\" height=\"198\" srcset=\"https:\/\/www.radiopiu.net\/wordpress\/wp-content\/uploads\/2021\/08\/Elezione-Papa-Luciani-300x198.jpg 300w, https:\/\/www.radiopiu.net\/wordpress\/wp-content\/uploads\/2021\/08\/Elezione-Papa-Luciani-1024x676.jpg 1024w, https:\/\/www.radiopiu.net\/wordpress\/wp-content\/uploads\/2021\/08\/Elezione-Papa-Luciani-768x507.jpg 768w, https:\/\/www.radiopiu.net\/wordpress\/wp-content\/uploads\/2021\/08\/Elezione-Papa-Luciani.jpg 1153w\" sizes=\"auto, (max-width: 300px) 100vw, 300px\" \/><\/a>Domenica 4 settembre 2022 a San Pietro in Roma Papa Francesco proclamer\u00e0 beato Papa Giovanni Paolo I<\/h2>\n<\/header>\n<div class=\"entry-content-post\">\n<p>Ha il sapore dei pranzi delle feste, traspira il clima festoso di casa e giunge come lieta notizia la chiamata telefonica del Prefetto delle cause dei Santi, il cardinale Marcello Semeraro. Le parole sono immediate e allargano il cuore:\u00a0<em>\u00abCaro vescovo Renato, ho pensato di chiamare per telefono e dire subito a voce quanto dovrei fare per lettera che non so quando arriver\u00e0 in questi giorni di festa. Mi \u00e8 stata comunicata la data in cui Papa Francesco a San Pietro in Roma proclamer\u00e0 beato Papa Giovanni Paolo I:\u00a0<strong>sar\u00e0 domenica 4 settembre 2022<\/strong>\u00bb<\/em>.<\/p>\n<\/div>\n<p><strong>LA RIFLESSIONE MONSIGNOR GIORGIO LISE<\/strong><\/p>\n<audio class=\"wp-audio-shortcode\" id=\"audio-250172-2\" preload=\"none\" style=\"width: 100%;\" controls=\"controls\"><source type=\"audio\/mpeg\" src=\"https:\/\/www.radiopiu.net\/wordpress\/wp-content\/uploads\/2021\/12\/DON-LISE-PAPA-BEATO.mp3?_=2\" \/><a href=\"https:\/\/www.radiopiu.net\/wordpress\/wp-content\/uploads\/2021\/12\/DON-LISE-PAPA-BEATO.mp3\">https:\/\/www.radiopiu.net\/wordpress\/wp-content\/uploads\/2021\/12\/DON-LISE-PAPA-BEATO.mp3<\/a><\/audio>\n<p>&nbsp;<\/p>\n<hr \/>\n<p>&nbsp;<\/p>\n<blockquote>\n<h3>LA PRESENTAZIONE DEL LIBRO SULLA VITA DI DON STEFANO GORZEGNO<\/h3>\n<\/blockquote>\n<p><strong><img loading=\"lazy\" decoding=\"async\" class=\"alignleft\" src=\"https:\/\/www.radiopiu.net\/wordpress\/wp-content\/uploads\/2021\/12\/th-14.jpg\" width=\"76\" height=\"101\" \/>VOLTAGO<\/strong> Nella chiesa di San Nicol\u00f2 a Frassen\u00e9 la presentazione del libro \u201cArrivederci in paradiso\u201d, dedicato alla memoria di don Stefano Gorzegno, morto a soli 44 anni sulla spiaggia di Termoli il 30 luglio 2003 per salvare la vita a sette ragazzini a rischio annegamento. Ci saranno gli interventi di Francesco Mercanti, curatore della pubblicazione, del vescovo Marangoni, del parroco don Fabiano Del Favero e del sindaco Schena.<\/p>\n<p>&nbsp;<\/p>\n<p>AUDIO ALTO VOLUME<\/p>\n<audio class=\"wp-audio-shortcode\" id=\"audio-250172-3\" preload=\"none\" style=\"width: 100%;\" controls=\"controls\"><source type=\"audio\/mpeg\" src=\"https:\/\/www.radiopiu.net\/wordpress\/wp-content\/uploads\/2021\/12\/don-stefano-gorzegno.mp3?_=3\" \/><a href=\"https:\/\/www.radiopiu.net\/wordpress\/wp-content\/uploads\/2021\/12\/don-stefano-gorzegno.mp3\">https:\/\/www.radiopiu.net\/wordpress\/wp-content\/uploads\/2021\/12\/don-stefano-gorzegno.mp3<\/a><\/audio>\n<p>&nbsp;<\/p>\n<p>&nbsp;<\/p>\n<p><strong>LA DIRETTA DI RADIO PIU&#8217;<\/strong><\/p>\n<p>&nbsp;<\/p>\n<p>https:\/\/www.facebook.com\/mirko.mezzacasa\/videos\/240275718231363<\/p>\n<p>&nbsp;<\/p>\n<p><strong>LE FOTO DI DUILIO DA CAMPO\u00a0<\/strong><\/p>\n\n\t\t\t<style type='text\/css'>\n\t\t\t\t#gallery-5 {\n\t\t\t\t\tmargin: auto;\n\t\t\t\t}\n\t\t\t\t#gallery-5 .gallery-item {\n\t\t\t\t\tfloat: left;\n\t\t\t\t\tmargin-top: 10px;\n\t\t\t\t\ttext-align: center;\n\t\t\t\t\twidth: 50%;\n\t\t\t\t}\n\t\t\t\t#gallery-5 img {\n\t\t\t\t\tborder: 2px solid #cfcfcf;\n\t\t\t\t}\n\t\t\t\t#gallery-5 .gallery-caption {\n\t\t\t\t\tmargin-left: 0;\n\t\t\t\t}\n\t\t\t\t\/* see gallery_shortcode() in wp-includes\/media.php *\/\n\t\t\t<\/style>\n\t\t<div id='gallery-5' class='dt-gallery-container gallery galleryid-250172 gallery-columns-2 gallery-size-medium'><dl class='gallery-item'>\n\t\t\t\t<dt class='gallery-icon portrait'>\n\t\t\t\t\t<a class=\"rollover rollover-zoom dt-pswp-item\" title=\"410d939b-46ef-4e19-a1dc-e6feb5a530ad\" data-dt-img-description=\"\" data-large_image_width=\"1064\" data-large_image_height=\"1600\"href='https:\/\/www.radiopiu.net\/wordpress\/wp-content\/uploads\/2021\/12\/410d939b-46ef-4e19-a1dc-e6feb5a530ad-e1640578070402.jpg'><img loading=\"lazy\" decoding=\"async\" width=\"200\" height=\"300\" src=\"https:\/\/www.radiopiu.net\/wordpress\/wp-content\/uploads\/2021\/12\/410d939b-46ef-4e19-a1dc-e6feb5a530ad-e1640578070402-200x300.jpg\" class=\"attachment-medium size-medium\" alt=\"\" srcset=\"https:\/\/www.radiopiu.net\/wordpress\/wp-content\/uploads\/2021\/12\/410d939b-46ef-4e19-a1dc-e6feb5a530ad-e1640578070402-200x300.jpg 200w, https:\/\/www.radiopiu.net\/wordpress\/wp-content\/uploads\/2021\/12\/410d939b-46ef-4e19-a1dc-e6feb5a530ad-e1640578070402-681x1024.jpg 681w, https:\/\/www.radiopiu.net\/wordpress\/wp-content\/uploads\/2021\/12\/410d939b-46ef-4e19-a1dc-e6feb5a530ad-e1640578070402-768x1155.jpg 768w, https:\/\/www.radiopiu.net\/wordpress\/wp-content\/uploads\/2021\/12\/410d939b-46ef-4e19-a1dc-e6feb5a530ad-e1640578070402-1021x1536.jpg 1021w, https:\/\/www.radiopiu.net\/wordpress\/wp-content\/uploads\/2021\/12\/410d939b-46ef-4e19-a1dc-e6feb5a530ad-e1640578070402.jpg 1064w\" sizes=\"auto, (max-width: 200px) 100vw, 200px\" \/><\/a>\n\t\t\t\t<\/dt><\/dl><dl class='gallery-item'>\n\t\t\t\t<dt class='gallery-icon portrait'>\n\t\t\t\t\t<a class=\"rollover rollover-zoom dt-pswp-item\" title=\"c6ba982b-1947-492d-ac06-0121af7295ce\" data-dt-img-description=\"\" data-large_image_width=\"1064\" data-large_image_height=\"1600\"href='https:\/\/www.radiopiu.net\/wordpress\/wp-content\/uploads\/2021\/12\/c6ba982b-1947-492d-ac06-0121af7295ce-e1640578055372.jpg'><img loading=\"lazy\" decoding=\"async\" width=\"200\" height=\"300\" src=\"https:\/\/www.radiopiu.net\/wordpress\/wp-content\/uploads\/2021\/12\/c6ba982b-1947-492d-ac06-0121af7295ce-e1640578055372-200x300.jpg\" class=\"attachment-medium size-medium\" alt=\"\" srcset=\"https:\/\/www.radiopiu.net\/wordpress\/wp-content\/uploads\/2021\/12\/c6ba982b-1947-492d-ac06-0121af7295ce-e1640578055372-200x300.jpg 200w, https:\/\/www.radiopiu.net\/wordpress\/wp-content\/uploads\/2021\/12\/c6ba982b-1947-492d-ac06-0121af7295ce-e1640578055372-681x1024.jpg 681w, https:\/\/www.radiopiu.net\/wordpress\/wp-content\/uploads\/2021\/12\/c6ba982b-1947-492d-ac06-0121af7295ce-e1640578055372-768x1155.jpg 768w, https:\/\/www.radiopiu.net\/wordpress\/wp-content\/uploads\/2021\/12\/c6ba982b-1947-492d-ac06-0121af7295ce-e1640578055372-1021x1536.jpg 1021w, https:\/\/www.radiopiu.net\/wordpress\/wp-content\/uploads\/2021\/12\/c6ba982b-1947-492d-ac06-0121af7295ce-e1640578055372.jpg 1064w\" sizes=\"auto, (max-width: 200px) 100vw, 200px\" \/><\/a>\n\t\t\t\t<\/dt><\/dl><br style=\"clear: both\" \/><dl class='gallery-item'>\n\t\t\t\t<dt class='gallery-icon landscape'>\n\t\t\t\t\t<a class=\"rollover rollover-zoom dt-pswp-item\" title=\"9610c08c-8bcd-4024-ab69-926b95119c75\" data-dt-img-description=\"\" data-large_image_width=\"1600\" data-large_image_height=\"1064\"href='https:\/\/www.radiopiu.net\/wordpress\/wp-content\/uploads\/2021\/12\/9610c08c-8bcd-4024-ab69-926b95119c75.jpg'><img loading=\"lazy\" decoding=\"async\" width=\"300\" height=\"200\" src=\"https:\/\/www.radiopiu.net\/wordpress\/wp-content\/uploads\/2021\/12\/9610c08c-8bcd-4024-ab69-926b95119c75-300x200.jpg\" class=\"attachment-medium size-medium\" alt=\"\" srcset=\"https:\/\/www.radiopiu.net\/wordpress\/wp-content\/uploads\/2021\/12\/9610c08c-8bcd-4024-ab69-926b95119c75-300x200.jpg 300w, https:\/\/www.radiopiu.net\/wordpress\/wp-content\/uploads\/2021\/12\/9610c08c-8bcd-4024-ab69-926b95119c75-1024x681.jpg 1024w, https:\/\/www.radiopiu.net\/wordpress\/wp-content\/uploads\/2021\/12\/9610c08c-8bcd-4024-ab69-926b95119c75-768x511.jpg 768w, https:\/\/www.radiopiu.net\/wordpress\/wp-content\/uploads\/2021\/12\/9610c08c-8bcd-4024-ab69-926b95119c75-1536x1021.jpg 1536w, https:\/\/www.radiopiu.net\/wordpress\/wp-content\/uploads\/2021\/12\/9610c08c-8bcd-4024-ab69-926b95119c75.jpg 1600w\" sizes=\"auto, (max-width: 300px) 100vw, 300px\" \/><\/a>\n\t\t\t\t<\/dt><\/dl><dl class='gallery-item'>\n\t\t\t\t<dt class='gallery-icon landscape'>\n\t\t\t\t\t<a class=\"rollover rollover-zoom dt-pswp-item\" title=\"0cbe5f7f-94dc-4360-9006-f522ecfbbc83\" data-dt-img-description=\"\" data-large_image_width=\"1600\" data-large_image_height=\"1064\"href='https:\/\/www.radiopiu.net\/wordpress\/wp-content\/uploads\/2021\/12\/0cbe5f7f-94dc-4360-9006-f522ecfbbc83.jpg'><img loading=\"lazy\" decoding=\"async\" width=\"300\" height=\"200\" src=\"https:\/\/www.radiopiu.net\/wordpress\/wp-content\/uploads\/2021\/12\/0cbe5f7f-94dc-4360-9006-f522ecfbbc83-300x200.jpg\" class=\"attachment-medium size-medium\" alt=\"\" srcset=\"https:\/\/www.radiopiu.net\/wordpress\/wp-content\/uploads\/2021\/12\/0cbe5f7f-94dc-4360-9006-f522ecfbbc83-300x200.jpg 300w, https:\/\/www.radiopiu.net\/wordpress\/wp-content\/uploads\/2021\/12\/0cbe5f7f-94dc-4360-9006-f522ecfbbc83-1024x681.jpg 1024w, https:\/\/www.radiopiu.net\/wordpress\/wp-content\/uploads\/2021\/12\/0cbe5f7f-94dc-4360-9006-f522ecfbbc83-768x511.jpg 768w, https:\/\/www.radiopiu.net\/wordpress\/wp-content\/uploads\/2021\/12\/0cbe5f7f-94dc-4360-9006-f522ecfbbc83-1536x1021.jpg 1536w, https:\/\/www.radiopiu.net\/wordpress\/wp-content\/uploads\/2021\/12\/0cbe5f7f-94dc-4360-9006-f522ecfbbc83.jpg 1600w\" sizes=\"auto, (max-width: 300px) 100vw, 300px\" \/><\/a>\n\t\t\t\t<\/dt><\/dl><br style=\"clear: both\" \/>\n\t\t\t<\/div>\n\n<p>&nbsp;<\/p>\n<p>&nbsp;<\/p>\n<hr \/>\n<p>&nbsp;<\/p>\n<\/div>\n<\/div>\n<\/div>\n<blockquote>\n<h3>\u00a0SETTIMANA DI CONSIGLI COMUNALI<\/h3>\n<\/blockquote>\n<p><strong>LIVINALLONGO<\/strong> Oggi alle 18.30 consiglio comunale Fodom, oltre alla consueta revisione delle partecipazioni, scioglimento consensuale della convenzione per lo svolgimento delle funzioni di segreteria comunale in forma associata.<\/p>\n<p><strong>VOLTAGO<\/strong> Cinque punti all&#8217;ordine del giorno nel consiglio comunale di domani alle 18.30, compresa la mozione presentata dal consigliere Francesca Della Lucia in merito al conferimento della cittadinanza onoraria al milite ignoto. Il sindaco Giuseppe Schena propone: revisione delle partecipazioni, bilancio Asca, variazione d&#8217;urgenza.<\/p>\n<p><strong>ROCCA PIETORE<\/strong> Sar\u00e0 l&#8217;aria del Natale? Un consiglio comunale senza le interrogazioni della minoranza, anzi delle minoranze\u00a0 di Diana Iraci Borgia o del gruppo che fa riferimento a Maurizio De Cassan. Domani alle 18.30 seduta di ordinaria amministrazione con l&#8217;approvazione del Dup (documento di programmazione), variazione al bilancio, prelievo dal fondo di riserva, ricognizione delle partecipazioni possedute, bilancio di previsione Asca 2022 e programma per il conferimento di incarichi di collaborazione autonoma.<\/p>\n<p><strong>TAIBON<\/strong> Domani alle 20:30 consiglio comunale convocato dal sindaco Silvia Tormen, all&#8217;ordine del giorno: affidamento servizio tesoreria, revisione delle partecipazioni, nomina revisore dei conti, approvazione bilancio di prevision dell&#8217;Azienda Speciale Multiservizi, impianto elettrico sul Corpassa, modifica del piano di pagamento dei canoni concessori<\/p>\n<p><strong>FALCADE<\/strong> Consiglio comunale mercoledi alle 8 del mattino, all&#8217;ordine del giorno la variazione al bilancio, la revisione delle partecipazioni e il bilancio Asca.<\/p>\n<p><strong>SELVA DI CADORE<\/strong> Mercoledi alle 19 consiglio comunale, all&#8217;ordine del giorno: verifica delle aree\u00a0 e fabbricati per la residenza o attivit\u00e0 produttive che potranno essere ceduti in diritto di propriet\u00e0; approvazione documento Dup; approvazione della modifica sul regolamento dell&#8217;imposta di soggiorno. La minoranza di Adriano Peretti porta in consiglio tre interrogazioni, sulla designazione dei rappresentanti presso Enti, tassa di soggiorno e luminarie, microcriminalit\u00e0 post fatti di Lorenzago <em>&#8220;Chiediamo sia presa in considerazione l&#8217;ipotesi di stipulare un protocollo d&#8217;intesa con la Prefettura per istituire un progetto di controllo di vicinato&#8221;<\/em><\/p>\n<p><strong>SAN TOMASO<\/strong>\u00a0 \u00a0Mercoledi alle 18 consiglio comunale per la variazione d&#8217;urgenza al bilancio; ricognizione partecipazioni possedute; convenzione con la scuola materna e scioglimento convenzione per lo svolgimento delle funzioni di segreteria comunale<\/p>\n<p>&nbsp;<\/p>\n<hr \/>\n<p>&nbsp;<\/p>\n<p><a href=\"https:\/\/www.radiopiu.net\/wordpress\/giornale-radiopiu-27-dicembre-2021-direttore-mirko-mezzacasa\/iolanda_denardin\/\" rel=\"attachment wp-att-250365\"><img loading=\"lazy\" decoding=\"async\" class=\"wp-image-250365 alignleft\" src=\"https:\/\/www.radiopiu.net\/wordpress\/wp-content\/uploads\/2021\/12\/iolanda_denardin-282x300.png\" alt=\"\" width=\"149\" height=\"159\" srcset=\"https:\/\/www.radiopiu.net\/wordpress\/wp-content\/uploads\/2021\/12\/iolanda_denardin-282x300.png 282w, https:\/\/www.radiopiu.net\/wordpress\/wp-content\/uploads\/2021\/12\/iolanda_denardin-963x1024.png 963w, https:\/\/www.radiopiu.net\/wordpress\/wp-content\/uploads\/2021\/12\/iolanda_denardin-768x817.png 768w, https:\/\/www.radiopiu.net\/wordpress\/wp-content\/uploads\/2021\/12\/iolanda_denardin-1444x1536.png 1444w, https:\/\/www.radiopiu.net\/wordpress\/wp-content\/uploads\/2021\/12\/iolanda_denardin-1926x2048.png 1926w\" sizes=\"auto, (max-width: 149px) 100vw, 149px\" \/><\/a><strong>VIVERE L&#8217;AGORDINO DAL CORRIERE DELLE ALPI LO SPECIALE DEL LUNEDI DI GIANNI SANTOMASO, PERSONAGGI AGORDINI CON LA VIGNETTA DI ERIKA ANDRICH<\/strong><\/p>\n<p><strong>JOLANDA, DAL BAR DELLA STAZIONE DI VIALE SOMMARIVA\u00a0<\/strong><\/p>\n\n\t\t\t<style type='text\/css'>\n\t\t\t\t#gallery-6 {\n\t\t\t\t\tmargin: auto;\n\t\t\t\t}\n\t\t\t\t#gallery-6 .gallery-item {\n\t\t\t\t\tfloat: left;\n\t\t\t\t\tmargin-top: 10px;\n\t\t\t\t\ttext-align: center;\n\t\t\t\t\twidth: 20%;\n\t\t\t\t}\n\t\t\t\t#gallery-6 img {\n\t\t\t\t\tborder: 2px solid #cfcfcf;\n\t\t\t\t}\n\t\t\t\t#gallery-6 .gallery-caption {\n\t\t\t\t\tmargin-left: 0;\n\t\t\t\t}\n\t\t\t\t\/* see gallery_shortcode() in wp-includes\/media.php *\/\n\t\t\t<\/style>\n\t\t<div id='gallery-6' class='dt-gallery-container gallery galleryid-250172 gallery-columns-5 gallery-size-thumbnail'><dl class='gallery-item'>\n\t\t\t\t<dt class='gallery-icon landscape'>\n\t\t\t\t\t<a class=\"rollover rollover-zoom dt-pswp-item\" title=\"71eb1e05-cdc0-4e91-b8d4-9c399139118c\" data-dt-img-description=\"\" data-large_image_width=\"2048\" data-large_image_height=\"1154\"href='https:\/\/www.radiopiu.net\/wordpress\/wp-content\/uploads\/2021\/12\/71eb1e05-cdc0-4e91-b8d4-9c399139118c.jpg'><img loading=\"lazy\" decoding=\"async\" width=\"150\" height=\"150\" src=\"https:\/\/www.radiopiu.net\/wordpress\/wp-content\/uploads\/2021\/12\/71eb1e05-cdc0-4e91-b8d4-9c399139118c-150x150.jpg\" class=\"attachment-thumbnail size-thumbnail\" alt=\"\" \/><\/a>\n\t\t\t\t<\/dt><\/dl><dl class='gallery-item'>\n\t\t\t\t<dt class='gallery-icon landscape'>\n\t\t\t\t\t<a class=\"rollover rollover-zoom dt-pswp-item\" title=\"df598afd-41ea-418a-ad88-9d5e27fc9271\" data-dt-img-description=\"\" data-large_image_width=\"2048\" data-large_image_height=\"1154\"href='https:\/\/www.radiopiu.net\/wordpress\/wp-content\/uploads\/2021\/12\/df598afd-41ea-418a-ad88-9d5e27fc9271.jpg'><img loading=\"lazy\" decoding=\"async\" width=\"150\" height=\"150\" src=\"https:\/\/www.radiopiu.net\/wordpress\/wp-content\/uploads\/2021\/12\/df598afd-41ea-418a-ad88-9d5e27fc9271-150x150.jpg\" class=\"attachment-thumbnail size-thumbnail\" alt=\"\" \/><\/a>\n\t\t\t\t<\/dt><\/dl><dl class='gallery-item'>\n\t\t\t\t<dt class='gallery-icon landscape'>\n\t\t\t\t\t<a class=\"rollover rollover-zoom dt-pswp-item\" title=\"bdbedf90-7e0b-47b9-a569-7f86b140d94c\" data-dt-img-description=\"\" data-large_image_width=\"2048\" data-large_image_height=\"1154\"href='https:\/\/www.radiopiu.net\/wordpress\/wp-content\/uploads\/2021\/12\/bdbedf90-7e0b-47b9-a569-7f86b140d94c.jpg'><img loading=\"lazy\" decoding=\"async\" width=\"150\" height=\"150\" src=\"https:\/\/www.radiopiu.net\/wordpress\/wp-content\/uploads\/2021\/12\/bdbedf90-7e0b-47b9-a569-7f86b140d94c-150x150.jpg\" class=\"attachment-thumbnail size-thumbnail\" alt=\"\" \/><\/a>\n\t\t\t\t<\/dt><\/dl><dl class='gallery-item'>\n\t\t\t\t<dt class='gallery-icon landscape'>\n\t\t\t\t\t<a class=\"rollover rollover-zoom dt-pswp-item\" title=\"f86096d7-f531-4e58-a289-5d817437b787\" data-dt-img-description=\"\" data-large_image_width=\"2048\" data-large_image_height=\"1154\"href='https:\/\/www.radiopiu.net\/wordpress\/wp-content\/uploads\/2021\/12\/f86096d7-f531-4e58-a289-5d817437b787.jpg'><img loading=\"lazy\" decoding=\"async\" width=\"150\" height=\"150\" src=\"https:\/\/www.radiopiu.net\/wordpress\/wp-content\/uploads\/2021\/12\/f86096d7-f531-4e58-a289-5d817437b787-150x150.jpg\" class=\"attachment-thumbnail size-thumbnail\" alt=\"\" \/><\/a>\n\t\t\t\t<\/dt><\/dl><dl class='gallery-item'>\n\t\t\t\t<dt class='gallery-icon landscape'>\n\t\t\t\t\t<a class=\"rollover rollover-zoom dt-pswp-item\" title=\"7c2f06f9-c188-4565-a022-9fbe311e5adf\" data-dt-img-description=\"\" data-large_image_width=\"2048\" data-large_image_height=\"1154\"href='https:\/\/www.radiopiu.net\/wordpress\/wp-content\/uploads\/2021\/12\/7c2f06f9-c188-4565-a022-9fbe311e5adf.jpg'><img loading=\"lazy\" decoding=\"async\" width=\"150\" height=\"150\" src=\"https:\/\/www.radiopiu.net\/wordpress\/wp-content\/uploads\/2021\/12\/7c2f06f9-c188-4565-a022-9fbe311e5adf-150x150.jpg\" class=\"attachment-thumbnail size-thumbnail\" alt=\"\" \/><\/a>\n\t\t\t\t<\/dt><\/dl><br style=\"clear: both\" \/>\n\t\t\t<\/div>\n\n<p>&nbsp;<\/p>\n<hr \/>\n<blockquote>\n<h3><\/h3>\n<h3>IL PRESTIGIOSO LIBRO DI LORENZO DELL\u2019ANDREA: SELVA DI CADORE COME ERA (SELVA DA NOSAK\u00c0N)<\/h3>\n<\/blockquote>\n<p><strong>di RENATO BONA<\/strong><\/p>\n<p>\u201cSelva di Cadore come era\u201d (Selva da nosak\u00e0n\u201d). E\u2019 il titolo di un prestigioso volume di oltre 270 pagine che nel novembre del 1993 la tipografia Piave di Belluno ha stampato per conto dell\u2019Union de i Ladi\u00f1 de Selva. L\u2019autore? Un amico carissimo, che considero da sempre il mio padre spirituale: il prof. don Lorenzo Dell\u2019Andrea, uomo di profonda cultura, dal tratto gentile, che oltre ad aver diretto per lustri il settimanale diocesano \u201cL\u2019Amico del popolo\u201d \u00e8 stato &#8211; fra l\u2019altro &#8211; consulente ecclesiastico del comitato bellunese del Centro sportivo italiano quando, ragazzino, giocavo a pallone; poi mio insegnante di religione alla ragioneria \u201cCalvi\u201d e quindi anche mio collega giornalista professionista. Dell\u2019Andrea in presentazione ricordava che nell\u2019agosto 1985 L\u2019Unione dei Ladini di Selva \u201cha allestito una mostra di vecchie fotografie di paesaggi, case e persone di Selva. La mostra ebbe grande successo e molti furono coloro che chiesero la pubblicazione del materiale esposto\u201d. Il desiderio venne quindi soddisfatto otto anni pi\u00f9 tardi, fra l\u2019altro con l\u2019aumento delle foto: da 162 a poco meno di 400, suddivise per grandi temi in sette sezioni, ciascuna delle quali \u201cdotata\u201d di una nota introduttiva anche per \u201coffrire indicazioni generali e spunti di riflessione per integrare, con qualche chiave interpretativa, la lettura delle fotografie\u201d: territorio, case, stalle e fienili, progresso, lavori, scolaresche e coscritti, soldati ed emigranti, avvenimenti vari, volti e tradizioni. Viene anche reso omaggio a quanti collaborarono all\u2019allestimento della mostra: Anna Lorenzini dei Svaldi, Raffaella Dell\u2019Andrea, Aristide Bonifacio, Renzo Nicolai, Severina Monico; altri grazie per chi ha poi collaborato con informazioni e suggerimenti per il libro: ancora Bonifacio e Nicolai, quindi Luigi Callegari, Cesira Nicolai, Rudele Bonifacio, Espedito Callegari, Giorgio Lorenzini, Sergio Monico, Elide Cadorin; per le famiglie che hanno messo a disposizione tante fotografie cos\u00ec come per la Direzione del Museo di Selva, e per Ugo Lorenzini \u201cche ha messo a disposizione per una ristampa, curata dall\u2019Union de i Ladi\u00f1 de Selva tutti i negativi su vetro ancora conservati delle fotografie fatte dal nostro compaesano Fedele Chizzolin, che negli anni attorno alla prima guerra mondiale (prima di ritornare in America nel 1924) ha esercitato a Selva l\u2019arte del fotografo\u2026\u201c. Partiamo dunque dal capitolo \u201cIl territorio\u201d nel quale &#8211; dopo aver ricordato che \u201c\u2026 questo ambiente, sostanzialmente sempre identico nonostante l\u2019alternarsi di epoche fredde ed epoche pi\u00f9 calde, per millenni fu animato solo da cacciatori. La loro presenza non era per\u00f2 significativa: non dovevano essere in molti e comunque erano sempre \u2018di passaggio\u2019\u201d &#8211; Dell\u2019Andrea scrive: \u201cVerso la fine del primo millennio avanti cristo la valle cominci\u00f2 ad animarsi: non pi\u00f9 soltanto cacciatori, ma anche pastori. Greggi sempre pi\u00f9 numerosi percorrevano le zone alte, oltre il limite del bosco, dove c\u2019erano abbondanti pascoli, dalle zone del Passo Giau a Mondeval de Sora, da Possedera a Fertazza alle zone di Staulanza, Forada, Forcella Roan\u201d e si chiede:\u201dDa dove venivano questi pastori? Probabilmente dalle zone del Cadore, gi\u00e0 abitato da alcuni secoli (tale provenienza trova un riscontro nell\u2019appartenenza, dalla fine del primo secolo avanti Cristo, del territorio di Selva al Municipium romano di Julium Carnicum, e ha una prova storica inequivocabile nelle iscrizioni rupestri del monte Civetta, del Coldai e del Col Davagnin, proprio sul monte Fertazza\u201d. L\u2019autore prosegue il suo excursus sottolineando che \u201cLa situazione dur\u00f2 cos\u00ec, con cacciatori e pastori che animavano la vallata, per tutto il primo millennio dopo Cristo, fino all\u2019epoca alto-medioevale quando avvennero alcuni fatti nuovi\u201d: verso il 1000 dopo Cristo, in Val Fiorentina come nel resto delle vallate alte delle Dolomiti si \u00e8 intensificata la presenza dell\u2019uomo: non pi\u00f9 i soli cacciatori e pastori ma anche boscaioli e ricercatori di minerali di ferro e piombo, tutta gente proveniente dalla Val del Boite, che dopo un periodo di consistenti insediamenti stagionali port\u00f2, verso il XII secolo dopo Cristo, ad insediamenti stabili e cos\u00ec il paesaggio, che era rimasto di fatto immutato per millenni, cominci\u00f2 a cambiare per l\u2019attivit\u00e0 dell\u2019uomo. Insediamenti stabili che dapprima erano rappresentati da piccoli nuclei i cui componenti, pur di restare in zona, pagavano un diritto di concessione alle Regole di Mondeval e di Festornigo di San Vito di Cadore proprietario della Val Fiorentina; poi si svilupparono in aggregati di diverse famiglie e dettero vita alla \u2018vila\u2019. Col rapido crescere delle famiglie si determin\u00f2 l\u2019allargamento degli spazi occupati dalle case della \u2018vila\u2019 e, conseguentemente, fu indispensabile sviluppare l\u2019attivit\u00e0 agricola per garantire la sopravvivenza della gente. Ma il territorio era poco e dunque si pervenne ad un consistente disboscamento oltre che alla concentrazione dell\u2019attivit\u00e0 edificatoria con la creazione di numerosi centri abitati. Si ricavarono in tal modo campi per coltivare cereali e fava, e prati che potessero fornire il foraggio per il bestiame. Alle attivit\u00e0 agro-silvo-pastorali si aggiunsero dal XIV secolo quelle artigianali e industriali fra l\u2019altro con lo sfruttamento delle miniere di ferro del Fursil a Colle Santa Lucia, e di quelle di Gruoipa nella zona dell\u2019attuale cimitero di San Lorenzo a Selva. Come il gatto che si morde la coda, tutto ci\u00f2 comport\u00f2 \u201cuna notevole immigrazione e l\u2019avvio di nuove attivit\u00e0 come quella dei carbonai che producevano e trasportavano il carbone dolce, o dei fabbri per la lavorazione del ferro, per il quale funzionava addirittura una fonderia\u201d. La nuova situazione determin\u00f2 una ulteriore e profonda modificazione del territorio della Val Fiorentina e l\u2019aumento della popolazione stabile costrinse ad estendere ancora una volta le terre coltivabili con gli abitanti di Toffol e di L\u2019Andria che coltivarono campi fino a 1600 metri di quota raggiungendo con i loro seminati le localit\u00e0 di Somasief e Pien de Col\u00f2; per la produzione del fieno furono reperiti prti ad alta quota in Fertazza, in Possedera e nelle zone alte soprastanti il paese (\u00f2e Frene). Ci si spinse fino a falciare i ripidi pendii, p \u2018pale\u2019 sottostantio le rocce dfel Piz del Corvo (Rivigo, Saulon, Palemoze) e sotto il monte Cernera (Pale de Matia, Palota), fino a raggiungere le disagiate e pericolosissime cengie )p \u2018viei\u2019) a duemila metri di altitudine. Negli ultimi secoli &#8211; prosegue il resoconto di Lorenzo Dell\u2019Andrea &#8211; cessarono le attivit\u00e0 legate allo sfruttamento delle miniere e vi fu un impoverimento generale che porto ad una forte emigrazione. L\u2019aspetto del paese rimase sostanzialmente immutato fino a tutta la met\u00e0 del secolo, cio\u00e8 fino al secondo dopoguerra. Le \u2018vile\u2019 rimasero nelle stesse dimensioni dei secoli precedenti, campi e prati continuarono ad essere lavorati intensamente per la sopravvivenza, i pascoli fornirono alimenti preziosi per le centinaia di mucche del paese. Poi, a partire dagli anni \u201960, tutto cambi\u00f2, dapprima lentamente poi vorticosamente. \u201cFino al punto che non solo oggi il \u2018cacciatore di Mondeval de Sora\u2019 non riconoscerebbe pi\u00f9 la vallata, ma la troverebbe molto (o totalmente!) diversa perfino chi l\u2019avesse vista per l\u2019ultima volta soltanto quaranta o cinquanta anni fa\u201d.<\/p>\n\n\t\t\t<style type='text\/css'>\n\t\t\t\t#gallery-7 {\n\t\t\t\t\tmargin: auto;\n\t\t\t\t}\n\t\t\t\t#gallery-7 .gallery-item {\n\t\t\t\t\tfloat: left;\n\t\t\t\t\tmargin-top: 10px;\n\t\t\t\t\ttext-align: center;\n\t\t\t\t\twidth: 16%;\n\t\t\t\t}\n\t\t\t\t#gallery-7 img {\n\t\t\t\t\tborder: 2px solid #cfcfcf;\n\t\t\t\t}\n\t\t\t\t#gallery-7 .gallery-caption {\n\t\t\t\t\tmargin-left: 0;\n\t\t\t\t}\n\t\t\t\t\/* see gallery_shortcode() in wp-includes\/media.php *\/\n\t\t\t<\/style>\n\t\t<div id='gallery-7' class='dt-gallery-container gallery galleryid-250172 gallery-columns-6 gallery-size-thumbnail'><dl class='gallery-item'>\n\t\t\t\t<dt class='gallery-icon landscape'>\n\t\t\t\t\t<a class=\"rollover rollover-zoom dt-pswp-item\" title=\"266743183_670780627634836_5996567152531309073_n\" data-dt-img-description=\"\" data-large_image_width=\"296\" data-large_image_height=\"202\"href='https:\/\/www.radiopiu.net\/wordpress\/wp-content\/uploads\/2021\/12\/266743183_670780627634836_5996567152531309073_n.jpg'><img loading=\"lazy\" decoding=\"async\" width=\"150\" height=\"150\" src=\"https:\/\/www.radiopiu.net\/wordpress\/wp-content\/uploads\/2021\/12\/266743183_670780627634836_5996567152531309073_n-150x150.jpg\" class=\"attachment-thumbnail size-thumbnail\" alt=\"\" \/><\/a>\n\t\t\t\t<\/dt><\/dl><dl class='gallery-item'>\n\t\t\t\t<dt class='gallery-icon landscape'>\n\t\t\t\t\t<a class=\"rollover rollover-zoom dt-pswp-item\" title=\"267135820_917502738895473_3248596563152116743_n\" data-dt-img-description=\"\" data-large_image_width=\"350\" data-large_image_height=\"202\"href='https:\/\/www.radiopiu.net\/wordpress\/wp-content\/uploads\/2021\/12\/267135820_917502738895473_3248596563152116743_n.jpg'><img loading=\"lazy\" decoding=\"async\" width=\"150\" height=\"150\" src=\"https:\/\/www.radiopiu.net\/wordpress\/wp-content\/uploads\/2021\/12\/267135820_917502738895473_3248596563152116743_n-150x150.jpg\" class=\"attachment-thumbnail size-thumbnail\" alt=\"\" \/><\/a>\n\t\t\t\t<\/dt><\/dl><dl class='gallery-item'>\n\t\t\t\t<dt class='gallery-icon landscape'>\n\t\t\t\t\t<a class=\"rollover rollover-zoom dt-pswp-item\" title=\"267814823_803293494402140_3192015884066964196_n\" data-dt-img-description=\"\" data-large_image_width=\"217\" data-large_image_height=\"206\"href='https:\/\/www.radiopiu.net\/wordpress\/wp-content\/uploads\/2021\/12\/267814823_803293494402140_3192015884066964196_n.jpg'><img loading=\"lazy\" decoding=\"async\" width=\"150\" height=\"150\" src=\"https:\/\/www.radiopiu.net\/wordpress\/wp-content\/uploads\/2021\/12\/267814823_803293494402140_3192015884066964196_n-150x150.jpg\" class=\"attachment-thumbnail size-thumbnail\" alt=\"\" \/><\/a>\n\t\t\t\t<\/dt><\/dl><dl class='gallery-item'>\n\t\t\t\t<dt class='gallery-icon portrait'>\n\t\t\t\t\t<a class=\"rollover rollover-zoom dt-pswp-item\" title=\"268186345_419269756551628_7176868597365630781_n\" data-dt-img-description=\"\" data-large_image_width=\"158\" data-large_image_height=\"225\"href='https:\/\/www.radiopiu.net\/wordpress\/wp-content\/uploads\/2021\/12\/268186345_419269756551628_7176868597365630781_n.jpg'><img loading=\"lazy\" decoding=\"async\" width=\"150\" height=\"150\" src=\"https:\/\/www.radiopiu.net\/wordpress\/wp-content\/uploads\/2021\/12\/268186345_419269756551628_7176868597365630781_n-150x150.jpg\" class=\"attachment-thumbnail size-thumbnail\" alt=\"\" \/><\/a>\n\t\t\t\t<\/dt><\/dl><dl class='gallery-item'>\n\t\t\t\t<dt class='gallery-icon portrait'>\n\t\t\t\t\t<a class=\"rollover rollover-zoom dt-pswp-item\" title=\"269262865_1529461637426976_2021167744271797589_n\" data-dt-img-description=\"\" data-large_image_width=\"156\" data-large_image_height=\"206\"href='https:\/\/www.radiopiu.net\/wordpress\/wp-content\/uploads\/2021\/12\/269262865_1529461637426976_2021167744271797589_n.jpg'><img loading=\"lazy\" decoding=\"async\" width=\"150\" height=\"150\" src=\"https:\/\/www.radiopiu.net\/wordpress\/wp-content\/uploads\/2021\/12\/269262865_1529461637426976_2021167744271797589_n-150x150.jpg\" class=\"attachment-thumbnail size-thumbnail\" alt=\"\" \/><\/a>\n\t\t\t\t<\/dt><\/dl><dl class='gallery-item'>\n\t\t\t\t<dt class='gallery-icon portrait'>\n\t\t\t\t\t<a class=\"rollover rollover-zoom dt-pswp-item\" title=\"269308832_492495335507107_1626107676335340061_n\" data-dt-img-description=\"\" data-large_image_width=\"180\" data-large_image_height=\"204\"href='https:\/\/www.radiopiu.net\/wordpress\/wp-content\/uploads\/2021\/12\/269308832_492495335507107_1626107676335340061_n.jpg'><img loading=\"lazy\" decoding=\"async\" width=\"150\" height=\"150\" src=\"https:\/\/www.radiopiu.net\/wordpress\/wp-content\/uploads\/2021\/12\/269308832_492495335507107_1626107676335340061_n-150x150.jpg\" class=\"attachment-thumbnail size-thumbnail\" alt=\"\" \/><\/a>\n\t\t\t\t<\/dt><\/dl><br style=\"clear: both\" \/><dl class='gallery-item'>\n\t\t\t\t<dt class='gallery-icon landscape'>\n\t\t\t\t\t<a class=\"rollover rollover-zoom dt-pswp-item\" title=\"269308832_1374552436319061_5049544214517017989_n\" data-dt-img-description=\"\" data-large_image_width=\"344\" data-large_image_height=\"206\"href='https:\/\/www.radiopiu.net\/wordpress\/wp-content\/uploads\/2021\/12\/269308832_1374552436319061_5049544214517017989_n.jpg'><img loading=\"lazy\" decoding=\"async\" width=\"150\" height=\"150\" src=\"https:\/\/www.radiopiu.net\/wordpress\/wp-content\/uploads\/2021\/12\/269308832_1374552436319061_5049544214517017989_n-150x150.jpg\" class=\"attachment-thumbnail size-thumbnail\" alt=\"\" \/><\/a>\n\t\t\t\t<\/dt><\/dl><dl class='gallery-item'>\n\t\t\t\t<dt class='gallery-icon landscape'>\n\t\t\t\t\t<a class=\"rollover rollover-zoom dt-pswp-item\" title=\"269546633_460198382491190_8900774065265367742_n\" data-dt-img-description=\"\" data-large_image_width=\"320\" data-large_image_height=\"206\"href='https:\/\/www.radiopiu.net\/wordpress\/wp-content\/uploads\/2021\/12\/269546633_460198382491190_8900774065265367742_n.jpg'><img loading=\"lazy\" decoding=\"async\" width=\"150\" height=\"150\" src=\"https:\/\/www.radiopiu.net\/wordpress\/wp-content\/uploads\/2021\/12\/269546633_460198382491190_8900774065265367742_n-150x150.jpg\" class=\"attachment-thumbnail size-thumbnail\" alt=\"\" \/><\/a>\n\t\t\t\t<\/dt><\/dl><dl class='gallery-item'>\n\t\t\t\t<dt class='gallery-icon landscape'>\n\t\t\t\t\t<a class=\"rollover rollover-zoom dt-pswp-item\" title=\"269617418_261612016062706_8319865751868684443_n\" data-dt-img-description=\"\" data-large_image_width=\"320\" data-large_image_height=\"201\"href='https:\/\/www.radiopiu.net\/wordpress\/wp-content\/uploads\/2021\/12\/269617418_261612016062706_8319865751868684443_n.jpg'><img loading=\"lazy\" decoding=\"async\" width=\"150\" height=\"150\" src=\"https:\/\/www.radiopiu.net\/wordpress\/wp-content\/uploads\/2021\/12\/269617418_261612016062706_8319865751868684443_n-150x150.jpg\" class=\"attachment-thumbnail size-thumbnail\" alt=\"\" \/><\/a>\n\t\t\t\t<\/dt><\/dl><dl class='gallery-item'>\n\t\t\t\t<dt class='gallery-icon landscape'>\n\t\t\t\t\t<a class=\"rollover rollover-zoom dt-pswp-item\" title=\"269686602_333102118634910_8571236030010507455_n\" data-dt-img-description=\"\" data-large_image_width=\"281\" data-large_image_height=\"206\"href='https:\/\/www.radiopiu.net\/wordpress\/wp-content\/uploads\/2021\/12\/269686602_333102118634910_8571236030010507455_n.jpg'><img loading=\"lazy\" decoding=\"async\" width=\"150\" height=\"150\" src=\"https:\/\/www.radiopiu.net\/wordpress\/wp-content\/uploads\/2021\/12\/269686602_333102118634910_8571236030010507455_n-150x150.jpg\" class=\"attachment-thumbnail size-thumbnail\" alt=\"\" \/><\/a>\n\t\t\t\t<\/dt><\/dl><dl class='gallery-item'>\n\t\t\t\t<dt class='gallery-icon landscape'>\n\t\t\t\t\t<a class=\"rollover rollover-zoom dt-pswp-item\" title=\"269788003_670044787322703_3591933498523761314_n\" data-dt-img-description=\"\" data-large_image_width=\"316\" data-large_image_height=\"206\"href='https:\/\/www.radiopiu.net\/wordpress\/wp-content\/uploads\/2021\/12\/269788003_670044787322703_3591933498523761314_n.jpg'><img loading=\"lazy\" decoding=\"async\" width=\"150\" height=\"150\" src=\"https:\/\/www.radiopiu.net\/wordpress\/wp-content\/uploads\/2021\/12\/269788003_670044787322703_3591933498523761314_n-150x150.jpg\" class=\"attachment-thumbnail size-thumbnail\" alt=\"\" \/><\/a>\n\t\t\t\t<\/dt><\/dl><dl class='gallery-item'>\n\t\t\t\t<dt class='gallery-icon landscape'>\n\t\t\t\t\t<a class=\"rollover rollover-zoom dt-pswp-item\" title=\"269817315_436153741547353_1605126954432316167_n\" data-dt-img-description=\"\" data-large_image_width=\"338\" data-large_image_height=\"206\"href='https:\/\/www.radiopiu.net\/wordpress\/wp-content\/uploads\/2021\/12\/269817315_436153741547353_1605126954432316167_n.jpg'><img loading=\"lazy\" decoding=\"async\" width=\"150\" height=\"150\" src=\"https:\/\/www.radiopiu.net\/wordpress\/wp-content\/uploads\/2021\/12\/269817315_436153741547353_1605126954432316167_n-150x150.jpg\" class=\"attachment-thumbnail size-thumbnail\" alt=\"\" \/><\/a>\n\t\t\t\t<\/dt><\/dl><br style=\"clear: both\" \/><dl class='gallery-item'>\n\t\t\t\t<dt class='gallery-icon landscape'>\n\t\t\t\t\t<a class=\"rollover rollover-zoom dt-pswp-item\" title=\"269897276_338109967857058_186352694695648506_n\" data-dt-img-description=\"\" data-large_image_width=\"350\" data-large_image_height=\"206\"href='https:\/\/www.radiopiu.net\/wordpress\/wp-content\/uploads\/2021\/12\/269897276_338109967857058_186352694695648506_n.jpg'><img loading=\"lazy\" decoding=\"async\" width=\"150\" height=\"150\" src=\"https:\/\/www.radiopiu.net\/wordpress\/wp-content\/uploads\/2021\/12\/269897276_338109967857058_186352694695648506_n-150x150.jpg\" class=\"attachment-thumbnail size-thumbnail\" alt=\"\" \/><\/a>\n\t\t\t\t<\/dt><\/dl><dl class='gallery-item'>\n\t\t\t\t<dt class='gallery-icon landscape'>\n\t\t\t\t\t<a class=\"rollover rollover-zoom dt-pswp-item\" title=\"269932449_954056885210976_1980172581310545068_n\" data-dt-img-description=\"\" data-large_image_width=\"335\" data-large_image_height=\"206\"href='https:\/\/www.radiopiu.net\/wordpress\/wp-content\/uploads\/2021\/12\/269932449_954056885210976_1980172581310545068_n.jpg'><img loading=\"lazy\" decoding=\"async\" width=\"150\" height=\"150\" src=\"https:\/\/www.radiopiu.net\/wordpress\/wp-content\/uploads\/2021\/12\/269932449_954056885210976_1980172581310545068_n-150x150.jpg\" class=\"attachment-thumbnail size-thumbnail\" alt=\"\" \/><\/a>\n\t\t\t\t<\/dt><\/dl><dl class='gallery-item'>\n\t\t\t\t<dt class='gallery-icon landscape'>\n\t\t\t\t\t<a class=\"rollover rollover-zoom dt-pswp-item\" title=\"269969408_950961812513406_6862966440800379213_n\" data-dt-img-description=\"\" data-large_image_width=\"293\" data-large_image_height=\"206\"href='https:\/\/www.radiopiu.net\/wordpress\/wp-content\/uploads\/2021\/12\/269969408_950961812513406_6862966440800379213_n.jpg'><img loading=\"lazy\" decoding=\"async\" width=\"150\" height=\"150\" src=\"https:\/\/www.radiopiu.net\/wordpress\/wp-content\/uploads\/2021\/12\/269969408_950961812513406_6862966440800379213_n-150x150.jpg\" class=\"attachment-thumbnail size-thumbnail\" alt=\"\" \/><\/a>\n\t\t\t\t<\/dt><\/dl><dl class='gallery-item'>\n\t\t\t\t<dt class='gallery-icon portrait'>\n\t\t\t\t\t<a class=\"rollover rollover-zoom dt-pswp-item\" title=\"270007342_339305674368698_925108212631328009_n\" data-dt-img-description=\"\" data-large_image_width=\"168\" data-large_image_height=\"204\"href='https:\/\/www.radiopiu.net\/wordpress\/wp-content\/uploads\/2021\/12\/270007342_339305674368698_925108212631328009_n.jpg'><img loading=\"lazy\" decoding=\"async\" width=\"150\" height=\"150\" src=\"https:\/\/www.radiopiu.net\/wordpress\/wp-content\/uploads\/2021\/12\/270007342_339305674368698_925108212631328009_n-150x150.jpg\" class=\"attachment-thumbnail size-thumbnail\" alt=\"\" \/><\/a>\n\t\t\t\t<\/dt><\/dl><dl class='gallery-item'>\n\t\t\t\t<dt class='gallery-icon portrait'>\n\t\t\t\t\t<a class=\"rollover rollover-zoom dt-pswp-item\" title=\"270024825_1092705981496048_9163895340263138896_n\" data-dt-img-description=\"\" data-large_image_width=\"155\" data-large_image_height=\"225\"href='https:\/\/www.radiopiu.net\/wordpress\/wp-content\/uploads\/2021\/12\/270024825_1092705981496048_9163895340263138896_n.jpg'><img loading=\"lazy\" decoding=\"async\" width=\"150\" height=\"150\" src=\"https:\/\/www.radiopiu.net\/wordpress\/wp-content\/uploads\/2021\/12\/270024825_1092705981496048_9163895340263138896_n-150x150.jpg\" class=\"attachment-thumbnail size-thumbnail\" alt=\"\" \/><\/a>\n\t\t\t\t<\/dt><\/dl><dl class='gallery-item'>\n\t\t\t\t<dt class='gallery-icon landscape'>\n\t\t\t\t\t<a class=\"rollover rollover-zoom dt-pswp-item\" title=\"270033282_344653740413645_2831638696614984800_n\" data-dt-img-description=\"\" data-large_image_width=\"396\" data-large_image_height=\"206\"href='https:\/\/www.radiopiu.net\/wordpress\/wp-content\/uploads\/2021\/12\/270033282_344653740413645_2831638696614984800_n.jpg'><img loading=\"lazy\" decoding=\"async\" width=\"150\" height=\"150\" src=\"https:\/\/www.radiopiu.net\/wordpress\/wp-content\/uploads\/2021\/12\/270033282_344653740413645_2831638696614984800_n-150x150.jpg\" class=\"attachment-thumbnail size-thumbnail\" alt=\"\" \/><\/a>\n\t\t\t\t<\/dt><\/dl><br style=\"clear: both\" \/>\n\t\t\t<\/div>\n\n<p>&nbsp;<\/p>\n<p>NELLE FOTO (Zanfron e riproduzioni dal libro \u201cSelva di Cadore come era\u201d): la copertina del volume con uno scorcio di Selva di Cadore verso la fine del 1800; il presidente dell\u2019Associazione stampa bellunese, Renato Bona, porta il saluto in occasione dei 70 anni de L\u2019Amico del Popolo\u201d diretto allora da don Lorenzo Dell\u2019Andrea (sulla destra); piazza San Lorenzo alla fine del XIX secolo (raccolta Aristide Bonifacio); Selva di Cadore nei primi anni del 1900; panoramica del paese nel primo dopoguerra; in primo piano il villaggio di Fiorentina abbandonato dopo l\u2019alluvione del 1966; Selva di Cadore verso l\u2019Averau; anni \u201930, sullo sfondo, verso la Marmolada, Pian e Colle Santa Lucia; da Zardin si vedono, sotto la chiesa i villaggi di Villa e Foppa; scorcio di Villa, in primo piano la casa di Ettore Zulian Gras \u201camerik\u00e0n\u201d; piazza San Lorenzo negli Anni \u201920; la strada che dalla Passadora portava a Rova; Marin negli anni \u201930; Zernadoi e Bernart negli anni \u201930 con i caratteristici fienili; Mortize negli anni \u201960; l\u2019Andria nel 1975; Toffol visto dalla \u2018barkonela del tabie de la Giustina de Tofol\u2019; Santa Fosca verso la fine degli anni 30; la stessa frazione nel 1954, in primo piano l\u2019Istituto elioterapico in via di completamento<\/p>\n<p>&nbsp;<\/p>\n<p>&nbsp;<\/p>\n<hr \/>\n<p>&nbsp;<\/p>\n<blockquote>\n<h3>IL CEIS DI BELLUNO CERCA 10 VOLONTARI<\/h3>\n<\/blockquote>\n<p><strong>BELLUNO <\/strong>Il Centro Italiano di Solidariet\u00e0 di Belluno \u00e8 ACCREDITATO PER IL SERVIZIO CIVILE UNIVERSALE e seleziona 10 volontari da impiegare nel progetto \u201cABBRACCIO-percorso di contrasto alle dipendenze\u201d. Disponibili 10 posti in 5 sedi in provincia di Belluno. Il Servizio prevede l\u2019inserimento nelle Comunit\u00e0 Terapeutiche (Comune di Belluno) per persone con problemi di dipendenza da sostanze d\u2019abuso o nel settore di progettazione sociale e inserimento lavorativo di Ce.I.S. e della Cooperativa Sociale Integra (Comune di Belluno e Sospirolo).\u00a0 Nel sito <a href=\"http:\/\/www.serviziocivile.gov.it\/\">www.serviziocivile.gov.it<\/a> \u201csezione volontari\u201d ci sono le informazioni e la possibilit\u00e0 di leggere e scaricare il bando. Le domande devono essere presentate entro il 26 gennaio 2022.<\/p>\n<p>&nbsp;<\/p>\n<p>&nbsp;<\/p>\n<hr \/>\n<p>&nbsp;<\/p>\n<blockquote>\n<h3>LA COOP CADORE CERCA UN VICE RESPONSABILE Candidature entro il 10 gennaio 2022<\/h3>\n<\/blockquote>\n<p><strong>CADORE<\/strong> La cooperativa alla ricerca di una nuova figura per il settore pulizie, sanificazione e igienizzazione.\u00a0 L&#8217;avviso completo \u00e8 disponibile sulla pagina Facebook della Cadore s.c.s. e presto anche sul sito Internet della cooperativa (www.cadorescs.com). Gli interessati potranno inviare il proprio curriculum entro le 12 del 10 gennaio all\u2019indirizzo mail segreteria@cadorescs.com ; il CV potr\u00e0 anche essere consegnato a mano alla Segreteria nella sede amministrativa di Pieve di Cadore.<\/p>\n<p>&nbsp;<\/p>\n<p>&nbsp;<\/p>\n<hr \/>\n<blockquote>\n<h3><\/h3>\n<h3>VALPE CONSEGNA GLI ECOCALENDARI 2022 A SEDICO E NELL&#8217;AGORDINO<\/h3>\n<\/blockquote>\n<p><strong>AGORDO-SEDICO<\/strong>\u00a0 In questi giorni i nuovi calendari per l\u2019anno 2022 sono in consegna nelle case di tutti gli utenti di Sedico e dell\u2019Unione Montana Agordina. I nuovi calendari sono disponibili\u00a0 anche nel sito www.valpeambiente.it.<\/p>\n<p>&nbsp;<\/p>\n<p>&nbsp;<\/p>\n<hr \/>\n<p>&nbsp;<\/p>\n<blockquote>\n<h3>I PRESEPI DEI COLMIEI A CANALE D&#8217;AGORDO<\/h3>\n<\/blockquote>\n<p><strong>CANALE D&#8217;AGORDO<\/strong> Anche quest&#8217;anno la Pro Loco di Canale d&#8217;Agordo propone l&#8217;iniziativa &#8220;I Presepi dei Colmi\u00e9i&#8221;, una passeggiata lungo le vie di Canale d&#8217;Agordo e frazioni alla scoperta dei presepi realizzati secondo la creativit\u00e0 e la fantasia della comunit\u00e0. <u>Votare \u00e8 semplice:<\/u> basta mettere un &#8220;like&#8221; dalla nostra pagina Facebook Pro Loco Canale d&#8217;Agordo sul post del presepe che pi\u00f9 Vi piace oppure segnalare la Vostra preferenza presso il nostro ufficio al Museo Albino Luciani.\u00a0 Il presepe pi\u00f9 bello verr\u00e0 premiato!<\/p>\n<p><strong>LA MAPPA DEI PRESEPI<\/strong><\/p>\n<a href=\"https:\/\/www.radiopiu.net\/wordpress\/wp-content\/uploads\/2021\/12\/Presepi-dei-Colmie\u0301i-2021.pdf\" class=\"pdfemb-viewer\" style=\"\" data-width=\"max\" data-height=\"max\" data-toolbar=\"top\" data-toolbar-fixed=\"on\">Presepi dei Colmie\u0301i 2021<\/a>\n<p>&nbsp;<\/p>\n<p>&nbsp;<\/p>\n<hr \/>\n<p>&nbsp;<\/p>\n<blockquote>\n<h3>ANNULLATO IL CONCERTO DI VOCI IN VALLE SUL NEVEGAL<\/h3>\n<\/blockquote>\n<p><strong><a href=\"https:\/\/www.radiopiu.net\/wordpress\/giornale-radiopiu-27-dicembre-2021-direttore-mirko-mezzacasa\/amici-del-nevegal-foto-darchivio\/\" rel=\"attachment wp-att-250182\"><img loading=\"lazy\" decoding=\"async\" class=\" wp-image-250182 alignleft\" src=\"https:\/\/www.radiopiu.net\/wordpress\/wp-content\/uploads\/2021\/12\/Amici-del-Nevegal-foto-darchivio-300x169.jpg\" alt=\"\" width=\"131\" height=\"74\" srcset=\"https:\/\/www.radiopiu.net\/wordpress\/wp-content\/uploads\/2021\/12\/Amici-del-Nevegal-foto-darchivio-300x169.jpg 300w, https:\/\/www.radiopiu.net\/wordpress\/wp-content\/uploads\/2021\/12\/Amici-del-Nevegal-foto-darchivio-768x432.jpg 768w, https:\/\/www.radiopiu.net\/wordpress\/wp-content\/uploads\/2021\/12\/Amici-del-Nevegal-foto-darchivio.jpg 960w\" sizes=\"auto, (max-width: 131px) 100vw, 131px\" \/><\/a>BELLUNO <\/strong>In considerazione della situazione di emergenza di questi ultimi giorni il gruppo corale \u201cVOCI IN VALLE\u201d di Sedico, d\u2019intesa con l\u2019Associazione \u201cAmici del Neveg\u00e0l\u201d organizzatrice della manifestazione, al fine di tutelare la salute di tutti comunica di avere ritenuto necessario annullare il concerto di gioved\u00ec 30 dicembre p.v. che si doveva tenere nel Santuario di Maria Immacolata Nostra Signora di Lourdes all\u2019Alpe del Neveg\u00e0l.<\/p>\n<p>&nbsp;<\/p>\n<p>&nbsp;<\/p>\n<hr \/>\n<p>&nbsp;<\/p>\n<blockquote>\n<h3>CONCERTO DI NATALE CON L&#8217;ORCHESTRA DOLOMITI SYNPHONIA E SILVIA TESSARI<\/h3>\n<\/blockquote>\n<p><span class=\"normaltextrun\"><a href=\"https:\/\/www.radiopiu.net\/wordpress\/giornale-radiopiu-24-dicembre-2021-direttore-mirko-mezzacasa\/foto-orchestra-dolomiti-symphonia-1\/\" rel=\"attachment wp-att-250104\"><img loading=\"lazy\" decoding=\"async\" class=\"size-medium wp-image-250104 alignleft\" src=\"https:\/\/www.radiopiu.net\/wordpress\/wp-content\/uploads\/2021\/12\/foto-orchestra-Dolomiti-Symphonia-1-300x172.jpg\" alt=\"\" width=\"300\" height=\"172\" srcset=\"https:\/\/www.radiopiu.net\/wordpress\/wp-content\/uploads\/2021\/12\/foto-orchestra-Dolomiti-Symphonia-1-300x172.jpg 300w, https:\/\/www.radiopiu.net\/wordpress\/wp-content\/uploads\/2021\/12\/foto-orchestra-Dolomiti-Symphonia-1-1024x588.jpg 1024w, https:\/\/www.radiopiu.net\/wordpress\/wp-content\/uploads\/2021\/12\/foto-orchestra-Dolomiti-Symphonia-1-768x441.jpg 768w, https:\/\/www.radiopiu.net\/wordpress\/wp-content\/uploads\/2021\/12\/foto-orchestra-Dolomiti-Symphonia-1-1536x883.jpg 1536w, https:\/\/www.radiopiu.net\/wordpress\/wp-content\/uploads\/2021\/12\/foto-orchestra-Dolomiti-Symphonia-1-2048x1177.jpg 2048w\" sizes=\"auto, (max-width: 300px) 100vw, 300px\" \/><\/a><strong>FALCADE<\/strong> Mercoled\u00ec, alle ore 21.00, nella chiesa parrocchiale di Falcade, l\u2019orchestra Dolomiti Symphonia (oltre trenta elementi), il direttore Delio Cassetta e la pianista Silvia Tessari aspetteranno il pubblico per dare il via al concerto per Dante Moro. Grazie ad un nutrito gruppo di sostenitori istituzionali e privati, l\u2019evento avr\u00e0 luogo quest\u2019anno \u2018dal vivo\u2019, secondo le norme del distanziamento, dell\u2019utilizzo di mascherine (obbligatorie le FFP2 secondo l\u2019ultima normativa), del green pass rafforzato. Ma sar\u00e0 protagonista la musica. Musica che stupisce, porta humour e straordinariet\u00e0, ritmo e freschezza, com\u2019\u00e8 quella del \u201cSuonatore\u201d del giovane inglese Robin Haigh, brano vincitore della quinta edizione del concorso Dante Moro, in prima esecuzione assoluta. Musica che invece trascina, incanta, affascina ed entusiasma, com\u2019\u00e8 quella celeberrima del primo concerto per pianoforte e orchestra di Tchaikovsky. L\u2019evento \u00e8 ad ingresso libero. Si raccomanda la prenotazione al numero 3478870898.<\/span><\/p>\n<p>&nbsp;<\/p>\n<hr \/>\n<p>&nbsp;<\/p>\n<blockquote>\n<h3>NADEL IGNANTER I TABIEI<\/h3>\n<\/blockquote>\n<p><strong>ROCCA PIETORE<\/strong> A Sottoguda a Natale ci saranno i mercatini tra le vie del paese, nei giorni 28 e 29 dicembre dalle 13 alle 19. Martedi 28 alle 16 &#8220;musica, neve e magia&#8221; con il concerto di Sara Stocco (voce) e Nella Hristova (pianoforte)<\/p>\n<p>&nbsp;<\/p>\n<p>&nbsp;<\/p>\n<hr \/>\n<p>&nbsp;<\/p>\n<blockquote>\n<h3>APERTURA INVERNALE DEL CASTELLO DI ANDRAZ<\/h3>\n<\/blockquote>\n<p><strong>LIVINALLONGO <\/strong>Normalmente d\u2019inverno il Castello di Andraz rimane chiuso al pubblico a causa delle grandi quantit\u00e0 di neve che interessano l\u2019area. Quest\u2019anno invece il meteo \u00e8 favorevole e quindi, solo per pochi giorni e per poche ore, il castello aprir\u00e0. Le visite (guidate e su prenotazione ma non particolarmente specialistiche e quindi accessibili a tutti) si concentreranno in particolare sulla figura di Nicol\u00f2 Cusano, vissuto al castello attorno alla met\u00e0 del XV secolo, che proprio qui ha compiuto studi in campo astronomico di notevole rilevanza. \u00c8 infatti in funzione gi\u00e0 da qualche settimana il foro utilizzato per gli studi sul solstizio d\u2019inverno: un\u2019occasione imperdibile. Le aperture straordinarie avverranno il 26 e 29 dicembre dalle 13 alle 15. Per prenotare la visita guidata 334 3346680. Informazioni su www.castellodiandraz.it<\/p>\n<p>&nbsp;<\/p>\n<p>&nbsp;<\/p>\n<hr \/>\n<p>&nbsp;<\/p>\n<blockquote>\n<h3>LA BIBLIOTECA DI LIMANA CHIUDE PER IL NATALE<\/h3>\n<\/blockquote>\n<p><strong>LIMANA <\/strong>La Biblioteca di Limana sar\u00e0 chiusa al pubblico nelle due vigilie del 24 e del 31 dicembre. Rimarr\u00e0 chiusa anche dal 3 al 7 gennaio 2022.<\/p>\n<p>&nbsp;<\/p>\n<p>&nbsp;<\/p>\n<hr \/>\n<p>&nbsp;<\/p>\n<blockquote>\n<h3>IL GIOCO DEL TEATRO CON DOLOMITI HUB<\/h3>\n<\/blockquote>\n<p><strong>FONZASO<\/strong> Il 27, 29 e 30 dicembre alla ex scuola elementare di Arten, Dolomiti Hub e Tib Teatro organizzano &#8220;Gioca teatro. Scopro elaboro imparo. Ingresso gratuito, <a href=\"https:\/\/webkolm.musvc2.net\/e\/t?q=7%3d1U7U9b%26q%3db%26n%3dUAW%26o%3dX7X2T%26z%3dBtLuM_rsXt_33_wuSr_70_rsXt_28iIlGrCtAmOb.Ay_LQuU_VfEt8uDt-Cs5wCzAtHe-Df6oJfNoJnI-tAgNe3yLo-6n7eEgLe-TEV1_JVwP_Tk_LQuU_WfMyG_sGzLc7_wuSr_88n72Ml7yNeJ_wuSr_7ZuLr_Ge6nOm_JVwP_Ui9m3nF_rsXt_2XzNm5a3f_5fGp3nAn_JVwP_Ui7oFk9r7sTa%266%3drOsNhV.n7y%26Cs%3dT9c6&amp;mupckp=mupAtu4m8OiX0wt\" target=\"_blank\" rel=\"noopener\"><u>iscrizione obbligatoria<\/u><\/a>.<\/p>\n<p>&nbsp;<\/p>\n<p>&nbsp;<\/p>\n<hr \/>\n<p>&nbsp;<\/p>\n<h2><span style=\"color: #ff0000;\">IERI ALLA RADIO\u00a0<\/span><\/h2>\n<h2><strong><a href=\"https:\/\/www.radiopiu.net\/wordpress\/laugurio-di-monsignor-giorgio-lise-agli-agordini\/don-giorgio-lise\/\" rel=\"attachment wp-att-177420\"><img loading=\"lazy\" decoding=\"async\" class=\"size-medium wp-image-177420 alignleft\" src=\"https:\/\/www.radiopiu.net\/wordpress\/wp-content\/uploads\/2020\/12\/DON-GIORGIO-LISE-300x169.jpg\" alt=\"\" width=\"300\" height=\"169\" srcset=\"https:\/\/www.radiopiu.net\/wordpress\/wp-content\/uploads\/2020\/12\/DON-GIORGIO-LISE-300x169.jpg 300w, https:\/\/www.radiopiu.net\/wordpress\/wp-content\/uploads\/2020\/12\/DON-GIORGIO-LISE-1024x577.jpg 1024w, https:\/\/www.radiopiu.net\/wordpress\/wp-content\/uploads\/2020\/12\/DON-GIORGIO-LISE-768x432.jpg 768w, https:\/\/www.radiopiu.net\/wordpress\/wp-content\/uploads\/2020\/12\/DON-GIORGIO-LISE-1536x865.jpg 1536w, https:\/\/www.radiopiu.net\/wordpress\/wp-content\/uploads\/2020\/12\/DON-GIORGIO-LISE.jpg 1600w\" sizes=\"auto, (max-width: 300px) 100vw, 300px\" \/><\/a><\/strong><span style=\"color: #800080;\">DUE MINUTI PER TE<\/span><\/h2>\n<p><strong>Appuntamento della domenica con Don Giorgio Lise<\/strong><\/p>\n<audio class=\"wp-audio-shortcode\" id=\"audio-250172-4\" preload=\"none\" style=\"width: 100%;\" controls=\"controls\"><source type=\"audio\/mpeg\" src=\"https:\/\/www.radiopiu.net\/wordpress\/wp-content\/uploads\/2021\/12\/DON-GIORGIO-SANTO-STEFANO.mp3?_=4\" \/><a href=\"https:\/\/www.radiopiu.net\/wordpress\/wp-content\/uploads\/2021\/12\/DON-GIORGIO-SANTO-STEFANO.mp3\">https:\/\/www.radiopiu.net\/wordpress\/wp-content\/uploads\/2021\/12\/DON-GIORGIO-SANTO-STEFANO.mp3<\/a><\/audio>\n<p>&nbsp;<\/p>\n<hr \/>\n<p>&nbsp;<\/p>\n<p>&nbsp;<\/p>\n<blockquote class=\"wp-embedded-content\" data-secret=\"IkJlrTmJyH\"><p><a href=\"https:\/\/www.radiopiu.net\/wordpress\/zeloa\/\">MONTE CELO (ZELO) ED ALPENFESTUNG  ARTICOLO COMPLETO IN TRE PARTI<\/a><\/p><\/blockquote>\n<p><iframe loading=\"lazy\" class=\"wp-embedded-content\" sandbox=\"allow-scripts\" security=\"restricted\" style=\"position: absolute; clip: rect(1px, 1px, 1px, 1px);\" title=\"&#8220;MONTE CELO (ZELO) ED ALPENFESTUNG  ARTICOLO COMPLETO IN TRE PARTI&#8221; &#8212; Radio Pi\u00f9\" src=\"https:\/\/www.radiopiu.net\/wordpress\/zeloa\/embed\/#?secret=IkJlrTmJyH\" data-secret=\"IkJlrTmJyH\" width=\"600\" height=\"338\" frameborder=\"0\" marginwidth=\"0\" marginheight=\"0\" scrolling=\"no\"><\/iframe><\/p>\n<p>&nbsp;<\/p>\n<p>&nbsp;<\/p>\n<hr \/>\n<p>&nbsp;<\/p>\n<div>\n<div class=\"b654a4as d2edcug0\">\n<div class=\"rq0escxv hkbzh7o3 jwdofwj8 n8tt0mok r8blr3vg hyh9befq\">\n<p><a class=\"dt-pswp-item\" href=\"https:\/\/www.radiopiu.net\/wordpress\/wp-content\/uploads\/2020\/10\/pp.jpg\" data-dt-img-description=\"\" data-large_image_width=\"640\" data-large_image_height=\"640\"><img loading=\"lazy\" decoding=\"async\" class=\"wp-image-163678 alignleft\" src=\"https:\/\/www.radiopiu.net\/wordpress\/wp-content\/uploads\/2020\/10\/pp-300x300.jpg\" alt=\"\" width=\"106\" height=\"106\" srcset=\"https:\/\/www.radiopiu.net\/wordpress\/wp-content\/uploads\/2020\/10\/pp-300x300.jpg 300w, https:\/\/www.radiopiu.net\/wordpress\/wp-content\/uploads\/2020\/10\/pp-150x150.jpg 150w, https:\/\/www.radiopiu.net\/wordpress\/wp-content\/uploads\/2020\/10\/pp-125x125.jpg 125w, https:\/\/www.radiopiu.net\/wordpress\/wp-content\/uploads\/2020\/10\/pp-200x200.jpg 200w, https:\/\/www.radiopiu.net\/wordpress\/wp-content\/uploads\/2020\/10\/pp-80x80.jpg 80w, https:\/\/www.radiopiu.net\/wordpress\/wp-content\/uploads\/2020\/10\/pp-480x480.jpg 480w, https:\/\/www.radiopiu.net\/wordpress\/wp-content\/uploads\/2020\/10\/pp.jpg 640w\" sizes=\"auto, (max-width: 106px) 100vw, 106px\" \/><\/a><\/p>\n<\/div>\n<\/div>\n<\/div>\n<div>\n<div class=\"page-title-head hgroup\">\n<div class=\"page-title-head hgroup\">\n<div class=\"b654a4as d2edcug0\">\n<div class=\"j83agx80 btwxx1t3 lhclo0ds hop8lmos nkwizq5d scwd0bx6 roh60bw9\">\n<div class=\"rq0escxv hkbzh7o3 jwdofwj8 n8tt0mok r8blr3vg hyh9befq\">\n<div class=\"do00u71z l9j0dhe7 k4urcfbm\">\n<h2><span style=\"color: #000080;\">DON CESARE, IL PENSIERO DEL GIORNO. ALLA RADIO ALLE 7 DEL MATTINO E ALLE 19.30 DELLA SERA.\u00a0\u00a0<\/span><\/h2>\n<p>&nbsp;<\/p>\n<\/div>\n<div class=\"do00u71z l9j0dhe7 k4urcfbm\">\n<audio class=\"wp-audio-shortcode\" id=\"audio-250172-5\" preload=\"none\" style=\"width: 100%;\" controls=\"controls\"><source type=\"audio\/mpeg\" src=\"https:\/\/www.radiopiu.net\/wordpress\/wp-content\/uploads\/2021\/12\/cesare-12.mp3?_=5\" \/><a href=\"https:\/\/www.radiopiu.net\/wordpress\/wp-content\/uploads\/2021\/12\/cesare-12.mp3\">https:\/\/www.radiopiu.net\/wordpress\/wp-content\/uploads\/2021\/12\/cesare-12.mp3<\/a><\/audio>\n<p>&nbsp;<\/p>\n<hr \/>\n<p>&nbsp;<\/p>\n<blockquote class=\"wp-embedded-content\" data-secret=\"s9S0o7CQUz\"><p><a href=\"https:\/\/www.radiopiu.net\/wordpress\/sestadisei\/\">LA VALLE AGORDINA &#8211; 320 anni dalla BOA del 1701  RACCONTO IN SEI PARTI<\/a><\/p><\/blockquote>\n<p><iframe loading=\"lazy\" class=\"wp-embedded-content\" sandbox=\"allow-scripts\" security=\"restricted\" style=\"position: absolute; clip: rect(1px, 1px, 1px, 1px);\" title=\"&#8220;LA VALLE AGORDINA &#8211; 320 anni dalla BOA del 1701  RACCONTO IN SEI PARTI&#8221; &#8212; Radio Pi\u00f9\" src=\"https:\/\/www.radiopiu.net\/wordpress\/sestadisei\/embed\/#?secret=s9S0o7CQUz\" data-secret=\"s9S0o7CQUz\" width=\"600\" height=\"338\" frameborder=\"0\" marginwidth=\"0\" marginheight=\"0\" scrolling=\"no\"><\/iframe><\/p>\n<p>&nbsp;<\/p>\n<hr \/>\n<p>&nbsp;<\/p>\n<div>\n<div class=\"page-title-head hgroup\">\n<div class=\"page-title-head hgroup\">\n<div class=\"b654a4as d2edcug0\">\n<div class=\"j83agx80 btwxx1t3 lhclo0ds hop8lmos nkwizq5d scwd0bx6 roh60bw9\">\n<div class=\"rq0escxv hkbzh7o3 jwdofwj8 n8tt0mok r8blr3vg hyh9befq\">\n<div class=\"do00u71z l9j0dhe7 k4urcfbm\">\n<div class=\"ecm0bbzt e5nlhep0 a8c37x1j\">\n<div class=\"kvgmc6g5 cxmmr5t8 oygrvhab hcukyx3x c1et5uql\">\n<div class=\"gmail-kvgmc6g5 gmail-cxmmr5t8 gmail-oygrvhab gmail-hcukyx3x gmail-c1et5uql gmail-ii04i59q\">\n<div class=\"page-title-head hgroup\">\n<div class=\"page-title-head hgroup\">\n<div class=\"b654a4as d2edcug0\">\n<div class=\"j83agx80 btwxx1t3 lhclo0ds hop8lmos nkwizq5d scwd0bx6 roh60bw9\">\n<div class=\"rq0escxv hkbzh7o3 jwdofwj8 n8tt0mok r8blr3vg hyh9befq\">\n<div class=\"do00u71z l9j0dhe7 k4urcfbm\">\n<p>&nbsp;<\/p>\n<h3 class=\"kvgmc6g5 cxmmr5t8 oygrvhab hcukyx3x c1et5uql\"><span style=\"color: #0000ff;\"><strong><a href=\"https:\/\/www.radiopiu.net\/wordpress\/riaperts\/immagine-racconti-di-natale\/\" rel=\"attachment wp-att-247743\"><img loading=\"lazy\" decoding=\"async\" class=\"wp-image-247743 alignleft\" src=\"https:\/\/www.radiopiu.net\/wordpress\/wp-content\/uploads\/2021\/12\/immagine-racconti-di-natale-249x300.jpg\" alt=\"\" width=\"90\" height=\"108\" srcset=\"https:\/\/www.radiopiu.net\/wordpress\/wp-content\/uploads\/2021\/12\/immagine-racconti-di-natale-249x300.jpg 249w, https:\/\/www.radiopiu.net\/wordpress\/wp-content\/uploads\/2021\/12\/immagine-racconti-di-natale-768x925.jpg 768w, https:\/\/www.radiopiu.net\/wordpress\/wp-content\/uploads\/2021\/12\/immagine-racconti-di-natale.jpg 771w\" sizes=\"auto, (max-width: 90px) 100vw, 90px\" \/><\/a>INFORMAZIONE il canale su TELEGRAM informazione di prima mano e in tempo reale. iscriviti ed aiutaci a farlo conoscere\u00a0<\/strong><\/span><\/h3>\n<blockquote>\n<h3><span style=\"color: #ff0000;\">I RACCONTI DI NATALE DI LUISA ALCHINI, DA MARTEDI AL 24 DICEMBRE TUTTI I GIORNI ALLE 10.05 E ALLE 20.20&#8230; SU RADIO PIU<\/span><\/h3>\n<\/blockquote>\n<p><strong>RACCONTO 1 14 DICEMBRE<\/strong><\/p>\n<audio class=\"wp-audio-shortcode\" id=\"audio-250172-6\" preload=\"none\" style=\"width: 100%;\" controls=\"controls\"><source type=\"audio\/mpeg\" src=\"https:\/\/www.radiopiu.net\/wordpress\/wp-content\/uploads\/2021\/12\/14.mp3?_=6\" \/><a href=\"https:\/\/www.radiopiu.net\/wordpress\/wp-content\/uploads\/2021\/12\/14.mp3\">https:\/\/www.radiopiu.net\/wordpress\/wp-content\/uploads\/2021\/12\/14.mp3<\/a><\/audio>\n<p><strong>RACCONTO 2 15 DICEMBRE\u00a0<\/strong><\/p>\n<audio class=\"wp-audio-shortcode\" id=\"audio-250172-7\" preload=\"none\" style=\"width: 100%;\" controls=\"controls\"><source type=\"audio\/mpeg\" src=\"https:\/\/www.radiopiu.net\/wordpress\/wp-content\/uploads\/2021\/12\/15.mp3?_=7\" \/><a href=\"https:\/\/www.radiopiu.net\/wordpress\/wp-content\/uploads\/2021\/12\/15.mp3\">https:\/\/www.radiopiu.net\/wordpress\/wp-content\/uploads\/2021\/12\/15.mp3<\/a><\/audio>\n<p><strong>RACCONTO 3 16 DICEMBRE<\/strong><\/p>\n<audio class=\"wp-audio-shortcode\" id=\"audio-250172-8\" preload=\"none\" style=\"width: 100%;\" controls=\"controls\"><source type=\"audio\/mpeg\" src=\"https:\/\/www.radiopiu.net\/wordpress\/wp-content\/uploads\/2021\/12\/16.mp3?_=8\" \/><a href=\"https:\/\/www.radiopiu.net\/wordpress\/wp-content\/uploads\/2021\/12\/16.mp3\">https:\/\/www.radiopiu.net\/wordpress\/wp-content\/uploads\/2021\/12\/16.mp3<\/a><\/audio>\n<p><strong>RACCONTO 4 17 DICEMBRE<\/strong><\/p>\n<audio class=\"wp-audio-shortcode\" id=\"audio-250172-9\" preload=\"none\" style=\"width: 100%;\" controls=\"controls\"><source type=\"audio\/mpeg\" src=\"https:\/\/www.radiopiu.net\/wordpress\/wp-content\/uploads\/2021\/12\/17.mp3?_=9\" \/><a href=\"https:\/\/www.radiopiu.net\/wordpress\/wp-content\/uploads\/2021\/12\/17.mp3\">https:\/\/www.radiopiu.net\/wordpress\/wp-content\/uploads\/2021\/12\/17.mp3<\/a><\/audio>\n<p><strong>RACCONTO 5 18 DICEMBRE<\/strong><\/p>\n<audio class=\"wp-audio-shortcode\" id=\"audio-250172-10\" preload=\"none\" style=\"width: 100%;\" controls=\"controls\"><source type=\"audio\/mpeg\" src=\"https:\/\/www.radiopiu.net\/wordpress\/wp-content\/uploads\/2021\/12\/racconto-natale-sabato-18-dicembre.mp3?_=10\" \/><a href=\"https:\/\/www.radiopiu.net\/wordpress\/wp-content\/uploads\/2021\/12\/racconto-natale-sabato-18-dicembre.mp3\">https:\/\/www.radiopiu.net\/wordpress\/wp-content\/uploads\/2021\/12\/racconto-natale-sabato-18-dicembre.mp3<\/a><\/audio>\n<p><strong>RACCONTO 6 20 DICEMBRE\u00a0<\/strong><\/p>\n<audio class=\"wp-audio-shortcode\" id=\"audio-250172-11\" preload=\"none\" style=\"width: 100%;\" controls=\"controls\"><source type=\"audio\/mpeg\" src=\"https:\/\/www.radiopiu.net\/wordpress\/wp-content\/uploads\/2021\/12\/racconta-natale-lunedi-20-dcembre.mp3?_=11\" \/><a href=\"https:\/\/www.radiopiu.net\/wordpress\/wp-content\/uploads\/2021\/12\/racconta-natale-lunedi-20-dcembre.mp3\">https:\/\/www.radiopiu.net\/wordpress\/wp-content\/uploads\/2021\/12\/racconta-natale-lunedi-20-dcembre.mp3<\/a><\/audio>\n<p><strong>\u00a0RACCONTO 7 21 DICEMBRE\u00a0\u00a0<\/strong><\/p>\n<audio class=\"wp-audio-shortcode\" id=\"audio-250172-12\" preload=\"none\" style=\"width: 100%;\" controls=\"controls\"><source type=\"audio\/mpeg\" src=\"https:\/\/www.radiopiu.net\/wordpress\/wp-content\/uploads\/2021\/12\/racconti-natale-21-dicembre.mp3?_=12\" \/><a href=\"https:\/\/www.radiopiu.net\/wordpress\/wp-content\/uploads\/2021\/12\/racconti-natale-21-dicembre.mp3\">https:\/\/www.radiopiu.net\/wordpress\/wp-content\/uploads\/2021\/12\/racconti-natale-21-dicembre.mp3<\/a><\/audio>\n<p><strong>RACCONTO 8 22 DICEMBRE\u00a0<\/strong><\/p>\n<audio class=\"wp-audio-shortcode\" id=\"audio-250172-13\" preload=\"none\" style=\"width: 100%;\" controls=\"controls\"><source type=\"audio\/mpeg\" src=\"https:\/\/www.radiopiu.net\/wordpress\/wp-content\/uploads\/2021\/12\/racconto-natale-22-dicembre.mp3?_=13\" \/><a href=\"https:\/\/www.radiopiu.net\/wordpress\/wp-content\/uploads\/2021\/12\/racconto-natale-22-dicembre.mp3\">https:\/\/www.radiopiu.net\/wordpress\/wp-content\/uploads\/2021\/12\/racconto-natale-22-dicembre.mp3<\/a><\/audio>\n<p><strong>\u00a0RACCONTO 9 DEL 23 DICEMBRE\u00a0<\/strong><\/p>\n<audio class=\"wp-audio-shortcode\" id=\"audio-250172-14\" preload=\"none\" style=\"width: 100%;\" controls=\"controls\"><source type=\"audio\/mpeg\" src=\"https:\/\/www.radiopiu.net\/wordpress\/wp-content\/uploads\/2021\/12\/23.mp3?_=14\" \/><a href=\"https:\/\/www.radiopiu.net\/wordpress\/wp-content\/uploads\/2021\/12\/23.mp3\">https:\/\/www.radiopiu.net\/wordpress\/wp-content\/uploads\/2021\/12\/23.mp3<\/a><\/audio>\n<p><strong>RACCONTO 10 DEL 24 DICEMBRE<\/strong><\/p>\n<audio class=\"wp-audio-shortcode\" id=\"audio-250172-15\" preload=\"none\" style=\"width: 100%;\" controls=\"controls\"><source type=\"audio\/mpeg\" src=\"https:\/\/www.radiopiu.net\/wordpress\/wp-content\/uploads\/2021\/12\/24.mp3?_=15\" \/><a href=\"https:\/\/www.radiopiu.net\/wordpress\/wp-content\/uploads\/2021\/12\/24.mp3\">https:\/\/www.radiopiu.net\/wordpress\/wp-content\/uploads\/2021\/12\/24.mp3<\/a><\/audio>\n<p>&nbsp;<\/p>\n<hr \/>\n<blockquote>\n<h3><\/h3>\n<h3>IN VIVO VERSO, SETTIMA STAGIONE CON BRUNELLA MORO, DAL LUNEDI AL VENERDI ALLE 7.10, 10.10 E 18.50<\/h3>\n<\/blockquote>\n<p>&nbsp;<\/p>\n<p>&nbsp;<\/p>\n<p><strong>LA RACCOLTA COMPLETA\u00a0 \u00a0<\/strong><\/p>\n<blockquote class=\"wp-embedded-content\" data-secret=\"PFLmEAU9RX\"><p><a href=\"https:\/\/www.radiopiu.net\/wordpress\/in-vivo-verso\/\">In Vivo Verso<\/a><\/p><\/blockquote>\n<p><iframe loading=\"lazy\" class=\"wp-embedded-content\" sandbox=\"allow-scripts\" security=\"restricted\" style=\"position: absolute; clip: rect(1px, 1px, 1px, 1px);\" title=\"&#8220;In Vivo Verso&#8221; &#8212; Radio Pi\u00f9\" src=\"https:\/\/www.radiopiu.net\/wordpress\/in-vivo-verso\/embed\/#?secret=PFLmEAU9RX\" data-secret=\"PFLmEAU9RX\" width=\"600\" height=\"338\" frameborder=\"0\" marginwidth=\"0\" marginheight=\"0\" scrolling=\"no\"><\/iframe><\/p>\n<p>&nbsp;<\/p>\n<h3><strong>ALBERTO BARONI-BRUNELLA MORO<\/strong><\/h3>\n<p><iframe loading=\"lazy\" title=\"LA CAVALLA STORNA di Giovanni Pascoli\" width=\"1200\" height=\"675\" src=\"https:\/\/www.youtube.com\/embed\/pkAtucOuqQs?feature=oembed\" frameborder=\"0\" allow=\"accelerometer; autoplay; clipboard-write; encrypted-media; gyroscope; picture-in-picture\" allowfullscreen><\/iframe><\/p>\n<p>&nbsp;<\/p>\n<div>\n<div class=\"page-title-head hgroup\">\n<div class=\"page-title-head hgroup\">\n<div class=\"b654a4as d2edcug0\">\n<div class=\"j83agx80 btwxx1t3 lhclo0ds hop8lmos nkwizq5d scwd0bx6 roh60bw9\">\n<div class=\"rq0escxv hkbzh7o3 jwdofwj8 n8tt0mok r8blr3vg hyh9befq\">\n<div class=\"do00u71z l9j0dhe7 k4urcfbm\">\n<div class=\"ecm0bbzt e5nlhep0 a8c37x1j\">\n<div class=\"kvgmc6g5 cxmmr5t8 oygrvhab hcukyx3x c1et5uql\">\n<div class=\"gmail-kvgmc6g5 gmail-cxmmr5t8 gmail-oygrvhab gmail-hcukyx3x gmail-c1et5uql gmail-ii04i59q\">\n<div class=\"page-title-head hgroup\">\n<div class=\"page-title-head hgroup\">\n<div class=\"b654a4as d2edcug0\">\n<div class=\"j83agx80 btwxx1t3 lhclo0ds hop8lmos nkwizq5d scwd0bx6 roh60bw9\">\n<div class=\"rq0escxv hkbzh7o3 jwdofwj8 n8tt0mok r8blr3vg hyh9befq\">\n<div class=\"do00u71z l9j0dhe7 k4urcfbm\">\n<p>&nbsp;<\/p>\n<\/div>\n<\/div>\n<\/div>\n<\/div>\n<\/div>\n<\/div>\n<\/div>\n<\/div>\n<\/div>\n<\/div>\n<\/div>\n<\/div>\n<\/div>\n<\/div>\n<\/div>\n<\/div>\n<hr \/>\n<p>&nbsp;<\/p>\n<p><span style=\"color: #0000ff;\">MUSICA PIU&#8217;\u00a0<\/span><\/p>\n<p><a href=\"https:\/\/www.radiopiu.net\/wordpress\/giornale-radiopiu-20-settembre-2021-direttore-mirko-mezzacasa\/pp-79\/\" rel=\"attachment wp-att-232921\"><img loading=\"lazy\" decoding=\"async\" class=\"wp-image-232921 alignleft\" src=\"https:\/\/www.radiopiu.net\/wordpress\/wp-content\/uploads\/2021\/09\/pp-1-300x300.jpg\" alt=\"\" width=\"135\" height=\"135\" srcset=\"https:\/\/www.radiopiu.net\/wordpress\/wp-content\/uploads\/2021\/09\/pp-1-300x300.jpg 300w, https:\/\/www.radiopiu.net\/wordpress\/wp-content\/uploads\/2021\/09\/pp-1-150x150.jpg 150w, https:\/\/www.radiopiu.net\/wordpress\/wp-content\/uploads\/2021\/09\/pp-1.jpg 640w\" sizes=\"auto, (max-width: 135px) 100vw, 135px\" \/><\/a><\/p>\n<div class=\"mkdf-post-text\">\n<div class=\"mkdf-post-text-inner\">\n<div class=\"mkdf-post-text-main\">\n<div class=\"mkdf-post-text\">\n<div class=\"mkdf-post-text-inner\">\n<div class=\"mkdf-post-text-main\">\n<div class=\"mkdf-post-text\">\n<div class=\"mkdf-post-text-inner\">\n<div class=\"mkdf-post-text-main\">\n<div class=\"page-title-head hgroup\">\n<div class=\"page-title-head hgroup\">\n<div class=\"mkdf-post-text\">\n<div class=\"mkdf-post-text-inner\">\n<div class=\"mkdf-post-text-main\">\n<div class=\"mkdf-post-text\">\n<div class=\"mkdf-post-text-inner\">\n<div class=\"mkdf-post-text-main\">\n<div class=\"page-title-head hgroup\">\n<div class=\"page-title-head hgroup\">\n<div class=\"page-title-head hgroup\">\n<div class=\"page-title-head hgroup\">\n<div class=\"b654a4as d2edcug0\">\n<div class=\"page-title-head hgroup\">\n<div class=\"page-title-head hgroup\">\n<div class=\"page-title-head hgroup\">\n<div class=\"page-title-head hgroup\">\n<div class=\"b654a4as d2edcug0\">\n<div class=\"page-title-head hgroup\">\n<div class=\"page-title-head hgroup\">\n<div class=\"page-title-head hgroup\">\n<div class=\"page-title-head hgroup\">\n<div class=\"b654a4as d2edcug0\">\n<div class=\"mkdf-post-text\">\n<div class=\"mkdf-post-text-inner\">\n<div class=\"mkdf-post-text-main\">\n<div class=\"mkdf-post-text\">\n<div class=\"mkdf-post-text-inner\">\n<div class=\"mkdf-post-text-main\">\n<div class=\"mkdf-post-text\">\n<div class=\"mkdf-post-text-inner\">\n<div class=\"mkdf-post-text-main\">\n<div class=\"page-title-head hgroup\">\n<div class=\"page-title-head hgroup\">\n<div class=\"mkdf-post-text\">\n<div class=\"mkdf-post-text-inner\">\n<div class=\"mkdf-post-text-main\">\n<div class=\"mkdf-post-text\">\n<div class=\"mkdf-post-text-inner\">\n<div class=\"mkdf-post-text-main\">\n<div class=\"page-title-head hgroup\">\n<div class=\"page-title-head hgroup\">\n<div class=\"page-title-head hgroup\">\n<div class=\"page-title-head hgroup\">\n<div class=\"b654a4as d2edcug0\">\n<div class=\"page-title-head hgroup\">\n<div class=\"page-title-head hgroup\">\n<div class=\"page-title-head hgroup\">\n<div class=\"page-title-head hgroup\">\n<div class=\"b654a4as d2edcug0\">\n<div class=\"page-title-head hgroup\">\n<div class=\"page-title-head hgroup\">\n<div class=\"page-title-head hgroup\">\n<div class=\"page-title-head hgroup\">\n<div class=\"b654a4as d2edcug0\">\n<div><\/div>\n<div><\/div>\n<div>\n<p><strong>MUSICA ALLA RADIO, IL PROGRAMMA DI LORIS SCUSSEL &#8220;COLLAGE OPERAZIONE NOSTALGIA&#8221; DAL LUNEDI AL VENERDI ALLE 16.00\u00a0 E ALLE 23\u00a0<\/strong><\/p>\n<\/div>\n<p>&nbsp;<\/p>\n<\/div>\n<\/div>\n<\/div>\n<\/div>\n<\/div>\n<\/div>\n<\/div>\n<\/div>\n<\/div>\n<\/div>\n<\/div>\n<\/div>\n<\/div>\n<\/div>\n<\/div>\n<\/div>\n<\/div>\n<\/div>\n<\/div>\n<\/div>\n<\/div>\n<\/div>\n<\/div>\n<\/div>\n<\/div>\n<\/div>\n<\/div>\n<\/div>\n<\/div>\n<\/div>\n<\/div>\n<\/div>\n<\/div>\n<\/div>\n<\/div>\n<\/div>\n<\/div>\n<\/div>\n<\/div>\n<\/div>\n<\/div>\n<\/div>\n<\/div>\n<\/div>\n<\/div>\n<\/div>\n<\/div>\n<\/div>\n<\/div>\n<\/div>\n<\/div>\n<\/div>\n<\/div>\n<\/div>\n<\/div>\n<\/div>\n<\/div>\n<\/div>\n<\/div>\n<\/div>\n<\/div>\n<\/div>\n<\/div>\n<\/div>\n<p>&nbsp;<\/p>\n<p><strong><a href=\"https:\/\/www.radiopiu.net\/wordpress\/ultime-puntate-del-2021-di-collage-operazione-nostalgia\/lucio-dalla\/\" rel=\"attachment wp-att-250246\"><img loading=\"lazy\" decoding=\"async\" class=\" wp-image-250246 alignleft\" src=\"https:\/\/www.radiopiu.net\/wordpress\/wp-content\/uploads\/2021\/12\/Lucio-Dalla.jpg\" alt=\"\" width=\"260\" height=\"156\" \/><\/a>di Loris Scussel<\/strong><\/p>\n<p>Nella settimana che chiude un anno difficile come il 2021 prosegue la programmazione di Collage tra canzoni italiane ed internazionali e la consueta alternanza di artisti pi\u00f9 o meno famosi, con la volont\u00e0 di tenere un po\u2019 di compagnia ai nostri ascoltatori e la speranza che qualche brano ci possa aiutare a rievocare ricordi possibilmente piacevoli che aiutino a sorridere in un periodo in cui se ne sente particolarmente il bisogno. Il programma va in onda dal luned\u00ec al venerd\u00ec alle 16,00 e alle 23,00, buon ascolto!<\/p>\n<p>&nbsp;<\/p>\n<hr \/>\n<p>&nbsp;<\/p>\n<p>&nbsp;<\/p>\n<blockquote class=\"wp-embedded-content\" data-secret=\"xAXYfn2egH\"><p><a href=\"https:\/\/www.radiopiu.net\/wordpress\/freemix-la-liberta-musicale-mixata-da-dj-athos-e-raccontata-da-dj-jack\/\">FREEMIX, LA LIBERTA&#8217; MUSICALE MIXATA DA DJ ATHOS E RACCONTATA DA DJ JACK<\/a><\/p><\/blockquote>\n<p><iframe loading=\"lazy\" class=\"wp-embedded-content\" sandbox=\"allow-scripts\" security=\"restricted\" style=\"position: absolute; clip: rect(1px, 1px, 1px, 1px);\" title=\"&#8220;FREEMIX, LA LIBERTA&#8217; MUSICALE MIXATA DA DJ ATHOS E RACCONTATA DA DJ JACK&#8221; &#8212; Radio Pi\u00f9\" src=\"https:\/\/www.radiopiu.net\/wordpress\/freemix-la-liberta-musicale-mixata-da-dj-athos-e-raccontata-da-dj-jack\/embed\/#?secret=xAXYfn2egH\" data-secret=\"xAXYfn2egH\" width=\"600\" height=\"338\" frameborder=\"0\" marginwidth=\"0\" marginheight=\"0\" scrolling=\"no\"><\/iframe><\/p>\n<p>&nbsp;<\/p>\n<blockquote class=\"wp-embedded-content\" data-secret=\"uGu8XEK9az\"><p><a href=\"https:\/\/www.radiopiu.net\/wordpress\/da-ieri-alla-radio-in-palinsesto-loris-e-maurizio-con-la-grande-musica\/\">IL BLUES ALLA RADIO &#8230; COME NON L&#8217;AVETE MAI SENTITO PRIMA<\/a><\/p><\/blockquote>\n<p><iframe loading=\"lazy\" class=\"wp-embedded-content\" sandbox=\"allow-scripts\" security=\"restricted\" style=\"position: absolute; clip: rect(1px, 1px, 1px, 1px);\" title=\"&#8220;IL BLUES ALLA RADIO &#8230; COME NON L&#8217;AVETE MAI SENTITO PRIMA&#8221; &#8212; Radio Pi\u00f9\" src=\"https:\/\/www.radiopiu.net\/wordpress\/da-ieri-alla-radio-in-palinsesto-loris-e-maurizio-con-la-grande-musica\/embed\/#?secret=uGu8XEK9az\" data-secret=\"uGu8XEK9az\" width=\"600\" height=\"338\" frameborder=\"0\" marginwidth=\"0\" marginheight=\"0\" scrolling=\"no\"><\/iframe><\/p>\n<p>&nbsp;<\/p>\n<hr \/>\n<p>&nbsp;<\/p>\n<blockquote>\n<h3><span style=\"color: #0000ff;\">INFORMAZIONE il canale su TELEGRAM informazione di prima mano e in tempo reale. iscriviti ed aiutaci a farlo conoscere\u00a0\u00a0<\/span><\/h3>\n<\/blockquote>\n<div>\n<div class=\"page-title-head hgroup\">\n<div class=\"page-title-head hgroup\">\n<div class=\"page-title-head hgroup\">\n<div class=\"page-title-head hgroup\">\n<div class=\"b654a4as d2edcug0\">\n<div class=\"page-title-head hgroup\">\n<div class=\"page-title-head hgroup\">\n<div class=\"page-title-head hgroup\">\n<div class=\"page-title-head hgroup\">\n<div class=\"b654a4as d2edcug0\">\n<div class=\"page-title-head hgroup\">\n<div class=\"page-title-head hgroup\">\n<div class=\"page-title-head hgroup\">\n<div class=\"page-title-head hgroup\">\n<div class=\"page-title-head hgroup\">\n<div class=\"page-title-head hgroup\">\n<div class=\"page-title-head hgroup\">\n<div class=\"page-title-head hgroup\">\n<div class=\"page-title-head hgroup\">\n<div class=\"b654a4as d2edcug0\">\n<div class=\"page-title-head hgroup\">\n<div class=\"page-title-head hgroup\">\n<div class=\"page-title-head hgroup\">\n<div class=\"page-title-head hgroup\">\n<div class=\"b654a4as d2edcug0\">\n<div>\n<p>&nbsp;<\/p>\n<\/div>\n<div>\n<div class=\"page-title-head hgroup\">\n<div class=\"page-title-head hgroup\">\n<div class=\"page-title-head hgroup\">\n<div class=\"page-title-head hgroup\">\n<div class=\"page-title-head hgroup\">\n<div class=\"b654a4as d2edcug0\">\n<div>\n<hr \/>\n<\/div>\n<\/div>\n<div>\n<div>\n<p>&nbsp;<\/p>\n<\/div>\n<div>\n<div>\n<p>&nbsp;<\/p>\n<\/div>\n<div>\n<div>\n<p><strong>DUE MINUTI UN LIBRO, TUTTI I GIORNI ALLA RADIO ALLE 9.40 E ALLE 17.50<\/strong><\/p>\n<div>\n<div>\n<p><strong>LA RACCOLTA COMPLETA\u00a0\u00a0<\/strong><\/p>\n<\/div>\n<div>\n<blockquote class=\"wp-embedded-content\" data-secret=\"NB4HNvWLhm\"><p><a href=\"https:\/\/www.radiopiu.net\/wordpress\/due-minuti-un-libro\/\">Due minuti un libro<\/a><\/p><\/blockquote>\n<p><iframe loading=\"lazy\" class=\"wp-embedded-content\" sandbox=\"allow-scripts\" security=\"restricted\" style=\"position: absolute; clip: rect(1px, 1px, 1px, 1px);\" title=\"&#8220;Due minuti un libro&#8221; &#8212; Radio Pi\u00f9\" src=\"https:\/\/www.radiopiu.net\/wordpress\/due-minuti-un-libro\/embed\/#?secret=NB4HNvWLhm\" data-secret=\"NB4HNvWLhm\" width=\"600\" height=\"338\" frameborder=\"0\" marginwidth=\"0\" marginheight=\"0\" scrolling=\"no\"><\/iframe><\/p>\n<\/div>\n<\/div>\n<\/div>\n<div class=\"mkdf-post-text\">\n<div class=\"mkdf-post-text-inner\">\n<div class=\"mkdf-post-text-main\">\n<div class=\"mkdf-post-text\">\n<div class=\"mkdf-post-text-inner\">\n<div class=\"mkdf-post-text-main\">\n<div class=\"mkdf-post-text\">\n<div class=\"mkdf-post-text-inner\">\n<div class=\"mkdf-post-text-main\">\n<div class=\"page-title-head hgroup\">\n<div class=\"page-title-head hgroup\">\n<div class=\"mkdf-post-text\">\n<div class=\"mkdf-post-text-inner\">\n<div class=\"mkdf-post-text-main\">\n<div class=\"mkdf-post-text\">\n<div class=\"mkdf-post-text-inner\">\n<div class=\"mkdf-post-text-main\">\n<div class=\"page-title-head hgroup\">\n<div class=\"page-title-head hgroup\">\n<div class=\"page-title-head hgroup\">\n<div class=\"page-title-head hgroup\">\n<div class=\"b654a4as d2edcug0\">\n<div class=\"page-title-head hgroup\">\n<div class=\"page-title-head hgroup\">\n<div class=\"page-title-head hgroup\">\n<div class=\"page-title-head hgroup\">\n<div class=\"b654a4as d2edcug0\">\n<div class=\"page-title-head hgroup\">\n<div class=\"page-title-head hgroup\">\n<div class=\"page-title-head hgroup\">\n<div class=\"page-title-head hgroup\">\n<div class=\"b654a4as d2edcug0\">\n<div>\n<p>&nbsp;<\/p>\n<\/div>\n<div>\n<hr \/>\n<p>&nbsp;<\/p>\n<\/div>\n<h2><span style=\"color: #808000;\">L&#8217;ALMANACCO LADINO\u00a0\u00a0<\/span><\/h2>\n<p><strong>LA RACCOLTA<\/strong><\/p>\n<blockquote class=\"wp-embedded-content\" data-secret=\"OX7BksifGB\"><p><a href=\"https:\/\/www.radiopiu.net\/wordpress\/almanacco-ladino\/\">Almanacco Ladino<\/a><\/p><\/blockquote>\n<p><iframe loading=\"lazy\" class=\"wp-embedded-content\" sandbox=\"allow-scripts\" security=\"restricted\" style=\"position: absolute; clip: rect(1px, 1px, 1px, 1px);\" title=\"&#8220;Almanacco Ladino&#8221; &#8212; Radio Pi\u00f9\" src=\"https:\/\/www.radiopiu.net\/wordpress\/almanacco-ladino\/embed\/#?secret=OX7BksifGB\" data-secret=\"OX7BksifGB\" width=\"600\" height=\"338\" frameborder=\"0\" marginwidth=\"0\" marginheight=\"0\" scrolling=\"no\"><\/iframe><\/p>\n<p>&nbsp;<\/p>\n<hr \/>\n<p>&nbsp;<\/p>\n<h2><span style=\"color: #33cccc;\">LA RASSEGNA STAMPA DA L&#8217;AMICO DEL POPOLO<\/span><\/h2>\n<p><strong>LA RACCOLTA COMPLETA<\/strong><\/p>\n<blockquote class=\"wp-embedded-content\" data-secret=\"CIAd5B8FpT\"><p><a href=\"https:\/\/www.radiopiu.net\/wordpress\/rassegna-stampa-di-gianni-santomaso\/\">Rassegna stampa da l&#8217;amico del popolo &#8211; di Gianni Santomaso<\/a><\/p><\/blockquote>\n<p><iframe loading=\"lazy\" class=\"wp-embedded-content\" sandbox=\"allow-scripts\" security=\"restricted\" style=\"position: absolute; clip: rect(1px, 1px, 1px, 1px);\" title=\"&#8220;Rassegna stampa da l&#8217;amico del popolo &#8211; di Gianni Santomaso&#8221; &#8212; Radio Pi\u00f9\" src=\"https:\/\/www.radiopiu.net\/wordpress\/rassegna-stampa-di-gianni-santomaso\/embed\/#?secret=CIAd5B8FpT\" data-secret=\"CIAd5B8FpT\" width=\"600\" height=\"338\" frameborder=\"0\" marginwidth=\"0\" marginheight=\"0\" scrolling=\"no\"><\/iframe><\/p>\n<p>&nbsp;<\/p>\n<hr \/>\n<p>&nbsp;<\/p>\n<h2><span style=\"color: #800080;\">I RACCONTI DI PAOLO SOPPELSA<\/span><\/h2>\n<p><strong>LA RACCOLTA COMPLETA<\/strong><\/p>\n<blockquote class=\"wp-embedded-content\" data-secret=\"CfDSXQO8B3\"><p><a href=\"https:\/\/www.radiopiu.net\/wordpress\/i-racconti-di-paolo-soppelsa\/\">I racconti di Paolo Soppelsa<\/a><\/p><\/blockquote>\n<p><iframe loading=\"lazy\" class=\"wp-embedded-content\" sandbox=\"allow-scripts\" security=\"restricted\" style=\"position: absolute; clip: rect(1px, 1px, 1px, 1px);\" title=\"&#8220;I racconti di Paolo Soppelsa&#8221; &#8212; Radio Pi\u00f9\" src=\"https:\/\/www.radiopiu.net\/wordpress\/i-racconti-di-paolo-soppelsa\/embed\/#?secret=CfDSXQO8B3\" data-secret=\"CfDSXQO8B3\" width=\"600\" height=\"338\" frameborder=\"0\" marginwidth=\"0\" marginheight=\"0\" scrolling=\"no\"><\/iframe><\/p>\n<p>&nbsp;<\/p>\n<hr \/>\n<\/div>\n<div class=\"b654a4as d2edcug0\">\n<p>&nbsp;<\/p>\n<p><a href=\"https:\/\/www.radiopiu.net\/wordpress\/giornale-radiopiu-26-settembre-2018-direttore-mirko-mezzacasa\/viabilita-2\/\" rel=\"attachment wp-att-61954\"><img loading=\"lazy\" decoding=\"async\" class=\"aligncenter wp-image-61954 size-full\" src=\"https:\/\/www.radiopiu.net\/wordpress\/wp-content\/uploads\/2018\/09\/viabilita.jpeg\" sizes=\"auto, (max-width: 800px) 100vw, 800px\" srcset=\"https:\/\/www.radiopiu.net\/wordpress\/wp-content\/uploads\/2018\/09\/viabilita.jpeg 800w, https:\/\/www.radiopiu.net\/wordpress\/wp-content\/uploads\/2018\/09\/viabilita-300x38.jpeg 300w, https:\/\/www.radiopiu.net\/wordpress\/wp-content\/uploads\/2018\/09\/viabilita-768x96.jpeg 768w\" alt=\"\" width=\"800\" height=\"100\" \/><\/a><\/p>\n<div class=\"ecm0bbzt e5nlhep0 a8c37x1j\">\n<div class=\"kvgmc6g5 cxmmr5t8 oygrvhab hcukyx3x c1et5uql\">\n<div class=\"gmail-kvgmc6g5 gmail-cxmmr5t8 gmail-oygrvhab gmail-hcukyx3x gmail-c1et5uql gmail-ii04i59q\">\n<div class=\"page-title-head hgroup\">\n<div class=\"page-title-head hgroup\">\n<div class=\"b654a4as d2edcug0\">\n<div class=\"j83agx80 btwxx1t3 lhclo0ds hop8lmos nkwizq5d scwd0bx6 roh60bw9\">\n<div class=\"rq0escxv hkbzh7o3 jwdofwj8 n8tt0mok r8blr3vg hyh9befq\">\n<div class=\"do00u71z l9j0dhe7 k4urcfbm\">\n<div class=\"page-title-head hgroup\">\n<div class=\"page-title-head hgroup\">\n<div class=\"page-title-head hgroup\">\n<div class=\"page-title-head hgroup\">\n<div class=\"b654a4as d2edcug0\">\n<div class=\"page-title-head hgroup\">\n<div class=\"page-title-head hgroup\">\n<div class=\"page-title-head hgroup\">\n<div class=\"page-title-head hgroup\">\n<div class=\"b654a4as d2edcug0\">\n<div class=\"page-title-head hgroup\">\n<div class=\"page-title-head hgroup\">\n<div class=\"page-title-head hgroup\">\n<div class=\"page-title-head hgroup\">\n<div class=\"page-title-head hgroup\">\n<div class=\"page-title-head hgroup\">\n<div class=\"page-title-head hgroup\">\n<div class=\"page-title-head hgroup\">\n<div class=\"page-title-head hgroup\">\n<div class=\"b654a4as d2edcug0\">\n<div class=\"page-title-head hgroup\">\n<div class=\"page-title-head hgroup\">\n<div class=\"page-title-head hgroup\">\n<div class=\"page-title-head hgroup\">\n<div class=\"b654a4as d2edcug0\">\n<div class=\"page-title-head hgroup\">\n<div class=\"page-title-head hgroup\">\n<div class=\"page-title-head hgroup\">\n<div class=\"page-title-head hgroup\">\n<div class=\"page-title-head hgroup\">\n<div class=\"mkdf-post-text\">\n<div class=\"mkdf-post-text-inner\">\n<div class=\"mkdf-post-text-main\">\n<div class=\"mkdf-post-text\">\n<div class=\"mkdf-post-text-inner\">\n<div class=\"mkdf-post-text-main\">\n<div class=\"mkdf-post-text\">\n<div class=\"mkdf-post-text-inner\">\n<div class=\"mkdf-post-text-main\">\n<div class=\"page-title-head hgroup\">\n<div class=\"page-title-head hgroup\">\n<div class=\"mkdf-post-text\">\n<div class=\"mkdf-post-text-inner\">\n<div class=\"mkdf-post-text-main\">\n<div class=\"mkdf-post-text\">\n<div class=\"mkdf-post-text-inner\">\n<div class=\"mkdf-post-text-main\">\n<div class=\"page-title-head hgroup\">\n<div class=\"page-title-head hgroup\">\n<div class=\"page-title-head hgroup\">\n<div class=\"page-title-head hgroup\">\n<div class=\"b654a4as d2edcug0\">\n<div class=\"page-title-head hgroup\">\n<div class=\"page-title-head hgroup\">\n<div class=\"page-title-head hgroup\">\n<div class=\"page-title-head hgroup\">\n<div class=\"b654a4as d2edcug0\">\n<div class=\"page-title-head hgroup\">\n<div class=\"page-title-head hgroup\">\n<div class=\"page-title-head hgroup\">\n<div class=\"page-title-head hgroup\">\n<div class=\"b654a4as d2edcug0\">\n<div class=\"chat-input\">\n<div class=\"chat-input-container\">\n<div class=\"rows-wrapper chat-input-wrapper\">\n<div class=\"reply-wrapper\">\n<div class=\"btn-menu\">\n<div class=\"btn-menu-item tgico-replace rp\">\n<div class=\"c-ripple\">\n<div class=\"bubbles scrolled-down\">\n<div class=\"scrollable scrollable-y\">\n<div class=\"bubbles-inner has-rights is-chat is-channel\">\n<div class=\"bubbles-date-group\">\n<div class=\"bubble hide-name is-out can-have-tail is-group-first is-group-last is-read\" data-mid=\"5377294335\" data-peer-id=\"-1478820725\" data-timestamp=\"1638437407\">\n<div class=\"bubble-content-wrapper\">\n<div class=\"bubble-content\">\n<p class=\"message\" dir=\"auto\"><strong>\u00a0<\/strong><\/p>\n<\/div>\n<\/div>\n<\/div>\n<\/div>\n<\/div>\n<\/div>\n<\/div>\n<\/div>\n<\/div>\n<\/div>\n<\/div>\n<\/div>\n<\/div>\n<\/div>\n<\/div>\n<\/div>\n<\/div>\n<\/div>\n<\/div>\n<\/div>\n<\/div>\n<\/div>\n<\/div>\n<\/div>\n<\/div>\n<\/div>\n<\/div>\n<\/div>\n<\/div>\n<\/div>\n<\/div>\n<\/div>\n<\/div>\n<\/div>\n<\/div>\n<\/div>\n<\/div>\n<\/div>\n<\/div>\n<\/div>\n<\/div>\n<\/div>\n<\/div>\n<\/div>\n<\/div>\n<\/div>\n<\/div>\n<\/div>\n<\/div>\n<\/div>\n<\/div>\n<\/div>\n<\/div>\n<\/div>\n<\/div>\n<\/div>\n<\/div>\n<\/div>\n<\/div>\n<\/div>\n<\/div>\n<\/div>\n<\/div>\n<\/div>\n<\/div>\n<\/div>\n<\/div>\n<\/div>\n<\/div>\n<\/div>\n<\/div>\n<\/div>\n<\/div>\n<\/div>\n<\/div>\n<\/div>\n<\/div>\n<\/div>\n<\/div>\n<\/div>\n<\/div>\n<\/div>\n<\/div>\n<\/div>\n<\/div>\n<\/div>\n<\/div>\n<\/div>\n<\/div>\n<\/div>\n<\/div>\n<\/div>\n<\/div>\n<\/div>\n<\/div>\n<\/div>\n<\/div>\n<\/div>\n<\/div>\n<\/div>\n<\/div>\n<\/div>\n<\/div>\n<\/div>\n<\/div>\n<\/div>\n<\/div>\n<\/div>\n<\/div>\n<\/div>\n<\/div>\n<\/div>\n<\/div>\n<\/div>\n<\/div>\n<\/div>\n<\/div>\n<\/div>\n<\/div>\n<\/div>\n<\/div>\n<\/div>\n<\/div>\n<\/div>\n<\/div>\n<\/div>\n<\/div>\n<\/div>\n<\/div>\n<\/div>\n<\/div>\n<\/div>\n<\/div>\n<\/div>\n<\/div>\n<\/div>\n<\/div>\n<\/div>\n<\/div>\n<\/div>\n<\/div>\n<\/div>\n<\/div>\n<\/div>\n<\/div>\n<\/div>\n<\/div>\n<\/div>\n<\/div>\n<\/div>\n<\/div>\n<\/div>\n<\/div>\n<\/div>\n<\/div>\n<\/div>\n<\/div>\n<\/div>\n<\/div>\n<\/div>\n<\/div>\n<\/div>\n<\/div>\n<\/div>\n<\/div>\n<\/div>\n<\/div>\n<\/div>\n<div>\n<div class=\"page-title-head hgroup\">\n<div class=\"page-title-head hgroup\">\n<div class=\"b654a4as d2edcug0\">\n<div class=\"j83agx80 btwxx1t3 lhclo0ds hop8lmos nkwizq5d scwd0bx6 roh60bw9\">\n<div class=\"rq0escxv hkbzh7o3 jwdofwj8 n8tt0mok r8blr3vg hyh9befq\">\n<div class=\"do00u71z l9j0dhe7 k4urcfbm\">\n<div class=\"ecm0bbzt e5nlhep0 a8c37x1j\">\n<div class=\"kvgmc6g5 cxmmr5t8 oygrvhab hcukyx3x c1et5uql\">\n<div class=\"gmail-kvgmc6g5 gmail-cxmmr5t8 gmail-oygrvhab gmail-hcukyx3x gmail-c1et5uql gmail-ii04i59q\">\n<div class=\"page-title-head hgroup\">\n<div class=\"page-title-head hgroup\">\n<div class=\"b654a4as d2edcug0\">\n<div class=\"j83agx80 btwxx1t3 lhclo0ds hop8lmos nkwizq5d scwd0bx6 roh60bw9\">\n<div class=\"rq0escxv hkbzh7o3 jwdofwj8 n8tt0mok r8blr3vg hyh9befq\">\n<div class=\"do00u71z l9j0dhe7 k4urcfbm\">\n<div class=\"page-title-head hgroup\">\n<div class=\"page-title-head hgroup\">\n<div class=\"page-title-head hgroup\">\n<div class=\"page-title-head hgroup\">\n<div class=\"b654a4as d2edcug0\">\n<div class=\"page-title-head hgroup\">\n<div class=\"page-title-head hgroup\">\n<div class=\"page-title-head hgroup\">\n<div class=\"page-title-head hgroup\">\n<div class=\"b654a4as d2edcug0\">\n<div class=\"page-title-head hgroup\">\n<div class=\"page-title-head hgroup\">\n<div class=\"page-title-head hgroup\">\n<div class=\"page-title-head hgroup\">\n<div class=\"page-title-head hgroup\">\n<div class=\"page-title-head hgroup\">\n<div class=\"page-title-head hgroup\">\n<div class=\"page-title-head hgroup\">\n<div class=\"page-title-head hgroup\">\n<div class=\"b654a4as d2edcug0\">\n<div class=\"page-title-head hgroup\">\n<div class=\"page-title-head hgroup\">\n<div class=\"page-title-head hgroup\">\n<div class=\"page-title-head hgroup\">\n<div class=\"b654a4as d2edcug0\">\n<div class=\"page-title-head hgroup\">\n<div class=\"page-title-head hgroup\">\n<div class=\"page-title-head hgroup\">\n<div class=\"page-title-head hgroup\">\n<div class=\"page-title-head hgroup\">\n<div class=\"mkdf-post-text\">\n<div class=\"mkdf-post-text-inner\">\n<div class=\"mkdf-post-text-main\">\n<div class=\"mkdf-post-text\">\n<div class=\"mkdf-post-text-inner\">\n<div class=\"mkdf-post-text-main\">\n<div class=\"mkdf-post-text\">\n<div class=\"mkdf-post-text-inner\">\n<div class=\"mkdf-post-text-main\">\n<div class=\"page-title-head hgroup\">\n<div class=\"page-title-head hgroup\">\n<div class=\"mkdf-post-text\">\n<div class=\"mkdf-post-text-inner\">\n<div class=\"mkdf-post-text-main\">\n<div class=\"mkdf-post-text\">\n<div class=\"mkdf-post-text-inner\">\n<div class=\"mkdf-post-text-main\">\n<div class=\"page-title-head hgroup\">\n<div class=\"page-title-head hgroup\">\n<div class=\"page-title-head hgroup\">\n<div class=\"page-title-head hgroup\">\n<div class=\"b654a4as d2edcug0\">\n<div class=\"page-title-head hgroup\">\n<div class=\"page-title-head hgroup\">\n<div class=\"page-title-head hgroup\">\n<div class=\"page-title-head hgroup\">\n<div class=\"b654a4as d2edcug0\">\n<div class=\"page-title-head hgroup\">\n<div class=\"page-title-head hgroup\">\n<div class=\"page-title-head hgroup\">\n<div class=\"page-title-head hgroup\">\n<div class=\"b654a4as d2edcug0\">\n<div class=\"ecm0bbzt e5nlhep0 a8c37x1j\">\n<div class=\"kvgmc6g5 cxmmr5t8 oygrvhab hcukyx3x c1et5uql\">\n<div class=\"gmail-kvgmc6g5 gmail-cxmmr5t8 gmail-oygrvhab gmail-hcukyx3x gmail-c1et5uql gmail-ii04i59q\">\n<div class=\"page-title-head hgroup\">\n<div class=\"page-title-head hgroup\">\n<div class=\"b654a4as d2edcug0\">\n<div class=\"j83agx80 btwxx1t3 lhclo0ds hop8lmos nkwizq5d scwd0bx6 roh60bw9\">\n<div class=\"rq0escxv hkbzh7o3 jwdofwj8 n8tt0mok r8blr3vg hyh9befq\">\n<div class=\"do00u71z l9j0dhe7 k4urcfbm\">\n<div class=\"page-title-head hgroup\">\n<div class=\"page-title-head hgroup\">\n<div class=\"page-title-head hgroup\">\n<div class=\"page-title-head hgroup\">\n<div class=\"b654a4as d2edcug0\">\n<div class=\"page-title-head hgroup\">\n<div class=\"page-title-head hgroup\">\n<div class=\"page-title-head hgroup\">\n<div class=\"page-title-head hgroup\">\n<div class=\"b654a4as d2edcug0\">\n<div class=\"page-title-head hgroup\">\n<div class=\"page-title-head hgroup\">\n<div class=\"page-title-head hgroup\">\n<div class=\"page-title-head hgroup\">\n<div class=\"page-title-head hgroup\">\n<div class=\"page-title-head hgroup\">\n<div class=\"page-title-head hgroup\">\n<div class=\"page-title-head hgroup\">\n<div class=\"page-title-head hgroup\">\n<div class=\"b654a4as d2edcug0\">\n<div class=\"page-title-head hgroup\">\n<div class=\"page-title-head hgroup\">\n<div class=\"page-title-head hgroup\">\n<div class=\"page-title-head hgroup\">\n<div class=\"b654a4as d2edcug0\">\n<div class=\"page-title-head hgroup\">\n<div class=\"page-title-head hgroup\">\n<div class=\"page-title-head hgroup\">\n<div class=\"page-title-head hgroup\">\n<div class=\"page-title-head hgroup\">\n<div class=\"mkdf-post-text\">\n<div class=\"mkdf-post-text-inner\">\n<div class=\"mkdf-post-text-main\">\n<div class=\"mkdf-post-text\">\n<div class=\"mkdf-post-text-inner\">\n<div class=\"mkdf-post-text-main\">\n<div class=\"mkdf-post-text\">\n<div class=\"mkdf-post-text-inner\">\n<div class=\"mkdf-post-text-main\">\n<div class=\"page-title-head hgroup\">\n<div class=\"page-title-head hgroup\">\n<div class=\"mkdf-post-text\">\n<div class=\"mkdf-post-text-inner\">\n<div class=\"mkdf-post-text-main\">\n<div class=\"mkdf-post-text\">\n<div class=\"mkdf-post-text-inner\">\n<div class=\"mkdf-post-text-main\">\n<div class=\"page-title-head hgroup\">\n<div class=\"page-title-head hgroup\">\n<div class=\"page-title-head hgroup\">\n<div class=\"page-title-head hgroup\">\n<div class=\"b654a4as d2edcug0\">\n<div class=\"page-title-head hgroup\">\n<div class=\"page-title-head hgroup\">\n<div class=\"page-title-head hgroup\">\n<div class=\"page-title-head hgroup\">\n<div class=\"b654a4as d2edcug0\">\n<div class=\"page-title-head hgroup\">\n<div class=\"page-title-head hgroup\">\n<div class=\"page-title-head hgroup\">\n<div class=\"page-title-head hgroup\">\n<div class=\"b654a4as d2edcug0\">\n<blockquote class=\"wp-embedded-content\" data-secret=\"do9CjUFLK1\"><p><a href=\"https:\/\/www.radiopiu.net\/wordpress\/viabilita\/\">viabilita<\/a><\/p><\/blockquote>\n<p><iframe loading=\"lazy\" class=\"wp-embedded-content\" sandbox=\"allow-scripts\" security=\"restricted\" style=\"position: absolute; clip: rect(1px, 1px, 1px, 1px);\" title=\"&#8220;viabilita&#8221; &#8212; Radio Pi\u00f9\" src=\"https:\/\/www.radiopiu.net\/wordpress\/viabilita\/embed\/#?secret=do9CjUFLK1\" data-secret=\"do9CjUFLK1\" width=\"600\" height=\"338\" frameborder=\"0\" marginwidth=\"0\" marginheight=\"0\" scrolling=\"no\"><\/iframe><\/p>\n<p>&nbsp;<\/p>\n<hr \/>\n<p>&nbsp;<\/p>\n<\/div>\n<div class=\"b654a4as d2edcug0\">\n<div class=\"ecm0bbzt e5nlhep0 a8c37x1j\">\n<div class=\"kvgmc6g5 cxmmr5t8 oygrvhab hcukyx3x c1et5uql\">\n<div class=\"gmail-kvgmc6g5 gmail-cxmmr5t8 gmail-oygrvhab gmail-hcukyx3x gmail-c1et5uql gmail-ii04i59q\">\n<div>\n<div class=\"page-title-head hgroup\">\n<div class=\"page-title-head hgroup\">\n<div class=\"b654a4as d2edcug0\">\n<div class=\"j83agx80 btwxx1t3 lhclo0ds hop8lmos nkwizq5d scwd0bx6 roh60bw9\">\n<div class=\"rq0escxv hkbzh7o3 jwdofwj8 n8tt0mok r8blr3vg hyh9befq\">\n<div class=\"do00u71z l9j0dhe7 k4urcfbm\">\n<div>\n<div class=\"page-title-head hgroup\">\n<div class=\"page-title-head hgroup\">\n<div class=\"page-title-head hgroup\">\n<div class=\"page-title-head hgroup\">\n<div class=\"b654a4as d2edcug0\">\n<div class=\"page-title-head hgroup\">\n<div class=\"page-title-head hgroup\">\n<div class=\"page-title-head hgroup\">\n<div class=\"page-title-head hgroup\">\n<div class=\"b654a4as d2edcug0\">\n<div class=\"page-title-head hgroup\">\n<div class=\"page-title-head hgroup\">\n<div class=\"page-title-head hgroup\">\n<div class=\"page-title-head hgroup\">\n<div class=\"page-title-head hgroup\">\n<div class=\"mkdf-post-text\">\n<div class=\"mkdf-post-text-inner\">\n<div class=\"mkdf-post-text-main\">\n<div class=\"mkdf-post-text\">\n<div class=\"mkdf-post-text-inner\">\n<div class=\"mkdf-post-text-main\">\n<div class=\"mkdf-post-text\">\n<div class=\"mkdf-post-text-inner\">\n<div class=\"mkdf-post-text-main\">\n<div class=\"page-title-head hgroup\">\n<div class=\"page-title-head hgroup\">\n<div class=\"mkdf-post-text\">\n<div class=\"mkdf-post-text-inner\">\n<div class=\"mkdf-post-text-main\">\n<div class=\"mkdf-post-text\">\n<div class=\"mkdf-post-text-inner\">\n<div class=\"mkdf-post-text-main\">\n<div>\n<div class=\"page-title-head hgroup\">\n<div class=\"page-title-head hgroup\">\n<div>\n<div class=\"page-title-head hgroup\">\n<div class=\"page-title-head hgroup\">\n<div class=\"b654a4as d2edcug0\">\n<div>\n<div class=\"page-title-head hgroup\" style=\"text-align: left;\">\n<div class=\"page-title-head hgroup\">\n<div dir=\"auto\">\n<p><a class=\"dt-pswp-item pspw-wrap-ready\" href=\"https:\/\/i0.wp.com\/www.radiopiu.net\/wordpress\/wp-content\/uploads\/2018\/09\/WhatsApp-Image-2018-09-20-at-16.04.06.jpeg?ssl=1\" data-dt-img-description=\"\" data-large_image_width=\"800\" data-large_image_height=\"100\"><img loading=\"lazy\" decoding=\"async\" class=\"aligncenter wp-image-61378 size-full jetpack-lazy-image jetpack-lazy-image--handled\" src=\"https:\/\/i0.wp.com\/www.radiopiu.net\/wordpress\/wp-content\/uploads\/2018\/09\/WhatsApp-Image-2018-09-20-at-16.04.06.jpeg?resize=800%2C100&amp;ssl=1\" sizes=\"auto, (max-width: 800px) 100vw, 800px\" srcset=\"https:\/\/i0.wp.com\/www.radiopiu.net\/wordpress\/wp-content\/uploads\/2018\/09\/WhatsApp-Image-2018-09-20-at-16.04.06.jpeg?w=800&amp;ssl=1 800w, https:\/\/i0.wp.com\/www.radiopiu.net\/wordpress\/wp-content\/uploads\/2018\/09\/WhatsApp-Image-2018-09-20-at-16.04.06.jpeg?resize=300%2C38&amp;ssl=1 300w, https:\/\/i0.wp.com\/www.radiopiu.net\/wordpress\/wp-content\/uploads\/2018\/09\/WhatsApp-Image-2018-09-20-at-16.04.06.jpeg?resize=768%2C96&amp;ssl=1 768w\" alt=\"\" width=\"800\" height=\"100\" data-lazy-loaded=\"1\" \/><\/a><\/p>\n<\/div>\n<\/div>\n<\/div>\n<\/div>\n<\/div>\n<\/div>\n<\/div>\n<\/div>\n<\/div>\n<\/div>\n<\/div>\n<\/div>\n<\/div>\n<\/div>\n<\/div>\n<\/div>\n<\/div>\n<\/div>\n<\/div>\n<\/div>\n<\/div>\n<\/div>\n<\/div>\n<\/div>\n<\/div>\n<\/div>\n<\/div>\n<\/div>\n<\/div>\n<\/div>\n<\/div>\n<\/div>\n<\/div>\n<\/div>\n<\/div>\n<\/div>\n<\/div>\n<\/div>\n<\/div>\n<\/div>\n<\/div>\n<\/div>\n<\/div>\n<\/div>\n<p>&nbsp;<\/p>\n<\/div>\n<\/div>\n<\/div>\n<\/div>\n<\/div>\n<\/div>\n<\/div>\n<\/div>\n<\/div>\n<\/div>\n<\/div>\n<\/div>\n<\/div>\n<\/div>\n<\/div>\n<\/div>\n<\/div>\n<\/div>\n<\/div>\n<\/div>\n<\/div>\n<\/div>\n<\/div>\n<\/div>\n<\/div>\n<\/div>\n<\/div>\n<\/div>\n<\/div>\n<\/div>\n<\/div>\n<\/div>\n<\/div>\n<\/div>\n<\/div>\n<\/div>\n<\/div>\n<\/div>\n<\/div>\n<\/div>\n<\/div>\n<\/div>\n<\/div>\n<\/div>\n<\/div>\n<\/div>\n<\/div>\n<\/div>\n<\/div>\n<\/div>\n<\/div>\n<\/div>\n<\/div>\n<\/div>\n<\/div>\n<\/div>\n<\/div>\n<\/div>\n<\/div>\n<\/div>\n<\/div>\n<\/div>\n<\/div>\n<\/div>\n<\/div>\n<\/div>\n<\/div>\n<\/div>\n<\/div>\n<\/div>\n<\/div>\n<\/div>\n<\/div>\n<\/div>\n<\/div>\n<\/div>\n<\/div>\n<\/div>\n<\/div>\n<\/div>\n<\/div>\n<\/div>\n<\/div>\n<\/div>\n<\/div>\n<\/div>\n<\/div>\n<\/div>\n<\/div>\n<\/div>\n<\/div>\n<\/div>\n<\/div>\n<\/div>\n<\/div>\n<\/div>\n<\/div>\n<\/div>\n<\/div>\n<\/div>\n<\/div>\n<\/div>\n<\/div>\n<\/div>\n<\/div>\n<\/div>\n<\/div>\n<\/div>\n<\/div>\n<\/div>\n<\/div>\n<\/div>\n<\/div>\n<\/div>\n<\/div>\n<\/div>\n<\/div>\n<\/div>\n<\/div>\n<\/div>\n<\/div>\n<\/div>\n<\/div>\n<\/div>\n<\/div>\n<\/div>\n<\/div>\n<\/div>\n<\/div>\n<\/div>\n<\/div>\n<\/div>\n<\/div>\n<\/div>\n<\/div>\n<\/div>\n<\/div>\n<\/div>\n<\/div>\n<\/div>\n<\/div>\n<\/div>\n<\/div>\n<\/div>\n<\/div>\n<\/div>\n<\/div>\n<\/div>\n<\/div>\n<\/div>\n<\/div>\n<\/div>\n<\/div>\n<\/div>\n<\/div>\n<\/div>\n<\/div>\n<\/div>\n<\/div>\n<div>\n<p style=\"text-align: center;\"><strong>Lunedi 27<\/strong><\/p>\n<p><strong>Tempo atteso: <\/strong>Cielo generalmente nuvoloso o molto nuvoloso con possibili nubi basse e parziali riduzioni della visibilit\u00e0 in alcune valli prealpine nelle ore pi\u00f9 fredde.<br \/>\n<strong>Precipitazioni: <\/strong>Al mattino assenti (0%); lieve aumento della probabilit\u00e0 (10-20%) nel tardo pomeriggio\/sera, specie sulle zone prealpine centro-occidentali, per fenomeni ancora molto modesti e sporadici, eventualmente nevosi oltre 1100-1400 m; precipitazioni generalmente assenti sulle Dolomiti, salvo qualche sporadico fiocco fino a fondovalle.<br \/>\n<strong>Temperature: <\/strong>Temperature pressoch\u00e8 stazionarie o in ulteriore lieve calo, specie le minime nelle valli; ancora modesta escursione termica giornaliera. Su Prealpi a 1500 m min -2\u00b0C, max 2\u00b0C; a 2000 m min -3\u00b0C, max 0\u00b0C. Su Dolomiti a 2000 m min -3\u00b0C, max 0\u00b0C; a 3000 m min -9 \u00b0C, max -5\u00b0C.<br \/>\n<strong>Venti: <\/strong>Nelle valli deboli di direzione variabile; in quota deboli o moderati, a tratti tesi nel pomeriggio sulle Dolomiti, in prevalenza sud-occidentali, tendenti a divenire nord-occidentali a fine giornata, a 15-20 km\/h a 2000 m e a 15-30 km\/h a 3000 m.<\/p>\n<p style=\"text-align: center;\"><strong>Martedi 28<\/strong><\/p>\n<p><strong>Tempo atteso: <\/strong>Tempo pi\u00f9 soleggiato rispetto ai giorni precedenti, con cielo generalmente poco o parzialmente nuvoloso, specie al mattino; intensificazione graduale della nuvolosit\u00e0 nel corso del pomeriggio, con cielo generalmente molto nuvoloso verso sera e nella notte.<br \/>\n<strong>Precipitazioni: <\/strong>Assenti (0%), al mattino, probabilit\u00e0 in lieve aumento nella notte per fenomeni deboli e sparsi, nevosi oltre i 700-900 m sulle Dolomiti, oltre i 1400-1700 m sulle Prealpi.<br \/>\n<strong>Temperature: <\/strong>Temperature minime senza variazioni di rilievo o in lieve aumento, massime in generale aumento. Su Prealpi a 1500 m min -1\u00b0C, max 3\u00b0C; a 2000 m min -3\u00b0C, max 2\u00b0C. Su Dolomiti a 2000 m min -3\u00b0C, max 3\u00b0C; a 3000 m min -8 \u00b0C, max -3\u00b0C.<br \/>\n<strong>Venti: <\/strong>Nelle valli generalmente deboli di direzione variabile, in quota moderati o tesi in prevalenza da nord-ovest, in rinforzo a fine giornata, a 5-15 km\/h a 2000 m e a 20-30 km\/h a 3000 m.<\/p>\n<p style=\"text-align: center;\"><strong>Mercoledi 29<\/strong><\/p>\n<p>Giornata nuvolosa o molto nuvolosa soprattutto nell&#8217;area dolomitica dove non si esclude qualche modesta precipitazione, eventualmente nevosa oltre i 1600-1900 m. Temperature in aumento specie in alta montagna. Venti in quota tesi da nord-ovest in rinforzo fino a forti, specie sulle vette dolomitiche.<\/p>\n<p style=\"text-align: center;\"><strong>Giovedi 30<\/strong><\/p>\n<p>Salvo una residua nuvolosit\u00e0 nelle prime ore con eventuali sporadiche precipitazioni specie sulle Dolomiti, per il resto la giornata trascorrer\u00e0 all&#8217;insegna del tempo stabile e abbastanza soleggiato, con qualche nube innocua. Temperature in aumento a tutte le quote soprattutto le massime che inizieranno a portarsi su valori ben al di sopra della norma. In alta montagna il vento continuer\u00e0 a soffiare piuttosto forte da nord-ovest, soprattutto sulle vette dolomitiche. Aumento dell&#8217;inversione termica. Previsore: M.Padoan.<\/p>\n<p>&nbsp;<\/p>\n<hr \/>\n<p>&nbsp;<\/p>\n<p><a href=\"https:\/\/www.radiopiu.net\/wordpress\/giornale-radiopiu-15-settembre-2018-direttore-mirko-mezzacasa\/sport-7\/\" rel=\"attachment wp-att-60761\"><img loading=\"lazy\" decoding=\"async\" class=\"wp-image-60761 size-full aligncenter\" src=\"https:\/\/www.radiopiu.net\/wordpress\/wp-content\/uploads\/2018\/09\/sport.jpg\" alt=\"\" width=\"800\" height=\"100\" srcset=\"https:\/\/www.radiopiu.net\/wordpress\/wp-content\/uploads\/2018\/09\/sport.jpg 800w, https:\/\/www.radiopiu.net\/wordpress\/wp-content\/uploads\/2018\/09\/sport-300x38.jpg 300w, https:\/\/www.radiopiu.net\/wordpress\/wp-content\/uploads\/2018\/09\/sport-768x96.jpg 768w\" sizes=\"auto, (max-width: 800px) 100vw, 800px\" \/><\/a><\/p>\n<p>&nbsp;<\/p>\n<p><span style=\"color: #0000ff;\"><strong>HOCKEY SU GHIACCIO<\/strong><\/span><\/p>\n<blockquote>\n<h3>IL COMO NON SI PRESENTA AD ALLEGHE, DECIDERA&#8217; IL GIUDICE SPORTIVO<\/h3>\n<\/blockquote>\n<p><strong><a href=\"https:\/\/www.radiopiu.net\/wordpress\/gli-arbitri-dellhockey-su-ghiaccio-in-sciopero\/arbitro-hockey\/\" rel=\"attachment wp-att-101973\"><img loading=\"lazy\" decoding=\"async\" class=\"size-medium wp-image-101973 alignleft\" src=\"https:\/\/www.radiopiu.net\/wordpress\/wp-content\/uploads\/2019\/10\/ARBITRO-HOCKEY-300x300.jpeg\" alt=\"\" width=\"300\" height=\"300\" srcset=\"https:\/\/www.radiopiu.net\/wordpress\/wp-content\/uploads\/2019\/10\/ARBITRO-HOCKEY-300x300.jpeg 300w, https:\/\/www.radiopiu.net\/wordpress\/wp-content\/uploads\/2019\/10\/ARBITRO-HOCKEY-150x150.jpeg 150w, https:\/\/www.radiopiu.net\/wordpress\/wp-content\/uploads\/2019\/10\/ARBITRO-HOCKEY.jpeg 399w\" sizes=\"auto, (max-width: 300px) 100vw, 300px\" \/><\/a>ALLEGHE<\/strong> Niente hockey all\u2019Alvise De Toni di Alleghe. Nella giornata di Santo Stefano era in programma la partita valida per la IHL tra Alleghe e Como ma non si \u00e8 giocato. Tutto \u00e8 iniziato nella tarda serata di sabato quando la squadra lariana, tramite i suoi social, aveva preannunciato che la partita in programma ad Alleghe non si sarebbe giocata. La motivazione: alcuni giocatori del Como sono risultati positivi al Covid-19. Subito la richiesta inviata agli agordini e alla Federazione di rinviare la partita. Una lunga mattinata negli uffici di Via Lungolago in attesa di una risposta ufficiale dagli organi competenti sul da farsi tanto che alle 13:30 la dirigenza ha voluto informare tifosi e addetti ai lavori che la partita non veniva disputata. Alla fine, nessun rinvio da parte della federazione e quindi partita che non \u00e8 mai iniziata anche perch\u00e9 il Como non \u00e8 mai partito per il viaggio che lo avrebbe portato al De Toni di Alleghe. Allo stadio presenti i giocatori alleghesi con dirigenza ed arbitri per poi constatare che i lombardi non si presentavano e quindi la decisione ora va al giudice sportivo che nei prossimi giorni comunicher\u00e0 la sentenza. Una vera e propria replica di ci\u00f2 che \u00e8 successo ad inizio novembre del 2020. Le squadre erano le stesse, le vicende pure. All\u2019epoca i lariani non erano partiti a causa della situazione epidemiologica che aveva bloccato alcuni giocatori che non volevano giocare per paura del Covid. Oggi invece il Covid \u00e8 entrato negli spogliatoi della squadra lombarda e quindi si prospetta un finale di Regoular Season con dei rinvii, viste anche le 3 partite in una settimana.<\/p>\n<p>&nbsp;<\/p>\n<p>&nbsp;<\/p>\n<hr \/>\n<p>&nbsp;<\/p>\n<p><span style=\"color: #0000ff;\"><strong>CALCIO<\/strong><\/span><\/p>\n<blockquote>\n<h3>CALCIO FERMO FINO AL 23 GENNAIO. L&#8217;AUMENTO DEI CONTAGI PREOCCUPA LA FIGC<\/h3>\n<\/blockquote>\n<p><a href=\"https:\/\/www.radiopiu.net\/wordpress\/il-covid-ferma-il-fiori-barp-mas-un-positivo-in-squadra-e-partita-con-il-cordignano-saltata\/calcio-covid\/\" rel=\"attachment wp-att-165863\"><img loading=\"lazy\" decoding=\"async\" class=\"size-medium wp-image-165863 alignleft\" src=\"https:\/\/www.radiopiu.net\/wordpress\/wp-content\/uploads\/2020\/10\/CALCIO-COVID-e1605539350488-300x199.jpg\" alt=\"\" width=\"300\" height=\"199\" srcset=\"https:\/\/www.radiopiu.net\/wordpress\/wp-content\/uploads\/2020\/10\/CALCIO-COVID-e1605539350488-300x199.jpg 300w, https:\/\/www.radiopiu.net\/wordpress\/wp-content\/uploads\/2020\/10\/CALCIO-COVID-e1605539350488-1024x678.jpg 1024w, https:\/\/www.radiopiu.net\/wordpress\/wp-content\/uploads\/2020\/10\/CALCIO-COVID-e1605539350488-768x508.jpg 768w, https:\/\/www.radiopiu.net\/wordpress\/wp-content\/uploads\/2020\/10\/CALCIO-COVID-e1605539350488-1536x1017.jpg 1536w, https:\/\/www.radiopiu.net\/wordpress\/wp-content\/uploads\/2020\/10\/CALCIO-COVID-e1605539350488.jpg 1920w\" sizes=\"auto, (max-width: 300px) 100vw, 300px\" \/><\/a>Il calcio si ferma e lo fa fino al 23 gennaio compreso. A deciderlo la FIGC del Veneto che con un comunicato ha informato i diretti interessati che da oggi e per un mese non si giocher\u00e0 a calcio. L&#8217;attuale situazione nazionale dei contagi da Covid-19 ha portato la Federazione a sospendere in via preventiva tutti i campionati dalla Promozione alla Terza Categoria ma anche tutto il settore giovanile a livello regionale e provinciale. Tutto fermo, non saranno concesse nemmeno le amichevoli o gli allenamenti congiunti. Le partite in programma le prime 3 domeniche di gennaio saranno recuperate a fine aprile visto che la composizione dei gironi lo permette. Saranno giocati solo i recuperi del 6 gennaio per concludere definitivamente il girone di andata dei vari campionati. Rimarranno inalterati i calendari gare relativi ai Campionati di Eccellenza Maschile e Femminile. L&#8217;Agordina Calcio rester\u00e0 ferma fino al 23 gennaio compreso mentre le ragazze del Keralpen continueranno la loro stagione regolarmente.<\/p>\n<p><strong>IL COMUNICATO UFFICIALE DELLA FIGC VENETO<\/strong><\/p>\n<a href=\"https:\/\/www.radiopiu.net\/wordpress\/wp-content\/uploads\/2021\/12\/Com_59.pdf\" class=\"pdfemb-viewer\" style=\"\" data-width=\"max\" data-height=\"max\" data-toolbar=\"top\" data-toolbar-fixed=\"on\">Com_59<\/a>\n<p>&nbsp;<\/p>\n<hr \/>\n<p>&nbsp;<\/p>\n<p><span style=\"color: #0000ff;\"><strong>PALLAVOLO<\/strong><\/span><\/p>\n<blockquote>\n<h3>LA DA ROLD LOGISTIC BELLUNO CADE A PORDENONE<\/h3>\n<\/blockquote>\n<p><b><a href=\"https:\/\/www.radiopiu.net\/wordpress\/giornale-radiopiu-27-dicembre-2021-direttore-mirko-mezzacasa\/drl_in_ricezione\/\" rel=\"attachment wp-att-250361\"><img loading=\"lazy\" decoding=\"async\" class=\"size-medium wp-image-250361 alignleft\" src=\"https:\/\/www.radiopiu.net\/wordpress\/wp-content\/uploads\/2021\/12\/Drl_in_ricezione-300x150.jpg\" alt=\"\" width=\"300\" height=\"150\" srcset=\"https:\/\/www.radiopiu.net\/wordpress\/wp-content\/uploads\/2021\/12\/Drl_in_ricezione-300x150.jpg 300w, https:\/\/www.radiopiu.net\/wordpress\/wp-content\/uploads\/2021\/12\/Drl_in_ricezione-768x384.jpg 768w, https:\/\/www.radiopiu.net\/wordpress\/wp-content\/uploads\/2021\/12\/Drl_in_ricezione.jpg 800w\" sizes=\"auto, (max-width: 300px) 100vw, 300px\" \/><\/a>TINET PRATA PORDENONE &#8211; DA ROLD LOGISTICS BELLU<\/b><strong>NO 3-0 (25-19, 25-17, 25-17)<\/strong><\/p>\n<p>\u00c8 una delle squadre pi\u00f9 attrezzate del girone. E di gran lunga la pi\u00f9 in forma del momento: la Tinet \u00e8 un treno in corsa. E sfreccia sul binario del successo: il nono consecutivo. Nonostante il tentativo della Da Rold Logistics di far deragliare i friulani. A Prata di Pordenone, i bellunesi rimediano la seconda sconfitta di fila. Ma quella di Santo Stefano, pi\u00f9 che una sfida, era una \u201cmission impossibile\u201d.<span class=\"gmail-Apple-converted-space\">\u00a0<\/span>Perch\u00e9, al di l\u00e0 del valore dell\u2019avversario, i biancobl\u00f9 si sono presentati all\u2019atto finale del girone d\u2019andata con un paio di assenze pesanti: oltre a Giovanni Candeago (ai box da un mese per l\u2019infortunio alla caviglia), i rinoceronti hanno dovuto rinunciare pure a Gonzalo Martinez, rimpiazzato nel ruolo di libero da Gionchetti. Senza due pedine chiave, lo scacco matto della Tinet \u00e8 arrivato in tre mosse. Tre, come i set condotti in porto dal sestetto di coach Dante Boninfante, mentre non \u00e8 bastato un ottimo avvio ai ragazzi di Diego Poletto. I quali non perdevano 3-0 dalla seconda giornata di campionato: a Macerata contro la Med Store Tunit.<span class=\"gmail-Apple-converted-space\">\u00a0<\/span>In ogni caso, nonostante il settimo passivo stagionale, la prima met\u00e0 di campionato \u00e8 e rimane di spessore per la Drl: al debutto nella terza serie per ordine di importanza, i rinoceronti si affacciano al ritorno con 17 punti, il virtuale ottavo posto e un buon margine di vantaggio sulle zone pericolose. In pi\u00f9, tra fine ottobre e inizio dicembre, hanno mosso la classifica per sette gare in sequenza e con quattro vittorie una in fila all\u2019altra. A conferma che al gran ballo della Serie A3 Credem Banca i bellunesi si sono mossi con sicurezza ed eleganza.<span class=\"gmail-Apple-converted-space\">\u00a0<\/span><\/p>\n<\/div>\n<\/div>\n<\/div>\n<\/div>\n<\/div>\n<\/div>\n<\/div>\n<\/div>\n","protected":false},"excerpt":{"rendered":"<p>INFORMAZIONE il canale su TELEGRAM informazione di prima mano e in tempo reale. iscriviti ed aiutaci a farlo conoscere\u00a0 \u00a0\u00a0 &nbsp; IL MERAVIGLIOSO PRESEPE IN PIAZZA A FRASSENE&#8217;\u00a0 DI VOLTAGO AGORDINO https:\/\/www.facebook.com\/mirko.mezzacasa\/videos\/1264434847367929 &nbsp; &nbsp; &nbsp; CROCE VERDE VAL BIOIS, A SINGHIOZZO FINO AL 31 DICEMBRE \u00a0 FALCADE Giorni e orari in cui l&#8217;emergenza della Croce&hellip;<\/p>\n","protected":false},"author":4,"featured_media":250205,"comment_status":"closed","ping_status":"open","sticky":false,"template":"","format":"standard","meta":{"_monsterinsights_skip_tracking":false,"_monsterinsights_sitenote_active":false,"_monsterinsights_sitenote_note":"","_monsterinsights_sitenote_category":0,"footnotes":""},"categories":[104,86,49],"tags":[],"class_list":["post-250172","post","type-post","status-publish","format-standard","has-post-thumbnail","hentry","category-evidenza_3","category-gr","category-news-18","category-104","category-86","category-49","description-off"],"img_url":"https:\/\/www.radiopiu.net\/wordpress\/wp-content\/uploads\/2021\/12\/274c3105-cccc-41b9-b55c-aa0f9bdab9fd.jpg","_links":{"self":[{"href":"https:\/\/www.radiopiu.net\/wordpress\/wp-json\/wp\/v2\/posts\/250172","targetHints":{"allow":["GET"]}}],"collection":[{"href":"https:\/\/www.radiopiu.net\/wordpress\/wp-json\/wp\/v2\/posts"}],"about":[{"href":"https:\/\/www.radiopiu.net\/wordpress\/wp-json\/wp\/v2\/types\/post"}],"author":[{"embeddable":true,"href":"https:\/\/www.radiopiu.net\/wordpress\/wp-json\/wp\/v2\/users\/4"}],"replies":[{"embeddable":true,"href":"https:\/\/www.radiopiu.net\/wordpress\/wp-json\/wp\/v2\/comments?post=250172"}],"version-history":[{"count":0,"href":"https:\/\/www.radiopiu.net\/wordpress\/wp-json\/wp\/v2\/posts\/250172\/revisions"}],"wp:featuredmedia":[{"embeddable":true,"href":"https:\/\/www.radiopiu.net\/wordpress\/wp-json\/wp\/v2\/media\/250205"}],"wp:attachment":[{"href":"https:\/\/www.radiopiu.net\/wordpress\/wp-json\/wp\/v2\/media?parent=250172"}],"wp:term":[{"taxonomy":"category","embeddable":true,"href":"https:\/\/www.radiopiu.net\/wordpress\/wp-json\/wp\/v2\/categories?post=250172"},{"taxonomy":"post_tag","embeddable":true,"href":"https:\/\/www.radiopiu.net\/wordpress\/wp-json\/wp\/v2\/tags?post=250172"}],"curies":[{"name":"wp","href":"https:\/\/api.w.org\/{rel}","templated":true}]}}