{"id":250191,"date":"2021-12-24T18:45:25","date_gmt":"2021-12-24T17:45:25","guid":{"rendered":"https:\/\/www.radiopiu.net\/wordpress\/?p=250191"},"modified":"2021-12-26T06:18:31","modified_gmt":"2021-12-26T05:18:31","slug":"papa-giovanni-paolo-i-beato-il-4-settembre-la-riflessione-di-monsignor-giorgio-lise","status":"publish","type":"post","link":"https:\/\/www.radiopiu.net\/wordpress\/papa-giovanni-paolo-i-beato-il-4-settembre-la-riflessione-di-monsignor-giorgio-lise\/","title":{"rendered":"PAPA GIOVANNI PAOLO I BEATO IL 4 SETTEMBRE, LA RIFLESSIONE DI MONSIGNOR GIORGIO LISE"},"content":{"rendered":"<header class=\"entry-header\">\n<h2><a href=\"https:\/\/www.radiopiu.net\/wordpress\/giornale-radiopiu-25-agosto-2021-direttore-mirko-mezzacasa\/vatican-pope-john-paul-i\/\" rel=\"attachment wp-att-229321\"><img loading=\"lazy\" decoding=\"async\" class=\"wp-image-229321 size-medium alignleft\" src=\"https:\/\/www.radiopiu.net\/wordpress\/wp-content\/uploads\/2021\/08\/Elezione-Papa-Luciani-300x198.jpg\" alt=\"\" width=\"300\" height=\"198\" srcset=\"https:\/\/www.radiopiu.net\/wordpress\/wp-content\/uploads\/2021\/08\/Elezione-Papa-Luciani-300x198.jpg 300w, https:\/\/www.radiopiu.net\/wordpress\/wp-content\/uploads\/2021\/08\/Elezione-Papa-Luciani-1024x676.jpg 1024w, https:\/\/www.radiopiu.net\/wordpress\/wp-content\/uploads\/2021\/08\/Elezione-Papa-Luciani-768x507.jpg 768w, https:\/\/www.radiopiu.net\/wordpress\/wp-content\/uploads\/2021\/08\/Elezione-Papa-Luciani.jpg 1153w\" sizes=\"auto, (max-width: 300px) 100vw, 300px\" \/><\/a>Domenica 4 settembre 2022 a San Pietro in Roma Papa Francesco proclamer\u00e0 beato Papa Giovanni Paolo I<\/h2>\n<\/header>\n<div class=\"entry-content-post\">\n<p>Ha il sapore dei pranzi delle feste, traspira il clima festoso di casa e giunge come lieta notizia la chiamata telefonica del Prefetto delle cause dei Santi, il cardinale Marcello Semeraro. Le parole sono immediate e allargano il cuore:\u00a0<em>\u00abCaro vescovo Renato, ho pensato di chiamare per telefono e dire subito a voce quanto dovrei fare per lettera che non so quando arriver\u00e0 in questi giorni di festa. Mi \u00e8 stata comunicata la data in cui Papa Francesco a San Pietro in Roma proclamer\u00e0 beato Papa Giovanni Paolo I:\u00a0<strong>sar\u00e0 domenica 4 settembre 2022<\/strong>\u00bb<\/em>.<\/p>\n<\/div>\n<p><strong>LA RIFLESSIONE MONSIGNOR GIORGIO LISE<\/strong><\/p>\n<audio class=\"wp-audio-shortcode\" id=\"audio-250191-1\" preload=\"none\" style=\"width: 100%;\" controls=\"controls\"><source type=\"audio\/mpeg\" src=\"https:\/\/www.radiopiu.net\/wordpress\/wp-content\/uploads\/2021\/12\/DON-LISE-PAPA-BEATO.mp3?_=1\" \/><a href=\"https:\/\/www.radiopiu.net\/wordpress\/wp-content\/uploads\/2021\/12\/DON-LISE-PAPA-BEATO.mp3\">https:\/\/www.radiopiu.net\/wordpress\/wp-content\/uploads\/2021\/12\/DON-LISE-PAPA-BEATO.mp3<\/a><\/audio>\n<p>&nbsp;<\/p>\n<p>&nbsp;<\/p>\n<p>&nbsp;<\/p>\n<p>*****<\/p>\n","protected":false},"excerpt":{"rendered":"<p>Domenica 4 settembre 2022 a San Pietro in Roma Papa Francesco proclamer\u00e0 beato Papa Giovanni Paolo I Ha il sapore dei pranzi delle feste, traspira il clima festoso di casa e giunge come lieta notizia la chiamata telefonica del Prefetto delle cause dei Santi, il cardinale Marcello Semeraro. Le parole sono immediate e allargano il&hellip;<\/p>\n","protected":false},"author":4,"featured_media":229321,"comment_status":"closed","ping_status":"open","sticky":false,"template":"","format":"standard","meta":{"_monsterinsights_skip_tracking":false,"_monsterinsights_sitenote_active":false,"_monsterinsights_sitenote_note":"","_monsterinsights_sitenote_category":0,"footnotes":""},"categories":[51,49],"tags":[],"class_list":["post-250191","post","type-post","status-publish","format-standard","has-post-thumbnail","hentry","category-evidenza-top","category-news-18","category-51","category-49","description-off"],"img_url":"https:\/\/www.radiopiu.net\/wordpress\/wp-content\/uploads\/2021\/08\/Elezione-Papa-Luciani.jpg","_links":{"self":[{"href":"https:\/\/www.radiopiu.net\/wordpress\/wp-json\/wp\/v2\/posts\/250191","targetHints":{"allow":["GET"]}}],"collection":[{"href":"https:\/\/www.radiopiu.net\/wordpress\/wp-json\/wp\/v2\/posts"}],"about":[{"href":"https:\/\/www.radiopiu.net\/wordpress\/wp-json\/wp\/v2\/types\/post"}],"author":[{"embeddable":true,"href":"https:\/\/www.radiopiu.net\/wordpress\/wp-json\/wp\/v2\/users\/4"}],"replies":[{"embeddable":true,"href":"https:\/\/www.radiopiu.net\/wordpress\/wp-json\/wp\/v2\/comments?post=250191"}],"version-history":[{"count":0,"href":"https:\/\/www.radiopiu.net\/wordpress\/wp-json\/wp\/v2\/posts\/250191\/revisions"}],"wp:featuredmedia":[{"embeddable":true,"href":"https:\/\/www.radiopiu.net\/wordpress\/wp-json\/wp\/v2\/media\/229321"}],"wp:attachment":[{"href":"https:\/\/www.radiopiu.net\/wordpress\/wp-json\/wp\/v2\/media?parent=250191"}],"wp:term":[{"taxonomy":"category","embeddable":true,"href":"https:\/\/www.radiopiu.net\/wordpress\/wp-json\/wp\/v2\/categories?post=250191"},{"taxonomy":"post_tag","embeddable":true,"href":"https:\/\/www.radiopiu.net\/wordpress\/wp-json\/wp\/v2\/tags?post=250191"}],"curies":[{"name":"wp","href":"https:\/\/api.w.org\/{rel}","templated":true}]}}