{"id":250242,"date":"2021-12-26T08:50:50","date_gmt":"2021-12-26T07:50:50","guid":{"rendered":"https:\/\/www.radiopiu.net\/wordpress\/?p=250242"},"modified":"2021-12-27T08:54:50","modified_gmt":"2021-12-27T07:54:50","slug":"dillo-a-radio-piu-quello-che-cera-e-non-abbiamo-piu","status":"publish","type":"post","link":"https:\/\/www.radiopiu.net\/wordpress\/dillo-a-radio-piu-quello-che-cera-e-non-abbiamo-piu\/","title":{"rendered":"DILLO A RADIO PIU&#8217;&#8230; QUELLO CHE C&#8217;ERA E NON ABBIAMO PIU&#8217;"},"content":{"rendered":"<p><strong>Riceviamo a volentieri pubblichiamo la riflessione di Michela Marcer.<\/strong><\/p>\n<p>&nbsp;<\/p>\n<blockquote><p><em><img loading=\"lazy\" decoding=\"async\" class=\"alignleft\" src=\"https:\/\/www.radiopiu.net\/wordpress\/wp-content\/uploads\/2021\/12\/bus-1816336__340-300x300.jpg\" width=\"163\" height=\"163\" \/>Ogni inverno Dolomitibus attivava un servizio di skibus che dal Cadore (Borca, San Vito) raggiungeva Cortina d&#8217;Ampezzo e le stazioni sciistiche della Tofana e 5Torri. Alcune corse effettuavano servizio fino al Passo Falzarego. Quest&#8217;anno questo fondamentale servizio non \u00e8 stato attivato. Significher\u00e0 muovere pi\u00f9 auto per raggiungere le piste e privare i turisti (soprattutto stranieri) non muniti di auto della possibilit\u00e0 di muoversi nel comprensorio. Ho abituato mio figlio, oggi adolescente, ad utilizzare i mezzi pubblici per andare a sciare, da bambino con noi genitori, da ragazzo con gli amici. Come gli spiego che la Sostenibilit\u00e0 di cui si fregia Cortina per Mondiali ed Olimpiadi \u00e8 solo uno slogan e non un Valore attuato nei fatti?<\/em><\/p><\/blockquote>\n<div dir=\"auto\">Dalla Dolomitibus: il servizio sar\u00e0 attivato il 2 gennaio. Da Cortina il Sindaco conferma il disservizio per mancanza di personale mentre si va verso la soluzione<\/div>\n","protected":false},"excerpt":{"rendered":"<p>Riceviamo a volentieri pubblichiamo la riflessione di Michela Marcer. &nbsp; Ogni inverno Dolomitibus attivava un servizio di skibus che dal Cadore (Borca, San Vito) raggiungeva Cortina d&#8217;Ampezzo e le stazioni sciistiche della Tofana e 5Torri. Alcune corse effettuavano servizio fino al Passo Falzarego. Quest&#8217;anno questo fondamentale servizio non \u00e8 stato attivato. Significher\u00e0 muovere pi\u00f9 auto&hellip;<\/p>\n","protected":false},"author":4,"featured_media":250243,"comment_status":"closed","ping_status":"open","sticky":false,"template":"","format":"standard","meta":{"_monsterinsights_skip_tracking":false,"_monsterinsights_sitenote_active":false,"_monsterinsights_sitenote_note":"","_monsterinsights_sitenote_category":0,"footnotes":""},"categories":[51,49],"tags":[],"class_list":["post-250242","post","type-post","status-publish","format-standard","has-post-thumbnail","hentry","category-evidenza-top","category-news-18","category-51","category-49","description-off"],"img_url":"https:\/\/www.radiopiu.net\/wordpress\/wp-content\/uploads\/2021\/12\/bus-1816336__340.jpg","_links":{"self":[{"href":"https:\/\/www.radiopiu.net\/wordpress\/wp-json\/wp\/v2\/posts\/250242","targetHints":{"allow":["GET"]}}],"collection":[{"href":"https:\/\/www.radiopiu.net\/wordpress\/wp-json\/wp\/v2\/posts"}],"about":[{"href":"https:\/\/www.radiopiu.net\/wordpress\/wp-json\/wp\/v2\/types\/post"}],"author":[{"embeddable":true,"href":"https:\/\/www.radiopiu.net\/wordpress\/wp-json\/wp\/v2\/users\/4"}],"replies":[{"embeddable":true,"href":"https:\/\/www.radiopiu.net\/wordpress\/wp-json\/wp\/v2\/comments?post=250242"}],"version-history":[{"count":0,"href":"https:\/\/www.radiopiu.net\/wordpress\/wp-json\/wp\/v2\/posts\/250242\/revisions"}],"wp:featuredmedia":[{"embeddable":true,"href":"https:\/\/www.radiopiu.net\/wordpress\/wp-json\/wp\/v2\/media\/250243"}],"wp:attachment":[{"href":"https:\/\/www.radiopiu.net\/wordpress\/wp-json\/wp\/v2\/media?parent=250242"}],"wp:term":[{"taxonomy":"category","embeddable":true,"href":"https:\/\/www.radiopiu.net\/wordpress\/wp-json\/wp\/v2\/categories?post=250242"},{"taxonomy":"post_tag","embeddable":true,"href":"https:\/\/www.radiopiu.net\/wordpress\/wp-json\/wp\/v2\/tags?post=250242"}],"curies":[{"name":"wp","href":"https:\/\/api.w.org\/{rel}","templated":true}]}}