{"id":250250,"date":"2021-12-26T11:05:23","date_gmt":"2021-12-26T10:05:23","guid":{"rendered":"https:\/\/www.radiopiu.net\/wordpress\/?p=250250"},"modified":"2021-12-26T11:05:23","modified_gmt":"2021-12-26T10:05:23","slug":"un-anno-di-vaccini-in-ulss-1-dolomiti","status":"publish","type":"post","link":"https:\/\/www.radiopiu.net\/wordpress\/un-anno-di-vaccini-in-ulss-1-dolomiti\/","title":{"rendered":"UN ANNO DI VACCINI IN ULSS 1 DOLOMITI"},"content":{"rendered":"<p><strong><a href=\"https:\/\/www.radiopiu.net\/wordpress\/vaccinazioni-a-ponte-nelle-alpi-il-6-e-7-aprile-convocate-600-persone-tra-70-e-79-anni\/vaccino_anti_covid\/\" rel=\"attachment wp-att-200891\"><img loading=\"lazy\" decoding=\"async\" class=\"size-medium wp-image-200891 alignleft\" src=\"https:\/\/www.radiopiu.net\/wordpress\/wp-content\/uploads\/2021\/04\/Vaccino_anti_Covid-300x167.jpg\" alt=\"\" width=\"300\" height=\"167\" srcset=\"https:\/\/www.radiopiu.net\/wordpress\/wp-content\/uploads\/2021\/04\/Vaccino_anti_Covid-300x167.jpg 300w, https:\/\/www.radiopiu.net\/wordpress\/wp-content\/uploads\/2021\/04\/Vaccino_anti_Covid-768x428.jpg 768w, https:\/\/www.radiopiu.net\/wordpress\/wp-content\/uploads\/2021\/04\/Vaccino_anti_Covid.jpg 943w\" sizes=\"auto, (max-width: 300px) 100vw, 300px\" \/><\/a>BELLUNO <\/strong>370 mila dosi di vaccino anti covid somministrate in un anno, 158 mila residenti in Ulss Dolomiti con almeno una dose, un team di 100 persone al lavori nei centri vaccinali oltre ai numerosi volontari, un territorio che ha saputo lavorare insieme per arrivare a coprire l\u201986% della popolazione con almeno una dose e a raggiungere con la dose booster il 64% degli eleggibili. Questi sono i principali numeri dell\u2019anno di campagna vaccinale anti covid in Ulss Dolomiti, partita, come in tutta Italia, il 27 dicembre 2020.\u00a0 Dopo l\u2019emozione della somministrazione delle prime dosi agli operatori sanitari e agli operatori e ospiti delle RSA, la campagna di immunizzazione era partita spedita dai primi giorni del 2020, \u00a0anche grazie al lavoro della Farmacia ospedaliera nell\u2019allestimento in sicurezza delle dosi e il ricavare fin da subito la sesta dose dal vaccino Pfizer, secondo le indicazioni via via fornite dai vigenti Piani Vaccinali Nazionali e Regionali, iniziando dalle fasce pi\u00f9 anziane e dalle persone estremamente vulnerabili o disabili, e, successivamente, dai servizi essenziali. A seguire la popolazione generale, per fasce d\u2019et\u00e0 fino alla recente apertura delle vaccinazioni in et\u00e0 pediatrica. Nell\u2019autunno 2021, \u00e8 partita la somministrazione delle dosi booster. La campagna vaccinale anti covid in Ulss Dolomiti \u00e8 stata caratterizzata dallo sforzo sinergico di tutto il territorio per immunizzare il pi\u00f9 rapidamente possibile la popolazione, offrendo le vaccinazioni in modo capillare. Al team del dipartimento di Prevenzione, composto da circa 100 persone che curano la campagna nei dettagli (dalle prenotazioni all\u2019organizzazione delle sedute, agli approvvigionamenti di vaccino etc), si affiancano le \u00e9quipe del territorio e della medicina di famiglia e degli operatori ospedalieri per sedute aggiuntive e per percorsi dedicati alle categorie pi\u00f9 fragili (immunodepressi, oncologici, dializzati, gravide etc etc). \u00ab<em>I contributi alla campagna vaccinale, in questo anno, sono stati tanti: in primis i sindaci che hanno messo a disposizione spazi nei vari territori e promosso attivamente le sedute, il volontariato, ed in particolare la Protezione Civile che ha curato gli aspetti logistici dei drive in e dei centri vaccinali, Luxottica che ha attivato il Centro Vaccinale HUB di Sedico. Importanti contributi sono arrivati dalle forze dell\u2019Ordine, che hanno supportato per mesi \u201cscortato\u201d i vaccini e supportato la prenotazione, dal mondo dello sport che si \u00e8 fatto promotore attivo della campagna, ai vari testimonial che hanno promosso con le loro storie la vaccinazione, al mondo della scuola, al settore produttivo con Confindustria in testa. <\/em><em>Una parte importante del lavoro \u00e8 stata svolta dai Medici di Medicina generale, primo riferimento per gli assistiti, che in questo territorio hanno vaccinato pi\u00f9 che altrove. Anche le farmacie hanno supportato la campagna. <\/em><em>Diverse anche le iniziative peculiari come l\u2019analisi costante dei dati che ha permesso di potenziare l\u2019offerta nelle zone meno vaccinate (caso Comelico), la campagna di comunicazione WpertuttiNoi, il percorso dedicato alla vaccinazione delle donne in gravidanza e allattamento e le vaccinazioni \u201csenza ago\u201d , richieste da persone da tutta Italia. <\/em><em>I risultati li vediamo: rispetto allo scorso \u00e8 stato possibile controllare l\u2019epidemia , sono ridotti le persone che necessitano di ricovero e soprattutto i decessi. <\/em><em>Non \u00e8 finita: i dati dimostrano la necessit\u00e0 di procedere ancora pi\u00f9 rapidamente con la terza dose e con le vaccinazioni in et\u00e0 pediatrica. Sul sito <a href=\"http:\/\/www.aulss1.veneto.it\">www.aulss1.veneto.it<\/a> ci sono ampi spazi prenotabili in tutto il territorio<\/em>\u00bb, commenta il direttore generale Maria Grazia Carraro. \u00ab<em>In questo anno la campagna vaccinale ha impegnato gran parte delle nostre energie, testimoniando la forza dell\u2019organizzazione e lo spirito di collaborazione, in emergenza, di tutte le componenti del territorio. Un grazie a quanti hanno contribuito, in diversi modi<\/em>\u00bb Conclude di Direttore Generale Maria Grazia Carro.<\/p>\n\n\t\t\t<style type='text\/css'>\n\t\t\t\t#gallery-1 {\n\t\t\t\t\tmargin: auto;\n\t\t\t\t}\n\t\t\t\t#gallery-1 .gallery-item {\n\t\t\t\t\tfloat: left;\n\t\t\t\t\tmargin-top: 10px;\n\t\t\t\t\ttext-align: center;\n\t\t\t\t\twidth: 50%;\n\t\t\t\t}\n\t\t\t\t#gallery-1 img {\n\t\t\t\t\tborder: 2px solid #cfcfcf;\n\t\t\t\t}\n\t\t\t\t#gallery-1 .gallery-caption {\n\t\t\t\t\tmargin-left: 0;\n\t\t\t\t}\n\t\t\t\t\/* see gallery_shortcode() in wp-includes\/media.php *\/\n\t\t\t<\/style>\n\t\t<div id='gallery-1' class='dt-gallery-container gallery galleryid-250250 gallery-columns-2 gallery-size-medium'><dl class='gallery-item'>\n\t\t\t\t<dt class='gallery-icon landscape'>\n\t\t\t\t\t<a class=\"rollover rollover-zoom dt-pswp-item\" title=\"1\" data-dt-img-description=\"\" data-large_image_width=\"1124\" data-large_image_height=\"675\"href='https:\/\/www.radiopiu.net\/wordpress\/wp-content\/uploads\/2021\/12\/1-2.jpg'><img loading=\"lazy\" decoding=\"async\" width=\"300\" height=\"180\" src=\"https:\/\/www.radiopiu.net\/wordpress\/wp-content\/uploads\/2021\/12\/1-2-300x180.jpg\" class=\"attachment-medium size-medium\" alt=\"\" srcset=\"https:\/\/www.radiopiu.net\/wordpress\/wp-content\/uploads\/2021\/12\/1-2-300x180.jpg 300w, https:\/\/www.radiopiu.net\/wordpress\/wp-content\/uploads\/2021\/12\/1-2-1024x615.jpg 1024w, https:\/\/www.radiopiu.net\/wordpress\/wp-content\/uploads\/2021\/12\/1-2-768x461.jpg 768w, https:\/\/www.radiopiu.net\/wordpress\/wp-content\/uploads\/2021\/12\/1-2.jpg 1124w\" sizes=\"auto, (max-width: 300px) 100vw, 300px\" \/><\/a>\n\t\t\t\t<\/dt><\/dl><dl class='gallery-item'>\n\t\t\t\t<dt class='gallery-icon landscape'>\n\t\t\t\t\t<a class=\"rollover rollover-zoom dt-pswp-item\" title=\"2\" data-dt-img-description=\"\" data-large_image_width=\"1475\" data-large_image_height=\"754\"href='https:\/\/www.radiopiu.net\/wordpress\/wp-content\/uploads\/2021\/12\/2.png'><img loading=\"lazy\" decoding=\"async\" width=\"300\" height=\"153\" src=\"https:\/\/www.radiopiu.net\/wordpress\/wp-content\/uploads\/2021\/12\/2-300x153.png\" class=\"attachment-medium size-medium\" alt=\"\" srcset=\"https:\/\/www.radiopiu.net\/wordpress\/wp-content\/uploads\/2021\/12\/2-300x153.png 300w, https:\/\/www.radiopiu.net\/wordpress\/wp-content\/uploads\/2021\/12\/2-1024x523.png 1024w, https:\/\/www.radiopiu.net\/wordpress\/wp-content\/uploads\/2021\/12\/2-768x393.png 768w, https:\/\/www.radiopiu.net\/wordpress\/wp-content\/uploads\/2021\/12\/2.png 1475w\" sizes=\"auto, (max-width: 300px) 100vw, 300px\" \/><\/a>\n\t\t\t\t<\/dt><\/dl><br style=\"clear: both\" \/>\n\t\t\t<\/div>\n\n<p>&nbsp;<\/p>\n<p><strong>I DATI AD OGGI<\/strong><\/p>\n<p>Totale dosi somministrate: 369.580 dosi, 86% \u2013 157.001 persone vaccinate con primo ciclo over 12, 84,5% &#8211; 153.756 persone con ciclo completo over 12, 391 persone ancora da vaccinare over 12 anni. Risultano vaccinati con almeno una dose: il 76,5 \u00a0% dei 12- 19 enni (10.875 persone), il 83,8 % dei 20-29enni (15.878), il 79,6 % dei 30-39enni (15.807), il 79,3% dei 40-49enni (21.803), l\u201985,9% dei 50-59enni (28.543), l\u201988,6\u00a0 % dei 60-69enni (24.740), il 93,2% dei 70-79enni (22.150), circa il 100% degli over 80 (17.210). Le persone ancora da vaccinare sono cos\u00ec suddivise: 12-19 anni: 3.332 (23,5%), 20-29 anni: 3.071 (16,2%), 30-39 anni: 4.041 (20,4%), 40-49 anni: 5.689 (20,7%), 50-59 anni: 4.675 (14,1%), 60-69 anni: 3.185 (11,4%), 70 79 anni: 1.623 (6,8%). <strong>TERZE DOSI\/dosi booster: <\/strong>81,4 % degli over 80 eleggibili gi\u00e0 vaccinati con dose booster, 78,7% dei 70-79enni eleggibili gi\u00e0 vaccinati con dose booster, 64,1% della popolazione totale eleggibile gi\u00e0 vaccinato con dose booster. <strong>VACCINAZIONI PEDIATRICHE 5-11 ANNI: <\/strong>Circa 600 bambini 5-11 anni gi\u00e0 vaccinati. Sono state organizzate ulteriori sedute dedicate alle vaccinazioni per i bambini 5-11 anni durante il periodo natalizio per facilitare le famiglie prenotabili dal sito www.aulss1.veneto.it: CVP Sedico, CORTINA (drive in Stadio del Ghiaccio) \u2013 28 dicembre dalle 11.00 alle 16.00, AURONZO \u2013Pala Tre Cime \u2013 29 dicembre dalle 14.00 alle 16.00, OSPEDALE PIEVE DI CADORE \u2013 dal 27 dicembre al 31 gennaio ogni luned\u00ec e mercoled\u00ec dalle 14.30 alle 18.30, AGORDO (drive in Tamonich) &#8211; 3 gennaio 2022 dalle 10.00 alle 16.00, FELTRE centro prelievi \u2013 28 dicembre e 9 gennaio dalle 15.00 alle 18.30.<\/p>\n<p>&nbsp;<\/p>\n<p>&nbsp;<\/p>\n<p>&nbsp;<\/p>\n<p>*****<\/p>\n","protected":false},"excerpt":{"rendered":"<p>BELLUNO 370 mila dosi di vaccino anti covid somministrate in un anno, 158 mila residenti in Ulss Dolomiti con almeno una dose, un team di 100 persone al lavori nei centri vaccinali oltre ai numerosi volontari, un territorio che ha saputo lavorare insieme per arrivare a coprire l\u201986% della popolazione con almeno una dose e&hellip;<\/p>\n","protected":false},"author":4,"featured_media":200891,"comment_status":"closed","ping_status":"open","sticky":false,"template":"","format":"standard","meta":{"_monsterinsights_skip_tracking":false,"_monsterinsights_sitenote_active":false,"_monsterinsights_sitenote_note":"","_monsterinsights_sitenote_category":0,"footnotes":""},"categories":[49],"tags":[],"class_list":["post-250250","post","type-post","status-publish","format-standard","has-post-thumbnail","hentry","category-news-18","category-49","description-off"],"img_url":"https:\/\/www.radiopiu.net\/wordpress\/wp-content\/uploads\/2021\/04\/Vaccino_anti_Covid.jpg","_links":{"self":[{"href":"https:\/\/www.radiopiu.net\/wordpress\/wp-json\/wp\/v2\/posts\/250250","targetHints":{"allow":["GET"]}}],"collection":[{"href":"https:\/\/www.radiopiu.net\/wordpress\/wp-json\/wp\/v2\/posts"}],"about":[{"href":"https:\/\/www.radiopiu.net\/wordpress\/wp-json\/wp\/v2\/types\/post"}],"author":[{"embeddable":true,"href":"https:\/\/www.radiopiu.net\/wordpress\/wp-json\/wp\/v2\/users\/4"}],"replies":[{"embeddable":true,"href":"https:\/\/www.radiopiu.net\/wordpress\/wp-json\/wp\/v2\/comments?post=250250"}],"version-history":[{"count":0,"href":"https:\/\/www.radiopiu.net\/wordpress\/wp-json\/wp\/v2\/posts\/250250\/revisions"}],"wp:featuredmedia":[{"embeddable":true,"href":"https:\/\/www.radiopiu.net\/wordpress\/wp-json\/wp\/v2\/media\/200891"}],"wp:attachment":[{"href":"https:\/\/www.radiopiu.net\/wordpress\/wp-json\/wp\/v2\/media?parent=250250"}],"wp:term":[{"taxonomy":"category","embeddable":true,"href":"https:\/\/www.radiopiu.net\/wordpress\/wp-json\/wp\/v2\/categories?post=250250"},{"taxonomy":"post_tag","embeddable":true,"href":"https:\/\/www.radiopiu.net\/wordpress\/wp-json\/wp\/v2\/tags?post=250250"}],"curies":[{"name":"wp","href":"https:\/\/api.w.org\/{rel}","templated":true}]}}