{"id":250292,"date":"2021-12-26T14:00:39","date_gmt":"2021-12-26T13:00:39","guid":{"rendered":"https:\/\/www.radiopiu.net\/wordpress\/?p=250292"},"modified":"2021-12-26T14:00:39","modified_gmt":"2021-12-26T13:00:39","slug":"dillo-a-radio-piu-la-grande-utopia-pretendere-di-avere-quello-non-fattibile","status":"publish","type":"post","link":"https:\/\/www.radiopiu.net\/wordpress\/dillo-a-radio-piu-la-grande-utopia-pretendere-di-avere-quello-non-fattibile\/","title":{"rendered":"DILLO A RADIO PIU &#8230; LA GRANDE UTOPIA, PRETENDERE DI AVERE QUELLO NON FATTIBILE"},"content":{"rendered":"<p><strong>REDAZIONE<\/strong> Non e&#8217; solo una risposta all&#8217;articolo pubblicato poche ore fa, si va oltre la critica cercando di sottolineare l&#8217;importanza delle opportunit\u00e0.<\/p>\n<blockquote><p><span class=\"markedContent\"> <br role=\"presentation\" \/><\/span><span id=\"page3R_mcid0\" class=\"markedContent\"><br role=\"presentation\" \/><\/span><em><span id=\"page3R_mcid6\" class=\"markedContent\"><span dir=\"ltr\" role=\"presentation\"><strong>BORGO VALBELLUNA<\/strong> La stampa locale d<\/span><\/span><span id=\"page3R_mcid7\" class=\"markedContent\"><span dir=\"ltr\" role=\"presentation\">a ampio spazio a segnalazioni di disservizi vari, cosa anche lodevole, segnalazioni\u00a0 sempre<\/span><span dir=\"ltr\" role=\"presentation\">\u00a0pi\u00f9 clave contro l\u2019amministratore di turno atte a fargli perdere credibilit\u00e0 che non cose <\/span><span dir=\"ltr\" role=\"presentation\">realmente risolvibili. Dico realmente perch\u00e9 a proposit<\/span><span dir=\"ltr\" role=\"presentation\">o dei collegamenti Dolomiti Bus ricordati oggi <\/span><span dir=\"ltr\" role=\"presentation\">della lamentala a Radio Pi\u00f9\u00a0 di Michela Marcer\u00a0 circa la non attivazione di un servizio, da cittadino normale e con <\/span><span dir=\"ltr\" role=\"presentation\">le informazioni che riesco a reperire, mi risulta che: turismo da e per altri Sati quasi assente, autis<\/span><span dir=\"ltr\" role=\"presentation\">ti che non <\/span><span dir=\"ltr\" role=\"presentation\">possono guidare gli autobus\u00a0 perch\u00e9 non vaccinati, autisti <\/span>\u00a0<span dir=\"ltr\" role=\"presentation\">che<\/span> <span dir=\"ltr\" role=\"presentation\">scarseggiano <\/span><span dir=\"ltr\" role=\"presentation\">(mancano) <\/span> <span dir=\"ltr\" role=\"presentation\">in tutta Italia<\/span><span dir=\"ltr\" role=\"presentation\">. <\/span><\/span><span id=\"page3R_mcid8\" class=\"markedContent\"><span dir=\"ltr\" role=\"presentation\">Se ho una carriola non posso<\/span> <span dir=\"ltr\" role=\"presentation\">pensare di trasportare tonnellate e se devo portare in discarica un sacco di <\/span><span dir=\"ltr\" role=\"presentation\">erbacce non acquisto certamente un camion. <\/span><\/span><span id=\"page3R_mcid9\" class=\"markedContent\"><span dir=\"ltr\" role=\"presentation\">Se guardiamo cosi la cosa dovremmo ridimensionare le pretese, smetterla di fare le cassandre e propor<\/span><span dir=\"ltr\" role=\"presentation\">ci<\/span> <span dir=\"ltr\" role=\"presentation\">di <\/span><span dir=\"ltr\" role=\"presentation\">pensare a come impegnarci in<\/span> <span dir=\"ltr\" role=\"presentation\">prima persona a risolvere. <\/span><\/span><span id=\"page3R_mcid10\" class=\"markedContent\"><span dir=\"ltr\" role=\"presentation\">Due giorni fa stessa cosa da Agordo, un turista non trova di domenica la corsa per Belluno e non ha <\/span><span dir=\"ltr\" role=\"presentation\">soldi per un taxi e quindi fa autostop. <\/span><\/span><span id=\"page3R_mcid11\" class=\"markedContent\"><span dir=\"ltr\" role=\"presentation\">Se io abitassi ad Agordo mi metterei a disposizione per un trasporto solidale a<\/span><span dir=\"ltr\" role=\"presentation\">ssieme ad altri amici.<\/span> <span dir=\"ltr\" role=\"presentation\">Tanta <\/span><span dir=\"ltr\" role=\"presentation\">gente non ha da fare e potrebbe prestarsi dietro rimborso del carburante a tariffa Aci. Creerei un gruppo di <\/span><span dir=\"ltr\" role=\"presentation\">volontari non solo per questo ma anche per anziani e dimessi dal pronto soccorso. <\/span><\/span><span id=\"page3R_mcid12\" class=\"markedContent\"><span dir=\"ltr\" role=\"presentation\">Proporrei ai taxisti locali di atti<\/span><span dir=\"ltr\" role=\"presentation\">vare ad orari stabiliti delle corse per pi\u00f9 persone verso Belluno con tariffe <\/span><span dir=\"ltr\" role=\"presentation\">remunerative per loro e convenienti per gli utenti a fronte rinuncia dell\u2019istituzione del volontariato <\/span><span dir=\"ltr\" role=\"presentation\">trasporti. <\/span><\/span><span id=\"page3R_mcid13\" class=\"markedContent\"><span dir=\"ltr\" role=\"presentation\">Forse sono soluzioni utopiche, ma la grande utopia \u00e8 <\/span><span dir=\"ltr\" role=\"presentation\">pretendere<\/span> <span dir=\"ltr\" role=\"presentation\">di avere qualcosa che gi\u00e0 sappiamo in cuor <\/span><span dir=\"ltr\" role=\"presentation\">nostro non essere fattibile. Pi\u00f9 impegno da parte di tutta la popolazione e meno poco credibili piagnistei.<\/span><\/span><\/em><span id=\"page3R_mcid14\" class=\"markedContent\"><br \/>\n<\/span><\/p><\/blockquote>\n<p><span id=\"page3R_mcid14\" class=\"markedContent\"><span dir=\"ltr\" role=\"presentation\">\u00a0Loris Piani <\/span><span dir=\"ltr\" role=\"presentation\">\u2013<\/span> <span dir=\"ltr\" role=\"presentation\">Trichiana<\/span><span dir=\"ltr\" role=\"presentation\">&#8211;<\/span> <span dir=\"ltr\" role=\"presentation\">Borgo Valbelluna<\/span><\/span><\/p>\n<p>&nbsp;<\/p>\n<p><strong>ARTICOLO CITATO\u00a0<\/strong><\/p>\n<div class=\"page-title-head hgroup\">\n<h3 class=\"entry-title\">DILLO A RADIO PIU\u2019\u2026 QUELLO CHE C\u2019ERA E NON ABBIAMO PIU\u2019<\/h3>\n<p><em>Ogni inverno Dolomitibus attivava un servizio di skibus che dal Cadore (Borca, San Vito) raggiungeva Cortina d&#8217;Ampezzo e le stazioni sciistiche della Tofana e 5Torri. Alcune corse effettuavano servizio fino al Passo Falzarego. Quest&#8217;anno questo fondamentale servizio non \u00e8 stato attivato. Significher\u00e0 muovere pi\u00f9 auto per raggiungere le piste e privare i turisti (soprattutto stranieri) non muniti di auto della possibilit\u00e0 di muoversi nel comprensorio. Ho abituato mio figlio, oggi adolescente, ad utilizzare i mezzi pubblici per andare a sciare, da bambino con noi genitori, da ragazzo con gli amici. Come gli spiego che la Sostenibilit\u00e0 di cui si fregia Cortina per Mondiali ed Olimpiadi \u00e8 solo uno slogan e non un Valore attuato nei fatti?<\/em><\/p>\n<\/div>\n<div class=\"page-title-breadcrumbs\"><\/div>\n","protected":false},"excerpt":{"rendered":"<p>REDAZIONE Non e&#8217; solo una risposta all&#8217;articolo pubblicato poche ore fa, si va oltre la critica cercando di sottolineare l&#8217;importanza delle opportunit\u00e0. BORGO VALBELLUNA La stampa locale da ampio spazio a segnalazioni di disservizi vari, cosa anche lodevole, segnalazioni\u00a0 sempre\u00a0pi\u00f9 clave contro l\u2019amministratore di turno atte a fargli perdere credibilit\u00e0 che non cose realmente risolvibili.&hellip;<\/p>\n","protected":false},"author":4,"featured_media":109179,"comment_status":"closed","ping_status":"open","sticky":false,"template":"","format":"standard","meta":{"_monsterinsights_skip_tracking":false,"_monsterinsights_sitenote_active":false,"_monsterinsights_sitenote_note":"","_monsterinsights_sitenote_category":0,"footnotes":""},"categories":[51,49],"tags":[],"class_list":["post-250292","post","type-post","status-publish","format-standard","has-post-thumbnail","hentry","category-evidenza-top","category-news-18","category-51","category-49","description-off"],"img_url":"https:\/\/www.radiopiu.net\/wordpress\/wp-content\/uploads\/2019\/12\/10428014_10205830581790570_8965049165640583787_n.jpg","_links":{"self":[{"href":"https:\/\/www.radiopiu.net\/wordpress\/wp-json\/wp\/v2\/posts\/250292","targetHints":{"allow":["GET"]}}],"collection":[{"href":"https:\/\/www.radiopiu.net\/wordpress\/wp-json\/wp\/v2\/posts"}],"about":[{"href":"https:\/\/www.radiopiu.net\/wordpress\/wp-json\/wp\/v2\/types\/post"}],"author":[{"embeddable":true,"href":"https:\/\/www.radiopiu.net\/wordpress\/wp-json\/wp\/v2\/users\/4"}],"replies":[{"embeddable":true,"href":"https:\/\/www.radiopiu.net\/wordpress\/wp-json\/wp\/v2\/comments?post=250292"}],"version-history":[{"count":0,"href":"https:\/\/www.radiopiu.net\/wordpress\/wp-json\/wp\/v2\/posts\/250292\/revisions"}],"wp:featuredmedia":[{"embeddable":true,"href":"https:\/\/www.radiopiu.net\/wordpress\/wp-json\/wp\/v2\/media\/109179"}],"wp:attachment":[{"href":"https:\/\/www.radiopiu.net\/wordpress\/wp-json\/wp\/v2\/media?parent=250292"}],"wp:term":[{"taxonomy":"category","embeddable":true,"href":"https:\/\/www.radiopiu.net\/wordpress\/wp-json\/wp\/v2\/categories?post=250292"},{"taxonomy":"post_tag","embeddable":true,"href":"https:\/\/www.radiopiu.net\/wordpress\/wp-json\/wp\/v2\/tags?post=250292"}],"curies":[{"name":"wp","href":"https:\/\/api.w.org\/{rel}","templated":true}]}}