{"id":250311,"date":"2021-12-26T23:58:25","date_gmt":"2021-12-26T22:58:25","guid":{"rendered":"https:\/\/www.radiopiu.net\/wordpress\/?p=250311"},"modified":"2021-12-26T15:00:47","modified_gmt":"2021-12-26T14:00:47","slug":"il-prestigioso-libro-di-lorenzo-dellandrea-selva-di-cadore-come-era-selva-da-nosakan","status":"publish","type":"post","link":"https:\/\/www.radiopiu.net\/wordpress\/il-prestigioso-libro-di-lorenzo-dellandrea-selva-di-cadore-come-era-selva-da-nosakan\/","title":{"rendered":"IL PRESTIGIOSO LIBRO DI LORENZO DELL\u2019ANDREA: SELVA DI CADORE COME ERA (SELVA DA NOSAK\u00c0N)"},"content":{"rendered":"<p><strong>di RENATO BONA<\/strong><\/p>\n<p>\u201cSelva di Cadore come era\u201d (Selva da nosak\u00e0n\u201d). E\u2019 il titolo di un prestigioso volume di oltre 270 pagine che nel novembre del 1993 la tipografia Piave di Belluno ha stampato per conto dell\u2019Union de i Ladi\u00f1 de Selva. L\u2019autore? Un amico carissimo, che considero da sempre il mio padre spirituale: il prof. don Lorenzo Dell\u2019Andrea, uomo di profonda cultura, dal tratto gentile, che oltre ad aver diretto per lustri il settimanale diocesano \u201cL\u2019Amico del popolo\u201d \u00e8 stato &#8211; fra l\u2019altro &#8211; consulente ecclesiastico del comitato bellunese del Centro sportivo italiano quando, ragazzino, giocavo a pallone; poi mio insegnante di religione alla ragioneria \u201cCalvi\u201d e quindi anche mio collega giornalista professionista. Dell\u2019Andrea in presentazione ricordava che nell\u2019agosto 1985 L\u2019Unione dei Ladini di Selva \u201cha allestito una mostra di vecchie fotografie di paesaggi, case e persone di Selva. La mostra ebbe grande successo e molti furono coloro che chiesero la pubblicazione del materiale esposto\u201d. Il desiderio venne quindi soddisfatto otto anni pi\u00f9 tardi, fra l\u2019altro con l\u2019aumento delle foto: da 162 a poco meno di 400, suddivise per grandi temi in sette sezioni, ciascuna delle quali \u201cdotata\u201d di una nota introduttiva anche per \u201coffrire indicazioni generali e spunti di riflessione per integrare, con qualche chiave interpretativa, la lettura delle fotografie\u201d: territorio, case, stalle e fienili, progresso, lavori, scolaresche e coscritti, soldati ed emigranti, avvenimenti vari, volti e tradizioni. Viene anche reso omaggio a quanti collaborarono all\u2019allestimento della mostra: Anna Lorenzini dei Svaldi, Raffaella Dell\u2019Andrea, Aristide Bonifacio, Renzo Nicolai, Severina Monico; altri grazie per chi ha poi collaborato con informazioni e suggerimenti per il libro: ancora Bonifacio e Nicolai, quindi Luigi Callegari, Cesira Nicolai, Rudele Bonifacio, Espedito Callegari, Giorgio Lorenzini, Sergio Monico, Elide Cadorin; per le famiglie che hanno messo a disposizione tante fotografie cos\u00ec come per la Direzione del Museo di Selva, e per Ugo Lorenzini \u201cche ha messo a disposizione per una ristampa, curata dall\u2019Union de i Ladi\u00f1 de Selva tutti i negativi su vetro ancora conservati delle fotografie fatte dal nostro compaesano Fedele Chizzolin, che negli anni attorno alla prima guerra mondiale (prima di ritornare in America nel 1924) ha esercitato a Selva l\u2019arte del fotografo\u2026\u201c. Partiamo dunque dal capitolo \u201cIl territorio\u201d nel quale &#8211; dopo aver ricordato che \u201c\u2026 questo ambiente, sostanzialmente sempre identico nonostante l\u2019alternarsi di epoche fredde ed epoche pi\u00f9 calde, per millenni fu animato solo da cacciatori. La loro presenza non era per\u00f2 significativa: non dovevano essere in molti e comunque erano sempre \u2018di passaggio\u2019\u201d &#8211; Dell\u2019Andrea scrive: \u201cVerso la fine del primo millennio avanti cristo la valle cominci\u00f2 ad animarsi: non pi\u00f9 soltanto cacciatori, ma anche pastori. Greggi sempre pi\u00f9 numerosi percorrevano le zone alte, oltre il limite del bosco, dove c\u2019erano abbondanti pascoli, dalle zone del Passo Giau a Mondeval de Sora, da Possedera a Fertazza alle zone di Staulanza, Forada, Forcella Roan\u201d e si chiede:\u201dDa dove venivano questi pastori? Probabilmente dalle zone del Cadore, gi\u00e0 abitato da alcuni secoli (tale provenienza trova un riscontro nell\u2019appartenenza, dalla fine del primo secolo avanti Cristo, del territorio di Selva al Municipium romano di Julium Carnicum, e ha una prova storica inequivocabile nelle iscrizioni rupestri del monte Civetta, del Coldai e del Col Davagnin, proprio sul monte Fertazza\u201d. L\u2019autore prosegue il suo excursus sottolineando che \u201cLa situazione dur\u00f2 cos\u00ec, con cacciatori e pastori che animavano la vallata, per tutto il primo millennio dopo Cristo, fino all\u2019epoca alto-medioevale quando avvennero alcuni fatti nuovi\u201d: verso il 1000 dopo Cristo, in Val Fiorentina come nel resto delle vallate alte delle Dolomiti si \u00e8 intensificata la presenza dell\u2019uomo: non pi\u00f9 i soli cacciatori e pastori ma anche boscaioli e ricercatori di minerali di ferro e piombo, tutta gente proveniente dalla Val del Boite, che dopo un periodo di consistenti insediamenti stagionali port\u00f2, verso il XII secolo dopo Cristo, ad insediamenti stabili e cos\u00ec il paesaggio, che era rimasto di fatto immutato per millenni, cominci\u00f2 a cambiare per l\u2019attivit\u00e0 dell\u2019uomo. Insediamenti stabili che dapprima erano rappresentati da piccoli nuclei i cui componenti, pur di restare in zona, pagavano un diritto di concessione alle Regole di Mondeval e di Festornigo di San Vito di Cadore proprietario della Val Fiorentina; poi si svilupparono in aggregati di diverse famiglie e dettero vita alla \u2018vila\u2019. Col rapido crescere delle famiglie si determin\u00f2 l\u2019allargamento degli spazi occupati dalle case della \u2018vila\u2019 e, conseguentemente, fu indispensabile sviluppare l\u2019attivit\u00e0 agricola per garantire la sopravvivenza della gente. Ma il territorio era poco e dunque si pervenne ad un consistente disboscamento oltre che alla concentrazione dell\u2019attivit\u00e0 edificatoria con la creazione di numerosi centri abitati. Si ricavarono in tal modo campi per coltivare cereali e fava, e prati che potessero fornire il foraggio per il bestiame. Alle attivit\u00e0 agro-silvo-pastorali si aggiunsero dal XIV secolo quelle artigianali e industriali fra l\u2019altro con lo sfruttamento delle miniere di ferro del Fursil a Colle Santa Lucia, e di quelle di Gruoipa nella zona dell\u2019attuale cimitero di San Lorenzo a Selva. Come il gatto che si morde la coda, tutto ci\u00f2 comport\u00f2 \u201cuna notevole immigrazione e l\u2019avvio di nuove attivit\u00e0 come quella dei carbonai che producevano e trasportavano il carbone dolce, o dei fabbri per la lavorazione del ferro, per il quale funzionava addirittura una fonderia\u201d. La nuova situazione determin\u00f2 una ulteriore e profonda modificazione del territorio della Val Fiorentina e l\u2019aumento della popolazione stabile costrinse ad estendere ancora una volta le terre coltivabili con gli abitanti di Toffol e di L\u2019Andria che coltivarono campi fino a 1600 metri di quota raggiungendo con i loro seminati le localit\u00e0 di Somasief e Pien de Col\u00f2; per la produzione del fieno furono reperiti prti ad alta quota in Fertazza, in Possedera e nelle zone alte soprastanti il paese (\u00f2e Frene). Ci si spinse fino a falciare i ripidi pendii, p \u2018pale\u2019 sottostantio le rocce dfel Piz del Corvo (Rivigo, Saulon, Palemoze) e sotto il monte Cernera (Pale de Matia, Palota), fino a raggiungere le disagiate e pericolosissime cengie )p \u2018viei\u2019) a duemila metri di altitudine. Negli ultimi secoli &#8211; prosegue il resoconto di Lorenzo Dell\u2019Andrea &#8211; cessarono le attivit\u00e0 legate allo sfruttamento delle miniere e vi fu un impoverimento generale che porto ad una forte emigrazione. L\u2019aspetto del paese rimase sostanzialmente immutato fino a tutta la met\u00e0 del secolo, cio\u00e8 fino al secondo dopoguerra. Le \u2018vile\u2019 rimasero nelle stesse dimensioni dei secoli precedenti, campi e prati continuarono ad essere lavorati intensamente per la sopravvivenza, i pascoli fornirono alimenti preziosi per le centinaia di mucche del paese. Poi, a partire dagli anni \u201960, tutto cambi\u00f2, dapprima lentamente poi vorticosamente. \u201cFino al punto che non solo oggi il \u2018cacciatore di Mondeval de Sora\u2019 non riconoscerebbe pi\u00f9 la vallata, ma la troverebbe molto (o totalmente!) diversa perfino chi l\u2019avesse vista per l\u2019ultima volta soltanto quaranta o cinquanta anni fa\u201d.<\/p>\n\n\t\t\t<style type='text\/css'>\n\t\t\t\t#gallery-1 {\n\t\t\t\t\tmargin: auto;\n\t\t\t\t}\n\t\t\t\t#gallery-1 .gallery-item {\n\t\t\t\t\tfloat: left;\n\t\t\t\t\tmargin-top: 10px;\n\t\t\t\t\ttext-align: center;\n\t\t\t\t\twidth: 16%;\n\t\t\t\t}\n\t\t\t\t#gallery-1 img {\n\t\t\t\t\tborder: 2px solid #cfcfcf;\n\t\t\t\t}\n\t\t\t\t#gallery-1 .gallery-caption {\n\t\t\t\t\tmargin-left: 0;\n\t\t\t\t}\n\t\t\t\t\/* see gallery_shortcode() in wp-includes\/media.php *\/\n\t\t\t<\/style>\n\t\t<div id='gallery-1' class='dt-gallery-container gallery galleryid-250311 gallery-columns-6 gallery-size-thumbnail'><dl class='gallery-item'>\n\t\t\t\t<dt class='gallery-icon landscape'>\n\t\t\t\t\t<a class=\"rollover rollover-zoom dt-pswp-item\" title=\"266743183_670780627634836_5996567152531309073_n\" data-dt-img-description=\"\" data-large_image_width=\"296\" data-large_image_height=\"202\"href='https:\/\/www.radiopiu.net\/wordpress\/wp-content\/uploads\/2021\/12\/266743183_670780627634836_5996567152531309073_n.jpg'><img loading=\"lazy\" decoding=\"async\" width=\"150\" height=\"150\" src=\"https:\/\/www.radiopiu.net\/wordpress\/wp-content\/uploads\/2021\/12\/266743183_670780627634836_5996567152531309073_n-150x150.jpg\" class=\"attachment-thumbnail size-thumbnail\" alt=\"\" \/><\/a>\n\t\t\t\t<\/dt><\/dl><dl class='gallery-item'>\n\t\t\t\t<dt class='gallery-icon landscape'>\n\t\t\t\t\t<a class=\"rollover rollover-zoom dt-pswp-item\" title=\"267135820_917502738895473_3248596563152116743_n\" data-dt-img-description=\"\" data-large_image_width=\"350\" data-large_image_height=\"202\"href='https:\/\/www.radiopiu.net\/wordpress\/wp-content\/uploads\/2021\/12\/267135820_917502738895473_3248596563152116743_n.jpg'><img loading=\"lazy\" decoding=\"async\" width=\"150\" height=\"150\" src=\"https:\/\/www.radiopiu.net\/wordpress\/wp-content\/uploads\/2021\/12\/267135820_917502738895473_3248596563152116743_n-150x150.jpg\" class=\"attachment-thumbnail size-thumbnail\" alt=\"\" \/><\/a>\n\t\t\t\t<\/dt><\/dl><dl class='gallery-item'>\n\t\t\t\t<dt class='gallery-icon landscape'>\n\t\t\t\t\t<a class=\"rollover rollover-zoom dt-pswp-item\" title=\"267814823_803293494402140_3192015884066964196_n\" data-dt-img-description=\"\" data-large_image_width=\"217\" data-large_image_height=\"206\"href='https:\/\/www.radiopiu.net\/wordpress\/wp-content\/uploads\/2021\/12\/267814823_803293494402140_3192015884066964196_n.jpg'><img loading=\"lazy\" decoding=\"async\" width=\"150\" height=\"150\" src=\"https:\/\/www.radiopiu.net\/wordpress\/wp-content\/uploads\/2021\/12\/267814823_803293494402140_3192015884066964196_n-150x150.jpg\" class=\"attachment-thumbnail size-thumbnail\" alt=\"\" \/><\/a>\n\t\t\t\t<\/dt><\/dl><dl class='gallery-item'>\n\t\t\t\t<dt class='gallery-icon portrait'>\n\t\t\t\t\t<a class=\"rollover rollover-zoom dt-pswp-item\" title=\"268186345_419269756551628_7176868597365630781_n\" data-dt-img-description=\"\" data-large_image_width=\"158\" data-large_image_height=\"225\"href='https:\/\/www.radiopiu.net\/wordpress\/wp-content\/uploads\/2021\/12\/268186345_419269756551628_7176868597365630781_n.jpg'><img loading=\"lazy\" decoding=\"async\" width=\"150\" height=\"150\" src=\"https:\/\/www.radiopiu.net\/wordpress\/wp-content\/uploads\/2021\/12\/268186345_419269756551628_7176868597365630781_n-150x150.jpg\" class=\"attachment-thumbnail size-thumbnail\" alt=\"\" \/><\/a>\n\t\t\t\t<\/dt><\/dl><dl class='gallery-item'>\n\t\t\t\t<dt class='gallery-icon portrait'>\n\t\t\t\t\t<a class=\"rollover rollover-zoom dt-pswp-item\" title=\"269262865_1529461637426976_2021167744271797589_n\" data-dt-img-description=\"\" data-large_image_width=\"156\" data-large_image_height=\"206\"href='https:\/\/www.radiopiu.net\/wordpress\/wp-content\/uploads\/2021\/12\/269262865_1529461637426976_2021167744271797589_n.jpg'><img loading=\"lazy\" decoding=\"async\" width=\"150\" height=\"150\" src=\"https:\/\/www.radiopiu.net\/wordpress\/wp-content\/uploads\/2021\/12\/269262865_1529461637426976_2021167744271797589_n-150x150.jpg\" class=\"attachment-thumbnail size-thumbnail\" alt=\"\" \/><\/a>\n\t\t\t\t<\/dt><\/dl><dl class='gallery-item'>\n\t\t\t\t<dt class='gallery-icon portrait'>\n\t\t\t\t\t<a class=\"rollover rollover-zoom dt-pswp-item\" title=\"269308832_492495335507107_1626107676335340061_n\" data-dt-img-description=\"\" data-large_image_width=\"180\" data-large_image_height=\"204\"href='https:\/\/www.radiopiu.net\/wordpress\/wp-content\/uploads\/2021\/12\/269308832_492495335507107_1626107676335340061_n.jpg'><img loading=\"lazy\" decoding=\"async\" width=\"150\" height=\"150\" src=\"https:\/\/www.radiopiu.net\/wordpress\/wp-content\/uploads\/2021\/12\/269308832_492495335507107_1626107676335340061_n-150x150.jpg\" class=\"attachment-thumbnail size-thumbnail\" alt=\"\" \/><\/a>\n\t\t\t\t<\/dt><\/dl><br style=\"clear: both\" \/><dl class='gallery-item'>\n\t\t\t\t<dt class='gallery-icon landscape'>\n\t\t\t\t\t<a class=\"rollover rollover-zoom dt-pswp-item\" title=\"269308832_1374552436319061_5049544214517017989_n\" data-dt-img-description=\"\" data-large_image_width=\"344\" data-large_image_height=\"206\"href='https:\/\/www.radiopiu.net\/wordpress\/wp-content\/uploads\/2021\/12\/269308832_1374552436319061_5049544214517017989_n.jpg'><img loading=\"lazy\" decoding=\"async\" width=\"150\" height=\"150\" src=\"https:\/\/www.radiopiu.net\/wordpress\/wp-content\/uploads\/2021\/12\/269308832_1374552436319061_5049544214517017989_n-150x150.jpg\" class=\"attachment-thumbnail size-thumbnail\" alt=\"\" \/><\/a>\n\t\t\t\t<\/dt><\/dl><dl class='gallery-item'>\n\t\t\t\t<dt class='gallery-icon landscape'>\n\t\t\t\t\t<a class=\"rollover rollover-zoom dt-pswp-item\" title=\"269546633_460198382491190_8900774065265367742_n\" data-dt-img-description=\"\" data-large_image_width=\"320\" data-large_image_height=\"206\"href='https:\/\/www.radiopiu.net\/wordpress\/wp-content\/uploads\/2021\/12\/269546633_460198382491190_8900774065265367742_n.jpg'><img loading=\"lazy\" decoding=\"async\" width=\"150\" height=\"150\" src=\"https:\/\/www.radiopiu.net\/wordpress\/wp-content\/uploads\/2021\/12\/269546633_460198382491190_8900774065265367742_n-150x150.jpg\" class=\"attachment-thumbnail size-thumbnail\" alt=\"\" \/><\/a>\n\t\t\t\t<\/dt><\/dl><dl class='gallery-item'>\n\t\t\t\t<dt class='gallery-icon landscape'>\n\t\t\t\t\t<a class=\"rollover rollover-zoom dt-pswp-item\" title=\"269617418_261612016062706_8319865751868684443_n\" data-dt-img-description=\"\" data-large_image_width=\"320\" data-large_image_height=\"201\"href='https:\/\/www.radiopiu.net\/wordpress\/wp-content\/uploads\/2021\/12\/269617418_261612016062706_8319865751868684443_n.jpg'><img loading=\"lazy\" decoding=\"async\" width=\"150\" height=\"150\" src=\"https:\/\/www.radiopiu.net\/wordpress\/wp-content\/uploads\/2021\/12\/269617418_261612016062706_8319865751868684443_n-150x150.jpg\" class=\"attachment-thumbnail size-thumbnail\" alt=\"\" \/><\/a>\n\t\t\t\t<\/dt><\/dl><dl class='gallery-item'>\n\t\t\t\t<dt class='gallery-icon landscape'>\n\t\t\t\t\t<a class=\"rollover rollover-zoom dt-pswp-item\" title=\"269686602_333102118634910_8571236030010507455_n\" data-dt-img-description=\"\" data-large_image_width=\"281\" data-large_image_height=\"206\"href='https:\/\/www.radiopiu.net\/wordpress\/wp-content\/uploads\/2021\/12\/269686602_333102118634910_8571236030010507455_n.jpg'><img loading=\"lazy\" decoding=\"async\" width=\"150\" height=\"150\" src=\"https:\/\/www.radiopiu.net\/wordpress\/wp-content\/uploads\/2021\/12\/269686602_333102118634910_8571236030010507455_n-150x150.jpg\" class=\"attachment-thumbnail size-thumbnail\" alt=\"\" \/><\/a>\n\t\t\t\t<\/dt><\/dl><dl class='gallery-item'>\n\t\t\t\t<dt class='gallery-icon landscape'>\n\t\t\t\t\t<a class=\"rollover rollover-zoom dt-pswp-item\" title=\"269788003_670044787322703_3591933498523761314_n\" data-dt-img-description=\"\" data-large_image_width=\"316\" data-large_image_height=\"206\"href='https:\/\/www.radiopiu.net\/wordpress\/wp-content\/uploads\/2021\/12\/269788003_670044787322703_3591933498523761314_n.jpg'><img loading=\"lazy\" decoding=\"async\" width=\"150\" height=\"150\" src=\"https:\/\/www.radiopiu.net\/wordpress\/wp-content\/uploads\/2021\/12\/269788003_670044787322703_3591933498523761314_n-150x150.jpg\" class=\"attachment-thumbnail size-thumbnail\" alt=\"\" \/><\/a>\n\t\t\t\t<\/dt><\/dl><dl class='gallery-item'>\n\t\t\t\t<dt class='gallery-icon landscape'>\n\t\t\t\t\t<a class=\"rollover rollover-zoom dt-pswp-item\" title=\"269817315_436153741547353_1605126954432316167_n\" data-dt-img-description=\"\" data-large_image_width=\"338\" data-large_image_height=\"206\"href='https:\/\/www.radiopiu.net\/wordpress\/wp-content\/uploads\/2021\/12\/269817315_436153741547353_1605126954432316167_n.jpg'><img loading=\"lazy\" decoding=\"async\" width=\"150\" height=\"150\" src=\"https:\/\/www.radiopiu.net\/wordpress\/wp-content\/uploads\/2021\/12\/269817315_436153741547353_1605126954432316167_n-150x150.jpg\" class=\"attachment-thumbnail size-thumbnail\" alt=\"\" \/><\/a>\n\t\t\t\t<\/dt><\/dl><br style=\"clear: both\" \/><dl class='gallery-item'>\n\t\t\t\t<dt class='gallery-icon landscape'>\n\t\t\t\t\t<a class=\"rollover rollover-zoom dt-pswp-item\" title=\"269897276_338109967857058_186352694695648506_n\" data-dt-img-description=\"\" data-large_image_width=\"350\" data-large_image_height=\"206\"href='https:\/\/www.radiopiu.net\/wordpress\/wp-content\/uploads\/2021\/12\/269897276_338109967857058_186352694695648506_n.jpg'><img loading=\"lazy\" decoding=\"async\" width=\"150\" height=\"150\" src=\"https:\/\/www.radiopiu.net\/wordpress\/wp-content\/uploads\/2021\/12\/269897276_338109967857058_186352694695648506_n-150x150.jpg\" class=\"attachment-thumbnail size-thumbnail\" alt=\"\" \/><\/a>\n\t\t\t\t<\/dt><\/dl><dl class='gallery-item'>\n\t\t\t\t<dt class='gallery-icon landscape'>\n\t\t\t\t\t<a class=\"rollover rollover-zoom dt-pswp-item\" title=\"269932449_954056885210976_1980172581310545068_n\" data-dt-img-description=\"\" data-large_image_width=\"335\" data-large_image_height=\"206\"href='https:\/\/www.radiopiu.net\/wordpress\/wp-content\/uploads\/2021\/12\/269932449_954056885210976_1980172581310545068_n.jpg'><img loading=\"lazy\" decoding=\"async\" width=\"150\" height=\"150\" src=\"https:\/\/www.radiopiu.net\/wordpress\/wp-content\/uploads\/2021\/12\/269932449_954056885210976_1980172581310545068_n-150x150.jpg\" class=\"attachment-thumbnail size-thumbnail\" alt=\"\" \/><\/a>\n\t\t\t\t<\/dt><\/dl><dl class='gallery-item'>\n\t\t\t\t<dt class='gallery-icon landscape'>\n\t\t\t\t\t<a class=\"rollover rollover-zoom dt-pswp-item\" title=\"269969408_950961812513406_6862966440800379213_n\" data-dt-img-description=\"\" data-large_image_width=\"293\" data-large_image_height=\"206\"href='https:\/\/www.radiopiu.net\/wordpress\/wp-content\/uploads\/2021\/12\/269969408_950961812513406_6862966440800379213_n.jpg'><img loading=\"lazy\" decoding=\"async\" width=\"150\" height=\"150\" src=\"https:\/\/www.radiopiu.net\/wordpress\/wp-content\/uploads\/2021\/12\/269969408_950961812513406_6862966440800379213_n-150x150.jpg\" class=\"attachment-thumbnail size-thumbnail\" alt=\"\" \/><\/a>\n\t\t\t\t<\/dt><\/dl><dl class='gallery-item'>\n\t\t\t\t<dt class='gallery-icon portrait'>\n\t\t\t\t\t<a class=\"rollover rollover-zoom dt-pswp-item\" title=\"270007342_339305674368698_925108212631328009_n\" data-dt-img-description=\"\" data-large_image_width=\"168\" data-large_image_height=\"204\"href='https:\/\/www.radiopiu.net\/wordpress\/wp-content\/uploads\/2021\/12\/270007342_339305674368698_925108212631328009_n.jpg'><img loading=\"lazy\" decoding=\"async\" width=\"150\" height=\"150\" src=\"https:\/\/www.radiopiu.net\/wordpress\/wp-content\/uploads\/2021\/12\/270007342_339305674368698_925108212631328009_n-150x150.jpg\" class=\"attachment-thumbnail size-thumbnail\" alt=\"\" \/><\/a>\n\t\t\t\t<\/dt><\/dl><dl class='gallery-item'>\n\t\t\t\t<dt class='gallery-icon portrait'>\n\t\t\t\t\t<a class=\"rollover rollover-zoom dt-pswp-item\" title=\"270024825_1092705981496048_9163895340263138896_n\" data-dt-img-description=\"\" data-large_image_width=\"155\" data-large_image_height=\"225\"href='https:\/\/www.radiopiu.net\/wordpress\/wp-content\/uploads\/2021\/12\/270024825_1092705981496048_9163895340263138896_n.jpg'><img loading=\"lazy\" decoding=\"async\" width=\"150\" height=\"150\" src=\"https:\/\/www.radiopiu.net\/wordpress\/wp-content\/uploads\/2021\/12\/270024825_1092705981496048_9163895340263138896_n-150x150.jpg\" class=\"attachment-thumbnail size-thumbnail\" alt=\"\" \/><\/a>\n\t\t\t\t<\/dt><\/dl><dl class='gallery-item'>\n\t\t\t\t<dt class='gallery-icon landscape'>\n\t\t\t\t\t<a class=\"rollover rollover-zoom dt-pswp-item\" title=\"270033282_344653740413645_2831638696614984800_n\" data-dt-img-description=\"\" data-large_image_width=\"396\" data-large_image_height=\"206\"href='https:\/\/www.radiopiu.net\/wordpress\/wp-content\/uploads\/2021\/12\/270033282_344653740413645_2831638696614984800_n.jpg'><img loading=\"lazy\" decoding=\"async\" width=\"150\" height=\"150\" src=\"https:\/\/www.radiopiu.net\/wordpress\/wp-content\/uploads\/2021\/12\/270033282_344653740413645_2831638696614984800_n-150x150.jpg\" class=\"attachment-thumbnail size-thumbnail\" alt=\"\" \/><\/a>\n\t\t\t\t<\/dt><\/dl><br style=\"clear: both\" \/>\n\t\t\t<\/div>\n\n<p>&nbsp;<\/p>\n<p>NELLE FOTO (Zanfron e riproduzioni dal libro \u201cSelva di Cadore come era\u201d): la copertina del volume con uno scorcio di Selva di Cadore verso la fine del 1800; il presidente dell\u2019Associazione stampa bellunese, Renato Bona, porta il saluto in occasione dei 70 anni de L\u2019Amico del Popolo\u201d diretto allora da don Lorenzo Dell\u2019Andrea (sulla destra); piazza San Lorenzo alla fine del XIX secolo (raccolta Aristide Bonifacio); Selva di Cadore nei primi anni del 1900; panoramica del paese nel primo dopoguerra; in primo piano il villaggio di Fiorentina abbandonato dopo l\u2019alluvione del 1966; Selva di Cadore verso l\u2019Averau; anni \u201930, sullo sfondo, verso la Marmolada, Pian e Colle Santa Lucia; da Zardin si vedono, sotto la chiesa i villaggi di Villa e Foppa; scorcio di Villa, in primo piano la casa di Ettore Zulian Gras \u201camerik\u00e0n\u201d; piazza San Lorenzo negli Anni \u201920; la strada che dalla Passadora portava a Rova; Marin negli anni \u201930; Zernadoi e Bernart negli anni \u201930 con i caratteristici fienili; Mortize negli anni \u201960; l\u2019Andria nel 1975; Toffol visto dalla \u2018barkonela del tabie de la Giustina de Tofol\u2019; Santa Fosca verso la fine degli anni 30; la stessa frazione nel 1954, in primo piano l\u2019Istituto elioterapico in via di completamento<\/p>\n","protected":false},"excerpt":{"rendered":"<p>di RENATO BONA \u201cSelva di Cadore come era\u201d (Selva da nosak\u00e0n\u201d). E\u2019 il titolo di un prestigioso volume di oltre 270 pagine che nel novembre del 1993 la tipografia Piave di Belluno ha stampato per conto dell\u2019Union de i Ladi\u00f1 de Selva. L\u2019autore? Un amico carissimo, che considero da sempre il mio padre spirituale: il&hellip;<\/p>\n","protected":false},"author":4,"featured_media":250318,"comment_status":"closed","ping_status":"open","sticky":false,"template":"","format":"standard","meta":{"_monsterinsights_skip_tracking":false,"_monsterinsights_sitenote_active":false,"_monsterinsights_sitenote_note":"","_monsterinsights_sitenote_category":0,"footnotes":""},"categories":[104,49],"tags":[],"class_list":["post-250311","post","type-post","status-publish","format-standard","has-post-thumbnail","hentry","category-evidenza_3","category-news-18","category-104","category-49","description-off"],"img_url":"https:\/\/www.radiopiu.net\/wordpress\/wp-content\/uploads\/2021\/12\/269308832_1374552436319061_5049544214517017989_n.jpg","_links":{"self":[{"href":"https:\/\/www.radiopiu.net\/wordpress\/wp-json\/wp\/v2\/posts\/250311","targetHints":{"allow":["GET"]}}],"collection":[{"href":"https:\/\/www.radiopiu.net\/wordpress\/wp-json\/wp\/v2\/posts"}],"about":[{"href":"https:\/\/www.radiopiu.net\/wordpress\/wp-json\/wp\/v2\/types\/post"}],"author":[{"embeddable":true,"href":"https:\/\/www.radiopiu.net\/wordpress\/wp-json\/wp\/v2\/users\/4"}],"replies":[{"embeddable":true,"href":"https:\/\/www.radiopiu.net\/wordpress\/wp-json\/wp\/v2\/comments?post=250311"}],"version-history":[{"count":0,"href":"https:\/\/www.radiopiu.net\/wordpress\/wp-json\/wp\/v2\/posts\/250311\/revisions"}],"wp:featuredmedia":[{"embeddable":true,"href":"https:\/\/www.radiopiu.net\/wordpress\/wp-json\/wp\/v2\/media\/250318"}],"wp:attachment":[{"href":"https:\/\/www.radiopiu.net\/wordpress\/wp-json\/wp\/v2\/media?parent=250311"}],"wp:term":[{"taxonomy":"category","embeddable":true,"href":"https:\/\/www.radiopiu.net\/wordpress\/wp-json\/wp\/v2\/categories?post=250311"},{"taxonomy":"post_tag","embeddable":true,"href":"https:\/\/www.radiopiu.net\/wordpress\/wp-json\/wp\/v2\/tags?post=250311"}],"curies":[{"name":"wp","href":"https:\/\/api.w.org\/{rel}","templated":true}]}}