{"id":250357,"date":"2021-12-28T20:30:57","date_gmt":"2021-12-28T19:30:57","guid":{"rendered":"https:\/\/www.radiopiu.net\/wordpress\/?p=250357"},"modified":"2021-12-29T05:57:00","modified_gmt":"2021-12-29T04:57:00","slug":"decreto-festivita-anef-veneto-ci-aggiorna-su-tutte-le-regole-per-sciare-in-sicurezza","status":"publish","type":"post","link":"https:\/\/www.radiopiu.net\/wordpress\/decreto-festivita-anef-veneto-ci-aggiorna-su-tutte-le-regole-per-sciare-in-sicurezza\/","title":{"rendered":"IL PRESIDENTE REGIONALE ANEF, MARCO GRIGOLETTO ALLA RADIO"},"content":{"rendered":"<p>&nbsp;<\/p>\n<p><a href=\"https:\/\/www.radiopiu.net\/wordpress\/anef-veneto-rinnova-il-consiglio-direttivo-il-nuovo-presidente-e-marco-grigoletto-a-d-di-sofma-spa-di-arabba\/foto_marco_grigoletto01\/\" rel=\"attachment wp-att-241599\"><img loading=\"lazy\" decoding=\"async\" class=\"size-medium wp-image-241599 alignright\" src=\"https:\/\/www.radiopiu.net\/wordpress\/wp-content\/uploads\/2021\/11\/foto_Marco_Grigoletto01-300x200.jpg\" alt=\"\" width=\"300\" height=\"200\" srcset=\"https:\/\/www.radiopiu.net\/wordpress\/wp-content\/uploads\/2021\/11\/foto_Marco_Grigoletto01-300x200.jpg 300w, https:\/\/www.radiopiu.net\/wordpress\/wp-content\/uploads\/2021\/11\/foto_Marco_Grigoletto01-1024x681.jpg 1024w, https:\/\/www.radiopiu.net\/wordpress\/wp-content\/uploads\/2021\/11\/foto_Marco_Grigoletto01-768x511.jpg 768w, https:\/\/www.radiopiu.net\/wordpress\/wp-content\/uploads\/2021\/11\/foto_Marco_Grigoletto01-1536x1021.jpg 1536w, https:\/\/www.radiopiu.net\/wordpress\/wp-content\/uploads\/2021\/11\/foto_Marco_Grigoletto01.jpg 1600w\" sizes=\"auto, (max-width: 300px) 100vw, 300px\" \/><\/a><strong>L&#8217;INTERVISTA<\/strong><\/p>\n<p><strong>di CLAUDIO FONTANIVE\u00a0<\/strong><\/p>\n<audio class=\"wp-audio-shortcode\" id=\"audio-250357-1\" preload=\"none\" style=\"width: 100%;\" controls=\"controls\"><source type=\"audio\/mpeg\" src=\"https:\/\/www.radiopiu.net\/wordpress\/wp-content\/uploads\/2021\/12\/marco-piccolo.mp3?_=1\" \/><a href=\"https:\/\/www.radiopiu.net\/wordpress\/wp-content\/uploads\/2021\/12\/marco-piccolo.mp3\">https:\/\/www.radiopiu.net\/wordpress\/wp-content\/uploads\/2021\/12\/marco-piccolo.mp3<\/a><\/audio>\n<p>&nbsp;<\/p>\n<p>&nbsp;<\/p>\n<hr \/>\n<blockquote><p><span style=\"color: #000000;\"><strong><em>DECRETO FESTIVIT\u00c0: ANEF VENETO CI AGGIORNA SU TUTTE LE REGOLE PER SCIARE IN SICUREZZA<br \/>\nDal notiziario del 26 dicembre 2021<\/em><\/strong><\/span><\/p><\/blockquote>\n<p><a href=\"https:\/\/www.radiopiu.net\/wordpress\/scuola-e-sport\/sci\/\" rel=\"attachment wp-att-192986\"><img loading=\"lazy\" decoding=\"async\" class=\"size-medium wp-image-192986 alignleft\" src=\"https:\/\/www.radiopiu.net\/wordpress\/wp-content\/uploads\/2021\/02\/sci-300x200.jpg\" alt=\"\" width=\"300\" height=\"200\" srcset=\"https:\/\/www.radiopiu.net\/wordpress\/wp-content\/uploads\/2021\/02\/sci-300x200.jpg 300w, https:\/\/www.radiopiu.net\/wordpress\/wp-content\/uploads\/2021\/02\/sci.jpg 626w\" sizes=\"auto, (max-width: 300px) 100vw, 300px\" \/><\/a>La principale novit\u00e0 specifica per lo sci introdotta dal Decreto Festivit\u00e0, approvato dal governo lo scorso 23 dicembre ed entrato in vigore il 25 dicembre \u00a0per far fronte al dilagare della variante Omicron in Italia, introduce <strong>l\u2019obbligo di utilizzo di mascherina di protezione delle vie respiratorie di tipo FFP2 o superiore. <\/strong>Nel decreto si prevede sin da ora l\u2019obbligo di utilizzo di mascherine FFP2 a copertura di naso e bocca <strong>per poter accedere agli impianti di risalita chiusi<\/strong> come funivie, cabinovie e seggiovie che utilizzano la copertura, <strong>anche in zona bianca. <\/strong>Siamo nel mezzo della stagione sciistica invernale e, in previsione dei grandi flussi previsti per le vacanze natalizie, l\u2019Associazione Nazionale Esercenti Funiviari del Veneto fa il punto e ci illustra come questa nuova norma si affianca gi\u00e0 da oggi alle diverse regole che vanno rispettate per poter accedere a impianti e piste, ecco quali: <strong>Obbligo di Green Pass (anche da tampone) in zona bianca e gialla; <\/strong><strong>in zona arancione o rossa <\/strong>\u00e8 richiesta la prova di avvenuta vaccinazione o guarigione dal Covid-19, attraverso l\u2019esibizione del <strong>Super Green pass<\/strong>. In questo senso in tutte e 12 valli del Dolomiti Superski, per poter garantire un ancor maggior livello di sicurezza, \u00e8 prevista la verifica puntuale del Green Pass per tutti gli accessi agli impianti di risalita di tipo chiuso (cabinovie funivie e seggiovie con cupola qualora sia utilizzata). La verifica avviene attraverso un sistema di attivazione dello skipass che richiede la validazione dello stesso direttamente in cassa oppure attraverso l\u2019applicazione Dolomiti Superski, il sito web Dolomiti Superski e le colonnine Ticket Box di emissione automatica degli skipass acquistati online. Nelle altre aree sciistiche esterne al superski i controlli possono essere fatti a campione se deciso dalle singole societ\u00e0. <strong>Riduzione della capienza all\u201980%per gli impianti di risalita di tipo\u00a0chiuso<\/strong> (funivie, cabinovie e seggiovie con cupola paravento se utilizzata) mentre non vi \u00e8 alcun limite per skilift e seggiovie aperte.\u00a0<strong>Assicurazione obbligatoria e casco per i minorenni con l\u2019entrata in vigore della Legge di cui al Dlgs 40\/2021.<\/strong> A partire dal 1\u00b0 gennaio 2022, indipendentemente dall\u2019emergenza sanitaria, diventa obbligatoria per lo sciatore la sottoscrizione di una polizza assicurativaper la responsabilit\u00e0 civile per i danni provocati a cose o persone. Suddetta polizza potr\u00e0 essere acquistata presso una qualsiasi agenzia assicurativa, nel sito di Dolomiti Superski oppure direttamente presso le casse dei comprensori del circuito Dolomiti Superski al costo di \u20ac 3 al giorno. E\u2019 consigliato allo sciatore di verificare se non ne sia gi\u00e0 in possesso magari con l\u2019iscrizione a qualche centro sportivo. Diventa inoltre obbligatorio indossare un casco protettivo per tutti i minorenni che sulle piste pratichino sci e snowboard. L\u2019obbligo \u00e8 gi\u00e0 in vigore, ma solo fino ai 14 anni. Verr\u00e0 cos\u00ec esteso anche agli sciatori di et\u00e0 compresa fra i 15 e i 18 anni.<em>\u00a0<\/em><\/p>\n<p>&nbsp;<\/p>\n<p>&nbsp;<\/p>\n<p>&nbsp;<\/p>\n<p>******<\/p>\n","protected":false},"excerpt":{"rendered":"<p>&nbsp; L&#8217;INTERVISTA di CLAUDIO FONTANIVE\u00a0 &nbsp; &nbsp; DECRETO FESTIVIT\u00c0: ANEF VENETO CI AGGIORNA SU TUTTE LE REGOLE PER SCIARE IN SICUREZZA Dal notiziario del 26 dicembre 2021 La principale novit\u00e0 specifica per lo sci introdotta dal Decreto Festivit\u00e0, approvato dal governo lo scorso 23 dicembre ed entrato in vigore il 25 dicembre \u00a0per far fronte&hellip;<\/p>\n","protected":false},"author":4,"featured_media":192986,"comment_status":"closed","ping_status":"open","sticky":false,"template":"","format":"standard","meta":{"_monsterinsights_skip_tracking":false,"_monsterinsights_sitenote_active":false,"_monsterinsights_sitenote_note":"","_monsterinsights_sitenote_category":0,"footnotes":""},"categories":[51,49],"tags":[],"class_list":["post-250357","post","type-post","status-publish","format-standard","has-post-thumbnail","hentry","category-evidenza-top","category-news-18","category-51","category-49","description-off"],"img_url":"https:\/\/www.radiopiu.net\/wordpress\/wp-content\/uploads\/2021\/02\/sci.jpg","_links":{"self":[{"href":"https:\/\/www.radiopiu.net\/wordpress\/wp-json\/wp\/v2\/posts\/250357","targetHints":{"allow":["GET"]}}],"collection":[{"href":"https:\/\/www.radiopiu.net\/wordpress\/wp-json\/wp\/v2\/posts"}],"about":[{"href":"https:\/\/www.radiopiu.net\/wordpress\/wp-json\/wp\/v2\/types\/post"}],"author":[{"embeddable":true,"href":"https:\/\/www.radiopiu.net\/wordpress\/wp-json\/wp\/v2\/users\/4"}],"replies":[{"embeddable":true,"href":"https:\/\/www.radiopiu.net\/wordpress\/wp-json\/wp\/v2\/comments?post=250357"}],"version-history":[{"count":0,"href":"https:\/\/www.radiopiu.net\/wordpress\/wp-json\/wp\/v2\/posts\/250357\/revisions"}],"wp:featuredmedia":[{"embeddable":true,"href":"https:\/\/www.radiopiu.net\/wordpress\/wp-json\/wp\/v2\/media\/192986"}],"wp:attachment":[{"href":"https:\/\/www.radiopiu.net\/wordpress\/wp-json\/wp\/v2\/media?parent=250357"}],"wp:term":[{"taxonomy":"category","embeddable":true,"href":"https:\/\/www.radiopiu.net\/wordpress\/wp-json\/wp\/v2\/categories?post=250357"},{"taxonomy":"post_tag","embeddable":true,"href":"https:\/\/www.radiopiu.net\/wordpress\/wp-json\/wp\/v2\/tags?post=250357"}],"curies":[{"name":"wp","href":"https:\/\/api.w.org\/{rel}","templated":true}]}}