{"id":250360,"date":"2021-12-28T05:44:35","date_gmt":"2021-12-28T04:44:35","guid":{"rendered":"https:\/\/www.radiopiu.net\/wordpress\/?p=250360"},"modified":"2021-12-28T09:19:21","modified_gmt":"2021-12-28T08:19:21","slug":"giornale-radiopiu-28-dicembre-2021-direttore-mirko-mezzacasa","status":"publish","type":"post","link":"https:\/\/www.radiopiu.net\/wordpress\/giornale-radiopiu-28-dicembre-2021-direttore-mirko-mezzacasa\/","title":{"rendered":"GIORNALE RADIOPIU 28 DICEMBRE 2021 DIRETTORE MIRKO MEZZACASA"},"content":{"rendered":"<h3 class=\"kvgmc6g5 cxmmr5t8 oygrvhab hcukyx3x c1et5uql\"><span style=\"color: #0000ff;\"><strong>INFORMAZIONE il canale su TELEGRAM informazione di prima mano e in tempo reale. iscriviti ed aiutaci a farlo conoscere\u00a0 \u00a0 \u00a0<\/strong><\/span><\/h3>\n<hr \/>\n<p>&nbsp;<\/p>\n<p>&nbsp;<\/p>\n<p><a href=\"https:\/\/www.radiopiu.net\/wordpress\/anef-veneto-rinnova-il-consiglio-direttivo-il-nuovo-presidente-e-marco-grigoletto-a-d-di-sofma-spa-di-arabba\/foto_marco_grigoletto01\/\" rel=\"attachment wp-att-241599\"><img loading=\"lazy\" decoding=\"async\" class=\"wp-image-241599 alignleft\" src=\"https:\/\/www.radiopiu.net\/wordpress\/wp-content\/uploads\/2021\/11\/foto_Marco_Grigoletto01-300x200.jpg\" alt=\"\" width=\"167\" height=\"111\" srcset=\"https:\/\/www.radiopiu.net\/wordpress\/wp-content\/uploads\/2021\/11\/foto_Marco_Grigoletto01-300x200.jpg 300w, https:\/\/www.radiopiu.net\/wordpress\/wp-content\/uploads\/2021\/11\/foto_Marco_Grigoletto01-1024x681.jpg 1024w, https:\/\/www.radiopiu.net\/wordpress\/wp-content\/uploads\/2021\/11\/foto_Marco_Grigoletto01-768x511.jpg 768w, https:\/\/www.radiopiu.net\/wordpress\/wp-content\/uploads\/2021\/11\/foto_Marco_Grigoletto01-1536x1021.jpg 1536w, https:\/\/www.radiopiu.net\/wordpress\/wp-content\/uploads\/2021\/11\/foto_Marco_Grigoletto01.jpg 1600w\" sizes=\"auto, (max-width: 167px) 100vw, 167px\" \/><\/a><strong>IL FUTURO DELLA STAGIONE TURISTICA INVERNALE NEI GIORNI IN CUI ARRIVANO I RISTORI CHE\u00a0 27 AZIENDE ATTENDONO DA DUE ANNI. OGGI ALLE 10.30 E ALLE 18 LO SPECIALE ALLA RADIO, OSPITE MARCO GRIGOLETTO PRESIDENTE VENETO ANEF-ESERCENTI FUNIVIARI<\/strong><\/p>\n<p>&nbsp;<\/p>\n<p>&nbsp;<\/p>\n<p>&nbsp;<\/p>\n<hr \/>\n<blockquote><p><strong>\u00a0<\/strong><\/p>\n<p><strong>IL MERAVIGLIOSO PRESEPE IN PIAZZA A FRASSENE&#8217;\u00a0 DI VOLTAGO AGORDINO<\/strong><\/p><\/blockquote>\n<p>https:\/\/www.facebook.com\/mirko.mezzacasa\/videos\/1264434847367929<\/p>\n<p>&nbsp;<\/p>\n<p>&nbsp;<\/p>\n<hr \/>\n<p>&nbsp;<\/p>\n<blockquote>\n<h3>VARIANTE OMICRON DIFFUSA NEL BELLUNESE COME\u00a0 NEL RESTO D&#8217;ITALIA<\/h3>\n<\/blockquote>\n<p><strong>BELLUNO <\/strong>Nell\u2019ambito dei sequenziamenti effettuati dall\u2019Istituto Zooprofilattico delle Venezie il 21 dicembre, nei 21 tamponi inviati a sequenziamento dall\u2019Ulss Dolomiti, in base al protocollo di studio, 2 sono risultati positivi per la variante Omicron. Si tratta dei test di due giovani sintomatici (uno del 2002 e uno del 1992) residenti nel Bellunese. Il dato dimostra che la variante \u00e8 diffusa nel territorio, come nel resto della regione e d\u2019Italia nel circa il 10% dei casi.<\/p>\n<p>&nbsp;<\/p>\n<p>&nbsp;<\/p>\n<hr \/>\n<blockquote>\n<h3>ARRIVA LA NUOVA TRUFFA SU MESSENGER DI FACEBOOK<\/h3>\n<\/blockquote>\n<p><strong><a href=\"https:\/\/www.radiopiu.net\/wordpress\/arriva-la-nuova-truffa-su-messenger-di-facebook\/messenger-facebook\/\" rel=\"attachment wp-att-250528\"><img loading=\"lazy\" decoding=\"async\" class=\"size-medium wp-image-250528 alignleft\" src=\"https:\/\/www.radiopiu.net\/wordpress\/wp-content\/uploads\/2021\/12\/MESSENGER-FACEBOOK-300x158.png\" alt=\"\" width=\"300\" height=\"158\" srcset=\"https:\/\/www.radiopiu.net\/wordpress\/wp-content\/uploads\/2021\/12\/MESSENGER-FACEBOOK-300x158.png 300w, https:\/\/www.radiopiu.net\/wordpress\/wp-content\/uploads\/2021\/12\/MESSENGER-FACEBOOK-1024x538.png 1024w, https:\/\/www.radiopiu.net\/wordpress\/wp-content\/uploads\/2021\/12\/MESSENGER-FACEBOOK-768x403.png 768w, https:\/\/www.radiopiu.net\/wordpress\/wp-content\/uploads\/2021\/12\/MESSENGER-FACEBOOK-1536x806.png 1536w, https:\/\/www.radiopiu.net\/wordpress\/wp-content\/uploads\/2021\/12\/MESSENGER-FACEBOOK-2048x1075.png 2048w\" sizes=\"auto, (max-width: 300px) 100vw, 300px\" \/><\/a>REDAZIONE<\/strong> Ogni giorno nasce una nuova truffa all&#8217;interno dei social network. Tra messaggi Whatsapp con premi fasulli, SMS che invitano a cliccare un link per sbloccare un pacco in arrivo, mail con richieste di riscatto in bitcoin e richieste di amicizia fasulle su Facebook, oggi tocca al sistema di messaggeria proprio del social pi\u00f9 usato a livello mondiale: Messenger. Nelle ultime ore girano dei messaggi, per lo pi\u00f9 inviati da amici confermati, con un messaggio chiaro: &#8220;Ci ha lasciato!!!&#8221; e sotto un link. La persona curiosa che va a cliccare il link viene trasferito su un sito dove i malintenzionati rubano le credenzialit\u00e0 del malcapitato. A chi dovesse arrivare un messaggio del genere dalle proprie amicizie non esiti a cancellarlo immediatamente e non apra soprattutto il link allegato al messaggio.<\/p>\n<p>&nbsp;<\/p>\n<p>&nbsp;<\/p>\n<hr \/>\n<p>&nbsp;<\/p>\n<h3>INFARTO IN RIFUGIO, SALVATO CON IL DEFIBRILLATORE<\/h3>\n<div id=\"articleToolBar\">\n<div id=\"articleToolBarContent\"><\/div>\n<\/div>\n<div id=\"articleContent\" class=\"mercuryWrapper\">\n<div class=\"mercuryScroller\">\n<div class=\"mercuryElement\">\n<div class=\"mercuryBox\">\n<div id=\"articlePlain\">\n<div class=\"addthis_sharing_toolbox\" style=\"text-align: left;\" data-url=\"https:\/\/sfoglio.corrierealpi.gelocal.it\/share_article.php?article_id=9672985\" data-title=\"Colto da infarto sul Nevegalsciatore defibrillato in rifugio\"><strong><a href=\"https:\/\/www.radiopiu.net\/wordpress\/donati-due-totem-con-defibrillatori\/defibrillatore-2-2\/\" rel=\"attachment wp-att-50243\"><img loading=\"lazy\" decoding=\"async\" class=\"wp-image-50243 alignright\" src=\"https:\/\/www.radiopiu.net\/wordpress\/wp-content\/uploads\/2018\/06\/Defibrillatore-2-200x300.jpg\" alt=\"\" width=\"63\" height=\"94\" srcset=\"https:\/\/www.radiopiu.net\/wordpress\/wp-content\/uploads\/2018\/06\/Defibrillatore-2-200x300.jpg 200w, https:\/\/www.radiopiu.net\/wordpress\/wp-content\/uploads\/2018\/06\/Defibrillatore-2-768x1152.jpg 768w, https:\/\/www.radiopiu.net\/wordpress\/wp-content\/uploads\/2018\/06\/Defibrillatore-2-683x1024.jpg 683w\" sizes=\"auto, (max-width: 63px) 100vw, 63px\" \/><\/a>BELLUNO <\/strong>Un uomo di 53 anni di Belluno \u00e8 stato salvato ieri mattina alle 10.30 al rifugio La Grava dove, per la fortuna dell&#8217;uomo, c&#8217;era un\u00a0cardiologo svizzero cliente del locale. L&#8217;uomo stava passeggiando con la figlia ventenne quando \u00e8 sopraggiunto il malore e la squadra del Soccorso Dolomiti guidata da Antonio Menegon ha portato il defibrillatore. Poi \u00e8 arrivata l&#8217;equipe del Suem, che \u00e8 stata catapultata nella struttura con Falco.\u00a0 Il cardiologo\u00a0 ha fatto il suo dovere. Infine l&#8217;uomo \u00e8 stato portato all&#8217;ospedale San Martino per ulteriori controlli.<strong><br \/>\n<\/strong><\/div>\n<div data-url=\"https:\/\/sfoglio.corrierealpi.gelocal.it\/share_article.php?article_id=9672985\" data-title=\"Colto da infarto sul Nevegalsciatore defibrillato in rifugio\"><\/div>\n<div data-url=\"https:\/\/sfoglio.corrierealpi.gelocal.it\/share_article.php?article_id=9672985\" data-title=\"Colto da infarto sul Nevegalsciatore defibrillato in rifugio\"><\/div>\n<blockquote>\n<div data-url=\"https:\/\/sfoglio.corrierealpi.gelocal.it\/share_article.php?article_id=9672985\" data-title=\"Colto da infarto sul Nevegalsciatore defibrillato in rifugio\"><\/div>\n<\/blockquote>\n<div data-url=\"https:\/\/sfoglio.corrierealpi.gelocal.it\/share_article.php?article_id=9672985\" data-title=\"Colto da infarto sul Nevegalsciatore defibrillato in rifugio\"><\/div>\n<div data-url=\"https:\/\/sfoglio.corrierealpi.gelocal.it\/share_article.php?article_id=9672985\" data-title=\"Colto da infarto sul Nevegalsciatore defibrillato in rifugio\">\n<hr \/>\n<\/div>\n<div data-url=\"https:\/\/sfoglio.corrierealpi.gelocal.it\/share_article.php?article_id=9672985\" data-title=\"Colto da infarto sul Nevegalsciatore defibrillato in rifugio\"><\/div>\n<blockquote>\n<div data-url=\"https:\/\/sfoglio.corrierealpi.gelocal.it\/share_article.php?article_id=9672985\" data-title=\"Colto da infarto sul Nevegalsciatore defibrillato in rifugio\"><\/div>\n<\/blockquote>\n<\/div>\n<\/div>\n<\/div>\n<\/div>\n<\/div>\n<div><\/div>\n<blockquote>\n<div><\/div>\n<\/blockquote>\n<hr \/>\n<blockquote>\n<h3>COVID IN PROVINCIA: QUASI 1600 PERSONE ATTUALMENTE POSITIVE, 45 PERSONE RICOVERATE DI CUI IL 62% NON VACCINATE, VARIANTE OMICRON CONTAGIATI DUE\u00a0 GIOVANI\u00a0 DI 20 E 30 ANNI<\/h3>\n<\/blockquote>\n<p><strong>BELLUNO<\/strong> Aggiornamento settimanale dell&#8217;Ulss 1 Dolomiti sull&#8217;andamento epidemiologico in provincia di Belluno.<\/p>\n<table width=\"652\">\n<tbody>\n<tr>\n<td width=\"326\"><strong>ATTUALI POSITIVI<\/strong><\/td>\n<td width=\"326\">1592<\/td>\n<\/tr>\n<tr>\n<td width=\"326\"><strong>Persone in isolamento\/quarantena<\/strong><\/td>\n<td width=\"326\">2653<\/td>\n<\/tr>\n<\/tbody>\n<\/table>\n<p>&nbsp;<\/p>\n<p>Si conferma, pur con variabilit\u00e0 giornaliera, un costante incremento delle nuove positivit\u00e0 registrate. Nel dettaglio, i nuovi casi rilevati nell\u2019ultima settimana sono <strong>790 <\/strong>(+95 rispetto alla scorsa settimana), con un conseguente tasso di incidenza settimanale di <strong>396 casi su 100 mila abitanti<\/strong>, in aumento rispetto alla settimana precedente, e <strong>inferiore all&#8217;incidenza nazionale<\/strong> (436 su 100 mila abitanti). Nella settimana trascorsa i nuovi casi si collocano, in continuit\u00e0 con le rilevazioni precedenti prevalentemente nelle fasce centrali 25-64 anni e nella fascia 0-14 anni. Nella settimana qui analizzata si conferma il trend delle settimane precedenti in merito alle percentuali di contagi tra vaccinati e non vaccinati, con ulteriore evidenza del potere protettivo della vaccinazione non solo sulla casistica grave, ma anche sul rischio di infezione, contenuto\u00a0 ma non azzerato. Questa settimana: Il rapporto tra nuovi positivi vaccinati sulla popolazione vaccinata \u00e8 di 0,25%, Il rapporto tra nuovi positivi non vaccinati su popolazione non vaccinata \u00e8 di 0,98%. L\u2019Ulss Dolomiti rimane fortemente impegnata nell\u2019esecuzione dei tamponi molecolari (a finalit\u00e0 diagnostica). In totale, nella settimana, sono stati eseguiti 12.646 tamponi. Particolarmente significativo risulta il grande lavoro svolto dalle farmacie del territorio per i tamponi a finalit\u00e0 green pass. Nella settimana qui analizzata sono stati somministrati 16 \u00a0trattamenti con monoclonali dall\u2019Unit\u00e0 Operativa di\u00a0 Malattie Infettive di Belluno.<\/p>\n<p>Sono attualmente ricoverati:<\/p>\n<table width=\"657\">\n<tbody>\n<tr>\n<td width=\"176\"><strong>Area <\/strong><\/td>\n<td width=\"154\"><strong>Belluno<\/strong><\/td>\n<td width=\"153\"><strong>Feltre<\/strong><\/td>\n<td width=\"175\"><strong>N totale pazienti ricoverati<\/strong><\/td>\n<\/tr>\n<tr>\n<td width=\"176\"><strong>Terapia Intensiva <\/strong><\/td>\n<td width=\"154\"><strong>0<\/strong><\/td>\n<td width=\"153\"><strong>5<\/strong><\/td>\n<td width=\"175\"><strong>5<\/strong><\/td>\n<\/tr>\n<tr>\n<td width=\"176\"><strong>Area non critica Belluno<\/strong><\/td>\n<td width=\"154\"><strong>15<\/strong><\/td>\n<td width=\"153\"><strong>14<\/strong><\/td>\n<td width=\"175\">29<\/td>\n<\/tr>\n<tr>\n<td width=\"176\"><strong>Ospedale di Comunit\u00e0 <\/strong><\/td>\n<td width=\"154\"><strong>\/<\/strong><\/td>\n<td width=\"153\"><strong>11<\/strong><\/td>\n<td width=\"175\"><strong>11<\/strong><\/td>\n<\/tr>\n<\/tbody>\n<\/table>\n<p>&nbsp;<\/p>\n<p>Il 62% dei pazienti ricoverati \u00e8 NON vaccinato. La maggior parte delle persone vaccinate ha ricevuto la seconda dose ad aprile\/maggio: il dato evidenzia la necessit\u00e0 di vaccinarsi con la dose booster. Sono giunti al Pronto Soccorso e si \u00e8 reso necessario il ricovero per due pazienti non vaccinati che hanno rifiutato anche la terapia con monoclonali.<\/p>\n\n\t\t\t<style type='text\/css'>\n\t\t\t\t#gallery-1 {\n\t\t\t\t\tmargin: auto;\n\t\t\t\t}\n\t\t\t\t#gallery-1 .gallery-item {\n\t\t\t\t\tfloat: left;\n\t\t\t\t\tmargin-top: 10px;\n\t\t\t\t\ttext-align: center;\n\t\t\t\t\twidth: 50%;\n\t\t\t\t}\n\t\t\t\t#gallery-1 img {\n\t\t\t\t\tborder: 2px solid #cfcfcf;\n\t\t\t\t}\n\t\t\t\t#gallery-1 .gallery-caption {\n\t\t\t\t\tmargin-left: 0;\n\t\t\t\t}\n\t\t\t\t\/* see gallery_shortcode() in wp-includes\/media.php *\/\n\t\t\t<\/style>\n\t\t<div id='gallery-1' class='dt-gallery-container gallery galleryid-250360 gallery-columns-2 gallery-size-medium'><dl class='gallery-item'>\n\t\t\t\t<dt class='gallery-icon portrait'>\n\t\t\t\t\t<a class=\"rollover rollover-zoom dt-pswp-item\" title=\"INCIDENZA NEGLI ULTIMI 7 GIORNI\" data-dt-img-description=\"\" data-large_image_width=\"964\" data-large_image_height=\"996\"href='https:\/\/www.radiopiu.net\/wordpress\/wp-content\/uploads\/2021\/12\/INCIDENZA-NEGLI-ULTIMI-7-GIORNI.jpg'><img loading=\"lazy\" decoding=\"async\" width=\"290\" height=\"300\" src=\"https:\/\/www.radiopiu.net\/wordpress\/wp-content\/uploads\/2021\/12\/INCIDENZA-NEGLI-ULTIMI-7-GIORNI-290x300.jpg\" class=\"attachment-medium size-medium\" alt=\"\" aria-describedby=\"gallery-1-250534\" srcset=\"https:\/\/www.radiopiu.net\/wordpress\/wp-content\/uploads\/2021\/12\/INCIDENZA-NEGLI-ULTIMI-7-GIORNI-290x300.jpg 290w, https:\/\/www.radiopiu.net\/wordpress\/wp-content\/uploads\/2021\/12\/INCIDENZA-NEGLI-ULTIMI-7-GIORNI-768x793.jpg 768w, https:\/\/www.radiopiu.net\/wordpress\/wp-content\/uploads\/2021\/12\/INCIDENZA-NEGLI-ULTIMI-7-GIORNI.jpg 964w\" sizes=\"auto, (max-width: 290px) 100vw, 290px\" \/><\/a>\n\t\t\t\t<\/dt>\n\t\t\t\t\t<dd class='wp-caption-text gallery-caption' id='gallery-1-250534'>\n\t\t\t\t\tINCIDENZA NEGLI ULTIMI 7 GIORNI\n\t\t\t\t\t<\/dd><\/dl><dl class='gallery-item'>\n\t\t\t\t<dt class='gallery-icon portrait'>\n\t\t\t\t\t<a class=\"rollover rollover-zoom dt-pswp-item\" title=\"NUOVI CASI NEGLI ULTIMI 7 GIORNI\" data-dt-img-description=\"\" data-large_image_width=\"964\" data-large_image_height=\"996\"href='https:\/\/www.radiopiu.net\/wordpress\/wp-content\/uploads\/2021\/12\/NUOVI-CASI-NEGLI-ULTIMI-7-GIORNI.jpg'><img loading=\"lazy\" decoding=\"async\" width=\"290\" height=\"300\" src=\"https:\/\/www.radiopiu.net\/wordpress\/wp-content\/uploads\/2021\/12\/NUOVI-CASI-NEGLI-ULTIMI-7-GIORNI-290x300.jpg\" class=\"attachment-medium size-medium\" alt=\"\" aria-describedby=\"gallery-1-250535\" srcset=\"https:\/\/www.radiopiu.net\/wordpress\/wp-content\/uploads\/2021\/12\/NUOVI-CASI-NEGLI-ULTIMI-7-GIORNI-290x300.jpg 290w, https:\/\/www.radiopiu.net\/wordpress\/wp-content\/uploads\/2021\/12\/NUOVI-CASI-NEGLI-ULTIMI-7-GIORNI-768x793.jpg 768w, https:\/\/www.radiopiu.net\/wordpress\/wp-content\/uploads\/2021\/12\/NUOVI-CASI-NEGLI-ULTIMI-7-GIORNI.jpg 964w\" sizes=\"auto, (max-width: 290px) 100vw, 290px\" \/><\/a>\n\t\t\t\t<\/dt>\n\t\t\t\t\t<dd class='wp-caption-text gallery-caption' id='gallery-1-250535'>\n\t\t\t\t\tNUOVI CASI NEGLI ULTIMI 7 GIORNI\n\t\t\t\t\t<\/dd><\/dl><br style=\"clear: both\" \/><dl class='gallery-item'>\n\t\t\t\t<dt class='gallery-icon landscape'>\n\t\t\t\t\t<a class=\"rollover rollover-zoom dt-pswp-item\" title=\"ANDAMENTO EPIDEMIOLOGICO IN PROVINCIA DI BELLUNO\" data-dt-img-description=\"\" data-large_image_width=\"964\" data-large_image_height=\"370\"href='https:\/\/www.radiopiu.net\/wordpress\/wp-content\/uploads\/2021\/12\/ANDAMENTO-EPIDEMIOLOGICO-IN-PROVINCIA-DI-BELLUNO.jpg'><img loading=\"lazy\" decoding=\"async\" width=\"300\" height=\"115\" src=\"https:\/\/www.radiopiu.net\/wordpress\/wp-content\/uploads\/2021\/12\/ANDAMENTO-EPIDEMIOLOGICO-IN-PROVINCIA-DI-BELLUNO-300x115.jpg\" class=\"attachment-medium size-medium\" alt=\"\" aria-describedby=\"gallery-1-250536\" srcset=\"https:\/\/www.radiopiu.net\/wordpress\/wp-content\/uploads\/2021\/12\/ANDAMENTO-EPIDEMIOLOGICO-IN-PROVINCIA-DI-BELLUNO-300x115.jpg 300w, https:\/\/www.radiopiu.net\/wordpress\/wp-content\/uploads\/2021\/12\/ANDAMENTO-EPIDEMIOLOGICO-IN-PROVINCIA-DI-BELLUNO-768x295.jpg 768w, https:\/\/www.radiopiu.net\/wordpress\/wp-content\/uploads\/2021\/12\/ANDAMENTO-EPIDEMIOLOGICO-IN-PROVINCIA-DI-BELLUNO.jpg 964w\" sizes=\"auto, (max-width: 300px) 100vw, 300px\" \/><\/a>\n\t\t\t\t<\/dt>\n\t\t\t\t\t<dd class='wp-caption-text gallery-caption' id='gallery-1-250536'>\n\t\t\t\t\tANDAMENTO EPIDEMIOLOGICO IN PROVINCIA DI BELLUNO\n\t\t\t\t\t<\/dd><\/dl><dl class='gallery-item'>\n\t\t\t\t<dt class='gallery-icon landscape'>\n\t\t\t\t\t<a class=\"rollover rollover-zoom dt-pswp-item\" title=\"NUOVI CASI PER FASCE D&#039;ETA&#039;\" data-dt-img-description=\"\" data-large_image_width=\"964\" data-large_image_height=\"624\"href='https:\/\/www.radiopiu.net\/wordpress\/wp-content\/uploads\/2021\/12\/NUOVI-CASI-PER-FASCE-DETA.png'><img loading=\"lazy\" decoding=\"async\" width=\"300\" height=\"194\" src=\"https:\/\/www.radiopiu.net\/wordpress\/wp-content\/uploads\/2021\/12\/NUOVI-CASI-PER-FASCE-DETA-300x194.png\" class=\"attachment-medium size-medium\" alt=\"\" aria-describedby=\"gallery-1-250537\" srcset=\"https:\/\/www.radiopiu.net\/wordpress\/wp-content\/uploads\/2021\/12\/NUOVI-CASI-PER-FASCE-DETA-300x194.png 300w, https:\/\/www.radiopiu.net\/wordpress\/wp-content\/uploads\/2021\/12\/NUOVI-CASI-PER-FASCE-DETA-768x497.png 768w, https:\/\/www.radiopiu.net\/wordpress\/wp-content\/uploads\/2021\/12\/NUOVI-CASI-PER-FASCE-DETA.png 964w\" sizes=\"auto, (max-width: 300px) 100vw, 300px\" \/><\/a>\n\t\t\t\t<\/dt>\n\t\t\t\t\t<dd class='wp-caption-text gallery-caption' id='gallery-1-250537'>\n\t\t\t\t\tNUOVI CASI PER FASCE D&#8217;ETA&#8217;\n\t\t\t\t\t<\/dd><\/dl><br style=\"clear: both\" \/>\n\t\t\t<\/div>\n\n<p>&nbsp;<\/p>\n<hr \/>\n<p>&nbsp;<\/p>\n<blockquote>\n<h3 class=\"entry-title\">MULTATO NEL LOCALE IMBOCCA LA CICLABILE E SALUTA LA PATENTE<\/h3>\n<\/blockquote>\n<p><strong><a href=\"https:\/\/www.radiopiu.net\/wordpress\/tofana-freccia-nel-cielo-si-rinnova-il-paradiso-bianco-di-ra-valles\/cortina-freccia-nel-cielo-inaugurazione-gratis-jpeg-1024x768-c\/\" rel=\"attachment wp-att-248527\"><img loading=\"lazy\" decoding=\"async\" class=\" wp-image-248527 alignleft\" src=\"https:\/\/www.radiopiu.net\/wordpress\/wp-content\/uploads\/2021\/12\/cortina-freccia-nel-cielo-inaugurazione-gratis.jpeg-1024x768-c-300x225.jpg\" alt=\"\" width=\"199\" height=\"149\" srcset=\"https:\/\/www.radiopiu.net\/wordpress\/wp-content\/uploads\/2021\/12\/cortina-freccia-nel-cielo-inaugurazione-gratis.jpeg-1024x768-c-300x225.jpg 300w, https:\/\/www.radiopiu.net\/wordpress\/wp-content\/uploads\/2021\/12\/cortina-freccia-nel-cielo-inaugurazione-gratis.jpeg-1024x768-c-768x576.jpg 768w, https:\/\/www.radiopiu.net\/wordpress\/wp-content\/uploads\/2021\/12\/cortina-freccia-nel-cielo-inaugurazione-gratis.jpeg-1024x768-c.jpg 1024w\" sizes=\"auto, (max-width: 199px) 100vw, 199px\" \/><\/a>CORTINA<\/strong> Sette contravvenzioni in catena l\u2019altra sera all\u2019albergo Villa Blu. A firmare i verbali i Carabinieri della stazione di Cortina\u00a0 che nel corso di un controllo hanno pizzicato sei clienti e il gestore mentre non osservavano le norme anticovid. Due delle persone sanzionate hanno poi pensato di concludere la serata a bordo di una Volswagen imboccando la pista ciclabile dove il divieto di accesso \u00e8 ben evidenziato. All\u2019accertamento con l\u2019etilometro il conducente, di nazionalit\u00e0 americana, turista sotto alla Tofana, \u00e8 stato riscontrato positivo (1,28 grammi litro, oltre il doppio della soglia 0,50). Patente di guida ritirata oltre alla denuncia per guida in stato di ebbrezza.<\/p>\n<p>&nbsp;<\/p>\n<p>&nbsp;<\/p>\n<hr \/>\n<p>&nbsp;<\/p>\n<h3>LUTTO<\/h3>\n<p><strong>L&#8217;ADDIO AL PROFESSOR ADAMI<\/strong><\/p>\n<p><strong>BELLUNO\u00a0<\/strong> \u00c8 morto Gianni Adami, 69 anni, insegnante di Italiano e Storia all&#8217;Istituto Tecnico Economico Calvi, da alcuni anni in pensione. Laureato in Storia e Filosofia, Gianni Adami aveva iniziato il suo percorso scolastico all&#8217;Istituto Professionale Alberghiero di Stato a Falcade. Si era occupato dell&#8217;organizzazione di eventi nella Biblioteca Civica e\u00a0 ha fatto parte per anni del Circolo culturale bellunese. Gianni Adami lascia la moglie Daniela Valenti, le figlie Valentina e Alice, il fratello Giorgio, medico a Mel.<\/p>\n<p>&nbsp;<\/p>\n<hr \/>\n<div id=\"articleContent\" class=\"mercuryWrapper\">\n<div class=\"mercuryScroller\">\n<div class=\"mercuryElement\">\n<div class=\"mercuryBox\">\n<div id=\"articlePlain\">\n<blockquote>\n<div data-url=\"https:\/\/sfoglio.corrierealpi.gelocal.it\/share_article.php?article_id=9672985\" data-title=\"Colto da infarto sul Nevegalsciatore defibrillato in rifugio\"><\/div>\n<\/blockquote>\n<\/div>\n<\/div>\n<\/div>\n<\/div>\n<\/div>\n<h3 class=\"articlePlainSubHead\">SCOPERTI E DENUNCIATI I LADRI VANDALI DEL DUOMO DI FELTRE<\/h3>\n<div class=\"articlePlainText\"><strong><a href=\"https:\/\/www.radiopiu.net\/wordpress\/giornale-radiopiu-17-dicembre-2021-direttore-mirko-mezzacasa\/duomo-di-feltre\/\" rel=\"attachment wp-att-248823\"><img loading=\"lazy\" decoding=\"async\" class=\" wp-image-248823 alignleft\" src=\"https:\/\/www.radiopiu.net\/wordpress\/wp-content\/uploads\/2021\/12\/Duomo-di-Feltre-300x223.jpg\" alt=\"\" width=\"219\" height=\"163\" srcset=\"https:\/\/www.radiopiu.net\/wordpress\/wp-content\/uploads\/2021\/12\/Duomo-di-Feltre-300x223.jpg 300w, https:\/\/www.radiopiu.net\/wordpress\/wp-content\/uploads\/2021\/12\/Duomo-di-Feltre-768x572.jpg 768w, https:\/\/www.radiopiu.net\/wordpress\/wp-content\/uploads\/2021\/12\/Duomo-di-Feltre.jpg 850w\" sizes=\"auto, (max-width: 219px) 100vw, 219px\" \/><\/a>FELTRE<\/strong> A dieci giorni dall&#8217;episodio sacrilego in Duomo ecco la pronta risposta dei Carabinieri: i nomi dei balordi che hanno saccheggiato la cassetta dell&#8217;elemosina e che poi frustrati per il poco &#8220;guadagno&#8221; hanno danneggiato\u00a0 la statua risalente al 1600 del Redentore realizzata dall&#8217;artista Francesco Terilli, staccandogli un braccio, e portandosi a casa alcuni oggetti come delle candele e i microfoni utilizzati durante le funzioni. I belllunesi i cui nomi non vengono resi noti sono stati denunciati alla Procura della Repubblica al tribunale di Belluno per furto aggravato e per danneggiamento aggravato. I militari coordinati dal capitano Innelli avevano ricevuto la denuncia da parte del parroco, don Angelo Balcon. Decisiva si \u00e8 rilevata la perquisizione disposta dalla magistratura nelle abitazioni dei due sospettati dove sono stati individuati\u00a0 con una ragionevole certezza i responsabili. I due sono volti piuttosto noti in zona e non \u00e8 inusuale vederli bazzicare nella zona della cattedrale.<\/div>\n<div><\/div>\n<div><\/div>\n<div><\/div>\n<div><\/div>\n<p>&nbsp;<\/p>\n<hr \/>\n<p>&nbsp;<\/p>\n<blockquote>\n<h3>FONDAZIONE DEL VECCHIO PER LA SANITA&#8217; ISOLA TIBERINA<\/h3>\n<\/blockquote>\n<p><strong><a href=\"https:\/\/www.radiopiu.net\/wordpress\/fondazione-del-vecchio-pe\/leonardo-del-vecchio-1140x675\/\" rel=\"attachment wp-att-250459\"><img loading=\"lazy\" decoding=\"async\" class=\"size-medium wp-image-250459 alignleft\" src=\"https:\/\/www.radiopiu.net\/wordpress\/wp-content\/uploads\/2021\/12\/Leonardo-Del-Vecchio-1140x675-1-300x178.jpg\" alt=\"\" width=\"300\" height=\"178\" srcset=\"https:\/\/www.radiopiu.net\/wordpress\/wp-content\/uploads\/2021\/12\/Leonardo-Del-Vecchio-1140x675-1-300x178.jpg 300w, https:\/\/www.radiopiu.net\/wordpress\/wp-content\/uploads\/2021\/12\/Leonardo-Del-Vecchio-1140x675-1-1024x606.jpg 1024w, https:\/\/www.radiopiu.net\/wordpress\/wp-content\/uploads\/2021\/12\/Leonardo-Del-Vecchio-1140x675-1-768x455.jpg 768w, https:\/\/www.radiopiu.net\/wordpress\/wp-content\/uploads\/2021\/12\/Leonardo-Del-Vecchio-1140x675-1.jpg 1140w\" sizes=\"auto, (max-width: 300px) 100vw, 300px\" \/><\/a>ROMA<\/strong>\u00a0 C&#8217;\u00e8 l&#8217;intesa per il salvataggio e rilancio dell&#8217;ospedale dell&#8217;isola Tiberina di Roma. La Fondazione per la Sanit\u00e0 Cattolica e la Fondazione Leonardo Del Vecchio, hanno stretto un accordo e dalla\u00a0 neonata joint venture per la Sanit\u00e0 Isola Tiberina ha preso il via il\u00a0 percorso di salvataggio e rilancio dell\u2019Ospedale Fatebenefratelli San Giovanni Calibita dell\u2019Isola Tiberina di Roma.\u00a0 Un&#8217;operazione che avr\u00e0 a disposizione tutte le risorse finanziare e professionali per assicurare il ritorno all\u2019Ospedale Fatebenefratelli San Giovanni Calibita,\u00a0 potr\u00e0 contare su un partner industriale, individuato dopo un attento processo di selezione nella Fondazione Policlinico Universitario Agostino Gemelli. L\u2019obiettivo: costruire un progetto sostenibile\u00a0 \u00a0per consentire la rinascita di una Istituzione. Il Cavalier Leonardo Del Vecchio: <em>\u201cSono onorato di poter offrire, con la fondazione che porta il mio nome e al fianco della Santa Sede, un <\/em><em>contributo al percorso di rilancio di una struttura di eccellenza della citt\u00e0 di Roma al servizio dei pi\u00f9 fragili e <\/em><em>bisognosi. Per me rappresenta un\u2019immensa gioia poter annunciare l&#8217;avvio di questo progetto proprio alla <\/em><em>vigilia di un Natale cos\u00ec difficile. Spero ci saranno presto altre iniziative come questa che mi permettano di <\/em><em>restituire al nostro Paese tutto il bene che ha saputo donarmi. Credo sia questo il modo migliore per augurare <\/em><em>a tutti Buon Natale\u201d.<\/em><\/p>\n<p>&nbsp;<\/p>\n<p>&nbsp;<\/p>\n<hr \/>\n<p>&nbsp;<\/p>\n<p>&nbsp;<\/p>\n<blockquote>\n<h2><img loading=\"lazy\" decoding=\"async\" class=\"alignleft\" src=\"https:\/\/www.radiopiu.net\/wordpress\/wp-content\/uploads\/2021\/10\/AB6089C8-0299-468C-AA64-C5284FAC9B9E-880x440-1.jpg\" width=\"288\" height=\"144\" \/>COVID SENZA EMOZIONI E SENSAZIONALISMI<\/h2>\n<\/blockquote>\n<p>&nbsp;<\/p>\n<p><strong>TAMBRE D&#8217;ALPAGO\u00a0<\/strong><\/p>\n<p><strong>DI DAMIANO TORMEN<\/strong><\/p>\n<audio class=\"wp-audio-shortcode\" id=\"audio-250360-1\" preload=\"none\" style=\"width: 100%;\" controls=\"controls\"><source type=\"audio\/mpeg\" src=\"https:\/\/www.radiopiu.net\/wordpress\/wp-content\/uploads\/2021\/12\/damiano-covid-a-tambre.mp3?_=1\" \/><a href=\"https:\/\/www.radiopiu.net\/wordpress\/wp-content\/uploads\/2021\/12\/damiano-covid-a-tambre.mp3\">https:\/\/www.radiopiu.net\/wordpress\/wp-content\/uploads\/2021\/12\/damiano-covid-a-tambre.mp3<\/a><\/audio>\n<p>&nbsp;<\/p>\n<p>&nbsp;<\/p>\n<hr \/>\n<p>&nbsp;<\/p>\n<blockquote>\n<h3>LO SKI BUS CHE NON C&#8217;E&#8217;, SCENDE IN PISTA LA PROVINCIA<\/h3>\n<\/blockquote>\n<p><strong><img loading=\"lazy\" decoding=\"async\" class=\"alignleft\" src=\"https:\/\/www.radiopiu.net\/wordpress\/wp-content\/uploads\/2018\/03\/DOLOMITIBUS.jpg\" width=\"192\" height=\"102\" \/>BELLUNO<\/strong> Nessuno slalom ma una picchiata diritta sul problema, del Presidente della Provincia Roberto Padrin alla luce delle continue critiche per la mancanza dello Ski Bus. <em>\u00abLa Provincia \u00e8 venuta a conoscenza del problema dello skibus solo pochi giorni prima di Natale &#8211; precisa il Presidente &#8211;\u00a0 e si \u00e8 attivata immediatamente, consapevole dell\u2019importanza del servizio per il settore del turismo, gi\u00e0 pesantemente colpito dal Covid e dal lockdown. Nei prossimi giorni Dolomitibus dovrebbe far arrivare il piano di esercizio. Non appena arriver\u00e0, verr\u00e0 approvato e lo skibus potr\u00e0 partire\u00bb.<\/em><\/p>\n<p>&nbsp;<\/p>\n<p>&nbsp;<\/p>\n<hr \/>\n<p>&nbsp;<\/p>\n<blockquote>\n<h3>A FALCADE LO SKI BUS E&#8217; ATTIVO<\/h3>\n<\/blockquote>\n<p><strong>FALCADE<\/strong> Nei giorni in cui si discute il trasporto degli sciatori la buona notizia arriva da Falcade, come ci fa notare Diego Costa in Valle del Biois il servizio \u00e8 attivo con l&#8217;impegno di Ski Area San Pellegrino e Promo Falcade<\/p>\n<p><a href=\"https:\/\/www.radiopiu.net\/wordpress\/a-falcade-lo-ski-bus-e-attivo-da-oggi\/268400535_926027824784197_8956161413671708623_n\/\" rel=\"attachment wp-att-250496\"><img loading=\"lazy\" decoding=\"async\" class=\"alignnone wp-image-250496 size-full\" src=\"https:\/\/www.radiopiu.net\/wordpress\/wp-content\/uploads\/2021\/12\/268400535_926027824784197_8956161413671708623_n.jpg\" alt=\"\" width=\"925\" height=\"675\" srcset=\"https:\/\/www.radiopiu.net\/wordpress\/wp-content\/uploads\/2021\/12\/268400535_926027824784197_8956161413671708623_n.jpg 925w, https:\/\/www.radiopiu.net\/wordpress\/wp-content\/uploads\/2021\/12\/268400535_926027824784197_8956161413671708623_n-300x219.jpg 300w, https:\/\/www.radiopiu.net\/wordpress\/wp-content\/uploads\/2021\/12\/268400535_926027824784197_8956161413671708623_n-768x560.jpg 768w\" sizes=\"auto, (max-width: 925px) 100vw, 925px\" \/><\/a><\/p>\n<p>&nbsp;<\/p>\n<hr \/>\n<p>&nbsp;<\/p>\n<blockquote>\n<h3>SILVANO SAVIO DI AGORDO CAMBIA CHIEDE L&#8217;INTITOLAZIONE DI UNA PIAZZA DI AGORDO A DON ANTONIO DELLA LUCIA<\/h3>\n<\/blockquote>\n<p><a href=\"https:\/\/www.radiopiu.net\/wordpress\/tre-agordini-al-campionato-mondiale-di-pesto-genovese-al-mortaio\/71784bc3-f71e-47de-bda2-16363539ce3c\/\" rel=\"attachment wp-att-193172\"><img loading=\"lazy\" decoding=\"async\" class=\"wp-image-193172 size-medium alignleft\" src=\"https:\/\/www.radiopiu.net\/wordpress\/wp-content\/uploads\/2021\/02\/71784bc3-f71e-47de-bda2-16363539ce3c-274x300.jpg\" alt=\"\" width=\"274\" height=\"300\" srcset=\"https:\/\/www.radiopiu.net\/wordpress\/wp-content\/uploads\/2021\/02\/71784bc3-f71e-47de-bda2-16363539ce3c-274x300.jpg 274w, https:\/\/www.radiopiu.net\/wordpress\/wp-content\/uploads\/2021\/02\/71784bc3-f71e-47de-bda2-16363539ce3c.jpg 312w\" sizes=\"auto, (max-width: 274px) 100vw, 274px\" \/><\/a><strong>AGORDO<\/strong> Il gruppo consigliare di minoranza Agordo Cambia a nome di Silvano Savio scrive al sindaco di Agordo Roberto Chissal\u00e8 per chiedere di intitolare una piazza a Don Antonio Della Lucia.<\/p>\n<blockquote><p><em><strong>LA LETTERA<\/strong><\/em><\/p><\/blockquote>\n<p><em>Il prossimo anno ricorre il 150\u00b0 anniversario della fondazione della prima latteria Cooperativa d\u2019Italia a Canale d\u2019Agordo, su lodevole iniziativa di Don Antonio della Lucia, dove ha svolto il servizio pastorale per tanti anni. La creazione della latteria cooperativa che ha riscosso in breve tempo un successo di carattere nazionale e\u00a0 dato origine e lustro anche alla Federazione delle Latterie Agordine, fu solo una delle lodevoli iniziative di carattere sociale che l\u2019Arciprete di Forno di Canale ha messo in atto in Valle del Biois ed in Agordino: Cooperativa di Consumo di Caviola e Vallada; Societ\u00e0 di Mutuo Soccorso per le Disgrazie degli animali bovini; La Fornace di Ceramica Sociale di Forno di Canale; La Cassa Rurale; il Pio Istituto Elemosiniere di Canale, Vallada, Falcade; il primo asilo rurale della Provincia di Belluno; la creazione delle biblioteche circolanti; nel 1870 sollev\u00f2 la questione dell\u2019emancipazione femminile e propose\u00a0 l\u2019equiparazione giuridica tra uomo e donna anche attraverso il diritto elettorale (con transitorio insuccesso); nominato Membro del Consiglio Superiore dell\u2019Agricoltura presso il Ministero.\u00a0L\u2019opera letteraria di Loris Serafini, di recente pubblicazione e che La invito a leggere, ne traccia autorevole e puntuale testimonianza biografica.\u00a0Ci\u00f2 premesso e considerato che nell\u2019anno 2024 ricorreranno anche i 200 anni della nascita ritengo oltremodo doverosa l\u2019intitolazione di una piazza all\u2019illustre conterraneo, che propongo in corrispondenza del piazzale antistante l\u2019attuale sede dell\u2019Unione Montana, gi\u00e0 sede della succitata Federazione delle Latteria Agordine, con la programmazione di manifestazioni culturali di giusta ed opportuna considerazione.\u00a0<\/em><\/p>\n<p>&nbsp;<\/p>\n<hr \/>\n<p>&nbsp;<\/p>\n<blockquote>\n<h3>\u00a0AIUTI A CITTADINI E FAMIGLIE, I CONTRIBUTI STRAORDINARI<\/h3>\n<\/blockquote>\n<p><strong><a href=\"https:\/\/www.radiopiu.net\/wordpress\/lunedi-riapre-la-strada-olantreghe-podenzoi\/longarone_panoramica-2\/\" rel=\"attachment wp-att-186300\"><img loading=\"lazy\" decoding=\"async\" class=\" wp-image-186300 alignleft\" src=\"https:\/\/www.radiopiu.net\/wordpress\/wp-content\/uploads\/2021\/01\/Longarone_panoramica-300x144.jpg\" alt=\"\" width=\"238\" height=\"114\" srcset=\"https:\/\/www.radiopiu.net\/wordpress\/wp-content\/uploads\/2021\/01\/Longarone_panoramica-300x144.jpg 300w, https:\/\/www.radiopiu.net\/wordpress\/wp-content\/uploads\/2021\/01\/Longarone_panoramica-1024x492.jpg 1024w, https:\/\/www.radiopiu.net\/wordpress\/wp-content\/uploads\/2021\/01\/Longarone_panoramica-768x369.jpg 768w, https:\/\/www.radiopiu.net\/wordpress\/wp-content\/uploads\/2021\/01\/Longarone_panoramica.jpg 1200w\" sizes=\"auto, (max-width: 238px) 100vw, 238px\" \/><\/a>LONGARONE\u00a0\u00a0<\/strong><\/p>\n<p><strong>di\u00a0 DAMIANO TORMEN<\/strong><\/p>\n<audio class=\"wp-audio-shortcode\" id=\"audio-250360-2\" preload=\"none\" style=\"width: 100%;\" controls=\"controls\"><source type=\"audio\/mpeg\" src=\"https:\/\/www.radiopiu.net\/wordpress\/wp-content\/uploads\/2021\/12\/damiano-longarone.mp3?_=2\" \/><a href=\"https:\/\/www.radiopiu.net\/wordpress\/wp-content\/uploads\/2021\/12\/damiano-longarone.mp3\">https:\/\/www.radiopiu.net\/wordpress\/wp-content\/uploads\/2021\/12\/damiano-longarone.mp3<\/a><\/audio>\n<p>&nbsp;<\/p>\n<hr \/>\n<blockquote>\n<h3><\/h3>\n<h3>OBIETTIVI CENTRATI, IL BILANCIO DEL SINDACO PERENZIN<\/h3>\n<\/blockquote>\n<p><strong><img loading=\"lazy\" decoding=\"async\" class=\"alignleft\" src=\"https:\/\/www.radiopiu.net\/wordpress\/wp-content\/uploads\/2021\/12\/8d2c0620-0f58-4630-af6e-e5445eba43d2.jpg\" width=\"230\" height=\"130\" \/>FELTRE<\/strong><\/p>\n<p><strong>di\u00a0 MORENO GIOLI\u00a0<\/strong><\/p>\n<audio class=\"wp-audio-shortcode\" id=\"audio-250360-3\" preload=\"none\" style=\"width: 100%;\" controls=\"controls\"><source type=\"audio\/mpeg\" src=\"https:\/\/www.radiopiu.net\/wordpress\/wp-content\/uploads\/2021\/12\/MORENO-1.mp3?_=3\" \/><a href=\"https:\/\/www.radiopiu.net\/wordpress\/wp-content\/uploads\/2021\/12\/MORENO-1.mp3\">https:\/\/www.radiopiu.net\/wordpress\/wp-content\/uploads\/2021\/12\/MORENO-1.mp3<\/a><\/audio>\n<p><strong>IL SINDACO PAOLO PERENZIN\u00a0<\/strong><\/p>\n<audio class=\"wp-audio-shortcode\" id=\"audio-250360-4\" preload=\"none\" style=\"width: 100%;\" controls=\"controls\"><source type=\"audio\/mpeg\" src=\"https:\/\/www.radiopiu.net\/wordpress\/wp-content\/uploads\/2021\/12\/PRENZO.mp3?_=4\" \/><a href=\"https:\/\/www.radiopiu.net\/wordpress\/wp-content\/uploads\/2021\/12\/PRENZO.mp3\">https:\/\/www.radiopiu.net\/wordpress\/wp-content\/uploads\/2021\/12\/PRENZO.mp3<\/a><\/audio>\n<p>&nbsp;<\/p>\n<p>&nbsp;<\/p>\n<p>&nbsp;<\/p>\n<hr \/>\n<p>&nbsp;<\/p>\n<blockquote>\n<h3>AD ALLEGHE IL CENTRO TAMPONI, DAL 29 DICEMBRE AL 7 GENNAIO<\/h3>\n<\/blockquote>\n<p class=\"x_MsoNormal\"><b class=\"\"><span class=\"\"><img loading=\"lazy\" decoding=\"async\" class=\"alignleft\" src=\"https:\/\/www.radiopiu.net\/wordpress\/wp-content\/uploads\/2021\/01\/Alleghe-3.jpg\" width=\"287\" height=\"215\" \/>ALLEGHE\u00a0 <\/span><\/b><span class=\"\">D<\/span><span class=\"\">a mercoled\u00ec 29 dicembre fino a sabato 7 gennaio ad esclusione del primo gennaio sar\u00e0 attivo un nuovo Covid Test Point rivolto a turisti, atleti, residenti e operatori del comparto turistico del Comune di Alleghe e dei comuni limitrofi. Il servizio sar\u00e0 prestato da personale infermieristico con il coordinamento della\u00a0Dott.ssa Mariagrazia Diana. Sar\u00e0 possibile accedere al centro tamponi solo su prenotazione telefonando\u00a0al + 39 353 4346204\u00a0 dalle\u00a0 8.30 alle 11.30\u00a0e dalle 15.30 alle 18. Il centro sar\u00e0 aperto da mercoled\u00ec 29 dicembre fino a sabato 7 gennaio (escluso il primo gennaio) dalle ore 14.00 alle 19.00 presso il primo piano dell\u2019Ufficio Turistico di Alleghe, in Piazza Kennedy in centro ad Alleghe.\u00a0Il pagamento sar\u00e0 effettuato all\u2019atto di erogazione del servizio in contanti o con POS. Per gli Italiani il costo sar\u00e0 di \u20ac 15.00 mentre per gli stranieri \u20ac 22.00.<\/span><\/p>\n<a href=\"https:\/\/www.radiopiu.net\/wordpress\/wp-content\/uploads\/2021\/12\/covid-test-pointAllegheDefLOW.pdf\" class=\"pdfemb-viewer\" style=\"\" data-width=\"max\" data-height=\"max\" data-toolbar=\"top\" data-toolbar-fixed=\"on\">covid test pointAllegheDefLOW<\/a>\n<p>&nbsp;<\/p>\n<p>&nbsp;<\/p>\n<p>&nbsp;<\/p>\n<hr \/>\n<p>&nbsp;<\/p>\n<blockquote class=\"wp-embedded-content\" data-secret=\"0SlS5h902u\"><p><a href=\"https:\/\/www.radiopiu.net\/wordpress\/aggiornamentonazdic27\/\">CORONAVIRUS: AGGIORNAMENTO NAZIONALE 27 DICEMBRE  2021<\/a><\/p><\/blockquote>\n<p><iframe loading=\"lazy\" class=\"wp-embedded-content\" sandbox=\"allow-scripts\" security=\"restricted\" style=\"position: absolute; clip: rect(1px, 1px, 1px, 1px);\" title=\"&#8220;CORONAVIRUS: AGGIORNAMENTO NAZIONALE 27 DICEMBRE  2021&#8221; &#8212; Radio Pi\u00f9\" src=\"https:\/\/www.radiopiu.net\/wordpress\/aggiornamentonazdic27\/embed\/#?secret=0SlS5h902u\" data-secret=\"0SlS5h902u\" width=\"600\" height=\"338\" frameborder=\"0\" marginwidth=\"0\" marginheight=\"0\" scrolling=\"no\"><\/iframe><\/p>\n<p>&nbsp;<\/p>\n<blockquote class=\"wp-embedded-content\" data-secret=\"30MnkMqd5Z\"><p><a href=\"https:\/\/www.radiopiu.net\/wordpress\/sono-2816-le-nuove-positivita-in-veneto-delle-ultime-24-ore-24-decessi-e-ricoveri-in-aumento\/\">SONO 2816 LE NUOVE POSITIVITA&#8217; IN VENETO DELLE ULTIME 24 ORE. 24 DECESSI E RICOVERI IN AUMENTO<\/a><\/p><\/blockquote>\n<p><iframe loading=\"lazy\" class=\"wp-embedded-content\" sandbox=\"allow-scripts\" security=\"restricted\" style=\"position: absolute; clip: rect(1px, 1px, 1px, 1px);\" title=\"&#8220;SONO 2816 LE NUOVE POSITIVITA&#8217; IN VENETO DELLE ULTIME 24 ORE. 24 DECESSI E RICOVERI IN AUMENTO&#8221; &#8212; Radio Pi\u00f9\" src=\"https:\/\/www.radiopiu.net\/wordpress\/sono-2816-le-nuove-positivita-in-veneto-delle-ultime-24-ore-24-decessi-e-ricoveri-in-aumento\/embed\/#?secret=30MnkMqd5Z\" data-secret=\"30MnkMqd5Z\" width=\"600\" height=\"338\" frameborder=\"0\" marginwidth=\"0\" marginheight=\"0\" scrolling=\"no\"><\/iframe><\/p>\n<p>&nbsp;<\/p>\n<h2>I GRAFICI DI TIZIANO DE COL<\/h2>\n\n\t\t\t<style type='text\/css'>\n\t\t\t\t#gallery-2 {\n\t\t\t\t\tmargin: auto;\n\t\t\t\t}\n\t\t\t\t#gallery-2 .gallery-item {\n\t\t\t\t\tfloat: left;\n\t\t\t\t\tmargin-top: 10px;\n\t\t\t\t\ttext-align: center;\n\t\t\t\t\twidth: 33%;\n\t\t\t\t}\n\t\t\t\t#gallery-2 img {\n\t\t\t\t\tborder: 2px solid #cfcfcf;\n\t\t\t\t}\n\t\t\t\t#gallery-2 .gallery-caption {\n\t\t\t\t\tmargin-left: 0;\n\t\t\t\t}\n\t\t\t\t\/* see gallery_shortcode() in wp-includes\/media.php *\/\n\t\t\t<\/style>\n\t\t<div id='gallery-2' class='dt-gallery-container gallery galleryid-250360 gallery-columns-3 gallery-size-medium'><dl class='gallery-item'>\n\t\t\t\t<dt class='gallery-icon landscape'>\n\t\t\t\t\t<a class=\"rollover rollover-zoom dt-pswp-item\" title=\"54d622b9-fe99-4f72-ae20-390b46a37f71\" data-dt-img-description=\"\" data-large_image_width=\"603\" data-large_image_height=\"355\"href='https:\/\/www.radiopiu.net\/wordpress\/wp-content\/uploads\/2021\/12\/54d622b9-fe99-4f72-ae20-390b46a37f71.jpg'><img loading=\"lazy\" decoding=\"async\" width=\"300\" height=\"177\" src=\"https:\/\/www.radiopiu.net\/wordpress\/wp-content\/uploads\/2021\/12\/54d622b9-fe99-4f72-ae20-390b46a37f71-300x177.jpg\" class=\"attachment-medium size-medium\" alt=\"\" srcset=\"https:\/\/www.radiopiu.net\/wordpress\/wp-content\/uploads\/2021\/12\/54d622b9-fe99-4f72-ae20-390b46a37f71-300x177.jpg 300w, https:\/\/www.radiopiu.net\/wordpress\/wp-content\/uploads\/2021\/12\/54d622b9-fe99-4f72-ae20-390b46a37f71.jpg 603w\" sizes=\"auto, (max-width: 300px) 100vw, 300px\" \/><\/a>\n\t\t\t\t<\/dt><\/dl><dl class='gallery-item'>\n\t\t\t\t<dt class='gallery-icon landscape'>\n\t\t\t\t\t<a class=\"rollover rollover-zoom dt-pswp-item\" title=\"64114040-3011-4d4c-8f8f-68f99f208bbb\" data-dt-img-description=\"\" data-large_image_width=\"602\" data-large_image_height=\"358\"href='https:\/\/www.radiopiu.net\/wordpress\/wp-content\/uploads\/2021\/12\/64114040-3011-4d4c-8f8f-68f99f208bbb.jpg'><img loading=\"lazy\" decoding=\"async\" width=\"300\" height=\"178\" src=\"https:\/\/www.radiopiu.net\/wordpress\/wp-content\/uploads\/2021\/12\/64114040-3011-4d4c-8f8f-68f99f208bbb-300x178.jpg\" class=\"attachment-medium size-medium\" alt=\"\" srcset=\"https:\/\/www.radiopiu.net\/wordpress\/wp-content\/uploads\/2021\/12\/64114040-3011-4d4c-8f8f-68f99f208bbb-300x178.jpg 300w, https:\/\/www.radiopiu.net\/wordpress\/wp-content\/uploads\/2021\/12\/64114040-3011-4d4c-8f8f-68f99f208bbb.jpg 602w\" sizes=\"auto, (max-width: 300px) 100vw, 300px\" \/><\/a>\n\t\t\t\t<\/dt><\/dl><dl class='gallery-item'>\n\t\t\t\t<dt class='gallery-icon landscape'>\n\t\t\t\t\t<a class=\"rollover rollover-zoom dt-pswp-item\" title=\"737d1cd7-c88f-47a2-9de0-8596799f19e6\" data-dt-img-description=\"\" data-large_image_width=\"610\" data-large_image_height=\"353\"href='https:\/\/www.radiopiu.net\/wordpress\/wp-content\/uploads\/2021\/12\/737d1cd7-c88f-47a2-9de0-8596799f19e6.jpg'><img loading=\"lazy\" decoding=\"async\" width=\"300\" height=\"174\" src=\"https:\/\/www.radiopiu.net\/wordpress\/wp-content\/uploads\/2021\/12\/737d1cd7-c88f-47a2-9de0-8596799f19e6-300x174.jpg\" class=\"attachment-medium size-medium\" alt=\"\" srcset=\"https:\/\/www.radiopiu.net\/wordpress\/wp-content\/uploads\/2021\/12\/737d1cd7-c88f-47a2-9de0-8596799f19e6-300x174.jpg 300w, https:\/\/www.radiopiu.net\/wordpress\/wp-content\/uploads\/2021\/12\/737d1cd7-c88f-47a2-9de0-8596799f19e6.jpg 610w\" sizes=\"auto, (max-width: 300px) 100vw, 300px\" \/><\/a>\n\t\t\t\t<\/dt><\/dl><br style=\"clear: both\" \/><dl class='gallery-item'>\n\t\t\t\t<dt class='gallery-icon landscape'>\n\t\t\t\t\t<a class=\"rollover rollover-zoom dt-pswp-item\" title=\"45d9919b-0cfd-4b9b-a13b-a42ae477d5cf\" data-dt-img-description=\"\" data-large_image_width=\"606\" data-large_image_height=\"355\"href='https:\/\/www.radiopiu.net\/wordpress\/wp-content\/uploads\/2021\/12\/45d9919b-0cfd-4b9b-a13b-a42ae477d5cf.jpg'><img loading=\"lazy\" decoding=\"async\" width=\"300\" height=\"176\" src=\"https:\/\/www.radiopiu.net\/wordpress\/wp-content\/uploads\/2021\/12\/45d9919b-0cfd-4b9b-a13b-a42ae477d5cf-300x176.jpg\" class=\"attachment-medium size-medium\" alt=\"\" srcset=\"https:\/\/www.radiopiu.net\/wordpress\/wp-content\/uploads\/2021\/12\/45d9919b-0cfd-4b9b-a13b-a42ae477d5cf-300x176.jpg 300w, https:\/\/www.radiopiu.net\/wordpress\/wp-content\/uploads\/2021\/12\/45d9919b-0cfd-4b9b-a13b-a42ae477d5cf.jpg 606w\" sizes=\"auto, (max-width: 300px) 100vw, 300px\" \/><\/a>\n\t\t\t\t<\/dt><\/dl><dl class='gallery-item'>\n\t\t\t\t<dt class='gallery-icon landscape'>\n\t\t\t\t\t<a class=\"rollover rollover-zoom dt-pswp-item\" title=\"8cae2867-b3f4-4595-8b69-96873e785637\" data-dt-img-description=\"\" data-large_image_width=\"596\" data-large_image_height=\"364\"href='https:\/\/www.radiopiu.net\/wordpress\/wp-content\/uploads\/2021\/12\/8cae2867-b3f4-4595-8b69-96873e785637.jpg'><img loading=\"lazy\" decoding=\"async\" width=\"300\" height=\"183\" src=\"https:\/\/www.radiopiu.net\/wordpress\/wp-content\/uploads\/2021\/12\/8cae2867-b3f4-4595-8b69-96873e785637-300x183.jpg\" class=\"attachment-medium size-medium\" alt=\"\" srcset=\"https:\/\/www.radiopiu.net\/wordpress\/wp-content\/uploads\/2021\/12\/8cae2867-b3f4-4595-8b69-96873e785637-300x183.jpg 300w, https:\/\/www.radiopiu.net\/wordpress\/wp-content\/uploads\/2021\/12\/8cae2867-b3f4-4595-8b69-96873e785637.jpg 596w\" sizes=\"auto, (max-width: 300px) 100vw, 300px\" \/><\/a>\n\t\t\t\t<\/dt><\/dl>\n\t\t\t\t<br style='clear: both' \/>\n\t\t\t<\/div>\n\n<p>&nbsp;<\/p>\n<hr \/>\n<p>&nbsp;<\/p>\n<blockquote>\n<h3>L&#8217;APPELLO DI ZAIA AI FARMACISTI: &#8220;TENETE APERTO LA DOMENICA E FATE TAMPONI&#8221;<\/h3>\n<h3>LEGGI LA CONFERENZA STAMPA<\/h3>\n<\/blockquote>\n<p>Ospite la dottoressa Antonia Ricci, il virologo Francesco Bonfanti che presenter\u00e0 uno studio in anteprima che sar\u00e0 pubblicato sulla variante omicron e gli anticorpi neutralizzanti e sulla funzionalit\u00e0 dei vaccini negli adulti e bambini. <strong>ZAIA<\/strong> Siamo stati i pi\u00f9 bravi il 24-25 dicembre nella vaccinazione, il grazie a tutti gli operatori dai sanitari ai volontari che lavorano in questo tragico momento. Capisco chi si lamenta delle code ma questa \u00e8 la capacit\u00e0 che abbiamo e non abbiamo personale in pi\u00f9, ma siamo sempre i primi in Italia per numero di tamponi. Nei prossimi giorni saranno raggiunti i nove milioni di vaccini inoculati. Un milione e 529mila dosi booster, l&#8217;obiettivo era un milione e mezzo entro il 31 dicembre, quindi raggiunto con sei giorni di anticipo.\u00a0 <strong>PARAMETRI OSPEDALIERI ANCORA DA ZONA GIALLA\u00a0<\/strong> occupazione terapia intensiva 17% (limite di passaggio alla zona arancione 20%) area medica 18% (limite di passaggio alla zona arancione 30%).\u00a0 L&#8217;incide Rt 1,13: parametro per la zona arancione sforato da tempo. Il passaggio potrebbe avvenire verso il 10 di gennaio, dopo il Natale e il Capodanno. Poi capiremo se \u00e8 stato raggiunto l&#8217;apice o se continuer\u00e0 a crescere verso la zona arancione. Il giro di boa sar\u00e0 intorno al 10 gennaio, ma siamo fiduciosi, perch\u00e9 se penso a quale tragedia vivremmo senza vaccini, credo che sarebbe immane. <strong>NUMERI E VACCINI\u00a0<\/strong> A Padova sono morte 5 persone,\u00a0 4 non vaccinati.\u00a0 Se non avessimo oggi i vaccinati saremmo chiusi e con mortalit\u00e0 importanti, l&#8217;infezione che abbiamo oggi \u00e8 peggiore di quella del dicembre dell&#8217;anno scorso, ma nonostante questo abbiamo un terzo della mortalit\u00e0.\u00a0 <strong>QUARANTENE PER I VACCINATI<\/strong> Su base scientifica del Cts credo che il periodo di quarantena per il vaccinato debba essere rivisto <strong>VACCINI AI BAMBINI<\/strong> Con i prenotati i bambini vaccinati o da vaccinare sono il 17%. <strong>GIOVEDI LA DOTTORESSA DADALT<\/strong> punto di riferimento della clinica pediatrica di Padova, che parler\u00e0 del Covid sui bambini e delle vaccinazioni, dando consigli, nulla pi\u00f9. <strong>SCUOLA <\/strong>l&#8217;anno scorso ci siamo salvati con 15 giorni di Dad, vedremo a gennaio cosa fare. A fine anno verificheremo il grado di infezione e poi decideremo, ma eventuale Dad solo dalla seconda media.<\/p>\n<blockquote><p><strong>L&#8217;APPELLO ALLE FARMACIE:<\/strong> tenete aperto la domenica, solo all&#8217;area tamponi, per fare in modo che i cittadini si testino, ad esempio, prima di un pranzo o di incontrare qualcuno. Cos\u00ec facendo ci darebbero una gran mano ad evitare i contagi.\u00a0 Male che vada c&#8217;e&#8217; il\u00a0 tampone fai da te, meglio del nulla.<\/p><\/blockquote>\n<p>&nbsp;<\/p>\n<p><a href=\"https:\/\/www.facebook.com\/zaiaufficiale\/videos\/278773224313819\">https:\/\/www.facebook.com\/zaiaufficiale\/videos\/278773224313819<\/a><\/p>\n<p>&nbsp;<\/p>\n<hr \/>\n<p>&nbsp;<\/p>\n<blockquote>\n<h3>COVID: L&#8217;INCIDENZA NEGLI OSPEDALI BELLUNESI RISPETTO AL 2020<\/h3>\n<\/blockquote>\n<p><strong>BELLUNO <\/strong>Pochi numeri che evidenziano come la scienza ci stia aiutando. La vaccinazione, atto di tutela personale e di responsabilit\u00e0 verso le persone pi\u00f9 a rischio, \u00e8 anche lo strumento che ha evitato al momento le limitazioni vissute nel 2020. Per dimostrare la differenza tra il 2020 e il 2021, si propone un confronto su un giorno tipo (indicato ad esempio a livello nazionale), il 21 dicembre, nella realt\u00e0 dell\u2019Ulss Dolomiti, confrontando diversi parametri:<\/p>\n<p><a href=\"https:\/\/www.radiopiu.net\/wordpress\/giornale-radiopiu-28-dicembre-2021-direttore-mirko-mezzacasa\/tabella-confronto-con-2020\/\" rel=\"attachment wp-att-250545\"><img loading=\"lazy\" decoding=\"async\" class=\"size-medium wp-image-250545 aligncenter\" src=\"https:\/\/www.radiopiu.net\/wordpress\/wp-content\/uploads\/2021\/12\/TABELLA-CONFRONTO-CON-2020-300x185.jpg\" alt=\"\" width=\"300\" height=\"185\" srcset=\"https:\/\/www.radiopiu.net\/wordpress\/wp-content\/uploads\/2021\/12\/TABELLA-CONFRONTO-CON-2020-300x185.jpg 300w, https:\/\/www.radiopiu.net\/wordpress\/wp-content\/uploads\/2021\/12\/TABELLA-CONFRONTO-CON-2020-768x473.jpg 768w, https:\/\/www.radiopiu.net\/wordpress\/wp-content\/uploads\/2021\/12\/TABELLA-CONFRONTO-CON-2020.jpg 802w\" sizes=\"auto, (max-width: 300px) 100vw, 300px\" \/><\/a><\/p>\n<p>Nel 2021, rispetto al 2020, ci sono stati circa un terzo dei positivi, con pi\u00f9 tamponi eseguiti, un tasso di positivit\u00e0 di un terzo del 2020, un quarto dei ricoveri e nessun decesso.<\/p>\n<p>&nbsp;<\/p>\n<p>&nbsp;<\/p>\n<p>&nbsp;<\/p>\n<hr \/>\n<p>&nbsp;<\/p>\n<blockquote>\n<h3>VACCINAZIONI 5-11 ANNI: SCENDONO IN CAMPO ANCHE I PEDIATRI OSPEDALIERI<\/h3>\n<\/blockquote>\n<p><strong>BELLUNO <\/strong>Anche i pediatri ospedalieri scendono in campo per le vaccinazioni anti covid dei bambini in due sedute vaccinali dedicate organizzate per il: 29 dicembre 2021 \u2013ospedale di Belluno nel prefabbricato sotto la Pediatria dalle 14.00 alle 18.00, 30 dicembre 2021 ospedale di Feltre al centro prelievi dalle 14.00 alle 17.00 Di seguito l\u2019elenco completo delle sedute vaccinali dedicate ai 5-11enni. Si ricorda che \u00e8 possibile prenotare la vaccinazione dal sito <a href=\"http:\/\/www.aulss1.veneto.it\">www.aulss1.veneto.it<\/a> e, per queste sedute, \u00e8 previsto anche l\u2019accesso libero.<\/p>\n<p><a href=\"https:\/\/www.radiopiu.net\/wordpress\/giornale-radiopiu-28-dicembre-2021-direttore-mirko-mezzacasa\/schermata-2021-12-27-alle-16-29-55\/\" rel=\"attachment wp-att-250542\"><img loading=\"lazy\" decoding=\"async\" class=\"aligncenter wp-image-250542 size-large\" src=\"https:\/\/www.radiopiu.net\/wordpress\/wp-content\/uploads\/2021\/12\/Schermata-2021-12-27-alle-16.29.55-1024x810.png\" alt=\"\" width=\"1024\" height=\"810\" srcset=\"https:\/\/www.radiopiu.net\/wordpress\/wp-content\/uploads\/2021\/12\/Schermata-2021-12-27-alle-16.29.55-1024x810.png 1024w, https:\/\/www.radiopiu.net\/wordpress\/wp-content\/uploads\/2021\/12\/Schermata-2021-12-27-alle-16.29.55-300x237.png 300w, https:\/\/www.radiopiu.net\/wordpress\/wp-content\/uploads\/2021\/12\/Schermata-2021-12-27-alle-16.29.55-768x608.png 768w, https:\/\/www.radiopiu.net\/wordpress\/wp-content\/uploads\/2021\/12\/Schermata-2021-12-27-alle-16.29.55.png 1284w\" sizes=\"auto, (max-width: 1024px) 100vw, 1024px\" \/><\/a><\/p>\n<p>&nbsp;<\/p>\n<hr \/>\n<p>&nbsp;<\/p>\n<blockquote>\n<h3>ALLA LUCE DEI RECENTI FATTI DI CRONACA LA LEGA CHIEDE PIU&#8217; SICUREZZA PER BELLUNO<\/h3>\n<\/blockquote>\n<p><strong>BELLUNO<\/strong> La Lega interviene sulla sicurezza a Belluno, alla luce dei recenti fatti di cronaca. A parlare sono il commissario provinciale della Lega Franco Gidoni e il segretario cittadino Marzio Sovilla che rivolgendosi al sindaco Jacopo Massaro chiedono chiarezza dopo le ultime notizie di cronaca del capoluogo di provincia.<\/p>\n<p><strong>FRANCO GIDONI, COMMISSARIO PROVINCIALE DELLA LEGA<\/strong><\/p>\n<audio class=\"wp-audio-shortcode\" id=\"audio-250360-5\" preload=\"none\" style=\"width: 100%;\" controls=\"controls\"><source type=\"audio\/mpeg\" src=\"https:\/\/www.radiopiu.net\/wordpress\/wp-content\/uploads\/2021\/12\/Gidoni-su-sicurezza-nel-capoluogo.mp3?_=5\" \/><a href=\"https:\/\/www.radiopiu.net\/wordpress\/wp-content\/uploads\/2021\/12\/Gidoni-su-sicurezza-nel-capoluogo.mp3\">https:\/\/www.radiopiu.net\/wordpress\/wp-content\/uploads\/2021\/12\/Gidoni-su-sicurezza-nel-capoluogo.mp3<\/a><\/audio>\n<p>&nbsp;<\/p>\n<p><strong>MARZIO SOVILLA, SEGRETARIO CITTADINO DELLA LEGA<\/strong><\/p>\n<audio class=\"wp-audio-shortcode\" id=\"audio-250360-6\" preload=\"none\" style=\"width: 100%;\" controls=\"controls\"><source type=\"audio\/mpeg\" src=\"https:\/\/www.radiopiu.net\/wordpress\/wp-content\/uploads\/2021\/12\/Sovilla-su-sicurezza-in-citta.mp3?_=6\" \/><a href=\"https:\/\/www.radiopiu.net\/wordpress\/wp-content\/uploads\/2021\/12\/Sovilla-su-sicurezza-in-citta.mp3\">https:\/\/www.radiopiu.net\/wordpress\/wp-content\/uploads\/2021\/12\/Sovilla-su-sicurezza-in-citta.mp3<\/a><\/audio>\n<p>&nbsp;<\/p>\n<hr \/>\n<p>&nbsp;<\/p>\n<blockquote>\n<h3>JOLANDA DE NARDIN, UNA VITA AL BAR DELLA STAZIONE<\/h3>\n<\/blockquote>\n<p><strong><a href=\"https:\/\/www.radiopiu.net\/wordpress\/giornale-radiopiu-27-dicembre-2021-direttore-mirko-mezzacasa\/iolanda_denardin\/\" rel=\"attachment wp-att-250365\"><img loading=\"lazy\" decoding=\"async\" class=\"size-medium wp-image-250365 alignleft\" src=\"https:\/\/www.radiopiu.net\/wordpress\/wp-content\/uploads\/2021\/12\/iolanda_denardin-282x300.png\" alt=\"\" width=\"282\" height=\"300\" srcset=\"https:\/\/www.radiopiu.net\/wordpress\/wp-content\/uploads\/2021\/12\/iolanda_denardin-282x300.png 282w, https:\/\/www.radiopiu.net\/wordpress\/wp-content\/uploads\/2021\/12\/iolanda_denardin-963x1024.png 963w, https:\/\/www.radiopiu.net\/wordpress\/wp-content\/uploads\/2021\/12\/iolanda_denardin-768x817.png 768w, https:\/\/www.radiopiu.net\/wordpress\/wp-content\/uploads\/2021\/12\/iolanda_denardin-1444x1536.png 1444w, https:\/\/www.radiopiu.net\/wordpress\/wp-content\/uploads\/2021\/12\/iolanda_denardin-1926x2048.png 1926w\" sizes=\"auto, (max-width: 282px) 100vw, 282px\" \/><\/a>AGORDO<\/strong><\/p>\n<p>di Gianni Santomaso<\/p>\n<audio class=\"wp-audio-shortcode\" id=\"audio-250360-7\" preload=\"none\" style=\"width: 100%;\" controls=\"controls\"><source type=\"audio\/mpeg\" src=\"https:\/\/www.radiopiu.net\/wordpress\/wp-content\/uploads\/2021\/12\/GIANNI-SPECIALE-JOLANDA-DE-NARDIN.mp3?_=7\" \/><a href=\"https:\/\/www.radiopiu.net\/wordpress\/wp-content\/uploads\/2021\/12\/GIANNI-SPECIALE-JOLANDA-DE-NARDIN.mp3\">https:\/\/www.radiopiu.net\/wordpress\/wp-content\/uploads\/2021\/12\/GIANNI-SPECIALE-JOLANDA-DE-NARDIN.mp3<\/a><\/audio>\n<p>&nbsp;<\/p>\n\n\t\t\t<style type='text\/css'>\n\t\t\t\t#gallery-3 {\n\t\t\t\t\tmargin: auto;\n\t\t\t\t}\n\t\t\t\t#gallery-3 .gallery-item {\n\t\t\t\t\tfloat: left;\n\t\t\t\t\tmargin-top: 10px;\n\t\t\t\t\ttext-align: center;\n\t\t\t\t\twidth: 50%;\n\t\t\t\t}\n\t\t\t\t#gallery-3 img {\n\t\t\t\t\tborder: 2px solid #cfcfcf;\n\t\t\t\t}\n\t\t\t\t#gallery-3 .gallery-caption {\n\t\t\t\t\tmargin-left: 0;\n\t\t\t\t}\n\t\t\t\t\/* see gallery_shortcode() in wp-includes\/media.php *\/\n\t\t\t<\/style>\n\t\t<div id='gallery-3' class='dt-gallery-container gallery galleryid-250360 gallery-columns-2 gallery-size-medium'><dl class='gallery-item'>\n\t\t\t\t<dt class='gallery-icon landscape'>\n\t\t\t\t\t<a class=\"rollover rollover-zoom dt-pswp-item\" title=\"7c2f06f9-c188-4565-a022-9fbe311e5adf\" data-dt-img-description=\"\" data-large_image_width=\"2048\" data-large_image_height=\"1154\"href='https:\/\/www.radiopiu.net\/wordpress\/wp-content\/uploads\/2021\/12\/7c2f06f9-c188-4565-a022-9fbe311e5adf.jpg'><img loading=\"lazy\" decoding=\"async\" width=\"300\" height=\"169\" src=\"https:\/\/www.radiopiu.net\/wordpress\/wp-content\/uploads\/2021\/12\/7c2f06f9-c188-4565-a022-9fbe311e5adf-300x169.jpg\" class=\"attachment-medium size-medium\" alt=\"\" srcset=\"https:\/\/www.radiopiu.net\/wordpress\/wp-content\/uploads\/2021\/12\/7c2f06f9-c188-4565-a022-9fbe311e5adf-300x169.jpg 300w, https:\/\/www.radiopiu.net\/wordpress\/wp-content\/uploads\/2021\/12\/7c2f06f9-c188-4565-a022-9fbe311e5adf-1024x577.jpg 1024w, https:\/\/www.radiopiu.net\/wordpress\/wp-content\/uploads\/2021\/12\/7c2f06f9-c188-4565-a022-9fbe311e5adf-768x433.jpg 768w, https:\/\/www.radiopiu.net\/wordpress\/wp-content\/uploads\/2021\/12\/7c2f06f9-c188-4565-a022-9fbe311e5adf-1536x866.jpg 1536w, https:\/\/www.radiopiu.net\/wordpress\/wp-content\/uploads\/2021\/12\/7c2f06f9-c188-4565-a022-9fbe311e5adf.jpg 2048w\" sizes=\"auto, (max-width: 300px) 100vw, 300px\" \/><\/a>\n\t\t\t\t<\/dt><\/dl><dl class='gallery-item'>\n\t\t\t\t<dt class='gallery-icon landscape'>\n\t\t\t\t\t<a class=\"rollover rollover-zoom dt-pswp-item\" title=\"f86096d7-f531-4e58-a289-5d817437b787\" data-dt-img-description=\"\" data-large_image_width=\"2048\" data-large_image_height=\"1154\"href='https:\/\/www.radiopiu.net\/wordpress\/wp-content\/uploads\/2021\/12\/f86096d7-f531-4e58-a289-5d817437b787.jpg'><img loading=\"lazy\" decoding=\"async\" width=\"300\" height=\"169\" src=\"https:\/\/www.radiopiu.net\/wordpress\/wp-content\/uploads\/2021\/12\/f86096d7-f531-4e58-a289-5d817437b787-300x169.jpg\" class=\"attachment-medium size-medium\" alt=\"\" srcset=\"https:\/\/www.radiopiu.net\/wordpress\/wp-content\/uploads\/2021\/12\/f86096d7-f531-4e58-a289-5d817437b787-300x169.jpg 300w, https:\/\/www.radiopiu.net\/wordpress\/wp-content\/uploads\/2021\/12\/f86096d7-f531-4e58-a289-5d817437b787-1024x577.jpg 1024w, https:\/\/www.radiopiu.net\/wordpress\/wp-content\/uploads\/2021\/12\/f86096d7-f531-4e58-a289-5d817437b787-768x433.jpg 768w, https:\/\/www.radiopiu.net\/wordpress\/wp-content\/uploads\/2021\/12\/f86096d7-f531-4e58-a289-5d817437b787-1536x866.jpg 1536w, https:\/\/www.radiopiu.net\/wordpress\/wp-content\/uploads\/2021\/12\/f86096d7-f531-4e58-a289-5d817437b787.jpg 2048w\" sizes=\"auto, (max-width: 300px) 100vw, 300px\" \/><\/a>\n\t\t\t\t<\/dt><\/dl><br style=\"clear: both\" \/><dl class='gallery-item'>\n\t\t\t\t<dt class='gallery-icon landscape'>\n\t\t\t\t\t<a class=\"rollover rollover-zoom dt-pswp-item\" title=\"df598afd-41ea-418a-ad88-9d5e27fc9271\" data-dt-img-description=\"\" data-large_image_width=\"2048\" data-large_image_height=\"1154\"href='https:\/\/www.radiopiu.net\/wordpress\/wp-content\/uploads\/2021\/12\/df598afd-41ea-418a-ad88-9d5e27fc9271.jpg'><img loading=\"lazy\" decoding=\"async\" width=\"300\" height=\"169\" src=\"https:\/\/www.radiopiu.net\/wordpress\/wp-content\/uploads\/2021\/12\/df598afd-41ea-418a-ad88-9d5e27fc9271-300x169.jpg\" class=\"attachment-medium size-medium\" alt=\"\" srcset=\"https:\/\/www.radiopiu.net\/wordpress\/wp-content\/uploads\/2021\/12\/df598afd-41ea-418a-ad88-9d5e27fc9271-300x169.jpg 300w, https:\/\/www.radiopiu.net\/wordpress\/wp-content\/uploads\/2021\/12\/df598afd-41ea-418a-ad88-9d5e27fc9271-1024x577.jpg 1024w, https:\/\/www.radiopiu.net\/wordpress\/wp-content\/uploads\/2021\/12\/df598afd-41ea-418a-ad88-9d5e27fc9271-768x433.jpg 768w, https:\/\/www.radiopiu.net\/wordpress\/wp-content\/uploads\/2021\/12\/df598afd-41ea-418a-ad88-9d5e27fc9271-1536x866.jpg 1536w, https:\/\/www.radiopiu.net\/wordpress\/wp-content\/uploads\/2021\/12\/df598afd-41ea-418a-ad88-9d5e27fc9271.jpg 2048w\" sizes=\"auto, (max-width: 300px) 100vw, 300px\" \/><\/a>\n\t\t\t\t<\/dt><\/dl><dl class='gallery-item'>\n\t\t\t\t<dt class='gallery-icon landscape'>\n\t\t\t\t\t<a class=\"rollover rollover-zoom dt-pswp-item\" title=\"71eb1e05-cdc0-4e91-b8d4-9c399139118c\" data-dt-img-description=\"\" data-large_image_width=\"2048\" data-large_image_height=\"1154\"href='https:\/\/www.radiopiu.net\/wordpress\/wp-content\/uploads\/2021\/12\/71eb1e05-cdc0-4e91-b8d4-9c399139118c.jpg'><img loading=\"lazy\" decoding=\"async\" width=\"300\" height=\"169\" src=\"https:\/\/www.radiopiu.net\/wordpress\/wp-content\/uploads\/2021\/12\/71eb1e05-cdc0-4e91-b8d4-9c399139118c-300x169.jpg\" class=\"attachment-medium size-medium\" alt=\"\" srcset=\"https:\/\/www.radiopiu.net\/wordpress\/wp-content\/uploads\/2021\/12\/71eb1e05-cdc0-4e91-b8d4-9c399139118c-300x169.jpg 300w, https:\/\/www.radiopiu.net\/wordpress\/wp-content\/uploads\/2021\/12\/71eb1e05-cdc0-4e91-b8d4-9c399139118c-1024x577.jpg 1024w, https:\/\/www.radiopiu.net\/wordpress\/wp-content\/uploads\/2021\/12\/71eb1e05-cdc0-4e91-b8d4-9c399139118c-768x433.jpg 768w, https:\/\/www.radiopiu.net\/wordpress\/wp-content\/uploads\/2021\/12\/71eb1e05-cdc0-4e91-b8d4-9c399139118c-1536x866.jpg 1536w, https:\/\/www.radiopiu.net\/wordpress\/wp-content\/uploads\/2021\/12\/71eb1e05-cdc0-4e91-b8d4-9c399139118c.jpg 2048w\" sizes=\"auto, (max-width: 300px) 100vw, 300px\" \/><\/a>\n\t\t\t\t<\/dt><\/dl><br style=\"clear: both\" \/>\n\t\t\t<\/div>\n\n<p>&nbsp;<\/p>\n<hr \/>\n<p>&nbsp;<\/p>\n<blockquote>\n<h3>CONCA AGORDINA E POI D&#8217;INVERNO<br \/>\nGli scatti di Manuel Conedera<\/h3>\n<\/blockquote>\n\n\t\t\t<style type='text\/css'>\n\t\t\t\t#gallery-4 {\n\t\t\t\t\tmargin: auto;\n\t\t\t\t}\n\t\t\t\t#gallery-4 .gallery-item {\n\t\t\t\t\tfloat: left;\n\t\t\t\t\tmargin-top: 10px;\n\t\t\t\t\ttext-align: center;\n\t\t\t\t\twidth: 25%;\n\t\t\t\t}\n\t\t\t\t#gallery-4 img {\n\t\t\t\t\tborder: 2px solid #cfcfcf;\n\t\t\t\t}\n\t\t\t\t#gallery-4 .gallery-caption {\n\t\t\t\t\tmargin-left: 0;\n\t\t\t\t}\n\t\t\t\t\/* see gallery_shortcode() in wp-includes\/media.php *\/\n\t\t\t<\/style>\n\t\t<div id='gallery-4' class='dt-gallery-container gallery galleryid-250360 gallery-columns-4 gallery-size-thumbnail'><dl class='gallery-item'>\n\t\t\t\t<dt class='gallery-icon landscape'>\n\t\t\t\t\t<a class=\"rollover rollover-zoom dt-pswp-item\" title=\"f312dd57-4428-49bf-b813-0c11f17b7a69\" data-dt-img-description=\"L&#039;AGNER\" data-large_image_width=\"1600\" data-large_image_height=\"1068\"href='https:\/\/www.radiopiu.net\/wordpress\/wp-content\/uploads\/2021\/12\/f312dd57-4428-49bf-b813-0c11f17b7a69.jpg'><img loading=\"lazy\" decoding=\"async\" width=\"150\" height=\"150\" src=\"https:\/\/www.radiopiu.net\/wordpress\/wp-content\/uploads\/2021\/12\/f312dd57-4428-49bf-b813-0c11f17b7a69-150x150.jpg\" class=\"attachment-thumbnail size-thumbnail\" alt=\"\" aria-describedby=\"gallery-4-250579\" \/><\/a>\n\t\t\t\t<\/dt>\n\t\t\t\t\t<dd class='wp-caption-text gallery-caption' id='gallery-4-250579'>\n\t\t\t\t\tL&#8217;AGNER\n\t\t\t\t\t<\/dd><\/dl><dl class='gallery-item'>\n\t\t\t\t<dt class='gallery-icon landscape'>\n\t\t\t\t\t<a class=\"rollover rollover-zoom dt-pswp-item\" title=\"la valle\" data-dt-img-description=\"LA VALLE\" data-large_image_width=\"1600\" data-large_image_height=\"1068\"href='https:\/\/www.radiopiu.net\/wordpress\/wp-content\/uploads\/2021\/12\/la-valle.jpg'><img loading=\"lazy\" decoding=\"async\" width=\"150\" height=\"150\" src=\"https:\/\/www.radiopiu.net\/wordpress\/wp-content\/uploads\/2021\/12\/la-valle-150x150.jpg\" class=\"attachment-thumbnail size-thumbnail\" alt=\"\" aria-describedby=\"gallery-4-250581\" \/><\/a>\n\t\t\t\t<\/dt>\n\t\t\t\t\t<dd class='wp-caption-text gallery-caption' id='gallery-4-250581'>\n\t\t\t\t\tLA CONCA AGORDINA\n\t\t\t\t\t<\/dd><\/dl><dl class='gallery-item'>\n\t\t\t\t<dt class='gallery-icon landscape'>\n\t\t\t\t\t<a class=\"rollover rollover-zoom dt-pswp-item\" title=\"conca\" data-dt-img-description=\"\" data-large_image_width=\"1600\" data-large_image_height=\"1068\"href='https:\/\/www.radiopiu.net\/wordpress\/wp-content\/uploads\/2021\/12\/conca.jpg'><img loading=\"lazy\" decoding=\"async\" width=\"150\" height=\"150\" src=\"https:\/\/www.radiopiu.net\/wordpress\/wp-content\/uploads\/2021\/12\/conca-150x150.jpg\" class=\"attachment-thumbnail size-thumbnail\" alt=\"\" aria-describedby=\"gallery-4-250582\" \/><\/a>\n\t\t\t\t<\/dt>\n\t\t\t\t\t<dd class='wp-caption-text gallery-caption' id='gallery-4-250582'>\n\t\t\t\t\tCONCA AGORDINA\n\t\t\t\t\t<\/dd><\/dl><dl class='gallery-item'>\n\t\t\t\t<dt class='gallery-icon landscape'>\n\t\t\t\t\t<a class=\"rollover rollover-zoom dt-pswp-item\" title=\"a8371783-cfcb-4daa-bed2-464f0155dbc4\" data-dt-img-description=\"\" data-large_image_width=\"1384\" data-large_image_height=\"924\"href='https:\/\/www.radiopiu.net\/wordpress\/wp-content\/uploads\/2021\/12\/a8371783-cfcb-4daa-bed2-464f0155dbc4.jpg'><img loading=\"lazy\" decoding=\"async\" width=\"150\" height=\"150\" src=\"https:\/\/www.radiopiu.net\/wordpress\/wp-content\/uploads\/2021\/12\/a8371783-cfcb-4daa-bed2-464f0155dbc4-150x150.jpg\" class=\"attachment-thumbnail size-thumbnail\" alt=\"\" aria-describedby=\"gallery-4-250578\" \/><\/a>\n\t\t\t\t<\/dt>\n\t\t\t\t\t<dd class='wp-caption-text gallery-caption' id='gallery-4-250578'>\n\t\t\t\t\tLA CONCA AGORDINA\n\t\t\t\t\t<\/dd><\/dl><br style=\"clear: both\" \/><dl class='gallery-item'>\n\t\t\t\t<dt class='gallery-icon landscape'>\n\t\t\t\t\t<a class=\"rollover rollover-zoom dt-pswp-item\" title=\"agordo\" data-dt-img-description=\"\" data-large_image_width=\"1600\" data-large_image_height=\"1068\"href='https:\/\/www.radiopiu.net\/wordpress\/wp-content\/uploads\/2021\/12\/agordo.jpg'><img loading=\"lazy\" decoding=\"async\" width=\"150\" height=\"150\" src=\"https:\/\/www.radiopiu.net\/wordpress\/wp-content\/uploads\/2021\/12\/agordo-150x150.jpg\" class=\"attachment-thumbnail size-thumbnail\" alt=\"\" aria-describedby=\"gallery-4-250583\" \/><\/a>\n\t\t\t\t<\/dt>\n\t\t\t\t\t<dd class='wp-caption-text gallery-caption' id='gallery-4-250583'>\n\t\t\t\t\tAGORDO\n\t\t\t\t\t<\/dd><\/dl><dl class='gallery-item'>\n\t\t\t\t<dt class='gallery-icon portrait'>\n\t\t\t\t\t<a class=\"rollover rollover-zoom dt-pswp-item\" title=\"voltago\" data-dt-img-description=\"\" data-large_image_width=\"1068\" data-large_image_height=\"1600\"href='https:\/\/www.radiopiu.net\/wordpress\/wp-content\/uploads\/2021\/12\/voltago.jpg'><img loading=\"lazy\" decoding=\"async\" width=\"150\" height=\"150\" src=\"https:\/\/www.radiopiu.net\/wordpress\/wp-content\/uploads\/2021\/12\/voltago-150x150.jpg\" class=\"attachment-thumbnail size-thumbnail\" alt=\"\" aria-describedby=\"gallery-4-250584\" \/><\/a>\n\t\t\t\t<\/dt>\n\t\t\t\t\t<dd class='wp-caption-text gallery-caption' id='gallery-4-250584'>\n\t\t\t\t\tVOLTAGO\n\n\t\t\t\t\t<\/dd><\/dl><dl class='gallery-item'>\n\t\t\t\t<dt class='gallery-icon landscape'>\n\t\t\t\t\t<a class=\"rollover rollover-zoom dt-pswp-item\" title=\"rivamonte\" data-dt-img-description=\"\" data-large_image_width=\"1600\" data-large_image_height=\"1068\"href='https:\/\/www.radiopiu.net\/wordpress\/wp-content\/uploads\/2021\/12\/rivamonte-2.jpg'><img loading=\"lazy\" decoding=\"async\" width=\"150\" height=\"150\" src=\"https:\/\/www.radiopiu.net\/wordpress\/wp-content\/uploads\/2021\/12\/rivamonte-2-150x150.jpg\" class=\"attachment-thumbnail size-thumbnail\" alt=\"\" aria-describedby=\"gallery-4-250580\" \/><\/a>\n\t\t\t\t<\/dt>\n\t\t\t\t\t<dd class='wp-caption-text gallery-caption' id='gallery-4-250580'>\n\t\t\t\t\tRIVAMONTE\n\t\t\t\t\t<\/dd><\/dl>\n\t\t\t\t<br style='clear: both' \/>\n\t\t\t<\/div>\n\n<p>&nbsp;<\/p>\n<p>&nbsp;<\/p>\n<hr \/>\n<p>&nbsp;<\/p>\n<blockquote>\n<h3>AUTONOMIE POSSIBILI PER PERSONE CON DISABILIT\u00c0 INTELLETTIVA E\/O RELAZIONALE<\/h3>\n<\/blockquote>\n<p><strong><a href=\"https:\/\/www.radiopiu.net\/wordpress\/giornale-radiopiu-28-dicembre-2021-direttore-mirko-mezzacasa\/anffass-spazio-per-persone-svantaggiate\/\" rel=\"attachment wp-att-250452\"><img loading=\"lazy\" decoding=\"async\" class=\"size-medium wp-image-250452 alignleft\" src=\"https:\/\/www.radiopiu.net\/wordpress\/wp-content\/uploads\/2021\/12\/Anffass-spazio-per-persone-svantaggiate-300x225.jpg\" alt=\"\" width=\"300\" height=\"225\" srcset=\"https:\/\/www.radiopiu.net\/wordpress\/wp-content\/uploads\/2021\/12\/Anffass-spazio-per-persone-svantaggiate-300x225.jpg 300w, https:\/\/www.radiopiu.net\/wordpress\/wp-content\/uploads\/2021\/12\/Anffass-spazio-per-persone-svantaggiate-1024x768.jpg 1024w, https:\/\/www.radiopiu.net\/wordpress\/wp-content\/uploads\/2021\/12\/Anffass-spazio-per-persone-svantaggiate-768x576.jpg 768w, https:\/\/www.radiopiu.net\/wordpress\/wp-content\/uploads\/2021\/12\/Anffass-spazio-per-persone-svantaggiate-1536x1152.jpg 1536w, https:\/\/www.radiopiu.net\/wordpress\/wp-content\/uploads\/2021\/12\/Anffass-spazio-per-persone-svantaggiate-2048x1536.jpg 2048w\" sizes=\"auto, (max-width: 300px) 100vw, 300px\" \/><\/a>BELLUNO <\/strong>Autonomie possibili per persone svantaggiate grazie ad Anffas Onlus Belluno. Quattordici anni dedicati ad una media di 25 utenti per ogni anno di attivit\u00e0, coinvolti nel brillante progetto \u201cProve di Volo, un\u2019iniziativa per la vita indipendente\u201d, coordinato da Anffas per il territorio bellunese. Il progetto, tuttora in corso, ha visto il suo esordio nel 2007, offrendo sin dalla nascita la possibilit\u00e0 per le persone con disabilit\u00e0 intellettiva e\/o relazionale di occupare alcuni fine settimana in attivit\u00e0 ludiche, creative, culinarie e di interazione sociale per una prospettiva di autonomia nella vita quotidiana. L&#8217;impegno ha purtroppo subito una battuta d&#8217;arresto nel marzo 2020, con l&#8217;inizio della pandemia, per poi ripartire nel luglio scorso a pieno regime nel rispetto delle prescrizioni. \u00ab<em>L&#8217;autonomia degli ospiti \u00e8 resa possibile in un appartamento di propriet\u00e0 del Comune di Belluno nel quartiere di Cavarzano dove essi sono coinvolti nello svolgimento delle pi\u00f9 diverse attivit\u00e0: laboratori, canto, teatro, ginnastica e uscite, a seconda dei periodi e nel rispetto delle normative legate al Covid-19, con l&#8217;obiettivo di consentire a ciascuna persona di esprimere il proprio talento<\/em>\u00bb, spiega il presidente Salvatore Bavasso. Il progetto, riservato agli associati di Anffas, \u00e8 in continuo divenire, lasciando la possibilit\u00e0 di conoscere da vicino questa realt\u00e0 semplicemente contattando la sede allo 0437 25775\u00a0o scrivendo a anffasbl@virgilio.it<\/p>\n<p>&nbsp;<\/p>\n<p>&nbsp;<\/p>\n<hr \/>\n<p>&nbsp;<\/p>\n<blockquote>\n<h3>SETTIMANA DI CONSIGLI COMUNALI<\/h3>\n<\/blockquote>\n<p><strong>VOLTAGO<\/strong> Cinque punti all&#8217;ordine del giorno nel consiglio comunale di oggi alle 18.30, compresa la mozione presentata dal consigliere Francesca Della Lucia in merito al conferimento della cittadinanza onoraria al milite ignoto. Il sindaco Giuseppe Schena propone: revisione delle partecipazioni, bilancio Asca, variazione d&#8217;urgenza.<\/p>\n<p><strong>ROCCA PIETORE<\/strong> Sar\u00e0 l&#8217;aria del Natale? Un consiglio comunale senza le interrogazioni della minoranza, anzi delle minoranze\u00a0 di Diana Iraci Borgia o del gruppo che fa riferimento a Maurizio De Cassan. Oggi alle 18.30 seduta di ordinaria amministrazione con l&#8217;approvazione del Dup (documento di programmazione), variazione al bilancio, prelievo dal fondo di riserva, ricognizione delle partecipazioni possedute, bilancio di previsione Asca 2022 e programma per il conferimento di incarichi di collaborazione autonoma.<\/p>\n<p><strong>TAIBON<\/strong> Oggi alle 20:30 consiglio comunale convocato dal sindaco Silvia Tormen, all&#8217;ordine del giorno: affidamento servizio tesoreria, revisione delle partecipazioni, nomina revisore dei conti, approvazione bilancio di prevision dell&#8217;Azienda Speciale Multiservizi, impianto elettrico sul Corpassa, modifica del piano di pagamento dei canoni concessori<\/p>\n<p><strong>AGORDO<\/strong> Il sindaco Roberto Chissal\u00e8 ha convocato i consiglieri per domani alle 19.15. I punti: bilancio azienda consortile e azienda speciale Agordo Servizi; approvazione variante per la riorganizzazione dei parcheggi zona Luxottica; variazione al bilancio di previsione; mozione presentata dal capogruppo di Agordo Cambia.<\/p>\n<p><strong>FALCADE<\/strong> Consiglio comunale\u00a0 domani\u00a0 alle 8 del mattino, all&#8217;ordine del giorno la variazione al bilancio, la revisione delle partecipazioni e il bilancio Asca.<\/p>\n<p><strong>SELVA DI CADORE<\/strong>\u00a0 Domani\u00a0 alle 19 consiglio comunale, all&#8217;ordine del giorno: verifica delle aree\u00a0 e fabbricati per la residenza o attivit\u00e0 produttive che potranno essere ceduti in diritto di propriet\u00e0; approvazione documento Dup; approvazione della modifica sul regolamento dell&#8217;imposta di soggiorno. La minoranza di Adriano Peretti porta in consiglio tre interrogazioni, sulla designazione dei rappresentanti presso Enti, tassa di soggiorno e luminarie, microcriminalit\u00e0 post fatti di Lorenzago <em>&#8220;Chiediamo sia presa in considerazione l&#8217;ipotesi di stipulare un protocollo d&#8217;intesa con la Prefettura per istituire un progetto di controllo di vicinato&#8221;<\/em><\/p>\n<p><strong>SAN TOMASO<\/strong>\u00a0 \u00a0Domani\u00a0 alle 18 consiglio comunale per la variazione d&#8217;urgenza al bilancio; ricognizione partecipazioni possedute; convenzione con la scuola materna e scioglimento convenzione per lo svolgimento delle funzioni di segreteria comunale<\/p>\n<p><strong>CENCENIGHE\u00a0<\/strong>Il sindaco Mauro Soppelsa ha convocato il consiglio comunale per gioved\u00ec alle 20:30. Saranno 5 i punti da discutere tra cui la revisione ordinaria delle partecipazioni, lo scioglimento della convenzione delle funzioni di segreteria comunale in forma associata con San Tomaso e Livinallongo e l&#8217;approvazione delle funzioni di segreteria in forma associata con il comune di Alpago.<\/p>\n<blockquote><p>&nbsp;<\/p><\/blockquote>\n<hr \/>\n<p>&nbsp;<\/p>\n<blockquote>\n<h3>BONUS FACCIATE E RISTRUTTURAZIONI, TRA CHIARIMENTI ED INCERTEZZE<\/h3>\n<\/blockquote>\n<p><strong><a href=\"https:\/\/www.radiopiu.net\/wordpress\/fondi-per-la-scuola\/soldi-scuola\/\" rel=\"attachment wp-att-207306\"><img loading=\"lazy\" decoding=\"async\" class=\"size-medium wp-image-207306 alignleft\" src=\"https:\/\/www.radiopiu.net\/wordpress\/wp-content\/uploads\/2021\/05\/soldi-scuola-300x169.jpeg\" alt=\"\" width=\"300\" height=\"169\" srcset=\"https:\/\/www.radiopiu.net\/wordpress\/wp-content\/uploads\/2021\/05\/soldi-scuola-300x169.jpeg 300w, https:\/\/www.radiopiu.net\/wordpress\/wp-content\/uploads\/2021\/05\/soldi-scuola.jpeg 626w\" sizes=\"auto, (max-width: 300px) 100vw, 300px\" \/><\/a>VENEZIA <\/strong>E\u2019 confermata\u00a0\u00a0 la\u00a0\u00a0 possibilit\u00e0\u00a0\u00a0 di\u00a0\u00a0 conseguire\u00a0\u00a0 i\u00a0\u00a0 bonus\u00a0 &#8220;facciate&#8221;\u00a0\u00a0 e\u00a0\u00a0 &#8220;ristrutturazioni&#8221;, rispettivamente nelle percentuali del 90% e del 50%, con il pagamento entro il 31 Dicembre 2021, anche se i lavori non sono ancora terminati, ma devono essere &#8220;almeno iniziati&#8221;: ad affermarlo \u00e8 l\u2019Ufficio Studi di ANACI (Associazione Nazionale Amministratori Condominiali ed Immobiliari) Veneto, superando la situazione d\u2019impasse, seguita al Decreto Legge dello scorso\u00a0 11 Novembre (\u201cMisure\u00a0 urgenti per il contrasto alle frodi nel settore delle agevolazioni fiscali ed economiche\u201d) che,\u00a0 pur\u00a0 prendendo le mosse da una condivisa esigenza di tutela delle risorse pubbliche, ha creato una situazione\u00a0 d\u2019incertezza\u00a0 per le tardive tempistiche e per le modalit\u00e0 talvolta oscure. Dal 12 Novembre scorso, infatti, qualora siano stati sottoscritti contratti d&#8217;appalto per opere rientranti in tale casistica (&#8220;facciate&#8221; e &#8220;ristrutturazioni&#8221;), vige per\u00a0 il committente (quindi il condominio\u00a0 e, per esso, l&#8217;amministratore)\u00a0 il nuovo obbligo di commissionare e trasmettere sia il visto di conformit\u00e0 dei dati relativi alla documentazione, che attesta la sussistenza dei presupposti che danno diritto alla detrazione d\u2019imposta, sia\u00a0 l&#8217;asseverazione\u00a0 del\u00a0 rispetto\u00a0\u00a0 dei\u00a0\u00a0 requisiti\u00a0\u00a0 previsti\u00a0\u00a0 dalla\u00a0\u00a0 legge\u00a0\u00a0 per \u00a0\u00a0la\u00a0\u00a0 fruizione\u00a0\u00a0 delle\u00a0 agevolazioni\u00a0 e\u00a0\u00a0 della\u00a0 corrispondente\u00a0\u00a0 congruit\u00e0\u00a0\u00a0 delle\u00a0\u00a0 spese\u00a0\u00a0 sostenute\u00a0\u00a0 in\u00a0\u00a0 relazione\u00a0\u00a0 agli interventi agevolati. In particolare, chiarisce ANACI Veneto, se il tecnico abilitato assevera la congruit\u00e0 delle spese dopo che i lavori sono cominciati, il commercialista deputato al rilascio del visto di conformit\u00e0, acquisita l\u2019attestazione di congruit\u00e0, presenta la comunicazione di opzione e la banca acquista il credito d\u2019imposta dal fornitore, nessuno di questi soggetti pu\u00f2 incorrere in concorso di violazione di norme, qualora successivamente i lavori non vengano ultimati. Allo stato attuale il Decreto Legge \u00e8 vigente e si ignora quali modifiche\u00a0 verranno introdotte in sede di conversione, prevista dopo il 31 Dicembre prossimo.\u00a0 Le modifiche in oggetto interessano soprattutto i bonus minori, quando le agevolazioni fiscali sono fruite mediante sconto in fattura o cessione del credito. \u201c<em>Permangono per\u00f2<\/em><em> \u2013 precisa il bellunese Lino Bertin, Presidente di ANACI Veneto- ancora incertezze sui prezziari di riferimento in attesa del provvedimento da emanarsi entro il 9 Febbraio 2022 a cura del Ministro della Transizione Ecologica; nel frattempo si deve far riferimento ai prezziari individuati dal Decreto Requisiti del 6 Agosto 2020. Un\u2019ulteriore questione aperta\u00a0 riguarda\u00a0 i costi dei professionisti, che rilasceranno il visto e l\u2019asseverazione: sembrano, infatti, rimanere a carico dei committenti, cio\u00e8\u00a0 del condominio, come invece non succede per gli interventi dei professionisti in tema di Superbonus 110%, creando un\u2019ingiustificata disparit\u00e0 di trattamento. Di conseguenza, la nomina dei professionisti\u00a0 spetta al condominio committente e per questo si consiglia la convocazione dell&#8217;assemblea<\/em>.\u201d<\/p>\n<p>&nbsp;<\/p>\n<p>&nbsp;<\/p>\n<p>&nbsp;<\/p>\n<hr \/>\n<p>&nbsp;<\/p>\n<blockquote>\n<h3>\u201cCANCELLI IN FERRO A BELLUNO\u201d: SCELTI QUELLI DALLE TIPOLOGIE PI\u00d9 INTERESSANTI<\/h3>\n<\/blockquote>\n<p><strong>di RENATO BONA<\/strong><\/p>\n<p>Sono numerosi, a Belluno, i cancelli, in gran parte risalenti al primo periodo del secolo scorso a cui \u00e8 stata applicata in fase d\u2019opera, o successivamente, una tamponatura in lamiera, ricoprendo in gran parte e a volte quasi totalmente le parti pi\u00f9 interessanti ed apprezzabili del cancello stesso; tali manufatti non sono inclusi nel lungo elenco corredato dalle immagini (Luca Zanfron o Vincenzo Caputo) che il ricercatore ha steso dopo un\u2019approfondita ricerca, nel libro \u201cCancelli in ferro a Belluno\u201d che \u00e8 stato stampato dalla tipografia Piave nel luglio 2009 per conto dell\u2019Istituto bellunese di ricerche sociali e culturali presieduto dal prof. don Sergio Sacco. Hanno collaborato con Caputo: Roberto Reolon per la descrizione tecnica ed Augusto Burlon per la presentazione araldica. Spazio invece \u00e8 stato dedicato &#8211; come puntualizza l\u2019autore in presentazione &#8211; alle tipologie pi\u00f9 interessanti ed in genere a quelle che appaiono di maggior pregio sotto il profilo artistico, o colpiscono per la loro originalit\u00e0 e il loro stile, di cui sono rimasti pochi esemplari, soprattutto con riferimento ai secoli XVII-XVIII\u201d. Una opportuna puntualizzazione di Caputo: \u201cGi\u00e0 nei secoli scorsi e fino alla prima met\u00e0 del XX secolo, i cancelli sono costruiti con profili a volute o a lance in ferro piatto e quadro e fusioni in ghisa o piombo. Il loro assemblaggio avveniva con chiodatura e ribattitura con lavorazione manuale su verghe di ferro commerciali, le lance e le volute erano lavorate a forgia mentre le colonne portanti del cancello, aventi forma esagonale o rotonda, in fusione di ghisa\u201d. Ed allora vediamo un\u2019altra serie di questi cancelli made in Belluno: nella via Gregorio XVI di Mussoi, del XVIII secolo, in uno stato di conservazione non buono, c\u2019\u00e8 il cancello che sugli ottocenteschi pilastri della ormai dismessa entrata principale, ha l\u2019incisione con la scritta \u201cVilla Clizia\u201d, edificio di propriet\u00e0 dei Pagani-Cesa. Non molto lontano, nella via San Lorenzo, al civico 46, del XX secolo e in buono stato, ecco il cancello principale d\u2019entrata, risalente agli anni \u201930, della Villa Vescovile, realizzata tra il 1711 ed il 1713, opera del vescovo Francesco Bembo, poi propriet\u00e0 Gerenzani (inizio secolo XIX), che, fra l\u2019altro, fu occupata dalle soldatesche francesi e quindi da quelle austriache. Segue il cancello di accesso al parco della stessa Villa. Sempre via San Lorenzo, civico 102: cancello (in buono stato, del XX secolo) all\u2019entrata di Villa Campana (secolo XVIII) costruito negli anni \u201939 su disegno dello stesso proprietario. Siamo ora nella via Simon da Cusighe dove troviamo, in discreto stato, del XX secolo, il cancello carraio degli anni \u201920 in uso ad alcuni fabbricati risalenti ai primi decenni del secolo scorso. Poco pi\u00f9 in la, al civico 6, del XIX secolo, in non buono stato, il cancello nella ex entrata alla Villa Cicogna (secolo XIX) demolita per edificare l\u2019esistente condominio negli anni \u201970. Trasferendoci in zona Baldenich, nella via Barozzi c\u2019\u00e8, del XVIII secolo, ci\u00f2 che rimane dell\u2019accesso alla Villa ex Doglioni; privo del cancello ma con evidente bel motivo sommitale; da un\u2019entrata ai margini della propriet\u00e0 si accedeva ad un sotterraneo che durante l\u2019ultima guerra era adibito a rifugio antiaereo, sottostante il viale che conduce alla Villa. Nella via Luigi Corte si pu\u00f2 vedere il cancello carraio, secolo XX, in buono stato, che originariamente era collocato nelle vicinanze, in uso ad un\u2019abitazione risalente ai primi decenni del secolo. Un salto nella via Bolzano per osservare, al civico 239, il cancello (XVIII secolo, in buono stato) di accesso al giardino di una vecchia villa. Torniamo indietro ed arriviamo a Borgo Piave dove, nella via Monte Grappa 420 della localit\u00e0 Bersaglio, c\u2019\u00e8 il cancello della villa gi\u00e0 propriet\u00e0 Quattrari-Polla (secolo XVIII), poi Obberhofer Giovanni Maria, quindi Domenico Balest e dal 1898 Olivier. Viene qui proposta una foto, risalente al 1905, che ritrae il proprietario Girolamo Olivier con i propri familiari proprio davanti al cancello che, viene precisato da Caputo, risale a fine Ottocento; sulla cima si notano le iniziali in stile gotico \u201cOG\u201d che stanno per Olivier Girolamo. Si crede che qui anticamente archibugieri e bombardieri venissero ad esercitarsi e da ci\u00f2 deriverebbe il nome Bersaglio della localit\u00e0. Restiamo nel Borgo perch\u00e9 nella stessa via si pu\u00f2 vedere il cancello (secolo XVIII in stato non buono) per accedere alle pertinenze della Villa Caminotti. Sempre a Borgo Piave, via M. Miari, al civico 24 c\u2019\u00e8, del XIX secolo, in discreto stato, il cancello di modeste dimensioni \u201ccon riferimenti ottocenteschi e probabilmente adattato, facente parte di una vecchia abitazione risalente al primo periodo del Novecento, ex propriet\u00e0 De Bertoldi Aldo, poi Catani\u201d. Al civico 28 c\u2019\u00e8 pure, del XX secolo ed in discreto stato, il cancello di grandi dimensioni, del primo periodo del Novecento, per l\u2019accesso ai fabbricati ex propriet\u00e0 Bertoldi Aldo, poi Catani, risalenti al 1911 e 1913.<\/p>\n\n\t\t\t<style type='text\/css'>\n\t\t\t\t#gallery-5 {\n\t\t\t\t\tmargin: auto;\n\t\t\t\t}\n\t\t\t\t#gallery-5 .gallery-item {\n\t\t\t\t\tfloat: left;\n\t\t\t\t\tmargin-top: 10px;\n\t\t\t\t\ttext-align: center;\n\t\t\t\t\twidth: 20%;\n\t\t\t\t}\n\t\t\t\t#gallery-5 img {\n\t\t\t\t\tborder: 2px solid #cfcfcf;\n\t\t\t\t}\n\t\t\t\t#gallery-5 .gallery-caption {\n\t\t\t\t\tmargin-left: 0;\n\t\t\t\t}\n\t\t\t\t\/* see gallery_shortcode() in wp-includes\/media.php *\/\n\t\t\t<\/style>\n\t\t<div id='gallery-5' class='dt-gallery-container gallery galleryid-250360 gallery-columns-5 gallery-size-thumbnail'><dl class='gallery-item'>\n\t\t\t\t<dt class='gallery-icon landscape'>\n\t\t\t\t\t<a class=\"rollover rollover-zoom dt-pswp-item\" title=\"269731899_497220675033704_3543897230453384846_n\" data-dt-img-description=\"\" data-large_image_width=\"296\" data-large_image_height=\"200\"href='https:\/\/www.radiopiu.net\/wordpress\/wp-content\/uploads\/2021\/12\/269731899_497220675033704_3543897230453384846_n.jpg'><img loading=\"lazy\" decoding=\"async\" width=\"150\" height=\"150\" src=\"https:\/\/www.radiopiu.net\/wordpress\/wp-content\/uploads\/2021\/12\/269731899_497220675033704_3543897230453384846_n-150x150.jpg\" class=\"attachment-thumbnail size-thumbnail\" alt=\"\" \/><\/a>\n\t\t\t\t<\/dt><\/dl><dl class='gallery-item'>\n\t\t\t\t<dt class='gallery-icon landscape'>\n\t\t\t\t\t<a class=\"rollover rollover-zoom dt-pswp-item\" title=\"267179889_1323140671492705_8214671106096425215_n\" data-dt-img-description=\"\" data-large_image_width=\"313\" data-large_image_height=\"206\"href='https:\/\/www.radiopiu.net\/wordpress\/wp-content\/uploads\/2021\/12\/267179889_1323140671492705_8214671106096425215_n.jpg'><img loading=\"lazy\" decoding=\"async\" width=\"150\" height=\"150\" src=\"https:\/\/www.radiopiu.net\/wordpress\/wp-content\/uploads\/2021\/12\/267179889_1323140671492705_8214671106096425215_n-150x150.jpg\" class=\"attachment-thumbnail size-thumbnail\" alt=\"\" \/><\/a>\n\t\t\t\t<\/dt><\/dl><dl class='gallery-item'>\n\t\t\t\t<dt class='gallery-icon landscape'>\n\t\t\t\t\t<a class=\"rollover rollover-zoom dt-pswp-item\" title=\"267174074_432061815326421_4683498624455405334_n\" data-dt-img-description=\"\" data-large_image_width=\"296\" data-large_image_height=\"206\"href='https:\/\/www.radiopiu.net\/wordpress\/wp-content\/uploads\/2021\/12\/267174074_432061815326421_4683498624455405334_n.jpg'><img loading=\"lazy\" decoding=\"async\" width=\"150\" height=\"150\" src=\"https:\/\/www.radiopiu.net\/wordpress\/wp-content\/uploads\/2021\/12\/267174074_432061815326421_4683498624455405334_n-150x150.jpg\" class=\"attachment-thumbnail size-thumbnail\" alt=\"\" \/><\/a>\n\t\t\t\t<\/dt><\/dl><dl class='gallery-item'>\n\t\t\t\t<dt class='gallery-icon landscape'>\n\t\t\t\t\t<a class=\"rollover rollover-zoom dt-pswp-item\" title=\"267092230_681263009551718_5259857132632439269_n\" data-dt-img-description=\"\" data-large_image_width=\"320\" data-large_image_height=\"204\"href='https:\/\/www.radiopiu.net\/wordpress\/wp-content\/uploads\/2021\/12\/267092230_681263009551718_5259857132632439269_n.jpg'><img loading=\"lazy\" decoding=\"async\" width=\"150\" height=\"150\" src=\"https:\/\/www.radiopiu.net\/wordpress\/wp-content\/uploads\/2021\/12\/267092230_681263009551718_5259857132632439269_n-150x150.jpg\" class=\"attachment-thumbnail size-thumbnail\" alt=\"\" \/><\/a>\n\t\t\t\t<\/dt><\/dl><dl class='gallery-item'>\n\t\t\t\t<dt class='gallery-icon landscape'>\n\t\t\t\t\t<a class=\"rollover rollover-zoom dt-pswp-item\" title=\"269778977_418562243328001_3610917783291116160_n\" data-dt-img-description=\"\" data-large_image_width=\"296\" data-large_image_height=\"205\"href='https:\/\/www.radiopiu.net\/wordpress\/wp-content\/uploads\/2021\/12\/269778977_418562243328001_3610917783291116160_n.jpg'><img loading=\"lazy\" decoding=\"async\" width=\"150\" height=\"150\" src=\"https:\/\/www.radiopiu.net\/wordpress\/wp-content\/uploads\/2021\/12\/269778977_418562243328001_3610917783291116160_n-150x150.jpg\" class=\"attachment-thumbnail size-thumbnail\" alt=\"\" \/><\/a>\n\t\t\t\t<\/dt><\/dl><br style=\"clear: both\" \/><dl class='gallery-item'>\n\t\t\t\t<dt class='gallery-icon landscape'>\n\t\t\t\t\t<a class=\"rollover rollover-zoom dt-pswp-item\" title=\"269939959_3047981628746523_8076802630026131622_n\" data-dt-img-description=\"\" data-large_image_width=\"313\" data-large_image_height=\"206\"href='https:\/\/www.radiopiu.net\/wordpress\/wp-content\/uploads\/2021\/12\/269939959_3047981628746523_8076802630026131622_n.jpg'><img loading=\"lazy\" decoding=\"async\" width=\"150\" height=\"150\" src=\"https:\/\/www.radiopiu.net\/wordpress\/wp-content\/uploads\/2021\/12\/269939959_3047981628746523_8076802630026131622_n-150x150.jpg\" class=\"attachment-thumbnail size-thumbnail\" alt=\"\" \/><\/a>\n\t\t\t\t<\/dt><\/dl><dl class='gallery-item'>\n\t\t\t\t<dt class='gallery-icon landscape'>\n\t\t\t\t\t<a class=\"rollover rollover-zoom dt-pswp-item\" title=\"269445503_1671073703223572_594969113669713658_n\" data-dt-img-description=\"\" data-large_image_width=\"296\" data-large_image_height=\"203\"href='https:\/\/www.radiopiu.net\/wordpress\/wp-content\/uploads\/2021\/12\/269445503_1671073703223572_594969113669713658_n.jpg'><img loading=\"lazy\" decoding=\"async\" width=\"150\" height=\"150\" src=\"https:\/\/www.radiopiu.net\/wordpress\/wp-content\/uploads\/2021\/12\/269445503_1671073703223572_594969113669713658_n-150x150.jpg\" class=\"attachment-thumbnail size-thumbnail\" alt=\"\" \/><\/a>\n\t\t\t\t<\/dt><\/dl><dl class='gallery-item'>\n\t\t\t\t<dt class='gallery-icon landscape'>\n\t\t\t\t\t<a class=\"rollover rollover-zoom dt-pswp-item\" title=\"269700013_963227000942461_5445531956710001259_n\" data-dt-img-description=\"\" data-large_image_width=\"292\" data-large_image_height=\"206\"href='https:\/\/www.radiopiu.net\/wordpress\/wp-content\/uploads\/2021\/12\/269700013_963227000942461_5445531956710001259_n.jpg'><img loading=\"lazy\" decoding=\"async\" width=\"150\" height=\"150\" src=\"https:\/\/www.radiopiu.net\/wordpress\/wp-content\/uploads\/2021\/12\/269700013_963227000942461_5445531956710001259_n-150x150.jpg\" class=\"attachment-thumbnail size-thumbnail\" alt=\"\" \/><\/a>\n\t\t\t\t<\/dt><\/dl><dl class='gallery-item'>\n\t\t\t\t<dt class='gallery-icon landscape'>\n\t\t\t\t\t<a class=\"rollover rollover-zoom dt-pswp-item\" title=\"267021269_446591213617921_5983780367181116955_n\" data-dt-img-description=\"\" data-large_image_width=\"307\" data-large_image_height=\"206\"href='https:\/\/www.radiopiu.net\/wordpress\/wp-content\/uploads\/2021\/12\/267021269_446591213617921_5983780367181116955_n.jpg'><img loading=\"lazy\" decoding=\"async\" width=\"150\" height=\"150\" src=\"https:\/\/www.radiopiu.net\/wordpress\/wp-content\/uploads\/2021\/12\/267021269_446591213617921_5983780367181116955_n-150x150.jpg\" class=\"attachment-thumbnail size-thumbnail\" alt=\"\" \/><\/a>\n\t\t\t\t<\/dt><\/dl><dl class='gallery-item'>\n\t\t\t\t<dt class='gallery-icon landscape'>\n\t\t\t\t\t<a class=\"rollover rollover-zoom dt-pswp-item\" title=\"269930232_238413855083559_3340832734836166083_n\" data-dt-img-description=\"\" data-large_image_width=\"316\" data-large_image_height=\"206\"href='https:\/\/www.radiopiu.net\/wordpress\/wp-content\/uploads\/2021\/12\/269930232_238413855083559_3340832734836166083_n.jpg'><img loading=\"lazy\" decoding=\"async\" width=\"150\" height=\"150\" src=\"https:\/\/www.radiopiu.net\/wordpress\/wp-content\/uploads\/2021\/12\/269930232_238413855083559_3340832734836166083_n-150x150.jpg\" class=\"attachment-thumbnail size-thumbnail\" alt=\"\" \/><\/a>\n\t\t\t\t<\/dt><\/dl><br style=\"clear: both\" \/><dl class='gallery-item'>\n\t\t\t\t<dt class='gallery-icon landscape'>\n\t\t\t\t\t<a class=\"rollover rollover-zoom dt-pswp-item\" title=\"269817315_5181466545198231_1064826013661492779_n\" data-dt-img-description=\"\" data-large_image_width=\"315\" data-large_image_height=\"206\"href='https:\/\/www.radiopiu.net\/wordpress\/wp-content\/uploads\/2021\/12\/269817315_5181466545198231_1064826013661492779_n.jpg'><img loading=\"lazy\" decoding=\"async\" width=\"150\" height=\"150\" src=\"https:\/\/www.radiopiu.net\/wordpress\/wp-content\/uploads\/2021\/12\/269817315_5181466545198231_1064826013661492779_n-150x150.jpg\" class=\"attachment-thumbnail size-thumbnail\" alt=\"\" \/><\/a>\n\t\t\t\t<\/dt><\/dl><dl class='gallery-item'>\n\t\t\t\t<dt class='gallery-icon landscape'>\n\t\t\t\t\t<a class=\"rollover rollover-zoom dt-pswp-item\" title=\"269944130_616963922977804_6087439067536760975_n\" data-dt-img-description=\"\" data-large_image_width=\"295\" data-large_image_height=\"206\"href='https:\/\/www.radiopiu.net\/wordpress\/wp-content\/uploads\/2021\/12\/269944130_616963922977804_6087439067536760975_n.jpg'><img loading=\"lazy\" decoding=\"async\" width=\"150\" height=\"150\" src=\"https:\/\/www.radiopiu.net\/wordpress\/wp-content\/uploads\/2021\/12\/269944130_616963922977804_6087439067536760975_n-150x150.jpg\" class=\"attachment-thumbnail size-thumbnail\" alt=\"\" \/><\/a>\n\t\t\t\t<\/dt><\/dl><dl class='gallery-item'>\n\t\t\t\t<dt class='gallery-icon landscape'>\n\t\t\t\t\t<a class=\"rollover rollover-zoom dt-pswp-item\" title=\"269990414_429837122167928_8057880904377467886_n\" data-dt-img-description=\"\" data-large_image_width=\"296\" data-large_image_height=\"206\"href='https:\/\/www.radiopiu.net\/wordpress\/wp-content\/uploads\/2021\/12\/269990414_429837122167928_8057880904377467886_n.jpg'><img loading=\"lazy\" decoding=\"async\" width=\"150\" height=\"150\" src=\"https:\/\/www.radiopiu.net\/wordpress\/wp-content\/uploads\/2021\/12\/269990414_429837122167928_8057880904377467886_n-150x150.jpg\" class=\"attachment-thumbnail size-thumbnail\" alt=\"\" \/><\/a>\n\t\t\t\t<\/dt><\/dl><dl class='gallery-item'>\n\t\t\t\t<dt class='gallery-icon landscape'>\n\t\t\t\t\t<a class=\"rollover rollover-zoom dt-pswp-item\" title=\"270128426_1098743787554829_8526023589516807265_n\" data-dt-img-description=\"\" data-large_image_width=\"307\" data-large_image_height=\"206\"href='https:\/\/www.radiopiu.net\/wordpress\/wp-content\/uploads\/2021\/12\/270128426_1098743787554829_8526023589516807265_n.jpg'><img loading=\"lazy\" decoding=\"async\" width=\"150\" height=\"150\" src=\"https:\/\/www.radiopiu.net\/wordpress\/wp-content\/uploads\/2021\/12\/270128426_1098743787554829_8526023589516807265_n-150x150.jpg\" class=\"attachment-thumbnail size-thumbnail\" alt=\"\" \/><\/a>\n\t\t\t\t<\/dt><\/dl>\n\t\t\t\t<br style='clear: both' \/>\n\t\t\t<\/div>\n\n<p>NELLE FOTO (riproduzioni dal libro \u201cCancelli in ferro a Belluno\u201d di Vincenzo Caputo): Villa Clizia a Mussoi; cancello principale della Villa Vescovile nella via San Lorenzo 46; cancello d\u2019accesso al parco della stessa Villa; la \u201cCampana\u201d di via San Lorenzo; via Simon da Cusighe; nella stessa via il cancello d\u2019entrata della Villa Cicogna, demolita per edificare un condominio; Villa ex Doglioni nella via Barozzi; cancello carraio nella via Luigi Corte; cancello di una vecchia villa al civico 239 della via Bolzano; Borgo Piave: via Monte Grappa nella localit\u00e0 Bersaglio il cancello della stessa villa con le iniziali di Olivier Girolamo; entrata alle pertinenze di Villa Caminotti; ex propriet\u00e0 de Bertoldi Aldo poi Catani nella via Miari 24; il grande cancello di accesso ai fabbricati de Bertoldi-Catani, nella via Miari 28.<\/p>\n<p>&nbsp;<\/p>\n<p>&nbsp;<\/p>\n<hr \/>\n<p>&nbsp;<\/p>\n<blockquote>\n<h3>IL CEIS DI BELLUNO CERCA 10 VOLONTARI<\/h3>\n<\/blockquote>\n<p><strong>BELLUNO <\/strong>Il Centro Italiano di Solidariet\u00e0 di Belluno \u00e8 ACCREDITATO PER IL SERVIZIO CIVILE UNIVERSALE e seleziona 10 volontari da impiegare nel progetto \u201cABBRACCIO-percorso di contrasto alle dipendenze\u201d. Disponibili 10 posti in 5 sedi in provincia di Belluno. Il Servizio prevede l\u2019inserimento nelle Comunit\u00e0 Terapeutiche (Comune di Belluno) per persone con problemi di dipendenza da sostanze d\u2019abuso o nel settore di progettazione sociale e inserimento lavorativo di Ce.I.S. e della Cooperativa Sociale Integra (Comune di Belluno e Sospirolo).\u00a0 Nel sito <a href=\"http:\/\/www.serviziocivile.gov.it\/\">www.serviziocivile.gov.it<\/a> \u201csezione volontari\u201d ci sono le informazioni e la possibilit\u00e0 di leggere e scaricare il bando. Le domande devono essere presentate entro il 26 gennaio 2022.<\/p>\n<p>&nbsp;<\/p>\n<p>&nbsp;<\/p>\n<p>&nbsp;<\/p>\n<hr \/>\n<p>&nbsp;<\/p>\n<blockquote>\n<h3>I PRESEPI DEI COLMIEI A CANALE D&#8217;AGORDO<\/h3>\n<\/blockquote>\n<p><strong>CANALE D&#8217;AGORDO<\/strong> Anche quest&#8217;anno la Pro Loco di Canale d&#8217;Agordo propone l&#8217;iniziativa &#8220;I Presepi dei Colmi\u00e9i&#8221;, una passeggiata lungo le vie di Canale d&#8217;Agordo e frazioni alla scoperta dei presepi realizzati secondo la creativit\u00e0 e la fantasia della comunit\u00e0. <u>Votare \u00e8 semplice:<\/u> basta mettere un &#8220;like&#8221; dalla nostra pagina Facebook Pro Loco Canale d&#8217;Agordo sul post del presepe che pi\u00f9 Vi piace oppure segnalare la Vostra preferenza presso il nostro ufficio al Museo Albino Luciani.\u00a0 Il presepe pi\u00f9 bello verr\u00e0 premiato!<\/p>\n<p>&nbsp;<\/p>\n<p>&nbsp;<\/p>\n<p>&nbsp;<\/p>\n<hr \/>\n<p>&nbsp;<\/p>\n<blockquote>\n<h3>TEATRO E STORIA A SOSPIROLO A CAVALLO TRA IL 2021 E IL 2022<\/h3>\n<\/blockquote>\n<p><strong><a href=\"https:\/\/www.radiopiu.net\/wordpress\/giornale-radiopiu-28-dicembre-2021-direttore-mirko-mezzacasa\/om-selvarech_franco-fiabane\/\" rel=\"attachment wp-att-250457\"><img loading=\"lazy\" decoding=\"async\" class=\"size-medium wp-image-250457 alignleft\" src=\"https:\/\/www.radiopiu.net\/wordpress\/wp-content\/uploads\/2021\/12\/om-selvarech_franco-fiabane-213x300.jpg\" alt=\"\" width=\"213\" height=\"300\" srcset=\"https:\/\/www.radiopiu.net\/wordpress\/wp-content\/uploads\/2021\/12\/om-selvarech_franco-fiabane-213x300.jpg 213w, https:\/\/www.radiopiu.net\/wordpress\/wp-content\/uploads\/2021\/12\/om-selvarech_franco-fiabane-727x1024.jpg 727w, https:\/\/www.radiopiu.net\/wordpress\/wp-content\/uploads\/2021\/12\/om-selvarech_franco-fiabane-768x1081.jpg 768w, https:\/\/www.radiopiu.net\/wordpress\/wp-content\/uploads\/2021\/12\/om-selvarech_franco-fiabane-1091x1536.jpg 1091w, https:\/\/www.radiopiu.net\/wordpress\/wp-content\/uploads\/2021\/12\/om-selvarech_franco-fiabane-1455x2048.jpg 1455w, https:\/\/www.radiopiu.net\/wordpress\/wp-content\/uploads\/2021\/12\/om-selvarech_franco-fiabane-scaled.jpg 1819w\" sizes=\"auto, (max-width: 213px) 100vw, 213px\" \/><\/a>SOSPIROLO <\/strong>Doppio appuntamento di fine anno e inizio 2022 in compagnia della Pro loco \u201cMonti del Sole\u201d di Sospirolo. Gioved\u00ec 30 dicembre, alle 20,45 al Centro civico di Sospirolo, ci sar\u00e0 una piacevole serata teatrale: la compagnia de \u201cI Sedegot\u201d presenta \u201cLa Locandiera\u201d, commedia in tre atti di Carlo Goldoni per la regia di Roberto De Vecchi. Scritta nel 1752, venne rappresentata per la prima volta al Teatro Sant&#8217;Angelo di Venezia, con Maddalena Marliani-Raffi, detta Corallina, nel ruolo della protagonista ed \u00e8 di gran lunga la pi\u00f9 fortunata commedia del commediografo veneziano. La storia si incentra sulle vicende di Mirandolina, un&#8217;attraente e astuta giovane donna che possiede a Firenze una locanda ereditata dal padre e la amministra con l&#8217;aiuto del cameriere Fabrizio; il gruppo di Sedico non \u00e8 nuovo alle commedie del Goldoni e la affronter\u00e0 con la consueta maestria. Domenica 2 gennaio, alle 15.30 al Centro civico di Sospirolo, vi sar\u00e0 invece un omaggio a Franco Fiabane nell\u2019appuntamento &#8220;A fil\u00f2 con gli amici dell&#8217;artista&#8221; che vedr\u00e0 la conduzione di Dino Bridda attraverso i ricordi di chi ha conosciuto questo celebre artista bellunese, che vanta esposizioni in Italia e all\u2019estero a partire dal 1974 anno in cui vinse il premio \u201cFiocco\u201d per la grafica. Al contempo si potr\u00e0 visitare la mostra dei disegni di storie, maschere e mestieri in esposizione in sala. Alla serata collaborano Claudio Bernardi e il Gruppo Folk de Poi con una canzone sul tema dell\u2019Om Selvarech, protagonista di una delle opere esposte di Fiabane. Entrambe le serate hanno ingresso libero; obbligatorio il rispetto delle regole anti Covid-19, cio\u00e8\u00a0 Green Pass rafforzato e mascherina Ffp2.<\/p>\n<p>&nbsp;<\/p>\n<p>&nbsp;<\/p>\n<hr \/>\n<p>&nbsp;<\/p>\n<blockquote>\n<h3>ANNULLATO IL CONCERTO DI VOCI IN VALLE SUL NEVEGAL<\/h3>\n<\/blockquote>\n<p><strong><a href=\"https:\/\/www.radiopiu.net\/wordpress\/giornale-radiopiu-27-dicembre-2021-direttore-mirko-mezzacasa\/amici-del-nevegal-foto-darchivio\/\" rel=\"attachment wp-att-250182\"><img loading=\"lazy\" decoding=\"async\" class=\" wp-image-250182 alignleft\" src=\"https:\/\/www.radiopiu.net\/wordpress\/wp-content\/uploads\/2021\/12\/Amici-del-Nevegal-foto-darchivio-300x169.jpg\" alt=\"\" width=\"131\" height=\"74\" srcset=\"https:\/\/www.radiopiu.net\/wordpress\/wp-content\/uploads\/2021\/12\/Amici-del-Nevegal-foto-darchivio-300x169.jpg 300w, https:\/\/www.radiopiu.net\/wordpress\/wp-content\/uploads\/2021\/12\/Amici-del-Nevegal-foto-darchivio-768x432.jpg 768w, https:\/\/www.radiopiu.net\/wordpress\/wp-content\/uploads\/2021\/12\/Amici-del-Nevegal-foto-darchivio.jpg 960w\" sizes=\"auto, (max-width: 131px) 100vw, 131px\" \/><\/a>BELLUNO <\/strong>In considerazione della situazione di emergenza di questi ultimi giorni il gruppo corale \u201cVOCI IN VALLE\u201d di Sedico, d\u2019intesa con l\u2019Associazione \u201cAmici del Neveg\u00e0l\u201d organizzatrice della manifestazione, al fine di tutelare la salute di tutti comunica di avere ritenuto necessario annullare il concerto di gioved\u00ec 30 dicembre p.v. che si doveva tenere nel Santuario di Maria Immacolata Nostra Signora di Lourdes all\u2019Alpe del Neveg\u00e0l.<\/p>\n<p>&nbsp;<\/p>\n<p>&nbsp;<\/p>\n<hr \/>\n<p>&nbsp;<\/p>\n<blockquote>\n<h3>CONCERTO DI NATALE CON L&#8217;ORCHESTRA DOLOMITI SYNPHONIA E SILVIA TESSARI<\/h3>\n<\/blockquote>\n<p><span class=\"normaltextrun\"><a href=\"https:\/\/www.radiopiu.net\/wordpress\/giornale-radiopiu-24-dicembre-2021-direttore-mirko-mezzacasa\/foto-orchestra-dolomiti-symphonia-1\/\" rel=\"attachment wp-att-250104\"><img loading=\"lazy\" decoding=\"async\" class=\"size-medium wp-image-250104 alignleft\" src=\"https:\/\/www.radiopiu.net\/wordpress\/wp-content\/uploads\/2021\/12\/foto-orchestra-Dolomiti-Symphonia-1-300x172.jpg\" alt=\"\" width=\"300\" height=\"172\" srcset=\"https:\/\/www.radiopiu.net\/wordpress\/wp-content\/uploads\/2021\/12\/foto-orchestra-Dolomiti-Symphonia-1-300x172.jpg 300w, https:\/\/www.radiopiu.net\/wordpress\/wp-content\/uploads\/2021\/12\/foto-orchestra-Dolomiti-Symphonia-1-1024x588.jpg 1024w, https:\/\/www.radiopiu.net\/wordpress\/wp-content\/uploads\/2021\/12\/foto-orchestra-Dolomiti-Symphonia-1-768x441.jpg 768w, https:\/\/www.radiopiu.net\/wordpress\/wp-content\/uploads\/2021\/12\/foto-orchestra-Dolomiti-Symphonia-1-1536x883.jpg 1536w, https:\/\/www.radiopiu.net\/wordpress\/wp-content\/uploads\/2021\/12\/foto-orchestra-Dolomiti-Symphonia-1-2048x1177.jpg 2048w\" sizes=\"auto, (max-width: 300px) 100vw, 300px\" \/><\/a><strong>FALCADE<\/strong>\u00a0 Domani, alle ore 21.00, nella chiesa parrocchiale di Falcade, l\u2019orchestra Dolomiti Symphonia (oltre trenta elementi), il direttore Delio Cassetta e la pianista Silvia Tessari aspetteranno il pubblico per dare il via al concerto per Dante Moro. Grazie ad un nutrito gruppo di sostenitori istituzionali e privati, l\u2019evento avr\u00e0 luogo quest\u2019anno \u2018dal vivo\u2019, secondo le norme del distanziamento, dell\u2019utilizzo di mascherine (obbligatorie le FFP2 secondo l\u2019ultima normativa), del green pass rafforzato. Ma sar\u00e0 protagonista la musica. Musica che stupisce, porta humour e straordinariet\u00e0, ritmo e freschezza, com\u2019\u00e8 quella del \u201cSuonatore\u201d del giovane inglese Robin Haigh, brano vincitore della quinta edizione del concorso Dante Moro, in prima esecuzione assoluta. Musica che invece trascina, incanta, affascina ed entusiasma, com\u2019\u00e8 quella celeberrima del primo concerto per pianoforte e orchestra di Tchaikovsky. L\u2019evento \u00e8 ad ingresso libero. Si raccomanda la prenotazione al numero 3478870898.<\/span><\/p>\n<p>&nbsp;<\/p>\n<p>&nbsp;<\/p>\n<p>&nbsp;<\/p>\n<hr \/>\n<p>&nbsp;<\/p>\n<blockquote>\n<h3>APERTURA INVERNALE DEL CASTELLO DI ANDRAZ<\/h3>\n<\/blockquote>\n<p><strong>LIVINALLONGO <\/strong>Normalmente d\u2019inverno il Castello di Andraz rimane chiuso al pubblico a causa delle grandi quantit\u00e0 di neve che interessano l\u2019area. Quest\u2019anno invece il meteo \u00e8 favorevole e quindi, solo per pochi giorni e per poche ore, il castello aprir\u00e0. Le visite (guidate e su prenotazione ma non particolarmente specialistiche e quindi accessibili a tutti) si concentreranno in particolare sulla figura di Nicol\u00f2 Cusano, vissuto al castello attorno alla met\u00e0 del XV secolo, che proprio qui ha compiuto studi in campo astronomico di notevole rilevanza. \u00c8 infatti in funzione gi\u00e0 da qualche settimana il foro utilizzato per gli studi sul solstizio d\u2019inverno: un\u2019occasione imperdibile. Apertura straordinaria il\u00a0 29 dicembre dalle 13 alle 15. Per prenotare la visita guidata 334 3346680. Informazioni su www.castellodiandraz.it<\/p>\n<p>&nbsp;<\/p>\n<p>&nbsp;<\/p>\n<hr \/>\n<p>&nbsp;<\/p>\n<blockquote>\n<h3>LA BIBLIOTECA DI LIMANA CHIUDE PER IL NATALE<\/h3>\n<\/blockquote>\n<p><strong>LIMANA <\/strong>La Biblioteca di Limana sar\u00e0 chiusa al pubblico nelle due vigilie del 24 e del 31 dicembre. Rimarr\u00e0 chiusa anche dal 3 al 7 gennaio 2022.<\/p>\n<p>&nbsp;<\/p>\n<p>&nbsp;<\/p>\n<p>&nbsp;<\/p>\n<hr \/>\n<p>&nbsp;<\/p>\n<h2><span style=\"color: #ff0000;\">IERI ALLA RADIO\u00a0<\/span><\/h2>\n<h2 class=\"entry-title\"><span style=\"color: #33cccc;\">NADEL IGNANTER I TABIEI<\/span><\/h2>\n<p><strong><a href=\"https:\/\/www.radiopiu.net\/wordpress\/nadel-ignanter-i-tabieias\/777eee1e-8746-43cb-b790-e38d56285922\/\" rel=\"attachment wp-att-250519\"><img loading=\"lazy\" decoding=\"async\" class=\" wp-image-250519 alignleft\" src=\"https:\/\/www.radiopiu.net\/wordpress\/wp-content\/uploads\/2021\/12\/777eee1e-8746-43cb-b790-e38d56285922-232x300.jpg\" alt=\"\" width=\"192\" height=\"248\" srcset=\"https:\/\/www.radiopiu.net\/wordpress\/wp-content\/uploads\/2021\/12\/777eee1e-8746-43cb-b790-e38d56285922-232x300.jpg 232w, https:\/\/www.radiopiu.net\/wordpress\/wp-content\/uploads\/2021\/12\/777eee1e-8746-43cb-b790-e38d56285922-793x1024.jpg 793w, https:\/\/www.radiopiu.net\/wordpress\/wp-content\/uploads\/2021\/12\/777eee1e-8746-43cb-b790-e38d56285922-768x992.jpg 768w, https:\/\/www.radiopiu.net\/wordpress\/wp-content\/uploads\/2021\/12\/777eee1e-8746-43cb-b790-e38d56285922.jpg 1080w\" sizes=\"auto, (max-width: 192px) 100vw, 192px\" \/><\/a>ROCCA PIETORE<\/strong> A Sottoguda a Natale ci saranno i mercatini tra le vie del paese, oggi (28 dicembre) e domani (29) dalle 13 alle 19. Oggi (28 dicembre) alle 16 \u201cmusica, neve e magia\u201d con il concerto di Sara Stocco (voce) e Nella Hristova (pianoforte)<\/p>\n<p>OSPITE SARA DARMAN<\/p>\n<p><strong>AUDIO<\/strong><\/p>\n<audio class=\"wp-audio-shortcode\" id=\"audio-250360-8\" preload=\"none\" style=\"width: 100%;\" controls=\"controls\"><source type=\"audio\/mpeg\" src=\"https:\/\/www.radiopiu.net\/wordpress\/wp-content\/uploads\/2021\/12\/sara-darman-sottoguda-27-dicembre.mp3?_=8\" \/><a href=\"https:\/\/www.radiopiu.net\/wordpress\/wp-content\/uploads\/2021\/12\/sara-darman-sottoguda-27-dicembre.mp3\">https:\/\/www.radiopiu.net\/wordpress\/wp-content\/uploads\/2021\/12\/sara-darman-sottoguda-27-dicembre.mp3<\/a><\/audio>\n<p>&nbsp;<\/p>\n<hr \/>\n<p>&nbsp;<\/p>\n<blockquote>\n<h3>BLACKFIN | 1971-2021 | 50 Years Anniversary Video<\/h3>\n<\/blockquote>\n<p><strong>TAIBON<\/strong> L\u2019anno che sta per chiudersi ha rappresentato una tappa fondamentale per l&#8217;azienda: lo scorso 13 ottobre celebratI i primi 50 anni! &#8220;<em>Nell\u2019attesa che il futuro ci riservi sempre nuovi traguardi, siamo lieti di condividere con voi il video che riassume la giornata dei festeggiamenti che si sono svolti presso la nostra rinnovata sede: il Black Shelter&#8221;.<\/em><\/p>\n<p><iframe loading=\"lazy\" title=\"BLACKFIN | 1971-2021 | 50 Years Anniversary Video\" width=\"1200\" height=\"675\" src=\"https:\/\/www.youtube.com\/embed\/OZ9wkUbjzag?start=1&#038;feature=oembed\" frameborder=\"0\" allow=\"accelerometer; autoplay; clipboard-write; encrypted-media; gyroscope; picture-in-picture\" allowfullscreen><\/iframe><\/p>\n<p>&nbsp;<\/p>\n<hr \/>\n<p>&nbsp;<\/p>\n<h2><span style=\"color: #800080;\">SALUTE E SOCIETA&#8217; CON IL DOTTOR MARCO CARACCIOLO<\/span><\/h2>\n<p><strong><a href=\"https:\/\/www.radiopiu.net\/wordpress\/giornale-radiopiu-28-dicembre-2021-direttore-mirko-mezzacasa\/fe9bc03b-b0f8-4ba5-9c60-55aa27126300\/\" rel=\"attachment wp-att-250426\"><img loading=\"lazy\" decoding=\"async\" class=\"wp-image-250426 alignleft\" src=\"https:\/\/www.radiopiu.net\/wordpress\/wp-content\/uploads\/2021\/12\/fe9bc03b-b0f8-4ba5-9c60-55aa27126300-300x167.jpg\" alt=\"\" width=\"239\" height=\"133\" srcset=\"https:\/\/www.radiopiu.net\/wordpress\/wp-content\/uploads\/2021\/12\/fe9bc03b-b0f8-4ba5-9c60-55aa27126300-300x167.jpg 300w, https:\/\/www.radiopiu.net\/wordpress\/wp-content\/uploads\/2021\/12\/fe9bc03b-b0f8-4ba5-9c60-55aa27126300-768x427.jpg 768w, https:\/\/www.radiopiu.net\/wordpress\/wp-content\/uploads\/2021\/12\/fe9bc03b-b0f8-4ba5-9c60-55aa27126300.jpg 800w\" sizes=\"auto, (max-width: 239px) 100vw, 239px\" \/><\/a>Dermatite atopica<\/strong> La dermatite atopica, nota anche come eczema, \u00e8 una malattia cutanea che colpisce sia i bambini sia gli adulti. Non \u00e8 una patologia contagiosa, ma i sintomi sono molto spiacevoli, arrivando a condizionare considerevolmente la qualit\u00e0 della vita di chi ne soffre.\u00a0 <strong>Viaggi e covid <\/strong>Secondo lo studio Risk Outlook 2022 condotto da International SOS, pi\u00f9 della met\u00e0 delle organizzazioni intende aumentare i propri investimenti nella salute. Per molte organizzazioni il Covid rimarr\u00e0 una sfida operativa significativa.<\/p>\n<p><strong>audio\u00a0<\/strong><\/p>\n<audio class=\"wp-audio-shortcode\" id=\"audio-250360-9\" preload=\"none\" style=\"width: 100%;\" controls=\"controls\"><source type=\"audio\/mpeg\" src=\"https:\/\/www.radiopiu.net\/wordpress\/wp-content\/uploads\/2021\/12\/SALUTE-4.mp3?_=9\" \/><a href=\"https:\/\/www.radiopiu.net\/wordpress\/wp-content\/uploads\/2021\/12\/SALUTE-4.mp3\">https:\/\/www.radiopiu.net\/wordpress\/wp-content\/uploads\/2021\/12\/SALUTE-4.mp3<\/a><\/audio>\n<p>LA RACCOLTA COMPLETA<\/p>\n<blockquote class=\"wp-embedded-content\" data-secret=\"PAF1lt9NiH\"><p><a href=\"https:\/\/www.radiopiu.net\/wordpress\/saluteesocieta\/\">Salute e Societ\u00e0<\/a><\/p><\/blockquote>\n<p><iframe loading=\"lazy\" class=\"wp-embedded-content\" sandbox=\"allow-scripts\" security=\"restricted\" style=\"position: absolute; clip: rect(1px, 1px, 1px, 1px);\" title=\"&#8220;Salute e Societ\u00e0&#8221; &#8212; Radio Pi\u00f9\" src=\"https:\/\/www.radiopiu.net\/wordpress\/saluteesocieta\/embed\/#?secret=PAF1lt9NiH\" data-secret=\"PAF1lt9NiH\" width=\"600\" height=\"338\" frameborder=\"0\" marginwidth=\"0\" marginheight=\"0\" scrolling=\"no\"><\/iframe><\/p>\n<p>&nbsp;<\/p>\n<hr \/>\n<p>&nbsp;<\/p>\n<div>\n<div class=\"b654a4as d2edcug0\">\n<div class=\"rq0escxv hkbzh7o3 jwdofwj8 n8tt0mok r8blr3vg hyh9befq\">\n<p><a class=\"dt-pswp-item\" href=\"https:\/\/www.radiopiu.net\/wordpress\/wp-content\/uploads\/2020\/10\/pp.jpg\" data-dt-img-description=\"\" data-large_image_width=\"640\" data-large_image_height=\"640\"><img loading=\"lazy\" decoding=\"async\" class=\"wp-image-163678 alignleft\" src=\"https:\/\/www.radiopiu.net\/wordpress\/wp-content\/uploads\/2020\/10\/pp-300x300.jpg\" alt=\"\" width=\"106\" height=\"106\" srcset=\"https:\/\/www.radiopiu.net\/wordpress\/wp-content\/uploads\/2020\/10\/pp-300x300.jpg 300w, https:\/\/www.radiopiu.net\/wordpress\/wp-content\/uploads\/2020\/10\/pp-150x150.jpg 150w, https:\/\/www.radiopiu.net\/wordpress\/wp-content\/uploads\/2020\/10\/pp-125x125.jpg 125w, https:\/\/www.radiopiu.net\/wordpress\/wp-content\/uploads\/2020\/10\/pp-200x200.jpg 200w, https:\/\/www.radiopiu.net\/wordpress\/wp-content\/uploads\/2020\/10\/pp-80x80.jpg 80w, https:\/\/www.radiopiu.net\/wordpress\/wp-content\/uploads\/2020\/10\/pp-480x480.jpg 480w, https:\/\/www.radiopiu.net\/wordpress\/wp-content\/uploads\/2020\/10\/pp.jpg 640w\" sizes=\"auto, (max-width: 106px) 100vw, 106px\" \/><\/a><\/p>\n<\/div>\n<\/div>\n<\/div>\n<div>\n<div class=\"page-title-head hgroup\">\n<div class=\"page-title-head hgroup\">\n<div class=\"b654a4as d2edcug0\">\n<div class=\"j83agx80 btwxx1t3 lhclo0ds hop8lmos nkwizq5d scwd0bx6 roh60bw9\">\n<div class=\"rq0escxv hkbzh7o3 jwdofwj8 n8tt0mok r8blr3vg hyh9befq\">\n<div class=\"do00u71z l9j0dhe7 k4urcfbm\">\n<h2><span style=\"color: #000080;\">DON CESARE, IL PENSIERO DEL GIORNO. ALLA RADIO ALLE 7 DEL MATTINO E ALLE 19.30 DELLA SERA.\u00a0\u00a0<\/span><\/h2>\n<p>&nbsp;<\/p>\n<\/div>\n<div class=\"do00u71z l9j0dhe7 k4urcfbm\">\n<p>&nbsp;<\/p>\n<audio class=\"wp-audio-shortcode\" id=\"audio-250360-10\" preload=\"none\" style=\"width: 100%;\" controls=\"controls\"><source type=\"audio\/mpeg\" src=\"https:\/\/www.radiopiu.net\/wordpress\/wp-content\/uploads\/2021\/12\/cesare-13.mp3?_=10\" \/><a href=\"https:\/\/www.radiopiu.net\/wordpress\/wp-content\/uploads\/2021\/12\/cesare-13.mp3\">https:\/\/www.radiopiu.net\/wordpress\/wp-content\/uploads\/2021\/12\/cesare-13.mp3<\/a><\/audio>\n<hr \/>\n<p>&nbsp;<\/p>\n<p>&nbsp;<\/p>\n<blockquote class=\"wp-embedded-content\" data-secret=\"DMkuXiccdK\"><p><a href=\"https:\/\/www.radiopiu.net\/wordpress\/sestadisei\/\">LA VALLE AGORDINA &#8211; 320 anni dalla BOA del 1701  RACCONTO IN SEI PARTI<\/a><\/p><\/blockquote>\n<p><iframe loading=\"lazy\" class=\"wp-embedded-content\" sandbox=\"allow-scripts\" security=\"restricted\" style=\"position: absolute; clip: rect(1px, 1px, 1px, 1px);\" title=\"&#8220;LA VALLE AGORDINA &#8211; 320 anni dalla BOA del 1701  RACCONTO IN SEI PARTI&#8221; &#8212; Radio Pi\u00f9\" src=\"https:\/\/www.radiopiu.net\/wordpress\/sestadisei\/embed\/#?secret=DMkuXiccdK\" data-secret=\"DMkuXiccdK\" width=\"600\" height=\"338\" frameborder=\"0\" marginwidth=\"0\" marginheight=\"0\" scrolling=\"no\"><\/iframe><\/p>\n<p>&nbsp;<\/p>\n<p>&nbsp;<\/p>\n<hr \/>\n<p>&nbsp;<\/p>\n<div>\n<div class=\"page-title-head hgroup\">\n<div class=\"page-title-head hgroup\">\n<div class=\"b654a4as d2edcug0\">\n<div class=\"j83agx80 btwxx1t3 lhclo0ds hop8lmos nkwizq5d scwd0bx6 roh60bw9\">\n<div class=\"rq0escxv hkbzh7o3 jwdofwj8 n8tt0mok r8blr3vg hyh9befq\">\n<div class=\"do00u71z l9j0dhe7 k4urcfbm\">\n<div class=\"ecm0bbzt e5nlhep0 a8c37x1j\">\n<div class=\"kvgmc6g5 cxmmr5t8 oygrvhab hcukyx3x c1et5uql\">\n<div class=\"gmail-kvgmc6g5 gmail-cxmmr5t8 gmail-oygrvhab gmail-hcukyx3x gmail-c1et5uql gmail-ii04i59q\">\n<div class=\"page-title-head hgroup\">\n<div class=\"page-title-head hgroup\">\n<div class=\"b654a4as d2edcug0\">\n<div class=\"j83agx80 btwxx1t3 lhclo0ds hop8lmos nkwizq5d scwd0bx6 roh60bw9\">\n<div class=\"rq0escxv hkbzh7o3 jwdofwj8 n8tt0mok r8blr3vg hyh9befq\">\n<div class=\"do00u71z l9j0dhe7 k4urcfbm\">\n<p>&nbsp;<\/p>\n<h3 class=\"kvgmc6g5 cxmmr5t8 oygrvhab hcukyx3x c1et5uql\"><span style=\"color: #0000ff;\"><strong>INFORMAZIONE il canale su TELEGRAM informazione di prima mano e in tempo reale. iscriviti ed aiutaci a farlo conoscere\u00a0\u00a0<\/strong><\/span><\/h3>\n<p>&nbsp;<\/p>\n<blockquote class=\"wp-embedded-content\" data-secret=\"Vo4RSNkXfg\"><p><a href=\"https:\/\/www.radiopiu.net\/wordpress\/i-racconti-di-natale-di-luisa-alchini\/\">I racconti di Natale di Luisa Alchini<\/a><\/p><\/blockquote>\n<p><iframe loading=\"lazy\" class=\"wp-embedded-content\" sandbox=\"allow-scripts\" security=\"restricted\" style=\"position: absolute; clip: rect(1px, 1px, 1px, 1px);\" title=\"&#8220;I racconti di Natale di Luisa Alchini&#8221; &#8212; Radio Pi\u00f9\" src=\"https:\/\/www.radiopiu.net\/wordpress\/i-racconti-di-natale-di-luisa-alchini\/embed\/#?secret=Vo4RSNkXfg\" data-secret=\"Vo4RSNkXfg\" width=\"600\" height=\"338\" frameborder=\"0\" marginwidth=\"0\" marginheight=\"0\" scrolling=\"no\"><\/iframe><\/p>\n<p>&nbsp;<\/p>\n<p>&nbsp;<\/p>\n<hr \/>\n<blockquote>\n<h3><\/h3>\n<h3>IN VIVO VERSO, SETTIMA STAGIONE CON BRUNELLA MORO, DAL LUNEDI AL VENERDI ALLE 7.10, 10.10 E 18.50<\/h3>\n<\/blockquote>\n<p><strong>NATALE di GIUSEPPE UNGARETTI<\/strong><\/p>\n<p>AUDIO<\/p>\n<audio class=\"wp-audio-shortcode\" id=\"audio-250360-11\" preload=\"none\" style=\"width: 100%;\" controls=\"controls\"><source type=\"audio\/mpeg\" src=\"https:\/\/www.radiopiu.net\/wordpress\/wp-content\/uploads\/2021\/12\/01-giuseppe-ungaretti-Natale.mp3?_=11\" \/><a href=\"https:\/\/www.radiopiu.net\/wordpress\/wp-content\/uploads\/2021\/12\/01-giuseppe-ungaretti-Natale.mp3\">https:\/\/www.radiopiu.net\/wordpress\/wp-content\/uploads\/2021\/12\/01-giuseppe-ungaretti-Natale.mp3<\/a><\/audio>\n<p>&nbsp;<\/p>\n<p><a href=\"https:\/\/www.radiopiu.net\/wordpress\/?attachment_id=250259\" rel=\"attachment wp-att-250259\"><img loading=\"lazy\" decoding=\"async\" class=\"wp-image-250259 alignleft\" src=\"https:\/\/www.radiopiu.net\/wordpress\/wp-content\/uploads\/2021\/12\/1-GIUSEPPE-UNGARETTI-300x219.jpg\" alt=\"\" width=\"199\" height=\"145\" srcset=\"https:\/\/www.radiopiu.net\/wordpress\/wp-content\/uploads\/2021\/12\/1-GIUSEPPE-UNGARETTI-300x219.jpg 300w, https:\/\/www.radiopiu.net\/wordpress\/wp-content\/uploads\/2021\/12\/1-GIUSEPPE-UNGARETTI.jpg 376w\" sizes=\"auto, (max-width: 199px) 100vw, 199px\" \/><\/a>NATALE<\/p>\n<p>Non ho voglia<br \/>\ndi tuffarmi<br \/>\nin un gomitolo<br \/>\ndi strade<\/p>\n<p>Ho tanta<br \/>\nstanchezza<br \/>\nsulle spalle<\/p>\n<p>Lasciatemi cos\u00ec<br \/>\ncome una<br \/>\ncosa<br \/>\nposata<br \/>\nin un<br \/>\nangolo<br \/>\ne dimenticata<\/p>\n<p>Qui<br \/>\nnon si sente<br \/>\naltro<br \/>\nche il caldo buono<\/p>\n<p>Sto<br \/>\ncon le quattro<br \/>\ncapriole<br \/>\ndi fumo<br \/>\ndel focolare<\/p>\n<p>&nbsp;<\/p>\n<p><strong>LA RACCOLTA COMPLETA\u00a0 \u00a0<\/strong><\/p>\n<blockquote class=\"wp-embedded-content\" data-secret=\"diEOoe2LVR\"><p><a href=\"https:\/\/www.radiopiu.net\/wordpress\/in-vivo-verso\/\">In Vivo Verso<\/a><\/p><\/blockquote>\n<p><iframe loading=\"lazy\" class=\"wp-embedded-content\" sandbox=\"allow-scripts\" security=\"restricted\" style=\"position: absolute; clip: rect(1px, 1px, 1px, 1px);\" title=\"&#8220;In Vivo Verso&#8221; &#8212; Radio Pi\u00f9\" src=\"https:\/\/www.radiopiu.net\/wordpress\/in-vivo-verso\/embed\/#?secret=diEOoe2LVR\" data-secret=\"diEOoe2LVR\" width=\"600\" height=\"338\" frameborder=\"0\" marginwidth=\"0\" marginheight=\"0\" scrolling=\"no\"><\/iframe><\/p>\n<p>&nbsp;<\/p>\n<p>&nbsp;<\/p>\n<hr \/>\n<p>&nbsp;<\/p>\n<p><span style=\"color: #0000ff;\">MUSICA PIU&#8217;\u00a0<\/span><\/p>\n<p><a href=\"https:\/\/www.radiopiu.net\/wordpress\/giornale-radiopiu-20-settembre-2021-direttore-mirko-mezzacasa\/pp-79\/\" rel=\"attachment wp-att-232921\"><img loading=\"lazy\" decoding=\"async\" class=\"wp-image-232921 alignleft\" src=\"https:\/\/www.radiopiu.net\/wordpress\/wp-content\/uploads\/2021\/09\/pp-1-300x300.jpg\" alt=\"\" width=\"135\" height=\"135\" srcset=\"https:\/\/www.radiopiu.net\/wordpress\/wp-content\/uploads\/2021\/09\/pp-1-300x300.jpg 300w, https:\/\/www.radiopiu.net\/wordpress\/wp-content\/uploads\/2021\/09\/pp-1-150x150.jpg 150w, https:\/\/www.radiopiu.net\/wordpress\/wp-content\/uploads\/2021\/09\/pp-1.jpg 640w\" sizes=\"auto, (max-width: 135px) 100vw, 135px\" \/><\/a><\/p>\n<div class=\"mkdf-post-text\">\n<div class=\"mkdf-post-text-inner\">\n<div class=\"mkdf-post-text-main\">\n<div class=\"mkdf-post-text\">\n<div class=\"mkdf-post-text-inner\">\n<div class=\"mkdf-post-text-main\">\n<div class=\"mkdf-post-text\">\n<div class=\"mkdf-post-text-inner\">\n<div class=\"mkdf-post-text-main\">\n<div class=\"page-title-head hgroup\">\n<div class=\"page-title-head hgroup\">\n<div class=\"mkdf-post-text\">\n<div class=\"mkdf-post-text-inner\">\n<div class=\"mkdf-post-text-main\">\n<div class=\"mkdf-post-text\">\n<div class=\"mkdf-post-text-inner\">\n<div class=\"mkdf-post-text-main\">\n<div class=\"page-title-head hgroup\">\n<div class=\"page-title-head hgroup\">\n<div class=\"page-title-head hgroup\">\n<div class=\"page-title-head hgroup\">\n<div class=\"b654a4as d2edcug0\">\n<div class=\"page-title-head hgroup\">\n<div class=\"page-title-head hgroup\">\n<div class=\"page-title-head hgroup\">\n<div class=\"page-title-head hgroup\">\n<div class=\"b654a4as d2edcug0\">\n<div class=\"page-title-head hgroup\">\n<div class=\"page-title-head hgroup\">\n<div class=\"page-title-head hgroup\">\n<div class=\"page-title-head hgroup\">\n<div class=\"b654a4as d2edcug0\">\n<div class=\"mkdf-post-text\">\n<div class=\"mkdf-post-text-inner\">\n<div class=\"mkdf-post-text-main\">\n<div class=\"mkdf-post-text\">\n<div class=\"mkdf-post-text-inner\">\n<div class=\"mkdf-post-text-main\">\n<div class=\"mkdf-post-text\">\n<div class=\"mkdf-post-text-inner\">\n<div class=\"mkdf-post-text-main\">\n<div class=\"page-title-head hgroup\">\n<div class=\"page-title-head hgroup\">\n<div class=\"mkdf-post-text\">\n<div class=\"mkdf-post-text-inner\">\n<div class=\"mkdf-post-text-main\">\n<div class=\"mkdf-post-text\">\n<div class=\"mkdf-post-text-inner\">\n<div class=\"mkdf-post-text-main\">\n<div class=\"page-title-head hgroup\">\n<div class=\"page-title-head hgroup\">\n<div class=\"page-title-head hgroup\">\n<div class=\"page-title-head hgroup\">\n<div class=\"b654a4as d2edcug0\">\n<div class=\"page-title-head hgroup\">\n<div class=\"page-title-head hgroup\">\n<div class=\"page-title-head hgroup\">\n<div class=\"page-title-head hgroup\">\n<div class=\"b654a4as d2edcug0\">\n<div class=\"page-title-head hgroup\">\n<div class=\"page-title-head hgroup\">\n<div class=\"page-title-head hgroup\">\n<div class=\"page-title-head hgroup\">\n<div class=\"b654a4as d2edcug0\">\n<div><\/div>\n<div><\/div>\n<div>\n<p><strong>MUSICA ALLA RADIO, IL PROGRAMMA DI LORIS SCUSSEL &#8220;COLLAGE OPERAZIONE NOSTALGIA&#8221; DAL LUNEDI AL VENERDI ALLE 16.00\u00a0 E ALLE 23\u00a0<\/strong><\/p>\n<\/div>\n<p>&nbsp;<\/p>\n<\/div>\n<\/div>\n<\/div>\n<\/div>\n<\/div>\n<\/div>\n<\/div>\n<\/div>\n<\/div>\n<\/div>\n<\/div>\n<\/div>\n<\/div>\n<\/div>\n<\/div>\n<\/div>\n<\/div>\n<\/div>\n<\/div>\n<\/div>\n<\/div>\n<\/div>\n<\/div>\n<\/div>\n<\/div>\n<\/div>\n<\/div>\n<\/div>\n<\/div>\n<\/div>\n<\/div>\n<\/div>\n<\/div>\n<\/div>\n<\/div>\n<\/div>\n<\/div>\n<\/div>\n<\/div>\n<\/div>\n<\/div>\n<\/div>\n<\/div>\n<\/div>\n<\/div>\n<\/div>\n<\/div>\n<\/div>\n<\/div>\n<\/div>\n<\/div>\n<\/div>\n<\/div>\n<\/div>\n<\/div>\n<\/div>\n<\/div>\n<\/div>\n<\/div>\n<\/div>\n<\/div>\n<\/div>\n<\/div>\n<\/div>\n<p><strong>PUNTATA 506<\/strong><\/p>\n<audio class=\"wp-audio-shortcode\" id=\"audio-250360-12\" preload=\"none\" style=\"width: 100%;\" controls=\"controls\"><source type=\"audio\/mpeg\" src=\"https:\/\/www.radiopiu.net\/wordpress\/wp-content\/uploads\/2021\/12\/Collage-506.mp3?_=12\" \/><a href=\"https:\/\/www.radiopiu.net\/wordpress\/wp-content\/uploads\/2021\/12\/Collage-506.mp3\">https:\/\/www.radiopiu.net\/wordpress\/wp-content\/uploads\/2021\/12\/Collage-506.mp3<\/a><\/audio>\n<p>&nbsp;<\/p>\n<p><strong><a href=\"https:\/\/www.radiopiu.net\/wordpress\/ultime-puntate-del-2021-di-collage-operazione-nostalgia\/lucio-dalla\/\" rel=\"attachment wp-att-250246\"><img loading=\"lazy\" decoding=\"async\" class=\" wp-image-250246 alignleft\" src=\"https:\/\/www.radiopiu.net\/wordpress\/wp-content\/uploads\/2021\/12\/Lucio-Dalla.jpg\" alt=\"\" width=\"260\" height=\"156\" \/><\/a>di Loris Scussel<\/strong><\/p>\n<p>Nella settimana che chiude un anno difficile come il 2021 prosegue la programmazione di Collage tra canzoni italiane ed internazionali e la consueta alternanza di artisti pi\u00f9 o meno famosi, con la volont\u00e0 di tenere un po\u2019 di compagnia ai nostri ascoltatori e la speranza che qualche brano ci possa aiutare a rievocare ricordi possibilmente piacevoli che aiutino a sorridere in un periodo in cui se ne sente particolarmente il bisogno. Il programma va in onda dal luned\u00ec al venerd\u00ec alle 16,00 e alle 23,00, buon ascolto!<\/p>\n<p>&nbsp;<\/p>\n<hr \/>\n<p>&nbsp;<\/p>\n<p>&nbsp;<\/p>\n<blockquote class=\"wp-embedded-content\" data-secret=\"oKiV3gML0L\"><p><a href=\"https:\/\/www.radiopiu.net\/wordpress\/freemix-la-liberta-musicale-mixata-da-dj-athos-e-raccontata-da-dj-jack\/\">FREEMIX, LA LIBERTA&#8217; MUSICALE MIXATA DA DJ ATHOS E RACCONTATA DA DJ JACK<\/a><\/p><\/blockquote>\n<p><iframe loading=\"lazy\" class=\"wp-embedded-content\" sandbox=\"allow-scripts\" security=\"restricted\" style=\"position: absolute; clip: rect(1px, 1px, 1px, 1px);\" title=\"&#8220;FREEMIX, LA LIBERTA&#8217; MUSICALE MIXATA DA DJ ATHOS E RACCONTATA DA DJ JACK&#8221; &#8212; Radio Pi\u00f9\" src=\"https:\/\/www.radiopiu.net\/wordpress\/freemix-la-liberta-musicale-mixata-da-dj-athos-e-raccontata-da-dj-jack\/embed\/#?secret=oKiV3gML0L\" data-secret=\"oKiV3gML0L\" width=\"600\" height=\"338\" frameborder=\"0\" marginwidth=\"0\" marginheight=\"0\" scrolling=\"no\"><\/iframe><\/p>\n<p>&nbsp;<\/p>\n<blockquote class=\"wp-embedded-content\" data-secret=\"aQmAbZrbMR\"><p><a href=\"https:\/\/www.radiopiu.net\/wordpress\/da-ieri-alla-radio-in-palinsesto-loris-e-maurizio-con-la-grande-musica\/\">IL BLUES ALLA RADIO &#8230; COME NON L&#8217;AVETE MAI SENTITO PRIMA<\/a><\/p><\/blockquote>\n<p><iframe loading=\"lazy\" class=\"wp-embedded-content\" sandbox=\"allow-scripts\" security=\"restricted\" style=\"position: absolute; clip: rect(1px, 1px, 1px, 1px);\" title=\"&#8220;IL BLUES ALLA RADIO &#8230; COME NON L&#8217;AVETE MAI SENTITO PRIMA&#8221; &#8212; Radio Pi\u00f9\" src=\"https:\/\/www.radiopiu.net\/wordpress\/da-ieri-alla-radio-in-palinsesto-loris-e-maurizio-con-la-grande-musica\/embed\/#?secret=aQmAbZrbMR\" data-secret=\"aQmAbZrbMR\" width=\"600\" height=\"338\" frameborder=\"0\" marginwidth=\"0\" marginheight=\"0\" scrolling=\"no\"><\/iframe><\/p>\n<p>&nbsp;<\/p>\n<hr \/>\n<p>&nbsp;<\/p>\n<blockquote>\n<h3><span style=\"color: #0000ff;\">INFORMAZIONE il canale su TELEGRAM informazione di prima mano e in tempo reale. iscriviti ed aiutaci a farlo conoscere\u00a0\u00a0<\/span><\/h3>\n<\/blockquote>\n<div>\n<div class=\"page-title-head hgroup\">\n<div class=\"page-title-head hgroup\">\n<div class=\"page-title-head hgroup\">\n<div class=\"page-title-head hgroup\">\n<div class=\"b654a4as d2edcug0\">\n<div class=\"page-title-head hgroup\">\n<div class=\"page-title-head hgroup\">\n<div class=\"page-title-head hgroup\">\n<div class=\"page-title-head hgroup\">\n<div class=\"b654a4as d2edcug0\">\n<div class=\"page-title-head hgroup\">\n<div class=\"page-title-head hgroup\">\n<div class=\"page-title-head hgroup\">\n<div class=\"page-title-head hgroup\">\n<div class=\"page-title-head hgroup\">\n<div class=\"page-title-head hgroup\">\n<div class=\"page-title-head hgroup\">\n<div class=\"page-title-head hgroup\">\n<div class=\"page-title-head hgroup\">\n<div class=\"b654a4as d2edcug0\">\n<div class=\"page-title-head hgroup\">\n<div class=\"page-title-head hgroup\">\n<div class=\"page-title-head hgroup\">\n<div class=\"page-title-head hgroup\">\n<div class=\"b654a4as d2edcug0\">\n<div>\n<p>&nbsp;<\/p>\n<\/div>\n<div>\n<div class=\"page-title-head hgroup\">\n<div class=\"page-title-head hgroup\">\n<div class=\"page-title-head hgroup\">\n<div class=\"page-title-head hgroup\">\n<div class=\"page-title-head hgroup\">\n<div class=\"b654a4as d2edcug0\">\n<div>\n<hr \/>\n<\/div>\n<\/div>\n<div>\n<div>\n<p>&nbsp;<\/p>\n<\/div>\n<div>\n<div>\n<p>&nbsp;<\/p>\n<\/div>\n<div>\n<div>\n<p><strong>DUE MINUTI UN LIBRO, TUTTI I GIORNI ALLA RADIO ALLE 9.40 E ALLE 17.50<\/strong><\/p>\n<div>\n<div>\n<p><strong>LA RACCOLTA COMPLETA\u00a0\u00a0<\/strong><\/p>\n<\/div>\n<div>\n<blockquote class=\"wp-embedded-content\" data-secret=\"n7KuVT3KWo\"><p><a href=\"https:\/\/www.radiopiu.net\/wordpress\/due-minuti-un-libro\/\">Due minuti un libro<\/a><\/p><\/blockquote>\n<p><iframe loading=\"lazy\" class=\"wp-embedded-content\" sandbox=\"allow-scripts\" security=\"restricted\" style=\"position: absolute; clip: rect(1px, 1px, 1px, 1px);\" title=\"&#8220;Due minuti un libro&#8221; &#8212; Radio Pi\u00f9\" src=\"https:\/\/www.radiopiu.net\/wordpress\/due-minuti-un-libro\/embed\/#?secret=n7KuVT3KWo\" data-secret=\"n7KuVT3KWo\" width=\"600\" height=\"338\" frameborder=\"0\" marginwidth=\"0\" marginheight=\"0\" scrolling=\"no\"><\/iframe><\/p>\n<\/div>\n<\/div>\n<\/div>\n<div class=\"mkdf-post-text\">\n<div class=\"mkdf-post-text-inner\">\n<div class=\"mkdf-post-text-main\">\n<div class=\"mkdf-post-text\">\n<div class=\"mkdf-post-text-inner\">\n<div class=\"mkdf-post-text-main\">\n<div class=\"mkdf-post-text\">\n<div class=\"mkdf-post-text-inner\">\n<div class=\"mkdf-post-text-main\">\n<div class=\"page-title-head hgroup\">\n<div class=\"page-title-head hgroup\">\n<div class=\"mkdf-post-text\">\n<div class=\"mkdf-post-text-inner\">\n<div class=\"mkdf-post-text-main\">\n<div class=\"mkdf-post-text\">\n<div class=\"mkdf-post-text-inner\">\n<div class=\"mkdf-post-text-main\">\n<div class=\"page-title-head hgroup\">\n<div class=\"page-title-head hgroup\">\n<div class=\"page-title-head hgroup\">\n<div class=\"page-title-head hgroup\">\n<div class=\"b654a4as d2edcug0\">\n<div class=\"page-title-head hgroup\">\n<div class=\"page-title-head hgroup\">\n<div class=\"page-title-head hgroup\">\n<div class=\"page-title-head hgroup\">\n<div class=\"b654a4as d2edcug0\">\n<div class=\"page-title-head hgroup\">\n<div class=\"page-title-head hgroup\">\n<div class=\"page-title-head hgroup\">\n<div class=\"page-title-head hgroup\">\n<div class=\"b654a4as d2edcug0\">\n<div>\n<p>&nbsp;<\/p>\n<\/div>\n<div>\n<hr \/>\n<p>&nbsp;<\/p>\n<\/div>\n<h2><span style=\"color: #808000;\">L&#8217;ALMANACCO LADINO\u00a0\u00a0<\/span><\/h2>\n<p><strong>LA RACCOLTA<\/strong><\/p>\n<blockquote class=\"wp-embedded-content\" data-secret=\"dblafsqcpo\"><p><a href=\"https:\/\/www.radiopiu.net\/wordpress\/almanacco-ladino\/\">Almanacco Ladino<\/a><\/p><\/blockquote>\n<p><iframe loading=\"lazy\" class=\"wp-embedded-content\" sandbox=\"allow-scripts\" security=\"restricted\" style=\"position: absolute; clip: rect(1px, 1px, 1px, 1px);\" title=\"&#8220;Almanacco Ladino&#8221; &#8212; Radio Pi\u00f9\" src=\"https:\/\/www.radiopiu.net\/wordpress\/almanacco-ladino\/embed\/#?secret=dblafsqcpo\" data-secret=\"dblafsqcpo\" width=\"600\" height=\"338\" frameborder=\"0\" marginwidth=\"0\" marginheight=\"0\" scrolling=\"no\"><\/iframe><\/p>\n<p>&nbsp;<\/p>\n<hr \/>\n<p>&nbsp;<\/p>\n<h2><span style=\"color: #33cccc;\">LA RASSEGNA STAMPA DA L&#8217;AMICO DEL POPOLO<\/span><\/h2>\n<p><strong>LA RACCOLTA COMPLETA<\/strong><\/p>\n<blockquote class=\"wp-embedded-content\" data-secret=\"RL819s91Vy\"><p><a href=\"https:\/\/www.radiopiu.net\/wordpress\/rassegna-stampa-di-gianni-santomaso\/\">Rassegna stampa da l&#8217;amico del popolo &#8211; di Gianni Santomaso<\/a><\/p><\/blockquote>\n<p><iframe loading=\"lazy\" class=\"wp-embedded-content\" sandbox=\"allow-scripts\" security=\"restricted\" style=\"position: absolute; clip: rect(1px, 1px, 1px, 1px);\" title=\"&#8220;Rassegna stampa da l&#8217;amico del popolo &#8211; di Gianni Santomaso&#8221; &#8212; Radio Pi\u00f9\" src=\"https:\/\/www.radiopiu.net\/wordpress\/rassegna-stampa-di-gianni-santomaso\/embed\/#?secret=RL819s91Vy\" data-secret=\"RL819s91Vy\" width=\"600\" height=\"338\" frameborder=\"0\" marginwidth=\"0\" marginheight=\"0\" scrolling=\"no\"><\/iframe><\/p>\n<p>&nbsp;<\/p>\n<hr \/>\n<p>&nbsp;<\/p>\n<h2><span style=\"color: #800080;\">I RACCONTI DI PAOLO SOPPELSA\u00a0<\/span><\/h2>\n<blockquote>\n<h2>I RACCONTI DI PAOLO SOPPELSA &#8211; PUNTATA 106<\/h2>\n<\/blockquote>\n<p><strong>LA CHIAVE<\/strong><\/p>\n<p><em><strong>AUDIO<\/strong><\/em><\/p>\n<audio class=\"wp-audio-shortcode\" id=\"audio-250360-13\" preload=\"none\" style=\"width: 100%;\" controls=\"controls\"><source type=\"audio\/mpeg\" src=\"https:\/\/www.radiopiu.net\/wordpress\/wp-content\/uploads\/2021\/12\/PAOLO-SOPPELSA-LA-CHIAVE.mp3?_=13\" \/><a href=\"https:\/\/www.radiopiu.net\/wordpress\/wp-content\/uploads\/2021\/12\/PAOLO-SOPPELSA-LA-CHIAVE.mp3\">https:\/\/www.radiopiu.net\/wordpress\/wp-content\/uploads\/2021\/12\/PAOLO-SOPPELSA-LA-CHIAVE.mp3<\/a><\/audio>\n<p>&nbsp;<\/p>\n<p><a href=\"https:\/\/www.radiopiu.net\/wordpress\/i-racconti-di-paolo-soppelsa-puntata-106\/67fc3003-d1af-49da-acc5-36b00e8688b3\/\" rel=\"attachment wp-att-250335\"><img loading=\"lazy\" decoding=\"async\" class=\"size-medium wp-image-250335 alignleft\" src=\"https:\/\/www.radiopiu.net\/wordpress\/wp-content\/uploads\/2021\/12\/67fc3003-d1af-49da-acc5-36b00e8688b3-300x169.jpg\" alt=\"\" width=\"300\" height=\"169\" srcset=\"https:\/\/www.radiopiu.net\/wordpress\/wp-content\/uploads\/2021\/12\/67fc3003-d1af-49da-acc5-36b00e8688b3-300x169.jpg 300w, https:\/\/www.radiopiu.net\/wordpress\/wp-content\/uploads\/2021\/12\/67fc3003-d1af-49da-acc5-36b00e8688b3-1024x577.jpg 1024w, https:\/\/www.radiopiu.net\/wordpress\/wp-content\/uploads\/2021\/12\/67fc3003-d1af-49da-acc5-36b00e8688b3-768x433.jpg 768w, https:\/\/www.radiopiu.net\/wordpress\/wp-content\/uploads\/2021\/12\/67fc3003-d1af-49da-acc5-36b00e8688b3.jpg 1080w\" sizes=\"auto, (max-width: 300px) 100vw, 300px\" \/><\/a>Una vecchia chiave. Che apre la porta di un fienile di montagna costruito nell&#8217;immediato dopoguerra; oppure che pu\u00f2 spalancare l\u2019uscio dei ricordi. Dipende da cosa si vuol trovare dietro queste porte. Potrebbe essere soltanto un classico tabi\u00e0 che da tanti anni non contiene pi\u00f9 fieno; trasformato temporaneamente in magazzino di &#8220;batarie&#8221; difficili da portare all&#8217;ecocentro. \u00c8 complicato, almeno per me, buttare i ricordi nei container di ferro della discarica. Viceversa, sapendo ascoltare anima e cuore, il classico tabi\u00e0 si tramuta in un luogo che racconta storie di vita. Ci sono le &#8220;faoz&#8221;, appese ai travi della parete di fianco alla porta, che non lavorano sui prati da circa trentacinque anni. Prendendo in mano una di quelle falci sembra di sentire ancora il sudore sul manico perfettamente liscio. Ed immagini i calli, la pelle delle mani dura come il cuoio. Guardi quei quintali di legna accatastata nella &#8220;legn\u00e8ra&#8221; e pensi a quanta fatica \u00e8 costata. &#8220;Legne lasade l\u00e0 par mosina&#8221;; e che nessuno ha pi\u00f9 bruciato. Spesso prendo in mano questa chiave e apro il tabi\u00e0. A volte per prendere qualche attrezzo, ina altre occasioni, invece solamente per immergermi nell\u2019atmosfera di quei tempi andati. Mi piace ascoltare i miei passi su quelle \u201cbreghe\u201d ormai quasi antiche. In alto, nell&#8217;angolo a destra, c&#8217;\u00e8 ancora un mucchio di &#8220;bregoign&#8221; accatastati. Sono quelli che il nonno conserv\u00f3 con cura &#8220;par fa la casa da mort&#8221;. Nel frattempo che le &#8220;breghe&#8221; stagionavano il mondo cambi\u00f2, e la sua cassa da morto la comprammo nell&#8217;ottobre del &#8217;95 nel negozio delle pompe funebri. Provo un&#8217;emozione semplice e vera prendendo in mano in mano il \u201crest\u00e8l\u201d col manico azzurro che usava mia nonna; oppure aprendo &#8220;el fumer&#8221; immaginando di sentir salire il calore della stalla e l&#8217;odore della &#8220;grasa&#8221;. Momenti cos\u00ec, che mi ricordano quel mondo che ho visto pian piano cambiare intorno alla met\u00e0 degli anni \u201980. Ho sfiorato l&#8217;ultima \u201cb\u00e8caria\u201d in casa ed ho assistito agli ultimi sfalci ed al trasporto degli ultimi \u201cfas de fen\u201d fino al tab\u00ec\u00e0 utilizzando il &#8220;caret&#8221; azzurro parcheggiato appena dietro il portone. Poi, quel mondo di tradizioni antiche tramandate con sapienza, per noi, chiuse i battenti. Finirono le bevute di latte &#8220;a metri zero&#8221; munto pochi minuti prima. Termin\u00f2 il &#8220;sniz\u00e0 le p\u00e8ze de formai\u201d. Fin\u00ec pure l&#8217;emozione del taglio della prima fetta dei nuovi salami. Rimangono i ricordi di un tempo che non ritorner\u00e0 pi\u00f9. Memorie di visi e voci, di prati che ora sono fitto bosco. Ed ecco che allora la \u201cc\u00e8f\u201d non apre soltanto il portone di un tabi\u00e0 di montagna, ma anche una sorta di porta del tempo che mi conduce indietro di tanti anni, regalandomi emozioni e suggestioni sempre nuove\u2026Magiche Dolomiti!!!<\/p>\n<p>&nbsp;<\/p>\n<p><strong>LA RACCOLTA COMPLETA<\/strong><\/p>\n<blockquote class=\"wp-embedded-content\" data-secret=\"tMhgDpCeQk\"><p><a href=\"https:\/\/www.radiopiu.net\/wordpress\/i-racconti-di-paolo-soppelsa\/\">I racconti di Paolo Soppelsa<\/a><\/p><\/blockquote>\n<p><iframe loading=\"lazy\" class=\"wp-embedded-content\" sandbox=\"allow-scripts\" security=\"restricted\" style=\"position: absolute; clip: rect(1px, 1px, 1px, 1px);\" title=\"&#8220;I racconti di Paolo Soppelsa&#8221; &#8212; Radio Pi\u00f9\" src=\"https:\/\/www.radiopiu.net\/wordpress\/i-racconti-di-paolo-soppelsa\/embed\/#?secret=tMhgDpCeQk\" data-secret=\"tMhgDpCeQk\" width=\"600\" height=\"338\" frameborder=\"0\" marginwidth=\"0\" marginheight=\"0\" scrolling=\"no\"><\/iframe><\/p>\n<p>&nbsp;<\/p>\n<hr \/>\n<\/div>\n<div class=\"b654a4as d2edcug0\">\n<p>&nbsp;<\/p>\n<p><a href=\"https:\/\/www.radiopiu.net\/wordpress\/giornale-radiopiu-26-settembre-2018-direttore-mirko-mezzacasa\/viabilita-2\/\" rel=\"attachment wp-att-61954\"><img loading=\"lazy\" decoding=\"async\" class=\"aligncenter wp-image-61954 size-full\" src=\"https:\/\/www.radiopiu.net\/wordpress\/wp-content\/uploads\/2018\/09\/viabilita.jpeg\" sizes=\"auto, (max-width: 800px) 100vw, 800px\" srcset=\"https:\/\/www.radiopiu.net\/wordpress\/wp-content\/uploads\/2018\/09\/viabilita.jpeg 800w, https:\/\/www.radiopiu.net\/wordpress\/wp-content\/uploads\/2018\/09\/viabilita-300x38.jpeg 300w, https:\/\/www.radiopiu.net\/wordpress\/wp-content\/uploads\/2018\/09\/viabilita-768x96.jpeg 768w\" alt=\"\" width=\"800\" height=\"100\" \/><\/a><\/p>\n<div class=\"ecm0bbzt e5nlhep0 a8c37x1j\">\n<div class=\"kvgmc6g5 cxmmr5t8 oygrvhab hcukyx3x c1et5uql\">\n<div class=\"gmail-kvgmc6g5 gmail-cxmmr5t8 gmail-oygrvhab gmail-hcukyx3x gmail-c1et5uql gmail-ii04i59q\">\n<div class=\"page-title-head hgroup\">\n<div class=\"page-title-head hgroup\">\n<div class=\"b654a4as d2edcug0\">\n<div class=\"j83agx80 btwxx1t3 lhclo0ds hop8lmos nkwizq5d scwd0bx6 roh60bw9\">\n<div class=\"rq0escxv hkbzh7o3 jwdofwj8 n8tt0mok r8blr3vg hyh9befq\">\n<div class=\"do00u71z l9j0dhe7 k4urcfbm\">\n<div class=\"page-title-head hgroup\">\n<div class=\"page-title-head hgroup\">\n<div class=\"page-title-head hgroup\">\n<div class=\"page-title-head hgroup\">\n<div class=\"b654a4as d2edcug0\">\n<div class=\"page-title-head hgroup\">\n<div class=\"page-title-head hgroup\">\n<div class=\"page-title-head hgroup\">\n<div class=\"page-title-head hgroup\">\n<div class=\"b654a4as d2edcug0\">\n<div class=\"page-title-head hgroup\">\n<div class=\"page-title-head hgroup\">\n<div class=\"page-title-head hgroup\">\n<div class=\"page-title-head hgroup\">\n<div class=\"page-title-head hgroup\">\n<div class=\"page-title-head hgroup\">\n<div class=\"page-title-head hgroup\">\n<div class=\"page-title-head hgroup\">\n<div class=\"page-title-head hgroup\">\n<div class=\"b654a4as d2edcug0\">\n<div class=\"page-title-head hgroup\">\n<div class=\"page-title-head hgroup\">\n<div class=\"page-title-head hgroup\">\n<div class=\"page-title-head hgroup\">\n<div class=\"b654a4as d2edcug0\">\n<div class=\"page-title-head hgroup\">\n<div class=\"page-title-head hgroup\">\n<div class=\"page-title-head hgroup\">\n<div class=\"page-title-head hgroup\">\n<div class=\"page-title-head hgroup\">\n<div class=\"mkdf-post-text\">\n<div class=\"mkdf-post-text-inner\">\n<div class=\"mkdf-post-text-main\">\n<div class=\"mkdf-post-text\">\n<div class=\"mkdf-post-text-inner\">\n<div class=\"mkdf-post-text-main\">\n<div class=\"mkdf-post-text\">\n<div class=\"mkdf-post-text-inner\">\n<div class=\"mkdf-post-text-main\">\n<div class=\"page-title-head hgroup\">\n<div class=\"page-title-head hgroup\">\n<div class=\"mkdf-post-text\">\n<div class=\"mkdf-post-text-inner\">\n<div class=\"mkdf-post-text-main\">\n<div class=\"mkdf-post-text\">\n<div class=\"mkdf-post-text-inner\">\n<div class=\"mkdf-post-text-main\">\n<div class=\"page-title-head hgroup\">\n<div class=\"page-title-head hgroup\">\n<div class=\"page-title-head hgroup\">\n<div class=\"page-title-head hgroup\">\n<div class=\"b654a4as d2edcug0\">\n<div class=\"page-title-head hgroup\">\n<div class=\"page-title-head hgroup\">\n<div class=\"page-title-head hgroup\">\n<div class=\"page-title-head hgroup\">\n<div class=\"b654a4as d2edcug0\">\n<div class=\"page-title-head hgroup\">\n<div class=\"page-title-head hgroup\">\n<div class=\"page-title-head hgroup\">\n<div class=\"page-title-head hgroup\">\n<div class=\"b654a4as d2edcug0\">\n<div class=\"chat-input\">\n<div class=\"chat-input-container\">\n<div class=\"rows-wrapper chat-input-wrapper\">\n<div class=\"reply-wrapper\">\n<div class=\"btn-menu\">\n<div class=\"btn-menu-item tgico-replace rp\">\n<div class=\"c-ripple\">\n<div class=\"bubbles scrolled-down\">\n<div class=\"scrollable scrollable-y\">\n<div class=\"bubbles-inner has-rights is-chat is-channel\">\n<div class=\"bubbles-date-group\">\n<div class=\"bubble hide-name is-out can-have-tail is-group-first is-group-last is-read\" data-mid=\"5377294335\" data-peer-id=\"-1478820725\" data-timestamp=\"1638437407\">\n<div class=\"bubble-content-wrapper\">\n<div class=\"bubble-content\">\n<p class=\"message\" dir=\"auto\"><strong>\u00a0<\/strong><\/p>\n<\/div>\n<\/div>\n<\/div>\n<\/div>\n<\/div>\n<\/div>\n<\/div>\n<\/div>\n<\/div>\n<\/div>\n<\/div>\n<\/div>\n<\/div>\n<\/div>\n<\/div>\n<\/div>\n<\/div>\n<\/div>\n<\/div>\n<\/div>\n<\/div>\n<\/div>\n<\/div>\n<\/div>\n<\/div>\n<\/div>\n<\/div>\n<\/div>\n<\/div>\n<\/div>\n<\/div>\n<\/div>\n<\/div>\n<\/div>\n<\/div>\n<\/div>\n<\/div>\n<\/div>\n<\/div>\n<\/div>\n<\/div>\n<\/div>\n<\/div>\n<\/div>\n<\/div>\n<\/div>\n<\/div>\n<\/div>\n<\/div>\n<\/div>\n<\/div>\n<\/div>\n<\/div>\n<\/div>\n<\/div>\n<\/div>\n<\/div>\n<\/div>\n<\/div>\n<\/div>\n<\/div>\n<\/div>\n<\/div>\n<\/div>\n<\/div>\n<\/div>\n<\/div>\n<\/div>\n<\/div>\n<\/div>\n<\/div>\n<\/div>\n<\/div>\n<\/div>\n<\/div>\n<\/div>\n<\/div>\n<\/div>\n<\/div>\n<\/div>\n<\/div>\n<\/div>\n<\/div>\n<\/div>\n<\/div>\n<\/div>\n<\/div>\n<\/div>\n<\/div>\n<\/div>\n<\/div>\n<\/div>\n<\/div>\n<\/div>\n<\/div>\n<\/div>\n<\/div>\n<\/div>\n<\/div>\n<\/div>\n<\/div>\n<\/div>\n<\/div>\n<\/div>\n<\/div>\n<\/div>\n<\/div>\n<\/div>\n<\/div>\n<\/div>\n<\/div>\n<\/div>\n<\/div>\n<\/div>\n<\/div>\n<\/div>\n<\/div>\n<\/div>\n<\/div>\n<\/div>\n<\/div>\n<\/div>\n<\/div>\n<\/div>\n<\/div>\n<\/div>\n<\/div>\n<\/div>\n<\/div>\n<\/div>\n<\/div>\n<\/div>\n<\/div>\n<\/div>\n<\/div>\n<\/div>\n<\/div>\n<\/div>\n<\/div>\n<\/div>\n<\/div>\n<\/div>\n<\/div>\n<\/div>\n<\/div>\n<\/div>\n<\/div>\n<\/div>\n<\/div>\n<\/div>\n<\/div>\n<\/div>\n<\/div>\n<\/div>\n<\/div>\n<\/div>\n<\/div>\n<\/div>\n<\/div>\n<\/div>\n<\/div>\n<\/div>\n<\/div>\n<\/div>\n<\/div>\n<\/div>\n<\/div>\n<\/div>\n<div>\n<div class=\"page-title-head hgroup\">\n<div class=\"page-title-head hgroup\">\n<div class=\"b654a4as d2edcug0\">\n<div class=\"j83agx80 btwxx1t3 lhclo0ds hop8lmos nkwizq5d scwd0bx6 roh60bw9\">\n<div class=\"rq0escxv hkbzh7o3 jwdofwj8 n8tt0mok r8blr3vg hyh9befq\">\n<div class=\"do00u71z l9j0dhe7 k4urcfbm\">\n<div class=\"ecm0bbzt e5nlhep0 a8c37x1j\">\n<div class=\"kvgmc6g5 cxmmr5t8 oygrvhab hcukyx3x c1et5uql\">\n<div class=\"gmail-kvgmc6g5 gmail-cxmmr5t8 gmail-oygrvhab gmail-hcukyx3x gmail-c1et5uql gmail-ii04i59q\">\n<div class=\"page-title-head hgroup\">\n<div class=\"page-title-head hgroup\">\n<div class=\"b654a4as d2edcug0\">\n<div class=\"j83agx80 btwxx1t3 lhclo0ds hop8lmos nkwizq5d scwd0bx6 roh60bw9\">\n<div class=\"rq0escxv hkbzh7o3 jwdofwj8 n8tt0mok r8blr3vg hyh9befq\">\n<div class=\"do00u71z l9j0dhe7 k4urcfbm\">\n<div class=\"page-title-head hgroup\">\n<div class=\"page-title-head hgroup\">\n<div class=\"page-title-head hgroup\">\n<div class=\"page-title-head hgroup\">\n<div class=\"b654a4as d2edcug0\">\n<div class=\"page-title-head hgroup\">\n<div class=\"page-title-head hgroup\">\n<div class=\"page-title-head hgroup\">\n<div class=\"page-title-head hgroup\">\n<div class=\"b654a4as d2edcug0\">\n<div class=\"page-title-head hgroup\">\n<div class=\"page-title-head hgroup\">\n<div class=\"page-title-head hgroup\">\n<div class=\"page-title-head hgroup\">\n<div class=\"page-title-head hgroup\">\n<div class=\"page-title-head hgroup\">\n<div class=\"page-title-head hgroup\">\n<div class=\"page-title-head hgroup\">\n<div class=\"page-title-head hgroup\">\n<div class=\"b654a4as d2edcug0\">\n<div class=\"page-title-head hgroup\">\n<div class=\"page-title-head hgroup\">\n<div class=\"page-title-head hgroup\">\n<div class=\"page-title-head hgroup\">\n<div class=\"b654a4as d2edcug0\">\n<div class=\"page-title-head hgroup\">\n<div class=\"page-title-head hgroup\">\n<div class=\"page-title-head hgroup\">\n<div class=\"page-title-head hgroup\">\n<div class=\"page-title-head hgroup\">\n<div class=\"mkdf-post-text\">\n<div class=\"mkdf-post-text-inner\">\n<div class=\"mkdf-post-text-main\">\n<div class=\"mkdf-post-text\">\n<div class=\"mkdf-post-text-inner\">\n<div class=\"mkdf-post-text-main\">\n<div class=\"mkdf-post-text\">\n<div class=\"mkdf-post-text-inner\">\n<div class=\"mkdf-post-text-main\">\n<div class=\"page-title-head hgroup\">\n<div class=\"page-title-head hgroup\">\n<div class=\"mkdf-post-text\">\n<div class=\"mkdf-post-text-inner\">\n<div class=\"mkdf-post-text-main\">\n<div class=\"mkdf-post-text\">\n<div class=\"mkdf-post-text-inner\">\n<div class=\"mkdf-post-text-main\">\n<div class=\"page-title-head hgroup\">\n<div class=\"page-title-head hgroup\">\n<div class=\"page-title-head hgroup\">\n<div class=\"page-title-head hgroup\">\n<div class=\"b654a4as d2edcug0\">\n<div class=\"page-title-head hgroup\">\n<div class=\"page-title-head hgroup\">\n<div class=\"page-title-head hgroup\">\n<div class=\"page-title-head hgroup\">\n<div class=\"b654a4as d2edcug0\">\n<div class=\"page-title-head hgroup\">\n<div class=\"page-title-head hgroup\">\n<div class=\"page-title-head hgroup\">\n<div class=\"page-title-head hgroup\">\n<div class=\"b654a4as d2edcug0\">\n<div class=\"ecm0bbzt e5nlhep0 a8c37x1j\">\n<div class=\"kvgmc6g5 cxmmr5t8 oygrvhab hcukyx3x c1et5uql\">\n<div class=\"gmail-kvgmc6g5 gmail-cxmmr5t8 gmail-oygrvhab gmail-hcukyx3x gmail-c1et5uql gmail-ii04i59q\">\n<div class=\"page-title-head hgroup\">\n<div class=\"page-title-head hgroup\">\n<div class=\"b654a4as d2edcug0\">\n<div class=\"j83agx80 btwxx1t3 lhclo0ds hop8lmos nkwizq5d scwd0bx6 roh60bw9\">\n<div class=\"rq0escxv hkbzh7o3 jwdofwj8 n8tt0mok r8blr3vg hyh9befq\">\n<div class=\"do00u71z l9j0dhe7 k4urcfbm\">\n<div class=\"page-title-head hgroup\">\n<div class=\"page-title-head hgroup\">\n<div class=\"page-title-head hgroup\">\n<div class=\"page-title-head hgroup\">\n<div class=\"b654a4as d2edcug0\">\n<div class=\"page-title-head hgroup\">\n<div class=\"page-title-head hgroup\">\n<div class=\"page-title-head hgroup\">\n<div class=\"page-title-head hgroup\">\n<div class=\"b654a4as d2edcug0\">\n<div class=\"page-title-head hgroup\">\n<div class=\"page-title-head hgroup\">\n<div class=\"page-title-head hgroup\">\n<div class=\"page-title-head hgroup\">\n<div class=\"page-title-head hgroup\">\n<div class=\"page-title-head hgroup\">\n<div class=\"page-title-head hgroup\">\n<div class=\"page-title-head hgroup\">\n<div class=\"page-title-head hgroup\">\n<div class=\"b654a4as d2edcug0\">\n<div class=\"page-title-head hgroup\">\n<div class=\"page-title-head hgroup\">\n<div class=\"page-title-head hgroup\">\n<div class=\"page-title-head hgroup\">\n<div class=\"b654a4as d2edcug0\">\n<div class=\"page-title-head hgroup\">\n<div class=\"page-title-head hgroup\">\n<div class=\"page-title-head hgroup\">\n<div class=\"page-title-head hgroup\">\n<div class=\"page-title-head hgroup\">\n<div class=\"mkdf-post-text\">\n<div class=\"mkdf-post-text-inner\">\n<div class=\"mkdf-post-text-main\">\n<div class=\"mkdf-post-text\">\n<div class=\"mkdf-post-text-inner\">\n<div class=\"mkdf-post-text-main\">\n<div class=\"mkdf-post-text\">\n<div class=\"mkdf-post-text-inner\">\n<div class=\"mkdf-post-text-main\">\n<div class=\"page-title-head hgroup\">\n<div class=\"page-title-head hgroup\">\n<div class=\"mkdf-post-text\">\n<div class=\"mkdf-post-text-inner\">\n<div class=\"mkdf-post-text-main\">\n<div class=\"mkdf-post-text\">\n<div class=\"mkdf-post-text-inner\">\n<div class=\"mkdf-post-text-main\">\n<div class=\"page-title-head hgroup\">\n<div class=\"page-title-head hgroup\">\n<div class=\"page-title-head hgroup\">\n<div class=\"page-title-head hgroup\">\n<div class=\"b654a4as d2edcug0\">\n<div class=\"page-title-head hgroup\">\n<div class=\"page-title-head hgroup\">\n<div class=\"page-title-head hgroup\">\n<div class=\"page-title-head hgroup\">\n<div class=\"b654a4as d2edcug0\">\n<div class=\"page-title-head hgroup\">\n<div class=\"page-title-head hgroup\">\n<div class=\"page-title-head hgroup\">\n<div class=\"page-title-head hgroup\">\n<div class=\"b654a4as d2edcug0\">\n<blockquote class=\"wp-embedded-content\" data-secret=\"gRopdMy4R3\"><p><a href=\"https:\/\/www.radiopiu.net\/wordpress\/viabilita\/\">viabilita<\/a><\/p><\/blockquote>\n<p><iframe loading=\"lazy\" class=\"wp-embedded-content\" sandbox=\"allow-scripts\" security=\"restricted\" style=\"position: absolute; clip: rect(1px, 1px, 1px, 1px);\" title=\"&#8220;viabilita&#8221; &#8212; Radio Pi\u00f9\" src=\"https:\/\/www.radiopiu.net\/wordpress\/viabilita\/embed\/#?secret=gRopdMy4R3\" data-secret=\"gRopdMy4R3\" width=\"600\" height=\"338\" frameborder=\"0\" marginwidth=\"0\" marginheight=\"0\" scrolling=\"no\"><\/iframe><\/p>\n<p>&nbsp;<\/p>\n<hr \/>\n<p>&nbsp;<\/p>\n<\/div>\n<div class=\"b654a4as d2edcug0\">\n<div class=\"ecm0bbzt e5nlhep0 a8c37x1j\">\n<div class=\"kvgmc6g5 cxmmr5t8 oygrvhab hcukyx3x c1et5uql\">\n<div class=\"gmail-kvgmc6g5 gmail-cxmmr5t8 gmail-oygrvhab gmail-hcukyx3x gmail-c1et5uql gmail-ii04i59q\">\n<div>\n<div class=\"page-title-head hgroup\">\n<div class=\"page-title-head hgroup\">\n<div class=\"b654a4as d2edcug0\">\n<div class=\"j83agx80 btwxx1t3 lhclo0ds hop8lmos nkwizq5d scwd0bx6 roh60bw9\">\n<div class=\"rq0escxv hkbzh7o3 jwdofwj8 n8tt0mok r8blr3vg hyh9befq\">\n<div class=\"do00u71z l9j0dhe7 k4urcfbm\">\n<div>\n<div class=\"page-title-head hgroup\">\n<div class=\"page-title-head hgroup\">\n<div class=\"page-title-head hgroup\">\n<div class=\"page-title-head hgroup\">\n<div class=\"b654a4as d2edcug0\">\n<div class=\"page-title-head hgroup\">\n<div class=\"page-title-head hgroup\">\n<div class=\"page-title-head hgroup\">\n<div class=\"page-title-head hgroup\">\n<div class=\"b654a4as d2edcug0\">\n<div class=\"page-title-head hgroup\">\n<div class=\"page-title-head hgroup\">\n<div class=\"page-title-head hgroup\">\n<div class=\"page-title-head hgroup\">\n<div class=\"page-title-head hgroup\">\n<div class=\"mkdf-post-text\">\n<div class=\"mkdf-post-text-inner\">\n<div class=\"mkdf-post-text-main\">\n<div class=\"mkdf-post-text\">\n<div class=\"mkdf-post-text-inner\">\n<div class=\"mkdf-post-text-main\">\n<div class=\"mkdf-post-text\">\n<div class=\"mkdf-post-text-inner\">\n<div class=\"mkdf-post-text-main\">\n<div class=\"page-title-head hgroup\">\n<div class=\"page-title-head hgroup\">\n<div class=\"mkdf-post-text\">\n<div class=\"mkdf-post-text-inner\">\n<div class=\"mkdf-post-text-main\">\n<div class=\"mkdf-post-text\">\n<div class=\"mkdf-post-text-inner\">\n<div class=\"mkdf-post-text-main\">\n<div>\n<div class=\"page-title-head hgroup\">\n<div class=\"page-title-head hgroup\">\n<div>\n<div class=\"page-title-head hgroup\">\n<div class=\"page-title-head hgroup\">\n<div class=\"b654a4as d2edcug0\">\n<div>\n<div class=\"page-title-head hgroup\" style=\"text-align: left;\">\n<div class=\"page-title-head hgroup\">\n<div dir=\"auto\">\n<p><a class=\"dt-pswp-item pspw-wrap-ready\" href=\"https:\/\/i0.wp.com\/www.radiopiu.net\/wordpress\/wp-content\/uploads\/2018\/09\/WhatsApp-Image-2018-09-20-at-16.04.06.jpeg?ssl=1\" data-dt-img-description=\"\" data-large_image_width=\"800\" data-large_image_height=\"100\"><img loading=\"lazy\" decoding=\"async\" class=\"aligncenter wp-image-61378 size-full jetpack-lazy-image jetpack-lazy-image--handled\" src=\"https:\/\/i0.wp.com\/www.radiopiu.net\/wordpress\/wp-content\/uploads\/2018\/09\/WhatsApp-Image-2018-09-20-at-16.04.06.jpeg?resize=800%2C100&amp;ssl=1\" sizes=\"auto, (max-width: 800px) 100vw, 800px\" srcset=\"https:\/\/i0.wp.com\/www.radiopiu.net\/wordpress\/wp-content\/uploads\/2018\/09\/WhatsApp-Image-2018-09-20-at-16.04.06.jpeg?w=800&amp;ssl=1 800w, https:\/\/i0.wp.com\/www.radiopiu.net\/wordpress\/wp-content\/uploads\/2018\/09\/WhatsApp-Image-2018-09-20-at-16.04.06.jpeg?resize=300%2C38&amp;ssl=1 300w, https:\/\/i0.wp.com\/www.radiopiu.net\/wordpress\/wp-content\/uploads\/2018\/09\/WhatsApp-Image-2018-09-20-at-16.04.06.jpeg?resize=768%2C96&amp;ssl=1 768w\" alt=\"\" width=\"800\" height=\"100\" data-lazy-loaded=\"1\" \/><\/a><\/p>\n<\/div>\n<\/div>\n<\/div>\n<\/div>\n<\/div>\n<\/div>\n<\/div>\n<\/div>\n<\/div>\n<\/div>\n<\/div>\n<\/div>\n<\/div>\n<\/div>\n<\/div>\n<\/div>\n<\/div>\n<\/div>\n<\/div>\n<\/div>\n<\/div>\n<\/div>\n<\/div>\n<\/div>\n<\/div>\n<\/div>\n<\/div>\n<\/div>\n<\/div>\n<\/div>\n<\/div>\n<\/div>\n<\/div>\n<\/div>\n<\/div>\n<\/div>\n<\/div>\n<\/div>\n<\/div>\n<\/div>\n<\/div>\n<\/div>\n<\/div>\n<\/div>\n<p>&nbsp;<\/p>\n<\/div>\n<\/div>\n<\/div>\n<\/div>\n<\/div>\n<\/div>\n<\/div>\n<\/div>\n<\/div>\n<\/div>\n<\/div>\n<\/div>\n<\/div>\n<\/div>\n<\/div>\n<\/div>\n<\/div>\n<\/div>\n<\/div>\n<\/div>\n<\/div>\n<\/div>\n<\/div>\n<\/div>\n<\/div>\n<\/div>\n<\/div>\n<\/div>\n<\/div>\n<\/div>\n<\/div>\n<\/div>\n<\/div>\n<\/div>\n<\/div>\n<\/div>\n<\/div>\n<\/div>\n<\/div>\n<\/div>\n<\/div>\n<\/div>\n<\/div>\n<\/div>\n<\/div>\n<\/div>\n<\/div>\n<\/div>\n<\/div>\n<\/div>\n<\/div>\n<\/div>\n<\/div>\n<\/div>\n<\/div>\n<\/div>\n<\/div>\n<\/div>\n<\/div>\n<\/div>\n<\/div>\n<\/div>\n<\/div>\n<\/div>\n<\/div>\n<\/div>\n<\/div>\n<\/div>\n<\/div>\n<\/div>\n<\/div>\n<\/div>\n<\/div>\n<\/div>\n<\/div>\n<\/div>\n<\/div>\n<\/div>\n<\/div>\n<\/div>\n<\/div>\n<\/div>\n<\/div>\n<\/div>\n<\/div>\n<\/div>\n<\/div>\n<\/div>\n<\/div>\n<\/div>\n<\/div>\n<\/div>\n<\/div>\n<\/div>\n<\/div>\n<\/div>\n<\/div>\n<\/div>\n<\/div>\n<\/div>\n<\/div>\n<\/div>\n<\/div>\n<\/div>\n<\/div>\n<\/div>\n<\/div>\n<\/div>\n<\/div>\n<\/div>\n<\/div>\n<\/div>\n<\/div>\n<\/div>\n<\/div>\n<\/div>\n<\/div>\n<\/div>\n<\/div>\n<\/div>\n<\/div>\n<\/div>\n<\/div>\n<\/div>\n<\/div>\n<\/div>\n<\/div>\n<\/div>\n<\/div>\n<\/div>\n<\/div>\n<\/div>\n<\/div>\n<\/div>\n<\/div>\n<\/div>\n<\/div>\n<\/div>\n<\/div>\n<\/div>\n<\/div>\n<\/div>\n<\/div>\n<\/div>\n<\/div>\n<\/div>\n<\/div>\n<\/div>\n<\/div>\n<\/div>\n<\/div>\n<\/div>\n<\/div>\n<\/div>\n<\/div>\n<\/div>\n<\/div>\n<\/div>\n<\/div>\n<div><center><b>Martedi 28<\/b><\/center><b>Tempo atteso: <\/b>Tempo da soleggiato a parzialmente soleggiato per nubi alte in grado di velare il cielo, pi\u00f9 presenti a inizio mattinata e da met\u00e0 pomeriggio in poi quando la nuvolosit\u00e0 sar\u00e0 pi\u00f9 densa, mentre il sole splender\u00e0 maggiormente nelle ore centrali del giorno, con tratti di cielo del tutto sereno. L&#8217;unica eccezione sar\u00e0 la Valbelluna, dove le nebbie e le nubi basse formatosi nella notte potrebbero limitare il soleggiamento qualora il loro diradamento fosse solo parziale. Contesto termico diurno un po&#8217; pi\u00f9 mite a tutte le quote.<br \/>\n<b>Precipitazioni: <\/b>Assenti (0%), salvo qualche fiocco sulle Dolomiti centro-settentrionali verso sera oltre i 1600\/1800 m (20\/30%).<br \/>\n<b>Temperature: <\/b>Minime senza variazioni di rilievo o in lieve aumento per minore irraggiamento, massime in generale leggero aumento a tutte le quote. Su Prealpi a 1500 m min -1\u00b0C, max 2\u00b0C; a 2000 m min -2\u00b0C, max 0\u00b0C. Su Dolomiti a 2000 m min -3\u00b0C, max -1\u00b0C; a 3000 m min -6\u00b0C, max -4\u00b0C.<br \/>\n<b>Venti: <\/b>Nelle valli generalmente deboli di direzione variabile, in quota moderati o tesi in prevalenza da nord-ovest, in rinforzo a fine giornata, a 5-15 km\/h a 2000 m e 15-25 km\/h a 3000 m.<\/div>\n<\/div>\n<\/div>\n<\/div>\n<\/div>\n<\/div>\n<\/div>\n<\/div>\n<hr \/>\n<p><center><b>Mercoledi 29<\/b><\/center><b>Tempo atteso: <\/b>Al mattino cielo sereno o poco nuvoloso per primi banchi di nubi alte in arrivo da nord-ovest. Nel corso del pomeriggio rapido aumento della nuvolosit\u00e0 medio-alta stratiforme fino a cielo coperto quasi ovunque. Sulle Dolomiti la copertura sar\u00e0 pi\u00f9 densa e associata a qualche fenomeno burrascoso con un po&#8217; di nevischio sulle cime e qualche goccia in alcune valli. L&#8217;ambiente diventer\u00e0 ventosa in quota, mentre il Foehn potrebbe iniziare a spirare in alcune valli alla sera.<br \/>\n<b>Precipitazioni: <\/b>Assenti sulle Prealpi e le Dolomiti meridionali (0%); mentre da met\u00e0 pomeriggio in poi ci sar\u00e0 la probabilit\u00e0 di debolissima pioggia, specie sulle Dolomiti pi\u00f9 settentrionali (50\/70%), probabilit\u00e0 minore su quelle centrali (20\/30%). La neve cadr\u00e0 sotto forma burrascosa oltre i 2400\/2500 m.<br \/>\n<b>Temperature: <\/b>Minime pressoch\u00e9 stazionarie eccetto lieve calo sulle cime dolomitiche pi\u00f9 alte; massime in generale aumento a tutte le quote, in maniera pi\u00f9 sensibile in quota nel corso del pomeriggio. Su Prealpi a 1500 m min 1\u00b0C, max 7\u00b0C; a 2000 m min -1\u00b0C, max 4\u00b0C. Su Dolomiti a 2000 m min -3\u00b0C, max 3\u00b0C; a 3000 m min -8\u00b0C, max -1\u00b0C.<br \/>\n<b>Venti: <\/b>Nelle valli generalmente deboli di direzione variabile fino al pomeriggio, poi primi eventuali episodi di Foehn in alcune valli; in quota inizialmente tesi, poi in rinforzo fino a forti da nord-ovest, specie sopra i 22002400 m dalle ore centrali in poi, a 15-35 km\/h a 2000 m e 40-80 km\/h a 3000 m.<\/p>\n<hr \/>\n<p><center><b>Giovedi 30<\/b><\/center>Tempo stabile, ma particolarmente ventoso al mattino, con presenza di nubi alte e di nubi medie lenticolari di sottovento al mattino, mentre il cielo sar\u00e0 man mano pi\u00f9 sereno al pomeriggio. Temperature in generale aumento, specie in quota, dove saranno superiori alla norma; nelle valli l&#8217;andamento termico sar\u00e0 pi\u00f9 irregolare e condizionato in gran parte dal Foehn. In alta quota venti forti\/molto forti da nord-ovest,in attenuazione al pomeriggio; nelle valli Foehn al mattino, poi venti deboli di direzione variabile.<\/p>\n<hr \/>\n<p><center><b>Venerdi 31<\/b><\/center>Splendida giornata con sole, cielo sereno, aria tersa e ottima visibilit\u00e0 su tutta la montagna veneta. Far\u00e0 eccezione la Valbelluna con probabili nebbie durante le ore pi\u00f9 fredde. Il contesto termico sar\u00e0 anomalo in alta quota con assenza di gelo notturno e grande mitezza diurna, specie nei posti assolati. In valle accentuazione dell&#8217;inversione termica con calo delle minime e forte contrasto di temperature diurne tra i settori in ombra e quelli assolati. Venti moderati da nord-ovest in quota; deboli di direzione variabile nelle valli, salvo locali rinforzi per brezze di monte nelle ore pi\u00f9 fredde in alcuni settori prealpini. Previsore: R.L.Th.<\/p>\n<p>&nbsp;<\/p>\n<hr \/>\n<p>&nbsp;<\/p>\n<p><a href=\"https:\/\/www.radiopiu.net\/wordpress\/giornale-radiopiu-15-settembre-2018-direttore-mirko-mezzacasa\/sport-7\/\" rel=\"attachment wp-att-60761\"><img loading=\"lazy\" decoding=\"async\" class=\"wp-image-60761 size-full aligncenter\" src=\"https:\/\/www.radiopiu.net\/wordpress\/wp-content\/uploads\/2018\/09\/sport.jpg\" alt=\"\" width=\"800\" height=\"100\" srcset=\"https:\/\/www.radiopiu.net\/wordpress\/wp-content\/uploads\/2018\/09\/sport.jpg 800w, https:\/\/www.radiopiu.net\/wordpress\/wp-content\/uploads\/2018\/09\/sport-300x38.jpg 300w, https:\/\/www.radiopiu.net\/wordpress\/wp-content\/uploads\/2018\/09\/sport-768x96.jpg 768w\" sizes=\"auto, (max-width: 800px) 100vw, 800px\" \/><\/a><\/p>\n<p>&nbsp;<\/p>\n<div>\n<blockquote>\n<h2><b>Slitta la Coppa Italia: il primo turno si giocher\u00e0 il 19 gennaio\u00a0<\/b><\/h2>\n<\/blockquote>\n<p><a href=\"https:\/\/www.radiopiu.net\/wordpress\/giornale-radiopiu-28-dicembre-2021-direttore-mirko-mezzacasa\/slitta_la_coppa_italia-1\/\" rel=\"attachment wp-att-250616\"><img loading=\"lazy\" decoding=\"async\" class=\" wp-image-250616 alignleft\" src=\"https:\/\/www.radiopiu.net\/wordpress\/wp-content\/uploads\/2021\/12\/Slitta_la_Coppa_Italia-1-300x189.jpg\" alt=\"\" width=\"194\" height=\"122\" srcset=\"https:\/\/www.radiopiu.net\/wordpress\/wp-content\/uploads\/2021\/12\/Slitta_la_Coppa_Italia-1-300x189.jpg 300w, https:\/\/www.radiopiu.net\/wordpress\/wp-content\/uploads\/2021\/12\/Slitta_la_Coppa_Italia-1-768x485.jpg 768w, https:\/\/www.radiopiu.net\/wordpress\/wp-content\/uploads\/2021\/12\/Slitta_la_Coppa_Italia-1.jpg 786w\" sizes=\"auto, (max-width: 194px) 100vw, 194px\" \/><\/a>La notizia era ampiamente nell\u2019aria. E ora \u00e8 arrivata anche l\u2019ufficialit\u00e0 della Lega Pallavolo Serie A: il primo turno della <b>Del Monte Coppa Italia A3<\/b> non andr\u00e0 in scena domenica 2 gennaio, come da calendario iniziale, ma infrasettimanalmente. Ovvero, <b>mercoled\u00ec 19 gennaio<\/b>, alle ore 20.30.<span class=\"gmail-Apple-converted-space\">\u00a0<\/span><\/p>\n<p>Non ci sono i tempi tecnici, infatti, per recuperare le due sfide di campionato saltate domenica scorsa. E che completano il girone d\u2019andata. Una delle quali interessa molto da vicino la Da Rold Logistics Belluno: il match in questione \u00e8 quello tra la Vigilar Fano e la Med Store Tunit Macerata.<\/p>\n<p>S\u00ec, perch\u00e9 se Fano dovesse vincere 3-0 o 3-1, balzerebbe all\u2019ottavo posto e i bellunesi sarebbero esclusi dalla corsa al trofeo. Viceversa, qualora Macerata dovesse strappare punti, ecco che i ragazzi di Diego Poletto conserverebbero la piazza numero 8. E, in automatico, scatterebbe la qualificazione in coppa.<span class=\"gmail-Apple-converted-space\">\u00a0<\/span><\/p>\n<p>Non resta che attendere, quindi. Nel frattempo, l\u2019unica cosa certa \u00e8 che il 2 gennaio le luci dei palasport rimarranno spente. E che i rinoceronti torneranno sul parquet domenica 9 (ore 18), in campionato, per la prima giornata di ritorno: a Pineto contro l\u2019Abba, attuale capolista.<span class=\"gmail-Apple-converted-space\">\u00a0<\/span><\/p>\n<\/div>\n<p>&nbsp;<\/p>\n","protected":false},"excerpt":{"rendered":"<p>INFORMAZIONE il canale su TELEGRAM informazione di prima mano e in tempo reale. iscriviti ed aiutaci a farlo conoscere\u00a0 \u00a0 \u00a0 &nbsp; &nbsp; IL FUTURO DELLA STAGIONE TURISTICA INVERNALE NEI GIORNI IN CUI ARRIVANO I RISTORI CHE\u00a0 27 AZIENDE ATTENDONO DA DUE ANNI. OGGI ALLE 10.30 E ALLE 18 LO SPECIALE ALLA RADIO, OSPITE MARCO&hellip;<\/p>\n","protected":false},"author":4,"featured_media":250535,"comment_status":"closed","ping_status":"open","sticky":false,"template":"","format":"standard","meta":{"_monsterinsights_skip_tracking":false,"_monsterinsights_sitenote_active":false,"_monsterinsights_sitenote_note":"","_monsterinsights_sitenote_category":0,"footnotes":""},"categories":[104,86,49],"tags":[],"class_list":["post-250360","post","type-post","status-publish","format-standard","has-post-thumbnail","hentry","category-evidenza_3","category-gr","category-news-18","category-104","category-86","category-49","description-off"],"img_url":"https:\/\/www.radiopiu.net\/wordpress\/wp-content\/uploads\/2021\/12\/NUOVI-CASI-NEGLI-ULTIMI-7-GIORNI.jpg","_links":{"self":[{"href":"https:\/\/www.radiopiu.net\/wordpress\/wp-json\/wp\/v2\/posts\/250360","targetHints":{"allow":["GET"]}}],"collection":[{"href":"https:\/\/www.radiopiu.net\/wordpress\/wp-json\/wp\/v2\/posts"}],"about":[{"href":"https:\/\/www.radiopiu.net\/wordpress\/wp-json\/wp\/v2\/types\/post"}],"author":[{"embeddable":true,"href":"https:\/\/www.radiopiu.net\/wordpress\/wp-json\/wp\/v2\/users\/4"}],"replies":[{"embeddable":true,"href":"https:\/\/www.radiopiu.net\/wordpress\/wp-json\/wp\/v2\/comments?post=250360"}],"version-history":[{"count":0,"href":"https:\/\/www.radiopiu.net\/wordpress\/wp-json\/wp\/v2\/posts\/250360\/revisions"}],"wp:featuredmedia":[{"embeddable":true,"href":"https:\/\/www.radiopiu.net\/wordpress\/wp-json\/wp\/v2\/media\/250535"}],"wp:attachment":[{"href":"https:\/\/www.radiopiu.net\/wordpress\/wp-json\/wp\/v2\/media?parent=250360"}],"wp:term":[{"taxonomy":"category","embeddable":true,"href":"https:\/\/www.radiopiu.net\/wordpress\/wp-json\/wp\/v2\/categories?post=250360"},{"taxonomy":"post_tag","embeddable":true,"href":"https:\/\/www.radiopiu.net\/wordpress\/wp-json\/wp\/v2\/tags?post=250360"}],"curies":[{"name":"wp","href":"https:\/\/api.w.org\/{rel}","templated":true}]}}