{"id":250427,"date":"2021-12-27T13:36:39","date_gmt":"2021-12-27T12:36:39","guid":{"rendered":"https:\/\/www.radiopiu.net\/wordpress\/?p=250427"},"modified":"2021-12-27T09:38:11","modified_gmt":"2021-12-27T08:38:11","slug":"dermatite-atopica-viaggi-e-covid","status":"publish","type":"post","link":"https:\/\/www.radiopiu.net\/wordpress\/dermatite-atopica-viaggi-e-covid\/","title":{"rendered":"Dermatite atopica &#8211; Viaggi e covid"},"content":{"rendered":"<p>La dermatite atopica, nota anche come eczema, \u00e8 una malattia cutanea che colpisce sia i bambini sia gli adulti. Non \u00e8 una patologia contagiosa, ma i sintomi sono molto spiacevoli, arrivando a condizionare considerevolmente la qualit\u00e0 della vita di chi ne soffre.<\/p>\n<p>Viaggi e covid<\/p>\n<p>Secondo lo studio Risk Outlook 2022 condotto da International SOS, pi\u00f9 della met\u00e0 delle organizzazioni intende aumentare i propri investimenti nella salute. Per molte organizzazioni il Covid rimarr\u00e0 una sfida operativa significativa.<\/p>\n<audio class=\"wp-audio-shortcode\" id=\"audio-250427-1\" preload=\"none\" style=\"width: 100%;\" controls=\"controls\"><source type=\"audio\/mpeg\" src=\"https:\/\/www.radiopiu.net\/wordpress\/wp-content\/uploads\/2021\/12\/SALUTE-4.mp3?_=1\" \/><a href=\"https:\/\/www.radiopiu.net\/wordpress\/wp-content\/uploads\/2021\/12\/SALUTE-4.mp3\">https:\/\/www.radiopiu.net\/wordpress\/wp-content\/uploads\/2021\/12\/SALUTE-4.mp3<\/a><\/audio>\n","protected":false},"excerpt":{"rendered":"<p>La dermatite atopica, nota anche come eczema, \u00e8 una malattia cutanea che colpisce sia i bambini sia gli adulti. Non \u00e8 una patologia contagiosa, ma i sintomi sono molto spiacevoli, arrivando a condizionare considerevolmente la qualit\u00e0 della vita di chi ne soffre. Viaggi e covid Secondo lo studio Risk Outlook 2022 condotto da International SOS,&hellip;<\/p>\n","protected":false},"author":2,"featured_media":250426,"comment_status":"closed","ping_status":"open","sticky":false,"template":"","format":"standard","meta":{"_monsterinsights_skip_tracking":false,"_monsterinsights_sitenote_active":false,"_monsterinsights_sitenote_note":"","_monsterinsights_sitenote_category":0,"footnotes":""},"categories":[116],"tags":[],"class_list":["post-250427","post","type-post","status-publish","format-standard","has-post-thumbnail","hentry","category-due-minuti","category-116","description-off"],"img_url":"https:\/\/www.radiopiu.net\/wordpress\/wp-content\/uploads\/2021\/12\/fe9bc03b-b0f8-4ba5-9c60-55aa27126300.jpg","_links":{"self":[{"href":"https:\/\/www.radiopiu.net\/wordpress\/wp-json\/wp\/v2\/posts\/250427","targetHints":{"allow":["GET"]}}],"collection":[{"href":"https:\/\/www.radiopiu.net\/wordpress\/wp-json\/wp\/v2\/posts"}],"about":[{"href":"https:\/\/www.radiopiu.net\/wordpress\/wp-json\/wp\/v2\/types\/post"}],"author":[{"embeddable":true,"href":"https:\/\/www.radiopiu.net\/wordpress\/wp-json\/wp\/v2\/users\/2"}],"replies":[{"embeddable":true,"href":"https:\/\/www.radiopiu.net\/wordpress\/wp-json\/wp\/v2\/comments?post=250427"}],"version-history":[{"count":0,"href":"https:\/\/www.radiopiu.net\/wordpress\/wp-json\/wp\/v2\/posts\/250427\/revisions"}],"wp:featuredmedia":[{"embeddable":true,"href":"https:\/\/www.radiopiu.net\/wordpress\/wp-json\/wp\/v2\/media\/250426"}],"wp:attachment":[{"href":"https:\/\/www.radiopiu.net\/wordpress\/wp-json\/wp\/v2\/media?parent=250427"}],"wp:term":[{"taxonomy":"category","embeddable":true,"href":"https:\/\/www.radiopiu.net\/wordpress\/wp-json\/wp\/v2\/categories?post=250427"},{"taxonomy":"post_tag","embeddable":true,"href":"https:\/\/www.radiopiu.net\/wordpress\/wp-json\/wp\/v2\/tags?post=250427"}],"curies":[{"name":"wp","href":"https:\/\/api.w.org\/{rel}","templated":true}]}}