{"id":250433,"date":"2021-12-27T09:55:55","date_gmt":"2021-12-27T08:55:55","guid":{"rendered":"https:\/\/www.radiopiu.net\/wordpress\/?p=250433"},"modified":"2021-12-27T09:56:37","modified_gmt":"2021-12-27T08:56:37","slug":"giu-le-mani-dalla-sanita-bellunese-la-campagna-social-prosegue","status":"publish","type":"post","link":"https:\/\/www.radiopiu.net\/wordpress\/giu-le-mani-dalla-sanita-bellunese-la-campagna-social-prosegue\/","title":{"rendered":"GIU&#8217; LE MANI DALLA SANITA&#8217; BELLUNESE, LA CAMPAGNA SOCIAL PROSEGUE"},"content":{"rendered":"<p><strong><a href=\"https:\/\/www.radiopiu.net\/wordpress\/giu-le-mani-dalla-sanita-bellunese-la-campagna-social-prosegue\/267165493_4666434533435493_2893451698125831133_n\/\" rel=\"attachment wp-att-250434\"><img loading=\"lazy\" decoding=\"async\" class=\" wp-image-250434 alignleft\" src=\"https:\/\/www.radiopiu.net\/wordpress\/wp-content\/uploads\/2021\/12\/267165493_4666434533435493_2893451698125831133_n-264x300.jpg\" alt=\"\" width=\"177\" height=\"201\" srcset=\"https:\/\/www.radiopiu.net\/wordpress\/wp-content\/uploads\/2021\/12\/267165493_4666434533435493_2893451698125831133_n-264x300.jpg 264w, https:\/\/www.radiopiu.net\/wordpress\/wp-content\/uploads\/2021\/12\/267165493_4666434533435493_2893451698125831133_n.jpg 526w\" sizes=\"auto, (max-width: 177px) 100vw, 177px\" \/><\/a>FELTRE<\/strong>\u00a0<strong>\u00a0&#8220;Gi\u00f9 le mani dalla sanit\u00e0 bellunese&#8221;<\/strong>, \u00e8 una campagna social organizzata dal comitato feltrino per il diritto alla salute, in collaborazione con un gruppo di Donne della montagna e con l&#8217;aiuto di alcune associazioni locali. Nel fine settimana precedente al Natale, in occasione della Giornata Internazionale della Copertura Sanitaria Universale, sono state scattate e pubblicate sui social un&#8217;ottantina di foto con il cartello \u201cGi\u00f9 le mani dalla sanit\u00e0 bellunese\u201d; inoltre un gruppo di Donne ha organizzato una passeggiata da Tai di Cadore fino a Valle di Cadore per dare un segno tangibile contro il depauperamento dei servizi socio-sanitari della montagna per accedere alla pagina facebook <span style=\"color: #0000ff;\"><strong><a style=\"color: #0000ff;\" href=\"https:\/\/www.facebook.com\/Gi%C3%B9-le-mani-dalla-Sanit%C3%A0-bellunese-104822948710196\">clicca qui<\/a><\/strong><\/span><\/p>\n<p><strong>IL COMMENTO DA FELTRE<\/strong><\/p>\n<p><em>&#8220;Non possiamo che essere soddisfatti per questi due giorni di attivazione &#8211; dice Marinella Piazza\u00a0 &#8211;\u00a0 in poco tempo si \u00e8 attivata e auto-organizzata un\u2019ampia rete di persone diffusa su tutta la Provincia. Questo \u00e8 gi\u00e0 un piccolo ma importante obiettivo raggiunto, certo la strada \u00e8 ancora lunga, lo sappiamo. Ma sappiamo anche che in gioco c\u2019\u00e8 il nostro fondamentale diritto alla salute e il futuro di questo meraviglioso territorio. A noi tutte e tutti il compito di difenderlo e di prenderci cura di questa rete, di farla crescere, di farla diventare sempre pi\u00f9 forte\u2026 e allora non tarderanno ad arrivare anche i risultati&#8221;.<\/em><\/p>\n<p><strong><a href=\"https:\/\/www.radiopiu.net\/wordpress\/giu-le-mani-dalla-sanita-bellunese-la-campagna-social-prosegue\/267023719_10224037185670386_3913789481699641446_n\/\" rel=\"attachment wp-att-250439\"><img loading=\"lazy\" decoding=\"async\" class=\" wp-image-250439 alignright\" src=\"https:\/\/www.radiopiu.net\/wordpress\/wp-content\/uploads\/2021\/12\/267023719_10224037185670386_3913789481699641446_n-291x300.jpg\" alt=\"\" width=\"208\" height=\"214\" srcset=\"https:\/\/www.radiopiu.net\/wordpress\/wp-content\/uploads\/2021\/12\/267023719_10224037185670386_3913789481699641446_n-291x300.jpg 291w, https:\/\/www.radiopiu.net\/wordpress\/wp-content\/uploads\/2021\/12\/267023719_10224037185670386_3913789481699641446_n.jpg 523w\" sizes=\"auto, (max-width: 208px) 100vw, 208px\" \/><\/a>L&#8217;INVITO<\/strong><\/p>\n<p>Il comitato feltrino per il diritto alla salute organizza un banco di sottoscrizioni per la petizione pubblica di sensibilizzazione &#8220;Gi\u00f9 le mani dalla sanit\u00e0 pubblica. No alla chiusura di Psichiatria a Feltre&#8221; il 29 dicembre dalle ore 8 alle ore 12 in Piazza ad Agordo e sta programmando per il prossimo anno una riunione per sviluppare la rete creata con i gruppi e le associazioni locali.<\/p>\n<p><strong>LA SITUAZIONE DESCRITTA DI\u00a0 MICHELA SOMACAL, REFERENTE COMITATO FELTRINO\u00a0<\/strong><\/p>\n<p>Le degenze nel reparto di Psichiatria dell&#8217;Ospedale di Feltre sono ancora sospese, permangono delle criticit\u00e0 per la collocazione delle Comunit\u00e0 Terapeutiche e del Centri Diurni, inoltre c&#8217;\u00e8 una carenza preoccupante di medici specializzati in diversi settori sanitari (medici di medicina generale, guardie mediche, pronto soccorso, pediatria, psichiatria &#8230;). Un primo segnale incoraggiante per i servizi dedicati alla Salute Mentale \u00e8 stata la riunione organizzata il 14 dicembre dalla Conferenza dei Sindaci della Provincia di Belluno, con la partecipazione della direzione dell aULSS 1 Dolomiti e delle associazioni che partecipano al Piano di Zona,<\/p>\n<p><strong><a href=\"https:\/\/www.radiopiu.net\/wordpress\/giu-le-mani-dalla-sanita-bellunese-la-campagna-social-prosegue\/267327449_112788711246953_6612965079726797409_n\/\" rel=\"attachment wp-att-250435\"><img loading=\"lazy\" decoding=\"async\" class=\" wp-image-250435 alignleft\" src=\"https:\/\/www.radiopiu.net\/wordpress\/wp-content\/uploads\/2021\/12\/267327449_112788711246953_6612965079726797409_n-225x300.jpg\" alt=\"\" width=\"172\" height=\"229\" srcset=\"https:\/\/www.radiopiu.net\/wordpress\/wp-content\/uploads\/2021\/12\/267327449_112788711246953_6612965079726797409_n-225x300.jpg 225w, https:\/\/www.radiopiu.net\/wordpress\/wp-content\/uploads\/2021\/12\/267327449_112788711246953_6612965079726797409_n.jpg 526w\" sizes=\"auto, (max-width: 172px) 100vw, 172px\" \/><\/a>DAL CADORE SEGNALI CHE RINCUORANO DI MARINELLA PIAZZA DI DONNE DELLA MONTAGNA<\/strong><\/p>\n<p>Anche dal Cadore dove la gestione sanitaria \u00e8 ridotta al lumicino arrivano segnali di incoraggiamento ad agire. Se non \u00e8 stato possibile mantenere il reparto psichiatrico a Pieve di Cadore per evidente fragilit\u00e0 della residenzialit\u00e0 (i numeri in una Societ\u00e0 basata solo sui profitti non danno scampo), non deve far arretrare le popolazioni della montagna di un passo. I disturbi del comportamento alimentare, l\u2019uso problematico dell\u2019alcool e le conseguenze negative psicosociali, le gravi espressioni di profondo malessere date dalla situazione pandemica che crea separazione, ansia, sconforto senza scordare, anzi mettendo in cima dei nostri pensieri le categorie fragili, deve indurci a non cedere. Chiediamo risorse adeguate per incentivare l\u2019arrivo di specialisti in psichiatria, psicologia e di psicoterapeuti affinch\u00e9 possano operare nelle terre della Montagna Bellunese, Patrimonio Unesco. Solo una Comunit\u00e0 formata da persone forti e sane di mente sapr\u00e0 affrontare gli enormi problemi che si stanno presentando all\u2019orizzonte e potr\u00e0 essere da sostegno e da stimolo anche per le altre\u2026.\u00a0 per non far diventare le nostre Comunit\u00e0 un Patrimonio immateriale.<\/p>\n<p>&nbsp;<\/p>\n","protected":false},"excerpt":{"rendered":"<p>FELTRE\u00a0\u00a0&#8220;Gi\u00f9 le mani dalla sanit\u00e0 bellunese&#8221;, \u00e8 una campagna social organizzata dal comitato feltrino per il diritto alla salute, in collaborazione con un gruppo di Donne della montagna e con l&#8217;aiuto di alcune associazioni locali. Nel fine settimana precedente al Natale, in occasione della Giornata Internazionale della Copertura Sanitaria Universale, sono state scattate e pubblicate&hellip;<\/p>\n","protected":false},"author":4,"featured_media":250440,"comment_status":"closed","ping_status":"open","sticky":false,"template":"","format":"standard","meta":{"_monsterinsights_skip_tracking":false,"_monsterinsights_sitenote_active":false,"_monsterinsights_sitenote_note":"","_monsterinsights_sitenote_category":0,"footnotes":""},"categories":[51,49],"tags":[],"class_list":["post-250433","post","type-post","status-publish","format-standard","has-post-thumbnail","hentry","category-evidenza-top","category-news-18","category-51","category-49","description-off"],"img_url":"https:\/\/www.radiopiu.net\/wordpress\/wp-content\/uploads\/2021\/12\/261728924_104823625376795_6782180610759135197_n.png","_links":{"self":[{"href":"https:\/\/www.radiopiu.net\/wordpress\/wp-json\/wp\/v2\/posts\/250433","targetHints":{"allow":["GET"]}}],"collection":[{"href":"https:\/\/www.radiopiu.net\/wordpress\/wp-json\/wp\/v2\/posts"}],"about":[{"href":"https:\/\/www.radiopiu.net\/wordpress\/wp-json\/wp\/v2\/types\/post"}],"author":[{"embeddable":true,"href":"https:\/\/www.radiopiu.net\/wordpress\/wp-json\/wp\/v2\/users\/4"}],"replies":[{"embeddable":true,"href":"https:\/\/www.radiopiu.net\/wordpress\/wp-json\/wp\/v2\/comments?post=250433"}],"version-history":[{"count":0,"href":"https:\/\/www.radiopiu.net\/wordpress\/wp-json\/wp\/v2\/posts\/250433\/revisions"}],"wp:featuredmedia":[{"embeddable":true,"href":"https:\/\/www.radiopiu.net\/wordpress\/wp-json\/wp\/v2\/media\/250440"}],"wp:attachment":[{"href":"https:\/\/www.radiopiu.net\/wordpress\/wp-json\/wp\/v2\/media?parent=250433"}],"wp:term":[{"taxonomy":"category","embeddable":true,"href":"https:\/\/www.radiopiu.net\/wordpress\/wp-json\/wp\/v2\/categories?post=250433"},{"taxonomy":"post_tag","embeddable":true,"href":"https:\/\/www.radiopiu.net\/wordpress\/wp-json\/wp\/v2\/tags?post=250433"}],"curies":[{"name":"wp","href":"https:\/\/api.w.org\/{rel}","templated":true}]}}