{"id":250448,"date":"2021-12-27T12:25:25","date_gmt":"2021-12-27T11:25:25","guid":{"rendered":"https:\/\/www.radiopiu.net\/wordpress\/?p=250448"},"modified":"2021-12-27T14:59:17","modified_gmt":"2021-12-27T13:59:17","slug":"zaiaconfstampaa","status":"publish","type":"post","link":"https:\/\/www.radiopiu.net\/wordpress\/zaiaconfstampaa\/","title":{"rendered":"L&#8217;APPELLO DI ZAIA AI FARMACISTI: &#8220;TENETE APERTO LA DOMENICA E FATE TAMPONI&#8221;"},"content":{"rendered":"<p><strong>VENEZIA<\/strong>\u00a0Il punto stampa da Marghera, con il Presidente della Regione Veneto Luca Zaia.<\/p>\n<p>&nbsp;<\/p>\n<p><strong>IL BOLLETTINO<\/strong> POSITIVI NELLE 24 ORE\u00a0 2816\u00a0 TAMPONI IN 24 ORE 33648\u00a0 \u00a0INCIDENZA 8,37 % POSITIVI TOTALI 610250\u00a0 \u00a0POSITIVI ATTUALI\u00a0 71761\u00a0 RICOVERATI 1398\u00a0 (+48) IN AREA NON CRITICA\u00a0 1213 (+35) TERAPIA INTENSIA 185\u00a0 (+13 ) TERAPIE NON COVID\u00a0 279 DECESSI\u00a0 12306 (+24)<\/p>\n<blockquote>\n<h3>LEGGI LA CONFERENZA STAMPA<\/h3>\n<\/blockquote>\n<p>Ospite la dottoressa Antonia Ricci, il virologo Francesco Bonfanti che presenter\u00e0 uno studio in anteprima che sar\u00e0 pubblicato sulla variante omicron e gli anticorpi neutralizzanti e sulla funzionalit\u00e0 dei vaccini negli adulti e bambini. <strong>ZAIA<\/strong> Siamo stati i pi\u00f9 bravi il 24-25 dicembre nella vaccinazione, il grazie a tutti gli operatori dai sanitari ai volontari che lavorano in questo tragico momento. Capisco chi si lamenta delle code ma questa \u00e8 la capacit\u00e0 che abbiamo e non abbiamo personale in pi\u00f9, ma siamo sempre i primi in Italia per numero di tamponi. Nei prossimi giorni saranno raggiunti i nove milioni di vaccini inoculati. Un milione e 529mila dosi booster, l&#8217;obiettivo era un milione e mezzo entro il 31 dicembre, quindi raggiunto con sei giorni di anticipo.\u00a0 <strong>PARAMETRI OSPEDALIERI ANCORA DA ZONA GIALLA\u00a0<\/strong> occupazione terapia intensiva 17% (limite di passaggio alla zona arancione 20%) area medica 18% (limite di passaggio alla zona arancione 30%).\u00a0 L&#8217;incide Rt 1,13: parametro per la zona arancione sforato da tempo. Il passaggio potrebbe avvenire verso il 10 di gennaio, dopo il Natale e il Capodanno. Poi capiremo se \u00e8 stato raggiunto l&#8217;apice o se continuer\u00e0 a crescere verso la zona arancione. Il giro di boa sar\u00e0 intorno al 10 gennaio, ma siamo fiduciosi, perch\u00e9 se penso a quale tragedia vivremmo senza vaccini, credo che sarebbe immane. <strong>NUMERI E VACCINI\u00a0<\/strong> A Padova sono morte 5 persone,\u00a0 4 non vaccinati.\u00a0 Se non avessimo oggi i vaccinati saremmo chiusi e con mortalit\u00e0 importanti, l&#8217;infezione che abbiamo oggi \u00e8 peggiore di quella del dicembre dell&#8217;anno scorso, ma nonostante questo abbiamo un terzo della mortalit\u00e0.\u00a0 <strong>QUARANTENE PER I VACCINATI<\/strong> Su base scientifica del Cts credo che il periodo di quarantena per il vaccinato debba essere rivisto <strong>VACCINI AI BAMBINI<\/strong> Con i prenotati i bambini vaccinati o da vaccinare sono il 17%. <strong>GIOVEDI LA DOTTORESSA DADALT<\/strong> punto di riferimento della clinica pediatrica di Padova, che parler\u00e0 del Covid sui bambini e delle vaccinazioni, dando consigli, nulla pi\u00f9. <strong>SCUOLA<\/strong>l&#8217;anno scorso ci siamo salvati con 15 giorni di Dad, vedremo a gennaio cosa fare. A fine anno verificheremo il grado di infezione e poi decideremo, ma eventuale Dad solo dalla seconda media.<\/p>\n<blockquote><p><strong>L&#8217;APPELLO ALLE FARMACIE:<\/strong> tenete aperto la domenica, solo all&#8217;area tamponi, per fare in modo che i cittadini si testino, ad esempio, prima di un pranzo o di incontrare qualcuno. Cos\u00ec facendo ci darebbero una gran mano ad evitare i contagi.\u00a0 Male che vada c&#8217;e&#8217; il\u00a0 tampone fai da te, meglio del nulla.<\/p><\/blockquote>\n<p>&nbsp;<\/p>\n<p><a href=\"https:\/\/www.facebook.com\/zaiaufficiale\/videos\/278773224313819\">https:\/\/www.facebook.com\/zaiaufficiale\/videos\/278773224313819<\/a><\/p>\n<p>&nbsp;<\/p>\n","protected":false},"excerpt":{"rendered":"<p>VENEZIA\u00a0Il punto stampa da Marghera, con il Presidente della Regione Veneto Luca Zaia. &nbsp; IL BOLLETTINO POSITIVI NELLE 24 ORE\u00a0 2816\u00a0 TAMPONI IN 24 ORE 33648\u00a0 \u00a0INCIDENZA 8,37 % POSITIVI TOTALI 610250\u00a0 \u00a0POSITIVI ATTUALI\u00a0 71761\u00a0 RICOVERATI 1398\u00a0 (+48) IN AREA NON CRITICA\u00a0 1213 (+35) TERAPIA INTENSIA 185\u00a0 (+13 ) TERAPIE NON COVID\u00a0 279 DECESSI\u00a0 12306&hellip;<\/p>\n","protected":false},"author":4,"featured_media":175390,"comment_status":"closed","ping_status":"open","sticky":false,"template":"","format":"standard","meta":{"_monsterinsights_skip_tracking":false,"_monsterinsights_sitenote_active":false,"_monsterinsights_sitenote_note":"","_monsterinsights_sitenote_category":0,"footnotes":""},"categories":[51,49],"tags":[],"class_list":["post-250448","post","type-post","status-publish","format-standard","has-post-thumbnail","hentry","category-evidenza-top","category-news-18","category-51","category-49","description-off"],"img_url":"https:\/\/www.radiopiu.net\/wordpress\/wp-content\/uploads\/2020\/11\/ZAIA-2.jpg","_links":{"self":[{"href":"https:\/\/www.radiopiu.net\/wordpress\/wp-json\/wp\/v2\/posts\/250448","targetHints":{"allow":["GET"]}}],"collection":[{"href":"https:\/\/www.radiopiu.net\/wordpress\/wp-json\/wp\/v2\/posts"}],"about":[{"href":"https:\/\/www.radiopiu.net\/wordpress\/wp-json\/wp\/v2\/types\/post"}],"author":[{"embeddable":true,"href":"https:\/\/www.radiopiu.net\/wordpress\/wp-json\/wp\/v2\/users\/4"}],"replies":[{"embeddable":true,"href":"https:\/\/www.radiopiu.net\/wordpress\/wp-json\/wp\/v2\/comments?post=250448"}],"version-history":[{"count":0,"href":"https:\/\/www.radiopiu.net\/wordpress\/wp-json\/wp\/v2\/posts\/250448\/revisions"}],"wp:featuredmedia":[{"embeddable":true,"href":"https:\/\/www.radiopiu.net\/wordpress\/wp-json\/wp\/v2\/media\/175390"}],"wp:attachment":[{"href":"https:\/\/www.radiopiu.net\/wordpress\/wp-json\/wp\/v2\/media?parent=250448"}],"wp:term":[{"taxonomy":"category","embeddable":true,"href":"https:\/\/www.radiopiu.net\/wordpress\/wp-json\/wp\/v2\/categories?post=250448"},{"taxonomy":"post_tag","embeddable":true,"href":"https:\/\/www.radiopiu.net\/wordpress\/wp-json\/wp\/v2\/tags?post=250448"}],"curies":[{"name":"wp","href":"https:\/\/api.w.org\/{rel}","templated":true}]}}