{"id":250481,"date":"2021-12-27T13:06:01","date_gmt":"2021-12-27T12:06:01","guid":{"rendered":"https:\/\/www.radiopiu.net\/wordpress\/?p=250481"},"modified":"2021-12-27T13:06:29","modified_gmt":"2021-12-27T12:06:29","slug":"lo-ski-bus-che-non-ce-scende-in-pista-la-provincia","status":"publish","type":"post","link":"https:\/\/www.radiopiu.net\/wordpress\/lo-ski-bus-che-non-ce-scende-in-pista-la-provincia\/","title":{"rendered":"LO SKI BUS CHE NON C&#8217;E&#8217;, SCENDE IN PISTA LA PROVINCIA"},"content":{"rendered":"<p><strong><img loading=\"lazy\" decoding=\"async\" class=\"alignleft\" src=\"https:\/\/www.radiopiu.net\/wordpress\/wp-content\/uploads\/2018\/03\/DOLOMITIBUS.jpg\" width=\"192\" height=\"102\" \/>BELLUNO<\/strong> Nessuno slalom ma una picchiata diritta sul problema, del Presidente della Provincia Roberto Padrin alla luce delle continue critiche per la mancanza dello Ski Bus. <em>\u00abLa Provincia \u00e8 venuta a conoscenza del problema dello skibus solo pochi giorni prima di Natale &#8211; precisa il Presidente &#8211;\u00a0 e si \u00e8 attivata immediatamente, consapevole dell\u2019importanza del servizio per il settore del turismo, gi\u00e0 pesantemente colpito dal Covid e dal lockdown. Nei prossimi giorni Dolomitibus dovrebbe far arrivare il piano di esercizio. Non appena arriver\u00e0, verr\u00e0 approvato e lo skibus potr\u00e0 partire\u00bb.<\/em><\/p>\n","protected":false},"excerpt":{"rendered":"<p>BELLUNO Nessuno slalom ma una picchiata diritta sul problema, del Presidente della Provincia Roberto Padrin alla luce delle continue critiche per la mancanza dello Ski Bus. \u00abLa Provincia \u00e8 venuta a conoscenza del problema dello skibus solo pochi giorni prima di Natale &#8211; precisa il Presidente &#8211;\u00a0 e si \u00e8 attivata immediatamente, consapevole dell\u2019importanza del&hellip;<\/p>\n","protected":false},"author":4,"featured_media":44427,"comment_status":"closed","ping_status":"open","sticky":false,"template":"","format":"standard","meta":{"_monsterinsights_skip_tracking":false,"_monsterinsights_sitenote_active":false,"_monsterinsights_sitenote_note":"","_monsterinsights_sitenote_category":0,"footnotes":""},"categories":[51,49],"tags":[],"class_list":["post-250481","post","type-post","status-publish","format-standard","has-post-thumbnail","hentry","category-evidenza-top","category-news-18","category-51","category-49","description-off"],"img_url":"https:\/\/www.radiopiu.net\/wordpress\/wp-content\/uploads\/2018\/03\/DOLOMITIBUS.jpg","_links":{"self":[{"href":"https:\/\/www.radiopiu.net\/wordpress\/wp-json\/wp\/v2\/posts\/250481","targetHints":{"allow":["GET"]}}],"collection":[{"href":"https:\/\/www.radiopiu.net\/wordpress\/wp-json\/wp\/v2\/posts"}],"about":[{"href":"https:\/\/www.radiopiu.net\/wordpress\/wp-json\/wp\/v2\/types\/post"}],"author":[{"embeddable":true,"href":"https:\/\/www.radiopiu.net\/wordpress\/wp-json\/wp\/v2\/users\/4"}],"replies":[{"embeddable":true,"href":"https:\/\/www.radiopiu.net\/wordpress\/wp-json\/wp\/v2\/comments?post=250481"}],"version-history":[{"count":0,"href":"https:\/\/www.radiopiu.net\/wordpress\/wp-json\/wp\/v2\/posts\/250481\/revisions"}],"wp:featuredmedia":[{"embeddable":true,"href":"https:\/\/www.radiopiu.net\/wordpress\/wp-json\/wp\/v2\/media\/44427"}],"wp:attachment":[{"href":"https:\/\/www.radiopiu.net\/wordpress\/wp-json\/wp\/v2\/media?parent=250481"}],"wp:term":[{"taxonomy":"category","embeddable":true,"href":"https:\/\/www.radiopiu.net\/wordpress\/wp-json\/wp\/v2\/categories?post=250481"},{"taxonomy":"post_tag","embeddable":true,"href":"https:\/\/www.radiopiu.net\/wordpress\/wp-json\/wp\/v2\/tags?post=250481"}],"curies":[{"name":"wp","href":"https:\/\/api.w.org\/{rel}","templated":true}]}}