{"id":250488,"date":"2021-12-27T13:21:31","date_gmt":"2021-12-27T12:21:31","guid":{"rendered":"https:\/\/www.radiopiu.net\/wordpress\/?p=250488"},"modified":"2021-12-27T15:13:25","modified_gmt":"2021-12-27T14:13:25","slug":"multato-nel-locale-imbocca-la","status":"publish","type":"post","link":"https:\/\/www.radiopiu.net\/wordpress\/multato-nel-locale-imbocca-la\/","title":{"rendered":"MULTATO NEL LOCALE IMBOCCA LA CICLABILE E SALUTA LA PATENTE"},"content":{"rendered":"<p><strong>CORTINA<\/strong> Sette contravvenzioni in catena l&#8217;altra sera in albergo. A firmare i verbali i Carabinieri della stazione di Cortina\u00a0 che nel corso di un controllo hanno pizzicato sei clienti e il gestore mentre non osservavano le norme anticovid. Due delle persone sanzionate hanno poi pensato di concludere la serata a bordo di una Wolswagen imboccanto la pista ciclabile dove il divieto di accesso \u00e8 ben evidenziato. All&#8217;accertamento con l&#8217;etilometro il conducente, di nazionalit\u00e0 americana, turista sotto alla Tofana, \u00e8 stato riscontrato positivo (1,28 grammi litro, oltre il doppio della soglia 0,50). Patente di guida ritirata oltre alla denuncia per guida in stato di ebbrezza.<\/p>\n","protected":false},"excerpt":{"rendered":"<p>CORTINA Sette contravvenzioni in catena l&#8217;altra sera in albergo. A firmare i verbali i Carabinieri della stazione di Cortina\u00a0 che nel corso di un controllo hanno pizzicato sei clienti e il gestore mentre non osservavano le norme anticovid. Due delle persone sanzionate hanno poi pensato di concludere la serata a bordo di una Wolswagen imboccanto&hellip;<\/p>\n","protected":false},"author":4,"featured_media":248527,"comment_status":"closed","ping_status":"open","sticky":false,"template":"","format":"standard","meta":{"_monsterinsights_skip_tracking":false,"_monsterinsights_sitenote_active":false,"_monsterinsights_sitenote_note":"","_monsterinsights_sitenote_category":0,"footnotes":""},"categories":[51,49],"tags":[],"class_list":["post-250488","post","type-post","status-publish","format-standard","has-post-thumbnail","hentry","category-evidenza-top","category-news-18","category-51","category-49","description-off"],"img_url":"https:\/\/www.radiopiu.net\/wordpress\/wp-content\/uploads\/2021\/12\/cortina-freccia-nel-cielo-inaugurazione-gratis.jpeg-1024x768-c.jpg","_links":{"self":[{"href":"https:\/\/www.radiopiu.net\/wordpress\/wp-json\/wp\/v2\/posts\/250488","targetHints":{"allow":["GET"]}}],"collection":[{"href":"https:\/\/www.radiopiu.net\/wordpress\/wp-json\/wp\/v2\/posts"}],"about":[{"href":"https:\/\/www.radiopiu.net\/wordpress\/wp-json\/wp\/v2\/types\/post"}],"author":[{"embeddable":true,"href":"https:\/\/www.radiopiu.net\/wordpress\/wp-json\/wp\/v2\/users\/4"}],"replies":[{"embeddable":true,"href":"https:\/\/www.radiopiu.net\/wordpress\/wp-json\/wp\/v2\/comments?post=250488"}],"version-history":[{"count":0,"href":"https:\/\/www.radiopiu.net\/wordpress\/wp-json\/wp\/v2\/posts\/250488\/revisions"}],"wp:featuredmedia":[{"embeddable":true,"href":"https:\/\/www.radiopiu.net\/wordpress\/wp-json\/wp\/v2\/media\/248527"}],"wp:attachment":[{"href":"https:\/\/www.radiopiu.net\/wordpress\/wp-json\/wp\/v2\/media?parent=250488"}],"wp:term":[{"taxonomy":"category","embeddable":true,"href":"https:\/\/www.radiopiu.net\/wordpress\/wp-json\/wp\/v2\/categories?post=250488"},{"taxonomy":"post_tag","embeddable":true,"href":"https:\/\/www.radiopiu.net\/wordpress\/wp-json\/wp\/v2\/tags?post=250488"}],"curies":[{"name":"wp","href":"https:\/\/api.w.org\/{rel}","templated":true}]}}