{"id":250594,"date":"2021-12-28T05:26:06","date_gmt":"2021-12-28T04:26:06","guid":{"rendered":"https:\/\/www.radiopiu.net\/wordpress\/?p=250594"},"modified":"2021-12-28T05:26:06","modified_gmt":"2021-12-28T04:26:06","slug":"infarto-in-rifugio-salvato-con-il-defibrillatore","status":"publish","type":"post","link":"https:\/\/www.radiopiu.net\/wordpress\/infarto-in-rifugio-salvato-con-il-defibrillatore\/","title":{"rendered":"INFARTO IN RIFUGIO, SALVATO CON IL DEFIBRILLATORE"},"content":{"rendered":"<p>&nbsp;<\/p>\n<blockquote>\n<div id=\"attachment_50243\" style=\"width: 129px\" class=\"wp-caption alignleft\"><a href=\"https:\/\/www.radiopiu.net\/wordpress\/donati-due-totem-con-defibrillatori\/defibrillatore-2-2\/\" rel=\"attachment wp-att-50243\"><img loading=\"lazy\" decoding=\"async\" aria-describedby=\"caption-attachment-50243\" class=\" wp-image-50243\" src=\"https:\/\/www.radiopiu.net\/wordpress\/wp-content\/uploads\/2018\/06\/Defibrillatore-2-200x300.jpg\" alt=\"\" width=\"119\" height=\"179\" srcset=\"https:\/\/www.radiopiu.net\/wordpress\/wp-content\/uploads\/2018\/06\/Defibrillatore-2-200x300.jpg 200w, https:\/\/www.radiopiu.net\/wordpress\/wp-content\/uploads\/2018\/06\/Defibrillatore-2-768x1152.jpg 768w, https:\/\/www.radiopiu.net\/wordpress\/wp-content\/uploads\/2018\/06\/Defibrillatore-2-683x1024.jpg 683w\" sizes=\"auto, (max-width: 119px) 100vw, 119px\" \/><\/a><p id=\"caption-attachment-50243\" class=\"wp-caption-text\">\u00a0<\/p><\/div>\n<h3><\/h3>\n<\/blockquote>\n<div id=\"articleContent\" class=\"mercuryWrapper\">\n<div class=\"mercuryScroller\">\n<div class=\"mercuryElement\">\n<div class=\"mercuryBox\">\n<div id=\"articlePlain\">\n<div class=\"addthis_sharing_toolbox\" data-url=\"https:\/\/sfoglio.corrierealpi.gelocal.it\/share_article.php?article_id=9672985\" data-title=\"Colto da infarto sul Nevegalsciatore defibrillato in rifugio\"><strong>BELLUNO<\/strong> Un uomo di 53 anni di Belluno \u00e8 stato salvato ieri mattina alle 10.30 al rifugio La Grava dove, per la fortuna dell&#8217;uomo, c&#8217;era un\u00a0cardiologo svizzero cliente del locale. L&#8217;uomo stava passeggiando con la figlia ventenne quando \u00e8 sopraggiunto il malore e la squadra del Soccorso Dolomiti guidata da Antonio Menegon ha portato il defibrillatore. Poi \u00e8 arrivata l&#8217;equipe del Suem, che \u00e8 stata catapultata nella struttura con Falco.\u00a0 Il cardiologo\u00a0 ha fatto il suo dovere. Infine l&#8217;uomo \u00e8 stato portato all&#8217;ospedale San Martino per ulteriori controlli.<\/div>\n<\/div>\n<\/div>\n<\/div>\n<\/div>\n<\/div>\n<p>&nbsp;<\/p>\n","protected":false},"excerpt":{"rendered":"<p>&nbsp; BELLUNO Un uomo di 53 anni di Belluno \u00e8 stato salvato ieri mattina alle 10.30 al rifugio La Grava dove, per la fortuna dell&#8217;uomo, c&#8217;era un\u00a0cardiologo svizzero cliente del locale. L&#8217;uomo stava passeggiando con la figlia ventenne quando \u00e8 sopraggiunto il malore e la squadra del Soccorso Dolomiti guidata da Antonio Menegon ha portato&hellip;<\/p>\n","protected":false},"author":4,"featured_media":50242,"comment_status":"closed","ping_status":"open","sticky":false,"template":"","format":"standard","meta":{"_monsterinsights_skip_tracking":false,"_monsterinsights_sitenote_active":false,"_monsterinsights_sitenote_note":"","_monsterinsights_sitenote_category":0,"footnotes":""},"categories":[51,49],"tags":[],"class_list":["post-250594","post","type-post","status-publish","format-standard","has-post-thumbnail","hentry","category-evidenza-top","category-news-18","category-51","category-49","description-off"],"img_url":"https:\/\/www.radiopiu.net\/wordpress\/wp-content\/uploads\/2018\/06\/Defibrillatore-1.jpg","_links":{"self":[{"href":"https:\/\/www.radiopiu.net\/wordpress\/wp-json\/wp\/v2\/posts\/250594","targetHints":{"allow":["GET"]}}],"collection":[{"href":"https:\/\/www.radiopiu.net\/wordpress\/wp-json\/wp\/v2\/posts"}],"about":[{"href":"https:\/\/www.radiopiu.net\/wordpress\/wp-json\/wp\/v2\/types\/post"}],"author":[{"embeddable":true,"href":"https:\/\/www.radiopiu.net\/wordpress\/wp-json\/wp\/v2\/users\/4"}],"replies":[{"embeddable":true,"href":"https:\/\/www.radiopiu.net\/wordpress\/wp-json\/wp\/v2\/comments?post=250594"}],"version-history":[{"count":0,"href":"https:\/\/www.radiopiu.net\/wordpress\/wp-json\/wp\/v2\/posts\/250594\/revisions"}],"wp:featuredmedia":[{"embeddable":true,"href":"https:\/\/www.radiopiu.net\/wordpress\/wp-json\/wp\/v2\/media\/50242"}],"wp:attachment":[{"href":"https:\/\/www.radiopiu.net\/wordpress\/wp-json\/wp\/v2\/media?parent=250594"}],"wp:term":[{"taxonomy":"category","embeddable":true,"href":"https:\/\/www.radiopiu.net\/wordpress\/wp-json\/wp\/v2\/categories?post=250594"},{"taxonomy":"post_tag","embeddable":true,"href":"https:\/\/www.radiopiu.net\/wordpress\/wp-json\/wp\/v2\/tags?post=250594"}],"curies":[{"name":"wp","href":"https:\/\/api.w.org\/{rel}","templated":true}]}}