{"id":250658,"date":"2021-12-28T09:43:24","date_gmt":"2021-12-28T08:43:24","guid":{"rendered":"https:\/\/www.radiopiu.net\/wordpress\/?p=250658"},"modified":"2021-12-28T09:43:26","modified_gmt":"2021-12-28T08:43:26","slug":"incertezza-e-preoccupazione-uncem-per-le-disdette-dei-turisti-in-montagna","status":"publish","type":"post","link":"https:\/\/www.radiopiu.net\/wordpress\/incertezza-e-preoccupazione-uncem-per-le-disdette-dei-turisti-in-montagna\/","title":{"rendered":"INCERTEZZA E PREOCCUPAZIONE UNCEM PER LE DISDETTE DEI TURISTI IN MONTAGNA."},"content":{"rendered":"<blockquote>\n<h3>\u00a0IMPEGNO NECESSARIO DI GOVERNO E PARLAMENTO<\/h3>\n<\/blockquote>\n<div><strong><a href=\"https:\/\/www.radiopiu.net\/wordpress\/incertezza-e-preoccupazione-uncem-per-le-disdette-dei-turisti-in-montagna\/argentera_ferrere-12\/\" rel=\"attachment wp-att-250659\"><img loading=\"lazy\" decoding=\"async\" class=\" wp-image-250659 alignleft\" src=\"https:\/\/www.radiopiu.net\/wordpress\/wp-content\/uploads\/2021\/12\/argentera_ferrere-300x114.jpg\" alt=\"\" width=\"255\" height=\"97\" srcset=\"https:\/\/www.radiopiu.net\/wordpress\/wp-content\/uploads\/2021\/12\/argentera_ferrere-300x114.jpg 300w, https:\/\/www.radiopiu.net\/wordpress\/wp-content\/uploads\/2021\/12\/argentera_ferrere-768x293.jpg 768w, https:\/\/www.radiopiu.net\/wordpress\/wp-content\/uploads\/2021\/12\/argentera_ferrere.jpg 865w\" sizes=\"auto, (max-width: 255px) 100vw, 255px\" \/><\/a>ROMA<\/strong>\u00a0 La stima \u00e8 del 60 per cento di disdette di prenotazioni che erano state fatte nei territori montani alpini e appenninici fino all&#8217;Epifania.Tra gli operatori turistici, albergatori e ristoratori in particolare, oggi regna l&#8217;incertezza. Tanta. E fioccano le telefonate di disdetta. Che quest&#8217;anno sono pi\u00f9 dannose dello scorso anno. <em>&#8220;Siamo preoccupati &#8211; dice Marco Bussone, Presidente nazionale Uncem, Unione dei Comuni montani. &#8211; Nel dicembre 2020 gli albergatori e i ristoratori sapevano che sarebbero rimasti con numeri ridotti. Quest&#8217;anno no e quanto previsto, anche come magazzino di prodotti, a novembre 2021, oggi \u00e8 impossibile da ammortizzare. Va detto che il dato dei contagi covid, molto diversi dallo scorso anno, \u00e8 quello che ci d\u00e0 pi\u00f9 sollievo&#8221;.<\/em>\u00a0 Per Bussone\u00a0 devono agire Governo e Parlamento, con le Regioni. Nessuno pu\u00f2 escludere che serviranno dei ristori. Oppure l&#8217;attivazione di specifici fondi di rotazione per le imprese turistiche. Lo si capir\u00e0 nelle prossime settimane. L&#8217;incertezza per ora domina tra tutti, compresi ovviamente i Sindaci inermi di fronte a questa quarta ondata. Comunque\u00a0 la montagna, gli spazi aperti e anche lo sci, le attivit\u00e0 su pista, su neve e su ghiaccio, con mascherina e altre protezioni imposte dalle normative, sono meno contagiose rispetto ad altre situazioni dove si concentrano molte persone.<\/div>\n","protected":false},"excerpt":{"rendered":"<p>\u00a0IMPEGNO NECESSARIO DI GOVERNO E PARLAMENTO ROMA\u00a0 La stima \u00e8 del 60 per cento di disdette di prenotazioni che erano state fatte nei territori montani alpini e appenninici fino all&#8217;Epifania.Tra gli operatori turistici, albergatori e ristoratori in particolare, oggi regna l&#8217;incertezza. Tanta. E fioccano le telefonate di disdetta. Che quest&#8217;anno sono pi\u00f9 dannose dello scorso&hellip;<\/p>\n","protected":false},"author":4,"featured_media":250659,"comment_status":"closed","ping_status":"open","sticky":false,"template":"","format":"standard","meta":{"_monsterinsights_skip_tracking":false,"_monsterinsights_sitenote_active":false,"_monsterinsights_sitenote_note":"","_monsterinsights_sitenote_category":0,"footnotes":""},"categories":[51,49],"tags":[],"class_list":["post-250658","post","type-post","status-publish","format-standard","has-post-thumbnail","hentry","category-evidenza-top","category-news-18","category-51","category-49","description-off"],"img_url":"https:\/\/www.radiopiu.net\/wordpress\/wp-content\/uploads\/2021\/12\/argentera_ferrere.jpg","_links":{"self":[{"href":"https:\/\/www.radiopiu.net\/wordpress\/wp-json\/wp\/v2\/posts\/250658","targetHints":{"allow":["GET"]}}],"collection":[{"href":"https:\/\/www.radiopiu.net\/wordpress\/wp-json\/wp\/v2\/posts"}],"about":[{"href":"https:\/\/www.radiopiu.net\/wordpress\/wp-json\/wp\/v2\/types\/post"}],"author":[{"embeddable":true,"href":"https:\/\/www.radiopiu.net\/wordpress\/wp-json\/wp\/v2\/users\/4"}],"replies":[{"embeddable":true,"href":"https:\/\/www.radiopiu.net\/wordpress\/wp-json\/wp\/v2\/comments?post=250658"}],"version-history":[{"count":0,"href":"https:\/\/www.radiopiu.net\/wordpress\/wp-json\/wp\/v2\/posts\/250658\/revisions"}],"wp:featuredmedia":[{"embeddable":true,"href":"https:\/\/www.radiopiu.net\/wordpress\/wp-json\/wp\/v2\/media\/250659"}],"wp:attachment":[{"href":"https:\/\/www.radiopiu.net\/wordpress\/wp-json\/wp\/v2\/media?parent=250658"}],"wp:term":[{"taxonomy":"category","embeddable":true,"href":"https:\/\/www.radiopiu.net\/wordpress\/wp-json\/wp\/v2\/categories?post=250658"},{"taxonomy":"post_tag","embeddable":true,"href":"https:\/\/www.radiopiu.net\/wordpress\/wp-json\/wp\/v2\/tags?post=250658"}],"curies":[{"name":"wp","href":"https:\/\/api.w.org\/{rel}","templated":true}]}}