{"id":250683,"date":"2021-12-28T10:40:26","date_gmt":"2021-12-28T09:40:26","guid":{"rendered":"https:\/\/www.radiopiu.net\/wordpress\/?p=250683"},"modified":"2021-12-28T10:40:28","modified_gmt":"2021-12-28T09:40:28","slug":"la-nuova-pensilina-in-pra-del-moro","status":"publish","type":"post","link":"https:\/\/www.radiopiu.net\/wordpress\/la-nuova-pensilina-in-pra-del-moro\/","title":{"rendered":"LA NUOVA PENSILINA IN PRA&#8217; DEL MORO"},"content":{"rendered":"<blockquote>\n<h3><\/h3>\n<\/blockquote>\n<p><strong><a href=\"https:\/\/www.radiopiu.net\/wordpress\/?attachment_id=250682\" rel=\"attachment wp-att-250682\"><img loading=\"lazy\" decoding=\"async\" class=\" wp-image-250682 alignleft\" src=\"https:\/\/www.radiopiu.net\/wordpress\/wp-content\/uploads\/2021\/12\/Bike-sharing-Pra-del-Moro-300x245.jpg\" alt=\"\" width=\"209\" height=\"171\" srcset=\"https:\/\/www.radiopiu.net\/wordpress\/wp-content\/uploads\/2021\/12\/Bike-sharing-Pra-del-Moro-300x245.jpg 300w, https:\/\/www.radiopiu.net\/wordpress\/wp-content\/uploads\/2021\/12\/Bike-sharing-Pra-del-Moro-1024x837.jpg 1024w, https:\/\/www.radiopiu.net\/wordpress\/wp-content\/uploads\/2021\/12\/Bike-sharing-Pra-del-Moro-768x628.jpg 768w, https:\/\/www.radiopiu.net\/wordpress\/wp-content\/uploads\/2021\/12\/Bike-sharing-Pra-del-Moro.jpg 1072w\" sizes=\"auto, (max-width: 209px) 100vw, 209px\" \/><\/a>FELTRE <\/strong>Una nuova pensilina sar\u00e0 realizzata a copertura dell\u2019area di bike-sharing attiva presso l\u2019area di Pr\u00e0 del Moro. Il progetto sar\u00e0 finanziato con le risorse rinvenienti dal Bando del Ministero dell&#8217;Ambiente nell\u2019ambito della pi\u00f9 ampia iniziativa dal titolo &#8220;Verso una mobilit\u00e0 sostenibile in DOLOMITI UNESCO&#8221; condivisa, oltre che dalla Amministrazione provinciale di Belluno, in veste di capofila, dai Comuni di Belluno e Sedico, dall\u2019Ulss\u00a0 1 \u201cDolomiti\u201d, da Dolomiti Bus e, appunto, dal Comune di Feltre. Il quadro economico di progetto stima un importo complessivo pari a 45 mila euro, di cui 28 mila circa per i lavori e la parte rimanente per imposte ed oneri accessori.\u00a0 L\u2019intervento \u00e8 particolarmente significativo anche tenuto conto del fatto che nell&#8217;area di Pr\u00e0 del Moro &#8211; come noto &#8211; trovano posto altri importanti servizi, fra i quali il Punto Informativo sulla Grande Guerra, una struttura dotata di un locale di accoglienza ai visitatori, un punto informazioni turistiche, un ristoro con servizi igienici; la zona \u00e8 inoltre attigua all\u2019area camper di Pr\u00e0 del Vescovo, attrezzata con stalli specifici e punto d&#8217;acqua. L&#8217;assessore\u00a0 Valter Bonan <em>&#8220;Con la realizzazione della pensilina, l\u2019area di bike sharing potenzier\u00e0 cos\u00ec la propria offerta andando a raddoppiare il numero di biciclette a pedata assistita attualmente a disposizione tanto dei cittadini che dei turisti, in un\u2019area baricentrica rispetto alla citt\u00e0 e ai suoi servizi che sta sempre pi\u00f9 mostrando tutte le proprie potenzialit\u00e0\u201d.<\/em><\/p>\n","protected":false},"excerpt":{"rendered":"<p>FELTRE Una nuova pensilina sar\u00e0 realizzata a copertura dell\u2019area di bike-sharing attiva presso l\u2019area di Pr\u00e0 del Moro. Il progetto sar\u00e0 finanziato con le risorse rinvenienti dal Bando del Ministero dell&#8217;Ambiente nell\u2019ambito della pi\u00f9 ampia iniziativa dal titolo &#8220;Verso una mobilit\u00e0 sostenibile in DOLOMITI UNESCO&#8221; condivisa, oltre che dalla Amministrazione provinciale di Belluno, in veste&hellip;<\/p>\n","protected":false},"author":4,"featured_media":250682,"comment_status":"closed","ping_status":"open","sticky":false,"template":"","format":"standard","meta":{"_monsterinsights_skip_tracking":false,"_monsterinsights_sitenote_active":false,"_monsterinsights_sitenote_note":"","_monsterinsights_sitenote_category":0,"footnotes":""},"categories":[49],"tags":[],"class_list":["post-250683","post","type-post","status-publish","format-standard","has-post-thumbnail","hentry","category-news-18","category-49","description-off"],"img_url":"https:\/\/www.radiopiu.net\/wordpress\/wp-content\/uploads\/2021\/12\/Bike-sharing-Pra-del-Moro.jpg","_links":{"self":[{"href":"https:\/\/www.radiopiu.net\/wordpress\/wp-json\/wp\/v2\/posts\/250683","targetHints":{"allow":["GET"]}}],"collection":[{"href":"https:\/\/www.radiopiu.net\/wordpress\/wp-json\/wp\/v2\/posts"}],"about":[{"href":"https:\/\/www.radiopiu.net\/wordpress\/wp-json\/wp\/v2\/types\/post"}],"author":[{"embeddable":true,"href":"https:\/\/www.radiopiu.net\/wordpress\/wp-json\/wp\/v2\/users\/4"}],"replies":[{"embeddable":true,"href":"https:\/\/www.radiopiu.net\/wordpress\/wp-json\/wp\/v2\/comments?post=250683"}],"version-history":[{"count":0,"href":"https:\/\/www.radiopiu.net\/wordpress\/wp-json\/wp\/v2\/posts\/250683\/revisions"}],"wp:featuredmedia":[{"embeddable":true,"href":"https:\/\/www.radiopiu.net\/wordpress\/wp-json\/wp\/v2\/media\/250682"}],"wp:attachment":[{"href":"https:\/\/www.radiopiu.net\/wordpress\/wp-json\/wp\/v2\/media?parent=250683"}],"wp:term":[{"taxonomy":"category","embeddable":true,"href":"https:\/\/www.radiopiu.net\/wordpress\/wp-json\/wp\/v2\/categories?post=250683"},{"taxonomy":"post_tag","embeddable":true,"href":"https:\/\/www.radiopiu.net\/wordpress\/wp-json\/wp\/v2\/tags?post=250683"}],"curies":[{"name":"wp","href":"https:\/\/api.w.org\/{rel}","templated":true}]}}