{"id":250740,"date":"2021-12-29T20:00:36","date_gmt":"2021-12-29T19:00:36","guid":{"rendered":"https:\/\/www.radiopiu.net\/wordpress\/?p=250740"},"modified":"2022-01-05T17:04:52","modified_gmt":"2022-01-05T16:04:52","slug":"un-altro-negozio","status":"publish","type":"post","link":"https:\/\/www.radiopiu.net\/wordpress\/un-altro-negozio\/","title":{"rendered":"A FRASSENE&#8217; CHIUDE IL NEGOZIO, LA MINORANZA RENDE PARTECIPE IL CONSIGLIO COMUNALE"},"content":{"rendered":"<blockquote><p><em>Ieri sera in consiglio comunale di Voltago, il consigliere comunale Francesca Della Lucia ha presentato\u00a0 una mozione sul\u00a0 milite ignoto, accolta e votata da\u00a0 8\u00a0 consiglieri,\u00a0 tre (maggioranza) astenuti. E poi l&#8217;interpellanza urgente per la chiusura dell\u2019unico negozio di generi alimentari di Frassen\u00e9. Francesca Della Lucia ha chiesto\u00a0 quale posizione politica l\u2019amministrazione prender\u00e0 e quali misure a riguardo ( a breve e lungo termine) intenda avviare per contrastare la privazione del servizio alla cittadinanza<\/em><\/p><\/blockquote>\n<p>&nbsp;<\/p>\n<p><strong><img loading=\"lazy\" decoding=\"async\" class=\"alignleft\" src=\"https:\/\/www.radiopiu.net\/wordpress\/wp-content\/uploads\/2021\/12\/asda.jpg\" width=\"257\" height=\"193\" \/>VOLTAGO<\/strong> Oretta e Siro a Natale hanno mandato un messaggio al paese, Frassen\u00e9. Una riflessione sull&#8217;importanza del negozio per mantenere un servizio in montagna, pi\u00f9 per un punto di riferimento sociale che economico. Con l&#8217;arrivo della pensione il tentativo di dare continuit\u00e0 al servizio fino ad oggi non ha trovato risposte e questo porta ad una conclusione<em> &#8220;Chiudiamo e quando si chiude non si riapre pi\u00f9. Altri potrebbero seguire l&#8217;esempio&#8221;. <\/em>Lo sfogo vuole mettere in evidenza la mancata risposta del paese e delle istituzioni<\/p>\n<blockquote>\n<div dir=\"auto\"><em>&#8220;Nella solita passeggiata della sera &#8211; scrive Luigi Paolo Della Lucia &#8211;\u00a0 non ho trovato le due case illuminate in centro paese , tutte le luci di natale spente ed un cartello, per gli avventori, a far riflettere, In attesa di vedere se a qualcuno la luce gli si illumina davanti al viso per vedere oltre al proprio naso&#8221;<\/em><\/div>\n<\/blockquote>\n<div dir=\"auto\"><span class=\"\"><span class=\"nc684nl6\"><a class=\"oajrlxb2 g5ia77u1 qu0x051f esr5mh6w e9989ue4 r7d6kgcz rq0escxv nhd2j8a9 nc684nl6 p7hjln8o kvgmc6g5 cxmmr5t8 oygrvhab hcukyx3x jb3vyjys rz4wbd8a qt6c0cv9 a8nywdso i1ao9s8h esuyzwwr f1sip0of lzcic4wl gmql0nx0 gpro0wi8\" tabindex=\"0\" role=\"link\" href=\"https:\/\/www.facebook.com\/groups\/41842608547\/user\/572500549\/?__cft__[0]=AZVZTwO1PXfvt3iqn-TnpbdHRt31TTZ_fZaBfAqNvlLiVL9LufMfHIgQX86EC5xAn9MApdFGKhj9evRbCYAENjnjxiW0nLaO3x690A9Lwtu5RzeiMtz1uZoEKPUeMQYg3nnewKgtD1EFwYnftp9qGnwXDVDF13YTUJBILNC9PjCkZigceRAOB9X4GVNlajef1Mw&amp;__tn__=R]-R\"><span class=\"pq6dq46d\"><span class=\"d2edcug0 hpfvmrgz qv66sw1b c1et5uql lr9zc1uh a8c37x1j keod5gw0 nxhoafnm aigsh9s9 fe6kdd0r mau55g9w c8b282yb d9wwppkn mdeji52x e9vueds3 j5wam9gi lrazzd5p oo9gr5id\" dir=\"auto\">Elida Della Lucia<\/span><\/span><\/a> <\/span><\/span>Brava Oretta, hai detto cose molto importanti, ora sono i paesani ma anche gli ospiti che devono farsi sentire pretendendo che a Frassen\u00e8 rimanga aperto un punto, un negozio cos\u00ec importante, specialmente per le persone anziane che non possono muoversi. Diventa una questione di ordine sociale, tutti devono mobilitarsi, altrimenti Frassen\u00e8 muore. Chi lavora in Luxottica trova tutto ad Agordo, ma deve pensare anche a coloro che non sono motorizzati<\/div>\n<div dir=\"auto\">\n\n\t\t\t<style type='text\/css'>\n\t\t\t\t#gallery-1 {\n\t\t\t\t\tmargin: auto;\n\t\t\t\t}\n\t\t\t\t#gallery-1 .gallery-item {\n\t\t\t\t\tfloat: left;\n\t\t\t\t\tmargin-top: 10px;\n\t\t\t\t\ttext-align: center;\n\t\t\t\t\twidth: 33%;\n\t\t\t\t}\n\t\t\t\t#gallery-1 img {\n\t\t\t\t\tborder: 2px solid #cfcfcf;\n\t\t\t\t}\n\t\t\t\t#gallery-1 .gallery-caption {\n\t\t\t\t\tmargin-left: 0;\n\t\t\t\t}\n\t\t\t\t\/* see gallery_shortcode() in wp-includes\/media.php *\/\n\t\t\t<\/style>\n\t\t<div id='gallery-1' class='dt-gallery-container gallery galleryid-250740 gallery-columns-3 gallery-size-thumbnail'><dl class='gallery-item'>\n\t\t\t\t<dt class='gallery-icon portrait'>\n\t\t\t\t\t<a class=\"rollover rollover-zoom dt-pswp-item\" title=\"269972475_10218923748877417_1094066806752576828_n\" data-dt-img-description=\"\" data-large_image_width=\"450\" data-large_image_height=\"600\"href='https:\/\/www.radiopiu.net\/wordpress\/wp-content\/uploads\/2021\/12\/269972475_10218923748877417_1094066806752576828_n-1.jpg'><img loading=\"lazy\" decoding=\"async\" width=\"150\" height=\"150\" src=\"https:\/\/www.radiopiu.net\/wordpress\/wp-content\/uploads\/2021\/12\/269972475_10218923748877417_1094066806752576828_n-1-150x150.jpg\" class=\"attachment-thumbnail size-thumbnail\" alt=\"\" \/><\/a>\n\t\t\t\t<\/dt><\/dl><dl class='gallery-item'>\n\t\t\t\t<dt class='gallery-icon landscape'>\n\t\t\t\t\t<a class=\"rollover rollover-zoom dt-pswp-item\" title=\"asda\" data-dt-img-description=\"\" data-large_image_width=\"600\" data-large_image_height=\"450\"href='https:\/\/www.radiopiu.net\/wordpress\/wp-content\/uploads\/2021\/12\/asda.jpg'><img loading=\"lazy\" decoding=\"async\" width=\"150\" height=\"150\" src=\"https:\/\/www.radiopiu.net\/wordpress\/wp-content\/uploads\/2021\/12\/asda-150x150.jpg\" class=\"attachment-thumbnail size-thumbnail\" alt=\"\" \/><\/a>\n\t\t\t\t<\/dt><\/dl>\n\t\t\t\t<br style='clear: both' \/>\n\t\t\t<\/div>\n\n<\/div>\n","protected":false},"excerpt":{"rendered":"<p>Ieri sera in consiglio comunale di Voltago, il consigliere comunale Francesca Della Lucia ha presentato\u00a0 una mozione sul\u00a0 milite ignoto, accolta e votata da\u00a0 8\u00a0 consiglieri,\u00a0 tre (maggioranza) astenuti. E poi l&#8217;interpellanza urgente per la chiusura dell\u2019unico negozio di generi alimentari di Frassen\u00e9. Francesca Della Lucia ha chiesto\u00a0 quale posizione politica l\u2019amministrazione prender\u00e0 e quali&hellip;<\/p>\n","protected":false},"author":4,"featured_media":250742,"comment_status":"closed","ping_status":"open","sticky":false,"template":"","format":"standard","meta":{"_monsterinsights_skip_tracking":false,"_monsterinsights_sitenote_active":false,"_monsterinsights_sitenote_note":"","_monsterinsights_sitenote_category":0,"footnotes":""},"categories":[51,49],"tags":[],"class_list":["post-250740","post","type-post","status-publish","format-standard","has-post-thumbnail","hentry","category-evidenza-top","category-news-18","category-51","category-49","description-off"],"img_url":"https:\/\/www.radiopiu.net\/wordpress\/wp-content\/uploads\/2021\/12\/asda.jpg","_links":{"self":[{"href":"https:\/\/www.radiopiu.net\/wordpress\/wp-json\/wp\/v2\/posts\/250740","targetHints":{"allow":["GET"]}}],"collection":[{"href":"https:\/\/www.radiopiu.net\/wordpress\/wp-json\/wp\/v2\/posts"}],"about":[{"href":"https:\/\/www.radiopiu.net\/wordpress\/wp-json\/wp\/v2\/types\/post"}],"author":[{"embeddable":true,"href":"https:\/\/www.radiopiu.net\/wordpress\/wp-json\/wp\/v2\/users\/4"}],"replies":[{"embeddable":true,"href":"https:\/\/www.radiopiu.net\/wordpress\/wp-json\/wp\/v2\/comments?post=250740"}],"version-history":[{"count":0,"href":"https:\/\/www.radiopiu.net\/wordpress\/wp-json\/wp\/v2\/posts\/250740\/revisions"}],"wp:featuredmedia":[{"embeddable":true,"href":"https:\/\/www.radiopiu.net\/wordpress\/wp-json\/wp\/v2\/media\/250742"}],"wp:attachment":[{"href":"https:\/\/www.radiopiu.net\/wordpress\/wp-json\/wp\/v2\/media?parent=250740"}],"wp:term":[{"taxonomy":"category","embeddable":true,"href":"https:\/\/www.radiopiu.net\/wordpress\/wp-json\/wp\/v2\/categories?post=250740"},{"taxonomy":"post_tag","embeddable":true,"href":"https:\/\/www.radiopiu.net\/wordpress\/wp-json\/wp\/v2\/tags?post=250740"}],"curies":[{"name":"wp","href":"https:\/\/api.w.org\/{rel}","templated":true}]}}