{"id":250777,"date":"2021-12-30T09:49:07","date_gmt":"2021-12-30T08:49:07","guid":{"rendered":"https:\/\/www.radiopiu.net\/wordpress\/?p=250777"},"modified":"2021-12-30T10:05:12","modified_gmt":"2021-12-30T09:05:12","slug":"giornale-radiopiu-30-dicembre-2021-direttore-mirko-mezzacasa","status":"publish","type":"post","link":"https:\/\/www.radiopiu.net\/wordpress\/giornale-radiopiu-30-dicembre-2021-direttore-mirko-mezzacasa\/","title":{"rendered":"GIORNALE RADIOPIU 30 DICEMBRE 2021 DIRETTORE MIRKO MEZZACASA"},"content":{"rendered":"<div class=\"bubbles scrolled-down\">\n<div class=\"scrollable scrollable-y\">\n<div class=\"bubbles-inner has-rights is-chat is-channel\">\n<div class=\"bubbles-date-group\">\n<div class=\"bubble hide-name is-out can-have-tail is-group-first is-group-last is-sent\" data-mid=\"5498339327\" data-peer-id=\"-1478820725\" data-timestamp=\"1640839117\">\n<div class=\"bubble-content-wrapper\">\n<div class=\"bubble-content\">\n<h2 class=\"message\" dir=\"auto\"><em>le particolari condizioni Meteo con temperature piuttosto inusuali stanno creando ovunque un manto stradale molto scivoloso e a tratti ghiacciato e quindi pericoloso. MASSIMA ATTENZIONE<\/em><\/h2>\n<\/div>\n<\/div>\n<\/div>\n<\/div>\n<\/div>\n<\/div>\n<\/div>\n<div class=\"chat-input\">\n<div class=\"chat-input-container\">\n<div class=\"rows-wrapper chat-input-wrapper\">\n<div class=\"new-message-wrapper\"><\/div>\n<\/div>\n<\/div>\n<\/div>\n<hr \/>\n<h3 class=\"kvgmc6g5 cxmmr5t8 oygrvhab hcukyx3x c1et5uql\"><span style=\"color: #0000ff;\"><strong>\u00a0<\/strong><\/span><\/h3>\n<h3 class=\"kvgmc6g5 cxmmr5t8 oygrvhab hcukyx3x c1et5uql\"><span style=\"color: #0000ff;\"><strong>INFORMAZIONE il canale su TELEGRAM informazione di prima mano e in tempo reale. iscriviti ed aiutaci a farlo conoscere\u00a0 \u00a0 \u00a0\u00a0<\/strong><\/span><\/h3>\n<p>&nbsp;<\/p>\n<hr \/>\n<p>&nbsp;<\/p>\n<blockquote>\n<h2 style=\"text-align: center;\">DOMANI, ALLE 12.30 L&#8217;INTERVISTA DI FINE ANNO, OSPITE IL PRESIDENTE DELL&#8217;UNIONE MONTANA AGORDINA MICHELE COSTA, SULLE FREQUENZE FM, IN STREAMING IN TUTTO IL MONDO SU <span style=\"color: #0000ff;\"><strong>WWW.RADIOPIU.NET<\/strong><\/span><\/h2>\n<\/blockquote>\n<p>&nbsp;<\/p>\n<p>&nbsp;<\/p>\n<hr \/>\n<p>&nbsp;<\/p>\n<blockquote>\n<div class=\"page-title-head hgroup\">\n<h1 class=\"entry-title\">L\u2019AUTO ESCE DI STRADA MA PER FORTUNA NON FINISCE NEL LAGO DEL GHIRLO. DUE VENTENNI IN OSPEDALE MA NON IN PERICOLO DI VITA<\/h1>\n<\/div>\n<div class=\"page-title-breadcrumbs\"><\/div>\n<\/blockquote>\n<p><strong>CENCENIGHE\u00a0 Incidente a Cencenighe, coinvolti due giovani trevigiani di Montebelluna<\/strong><\/p>\n<p><strong>di MATTEO MANFROI<\/strong><\/p>\n<audio class=\"wp-audio-shortcode\" id=\"audio-250777-1\" preload=\"none\" style=\"width: 100%;\" controls=\"controls\"><source type=\"audio\/mpeg\" src=\"https:\/\/www.radiopiu.net\/wordpress\/wp-content\/uploads\/2021\/12\/MATTEO-2.mp3?_=1\" \/><a href=\"https:\/\/www.radiopiu.net\/wordpress\/wp-content\/uploads\/2021\/12\/MATTEO-2.mp3\">https:\/\/www.radiopiu.net\/wordpress\/wp-content\/uploads\/2021\/12\/MATTEO-2.mp3<\/a><\/audio>\n<p>&nbsp;<\/p>\n<p><img decoding=\"async\" src=\"https:\/\/www.radiopiu.net\/wordpress\/wp-content\/uploads\/2021\/12\/0b02acad-736b-4f0f-9257-c97e2b0da9a8.jpg\" \/><\/p>\n<p>&nbsp;<\/p>\n\n\t\t\t<style type='text\/css'>\n\t\t\t\t#gallery-1 {\n\t\t\t\t\tmargin: auto;\n\t\t\t\t}\n\t\t\t\t#gallery-1 .gallery-item {\n\t\t\t\t\tfloat: left;\n\t\t\t\t\tmargin-top: 10px;\n\t\t\t\t\ttext-align: center;\n\t\t\t\t\twidth: 33%;\n\t\t\t\t}\n\t\t\t\t#gallery-1 img {\n\t\t\t\t\tborder: 2px solid #cfcfcf;\n\t\t\t\t}\n\t\t\t\t#gallery-1 .gallery-caption {\n\t\t\t\t\tmargin-left: 0;\n\t\t\t\t}\n\t\t\t\t\/* see gallery_shortcode() in wp-includes\/media.php *\/\n\t\t\t<\/style>\n\t\t<div id='gallery-1' class='dt-gallery-container gallery galleryid-250777 gallery-columns-3 gallery-size-thumbnail'><dl class='gallery-item'>\n\t\t\t\t<dt class='gallery-icon landscape'>\n\t\t\t\t\t<a class=\"rollover rollover-zoom dt-pswp-item\" title=\"321b6c0e-f968-45a9-abbd-d7633764c48e\" data-dt-img-description=\"\" data-large_image_width=\"1253\" data-large_image_height=\"909\"href='https:\/\/www.radiopiu.net\/wordpress\/wp-content\/uploads\/2021\/12\/321b6c0e-f968-45a9-abbd-d7633764c48e.jpg'><img loading=\"lazy\" decoding=\"async\" width=\"150\" height=\"150\" src=\"https:\/\/www.radiopiu.net\/wordpress\/wp-content\/uploads\/2021\/12\/321b6c0e-f968-45a9-abbd-d7633764c48e-150x150.jpg\" class=\"attachment-thumbnail size-thumbnail\" alt=\"\" \/><\/a>\n\t\t\t\t<\/dt><\/dl><dl class='gallery-item'>\n\t\t\t\t<dt class='gallery-icon landscape'>\n\t\t\t\t\t<a class=\"rollover rollover-zoom dt-pswp-item\" title=\"d56c058d-49e2-4f06-aa64-3c369d07164c\" data-dt-img-description=\"\" data-large_image_width=\"960\" data-large_image_height=\"644\"href='https:\/\/www.radiopiu.net\/wordpress\/wp-content\/uploads\/2021\/12\/d56c058d-49e2-4f06-aa64-3c369d07164c.jpg'><img loading=\"lazy\" decoding=\"async\" width=\"150\" height=\"150\" src=\"https:\/\/www.radiopiu.net\/wordpress\/wp-content\/uploads\/2021\/12\/d56c058d-49e2-4f06-aa64-3c369d07164c-150x150.jpg\" class=\"attachment-thumbnail size-thumbnail\" alt=\"\" \/><\/a>\n\t\t\t\t<\/dt><\/dl><dl class='gallery-item'>\n\t\t\t\t<dt class='gallery-icon portrait'>\n\t\t\t\t\t<a class=\"rollover rollover-zoom dt-pswp-item\" title=\"22fce13e-1cca-4cb5-82b9-43911d8c0ae0\" data-dt-img-description=\"\" data-large_image_width=\"960\" data-large_image_height=\"1280\"href='https:\/\/www.radiopiu.net\/wordpress\/wp-content\/uploads\/2021\/12\/22fce13e-1cca-4cb5-82b9-43911d8c0ae0.jpg'><img loading=\"lazy\" decoding=\"async\" width=\"150\" height=\"150\" src=\"https:\/\/www.radiopiu.net\/wordpress\/wp-content\/uploads\/2021\/12\/22fce13e-1cca-4cb5-82b9-43911d8c0ae0-150x150.jpg\" class=\"attachment-thumbnail size-thumbnail\" alt=\"\" \/><\/a>\n\t\t\t\t<\/dt><\/dl><br style=\"clear: both\" \/>\n\t\t\t<\/div>\n\n<p>&nbsp;<\/p>\n<hr \/>\n<p>&nbsp;<\/p>\n<p>&nbsp;<\/p>\n<blockquote>\n<h3>CADE CON GLI SCI, DICIASSETTENNE SI INFORTUNA<\/h3>\n<\/blockquote>\n<p><strong><a href=\"https:\/\/www.radiopiu.net\/wordpress\/torna-la-festa-del-volontariato-cadorino-sabato-1-settembre\/soccorsoalpino\/\" rel=\"attachment wp-att-59164\"><img loading=\"lazy\" decoding=\"async\" class=\" wp-image-59164 alignleft\" src=\"https:\/\/www.radiopiu.net\/wordpress\/wp-content\/uploads\/2018\/08\/soccorsoalpino-300x300.jpg\" alt=\"\" width=\"137\" height=\"137\" srcset=\"https:\/\/www.radiopiu.net\/wordpress\/wp-content\/uploads\/2018\/08\/soccorsoalpino-300x300.jpg 300w, https:\/\/www.radiopiu.net\/wordpress\/wp-content\/uploads\/2018\/08\/soccorsoalpino-150x150.jpg 150w, https:\/\/www.radiopiu.net\/wordpress\/wp-content\/uploads\/2018\/08\/soccorsoalpino-768x768.jpg 768w, https:\/\/www.radiopiu.net\/wordpress\/wp-content\/uploads\/2018\/08\/soccorsoalpino-1024x1024.jpg 1024w, https:\/\/www.radiopiu.net\/wordpress\/wp-content\/uploads\/2018\/08\/soccorsoalpino.jpg 1200w\" sizes=\"auto, (max-width: 137px) 100vw, 137px\" \/><\/a>FALCADE<\/strong> Attorno alle 16.45 il Soccorso alpino della Val Biois \u00e8 stato allertato per intervenire in supporto al personale della societ\u00e0 impianti e alla Polizia di Moena del soccorso piste, impegnati nel recupero di una giovane sciatrice caduta a 1.800 metri di quota lungo la Pista degli innamorati, attualmente chiusa. La diciassettenne di Verona, che stava scendendo da Passo Valles con gli sci da discesa assieme a 5 amici, aveva infatti riportato una probabile frattura alla gamba. Immobilizzata e imbarellata, l&#8217;infortunata \u00e8 stata trainata dalla motoslitta della Polizia e affidata all&#8217;ambulanza della Croce Verde con l&#8217;ausilio di 5 soccorritori, che, una volta in localit\u00e0 Caverson, hanno caricato a bordo dei propri mezzi i compagni della ragazza per riaccompagnarli a valle.<\/p>\n<p>&nbsp;<\/p>\n<p>&nbsp;<\/p>\n<hr \/>\n<p>&nbsp;<\/p>\n<blockquote>\n<h3>LA GUARDIA DI FINANZA DI BELLUNO SEQUESTRA OLTRE 5 MILA PRODOTTI NON SICURI<\/h3>\n<\/blockquote>\n<p><strong><a href=\"https:\/\/www.radiopiu.net\/wordpress\/gdf-treviso\/2eb8f214-39a6-4e15-bd1e-539b9100c08b\/\" rel=\"attachment wp-att-222506\"><img loading=\"lazy\" decoding=\"async\" class=\"size-medium wp-image-222506 alignleft\" src=\"https:\/\/www.radiopiu.net\/wordpress\/wp-content\/uploads\/2021\/07\/2eb8f214-39a6-4e15-bd1e-539b9100c08b-300x200.jpg\" alt=\"\" width=\"300\" height=\"200\" srcset=\"https:\/\/www.radiopiu.net\/wordpress\/wp-content\/uploads\/2021\/07\/2eb8f214-39a6-4e15-bd1e-539b9100c08b-300x200.jpg 300w, https:\/\/www.radiopiu.net\/wordpress\/wp-content\/uploads\/2021\/07\/2eb8f214-39a6-4e15-bd1e-539b9100c08b-1024x682.jpg 1024w, https:\/\/www.radiopiu.net\/wordpress\/wp-content\/uploads\/2021\/07\/2eb8f214-39a6-4e15-bd1e-539b9100c08b-768x511.jpg 768w, https:\/\/www.radiopiu.net\/wordpress\/wp-content\/uploads\/2021\/07\/2eb8f214-39a6-4e15-bd1e-539b9100c08b.jpg 1080w\" sizes=\"auto, (max-width: 300px) 100vw, 300px\" \/><\/a>BELLUNO<\/strong> I finanzieri del Comando Provinciale di Belluno hanno posto in essere una serie di interventi dedicati al contrasto dell\u2019illecita commercializzazione di prodotti, potenzialmente nocivi per la salute (contraffatti o non conformi), immessi in consumo in occasione delle festivita\u0300. Con distinte operazioni di servizio, sono stati sequestrati, gia\u0300 esposti in vendita: 4.000 addobbi natalizi; 800 articoli di bigiotteria; 350 calzature ed accessori, tutti carenti dei contenuti informativi (privi di etichettatura riportante le informazioni minime sul prodotto, il produttore, il Paese di origine, l\u2019eventuale presenza di materiali o sostanze pericolose e le istruzioni per l\u2019uso) e\/o privi della marcatura CE, in violazione delle prescrizioni di sicurezza e trasparenza a tutela del consumatore di cui al D.lgs. 206\/2005 (c.d. \u201cCodice del Consumo\u201d) e\/o privi della conformita\u0300 ai requisiti di sicurezza previsti dalle direttive o dai regolamenti comunitari (simbolo CE), per un valore complessivo di 30.000,00 Euro circa. Il Codice del consumo e la normativa in materia di sicurezza dei giocattoli prevedono l\u2019obbligo di riportare le indicazioni e le specifiche di dettaglio inerenti al prodotto, atteso che queste, oltre a tracciare l\u2019intera filiera di produzione, consentono anche di assicurare un adeguato standard qualitativo della merce, escludendo cosi\u0300 che nella sua fabbricazione possano essere stati utilizzati materiali e sostanze potenzialmente nocive per la salute dei consumatori finali. Le merci sequestrate sono state inventariate e messe a disposizione della Camera di Commercio di Treviso e Belluno, che procedera\u0300 ad applicare la prevista sanzione, che puo\u0300 arrivare fino ad un massimo di 26.000 Euro, ai titolari delle attivita\u0300 commerciali. I servizi rientrano nel quadro delle attivita\u0300 svolte dalla Guardia di Finanza a tutela dell\u2019economia legale finalizzate a preservare il mercato dalla diffusione di prodotti non conformi rispetto agli standard di sicurezza imposti dalla normativa nazionale e dell\u2019Unione Europea, oltre che alla repressione degli illeciti di natura fiscale, a tutela degli imprenditori onesti che, attesa anche l\u2019attuale situazione connessa all\u2019emergenza epidemiologica, sono maggiormente vulnerabili rispetto alle fenomenologie illecite.<\/p>\n<p>&nbsp;<\/p>\n<hr \/>\n<p>&nbsp;<\/p>\n<p>&nbsp;<\/p>\n<p><strong>OGGI SUL CORRIERE DELLE ALPI\u00a0<\/strong><\/p>\n<blockquote>\n<h3>IL TECNICO DI RADIOLOGIA RISPONDE ALLE DOMANDE DEL GIUDICE<\/h3>\n<\/blockquote>\n<p>di\u00a0 GIGI SOSSO<\/p>\n<div class=\"articlePlainText\"><strong>\u00a0FELTRE<\/strong> Pedopornografia, il tecnico radiologo dell&#8217;Ulss 1 ha dato la propria versione al gip. Nell&#8217;interrogatorio di garanzia,\u00a0 non si \u00e8 avvalso della facolt\u00e0 di non rispondere, ottenendo cos\u00ec gli arresti domiciliari, al posto della custodia cautelare in carcere. Non \u00e8 che potesse negare la detenzione di 2.200 filmati pedopornografici, perch\u00e9 la Polizia postale di Vicenza li ha trovati nel suo computer personale, ma la sua posizione potrebbe diventare ancora pi\u00f9 pesante, se la consulenza tecnico-informatica disposta dal pubblico ministero Angelo Parisi dovesse stabilire che ne ha anche condivisi, dopo averli recuperati attraverso le chat riservate di Telegram&#8230;<\/div>\n<p>&nbsp;<\/p>\n<hr \/>\n<blockquote>\n<h3><\/h3>\n<h3>PECULATO E FALSO, INFERMIERE CAPO NEI GUAI<\/h3>\n<\/blockquote>\n<p><strong><img loading=\"lazy\" decoding=\"async\" class=\"alignleft\" src=\"https:\/\/www.radiopiu.net\/wordpress\/wp-content\/uploads\/2021\/02\/Ospedale-di-Cortina.jpeg\" width=\"261\" height=\"173\" \/>CORTINA<\/strong>\u00a0 Un infermiere responsabile, dipendente dell&#8217;Ospedale di Cortina \u00e8 stato arrestato dai carabinieri della Compagnia del luogo, coordinati dalla procura: l&#8217;uomo, originario di Feltre e residente in valle di Ansiei \u00e8 stato sospeso dal lavoro dalla societ\u00e0 che gestisce la struttura sanitaria, quindi scarcerato e sottoposto all&#8217;obbligo di dimora in un Comune bellunese. Le ipotesi di accusa formulate dalla procura sono di falso e peculato. La propriet\u00e0 dell&#8217;Ospedale di Cortina ha applicato la misura della sospensione in via cautelativa del rapporto di lavoro, allontanando il dipendente.\u00a0<em> \u00abIn relazione alle notizie trapelate sulle indagini nei confronti di un dipendente dell&#8217;Ospedale Cortina, la direzione della struttura, da cui \u00e8 partita la segnalazione alle autorit\u00e0 competenti, rende noto che, essendo queste tuttora in corso, non \u00e8 possibile, come da prassi, rilasciare alcuna dichiarazione\u00bb<\/em>, spiega in una nota.<\/p>\n<p>&nbsp;<\/p>\n<p>&nbsp;<\/p>\n<hr \/>\n<p>&nbsp;<\/p>\n<blockquote>\n<h3>SOLIDARIETA&#8217; AL CINQUANTENNE AGGREDITO, ADDAMIANO: &#8220;DOBBIAMO RISALIRE AGLI AUTORI DI QUESTI GRAVI FATTI&#8221;<\/h3>\n<\/blockquote>\n<p><strong><a href=\"https:\/\/www.radiopiu.net\/wordpress\/solidarieta-al-cinquantenne-aggredito-addamiano-dobbiamo-risalire-agli-autori-di-questi-gravi-fatti\/raffaele-addamiano-2\/\" rel=\"attachment wp-att-250846\"><img loading=\"lazy\" decoding=\"async\" class=\"size-medium wp-image-250846 alignleft\" src=\"https:\/\/www.radiopiu.net\/wordpress\/wp-content\/uploads\/2021\/12\/RAFFAELE-ADDAMIANO-221x300.jpg\" alt=\"\" width=\"221\" height=\"300\" srcset=\"https:\/\/www.radiopiu.net\/wordpress\/wp-content\/uploads\/2021\/12\/RAFFAELE-ADDAMIANO-221x300.jpg 221w, https:\/\/www.radiopiu.net\/wordpress\/wp-content\/uploads\/2021\/12\/RAFFAELE-ADDAMIANO-753x1024.jpg 753w, https:\/\/www.radiopiu.net\/wordpress\/wp-content\/uploads\/2021\/12\/RAFFAELE-ADDAMIANO-768x1045.jpg 768w, https:\/\/www.radiopiu.net\/wordpress\/wp-content\/uploads\/2021\/12\/RAFFAELE-ADDAMIANO.jpg 1080w\" sizes=\"auto, (max-width: 221px) 100vw, 221px\" \/><\/a>BELLUNO<\/strong> Raffaele Addamiano di Obbiettivo Belluno Fratelli D&#8217;Italia, consigliere comunale, interviene sui recenti gravi fatti di cronaca a Belluno citt\u00e0.<\/p>\n<audio class=\"wp-audio-shortcode\" id=\"audio-250777-2\" preload=\"none\" style=\"width: 100%;\" controls=\"controls\"><source type=\"audio\/mpeg\" src=\"https:\/\/www.radiopiu.net\/wordpress\/wp-content\/uploads\/2021\/12\/ADDAMIANO-SICUREZZA-BELLUNO.mp3?_=2\" \/><a href=\"https:\/\/www.radiopiu.net\/wordpress\/wp-content\/uploads\/2021\/12\/ADDAMIANO-SICUREZZA-BELLUNO.mp3\">https:\/\/www.radiopiu.net\/wordpress\/wp-content\/uploads\/2021\/12\/ADDAMIANO-SICUREZZA-BELLUNO.mp3<\/a><\/audio>\n<p>&nbsp;<\/p>\n<hr \/>\n<p>&nbsp;<\/p>\n<blockquote>\n<h3>RIAPRE OGGI IL PONTE BAILEY. NUOVO PONTE, SIGLATO IL CONTRATTO PER LA PROGETTAZIONE ESECUTIVA<\/h3>\n<\/blockquote>\n<p><strong><a href=\"https:\/\/www.radiopiu.net\/wordpress\/giornale-radiopiu-07-luglio-2018-direttore-mirko-mezzacasa\/ponte-bailey\/\" rel=\"attachment wp-att-53317\"><img loading=\"lazy\" decoding=\"async\" class=\"size-medium wp-image-53317 alignleft\" src=\"https:\/\/www.radiopiu.net\/wordpress\/wp-content\/uploads\/2018\/07\/ponte-bailey-300x227.jpg\" alt=\"\" width=\"300\" height=\"227\" \/><\/a>BELLUNO <\/strong>Giornata di importanti novit\u00e0 per la viabilit\u00e0 del presente e del futuro per l&#8217;attraversamento sul Piave nella zona di Lambioi. <strong>Riapre oggi il ponte bailey <\/strong>Con le ultime rifiniture e i lavori di pulizia gi\u00e0 in programma, il ponte bailey sar\u00e0 riaperto al traffico veicolare nella tarda mattinata\/primo pomeriggio di oggi indicativamente tra le 12.00 e le 13.00, leggermente in anticipo rispetto a quanto annunciato a ridosso delle feste natalizie. Nel corso di queste settimane di cantiere \u00e8 stata eseguita la pulizia con sabbiatura di tutte le saldature, sia dell\u2019impalcato che degli appoggi; durante queste operazioni, sono emerse zone dove il livello di corrosione era evidentemente aumentato rispetto all\u2019ispezione eseguita nel 2019. Dove non \u00e8 stata sufficiente la pulizia, si \u00e8 dovuto provvedere alla sostituzione totale di 24 appoggi, con l\u2019impiego di un sistema di sollevamento idraulico per l\u2019innalzamento delle travi che costituiscono l\u2019impalcato del ponte, e la sostituzione di alcuni elementi deteriorati nelle pile, che ha richiesto la realizzazione di una pista di cantiere in alveo. \u00c8 stata poi scarificata l&#8217;intera superficie del ponte ed effettuata la riasfaltatura. Le operazioni di sostituzione degli elementi sopra citati, inizialmente non previste, hanno allungato i tempi dei lavori fino alla riapertura.<\/p>\n<p><strong>Nuovo ponte, via alla progettazione esecutiva <\/strong>Nella mattinata di ieri \u00e8 stato invece firmato il contratto tra il Comune di Belluno e il raggruppamento di imprese spagnole Fhecor Ingenieros Consultores e Estudio De Arquitectura Campo Baeza per l&#8217;affidamento dell&#8217;incarico della progettazione esecutiva del nuovo ponte sul Piave, fortemente voluto dall&#8217;amministrazione Massaro, che sorger\u00e0 a Lambioi a fianco di quello gi\u00e0 esistente e che sar\u00e0 dismesso una volta ultimati i lavori della nuova struttura. Una firma che permette al Comune di Belluno di rispettare i tempi previsti per le opere di resilienza post Vaia; operazione resa possibile dal lavoro dell&#8217;assessorato ai lavori pubblici e dagli uffici tecnici, oltre che\u00a0 dalla votazione dell&#8217;ultimo consiglio comunale che responsabilmente ha approvato all&#8217;unanimit\u00e0 il progetto definitivo e la relativa variante urbanistica, decretando anche l&#8217;immediata eseguibilit\u00e0 della decisione che ha permesso di firmare il contratto entro i tempi previsti del 31 dicembre.<\/p>\n<p>&nbsp;<\/p>\n<p>&nbsp;<\/p>\n<hr \/>\n<p>&nbsp;<\/p>\n<blockquote>\n<h3>IDEAL STANDARD. TAVOLO DI MONITORAGGIO PER SOLUZIONE INDUSTRIALE E SALVAGUARDIA OCCUPAZIONALE<\/h3>\n<\/blockquote>\n<p><strong><a href=\"https:\/\/www.radiopiu.net\/wordpress\/ideal-standard-lo-stabilimento-di-trichiana-primo-a-chiudere-ultimo-a-ripartire\/stabilimento-dellideal-standard-orcenico-di-zoppola-pn-04-12-2013\/\" rel=\"attachment wp-att-138079\"><img loading=\"lazy\" decoding=\"async\" class=\"size-medium wp-image-138079 alignleft\" src=\"https:\/\/www.radiopiu.net\/wordpress\/wp-content\/uploads\/2020\/05\/ideal-standard-orcenigo-300x211.jpg\" alt=\"\" width=\"300\" height=\"211\" srcset=\"https:\/\/www.radiopiu.net\/wordpress\/wp-content\/uploads\/2020\/05\/ideal-standard-orcenigo-300x211.jpg 300w, https:\/\/www.radiopiu.net\/wordpress\/wp-content\/uploads\/2020\/05\/ideal-standard-orcenigo-1024x721.jpg 1024w, https:\/\/www.radiopiu.net\/wordpress\/wp-content\/uploads\/2020\/05\/ideal-standard-orcenigo-768x541.jpg 768w, https:\/\/www.radiopiu.net\/wordpress\/wp-content\/uploads\/2020\/05\/ideal-standard-orcenigo-1536x1082.jpg 1536w, https:\/\/www.radiopiu.net\/wordpress\/wp-content\/uploads\/2020\/05\/ideal-standard-orcenigo-2048x1442.jpg 2048w\" sizes=\"auto, (max-width: 300px) 100vw, 300px\" \/><\/a>VENEZIA <\/strong>Si \u00e8 svolto ieri, d\u2019intesa con il MISE, il terzo tavolo regionale di monitoraggio dello stato di avanzamento delle attivit\u00e0 poste in essere per ricercare una soluzione industriale, con salvaguardia dei livelli occupazionali, per il sito Ideal Standard di Borgo Valbelluna. Alla riunione, presieduta dall\u2019Assessore regionale Elena Donazzan, assistita dall\u2019Unit\u00e0 di crisi aziendali di Veneto Lavoro e dalla Direzione Lavoro della Regione del Veneto, hanno partecipato i rappresentanti di Ideal Standard, l\u2019Advisor Sernet SpA, Confindustria Belluno, le segreterie territoriali di Filctem-Cgil, Femca-Cisl, Uiltec-Uil, unitamente alle RSU, il Ministero dello sviluppo economico e Invitalia. Durante l\u2019incontro \u00e8 stato fatto il punto sul processo di reindustrializzazione con particolare riferimento al cronoprogramma attuato dalla societ\u00e0 Sernet.\u00a0 L\u2019advisor ha illustrato in dettaglio le attivit\u00e0 realizzate fino ad oggi. Allo stato attuale sono varie le manifestazioni d\u2019interesse industriale, di soggetti nazionali e internazionali, al sito di Trichiana. Nel corso dell\u2019incontro si \u00e8 confermato l\u2019ottimo clima tra le parti con giudizio positivo sull&#8217;andamento e la puntualit\u00e0 delle azioni previste dal cronoprogramma per la reindustrializzazione. \u00c8, inoltre, emersa la disponibilit\u00e0 aziendale a mettere a disposizione le risorse accantonate nel fondo interprofessionale al fine di aggiornare e potenziare le competenze dei lavoratori. \u201c<em>La Regione esprime il proprio apprezzamento per l\u2019attivit\u00e0 svolta dalle Parti, sottolinea l\u2019Assessore Elena Donazzan al termine dell\u2019incontro. Si conferma la collaborazione di tutti per conseguire l\u2019obiettivo condiviso<\/em>.\u201d.\u00a0 Il prossimo tavolo regionale di monitoraggio verr\u00e0 convocato nella seconda met\u00e0 di gennaio.<\/p>\n<p>&nbsp;<\/p>\n<p>&nbsp;<\/p>\n<hr \/>\n<p>&nbsp;<\/p>\n<blockquote>\n<h3>SEI NUOVE AMBULANZE PER L&#8217;ULSS 1 DOLOMITI<\/h3>\n<\/blockquote>\n<p><strong>BELLUNO<\/strong> Continua il rinnovo del parco mezzi dell&#8217;Ulss Dolomiti: oggi sono state benedette 6 nuove ambulanze da soccorso che entrano a far parte della flotta della rete di emergenza e urgenza. I mezzi, allestiti con attenzione per il confort del paziente e la sicurezza degli operatori, sono dotati di tutti gli strumenti per essere funzionali ai soccorsi anche in zone difficili. Le nuove ambulanze sono state realizzate su veicolo Volkswagen Transporter T6, con trazione integrale 4&#215;4 e motorizzazione Euro 6 da 199 cavalli, e sono state allestite come ambulanze da soccorso per l&#8217;importo di 877 mila euro, comprensivi di assistenza per 5 anni. Hanno il cambio automatico, sospensioni autolivellanti e freni maggiorati, a garanzia del maggiore comfort del paziente. Sono dotate di barelle di nuova generazione, nell\u2019ambito della standardizzazione in corso all\u2019interno di Ulss1. Le dotazioni di soccorso comprendono tutti gli elettromedicali necessari a garantire un supporto vitale avanzato ai pazienti: monitor defibrillatore con teletrasmissione dell\u2019ECG a 12 derivazioni, ventilatore polmonare, aspiratore. Sono inoltre presenti tutti i presidi di immobilizzazione e mobilizzazione per il soccorso a pazienti traumatizzati. \u00c8 presente a bordo anche una sedia portantina motorizzata che rende pi\u00f9 agevole il trasporto di pazienti anche su scale ripide, assicurando oltre a maggiore sicurezza e confort ai pazienti, anche una adeguata tutela nei confronti dei rischi legati alla movimentazione dei carichi del personale di soccorso. I mezzi saranno assegnati tre al Pronto Soccorso di Belluno, due saranno assegnati al Pronto Soccorso di Feltre e uno a quello di Agordo. Le livree esterne, realizzate secondo normativa, garantiscono una maggiore visibilit\u00e0 del veicolo di soccorso, mentre gli interni del vano sanitario sono realizzati con materiale autoestinguenti e facilmente sanificabili. Oltre al sistema di climatizzazione \u00e8 presente un sistema di preriscaldamento del vano sanitario ed un pre-riscaldatore del motore, al fine di facilitare le partenze a freddo.<\/p>\n\n\t\t\t<style type='text\/css'>\n\t\t\t\t#gallery-2 {\n\t\t\t\t\tmargin: auto;\n\t\t\t\t}\n\t\t\t\t#gallery-2 .gallery-item {\n\t\t\t\t\tfloat: left;\n\t\t\t\t\tmargin-top: 10px;\n\t\t\t\t\ttext-align: center;\n\t\t\t\t\twidth: 50%;\n\t\t\t\t}\n\t\t\t\t#gallery-2 img {\n\t\t\t\t\tborder: 2px solid #cfcfcf;\n\t\t\t\t}\n\t\t\t\t#gallery-2 .gallery-caption {\n\t\t\t\t\tmargin-left: 0;\n\t\t\t\t}\n\t\t\t\t\/* see gallery_shortcode() in wp-includes\/media.php *\/\n\t\t\t<\/style>\n\t\t<div id='gallery-2' class='dt-gallery-container gallery galleryid-250777 gallery-columns-2 gallery-size-thumbnail'><dl class='gallery-item'>\n\t\t\t\t<dt class='gallery-icon landscape'>\n\t\t\t\t\t<a class=\"rollover rollover-zoom dt-pswp-item\" title=\"ambulanze 3\" data-dt-img-description=\"\" data-large_image_width=\"1600\" data-large_image_height=\"1200\"href='https:\/\/www.radiopiu.net\/wordpress\/wp-content\/uploads\/2021\/12\/ambulanze-3.jpeg'><img loading=\"lazy\" decoding=\"async\" width=\"150\" height=\"150\" src=\"https:\/\/www.radiopiu.net\/wordpress\/wp-content\/uploads\/2021\/12\/ambulanze-3-150x150.jpeg\" class=\"attachment-thumbnail size-thumbnail\" alt=\"\" \/><\/a>\n\t\t\t\t<\/dt><\/dl><dl class='gallery-item'>\n\t\t\t\t<dt class='gallery-icon landscape'>\n\t\t\t\t\t<a class=\"rollover rollover-zoom dt-pswp-item\" title=\"ambulanze 4\" data-dt-img-description=\"\" data-large_image_width=\"1600\" data-large_image_height=\"1200\"href='https:\/\/www.radiopiu.net\/wordpress\/wp-content\/uploads\/2021\/12\/ambulanze-4.jpeg'><img loading=\"lazy\" decoding=\"async\" width=\"150\" height=\"150\" src=\"https:\/\/www.radiopiu.net\/wordpress\/wp-content\/uploads\/2021\/12\/ambulanze-4-150x150.jpeg\" class=\"attachment-thumbnail size-thumbnail\" alt=\"\" \/><\/a>\n\t\t\t\t<\/dt><\/dl><br style=\"clear: both\" \/><dl class='gallery-item'>\n\t\t\t\t<dt class='gallery-icon landscape'>\n\t\t\t\t\t<a class=\"rollover rollover-zoom dt-pswp-item\" title=\"ambulanze 5\" data-dt-img-description=\"\" data-large_image_width=\"1600\" data-large_image_height=\"1200\"href='https:\/\/www.radiopiu.net\/wordpress\/wp-content\/uploads\/2021\/12\/ambulanze-5.jpeg'><img loading=\"lazy\" decoding=\"async\" width=\"150\" height=\"150\" src=\"https:\/\/www.radiopiu.net\/wordpress\/wp-content\/uploads\/2021\/12\/ambulanze-5-150x150.jpeg\" class=\"attachment-thumbnail size-thumbnail\" alt=\"\" \/><\/a>\n\t\t\t\t<\/dt><\/dl><dl class='gallery-item'>\n\t\t\t\t<dt class='gallery-icon portrait'>\n\t\t\t\t\t<a class=\"rollover rollover-zoom dt-pswp-item\" title=\"ambulanze1\" data-dt-img-description=\"\" data-large_image_width=\"1200\" data-large_image_height=\"1600\"href='https:\/\/www.radiopiu.net\/wordpress\/wp-content\/uploads\/2021\/12\/ambulanze1.jpeg'><img loading=\"lazy\" decoding=\"async\" width=\"150\" height=\"150\" src=\"https:\/\/www.radiopiu.net\/wordpress\/wp-content\/uploads\/2021\/12\/ambulanze1-150x150.jpeg\" class=\"attachment-thumbnail size-thumbnail\" alt=\"\" \/><\/a>\n\t\t\t\t<\/dt><\/dl><br style=\"clear: both\" \/>\n\t\t\t<\/div>\n\n<p>&nbsp;<\/p>\n<hr \/>\n<p>&nbsp;<\/p>\n<blockquote>\n<h3>CI IMPEGNIAMO PER MIGLIORARCI SCUSANDOCI PER I DISAGI<\/h3>\n<\/blockquote>\n<p><strong><img loading=\"lazy\" decoding=\"async\" class=\"alignleft\" src=\"https:\/\/www.radiopiu.net\/wordpress\/wp-content\/uploads\/2020\/12\/covid-point-auronzo-300x300.jpg\" width=\"271\" height=\"271\" \/>BELLUNO<\/strong> Alle recenti lamentele per alcuni disagi che si sono verificati con i covid point la Ulss1 Dolomiti non fa spallucce. Giustifica le comprensibili difficolt\u00e0 del momento ribadendo l&#8217;impegno a migliorare i servizi.<\/p>\n<p><strong>DALLA ULSS1 DOLOMITI<\/strong><\/p>\n<blockquote><p><em>&#8220;L&#8217;attuale difficilissima fase epidemica ha reso problematica l&#8217;esecuzione dei tamponi in tutti i covid point aziendali. Ad Agordo in particolare, la squadra operativa, chiamata a spostarsi nel pomeriggio a Tai di Cadore, ha registrato varie difficolt\u00e0, non tutte gestite al meglio. In attesa di nuove indicazioni nazionali su tamponi\/quarantene, abbiamo potenziato l&#8217;operativit\u00e0 presso i Covid point di Agordo e Tai di Cadore, destinando squadre dedicate a ciascun drive in, che potranno soddisfare le richieste di tamponi in ciascun punto. Si confermo che i soggetti con prescrizione di tampone non devono attivare alcuna prenotazione e possono accedere negli orari dedicati.Si conferma altres\u00ec il costante impegno nel migliorare i servizi offerti e ci si scusa con gli utenti per i disagi&#8221;.<\/em><\/p><\/blockquote>\n<p>foto archivio, covid point-Auronzo<\/p>\n<p>&nbsp;<\/p>\n<p>&nbsp;<\/p>\n<hr \/>\n<p>&nbsp;<\/p>\n<blockquote>\n<h2>\u00a0CONTAGI RECORD,\u00a0 IN SOLE 24 ORE RADDOPPIO DEI POSITIVI IN PROVINCIA<\/h2>\n<\/blockquote>\n<p>&nbsp;<\/p>\n<blockquote class=\"wp-embedded-content\" data-secret=\"oQkWKftJdT\"><p><a href=\"https:\/\/www.radiopiu.net\/wordpress\/aggiornamentonazdic29\/\">CORONAVIRUS: AGGIORNAMENTO NAZIONALE 29 DICEMBRE  2021<\/a><\/p><\/blockquote>\n<p><iframe loading=\"lazy\" class=\"wp-embedded-content\" sandbox=\"allow-scripts\" security=\"restricted\" style=\"position: absolute; clip: rect(1px, 1px, 1px, 1px);\" title=\"&#8220;CORONAVIRUS: AGGIORNAMENTO NAZIONALE 29 DICEMBRE  2021&#8221; &#8212; Radio Pi\u00f9\" src=\"https:\/\/www.radiopiu.net\/wordpress\/aggiornamentonazdic29\/embed\/#?secret=oQkWKftJdT\" data-secret=\"oQkWKftJdT\" width=\"600\" height=\"338\" frameborder=\"0\" marginwidth=\"0\" marginheight=\"0\" scrolling=\"no\"><\/iframe><\/p>\n<p>&nbsp;<\/p>\n<blockquote class=\"wp-embedded-content\" data-secret=\"hrsiwZIEcl\"><p><a href=\"https:\/\/www.radiopiu.net\/wordpress\/oltre-120-mila-tamponi-in-24-ore-e-8666-nuove-positivita-in-veneto-23-decessi-e-impennata-dei-ricoveri\/\">OLTRE 120 MILA TAMPONI IN 24 ORE E 8666 NUOVE POSITIVITA&#8217; IN VENETO, 23 DECESSI E IMPENNATA DEI RICOVERI<\/a><\/p><\/blockquote>\n<p><iframe loading=\"lazy\" class=\"wp-embedded-content\" sandbox=\"allow-scripts\" security=\"restricted\" style=\"position: absolute; clip: rect(1px, 1px, 1px, 1px);\" title=\"&#8220;OLTRE 120 MILA TAMPONI IN 24 ORE E 8666 NUOVE POSITIVITA&#8217; IN VENETO, 23 DECESSI E IMPENNATA DEI RICOVERI&#8221; &#8212; Radio Pi\u00f9\" src=\"https:\/\/www.radiopiu.net\/wordpress\/oltre-120-mila-tamponi-in-24-ore-e-8666-nuove-positivita-in-veneto-23-decessi-e-impennata-dei-ricoveri\/embed\/#?secret=hrsiwZIEcl\" data-secret=\"hrsiwZIEcl\" width=\"600\" height=\"338\" frameborder=\"0\" marginwidth=\"0\" marginheight=\"0\" scrolling=\"no\"><\/iframe><\/p>\n<p>&nbsp;<\/p>\n<h2>I GRAFICI DI TIZIANO DE COL<\/h2>\n\n\t\t\t<style type='text\/css'>\n\t\t\t\t#gallery-3 {\n\t\t\t\t\tmargin: auto;\n\t\t\t\t}\n\t\t\t\t#gallery-3 .gallery-item {\n\t\t\t\t\tfloat: left;\n\t\t\t\t\tmargin-top: 10px;\n\t\t\t\t\ttext-align: center;\n\t\t\t\t\twidth: 33%;\n\t\t\t\t}\n\t\t\t\t#gallery-3 img {\n\t\t\t\t\tborder: 2px solid #cfcfcf;\n\t\t\t\t}\n\t\t\t\t#gallery-3 .gallery-caption {\n\t\t\t\t\tmargin-left: 0;\n\t\t\t\t}\n\t\t\t\t\/* see gallery_shortcode() in wp-includes\/media.php *\/\n\t\t\t<\/style>\n\t\t<div id='gallery-3' class='dt-gallery-container gallery galleryid-250777 gallery-columns-3 gallery-size-medium'><dl class='gallery-item'>\n\t\t\t\t<dt class='gallery-icon landscape'>\n\t\t\t\t\t<a class=\"rollover rollover-zoom dt-pswp-item\" title=\"5318e112-217b-451e-b27e-a442bcf7a038\" data-dt-img-description=\"\" data-large_image_width=\"604\" data-large_image_height=\"365\"href='https:\/\/www.radiopiu.net\/wordpress\/wp-content\/uploads\/2021\/12\/5318e112-217b-451e-b27e-a442bcf7a038.jpg'><img loading=\"lazy\" decoding=\"async\" width=\"300\" height=\"181\" src=\"https:\/\/www.radiopiu.net\/wordpress\/wp-content\/uploads\/2021\/12\/5318e112-217b-451e-b27e-a442bcf7a038-300x181.jpg\" class=\"attachment-medium size-medium\" alt=\"\" srcset=\"https:\/\/www.radiopiu.net\/wordpress\/wp-content\/uploads\/2021\/12\/5318e112-217b-451e-b27e-a442bcf7a038-300x181.jpg 300w, https:\/\/www.radiopiu.net\/wordpress\/wp-content\/uploads\/2021\/12\/5318e112-217b-451e-b27e-a442bcf7a038.jpg 604w\" sizes=\"auto, (max-width: 300px) 100vw, 300px\" \/><\/a>\n\t\t\t\t<\/dt><\/dl><dl class='gallery-item'>\n\t\t\t\t<dt class='gallery-icon landscape'>\n\t\t\t\t\t<a class=\"rollover rollover-zoom dt-pswp-item\" title=\"9cc4849f-2c7b-4185-8fba-970991a7bcd5\" data-dt-img-description=\"\" data-large_image_width=\"612\" data-large_image_height=\"356\"href='https:\/\/www.radiopiu.net\/wordpress\/wp-content\/uploads\/2021\/12\/9cc4849f-2c7b-4185-8fba-970991a7bcd5.jpg'><img loading=\"lazy\" decoding=\"async\" width=\"300\" height=\"175\" src=\"https:\/\/www.radiopiu.net\/wordpress\/wp-content\/uploads\/2021\/12\/9cc4849f-2c7b-4185-8fba-970991a7bcd5-300x175.jpg\" class=\"attachment-medium size-medium\" alt=\"\" srcset=\"https:\/\/www.radiopiu.net\/wordpress\/wp-content\/uploads\/2021\/12\/9cc4849f-2c7b-4185-8fba-970991a7bcd5-300x175.jpg 300w, https:\/\/www.radiopiu.net\/wordpress\/wp-content\/uploads\/2021\/12\/9cc4849f-2c7b-4185-8fba-970991a7bcd5.jpg 612w\" sizes=\"auto, (max-width: 300px) 100vw, 300px\" \/><\/a>\n\t\t\t\t<\/dt><\/dl><dl class='gallery-item'>\n\t\t\t\t<dt class='gallery-icon landscape'>\n\t\t\t\t\t<a class=\"rollover rollover-zoom dt-pswp-item\" title=\"d6e01a0f-6afc-4745-9a17-9eeb74beed43\" data-dt-img-description=\"\" data-large_image_width=\"610\" data-large_image_height=\"356\"href='https:\/\/www.radiopiu.net\/wordpress\/wp-content\/uploads\/2021\/12\/d6e01a0f-6afc-4745-9a17-9eeb74beed43.jpg'><img loading=\"lazy\" decoding=\"async\" width=\"300\" height=\"175\" src=\"https:\/\/www.radiopiu.net\/wordpress\/wp-content\/uploads\/2021\/12\/d6e01a0f-6afc-4745-9a17-9eeb74beed43-300x175.jpg\" class=\"attachment-medium size-medium\" alt=\"\" srcset=\"https:\/\/www.radiopiu.net\/wordpress\/wp-content\/uploads\/2021\/12\/d6e01a0f-6afc-4745-9a17-9eeb74beed43-300x175.jpg 300w, https:\/\/www.radiopiu.net\/wordpress\/wp-content\/uploads\/2021\/12\/d6e01a0f-6afc-4745-9a17-9eeb74beed43.jpg 610w\" sizes=\"auto, (max-width: 300px) 100vw, 300px\" \/><\/a>\n\t\t\t\t<\/dt><\/dl><br style=\"clear: both\" \/><dl class='gallery-item'>\n\t\t\t\t<dt class='gallery-icon landscape'>\n\t\t\t\t\t<a class=\"rollover rollover-zoom dt-pswp-item\" title=\"abfcf9b0-b228-41a2-bcf2-565a020562b5\" data-dt-img-description=\"\" data-large_image_width=\"596\" data-large_image_height=\"360\"href='https:\/\/www.radiopiu.net\/wordpress\/wp-content\/uploads\/2021\/12\/abfcf9b0-b228-41a2-bcf2-565a020562b5.jpg'><img loading=\"lazy\" decoding=\"async\" width=\"300\" height=\"181\" src=\"https:\/\/www.radiopiu.net\/wordpress\/wp-content\/uploads\/2021\/12\/abfcf9b0-b228-41a2-bcf2-565a020562b5-300x181.jpg\" class=\"attachment-medium size-medium\" alt=\"\" srcset=\"https:\/\/www.radiopiu.net\/wordpress\/wp-content\/uploads\/2021\/12\/abfcf9b0-b228-41a2-bcf2-565a020562b5-300x181.jpg 300w, https:\/\/www.radiopiu.net\/wordpress\/wp-content\/uploads\/2021\/12\/abfcf9b0-b228-41a2-bcf2-565a020562b5.jpg 596w\" sizes=\"auto, (max-width: 300px) 100vw, 300px\" \/><\/a>\n\t\t\t\t<\/dt><\/dl><dl class='gallery-item'>\n\t\t\t\t<dt class='gallery-icon landscape'>\n\t\t\t\t\t<a class=\"rollover rollover-zoom dt-pswp-item\" title=\"c55b12b5-1ccb-431f-a1cc-10eb2ffe971a\" data-dt-img-description=\"\" data-large_image_width=\"608\" data-large_image_height=\"355\"href='https:\/\/www.radiopiu.net\/wordpress\/wp-content\/uploads\/2021\/12\/c55b12b5-1ccb-431f-a1cc-10eb2ffe971a.jpg'><img loading=\"lazy\" decoding=\"async\" width=\"300\" height=\"175\" src=\"https:\/\/www.radiopiu.net\/wordpress\/wp-content\/uploads\/2021\/12\/c55b12b5-1ccb-431f-a1cc-10eb2ffe971a-300x175.jpg\" class=\"attachment-medium size-medium\" alt=\"\" srcset=\"https:\/\/www.radiopiu.net\/wordpress\/wp-content\/uploads\/2021\/12\/c55b12b5-1ccb-431f-a1cc-10eb2ffe971a-300x175.jpg 300w, https:\/\/www.radiopiu.net\/wordpress\/wp-content\/uploads\/2021\/12\/c55b12b5-1ccb-431f-a1cc-10eb2ffe971a.jpg 608w\" sizes=\"auto, (max-width: 300px) 100vw, 300px\" \/><\/a>\n\t\t\t\t<\/dt><\/dl>\n\t\t\t\t<br style='clear: both' \/>\n\t\t\t<\/div>\n\n<p>&nbsp;<\/p>\n<hr \/>\n<p>&nbsp;<\/p>\n<blockquote>\n<h3>PNRR. ATER. APPROVATO PIANO REGIONALE DEGLI INTERVENTI, FINANZIATI 63 PROGETTI PER 99,7 MILIONI DI EURO<\/h3>\n<\/blockquote>\n<p><strong><a href=\"https:\/\/www.radiopiu.net\/wordpress\/i-debiti-della-pa-sono-scesi-a-53-miliardi-ma-il-governo-adesso-intervenga\/uomo-disteso-che-conta-soldi-con-il-calcolatore_23-2148230056\/\" rel=\"attachment wp-att-115054\"><img loading=\"lazy\" decoding=\"async\" class=\"size-medium wp-image-115054 alignleft\" src=\"https:\/\/www.radiopiu.net\/wordpress\/wp-content\/uploads\/2020\/01\/uomo-disteso-che-conta-soldi-con-il-calcolatore_23-2148230056-300x200.jpg\" alt=\"\" width=\"300\" height=\"200\" srcset=\"https:\/\/www.radiopiu.net\/wordpress\/wp-content\/uploads\/2020\/01\/uomo-disteso-che-conta-soldi-con-il-calcolatore_23-2148230056-300x200.jpg 300w, https:\/\/www.radiopiu.net\/wordpress\/wp-content\/uploads\/2020\/01\/uomo-disteso-che-conta-soldi-con-il-calcolatore_23-2148230056.jpg 626w\" sizes=\"auto, (max-width: 300px) 100vw, 300px\" \/><\/a>VENEZIA <\/strong>La Giunta regionale del Veneto con delibera ha approvato il Piano regionale degli interventi di riqualificazione dell\u2019edilizia residenziale pubblica (ERP) e gli esiti della graduatoria per l&#8217;individuazione delle iniziative finanziabili che saranno realizzate dai Comuni e dalle Aziende Territoriali per l&#8217;Edilizia Residenziale del Veneto (A.T.E.R.). Si tratta di interventi finalizzati alla verifica, miglioramento e adeguamento sismico oltre all&#8217;efficientamento energetico degli immobili e degli alloggi E.R.P e alla riqualificazione degli spazi pubblici di pertinenza. La graduatoria approvata su proposta dell\u2019assessore regionale all\u2019Edilizia residenziale pubblica Cristiano Corazzari, finanzia 63 progetti con i 99 milioni e 700 mila euro a disposizione, su un totale di 130 progetti di intervento presentanti. Tutte le province venete hanno progetti che sono stati finanziati. I numeri del Piano degli interventi veneto sono ragguardevoli. Si prevede il recupero e l&#8217;efficientamento di ben 1.865 appartamenti e l&#8217;acquisto di ulteriori 43 da destinare alle famiglie e alle persone pi\u00f9 deboli. La superficie totale che sar\u00e0 efficientata sotto il profilo energetico sar\u00e0 di oltre 145.000 metri quadri e oltre 30.000 saranno i metri quadri di alloggi oggetto di adeguamento sismico. I soggetti attuatori sono le 7 ATER venete e 19 amministrazioni comunali, mentre i territori comunali complessivamente interessati saranno 118. Gli obiettivi del piano sono molteplici e ambiziosi.<\/p>\n<p><strong>IL PIANO DI INTERVENTI (2 PAGINE)<\/strong><\/p>\n<a href=\"https:\/\/www.radiopiu.net\/wordpress\/wp-content\/uploads\/2021\/12\/PIANO-INTERVENTI-PNRR-EDILIZIA-RESIDENZIALE-PUBBLICA.pdf\" class=\"pdfemb-viewer\" style=\"\" data-width=\"max\" data-height=\"max\" data-toolbar=\"top\" data-toolbar-fixed=\"on\">PIANO INTERVENTI PNRR EDILIZIA RESIDENZIALE PUBBLICA<\/a>\n<p>&nbsp;<\/p>\n<hr \/>\n<p>&nbsp;<\/p>\n<blockquote>\n<h3>STAGIONE INVERNALE, EMERGENZA COVID E INCERTEZZA RISTORI. SCOPEL: &#8220;LA MONTAGNA BELLUNESE RISCHIA DI SOCCOMBERE. COME ARRIVEREMO ALLE OLIMPIADI DEL 2026?&#8221;<\/h3>\n<\/blockquote>\n<p><strong><a href=\"https:\/\/www.radiopiu.net\/wordpress\/belluno-la-citta-del-nulla-di-fatto-da-tiziano-alla-pallavolo\/972ec435-fa04-49e8-bf1e-048263cab367\/\" rel=\"attachment wp-att-226219\"><img loading=\"lazy\" decoding=\"async\" class=\"size-medium wp-image-226219 alignleft\" src=\"https:\/\/www.radiopiu.net\/wordpress\/wp-content\/uploads\/2021\/08\/972ec435-fa04-49e8-bf1e-048263cab367-300x200.jpg\" alt=\"\" width=\"300\" height=\"200\" srcset=\"https:\/\/www.radiopiu.net\/wordpress\/wp-content\/uploads\/2021\/08\/972ec435-fa04-49e8-bf1e-048263cab367-300x200.jpg 300w, https:\/\/www.radiopiu.net\/wordpress\/wp-content\/uploads\/2021\/08\/972ec435-fa04-49e8-bf1e-048263cab367-768x513.jpg 768w, https:\/\/www.radiopiu.net\/wordpress\/wp-content\/uploads\/2021\/08\/972ec435-fa04-49e8-bf1e-048263cab367.jpg 1024w\" sizes=\"auto, (max-width: 300px) 100vw, 300px\" \/><\/a>BELLUNO<\/strong> Mentre \u00e8 ancora tutta da completare &#8211; almeno per quanto riguarda le erogazioni concerete ai beneficiari &#8211; la partita dei ristori economici alle imprese e agli operatori (vedi maestri di sci) del turismo invernale per la stagione passata, nubi pesantissime si affacciano anche su quella appena iniziata, che pure sembrava partita sotto auspici decisamente migliori. \u201c<em>L\u2019allarme che va montando in questi giorni tra gli addetti al settore \u00e8 palpabile e i rischi di trovarsi difronte ad una situazione ancora peggiore rispetto a quella dello scorso inverno si fanno purtroppo ogni giorno pi\u00f9 concreti<\/em>\u201d, sottolinea il coordinatore provinciale di Forza Italia Dario Scopel, che aggiunge: \u201c<em>Il motivo \u00e8 dettato dal fatto che alberghi, ristoranti, impianti di risalita e, in generale, tutti gli operatori del turismo invernale, si sono impegnati quest\u2019anno con investimenti anche robusti, sia in infrastrutture che in personale, per poter essere pronti alla stagione che doveva essere della ripartenza dopo il black out totale del 2020-2021. Ora per\u00f2, anche alla luce delle pesanti nuove incertezze legate alla diffusione della pandemia, tutto questo rischia di svanire in una bolla di sapone, lasciando sul campo danni enormi, ben maggiori di quelli dello scorso anno!<\/em>\u201d. In questo senso Scopel fa proprio l\u2019appello lanciato in queste ore dall\u2019\u2019UNCEM, l\u2019Unione Nazionale dei Comuni Montani, sia per voce del presidente nazionale Marco Bussone, che di quello veneto Ennio Vigne. \u201c<em>La politica nazionale e regionale si attivi immediatamente per dare certezze ad un intero comparto che, in particolar modo per il Bellunese, rappresenta una delle spine dorsali dell\u2019economia locale e non solo<\/em><\/p>\n<p>&nbsp;<\/p>\n<p>&nbsp;<\/p>\n<hr \/>\n<p>&nbsp;<\/p>\n<blockquote>\n<h3>VIA LIBERA A TRE INTERVENTI. AMMONTA A 700 MILA EURO L&#8217;INVESTIMENTO PER LA VIABILITA&#8217; DI FELTRE<\/h3>\n<\/blockquote>\n<p><strong>FELTRE<\/strong><\/p>\n<p>di Moreno Gioli<\/p>\n<audio class=\"wp-audio-shortcode\" id=\"audio-250777-3\" preload=\"none\" style=\"width: 100%;\" controls=\"controls\"><source type=\"audio\/mpeg\" src=\"https:\/\/www.radiopiu.net\/wordpress\/wp-content\/uploads\/2021\/12\/GIOLI-LAVORI-ASFALTATURA-FELTRE.mp3?_=3\" \/><a href=\"https:\/\/www.radiopiu.net\/wordpress\/wp-content\/uploads\/2021\/12\/GIOLI-LAVORI-ASFALTATURA-FELTRE.mp3\">https:\/\/www.radiopiu.net\/wordpress\/wp-content\/uploads\/2021\/12\/GIOLI-LAVORI-ASFALTATURA-FELTRE.mp3<\/a><\/audio>\n<p>&nbsp;<\/p>\n<p><strong>ADIS ZATTA, ASSESSORE DEL COMUNE DI FELTRE<\/strong><\/p>\n<audio class=\"wp-audio-shortcode\" id=\"audio-250777-4\" preload=\"none\" style=\"width: 100%;\" controls=\"controls\"><source type=\"audio\/mpeg\" src=\"https:\/\/www.radiopiu.net\/wordpress\/wp-content\/uploads\/2021\/12\/Zatta-su-delibere-Lavori-pubblici.mp3?_=4\" \/><a href=\"https:\/\/www.radiopiu.net\/wordpress\/wp-content\/uploads\/2021\/12\/Zatta-su-delibere-Lavori-pubblici.mp3\">https:\/\/www.radiopiu.net\/wordpress\/wp-content\/uploads\/2021\/12\/Zatta-su-delibere-Lavori-pubblici.mp3<\/a><\/audio>\n<p>&nbsp;<\/p>\n\n\t\t\t<style type='text\/css'>\n\t\t\t\t#gallery-4 {\n\t\t\t\t\tmargin: auto;\n\t\t\t\t}\n\t\t\t\t#gallery-4 .gallery-item {\n\t\t\t\t\tfloat: left;\n\t\t\t\t\tmargin-top: 10px;\n\t\t\t\t\ttext-align: center;\n\t\t\t\t\twidth: 33%;\n\t\t\t\t}\n\t\t\t\t#gallery-4 img {\n\t\t\t\t\tborder: 2px solid #cfcfcf;\n\t\t\t\t}\n\t\t\t\t#gallery-4 .gallery-caption {\n\t\t\t\t\tmargin-left: 0;\n\t\t\t\t}\n\t\t\t\t\/* see gallery_shortcode() in wp-includes\/media.php *\/\n\t\t\t<\/style>\n\t\t<div id='gallery-4' class='dt-gallery-container gallery galleryid-250777 gallery-columns-3 gallery-size-medium'><dl class='gallery-item'>\n\t\t\t\t<dt class='gallery-icon landscape'>\n\t\t\t\t\t<a class=\"rollover rollover-zoom dt-pswp-item\" title=\"68b3a1b5-ca3d-46e8-89f0-346975d4eed8\" data-dt-img-description=\"\" data-large_image_width=\"2048\" data-large_image_height=\"1152\"href='https:\/\/www.radiopiu.net\/wordpress\/wp-content\/uploads\/2021\/12\/68b3a1b5-ca3d-46e8-89f0-346975d4eed8.jpg'><img loading=\"lazy\" decoding=\"async\" width=\"300\" height=\"169\" src=\"https:\/\/www.radiopiu.net\/wordpress\/wp-content\/uploads\/2021\/12\/68b3a1b5-ca3d-46e8-89f0-346975d4eed8-300x169.jpg\" class=\"attachment-medium size-medium\" alt=\"\" srcset=\"https:\/\/www.radiopiu.net\/wordpress\/wp-content\/uploads\/2021\/12\/68b3a1b5-ca3d-46e8-89f0-346975d4eed8-300x169.jpg 300w, https:\/\/www.radiopiu.net\/wordpress\/wp-content\/uploads\/2021\/12\/68b3a1b5-ca3d-46e8-89f0-346975d4eed8-1024x576.jpg 1024w, https:\/\/www.radiopiu.net\/wordpress\/wp-content\/uploads\/2021\/12\/68b3a1b5-ca3d-46e8-89f0-346975d4eed8-768x432.jpg 768w, https:\/\/www.radiopiu.net\/wordpress\/wp-content\/uploads\/2021\/12\/68b3a1b5-ca3d-46e8-89f0-346975d4eed8-1536x864.jpg 1536w, https:\/\/www.radiopiu.net\/wordpress\/wp-content\/uploads\/2021\/12\/68b3a1b5-ca3d-46e8-89f0-346975d4eed8.jpg 2048w\" sizes=\"auto, (max-width: 300px) 100vw, 300px\" \/><\/a>\n\t\t\t\t<\/dt><\/dl><dl class='gallery-item'>\n\t\t\t\t<dt class='gallery-icon landscape'>\n\t\t\t\t\t<a class=\"rollover rollover-zoom dt-pswp-item\" title=\"4f0be9e4-e724-4996-9ebc-97aa3fc035a2\" data-dt-img-description=\"\" data-large_image_width=\"2048\" data-large_image_height=\"1152\"href='https:\/\/www.radiopiu.net\/wordpress\/wp-content\/uploads\/2021\/12\/4f0be9e4-e724-4996-9ebc-97aa3fc035a2.jpg'><img loading=\"lazy\" decoding=\"async\" width=\"300\" height=\"169\" src=\"https:\/\/www.radiopiu.net\/wordpress\/wp-content\/uploads\/2021\/12\/4f0be9e4-e724-4996-9ebc-97aa3fc035a2-300x169.jpg\" class=\"attachment-medium size-medium\" alt=\"\" srcset=\"https:\/\/www.radiopiu.net\/wordpress\/wp-content\/uploads\/2021\/12\/4f0be9e4-e724-4996-9ebc-97aa3fc035a2-300x169.jpg 300w, https:\/\/www.radiopiu.net\/wordpress\/wp-content\/uploads\/2021\/12\/4f0be9e4-e724-4996-9ebc-97aa3fc035a2-1024x576.jpg 1024w, https:\/\/www.radiopiu.net\/wordpress\/wp-content\/uploads\/2021\/12\/4f0be9e4-e724-4996-9ebc-97aa3fc035a2-768x432.jpg 768w, https:\/\/www.radiopiu.net\/wordpress\/wp-content\/uploads\/2021\/12\/4f0be9e4-e724-4996-9ebc-97aa3fc035a2-1536x864.jpg 1536w, https:\/\/www.radiopiu.net\/wordpress\/wp-content\/uploads\/2021\/12\/4f0be9e4-e724-4996-9ebc-97aa3fc035a2.jpg 2048w\" sizes=\"auto, (max-width: 300px) 100vw, 300px\" \/><\/a>\n\t\t\t\t<\/dt><\/dl><dl class='gallery-item'>\n\t\t\t\t<dt class='gallery-icon landscape'>\n\t\t\t\t\t<a class=\"rollover rollover-zoom dt-pswp-item\" title=\"debe66d5-e08f-4827-927e-708c43b2fc46\" data-dt-img-description=\"\" data-large_image_width=\"2048\" data-large_image_height=\"1152\"href='https:\/\/www.radiopiu.net\/wordpress\/wp-content\/uploads\/2021\/12\/debe66d5-e08f-4827-927e-708c43b2fc46.jpg'><img loading=\"lazy\" decoding=\"async\" width=\"300\" height=\"169\" src=\"https:\/\/www.radiopiu.net\/wordpress\/wp-content\/uploads\/2021\/12\/debe66d5-e08f-4827-927e-708c43b2fc46-300x169.jpg\" class=\"attachment-medium size-medium\" alt=\"\" srcset=\"https:\/\/www.radiopiu.net\/wordpress\/wp-content\/uploads\/2021\/12\/debe66d5-e08f-4827-927e-708c43b2fc46-300x169.jpg 300w, https:\/\/www.radiopiu.net\/wordpress\/wp-content\/uploads\/2021\/12\/debe66d5-e08f-4827-927e-708c43b2fc46-1024x576.jpg 1024w, https:\/\/www.radiopiu.net\/wordpress\/wp-content\/uploads\/2021\/12\/debe66d5-e08f-4827-927e-708c43b2fc46-768x432.jpg 768w, https:\/\/www.radiopiu.net\/wordpress\/wp-content\/uploads\/2021\/12\/debe66d5-e08f-4827-927e-708c43b2fc46-1536x864.jpg 1536w, https:\/\/www.radiopiu.net\/wordpress\/wp-content\/uploads\/2021\/12\/debe66d5-e08f-4827-927e-708c43b2fc46.jpg 2048w\" sizes=\"auto, (max-width: 300px) 100vw, 300px\" \/><\/a>\n\t\t\t\t<\/dt><\/dl><br style=\"clear: both\" \/>\n\t\t\t<\/div>\n\n<p>&nbsp;<\/p>\n<hr \/>\n<p>&nbsp;<\/p>\n<blockquote>\n<h3>CHIUDE L&#8217;ULTIMO NEGOZIO? PREOCCUPAZIONE IN CONSIGLIO COMUNALE<\/h3>\n<\/blockquote>\n<p><a href=\"https:\/\/www.radiopiu.net\/wordpress\/giornale-radiopiu-28-settembre-2021-direttore-mirko-mezzacasa\/francesca-della-lucia-2\/\" rel=\"attachment wp-att-234075\"><img loading=\"lazy\" decoding=\"async\" class=\"wp-image-234075 alignleft\" src=\"https:\/\/www.radiopiu.net\/wordpress\/wp-content\/uploads\/2021\/09\/Francesca-Della-Lucia-2.bmp\" alt=\"\" width=\"153\" height=\"153\" \/><\/a><strong>VOLTAGO<\/strong> Marted\u00ec sera in consiglio comunale di Voltago, il consigliere comunale Francesca Della Lucia ha presentato\u00a0 una mozione sul\u00a0 milite ignoto, accolta e votata da\u00a0 8\u00a0 consiglieri,\u00a0 tre (maggioranza) astenuti. E poi l\u2019interpellanza urgente per la chiusura dell\u2019unico negozio di generi alimentari di Frassen\u00e9. Francesca Della Lucia ha chiesto\u00a0 quale posizione politica l\u2019amministrazione prender\u00e0 e quali misure a riguardo ( a breve e lungo termine) intenda avviare per contrastare la privazione del servizio alla cittadinanza<\/p>\n<p><strong>FRANCESCA DELLA LUCIA, CONSIGLIERE COMUNALE\u00a0<\/strong><\/p>\n<audio class=\"wp-audio-shortcode\" id=\"audio-250777-5\" preload=\"none\" style=\"width: 100%;\" controls=\"controls\"><source type=\"audio\/mpeg\" src=\"https:\/\/www.radiopiu.net\/wordpress\/wp-content\/uploads\/2021\/12\/FRANCESCA-DELLA-LUCIA-CONSIGLIO-VOLTAGO.mp3?_=5\" \/><a href=\"https:\/\/www.radiopiu.net\/wordpress\/wp-content\/uploads\/2021\/12\/FRANCESCA-DELLA-LUCIA-CONSIGLIO-VOLTAGO.mp3\">https:\/\/www.radiopiu.net\/wordpress\/wp-content\/uploads\/2021\/12\/FRANCESCA-DELLA-LUCIA-CONSIGLIO-VOLTAGO.mp3<\/a><\/audio>\n<p>&nbsp;<\/p>\n<p>di GIANNI SANTOMASO<\/p>\n<audio class=\"wp-audio-shortcode\" id=\"audio-250777-6\" preload=\"none\" style=\"width: 100%;\" controls=\"controls\"><source type=\"audio\/mpeg\" src=\"https:\/\/www.radiopiu.net\/wordpress\/wp-content\/uploads\/2021\/12\/GIANNI-FRASSENE.mp3?_=6\" \/><a href=\"https:\/\/www.radiopiu.net\/wordpress\/wp-content\/uploads\/2021\/12\/GIANNI-FRASSENE.mp3\">https:\/\/www.radiopiu.net\/wordpress\/wp-content\/uploads\/2021\/12\/GIANNI-FRASSENE.mp3<\/a><\/audio>\n<p>&nbsp;<\/p>\n<p>&nbsp;<\/p>\n<p>&nbsp;<\/p>\n<hr \/>\n<p>&nbsp;<\/p>\n<blockquote>\n<h3>IERI SUI NOSTRI CANALI SOCIAL E ALLA RADIO IL CONSIGLIO COMUNALE DI FALCADE. RIASCOLTALO O RIVEDILO SUL SITO WWW.RADIOPIU.NET<\/h3>\n<\/blockquote>\n<blockquote class=\"wp-embedded-content\" data-secret=\"ih4fv7caBy\"><p><a href=\"https:\/\/www.radiopiu.net\/wordpress\/consiglio-comunale-di-falcade-la-diretta-differita\/\">CONSIGLIO COMUNALE DI FALCADE, LA DIRETTA DIFFERITA<\/a><\/p><\/blockquote>\n<p><iframe loading=\"lazy\" class=\"wp-embedded-content\" sandbox=\"allow-scripts\" security=\"restricted\" style=\"position: absolute; clip: rect(1px, 1px, 1px, 1px);\" title=\"&#8220;CONSIGLIO COMUNALE DI FALCADE, LA DIRETTA DIFFERITA&#8221; &#8212; Radio Pi\u00f9\" src=\"https:\/\/www.radiopiu.net\/wordpress\/consiglio-comunale-di-falcade-la-diretta-differita\/embed\/#?secret=ih4fv7caBy\" data-secret=\"ih4fv7caBy\" width=\"600\" height=\"338\" frameborder=\"0\" marginwidth=\"0\" marginheight=\"0\" scrolling=\"no\"><\/iframe><\/p>\n<p>&nbsp;<\/p>\n<hr \/>\n<p>&nbsp;<\/p>\n<blockquote>\n<h3>IERI SERA IL CONSIGLIO COMUNALE DI AGORDO, TRASMESSO IN DIRETTA SUI CANALI SOCIAL E SUL SITO WWW.RADIOPIU.NET, RIASCOLTALO O RIVEDILO<\/h3>\n<\/blockquote>\n<p>https:\/\/www.facebook.com\/mirko.mezzacasa\/videos\/613529459898767<\/p>\n<p>&nbsp;<\/p>\n<hr \/>\n<p>&nbsp;<\/p>\n<blockquote>\n<h3>I NUOVI ORARI DELLE CASETTE DEL BRULE&#8217; A BELLUNO<\/h3>\n<\/blockquote>\n<p><strong>BELLUNO <\/strong><span class=\"s1\">Il Sindaco di Belluno, Jacopo Massaro, ha firmato e inviato questa mattina agli organizzatori e ai gestori delle \u201ccasette del brul\u00e8\u201d dei Mercatini di Natale di Piazza dei Martiri la lettera con la quale vengono comunicati i nuovi orari di apertura. <\/span><span class=\"s1\">I nuovo orari sono in vigore e saranno in vigore fino all&#8217;ultima giornata di attivit\u00e0 delle diverse casette. <\/span><span class=\"s1\">Il nuovo calendario prevede l&#8217;apertura dal luned\u00ec al gioved\u00ec dalle\u00a0ore 10:30 alle ore 21:30; il venerd\u00ec, prefestivi e festivi dalle ore 10:30 alle ore 23:00; il\u00a0<span class=\"Apple-converted-space\">\u00a0<\/span>31 dicembre, infine, dalle ore 10:30 alle ore 22:30.\u00a0<\/span><\/p>\n<p><strong>IL SINDACO DI BELLUNO JACOPO MASSARO<\/strong><\/p>\n<audio class=\"wp-audio-shortcode\" id=\"audio-250777-7\" preload=\"none\" style=\"width: 100%;\" controls=\"controls\"><source type=\"audio\/mpeg\" src=\"https:\/\/www.radiopiu.net\/wordpress\/wp-content\/uploads\/2021\/12\/MASSARO-CASETTE.mp3?_=7\" \/><a href=\"https:\/\/www.radiopiu.net\/wordpress\/wp-content\/uploads\/2021\/12\/MASSARO-CASETTE.mp3\">https:\/\/www.radiopiu.net\/wordpress\/wp-content\/uploads\/2021\/12\/MASSARO-CASETTE.mp3<\/a><\/audio>\n<p>&nbsp;<\/p>\n<p>&nbsp;<\/p>\n<hr \/>\n<p>&nbsp;<\/p>\n<blockquote>\n<h2>LA COSTELLAZIONE DI PONTE NELLE ALPI, BRILLANO GIOVANI MERITEVOLI<\/h2>\n<\/blockquote>\n<p>&nbsp;<\/p>\n<p><b>PONTE NELLE ALPI <\/b>Sono giovani e hanno avuto il merito di distinguersi nello sport, nella cultura, nell\u2019arte, nell\u2019informatica e nel sociale. E sono, soprattutto, \u201c<b>Le stelle di Ponte nelle Alpi\u201d<\/b>, premiate in municipio dall\u2019amministrazione comunale.<span class=\"gmail-Apple-converted-space\">\u00a0<\/span><\/p>\n<p>A cominciare da <b>Alvise Marascalchi<\/b>: classe 2008 di Roncan, in primavera \u00e8 stato protagonista su Rai 1 nella fiction &#8220;Un passo dal cielo 6 &#8211; I guardiani\u201d: un grande successo di pubblico. In pi\u00f9, \u00e8 entrato a far parte del cast di un nuovo film girato dal regista Luca Lucini, in provincia di Treviso. E intitolato &#8220;Le ragazze di carta\u201d: Alvise ha recitato al fianco di attori come Maya Sansa, Andrea Pennacchi e Neri Marcor\u00e8. <strong>Applausi pure per Giulia Ces<\/strong>a: classe 2007, di Losego, ha vinto il primo premio del concorso promosso dal ministero dell\u2019Interno: &#8220;PretenDiamo legalit\u00e0\u201d. E nella categoria graphic novel. Il suo fumetto \u201cCommissario Mascherpa &#8211; Le mascherine del Sant\u2019Ugo\u201d \u00e8 stato apprezzato in maniera trasversale.<span class=\"gmail-Apple-converted-space\">\u00a0<\/span><strong>Quindi Mattia Ferigutti:<\/strong> classe 1999 di Piaia, si \u00e8 distinto nell\u2019ambito dell\u2019informatica e, da autodidatta, \u00e8 diventato un esperto sviluppastore di App, mentre Ilaria Dedaj \u00e8 una diciannovenne che ha inciso un brano musicale: \u201cSpeed of sound\u201d.<strong> Sara Barattin<\/strong>, invece, ha salvato la vita a un anziano che si stava per soffocare, e<strong> Sebastiano Collazuol (<\/strong>classe 2009 di Polpet) ha scritto la poesia \u201cUn sogno\u201d, arrivando in finale a un concorso in memoria di Alda Merini.<span class=\"gmail-Apple-converted-space\"> \u00a0<\/span>E ia livello sportivo?<strong> Sfreccia Marco Da Rold:<\/strong> classe 2006, sul circuito internazionale d\u2019Abruzzo, a Ortona, \u00e8 diventato campione italiano di Moto 10-160 Leggeri, a conclusione del Campionato nazionale di velocit\u00e0. Uno sportivo \u00e8 anche<strong> Lorenzo De Fanti<\/strong>: quindicenne di Ponte nelle Alpi, \u00e8 un atleta del G.S. Quantin che dal prossimo anno correr\u00e0 con l&#8217;Athletic Club Belluno Firex. Ha ottenuto una vittoria di prestigio al \u201cCampaccio&#8221;, storica gara di corsa campestre, si \u00e8 laureato due volte campione regionale Cadetti e ha conquistato il bronzo agli Italiani in pista di Forl\u00ec. Infine, <strong>Sara Mazzucco<\/strong>: classe 2000 della frazione Mazzucchi, \u00e8 riuscita a mettersi al collo l\u2019argento ai Campionati italiani di Trail Corto, in occasione del Trail delle 5 Querce a Gravina, in Puglia. Premiata pure la Polisportiva Astra, squadra agonistica di ginnastica artista \u00abper l&#8217;impegno, la costanza negli allenamenti e i buoni risultati raggiunti nonostante il periodo difficile causato dalla pandemia\u00bb.<\/p>\n\n\t\t\t<style type='text\/css'>\n\t\t\t\t#gallery-5 {\n\t\t\t\t\tmargin: auto;\n\t\t\t\t}\n\t\t\t\t#gallery-5 .gallery-item {\n\t\t\t\t\tfloat: left;\n\t\t\t\t\tmargin-top: 10px;\n\t\t\t\t\ttext-align: center;\n\t\t\t\t\twidth: 50%;\n\t\t\t\t}\n\t\t\t\t#gallery-5 img {\n\t\t\t\t\tborder: 2px solid #cfcfcf;\n\t\t\t\t}\n\t\t\t\t#gallery-5 .gallery-caption {\n\t\t\t\t\tmargin-left: 0;\n\t\t\t\t}\n\t\t\t\t\/* see gallery_shortcode() in wp-includes\/media.php *\/\n\t\t\t<\/style>\n\t\t<div id='gallery-5' class='dt-gallery-container gallery galleryid-250777 gallery-columns-2 gallery-size-large'><dl class='gallery-item'>\n\t\t\t\t<dt class='gallery-icon landscape'>\n\t\t\t\t\t<a class=\"rollover rollover-zoom dt-pswp-item\" title=\"Stelle_1\" data-dt-img-description=\"\" data-large_image_width=\"1137\" data-large_image_height=\"853\"href='https:\/\/www.radiopiu.net\/wordpress\/wp-content\/uploads\/2021\/12\/Stelle_1.jpg'><img loading=\"lazy\" decoding=\"async\" width=\"1024\" height=\"768\" src=\"https:\/\/www.radiopiu.net\/wordpress\/wp-content\/uploads\/2021\/12\/Stelle_1-1024x768.jpg\" class=\"attachment-large size-large\" alt=\"\" srcset=\"https:\/\/www.radiopiu.net\/wordpress\/wp-content\/uploads\/2021\/12\/Stelle_1-1024x768.jpg 1024w, https:\/\/www.radiopiu.net\/wordpress\/wp-content\/uploads\/2021\/12\/Stelle_1-300x225.jpg 300w, https:\/\/www.radiopiu.net\/wordpress\/wp-content\/uploads\/2021\/12\/Stelle_1-768x576.jpg 768w, https:\/\/www.radiopiu.net\/wordpress\/wp-content\/uploads\/2021\/12\/Stelle_1.jpg 1137w\" sizes=\"auto, (max-width: 1024px) 100vw, 1024px\" \/><\/a>\n\t\t\t\t<\/dt><\/dl><dl class='gallery-item'>\n\t\t\t\t<dt class='gallery-icon landscape'>\n\t\t\t\t\t<a class=\"rollover rollover-zoom dt-pswp-item\" title=\"Stelle_2\" data-dt-img-description=\"\" data-large_image_width=\"1335\" data-large_image_height=\"848\"href='https:\/\/www.radiopiu.net\/wordpress\/wp-content\/uploads\/2021\/12\/Stelle_2.jpg'><img loading=\"lazy\" decoding=\"async\" width=\"1024\" height=\"650\" src=\"https:\/\/www.radiopiu.net\/wordpress\/wp-content\/uploads\/2021\/12\/Stelle_2-1024x650.jpg\" class=\"attachment-large size-large\" alt=\"\" srcset=\"https:\/\/www.radiopiu.net\/wordpress\/wp-content\/uploads\/2021\/12\/Stelle_2-1024x650.jpg 1024w, https:\/\/www.radiopiu.net\/wordpress\/wp-content\/uploads\/2021\/12\/Stelle_2-300x191.jpg 300w, https:\/\/www.radiopiu.net\/wordpress\/wp-content\/uploads\/2021\/12\/Stelle_2-768x488.jpg 768w, https:\/\/www.radiopiu.net\/wordpress\/wp-content\/uploads\/2021\/12\/Stelle_2.jpg 1335w\" sizes=\"auto, (max-width: 1024px) 100vw, 1024px\" \/><\/a>\n\t\t\t\t<\/dt><\/dl><br style=\"clear: both\" \/>\n\t\t\t<\/div>\n\n<p>&nbsp;<\/p>\n<p>&nbsp;<\/p>\n<hr \/>\n<p>&nbsp;<\/p>\n<blockquote>\n<h3>AFFIDATO A UN FALCONIERE L\u2019ALLONTANAMENTO DI PICCIONI DAGLI OSPEDALI DELL\u2019ULSS DOLOMITI<\/h3>\n<\/blockquote>\n<p><strong><a href=\"https:\/\/www.radiopiu.net\/wordpress\/conferenza-stampa-del-presidente-del-veneto-luca-zaia-14-giugno-2020\/dc8d9e01-0412-48a8-91b1-c64ba92a8187\/\" rel=\"attachment wp-att-144229\"><img loading=\"lazy\" decoding=\"async\" class=\"size-medium wp-image-144229 alignleft\" src=\"https:\/\/www.radiopiu.net\/wordpress\/wp-content\/uploads\/2020\/06\/dc8d9e01-0412-48a8-91b1-c64ba92a8187-300x150.jpg\" alt=\"\" width=\"300\" height=\"150\" srcset=\"https:\/\/www.radiopiu.net\/wordpress\/wp-content\/uploads\/2020\/06\/dc8d9e01-0412-48a8-91b1-c64ba92a8187-300x150.jpg 300w, https:\/\/www.radiopiu.net\/wordpress\/wp-content\/uploads\/2020\/06\/dc8d9e01-0412-48a8-91b1-c64ba92a8187-1024x512.jpg 1024w, https:\/\/www.radiopiu.net\/wordpress\/wp-content\/uploads\/2020\/06\/dc8d9e01-0412-48a8-91b1-c64ba92a8187-768x384.jpg 768w, https:\/\/www.radiopiu.net\/wordpress\/wp-content\/uploads\/2020\/06\/dc8d9e01-0412-48a8-91b1-c64ba92a8187-1536x768.jpg 1536w, https:\/\/www.radiopiu.net\/wordpress\/wp-content\/uploads\/2020\/06\/dc8d9e01-0412-48a8-91b1-c64ba92a8187.jpg 2048w\" sizes=\"auto, (max-width: 300px) 100vw, 300px\" \/><\/a>BELLUNO <\/strong>L\u2019Ulss Dolomiti ha scelto la natura: ha affidato un incarico a un falconiere per l\u2019allontanamento dei piccioni dagli ospedali. Per mantenere\u00a0 condizioni di integrit\u00e0, adeguata igiene e decoro estetico negli ospedali dell\u2019Ulss Dolomiti, \u00e8 stata fatta una indagine di mercato per allontanamento di piccioni e altri volatili, potenziali fonti di sporcizia e malattie infettive, che hanno nidificato nelle strutture. In esito alle procedure, l\u2019intervento \u00e8 stato affidato alla ditta Denis Vettorazzo di Cison di Valmarino che porter\u00e0 in Ulss Dolomiti l\u2019antica arte della falconeria per allontanare\u00a0 i piccioni. Sono stati valutati diversi tipi di intervento e si \u00e8 deciso di ricorrere a un metodo naturale che comporta l\u2019impiego di falchi per un importo di 17 mila euro. Questo il programma: Nei primi mesi dell&#8217;anno sar\u00e0 effettuato un monitoraggio standardizzato della consistenza numerica dei colombi presenti, al fine di procedere ad una stima della densit\u00e0 di popolazione e , determinare indirettamente il numero di coppie presenti (pari a circa 1\/3 della popolazione presente). Per ognuna delle aree individuate verranno scelti, secondo criterio casuale, un adeguato numero di quadrati (20% del totale) all&#8217;interno dei quali verranno condotti i rilievi che comportano la conta diretta degli individui. Nel periodo primavera\/estate sono previsti degli interventi di dissuasione a mezzo di rapace addestrato allo solo scopo dissuasivo. I tecnici incaricati gestiranno gli interventi di falconeria e valuteranno in fase d\u2019opera eventuali nidi da rimuovere. Una scelta green, rispettosa della natura, che consentir\u00e0 di garantire anche la sicurezza delle elisuperfici e la pulizia delle pertinenze degli ospedali.<\/p>\n<p>&nbsp;<\/p>\n<p>&nbsp;<\/p>\n<hr \/>\n<p>&nbsp;<\/p>\n<blockquote>\n<h3>DAL PALAZZO COMUNALE IL MESSAGGIO AI &#8220;COSCRITTI&#8221;<\/h3>\n<p>&nbsp;<\/p><\/blockquote>\n<p><strong>AGORDO<\/strong> Doppia firma sul biglietto di auguri ai nei diciottenni, del sindaco Roberto Chissal\u00e8 e dell&#8217;assessore alla politiche giovanili Chiara Fontanive.<\/p>\n<p><strong>AUDIO\u00a0<\/strong><\/p>\n<audio class=\"wp-audio-shortcode\" id=\"audio-250777-8\" preload=\"none\" style=\"width: 100%;\" controls=\"controls\"><source type=\"audio\/mpeg\" src=\"https:\/\/www.radiopiu.net\/wordpress\/wp-content\/uploads\/2021\/12\/CHIARA.mp3?_=8\" \/><a href=\"https:\/\/www.radiopiu.net\/wordpress\/wp-content\/uploads\/2021\/12\/CHIARA.mp3\">https:\/\/www.radiopiu.net\/wordpress\/wp-content\/uploads\/2021\/12\/CHIARA.mp3<\/a><\/audio>\n<p>&nbsp;<\/p>\n<p>&nbsp;<\/p>\n<blockquote><p><em><img loading=\"lazy\" decoding=\"async\" class=\"alignleft\" src=\"https:\/\/www.radiopiu.net\/wordpress\/wp-content\/uploads\/2021\/12\/agordo.jpg\" width=\"227\" height=\"151\" \/>&#8220;A nome di tutta l\u2019amministrazione comunale di Agordo rivolgiamo a Voi un caloroso benvenuto nella maggiore et\u00e0, quella che fa di Voi cittadini maturi con pienezza di diritti e di doveri. Avremmo avuto il piacere di incontrarVi personalmente, in una occasione conviviale, ma le condizioni attuali di emergenza sanitaria purtroppo non lo consentono. Abbiamo cos\u00ec deciso di inviarVi direttamente un messaggio di augurio, insieme ad una copia della Costituzione della Repubblica Italiana perch\u00e9 riteniamo sia fondamentale per Voi, neo diciottenni, conoscere e approfondire i principi che hanno ispirato i nostri Padri Costituenti. La Costituzione \u00e8 il documento fondamentale del nostro Stato e contiene le regole e le norme essenziali per una convivenza civile fondata su ideali di libert\u00e0, di pace, di uguaglianza e di giustizia, che sono le basi di una nazione democratica, quale \u00e8 l\u2019Italia. L\u2019auspicio \u00e8 che gli importanti valori espressi nella Costituzione possano in ognuno di Voi dare un valido contributo per migliorare il presente e arricchire il futuro del nostro paese e del mondo. Il presidente Sandro Pertini nel messaggio di fine anno agli Italiani del 1978 diceva: \u201cIo sono orgoglioso di essere cittadino italiano, ma mi sento anche cittadino del mondo, sicch\u00e9 quando un uomo in un angolo della terra lotta per la sua libert\u00e0 ed \u00e8 perseguitato perch\u00e9 vuole restare un uomo libero, io sono al suo fianco con tutta la mia solidariet\u00e0 di cittadino del mondo.\u201d Nella speranza di tornare presto a condividere iniziative in presenza, Vi auguriamo un futuro di partecipazione attiva, nella certezza che proprio Voi possiate portare nuove idee ed iniziative, mettendo al servizio della collettivit\u00e0 il Vostro potenziale espressivo.<\/em><\/p><\/blockquote>\n<p><strong>foto MANUEL CONEDERA\u00a0\u00a0<\/strong><\/p>\n<p>DI GIANNI SANTOMASO<\/p>\n<audio class=\"wp-audio-shortcode\" id=\"audio-250777-9\" preload=\"none\" style=\"width: 100%;\" controls=\"controls\"><source type=\"audio\/mpeg\" src=\"https:\/\/www.radiopiu.net\/wordpress\/wp-content\/uploads\/2021\/12\/GIANNI-COSSTITUZIONE.mp3?_=9\" \/><a href=\"https:\/\/www.radiopiu.net\/wordpress\/wp-content\/uploads\/2021\/12\/GIANNI-COSSTITUZIONE.mp3\">https:\/\/www.radiopiu.net\/wordpress\/wp-content\/uploads\/2021\/12\/GIANNI-COSSTITUZIONE.mp3<\/a><\/audio>\n<p>&nbsp;<\/p>\n<hr \/>\n<p>&nbsp;<\/p>\n<p>&nbsp;<\/p>\n<blockquote>\n<h2>UN CENTRO COTTURA SCOLASTICO ALLA SCUOLA PER L&#8217;INFANZIA DI MARAS<\/h2>\n<\/blockquote>\n<p><strong><a href=\"https:\/\/www.radiopiu.net\/wordpress\/un-centro-cottura-scolastico-alla-scuola-per-linfanzia-di-maras\/1096515_20150617_sospi2\/\" rel=\"attachment wp-att-250990\"><img loading=\"lazy\" decoding=\"async\" class=\"wp-image-250990 alignleft\" src=\"https:\/\/www.radiopiu.net\/wordpress\/wp-content\/uploads\/2021\/12\/1096515_20150617_sospi2-300x165.jpg\" alt=\"\" width=\"220\" height=\"121\" srcset=\"https:\/\/www.radiopiu.net\/wordpress\/wp-content\/uploads\/2021\/12\/1096515_20150617_sospi2-300x165.jpg 300w, https:\/\/www.radiopiu.net\/wordpress\/wp-content\/uploads\/2021\/12\/1096515_20150617_sospi2.jpg 620w\" sizes=\"auto, (max-width: 220px) 100vw, 220px\" \/><\/a>SOSPIROLO<\/strong><\/p>\n<p><strong>AUDIO<\/strong><\/p>\n<audio class=\"wp-audio-shortcode\" id=\"audio-250777-10\" preload=\"none\" style=\"width: 100%;\" controls=\"controls\"><source type=\"audio\/mpeg\" src=\"https:\/\/www.radiopiu.net\/wordpress\/wp-content\/uploads\/2021\/12\/DAMIANO-3.mp3?_=10\" \/><a href=\"https:\/\/www.radiopiu.net\/wordpress\/wp-content\/uploads\/2021\/12\/DAMIANO-3.mp3\">https:\/\/www.radiopiu.net\/wordpress\/wp-content\/uploads\/2021\/12\/DAMIANO-3.mp3<\/a><\/audio>\n<p>&nbsp;<\/p>\n<p>&nbsp;<\/p>\n<hr \/>\n<p>&nbsp;<\/p>\n<blockquote>\n<h3>COSCRITTI, UNA FRATELLANZA NON SCRITTA DALLE EMOZIONI INCANCELLABILI<\/h3>\n<\/blockquote>\n<p>&nbsp;<\/p>\n<p><em>A Lucia,\u00a0 Rudy, Fausto<\/em><\/p>\n<p><strong><a href=\"https:\/\/www.radiopiu.net\/wordpress\/coscritti-una-fratellanza-non-scritta-dalle-emozioni-incancellabili\/agordo-coscritti-del-1937-di-taibon\/\" rel=\"attachment wp-att-250870\"><img loading=\"lazy\" decoding=\"async\" class=\"size-medium wp-image-250870 alignleft\" src=\"https:\/\/www.radiopiu.net\/wordpress\/wp-content\/uploads\/2021\/12\/Agordo-coscritti-del-1937-di-Taibon-300x204.jpg\" alt=\"\" width=\"300\" height=\"204\" srcset=\"https:\/\/www.radiopiu.net\/wordpress\/wp-content\/uploads\/2021\/12\/Agordo-coscritti-del-1937-di-Taibon-300x204.jpg 300w, https:\/\/www.radiopiu.net\/wordpress\/wp-content\/uploads\/2021\/12\/Agordo-coscritti-del-1937-di-Taibon-1024x696.jpg 1024w, https:\/\/www.radiopiu.net\/wordpress\/wp-content\/uploads\/2021\/12\/Agordo-coscritti-del-1937-di-Taibon-768x522.jpg 768w, https:\/\/www.radiopiu.net\/wordpress\/wp-content\/uploads\/2021\/12\/Agordo-coscritti-del-1937-di-Taibon.jpg 1518w\" sizes=\"auto, (max-width: 300px) 100vw, 300px\" \/><\/a>TAIBON<\/strong> Fa sempre uno strano effetto di questi giorni girare per Taibon (ma anche in Val Cordevole e Valle del Biois) e vedere con piacere il messaggio ben augurante dei &#8220;coscritti&#8221; al paese, quest&#8217;anno la firma \u00e8 delle ragazze e dei ragazzi nati nel 2003.\u00a0 Ci sono passato anch&#8217;io alla met\u00e0 degli anni Ottanta, ricordi indelebili, dal bandierone da portare con rispetto tra le &#8220;canesele&#8221; del paese alla bellezza delle nostre coscritte, ad attenderci a casa per consegnarci i fiori per il cappello, ce ne sono ovunque nelle case di Taibon, difficilmente finiscono nella raccolta differenziata. Una tradizione che non ha conosciuto interruzioni anche se in periodi di covid le restrizioni sono state tante. <strong>Il coscritto, da una generazione all&#8217;altra<\/strong> Ci sono fienili in paese che hanno ancora marchiato l&#8217;anno di coscrizione nel periodo degli anni quaranta e\u00a0 la foto che ho ritrovato in archivio (mi scuso con l&#8217;autore ma non ho trovato riferimenti per i ringraziamenti per lo splendido scatto) risale alla coscrizioni di Taibon del 1937 davanti al Palazzo De Manzoni ad Agordo. Salendo le scale del Municipio di Taibon ormai da una quarantina d&#8217;anni si possono vedere le foto dei coscritti, da allora ad oggi. Per il sindaco del paese \u00e8 un orgoglio, ogni anno,\u00a0 partecipare alla messa dei coscritti e poi salutarli\u00a0 ricordando le fondamenta della Costituzione Italiana. Una volta il coscritto era <strong>il nuovo volto <a href=\"https:\/\/www.radiopiu.net\/wordpress\/coscritti-una-fratellanza-non-scritta-dalle-emozioni-incancellabili\/5798db67-2918-4e3e-ad6f-3c6ed569c412\/\" rel=\"attachment wp-att-250878\"><img loading=\"lazy\" decoding=\"async\" class=\"size-medium wp-image-250878 alignright\" src=\"https:\/\/www.radiopiu.net\/wordpress\/wp-content\/uploads\/2021\/12\/5798db67-2918-4e3e-ad6f-3c6ed569c412-300x183.jpg\" alt=\"\" width=\"300\" height=\"183\" srcset=\"https:\/\/www.radiopiu.net\/wordpress\/wp-content\/uploads\/2021\/12\/5798db67-2918-4e3e-ad6f-3c6ed569c412-300x183.jpg 300w, https:\/\/www.radiopiu.net\/wordpress\/wp-content\/uploads\/2021\/12\/5798db67-2918-4e3e-ad6f-3c6ed569c412-768x467.jpg 768w, https:\/\/www.radiopiu.net\/wordpress\/wp-content\/uploads\/2021\/12\/5798db67-2918-4e3e-ad6f-3c6ed569c412.jpg 1024w\" sizes=\"auto, (max-width: 300px) 100vw, 300px\" \/><\/a>dell&#8217;Esercito-Italiano<\/strong>, l&#8217;et\u00e0 giusta per chi non continuava il corso di studio per imbracciare il fucile, o finire a Feltre con la Jeep con il pelo (mulo), o peggio in carcere a Peschiera\u00a0 del Garda per motivi religiosi, comunque legati al rifiuto di usare le armi.\u00a0 Mario e Fausto, i cugini Paganin arrivarono alla festa di fine anno con la divisa dell&#8217;alpino, quella vera con i bottoni cromati e il cappello con la penna nera. Vi assicuro che a 18 anni, con le immagini del Vietnam negli occhi e nel cuore, non era di buon presagio, come non lo era la tre giorni per la visita di leva a Treviso con pernottamento all&#8217;albergo Cor, prima fuga non vigliacca da casa con varie ed eventuali. Ma era la naja, quando i Santo California cantavano <em>&#8220;Tornerai torner\u00f2&#8221;\u00a0<\/em> e prima o poi, studi o non studi, li ci finivi e trascorrevi un anno performante per la vita. Il &#8220;coscritto&#8221; a Taibon \u00e8 materia importante, \u00e8 <strong>un filo che unisce, una fratellanza non scritta<\/strong> ma che trova rispetto nel tempo. Possono trascorrere anni da quei balli al Centrale dei &#8220;meni&#8221; a Canale d&#8217;Agordo, puoi non vedere un amico o un&#8217;amica per mesi, ma alla prima occasione quando ti senti chiamare e salutare con il &#8220;ciao classe&#8221; scatta un&#8217;emozione unica. Possono passare anni ma quando ti ritrovi, e purtroppo pu\u00f2 capitare davanti a una chiesa, ti rendi conto di come il trascorrere del tempo abbia solo affievolito i tuoi ricordi, ma non cancellati. E poi ci sono le storie pi\u00f9 belle da raccontare,\u00a0 come quella di Orazio e Roberta, battezzati nello stesso giorno da Don Gino,\u00a0 all&#8217;asilo con suor Gaetanina assieme, alle scuole elementari assieme, nei giorni dei coscritti assieme e oggi ancora assieme.<br \/>\nA tutti i coscritti&#8230;in qualunque paese stiano vivendo questo momento: godetevelo.<\/p>\n<p><strong>mirko<\/strong><\/p>\n\n\t\t\t<style type='text\/css'>\n\t\t\t\t#gallery-6 {\n\t\t\t\t\tmargin: auto;\n\t\t\t\t}\n\t\t\t\t#gallery-6 .gallery-item {\n\t\t\t\t\tfloat: left;\n\t\t\t\t\tmargin-top: 10px;\n\t\t\t\t\ttext-align: center;\n\t\t\t\t\twidth: 33%;\n\t\t\t\t}\n\t\t\t\t#gallery-6 img {\n\t\t\t\t\tborder: 2px solid #cfcfcf;\n\t\t\t\t}\n\t\t\t\t#gallery-6 .gallery-caption {\n\t\t\t\t\tmargin-left: 0;\n\t\t\t\t}\n\t\t\t\t\/* see gallery_shortcode() in wp-includes\/media.php *\/\n\t\t\t<\/style>\n\t\t<div id='gallery-6' class='dt-gallery-container gallery galleryid-250777 gallery-columns-3 gallery-size-thumbnail'><dl class='gallery-item'>\n\t\t\t\t<dt class='gallery-icon landscape'>\n\t\t\t\t\t<a class=\"rollover rollover-zoom dt-pswp-item\" title=\"coscritti 65\" data-dt-img-description=\"\" data-large_image_width=\"1755\" data-large_image_height=\"1175\"href='https:\/\/www.radiopiu.net\/wordpress\/wp-content\/uploads\/2021\/12\/coscritti-65-.jpg'><img loading=\"lazy\" decoding=\"async\" width=\"150\" height=\"150\" src=\"https:\/\/www.radiopiu.net\/wordpress\/wp-content\/uploads\/2021\/12\/coscritti-65--150x150.jpg\" class=\"attachment-thumbnail size-thumbnail\" alt=\"\" aria-describedby=\"gallery-6-250874\" \/><\/a>\n\t\t\t\t<\/dt>\n\t\t\t\t\t<dd class='wp-caption-text gallery-caption' id='gallery-6-250874'>\n\t\t\t\t\t1964\n\t\t\t\t\t<\/dd><\/dl><dl class='gallery-item'>\n\t\t\t\t<dt class='gallery-icon landscape'>\n\t\t\t\t\t<a class=\"rollover rollover-zoom dt-pswp-item\" title=\"fausto il primo a sinistra con i coscritti\" data-dt-img-description=\"\" data-large_image_width=\"1488\" data-large_image_height=\"1257\"href='https:\/\/www.radiopiu.net\/wordpress\/wp-content\/uploads\/2021\/12\/fausto-il-primo-a-sinistra-con-i-coscritti-.jpg'><img loading=\"lazy\" decoding=\"async\" width=\"150\" height=\"150\" src=\"https:\/\/www.radiopiu.net\/wordpress\/wp-content\/uploads\/2021\/12\/fausto-il-primo-a-sinistra-con-i-coscritti--150x150.jpg\" class=\"attachment-thumbnail size-thumbnail\" alt=\"\" aria-describedby=\"gallery-6-250875\" \/><\/a>\n\t\t\t\t<\/dt>\n\t\t\t\t\t<dd class='wp-caption-text gallery-caption' id='gallery-6-250875'>\n\t\t\t\t\t1964\n\t\t\t\t\t<\/dd><\/dl><dl class='gallery-item'>\n\t\t\t\t<dt class='gallery-icon landscape'>\n\t\t\t\t\t<a class=\"rollover rollover-zoom dt-pswp-item\" title=\"coscritti64 3\" data-dt-img-description=\"\" data-large_image_width=\"1778\" data-large_image_height=\"1155\"href='https:\/\/www.radiopiu.net\/wordpress\/wp-content\/uploads\/2021\/12\/coscritti64-3.jpg'><img loading=\"lazy\" decoding=\"async\" width=\"150\" height=\"150\" src=\"https:\/\/www.radiopiu.net\/wordpress\/wp-content\/uploads\/2021\/12\/coscritti64-3-150x150.jpg\" class=\"attachment-thumbnail size-thumbnail\" alt=\"\" aria-describedby=\"gallery-6-250876\" \/><\/a>\n\t\t\t\t<\/dt>\n\t\t\t\t\t<dd class='wp-caption-text gallery-caption' id='gallery-6-250876'>\n\t\t\t\t\t1964 &#8211; 1965\n\t\t\t\t\t<\/dd><\/dl><br style=\"clear: both\" \/><dl class='gallery-item'>\n\t\t\t\t<dt class='gallery-icon landscape'>\n\t\t\t\t\t<a class=\"rollover rollover-zoom dt-pswp-item\" title=\"coscritti\" data-dt-img-description=\"\" data-large_image_width=\"2560\" data-large_image_height=\"1700\"href='https:\/\/www.radiopiu.net\/wordpress\/wp-content\/uploads\/2021\/12\/coscritti-scaled.jpg'><img loading=\"lazy\" decoding=\"async\" width=\"150\" height=\"150\" src=\"https:\/\/www.radiopiu.net\/wordpress\/wp-content\/uploads\/2021\/12\/coscritti-150x150.jpg\" class=\"attachment-thumbnail size-thumbnail\" alt=\"\" aria-describedby=\"gallery-6-250872\" \/><\/a>\n\t\t\t\t<\/dt>\n\t\t\t\t\t<dd class='wp-caption-text gallery-caption' id='gallery-6-250872'>\n\t\t\t\t\t1999\n\t\t\t\t\t<\/dd><\/dl><dl class='gallery-item'>\n\t\t\t\t<dt class='gallery-icon landscape'>\n\t\t\t\t\t<a class=\"rollover rollover-zoom dt-pswp-item\" title=\"coscritti-1995\" data-dt-img-description=\"\" data-large_image_width=\"1024\" data-large_image_height=\"726\"href='https:\/\/www.radiopiu.net\/wordpress\/wp-content\/uploads\/2021\/12\/coscritti-1995.jpg'><img loading=\"lazy\" decoding=\"async\" width=\"150\" height=\"150\" src=\"https:\/\/www.radiopiu.net\/wordpress\/wp-content\/uploads\/2021\/12\/coscritti-1995-150x150.jpg\" class=\"attachment-thumbnail size-thumbnail\" alt=\"\" aria-describedby=\"gallery-6-250871\" \/><\/a>\n\t\t\t\t<\/dt>\n\t\t\t\t\t<dd class='wp-caption-text gallery-caption' id='gallery-6-250871'>\n\t\t\t\t\t1995\n\t\t\t\t\t<\/dd><\/dl><dl class='gallery-item'>\n\t\t\t\t<dt class='gallery-icon landscape'>\n\t\t\t\t\t<a class=\"rollover rollover-zoom dt-pswp-item\" title=\"42cb5e80-6105-4b0d-bd2e-da93c5f8cde5\" data-dt-img-description=\"\" data-large_image_width=\"1024\" data-large_image_height=\"552\"href='https:\/\/www.radiopiu.net\/wordpress\/wp-content\/uploads\/2021\/12\/42cb5e80-6105-4b0d-bd2e-da93c5f8cde5-1.jpg'><img loading=\"lazy\" decoding=\"async\" width=\"150\" height=\"150\" src=\"https:\/\/www.radiopiu.net\/wordpress\/wp-content\/uploads\/2021\/12\/42cb5e80-6105-4b0d-bd2e-da93c5f8cde5-1-150x150.jpg\" class=\"attachment-thumbnail size-thumbnail\" alt=\"\" \/><\/a>\n\t\t\t\t<\/dt><\/dl><br style=\"clear: both\" \/>\n\t\t\t<\/div>\n\n<p>&nbsp;<\/p>\n<p>&nbsp;<\/p>\n<hr \/>\n<p>&nbsp;<\/p>\n<blockquote>\n<h3>L&#8217;ORDINANZA DI FALCADE E CANALE D&#8217;AGORDO: NO AI BOTTI DI CAPODANNO NELLE VICINANZE DELLE ABITAZIONI E ASSEMBRAMENTI VIETATI IN OCCASIONE DEI PAVARUI<\/h3>\n<\/blockquote>\n<p><strong><a href=\"https:\/\/www.radiopiu.net\/wordpress\/giornale-radiopiu-02-novembre-2021-direttore-mirko-mezzacasa\/250px-chiesafalcade\/\" rel=\"attachment wp-att-240437\"><img loading=\"lazy\" decoding=\"async\" class=\" wp-image-240437 alignleft\" src=\"https:\/\/www.radiopiu.net\/wordpress\/wp-content\/uploads\/2021\/11\/250px-ChiesaFalcade.jpg\" alt=\"\" width=\"227\" height=\"171\" \/><\/a>FALCADE<\/strong> Il sindaco di Falcade Michele Costa e il sindaco di Canale D&#8217;Agordo Flavio Colcergnan hanno firmato un&#8217;ordinanza che disciplina i fuochi in occasione delle feste di fine anno appellandosi al senso di responsabilit\u00e0. Sull&#8217;ordinanza si legge che durante le prossime festivit\u00e0 di fine ed inizio anno, per motivi di pubblica sicurezza, \u00e8 vietato, stante il pericolo di incendi e il potenziale disturbo della quiete pubblica, lo sparo di mortaletti, petardi, razzi ed altri artifici pirotecnici nelle immediate vicinanze dei fabbricati. Alla vigilia dell&#8217;Epifania \u00e8 vietata l&#8217;organizzazione di manifestazioni o festeggiamenti intorno ai tradizionali &#8220;Pavarui&#8221;. L&#8217;accensione die &#8220;Pavarui&#8221; dovr\u00e0 essere limitata ai soli terreni privati e in ambito famigliare, senza il verificarsi di assembramenti.<\/p>\n<p>&nbsp;<\/p>\n<p>&nbsp;<\/p>\n<hr \/>\n<p>&nbsp;<\/p>\n<blockquote>\n<h3>ANNULLATA LA FIACCOLATA DELLE SCUOLE SCI &amp; SNOWBOARD DI ARABBA<\/h3>\n<\/blockquote>\n<table width=\"100%\">\n<tbody>\n<tr>\n<td>\n<table width=\"600\">\n<tbody>\n<tr>\n<td style=\"font-weight: 400;\" width=\"100%\">\n<table width=\"100%\">\n<tbody>\n<tr>\n<td><strong>LIVINALLONGO<\/strong> \u00c8 un appuntamento che tutti gli ospiti di Arabba aspettano in vista del conto alla rovescia verso lo scoccare della mezzanotte, ma quest\u2019anno la consueta fiaccolata organizzata dalle locali scuole di sci e snowboard non andr\u00e0 in scena. La Scuola Sci Dolomites Reba e la Scuola Sci Arabba con il sostegno dell\u2019associazione turistica di Arabba Fodom Turismo hanno preso la decisione di cancellare l\u2019evento per senso di responsabilit\u00e0 verso una situazione pandemica non ancora stabilizzata.<\/p>\n<p>&nbsp;<\/p>\n<p>\u00ab<em>Siamo rammaricati nel non poter proporre la tradizionale fiaccolata tanto attesa e tanto partecipata dai nostri ospiti, ma per prevenire assembramenti, come da disposizioni governative e aggiungiamo per senso civico, siamo giunti a questa decisione<\/em> \u2013 commenta <strong>Michela Lezuo<\/strong>, presidente dell\u2019<strong>Associazione Turistica Arabba Fodom<\/strong> \u2013<em> siamo profondamente dispiaciuti nel dover rinunciare ai festeggiamenti della sera di San Silvestro: sarebbe stato un gesto simbolico per dare l\u2019addio al 2021 e soprattutto il benvenuto al nuovo anno. Tuttavia, stiamo ancora vivendo un periodo estremamente delicato e la nostra priorit\u00e0 \u00e8 salvaguardare la salute degli ospiti e di quanti lavorano nelle strutture di Arabba, evitando situazioni che creino affollamento con conseguente aumento del rischio contagi<\/em>\u00bb.<\/p>\n<table width=\"100%\">\n<tbody>\n<tr>\n<td>La fiaccolata che vede ogni anno la partecipazione congiunta dei maestri di sci e di quanti vogliono partecipare, avrebbe dovuto svolgersi sulle piste che scendono dal Monte Burz, centro del<strong> Dolomiti SuperSki<\/strong> e portare i partecipanti nel cuore di Arabba.<\/p>\n<p>\u00ab<em>L\u2019appuntamento \u00e8 solo rinviato<\/em> &#8211; conclude la numero del turismo di Arabba \u2013 <em>e cogliamo l\u2019occasione per augurare un bel soggiorno e un sereno anno nuovo a tutti<\/em>\u00bb.<\/td>\n<\/tr>\n<\/tbody>\n<\/table>\n<\/td>\n<\/tr>\n<\/tbody>\n<\/table>\n<\/td>\n<\/tr>\n<\/tbody>\n<\/table>\n<\/td>\n<\/tr>\n<\/tbody>\n<\/table>\n<table width=\"100%\">\n<tbody>\n<tr>\n<td>\n<table width=\"600\">\n<tbody>\n<tr>\n<td style=\"font-weight: 400;\" width=\"50%\"><a href=\"https:\/\/www.radiopiu.net\/wordpress\/annullata-la-fiaccolata-delle-scuole-sci-snowboard-di-arabba\/banner-cs-arabba_winter-2021-22\/\" rel=\"attachment wp-att-250995\"><img loading=\"lazy\" decoding=\"async\" class=\"size-medium wp-image-250995 aligncenter\" src=\"https:\/\/www.radiopiu.net\/wordpress\/wp-content\/uploads\/2021\/12\/banner-cs-arabba_Winter-2021-22-300x55.jpg\" alt=\"\" width=\"300\" height=\"55\" srcset=\"https:\/\/www.radiopiu.net\/wordpress\/wp-content\/uploads\/2021\/12\/banner-cs-arabba_Winter-2021-22-300x55.jpg 300w, https:\/\/www.radiopiu.net\/wordpress\/wp-content\/uploads\/2021\/12\/banner-cs-arabba_Winter-2021-22.jpg 600w\" sizes=\"auto, (max-width: 300px) 100vw, 300px\" \/><\/a><\/td>\n<td style=\"font-weight: 400;\" width=\"50%\">\n<table width=\"100%\">\n<tbody>\n<tr>\n<td><\/td>\n<\/tr>\n<\/tbody>\n<\/table>\n<\/td>\n<\/tr>\n<\/tbody>\n<\/table>\n<\/td>\n<\/tr>\n<\/tbody>\n<\/table>\n<table width=\"100%\">\n<tbody>\n<tr>\n<td>\n<table width=\"600\">\n<tbody>\n<tr>\n<td style=\"font-weight: 400;\" width=\"100%\">\n<table width=\"100%\">\n<tbody>\n<tr>\n<td>&nbsp;<\/p>\n<p><strong>Un augurio che verr\u00e0 lanciato anche dai Maestri di Sci delle Scuole Sci di Arabba e dalla destinazione di Arabba in diretta Facebook sulla pagina Arabba Fodom Dolomites all\u2019indirizzo: <a href=\"https:\/\/cometapress.musvc2.net\/e\/t?q=6%3dHgGaB%26I%3d9a%26x%3da0XA%26L%3d9TEYFW%265%3dE2MzP_ztcw_A4_2xas_BC_ztcw_09sQ-qM.p8k8lLwD.mLu_KazX_Up8z4l9i7yIwFsQmL_2xas_BC%26l%3dF5P464k8iB.KmM%26sP%3d9aHcD&amp;mupckp=mupAtu4m8OiX0wt\">https:\/\/it-it.facebook.com\/arabbadolomites\/<\/a> con appuntamento alle ore 17:20 di venerd\u00ec 31 dicembre 2021.<\/strong><\/td>\n<\/tr>\n<\/tbody>\n<\/table>\n<\/td>\n<\/tr>\n<\/tbody>\n<\/table>\n<\/td>\n<\/tr>\n<\/tbody>\n<\/table>\n<p>&nbsp;<\/p>\n<p>&nbsp;<\/p>\n<hr \/>\n<p>&nbsp;<\/p>\n<blockquote>\n<h3>OGGI IL CONSIGLIO COMUNALE DI CENCENIGHE<\/h3>\n<\/blockquote>\n<p><strong>CENCENIGHE\u00a0<\/strong>Il sindaco Mauro Soppelsa ha convocato il consiglio comunale per oggi alle 20:30. Saranno 5 i punti da discutere tra cui la revisione ordinaria delle partecipazioni, lo scioglimento della convenzione delle funzioni di segreteria comunale in forma associata con San Tomaso e Livinallongo e l&#8217;approvazione delle funzioni di segreteria in forma associata con il comune di Alpago.<\/p>\n<p>&nbsp;<\/p>\n<p>&nbsp;<\/p>\n<hr \/>\n<p>&nbsp;<\/p>\n<blockquote><p><strong><a href=\"https:\/\/www.radiopiu.net\/wordpress\/importante-riunione-a-valle-di-cadore-per-i-noti-problemi-che-riguardano-la-chiesa-ma-non-solo\/bottacin-63\/\" rel=\"attachment wp-att-196477\"><img loading=\"lazy\" decoding=\"async\" class=\"wp-image-196477 alignleft\" src=\"https:\/\/www.radiopiu.net\/wordpress\/wp-content\/uploads\/2021\/03\/BOTTACIN-300x203.png\" alt=\"\" width=\"164\" height=\"111\" srcset=\"https:\/\/www.radiopiu.net\/wordpress\/wp-content\/uploads\/2021\/03\/BOTTACIN-300x203.png 300w, https:\/\/www.radiopiu.net\/wordpress\/wp-content\/uploads\/2021\/03\/BOTTACIN-1024x693.png 1024w, https:\/\/www.radiopiu.net\/wordpress\/wp-content\/uploads\/2021\/03\/BOTTACIN-768x520.png 768w, https:\/\/www.radiopiu.net\/wordpress\/wp-content\/uploads\/2021\/03\/BOTTACIN-1536x1040.png 1536w, https:\/\/www.radiopiu.net\/wordpress\/wp-content\/uploads\/2021\/03\/BOTTACIN.png 1542w\" sizes=\"auto, (max-width: 164px) 100vw, 164px\" \/><\/a>OGGI A BELLUNO LA CONFERENZA STAMPA DI FINE ANNO DELL\u2019ASSESSORE ALL\u2019AMBIENTE E PROTEZIONE CIVILE GIANPAOLO BOTTACIN <\/strong><\/p><\/blockquote>\n<p><strong>VENEZIA<\/strong> L\u2019Assessore all\u2019Ambiente, al Dissesto idrogeologico e alla Protezione civile della Regione Veneto, Gianpaolo Bottacin, terr\u00e0 oggi un punto stampa sui risultati raggiunti e le prospettive future dei referati di sua competenza. L\u2019appuntamento \u00e8 alle\u00a0 11, a Belluno, presso la sede del Genio Civile, in via Caffi 61.<\/p>\n<p>&nbsp;<\/p>\n<p>&nbsp;<\/p>\n<hr \/>\n<p>&nbsp;<\/p>\n<blockquote>\n<h3>L&#8217;UNIONE MONTANA FELTRINA APRE DUE BANDI<\/h3>\n<\/blockquote>\n<p><strong>FELTRE<\/strong> Sono due i bandi aperti dall&#8217;Unione Montana Feltrina. \u00c8 indetto un concorso pubblico per l&#8217;assunzione a tempo parziale (25 ore) ed indeterminato di un collaboratore amministrativo categoria giuridica B (posizione economica B3) presso l\u2019area amministrativa \u2013 finanziaria del Comune di Sovramonte (BL). Termine di scadenza per la presentazione delle domande ore 12:00 del 17\/02\/2022. E\u0300 indetto un concorso pubblico per soli esami per l&#8217;assunzione a tempo pieno e indeterminato un Istruttore Direttivo Area Tecnica (cat. D1) presso il comune di Fonzaso (BL). Termine di scadenza per la presentazione delle domande ore 12:00 del 17\/02\/2022. Le domande di partecipazione dovranno essere presentate tramite apposita piattaforma dell&#8217;Unione Montana Feltrina secondo le modalita\u0300 e i termini indicati nel bando. Le modalita\u0300&#8217; e i requisiti di partecipazione sono disponibili presso l\u2019ufficio del personale dell&#8217;Unione Montana Feltrina in via C. Rizzarda, 21 a Feltre (BL) (tel 0439.310259) e sul sito istituzionale dell&#8217;ente all&#8217;indirizzo: http:\/\/www.feltrino.bl.it\/web\/cmfeltrina nella sezione \u201cBandi di Concorso\u201d.<\/p>\n<p>&nbsp;<\/p>\n<p>&nbsp;<\/p>\n<hr \/>\n<p>&nbsp;<\/p>\n<blockquote>\n<h3>IL CEIS CERCA UN OPERATORE SOCIO SANITARIO A BELLUNO<\/h3>\n<\/blockquote>\n<p><strong>BELLUNO <\/strong>Rinviata al 15 febbraio 2022 la selezione per il corso Operatore Socio Sanitario.\u00a0 L\u2019Operatore Socio Sanitario \u00e8 una figura professionale regolata dalla L.R. n. 20 del 2001, si occupa di soddisfare i bisogni primari di persone in disagio, difficolt\u00e0 e malattia ospiti o in carico a Servizi Socio- Sanitari pubblici e privati. Chi sente e pensa che potrebbe essere la strada professionale giusta, per collocarsi o ricollocarsi lavorativamente pu\u00f2 accedere, previa iscrizione, alla selezione prevista per il 15\/02\/2022 alle ore 8.30, a Belluno presso il Ce.I.S. La selezione \u00e8 obbligatoria per poter iscriversi al corso. Per ogni informazione rivolgersi all\u2019Ente di Formazione di Ce.I.S. al telefono: 0437 950895 \u2013 mail: <a href=\"mailto:info@ceisbelluno.org\">info@ceisbelluno.org<\/a>. Ulteriori informazioni anche su: <a href=\"http:\/\/www.ceisbelluno.org\">www.ceisbelluno.org<\/a><\/p>\n<p>&nbsp;<\/p>\n<p>&nbsp;<\/p>\n<hr \/>\n<p>&nbsp;<\/p>\n<blockquote>\n<h3>L&#8217;OPINIONE<\/h3>\n<p>SI ELEGGE IL PRESIDENTE DELLA REPUBBLICA ITALIANA<\/p>\n<p><strong>di\u00a0 Franco Piacentini\u00a0<\/strong><\/p><\/blockquote>\n<div style=\"text-align: left;\"><a href=\"https:\/\/www.radiopiu.net\/wordpress\/speciale-audio_foto_-il-presidente-a-belluno-e-longarone-i-principali-interventi-della-giornata-il-discorso-del-presidente-i-commenti-di-amministratori-e-deputati-bellunesi-il-racconto-di-valerio\/attachment\/21369\/\" rel=\"attachment wp-att-78984\"><img loading=\"lazy\" decoding=\"async\" class=\"size-medium wp-image-78984 alignleft\" src=\"https:\/\/www.radiopiu.net\/wordpress\/wp-content\/uploads\/2019\/03\/21369-300x250.jpg\" alt=\"\" width=\"300\" height=\"250\" srcset=\"https:\/\/www.radiopiu.net\/wordpress\/wp-content\/uploads\/2019\/03\/21369-300x250.jpg 300w, https:\/\/www.radiopiu.net\/wordpress\/wp-content\/uploads\/2019\/03\/21369-768x640.jpg 768w, https:\/\/www.radiopiu.net\/wordpress\/wp-content\/uploads\/2019\/03\/21369-1024x853.jpg 1024w\" sizes=\"auto, (max-width: 300px) 100vw, 300px\" \/><\/a><strong>FELTRE<\/strong> Molti italiani (mediamente dal 30 al 40%) negli ultimi dieci anni hanno abbandonato i seggi elettorali, presumo causa di una classe politica che pensa e agisce quasi esclusivamente per visibilit\u00e0 personale e per affermazione del proprio schieramento partitico. Gli interessi generali del Paese, le necessit\u00e0 dei cittadini e il rispetto della Carta Costituzionale, il pi\u00f9 delle volte, per lor signori, sono compiti sottovalutati: fastidiosi obblighi affrontati sbuffando. In questo contesto, l&#8217;attuale classe politica presente in Parlamento, sta affrontando (in un clima molto teso) il fondamentale appuntamento della elezione del nuovo Presidente della Repubblica. Cari Parlamentari (onorevoli e senatori) e cari Elettori delle Regioni, sar\u00e0 bene ed opportuno, per recuperare un po&#8217; di fiducia degli italiani, che prevalga in voi il senso di appartenenza costituzionale, nell&#8217;ambito della seriet\u00e0 politica. Individuate ed eleggete (donna o uomo) un nuovo Presidente della Repubblica, dalla &#8220;grandissima onorabilit\u00e0&#8221; e dalla &#8220;immacolata moralit\u00e0&#8221;. Nella ricerca del nuovo Presidente della Repubblica, non sarebbe male, anzi, orientare l&#8217;attenzione a autorevoli candidature della Cultura, del\u00a0 Volontariato, del Terzo Settore e dell&#8217; Associazionismo. In questi ambiti, donne e uomini, quotidianamente, amando costituzionalmente il proprio Paese, si prodigano nella sussidiariet\u00e0 e nella solidariet\u00e0 per aiutare le persone fragili e sfortunate. Uno\/a di loro al Quirinale sarebbe effettivamente una positiva e straordinaria svolta epocale per l&#8217;Italia.<\/div>\n<p>&nbsp;<\/p>\n<hr \/>\n<p>&nbsp;<\/p>\n<blockquote>\n<h3>TEATRO E STORIA A SOSPIROLO A CAVALLO TRA IL 2021 E IL 2022<\/h3>\n<\/blockquote>\n<p><strong><a href=\"https:\/\/www.radiopiu.net\/wordpress\/giornale-radiopiu-28-dicembre-2021-direttore-mirko-mezzacasa\/om-selvarech_franco-fiabane\/\" rel=\"attachment wp-att-250457\"><img loading=\"lazy\" decoding=\"async\" class=\" wp-image-250457 alignleft\" src=\"https:\/\/www.radiopiu.net\/wordpress\/wp-content\/uploads\/2021\/12\/om-selvarech_franco-fiabane-213x300.jpg\" alt=\"\" width=\"81\" height=\"114\" srcset=\"https:\/\/www.radiopiu.net\/wordpress\/wp-content\/uploads\/2021\/12\/om-selvarech_franco-fiabane-213x300.jpg 213w, https:\/\/www.radiopiu.net\/wordpress\/wp-content\/uploads\/2021\/12\/om-selvarech_franco-fiabane-727x1024.jpg 727w, https:\/\/www.radiopiu.net\/wordpress\/wp-content\/uploads\/2021\/12\/om-selvarech_franco-fiabane-768x1081.jpg 768w, https:\/\/www.radiopiu.net\/wordpress\/wp-content\/uploads\/2021\/12\/om-selvarech_franco-fiabane-1091x1536.jpg 1091w, https:\/\/www.radiopiu.net\/wordpress\/wp-content\/uploads\/2021\/12\/om-selvarech_franco-fiabane-1455x2048.jpg 1455w, https:\/\/www.radiopiu.net\/wordpress\/wp-content\/uploads\/2021\/12\/om-selvarech_franco-fiabane-scaled.jpg 1819w\" sizes=\"auto, (max-width: 81px) 100vw, 81px\" \/><\/a>SOSPIROLO <\/strong>Doppio appuntamento di fine anno e inizio 2022 in compagnia della Pro loco \u201cMonti del Sole\u201d di Sospirolo. Oggi, alle 20,45 al Centro civico di Sospirolo, ci sar\u00e0 una piacevole serata teatrale: la compagnia de \u201cI Sedegot\u201d presenta \u201cLa Locandiera\u201d, commedia in tre atti di Carlo Goldoni Domenica 2 gennaio, alle 15.30 al Centro civico di Sospirolo, vi sar\u00e0 invece un omaggio a Franco Fiabane nell\u2019appuntamento &#8220;A fil\u00f2 con gli amici dell&#8217;artista&#8221; che vedr\u00e0 la conduzione di Dino Bridda attraverso i ricordi di chi ha conosciuto questo celebre artista bellunese. Alla serata collaborano Claudio Bernardi e il Gruppo Folk de Poi con una canzone sul tema dell\u2019Om Selvarech<\/p>\n<p>&nbsp;<\/p>\n<p>&nbsp;<\/p>\n<hr \/>\n<p>&nbsp;<\/p>\n<blockquote>\n<h3>ANNULLATO IL CONCERTO DI VOCI IN VALLE SUL NEVEGAL<\/h3>\n<\/blockquote>\n<p><strong><a href=\"https:\/\/www.radiopiu.net\/wordpress\/giornale-radiopiu-27-dicembre-2021-direttore-mirko-mezzacasa\/amici-del-nevegal-foto-darchivio\/\" rel=\"attachment wp-att-250182\"><img loading=\"lazy\" decoding=\"async\" class=\" wp-image-250182 alignleft\" src=\"https:\/\/www.radiopiu.net\/wordpress\/wp-content\/uploads\/2021\/12\/Amici-del-Nevegal-foto-darchivio-300x169.jpg\" alt=\"\" width=\"131\" height=\"74\" srcset=\"https:\/\/www.radiopiu.net\/wordpress\/wp-content\/uploads\/2021\/12\/Amici-del-Nevegal-foto-darchivio-300x169.jpg 300w, https:\/\/www.radiopiu.net\/wordpress\/wp-content\/uploads\/2021\/12\/Amici-del-Nevegal-foto-darchivio-768x432.jpg 768w, https:\/\/www.radiopiu.net\/wordpress\/wp-content\/uploads\/2021\/12\/Amici-del-Nevegal-foto-darchivio.jpg 960w\" sizes=\"auto, (max-width: 131px) 100vw, 131px\" \/><\/a>BELLUNO <\/strong>In considerazione della situazione di emergenza di questi ultimi giorni il gruppo corale \u201cVOCI IN VALLE\u201d di Sedico, d\u2019intesa con l\u2019Associazione \u201cAmici del Neveg\u00e0l\u201d organizzatrice della manifestazione, al fine di tutelare la salute di tutti comunica di avere ritenuto necessario annullare il concerto di oggi che si doveva tenere nel Santuario di Maria Immacolata Nostra Signora di Lourdes all\u2019Alpe del Neveg\u00e0l.<\/p>\n<p>&nbsp;<\/p>\n<p>&nbsp;<\/p>\n<hr \/>\n<p>&nbsp;<\/p>\n<blockquote>\n<h3>FIACCOLATA DI FINE ANNO SUL NEVEGAL<\/h3>\n<\/blockquote>\n<p><strong>BELLUNO<\/strong> Oggi, la pista Coca Bassa si illuminer\u00e0 con le fiaccole dei maestri della Scuola di Sci Nevegal. Alle ore 18 i maestri inizieranno a scendere dal termine del primo tratto della seggiovia sino al piazzale dove ad aspettarli ci saranno tutti i frequentatori del Nevegal e i loro piccoli allievi. Dopo la fiaccolata, rispettando tutte le norme anti-Covid in vigore, ci sar\u00e0 un brindisi per salutare il 2021 e per augurare un miglior 2022.<\/p>\n<p>&nbsp;<\/p>\n<p>&nbsp;<\/p>\n<hr \/>\n<p>&nbsp;<\/p>\n<blockquote>\n<h3><strong>A SANTA GIUSTINA LA CULTURA APRE IL 2022 CON LA MULTIVISIONE <\/strong><\/h3>\n<\/blockquote>\n<p><strong>SANTA GIUSTINA\u00a0 <\/strong>L\u2019Assessorato alla Cultura chiuder\u00e0 il trittico natalizio di eventi culturali con la proposta di una multivisione che si terr\u00e0 domenica prossima 2 gennaio alle 17.00 nella palestra delle scuole medie. La rassegna \u201cEmozioni e suggestioni\u201d fa parte della programmazione del Comune da quasi trent\u2019anni ed \u00e8 una delle iniziative pi\u00f9 seguite grazie anche alla qualit\u00e0 delle proiezioni che in molte edizioni sono state realizzate da Marco Polo Multivisioni e dal suo coordinatore Carlo De Agnoi. Per l\u2019accesso alla palestra \u00e8 richiesto il Super green pass. Nel frattempo al Centro Culturale, sede della Biblioteca civica, \u00e8 visitabile la mostra di bambole antiche che rimarr\u00e0 aperta fino al 6 gennaio, tutti i giorni dalle 15.00 alle 19.00, con la presenza costante del curatore Stefano Cassol.<\/p>\n<p>&nbsp;<\/p>\n<p>&nbsp;<\/p>\n<hr \/>\n<p>&nbsp;<\/p>\n<blockquote>\n<h3>LA BIBLIOTECA DI LIMANA CHIUDE PER IL NATALE<\/h3>\n<\/blockquote>\n<p><strong>LIMANA <\/strong>La Biblioteca di Limana sar\u00e0 chiusa al pubblico nelle due vigilie del 24 e del 31 dicembre. Rimarr\u00e0 chiusa anche dal 3 al 7 gennaio 2022.<\/p>\n<p>&nbsp;<\/p>\n<p>&nbsp;<\/p>\n<hr \/>\n<p>&nbsp;<\/p>\n<blockquote>\n<h2 style=\"text-align: center;\"><span style=\"color: #ff0000;\">GLI AUGURI DELLA FAMIGLIA EX EMIGRANTI AGORDINI<\/span><\/h2>\n<\/blockquote>\n<p><strong>CENCENIGHE\u00a0<\/strong>La famiglia Ex Emigranti agordini augura buone feste a tutte le associazioni volontaristiche dell\u2019agordino; quelli sempre in prima linea: Vigili del fuoco, le Forze dell\u2019ordine, il Soccorso Alpino, Alpini, Pro Loco, Protezione Civile, alle Istitutuzioni, all\u2019intero operato Sanitario, Donatori del sangue e del Servizio ambulanze, all\u2019Auser, e tutti gli altri pure alla nostra emittente Radio Pi\u00f9 che ci aggiorna giorno per giorno di ci\u00f2 che accade nel nostro Agordino. Auguro auspicando che l\u2019anno nuovo porti a tutti noi un po\u2019 di pace, serenit\u00e0 e salute. In queste tre cose ci starebbe anche vogliamoci bene, questo pu\u00f2 avvenire solo restando uniti, pensando al meraviglioso volontariato che siamo.<\/p>\n<p><em><strong>Lucia De Toffol<\/strong><\/em><\/p>\n<p>&nbsp;<\/p>\n<hr \/>\n<p>&nbsp;<\/p>\n<blockquote class=\"wp-embedded-content\" data-secret=\"pn1AXcGVLQ\"><p><a href=\"https:\/\/www.radiopiu.net\/wordpress\/luglio-1937-la-vergine-della-valle-di-piandison-sopra-voltago-agordino\/\">LUGLIO 1937 LA VERGINE DELLA VALLE DI PIANDISON, SOPRA VOLTAGO AGORDINO<\/a><\/p><\/blockquote>\n<p><iframe loading=\"lazy\" class=\"wp-embedded-content\" sandbox=\"allow-scripts\" security=\"restricted\" style=\"position: absolute; clip: rect(1px, 1px, 1px, 1px);\" title=\"&#8220;LUGLIO 1937 LA VERGINE DELLA VALLE DI PIANDISON, SOPRA VOLTAGO AGORDINO&#8221; &#8212; Radio Pi\u00f9\" src=\"https:\/\/www.radiopiu.net\/wordpress\/luglio-1937-la-vergine-della-valle-di-piandison-sopra-voltago-agordino\/embed\/#?secret=pn1AXcGVLQ\" data-secret=\"pn1AXcGVLQ\" width=\"600\" height=\"338\" frameborder=\"0\" marginwidth=\"0\" marginheight=\"0\" scrolling=\"no\"><\/iframe><\/p>\n<p>&nbsp;<\/p>\n<hr \/>\n<p>&nbsp;<\/p>\n<div>\n<div class=\"b654a4as d2edcug0\">\n<div class=\"rq0escxv hkbzh7o3 jwdofwj8 n8tt0mok r8blr3vg hyh9befq\">\n<p><a class=\"dt-pswp-item\" href=\"https:\/\/www.radiopiu.net\/wordpress\/wp-content\/uploads\/2020\/10\/pp.jpg\" data-dt-img-description=\"\" data-large_image_width=\"640\" data-large_image_height=\"640\"><img loading=\"lazy\" decoding=\"async\" class=\"wp-image-163678 alignleft\" src=\"https:\/\/www.radiopiu.net\/wordpress\/wp-content\/uploads\/2020\/10\/pp-300x300.jpg\" alt=\"\" width=\"106\" height=\"106\" srcset=\"https:\/\/www.radiopiu.net\/wordpress\/wp-content\/uploads\/2020\/10\/pp-300x300.jpg 300w, https:\/\/www.radiopiu.net\/wordpress\/wp-content\/uploads\/2020\/10\/pp-150x150.jpg 150w, https:\/\/www.radiopiu.net\/wordpress\/wp-content\/uploads\/2020\/10\/pp-125x125.jpg 125w, https:\/\/www.radiopiu.net\/wordpress\/wp-content\/uploads\/2020\/10\/pp-200x200.jpg 200w, https:\/\/www.radiopiu.net\/wordpress\/wp-content\/uploads\/2020\/10\/pp-80x80.jpg 80w, https:\/\/www.radiopiu.net\/wordpress\/wp-content\/uploads\/2020\/10\/pp-480x480.jpg 480w, https:\/\/www.radiopiu.net\/wordpress\/wp-content\/uploads\/2020\/10\/pp.jpg 640w\" sizes=\"auto, (max-width: 106px) 100vw, 106px\" \/><\/a><\/p>\n<\/div>\n<\/div>\n<\/div>\n<div>\n<div class=\"page-title-head hgroup\">\n<div class=\"page-title-head hgroup\">\n<div class=\"b654a4as d2edcug0\">\n<div class=\"j83agx80 btwxx1t3 lhclo0ds hop8lmos nkwizq5d scwd0bx6 roh60bw9\">\n<div class=\"rq0escxv hkbzh7o3 jwdofwj8 n8tt0mok r8blr3vg hyh9befq\">\n<div class=\"do00u71z l9j0dhe7 k4urcfbm\">\n<h2><span style=\"color: #000080;\">DON CESARE, IL PENSIERO DEL GIORNO. ALLA RADIO ALLE 7 DEL MATTINO E ALLE 19.30 DELLA SERA.\u00a0\u00a0<\/span><\/h2>\n<audio class=\"wp-audio-shortcode\" id=\"audio-250777-11\" preload=\"none\" style=\"width: 100%;\" controls=\"controls\"><source type=\"audio\/mpeg\" src=\"https:\/\/www.radiopiu.net\/wordpress\/wp-content\/uploads\/2021\/12\/CESARE-9.mp3?_=11\" \/><a href=\"https:\/\/www.radiopiu.net\/wordpress\/wp-content\/uploads\/2021\/12\/CESARE-9.mp3\">https:\/\/www.radiopiu.net\/wordpress\/wp-content\/uploads\/2021\/12\/CESARE-9.mp3<\/a><\/audio>\n<\/div>\n<div class=\"do00u71z l9j0dhe7 k4urcfbm\">\n<p>&nbsp;<\/p>\n<p>&nbsp;<\/p>\n<hr \/>\n<p>&nbsp;<\/p>\n<p>&nbsp;<\/p>\n<blockquote class=\"wp-embedded-content\" data-secret=\"ag1IkiOBl3\"><p><a href=\"https:\/\/www.radiopiu.net\/wordpress\/sestadisei\/\">LA VALLE AGORDINA &#8211; 320 anni dalla BOA del 1701  RACCONTO IN SEI PARTI<\/a><\/p><\/blockquote>\n<p><iframe loading=\"lazy\" class=\"wp-embedded-content\" sandbox=\"allow-scripts\" security=\"restricted\" style=\"position: absolute; clip: rect(1px, 1px, 1px, 1px);\" title=\"&#8220;LA VALLE AGORDINA &#8211; 320 anni dalla BOA del 1701  RACCONTO IN SEI PARTI&#8221; &#8212; Radio Pi\u00f9\" src=\"https:\/\/www.radiopiu.net\/wordpress\/sestadisei\/embed\/#?secret=ag1IkiOBl3\" data-secret=\"ag1IkiOBl3\" width=\"600\" height=\"338\" frameborder=\"0\" marginwidth=\"0\" marginheight=\"0\" scrolling=\"no\"><\/iframe><\/p>\n<p>&nbsp;<\/p>\n<p>&nbsp;<\/p>\n<hr \/>\n<p>&nbsp;<\/p>\n<div>\n<div class=\"page-title-head hgroup\">\n<div class=\"page-title-head hgroup\">\n<div class=\"b654a4as d2edcug0\">\n<div class=\"j83agx80 btwxx1t3 lhclo0ds hop8lmos nkwizq5d scwd0bx6 roh60bw9\">\n<div class=\"rq0escxv hkbzh7o3 jwdofwj8 n8tt0mok r8blr3vg hyh9befq\">\n<div class=\"do00u71z l9j0dhe7 k4urcfbm\">\n<div class=\"ecm0bbzt e5nlhep0 a8c37x1j\">\n<div class=\"kvgmc6g5 cxmmr5t8 oygrvhab hcukyx3x c1et5uql\">\n<div class=\"gmail-kvgmc6g5 gmail-cxmmr5t8 gmail-oygrvhab gmail-hcukyx3x gmail-c1et5uql gmail-ii04i59q\">\n<div class=\"page-title-head hgroup\">\n<div class=\"page-title-head hgroup\">\n<div class=\"b654a4as d2edcug0\">\n<div class=\"j83agx80 btwxx1t3 lhclo0ds hop8lmos nkwizq5d scwd0bx6 roh60bw9\">\n<div class=\"rq0escxv hkbzh7o3 jwdofwj8 n8tt0mok r8blr3vg hyh9befq\">\n<div class=\"do00u71z l9j0dhe7 k4urcfbm\">\n<p>&nbsp;<\/p>\n<h3 class=\"kvgmc6g5 cxmmr5t8 oygrvhab hcukyx3x c1et5uql\"><span style=\"color: #0000ff;\"><strong>INFORMAZIONE il canale su TELEGRAM informazione di prima mano e in tempo reale. iscriviti ed aiutaci a farlo conoscere\u00a0\u00a0<\/strong><\/span><\/h3>\n<p>&nbsp;<\/p>\n<blockquote class=\"wp-embedded-content\" data-secret=\"hw5ghs1Q2M\"><p><a href=\"https:\/\/www.radiopiu.net\/wordpress\/i-racconti-di-natale-di-luisa-alchini\/\">I racconti di Natale di Luisa Alchini<\/a><\/p><\/blockquote>\n<p><iframe loading=\"lazy\" class=\"wp-embedded-content\" sandbox=\"allow-scripts\" security=\"restricted\" style=\"position: absolute; clip: rect(1px, 1px, 1px, 1px);\" title=\"&#8220;I racconti di Natale di Luisa Alchini&#8221; &#8212; Radio Pi\u00f9\" src=\"https:\/\/www.radiopiu.net\/wordpress\/i-racconti-di-natale-di-luisa-alchini\/embed\/#?secret=hw5ghs1Q2M\" data-secret=\"hw5ghs1Q2M\" width=\"600\" height=\"338\" frameborder=\"0\" marginwidth=\"0\" marginheight=\"0\" scrolling=\"no\"><\/iframe><\/p>\n<p>&nbsp;<\/p>\n<p>&nbsp;<\/p>\n<hr \/>\n<blockquote>\n<h3><\/h3>\n<h3>IN VIVO VERSO, SETTIMA STAGIONE CON BRUNELLA MORO, DAL LUNEDI AL VENERDI ALLE 7.10, 10.10 E 18.50<\/h3>\n<h3>AFFIORASSE L&#8217;ANIMA di LU PAER<\/h3>\n<\/blockquote>\n<p>AUDIO<\/p>\n<audio class=\"wp-audio-shortcode\" id=\"audio-250777-12\" preload=\"none\" style=\"width: 100%;\" controls=\"controls\"><source type=\"audio\/mpeg\" src=\"https:\/\/www.radiopiu.net\/wordpress\/wp-content\/uploads\/2021\/12\/03-LU-PAER-AFFIORASSE-L-ANIMA.mp3?_=12\" \/><a href=\"https:\/\/www.radiopiu.net\/wordpress\/wp-content\/uploads\/2021\/12\/03-LU-PAER-AFFIORASSE-L-ANIMA.mp3\">https:\/\/www.radiopiu.net\/wordpress\/wp-content\/uploads\/2021\/12\/03-LU-PAER-AFFIORASSE-L-ANIMA.mp3<\/a><\/audio>\n<p>&nbsp;<\/p>\n<p><a href=\"https:\/\/www.radiopiu.net\/wordpress\/?attachment_id=250263\" rel=\"attachment wp-att-250263\"><img loading=\"lazy\" decoding=\"async\" class=\"wp-image-250263 alignright\" src=\"https:\/\/www.radiopiu.net\/wordpress\/wp-content\/uploads\/2021\/12\/3-Lu-Paer-252x300.jpg\" alt=\"\" width=\"119\" height=\"142\" srcset=\"https:\/\/www.radiopiu.net\/wordpress\/wp-content\/uploads\/2021\/12\/3-Lu-Paer-252x300.jpg 252w, https:\/\/www.radiopiu.net\/wordpress\/wp-content\/uploads\/2021\/12\/3-Lu-Paer.jpg 638w\" sizes=\"auto, (max-width: 119px) 100vw, 119px\" \/><\/a><strong>AFFIORASSE L&#8217;ANIMA<\/strong><\/p>\n<p>Affiorasse l&#8217;anima<br \/>\nprima della carne<br \/>\nforse ci riconosceremmo<br \/>\nquali spiriti affini<br \/>\npunti di contatto<br \/>\nNon pi\u00f9 isole.<\/p>\n<p>&nbsp;<\/p>\n<p><strong>LA RACCOLTA COMPLETA\u00a0 \u00a0<\/strong><\/p>\n<blockquote class=\"wp-embedded-content\" data-secret=\"7Ba6UCI0v3\"><p><a href=\"https:\/\/www.radiopiu.net\/wordpress\/in-vivo-verso\/\">In Vivo Verso<\/a><\/p><\/blockquote>\n<p><iframe loading=\"lazy\" class=\"wp-embedded-content\" sandbox=\"allow-scripts\" security=\"restricted\" style=\"position: absolute; clip: rect(1px, 1px, 1px, 1px);\" title=\"&#8220;In Vivo Verso&#8221; &#8212; Radio Pi\u00f9\" src=\"https:\/\/www.radiopiu.net\/wordpress\/in-vivo-verso\/embed\/#?secret=7Ba6UCI0v3\" data-secret=\"7Ba6UCI0v3\" width=\"600\" height=\"338\" frameborder=\"0\" marginwidth=\"0\" marginheight=\"0\" scrolling=\"no\"><\/iframe><\/p>\n<p>&nbsp;<\/p>\n<p>&nbsp;<\/p>\n<hr \/>\n<p>&nbsp;<\/p>\n<p><span style=\"color: #0000ff;\">MUSICA PIU&#8217;\u00a0<\/span><\/p>\n<p><a href=\"https:\/\/www.radiopiu.net\/wordpress\/giornale-radiopiu-20-settembre-2021-direttore-mirko-mezzacasa\/pp-79\/\" rel=\"attachment wp-att-232921\"><img loading=\"lazy\" decoding=\"async\" class=\"wp-image-232921 alignleft\" src=\"https:\/\/www.radiopiu.net\/wordpress\/wp-content\/uploads\/2021\/09\/pp-1-300x300.jpg\" alt=\"\" width=\"135\" height=\"135\" srcset=\"https:\/\/www.radiopiu.net\/wordpress\/wp-content\/uploads\/2021\/09\/pp-1-300x300.jpg 300w, https:\/\/www.radiopiu.net\/wordpress\/wp-content\/uploads\/2021\/09\/pp-1-150x150.jpg 150w, https:\/\/www.radiopiu.net\/wordpress\/wp-content\/uploads\/2021\/09\/pp-1.jpg 640w\" sizes=\"auto, (max-width: 135px) 100vw, 135px\" \/><\/a><\/p>\n<div class=\"mkdf-post-text\">\n<div class=\"mkdf-post-text-inner\">\n<div class=\"mkdf-post-text-main\">\n<div class=\"mkdf-post-text\">\n<div class=\"mkdf-post-text-inner\">\n<div class=\"mkdf-post-text-main\">\n<div class=\"mkdf-post-text\">\n<div class=\"mkdf-post-text-inner\">\n<div class=\"mkdf-post-text-main\">\n<div class=\"page-title-head hgroup\">\n<div class=\"page-title-head hgroup\">\n<div class=\"mkdf-post-text\">\n<div class=\"mkdf-post-text-inner\">\n<div class=\"mkdf-post-text-main\">\n<div class=\"mkdf-post-text\">\n<div class=\"mkdf-post-text-inner\">\n<div class=\"mkdf-post-text-main\">\n<div class=\"page-title-head hgroup\">\n<div class=\"page-title-head hgroup\">\n<div class=\"page-title-head hgroup\">\n<div class=\"page-title-head hgroup\">\n<div class=\"b654a4as d2edcug0\">\n<div class=\"page-title-head hgroup\">\n<div class=\"page-title-head hgroup\">\n<div class=\"page-title-head hgroup\">\n<div class=\"page-title-head hgroup\">\n<div class=\"b654a4as d2edcug0\">\n<div class=\"page-title-head hgroup\">\n<div class=\"page-title-head hgroup\">\n<div class=\"page-title-head hgroup\">\n<div class=\"page-title-head hgroup\">\n<div class=\"b654a4as d2edcug0\">\n<div class=\"mkdf-post-text\">\n<div class=\"mkdf-post-text-inner\">\n<div class=\"mkdf-post-text-main\">\n<div class=\"mkdf-post-text\">\n<div class=\"mkdf-post-text-inner\">\n<div class=\"mkdf-post-text-main\">\n<div class=\"mkdf-post-text\">\n<div class=\"mkdf-post-text-inner\">\n<div class=\"mkdf-post-text-main\">\n<div class=\"page-title-head hgroup\">\n<div class=\"page-title-head hgroup\">\n<div class=\"mkdf-post-text\">\n<div class=\"mkdf-post-text-inner\">\n<div class=\"mkdf-post-text-main\">\n<div class=\"mkdf-post-text\">\n<div class=\"mkdf-post-text-inner\">\n<div class=\"mkdf-post-text-main\">\n<div class=\"page-title-head hgroup\">\n<div class=\"page-title-head hgroup\">\n<div class=\"page-title-head hgroup\">\n<div class=\"page-title-head hgroup\">\n<div class=\"b654a4as d2edcug0\">\n<div class=\"page-title-head hgroup\">\n<div class=\"page-title-head hgroup\">\n<div class=\"page-title-head hgroup\">\n<div class=\"page-title-head hgroup\">\n<div class=\"b654a4as d2edcug0\">\n<div class=\"page-title-head hgroup\">\n<div class=\"page-title-head hgroup\">\n<div class=\"page-title-head hgroup\">\n<div class=\"page-title-head hgroup\">\n<div class=\"b654a4as d2edcug0\">\n<div><\/div>\n<div><\/div>\n<div>\n<p><strong>MUSICA ALLA RADIO, IL PROGRAMMA DI LORIS SCUSSEL &#8220;COLLAGE OPERAZIONE NOSTALGIA&#8221; DAL LUNEDI AL VENERDI ALLE 16.00\u00a0 E ALLE 23\u00a0<\/strong><\/p>\n<\/div>\n<p>&nbsp;<\/p>\n<\/div>\n<\/div>\n<\/div>\n<\/div>\n<\/div>\n<\/div>\n<\/div>\n<\/div>\n<\/div>\n<\/div>\n<\/div>\n<\/div>\n<\/div>\n<\/div>\n<\/div>\n<\/div>\n<\/div>\n<\/div>\n<\/div>\n<\/div>\n<\/div>\n<\/div>\n<\/div>\n<\/div>\n<\/div>\n<\/div>\n<\/div>\n<\/div>\n<\/div>\n<\/div>\n<\/div>\n<\/div>\n<\/div>\n<\/div>\n<\/div>\n<\/div>\n<\/div>\n<\/div>\n<\/div>\n<\/div>\n<\/div>\n<\/div>\n<\/div>\n<\/div>\n<\/div>\n<\/div>\n<\/div>\n<\/div>\n<\/div>\n<\/div>\n<\/div>\n<\/div>\n<\/div>\n<\/div>\n<\/div>\n<\/div>\n<\/div>\n<\/div>\n<\/div>\n<\/div>\n<\/div>\n<\/div>\n<\/div>\n<\/div>\n<p><strong>PUNTATA 508<\/strong><\/p>\n<audio class=\"wp-audio-shortcode\" id=\"audio-250777-13\" preload=\"none\" style=\"width: 100%;\" controls=\"controls\"><source type=\"audio\/mpeg\" src=\"https:\/\/www.radiopiu.net\/wordpress\/wp-content\/uploads\/2021\/12\/Collage-508.mp3?_=13\" \/><a href=\"https:\/\/www.radiopiu.net\/wordpress\/wp-content\/uploads\/2021\/12\/Collage-508.mp3\">https:\/\/www.radiopiu.net\/wordpress\/wp-content\/uploads\/2021\/12\/Collage-508.mp3<\/a><\/audio>\n<p>&nbsp;<\/p>\n<p>&nbsp;<\/p>\n<hr \/>\n<p>&nbsp;<\/p>\n<p>&nbsp;<\/p>\n<blockquote class=\"wp-embedded-content\" data-secret=\"YRAkEwGQZ1\"><p><a href=\"https:\/\/www.radiopiu.net\/wordpress\/freemix-la-liberta-musicale-mixata-da-dj-athos-e-raccontata-da-dj-jack\/\">FREEMIX, LA LIBERTA&#8217; MUSICALE MIXATA DA DJ ATHOS E RACCONTATA DA DJ JACK<\/a><\/p><\/blockquote>\n<p><iframe loading=\"lazy\" class=\"wp-embedded-content\" sandbox=\"allow-scripts\" security=\"restricted\" style=\"position: absolute; clip: rect(1px, 1px, 1px, 1px);\" title=\"&#8220;FREEMIX, LA LIBERTA&#8217; MUSICALE MIXATA DA DJ ATHOS E RACCONTATA DA DJ JACK&#8221; &#8212; Radio Pi\u00f9\" src=\"https:\/\/www.radiopiu.net\/wordpress\/freemix-la-liberta-musicale-mixata-da-dj-athos-e-raccontata-da-dj-jack\/embed\/#?secret=YRAkEwGQZ1\" data-secret=\"YRAkEwGQZ1\" width=\"600\" height=\"338\" frameborder=\"0\" marginwidth=\"0\" marginheight=\"0\" scrolling=\"no\"><\/iframe><\/p>\n<p>&nbsp;<\/p>\n<blockquote class=\"wp-embedded-content\" data-secret=\"779mAOoObX\"><p><a href=\"https:\/\/www.radiopiu.net\/wordpress\/da-ieri-alla-radio-in-palinsesto-loris-e-maurizio-con-la-grande-musica\/\">IL BLUES ALLA RADIO &#8230; COME NON L&#8217;AVETE MAI SENTITO PRIMA<\/a><\/p><\/blockquote>\n<p><iframe loading=\"lazy\" class=\"wp-embedded-content\" sandbox=\"allow-scripts\" security=\"restricted\" style=\"position: absolute; clip: rect(1px, 1px, 1px, 1px);\" title=\"&#8220;IL BLUES ALLA RADIO &#8230; COME NON L&#8217;AVETE MAI SENTITO PRIMA&#8221; &#8212; Radio Pi\u00f9\" src=\"https:\/\/www.radiopiu.net\/wordpress\/da-ieri-alla-radio-in-palinsesto-loris-e-maurizio-con-la-grande-musica\/embed\/#?secret=779mAOoObX\" data-secret=\"779mAOoObX\" width=\"600\" height=\"338\" frameborder=\"0\" marginwidth=\"0\" marginheight=\"0\" scrolling=\"no\"><\/iframe><\/p>\n<p>&nbsp;<\/p>\n<hr \/>\n<p>&nbsp;<\/p>\n<blockquote>\n<h3><span style=\"color: #0000ff;\">INFORMAZIONE il canale su TELEGRAM informazione di prima mano e in tempo reale. iscriviti ed aiutaci a farlo conoscere\u00a0\u00a0<\/span><\/h3>\n<\/blockquote>\n<div>\n<div class=\"page-title-head hgroup\">\n<div class=\"page-title-head hgroup\">\n<div class=\"page-title-head hgroup\">\n<div class=\"page-title-head hgroup\">\n<div class=\"b654a4as d2edcug0\">\n<div class=\"page-title-head hgroup\">\n<div class=\"page-title-head hgroup\">\n<div class=\"page-title-head hgroup\">\n<div class=\"page-title-head hgroup\">\n<div class=\"b654a4as d2edcug0\">\n<div class=\"page-title-head hgroup\">\n<div class=\"page-title-head hgroup\">\n<div class=\"page-title-head hgroup\">\n<div class=\"page-title-head hgroup\">\n<div class=\"page-title-head hgroup\">\n<div class=\"page-title-head hgroup\">\n<div class=\"page-title-head hgroup\">\n<div class=\"page-title-head hgroup\">\n<div class=\"page-title-head hgroup\">\n<div class=\"b654a4as d2edcug0\">\n<div class=\"page-title-head hgroup\">\n<div class=\"page-title-head hgroup\">\n<div class=\"page-title-head hgroup\">\n<div class=\"page-title-head hgroup\">\n<div class=\"b654a4as d2edcug0\">\n<div>\n<p>&nbsp;<\/p>\n<\/div>\n<div>\n<div class=\"page-title-head hgroup\">\n<div class=\"page-title-head hgroup\">\n<div class=\"page-title-head hgroup\">\n<div class=\"page-title-head hgroup\">\n<div class=\"page-title-head hgroup\">\n<div class=\"b654a4as d2edcug0\">\n<div>\n<hr \/>\n<\/div>\n<\/div>\n<div>\n<div>\n<p>&nbsp;<\/p>\n<\/div>\n<div>\n<div>\n<p>&nbsp;<\/p>\n<\/div>\n<div>\n<div>\n<p><strong>DUE MINUTI UN LIBRO, TUTTI I GIORNI ALLA RADIO ALLE 9.40 E ALLE 17.50<\/strong><\/p>\n<div>\n<div>\n<p><strong>LA RACCOLTA COMPLETA\u00a0\u00a0<\/strong><\/p>\n<\/div>\n<div>\n<blockquote class=\"wp-embedded-content\" data-secret=\"IMpdD335bq\"><p><a href=\"https:\/\/www.radiopiu.net\/wordpress\/due-minuti-un-libro\/\">Due minuti un libro<\/a><\/p><\/blockquote>\n<p><iframe loading=\"lazy\" class=\"wp-embedded-content\" sandbox=\"allow-scripts\" security=\"restricted\" style=\"position: absolute; clip: rect(1px, 1px, 1px, 1px);\" title=\"&#8220;Due minuti un libro&#8221; &#8212; Radio Pi\u00f9\" src=\"https:\/\/www.radiopiu.net\/wordpress\/due-minuti-un-libro\/embed\/#?secret=IMpdD335bq\" data-secret=\"IMpdD335bq\" width=\"600\" height=\"338\" frameborder=\"0\" marginwidth=\"0\" marginheight=\"0\" scrolling=\"no\"><\/iframe><\/p>\n<\/div>\n<\/div>\n<\/div>\n<div class=\"mkdf-post-text\">\n<div class=\"mkdf-post-text-inner\">\n<div class=\"mkdf-post-text-main\">\n<div class=\"mkdf-post-text\">\n<div class=\"mkdf-post-text-inner\">\n<div class=\"mkdf-post-text-main\">\n<div class=\"mkdf-post-text\">\n<div class=\"mkdf-post-text-inner\">\n<div class=\"mkdf-post-text-main\">\n<div class=\"page-title-head hgroup\">\n<div class=\"page-title-head hgroup\">\n<div class=\"mkdf-post-text\">\n<div class=\"mkdf-post-text-inner\">\n<div class=\"mkdf-post-text-main\">\n<div class=\"mkdf-post-text\">\n<div class=\"mkdf-post-text-inner\">\n<div class=\"mkdf-post-text-main\">\n<div class=\"page-title-head hgroup\">\n<div class=\"page-title-head hgroup\">\n<div class=\"page-title-head hgroup\">\n<div class=\"page-title-head hgroup\">\n<div class=\"b654a4as d2edcug0\">\n<div class=\"page-title-head hgroup\">\n<div class=\"page-title-head hgroup\">\n<div class=\"page-title-head hgroup\">\n<div class=\"page-title-head hgroup\">\n<div class=\"b654a4as d2edcug0\">\n<div class=\"page-title-head hgroup\">\n<div class=\"page-title-head hgroup\">\n<div class=\"page-title-head hgroup\">\n<div class=\"page-title-head hgroup\">\n<div class=\"b654a4as d2edcug0\">\n<div>\n<p>&nbsp;<\/p>\n<\/div>\n<div>\n<hr \/>\n<p>&nbsp;<\/p>\n<\/div>\n<h2><span style=\"color: #808000;\">L&#8217;ALMANACCO LADINO\u00a0\u00a0<\/span><\/h2>\n<p><strong>LA RACCOLTA<\/strong><\/p>\n<blockquote class=\"wp-embedded-content\" data-secret=\"synKb914I8\"><p><a href=\"https:\/\/www.radiopiu.net\/wordpress\/almanacco-ladino\/\">Almanacco Ladino<\/a><\/p><\/blockquote>\n<p><iframe loading=\"lazy\" class=\"wp-embedded-content\" sandbox=\"allow-scripts\" security=\"restricted\" style=\"position: absolute; clip: rect(1px, 1px, 1px, 1px);\" title=\"&#8220;Almanacco Ladino&#8221; &#8212; Radio Pi\u00f9\" src=\"https:\/\/www.radiopiu.net\/wordpress\/almanacco-ladino\/embed\/#?secret=synKb914I8\" data-secret=\"synKb914I8\" width=\"600\" height=\"338\" frameborder=\"0\" marginwidth=\"0\" marginheight=\"0\" scrolling=\"no\"><\/iframe><\/p>\n<p>&nbsp;<\/p>\n<hr \/>\n<p>&nbsp;<\/p>\n<h2><span style=\"color: #33cccc;\">LA RASSEGNA STAMPA DA L&#8217;AMICO DEL POPOLO<\/span><\/h2>\n<p><strong>LA RACCOLTA COMPLETA<\/strong><\/p>\n<blockquote class=\"wp-embedded-content\" data-secret=\"fL1JF9qfPj\"><p><a href=\"https:\/\/www.radiopiu.net\/wordpress\/rassegna-stampa-di-gianni-santomaso\/\">Rassegna stampa da l&#8217;amico del popolo &#8211; di Gianni Santomaso<\/a><\/p><\/blockquote>\n<p><iframe loading=\"lazy\" class=\"wp-embedded-content\" sandbox=\"allow-scripts\" security=\"restricted\" style=\"position: absolute; clip: rect(1px, 1px, 1px, 1px);\" title=\"&#8220;Rassegna stampa da l&#8217;amico del popolo &#8211; di Gianni Santomaso&#8221; &#8212; Radio Pi\u00f9\" src=\"https:\/\/www.radiopiu.net\/wordpress\/rassegna-stampa-di-gianni-santomaso\/embed\/#?secret=fL1JF9qfPj\" data-secret=\"fL1JF9qfPj\" width=\"600\" height=\"338\" frameborder=\"0\" marginwidth=\"0\" marginheight=\"0\" scrolling=\"no\"><\/iframe><\/p>\n<p>&nbsp;<\/p>\n<hr \/>\n<p>&nbsp;<\/p>\n<h2><span style=\"color: #800080;\">I RACCONTI DI PAOLO SOPPELSA\u00a0<\/span><\/h2>\n<p><strong>LA RACCOLTA COMPLETA<\/strong><\/p>\n<blockquote class=\"wp-embedded-content\" data-secret=\"hyn3Yq5fHA\"><p><a href=\"https:\/\/www.radiopiu.net\/wordpress\/i-racconti-di-paolo-soppelsa\/\">I racconti di Paolo Soppelsa<\/a><\/p><\/blockquote>\n<p><iframe loading=\"lazy\" class=\"wp-embedded-content\" sandbox=\"allow-scripts\" security=\"restricted\" style=\"position: absolute; clip: rect(1px, 1px, 1px, 1px);\" title=\"&#8220;I racconti di Paolo Soppelsa&#8221; &#8212; Radio Pi\u00f9\" src=\"https:\/\/www.radiopiu.net\/wordpress\/i-racconti-di-paolo-soppelsa\/embed\/#?secret=hyn3Yq5fHA\" data-secret=\"hyn3Yq5fHA\" width=\"600\" height=\"338\" frameborder=\"0\" marginwidth=\"0\" marginheight=\"0\" scrolling=\"no\"><\/iframe><\/p>\n<p>&nbsp;<\/p>\n<hr \/>\n<\/div>\n<div class=\"b654a4as d2edcug0\">\n<p>&nbsp;<\/p>\n<p><a href=\"https:\/\/www.radiopiu.net\/wordpress\/giornale-radiopiu-26-settembre-2018-direttore-mirko-mezzacasa\/viabilita-2\/\" rel=\"attachment wp-att-61954\"><img loading=\"lazy\" decoding=\"async\" class=\"aligncenter wp-image-61954 size-full\" src=\"https:\/\/www.radiopiu.net\/wordpress\/wp-content\/uploads\/2018\/09\/viabilita.jpeg\" sizes=\"auto, (max-width: 800px) 100vw, 800px\" srcset=\"https:\/\/www.radiopiu.net\/wordpress\/wp-content\/uploads\/2018\/09\/viabilita.jpeg 800w, https:\/\/www.radiopiu.net\/wordpress\/wp-content\/uploads\/2018\/09\/viabilita-300x38.jpeg 300w, https:\/\/www.radiopiu.net\/wordpress\/wp-content\/uploads\/2018\/09\/viabilita-768x96.jpeg 768w\" alt=\"\" width=\"800\" height=\"100\" \/><\/a><\/p>\n<div class=\"ecm0bbzt e5nlhep0 a8c37x1j\">\n<div class=\"kvgmc6g5 cxmmr5t8 oygrvhab hcukyx3x c1et5uql\">\n<div class=\"gmail-kvgmc6g5 gmail-cxmmr5t8 gmail-oygrvhab gmail-hcukyx3x gmail-c1et5uql gmail-ii04i59q\">\n<div class=\"page-title-head hgroup\">\n<div class=\"page-title-head hgroup\">\n<div class=\"b654a4as d2edcug0\">\n<div class=\"j83agx80 btwxx1t3 lhclo0ds hop8lmos nkwizq5d scwd0bx6 roh60bw9\">\n<div class=\"rq0escxv hkbzh7o3 jwdofwj8 n8tt0mok r8blr3vg hyh9befq\">\n<div class=\"do00u71z l9j0dhe7 k4urcfbm\">\n<div class=\"page-title-head hgroup\">\n<div class=\"page-title-head hgroup\">\n<div class=\"page-title-head hgroup\">\n<div class=\"page-title-head hgroup\">\n<div class=\"b654a4as d2edcug0\">\n<div class=\"page-title-head hgroup\">\n<div class=\"page-title-head hgroup\">\n<div class=\"page-title-head hgroup\">\n<div class=\"page-title-head hgroup\">\n<div class=\"b654a4as d2edcug0\">\n<div class=\"page-title-head hgroup\">\n<div class=\"page-title-head hgroup\">\n<div class=\"page-title-head hgroup\">\n<div class=\"page-title-head hgroup\">\n<div class=\"page-title-head hgroup\">\n<div class=\"page-title-head hgroup\">\n<div class=\"page-title-head hgroup\">\n<div class=\"page-title-head hgroup\">\n<div class=\"page-title-head hgroup\">\n<div class=\"b654a4as d2edcug0\">\n<div class=\"page-title-head hgroup\">\n<div class=\"page-title-head hgroup\">\n<div class=\"page-title-head hgroup\">\n<div class=\"page-title-head hgroup\">\n<div class=\"b654a4as d2edcug0\">\n<div class=\"page-title-head hgroup\">\n<div class=\"page-title-head hgroup\">\n<div class=\"page-title-head hgroup\">\n<div class=\"page-title-head hgroup\">\n<div class=\"page-title-head hgroup\">\n<div class=\"mkdf-post-text\">\n<div class=\"mkdf-post-text-inner\">\n<div class=\"mkdf-post-text-main\">\n<div class=\"mkdf-post-text\">\n<div class=\"mkdf-post-text-inner\">\n<div class=\"mkdf-post-text-main\">\n<div class=\"mkdf-post-text\">\n<div class=\"mkdf-post-text-inner\">\n<div class=\"mkdf-post-text-main\">\n<div class=\"page-title-head hgroup\">\n<div class=\"page-title-head hgroup\">\n<div class=\"mkdf-post-text\">\n<div class=\"mkdf-post-text-inner\">\n<div class=\"mkdf-post-text-main\">\n<div class=\"mkdf-post-text\">\n<div class=\"mkdf-post-text-inner\">\n<div class=\"mkdf-post-text-main\">\n<div class=\"page-title-head hgroup\">\n<div class=\"page-title-head hgroup\">\n<div class=\"page-title-head hgroup\">\n<div class=\"page-title-head hgroup\">\n<div class=\"b654a4as d2edcug0\">\n<div class=\"page-title-head hgroup\">\n<div class=\"page-title-head hgroup\">\n<div class=\"page-title-head hgroup\">\n<div class=\"page-title-head hgroup\">\n<div class=\"b654a4as d2edcug0\">\n<div class=\"page-title-head hgroup\">\n<div class=\"page-title-head hgroup\">\n<div class=\"page-title-head hgroup\">\n<div class=\"page-title-head hgroup\">\n<div class=\"b654a4as d2edcug0\">\n<div class=\"chat-input\">\n<div class=\"chat-input-container\">\n<div class=\"rows-wrapper chat-input-wrapper\">\n<div class=\"reply-wrapper\">\n<div class=\"btn-menu\">\n<div class=\"btn-menu-item tgico-replace rp\">\n<div class=\"c-ripple\">\n<div class=\"bubbles scrolled-down\">\n<div class=\"scrollable scrollable-y\">\n<div class=\"bubbles-inner has-rights is-chat is-channel\">\n<div class=\"bubbles-date-group\">\n<div class=\"bubble hide-name is-out can-have-tail is-group-first is-group-last is-read\" data-mid=\"5377294335\" data-peer-id=\"-1478820725\" data-timestamp=\"1638437407\">\n<div class=\"bubble-content-wrapper\">\n<div class=\"bubble-content\">\n<p class=\"message\" dir=\"auto\"><strong>\u00a0<\/strong><\/p>\n<\/div>\n<\/div>\n<\/div>\n<\/div>\n<\/div>\n<\/div>\n<\/div>\n<\/div>\n<\/div>\n<\/div>\n<\/div>\n<\/div>\n<\/div>\n<\/div>\n<\/div>\n<\/div>\n<\/div>\n<\/div>\n<\/div>\n<\/div>\n<\/div>\n<\/div>\n<\/div>\n<\/div>\n<\/div>\n<\/div>\n<\/div>\n<\/div>\n<\/div>\n<\/div>\n<\/div>\n<\/div>\n<\/div>\n<\/div>\n<\/div>\n<\/div>\n<\/div>\n<\/div>\n<\/div>\n<\/div>\n<\/div>\n<\/div>\n<\/div>\n<\/div>\n<\/div>\n<\/div>\n<\/div>\n<\/div>\n<\/div>\n<\/div>\n<\/div>\n<\/div>\n<\/div>\n<\/div>\n<\/div>\n<\/div>\n<\/div>\n<\/div>\n<\/div>\n<\/div>\n<\/div>\n<\/div>\n<\/div>\n<\/div>\n<\/div>\n<\/div>\n<\/div>\n<\/div>\n<\/div>\n<\/div>\n<\/div>\n<\/div>\n<\/div>\n<\/div>\n<\/div>\n<\/div>\n<\/div>\n<\/div>\n<\/div>\n<\/div>\n<\/div>\n<\/div>\n<\/div>\n<\/div>\n<\/div>\n<\/div>\n<\/div>\n<\/div>\n<\/div>\n<\/div>\n<\/div>\n<\/div>\n<\/div>\n<\/div>\n<\/div>\n<\/div>\n<\/div>\n<\/div>\n<\/div>\n<\/div>\n<\/div>\n<\/div>\n<\/div>\n<\/div>\n<\/div>\n<\/div>\n<\/div>\n<\/div>\n<\/div>\n<\/div>\n<\/div>\n<\/div>\n<\/div>\n<\/div>\n<\/div>\n<\/div>\n<\/div>\n<\/div>\n<\/div>\n<\/div>\n<\/div>\n<\/div>\n<\/div>\n<\/div>\n<\/div>\n<\/div>\n<\/div>\n<\/div>\n<\/div>\n<\/div>\n<\/div>\n<\/div>\n<\/div>\n<\/div>\n<\/div>\n<\/div>\n<\/div>\n<\/div>\n<\/div>\n<\/div>\n<\/div>\n<\/div>\n<\/div>\n<\/div>\n<\/div>\n<\/div>\n<\/div>\n<\/div>\n<\/div>\n<\/div>\n<\/div>\n<\/div>\n<\/div>\n<\/div>\n<\/div>\n<\/div>\n<\/div>\n<\/div>\n<\/div>\n<\/div>\n<\/div>\n<\/div>\n<\/div>\n<\/div>\n<\/div>\n<\/div>\n<\/div>\n<\/div>\n<div>\n<div class=\"page-title-head hgroup\">\n<div class=\"page-title-head hgroup\">\n<div class=\"b654a4as d2edcug0\">\n<div class=\"j83agx80 btwxx1t3 lhclo0ds hop8lmos nkwizq5d scwd0bx6 roh60bw9\">\n<div class=\"rq0escxv hkbzh7o3 jwdofwj8 n8tt0mok r8blr3vg hyh9befq\">\n<div class=\"do00u71z l9j0dhe7 k4urcfbm\">\n<div class=\"ecm0bbzt e5nlhep0 a8c37x1j\">\n<div class=\"kvgmc6g5 cxmmr5t8 oygrvhab hcukyx3x c1et5uql\">\n<div class=\"gmail-kvgmc6g5 gmail-cxmmr5t8 gmail-oygrvhab gmail-hcukyx3x gmail-c1et5uql gmail-ii04i59q\">\n<div class=\"page-title-head hgroup\">\n<div class=\"page-title-head hgroup\">\n<div class=\"b654a4as d2edcug0\">\n<div class=\"j83agx80 btwxx1t3 lhclo0ds hop8lmos nkwizq5d scwd0bx6 roh60bw9\">\n<div class=\"rq0escxv hkbzh7o3 jwdofwj8 n8tt0mok r8blr3vg hyh9befq\">\n<div class=\"do00u71z l9j0dhe7 k4urcfbm\">\n<div class=\"page-title-head hgroup\">\n<div class=\"page-title-head hgroup\">\n<div class=\"page-title-head hgroup\">\n<div class=\"page-title-head hgroup\">\n<div class=\"b654a4as d2edcug0\">\n<div class=\"page-title-head hgroup\">\n<div class=\"page-title-head hgroup\">\n<div class=\"page-title-head hgroup\">\n<div class=\"page-title-head hgroup\">\n<div class=\"b654a4as d2edcug0\">\n<div class=\"page-title-head hgroup\">\n<div class=\"page-title-head hgroup\">\n<div class=\"page-title-head hgroup\">\n<div class=\"page-title-head hgroup\">\n<div class=\"page-title-head hgroup\">\n<div class=\"page-title-head hgroup\">\n<div class=\"page-title-head hgroup\">\n<div class=\"page-title-head hgroup\">\n<div class=\"page-title-head hgroup\">\n<div class=\"b654a4as d2edcug0\">\n<div class=\"page-title-head hgroup\">\n<div class=\"page-title-head hgroup\">\n<div class=\"page-title-head hgroup\">\n<div class=\"page-title-head hgroup\">\n<div class=\"b654a4as d2edcug0\">\n<div class=\"page-title-head hgroup\">\n<div class=\"page-title-head hgroup\">\n<div class=\"page-title-head hgroup\">\n<div class=\"page-title-head hgroup\">\n<div class=\"page-title-head hgroup\">\n<div class=\"mkdf-post-text\">\n<div class=\"mkdf-post-text-inner\">\n<div class=\"mkdf-post-text-main\">\n<div class=\"mkdf-post-text\">\n<div class=\"mkdf-post-text-inner\">\n<div class=\"mkdf-post-text-main\">\n<div class=\"mkdf-post-text\">\n<div class=\"mkdf-post-text-inner\">\n<div class=\"mkdf-post-text-main\">\n<div class=\"page-title-head hgroup\">\n<div class=\"page-title-head hgroup\">\n<div class=\"mkdf-post-text\">\n<div class=\"mkdf-post-text-inner\">\n<div class=\"mkdf-post-text-main\">\n<div class=\"mkdf-post-text\">\n<div class=\"mkdf-post-text-inner\">\n<div class=\"mkdf-post-text-main\">\n<div class=\"page-title-head hgroup\">\n<div class=\"page-title-head hgroup\">\n<div class=\"page-title-head hgroup\">\n<div class=\"page-title-head hgroup\">\n<div class=\"b654a4as d2edcug0\">\n<div class=\"page-title-head hgroup\">\n<div class=\"page-title-head hgroup\">\n<div class=\"page-title-head hgroup\">\n<div class=\"page-title-head hgroup\">\n<div class=\"b654a4as d2edcug0\">\n<div class=\"page-title-head hgroup\">\n<div class=\"page-title-head hgroup\">\n<div class=\"page-title-head hgroup\">\n<div class=\"page-title-head hgroup\">\n<div class=\"b654a4as d2edcug0\">\n<div class=\"ecm0bbzt e5nlhep0 a8c37x1j\">\n<div class=\"kvgmc6g5 cxmmr5t8 oygrvhab hcukyx3x c1et5uql\">\n<div class=\"gmail-kvgmc6g5 gmail-cxmmr5t8 gmail-oygrvhab gmail-hcukyx3x gmail-c1et5uql gmail-ii04i59q\">\n<div class=\"page-title-head hgroup\">\n<div class=\"page-title-head hgroup\">\n<div class=\"b654a4as d2edcug0\">\n<div class=\"j83agx80 btwxx1t3 lhclo0ds hop8lmos nkwizq5d scwd0bx6 roh60bw9\">\n<div class=\"rq0escxv hkbzh7o3 jwdofwj8 n8tt0mok r8blr3vg hyh9befq\">\n<div class=\"do00u71z l9j0dhe7 k4urcfbm\">\n<div class=\"page-title-head hgroup\">\n<div class=\"page-title-head hgroup\">\n<div class=\"page-title-head hgroup\">\n<div class=\"page-title-head hgroup\">\n<div class=\"b654a4as d2edcug0\">\n<div class=\"page-title-head hgroup\">\n<div class=\"page-title-head hgroup\">\n<div class=\"page-title-head hgroup\">\n<div class=\"page-title-head hgroup\">\n<div class=\"b654a4as d2edcug0\">\n<div class=\"page-title-head hgroup\">\n<div class=\"page-title-head hgroup\">\n<div class=\"page-title-head hgroup\">\n<div class=\"page-title-head hgroup\">\n<div class=\"page-title-head hgroup\">\n<div class=\"page-title-head hgroup\">\n<div class=\"page-title-head hgroup\">\n<div class=\"page-title-head hgroup\">\n<div class=\"page-title-head hgroup\">\n<div class=\"b654a4as d2edcug0\">\n<div class=\"page-title-head hgroup\">\n<div class=\"page-title-head hgroup\">\n<div class=\"page-title-head hgroup\">\n<div class=\"page-title-head hgroup\">\n<div class=\"b654a4as d2edcug0\">\n<div class=\"page-title-head hgroup\">\n<div class=\"page-title-head hgroup\">\n<div class=\"page-title-head hgroup\">\n<div class=\"page-title-head hgroup\">\n<div class=\"page-title-head hgroup\">\n<div class=\"mkdf-post-text\">\n<div class=\"mkdf-post-text-inner\">\n<div class=\"mkdf-post-text-main\">\n<div class=\"mkdf-post-text\">\n<div class=\"mkdf-post-text-inner\">\n<div class=\"mkdf-post-text-main\">\n<div class=\"mkdf-post-text\">\n<div class=\"mkdf-post-text-inner\">\n<div class=\"mkdf-post-text-main\">\n<div class=\"page-title-head hgroup\">\n<div class=\"page-title-head hgroup\">\n<div class=\"mkdf-post-text\">\n<div class=\"mkdf-post-text-inner\">\n<div class=\"mkdf-post-text-main\">\n<div class=\"mkdf-post-text\">\n<div class=\"mkdf-post-text-inner\">\n<div class=\"mkdf-post-text-main\">\n<div class=\"page-title-head hgroup\">\n<div class=\"page-title-head hgroup\">\n<div class=\"page-title-head hgroup\">\n<div class=\"page-title-head hgroup\">\n<div class=\"b654a4as d2edcug0\">\n<div class=\"page-title-head hgroup\">\n<div class=\"page-title-head hgroup\">\n<div class=\"page-title-head hgroup\">\n<div class=\"page-title-head hgroup\">\n<div class=\"b654a4as d2edcug0\">\n<div class=\"page-title-head hgroup\">\n<div class=\"page-title-head hgroup\">\n<div class=\"page-title-head hgroup\">\n<div class=\"page-title-head hgroup\">\n<div class=\"b654a4as d2edcug0\">\n<blockquote class=\"wp-embedded-content\" data-secret=\"Tu43R5O7jZ\"><p><a href=\"https:\/\/www.radiopiu.net\/wordpress\/viabilita\/\">viabilita<\/a><\/p><\/blockquote>\n<p><iframe loading=\"lazy\" class=\"wp-embedded-content\" sandbox=\"allow-scripts\" security=\"restricted\" style=\"position: absolute; clip: rect(1px, 1px, 1px, 1px);\" title=\"&#8220;viabilita&#8221; &#8212; Radio Pi\u00f9\" src=\"https:\/\/www.radiopiu.net\/wordpress\/viabilita\/embed\/#?secret=Tu43R5O7jZ\" data-secret=\"Tu43R5O7jZ\" width=\"600\" height=\"338\" frameborder=\"0\" marginwidth=\"0\" marginheight=\"0\" scrolling=\"no\"><\/iframe><\/p>\n<p>&nbsp;<\/p>\n<hr \/>\n<p>&nbsp;<\/p>\n<\/div>\n<div class=\"b654a4as d2edcug0\">\n<div class=\"ecm0bbzt e5nlhep0 a8c37x1j\">\n<div class=\"kvgmc6g5 cxmmr5t8 oygrvhab hcukyx3x c1et5uql\">\n<div class=\"gmail-kvgmc6g5 gmail-cxmmr5t8 gmail-oygrvhab gmail-hcukyx3x gmail-c1et5uql gmail-ii04i59q\">\n<div>\n<div class=\"page-title-head hgroup\">\n<div class=\"page-title-head hgroup\">\n<div class=\"b654a4as d2edcug0\">\n<div class=\"j83agx80 btwxx1t3 lhclo0ds hop8lmos nkwizq5d scwd0bx6 roh60bw9\">\n<div class=\"rq0escxv hkbzh7o3 jwdofwj8 n8tt0mok r8blr3vg hyh9befq\">\n<div class=\"do00u71z l9j0dhe7 k4urcfbm\">\n<div>\n<div class=\"page-title-head hgroup\">\n<div class=\"page-title-head hgroup\">\n<div class=\"page-title-head hgroup\">\n<div class=\"page-title-head hgroup\">\n<div class=\"b654a4as d2edcug0\">\n<div class=\"page-title-head hgroup\">\n<div class=\"page-title-head hgroup\">\n<div class=\"page-title-head hgroup\">\n<div class=\"page-title-head hgroup\">\n<div class=\"b654a4as d2edcug0\">\n<div class=\"page-title-head hgroup\">\n<div class=\"page-title-head hgroup\">\n<div class=\"page-title-head hgroup\">\n<div class=\"page-title-head hgroup\">\n<div class=\"page-title-head hgroup\">\n<div class=\"mkdf-post-text\">\n<div class=\"mkdf-post-text-inner\">\n<div class=\"mkdf-post-text-main\">\n<div class=\"mkdf-post-text\">\n<div class=\"mkdf-post-text-inner\">\n<div class=\"mkdf-post-text-main\">\n<div class=\"mkdf-post-text\">\n<div class=\"mkdf-post-text-inner\">\n<div class=\"mkdf-post-text-main\">\n<div class=\"page-title-head hgroup\">\n<div class=\"page-title-head hgroup\">\n<div class=\"mkdf-post-text\">\n<div class=\"mkdf-post-text-inner\">\n<div class=\"mkdf-post-text-main\">\n<div class=\"mkdf-post-text\">\n<div class=\"mkdf-post-text-inner\">\n<div class=\"mkdf-post-text-main\">\n<div>\n<div class=\"page-title-head hgroup\">\n<div class=\"page-title-head hgroup\">\n<div>\n<div class=\"page-title-head hgroup\">\n<div class=\"page-title-head hgroup\">\n<div class=\"b654a4as d2edcug0\">\n<div>\n<div class=\"page-title-head hgroup\" style=\"text-align: left;\">\n<div class=\"page-title-head hgroup\">\n<div dir=\"auto\">\n<p><a class=\"dt-pswp-item pspw-wrap-ready\" href=\"https:\/\/i0.wp.com\/www.radiopiu.net\/wordpress\/wp-content\/uploads\/2018\/09\/WhatsApp-Image-2018-09-20-at-16.04.06.jpeg?ssl=1\" data-dt-img-description=\"\" data-large_image_width=\"800\" data-large_image_height=\"100\"><img loading=\"lazy\" decoding=\"async\" class=\"aligncenter wp-image-61378 size-full jetpack-lazy-image jetpack-lazy-image--handled\" src=\"https:\/\/i0.wp.com\/www.radiopiu.net\/wordpress\/wp-content\/uploads\/2018\/09\/WhatsApp-Image-2018-09-20-at-16.04.06.jpeg?resize=800%2C100&amp;ssl=1\" sizes=\"auto, (max-width: 800px) 100vw, 800px\" srcset=\"https:\/\/i0.wp.com\/www.radiopiu.net\/wordpress\/wp-content\/uploads\/2018\/09\/WhatsApp-Image-2018-09-20-at-16.04.06.jpeg?w=800&amp;ssl=1 800w, https:\/\/i0.wp.com\/www.radiopiu.net\/wordpress\/wp-content\/uploads\/2018\/09\/WhatsApp-Image-2018-09-20-at-16.04.06.jpeg?resize=300%2C38&amp;ssl=1 300w, https:\/\/i0.wp.com\/www.radiopiu.net\/wordpress\/wp-content\/uploads\/2018\/09\/WhatsApp-Image-2018-09-20-at-16.04.06.jpeg?resize=768%2C96&amp;ssl=1 768w\" alt=\"\" width=\"800\" height=\"100\" data-lazy-loaded=\"1\" \/><\/a><\/p>\n<\/div>\n<\/div>\n<\/div>\n<\/div>\n<\/div>\n<\/div>\n<\/div>\n<\/div>\n<\/div>\n<\/div>\n<\/div>\n<\/div>\n<\/div>\n<\/div>\n<\/div>\n<\/div>\n<\/div>\n<\/div>\n<\/div>\n<\/div>\n<\/div>\n<\/div>\n<\/div>\n<\/div>\n<\/div>\n<\/div>\n<\/div>\n<\/div>\n<\/div>\n<\/div>\n<\/div>\n<\/div>\n<\/div>\n<\/div>\n<\/div>\n<\/div>\n<\/div>\n<\/div>\n<\/div>\n<\/div>\n<\/div>\n<\/div>\n<\/div>\n<\/div>\n<p>&nbsp;<\/p>\n<\/div>\n<\/div>\n<\/div>\n<\/div>\n<\/div>\n<\/div>\n<\/div>\n<\/div>\n<\/div>\n<\/div>\n<\/div>\n<\/div>\n<\/div>\n<\/div>\n<\/div>\n<\/div>\n<\/div>\n<\/div>\n<\/div>\n<\/div>\n<\/div>\n<\/div>\n<\/div>\n<\/div>\n<\/div>\n<\/div>\n<\/div>\n<\/div>\n<\/div>\n<\/div>\n<\/div>\n<\/div>\n<\/div>\n<\/div>\n<\/div>\n<\/div>\n<\/div>\n<\/div>\n<\/div>\n<\/div>\n<\/div>\n<\/div>\n<\/div>\n<\/div>\n<\/div>\n<\/div>\n<\/div>\n<\/div>\n<\/div>\n<\/div>\n<\/div>\n<\/div>\n<\/div>\n<\/div>\n<\/div>\n<\/div>\n<\/div>\n<\/div>\n<\/div>\n<\/div>\n<\/div>\n<\/div>\n<\/div>\n<\/div>\n<\/div>\n<\/div>\n<\/div>\n<\/div>\n<\/div>\n<\/div>\n<\/div>\n<\/div>\n<\/div>\n<\/div>\n<\/div>\n<\/div>\n<\/div>\n<\/div>\n<\/div>\n<\/div>\n<\/div>\n<\/div>\n<\/div>\n<\/div>\n<\/div>\n<\/div>\n<\/div>\n<\/div>\n<\/div>\n<\/div>\n<\/div>\n<\/div>\n<\/div>\n<\/div>\n<\/div>\n<\/div>\n<\/div>\n<\/div>\n<\/div>\n<\/div>\n<\/div>\n<\/div>\n<\/div>\n<\/div>\n<\/div>\n<\/div>\n<\/div>\n<\/div>\n<\/div>\n<\/div>\n<\/div>\n<\/div>\n<\/div>\n<\/div>\n<\/div>\n<\/div>\n<\/div>\n<\/div>\n<\/div>\n<\/div>\n<\/div>\n<\/div>\n<\/div>\n<\/div>\n<\/div>\n<\/div>\n<\/div>\n<\/div>\n<\/div>\n<\/div>\n<\/div>\n<\/div>\n<\/div>\n<\/div>\n<\/div>\n<\/div>\n<\/div>\n<\/div>\n<\/div>\n<\/div>\n<\/div>\n<\/div>\n<\/div>\n<\/div>\n<\/div>\n<\/div>\n<\/div>\n<\/div>\n<\/div>\n<\/div>\n<\/div>\n<\/div>\n<\/div>\n<\/div>\n<\/div>\n<\/div>\n<\/div>\n<\/div>\n<\/div>\n<div><center><b>Giovedi 30<\/b><\/center><b>Tempo atteso: <\/b>Tempo stabile, ma particolarmente ventoso fino nelle prime ore del marttino, poi la ventilazione tender\u00e0 a scemare. Al mattino presenza di nubi alte e medio-alte, anche lenticolari, mentre la nuvolosit\u00e0 si dirader\u00e0 in parte al pomeriggio lasciando maggiore spazio al sole. La mitezza diurna inizier\u00e0 a farsi sentire in quota e nelle valli pi\u00f9 assolate.<br \/>\n<b>Precipitazioni: <\/b>Assenti (0%), eccetto residue gocce in prima nottata sulle Dolomiti settentrionali (20\/30%), con nevischio sopra i 2500 m.<br \/>\n<b>Temperature: <\/b>In generale aumento, in maniera pi\u00f9 sensibile in alta quota; nelle valli oltre gli 800\/1000 m, l&#8217;andamento termico sar\u00e0 irregolare e condizionato dal Foehn iniziale. Su Prealpi a 1500 m min 6\u00b0C, max 11\u00b0C; a 2000 m min 4\u00b0C, max 8\u00b0C. Su Dolomiti a 2000 m min 3\u00b0C, max 7\u00b0C; a 3000 m min -1\u00b0C, max 2\u00b0C.<br \/>\n<b>Venti: <\/b>Nelle valli oltre gli 800 m Foehn nottetempo e al mattino, ma non nei fondovalle dove l&#8217;aria pi\u00f9 fresca resister\u00e0 con venti deboli, poi la ventilazione diventer\u00e0 debole di direzione variabile. In quota venti forti\/molto forti da nord-ovest nottetempo e al mattino, in graduale attenuazione nel corso della mattinata, diventando tesi sulle cime pi\u00f9 alte e perlopi\u00f9 moderati sui 2000 m, a 20-50 km\/h a 2000 m e 45-90 km\/h a 3000 m. Le raffiche saranno anche oltre i 100\/110 km\/h nella notte e al primo mattino sulle cime esposte a nord-ovest, poi man mano di minore intensit\u00e0.<\/p>\n<hr \/>\n<p><center><b>Venerdi 31<\/b><\/center><b>Tempo atteso: <\/b>Splendida giornata con sole, cielo sereno, aria tersa e ottima visibilit\u00e0 su tutta la montagna veneta. Far\u00e0 eccezione la Valbelluna con probabili nebbie durante le ore pi\u00f9 fredde, in diradamento nel corso della mattinata. Ambiente termico anormalmente mite di giorni in quota e nei posti pi\u00f9 assolati.<br \/>\n<b>Precipitazioni: <\/b>Assenti (0%).<br \/>\n<b>Temperature: <\/b>In ulteriore aumento, eccetto calo delle minime nei fondovalle, dove l&#8217;inversione termica si accentuer\u00e0 fortemente. A bassa quota forte contrasto termico diurno tra i settori in ombra e quelli pi\u00f9 assolati. In alta quota la mitezza sar\u00e0 anomala con assenza di gelo notturno e valori molto alti per il periodo (8\/10\u00b0C superiori alla media). Su Prealpi a 1500 m min 10\u00b0C, max 15\u00b0C; a 2000 m min 8\u00b0C, max 12\u00b0C. Su Dolomiti a 2000 m min 7\u00b0C, max 11\u00b0C; a 3000 m min 2\u00b0C, max 4\u00b0C.<br \/>\n<b>Venti: <\/b>Nelle valli deboli di direzione variabile, salvo locali rinforzi per brezze di monte nelle ore pi\u00f9 fredde in alcuni settori prealpini; in quota deboli\/moderati da nord-ovest,a 10-15 km\/h a 2000 m e 25-35 km\/h a 3000 m.<\/p>\n<hr \/>\n<p><center><b>Sabato 1<\/b><\/center>Tempo simile a venerd\u00ec in un contesto termico ancora anomalo in alta quota, dove i valori saranno senza notevoli variazioni. Temperature in ulteriore lieve aumento, eccetto calo delle minime nei fondovalle prealpini non interessati da nebbie. Forte inversione termica nei settori in ombra. Venti moderati\/tesi da nord-ovest in quota; deboli di direzione variabile nelle valli, salvo locali rinforzi per brezze di monte nelle ore pi\u00f9 fredde in alcuni settori prealpini e qualche episodio di Foehn in alcune valli dolomitiche.<\/p>\n<hr \/>\n<p><center><b>Domenica 2<\/b><\/center>Persistenza del bel tempo anormalmente mite per il periodo con sole, cielo sereno o poco nuvoloso per temporanee sottili velature del cielo. L&#8217;unica insidia sar\u00e0 l&#8217;eventuale presenza di qualche nebbia in Valbelluna durante le ore pi\u00f9 fredde. La forte inversione termica notturna rimarr\u00e0 la stessa dei due giorni precedenti, specie nelle valli in ombra. Venti deboli\/moderati da sud-ovest in quota; deboli di direzione variabile nelle valli, salvo locali rinforzi per brezze di monte nelle ore pi\u00f9 fredde in alcuni settori prealpini. Previsore: R.L.Th.<\/p>\n<p>&nbsp;<\/p>\n<hr \/>\n<p>&nbsp;<\/p>\n<p><a href=\"https:\/\/www.radiopiu.net\/wordpress\/giornale-radiopiu-15-settembre-2018-direttore-mirko-mezzacasa\/sport-7\/\" rel=\"attachment wp-att-60761\"><img loading=\"lazy\" decoding=\"async\" class=\"wp-image-60761 size-full aligncenter\" src=\"https:\/\/www.radiopiu.net\/wordpress\/wp-content\/uploads\/2018\/09\/sport.jpg\" alt=\"\" width=\"800\" height=\"100\" srcset=\"https:\/\/www.radiopiu.net\/wordpress\/wp-content\/uploads\/2018\/09\/sport.jpg 800w, https:\/\/www.radiopiu.net\/wordpress\/wp-content\/uploads\/2018\/09\/sport-300x38.jpg 300w, https:\/\/www.radiopiu.net\/wordpress\/wp-content\/uploads\/2018\/09\/sport-768x96.jpg 768w\" sizes=\"auto, (max-width: 800px) 100vw, 800px\" \/><\/a><\/p>\n<p>&nbsp;<\/p>\n<blockquote>\n<h3>STASERA AD ALLEGHE ARRIVA IL PERGINE PER LA PENULTIMA GIORNATA DI REGOULAR SEASON<\/h3>\n<\/blockquote>\n<p><strong><a href=\"https:\/\/www.radiopiu.net\/wordpress\/ad-alleghe-arriva-il-pergine-per-la-penultima-giornata-di-regoular-season\/alleghe-hockey-5\/\" rel=\"attachment wp-att-250769\"><img loading=\"lazy\" decoding=\"async\" class=\"size-medium wp-image-250769 alignleft\" src=\"https:\/\/www.radiopiu.net\/wordpress\/wp-content\/uploads\/2021\/12\/ALLEGHE-HOCKEY-5-300x225.jpg\" alt=\"\" width=\"300\" height=\"225\" srcset=\"https:\/\/www.radiopiu.net\/wordpress\/wp-content\/uploads\/2021\/12\/ALLEGHE-HOCKEY-5-300x225.jpg 300w, https:\/\/www.radiopiu.net\/wordpress\/wp-content\/uploads\/2021\/12\/ALLEGHE-HOCKEY-5-1024x768.jpg 1024w, https:\/\/www.radiopiu.net\/wordpress\/wp-content\/uploads\/2021\/12\/ALLEGHE-HOCKEY-5-768x576.jpg 768w, https:\/\/www.radiopiu.net\/wordpress\/wp-content\/uploads\/2021\/12\/ALLEGHE-HOCKEY-5-1536x1152.jpg 1536w, https:\/\/www.radiopiu.net\/wordpress\/wp-content\/uploads\/2021\/12\/ALLEGHE-HOCKEY-5.jpg 1600w\" sizes=\"auto, (max-width: 300px) 100vw, 300px\" \/><\/a>di Roberto Miana, portavoce dell&#8217;Alleghe Hockey<\/strong><\/p>\n<p>Ottava giornata del girone di ritorno e penultima di regular season dell&#8217;Italian Hockey League. Gioved\u00ec 30 dicembre alle ore 20:30 l&#8217;Alleghe ospita il Pergine.<\/p>\n<p><strong>ALLEGHE:<\/strong> negli uffici di via Lungolago si attende la decisione del giudice sportivo riguardante la gara Alleghe-Como che, in programma nel tardo pomeriggio di domenica, non si \u00e8 disputata a causa del mancato arrivo al &#8220;De Toni&#8221; dei giocatori Lariani per la presenza in squadra di alcuni giocatori risultati positivi al Covid-19, nonostante la FISG avesse confermato la disputa del match. Le Civette, contro il Pergine, si giocano una fetta di stagione, essendo entrambe le squadre in corsa tra loro per il quarto posto in classifica e l&#8217;accesso diretto ai playoff. Intanto \u00e8 ufficiale la qualificazione dei Biancorossi ai quarti di finale di Coppa Italia, che si disputer\u00e0 a gennaio contro un avversario che sar\u00e0 stabilito dalla classifica finale della regular season. Dopo sedici giornate, i Biancorossi (con una gara in meno) occupano la quinta posizione in classifica con 25 punti (9 vittorie e 6 sconfitte), 41 reti realizzate e 37 subite, che ne fanno la migliore difesa del torneo cadetto. Contro il Pergine, coach Alessandro Fontana potr\u00e0 contare sulla rosa al completo. <strong>PERGINE:<\/strong> le Linci arrivano ai piedi del Civetta reduci dalla sorprendente sconfitta 5-3 subita in trasferta contro il Dobbiaco. Battuta di arresto che si \u00e8 materializzata dopo una striscia positiva di ben cinque vittorie consecutive, che aveva permesso alla squadra allenata da coach Andrea Ambrosi di portarsi a ridosso delle primissime posizioni in classifica. Il Pergine occupa la quarta posizione in classifica con 29 punti (10 vittorie e 6 sconfitte), 55 reti fatte e 40 subite. Il miglior realizzatore dei nostri prossimi avversari \u00e8 il venticinquenne Davide Conci #54 con a referto 9 reti e 12 assist. Da evidenziare anche l&#8217;ottimo rendimento del difensore Slovacco Gabri Radovan #73, che con 7 gol e 13 assist \u00e8 uno dei migliori della squadra. <strong>STATISTICHE<\/strong> Alleghe vs Pergine: dalla stagione 2013\/2014, da quando Alleghe e Pergine si affrontano nel campionato di serie B di hockey su ghiaccio (IHL), le Civette hanno incrociato le stecche con le Linci 17 volte. Il bilancio conta 9 vittorie Alleghesi, 7 del Pergine ed 1 pareggio. Se prendiamo in considerazione le sole gare disputate al \u201cDe Toni\u201d di Alleghe, nelle 8 sfide giocate si sono registrati 4 successi dei padroni di casa, 3 degli ospiti e 1 pari. Nell&#8217;ultima gara giocata tra le due squadre ai piedi del Civetta, il 6 gennaio di quest&#8217;anno, si sono imposte le Civette con un tennistico 6-2. La sfida di andata in Valsugana ha registrato il successo 6-3 dell&#8217;Alleghe. Conteggiando le reti totali tra le due squadre l\u2019Alleghe ha segnato 66 marcature contro 54 del Pergine.<\/p>\n<p><strong>ALLEGHE Hockey &#8211; Hockey PERGINE Sapiens<\/strong><\/p>\n<p>Gioved\u00ec 30 dicembre ore 20:30 \u2013 Stadio \u201cAlvise De Toni\u201d di Alleghe (BL). Arbitri: Massimo De Col e Stefano Ricco con giudici di linea Fabrizio De Toni e Mauro De Zordo<br \/>\n<strong>PARTITA APERTA AL PUBBLICO <\/strong>Come da disposizioni governative ingresso con MASCHERINA FFP2 e GREEN PASS<br \/>\nCollegamenti in DIRETTA RADIOFONICA su Radio Pi\u00f9 (www.radiopiu.net) con \u201cHockey al punto giusto\u201d, in studio Marco Gaz e dal &#8220;De Toni&#8221; interventi di Federico Paganin<\/p>\n<\/div>\n<\/div>\n<\/div>\n<\/div>\n<\/div>\n<\/div>\n<\/div>\n<\/div>\n","protected":false},"excerpt":{"rendered":"<p>le particolari condizioni Meteo con temperature piuttosto inusuali stanno creando ovunque un manto stradale molto scivoloso e a tratti ghiacciato e quindi pericoloso. MASSIMA ATTENZIONE \u00a0 INFORMAZIONE il canale su TELEGRAM informazione di prima mano e in tempo reale. iscriviti ed aiutaci a farlo conoscere\u00a0 \u00a0 \u00a0\u00a0 &nbsp; &nbsp; DOMANI, ALLE 12.30 L&#8217;INTERVISTA DI FINE&hellip;<\/p>\n","protected":false},"author":4,"featured_media":250961,"comment_status":"closed","ping_status":"open","sticky":false,"template":"","format":"standard","meta":{"_monsterinsights_skip_tracking":false,"_monsterinsights_sitenote_active":false,"_monsterinsights_sitenote_note":"","_monsterinsights_sitenote_category":0,"footnotes":""},"categories":[104,86,49],"tags":[],"class_list":["post-250777","post","type-post","status-publish","format-standard","has-post-thumbnail","hentry","category-evidenza_3","category-gr","category-news-18","category-104","category-86","category-49","description-off"],"img_url":"https:\/\/www.radiopiu.net\/wordpress\/wp-content\/uploads\/2021\/12\/d56c058d-49e2-4f06-aa64-3c369d07164c.jpg","_links":{"self":[{"href":"https:\/\/www.radiopiu.net\/wordpress\/wp-json\/wp\/v2\/posts\/250777","targetHints":{"allow":["GET"]}}],"collection":[{"href":"https:\/\/www.radiopiu.net\/wordpress\/wp-json\/wp\/v2\/posts"}],"about":[{"href":"https:\/\/www.radiopiu.net\/wordpress\/wp-json\/wp\/v2\/types\/post"}],"author":[{"embeddable":true,"href":"https:\/\/www.radiopiu.net\/wordpress\/wp-json\/wp\/v2\/users\/4"}],"replies":[{"embeddable":true,"href":"https:\/\/www.radiopiu.net\/wordpress\/wp-json\/wp\/v2\/comments?post=250777"}],"version-history":[{"count":0,"href":"https:\/\/www.radiopiu.net\/wordpress\/wp-json\/wp\/v2\/posts\/250777\/revisions"}],"wp:featuredmedia":[{"embeddable":true,"href":"https:\/\/www.radiopiu.net\/wordpress\/wp-json\/wp\/v2\/media\/250961"}],"wp:attachment":[{"href":"https:\/\/www.radiopiu.net\/wordpress\/wp-json\/wp\/v2\/media?parent=250777"}],"wp:term":[{"taxonomy":"category","embeddable":true,"href":"https:\/\/www.radiopiu.net\/wordpress\/wp-json\/wp\/v2\/categories?post=250777"},{"taxonomy":"post_tag","embeddable":true,"href":"https:\/\/www.radiopiu.net\/wordpress\/wp-json\/wp\/v2\/tags?post=250777"}],"curies":[{"name":"wp","href":"https:\/\/api.w.org\/{rel}","templated":true}]}}