{"id":250829,"date":"2021-12-29T10:43:20","date_gmt":"2021-12-29T09:43:20","guid":{"rendered":"https:\/\/www.radiopiu.net\/wordpress\/?p=250829"},"modified":"2021-12-29T17:23:50","modified_gmt":"2021-12-29T16:23:50","slug":"dal-palazzo-comunale-il-messaggio-ai-coscritti","status":"publish","type":"post","link":"https:\/\/www.radiopiu.net\/wordpress\/dal-palazzo-comunale-il-messaggio-ai-coscritti\/","title":{"rendered":"DAL PALAZZO COMUNALE IL MESSAGGIO AI &#8220;COSCRITTI&#8221;"},"content":{"rendered":"<p><strong>AGORDO<\/strong> Doppia firma sul biglietto di auguri ai nei diciottenni, del sindaco Roberto Chissal\u00e8 e dell&#8217;assessore alle politiche giovanili Chiara Fontanive.<\/p>\n<blockquote><p><em><img loading=\"lazy\" decoding=\"async\" class=\"alignleft\" src=\"https:\/\/www.radiopiu.net\/wordpress\/wp-content\/uploads\/2021\/12\/agordo.jpg\" width=\"227\" height=\"151\" \/>&#8220;A nome di tutta l\u2019amministrazione comunale di Agordo rivolgiamo a Voi un caloroso benvenuto nella maggiore et\u00e0, quella che fa di Voi cittadini maturi con pienezza di diritti e di doveri. Avremmo avuto il piacere di incontrarVi personalmente, in una occasione conviviale, ma le condizioni attuali di emergenza sanitaria purtroppo non lo consentono. Abbiamo cos\u00ec deciso di inviarVi direttamente un messaggio di augurio, insieme ad una copia della Costituzione della Repubblica Italiana perch\u00e9 riteniamo sia fondamentale per Voi, neo diciottenni, conoscere e approfondire i principi che hanno ispirato i nostri Padri Costituenti. La Costituzione \u00e8 il documento fondamentale del nostro Stato e contiene le regole e le norme essenziali per una convivenza civile fondata su ideali di libert\u00e0, di pace, di uguaglianza e di giustizia, che sono le basi di una nazione democratica, quale \u00e8 l\u2019Italia. L\u2019auspicio \u00e8 che gli importanti valori espressi nella Costituzione possano in ognuno di Voi dare un valido contributo per migliorare il presente e arricchire il futuro del nostro paese e del mondo. Il presidente Sandro Pertini nel messaggio di fine anno agli Italiani del 1978 diceva: \u201cIo sono orgoglioso di essere cittadino italiano, ma mi sento anche cittadino del mondo, sicch\u00e9 quando un uomo in un angolo della terra lotta per la sua libert\u00e0 ed \u00e8 perseguitato perch\u00e9 vuole restare un uomo libero, io sono al suo fianco con tutta la mia solidariet\u00e0 di cittadino del mondo.\u201d Nella speranza di tornare presto a condividere iniziative in presenza, Vi auguriamo un futuro di partecipazione attiva, nella certezza che proprio Voi possiate portare nuove idee ed iniziative, mettendo al servizio della collettivit\u00e0 il Vostro potenziale espressivo.<\/em><\/p><\/blockquote>\n<p><strong>foto MANUEL CONEDERA<\/strong><\/p>\n","protected":false},"excerpt":{"rendered":"<p>AGORDO Doppia firma sul biglietto di auguri ai nei diciottenni, del sindaco Roberto Chissal\u00e8 e dell&#8217;assessore alle politiche giovanili Chiara Fontanive. &#8220;A nome di tutta l\u2019amministrazione comunale di Agordo rivolgiamo a Voi un caloroso benvenuto nella maggiore et\u00e0, quella che fa di Voi cittadini maturi con pienezza di diritti e di doveri. Avremmo avuto il&hellip;<\/p>\n","protected":false},"author":4,"featured_media":250583,"comment_status":"closed","ping_status":"open","sticky":false,"template":"","format":"standard","meta":{"_monsterinsights_skip_tracking":false,"_monsterinsights_sitenote_active":false,"_monsterinsights_sitenote_note":"","_monsterinsights_sitenote_category":0,"footnotes":""},"categories":[49],"tags":[],"class_list":["post-250829","post","type-post","status-publish","format-standard","has-post-thumbnail","hentry","category-news-18","category-49","description-off"],"img_url":"https:\/\/www.radiopiu.net\/wordpress\/wp-content\/uploads\/2021\/12\/agordo.jpg","_links":{"self":[{"href":"https:\/\/www.radiopiu.net\/wordpress\/wp-json\/wp\/v2\/posts\/250829","targetHints":{"allow":["GET"]}}],"collection":[{"href":"https:\/\/www.radiopiu.net\/wordpress\/wp-json\/wp\/v2\/posts"}],"about":[{"href":"https:\/\/www.radiopiu.net\/wordpress\/wp-json\/wp\/v2\/types\/post"}],"author":[{"embeddable":true,"href":"https:\/\/www.radiopiu.net\/wordpress\/wp-json\/wp\/v2\/users\/4"}],"replies":[{"embeddable":true,"href":"https:\/\/www.radiopiu.net\/wordpress\/wp-json\/wp\/v2\/comments?post=250829"}],"version-history":[{"count":0,"href":"https:\/\/www.radiopiu.net\/wordpress\/wp-json\/wp\/v2\/posts\/250829\/revisions"}],"wp:featuredmedia":[{"embeddable":true,"href":"https:\/\/www.radiopiu.net\/wordpress\/wp-json\/wp\/v2\/media\/250583"}],"wp:attachment":[{"href":"https:\/\/www.radiopiu.net\/wordpress\/wp-json\/wp\/v2\/media?parent=250829"}],"wp:term":[{"taxonomy":"category","embeddable":true,"href":"https:\/\/www.radiopiu.net\/wordpress\/wp-json\/wp\/v2\/categories?post=250829"},{"taxonomy":"post_tag","embeddable":true,"href":"https:\/\/www.radiopiu.net\/wordpress\/wp-json\/wp\/v2\/tags?post=250829"}],"curies":[{"name":"wp","href":"https:\/\/api.w.org\/{rel}","templated":true}]}}