{"id":250850,"date":"2021-12-29T13:14:30","date_gmt":"2021-12-29T12:14:30","guid":{"rendered":"https:\/\/www.radiopiu.net\/wordpress\/?p=250850"},"modified":"2021-12-30T06:11:50","modified_gmt":"2021-12-30T05:11:50","slug":"lordinanza-di-falcade-no-ai-botti-di-capodanno-nelle-vicinanze-delle-abitazioni-e-assembramenti-vietati-in-occasione-dei-pavarui","status":"publish","type":"post","link":"https:\/\/www.radiopiu.net\/wordpress\/lordinanza-di-falcade-no-ai-botti-di-capodanno-nelle-vicinanze-delle-abitazioni-e-assembramenti-vietati-in-occasione-dei-pavarui\/","title":{"rendered":"L&#8217;ORDINANZA DI FALCADE E CANALE D&#8217;AGORDO: NO AI BOTTI DI CAPODANNO NELLE VICINANZE DELLE ABITAZIONI E ASSEMBRAMENTI VIETATI IN OCCASIONE DEI PAVARUI"},"content":{"rendered":"<p><strong><a href=\"https:\/\/www.radiopiu.net\/wordpress\/giornale-radiopiu-02-novembre-2021-direttore-mirko-mezzacasa\/250px-chiesafalcade\/\" rel=\"attachment wp-att-240437\"><img loading=\"lazy\" decoding=\"async\" class=\" wp-image-240437 alignleft\" src=\"https:\/\/www.radiopiu.net\/wordpress\/wp-content\/uploads\/2021\/11\/250px-ChiesaFalcade.jpg\" alt=\"\" width=\"227\" height=\"171\" \/><\/a>FALCADE\/CANALE D&#8217;AGORDO<\/strong> Il sindaco di Falcade Michele Costa e il sindaco di Canale D&#8217;Agordo Flavio Colcergnan hanno firmato un&#8217;ordinanza che disciplina i fuochi in occasione delle feste di fine anno appellandosi al senso di responsabilit\u00e0. Sull&#8217;ordinanza si legge che durante le prossime festivit\u00e0 di fine ed inizio anno, per motivi di pubblica sicurezza, \u00e8 vietato, stante il pericolo di incendi e il potenziale disturbo della quiete pubblica, lo sparo di mortaletti, petardi, razzi ed altri artifici pirotecnici nelle immediate vicinanze dei fabbricati. Alla vigilia dell&#8217;Epifania \u00e8 vietata l&#8217;organizzazione di manifestazioni o festeggiamenti intorno ai tradizionali &#8220;Pavarui&#8221;. L&#8217;accensione die &#8220;Pavarui&#8221; dovr\u00e0 essere limitata ai soli terreni privati e in ambito famigliare, senza il verificarsi di assembramenti.<\/p>\n<p>&nbsp;<\/p>\n<p>&nbsp;<\/p>\n<p>&nbsp;<\/p>\n<p>*****<\/p>\n","protected":false},"excerpt":{"rendered":"<p>FALCADE\/CANALE D&#8217;AGORDO Il sindaco di Falcade Michele Costa e il sindaco di Canale D&#8217;Agordo Flavio Colcergnan hanno firmato un&#8217;ordinanza che disciplina i fuochi in occasione delle feste di fine anno appellandosi al senso di responsabilit\u00e0. Sull&#8217;ordinanza si legge che durante le prossime festivit\u00e0 di fine ed inizio anno, per motivi di pubblica sicurezza, \u00e8 vietato,&hellip;<\/p>\n","protected":false},"author":4,"featured_media":250851,"comment_status":"closed","ping_status":"open","sticky":false,"template":"","format":"standard","meta":{"_monsterinsights_skip_tracking":false,"_monsterinsights_sitenote_active":false,"_monsterinsights_sitenote_note":"","_monsterinsights_sitenote_category":0,"footnotes":""},"categories":[104,49],"tags":[],"class_list":["post-250850","post","type-post","status-publish","format-standard","has-post-thumbnail","hentry","category-evidenza_3","category-news-18","category-104","category-49","description-off"],"img_url":"https:\/\/www.radiopiu.net\/wordpress\/wp-content\/uploads\/2021\/12\/PETARDI.jpg","_links":{"self":[{"href":"https:\/\/www.radiopiu.net\/wordpress\/wp-json\/wp\/v2\/posts\/250850","targetHints":{"allow":["GET"]}}],"collection":[{"href":"https:\/\/www.radiopiu.net\/wordpress\/wp-json\/wp\/v2\/posts"}],"about":[{"href":"https:\/\/www.radiopiu.net\/wordpress\/wp-json\/wp\/v2\/types\/post"}],"author":[{"embeddable":true,"href":"https:\/\/www.radiopiu.net\/wordpress\/wp-json\/wp\/v2\/users\/4"}],"replies":[{"embeddable":true,"href":"https:\/\/www.radiopiu.net\/wordpress\/wp-json\/wp\/v2\/comments?post=250850"}],"version-history":[{"count":0,"href":"https:\/\/www.radiopiu.net\/wordpress\/wp-json\/wp\/v2\/posts\/250850\/revisions"}],"wp:featuredmedia":[{"embeddable":true,"href":"https:\/\/www.radiopiu.net\/wordpress\/wp-json\/wp\/v2\/media\/250851"}],"wp:attachment":[{"href":"https:\/\/www.radiopiu.net\/wordpress\/wp-json\/wp\/v2\/media?parent=250850"}],"wp:term":[{"taxonomy":"category","embeddable":true,"href":"https:\/\/www.radiopiu.net\/wordpress\/wp-json\/wp\/v2\/categories?post=250850"},{"taxonomy":"post_tag","embeddable":true,"href":"https:\/\/www.radiopiu.net\/wordpress\/wp-json\/wp\/v2\/tags?post=250850"}],"curies":[{"name":"wp","href":"https:\/\/api.w.org\/{rel}","templated":true}]}}