{"id":250854,"date":"2021-12-29T13:44:25","date_gmt":"2021-12-29T12:44:25","guid":{"rendered":"https:\/\/www.radiopiu.net\/wordpress\/?p=250854"},"modified":"2021-12-29T13:44:25","modified_gmt":"2021-12-29T12:44:25","slug":"stagione-invernale-emergenza-covid-e-incertezza-ristori-scopel-la-montagna-bellunese-rischia-di-soccombere-come-arriveremo-alle-olimpiadi-del-2026","status":"publish","type":"post","link":"https:\/\/www.radiopiu.net\/wordpress\/stagione-invernale-emergenza-covid-e-incertezza-ristori-scopel-la-montagna-bellunese-rischia-di-soccombere-come-arriveremo-alle-olimpiadi-del-2026\/","title":{"rendered":"STAGIONE INVERNALE, EMERGENZA COVID E INCERTEZZA RISTORI. SCOPEL: &#8220;LA MONTAGNA BELLUNESE RISCHIA DI SOCCOMBERE. COME ARRIVEREMO ALLE OLIMPIADI DEL 2026?&#8221;"},"content":{"rendered":"<p><strong><a href=\"https:\/\/www.radiopiu.net\/wordpress\/belluno-la-citta-del-nulla-di-fatto-da-tiziano-alla-pallavolo\/972ec435-fa04-49e8-bf1e-048263cab367\/\" rel=\"attachment wp-att-226219\"><img loading=\"lazy\" decoding=\"async\" class=\"size-medium wp-image-226219 alignleft\" src=\"https:\/\/www.radiopiu.net\/wordpress\/wp-content\/uploads\/2021\/08\/972ec435-fa04-49e8-bf1e-048263cab367-300x200.jpg\" alt=\"\" width=\"300\" height=\"200\" srcset=\"https:\/\/www.radiopiu.net\/wordpress\/wp-content\/uploads\/2021\/08\/972ec435-fa04-49e8-bf1e-048263cab367-300x200.jpg 300w, https:\/\/www.radiopiu.net\/wordpress\/wp-content\/uploads\/2021\/08\/972ec435-fa04-49e8-bf1e-048263cab367-768x513.jpg 768w, https:\/\/www.radiopiu.net\/wordpress\/wp-content\/uploads\/2021\/08\/972ec435-fa04-49e8-bf1e-048263cab367.jpg 1024w\" sizes=\"auto, (max-width: 300px) 100vw, 300px\" \/><\/a>BELLUNO<\/strong> Mentre \u00e8 ancora tutta da completare &#8211; almeno per quanto riguarda le erogazioni concerete ai beneficiari &#8211; la partita dei ristori economici alle imprese e agli operatori (vedi maestri di sci) del turismo invernale per la stagione passata, nubi pesantissime si affacciano anche su quella appena iniziata, che pure sembrava partita sotto auspici decisamente migliori. \u201c<em>L\u2019allarme che va montando in questi giorni tra gli addetti al settore \u00e8 palpabile e i rischi di trovarsi difronte ad una situazione ancora peggiore rispetto a quella dello scorso inverno si fanno purtroppo ogni giorno pi\u00f9 concreti<\/em>\u201d, sottolinea il coordinatore provinciale di Forza Italia Dario Scopel, che aggiunge: \u201c<em>Il motivo \u00e8 dettato dal fatto che alberghi, ristoranti, impianti di risalita e, in generale, tutti gli operatori del turismo invernale, si sono impegnati quest\u2019anno con investimenti anche robusti, sia in infrastrutture che in personale, per poter essere pronti alla stagione che doveva essere della ripartenza dopo il black out totale del 2020-2021. Ora per\u00f2, anche alla luce delle pesanti nuove incertezze legate alla diffusione della pandemia, tutto questo rischia di svanire in una bolla di sapone, lasciando sul campo danni enormi, ben maggiori di quelli dello scorso anno!<\/em>\u201d. In questo senso Scopel fa proprio l\u2019appello lanciato in queste ore dall\u2019\u2019UNCEM, l\u2019Unione Nazionale dei Comuni Montani, sia per voce del presidente nazionale Marco Bussone, che di quello veneto Ennio Vigne. \u201c<em>La politica nazionale e regionale si attivi immediatamente per dare certezze ad un intero comparto che, in particolar modo per il Bellunese, rappresenta una delle spine dorsali dell\u2019economia locale e non solo. In che modo? Prevedendo gi\u00e0 da subito un sistema di ristori che possa entrare in funzione, in base a determinati parametri, in tempi rapidissimi e non a distanza di molti mesi come accaduto per la stagione passata. <\/em><em>L\u2019analisi &#8211; incalza il coordinatore azzurro &#8211; \u00e8 piuttosto semplice: qui si rischia il collasso totale. Dopo una intera stagione completamente persa e gli investimenti fatti per poter ripartire, altri mesi di immobilit\u00e0, anche se non totale, costituirebbero pe ril settore una mazzata tremenda, con la concreta possibilit\u00e0 che pi\u00f9 di qualche azienda si veda costretta a chiudere definitivamente. E i numeri di questi giorni non sono certo rassicuranti: dopo il promettente inizio di dicembre, alberghi e ristoranti stanno ricevendo in questi giorni centinaia di revoche e disdette, collegate ai timori per la nuova ondata della pandemia. E a poco servono, in questo clima, rassicurazioni di massima sul fatto che si potr\u00e0 lavorare: le famiglie hanno paura e restano a casa. Il Governo e la Regione, per quanto di competenza, intervengano immediatamente con strumenti normativi e finanziari vigorosi, in grado di tutelare, se necessario, la montagna e il suo turismo da subito. <\/em><em>Immaginate in che condizioni ci potremo presentare all\u2019appuntamento olimpico del 2026 se l\u2019intero comparto verr\u00e0 massacrato da questa situazione?<\/em>\u201d, conclude estremamente preoccupato Scopel.<\/p>\n<p>&nbsp;<\/p>\n<p>&nbsp;<\/p>\n<p>*****<\/p>\n","protected":false},"excerpt":{"rendered":"<p>BELLUNO Mentre \u00e8 ancora tutta da completare &#8211; almeno per quanto riguarda le erogazioni concerete ai beneficiari &#8211; la partita dei ristori economici alle imprese e agli operatori (vedi maestri di sci) del turismo invernale per la stagione passata, nubi pesantissime si affacciano anche su quella appena iniziata, che pure sembrava partita sotto auspici decisamente&hellip;<\/p>\n","protected":false},"author":4,"featured_media":226219,"comment_status":"closed","ping_status":"open","sticky":false,"template":"","format":"standard","meta":{"_monsterinsights_skip_tracking":false,"_monsterinsights_sitenote_active":false,"_monsterinsights_sitenote_note":"","_monsterinsights_sitenote_category":0,"footnotes":""},"categories":[49],"tags":[],"class_list":["post-250854","post","type-post","status-publish","format-standard","has-post-thumbnail","hentry","category-news-18","category-49","description-off"],"img_url":"https:\/\/www.radiopiu.net\/wordpress\/wp-content\/uploads\/2021\/08\/972ec435-fa04-49e8-bf1e-048263cab367.jpg","_links":{"self":[{"href":"https:\/\/www.radiopiu.net\/wordpress\/wp-json\/wp\/v2\/posts\/250854","targetHints":{"allow":["GET"]}}],"collection":[{"href":"https:\/\/www.radiopiu.net\/wordpress\/wp-json\/wp\/v2\/posts"}],"about":[{"href":"https:\/\/www.radiopiu.net\/wordpress\/wp-json\/wp\/v2\/types\/post"}],"author":[{"embeddable":true,"href":"https:\/\/www.radiopiu.net\/wordpress\/wp-json\/wp\/v2\/users\/4"}],"replies":[{"embeddable":true,"href":"https:\/\/www.radiopiu.net\/wordpress\/wp-json\/wp\/v2\/comments?post=250854"}],"version-history":[{"count":0,"href":"https:\/\/www.radiopiu.net\/wordpress\/wp-json\/wp\/v2\/posts\/250854\/revisions"}],"wp:featuredmedia":[{"embeddable":true,"href":"https:\/\/www.radiopiu.net\/wordpress\/wp-json\/wp\/v2\/media\/226219"}],"wp:attachment":[{"href":"https:\/\/www.radiopiu.net\/wordpress\/wp-json\/wp\/v2\/media?parent=250854"}],"wp:term":[{"taxonomy":"category","embeddable":true,"href":"https:\/\/www.radiopiu.net\/wordpress\/wp-json\/wp\/v2\/categories?post=250854"},{"taxonomy":"post_tag","embeddable":true,"href":"https:\/\/www.radiopiu.net\/wordpress\/wp-json\/wp\/v2\/tags?post=250854"}],"curies":[{"name":"wp","href":"https:\/\/api.w.org\/{rel}","templated":true}]}}