{"id":250898,"date":"2021-12-29T15:46:45","date_gmt":"2021-12-29T14:46:45","guid":{"rendered":"https:\/\/www.radiopiu.net\/wordpress\/?p=250898"},"modified":"2021-12-29T15:46:45","modified_gmt":"2021-12-29T14:46:45","slug":"luglio-1937-la-vergine-della-valle-di-piandison-sopra-voltago-agordino","status":"publish","type":"post","link":"https:\/\/www.radiopiu.net\/wordpress\/luglio-1937-la-vergine-della-valle-di-piandison-sopra-voltago-agordino\/","title":{"rendered":"LUGLIO 1937 LA VERGINE DELLA VALLE DI PIANDISON, SOPRA VOLTAGO AGORDINO"},"content":{"rendered":"<p><strong>VOLTAGO<\/strong>\u00a0 Oggi il nostro libro di storia si \u00e8 aperto sulla lettera G come Giovanni Dal Col. A lui dobbiamo un angolo del nostro archivio, quello importante. Le foto che seguono in galleria ne sono la conferma.<\/p>\n\n\t\t\t<style type='text\/css'>\n\t\t\t\t#gallery-1 {\n\t\t\t\t\tmargin: auto;\n\t\t\t\t}\n\t\t\t\t#gallery-1 .gallery-item {\n\t\t\t\t\tfloat: left;\n\t\t\t\t\tmargin-top: 10px;\n\t\t\t\t\ttext-align: center;\n\t\t\t\t\twidth: 25%;\n\t\t\t\t}\n\t\t\t\t#gallery-1 img {\n\t\t\t\t\tborder: 2px solid #cfcfcf;\n\t\t\t\t}\n\t\t\t\t#gallery-1 .gallery-caption {\n\t\t\t\t\tmargin-left: 0;\n\t\t\t\t}\n\t\t\t\t\/* see gallery_shortcode() in wp-includes\/media.php *\/\n\t\t\t<\/style>\n\t\t<div id='gallery-1' class='dt-gallery-container gallery galleryid-250898 gallery-columns-4 gallery-size-thumbnail'><dl class='gallery-item'>\n\t\t\t\t<dt class='gallery-icon portrait'>\n\t\t\t\t\t<a class=\"rollover rollover-zoom dt-pswp-item\" title=\"Il Mattino\" data-dt-img-description=\"\" data-large_image_width=\"1325\" data-large_image_height=\"1675\"href='https:\/\/www.radiopiu.net\/wordpress\/wp-content\/uploads\/2021\/12\/Il-Mattino.jpg'><img loading=\"lazy\" decoding=\"async\" width=\"150\" height=\"150\" src=\"https:\/\/www.radiopiu.net\/wordpress\/wp-content\/uploads\/2021\/12\/Il-Mattino-150x150.jpg\" class=\"attachment-thumbnail size-thumbnail\" alt=\"\" aria-describedby=\"gallery-1-250901\" \/><\/a>\n\t\t\t\t<\/dt>\n\t\t\t\t\t<dd class='wp-caption-text gallery-caption' id='gallery-1-250901'>\n\t\t\t\t\tIL MATTINO\n\t\t\t\t\t<\/dd><\/dl><dl class='gallery-item'>\n\t\t\t\t<dt class='gallery-icon landscape'>\n\t\t\t\t\t<a class=\"rollover rollover-zoom dt-pswp-item\" title=\"Veggenti 2\" data-dt-img-description=\"\" data-large_image_width=\"2560\" data-large_image_height=\"1707\"href='https:\/\/www.radiopiu.net\/wordpress\/wp-content\/uploads\/2021\/12\/Veggenti-2-scaled.jpg'><img loading=\"lazy\" decoding=\"async\" width=\"150\" height=\"150\" src=\"https:\/\/www.radiopiu.net\/wordpress\/wp-content\/uploads\/2021\/12\/Veggenti-2-150x150.jpg\" class=\"attachment-thumbnail size-thumbnail\" alt=\"\" aria-describedby=\"gallery-1-250904\" \/><\/a>\n\t\t\t\t<\/dt>\n\t\t\t\t\t<dd class='wp-caption-text gallery-caption' id='gallery-1-250904'>\n\t\t\t\t\tVEGGENTI\n\t\t\t\t\t<\/dd><\/dl><dl class='gallery-item'>\n\t\t\t\t<dt class='gallery-icon portrait'>\n\t\t\t\t\t<a class=\"rollover rollover-zoom dt-pswp-item\" title=\"Veggenti 1\" data-dt-img-description=\"\" data-large_image_width=\"1950\" data-large_image_height=\"2560\"href='https:\/\/www.radiopiu.net\/wordpress\/wp-content\/uploads\/2021\/12\/Veggenti-1-scaled.jpg'><img loading=\"lazy\" decoding=\"async\" width=\"150\" height=\"150\" src=\"https:\/\/www.radiopiu.net\/wordpress\/wp-content\/uploads\/2021\/12\/Veggenti-1-150x150.jpg\" class=\"attachment-thumbnail size-thumbnail\" alt=\"\" aria-describedby=\"gallery-1-250903\" \/><\/a>\n\t\t\t\t<\/dt>\n\t\t\t\t\t<dd class='wp-caption-text gallery-caption' id='gallery-1-250903'>\n\t\t\t\t\tVEGGENTI \n\t\t\t\t\t<\/dd><\/dl><dl class='gallery-item'>\n\t\t\t\t<dt class='gallery-icon landscape'>\n\t\t\t\t\t<a class=\"rollover rollover-zoom dt-pswp-item\" title=\"Veggenti 3\" data-dt-img-description=\"\" data-large_image_width=\"2560\" data-large_image_height=\"1765\"href='https:\/\/www.radiopiu.net\/wordpress\/wp-content\/uploads\/2021\/12\/Veggenti-3-scaled.jpg'><img loading=\"lazy\" decoding=\"async\" width=\"150\" height=\"150\" src=\"https:\/\/www.radiopiu.net\/wordpress\/wp-content\/uploads\/2021\/12\/Veggenti-3-150x150.jpg\" class=\"attachment-thumbnail size-thumbnail\" alt=\"\" aria-describedby=\"gallery-1-250905\" \/><\/a>\n\t\t\t\t<\/dt>\n\t\t\t\t\t<dd class='wp-caption-text gallery-caption' id='gallery-1-250905'>\n\t\t\t\t\tVEGGENTI\n\t\t\t\t\t<\/dd><\/dl><br style=\"clear: both\" \/><dl class='gallery-item'>\n\t\t\t\t<dt class='gallery-icon landscape'>\n\t\t\t\t\t<a class=\"rollover rollover-zoom dt-pswp-item\" title=\"Fedeli-e-Albino-Luciani-e-Mons.-Cappello\" data-dt-img-description=\"\" data-large_image_width=\"2022\" data-large_image_height=\"1383\"href='https:\/\/www.radiopiu.net\/wordpress\/wp-content\/uploads\/2021\/12\/Fedeli-e-Albino-Luciani-e-Mons.-Cappello.jpg'><img loading=\"lazy\" decoding=\"async\" width=\"150\" height=\"150\" src=\"https:\/\/www.radiopiu.net\/wordpress\/wp-content\/uploads\/2021\/12\/Fedeli-e-Albino-Luciani-e-Mons.-Cappello-150x150.jpg\" class=\"attachment-thumbnail size-thumbnail\" alt=\"\" aria-describedby=\"gallery-1-250912\" \/><\/a>\n\t\t\t\t<\/dt>\n\t\t\t\t\t<dd class='wp-caption-text gallery-caption' id='gallery-1-250912'>\n\t\t\t\t\tFedeli-e-Albino-Luciani-e-Mons.-Cappello\n\t\t\t\t\t<\/dd><\/dl><dl class='gallery-item'>\n\t\t\t\t<dt class='gallery-icon landscape'>\n\t\t\t\t\t<a class=\"rollover rollover-zoom dt-pswp-item\" title=\"\" data-dt-img-description=\"\" data-large_image_width=\"1955\" data-large_image_height=\"1367\"href='https:\/\/www.radiopiu.net\/wordpress\/wp-content\/uploads\/2021\/12\/Albino-Luciani-e-Mons.-Cappello.jpg'><img loading=\"lazy\" decoding=\"async\" width=\"150\" height=\"150\" src=\"https:\/\/www.radiopiu.net\/wordpress\/wp-content\/uploads\/2021\/12\/Albino-Luciani-e-Mons.-Cappello-150x150.jpg\" class=\"attachment-thumbnail size-thumbnail\" alt=\"\" aria-describedby=\"gallery-1-250911\" \/><\/a>\n\t\t\t\t<\/dt>\n\t\t\t\t\t<dd class='wp-caption-text gallery-caption' id='gallery-1-250911'>\n\t\t\t\t\tAlbino-Luciani-e-Mons.-Cappello\n\t\t\t\t\t<\/dd><\/dl><dl class='gallery-item'>\n\t\t\t\t<dt class='gallery-icon landscape'>\n\t\t\t\t\t<a class=\"rollover rollover-zoom dt-pswp-item\" title=\"El Sass\" data-dt-img-description=\"\" data-large_image_width=\"2560\" data-large_image_height=\"1986\"href='https:\/\/www.radiopiu.net\/wordpress\/wp-content\/uploads\/2021\/12\/El-Sass-scaled.jpg'><img loading=\"lazy\" decoding=\"async\" width=\"150\" height=\"150\" src=\"https:\/\/www.radiopiu.net\/wordpress\/wp-content\/uploads\/2021\/12\/El-Sass-150x150.jpg\" class=\"attachment-thumbnail size-thumbnail\" alt=\"\" aria-describedby=\"gallery-1-250907\" \/><\/a>\n\t\t\t\t<\/dt>\n\t\t\t\t\t<dd class='wp-caption-text gallery-caption' id='gallery-1-250907'>\n\t\t\t\t\tEL SASS\n\t\t\t\t\t<\/dd><\/dl><dl class='gallery-item'>\n\t\t\t\t<dt class='gallery-icon portrait'>\n\t\t\t\t\t<a class=\"rollover rollover-zoom dt-pswp-item\" title=\"La gente\" data-dt-img-description=\"\" data-large_image_width=\"1707\" data-large_image_height=\"2560\"href='https:\/\/www.radiopiu.net\/wordpress\/wp-content\/uploads\/2021\/12\/La-gente-scaled.jpg'><img loading=\"lazy\" decoding=\"async\" width=\"150\" height=\"150\" src=\"https:\/\/www.radiopiu.net\/wordpress\/wp-content\/uploads\/2021\/12\/La-gente-150x150.jpg\" class=\"attachment-thumbnail size-thumbnail\" alt=\"\" aria-describedby=\"gallery-1-250902\" \/><\/a>\n\t\t\t\t<\/dt>\n\t\t\t\t\t<dd class='wp-caption-text gallery-caption' id='gallery-1-250902'>\n\t\t\t\t\tLA GENTE\n\t\t\t\t\t<\/dd><\/dl><br style=\"clear: both\" \/><dl class='gallery-item'>\n\t\t\t\t<dt class='gallery-icon landscape'>\n\t\t\t\t\t<a class=\"rollover rollover-zoom dt-pswp-item\" title=\"Piandison a fine giornata\" data-dt-img-description=\"PIANDISON OGGI\" data-large_image_width=\"320\" data-large_image_height=\"240\"href='https:\/\/www.radiopiu.net\/wordpress\/wp-content\/uploads\/2021\/12\/Piandison-a-fine-giornata.jpg'><img loading=\"lazy\" decoding=\"async\" width=\"150\" height=\"150\" src=\"https:\/\/www.radiopiu.net\/wordpress\/wp-content\/uploads\/2021\/12\/Piandison-a-fine-giornata-150x150.jpg\" class=\"attachment-thumbnail size-thumbnail\" alt=\"\" \/><\/a>\n\t\t\t\t<\/dt><\/dl>\n\t\t\t\t<br style='clear: both' \/>\n\t\t\t<\/div>\n\n<p><strong>di GIANNI SANTOMASO <span class=\"entry_date\">08 LUGLIO 2015<\/span><\/strong><\/p>\n<header class=\"entry_intro\">\n<div class=\"entry_meta\">\n<div class=\"viafoura\">\n<div class=\"vf-tray-widget vf-tray--modal-override\" data-vf-id=\"1\"><strong>VOLTAGO<\/strong>. \u00abAllora ci ritroviamo il 23 agosto e poi una volta al mese almeno per un anno\u00bb. Alla fine della fiaccolata-rosario di domenica sera in onore della Madonna di Piandis\u00f3n, nel giorno del 78\u00b0 anniversario delle presunte apparizioni, restano una decina di devoti al grande Cristo di Calincr\u00f3s, il punto da dove la processione formata da una settantina di persone era partita un&#8217;ora e mezza prima. Si lasciano contenti, addirittura rilanciando in barba alla chiesa ufficiale che ieri non c&#8217;era e che nei giorni precedenti con l&#8217;arcidiacono di Agordo, monsignor Giorgio Lise, aveva chiesto prudenza circa i tentativi di riesumare le vecchie questioni legate alle apparizioni. \u00abSiamo saliti senza guardie svizzere e senza baldacchini, ma non abbiamo mica recitato una messa nera\u00bb, dice Cesira Zanon, quasi a voler mettere in chiaro che quelli saliti su al famoso sasso non sono poi cos\u00ec fuori dalla retta via. \u00abNon vogliamo riesumare niente\u00bb, dice un&#8217;altra, \u00abl&#8217;abbiamo sempre fatta e sempre la faremo. Anche stasera chi voleva venire \u00e8 venuto e chi ha voluto stare a casa \u00e8 stato a casa\u00bb. Di certo, per\u00f2, e anche gli organizzatori lo riconoscono, i manifesti che per la prima volta hanno pubblicizzato un evento che si ripete dal lontano 1937 hanno sortito l&#8217;effetto sperato. \u00abS\u00ec\u00bb, ammette Gabriele Riva, \u00abc&#8217;\u00e8 pi\u00f9 gente rispetto all&#8217;anno scorso\u00bb. \u00abForse\u00bb, abbozza un altro\u00bb, \u00e8 anche l&#8217;effetto delle parole di don Lise\u00bb. Parole che avevano messo in guardia dalla \u00abricerca spasmodica\u00bb o dal \u00abtentativo di risuscitare cose straordinarie ed eclatanti, che colpiscono emotivamente\u00bb con un chiaro riferimento a chi starebbe scavando per riaprire vecchie questioni. Domenica sera, per\u00f2, di questo non si \u00e8 parlato. Una processione fatta per la maggior parte da donne, ma anche da uomini e ragazzi, si \u00e8 avviata per la ripida strada che porta a Piandis\u00f3n, la localit\u00e0 a monte dell&#8217;abitato di Voltago. In mano una fiaccola. Molti sono di Voltago, o residenti o oriundi, ma c&#8217;\u00e8 anche un gruppetto da Agordo. Guidati da Claretta Santomaso, Gabriele Riva e Luigi Della Lucia, i devoti recitano il rosario. Tra una \u201cdecina\u201d di Ave Marie e l&#8217;altra ci si ferma, si leggono dei passi delle Scritture, si intona un canto alla Madonna e si riparte. L&#8217;ultimo mistero si chiude proprio al Sasso. Le litanie, un Salve Regina, una preghiera di papa Giovanni Paolo II e poi basta. Ognuno torna a valle e depone la fiaccola. \u00abMi ha colpito il silenzio che c&#8217;era\u00bb, dice Gabriele Riva. \u00ab\u00c8 stato molto bello, mi \u00e8 piaciuto molto\u00bb, aggiunge Claudia Tolpeit che nei giorni scorsi aveva risposto a don Lise rivendicando il diritto di trovare a Piandis\u00f3n pace e benessere. \u00abQuando vai su\u00bb, evidenzia una donna, \u00abtrovi sempre qualcuno e non ci vanno mica solo i vecchi. L&#8217;altro giorno ho trovato due venticinquenni che sono in villeggiatura a Rivamonte. Erano saliti al Sas a pregare\u00bb. Certo ai devoti dispiace, se non addirittura brucia, il fatto che il rito non sia stato officiato da un sacerdote. \u00abIn passato\u00bb, dicono, \u00abalcuni preti venivano su a dir messa e a recitare il rosario. Adesso non pi\u00f9\u00bb. Evidentemente anche la chiesa ufficiale si divide sulla questione. Cos\u00ec come dividono i fatti del 1937. Per non dire di quelli pi\u00f9 indietro ancora. \u00abSi dice che 150 anni fa\u00bb, racconta una delle memorie storiche del paese, Giannina Riva, \u00abla Madonna sia apparsa su un sasso su sotto l&#8217;Agn\u00e8r. \u00c8 per quello che quella zona si chiama Costa de la Mad\u00f2na. Poi il sasso \u00e8 venuto gi\u00f9 e si \u00e8 fermato a Piandis\u00f3n\u00bb. In molti poi si interrogano ancora sulla possibilit\u00e0 che la Madonna torni a Voltago. \u00abIo lo spero\u00bb, dice Giannina Riva. Gli altri per ora non si esprimono.<\/div>\n<\/div>\n<\/div>\n<\/header>\n","protected":false},"excerpt":{"rendered":"<p>VOLTAGO\u00a0 Oggi il nostro libro di storia si \u00e8 aperto sulla lettera G come Giovanni Dal Col. A lui dobbiamo un angolo del nostro archivio, quello importante. Le foto che seguono in galleria ne sono la conferma. di GIANNI SANTOMASO 08 LUGLIO 2015 VOLTAGO. \u00abAllora ci ritroviamo il 23 agosto e poi una volta al&hellip;<\/p>\n","protected":false},"author":4,"featured_media":250907,"comment_status":"closed","ping_status":"open","sticky":false,"template":"","format":"standard","meta":{"_monsterinsights_skip_tracking":false,"_monsterinsights_sitenote_active":false,"_monsterinsights_sitenote_note":"","_monsterinsights_sitenote_category":0,"footnotes":""},"categories":[104,49],"tags":[],"class_list":["post-250898","post","type-post","status-publish","format-standard","has-post-thumbnail","hentry","category-evidenza_3","category-news-18","category-104","category-49","description-off"],"img_url":"https:\/\/www.radiopiu.net\/wordpress\/wp-content\/uploads\/2021\/12\/El-Sass-scaled.jpg","_links":{"self":[{"href":"https:\/\/www.radiopiu.net\/wordpress\/wp-json\/wp\/v2\/posts\/250898","targetHints":{"allow":["GET"]}}],"collection":[{"href":"https:\/\/www.radiopiu.net\/wordpress\/wp-json\/wp\/v2\/posts"}],"about":[{"href":"https:\/\/www.radiopiu.net\/wordpress\/wp-json\/wp\/v2\/types\/post"}],"author":[{"embeddable":true,"href":"https:\/\/www.radiopiu.net\/wordpress\/wp-json\/wp\/v2\/users\/4"}],"replies":[{"embeddable":true,"href":"https:\/\/www.radiopiu.net\/wordpress\/wp-json\/wp\/v2\/comments?post=250898"}],"version-history":[{"count":0,"href":"https:\/\/www.radiopiu.net\/wordpress\/wp-json\/wp\/v2\/posts\/250898\/revisions"}],"wp:featuredmedia":[{"embeddable":true,"href":"https:\/\/www.radiopiu.net\/wordpress\/wp-json\/wp\/v2\/media\/250907"}],"wp:attachment":[{"href":"https:\/\/www.radiopiu.net\/wordpress\/wp-json\/wp\/v2\/media?parent=250898"}],"wp:term":[{"taxonomy":"category","embeddable":true,"href":"https:\/\/www.radiopiu.net\/wordpress\/wp-json\/wp\/v2\/categories?post=250898"},{"taxonomy":"post_tag","embeddable":true,"href":"https:\/\/www.radiopiu.net\/wordpress\/wp-json\/wp\/v2\/tags?post=250898"}],"curies":[{"name":"wp","href":"https:\/\/api.w.org\/{rel}","templated":true}]}}