{"id":250899,"date":"2021-12-29T15:49:02","date_gmt":"2021-12-29T14:49:02","guid":{"rendered":"https:\/\/www.radiopiu.net\/wordpress\/?p=250899"},"modified":"2021-12-30T06:11:07","modified_gmt":"2021-12-30T05:11:07","slug":"ideal-standard-tavolo-di-monitoraggio-per-soluzione-industriale-e-salvaguardia-occupazionale-2","status":"publish","type":"post","link":"https:\/\/www.radiopiu.net\/wordpress\/ideal-standard-tavolo-di-monitoraggio-per-soluzione-industriale-e-salvaguardia-occupazionale-2\/","title":{"rendered":"IDEAL STANDARD. TAVOLO DI MONITORAGGIO PER SOLUZIONE INDUSTRIALE E SALVAGUARDIA OCCUPAZIONALE"},"content":{"rendered":"<p><strong><a href=\"https:\/\/www.radiopiu.net\/wordpress\/ideal-standard-lo-stabilimento-di-trichiana-primo-a-chiudere-ultimo-a-ripartire\/stabilimento-dellideal-standard-orcenico-di-zoppola-pn-04-12-2013\/\" rel=\"attachment wp-att-138079\"><img loading=\"lazy\" decoding=\"async\" class=\"size-medium wp-image-138079 alignleft\" src=\"https:\/\/www.radiopiu.net\/wordpress\/wp-content\/uploads\/2020\/05\/ideal-standard-orcenigo-300x211.jpg\" alt=\"\" width=\"300\" height=\"211\" srcset=\"https:\/\/www.radiopiu.net\/wordpress\/wp-content\/uploads\/2020\/05\/ideal-standard-orcenigo-300x211.jpg 300w, https:\/\/www.radiopiu.net\/wordpress\/wp-content\/uploads\/2020\/05\/ideal-standard-orcenigo-1024x721.jpg 1024w, https:\/\/www.radiopiu.net\/wordpress\/wp-content\/uploads\/2020\/05\/ideal-standard-orcenigo-768x541.jpg 768w, https:\/\/www.radiopiu.net\/wordpress\/wp-content\/uploads\/2020\/05\/ideal-standard-orcenigo-1536x1082.jpg 1536w, https:\/\/www.radiopiu.net\/wordpress\/wp-content\/uploads\/2020\/05\/ideal-standard-orcenigo-2048x1442.jpg 2048w\" sizes=\"auto, (max-width: 300px) 100vw, 300px\" \/><\/a>VENEZIA <\/strong>Si \u00e8 svolto oggi, d\u2019intesa con il MISE, il terzo tavolo regionale di monitoraggio dello stato di avanzamento delle attivit\u00e0 poste in essere per ricercare una soluzione industriale, con salvaguardia dei livelli occupazionali, per il sito Ideal Standard di Borgo Valbelluna. Alla riunione, presieduta dall\u2019Assessore regionale Elena Donazzan, assistita dall\u2019Unit\u00e0 di crisi aziendali di Veneto Lavoro e dalla Direzione Lavoro della Regione del Veneto, hanno partecipato i rappresentanti di Ideal Standard, l\u2019Advisor Sernet SpA, Confindustria Belluno, le segreterie territoriali di Filctem-Cgil, Femca-Cisl, Uiltec-Uil, unitamente alle RSU, il Ministero dello sviluppo economico e Invitalia. Durante l\u2019incontro \u00e8 stato fatto il punto sul processo di reindustrializzazione con particolare riferimento al cronoprogramma attuato dalla societ\u00e0 Sernet.\u00a0 L\u2019advisor ha illustrato in dettaglio le attivit\u00e0 realizzate fino ad oggi. Allo stato attuale sono varie le manifestazioni d\u2019interesse industriale, di soggetti nazionali e internazionali, al sito di Trichiana. Nel corso dell\u2019incontro si \u00e8 confermato l\u2019ottimo clima tra le parti con giudizio positivo sull&#8217;andamento e la puntualit\u00e0 delle azioni previste dal cronoprogramma per la reindustrializzazione. \u00c8, inoltre, emersa la disponibilit\u00e0 aziendale a mettere a disposizione le risorse accantonate nel fondo interprofessionale al fine di aggiornare e potenziare le competenze dei lavoratori. \u201c<em>La Regione esprime il proprio apprezzamento per l\u2019attivit\u00e0 svolta dalle Parti, sottolinea l\u2019Assessore Elena Donazzan al termine dell\u2019incontro. Si conferma la collaborazione di tutti per conseguire l\u2019obiettivo condiviso<\/em>.\u201d.\u00a0 Il prossimo tavolo regionale di monitoraggio verr\u00e0 convocato nella seconda met\u00e0 di gennaio.<\/p>\n<p>&nbsp;<\/p>\n<p>&nbsp;<\/p>\n<p>*****<\/p>\n","protected":false},"excerpt":{"rendered":"<p>VENEZIA Si \u00e8 svolto oggi, d\u2019intesa con il MISE, il terzo tavolo regionale di monitoraggio dello stato di avanzamento delle attivit\u00e0 poste in essere per ricercare una soluzione industriale, con salvaguardia dei livelli occupazionali, per il sito Ideal Standard di Borgo Valbelluna. Alla riunione, presieduta dall\u2019Assessore regionale Elena Donazzan, assistita dall\u2019Unit\u00e0 di crisi aziendali di&hellip;<\/p>\n","protected":false},"author":4,"featured_media":138079,"comment_status":"closed","ping_status":"open","sticky":false,"template":"","format":"standard","meta":{"_monsterinsights_skip_tracking":false,"_monsterinsights_sitenote_active":false,"_monsterinsights_sitenote_note":"","_monsterinsights_sitenote_category":0,"footnotes":""},"categories":[51,49],"tags":[],"class_list":["post-250899","post","type-post","status-publish","format-standard","has-post-thumbnail","hentry","category-evidenza-top","category-news-18","category-51","category-49","description-off"],"img_url":"https:\/\/www.radiopiu.net\/wordpress\/wp-content\/uploads\/2020\/05\/ideal-standard-orcenigo-scaled.jpg","_links":{"self":[{"href":"https:\/\/www.radiopiu.net\/wordpress\/wp-json\/wp\/v2\/posts\/250899","targetHints":{"allow":["GET"]}}],"collection":[{"href":"https:\/\/www.radiopiu.net\/wordpress\/wp-json\/wp\/v2\/posts"}],"about":[{"href":"https:\/\/www.radiopiu.net\/wordpress\/wp-json\/wp\/v2\/types\/post"}],"author":[{"embeddable":true,"href":"https:\/\/www.radiopiu.net\/wordpress\/wp-json\/wp\/v2\/users\/4"}],"replies":[{"embeddable":true,"href":"https:\/\/www.radiopiu.net\/wordpress\/wp-json\/wp\/v2\/comments?post=250899"}],"version-history":[{"count":0,"href":"https:\/\/www.radiopiu.net\/wordpress\/wp-json\/wp\/v2\/posts\/250899\/revisions"}],"wp:featuredmedia":[{"embeddable":true,"href":"https:\/\/www.radiopiu.net\/wordpress\/wp-json\/wp\/v2\/media\/138079"}],"wp:attachment":[{"href":"https:\/\/www.radiopiu.net\/wordpress\/wp-json\/wp\/v2\/media?parent=250899"}],"wp:term":[{"taxonomy":"category","embeddable":true,"href":"https:\/\/www.radiopiu.net\/wordpress\/wp-json\/wp\/v2\/categories?post=250899"},{"taxonomy":"post_tag","embeddable":true,"href":"https:\/\/www.radiopiu.net\/wordpress\/wp-json\/wp\/v2\/tags?post=250899"}],"curies":[{"name":"wp","href":"https:\/\/api.w.org\/{rel}","templated":true}]}}