{"id":250966,"date":"2021-12-31T05:55:43","date_gmt":"2021-12-31T04:55:43","guid":{"rendered":"https:\/\/www.radiopiu.net\/wordpress\/?p=250966"},"modified":"2021-12-31T07:50:08","modified_gmt":"2021-12-31T06:50:08","slug":"giornale-radiopiu-31-dicembre-2021-direttore-mirko-mezzacasa","status":"publish","type":"post","link":"https:\/\/www.radiopiu.net\/wordpress\/giornale-radiopiu-31-dicembre-2021-direttore-mirko-mezzacasa\/","title":{"rendered":"GIORNALE RADIOPIU 31 DICEMBRE 2021 DIRETTORE MIRKO MEZZACASA"},"content":{"rendered":"<h3 class=\"kvgmc6g5 cxmmr5t8 oygrvhab hcukyx3x c1et5uql\"><span style=\"color: #000000;\"><strong>\u00a0L&#8217;INTERVISTA DI FINE ANNO AL PRESIDENTE DELL&#8217;UNIONE MONTANA AGORDINA MICHELE COSTA, OGGI ALLE 12.30 NEL GIORNALE RADIO PRINCIPALE<\/strong><\/span><\/h3>\n<hr \/>\n<h3 class=\"kvgmc6g5 cxmmr5t8 oygrvhab hcukyx3x c1et5uql\"><span style=\"color: #0000ff;\"><strong>\u00a0<\/strong><\/span><\/h3>\n<h3 class=\"kvgmc6g5 cxmmr5t8 oygrvhab hcukyx3x c1et5uql\"><span style=\"color: #0000ff;\"><strong>INFORMAZIONE il canale su TELEGRAM informazione di prima mano e in tempo reale. iscriviti ed aiutaci a farlo conoscere\u00a0 \u00a0 \u00a0\u00a0<\/strong><\/span><\/h3>\n<p>&nbsp;<\/p>\n<hr \/>\n<p>&nbsp;<\/p>\n<blockquote>\n<h2 style=\"text-align: center;\"><span style=\"color: #008000;\">IL CERVO AL DRIVE IN DI TAMONICH<\/span><\/h2>\n<\/blockquote>\n<p><strong>AGORDO<\/strong> Anche i cervi al drive in di Tamonich<\/p>\n<div style=\"width: 848px;\" class=\"wp-video\"><video class=\"wp-video-shortcode\" id=\"video-250966-1\" width=\"848\" height=\"480\" preload=\"metadata\" controls=\"controls\"><source type=\"video\/mp4\" src=\"https:\/\/www.radiopiu.net\/wordpress\/wp-content\/uploads\/2021\/12\/WhatsApp-Video-2021-12-30-at-19.00.06.mp4?_=1\" \/><a href=\"https:\/\/www.radiopiu.net\/wordpress\/wp-content\/uploads\/2021\/12\/WhatsApp-Video-2021-12-30-at-19.00.06.mp4\">https:\/\/www.radiopiu.net\/wordpress\/wp-content\/uploads\/2021\/12\/WhatsApp-Video-2021-12-30-at-19.00.06.mp4<\/a><\/video><\/div>\n<p>&nbsp;<\/p>\n<hr \/>\n<p>&nbsp;<\/p>\n<p>&nbsp;<\/p>\n<h3>E&#8217; MORTA &#8220;ANGELA&#8221; ADOTTATA DAI RESIDENTI HA RESO MAGICO LO SCORSO NATALE<\/h3>\n<p><strong><a href=\"https:\/\/www.radiopiu.net\/wordpress\/angelacerva\/th-281\/\" rel=\"attachment wp-att-251260\"><img loading=\"lazy\" decoding=\"async\" class=\" wp-image-251260 alignleft\" src=\"https:\/\/www.radiopiu.net\/wordpress\/wp-content\/uploads\/2021\/12\/th-18.jpg\" alt=\"\" width=\"159\" height=\"212\" \/><\/a>AURONZO<\/strong>\u00a0 Si \u00e8 chiusa la magia di Natal. Angela, la cerva che aveva incantato tutti nel piccolo borgo delle Dolomiti, \u00e8 stata trovata morta in un fienile. A darne notizia sono gli attivisti della pagina Facebook \u201cClaretta la cerva del Comelico superiore\u201d che ne avevano raccontato la vita nel paese. <em>\u201cUn grazie speciale a tutte le persone che con la massima sensibilit\u00e0 e amorevolezza l\u2019hanno accolta nel paese\u201d,<\/em> scrivono.\u00a0 Era ospite di Giacomo Maroldo. Era anziana, ma ancora vispa e allegra: Angela ha cominciato a stare male mercoled\u00ec pomeriggio e nella notte se n&#8217;\u00e8 andata: &#8220;Purtroppo \u00e8 andata cos\u00ec, noi abbiamo fatto tutto quello che potevamo. Grazie a Laura e Matteo, soprattutto per il fieno e a tutti coloro che ci hanno aiutato, sotto qualsiasi forma. \u00c8 stato un buon Natale&#8221; ha detto Giacomo Maroldo (foto) al Corriere delle Alpi.<\/p>\n\n\t\t\t<style type='text\/css'>\n\t\t\t\t#gallery-1 {\n\t\t\t\t\tmargin: auto;\n\t\t\t\t}\n\t\t\t\t#gallery-1 .gallery-item {\n\t\t\t\t\tfloat: left;\n\t\t\t\t\tmargin-top: 10px;\n\t\t\t\t\ttext-align: center;\n\t\t\t\t\twidth: 50%;\n\t\t\t\t}\n\t\t\t\t#gallery-1 img {\n\t\t\t\t\tborder: 2px solid #cfcfcf;\n\t\t\t\t}\n\t\t\t\t#gallery-1 .gallery-caption {\n\t\t\t\t\tmargin-left: 0;\n\t\t\t\t}\n\t\t\t\t\/* see gallery_shortcode() in wp-includes\/media.php *\/\n\t\t\t<\/style>\n\t\t<div id='gallery-1' class='dt-gallery-container gallery galleryid-250966 gallery-columns-2 gallery-size-medium'><dl class='gallery-item'>\n\t\t\t\t<dt class='gallery-icon landscape'>\n\t\t\t\t\t<a class=\"rollover rollover-zoom dt-pswp-item\" title=\"WhatsApp Image 2021-12-25 at 15.33.37\" data-dt-img-description=\"\" data-large_image_width=\"980\" data-large_image_height=\"450\"href='https:\/\/www.radiopiu.net\/wordpress\/wp-content\/uploads\/2021\/12\/WhatsApp-Image-2021-12-25-at-15.33.37.jpg'><img loading=\"lazy\" decoding=\"async\" width=\"300\" height=\"138\" src=\"https:\/\/www.radiopiu.net\/wordpress\/wp-content\/uploads\/2021\/12\/WhatsApp-Image-2021-12-25-at-15.33.37-300x138.jpg\" class=\"attachment-medium size-medium\" alt=\"\" srcset=\"https:\/\/www.radiopiu.net\/wordpress\/wp-content\/uploads\/2021\/12\/WhatsApp-Image-2021-12-25-at-15.33.37-300x138.jpg 300w, https:\/\/www.radiopiu.net\/wordpress\/wp-content\/uploads\/2021\/12\/WhatsApp-Image-2021-12-25-at-15.33.37-768x353.jpg 768w, https:\/\/www.radiopiu.net\/wordpress\/wp-content\/uploads\/2021\/12\/WhatsApp-Image-2021-12-25-at-15.33.37.jpg 980w\" sizes=\"auto, (max-width: 300px) 100vw, 300px\" \/><\/a>\n\t\t\t\t<\/dt><\/dl><dl class='gallery-item'>\n\t\t\t\t<dt class='gallery-icon landscape'>\n\t\t\t\t\t<a class=\"rollover rollover-zoom dt-pswp-item\" title=\"270428372_904658413581831_3497595638584101981_n-1640869054019-638x425\" data-dt-img-description=\"\" data-large_image_width=\"638\" data-large_image_height=\"425\"href='https:\/\/www.radiopiu.net\/wordpress\/wp-content\/uploads\/2021\/12\/270428372_904658413581831_3497595638584101981_n-1640869054019-638x425-1.jpg'><img loading=\"lazy\" decoding=\"async\" width=\"300\" height=\"200\" src=\"https:\/\/www.radiopiu.net\/wordpress\/wp-content\/uploads\/2021\/12\/270428372_904658413581831_3497595638584101981_n-1640869054019-638x425-1-300x200.jpg\" class=\"attachment-medium size-medium\" alt=\"\" srcset=\"https:\/\/www.radiopiu.net\/wordpress\/wp-content\/uploads\/2021\/12\/270428372_904658413581831_3497595638584101981_n-1640869054019-638x425-1-300x200.jpg 300w, https:\/\/www.radiopiu.net\/wordpress\/wp-content\/uploads\/2021\/12\/270428372_904658413581831_3497595638584101981_n-1640869054019-638x425-1.jpg 638w\" sizes=\"auto, (max-width: 300px) 100vw, 300px\" \/><\/a>\n\t\t\t\t<\/dt><\/dl><br style=\"clear: both\" \/>\n\t\t\t<\/div>\n\n<p><iframe loading=\"lazy\" title=\"La cerva Angela ad Auronzo di Cadore\" width=\"1200\" height=\"675\" src=\"https:\/\/www.youtube.com\/embed\/seNpiXoXCXA?feature=oembed\" frameborder=\"0\" allow=\"accelerometer; autoplay; clipboard-write; encrypted-media; gyroscope; picture-in-picture\" allowfullscreen><\/iframe><\/p>\n<p>&nbsp;<\/p>\n<hr \/>\n<p>&nbsp;<\/p>\n<blockquote>\n<h2 style=\"text-align: center;\"><span style=\"color: #ff6600;\">LAMBIOI, IL RITORNO ALLA NORMALITA&#8217; ASPETTANDO IL FUTURO<\/span><\/h2>\n<\/blockquote>\n<p><strong>BELLUNO<\/strong> Erano da poco passate le 12 quando sono state tolte le ultime transenne ed eliminati i cartelli. Poi il ponte a Lambioi \u00e8 stato riaperto. Grazie a Marta per le foto.<\/p>\n\n\t\t\t<style type='text\/css'>\n\t\t\t\t#gallery-2 {\n\t\t\t\t\tmargin: auto;\n\t\t\t\t}\n\t\t\t\t#gallery-2 .gallery-item {\n\t\t\t\t\tfloat: left;\n\t\t\t\t\tmargin-top: 10px;\n\t\t\t\t\ttext-align: center;\n\t\t\t\t\twidth: 50%;\n\t\t\t\t}\n\t\t\t\t#gallery-2 img {\n\t\t\t\t\tborder: 2px solid #cfcfcf;\n\t\t\t\t}\n\t\t\t\t#gallery-2 .gallery-caption {\n\t\t\t\t\tmargin-left: 0;\n\t\t\t\t}\n\t\t\t\t\/* see gallery_shortcode() in wp-includes\/media.php *\/\n\t\t\t<\/style>\n\t\t<div id='gallery-2' class='dt-gallery-container gallery galleryid-250966 gallery-columns-2 gallery-size-medium'><dl class='gallery-item'>\n\t\t\t\t<dt class='gallery-icon landscape'>\n\t\t\t\t\t<a class=\"rollover rollover-zoom dt-pswp-item\" title=\"9f0aa7b5-6dd7-4645-8b51-0696ae95c39e\" data-dt-img-description=\"\" data-large_image_width=\"800\" data-large_image_height=\"600\"href='https:\/\/www.radiopiu.net\/wordpress\/wp-content\/uploads\/2021\/12\/9f0aa7b5-6dd7-4645-8b51-0696ae95c39e.jpg'><img loading=\"lazy\" decoding=\"async\" width=\"300\" height=\"225\" src=\"https:\/\/www.radiopiu.net\/wordpress\/wp-content\/uploads\/2021\/12\/9f0aa7b5-6dd7-4645-8b51-0696ae95c39e-300x225.jpg\" class=\"attachment-medium size-medium\" alt=\"\" srcset=\"https:\/\/www.radiopiu.net\/wordpress\/wp-content\/uploads\/2021\/12\/9f0aa7b5-6dd7-4645-8b51-0696ae95c39e-300x225.jpg 300w, https:\/\/www.radiopiu.net\/wordpress\/wp-content\/uploads\/2021\/12\/9f0aa7b5-6dd7-4645-8b51-0696ae95c39e-768x576.jpg 768w, https:\/\/www.radiopiu.net\/wordpress\/wp-content\/uploads\/2021\/12\/9f0aa7b5-6dd7-4645-8b51-0696ae95c39e.jpg 800w\" sizes=\"auto, (max-width: 300px) 100vw, 300px\" \/><\/a>\n\t\t\t\t<\/dt><\/dl><dl class='gallery-item'>\n\t\t\t\t<dt class='gallery-icon landscape'>\n\t\t\t\t\t<a class=\"rollover rollover-zoom dt-pswp-item\" title=\"59821d45-7ea0-4ee1-bbc3-6e3e125f7da2\" data-dt-img-description=\"\" data-large_image_width=\"1280\" data-large_image_height=\"960\"href='https:\/\/www.radiopiu.net\/wordpress\/wp-content\/uploads\/2021\/12\/59821d45-7ea0-4ee1-bbc3-6e3e125f7da2.jpg'><img loading=\"lazy\" decoding=\"async\" width=\"300\" height=\"225\" src=\"https:\/\/www.radiopiu.net\/wordpress\/wp-content\/uploads\/2021\/12\/59821d45-7ea0-4ee1-bbc3-6e3e125f7da2-300x225.jpg\" class=\"attachment-medium size-medium\" alt=\"\" srcset=\"https:\/\/www.radiopiu.net\/wordpress\/wp-content\/uploads\/2021\/12\/59821d45-7ea0-4ee1-bbc3-6e3e125f7da2-300x225.jpg 300w, https:\/\/www.radiopiu.net\/wordpress\/wp-content\/uploads\/2021\/12\/59821d45-7ea0-4ee1-bbc3-6e3e125f7da2-1024x768.jpg 1024w, https:\/\/www.radiopiu.net\/wordpress\/wp-content\/uploads\/2021\/12\/59821d45-7ea0-4ee1-bbc3-6e3e125f7da2-768x576.jpg 768w, https:\/\/www.radiopiu.net\/wordpress\/wp-content\/uploads\/2021\/12\/59821d45-7ea0-4ee1-bbc3-6e3e125f7da2.jpg 1280w\" sizes=\"auto, (max-width: 300px) 100vw, 300px\" \/><\/a>\n\t\t\t\t<\/dt><\/dl><br style=\"clear: both\" \/>\n\t\t\t<\/div>\n\n<p>&nbsp;<\/p>\n<hr \/>\n<p>&nbsp;<\/p>\n<p>&nbsp;<\/p>\n<blockquote>\n<h3 class=\"entry-title\">COVID IN VENETO, MUORE UNA BIMBA DI TRE ANNI<\/h3>\n<\/blockquote>\n<p><strong><a href=\"https:\/\/www.radiopiu.net\/wordpress\/covid-in-veneto-muore-un-bambino\/th-280\/\" rel=\"attachment wp-att-251197\"><img loading=\"lazy\" decoding=\"async\" class=\"wp-image-251197 alignleft\" src=\"https:\/\/www.radiopiu.net\/wordpress\/wp-content\/uploads\/2021\/12\/th-17.jpg\" alt=\"\" width=\"230\" height=\"163\" \/><\/a>VENEZIA<\/strong> La notizia che non si vorrebbe mai sentire l\u2019ha data ieri in conferenza stampa a Venezia la dottoressa Liviana Da Dalt, direttrice del Dipartimento della Salute della Donna e del Bambino dell\u2019Azienda Ospedaliera di Padova. \u00a0Purtroppo nell\u2019ultima settimana una bambina \u00e8 deceduta nella nostra regione. Era una bimba con patologie pregresse. La piccola di tre anni originaria della provincia di Venezia in ospedale a Padova\u00a0 e il decesso risale alla notte di Natale.<em>\u00a0\u201cIl Covid \u00e8 fra le prime 10 cause di mortalit\u00e0 infantile in questo momento \u2013 ha detto la dottoressa \u2013\u00a0 all\u2019inizio sembrava che i bambini fossero quasi immuni dal virus ma adesso sono tra i protagonisti principali di questa quarta ondata, nelle ultime 8 settimane c\u2019\u00e8 stato un aumento esponenziale\u201d<\/em>.<\/p>\n<blockquote><p><strong>Pi\u00f9 di 9000 i bambini ricoverati in Italia per covid, 258 in terapia intensiva e 35 non hanno superato la malattia<\/strong><\/p><\/blockquote>\n<p>&nbsp;<\/p>\n<p>&nbsp;<\/p>\n<p>&nbsp;<\/p>\n<hr \/>\n<blockquote>\n<h3>A FALCADE CONTAGI AZZERATI, DIMEZZATI AD AGORDO<\/h3>\n<\/blockquote>\n<h3 class=\"kvgmc6g5 cxmmr5t8 oygrvhab hcukyx3x c1et5uql\"><span style=\"color: #000000;\"><strong><a href=\"https:\/\/www.radiopiu.net\/wordpress\/giornale-radiopiu-31-dicembre-2021-direttore-mirko-mezzacasa\/edc15598-b664-4d2d-beca-9b48248ef3aa\/\" rel=\"attachment wp-att-251249\"><img loading=\"lazy\" decoding=\"async\" class=\" wp-image-251249 alignleft\" src=\"https:\/\/www.radiopiu.net\/wordpress\/wp-content\/uploads\/2021\/12\/edc15598-b664-4d2d-beca-9b48248ef3aa-300x184.jpg\" alt=\"\" width=\"256\" height=\"157\" srcset=\"https:\/\/www.radiopiu.net\/wordpress\/wp-content\/uploads\/2021\/12\/edc15598-b664-4d2d-beca-9b48248ef3aa-300x184.jpg 300w, https:\/\/www.radiopiu.net\/wordpress\/wp-content\/uploads\/2021\/12\/edc15598-b664-4d2d-beca-9b48248ef3aa.jpg 576w\" sizes=\"auto, (max-width: 256px) 100vw, 256px\" \/><\/a><\/strong><\/span><\/h3>\n<p><span style=\"color: #ff0000;\"><strong>CASI DI COVID NELL&#8217;AGORDINO IN CONTINUO AGGIORNAMENTO<\/strong><\/span><\/p>\n<p><span style=\"color: #000000;\"><strong>AGORDO 25 positivi 47\u00a0 isolamento\u00a0 FALCADE: 0 positivi 3 isolamento\u00a0 VOLTAGO 4 positivi\u00a0 11 isolamento GOSALDO 2 positivi\u00a0 4 quarantena CANALE D&#8217;AGORDO 0 positivi 2 isolamento TAIBON 10 positivi 5 quarantena LIVINALLONGO 33 positivi 12 in isolamento\u00a0 CENCENIGHE\u00a0 5 positivi\u00a0 \u00a0COLLE SANTA LUCIA 3 positivi ROCCA PIETORE 17 positivi 2 isolamento ALLEGHE\u00a0 5 positivi VALLADA 2 positivi 1 isolamento LA VALLE 10 positivi 3 isolamento RIVAMONTE\u00a0 8 positivi 10 isolamento SELVA DI CADORE 2 SAN TOMASO 5 positivi 3 isolamento<\/strong><\/span><\/p>\n<p>&nbsp;<\/p>\n<p>&nbsp;<\/p>\n<hr \/>\n<p>&nbsp;<\/p>\n<blockquote>\n<h3>SCOPERTI 42 FALSI RESIDENTI<\/h3>\n<h2><em style=\"font-size: 14px; font-weight: normal;\"><span style=\"color: #000000;\"><span style=\"font-family: Arial, sans-serif;\"><span style=\"font-size: medium;\"><b>COLLABORAZIONE TRA GUARDIA DI FINANZA E COMUNE DI AURONZO DI CADORE<\/b><\/span><\/span><\/span><\/em><\/h2>\n<\/blockquote>\n<p align=\"JUSTIFY\"><span style=\"font-family: Arial, sans-serif;\"><span style=\"font-size: large;\"><strong><a href=\"https:\/\/www.radiopiu.net\/wordpress\/scoperti-42-falsi-residenti\/foto-1-25\/\" rel=\"attachment wp-att-251032\"><img loading=\"lazy\" decoding=\"async\" class=\"size-medium wp-image-251032 alignright\" src=\"https:\/\/www.radiopiu.net\/wordpress\/wp-content\/uploads\/2021\/12\/foto-1-225x300.jpg\" alt=\"\" width=\"225\" height=\"300\" srcset=\"https:\/\/www.radiopiu.net\/wordpress\/wp-content\/uploads\/2021\/12\/foto-1-225x300.jpg 225w, https:\/\/www.radiopiu.net\/wordpress\/wp-content\/uploads\/2021\/12\/foto-1.jpg 725w\" sizes=\"auto, (max-width: 225px) 100vw, 225px\" \/><\/a>BELLUNO<\/strong>\u00a0<\/span><\/span><span style=\"font-family: Arial, sans-serif;\"><span style=\"font-size: large;\">I finanzieri, in sinergia con la Polizia Locale, l\u2019Ufficio Tributi e l\u2019Ufficio Anagrafe del Comune di Auronzo di Cadore, hanno <\/span><\/span><span style=\"font-family: Arial, sans-serif;\"><span style=\"font-size: large;\">passato al setaccio centinaia di nominativi<\/span><\/span><span style=\"font-family: Arial, sans-serif;\"><span style=\"font-size: large;\"> di persone formalmente residenti, concentrandosi su quelle che presentavano maggiori <\/span><\/span><span style=\"font-family: Arial, sans-serif;\"><span style=\"font-size: large;\"><i>alert<\/i><\/span><\/span><span style=\"font-family: Arial, sans-serif;\"><span style=\"font-size: large;\"> di rischio<\/span><\/span><span style=\"font-family: Arial, sans-serif;\"><span style=\"font-size: large;\">, quali <\/span><\/span><span style=\"font-family: Arial, sans-serif;\"><span style=\"font-size: large;\">anomali consumi di energia elettrica<\/span><\/span><span style=\"font-family: Arial, sans-serif;\"><span style=\"font-size: large;\">,<\/span><\/span> <span style=\"font-family: Arial, sans-serif;\"><span style=\"font-size: large;\">acqua e gas<\/span><\/span><span style=\"font-family: Arial, sans-serif;\"><span style=\"font-size: large;\">\u00a0o l\u2019<\/span><\/span><span style=\"font-family: Arial, sans-serif;\"><span style=\"font-size: large;\">assenza dalle abitazioni<\/span><\/span><span style=\"font-family: Arial, sans-serif;\"><span style=\"font-size: large;\">, riscontrata a seguito di numerosi e ripetuti sopralluoghi, svolti dal personale della Guardia di Finanza e dalla Polizia Locale, in periodi e orari diversi. <\/span><\/span><\/p>\n<p align=\"JUSTIFY\"><span style=\"font-family: Arial, sans-serif;\"><span style=\"font-size: large;\"><a href=\"https:\/\/www.radiopiu.net\/wordpress\/scoperti-42-falsi-residenti\/foto-2-20\/\" rel=\"attachment wp-att-251031\"><img loading=\"lazy\" decoding=\"async\" class=\"size-medium wp-image-251031 alignleft\" src=\"https:\/\/www.radiopiu.net\/wordpress\/wp-content\/uploads\/2021\/12\/foto-2-300x225.jpeg\" alt=\"\" width=\"300\" height=\"225\" srcset=\"https:\/\/www.radiopiu.net\/wordpress\/wp-content\/uploads\/2021\/12\/foto-2-300x225.jpeg 300w, https:\/\/www.radiopiu.net\/wordpress\/wp-content\/uploads\/2021\/12\/foto-2.jpeg 533w\" sizes=\"auto, (max-width: 300px) 100vw, 300px\" \/><\/a>I \u201cfurbetti\u201d, <\/span><\/span><span style=\"font-family: Arial, sans-serif;\"><span style=\"font-size: large;\">la maggior parte originari della provincia di Venezia e dell\u2019Emilia-Romagna<\/span><\/span><span style=\"font-family: Arial, sans-serif;\"><span style=\"font-size: large;\">, hanno acquistato le seconde case spostando la residenza di almeno un componente della famiglia al fine di <\/span><\/span><span style=\"font-family: Arial, sans-serif;\"><span style=\"font-size: large;\">non pagare<\/span><\/span><span style=\"font-family: Arial, sans-serif;\"><span style=\"font-size: large;\"> l\u2019Imposta Municipale Propria (<\/span><\/span><span style=\"font-family: Arial, sans-serif;\"><span style=\"font-size: large;\">IMU<\/span><\/span><span style=\"font-family: Arial, sans-serif;\"><span style=\"font-size: large;\">), <\/span><\/span><span style=\"font-family: Arial, sans-serif;\"><span style=\"font-size: large;\">beneficiare di sconti<\/span><\/span><span style=\"font-family: Arial, sans-serif;\"><span style=\"font-size: large;\"> sui mutui per la prima casa, <\/span><\/span><span style=\"font-family: Arial, sans-serif;\"><span style=\"font-size: large;\">avvalersi di tariffe vantaggiose<\/span><\/span><span style=\"font-family: Arial, sans-serif;\"><span style=\"font-size: large;\"> per energia elettrica, acqua e gas nonch\u00e9, nel recente passato, <\/span><\/span><span style=\"font-family: Arial, sans-serif;\"><span style=\"font-size: large;\">aggirare le disposizioni sul <\/span><\/span><span style=\"color: #000000;\"><span style=\"font-family: Arial, sans-serif;\"><span style=\"font-size: large;\"><i>lockdown<\/i><\/span><\/span><\/span><span style=\"font-family: Arial, sans-serif;\"><span style=\"font-size: large;\">. <\/span><\/span><span style=\"font-size: large; font-family: Arial, sans-serif;\">Tutti i quarantadue \u201cfalsi residenti\u201d non hanno mai presentato al Comune la dichiarazione IMU e molti di essi non hanno nemmeno indicato gli immobili nella dichiarazione dei redditi <\/span><span style=\"font-family: Arial, sans-serif;\"><span style=\"font-size: large;\">Le <\/span><\/span><span style=\"font-family: Arial, sans-serif;\"><span style=\"font-size: large;\">violazioni gi\u00e0 contestate dalla Guardia di Finanza (indagini che proseguono)\u00a0 <\/span><\/span><span style=\"font-family: Arial, sans-serif;\"><span style=\"font-size: large;\">hanno permesso di <\/span><\/span><span style=\"font-family: Arial, sans-serif;\"><span style=\"font-size: large;\">recuperare a tassazione 50.662 euro<\/span><\/span><span style=\"font-family: Arial, sans-serif;\"><span style=\"font-size: large;\">\u00a0e <\/span><\/span><span style=\"font-family: Arial, sans-serif;\"><span style=\"font-size: large;\">garantito al Comune di Auronzo di Cadore <\/span><\/span><span style=\"font-family: Arial, sans-serif;\"><span style=\"font-size: large;\">di recuperare 133.063 euro per <\/span><\/span><span style=\"font-family: Arial, sans-serif;\"><span style=\"font-size: large;\">omesso versamento dell\u2019IMU.\u00a0<\/span><\/span><\/p>\n<hr \/>\n<h3 align=\"JUSTIFY\"><\/h3>\n<blockquote>\n<h3 align=\"JUSTIFY\">DILLO A RADIO PIU&#8217;&#8230;NON E&#8217; DIFFICILE SCOVARE I FURBETTI<\/h3>\n<\/blockquote>\n<p><strong><a href=\"https:\/\/www.radiopiu.net\/wordpress\/dillo-a-radio-piu-non-e-difficile-scovare-i-furbetti\/8dd1b308-f430-4828-8352-b1a2056c1bde\/\" rel=\"attachment wp-att-251070\"><img loading=\"lazy\" decoding=\"async\" class=\"size-full wp-image-251070 alignleft\" src=\"https:\/\/www.radiopiu.net\/wordpress\/wp-content\/uploads\/2021\/12\/8dd1b308-f430-4828-8352-b1a2056c1bde.jpg\" alt=\"\" width=\"300\" height=\"200\" \/><\/a>REDAZIONE<\/strong> Riceviamo e pubblichiamo alcune considerazioni di Rodolfo Pellegrinon in merito all&#8217;articolo sull&#8217;operazione della Guardia di Finanza e Comune di Auronzo di Cadore sui 42 falsi residenti<\/p>\n<blockquote><p><em>Mi riferisco all\u2019articolo sui falsi residenti scoperti dalla Guardia di Finanza. Questa situazione dei \u201cfurbetti residenti in un comune ma di fatto abitanti in un altro\u201d\u00a0 \u00e8 in atto da parecchi anni in molto comuni. in particolare dove si trovano le seconde case e dove i relativi proprietari hanno trovato il sistema della residenza fittizia per evadere le tasse comunali e altre agevolazioni ( pi\u00f9 favorevoli per i residenti). <\/em><em>Per queste situazioni anomale una parte di colpa \u00e8 anche dei comuni che non controllano a sufficienza quando vengono richiesti i cambi di residenza. In questi casi la Polizia Locale dovrebbe verificare periodicamente presso le abitazioni la presenza dei soggetti ( che non sono mai presenti se non in particolari periodi dell\u2019anno). Ci sono delle precise normative che dovrebbero essere messe in atto dal comune ( Uffico Anagrafe \u2013 Ufficio Tributi e Polizia Locale). Solo in casi estremi dovrebbe intervenire la Guardia di Finanza. <\/em><em>Non dovrebbe essere difficile scoprire i soliti \u201cfurbetti\u201d che, oltre che violare le normative, evadono le tasse.<\/em><\/p><\/blockquote>\n<p>&nbsp;<\/p>\n<hr \/>\n<p>&nbsp;<\/p>\n<p>&nbsp;<\/p>\n<blockquote>\n<h3>IL RICORDO DELL&#8217;AUSER PER CLEMENTINA DE COL<\/h3>\n<\/blockquote>\n<p><strong><a href=\"https:\/\/www.radiopiu.net\/wordpress\/giornale-radiopiu-31-dicembre-2021-direttore-mirko-mezzacasa\/de_col_clementina\/\" rel=\"attachment wp-att-251234\"><img loading=\"lazy\" decoding=\"async\" class=\"wp-image-251234 alignleft\" src=\"https:\/\/www.radiopiu.net\/wordpress\/wp-content\/uploads\/2021\/12\/De_Col_Clementina.jpg\" alt=\"\" width=\"138\" height=\"180\" \/><\/a>BELLUNO <\/strong>Accasciatasi inaspettatamente luned\u00ec scorso sul divano di casa, Clementina De Col non si \u00e8 pi\u00f9 rialzata. Una morte improvvisa, per la Segretaria settantatreenne dell\u2019Universit\u00e0 popolare Auser dell\u2019Alpago, che ha lasciato attonito tutto il mondo Auser bellunese che la conosceva come attiva e appassionata socia del Circolo, impegnata da almeno una decina d\u2019anni a preparare in quel di Pieve i programmi accademici dell\u2019Universit\u00e0, a coinvolgere i relatori su temi di cultura generale e locale, ad organizzare visite e gite di approfondimento dei temi trattati in aula. Una presenza, quella della ex maestra, che soprattutto dopo il pensionamento nel 2005, era diventata sempre pi\u00f9 punto di riferimento non solo per la preziosa collaborazione alla presidente del Circolo Alpago, Rosi Sitran, ma anche per tutti gli iscritti Auser della zona desiderosi di quella forma di educazione permanente che l\u2019Universit\u00e0 popolare persegue in ottemperanza alla carta dei Valori associativi Auser per l\u2019invecchiamento attivo.<\/p>\n<p>&nbsp;<\/p>\n<p>&nbsp;<\/p>\n<hr \/>\n<p>&nbsp;<\/p>\n<blockquote>\n<h3>CONSIGLIO PROVINCIALE, IL PRIMO CON GIURAMENTO BIS DI ROBERTO PADRIN PADRIN<\/h3>\n<\/blockquote>\n<blockquote class=\"wp-embedded-content\" data-secret=\"IwsZwoz2A8\"><p><a href=\"https:\/\/www.radiopiu.net\/wordpress\/padbns\/\">PADRIN BIS, L&#8217;INTERVENTO DEL RICONFERMATO PRESIDENTE DELLA PROVINCIA<\/a><\/p><\/blockquote>\n<p><iframe loading=\"lazy\" class=\"wp-embedded-content\" sandbox=\"allow-scripts\" security=\"restricted\" style=\"position: absolute; clip: rect(1px, 1px, 1px, 1px);\" title=\"&#8220;PADRIN BIS, L&#8217;INTERVENTO DEL RICONFERMATO PRESIDENTE DELLA PROVINCIA&#8221; &#8212; Radio Pi\u00f9\" src=\"https:\/\/www.radiopiu.net\/wordpress\/padbns\/embed\/#?secret=IwsZwoz2A8\" data-secret=\"IwsZwoz2A8\" width=\"600\" height=\"338\" frameborder=\"0\" marginwidth=\"0\" marginheight=\"0\" scrolling=\"no\"><\/iframe><\/p>\n<p>&nbsp;<\/p>\n<h3>GIDONI SUL CONSIGLIO PROVINCIALE: &#8220;PRENDIAMO ATTO CHE NON ESISTE ANCORA UN PROGRAMMA DI GOVERNO&#8221;<\/h3>\n<p><strong>BELLUNO<\/strong> \u201cPrendiamo atto che non esiste ancora un programma di governo, com&#8217;\u00e8 possibile?\u201d. A chiederlo \u00e8 il commissario provinciale della Lega Franco Gidoni, a margine della prima seduta del Consiglio provinciale, incentrata \u00a0sull&#8217;insediamento del presidente Roberto Padrin e sul suo discorso di saluto.<\/p>\n<p><strong>IL COMMISSARIO PROVINCIALE DELLA LEGA FRANCO GIDONI<\/strong><\/p>\n<audio class=\"wp-audio-shortcode\" id=\"audio-250966-1\" preload=\"none\" style=\"width: 100%;\" controls=\"controls\"><source type=\"audio\/mpeg\" src=\"https:\/\/www.radiopiu.net\/wordpress\/wp-content\/uploads\/2021\/12\/Gidoni-su-primo-consiglio-provinciale.mp3?_=1\" \/><a href=\"https:\/\/www.radiopiu.net\/wordpress\/wp-content\/uploads\/2021\/12\/Gidoni-su-primo-consiglio-provinciale.mp3\">https:\/\/www.radiopiu.net\/wordpress\/wp-content\/uploads\/2021\/12\/Gidoni-su-primo-consiglio-provinciale.mp3<\/a><\/audio>\n<p>&nbsp;<\/p>\n<p><strong>DIRETTA_differita<\/strong><\/p>\n<p><iframe loading=\"lazy\" title=\"Seduta del Consiglio provinciale del 30.12.2021.\" width=\"1200\" height=\"675\" src=\"https:\/\/www.youtube.com\/embed\/J5dhYYwMjd8?feature=oembed\" frameborder=\"0\" allow=\"accelerometer; autoplay; clipboard-write; encrypted-media; gyroscope; picture-in-picture\" allowfullscreen><\/iframe><\/p>\n<p>&nbsp;<\/p>\n<p>&nbsp;<\/p>\n<hr \/>\n<p>&nbsp;<\/p>\n<blockquote>\n<h3>DALLA PROVINCIA 100 MILA EURO PER LE OFFICINE EX CONGEGNATORI DI AGORDO<\/h3>\n<\/blockquote>\n<p><strong><a href=\"https:\/\/www.radiopiu.net\/wordpress\/un-parcheggio-da-120-mila-euro-a-servizio-del-campo-di-calcio-ivano-dorigo-da-veneto-strade-un-bonus-di-40-mila-euro-per-gli-asfalti\/agordo-congeniatori\/\" rel=\"attachment wp-att-141284\"><img loading=\"lazy\" decoding=\"async\" class=\"size-full wp-image-141284 alignleft\" src=\"https:\/\/www.radiopiu.net\/wordpress\/wp-content\/uploads\/2020\/05\/AGORDO-CONGENIATORI.jpg\" alt=\"\" width=\"299\" height=\"168\" \/><\/a>AGORDO<\/strong><\/p>\n<p>di Gianni Santomaso<\/p>\n<audio class=\"wp-audio-shortcode\" id=\"audio-250966-2\" preload=\"none\" style=\"width: 100%;\" controls=\"controls\"><source type=\"audio\/mpeg\" src=\"https:\/\/www.radiopiu.net\/wordpress\/wp-content\/uploads\/2021\/12\/GIANNI-OFFICINE-EX-CONGE.mp3?_=2\" \/><a href=\"https:\/\/www.radiopiu.net\/wordpress\/wp-content\/uploads\/2021\/12\/GIANNI-OFFICINE-EX-CONGE.mp3\">https:\/\/www.radiopiu.net\/wordpress\/wp-content\/uploads\/2021\/12\/GIANNI-OFFICINE-EX-CONGE.mp3<\/a><\/audio>\n<p>&nbsp;<\/p>\n<p>&nbsp;<\/p>\n<hr \/>\n<p>&nbsp;<\/p>\n<blockquote>\n<h3>BOTTACIN: \u201cDIFESA SUOLO, AMBIENTE E PROTEZIONE CIVILE, 2021 UN ANNO DI GRANDE IMPEGNO E DI RISULTATI IMPORTANTI PER IL VENETO\u201d<\/h3>\n<\/blockquote>\n<p><strong><a href=\"https:\/\/www.radiopiu.net\/wordpress\/bottacin-difesa-suolo-ambiente-e-protezione-civile-2021-un-anno-di-grande-impegno-e-di-risultati-importanti-per-il-veneto\/4fc8517f-e3fc-412e-86f9-0ad0634b8593\/\" rel=\"attachment wp-att-251126\"><img loading=\"lazy\" decoding=\"async\" class=\"size-medium wp-image-251126 alignleft\" src=\"https:\/\/www.radiopiu.net\/wordpress\/wp-content\/uploads\/2021\/12\/4fc8517f-e3fc-412e-86f9-0ad0634b8593-300x169.jpg\" alt=\"\" width=\"300\" height=\"169\" srcset=\"https:\/\/www.radiopiu.net\/wordpress\/wp-content\/uploads\/2021\/12\/4fc8517f-e3fc-412e-86f9-0ad0634b8593-300x169.jpg 300w, https:\/\/www.radiopiu.net\/wordpress\/wp-content\/uploads\/2021\/12\/4fc8517f-e3fc-412e-86f9-0ad0634b8593-1024x577.jpg 1024w, https:\/\/www.radiopiu.net\/wordpress\/wp-content\/uploads\/2021\/12\/4fc8517f-e3fc-412e-86f9-0ad0634b8593-768x433.jpg 768w, https:\/\/www.radiopiu.net\/wordpress\/wp-content\/uploads\/2021\/12\/4fc8517f-e3fc-412e-86f9-0ad0634b8593-1536x866.jpg 1536w, https:\/\/www.radiopiu.net\/wordpress\/wp-content\/uploads\/2021\/12\/4fc8517f-e3fc-412e-86f9-0ad0634b8593.jpg 1600w\" sizes=\"auto, (max-width: 300px) 100vw, 300px\" \/><\/a>BELLUNO<\/strong><\/p>\n<p>di Moreno Gioli<\/p>\n<audio class=\"wp-audio-shortcode\" id=\"audio-250966-3\" preload=\"none\" style=\"width: 100%;\" controls=\"controls\"><source type=\"audio\/mpeg\" src=\"https:\/\/www.radiopiu.net\/wordpress\/wp-content\/uploads\/2021\/12\/GIOLI-BOTTACIN.mp3?_=3\" \/><a href=\"https:\/\/www.radiopiu.net\/wordpress\/wp-content\/uploads\/2021\/12\/GIOLI-BOTTACIN.mp3\">https:\/\/www.radiopiu.net\/wordpress\/wp-content\/uploads\/2021\/12\/GIOLI-BOTTACIN.mp3<\/a><\/audio>\n<p>&nbsp;<\/p>\n<p><strong>L&#8217;ASSESSORE REGIONALE GIANPALO BOTTACIN<\/strong><\/p>\n<audio class=\"wp-audio-shortcode\" id=\"audio-250966-4\" preload=\"none\" style=\"width: 100%;\" controls=\"controls\"><source type=\"audio\/mpeg\" src=\"https:\/\/www.radiopiu.net\/wordpress\/wp-content\/uploads\/2021\/12\/BOTTACIN-BILANCIO-FINE-ANNO.mp3?_=4\" \/><a href=\"https:\/\/www.radiopiu.net\/wordpress\/wp-content\/uploads\/2021\/12\/BOTTACIN-BILANCIO-FINE-ANNO.mp3\">https:\/\/www.radiopiu.net\/wordpress\/wp-content\/uploads\/2021\/12\/BOTTACIN-BILANCIO-FINE-ANNO.mp3<\/a><\/audio>\n<p>&nbsp;<\/p>\n<hr \/>\n<p>&nbsp;<\/p>\n<blockquote>\n<h3>TURISMO. CANER, \u201cDALLA GIUNTA QUASI 35 MILIONI DI CONTRIBUTI ALLE IMPRESE TURISTICHE DI MONTAGNA\u201d<\/h3>\n<\/blockquote>\n<p><strong>VENEZIA <\/strong>La giunta regionaleha dato il via libera all&#8217;utilizzo di 34.843.305 euro da destinare alle imprese turistiche che si trovano all&#8217;interno dei Comuni ubicati nei comprensori sciistici. I contributi, a fondo perduto, verranno erogati, con la collaborazione operativa di Unioncamere Veneto, attraverso un apposito bando che potr\u00e0 essere pubblicato gi\u00e0 a partire dai primi giorni di febbraio.<\/p>\n<p>&nbsp;<\/p>\n<hr \/>\n<p>&nbsp;<\/p>\n<blockquote>\n<h2>METEO DI SAN SILVESTRO. IN VENETO SOLE IN MONTAGNA E NEBBIA IN PIANURA<\/h2>\n<\/blockquote>\n<p><strong>DUE PAGINE<\/strong><\/p>\n<a href=\"https:\/\/www.radiopiu.net\/wordpress\/wp-content\/uploads\/2021\/12\/Previsioni-31-dic_2-gen22.pdf\" class=\"pdfemb-viewer\" style=\"\" data-width=\"max\" data-height=\"max\" data-toolbar=\"top\" data-toolbar-fixed=\"on\">Previsioni 31 dic_2 gen22<\/a>\n<p>&nbsp;<\/p>\n<hr \/>\n<p>&nbsp;<\/p>\n<blockquote>\n<h3>LOCKDOWN PER I NON VACCINATI. ZAIA &#8220;SI VA IN QUESTA DIREZIONE, RESTRINGEREBBE IL PERIMETRO&#8221;. VENETO VERSO L&#8217;ARANCIONE CON 430 CASI DI COVID SCOPERTI OGNI ORA.<\/h3>\n<\/blockquote>\n<p><span style=\"color: #ff6600;\"><strong><a href=\"https:\/\/www.radiopiu.net\/wordpress\/giornale-radiopiu-28-novembre-2020-direttore-mirko-mezzacasa\/zaia-1-4\/\" rel=\"attachment wp-att-175388\"><img loading=\"lazy\" decoding=\"async\" class=\"size-medium wp-image-175388 alignleft\" src=\"https:\/\/www.radiopiu.net\/wordpress\/wp-content\/uploads\/2020\/11\/ZAIA-1-300x225.jpg\" alt=\"\" width=\"300\" height=\"225\" srcset=\"https:\/\/www.radiopiu.net\/wordpress\/wp-content\/uploads\/2020\/11\/ZAIA-1-300x225.jpg 300w, https:\/\/www.radiopiu.net\/wordpress\/wp-content\/uploads\/2020\/11\/ZAIA-1-1024x768.jpg 1024w, https:\/\/www.radiopiu.net\/wordpress\/wp-content\/uploads\/2020\/11\/ZAIA-1-768x576.jpg 768w, https:\/\/www.radiopiu.net\/wordpress\/wp-content\/uploads\/2020\/11\/ZAIA-1-1536x1152.jpg 1536w, https:\/\/www.radiopiu.net\/wordpress\/wp-content\/uploads\/2020\/11\/ZAIA-1.jpg 1600w\" sizes=\"auto, (max-width: 300px) 100vw, 300px\" \/><\/a>COLORAZIONE:<\/strong><\/span> area medica 19%, a 11 punti dal 30% che porta il Veneto in zona arancione. Ieri era al 18% avanzando con questo ritmo significa regione in arancione di qui a dieci giorni. Terapie intensive al 18 %, 610 l&#8217;indice di incidenza e 1,13 il valore Rt. Siamo preoccupati per le feste, il Governo ha fatto delle scelte che devono essere rispettate. Il virus circola.<\/p>\n<blockquote>\n<h3>LEGGI LA CONFERENZA STAMPA<\/h3>\n<p><em>Sono 850 i sanitari del sistema sanitario pubblico attualmente sospesi, medici, oss, tecnici, infermieri eccetera<\/em><\/p><\/blockquote>\n<p>Nelle ultime 24 ore sono stati inoculate 51mila dosi di vaccino, la met\u00e0 a dosi booster. Oltre 1 milioni di terze dosi, importante anche alla luce delle decisioni di ieri sera. Abbiamo un numero casi quotidiani di gran lunga superiore alla punta massima dello scorso anno, nei giorni pi\u00f9 duri. Nonostante i casi siano il doppio l&#8217;ospedalizzazione \u00e8 scesa di un terzo, bassa rispetto ai casi. L&#8217;altro importante dato \u00e8 la mortalit\u00e0 con numeri diversi dai precedentI, oggi non abbiamo 200 morti al giorno come succedeva l&#8217;anno scorso. Abbiamo somministrato oltre 9 milioni di vaccini, l&#8217;87% dei veneti \u00e8 vaccinato. Se cos\u00ec non fosse saremmo gi\u00e0 chiusi. Met\u00e0 dei pazienti in area medica non sono vaccinati, e i non vaccinati sono il 13% della popolazione veneta. <strong>IL RISCHIO<\/strong> Il contact tracing sta saltando, per non dire che \u00e8 gi\u00e0 saltato. L&#8217;attenzione \u00e8 ai sintomatici. <strong>DOPO LE DECISIONI DI IERI SERA\u00a0<\/strong> Primo vedere il testo del Decreto, per ora resta quindi valido quello che conosciamo da sempre. Probabilmente sar\u00e0 pubblicato in serata e diventer\u00e0 legge. Sar\u00e0 fatto scattare con immediatezza. E&#8217; indecoroso vedere bimbi in coda per 4 ore per fare un tampone, asintomatico ma compagno di un positivo, questo di permetter\u00e0 di sgravare il fronte dei tamponi. <strong>ALLARGARE L&#8217;OBBLIGO VACCINALE PER LAVORARE<\/strong> Ieri \u00e8 stata fatta una discussione e ho chiesto di diminuire la persone da assoggettare a tamponi non di estendere la categoria dei vaccinati. Non per smentire nessuno ma \u00e8 andata cos\u00ec. Qualcuno ha detto di guardare alle categorie essenziali ma la discussione si \u00e8 bloccata sul &#8220;e chi definisce le categorie essenziali?&#8221;. <strong>RE INFEZIONI DA COVID<\/strong> Abbiamo alcuni casi ma non sono cos\u00ec numerosi e soprattutto sono inversamente proporzionali al numero di terze dosi. Non \u00e8 escluso\u00a0 ci sia stata\u00a0 una caduta della copertura anticorpale.<strong>LOCKDOWN PER I NON VACCINATI\u00a0<\/strong> tutte le misure restrittive vanno in questa direzione con il green pass rafforzato. Non credo che si possa bloccare l&#8217;uscita di casa a un gruppo di persone, ma\u00a0 restringerebbe il perimetro.<\/p>\n<p>&nbsp;<\/p>\n<blockquote>\n<h3>COSA PREVEDE IL NUOVO DECRETO IN FASE DI PUBBLICAZIONE?<\/h3>\n<\/blockquote>\n<p><strong>Green Pass Rafforzato:<\/strong> Dal 10 gennaio 2022 anche negli alberghi e strutture ricettive; feste e cerimonie; sagre e fiere; centri congressi; servizi di ristorazione all&#8217;aperto;\u00a0 impianti di risalita; piscine, centri natatori, sport di squadra e centri benessere anche all&#8217;aperto; centri culturali e sociali e per le attivit\u00e0 all&#8217;aperto.\u00a0 Necessario per l&#8217;accesso e l&#8217;utilizzo dei mezzi di trasporto compreso il trasporto pubblico locale o regionale.<strong> Quarantene <\/strong>non si applica a coloro che hanno avuto contatti stretti con soggetti confermati positivi al COVID-19 nei 120 giorni dal completamento del ciclo vaccinale primario o dalla guarigione nonch\u00e9 dopo la somministrazione della dose di richiamo. Obbligo di indossare\u00a0 la mascherina FFP2 e di effettuare &#8211; solo qualora sintomatici &#8211; un test antigenico rapido o molecolare al quinto giorno.\u00a0 La cessazione della quarantena o dell&#8217;auto-sorveglianza consegua all&#8217;esito negativo di un test antigenico rapido o molecolare determina la cessazione di quarantena o del periodo di auto-sorveglianza. <strong>\u00a0Capienze<\/strong>:consentite al massimo al 50% per gli impianti all&#8217;aperto e al 35% per gli impianti al chiuso.<\/p>\n<p><span style=\"color: #0000ff;\"><strong><a style=\"color: #0000ff;\" href=\"https:\/\/www.facebook.com\/watch\/live\/?ref=watch_permalink&amp;v=447884470044879\">VIDEO CLICCA QUI\u00a0<\/a><\/strong><\/span><\/p>\n<p>&nbsp;<\/p>\n<p>&nbsp;<\/p>\n<hr \/>\n<p>&nbsp;<\/p>\n<blockquote>\n<h3>CONFERENZA STAMPA DI FINE ANNO DELL&#8217;ULSS 1 DOLOMITI<\/h3>\n<\/blockquote>\n<p><strong>BELLUNO<\/strong> La conferenza stampa di fine anno dell&#8217;Ulss 1 Dolomiti<\/p>\n<p>&nbsp;<\/p>\n<blockquote>\n<h2><strong>LA DIRETTA RADIO PIU&#8217;, LEGGI LA CONFERENZA STAMPA DEL DIRETTORE MARIA GRAZIA CARRARO<\/strong><\/h2>\n<\/blockquote>\n<p><strong>I NUMERI<\/strong> aumentano, 548 casi su 100 mila abitanti sotto la media nazionale, 2078 positivi, 3075 persone in isolamento. Ricoverati, 4 pazienti in terapia intensiva 31 in area non critica 12 negli ospedali di comunit\u00e0. 376888 vaccini somministrati, l&#8217;85% della popolazione sopra i 12 anni. Quasi l&#8217;87% la prima dose. 77 mila vaccini terza dose con buona copertura sugli over 80 e over 70. Vaccinazioni pediatriche 5-11 anni, vaccinati 1180 bambini.<strong> L&#8217;incontro di oggi per presentare il lavoro fatto in Azienda, a partire da cosa si fa tutti i giorni<\/strong>: 227 persone al giorno in pronto soccorso 76 ricoveri 84 interventi e nascono 3,5 bambini. In ambulatorio ogni giorno 2400 prestazioni, 8375 di laboratorio. Ogni giorno 128 mammografie, 192 esami colon-retto, 85 cervicale 450 vaccinazioni non covid. Sul territorio ogni giorno 70 pratiche, 30 dimissioni protette, 346 assitenza domiciliare infiermieristica, 614 altri operatori, 6000 anziani a carico, 150 prelievi, 98 accessi alle cure palliative con circa 800 persone a carico. Mediamente 1030 tamponi molecolari al giorno, 2800 tamponi antigienici ogni giorno e 1900 vaccinazioni. <strong>PERSONALE<\/strong> 337 cessazioni, 370 assunzioni <strong>INVESTIMENTI<\/strong> un lungo elenco il rinnovo del parco macchine e nuove tecnologie. Rifacimento del tetto dell&#8217;ospedale di Belluno, lavori di manutenzione delle strutture, adeguamento sismico e antincendio negli ospedale di Belluno e Feltre dove sono previsti anche altri interventi tecnici. Lavori nella sede in via Marconi a Feltre futura sede della Cittadella sanitaria. A Pieve di Cadore l&#8217;elicottero, ad Agordo il Pronto Soccorso ad Auronzo l&#8217;adeguamento antincendio ed a Lamon un progetto da 5milioni di euro.<\/p>\n<blockquote><p><em>E&#8217; stato un anno difficile, la pandemia ha impegnato molte risorse, ma possiamo essere soddisfatti del percorso fatto. Tutta l&#8217;organizzazione per garantire questi numeri ha dato un importante contributo a loro va il nostro grazie in un anno particolare ma che ha dato i suoi frutti, abbiamo continuano a lavorare su progettualit\u00e0, investimenti, sviluppo di aree nuove.\u00a0<\/em><\/p><\/blockquote>\n<p><strong>OGGI 440 POSITIVI, IL DOPPIO DEL GIORNO PRECEDENTE<\/strong> In quest&#8217;ultima settimana stiamo registrando un aumento importante di nuovi casi, lavoro impegnativo che coinvolge tutta l&#8217;organizzazione e mette a dura prova i professionisti del contact tracing. Lo dice anche l&#8217;incidenza settimanale quanto stiamo salendo. Non peggio degli altri territori ma come altrove si sta diffondendo la variante Omicron molto pi\u00f9 contagiosa della Delta. I principali contagi tra i ragazzini della scuola e i loro contatti. Con fatica e senso di responsabilit\u00e0 di ognuno stiamo proseguendo sulla strada del tracciamento. Attendiamo di conoscere il nuovo Decreto. L&#8217;incidenza settimanale (548)\u00a0 \u00e8 aumentata ma \u00e8 ben sotto il dato nazionale (644)<\/p>\n<p><strong>CONTAGI IL VACCINO PROTEGGE?\u00a0<\/strong> Certo lo scorso anno erano numero diversi. Lo scorso anno i reparti erano pieni e cos\u00ec l&#8217;accesso al Pronto Soccorso, non evita si diventi positivo, ma evita che il virus crei problemi esattamente come il vaccino antinfluenzale.<\/p>\n<p><a href=\"https:\/\/www.facebook.com\/100056995117700\/videos\/292558239595452\/\">https:\/\/www.facebook.com\/100056995117700\/videos\/292558239595452\/<\/a><\/p>\n<p>&nbsp;<\/p>\n<p><strong>UNA GIORNATA TIPO IN ULSS 1 DOLOMITI (22 PAGINE)<\/strong><\/p>\n<a href=\"https:\/\/www.radiopiu.net\/wordpress\/wp-content\/uploads\/2021\/12\/Una-giornata-tipo-in-Ulss-Dolomiti_definitivo.pdf\" class=\"pdfemb-viewer\" style=\"\" data-width=\"max\" data-height=\"max\" data-toolbar=\"top\" data-toolbar-fixed=\"on\">Una giornata tipo in Ulss Dolomiti_definitivo<\/a>\n<p>&nbsp;<\/p>\n<hr \/>\n<p>&nbsp;<\/p>\n<blockquote>\n<h3>COVID IN PROVINCIA: 2068 PERSONE POSITIVE, 46 PAZIENTI RICOVERATI NEGLI OSPEDALI BELLUNESI. L&#8217;86,9% DELLA POPOLAZIONE VACCINATA CON PRIMA DOSE<\/h3>\n<\/blockquote>\n<p><strong>BELLUNO<\/strong> Aggiornamento sulla situazione epidemiologica in provincia a cura dell&#8217;Ulss 1 Dolomiti.<\/p>\n<p><strong>EPIDEMIOLOGIA<\/strong><\/p>\n<table width=\"652\">\n<tbody>\n<tr>\n<td width=\"326\"><strong>ATTUALI POSITIVI<\/strong><\/td>\n<td width=\"326\"><strong>2068 <\/strong><\/td>\n<\/tr>\n<tr>\n<td width=\"326\"><strong>Persone in isolamento\/quarantena<\/strong><\/td>\n<td width=\"326\"><strong>3075<\/strong><\/td>\n<\/tr>\n<\/tbody>\n<\/table>\n<p>&nbsp;<\/p>\n<p><strong>INCIDENZA SETTIMANALE<\/strong> (settimana dal 22 al 29 dicembre): <strong>548<\/strong> casi su 100 mila abitanti (media nazionale 644).Sono attualmente ricoverati:<\/p>\n<table width=\"657\">\n<tbody>\n<tr>\n<td width=\"176\"><strong>Area <\/strong><\/td>\n<td width=\"154\"><strong>Belluno<\/strong><\/td>\n<td width=\"153\"><strong>Feltre<\/strong><\/td>\n<td width=\"175\"><strong>N totale pazienti ricoverati<\/strong><\/td>\n<\/tr>\n<tr>\n<td width=\"176\"><strong>Terapia Intensiva <\/strong><\/td>\n<td width=\"154\"><strong>0<\/strong><\/td>\n<td width=\"153\"><strong>4<\/strong><\/td>\n<td width=\"175\"><strong>4<\/strong><\/td>\n<\/tr>\n<tr>\n<td width=\"176\"><strong>Area non critica Belluno<\/strong><\/td>\n<td width=\"154\"><strong>17<\/strong><\/td>\n<td width=\"153\"><strong>14<\/strong><\/td>\n<td width=\"175\"><strong>31<\/strong><\/td>\n<\/tr>\n<tr>\n<td width=\"176\"><strong>Ospedale di Comunit\u00e0 <\/strong><\/td>\n<td width=\"154\"><strong>\/<\/strong><\/td>\n<td width=\"153\"><strong>11<\/strong><\/td>\n<td width=\"175\"><strong>11<\/strong><\/td>\n<\/tr>\n<\/tbody>\n<\/table>\n<p><strong>\u00a0<\/strong><\/p>\n<p><strong>CAMPAGNA VACCINALE <\/strong>Totale dosi somministrate: 376.888, 86,9% \u2013 158.513 persone vaccinate con primo ciclo over 12, 84,5% &#8211; 154.134 persone con ciclo completo over 12, 25.060 persone ancora da vaccinare over 12 anni. <strong>TERZE DOSI\/dosi booster <\/strong>77.370 terze dosi gi\u00e0 somministrate, 82,6 % degli over 80 eleggibili gi\u00e0 vaccinati con dose booster, 81,3% dei 70-79enni eleggibili gi\u00e0 vaccinati con dose booster, 67,1% della popolazione totale eleggibile gi\u00e0 vaccinato con dose booster <strong>VACCINAZIONI PEDIATRICHE 5-11 ANNI <\/strong>Circa 1.180 bambini 5-11 anni gi\u00e0 vaccinati (10%). Aperti ulteriori posti prenotabili dal sito e aggiornata la lista delle sedute territoriali<\/p>\n<p>&nbsp;<\/p>\n<p>&nbsp;<\/p>\n<hr \/>\n<p>&nbsp;<\/p>\n<blockquote class=\"wp-embedded-content\" data-secret=\"wXmmV7NKl5\"><p><a href=\"https:\/\/www.radiopiu.net\/wordpress\/aggiornamentonazdic30\/\">CORONAVIRUS: AGGIORNAMENTO NAZIONALE 30 DICEMBRE  2021<\/a><\/p><\/blockquote>\n<p><iframe loading=\"lazy\" class=\"wp-embedded-content\" sandbox=\"allow-scripts\" security=\"restricted\" style=\"position: absolute; clip: rect(1px, 1px, 1px, 1px);\" title=\"&#8220;CORONAVIRUS: AGGIORNAMENTO NAZIONALE 30 DICEMBRE  2021&#8221; &#8212; Radio Pi\u00f9\" src=\"https:\/\/www.radiopiu.net\/wordpress\/aggiornamentonazdic30\/embed\/#?secret=wXmmV7NKl5\" data-secret=\"wXmmV7NKl5\" width=\"600\" height=\"338\" frameborder=\"0\" marginwidth=\"0\" marginheight=\"0\" scrolling=\"no\"><\/iframe><\/p>\n<p>&nbsp;<\/p>\n<blockquote class=\"wp-embedded-content\" data-secret=\"ZIM3DUgqTv\"><p><a href=\"https:\/\/www.radiopiu.net\/wordpress\/oltre-10-mila-positivi-nelle-ultime-24-ore-in-veneto-oltre-157-mila-tamponi-in-un-giorno-7-decessi\/\">OLTRE 10 MILA POSITIVI NELLE ULTIME 24 ORE IN VENETO. OLTRE 157 MILA TAMPONI IN UN GIORNO, 7 DECESSI<\/a><\/p><\/blockquote>\n<p><iframe loading=\"lazy\" class=\"wp-embedded-content\" sandbox=\"allow-scripts\" security=\"restricted\" style=\"position: absolute; clip: rect(1px, 1px, 1px, 1px);\" title=\"&#8220;OLTRE 10 MILA POSITIVI NELLE ULTIME 24 ORE IN VENETO. OLTRE 157 MILA TAMPONI IN UN GIORNO, 7 DECESSI&#8221; &#8212; Radio Pi\u00f9\" src=\"https:\/\/www.radiopiu.net\/wordpress\/oltre-10-mila-positivi-nelle-ultime-24-ore-in-veneto-oltre-157-mila-tamponi-in-un-giorno-7-decessi\/embed\/#?secret=ZIM3DUgqTv\" data-secret=\"ZIM3DUgqTv\" width=\"600\" height=\"338\" frameborder=\"0\" marginwidth=\"0\" marginheight=\"0\" scrolling=\"no\"><\/iframe><\/p>\n<p>&nbsp;<\/p>\n<h2>I GRAFICI DI TIZIANO DE COL<\/h2>\n\n\t\t\t<style type='text\/css'>\n\t\t\t\t#gallery-3 {\n\t\t\t\t\tmargin: auto;\n\t\t\t\t}\n\t\t\t\t#gallery-3 .gallery-item {\n\t\t\t\t\tfloat: left;\n\t\t\t\t\tmargin-top: 10px;\n\t\t\t\t\ttext-align: center;\n\t\t\t\t\twidth: 33%;\n\t\t\t\t}\n\t\t\t\t#gallery-3 img {\n\t\t\t\t\tborder: 2px solid #cfcfcf;\n\t\t\t\t}\n\t\t\t\t#gallery-3 .gallery-caption {\n\t\t\t\t\tmargin-left: 0;\n\t\t\t\t}\n\t\t\t\t\/* see gallery_shortcode() in wp-includes\/media.php *\/\n\t\t\t<\/style>\n\t\t<div id='gallery-3' class='dt-gallery-container gallery galleryid-250966 gallery-columns-3 gallery-size-medium'><dl class='gallery-item'>\n\t\t\t\t<dt class='gallery-icon landscape'>\n\t\t\t\t\t<a class=\"rollover rollover-zoom dt-pswp-item\" title=\"6010ea52-b3fd-4722-9288-56c208358447\" data-dt-img-description=\"\" data-large_image_width=\"608\" data-large_image_height=\"350\"href='https:\/\/www.radiopiu.net\/wordpress\/wp-content\/uploads\/2021\/12\/6010ea52-b3fd-4722-9288-56c208358447.jpg'><img loading=\"lazy\" decoding=\"async\" width=\"300\" height=\"173\" src=\"https:\/\/www.radiopiu.net\/wordpress\/wp-content\/uploads\/2021\/12\/6010ea52-b3fd-4722-9288-56c208358447-300x173.jpg\" class=\"attachment-medium size-medium\" alt=\"\" srcset=\"https:\/\/www.radiopiu.net\/wordpress\/wp-content\/uploads\/2021\/12\/6010ea52-b3fd-4722-9288-56c208358447-300x173.jpg 300w, https:\/\/www.radiopiu.net\/wordpress\/wp-content\/uploads\/2021\/12\/6010ea52-b3fd-4722-9288-56c208358447.jpg 608w\" sizes=\"auto, (max-width: 300px) 100vw, 300px\" \/><\/a>\n\t\t\t\t<\/dt><\/dl><dl class='gallery-item'>\n\t\t\t\t<dt class='gallery-icon landscape'>\n\t\t\t\t\t<a class=\"rollover rollover-zoom dt-pswp-item\" title=\"32775b40-daa5-40e0-8bbc-569466f5fb16\" data-dt-img-description=\"\" data-large_image_width=\"602\" data-large_image_height=\"349\"href='https:\/\/www.radiopiu.net\/wordpress\/wp-content\/uploads\/2021\/12\/32775b40-daa5-40e0-8bbc-569466f5fb16.jpg'><img loading=\"lazy\" decoding=\"async\" width=\"300\" height=\"174\" src=\"https:\/\/www.radiopiu.net\/wordpress\/wp-content\/uploads\/2021\/12\/32775b40-daa5-40e0-8bbc-569466f5fb16-300x174.jpg\" class=\"attachment-medium size-medium\" alt=\"\" srcset=\"https:\/\/www.radiopiu.net\/wordpress\/wp-content\/uploads\/2021\/12\/32775b40-daa5-40e0-8bbc-569466f5fb16-300x174.jpg 300w, https:\/\/www.radiopiu.net\/wordpress\/wp-content\/uploads\/2021\/12\/32775b40-daa5-40e0-8bbc-569466f5fb16.jpg 602w\" sizes=\"auto, (max-width: 300px) 100vw, 300px\" \/><\/a>\n\t\t\t\t<\/dt><\/dl><dl class='gallery-item'>\n\t\t\t\t<dt class='gallery-icon landscape'>\n\t\t\t\t\t<a class=\"rollover rollover-zoom dt-pswp-item\" title=\"b939767d-085a-49a0-b71a-ff56802c4798\" data-dt-img-description=\"\" data-large_image_width=\"608\" data-large_image_height=\"353\"href='https:\/\/www.radiopiu.net\/wordpress\/wp-content\/uploads\/2021\/12\/b939767d-085a-49a0-b71a-ff56802c4798.jpg'><img loading=\"lazy\" decoding=\"async\" width=\"300\" height=\"174\" src=\"https:\/\/www.radiopiu.net\/wordpress\/wp-content\/uploads\/2021\/12\/b939767d-085a-49a0-b71a-ff56802c4798-300x174.jpg\" class=\"attachment-medium size-medium\" alt=\"\" srcset=\"https:\/\/www.radiopiu.net\/wordpress\/wp-content\/uploads\/2021\/12\/b939767d-085a-49a0-b71a-ff56802c4798-300x174.jpg 300w, https:\/\/www.radiopiu.net\/wordpress\/wp-content\/uploads\/2021\/12\/b939767d-085a-49a0-b71a-ff56802c4798.jpg 608w\" sizes=\"auto, (max-width: 300px) 100vw, 300px\" \/><\/a>\n\t\t\t\t<\/dt><\/dl><br style=\"clear: both\" \/><dl class='gallery-item'>\n\t\t\t\t<dt class='gallery-icon landscape'>\n\t\t\t\t\t<a class=\"rollover rollover-zoom dt-pswp-item\" title=\"35f1fbfa-888d-4cea-9198-dd4a735dac4c\" data-dt-img-description=\"\" data-large_image_width=\"588\" data-large_image_height=\"355\"href='https:\/\/www.radiopiu.net\/wordpress\/wp-content\/uploads\/2021\/12\/35f1fbfa-888d-4cea-9198-dd4a735dac4c.jpg'><img loading=\"lazy\" decoding=\"async\" width=\"300\" height=\"181\" src=\"https:\/\/www.radiopiu.net\/wordpress\/wp-content\/uploads\/2021\/12\/35f1fbfa-888d-4cea-9198-dd4a735dac4c-300x181.jpg\" class=\"attachment-medium size-medium\" alt=\"\" srcset=\"https:\/\/www.radiopiu.net\/wordpress\/wp-content\/uploads\/2021\/12\/35f1fbfa-888d-4cea-9198-dd4a735dac4c-300x181.jpg 300w, https:\/\/www.radiopiu.net\/wordpress\/wp-content\/uploads\/2021\/12\/35f1fbfa-888d-4cea-9198-dd4a735dac4c.jpg 588w\" sizes=\"auto, (max-width: 300px) 100vw, 300px\" \/><\/a>\n\t\t\t\t<\/dt><\/dl><dl class='gallery-item'>\n\t\t\t\t<dt class='gallery-icon landscape'>\n\t\t\t\t\t<a class=\"rollover rollover-zoom dt-pswp-item\" title=\"f7a64283-a740-4882-acf3-8ce3739d29ff\" data-dt-img-description=\"\" data-large_image_width=\"612\" data-large_image_height=\"353\"href='https:\/\/www.radiopiu.net\/wordpress\/wp-content\/uploads\/2021\/12\/f7a64283-a740-4882-acf3-8ce3739d29ff.jpg'><img loading=\"lazy\" decoding=\"async\" width=\"300\" height=\"173\" src=\"https:\/\/www.radiopiu.net\/wordpress\/wp-content\/uploads\/2021\/12\/f7a64283-a740-4882-acf3-8ce3739d29ff-300x173.jpg\" class=\"attachment-medium size-medium\" alt=\"\" srcset=\"https:\/\/www.radiopiu.net\/wordpress\/wp-content\/uploads\/2021\/12\/f7a64283-a740-4882-acf3-8ce3739d29ff-300x173.jpg 300w, https:\/\/www.radiopiu.net\/wordpress\/wp-content\/uploads\/2021\/12\/f7a64283-a740-4882-acf3-8ce3739d29ff.jpg 612w\" sizes=\"auto, (max-width: 300px) 100vw, 300px\" \/><\/a>\n\t\t\t\t<\/dt><\/dl>\n\t\t\t\t<br style='clear: both' \/>\n\t\t\t<\/div>\n\n<p>&nbsp;<\/p>\n<hr \/>\n<p>&nbsp;<\/p>\n<blockquote>\n<h3>NUOVE INDICAZIONI TEMPORANEE PER L&#8217;UTILIZZO DEI TEST MOLECOLARI, LA CIRCOLARE DEL DOTTOR FLOR<\/h3>\n<\/blockquote>\n<p><strong><a href=\"https:\/\/www.radiopiu.net\/wordpress\/tampone-drive-in-a-feltre-per-chi-rientra-da-spagna-croazia-grecia-o-malta\/tampone\/\" rel=\"attachment wp-att-155278\"><img loading=\"lazy\" decoding=\"async\" class=\"size-medium wp-image-155278 alignleft\" src=\"https:\/\/www.radiopiu.net\/wordpress\/wp-content\/uploads\/2020\/08\/TAMPONE-300x200.jpg\" alt=\"\" width=\"300\" height=\"200\" srcset=\"https:\/\/www.radiopiu.net\/wordpress\/wp-content\/uploads\/2020\/08\/TAMPONE-300x200.jpg 300w, https:\/\/www.radiopiu.net\/wordpress\/wp-content\/uploads\/2020\/08\/TAMPONE-1024x683.jpg 1024w, https:\/\/www.radiopiu.net\/wordpress\/wp-content\/uploads\/2020\/08\/TAMPONE-768x512.jpg 768w, https:\/\/www.radiopiu.net\/wordpress\/wp-content\/uploads\/2020\/08\/TAMPONE-1536x1024.jpg 1536w, https:\/\/www.radiopiu.net\/wordpress\/wp-content\/uploads\/2020\/08\/TAMPONE.jpg 1920w\" sizes=\"auto, (max-width: 300px) 100vw, 300px\" \/><\/a>VENEZIA<\/strong> Cambiano le modalit\u00e0 di prescrizione dei tamponi molecolari. Ad annunciarlo con una circolare il Dottor Luciano Flor, direttore generale area sanit\u00e0 e sociale della Regione del Veneto, alle Aziende ULSS del Veneto. I test molecolari potranno essere prescritti solo in questi casi: pazienti che devono essere ricoverati o relativi caregiver nel caso di pazienti non autosufficienti che necessitano di assistenza continuativa, ospiti che devono essere inseriti o rientrare in strutture socio-sanitarie e socio-assistenziali territoriali residenziali, personale sanitario e personale delle strutture socio-sanitarie e socio-assistenziali territoriali residenziali, soggetti sintomatici negativi al test antigenico che presentano un quadro suggestivo per infezione da SARS-CoV-2 e contact tracing nei casi di variante Omicron o Beta.<\/p>\n<p>&nbsp;<\/p>\n<p>&nbsp;<\/p>\n<hr \/>\n<p>&nbsp;<\/p>\n<blockquote>\n<h3>CONTINUA L\u2019IMPEGNO GRATUITO DI MEDICI E INFERMIERI IN QUIESCENZA PER LA CAMPAGNA VACCINALE<\/h3>\n<\/blockquote>\n<p><strong>BELLUNO <\/strong>Prosegue l\u2019impegno VOLONTARIO e GRATUITO di medici e infermieri in pensione che stanno supportando con grande generosit\u00e0 la campagna vaccinale dell\u2019Ulss Dolomiti. \u00abL\u2019apporto di questi professionisti \u00e8 fondamentale, soprattutto in questo momento in cui dobbiamo vaccinare il pi\u00f9 velocemente possibile. In questi mesi ho avuto modo di incontrare alcuni di loro nei vari drive in o centri vaccinali: mi ha colpito il grande senso civico ed etico e l\u2019entusiasmo contagioso con cui dedicano il loro tempo alla comunit\u00e0 \u00bb commenta il Direttore Generale Maria Grazia Carraro, \u00abun grazie di cuore \u00bb.<\/p>\n<p>&nbsp;<\/p>\n<p>&nbsp;<\/p>\n<hr \/>\n<p>&nbsp;<\/p>\n<blockquote>\n<h3>SABATO 8 GENNAIO VACCINAZIONE ANTI COVID AD ACCESSO LIBERO A ROCCA PIETORE<\/h3>\n<\/blockquote>\n<p><strong>ROCCA PIETORE<\/strong> \u00c8 in programma per sabato 8 gennaio una seduta di vaccinazione anticovid ad accesso libero presso la sede Associazione Volontari ambulanza e Protezione Civile a Bosco Verde di Rocca Pietore. La seduta ad accesso libero \u00e8 per tutte le categorie vaccinabili dai 12 anni in su per la prima o terza dose. Le vaccinazioni avverranno dalle 14:30 alle 17.<\/p>\n<p>&nbsp;<\/p>\n<p>&nbsp;<\/p>\n<hr \/>\n<p>&nbsp;<\/p>\n<blockquote>\n<h3>LAVORO. ASSESSORE DONAZZAN INCONTRA MANIFATTURIERO<\/h3>\n<\/blockquote>\n<p><strong>VENEZIA <\/strong>L\u2019Assessore regionale al lavoro Elena Donazzan ha incontrato oggi, in videoconferenza, i presidenti regionali rappresentanti delle associazioni di categoria del settore manifatturiero del Veneto per affrontare il tema della crisi che si sta prospettando, in particolare nel settore manifatturiero, in seguito all\u2019aumento dei costi di produzione.\u00a0 L\u2019obiettivo era quello di avere un quadro della situazione il pi\u00f9 preciso possibile. Ne \u00e8 emerso un confronto molto costruttivo. Vi \u00e8 stata compattezza nell\u2019analisi del problema e unitariet\u00e0 nelle richieste da rivolgere al Governo centrale<em>. <\/em>A fine gennaio nuvo incontro per aggiornare il quadro.<\/p>\n<p>&nbsp;<\/p>\n<p>&nbsp;<\/p>\n<hr \/>\n<p>&nbsp;<\/p>\n<blockquote>\n<h3>TREMILA EURO PER LA VIGILANZA IN CENTRO. CONTRIBUTI PER DOTE SPORT E ANTENNA ANZIANI<\/h3>\n<\/blockquote>\n<p><strong><a href=\"https:\/\/www.radiopiu.net\/wordpress\/giornale-radiopiu-11-giugno-2020-direttore-mirko-mezzacasa\/jezluvoo\/\" rel=\"attachment wp-att-143659\"><img loading=\"lazy\" decoding=\"async\" class=\" wp-image-143659 alignleft\" src=\"https:\/\/www.radiopiu.net\/wordpress\/wp-content\/uploads\/2020\/06\/jeZLuVOo.jpeg\" alt=\"\" width=\"127\" height=\"127\" srcset=\"https:\/\/www.radiopiu.net\/wordpress\/wp-content\/uploads\/2020\/06\/jeZLuVOo.jpeg 178w, https:\/\/www.radiopiu.net\/wordpress\/wp-content\/uploads\/2020\/06\/jeZLuVOo-150x150.jpeg 150w\" sizes=\"auto, (max-width: 127px) 100vw, 127px\" \/><\/a>BELLUNO <\/strong>La giunta comunale, nel corso della seduta di ieri, ha approvato il prelievo dal fondo di riserva per un totale di 28mila euro a sostegno di iniziative sociali e di sicurezza urgenti. Come annunciato pochi giorni fa al termine del colloquio avuto con Prefetto e Questore, sono stati messi a disposizione 3mila euro come contributo ad Ascom Belluno per l&#8217;avvio del servizio di vigilanza notturna. Sono stati poi destinati altri 22mila euro al Dote Sport 2021\/2022 (la cui dotazione totale sale quindi a 27mila euro) e 3mila come contributo all&#8217;associazione Antenna Anziani.<\/p>\n<p><strong>JACOPO MASSARO, SINDACO DI BELLUNO<\/strong><\/p>\n<audio class=\"wp-audio-shortcode\" id=\"audio-250966-5\" preload=\"none\" style=\"width: 100%;\" controls=\"controls\"><source type=\"audio\/mpeg\" src=\"https:\/\/www.radiopiu.net\/wordpress\/wp-content\/uploads\/2021\/12\/Massaro-Contributi-vigilanza-Dote-Sport-e-Antenna-Anziani.mp3?_=5\" \/><a href=\"https:\/\/www.radiopiu.net\/wordpress\/wp-content\/uploads\/2021\/12\/Massaro-Contributi-vigilanza-Dote-Sport-e-Antenna-Anziani.mp3\">https:\/\/www.radiopiu.net\/wordpress\/wp-content\/uploads\/2021\/12\/Massaro-Contributi-vigilanza-Dote-Sport-e-Antenna-Anziani.mp3<\/a><\/audio>\n<p>&nbsp;<\/p>\n<hr \/>\n<p>&nbsp;<\/p>\n<blockquote>\n<h3>APPROVATO IL BILANCIO DI PREVISIONE A PONTE NELLE ALPI<\/h3>\n<\/blockquote>\n<p><strong><a href=\"https:\/\/www.radiopiu.net\/wordpress\/giornale-radiopiu-31-dicembre-2021-direttore-mirko-mezzacasa\/pontello_andrea-2\/\" rel=\"attachment wp-att-251177\"><img loading=\"lazy\" decoding=\"async\" class=\" wp-image-251177 alignleft\" src=\"https:\/\/www.radiopiu.net\/wordpress\/wp-content\/uploads\/2021\/12\/Pontello_Andrea-1-225x300.jpg\" alt=\"\" width=\"121\" height=\"161\" srcset=\"https:\/\/www.radiopiu.net\/wordpress\/wp-content\/uploads\/2021\/12\/Pontello_Andrea-1-225x300.jpg 225w, https:\/\/www.radiopiu.net\/wordpress\/wp-content\/uploads\/2021\/12\/Pontello_Andrea-1.jpg 600w\" sizes=\"auto, (max-width: 121px) 100vw, 121px\" \/><\/a>PONTE NELLE ALPI<\/strong> Il consiglio comunale di Ponte nelle Alpi ha approvato il bilancio di previsione 2022-2023-2024. E fissato alcune linee guida in vista dell\u2019immediato futuro. \u00ab<em>Abbiamo cercato di cogliere tutte le opportunit\u00e0 legate al Piano Nazionale di Ripresa e Resilienza &#8211; spiega l\u2019assessore competente in materia, Andrea Pontello -. Piano che dispone di importi destinati alla progettazione: parte dei quali sono stati deliberati. Soprattutto per ci\u00f2 che riguarda il Fondo rotativo per la progettazione, raddoppiato a 100mila euro<\/em>\u00bb.<span class=\"gmail-Apple-converted-space\"> \u00a0<\/span>Priorit\u00e0 alle opere pubbliche: \u00ab<em>In vista del 2022 &#8211; prosegue Pontello &#8211; sono previsti lavori per circa 2 milioni e mezzo di euro&#8221;. <\/em><span class=\"gmail-Apple-converted-space\">\u00a0<\/span>Spazio poi al secondo stralcio dei marciapiedi lungo viale Cadore<em>. La Provincia, invece, sostiene con 80mila euro l\u2019avvio dei lavori di implementazione e miglioramento della pubblica illuminazione. <\/em><span class=\"gmail-Apple-converted-space\">\u00a0<\/span>Sempre in tema di opere pubbliche, per il 2023 la cifra inserita a bilancio ammonta a 1 milione e 200mila euro.<\/p>\n<p>&nbsp;<\/p>\n<hr \/>\n<p>&nbsp;<\/p>\n<p>&nbsp;<\/p>\n<blockquote>\n<h3>&#8220;BELLUNUM&#8221;\u00a0 A LIMANA, IL PASSAGGIO DA TRIBUTO A TARIFFA SI PAGA A GIUGNO<\/h3>\n<\/blockquote>\n<p><strong><a href=\"https:\/\/www.radiopiu.net\/wordpress\/giornale-radiopiu-06-marzo-2021-direttore-mirko-mezzacasa\/1200px-limana_bl\/\" rel=\"attachment wp-att-195411\"><img loading=\"lazy\" decoding=\"async\" class=\"wp-image-195411 alignleft\" src=\"https:\/\/www.radiopiu.net\/wordpress\/wp-content\/uploads\/2021\/03\/1200px-Limana_BL-300x225.jpg\" alt=\"\" width=\"156\" height=\"117\" srcset=\"https:\/\/www.radiopiu.net\/wordpress\/wp-content\/uploads\/2021\/03\/1200px-Limana_BL-300x225.jpg 300w, https:\/\/www.radiopiu.net\/wordpress\/wp-content\/uploads\/2021\/03\/1200px-Limana_BL-1024x768.jpg 1024w, https:\/\/www.radiopiu.net\/wordpress\/wp-content\/uploads\/2021\/03\/1200px-Limana_BL-768x576.jpg 768w, https:\/\/www.radiopiu.net\/wordpress\/wp-content\/uploads\/2021\/03\/1200px-Limana_BL.jpg 1200w\" sizes=\"auto, (max-width: 156px) 100vw, 156px\" \/><\/a><\/strong><\/p>\n<p>&nbsp;<\/p>\n<p><strong>LIMANA<\/strong><\/p>\n<p><strong>di DAMIANO TORMEN\u00a0<\/strong><\/p>\n<audio class=\"wp-audio-shortcode\" id=\"audio-250966-6\" preload=\"none\" style=\"width: 100%;\" controls=\"controls\"><source type=\"audio\/mpeg\" src=\"https:\/\/www.radiopiu.net\/wordpress\/wp-content\/uploads\/2021\/12\/damiano-4.mp3?_=6\" \/><a href=\"https:\/\/www.radiopiu.net\/wordpress\/wp-content\/uploads\/2021\/12\/damiano-4.mp3\">https:\/\/www.radiopiu.net\/wordpress\/wp-content\/uploads\/2021\/12\/damiano-4.mp3<\/a><\/audio>\n<p>&nbsp;<\/p>\n<hr \/>\n<p>&nbsp;<\/p>\n<blockquote>\n<h3>UFFICIO TECNICO IN COMUNE AD AGORDO, FAVRETTI &#8220;NON RIUSCIAMO A VENIRNE A CAPO&#8221;<\/h3>\n<\/blockquote>\n<p><strong><img loading=\"lazy\" decoding=\"async\" class=\"alignleft\" src=\"https:\/\/www.radiopiu.net\/wordpress\/wp-content\/uploads\/2021\/05\/agordo-2-1.jpg\" width=\"164\" height=\"123\" \/>AGORDO<\/strong> C&#8217;\u00e8 stato il lungo periodo Benvegn\u00f9, quindi con il pensionamento si \u00e8 aperta una fase transitoria che si pu\u00f2 definire ancora tale. Non una situazione confortante, come spesso succede con i segretari comunali o altro personale di difficile collocazione nel disagiato territorio montano. La situazione attuale ad Agordo l&#8217;ha spiegata il vicesindaco Giulio Favretti<em> &#8220;L&#8217;ufficio urbanistica \u00e8 in stato di abbandono&#8221;<\/em><\/p>\n<p>&nbsp;<\/p>\n<audio class=\"wp-audio-shortcode\" id=\"audio-250966-7\" preload=\"none\" style=\"width: 100%;\" controls=\"controls\"><source type=\"audio\/mpeg\" src=\"https:\/\/www.radiopiu.net\/wordpress\/wp-content\/uploads\/2021\/12\/ufficio-tecnico.mp3?_=7\" \/><a href=\"https:\/\/www.radiopiu.net\/wordpress\/wp-content\/uploads\/2021\/12\/ufficio-tecnico.mp3\">https:\/\/www.radiopiu.net\/wordpress\/wp-content\/uploads\/2021\/12\/ufficio-tecnico.mp3<\/a><\/audio>\n<p>&nbsp;<\/p>\n<hr \/>\n<p>&nbsp;<\/p>\n<blockquote>\n<h3>ECOCENTRO AD AGORDO. FAVRETTI &#8220;DA TRE INVERNI LA GENTE ARRAMPICA SUI CASSONI&#8221;<\/h3>\n<\/blockquote>\n<p><strong><img loading=\"lazy\" decoding=\"async\" class=\"alignleft\" src=\"https:\/\/www.radiopiu.net\/wordpress\/wp-content\/uploads\/2020\/04\/ECOCENTRO-TAIBON.jpg\" width=\"209\" height=\"118\" \/>AGORDO<\/strong> E&#8217; sembrato stizzito il vicesindaco di Agordo, Giulio Favretti, ieri sera in consiglio comunale quando ha affrontato il tema ecocentro di Agordo, dove in localit\u00e0 Valcozzena l&#8217;utente <em>&#8220;per il terzo inverno la gente s&#8217;arrampica sul cassone&#8221;.<\/em> L&#8217;assessore ha fatto intendere che non sussitono responsabilit\u00e0 del Comune se i lavori non sono ancora stati fatti.<em> &#8220;Da altre parti non \u00e8 andata cos\u00ec&#8221;<\/em><\/p>\n<p><strong>AUDIO\u00a0<\/strong><\/p>\n<audio class=\"wp-audio-shortcode\" id=\"audio-250966-8\" preload=\"none\" style=\"width: 100%;\" controls=\"controls\"><source type=\"audio\/mpeg\" src=\"https:\/\/www.radiopiu.net\/wordpress\/wp-content\/uploads\/2021\/12\/ECOCNETRO-AGORDO.mp3?_=8\" \/><a href=\"https:\/\/www.radiopiu.net\/wordpress\/wp-content\/uploads\/2021\/12\/ECOCNETRO-AGORDO.mp3\">https:\/\/www.radiopiu.net\/wordpress\/wp-content\/uploads\/2021\/12\/ECOCNETRO-AGORDO.mp3<\/a><\/audio>\n<p>foto archivio ECOCENTRO TAIBON<\/p>\n<p>&nbsp;<\/p>\n<p>&nbsp;<\/p>\n<hr \/>\n<blockquote>\n<h3><\/h3>\n<h3>DICIANNOVE MINUTI DI TELEFONATA DI &#8220;STAMPA MAFIOSO&#8221;, LA DENUNCIA DI SELVA MORETTI<\/h3>\n<\/blockquote>\n<p><strong>DI GIANNI SANTOMASO<\/strong><\/p>\n<audio class=\"wp-audio-shortcode\" id=\"audio-250966-9\" preload=\"none\" style=\"width: 100%;\" controls=\"controls\"><source type=\"audio\/mpeg\" src=\"https:\/\/www.radiopiu.net\/wordpress\/wp-content\/uploads\/2021\/12\/GIANNI-SELVA-MORETTI-ASCA.mp3?_=9\" \/><a href=\"https:\/\/www.radiopiu.net\/wordpress\/wp-content\/uploads\/2021\/12\/GIANNI-SELVA-MORETTI-ASCA.mp3\">https:\/\/www.radiopiu.net\/wordpress\/wp-content\/uploads\/2021\/12\/GIANNI-SELVA-MORETTI-ASCA.mp3<\/a><\/audio>\n<p>&nbsp;<\/p>\n<blockquote>\n<h3><span style=\"color: #ff0000;\">IERI SUL SITO <span style=\"color: #0000ff;\">www.radiopiu.net<\/span>\u00a0 I DUE ARTICOLI PIU&#8217; VISTI<\/span><\/h3>\n<\/blockquote>\n<blockquote class=\"wp-embedded-content\" data-secret=\"M3mAJMWETl\"><p><a href=\"https:\/\/www.radiopiu.net\/wordpress\/selvacomune\/\">ATTEGGIAMENTI INTIMIDATORI DI STAMPO MAFIOSO&#8221;<\/a><\/p><\/blockquote>\n<p><iframe loading=\"lazy\" class=\"wp-embedded-content\" sandbox=\"allow-scripts\" security=\"restricted\" style=\"position: absolute; clip: rect(1px, 1px, 1px, 1px);\" title=\"&#8220;ATTEGGIAMENTI INTIMIDATORI DI STAMPO MAFIOSO&#8221;&#8221; &#8212; Radio Pi\u00f9\" src=\"https:\/\/www.radiopiu.net\/wordpress\/selvacomune\/embed\/#?secret=M3mAJMWETl\" data-secret=\"M3mAJMWETl\" width=\"600\" height=\"338\" frameborder=\"0\" marginwidth=\"0\" marginheight=\"0\" scrolling=\"no\"><\/iframe><\/p>\n<p><strong>\u00a0<\/strong><\/p>\n<blockquote class=\"wp-embedded-content\" data-secret=\"1oSRt4r7hL\"><p><a href=\"https:\/\/www.radiopiu.net\/wordpress\/coscritti-una-fratellanza\/\">COSCRITTI, UNA FRATELLANZA NON SCRITTA DALLE EMOZIONI INCANCELLABILI<\/a><\/p><\/blockquote>\n<p><iframe loading=\"lazy\" class=\"wp-embedded-content\" sandbox=\"allow-scripts\" security=\"restricted\" style=\"position: absolute; clip: rect(1px, 1px, 1px, 1px);\" title=\"&#8220;COSCRITTI, UNA FRATELLANZA NON SCRITTA DALLE EMOZIONI INCANCELLABILI&#8221; &#8212; Radio Pi\u00f9\" src=\"https:\/\/www.radiopiu.net\/wordpress\/coscritti-una-fratellanza\/embed\/#?secret=1oSRt4r7hL\" data-secret=\"1oSRt4r7hL\" width=\"600\" height=\"338\" frameborder=\"0\" marginwidth=\"0\" marginheight=\"0\" scrolling=\"no\"><\/iframe><\/p>\n<p>&nbsp;<\/p>\n<hr \/>\n<p>&nbsp;<\/p>\n<blockquote>\n<h3>IERI ALLA RADIO, CON RENZO MINELLA DALLA SKI AREA SAN PELLEGRINO<\/h3>\n<\/blockquote>\n<p>&nbsp;<\/p>\n<p><img loading=\"lazy\" decoding=\"async\" class=\"alignleft\" src=\"https:\/\/www.radiopiu.net\/wordpress\/wp-content\/uploads\/2021\/02\/RENZO-MINELLA.jpg\" width=\"170\" height=\"113\" \/>audio<\/p>\n<p>di CLAUDIO FONTANIVE<\/p>\n<audio class=\"wp-audio-shortcode\" id=\"audio-250966-10\" preload=\"none\" style=\"width: 100%;\" controls=\"controls\"><source type=\"audio\/mpeg\" src=\"https:\/\/www.radiopiu.net\/wordpress\/wp-content\/uploads\/2021\/12\/renzo-minella-30-dicembre.mp3?_=10\" \/><a href=\"https:\/\/www.radiopiu.net\/wordpress\/wp-content\/uploads\/2021\/12\/renzo-minella-30-dicembre.mp3\">https:\/\/www.radiopiu.net\/wordpress\/wp-content\/uploads\/2021\/12\/renzo-minella-30-dicembre.mp3<\/a><\/audio>\n<p>&nbsp;<\/p>\n<p>&nbsp;<\/p>\n<hr \/>\n<p>&nbsp;<\/p>\n<blockquote class=\"wp-embedded-content\" data-secret=\"dpYPF9db9j\"><p><a href=\"https:\/\/www.radiopiu.net\/wordpress\/capodanno-senza-botti-e-fuochi-dartificio-sono-pericolosi-per-la-salute-gli-animali-e-lambiente\/\">CAPODANNO SENZA BOTTI E FUOCHI D\u2019ARTIFICIO: SONO PERICOLOSI PER LA SALUTE, GLI ANIMALI E L\u2019AMBIENTE.<\/a><\/p><\/blockquote>\n<p><iframe loading=\"lazy\" class=\"wp-embedded-content\" sandbox=\"allow-scripts\" security=\"restricted\" style=\"position: absolute; clip: rect(1px, 1px, 1px, 1px);\" title=\"&#8220;CAPODANNO SENZA BOTTI E FUOCHI D\u2019ARTIFICIO: SONO PERICOLOSI PER LA SALUTE, GLI ANIMALI E L\u2019AMBIENTE.&#8221; &#8212; Radio Pi\u00f9\" src=\"https:\/\/www.radiopiu.net\/wordpress\/capodanno-senza-botti-e-fuochi-dartificio-sono-pericolosi-per-la-salute-gli-animali-e-lambiente\/embed\/#?secret=dpYPF9db9j\" data-secret=\"dpYPF9db9j\" width=\"600\" height=\"338\" frameborder=\"0\" marginwidth=\"0\" marginheight=\"0\" scrolling=\"no\"><\/iframe><\/p>\n<p>&nbsp;<\/p>\n<p>&nbsp;<\/p>\n<hr \/>\n<p>&nbsp;<\/p>\n<blockquote>\n<h3>IL COMITATO ALPAGO 2 RUOTE E SOLIDARIETA&#8217; REGALA 250 PANETTONI ALLE CASE DI RIPOSO DELL&#8217;ALPAGO<\/h3>\n<\/blockquote>\n<p><strong><a href=\"https:\/\/www.radiopiu.net\/wordpress\/giornale-radiopiu-31-dicembre-2021-direttore-mirko-mezzacasa\/panettoni-2-ruote-casa-riposo-santa-croce-2021\/\" rel=\"attachment wp-att-251055\"><img loading=\"lazy\" decoding=\"async\" class=\"size-medium wp-image-251055 alignleft\" src=\"https:\/\/www.radiopiu.net\/wordpress\/wp-content\/uploads\/2021\/12\/panettoni-2-ruote-casa-riposo-santa-croce-2021-300x225.jpeg\" alt=\"\" width=\"300\" height=\"225\" srcset=\"https:\/\/www.radiopiu.net\/wordpress\/wp-content\/uploads\/2021\/12\/panettoni-2-ruote-casa-riposo-santa-croce-2021-300x225.jpeg 300w, https:\/\/www.radiopiu.net\/wordpress\/wp-content\/uploads\/2021\/12\/panettoni-2-ruote-casa-riposo-santa-croce-2021-1024x768.jpeg 1024w, https:\/\/www.radiopiu.net\/wordpress\/wp-content\/uploads\/2021\/12\/panettoni-2-ruote-casa-riposo-santa-croce-2021-768x576.jpeg 768w, https:\/\/www.radiopiu.net\/wordpress\/wp-content\/uploads\/2021\/12\/panettoni-2-ruote-casa-riposo-santa-croce-2021.jpeg 1296w\" sizes=\"auto, (max-width: 300px) 100vw, 300px\" \/><\/a>ALPAGO <\/strong><span class=\"s1\">Anche quest&#8217;anno il Comitato Alpago 2 ruote &amp; solidariet\u00e0 ha rispettato la tradizione e, nel periodo natalizio, ha portato in dono il panettone agli ospiti delle case di riposo dell&#8217;Alpago, Santa Croce e Pieve di Cadore (dove risiedono attualmente gli ospiti della struttura di Puos). <\/span><span class=\"s1\">\u00abNonostante le difficolt\u00e0 e le limitazioni del periodo, abbiamo voluto mantenere questo piccolo gesto di attenzione nei confronti dei nostri anziani\u00bb spiega Ennio Soccal, presidente del comitato Comitato Alpago 2 ruote &amp; solidariet\u00e0. \u00ab\u00c8 un&#8217;iniziativa resa possibile dalla grande disponibilit\u00e0 di Balbinot \u2013 Grandi Forni Bellunesi, azienda di Paludi che ci sostiene e che anche questa volta ci ha donato 250 panettoni\u00bb.\u00a0<\/span><span class=\"s1\">Il Comitato Alpago 2 ruote &amp; solidariet\u00e0 \u00e8 la realt\u00e0 organizzatrice del Giro del Lago di Santa Croce, evento solidaristico multisport (podismo, ciclismo, camminata e roller) la cui <span class=\"s2\">28.ma<\/span> edizione \u00e8 in programma domenica 21 agosto 2022.<\/span><\/p>\n<p>&nbsp;<\/p>\n<p>&nbsp;<\/p>\n<hr \/>\n<p>&nbsp;<\/p>\n<blockquote>\n<h3>GLI IMPIANTI DEL PIAVE SISTEMA NORD-ORIENTALE: DA SOVERZENE-SANTA CROCE AL TREVIGIANO E SACILE<\/h3>\n<\/blockquote>\n<p><strong>di RENATO BONA<\/strong><\/p>\n<p>Concludiamo con questo servizio la rassegna degli \u201cImpianti del Piave. Sistema nord-orientale\u201d (che \u00e8 il titolo del libro che Grafiche De Bastiani di Vittorio Veneto ha stampato nel marzo di 30 anni fa per la Direzione produzione e trasmissione dell\u2019Enel, sede distaccata di Venezia). Partiamo con lo Sbarramento di Soverzene dove la derivazione del Piave \u201c\u00e8 costituita principalmente delle acque di scarico della centrale, con ulteriore apporto delle portate residue del Piave (una parte \u00e8 lasciata defluire nell\u2019alveo naturale per diritti di concessione)l agli impianti Piave-Santa Croce. La captazione \u00e8 assicurata grazie ad una grande traversa di tipo fluviale, in parte mobile, in parte tracimabile e in parte insommergibile, in esercizio dal 1929; fino all\u2019attivazione di Soverzene, la traversa doveva derivare la maggior parte dei deflussi naturali del fiume. Va detto che \u201cUn canale derivatore inizialmente costituito da due gallerie parallele, quindi da un\u2019unica condotta all\u2019aperto, in calcestruzzo, e infine da un canale della lunghezza complessiva di 11 chilometri e portata massima di 88 metri cubi al secondo, adduce le acque al lago di Santa Croce\u201d. Diga in terra e lago di Santa Croce: col proposito di ampliare il lago naturale di Santa Croce, nel 1926-29 \u00e8 stata realizzata una diga in terra che sbarra sul lato nord la valle dell\u2019emissario Rai; ha un\u2019altezza massima di 10 metri e mezzo, sviluppo al coronamento di 1.975 metri e volume di 350 mila metri cubi; \u00e8 costituita da due grandi tronchi rettilinei e due minori raccordati con curve a grande raggio. Impianti di Fadalto e Nove: nel libro si legge fra l\u2019altro: \u201cil primitivo schema di impianti, in esercizio dal 1914, prevedeva unicamente l\u2019utilizzazione delle acque provenienti dal bacino imbrifero del lago di Santa Croce, che \u00e8 di soli 136 chilometri quadrati. Nel 1929 l\u2019intero bacino imbrifero superiore del Piave, per una estensione di 1.690 chilometri veniva allacciato al lago di Santa Croce a mezzo di uno sbarramento sul fiume presso Soverzene e di un canale di collegamento con il lago, il quale veniva opportunamente sistemato a serbatoio\u201d. Dando il via all\u2019attuale utilizzazione azionando le centrali di Fadalto, Nove, San Floriano, Castelletto, Caneva e Livenza \u201cdisposte a cascata lungo un percorso pi\u00f9 breve di quello naturale del fiume\u201d. Comprende anche i bacini naturali di lago Morto, del Restello e del lago Negrisiola, \u201cadatti a bacini di regolazione con opere di modesta entit\u00e0. La portata prelevata allo sbarramento di Soverzene viene in parte restituita al Piave a quota 75,20 tramite il canale irriguo Castelletto-Nervesa ed in parte scaricata nel fiume Livenza, a sud di Sacile, a quota 13 metri\u201d. Viene precisato che \u201cI nuovi impianti (rinnovamento iniziato nel 1967 \u2013 ndr.) di Fadalto e Nove sfruttano la possibilit\u00e0 di concentrazione delle portate offerta dal serbatoio di Santa Croce e del lago Morto, anche grazie alla installazione di pompe nella centrale di Fadalto\u2026 che assicura, durante il periodo invernale, il normale esercizio di punta\u201d. Ancora: \u201cIl raddoppio delle gallerie di derivazione ed il rifacimento di tutte le altre opere e del macchinario, ha consentito di incrementare il valore massimo della portata utilizzabile da 80 250 metri cubi secondo a Fadalto e da 65 a 80 a Nove\u2026 e la producibilit\u00e0 complessiva \u00e8 aumentata da 624 a 726 GWh per il migliore rendimento del nuovo macchinario idraulico ed elettrico\u201d. Per quanto riguarda l\u2019impianto di Fadalto ed altri, nell\u2019impossibilit\u00e0, per ragioni di spazio, di proporre integralmente quanto si pu\u00f2 leggere nel libro, ci limitiamo a ricordare che le opere di presa, situate sulla sponda occidentale del serbatoio, sono costituite da un imbocco suddiviso in quattro luci larghe 5 metri e 70, munite di griglia fissa, con soglia a quota 335,35, luci che \u201calimentano due gallerie che si raccordano con quella di derivazione. La paratoia a strisciamento di monte ha funzione di tenuta mentre quella a valle, a ruote, di intercettazione di sicurezza sia automatica che su comando a distanza\u201d. Importante precisare che \u201cla centrale in caverna \u00e8 l\u2019opera di maggior impegno dell\u2019impianto sia per le dimensioni, che hanno comportato uno scavo di 80 mila metri cubi di roccia, sia per la complessit\u00e0 delle strutture realizzate. Nella centrale sono installati due gruppi ternari ad asse verticale pompa, turbina Francis, alternatore-motore in grado di sviluppare una potenza massima di 120 MW ciascuno\u201d. Va aggiunto che gli scarichi delle turbine e le alimentazioni delle pompe sono stati realizzati per ciascun gruppo con opere distinte fino allo sbocco di un unico canale all\u2019aperto, di sezione trapezia. Il fabbricato comandi della centrale \u00e8 sullo stesso piazzale della stazione elettrica. Centrale di Nove Vecchia: in esercizio dal 1915, con una portata massima utilizzabile di 16 metri cubi secondo, \u00e8 stata demolita nel 1970. Nove Nuova \u00e8 invece in esercizio dal 1925 e dal 1971funziona di riserva al nuovo impianto costruito in quegli anni, dimensionato per una portata massima di 80 metri cubi secondo. Alla galleria in pressione del vecchio impianto ne \u00e8 stata affiancata una a sezione circolare lunga 3.484,85 metri e del diametro di 4,90, che si unisce all\u2019altra alla base del nuovo pozzo piezometrico. La centrale \u00e8 in caverna (volume di scavo di 22 mila metri cubi). Ed \u00e8 equipaggiata con un gruppo ad asse verticale turbina Francis alternatore in grado di sviluppare una potenza massima di 65 MW. Centrali di San Floriano: il laghetto del Restello, ottenuto mediante sbarramento della gola rocciosa del torrente Battirame a San Floriano, riceve le acque di scarico delle centrali di Nove e con queste alimenta le sottostanti centrali. San Floriano \u00e8 entrata in servizio nel 1923 ed \u00e8 \u201csituata in fregio al laghetto di Negrisiola, con sala macchine a quota 166,85. E\u2019 alimentata da una galleria in pressione della lunghezza di 375 metri. La centrale di Castelletto: \u00e8 in esercizio dal 1923, situata all\u2019esterno presso Cappella Maggiore, con sala macchine a quota 98, con due gruppi turbine. La vecchia centrale \u00e8 stata ampliata utilizzando una portata di 25 metri cubi secondo derivata dal partitore del Carron, un salto di 60 metri. La Castelletto II \u00e8 in servizio dal 1962. La centrale di Caneva: allo sbocco del canale di scarico le acque vengono riprese mediante sbarramento sul Meschio ed addotte alla centrale del Livenza attraverso un canale lungo 395 metri e successiva condotta forzata in calcestruzzo armato della lunghezza di 4.565 metri e con diametro di 3,80. In esercizio dal 1930 e situata all\u2019esterno presso Covolano di Sacile con sala macchine alla quota 21,55. Importante: \u201cLe acque sono scaricate nel Livenza a quota 13,50 mediante un canale della lunghezza di 70 metri, con obbligo di fornitura per uso irriguo al Consorzio di bonifica Brian. Ha cos\u00ec termine la utilizzazione del Piave ad opera degli impianti del sistema nord-orientale\u201d. E concludiamo con il posto di teleconduzione di Polpet di Ponte nelle Alpi dal quale saranno telecondotti con apparecchiature computerizzate tutti gli impianti idroelettrici del sistema di cui ci siamo occupati. Viene sottolineato che \u201cLa soluzione del telecomando tipo \u2018da punto a punto\u2019 valida per il passato, non risulta pi\u00f9 compatibile con lo sviluppo del sistema elettrico dell\u2019Enel, n\u00e9 consente di conseguire a pieno gli obiettivi di sicurezza, che il nuovo sistema del controllo della produzione e trasmissione (Scpt) \u00e8 in grado di realizzare. Il Posto di teleconduzione \u00e8 stato concepito per costituire il terzo livello gerarchico dello \u201cScpt\u201d, dopo il Centro nazionale di controllo e i Ripartitori di controllo del carico.<\/p>\n\n\t\t\t<style type='text\/css'>\n\t\t\t\t#gallery-4 {\n\t\t\t\t\tmargin: auto;\n\t\t\t\t}\n\t\t\t\t#gallery-4 .gallery-item {\n\t\t\t\t\tfloat: left;\n\t\t\t\t\tmargin-top: 10px;\n\t\t\t\t\ttext-align: center;\n\t\t\t\t\twidth: 16%;\n\t\t\t\t}\n\t\t\t\t#gallery-4 img {\n\t\t\t\t\tborder: 2px solid #cfcfcf;\n\t\t\t\t}\n\t\t\t\t#gallery-4 .gallery-caption {\n\t\t\t\t\tmargin-left: 0;\n\t\t\t\t}\n\t\t\t\t\/* see gallery_shortcode() in wp-includes\/media.php *\/\n\t\t\t<\/style>\n\t\t<div id='gallery-4' class='dt-gallery-container gallery galleryid-250966 gallery-columns-6 gallery-size-thumbnail'><dl class='gallery-item'>\n\t\t\t\t<dt class='gallery-icon landscape'>\n\t\t\t\t\t<a class=\"rollover rollover-zoom dt-pswp-item\" title=\"267701433_249267600647541_5729041311089149195_n\" data-dt-img-description=\"\" data-large_image_width=\"279\" data-large_image_height=\"206\"href='https:\/\/www.radiopiu.net\/wordpress\/wp-content\/uploads\/2021\/12\/267701433_249267600647541_5729041311089149195_n.jpg'><img loading=\"lazy\" decoding=\"async\" width=\"150\" height=\"150\" src=\"https:\/\/www.radiopiu.net\/wordpress\/wp-content\/uploads\/2021\/12\/267701433_249267600647541_5729041311089149195_n-150x150.jpg\" class=\"attachment-thumbnail size-thumbnail\" alt=\"\" \/><\/a>\n\t\t\t\t<\/dt><\/dl><dl class='gallery-item'>\n\t\t\t\t<dt class='gallery-icon landscape'>\n\t\t\t\t\t<a class=\"rollover rollover-zoom dt-pswp-item\" title=\"270243728_242502297962901_489117130269943625_n\" data-dt-img-description=\"\" data-large_image_width=\"290\" data-large_image_height=\"206\"href='https:\/\/www.radiopiu.net\/wordpress\/wp-content\/uploads\/2021\/12\/270243728_242502297962901_489117130269943625_n.jpg'><img loading=\"lazy\" decoding=\"async\" width=\"150\" height=\"150\" src=\"https:\/\/www.radiopiu.net\/wordpress\/wp-content\/uploads\/2021\/12\/270243728_242502297962901_489117130269943625_n-150x150.jpg\" class=\"attachment-thumbnail size-thumbnail\" alt=\"\" \/><\/a>\n\t\t\t\t<\/dt><\/dl><dl class='gallery-item'>\n\t\t\t\t<dt class='gallery-icon landscape'>\n\t\t\t\t\t<a class=\"rollover rollover-zoom dt-pswp-item\" title=\"267766075_475967114133438_5900655452882833317_n\" data-dt-img-description=\"\" data-large_image_width=\"320\" data-large_image_height=\"201\"href='https:\/\/www.radiopiu.net\/wordpress\/wp-content\/uploads\/2021\/12\/267766075_475967114133438_5900655452882833317_n.jpg'><img loading=\"lazy\" decoding=\"async\" width=\"150\" height=\"150\" src=\"https:\/\/www.radiopiu.net\/wordpress\/wp-content\/uploads\/2021\/12\/267766075_475967114133438_5900655452882833317_n-150x150.jpg\" class=\"attachment-thumbnail size-thumbnail\" alt=\"\" \/><\/a>\n\t\t\t\t<\/dt><\/dl><dl class='gallery-item'>\n\t\t\t\t<dt class='gallery-icon landscape'>\n\t\t\t\t\t<a class=\"rollover rollover-zoom dt-pswp-item\" title=\"269843647_629998558426703_577584499752939121_n\" data-dt-img-description=\"\" data-large_image_width=\"296\" data-large_image_height=\"199\"href='https:\/\/www.radiopiu.net\/wordpress\/wp-content\/uploads\/2021\/12\/269843647_629998558426703_577584499752939121_n.jpg'><img loading=\"lazy\" decoding=\"async\" width=\"150\" height=\"150\" src=\"https:\/\/www.radiopiu.net\/wordpress\/wp-content\/uploads\/2021\/12\/269843647_629998558426703_577584499752939121_n-150x150.jpg\" class=\"attachment-thumbnail size-thumbnail\" alt=\"\" \/><\/a>\n\t\t\t\t<\/dt><\/dl><dl class='gallery-item'>\n\t\t\t\t<dt class='gallery-icon landscape'>\n\t\t\t\t\t<a class=\"rollover rollover-zoom dt-pswp-item\" title=\"269866301_306611038048157_5201157721213992748_n\" data-dt-img-description=\"\" data-large_image_width=\"348\" data-large_image_height=\"206\"href='https:\/\/www.radiopiu.net\/wordpress\/wp-content\/uploads\/2021\/12\/269866301_306611038048157_5201157721213992748_n.jpg'><img loading=\"lazy\" decoding=\"async\" width=\"150\" height=\"150\" src=\"https:\/\/www.radiopiu.net\/wordpress\/wp-content\/uploads\/2021\/12\/269866301_306611038048157_5201157721213992748_n-150x150.jpg\" class=\"attachment-thumbnail size-thumbnail\" alt=\"\" \/><\/a>\n\t\t\t\t<\/dt><\/dl><dl class='gallery-item'>\n\t\t\t\t<dt class='gallery-icon landscape'>\n\t\t\t\t\t<a class=\"rollover rollover-zoom dt-pswp-item\" title=\"269932441_241182958156656_4159005539515420249_n\" data-dt-img-description=\"\" data-large_image_width=\"389\" data-large_image_height=\"206\"href='https:\/\/www.radiopiu.net\/wordpress\/wp-content\/uploads\/2021\/12\/269932441_241182958156656_4159005539515420249_n.jpg'><img loading=\"lazy\" decoding=\"async\" width=\"150\" height=\"150\" src=\"https:\/\/www.radiopiu.net\/wordpress\/wp-content\/uploads\/2021\/12\/269932441_241182958156656_4159005539515420249_n-150x150.jpg\" class=\"attachment-thumbnail size-thumbnail\" alt=\"\" \/><\/a>\n\t\t\t\t<\/dt><\/dl><br style=\"clear: both\" \/><dl class='gallery-item'>\n\t\t\t\t<dt class='gallery-icon landscape'>\n\t\t\t\t\t<a class=\"rollover rollover-zoom dt-pswp-item\" title=\"270015939_235306378750697_6350603893487622463_n\" data-dt-img-description=\"\" data-large_image_width=\"348\" data-large_image_height=\"206\"href='https:\/\/www.radiopiu.net\/wordpress\/wp-content\/uploads\/2021\/12\/270015939_235306378750697_6350603893487622463_n.jpg'><img loading=\"lazy\" decoding=\"async\" width=\"150\" height=\"150\" src=\"https:\/\/www.radiopiu.net\/wordpress\/wp-content\/uploads\/2021\/12\/270015939_235306378750697_6350603893487622463_n-150x150.jpg\" class=\"attachment-thumbnail size-thumbnail\" alt=\"\" \/><\/a>\n\t\t\t\t<\/dt><\/dl><dl class='gallery-item'>\n\t\t\t\t<dt class='gallery-icon landscape'>\n\t\t\t\t\t<a class=\"rollover rollover-zoom dt-pswp-item\" title=\"270085715_999194090696435_5812291252510887704_n\" data-dt-img-description=\"\" data-large_image_width=\"640\" data-large_image_height=\"204\"href='https:\/\/www.radiopiu.net\/wordpress\/wp-content\/uploads\/2021\/12\/270085715_999194090696435_5812291252510887704_n.jpg'><img loading=\"lazy\" decoding=\"async\" width=\"150\" height=\"150\" src=\"https:\/\/www.radiopiu.net\/wordpress\/wp-content\/uploads\/2021\/12\/270085715_999194090696435_5812291252510887704_n-150x150.jpg\" class=\"attachment-thumbnail size-thumbnail\" alt=\"\" \/><\/a>\n\t\t\t\t<\/dt><\/dl><dl class='gallery-item'>\n\t\t\t\t<dt class='gallery-icon landscape'>\n\t\t\t\t\t<a class=\"rollover rollover-zoom dt-pswp-item\" title=\"267623815_449776109936262_9055880723291309136_n\" data-dt-img-description=\"\" data-large_image_width=\"570\" data-large_image_height=\"206\"href='https:\/\/www.radiopiu.net\/wordpress\/wp-content\/uploads\/2021\/12\/267623815_449776109936262_9055880723291309136_n.jpg'><img loading=\"lazy\" decoding=\"async\" width=\"150\" height=\"150\" src=\"https:\/\/www.radiopiu.net\/wordpress\/wp-content\/uploads\/2021\/12\/267623815_449776109936262_9055880723291309136_n-150x150.jpg\" class=\"attachment-thumbnail size-thumbnail\" alt=\"\" \/><\/a>\n\t\t\t\t<\/dt><\/dl><dl class='gallery-item'>\n\t\t\t\t<dt class='gallery-icon landscape'>\n\t\t\t\t\t<a class=\"rollover rollover-zoom dt-pswp-item\" title=\"270690485_427539625739089_7428623863155666683_n\" data-dt-img-description=\"\" data-large_image_width=\"280\" data-large_image_height=\"204\"href='https:\/\/www.radiopiu.net\/wordpress\/wp-content\/uploads\/2021\/12\/270690485_427539625739089_7428623863155666683_n.jpg'><img loading=\"lazy\" decoding=\"async\" width=\"150\" height=\"150\" src=\"https:\/\/www.radiopiu.net\/wordpress\/wp-content\/uploads\/2021\/12\/270690485_427539625739089_7428623863155666683_n-150x150.jpg\" class=\"attachment-thumbnail size-thumbnail\" alt=\"\" \/><\/a>\n\t\t\t\t<\/dt><\/dl><dl class='gallery-item'>\n\t\t\t\t<dt class='gallery-icon landscape'>\n\t\t\t\t\t<a class=\"rollover rollover-zoom dt-pswp-item\" title=\"268842683_646180786518060_6968804746563200428_n\" data-dt-img-description=\"\" data-large_image_width=\"296\" data-large_image_height=\"201\"href='https:\/\/www.radiopiu.net\/wordpress\/wp-content\/uploads\/2021\/12\/268842683_646180786518060_6968804746563200428_n.jpg'><img loading=\"lazy\" decoding=\"async\" width=\"150\" height=\"150\" src=\"https:\/\/www.radiopiu.net\/wordpress\/wp-content\/uploads\/2021\/12\/268842683_646180786518060_6968804746563200428_n-150x150.jpg\" class=\"attachment-thumbnail size-thumbnail\" alt=\"\" \/><\/a>\n\t\t\t\t<\/dt><\/dl><dl class='gallery-item'>\n\t\t\t\t<dt class='gallery-icon landscape'>\n\t\t\t\t\t<a class=\"rollover rollover-zoom dt-pswp-item\" title=\"270019238_446689910434513_2422260781545086253_n\" data-dt-img-description=\"\" data-large_image_width=\"221\" data-large_image_height=\"206\"href='https:\/\/www.radiopiu.net\/wordpress\/wp-content\/uploads\/2021\/12\/270019238_446689910434513_2422260781545086253_n.jpg'><img loading=\"lazy\" decoding=\"async\" width=\"150\" height=\"150\" src=\"https:\/\/www.radiopiu.net\/wordpress\/wp-content\/uploads\/2021\/12\/270019238_446689910434513_2422260781545086253_n-150x150.jpg\" class=\"attachment-thumbnail size-thumbnail\" alt=\"\" \/><\/a>\n\t\t\t\t<\/dt><\/dl><br style=\"clear: both\" \/><dl class='gallery-item'>\n\t\t\t\t<dt class='gallery-icon landscape'>\n\t\t\t\t\t<a class=\"rollover rollover-zoom dt-pswp-item\" title=\"269954593_296611425741674_3930840129694823929_n\" data-dt-img-description=\"\" data-large_image_width=\"280\" data-large_image_height=\"201\"href='https:\/\/www.radiopiu.net\/wordpress\/wp-content\/uploads\/2021\/12\/269954593_296611425741674_3930840129694823929_n.jpg'><img loading=\"lazy\" decoding=\"async\" width=\"150\" height=\"150\" src=\"https:\/\/www.radiopiu.net\/wordpress\/wp-content\/uploads\/2021\/12\/269954593_296611425741674_3930840129694823929_n-150x150.jpg\" class=\"attachment-thumbnail size-thumbnail\" alt=\"\" \/><\/a>\n\t\t\t\t<\/dt><\/dl><dl class='gallery-item'>\n\t\t\t\t<dt class='gallery-icon landscape'>\n\t\t\t\t\t<a class=\"rollover rollover-zoom dt-pswp-item\" title=\"271045428_441385417453937_3324837908119261346_n\" data-dt-img-description=\"\" data-large_image_width=\"666\" data-large_image_height=\"206\"href='https:\/\/www.radiopiu.net\/wordpress\/wp-content\/uploads\/2021\/12\/271045428_441385417453937_3324837908119261346_n.jpg'><img loading=\"lazy\" decoding=\"async\" width=\"150\" height=\"150\" src=\"https:\/\/www.radiopiu.net\/wordpress\/wp-content\/uploads\/2021\/12\/271045428_441385417453937_3324837908119261346_n-150x150.jpg\" class=\"attachment-thumbnail size-thumbnail\" alt=\"\" \/><\/a>\n\t\t\t\t<\/dt><\/dl><dl class='gallery-item'>\n\t\t\t\t<dt class='gallery-icon landscape'>\n\t\t\t\t\t<a class=\"rollover rollover-zoom dt-pswp-item\" title=\"269951714_658018115610808_5713154539464850769_n\" data-dt-img-description=\"\" data-large_image_width=\"640\" data-large_image_height=\"206\"href='https:\/\/www.radiopiu.net\/wordpress\/wp-content\/uploads\/2021\/12\/269951714_658018115610808_5713154539464850769_n.jpg'><img loading=\"lazy\" decoding=\"async\" width=\"150\" height=\"150\" src=\"https:\/\/www.radiopiu.net\/wordpress\/wp-content\/uploads\/2021\/12\/269951714_658018115610808_5713154539464850769_n-150x150.jpg\" class=\"attachment-thumbnail size-thumbnail\" alt=\"\" \/><\/a>\n\t\t\t\t<\/dt><\/dl><dl class='gallery-item'>\n\t\t\t\t<dt class='gallery-icon landscape'>\n\t\t\t\t\t<a class=\"rollover rollover-zoom dt-pswp-item\" title=\"269855323_213563177616419_6314468532182518018_n\" data-dt-img-description=\"\" data-large_image_width=\"276\" data-large_image_height=\"206\"href='https:\/\/www.radiopiu.net\/wordpress\/wp-content\/uploads\/2021\/12\/269855323_213563177616419_6314468532182518018_n.jpg'><img loading=\"lazy\" decoding=\"async\" width=\"150\" height=\"150\" src=\"https:\/\/www.radiopiu.net\/wordpress\/wp-content\/uploads\/2021\/12\/269855323_213563177616419_6314468532182518018_n-150x150.jpg\" class=\"attachment-thumbnail size-thumbnail\" alt=\"\" \/><\/a>\n\t\t\t\t<\/dt><\/dl><dl class='gallery-item'>\n\t\t\t\t<dt class='gallery-icon landscape'>\n\t\t\t\t\t<a class=\"rollover rollover-zoom dt-pswp-item\" title=\"269602640_981049842493279_3286924860981969295_n\" data-dt-img-description=\"\" data-large_image_width=\"235\" data-large_image_height=\"201\"href='https:\/\/www.radiopiu.net\/wordpress\/wp-content\/uploads\/2021\/12\/269602640_981049842493279_3286924860981969295_n.jpg'><img loading=\"lazy\" decoding=\"async\" width=\"150\" height=\"150\" src=\"https:\/\/www.radiopiu.net\/wordpress\/wp-content\/uploads\/2021\/12\/269602640_981049842493279_3286924860981969295_n-150x150.jpg\" class=\"attachment-thumbnail size-thumbnail\" alt=\"\" \/><\/a>\n\t\t\t\t<\/dt><\/dl>\n\t\t\t\t<br style='clear: both' \/>\n\t\t\t<\/div>\n\n<p>NELLE FOTO (riproduzioni dal libro \u201cImpianti del Piave. Sistema nord-orientale\u201d): due panoramiche della derivazione Piave-Santa Croce; il lago di Santa Croce in territorio di Farra d\u2019Alpago; la centrale di Fadalto; tre scorci interni della centrale; le centrali di Nove; interni dell\u2019impianto; quelle di San Floriano; panoramica di San Floriano con la sua impiantistica; panoramica ed interno della centrale di Castelletto; canale Castelletto-Nervesa; due panoramiche delle centrali di Caneva; esterno ed interno di quella del Livenza; il posto di teleconduzione di Polpet di Ponte nelle Alpi.<\/p>\n<p>&nbsp;<\/p>\n<p>&nbsp;<\/p>\n<hr \/>\n<p>&nbsp;<\/p>\n<blockquote>\n<h3>L&#8217;UNIONE MONTANA FELTRINA APRE DUE BANDI<\/h3>\n<\/blockquote>\n<p><strong>FELTRE<\/strong> Sono due i bandi aperti dall&#8217;Unione Montana Feltrina. \u00c8 indetto un concorso pubblico per l&#8217;assunzione a tempo parziale (25 ore) ed indeterminato di un collaboratore amministrativo categoria giuridica B (posizione economica B3) presso l\u2019area amministrativa \u2013 finanziaria del Comune di Sovramonte (BL). Termine di scadenza per la presentazione delle domande ore 12:00 del 17\/02\/2022. E\u0300 indetto un concorso pubblico per soli esami per l&#8217;assunzione a tempo pieno e indeterminato un Istruttore Direttivo Area Tecnica (cat. D1) presso il comune di Fonzaso (BL). Termine di scadenza per la presentazione delle domande ore 12:00 del 17\/02\/2022. Le domande di partecipazione dovranno essere presentate tramite apposita piattaforma dell&#8217;Unione Montana Feltrina secondo le modalita\u0300 e i termini indicati nel bando. Le modalita\u0300&#8217; e i requisiti di partecipazione sono disponibili presso l\u2019ufficio del personale dell&#8217;Unione Montana Feltrina in via C. Rizzarda, 21 a Feltre (BL) (tel 0439.310259) e sul sito istituzionale dell&#8217;ente all&#8217;indirizzo: http:\/\/www.feltrino.bl.it\/web\/cmfeltrina nella sezione \u201cBandi di Concorso\u201d.<\/p>\n<p>&nbsp;<\/p>\n<p>&nbsp;<\/p>\n<hr \/>\n<p>&nbsp;<\/p>\n<blockquote>\n<h3>IL CEIS CERCA UN OPERATORE SOCIO SANITARIO A BELLUNO<\/h3>\n<\/blockquote>\n<p><strong>BELLUNO <\/strong>Rinviata al 15 febbraio 2022 la selezione per il corso Operatore Socio Sanitario.\u00a0 L\u2019Operatore Socio Sanitario \u00e8 una figura professionale regolata dalla L.R. n. 20 del 2001, si occupa di soddisfare i bisogni primari di persone in disagio, difficolt\u00e0 e malattia ospiti o in carico a Servizi Socio- Sanitari pubblici e privati. Chi sente e pensa che potrebbe essere la strada professionale giusta, per collocarsi o ricollocarsi lavorativamente pu\u00f2 accedere, previa iscrizione, alla selezione prevista per il 15\/02\/2022 alle ore 8.30, a Belluno presso il Ce.I.S. La selezione \u00e8 obbligatoria per poter iscriversi al corso. Per ogni informazione rivolgersi all\u2019Ente di Formazione di Ce.I.S. al telefono: 0437 950895 \u2013 mail: <a href=\"mailto:info@ceisbelluno.org\">info@ceisbelluno.org<\/a>. Ulteriori informazioni anche su: <a href=\"http:\/\/www.ceisbelluno.org\">www.ceisbelluno.org<\/a><\/p>\n<p>&nbsp;<\/p>\n<p>&nbsp;<\/p>\n<hr \/>\n<p>&nbsp;<\/p>\n<blockquote>\n<h3>TEATRO E STORIA A SOSPIROLO A CAVALLO TRA IL 2021 E IL 2022<\/h3>\n<\/blockquote>\n<p><strong><a href=\"https:\/\/www.radiopiu.net\/wordpress\/giornale-radiopiu-28-dicembre-2021-direttore-mirko-mezzacasa\/om-selvarech_franco-fiabane\/\" rel=\"attachment wp-att-250457\"><img loading=\"lazy\" decoding=\"async\" class=\" wp-image-250457 alignleft\" src=\"https:\/\/www.radiopiu.net\/wordpress\/wp-content\/uploads\/2021\/12\/om-selvarech_franco-fiabane-213x300.jpg\" alt=\"\" width=\"81\" height=\"114\" srcset=\"https:\/\/www.radiopiu.net\/wordpress\/wp-content\/uploads\/2021\/12\/om-selvarech_franco-fiabane-213x300.jpg 213w, https:\/\/www.radiopiu.net\/wordpress\/wp-content\/uploads\/2021\/12\/om-selvarech_franco-fiabane-727x1024.jpg 727w, https:\/\/www.radiopiu.net\/wordpress\/wp-content\/uploads\/2021\/12\/om-selvarech_franco-fiabane-768x1081.jpg 768w, https:\/\/www.radiopiu.net\/wordpress\/wp-content\/uploads\/2021\/12\/om-selvarech_franco-fiabane-1091x1536.jpg 1091w, https:\/\/www.radiopiu.net\/wordpress\/wp-content\/uploads\/2021\/12\/om-selvarech_franco-fiabane-1455x2048.jpg 1455w, https:\/\/www.radiopiu.net\/wordpress\/wp-content\/uploads\/2021\/12\/om-selvarech_franco-fiabane-scaled.jpg 1819w\" sizes=\"auto, (max-width: 81px) 100vw, 81px\" \/><\/a>SOSPIROLO <\/strong>Appuntamento di inizio 2022 in compagnia della Pro loco \u201cMonti del Sole\u201d di Sospirolo. Domenica 2 gennaio, alle 15.30 al Centro civico di Sospirolo, vi sar\u00e0 invece un omaggio a Franco Fiabane nell\u2019appuntamento &#8220;A fil\u00f2 con gli amici dell&#8217;artista&#8221; che vedr\u00e0 la conduzione di Dino Bridda attraverso i ricordi di chi ha conosciuto questo celebre artista bellunese. Alla serata collaborano Claudio Bernardi e il Gruppo Folk de Poi con una canzone sul tema dell\u2019Om Selvarech<\/p>\n<p>&nbsp;<\/p>\n<p>&nbsp;<\/p>\n<hr \/>\n<p>&nbsp;<\/p>\n<blockquote>\n<h3>IL CONCERTO DELLA FILARMONICA DI BELLUNO AL TEATRO COMUNALE<\/h3>\n<\/blockquote>\n<p><strong>BELLUNO<\/strong> Si terr\u00e0 mercoled\u00ec alle 20:45 al Teatro Comunale di Belluno il tradizionale concerto di gala offerto dalla Filarmonica di Belluno in occasione dell&#8217;Epifania. Concerto interamente dedicato all&#8217;affascinante e suggestiva tematica dei quattro elementi della natura\u00a0 &#8211;\u00a0\u00a0terra, acqua, aria e fuoco &#8211; in cui la Filarmonica di Belluno si esibir\u00e0 in un programma composto quasi interamente da musica originale per orchestra di fiati. Dirigono i maestri Sandro De Marchi e Andrea Gasperin. Ingresso gratuito con prenotazione obbligatoria:\u00a0<a href=\"https:\/\/www.eventbrite.it\/e\/biglietti-larmonia-dei-quattro-elementi-concerto-di-gala-228220452517\">https:\/\/www.eventbrite.it\/e\/biglietti-larmonia-dei-quattro-elementi-concerto-di-gala-228220452517 <\/a>Accesso con Green Pass rafforzato. Obbligo di mascherina FFP2.<\/p>\n<p>&nbsp;<\/p>\n<p>&nbsp;<\/p>\n<hr \/>\n<p>&nbsp;<\/p>\n<blockquote>\n<h3><strong>A SANTA GIUSTINA LA CULTURA APRE IL 2022 CON LA MULTIVISIONE <\/strong><\/h3>\n<\/blockquote>\n<p><strong>SANTA GIUSTINA\u00a0 <\/strong>L\u2019Assessorato alla Cultura chiuder\u00e0 il trittico natalizio di eventi culturali con la proposta di una multivisione che si terr\u00e0 domenica prossima 2 gennaio alle 17.00 nella palestra delle scuole medie. La rassegna \u201cEmozioni e suggestioni\u201d fa parte della programmazione del Comune da quasi trent\u2019anni ed \u00e8 una delle iniziative pi\u00f9 seguite grazie anche alla qualit\u00e0 delle proiezioni che in molte edizioni sono state realizzate da Marco Polo Multivisioni e dal suo coordinatore Carlo De Agnoi. Per l\u2019accesso alla palestra \u00e8 richiesto il Super green pass. Nel frattempo al Centro Culturale, sede della Biblioteca civica, \u00e8 visitabile la mostra di bambole antiche che rimarr\u00e0 aperta fino al 6 gennaio, tutti i giorni dalle 15.00 alle 19.00, con la presenza costante del curatore Stefano Cassol.<\/p>\n<p>&nbsp;<\/p>\n<p>&nbsp;<\/p>\n<hr \/>\n<p>&nbsp;<\/p>\n<blockquote>\n<h3>LA BIBLIOTECA DI LIMANA CHIUDE PER IL NATALE<\/h3>\n<\/blockquote>\n<p><strong>LIMANA <\/strong>La Biblioteca di Limana sar\u00e0 chiusa al pubblico nelle due vigilie del 24 e del 31 dicembre. Rimarr\u00e0 chiusa anche dal 3 al 7 gennaio 2022.<\/p>\n<p>&nbsp;<\/p>\n<p>&nbsp;<\/p>\n<hr \/>\n<p>&nbsp;<\/p>\n<blockquote class=\"wp-embedded-content\" data-secret=\"f6XWi0abyh\"><p><a href=\"https:\/\/www.radiopiu.net\/wordpress\/luglio-1937-la-vergine-della-valle-di-piandison-sopra-voltago-agordino\/\">LUGLIO 1937 LA VERGINE DELLA VALLE DI PIANDISON, SOPRA VOLTAGO AGORDINO<\/a><\/p><\/blockquote>\n<p><iframe loading=\"lazy\" class=\"wp-embedded-content\" sandbox=\"allow-scripts\" security=\"restricted\" style=\"position: absolute; clip: rect(1px, 1px, 1px, 1px);\" title=\"&#8220;LUGLIO 1937 LA VERGINE DELLA VALLE DI PIANDISON, SOPRA VOLTAGO AGORDINO&#8221; &#8212; Radio Pi\u00f9\" src=\"https:\/\/www.radiopiu.net\/wordpress\/luglio-1937-la-vergine-della-valle-di-piandison-sopra-voltago-agordino\/embed\/#?secret=f6XWi0abyh\" data-secret=\"f6XWi0abyh\" width=\"600\" height=\"338\" frameborder=\"0\" marginwidth=\"0\" marginheight=\"0\" scrolling=\"no\"><\/iframe><\/p>\n<p>&nbsp;<\/p>\n<hr \/>\n<p>&nbsp;<\/p>\n<blockquote>\n<h3>L&#8217;ENNESIMO CAPOLAVORO DA CONSEGNARE ALLA STORIA DI LORIS SANTOMASO<\/h3>\n<\/blockquote>\n<p>&nbsp;<\/p>\n<p>&nbsp;<\/p>\n<p><strong>AGORDO<\/strong> E&#8217; in distribuzione il calendario agordino 2022 che mette in rilievo il grande lavoro del giornalista di Rivamonte Loris Santomaso, curatore del bollettino parrocchiale Echi di Agordo che appunto presenta il nuovo lunario. Il Calendario Agordino \u00e8 edito dalla Pieve Arcidiaconale di Agordo,\u00a0 hanno collaborato Franco e Nadia Murer, Dino Bridda, Don Fabiano Del Favero e Giuliana Da Ronc. Il Calendario \u00e8 dedicato all&#8217;artista e scultore di fama internazionale Augusto Murer, Gio Batta Tita Rossi linguista agordino di cui entrambi si ricorda il centenario della nascita essendo ambedue nati nel 1922 e del poeta dialettale Valerio Da Pos originario della frazione di Carfon in comune di Canale d&#8217;Agordo del quale si ricorda il bicentenario della morte avvenuta nel 1822.<\/p>\n\n\t\t\t<style type='text\/css'>\n\t\t\t\t#gallery-5 {\n\t\t\t\t\tmargin: auto;\n\t\t\t\t}\n\t\t\t\t#gallery-5 .gallery-item {\n\t\t\t\t\tfloat: left;\n\t\t\t\t\tmargin-top: 10px;\n\t\t\t\t\ttext-align: center;\n\t\t\t\t\twidth: 33%;\n\t\t\t\t}\n\t\t\t\t#gallery-5 img {\n\t\t\t\t\tborder: 2px solid #cfcfcf;\n\t\t\t\t}\n\t\t\t\t#gallery-5 .gallery-caption {\n\t\t\t\t\tmargin-left: 0;\n\t\t\t\t}\n\t\t\t\t\/* see gallery_shortcode() in wp-includes\/media.php *\/\n\t\t\t<\/style>\n\t\t<div id='gallery-5' class='dt-gallery-container gallery galleryid-250966 gallery-columns-3 gallery-size-thumbnail'><dl class='gallery-item'>\n\t\t\t\t<dt class='gallery-icon portrait'>\n\t\t\t\t\t<a class=\"rollover rollover-zoom dt-pswp-item\" title=\"1eadff48-e380-4081-a807-6b3cd664cc18\" data-dt-img-description=\"\" data-large_image_width=\"1080\" data-large_image_height=\"1920\"href='https:\/\/www.radiopiu.net\/wordpress\/wp-content\/uploads\/2021\/12\/1eadff48-e380-4081-a807-6b3cd664cc18.jpg'><img loading=\"lazy\" decoding=\"async\" width=\"150\" height=\"150\" src=\"https:\/\/www.radiopiu.net\/wordpress\/wp-content\/uploads\/2021\/12\/1eadff48-e380-4081-a807-6b3cd664cc18-150x150.jpg\" class=\"attachment-thumbnail size-thumbnail\" alt=\"\" \/><\/a>\n\t\t\t\t<\/dt><\/dl><dl class='gallery-item'>\n\t\t\t\t<dt class='gallery-icon landscape'>\n\t\t\t\t\t<a class=\"rollover rollover-zoom dt-pswp-item\" title=\"79784ffc-0dd9-45ec-8742-158092b0464c\" data-dt-img-description=\"\" data-large_image_width=\"1920\" data-large_image_height=\"1080\"href='https:\/\/www.radiopiu.net\/wordpress\/wp-content\/uploads\/2021\/12\/79784ffc-0dd9-45ec-8742-158092b0464c-e1640926352233.jpg'><img loading=\"lazy\" decoding=\"async\" width=\"150\" height=\"150\" src=\"https:\/\/www.radiopiu.net\/wordpress\/wp-content\/uploads\/2021\/12\/79784ffc-0dd9-45ec-8742-158092b0464c-e1640926352233-150x150.jpg\" class=\"attachment-thumbnail size-thumbnail\" alt=\"\" \/><\/a>\n\t\t\t\t<\/dt><\/dl><dl class='gallery-item'>\n\t\t\t\t<dt class='gallery-icon landscape'>\n\t\t\t\t\t<a class=\"rollover rollover-zoom dt-pswp-item\" title=\"4c4d8283-ec79-425c-9213-8f28decab6e7\" data-dt-img-description=\"\" data-large_image_width=\"1920\" data-large_image_height=\"1080\"href='https:\/\/www.radiopiu.net\/wordpress\/wp-content\/uploads\/2021\/12\/4c4d8283-ec79-425c-9213-8f28decab6e7-e1640926333691.jpg'><img loading=\"lazy\" decoding=\"async\" width=\"150\" height=\"150\" src=\"https:\/\/www.radiopiu.net\/wordpress\/wp-content\/uploads\/2021\/12\/4c4d8283-ec79-425c-9213-8f28decab6e7-e1640926333691-150x150.jpg\" class=\"attachment-thumbnail size-thumbnail\" alt=\"\" \/><\/a>\n\t\t\t\t<\/dt><\/dl><br style=\"clear: both\" \/>\n\t\t\t<\/div>\n\n<p>&nbsp;<\/p>\n<p>&nbsp;<\/p>\n<hr \/>\n<p>&nbsp;<\/p>\n<p><strong><a href=\"https:\/\/www.radiopiu.net\/wordpress\/giornale-radiopiu-31-dicembre-2021-direttore-mirko-mezzacasa\/8c24d014-5203-4708-ab91-9ced4c41821e\/\" rel=\"attachment wp-att-251267\"><img loading=\"lazy\" decoding=\"async\" class=\" wp-image-251267 alignleft\" src=\"https:\/\/www.radiopiu.net\/wordpress\/wp-content\/uploads\/2021\/12\/8c24d014-5203-4708-ab91-9ced4c41821e-169x300.jpg\" alt=\"\" width=\"139\" height=\"247\" srcset=\"https:\/\/www.radiopiu.net\/wordpress\/wp-content\/uploads\/2021\/12\/8c24d014-5203-4708-ab91-9ced4c41821e-169x300.jpg 169w, https:\/\/www.radiopiu.net\/wordpress\/wp-content\/uploads\/2021\/12\/8c24d014-5203-4708-ab91-9ced4c41821e-576x1024.jpg 576w, https:\/\/www.radiopiu.net\/wordpress\/wp-content\/uploads\/2021\/12\/8c24d014-5203-4708-ab91-9ced4c41821e-768x1366.jpg 768w, https:\/\/www.radiopiu.net\/wordpress\/wp-content\/uploads\/2021\/12\/8c24d014-5203-4708-ab91-9ced4c41821e-864x1536.jpg 864w, https:\/\/www.radiopiu.net\/wordpress\/wp-content\/uploads\/2021\/12\/8c24d014-5203-4708-ab91-9ced4c41821e.jpg 899w\" sizes=\"auto, (max-width: 139px) 100vw, 139px\" \/><\/a>&#8230;le fregole&#8230; di JOHN FRANCIS DELLA PIETRA<\/strong><\/p>\n<p>Encora sto d\u00ec<br \/>\nE dap\u00f2 l ann l \u00e8 fin\u00ec i<br \/>\nSe resta valch da d\u00ec<br \/>\nTason l\u00e0 e sciao<br \/>\nDa se content\u00e0<br \/>\nDe esse qua<br \/>\nGiusta el temp<br \/>\nPar en ringraziament<br \/>\nTra chest e chel<br \/>\nL \u00e8 stat el so burt el so bel<br \/>\nNo ston tant a cat\u00e0 qua<br \/>\nAdess l \u00e8 domai sgol\u00e0<br \/>\nA esse senzier<br \/>\nFursi podon lev\u00e0 el bicier<br \/>\nA ti a mi a el<br \/>\nA chi che ritz su l or del ziel<br \/>\nCala pian pian el busnor del fornel<br \/>\nDa inte el foc<br \/>\nL \u00e8 quasi destus\u00e0 manca poc<br \/>\nA una i coscritti ghe fa bela compagnia<br \/>\nDomilavintiun<br \/>\nSani e grazie e cos\u00ec sia&#8230;<\/p>\n<p>&nbsp;<\/p>\n<hr \/>\n<p>&nbsp;<\/p>\n<div>\n<div class=\"b654a4as d2edcug0\">\n<div class=\"rq0escxv hkbzh7o3 jwdofwj8 n8tt0mok r8blr3vg hyh9befq\">\n<p><a class=\"dt-pswp-item\" href=\"https:\/\/www.radiopiu.net\/wordpress\/wp-content\/uploads\/2020\/10\/pp.jpg\" data-dt-img-description=\"\" data-large_image_width=\"640\" data-large_image_height=\"640\"><img loading=\"lazy\" decoding=\"async\" class=\"wp-image-163678 alignleft\" src=\"https:\/\/www.radiopiu.net\/wordpress\/wp-content\/uploads\/2020\/10\/pp-300x300.jpg\" alt=\"\" width=\"106\" height=\"106\" srcset=\"https:\/\/www.radiopiu.net\/wordpress\/wp-content\/uploads\/2020\/10\/pp-300x300.jpg 300w, https:\/\/www.radiopiu.net\/wordpress\/wp-content\/uploads\/2020\/10\/pp-150x150.jpg 150w, https:\/\/www.radiopiu.net\/wordpress\/wp-content\/uploads\/2020\/10\/pp-125x125.jpg 125w, https:\/\/www.radiopiu.net\/wordpress\/wp-content\/uploads\/2020\/10\/pp-200x200.jpg 200w, https:\/\/www.radiopiu.net\/wordpress\/wp-content\/uploads\/2020\/10\/pp-80x80.jpg 80w, https:\/\/www.radiopiu.net\/wordpress\/wp-content\/uploads\/2020\/10\/pp-480x480.jpg 480w, https:\/\/www.radiopiu.net\/wordpress\/wp-content\/uploads\/2020\/10\/pp.jpg 640w\" sizes=\"auto, (max-width: 106px) 100vw, 106px\" \/><\/a><\/p>\n<\/div>\n<\/div>\n<\/div>\n<div>\n<div class=\"page-title-head hgroup\">\n<div class=\"page-title-head hgroup\">\n<div class=\"b654a4as d2edcug0\">\n<div class=\"j83agx80 btwxx1t3 lhclo0ds hop8lmos nkwizq5d scwd0bx6 roh60bw9\">\n<div class=\"rq0escxv hkbzh7o3 jwdofwj8 n8tt0mok r8blr3vg hyh9befq\">\n<div class=\"do00u71z l9j0dhe7 k4urcfbm\">\n<h2><span style=\"color: #000080;\">DON CESARE, IL PENSIERO DEL GIORNO. ALLA RADIO ALLE 7 DEL MATTINO E ALLE 19.30 DELLA SERA.\u00a0\u00a0<\/span><\/h2>\n<\/div>\n<div class=\"do00u71z l9j0dhe7 k4urcfbm\">\n<audio class=\"wp-audio-shortcode\" id=\"audio-250966-11\" preload=\"none\" style=\"width: 100%;\" controls=\"controls\"><source type=\"audio\/mpeg\" src=\"https:\/\/www.radiopiu.net\/wordpress\/wp-content\/uploads\/2021\/12\/cesare-15.mp3?_=11\" \/><a href=\"https:\/\/www.radiopiu.net\/wordpress\/wp-content\/uploads\/2021\/12\/cesare-15.mp3\">https:\/\/www.radiopiu.net\/wordpress\/wp-content\/uploads\/2021\/12\/cesare-15.mp3<\/a><\/audio>\n<p>&nbsp;<\/p>\n<p>&nbsp;<\/p>\n<hr \/>\n<p>&nbsp;<\/p>\n<p>&nbsp;<\/p>\n<blockquote class=\"wp-embedded-content\" data-secret=\"aB5mWCY8dx\"><p><a href=\"https:\/\/www.radiopiu.net\/wordpress\/sestadisei\/\">LA VALLE AGORDINA &#8211; 320 anni dalla BOA del 1701  RACCONTO IN SEI PARTI<\/a><\/p><\/blockquote>\n<p><iframe loading=\"lazy\" class=\"wp-embedded-content\" sandbox=\"allow-scripts\" security=\"restricted\" style=\"position: absolute; clip: rect(1px, 1px, 1px, 1px);\" title=\"&#8220;LA VALLE AGORDINA &#8211; 320 anni dalla BOA del 1701  RACCONTO IN SEI PARTI&#8221; &#8212; Radio Pi\u00f9\" src=\"https:\/\/www.radiopiu.net\/wordpress\/sestadisei\/embed\/#?secret=aB5mWCY8dx\" data-secret=\"aB5mWCY8dx\" width=\"600\" height=\"338\" frameborder=\"0\" marginwidth=\"0\" marginheight=\"0\" scrolling=\"no\"><\/iframe><\/p>\n<p>&nbsp;<\/p>\n<p>&nbsp;<\/p>\n<hr \/>\n<p>&nbsp;<\/p>\n<div>\n<div class=\"page-title-head hgroup\">\n<div class=\"page-title-head hgroup\">\n<div class=\"b654a4as d2edcug0\">\n<div class=\"j83agx80 btwxx1t3 lhclo0ds hop8lmos nkwizq5d scwd0bx6 roh60bw9\">\n<div class=\"rq0escxv hkbzh7o3 jwdofwj8 n8tt0mok r8blr3vg hyh9befq\">\n<div class=\"do00u71z l9j0dhe7 k4urcfbm\">\n<div class=\"ecm0bbzt e5nlhep0 a8c37x1j\">\n<div class=\"kvgmc6g5 cxmmr5t8 oygrvhab hcukyx3x c1et5uql\">\n<div class=\"gmail-kvgmc6g5 gmail-cxmmr5t8 gmail-oygrvhab gmail-hcukyx3x gmail-c1et5uql gmail-ii04i59q\">\n<div class=\"page-title-head hgroup\">\n<div class=\"page-title-head hgroup\">\n<div class=\"b654a4as d2edcug0\">\n<div class=\"j83agx80 btwxx1t3 lhclo0ds hop8lmos nkwizq5d scwd0bx6 roh60bw9\">\n<div class=\"rq0escxv hkbzh7o3 jwdofwj8 n8tt0mok r8blr3vg hyh9befq\">\n<div class=\"do00u71z l9j0dhe7 k4urcfbm\">\n<p>&nbsp;<\/p>\n<h3 class=\"kvgmc6g5 cxmmr5t8 oygrvhab hcukyx3x c1et5uql\"><span style=\"color: #0000ff;\"><strong>INFORMAZIONE il canale su TELEGRAM informazione di prima mano e in tempo reale. iscriviti ed aiutaci a farlo conoscere\u00a0\u00a0<\/strong><\/span><\/h3>\n<p>&nbsp;<\/p>\n<blockquote class=\"wp-embedded-content\" data-secret=\"R3OFsTxYLV\"><p><a href=\"https:\/\/www.radiopiu.net\/wordpress\/i-racconti-di-natale-di-luisa-alchini\/\">I racconti di Natale di Luisa Alchini<\/a><\/p><\/blockquote>\n<p><iframe loading=\"lazy\" class=\"wp-embedded-content\" sandbox=\"allow-scripts\" security=\"restricted\" style=\"position: absolute; clip: rect(1px, 1px, 1px, 1px);\" title=\"&#8220;I racconti di Natale di Luisa Alchini&#8221; &#8212; Radio Pi\u00f9\" src=\"https:\/\/www.radiopiu.net\/wordpress\/i-racconti-di-natale-di-luisa-alchini\/embed\/#?secret=R3OFsTxYLV\" data-secret=\"R3OFsTxYLV\" width=\"600\" height=\"338\" frameborder=\"0\" marginwidth=\"0\" marginheight=\"0\" scrolling=\"no\"><\/iframe><\/p>\n<p>&nbsp;<\/p>\n<p>&nbsp;<\/p>\n<hr \/>\n<blockquote>\n<h3><\/h3>\n<h3>IN VIVO VERSO, SETTIMA STAGIONE CON BRUNELLA MORO, DAL LUNEDI AL VENERDI ALLE 7.10, 10.10 E 18.50<\/h3>\n<h3>NON C&#8217;E&#8217; PIU&#8217; IL PROFUMO DELLE ROSE? di ALBERTO BARONI<\/h3>\n<p>AUDIO<\/p><\/blockquote>\n<audio class=\"wp-audio-shortcode\" id=\"audio-250966-12\" preload=\"none\" style=\"width: 100%;\" controls=\"controls\"><source type=\"audio\/mpeg\" src=\"https:\/\/www.radiopiu.net\/wordpress\/wp-content\/uploads\/2021\/12\/04-ALBERTO-BARONI-NON-C-E-PIU-IL-PROFUMO-DELLE-ROSE.mp3?_=12\" \/><a href=\"https:\/\/www.radiopiu.net\/wordpress\/wp-content\/uploads\/2021\/12\/04-ALBERTO-BARONI-NON-C-E-PIU-IL-PROFUMO-DELLE-ROSE.mp3\">https:\/\/www.radiopiu.net\/wordpress\/wp-content\/uploads\/2021\/12\/04-ALBERTO-BARONI-NON-C-E-PIU-IL-PROFUMO-DELLE-ROSE.mp3<\/a><\/audio>\n<h3><\/h3>\n<p><a href=\"https:\/\/www.radiopiu.net\/wordpress\/?attachment_id=250265\" rel=\"attachment wp-att-250265\"><img loading=\"lazy\" decoding=\"async\" class=\" wp-image-250265 alignleft\" src=\"https:\/\/www.radiopiu.net\/wordpress\/wp-content\/uploads\/2021\/12\/4-Alberto-Baroni-293x300.jpg\" alt=\"\" width=\"181\" height=\"185\" srcset=\"https:\/\/www.radiopiu.net\/wordpress\/wp-content\/uploads\/2021\/12\/4-Alberto-Baroni-293x300.jpg 293w, https:\/\/www.radiopiu.net\/wordpress\/wp-content\/uploads\/2021\/12\/4-Alberto-Baroni.jpg 750w\" sizes=\"auto, (max-width: 181px) 100vw, 181px\" \/><\/a>NON C&#8217;E&#8217; PIU&#8217; IL PROFUMO DELLE ROSE?<\/p>\n<p>In tempi antichi, freschi di pensieri,<br \/>\npi\u00f9 sostanza sembrava aver la vita<br \/>\nche oggi mentre ti volti \u00e8 gi\u00e0 sfiorita<br \/>\nnella fretta che porta via ogni cosa.<\/p>\n<p>Ancora addosso ho quelle ore liete,<br \/>\nfatte di spini e di odorose rose<br \/>\ndove ardevan nel nuovo focolare<br \/>\ndi speranza fiammate generose.<\/p>\n<p>Non c\u2019era ansia n\u00e9 tempo di apparire<br \/>\nnel forte intento di ricostruire<br \/>\nun mondo in pace con le sue stagioni.<\/p>\n<p>Oggi che il bello \u00e8 tutto ostentazione<br \/>\nsi compiange chi dice queste cose\u2026<br \/>\nma non c\u2019\u00e8 pi\u00f9 il profumo delle rose.<\/p>\n<p>&nbsp;<\/p>\n<p><strong>LA RACCOLTA COMPLETA\u00a0 \u00a0<\/strong><\/p>\n<blockquote class=\"wp-embedded-content\" data-secret=\"uc1dLli776\"><p><a href=\"https:\/\/www.radiopiu.net\/wordpress\/in-vivo-verso\/\">In Vivo Verso<\/a><\/p><\/blockquote>\n<p><iframe loading=\"lazy\" class=\"wp-embedded-content\" sandbox=\"allow-scripts\" security=\"restricted\" style=\"position: absolute; clip: rect(1px, 1px, 1px, 1px);\" title=\"&#8220;In Vivo Verso&#8221; &#8212; Radio Pi\u00f9\" src=\"https:\/\/www.radiopiu.net\/wordpress\/in-vivo-verso\/embed\/#?secret=uc1dLli776\" data-secret=\"uc1dLli776\" width=\"600\" height=\"338\" frameborder=\"0\" marginwidth=\"0\" marginheight=\"0\" scrolling=\"no\"><\/iframe><\/p>\n<p>&nbsp;<\/p>\n<p>&nbsp;<\/p>\n<hr \/>\n<p>&nbsp;<\/p>\n<p><span style=\"color: #0000ff;\">MUSICA PIU&#8217;\u00a0<\/span><\/p>\n<p><a href=\"https:\/\/www.radiopiu.net\/wordpress\/giornale-radiopiu-20-settembre-2021-direttore-mirko-mezzacasa\/pp-79\/\" rel=\"attachment wp-att-232921\"><img loading=\"lazy\" decoding=\"async\" class=\"wp-image-232921 alignleft\" src=\"https:\/\/www.radiopiu.net\/wordpress\/wp-content\/uploads\/2021\/09\/pp-1-300x300.jpg\" alt=\"\" width=\"135\" height=\"135\" srcset=\"https:\/\/www.radiopiu.net\/wordpress\/wp-content\/uploads\/2021\/09\/pp-1-300x300.jpg 300w, https:\/\/www.radiopiu.net\/wordpress\/wp-content\/uploads\/2021\/09\/pp-1-150x150.jpg 150w, https:\/\/www.radiopiu.net\/wordpress\/wp-content\/uploads\/2021\/09\/pp-1.jpg 640w\" sizes=\"auto, (max-width: 135px) 100vw, 135px\" \/><\/a><\/p>\n<div class=\"mkdf-post-text\">\n<div class=\"mkdf-post-text-inner\">\n<div class=\"mkdf-post-text-main\">\n<div class=\"mkdf-post-text\">\n<div class=\"mkdf-post-text-inner\">\n<div class=\"mkdf-post-text-main\">\n<div class=\"mkdf-post-text\">\n<div class=\"mkdf-post-text-inner\">\n<div class=\"mkdf-post-text-main\">\n<div class=\"page-title-head hgroup\">\n<div class=\"page-title-head hgroup\">\n<div class=\"mkdf-post-text\">\n<div class=\"mkdf-post-text-inner\">\n<div class=\"mkdf-post-text-main\">\n<div class=\"mkdf-post-text\">\n<div class=\"mkdf-post-text-inner\">\n<div class=\"mkdf-post-text-main\">\n<div class=\"page-title-head hgroup\">\n<div class=\"page-title-head hgroup\">\n<div class=\"page-title-head hgroup\">\n<div class=\"page-title-head hgroup\">\n<div class=\"b654a4as d2edcug0\">\n<div class=\"page-title-head hgroup\">\n<div class=\"page-title-head hgroup\">\n<div class=\"page-title-head hgroup\">\n<div class=\"page-title-head hgroup\">\n<div class=\"b654a4as d2edcug0\">\n<div class=\"page-title-head hgroup\">\n<div class=\"page-title-head hgroup\">\n<div class=\"page-title-head hgroup\">\n<div class=\"page-title-head hgroup\">\n<div class=\"b654a4as d2edcug0\">\n<div class=\"mkdf-post-text\">\n<div class=\"mkdf-post-text-inner\">\n<div class=\"mkdf-post-text-main\">\n<div class=\"mkdf-post-text\">\n<div class=\"mkdf-post-text-inner\">\n<div class=\"mkdf-post-text-main\">\n<div class=\"mkdf-post-text\">\n<div class=\"mkdf-post-text-inner\">\n<div class=\"mkdf-post-text-main\">\n<div class=\"page-title-head hgroup\">\n<div class=\"page-title-head hgroup\">\n<div class=\"mkdf-post-text\">\n<div class=\"mkdf-post-text-inner\">\n<div class=\"mkdf-post-text-main\">\n<div class=\"mkdf-post-text\">\n<div class=\"mkdf-post-text-inner\">\n<div class=\"mkdf-post-text-main\">\n<div class=\"page-title-head hgroup\">\n<div class=\"page-title-head hgroup\">\n<div class=\"page-title-head hgroup\">\n<div class=\"page-title-head hgroup\">\n<div class=\"b654a4as d2edcug0\">\n<div class=\"page-title-head hgroup\">\n<div class=\"page-title-head hgroup\">\n<div class=\"page-title-head hgroup\">\n<div class=\"page-title-head hgroup\">\n<div class=\"b654a4as d2edcug0\">\n<div class=\"page-title-head hgroup\">\n<div class=\"page-title-head hgroup\">\n<div class=\"page-title-head hgroup\">\n<div class=\"page-title-head hgroup\">\n<div class=\"b654a4as d2edcug0\">\n<div><\/div>\n<div><\/div>\n<div>\n<p><strong>MUSICA ALLA RADIO, IL PROGRAMMA DI LORIS SCUSSEL &#8220;COLLAGE OPERAZIONE NOSTALGIA&#8221; DAL LUNEDI AL VENERDI ALLE 16.00\u00a0 E ALLE 23\u00a0<\/strong><\/p>\n<\/div>\n<p>&nbsp;<\/p>\n<\/div>\n<\/div>\n<\/div>\n<\/div>\n<\/div>\n<\/div>\n<\/div>\n<\/div>\n<\/div>\n<\/div>\n<\/div>\n<\/div>\n<\/div>\n<\/div>\n<\/div>\n<\/div>\n<\/div>\n<\/div>\n<\/div>\n<\/div>\n<\/div>\n<\/div>\n<\/div>\n<\/div>\n<\/div>\n<\/div>\n<\/div>\n<\/div>\n<\/div>\n<\/div>\n<\/div>\n<\/div>\n<\/div>\n<\/div>\n<\/div>\n<\/div>\n<\/div>\n<\/div>\n<\/div>\n<\/div>\n<\/div>\n<\/div>\n<\/div>\n<\/div>\n<\/div>\n<\/div>\n<\/div>\n<\/div>\n<\/div>\n<\/div>\n<\/div>\n<\/div>\n<\/div>\n<\/div>\n<\/div>\n<\/div>\n<\/div>\n<\/div>\n<\/div>\n<\/div>\n<\/div>\n<\/div>\n<\/div>\n<\/div>\n<p><strong>PUNTATA 509<\/strong><\/p>\n<audio class=\"wp-audio-shortcode\" id=\"audio-250966-13\" preload=\"none\" style=\"width: 100%;\" controls=\"controls\"><source type=\"audio\/mpeg\" src=\"https:\/\/www.radiopiu.net\/wordpress\/wp-content\/uploads\/2021\/12\/Collage-509.mp3?_=13\" \/><a href=\"https:\/\/www.radiopiu.net\/wordpress\/wp-content\/uploads\/2021\/12\/Collage-509.mp3\">https:\/\/www.radiopiu.net\/wordpress\/wp-content\/uploads\/2021\/12\/Collage-509.mp3<\/a><\/audio>\n<p>&nbsp;<\/p>\n<hr \/>\n<p>&nbsp;<\/p>\n<p>&nbsp;<\/p>\n<blockquote class=\"wp-embedded-content\" data-secret=\"zejmA9n0wO\"><p><a href=\"https:\/\/www.radiopiu.net\/wordpress\/freemix-la-liberta-musicale-mixata-da-dj-athos-e-raccontata-da-dj-jack\/\">FREEMIX, LA LIBERTA&#8217; MUSICALE MIXATA DA DJ ATHOS E RACCONTATA DA DJ JACK<\/a><\/p><\/blockquote>\n<p><iframe loading=\"lazy\" class=\"wp-embedded-content\" sandbox=\"allow-scripts\" security=\"restricted\" style=\"position: absolute; clip: rect(1px, 1px, 1px, 1px);\" title=\"&#8220;FREEMIX, LA LIBERTA&#8217; MUSICALE MIXATA DA DJ ATHOS E RACCONTATA DA DJ JACK&#8221; &#8212; Radio Pi\u00f9\" src=\"https:\/\/www.radiopiu.net\/wordpress\/freemix-la-liberta-musicale-mixata-da-dj-athos-e-raccontata-da-dj-jack\/embed\/#?secret=zejmA9n0wO\" data-secret=\"zejmA9n0wO\" width=\"600\" height=\"338\" frameborder=\"0\" marginwidth=\"0\" marginheight=\"0\" scrolling=\"no\"><\/iframe><\/p>\n<p>&nbsp;<\/p>\n<blockquote class=\"wp-embedded-content\" data-secret=\"dldVUPUxXx\"><p><a href=\"https:\/\/www.radiopiu.net\/wordpress\/da-ieri-alla-radio-in-palinsesto-loris-e-maurizio-con-la-grande-musica\/\">IL BLUES ALLA RADIO &#8230; COME NON L&#8217;AVETE MAI SENTITO PRIMA<\/a><\/p><\/blockquote>\n<p><iframe loading=\"lazy\" class=\"wp-embedded-content\" sandbox=\"allow-scripts\" security=\"restricted\" style=\"position: absolute; clip: rect(1px, 1px, 1px, 1px);\" title=\"&#8220;IL BLUES ALLA RADIO &#8230; COME NON L&#8217;AVETE MAI SENTITO PRIMA&#8221; &#8212; Radio Pi\u00f9\" src=\"https:\/\/www.radiopiu.net\/wordpress\/da-ieri-alla-radio-in-palinsesto-loris-e-maurizio-con-la-grande-musica\/embed\/#?secret=dldVUPUxXx\" data-secret=\"dldVUPUxXx\" width=\"600\" height=\"338\" frameborder=\"0\" marginwidth=\"0\" marginheight=\"0\" scrolling=\"no\"><\/iframe><\/p>\n<p>&nbsp;<\/p>\n<hr \/>\n<p>&nbsp;<\/p>\n<blockquote>\n<h3><span style=\"color: #0000ff;\">INFORMAZIONE il canale su TELEGRAM informazione di prima mano e in tempo reale. iscriviti ed aiutaci a farlo conoscere\u00a0\u00a0<\/span><\/h3>\n<\/blockquote>\n<div>\n<div class=\"page-title-head hgroup\">\n<div class=\"page-title-head hgroup\">\n<div class=\"page-title-head hgroup\">\n<div class=\"page-title-head hgroup\">\n<div class=\"b654a4as d2edcug0\">\n<div class=\"page-title-head hgroup\">\n<div class=\"page-title-head hgroup\">\n<div class=\"page-title-head hgroup\">\n<div class=\"page-title-head hgroup\">\n<div class=\"b654a4as d2edcug0\">\n<div class=\"page-title-head hgroup\">\n<div class=\"page-title-head hgroup\">\n<div class=\"page-title-head hgroup\">\n<div class=\"page-title-head hgroup\">\n<div class=\"page-title-head hgroup\">\n<div class=\"page-title-head hgroup\">\n<div class=\"page-title-head hgroup\">\n<div class=\"page-title-head hgroup\">\n<div class=\"page-title-head hgroup\">\n<div class=\"b654a4as d2edcug0\">\n<div class=\"page-title-head hgroup\">\n<div class=\"page-title-head hgroup\">\n<div class=\"page-title-head hgroup\">\n<div class=\"page-title-head hgroup\">\n<div class=\"b654a4as d2edcug0\">\n<div>\n<p>&nbsp;<\/p>\n<\/div>\n<div>\n<div class=\"page-title-head hgroup\">\n<div class=\"page-title-head hgroup\">\n<div class=\"page-title-head hgroup\">\n<div class=\"page-title-head hgroup\">\n<div class=\"page-title-head hgroup\">\n<div class=\"b654a4as d2edcug0\">\n<div>\n<hr \/>\n<\/div>\n<\/div>\n<div>\n<div>\n<p>&nbsp;<\/p>\n<\/div>\n<div>\n<div>\n<p>&nbsp;<\/p>\n<\/div>\n<div>\n<div>\n<p><strong>DUE MINUTI UN LIBRO, TUTTI I GIORNI ALLA RADIO ALLE 9.40 E ALLE 17.50<\/strong><\/p>\n<div>\n<div>\n<p><strong>LA RACCOLTA COMPLETA\u00a0\u00a0<\/strong><\/p>\n<\/div>\n<div>\n<blockquote class=\"wp-embedded-content\" data-secret=\"VakXah5IAi\"><p><a href=\"https:\/\/www.radiopiu.net\/wordpress\/due-minuti-un-libro\/\">Due minuti un libro<\/a><\/p><\/blockquote>\n<p><iframe loading=\"lazy\" class=\"wp-embedded-content\" sandbox=\"allow-scripts\" security=\"restricted\" style=\"position: absolute; clip: rect(1px, 1px, 1px, 1px);\" title=\"&#8220;Due minuti un libro&#8221; &#8212; Radio Pi\u00f9\" src=\"https:\/\/www.radiopiu.net\/wordpress\/due-minuti-un-libro\/embed\/#?secret=VakXah5IAi\" data-secret=\"VakXah5IAi\" width=\"600\" height=\"338\" frameborder=\"0\" marginwidth=\"0\" marginheight=\"0\" scrolling=\"no\"><\/iframe><\/p>\n<\/div>\n<\/div>\n<\/div>\n<div class=\"mkdf-post-text\">\n<div class=\"mkdf-post-text-inner\">\n<div class=\"mkdf-post-text-main\">\n<div class=\"mkdf-post-text\">\n<div class=\"mkdf-post-text-inner\">\n<div class=\"mkdf-post-text-main\">\n<div class=\"mkdf-post-text\">\n<div class=\"mkdf-post-text-inner\">\n<div class=\"mkdf-post-text-main\">\n<div class=\"page-title-head hgroup\">\n<div class=\"page-title-head hgroup\">\n<div class=\"mkdf-post-text\">\n<div class=\"mkdf-post-text-inner\">\n<div class=\"mkdf-post-text-main\">\n<div class=\"mkdf-post-text\">\n<div class=\"mkdf-post-text-inner\">\n<div class=\"mkdf-post-text-main\">\n<div class=\"page-title-head hgroup\">\n<div class=\"page-title-head hgroup\">\n<div class=\"page-title-head hgroup\">\n<div class=\"page-title-head hgroup\">\n<div class=\"b654a4as d2edcug0\">\n<div class=\"page-title-head hgroup\">\n<div class=\"page-title-head hgroup\">\n<div class=\"page-title-head hgroup\">\n<div class=\"page-title-head hgroup\">\n<div class=\"b654a4as d2edcug0\">\n<div class=\"page-title-head hgroup\">\n<div class=\"page-title-head hgroup\">\n<div class=\"page-title-head hgroup\">\n<div class=\"page-title-head hgroup\">\n<div class=\"b654a4as d2edcug0\">\n<div>\n<p>&nbsp;<\/p>\n<\/div>\n<div>\n<hr \/>\n<p>&nbsp;<\/p>\n<\/div>\n<h2><span style=\"color: #808000;\">L&#8217;ALMANACCO LADINO\u00a0\u00a0<\/span><\/h2>\n<p><strong>LA RACCOLTA<\/strong><\/p>\n<blockquote class=\"wp-embedded-content\" data-secret=\"gfu1NaCoeJ\"><p><a href=\"https:\/\/www.radiopiu.net\/wordpress\/almanacco-ladino\/\">Almanacco Ladino<\/a><\/p><\/blockquote>\n<p><iframe loading=\"lazy\" class=\"wp-embedded-content\" sandbox=\"allow-scripts\" security=\"restricted\" style=\"position: absolute; clip: rect(1px, 1px, 1px, 1px);\" title=\"&#8220;Almanacco Ladino&#8221; &#8212; Radio Pi\u00f9\" src=\"https:\/\/www.radiopiu.net\/wordpress\/almanacco-ladino\/embed\/#?secret=gfu1NaCoeJ\" data-secret=\"gfu1NaCoeJ\" width=\"600\" height=\"338\" frameborder=\"0\" marginwidth=\"0\" marginheight=\"0\" scrolling=\"no\"><\/iframe><\/p>\n<p>&nbsp;<\/p>\n<hr \/>\n<p>&nbsp;<\/p>\n<h2><span style=\"color: #33cccc;\">LA RASSEGNA STAMPA DA L&#8217;AMICO DEL POPOLO<\/span><\/h2>\n<p><strong>LA RACCOLTA COMPLETA<\/strong><\/p>\n<blockquote class=\"wp-embedded-content\" data-secret=\"kfaOo0bTsh\"><p><a href=\"https:\/\/www.radiopiu.net\/wordpress\/rassegna-stampa-di-gianni-santomaso\/\">Rassegna stampa da l&#8217;amico del popolo &#8211; di Gianni Santomaso<\/a><\/p><\/blockquote>\n<p><iframe loading=\"lazy\" class=\"wp-embedded-content\" sandbox=\"allow-scripts\" security=\"restricted\" style=\"position: absolute; clip: rect(1px, 1px, 1px, 1px);\" title=\"&#8220;Rassegna stampa da l&#8217;amico del popolo &#8211; di Gianni Santomaso&#8221; &#8212; Radio Pi\u00f9\" src=\"https:\/\/www.radiopiu.net\/wordpress\/rassegna-stampa-di-gianni-santomaso\/embed\/#?secret=kfaOo0bTsh\" data-secret=\"kfaOo0bTsh\" width=\"600\" height=\"338\" frameborder=\"0\" marginwidth=\"0\" marginheight=\"0\" scrolling=\"no\"><\/iframe><\/p>\n<p>&nbsp;<\/p>\n<hr \/>\n<p>&nbsp;<\/p>\n<h2><span style=\"color: #800080;\">I RACCONTI DI PAOLO SOPPELSA\u00a0<\/span><\/h2>\n<p><strong>LA RACCOLTA COMPLETA<\/strong><\/p>\n<blockquote class=\"wp-embedded-content\" data-secret=\"CXpK6cFqEv\"><p><a href=\"https:\/\/www.radiopiu.net\/wordpress\/i-racconti-di-paolo-soppelsa\/\">I racconti di Paolo Soppelsa<\/a><\/p><\/blockquote>\n<p><iframe loading=\"lazy\" class=\"wp-embedded-content\" sandbox=\"allow-scripts\" security=\"restricted\" style=\"position: absolute; clip: rect(1px, 1px, 1px, 1px);\" title=\"&#8220;I racconti di Paolo Soppelsa&#8221; &#8212; Radio Pi\u00f9\" src=\"https:\/\/www.radiopiu.net\/wordpress\/i-racconti-di-paolo-soppelsa\/embed\/#?secret=CXpK6cFqEv\" data-secret=\"CXpK6cFqEv\" width=\"600\" height=\"338\" frameborder=\"0\" marginwidth=\"0\" marginheight=\"0\" scrolling=\"no\"><\/iframe><\/p>\n<p>&nbsp;<\/p>\n<hr \/>\n<\/div>\n<div class=\"b654a4as d2edcug0\">\n<p>&nbsp;<\/p>\n<p><a href=\"https:\/\/www.radiopiu.net\/wordpress\/giornale-radiopiu-26-settembre-2018-direttore-mirko-mezzacasa\/viabilita-2\/\" rel=\"attachment wp-att-61954\"><img loading=\"lazy\" decoding=\"async\" class=\"aligncenter wp-image-61954 size-full\" src=\"https:\/\/www.radiopiu.net\/wordpress\/wp-content\/uploads\/2018\/09\/viabilita.jpeg\" sizes=\"auto, (max-width: 800px) 100vw, 800px\" srcset=\"https:\/\/www.radiopiu.net\/wordpress\/wp-content\/uploads\/2018\/09\/viabilita.jpeg 800w, https:\/\/www.radiopiu.net\/wordpress\/wp-content\/uploads\/2018\/09\/viabilita-300x38.jpeg 300w, https:\/\/www.radiopiu.net\/wordpress\/wp-content\/uploads\/2018\/09\/viabilita-768x96.jpeg 768w\" alt=\"\" width=\"800\" height=\"100\" \/><\/a><\/p>\n<div class=\"ecm0bbzt e5nlhep0 a8c37x1j\">\n<div class=\"kvgmc6g5 cxmmr5t8 oygrvhab hcukyx3x c1et5uql\">\n<div class=\"gmail-kvgmc6g5 gmail-cxmmr5t8 gmail-oygrvhab gmail-hcukyx3x gmail-c1et5uql gmail-ii04i59q\">\n<div class=\"page-title-head hgroup\">\n<div class=\"page-title-head hgroup\">\n<div class=\"b654a4as d2edcug0\">\n<div class=\"j83agx80 btwxx1t3 lhclo0ds hop8lmos nkwizq5d scwd0bx6 roh60bw9\">\n<div class=\"rq0escxv hkbzh7o3 jwdofwj8 n8tt0mok r8blr3vg hyh9befq\">\n<div class=\"do00u71z l9j0dhe7 k4urcfbm\">\n<div class=\"page-title-head hgroup\">\n<div class=\"page-title-head hgroup\">\n<div class=\"page-title-head hgroup\">\n<div class=\"page-title-head hgroup\">\n<div class=\"b654a4as d2edcug0\">\n<div class=\"page-title-head hgroup\">\n<div class=\"page-title-head hgroup\">\n<div class=\"page-title-head hgroup\">\n<div class=\"page-title-head hgroup\">\n<div class=\"b654a4as d2edcug0\">\n<div class=\"page-title-head hgroup\">\n<div class=\"page-title-head hgroup\">\n<div class=\"page-title-head hgroup\">\n<div class=\"page-title-head hgroup\">\n<div class=\"page-title-head hgroup\">\n<div class=\"page-title-head hgroup\">\n<div class=\"page-title-head hgroup\">\n<div class=\"page-title-head hgroup\">\n<div class=\"page-title-head hgroup\">\n<div class=\"b654a4as d2edcug0\">\n<div class=\"page-title-head hgroup\">\n<div class=\"page-title-head hgroup\">\n<div class=\"page-title-head hgroup\">\n<div class=\"page-title-head hgroup\">\n<div class=\"b654a4as d2edcug0\">\n<div class=\"page-title-head hgroup\">\n<div class=\"page-title-head hgroup\">\n<div class=\"page-title-head hgroup\">\n<div class=\"page-title-head hgroup\">\n<div class=\"page-title-head hgroup\">\n<div class=\"mkdf-post-text\">\n<div class=\"mkdf-post-text-inner\">\n<div class=\"mkdf-post-text-main\">\n<div class=\"mkdf-post-text\">\n<div class=\"mkdf-post-text-inner\">\n<div class=\"mkdf-post-text-main\">\n<div class=\"mkdf-post-text\">\n<div class=\"mkdf-post-text-inner\">\n<div class=\"mkdf-post-text-main\">\n<div class=\"page-title-head hgroup\">\n<div class=\"page-title-head hgroup\">\n<div class=\"mkdf-post-text\">\n<div class=\"mkdf-post-text-inner\">\n<div class=\"mkdf-post-text-main\">\n<div class=\"mkdf-post-text\">\n<div class=\"mkdf-post-text-inner\">\n<div class=\"mkdf-post-text-main\">\n<div class=\"page-title-head hgroup\">\n<div class=\"page-title-head hgroup\">\n<div class=\"page-title-head hgroup\">\n<div class=\"page-title-head hgroup\">\n<div class=\"b654a4as d2edcug0\">\n<div class=\"page-title-head hgroup\">\n<div class=\"page-title-head hgroup\">\n<div class=\"page-title-head hgroup\">\n<div class=\"page-title-head hgroup\">\n<div class=\"b654a4as d2edcug0\">\n<div class=\"page-title-head hgroup\">\n<div class=\"page-title-head hgroup\">\n<div class=\"page-title-head hgroup\">\n<div class=\"page-title-head hgroup\">\n<div class=\"b654a4as d2edcug0\">\n<div class=\"chat-input\">\n<div class=\"chat-input-container\">\n<div class=\"rows-wrapper chat-input-wrapper\">\n<div class=\"reply-wrapper\">\n<div class=\"btn-menu\">\n<div class=\"btn-menu-item tgico-replace rp\">\n<div class=\"c-ripple\">\n<div class=\"bubbles scrolled-down\">\n<div class=\"scrollable scrollable-y\">\n<div class=\"bubbles-inner has-rights is-chat is-channel\">\n<div class=\"bubbles-date-group\">\n<div class=\"bubble hide-name is-out can-have-tail is-group-first is-group-last is-read\" data-mid=\"5377294335\" data-peer-id=\"-1478820725\" data-timestamp=\"1638437407\">\n<div class=\"bubble-content-wrapper\">\n<div class=\"bubble-content\">\n<p class=\"message\" dir=\"auto\"><strong>\u00a0<\/strong><\/p>\n<\/div>\n<\/div>\n<\/div>\n<\/div>\n<\/div>\n<\/div>\n<\/div>\n<\/div>\n<\/div>\n<\/div>\n<\/div>\n<\/div>\n<\/div>\n<\/div>\n<\/div>\n<\/div>\n<\/div>\n<\/div>\n<\/div>\n<\/div>\n<\/div>\n<\/div>\n<\/div>\n<\/div>\n<\/div>\n<\/div>\n<\/div>\n<\/div>\n<\/div>\n<\/div>\n<\/div>\n<\/div>\n<\/div>\n<\/div>\n<\/div>\n<\/div>\n<\/div>\n<\/div>\n<\/div>\n<\/div>\n<\/div>\n<\/div>\n<\/div>\n<\/div>\n<\/div>\n<\/div>\n<\/div>\n<\/div>\n<\/div>\n<\/div>\n<\/div>\n<\/div>\n<\/div>\n<\/div>\n<\/div>\n<\/div>\n<\/div>\n<\/div>\n<\/div>\n<\/div>\n<\/div>\n<\/div>\n<\/div>\n<\/div>\n<\/div>\n<\/div>\n<\/div>\n<\/div>\n<\/div>\n<\/div>\n<\/div>\n<\/div>\n<\/div>\n<\/div>\n<\/div>\n<\/div>\n<\/div>\n<\/div>\n<\/div>\n<\/div>\n<\/div>\n<\/div>\n<\/div>\n<\/div>\n<\/div>\n<\/div>\n<\/div>\n<\/div>\n<\/div>\n<\/div>\n<\/div>\n<\/div>\n<\/div>\n<\/div>\n<\/div>\n<\/div>\n<\/div>\n<\/div>\n<\/div>\n<\/div>\n<\/div>\n<\/div>\n<\/div>\n<\/div>\n<\/div>\n<\/div>\n<\/div>\n<\/div>\n<\/div>\n<\/div>\n<\/div>\n<\/div>\n<\/div>\n<\/div>\n<\/div>\n<\/div>\n<\/div>\n<\/div>\n<\/div>\n<\/div>\n<\/div>\n<\/div>\n<\/div>\n<\/div>\n<\/div>\n<\/div>\n<\/div>\n<\/div>\n<\/div>\n<\/div>\n<\/div>\n<\/div>\n<\/div>\n<\/div>\n<\/div>\n<\/div>\n<\/div>\n<\/div>\n<\/div>\n<\/div>\n<\/div>\n<\/div>\n<\/div>\n<\/div>\n<\/div>\n<\/div>\n<\/div>\n<\/div>\n<\/div>\n<\/div>\n<\/div>\n<\/div>\n<\/div>\n<\/div>\n<\/div>\n<\/div>\n<\/div>\n<\/div>\n<\/div>\n<\/div>\n<\/div>\n<\/div>\n<\/div>\n<\/div>\n<\/div>\n<\/div>\n<\/div>\n<\/div>\n<div>\n<div class=\"page-title-head hgroup\">\n<div class=\"page-title-head hgroup\">\n<div class=\"b654a4as d2edcug0\">\n<div class=\"j83agx80 btwxx1t3 lhclo0ds hop8lmos nkwizq5d scwd0bx6 roh60bw9\">\n<div class=\"rq0escxv hkbzh7o3 jwdofwj8 n8tt0mok r8blr3vg hyh9befq\">\n<div class=\"do00u71z l9j0dhe7 k4urcfbm\">\n<div class=\"ecm0bbzt e5nlhep0 a8c37x1j\">\n<div class=\"kvgmc6g5 cxmmr5t8 oygrvhab hcukyx3x c1et5uql\">\n<div class=\"gmail-kvgmc6g5 gmail-cxmmr5t8 gmail-oygrvhab gmail-hcukyx3x gmail-c1et5uql gmail-ii04i59q\">\n<div class=\"page-title-head hgroup\">\n<div class=\"page-title-head hgroup\">\n<div class=\"b654a4as d2edcug0\">\n<div class=\"j83agx80 btwxx1t3 lhclo0ds hop8lmos nkwizq5d scwd0bx6 roh60bw9\">\n<div class=\"rq0escxv hkbzh7o3 jwdofwj8 n8tt0mok r8blr3vg hyh9befq\">\n<div class=\"do00u71z l9j0dhe7 k4urcfbm\">\n<div class=\"page-title-head hgroup\">\n<div class=\"page-title-head hgroup\">\n<div class=\"page-title-head hgroup\">\n<div class=\"page-title-head hgroup\">\n<div class=\"b654a4as d2edcug0\">\n<div class=\"page-title-head hgroup\">\n<div class=\"page-title-head hgroup\">\n<div class=\"page-title-head hgroup\">\n<div class=\"page-title-head hgroup\">\n<div class=\"b654a4as d2edcug0\">\n<div class=\"page-title-head hgroup\">\n<div class=\"page-title-head hgroup\">\n<div class=\"page-title-head hgroup\">\n<div class=\"page-title-head hgroup\">\n<div class=\"page-title-head hgroup\">\n<div class=\"page-title-head hgroup\">\n<div class=\"page-title-head hgroup\">\n<div class=\"page-title-head hgroup\">\n<div class=\"page-title-head hgroup\">\n<div class=\"b654a4as d2edcug0\">\n<div class=\"page-title-head hgroup\">\n<div class=\"page-title-head hgroup\">\n<div class=\"page-title-head hgroup\">\n<div class=\"page-title-head hgroup\">\n<div class=\"b654a4as d2edcug0\">\n<div class=\"page-title-head hgroup\">\n<div class=\"page-title-head hgroup\">\n<div class=\"page-title-head hgroup\">\n<div class=\"page-title-head hgroup\">\n<div class=\"page-title-head hgroup\">\n<div class=\"mkdf-post-text\">\n<div class=\"mkdf-post-text-inner\">\n<div class=\"mkdf-post-text-main\">\n<div class=\"mkdf-post-text\">\n<div class=\"mkdf-post-text-inner\">\n<div class=\"mkdf-post-text-main\">\n<div class=\"mkdf-post-text\">\n<div class=\"mkdf-post-text-inner\">\n<div class=\"mkdf-post-text-main\">\n<div class=\"page-title-head hgroup\">\n<div class=\"page-title-head hgroup\">\n<div class=\"mkdf-post-text\">\n<div class=\"mkdf-post-text-inner\">\n<div class=\"mkdf-post-text-main\">\n<div class=\"mkdf-post-text\">\n<div class=\"mkdf-post-text-inner\">\n<div class=\"mkdf-post-text-main\">\n<div class=\"page-title-head hgroup\">\n<div class=\"page-title-head hgroup\">\n<div class=\"page-title-head hgroup\">\n<div class=\"page-title-head hgroup\">\n<div class=\"b654a4as d2edcug0\">\n<div class=\"page-title-head hgroup\">\n<div class=\"page-title-head hgroup\">\n<div class=\"page-title-head hgroup\">\n<div class=\"page-title-head hgroup\">\n<div class=\"b654a4as d2edcug0\">\n<div class=\"page-title-head hgroup\">\n<div class=\"page-title-head hgroup\">\n<div class=\"page-title-head hgroup\">\n<div class=\"page-title-head hgroup\">\n<div class=\"b654a4as d2edcug0\">\n<div class=\"ecm0bbzt e5nlhep0 a8c37x1j\">\n<div class=\"kvgmc6g5 cxmmr5t8 oygrvhab hcukyx3x c1et5uql\">\n<div class=\"gmail-kvgmc6g5 gmail-cxmmr5t8 gmail-oygrvhab gmail-hcukyx3x gmail-c1et5uql gmail-ii04i59q\">\n<div class=\"page-title-head hgroup\">\n<div class=\"page-title-head hgroup\">\n<div class=\"b654a4as d2edcug0\">\n<div class=\"j83agx80 btwxx1t3 lhclo0ds hop8lmos nkwizq5d scwd0bx6 roh60bw9\">\n<div class=\"rq0escxv hkbzh7o3 jwdofwj8 n8tt0mok r8blr3vg hyh9befq\">\n<div class=\"do00u71z l9j0dhe7 k4urcfbm\">\n<div class=\"page-title-head hgroup\">\n<div class=\"page-title-head hgroup\">\n<div class=\"page-title-head hgroup\">\n<div class=\"page-title-head hgroup\">\n<div class=\"b654a4as d2edcug0\">\n<div class=\"page-title-head hgroup\">\n<div class=\"page-title-head hgroup\">\n<div class=\"page-title-head hgroup\">\n<div class=\"page-title-head hgroup\">\n<div class=\"b654a4as d2edcug0\">\n<div class=\"page-title-head hgroup\">\n<div class=\"page-title-head hgroup\">\n<div class=\"page-title-head hgroup\">\n<div class=\"page-title-head hgroup\">\n<div class=\"page-title-head hgroup\">\n<div class=\"page-title-head hgroup\">\n<div class=\"page-title-head hgroup\">\n<div class=\"page-title-head hgroup\">\n<div class=\"page-title-head hgroup\">\n<div class=\"b654a4as d2edcug0\">\n<div class=\"page-title-head hgroup\">\n<div class=\"page-title-head hgroup\">\n<div class=\"page-title-head hgroup\">\n<div class=\"page-title-head hgroup\">\n<div class=\"b654a4as d2edcug0\">\n<div class=\"page-title-head hgroup\">\n<div class=\"page-title-head hgroup\">\n<div class=\"page-title-head hgroup\">\n<div class=\"page-title-head hgroup\">\n<div class=\"page-title-head hgroup\">\n<div class=\"mkdf-post-text\">\n<div class=\"mkdf-post-text-inner\">\n<div class=\"mkdf-post-text-main\">\n<div class=\"mkdf-post-text\">\n<div class=\"mkdf-post-text-inner\">\n<div class=\"mkdf-post-text-main\">\n<div class=\"mkdf-post-text\">\n<div class=\"mkdf-post-text-inner\">\n<div class=\"mkdf-post-text-main\">\n<div class=\"page-title-head hgroup\">\n<div class=\"page-title-head hgroup\">\n<div class=\"mkdf-post-text\">\n<div class=\"mkdf-post-text-inner\">\n<div class=\"mkdf-post-text-main\">\n<div class=\"mkdf-post-text\">\n<div class=\"mkdf-post-text-inner\">\n<div class=\"mkdf-post-text-main\">\n<div class=\"page-title-head hgroup\">\n<div class=\"page-title-head hgroup\">\n<div class=\"page-title-head hgroup\">\n<div class=\"page-title-head hgroup\">\n<div class=\"b654a4as d2edcug0\">\n<div class=\"page-title-head hgroup\">\n<div class=\"page-title-head hgroup\">\n<div class=\"page-title-head hgroup\">\n<div class=\"page-title-head hgroup\">\n<div class=\"b654a4as d2edcug0\">\n<div class=\"page-title-head hgroup\">\n<div class=\"page-title-head hgroup\">\n<div class=\"page-title-head hgroup\">\n<div class=\"page-title-head hgroup\">\n<div class=\"b654a4as d2edcug0\">\n<blockquote class=\"wp-embedded-content\" data-secret=\"0oKqE1YQAA\"><p><a href=\"https:\/\/www.radiopiu.net\/wordpress\/viabilita\/\">viabilita<\/a><\/p><\/blockquote>\n<p><iframe loading=\"lazy\" class=\"wp-embedded-content\" sandbox=\"allow-scripts\" security=\"restricted\" style=\"position: absolute; clip: rect(1px, 1px, 1px, 1px);\" title=\"&#8220;viabilita&#8221; &#8212; Radio Pi\u00f9\" src=\"https:\/\/www.radiopiu.net\/wordpress\/viabilita\/embed\/#?secret=0oKqE1YQAA\" data-secret=\"0oKqE1YQAA\" width=\"600\" height=\"338\" frameborder=\"0\" marginwidth=\"0\" marginheight=\"0\" scrolling=\"no\"><\/iframe><\/p>\n<p>&nbsp;<\/p>\n<hr \/>\n<p>&nbsp;<\/p>\n<\/div>\n<div class=\"b654a4as d2edcug0\">\n<div class=\"ecm0bbzt e5nlhep0 a8c37x1j\">\n<div class=\"kvgmc6g5 cxmmr5t8 oygrvhab hcukyx3x c1et5uql\">\n<div class=\"gmail-kvgmc6g5 gmail-cxmmr5t8 gmail-oygrvhab gmail-hcukyx3x gmail-c1et5uql gmail-ii04i59q\">\n<div>\n<div class=\"page-title-head hgroup\">\n<div class=\"page-title-head hgroup\">\n<div class=\"b654a4as d2edcug0\">\n<div class=\"j83agx80 btwxx1t3 lhclo0ds hop8lmos nkwizq5d scwd0bx6 roh60bw9\">\n<div class=\"rq0escxv hkbzh7o3 jwdofwj8 n8tt0mok r8blr3vg hyh9befq\">\n<div class=\"do00u71z l9j0dhe7 k4urcfbm\">\n<div>\n<div class=\"page-title-head hgroup\">\n<div class=\"page-title-head hgroup\">\n<div class=\"page-title-head hgroup\">\n<div class=\"page-title-head hgroup\">\n<div class=\"b654a4as d2edcug0\">\n<div class=\"page-title-head hgroup\">\n<div class=\"page-title-head hgroup\">\n<div class=\"page-title-head hgroup\">\n<div class=\"page-title-head hgroup\">\n<div class=\"b654a4as d2edcug0\">\n<div class=\"page-title-head hgroup\">\n<div class=\"page-title-head hgroup\">\n<div class=\"page-title-head hgroup\">\n<div class=\"page-title-head hgroup\">\n<div class=\"page-title-head hgroup\">\n<div class=\"mkdf-post-text\">\n<div class=\"mkdf-post-text-inner\">\n<div class=\"mkdf-post-text-main\">\n<div class=\"mkdf-post-text\">\n<div class=\"mkdf-post-text-inner\">\n<div class=\"mkdf-post-text-main\">\n<div class=\"mkdf-post-text\">\n<div class=\"mkdf-post-text-inner\">\n<div class=\"mkdf-post-text-main\">\n<div class=\"page-title-head hgroup\">\n<div class=\"page-title-head hgroup\">\n<div class=\"mkdf-post-text\">\n<div class=\"mkdf-post-text-inner\">\n<div class=\"mkdf-post-text-main\">\n<div class=\"mkdf-post-text\">\n<div class=\"mkdf-post-text-inner\">\n<div class=\"mkdf-post-text-main\">\n<div>\n<div class=\"page-title-head hgroup\">\n<div class=\"page-title-head hgroup\">\n<div>\n<div class=\"page-title-head hgroup\">\n<div class=\"page-title-head hgroup\">\n<div class=\"b654a4as d2edcug0\">\n<div>\n<div class=\"page-title-head hgroup\" style=\"text-align: left;\">\n<div class=\"page-title-head hgroup\">\n<div dir=\"auto\">\n<p><a class=\"dt-pswp-item pspw-wrap-ready\" href=\"https:\/\/i0.wp.com\/www.radiopiu.net\/wordpress\/wp-content\/uploads\/2018\/09\/WhatsApp-Image-2018-09-20-at-16.04.06.jpeg?ssl=1\" data-dt-img-description=\"\" data-large_image_width=\"800\" data-large_image_height=\"100\"><img loading=\"lazy\" decoding=\"async\" class=\"aligncenter wp-image-61378 size-full jetpack-lazy-image jetpack-lazy-image--handled\" src=\"https:\/\/i0.wp.com\/www.radiopiu.net\/wordpress\/wp-content\/uploads\/2018\/09\/WhatsApp-Image-2018-09-20-at-16.04.06.jpeg?resize=800%2C100&amp;ssl=1\" sizes=\"auto, (max-width: 800px) 100vw, 800px\" srcset=\"https:\/\/i0.wp.com\/www.radiopiu.net\/wordpress\/wp-content\/uploads\/2018\/09\/WhatsApp-Image-2018-09-20-at-16.04.06.jpeg?w=800&amp;ssl=1 800w, https:\/\/i0.wp.com\/www.radiopiu.net\/wordpress\/wp-content\/uploads\/2018\/09\/WhatsApp-Image-2018-09-20-at-16.04.06.jpeg?resize=300%2C38&amp;ssl=1 300w, https:\/\/i0.wp.com\/www.radiopiu.net\/wordpress\/wp-content\/uploads\/2018\/09\/WhatsApp-Image-2018-09-20-at-16.04.06.jpeg?resize=768%2C96&amp;ssl=1 768w\" alt=\"\" width=\"800\" height=\"100\" data-lazy-loaded=\"1\" \/><\/a><\/p>\n<\/div>\n<\/div>\n<\/div>\n<\/div>\n<\/div>\n<\/div>\n<\/div>\n<\/div>\n<\/div>\n<\/div>\n<\/div>\n<\/div>\n<\/div>\n<\/div>\n<\/div>\n<\/div>\n<\/div>\n<\/div>\n<\/div>\n<\/div>\n<\/div>\n<\/div>\n<\/div>\n<\/div>\n<\/div>\n<\/div>\n<\/div>\n<\/div>\n<\/div>\n<\/div>\n<\/div>\n<\/div>\n<\/div>\n<\/div>\n<\/div>\n<\/div>\n<\/div>\n<\/div>\n<\/div>\n<\/div>\n<\/div>\n<\/div>\n<\/div>\n<\/div>\n<p>&nbsp;<\/p>\n<\/div>\n<\/div>\n<\/div>\n<\/div>\n<\/div>\n<\/div>\n<\/div>\n<\/div>\n<\/div>\n<\/div>\n<\/div>\n<\/div>\n<\/div>\n<\/div>\n<\/div>\n<\/div>\n<\/div>\n<\/div>\n<\/div>\n<\/div>\n<\/div>\n<\/div>\n<\/div>\n<\/div>\n<\/div>\n<\/div>\n<\/div>\n<\/div>\n<\/div>\n<\/div>\n<\/div>\n<\/div>\n<\/div>\n<\/div>\n<\/div>\n<\/div>\n<\/div>\n<\/div>\n<\/div>\n<\/div>\n<\/div>\n<\/div>\n<\/div>\n<\/div>\n<\/div>\n<\/div>\n<\/div>\n<\/div>\n<\/div>\n<\/div>\n<\/div>\n<\/div>\n<\/div>\n<\/div>\n<\/div>\n<\/div>\n<\/div>\n<\/div>\n<\/div>\n<\/div>\n<\/div>\n<\/div>\n<\/div>\n<\/div>\n<\/div>\n<\/div>\n<\/div>\n<\/div>\n<\/div>\n<\/div>\n<\/div>\n<\/div>\n<\/div>\n<\/div>\n<\/div>\n<\/div>\n<\/div>\n<\/div>\n<\/div>\n<\/div>\n<\/div>\n<\/div>\n<\/div>\n<\/div>\n<\/div>\n<\/div>\n<\/div>\n<\/div>\n<\/div>\n<\/div>\n<\/div>\n<\/div>\n<\/div>\n<\/div>\n<\/div>\n<\/div>\n<\/div>\n<\/div>\n<\/div>\n<\/div>\n<\/div>\n<\/div>\n<\/div>\n<\/div>\n<\/div>\n<\/div>\n<\/div>\n<\/div>\n<\/div>\n<\/div>\n<\/div>\n<\/div>\n<\/div>\n<\/div>\n<\/div>\n<\/div>\n<\/div>\n<\/div>\n<\/div>\n<\/div>\n<\/div>\n<\/div>\n<\/div>\n<\/div>\n<\/div>\n<\/div>\n<\/div>\n<\/div>\n<\/div>\n<\/div>\n<\/div>\n<\/div>\n<\/div>\n<\/div>\n<\/div>\n<\/div>\n<\/div>\n<\/div>\n<\/div>\n<\/div>\n<\/div>\n<\/div>\n<\/div>\n<\/div>\n<\/div>\n<\/div>\n<\/div>\n<\/div>\n<\/div>\n<\/div>\n<\/div>\n<\/div>\n<\/div>\n<\/div>\n<\/div>\n<\/div>\n<\/div>\n<\/div>\n<\/div>\n<div><center><b>Venerdi 31<\/b><\/center><b>Tempo atteso: <\/b>Splendida giornata con sole, cielo sereno, aria tersa e ottima visibilit\u00e0 su tutta la montagna veneta. Far\u00e0 eccezione la Valbelluna con probabili nebbie durante le ore pi\u00f9 fredde, in diradamento nel corso della mattinata. Ambiente termico anormalmente mite di giorni in quota e nei posti pi\u00f9 assolati.<br \/>\n<b>Precipitazioni: <\/b>Assenti (0%).<br \/>\n<b>Temperature: <\/b>In ulteriore aumento, eccetto calo delle minime nei fondovalle, dove l&#8217;inversione termica si accentuer\u00e0 fortemente. A bassa quota forte contrasto termico diurno tra i settori in ombra e quelli pi\u00f9 assolati (anche 10\u00b0C di scarto). In alta quota la mitezza sar\u00e0 anomala con assenza di gelo notturno e valori molto alti per il periodo (9\/12\u00b0C superiori alla media). Su Prealpi a 1500 m min 11\u00b0C, max 14\u00b0C; a 2000 m min 10\u00b0C, max 12\u00b0C. Su Dolomiti a 2000 m min 9\u00b0C, max 11\u00b0C; a 3000 m min 3\u00b0C, max 4\u00b0C.<br \/>\n<b>Venti: <\/b>Nelle valli deboli di direzione variabile, salvo locali rinforzi per brezze di monte nelle ore pi\u00f9 fredde in alcuni settori prealpini; in quota deboli\/moderati da nord-ovest,a 10-15 km\/h a 2000 m e 20-30 km\/h a 3000 m.<\/div>\n<\/div>\n<\/div>\n<\/div>\n<\/div>\n<\/div>\n<\/div>\n<\/div>\n<hr \/>\n<p><center><b>Sabato 1<\/b><\/center><b>Tempo atteso: <\/b>Tempo simile a venerd\u00ec in un contesto termico anomalo in alta quota, dove i valori saranno senza notevoli variazioni e molto superiori alla media del periodo. Cielo sereno o al pi\u00f9 poco nuvoloso per qualche sottile velatura con ottima visibilit\u00e0 ad eccezione della Valbelluna dove sar\u00e0 probabile la formazione di nebbia nelle notte e al primo mattino.<br \/>\n<b>Precipitazioni: <\/b>Assenti (0%).<br \/>\n<b>Temperature: <\/b>Temperature in ulteriore lieve aumento, eccetto calo delle minime nei fondovalle prealpini non interessati da nebbie. Forte inversione termica nei settori in ombra Su Prealpi a 1500 m min 11\u00b0C, max 14\u00b0C; a 2000 m min 9\u00b0C, max 10\u00b0C. Su Dolomiti a 2000 m min 6\u00b0C, max 8\u00b0C; a 3000 m min 2\u00b0C, max 4\u00b0C.<br \/>\n<b>Venti: <\/b>Venti moderati\/tesi da nord-ovest in quota fino al mattino poi in attenuazione; deboli di direzione variabile nelle valli, salvo locali rinforzi per brezze di monte nelle ore pi\u00f9 fredde in alcuni settori prealpini e qualche episodio di Foehn in alcune valli dolomitiche a 10-15 km\/h a 2000 m e 20-30 km\/h a 3000 m.<\/p>\n<hr \/>\n<p><center><b>Domenica 2<\/b><\/center>Persistenza del bel tempo anormalmente mite per il periodo con sole, cielo sereno o poco nuvoloso per temporanee sottili velature del cielo. L&#8217;unica insidia sar\u00e0 l&#8217;eventuale presenza di qualche nebbia in Valbelluna durante le ore pi\u00f9 fredde. La forte inversione termica notturna rimarr\u00e0 la stessa dei due giorni precedenti, specie nelle valli in ombra. Venti moderati da sud-ovest in quota; deboli di direzione variabile nelle valli, salvo locali rinforzi per brezze di monte nelle ore pi\u00f9 fredde in alcuni settori prealpini.<\/p>\n<hr \/>\n<p><center><b>Lunedi 3<\/b><\/center>Tempo stabile ma con cielo che si presenter\u00e0 a tratti velato per presenza di nubi medio-alte anche estese specie al mattino. Ancora mite per il periodo seppur con temperature in generale calo in quota mentre potrebbero aumentare le minime a fondovalle in caso di velatura gi\u00e0 durante la notte. Venti moderati o tesi occidentali in quota, deboli variabili nelle valli. Previsore: DDL<\/p>\n<p>&nbsp;<\/p>\n<hr \/>\n<p>&nbsp;<\/p>\n<p><a href=\"https:\/\/www.radiopiu.net\/wordpress\/giornale-radiopiu-15-settembre-2018-direttore-mirko-mezzacasa\/sport-7\/\" rel=\"attachment wp-att-60761\"><img loading=\"lazy\" decoding=\"async\" class=\"wp-image-60761 size-full aligncenter\" src=\"https:\/\/www.radiopiu.net\/wordpress\/wp-content\/uploads\/2018\/09\/sport.jpg\" alt=\"\" width=\"800\" height=\"100\" srcset=\"https:\/\/www.radiopiu.net\/wordpress\/wp-content\/uploads\/2018\/09\/sport.jpg 800w, https:\/\/www.radiopiu.net\/wordpress\/wp-content\/uploads\/2018\/09\/sport-300x38.jpg 300w, https:\/\/www.radiopiu.net\/wordpress\/wp-content\/uploads\/2018\/09\/sport-768x96.jpg 768w\" sizes=\"auto, (max-width: 800px) 100vw, 800px\" \/><\/a><\/p>\n<h3><\/h3>\n<div class=\"articlePlainText\"><\/div>\n<div><\/div>\n<div><\/div>\n<div>\n<hr \/>\n<\/div>\n<div><\/div>\n<div><\/div>\n<p><span style=\"color: #0000ff;\"><strong>HOCKEY SU GHIACCIO<\/strong><\/span><\/p>\n<h3>CON IL PERGINE VINCE L&#8217;ALLEGHE, 3 PUNTI IMPORTANTI PER LA CLASSIFICA<\/h3>\n<p><strong><a href=\"https:\/\/www.radiopiu.net\/wordpress\/ihl-ad-alleghe-arriva-il-varese\/alleghe-hockey-3\/\" rel=\"attachment wp-att-247605\"><img loading=\"lazy\" decoding=\"async\" class=\"size-medium wp-image-247605 alignleft\" src=\"https:\/\/www.radiopiu.net\/wordpress\/wp-content\/uploads\/2021\/12\/ALLEGHE-HOCKEY-3-300x200.jpg\" alt=\"\" width=\"300\" height=\"200\" srcset=\"https:\/\/www.radiopiu.net\/wordpress\/wp-content\/uploads\/2021\/12\/ALLEGHE-HOCKEY-3-300x200.jpg 300w, https:\/\/www.radiopiu.net\/wordpress\/wp-content\/uploads\/2021\/12\/ALLEGHE-HOCKEY-3-768x511.jpg 768w, https:\/\/www.radiopiu.net\/wordpress\/wp-content\/uploads\/2021\/12\/ALLEGHE-HOCKEY-3.jpg 890w\" sizes=\"auto, (max-width: 300px) 100vw, 300px\" \/><\/a>ALLEGHE \u2013 PERGINE 5-1<\/strong><\/p>\n<p>PARZIALI: 1-0, 2-1, 2-0<\/p>\n<p>GOL: pt. 6\u201904\u201d Berger. st. 5\u201928\u201d Berger, 9\u201904\u201d Ganz, 15\u201949\u201d Stablum. tt. 2\u201943\u201d Giolai, 12\u201922\u201d Kiviranta<\/p>\n<p>&nbsp;<\/p>\n<p>Con una grande prestazione l\u2019Alleghe Hockey vince, mette la freccia per tentare di superare il Pergine in classifica, in attesa della decisione del giudice sportivo sulla partita non disputata contro il Como. Gli uomini di Fontana, dopo un inizio sterile, incamerano 3 punti importanti in vista del proseguo del campionato ma anche per la Coppa Italia. I biancorossi giocano bene e concedono poco ai trentini che vanno a segno su l\u2019unica disattenzione della sfida. Ora le civette festeggiano capodanno e poi di nuovo sul ghiaccio per l\u2019ultima sfida di regular season contro l\u2019Appiano fanalino di coda. Un Alleghe a ranghi ridotti stenta ad ingranare la marcia giusta nei primi minuti della sfida. Il Pergine ci prova ma il disco lambisce il palo. Al primo vero affondo le civette passano in vantaggio. A spedire il puck alle spalle del portiere trentino ci pensa Berger con un diagonale imprendibile. Biancorossi che prendono coraggio e si avvicinano di nuovo al gol con Ganz. Se la giocano le due formazioni ma gli agordini sembrano essere pi\u00f9 offensivi. Berger e Martini ci provano ma il golie del Pergine dice di no. Ospiti che provano a rispondere ma Scola \u00e8 attento. Kiviranta e Giolai impegnano Rigoni che non lascia passare un disco. Nel secondo tempo l\u2019Alleghe continua a spingere. Kiviranta si divora due volte l\u2019occasione di raddoppiare, merito del portiere trentino che non si fa sorprendere. Il Pergine prova a rispondere ma la mira non \u00e8 delle migliori. A raddoppiare per gli agordini ci pensa ancora Berger che con un polsino batte Rigoni mentre i trentini giocavano con l\u2019uomo in meno. Dopo una fase di stanca della partita, le civette tornano all\u2019attacco trovando la terza marcatura della serata con un siluro dalla blu di capitan Milos Ganz. Gli agordini calano il ritmo e si chiudono in difesa ma il Pergine accorcia le distanze con un tiro raso ghiaccio di Stablum. Finale di tempo con l\u2019Alleghe che prova di nuovo a colpire ma senza riuscirci. Nel terzo drittel le civette calano il poker. Ci pensa Giolai a spedire sotto al sette il disco con un rovescino. Trentini che le provano tutte ma la difesa alleghese \u00e8 una saracinesca. A chiudere definitivamente la sfida ci pensa Kiviranta che coglie al volo un assist d\u2019oro di Berger per bucare la porta difesa da Rigoni. Nel finale il coach trentino decide di giocare con l\u2019uomo in pi\u00f9 ma la partita termina con gli agordini che vincono 5 a 1.<\/p>\n<p>&nbsp;<\/p>\n<p>&nbsp;<\/p>\n<hr \/>\n<p>&nbsp;<\/p>\n<p><span style=\"color: #0000ff;\"><strong>SCI DI FONDO<\/strong><\/span><\/p>\n<blockquote>\n<h3>CAMPIONATI ITALIANI DI SCI DI FONDO IN COMELICO<\/h3>\n<\/blockquote>\n<p><strong><a href=\"https:\/\/www.radiopiu.net\/wordpress\/giornale-radiopiu-31-dicembre-2021-direttore-mirko-mezzacasa\/archivio-camp-ita-2012-padola-francesco-de-fabiani-inseguito-da-claudio-muller\/\" rel=\"attachment wp-att-251036\"><img loading=\"lazy\" decoding=\"async\" class=\" wp-image-251036 alignleft\" src=\"https:\/\/www.radiopiu.net\/wordpress\/wp-content\/uploads\/2021\/12\/archivio-camp-ita-2012-padola-Francesco-De-Fabiani-inseguito-da-Claudio-Muller-300x200.jpg\" alt=\"\" width=\"212\" height=\"141\" srcset=\"https:\/\/www.radiopiu.net\/wordpress\/wp-content\/uploads\/2021\/12\/archivio-camp-ita-2012-padola-Francesco-De-Fabiani-inseguito-da-Claudio-Muller-300x200.jpg 300w, https:\/\/www.radiopiu.net\/wordpress\/wp-content\/uploads\/2021\/12\/archivio-camp-ita-2012-padola-Francesco-De-Fabiani-inseguito-da-Claudio-Muller.jpg 700w\" sizes=\"auto, (max-width: 212px) 100vw, 212px\" \/><\/a>COMELICO\u00a0<\/strong> Lo sci di fondo protagonista il 15 e 16 gennaio prossimi con i Campionati italiani Giovani, rassegna dedicata alle speranze degli sci stretti azzurri, i ragazzi e le ragazze della categoria Aspiranti (nati nel 2004 e nel 2005)\u00a0 e Juniores (nati tra 2001 e 2003). Si garegger\u00e0 a Padola di Comelico Superiore (Belluno), sulla pista \u201cTavela\u201d, tracciato che da sempre ospita eventi di rilevanza nazionale.<\/p>\n<blockquote><p><em>\u00abOrganizzare un evento di cos\u00ec alto profilo insieme allo Sci club Orsago \u00e8 per noi un onore e un piacere che rinsalda una vecchia amicizia\u00bb sottolinea Nicola De Martin, presidente dell\u2019Unione sportiva Valpadola. \u00abSi tratta di una sinergia che valorizza lo sci di fondo e promuove il territorio\u00bb.<\/em><\/p><\/blockquote>\n<p>&nbsp;<\/p>\n<hr \/>\n<p>&nbsp;<\/p>\n<p><span style=\"color: #0000ff;\"><strong>SCI STRETTI\u00a0<\/strong><\/span><\/p>\n<blockquote>\n<h3><a href=\"https:\/\/www.radiopiu.net\/wordpress\/giornale-radiopiu-31-dicembre-2021-direttore-mirko-mezzacasa\/270356845_439816457798874_9008370048481012920_n\/\" rel=\"attachment wp-att-251264\"><img loading=\"lazy\" decoding=\"async\" class=\"wp-image-251264 alignleft\" src=\"https:\/\/www.radiopiu.net\/wordpress\/wp-content\/uploads\/2021\/12\/270356845_439816457798874_9008370048481012920_n-300x300.jpg\" alt=\"\" width=\"179\" height=\"179\" srcset=\"https:\/\/www.radiopiu.net\/wordpress\/wp-content\/uploads\/2021\/12\/270356845_439816457798874_9008370048481012920_n-300x300.jpg 300w, https:\/\/www.radiopiu.net\/wordpress\/wp-content\/uploads\/2021\/12\/270356845_439816457798874_9008370048481012920_n-1024x1024.jpg 1024w, https:\/\/www.radiopiu.net\/wordpress\/wp-content\/uploads\/2021\/12\/270356845_439816457798874_9008370048481012920_n-150x150.jpg 150w, https:\/\/www.radiopiu.net\/wordpress\/wp-content\/uploads\/2021\/12\/270356845_439816457798874_9008370048481012920_n-768x768.jpg 768w, https:\/\/www.radiopiu.net\/wordpress\/wp-content\/uploads\/2021\/12\/270356845_439816457798874_9008370048481012920_n.jpg 1080w\" sizes=\"auto, (max-width: 179px) 100vw, 179px\" \/><\/a>SOTTO LE STELLE. VINCE L&#8217;AGORDINO EUDIO DE COL<\/h3>\n<\/blockquote>\n<div class=\"articlePlainText\"><\/div>\n<div class=\"articlePlainText\"><strong>BELLUNO\u00a0<\/strong> \u00a0Eudio De Col di La Valle Agordina ha vinto la prima edizione di &#8220;Sciando sotto le stelle&#8221;, in Nevegal.\u00a0 Una 10 chilometri, su un percorso di 2.5 chilometri, con partenza in linea. Eudio\u00a0 ha messo in fila tutti (50 concorrenti),\u00a0 primeggiando sullo zoldano Martino Ploner (28&#8217;07&#8221;) e sul trichianese Toni Barp (28&#8217;52&#8221;). A completare la top five Dante Barp (30&#8217;13&#8221;) e Andrea Viel (30&#8217;24&#8221;). Nella top ten:\u00a0 Leo De Biasi, Manuel Andrich, Fausto Ciprian, Giovanni Visintini e Paolo Zampieri. In gara anche i ragazzi, sui 5 chilometri: vittoria per Alessandro Bacchetti (17&#8217;04&#8221;) su Giovanni Balcon (20&#8217;08&#8221;) e Manolo Azzalini (20&#8217;10&#8221;).<\/div>\n","protected":false},"excerpt":{"rendered":"<p>\u00a0L&#8217;INTERVISTA DI FINE ANNO AL PRESIDENTE DELL&#8217;UNIONE MONTANA AGORDINA MICHELE COSTA, OGGI ALLE 12.30 NEL GIORNALE RADIO PRINCIPALE \u00a0 INFORMAZIONE il canale su TELEGRAM informazione di prima mano e in tempo reale. iscriviti ed aiutaci a farlo conoscere\u00a0 \u00a0 \u00a0\u00a0 &nbsp; &nbsp; IL CERVO AL DRIVE IN DI TAMONICH AGORDO Anche i cervi al drive&hellip;<\/p>\n","protected":false},"author":4,"featured_media":251070,"comment_status":"closed","ping_status":"open","sticky":false,"template":"","format":"standard","meta":{"_monsterinsights_skip_tracking":false,"_monsterinsights_sitenote_active":false,"_monsterinsights_sitenote_note":"","_monsterinsights_sitenote_category":0,"footnotes":""},"categories":[104,86,49],"tags":[],"class_list":["post-250966","post","type-post","status-publish","format-standard","has-post-thumbnail","hentry","category-evidenza_3","category-gr","category-news-18","category-104","category-86","category-49","description-off"],"img_url":"https:\/\/www.radiopiu.net\/wordpress\/wp-content\/uploads\/2021\/12\/8dd1b308-f430-4828-8352-b1a2056c1bde.jpg","_links":{"self":[{"href":"https:\/\/www.radiopiu.net\/wordpress\/wp-json\/wp\/v2\/posts\/250966","targetHints":{"allow":["GET"]}}],"collection":[{"href":"https:\/\/www.radiopiu.net\/wordpress\/wp-json\/wp\/v2\/posts"}],"about":[{"href":"https:\/\/www.radiopiu.net\/wordpress\/wp-json\/wp\/v2\/types\/post"}],"author":[{"embeddable":true,"href":"https:\/\/www.radiopiu.net\/wordpress\/wp-json\/wp\/v2\/users\/4"}],"replies":[{"embeddable":true,"href":"https:\/\/www.radiopiu.net\/wordpress\/wp-json\/wp\/v2\/comments?post=250966"}],"version-history":[{"count":0,"href":"https:\/\/www.radiopiu.net\/wordpress\/wp-json\/wp\/v2\/posts\/250966\/revisions"}],"wp:featuredmedia":[{"embeddable":true,"href":"https:\/\/www.radiopiu.net\/wordpress\/wp-json\/wp\/v2\/media\/251070"}],"wp:attachment":[{"href":"https:\/\/www.radiopiu.net\/wordpress\/wp-json\/wp\/v2\/media?parent=250966"}],"wp:term":[{"taxonomy":"category","embeddable":true,"href":"https:\/\/www.radiopiu.net\/wordpress\/wp-json\/wp\/v2\/categories?post=250966"},{"taxonomy":"post_tag","embeddable":true,"href":"https:\/\/www.radiopiu.net\/wordpress\/wp-json\/wp\/v2\/tags?post=250966"}],"curies":[{"name":"wp","href":"https:\/\/api.w.org\/{rel}","templated":true}]}}