{"id":250978,"date":"2021-12-29T21:11:57","date_gmt":"2021-12-29T20:11:57","guid":{"rendered":"https:\/\/www.radiopiu.net\/wordpress\/?p=250978"},"modified":"2021-12-29T21:11:57","modified_gmt":"2021-12-29T20:11:57","slug":"la-costellazione-di-ponte-nelle-alpi-brillano-giovani-meritevoli","status":"publish","type":"post","link":"https:\/\/www.radiopiu.net\/wordpress\/la-costellazione-di-ponte-nelle-alpi-brillano-giovani-meritevoli\/","title":{"rendered":"LA COSTELLAZIONE DI PONTE NELLE ALPI,  BRILLANO GIOVANI MERITEVOLI"},"content":{"rendered":"<div class=\"moz-text-html\" lang=\"x-unicode\">\n<div dir=\"ltr\">\n<p><b>PONTE NELLE ALPI <\/b>Sono giovani e hanno avuto il merito di distinguersi nello sport, nella cultura, nell\u2019arte, nell\u2019informatica e nel sociale. E sono, soprattutto, \u201c<b>Le stelle di Ponte nelle Alpi\u201d<\/b>, premiate in municipio dall\u2019amministrazione comunale.<span class=\"gmail-Apple-converted-space\">\u00a0<\/span><\/p>\n<p>A cominciare da <b>Alvise Marascalchi<\/b>: classe 2008 di Roncan, in primavera \u00e8 stato protagonista su Rai 1 nella fiction &#8220;Un passo dal cielo 6 &#8211; I guardiani\u201d: un grande successo di pubblico. In pi\u00f9, \u00e8 entrato a far parte del cast di un nuovo film girato dal regista Luca Lucini, in provincia di Treviso. E intitolato &#8220;Le ragazze di carta\u201d: Alvise ha recitato al fianco di attori come Maya Sansa, Andrea Pennacchi e Neri Marcor\u00e8. <strong>Applausi pure per Giulia Ces<\/strong>a: classe 2007, di Losego, ha vinto il primo premio del concorso promosso dal ministero dell\u2019Interno: &#8220;PretenDiamo legalit\u00e0\u201d. E nella categoria graphic novel. Il suo fumetto \u201cCommissario Mascherpa &#8211; Le mascherine del Sant\u2019Ugo\u201d \u00e8 stato apprezzato in maniera trasversale.<span class=\"gmail-Apple-converted-space\">\u00a0<\/span><strong>Quindi Mattia Ferigutti:<\/strong> classe 1999 di Piaia, si \u00e8 distinto nell\u2019ambito dell\u2019informatica e, da autodidatta, \u00e8 diventato un esperto sviluppastore di App, mentre Ilaria Dedaj \u00e8 una diciannovenne che ha inciso un brano musicale: \u201cSpeed of sound\u201d.<strong> Sara Barattin<\/strong>, invece, ha salvato la vita a un anziano che si stava per soffocare, e<strong> Sebastiano Collazuol (<\/strong>classe 2009 di Polpet) ha scritto la poesia \u201cUn sogno\u201d, arrivando in finale a un concorso in memoria di Alda Merini.<span class=\"gmail-Apple-converted-space\"> \u00a0<\/span>E ia livello sportivo?<strong> Sfreccia Marco Da Rold:<\/strong> classe 2006, sul circuito internazionale d\u2019Abruzzo, a Ortona, \u00e8 diventato campione italiano di Moto 10-160 Leggeri, a conclusione del Campionato nazionale di velocit\u00e0. Uno sportivo \u00e8 anche<strong> Lorenzo De Fanti<\/strong>: quindicenne di Ponte nelle Alpi, \u00e8 un atleta del G.S. Quantin che dal prossimo anno correr\u00e0 con l&#8217;Athletic Club Belluno Firex. Ha ottenuto una vittoria di prestigio al \u201cCampaccio&#8221;, storica gara di corsa campestre, si \u00e8 laureato due volte campione regionale Cadetti e ha conquistato il bronzo agli Italiani in pista di Forl\u00ec. Infine, <strong>Sara Mazzucco<\/strong>: classe 2000 della frazione Mazzucchi, \u00e8 riuscita a mettersi al collo l\u2019argento ai Campionati italiani di Trail Corto, in occasione del Trail delle 5 Querce a Gravina, in Puglia. Premiata pure la Polisportiva Astra, squadra agonistica di ginnastica artista \u00abper l&#8217;impegno, la costanza negli allenamenti e i buoni risultati raggiunti nonostante il periodo difficile causato dalla pandemia\u00bb.<\/p>\n\n\t\t\t<style type='text\/css'>\n\t\t\t\t#gallery-1 {\n\t\t\t\t\tmargin: auto;\n\t\t\t\t}\n\t\t\t\t#gallery-1 .gallery-item {\n\t\t\t\t\tfloat: left;\n\t\t\t\t\tmargin-top: 10px;\n\t\t\t\t\ttext-align: center;\n\t\t\t\t\twidth: 50%;\n\t\t\t\t}\n\t\t\t\t#gallery-1 img {\n\t\t\t\t\tborder: 2px solid #cfcfcf;\n\t\t\t\t}\n\t\t\t\t#gallery-1 .gallery-caption {\n\t\t\t\t\tmargin-left: 0;\n\t\t\t\t}\n\t\t\t\t\/* see gallery_shortcode() in wp-includes\/media.php *\/\n\t\t\t<\/style>\n\t\t<div id='gallery-1' class='dt-gallery-container gallery galleryid-250978 gallery-columns-2 gallery-size-large'><dl class='gallery-item'>\n\t\t\t\t<dt class='gallery-icon landscape'>\n\t\t\t\t\t<a class=\"rollover rollover-zoom dt-pswp-item\" title=\"Stelle_1\" data-dt-img-description=\"\" data-large_image_width=\"1137\" data-large_image_height=\"853\"href='https:\/\/www.radiopiu.net\/wordpress\/wp-content\/uploads\/2021\/12\/Stelle_1.jpg'><img loading=\"lazy\" decoding=\"async\" width=\"1024\" height=\"768\" src=\"https:\/\/www.radiopiu.net\/wordpress\/wp-content\/uploads\/2021\/12\/Stelle_1-1024x768.jpg\" class=\"attachment-large size-large\" alt=\"\" srcset=\"https:\/\/www.radiopiu.net\/wordpress\/wp-content\/uploads\/2021\/12\/Stelle_1-1024x768.jpg 1024w, https:\/\/www.radiopiu.net\/wordpress\/wp-content\/uploads\/2021\/12\/Stelle_1-300x225.jpg 300w, https:\/\/www.radiopiu.net\/wordpress\/wp-content\/uploads\/2021\/12\/Stelle_1-768x576.jpg 768w, https:\/\/www.radiopiu.net\/wordpress\/wp-content\/uploads\/2021\/12\/Stelle_1.jpg 1137w\" sizes=\"auto, (max-width: 1024px) 100vw, 1024px\" \/><\/a>\n\t\t\t\t<\/dt><\/dl><dl class='gallery-item'>\n\t\t\t\t<dt class='gallery-icon landscape'>\n\t\t\t\t\t<a class=\"rollover rollover-zoom dt-pswp-item\" title=\"Stelle_2\" data-dt-img-description=\"\" data-large_image_width=\"1335\" data-large_image_height=\"848\"href='https:\/\/www.radiopiu.net\/wordpress\/wp-content\/uploads\/2021\/12\/Stelle_2.jpg'><img loading=\"lazy\" decoding=\"async\" width=\"1024\" height=\"650\" src=\"https:\/\/www.radiopiu.net\/wordpress\/wp-content\/uploads\/2021\/12\/Stelle_2-1024x650.jpg\" class=\"attachment-large size-large\" alt=\"\" srcset=\"https:\/\/www.radiopiu.net\/wordpress\/wp-content\/uploads\/2021\/12\/Stelle_2-1024x650.jpg 1024w, https:\/\/www.radiopiu.net\/wordpress\/wp-content\/uploads\/2021\/12\/Stelle_2-300x191.jpg 300w, https:\/\/www.radiopiu.net\/wordpress\/wp-content\/uploads\/2021\/12\/Stelle_2-768x488.jpg 768w, https:\/\/www.radiopiu.net\/wordpress\/wp-content\/uploads\/2021\/12\/Stelle_2.jpg 1335w\" sizes=\"auto, (max-width: 1024px) 100vw, 1024px\" \/><\/a>\n\t\t\t\t<\/dt><\/dl><br style=\"clear: both\" \/>\n\t\t\t<\/div>\n\n<\/div>\n<\/div>\n","protected":false},"excerpt":{"rendered":"<p>PONTE NELLE ALPI Sono giovani e hanno avuto il merito di distinguersi nello sport, nella cultura, nell\u2019arte, nell\u2019informatica e nel sociale. E sono, soprattutto, \u201cLe stelle di Ponte nelle Alpi\u201d, premiate in municipio dall\u2019amministrazione comunale.\u00a0 A cominciare da Alvise Marascalchi: classe 2008 di Roncan, in primavera \u00e8 stato protagonista su Rai 1 nella fiction &#8220;Un&hellip;<\/p>\n","protected":false},"author":4,"featured_media":250979,"comment_status":"closed","ping_status":"open","sticky":false,"template":"","format":"standard","meta":{"_monsterinsights_skip_tracking":false,"_monsterinsights_sitenote_active":false,"_monsterinsights_sitenote_note":"","_monsterinsights_sitenote_category":0,"footnotes":""},"categories":[49],"tags":[],"class_list":["post-250978","post","type-post","status-publish","format-standard","has-post-thumbnail","hentry","category-news-18","category-49","description-off"],"img_url":"https:\/\/www.radiopiu.net\/wordpress\/wp-content\/uploads\/2021\/12\/Stelle_1.jpg","_links":{"self":[{"href":"https:\/\/www.radiopiu.net\/wordpress\/wp-json\/wp\/v2\/posts\/250978","targetHints":{"allow":["GET"]}}],"collection":[{"href":"https:\/\/www.radiopiu.net\/wordpress\/wp-json\/wp\/v2\/posts"}],"about":[{"href":"https:\/\/www.radiopiu.net\/wordpress\/wp-json\/wp\/v2\/types\/post"}],"author":[{"embeddable":true,"href":"https:\/\/www.radiopiu.net\/wordpress\/wp-json\/wp\/v2\/users\/4"}],"replies":[{"embeddable":true,"href":"https:\/\/www.radiopiu.net\/wordpress\/wp-json\/wp\/v2\/comments?post=250978"}],"version-history":[{"count":0,"href":"https:\/\/www.radiopiu.net\/wordpress\/wp-json\/wp\/v2\/posts\/250978\/revisions"}],"wp:featuredmedia":[{"embeddable":true,"href":"https:\/\/www.radiopiu.net\/wordpress\/wp-json\/wp\/v2\/media\/250979"}],"wp:attachment":[{"href":"https:\/\/www.radiopiu.net\/wordpress\/wp-json\/wp\/v2\/media?parent=250978"}],"wp:term":[{"taxonomy":"category","embeddable":true,"href":"https:\/\/www.radiopiu.net\/wordpress\/wp-json\/wp\/v2\/categories?post=250978"},{"taxonomy":"post_tag","embeddable":true,"href":"https:\/\/www.radiopiu.net\/wordpress\/wp-json\/wp\/v2\/tags?post=250978"}],"curies":[{"name":"wp","href":"https:\/\/api.w.org\/{rel}","templated":true}]}}