{"id":250984,"date":"2021-12-30T05:11:23","date_gmt":"2021-12-30T04:11:23","guid":{"rendered":"https:\/\/www.radiopiu.net\/wordpress\/?p=250984"},"modified":"2021-12-30T05:11:23","modified_gmt":"2021-12-30T04:11:23","slug":"si-elegge-il-presidente-della-repubblica-italiana","status":"publish","type":"post","link":"https:\/\/www.radiopiu.net\/wordpress\/si-elegge-il-presidente-della-repubblica-italiana\/","title":{"rendered":"SI ELEGGE IL PRESIDENTE DELLA REPUBBLICA ITALIANA\u00a0"},"content":{"rendered":"<blockquote>\n<h3>L&#8217;OPINIONE<br \/>\n<strong>di\u00a0 Franco Piacentini\u00a0<\/strong><\/h3>\n<\/blockquote>\n<div style=\"text-align: left;\">\n<p><a href=\"https:\/\/www.radiopiu.net\/wordpress\/speciale-audio_foto_-il-presidente-a-belluno-e-longarone-i-principali-interventi-della-giornata-il-discorso-del-presidente-i-commenti-di-amministratori-e-deputati-bellunesi-il-racconto-di-valerio\/attachment\/21369\/\" rel=\"attachment wp-att-78984\"><img loading=\"lazy\" decoding=\"async\" class=\"size-medium wp-image-78984 alignleft\" src=\"https:\/\/www.radiopiu.net\/wordpress\/wp-content\/uploads\/2019\/03\/21369-300x250.jpg\" alt=\"\" width=\"300\" height=\"250\" srcset=\"https:\/\/www.radiopiu.net\/wordpress\/wp-content\/uploads\/2019\/03\/21369-300x250.jpg 300w, https:\/\/www.radiopiu.net\/wordpress\/wp-content\/uploads\/2019\/03\/21369-768x640.jpg 768w, https:\/\/www.radiopiu.net\/wordpress\/wp-content\/uploads\/2019\/03\/21369-1024x853.jpg 1024w\" sizes=\"auto, (max-width: 300px) 100vw, 300px\" \/><\/a><strong>FELTRE<\/strong> Molti italiani (mediamente dal 30 al 40%) negli ultimi dieci anni hanno abbandonato i seggi elettorali, presumo causa di una classe politica che pensa e agisce quasi esclusivamente per visibilit\u00e0 personale e per affermazione del proprio schieramento partitico. Gli interessi generali del Paese, le necessit\u00e0 dei cittadini e il rispetto della Carta Costituzionale, il pi\u00f9 delle volte, per lor signori, sono compiti sottovalutati: fastidiosi obblighi affrontati sbuffando. In questo contesto, l&#8217;attuale classe politica presente in Parlamento, sta affrontando (in un clima molto teso) il fondamentale appuntamento della elezione del nuovo Presidente della Repubblica. Cari Parlamentari (onorevoli e senatori) e cari Elettori delle Regioni, sar\u00e0 bene ed opportuno, per recuperare un po&#8217; di fiducia degli italiani, che prevalga in voi il senso di appartenenza costituzionale, nell&#8217;ambito della seriet\u00e0 politica. Individuate ed eleggete (donna o uomo) un nuovo Presidente della Repubblica, dalla &#8220;grandissima onorabilit\u00e0&#8221; e dalla &#8220;immacolata moralit\u00e0&#8221;. Nella ricerca del nuovo Presidente della Repubblica, non sarebbe male, anzi, orientare l&#8217;attenzione a autorevoli candidature della Cultura, del\u00a0 Volontariato, del Terzo Settore e dell&#8217; Associazionismo. In questi ambiti, donne e uomini, quotidianamente, amando costituzionalmente il proprio Paese, si prodigano nella sussidiariet\u00e0 e nella solidariet\u00e0 per aiutare le persone fragili e sfortunate. Uno\/a di loro al Quirinale sarebbe effettivamente una positiva e straordinaria svolta epocale per l&#8217;Italia.<\/p>\n<\/div>\n<p>&nbsp;<\/p>\n","protected":false},"excerpt":{"rendered":"<p>L&#8217;OPINIONE di\u00a0 Franco Piacentini\u00a0 FELTRE Molti italiani (mediamente dal 30 al 40%) negli ultimi dieci anni hanno abbandonato i seggi elettorali, presumo causa di una classe politica che pensa e agisce quasi esclusivamente per visibilit\u00e0 personale e per affermazione del proprio schieramento partitico. Gli interessi generali del Paese, le necessit\u00e0 dei cittadini e il rispetto&hellip;<\/p>\n","protected":false},"author":4,"featured_media":77300,"comment_status":"closed","ping_status":"open","sticky":false,"template":"","format":"standard","meta":{"_monsterinsights_skip_tracking":false,"_monsterinsights_sitenote_active":false,"_monsterinsights_sitenote_note":"","_monsterinsights_sitenote_category":0,"footnotes":""},"categories":[104,49],"tags":[],"class_list":["post-250984","post","type-post","status-publish","format-standard","has-post-thumbnail","hentry","category-evidenza_3","category-news-18","category-104","category-49","description-off"],"img_url":"https:\/\/www.radiopiu.net\/wordpress\/wp-content\/uploads\/2019\/02\/Presidente_Sergio_Mattarella.jpg","_links":{"self":[{"href":"https:\/\/www.radiopiu.net\/wordpress\/wp-json\/wp\/v2\/posts\/250984","targetHints":{"allow":["GET"]}}],"collection":[{"href":"https:\/\/www.radiopiu.net\/wordpress\/wp-json\/wp\/v2\/posts"}],"about":[{"href":"https:\/\/www.radiopiu.net\/wordpress\/wp-json\/wp\/v2\/types\/post"}],"author":[{"embeddable":true,"href":"https:\/\/www.radiopiu.net\/wordpress\/wp-json\/wp\/v2\/users\/4"}],"replies":[{"embeddable":true,"href":"https:\/\/www.radiopiu.net\/wordpress\/wp-json\/wp\/v2\/comments?post=250984"}],"version-history":[{"count":0,"href":"https:\/\/www.radiopiu.net\/wordpress\/wp-json\/wp\/v2\/posts\/250984\/revisions"}],"wp:featuredmedia":[{"embeddable":true,"href":"https:\/\/www.radiopiu.net\/wordpress\/wp-json\/wp\/v2\/media\/77300"}],"wp:attachment":[{"href":"https:\/\/www.radiopiu.net\/wordpress\/wp-json\/wp\/v2\/media?parent=250984"}],"wp:term":[{"taxonomy":"category","embeddable":true,"href":"https:\/\/www.radiopiu.net\/wordpress\/wp-json\/wp\/v2\/categories?post=250984"},{"taxonomy":"post_tag","embeddable":true,"href":"https:\/\/www.radiopiu.net\/wordpress\/wp-json\/wp\/v2\/tags?post=250984"}],"curies":[{"name":"wp","href":"https:\/\/api.w.org\/{rel}","templated":true}]}}