{"id":250998,"date":"2021-12-30T05:48:12","date_gmt":"2021-12-30T04:48:12","guid":{"rendered":"https:\/\/www.radiopiu.net\/wordpress\/?p=250998"},"modified":"2021-12-30T06:04:34","modified_gmt":"2021-12-30T05:04:34","slug":"peculato-e-falso-infermiere-capo-nei-guai","status":"publish","type":"post","link":"https:\/\/www.radiopiu.net\/wordpress\/peculato-e-falso-infermiere-capo-nei-guai\/","title":{"rendered":"PECULATO E FALSO, INFERMIERE CAPO NEI GUAI\u00a0"},"content":{"rendered":"<p><strong><img loading=\"lazy\" decoding=\"async\" class=\"alignleft\" src=\"https:\/\/www.radiopiu.net\/wordpress\/wp-content\/uploads\/2021\/02\/Ospedale-di-Cortina.jpeg\" width=\"261\" height=\"173\" \/>CORTINA<\/strong>\u00a0 Un infermiere responsabile, dipendente dell&#8217;Ospedale di Cortina \u00e8 stato arrestato dai carabinieri della Compagnia del luogo, coordinati dalla procura: l&#8217;uomo, originario di Feltre e residente in valle di Ansiei \u00e8 stato sospeso dal lavoro dalla societ\u00e0 che gestisce la struttura sanitaria, quindi scarcerato e sottoposto all&#8217;obbligo di dimora in un Comune bellunese. Le ipotesi di accusa formulate dalla procura sono di falso e peculato. La propriet\u00e0 dell&#8217;Ospedale di Cortina ha applicato la misura della sospensione in via cautelativa del rapporto di lavoro, allontanando il dipendente.\u00a0<em> \u00abIn relazione alle notizie trapelate sulle indagini nei confronti di un dipendente dell&#8217;Ospedale Cortina, la direzione della struttura, da cui \u00e8 partita la segnalazione alle autorit\u00e0 competenti, rende noto che, essendo queste tuttora in corso, non \u00e8 possibile, come da prassi, rilasciare alcuna dichiarazione\u00bb<\/em>, spiega in una nota.<\/p>\n","protected":false},"excerpt":{"rendered":"<p>CORTINA\u00a0 Un infermiere responsabile, dipendente dell&#8217;Ospedale di Cortina \u00e8 stato arrestato dai carabinieri della Compagnia del luogo, coordinati dalla procura: l&#8217;uomo, originario di Feltre e residente in valle di Ansiei \u00e8 stato sospeso dal lavoro dalla societ\u00e0 che gestisce la struttura sanitaria, quindi scarcerato e sottoposto all&#8217;obbligo di dimora in un Comune bellunese. Le ipotesi&hellip;<\/p>\n","protected":false},"author":4,"featured_media":189125,"comment_status":"closed","ping_status":"open","sticky":false,"template":"","format":"standard","meta":{"_monsterinsights_skip_tracking":false,"_monsterinsights_sitenote_active":false,"_monsterinsights_sitenote_note":"","_monsterinsights_sitenote_category":0,"footnotes":""},"categories":[51,49],"tags":[],"class_list":["post-250998","post","type-post","status-publish","format-standard","has-post-thumbnail","hentry","category-evidenza-top","category-news-18","category-51","category-49","description-off"],"img_url":"https:\/\/www.radiopiu.net\/wordpress\/wp-content\/uploads\/2021\/02\/Ospedale-di-Cortina.jpeg","_links":{"self":[{"href":"https:\/\/www.radiopiu.net\/wordpress\/wp-json\/wp\/v2\/posts\/250998","targetHints":{"allow":["GET"]}}],"collection":[{"href":"https:\/\/www.radiopiu.net\/wordpress\/wp-json\/wp\/v2\/posts"}],"about":[{"href":"https:\/\/www.radiopiu.net\/wordpress\/wp-json\/wp\/v2\/types\/post"}],"author":[{"embeddable":true,"href":"https:\/\/www.radiopiu.net\/wordpress\/wp-json\/wp\/v2\/users\/4"}],"replies":[{"embeddable":true,"href":"https:\/\/www.radiopiu.net\/wordpress\/wp-json\/wp\/v2\/comments?post=250998"}],"version-history":[{"count":0,"href":"https:\/\/www.radiopiu.net\/wordpress\/wp-json\/wp\/v2\/posts\/250998\/revisions"}],"wp:featuredmedia":[{"embeddable":true,"href":"https:\/\/www.radiopiu.net\/wordpress\/wp-json\/wp\/v2\/media\/189125"}],"wp:attachment":[{"href":"https:\/\/www.radiopiu.net\/wordpress\/wp-json\/wp\/v2\/media?parent=250998"}],"wp:term":[{"taxonomy":"category","embeddable":true,"href":"https:\/\/www.radiopiu.net\/wordpress\/wp-json\/wp\/v2\/categories?post=250998"},{"taxonomy":"post_tag","embeddable":true,"href":"https:\/\/www.radiopiu.net\/wordpress\/wp-json\/wp\/v2\/tags?post=250998"}],"curies":[{"name":"wp","href":"https:\/\/api.w.org\/{rel}","templated":true}]}}