{"id":251102,"date":"2021-12-30T14:32:32","date_gmt":"2021-12-30T13:32:32","guid":{"rendered":"https:\/\/www.radiopiu.net\/wordpress\/?p=251102"},"modified":"2021-12-30T14:32:32","modified_gmt":"2021-12-30T13:32:32","slug":"turismo-caner-dalla-giunta-quasi-35-milioni-di-contributi-alle-imprese-turistiche-di-montagna","status":"publish","type":"post","link":"https:\/\/www.radiopiu.net\/wordpress\/turismo-caner-dalla-giunta-quasi-35-milioni-di-contributi-alle-imprese-turistiche-di-montagna\/","title":{"rendered":"TURISMO. CANER, \u201cDALLA GIUNTA QUASI 35 MILIONI DI CONTRIBUTI ALLE IMPRESE TURISTICHE DI MONTAGNA\u201d"},"content":{"rendered":"<p><strong><a href=\"https:\/\/www.radiopiu.net\/wordpress\/speciale-turismo-regione-veneto\/259-2019-ass-caner-2\/\" rel=\"attachment wp-att-76841\"><img loading=\"lazy\" decoding=\"async\" class=\"size-medium wp-image-76841 alignleft\" src=\"https:\/\/www.radiopiu.net\/wordpress\/wp-content\/uploads\/2019\/02\/259-2019-Ass.-Caner-1-300x200.jpg\" alt=\"\" width=\"300\" height=\"200\" srcset=\"https:\/\/www.radiopiu.net\/wordpress\/wp-content\/uploads\/2019\/02\/259-2019-Ass.-Caner-1-300x200.jpg 300w, https:\/\/www.radiopiu.net\/wordpress\/wp-content\/uploads\/2019\/02\/259-2019-Ass.-Caner-1-768x512.jpg 768w, https:\/\/www.radiopiu.net\/wordpress\/wp-content\/uploads\/2019\/02\/259-2019-Ass.-Caner-1-1024x682.jpg 1024w, https:\/\/www.radiopiu.net\/wordpress\/wp-content\/uploads\/2019\/02\/259-2019-Ass.-Caner-1.jpg 2000w\" sizes=\"auto, (max-width: 300px) 100vw, 300px\" \/><\/a>VENEZIA <\/strong>La giunta regionale, su proposta dell\u2019assessore al turismo della Regione del Veneto Federico Caner, ha dato il via libera all&#8217;utilizzo di 34.843.305 euro da destinare alle imprese turistiche che si trovano all&#8217;interno dei Comuni ubicati nei comprensori sciistici. I contributi, a fondo perduto, verranno erogati, con la collaborazione operativa di Unioncamere Veneto, attraverso un apposito bando che potr\u00e0 essere pubblicato gi\u00e0 a partire dai primi giorni di febbraio. \u201c<em>Gli uffici regionali sono a lavoro \u2013 dichiara l\u2019assessore Caner &#8211; per far s\u00ec che questi fondi possano essere erogati quanto prima attraverso un bando pubblico che terr\u00e0 conto anche delle indicazioni provenienti dal territorio. Per esempio, la richiesta di non erogare contributi a pioggia o a carattere forfettario, ma di fissare dei criteri per far s\u00ec che i ristori siano proporzionali alle perdite e alle dimensioni delle aziende<\/em>\u201d. Lo stanziamento messo a disposizione dalla Regione del Veneto da parte del Ministero del Turismo fa parte dei 700 milioni del fondo per la montagna &#8211; poi aumentati a 800 milioni &#8211; che le Regioni avevano chiesto a gran voce nei mesi scorsi. Del totale 330 milioni euro erano stati destinati proprio per le imprese turistiche alpine. \u201c<em>Abbiamo atteso a lungo il trasferimento di queste risorse da Roma e ora \u2013 sottolinea Caner &#8211; la nostra Regione sta lavorando giorno e notte per ridurre al minimo il tempo di attesa da parte delle imprese. Dal rifinanziamento della cassa integrazione, alla messa in campo di nuovi aiuti, c\u2019\u00e8 urgente bisogno di sostenere, con tutti i mezzi possibili, la prima industria italiana e veneta. Dopo il buon andamento della stagione estiva tutti noi avremmo sperato in una fine del 2021 diversa e invece il settore turistico \u00e8 tornato a fare i conti con le difficolt\u00e0 legate alla pandemia. Ecco perch\u00e9 vogliamo che questi 35 milioni vengano messi a terra presto e bene,\u00a0per sostenere efficacemente la tenuta ed il rilancio del turismo invernale nelle nostre destinazioni<\/em>\u201d.<\/p>\n<p>&nbsp;<\/p>\n<p>&nbsp;<\/p>\n<p>&nbsp;<\/p>\n<p>*****<\/p>\n","protected":false},"excerpt":{"rendered":"<p>VENEZIA La giunta regionale, su proposta dell\u2019assessore al turismo della Regione del Veneto Federico Caner, ha dato il via libera all&#8217;utilizzo di 34.843.305 euro da destinare alle imprese turistiche che si trovano all&#8217;interno dei Comuni ubicati nei comprensori sciistici. I contributi, a fondo perduto, verranno erogati, con la collaborazione operativa di Unioncamere Veneto, attraverso un&hellip;<\/p>\n","protected":false},"author":4,"featured_media":76841,"comment_status":"closed","ping_status":"open","sticky":false,"template":"","format":"standard","meta":{"_monsterinsights_skip_tracking":false,"_monsterinsights_sitenote_active":false,"_monsterinsights_sitenote_note":"","_monsterinsights_sitenote_category":0,"footnotes":""},"categories":[49],"tags":[],"class_list":["post-251102","post","type-post","status-publish","format-standard","has-post-thumbnail","hentry","category-news-18","category-49","description-off"],"img_url":"https:\/\/www.radiopiu.net\/wordpress\/wp-content\/uploads\/2019\/02\/259-2019-Ass.-Caner-1.jpg","_links":{"self":[{"href":"https:\/\/www.radiopiu.net\/wordpress\/wp-json\/wp\/v2\/posts\/251102","targetHints":{"allow":["GET"]}}],"collection":[{"href":"https:\/\/www.radiopiu.net\/wordpress\/wp-json\/wp\/v2\/posts"}],"about":[{"href":"https:\/\/www.radiopiu.net\/wordpress\/wp-json\/wp\/v2\/types\/post"}],"author":[{"embeddable":true,"href":"https:\/\/www.radiopiu.net\/wordpress\/wp-json\/wp\/v2\/users\/4"}],"replies":[{"embeddable":true,"href":"https:\/\/www.radiopiu.net\/wordpress\/wp-json\/wp\/v2\/comments?post=251102"}],"version-history":[{"count":0,"href":"https:\/\/www.radiopiu.net\/wordpress\/wp-json\/wp\/v2\/posts\/251102\/revisions"}],"wp:featuredmedia":[{"embeddable":true,"href":"https:\/\/www.radiopiu.net\/wordpress\/wp-json\/wp\/v2\/media\/76841"}],"wp:attachment":[{"href":"https:\/\/www.radiopiu.net\/wordpress\/wp-json\/wp\/v2\/media?parent=251102"}],"wp:term":[{"taxonomy":"category","embeddable":true,"href":"https:\/\/www.radiopiu.net\/wordpress\/wp-json\/wp\/v2\/categories?post=251102"},{"taxonomy":"post_tag","embeddable":true,"href":"https:\/\/www.radiopiu.net\/wordpress\/wp-json\/wp\/v2\/tags?post=251102"}],"curies":[{"name":"wp","href":"https:\/\/api.w.org\/{rel}","templated":true}]}}