{"id":251108,"date":"2021-12-31T17:46:22","date_gmt":"2021-12-31T16:46:22","guid":{"rendered":"https:\/\/www.radiopiu.net\/wordpress\/?p=251108"},"modified":"2021-12-31T17:46:17","modified_gmt":"2021-12-31T16:46:17","slug":"caro-energia-nei-primi-6-mesi-del-2022-a-rischio-almeno-35-mila-posti-di-lavoro","status":"publish","type":"post","link":"https:\/\/www.radiopiu.net\/wordpress\/caro-energia-nei-primi-6-mesi-del-2022-a-rischio-almeno-35-mila-posti-di-lavoro\/","title":{"rendered":"CARO ENERGIA: NEI PRIMI 6 MESI DEL 2022 A RISCHIO ALMENO 35 MILA POSTI DI LAVORO"},"content":{"rendered":"<p>Gli aumenti di luce e gas avranno degli effetti molto pesanti sul fronte occupazionale. A dirlo \u00e8 l\u2019Ufficio studi della CGIA che stima in almeno 35 mila gli addetti presenti in Veneto nei settori energivori che, a causa dei rincari delle bollette, potrebbero rimanere temporaneamente a casa nei primi sei mesi del 2022.<\/p>\n<p>Nei prossimi mesi, infatti, con variazioni annue delle tariffe che in alcuni comparti rischiano di raggiungere il +250 per cento, molte aziende del vetro, della carta, della ceramica, del cemento, della plastica, della produzione laterizi, della meccanica pesante, dell\u2019alimentazione, della chimica, etc., potrebbero essere costrette a fermare la produzione, perch\u00e9 non in grado di far fronte all\u2019aumento esponenziale di questi costi fissi.<\/p>\n<p><strong>A soffrire \u00e8 il made in Italy<\/strong><\/p>\n<p>Questa esplosione dei prezzi colpisce indistintamente tutte le attivit\u00e0, anche se alcune eccellenze del nostro made in Italy rischiano molto pi\u00f9 di altre. Settori che in questo momento stanno dando un contributo fondamentale alla ripresa economica del Veneto, con livelli di vendite all\u2019estero mai toccati in precedenza. Non sono poche, infatti, le realt\u00e0 territoriali che dovranno fare i conti con i prossimi aumenti, con il risultato che per molte aziende sar\u00e0 pi\u00f9 conveniente spegnere i macchinari, si spera temporaneamente, che tenere gli impianti accesi.<\/p>\n<p><strong>A rischio tanti distretti produttivi<\/strong><\/p>\n<p>Le difficolt\u00e0, fanno sapere gli artigiani di Mestre, sono gi\u00e0 emerse in questi ultimi mesi, in particolar modo nei seguenti distretti produttivi:<\/p>\n<p><strong>Fonderie di Vicenza<\/strong><br \/>\n<strong>Materie plastiche di Treviso, Vicenza e Padova;<\/strong><br \/>\n<strong>Termomeccanica Padova e Verona;<\/strong><br \/>\n<strong>Vetro di Murano.<\/strong><\/p>\n<p>Come sappiamo, commentano dalla CGIA, le ragioni alla base dell\u2019impennata dei prezzi, sono molteplici, anche se due, in particolar modo, ne hanno condizionato profondamente il trend di crescita in questa seconda parte dell\u2019anno. In primo luogo, c\u2019\u00e8 il tema dell\u2019acquisto delle quote di emissione di CO2 (il cui prezzo \u00e8 quadruplicato negli ultimi mesi e, per almeno il 40 per cento, si sta scaricando sul costo dell\u2019energia). In secondo luogo la fallimentare politica di approvvigionamento del gas naturale che ha mostrato molti limiti, facendo schizzare i prezzi di oltre sei volte rispetto ai primi mesi di quest\u2019anno.<\/p>\n<p>Altri 6 miliardi per mitigare gli aumenti<br \/>\nAuspicando che questa fiammata si esaurisca entro la prima parte del 2022, non pu\u00f2 che essere affrontata con una misura tampone. Secondo l\u2019Ufficio studi della CGIA, infatti, il Governo dovrebbe incrementate le misure gi\u00e0 prese con la legge di Bilancio 2022, mettendo a disposizione delle imprese almeno 1 miliardo di euro al mese fino al prossimo mese di giugno.<\/p>\n<p><strong>Quanto previsto dalla legge di Bilancio 2022<\/strong><\/p>\n<p>Per mitigare l\u2019aumento del cosiddetto caro bollette, nella seconda parte di quest\u2019anno il Governo Draghi ha stanziato 4,7 miliardi di euro; mentre con la legge di Bilancio per il 2022 ha messo a disposizione 3,8 miliardi di euro, introducendo la possibilit\u00e0 di formulare piani di rateizzazione per le famiglie pi\u00f9 in difficolt\u00e0 con il pagamento delle utenze di luce e gas. In particolare, 1,8 miliardi di euro permetteranno di azzerare gli oneri di sistema nelle bollette dell\u2019elettricit\u00e0 applicati alle famiglie e alle microimprese con l\u2019obiettivo di alleggerire il conto pagato da 29 milioni di famiglie e circa 6 milioni di microimprese come attivit\u00e0 commerciali, artigianali e professionali. Per quel che riguarda il gas, oltre al taglio degli oneri (che sono minori rispetto a quelli della bolletta elettrica), si aggiunge anche la riduzione dell\u2019Iva al 5% sia per le somministrazioni di gas per usi civili che per quelli industriali (rispettivamente al 10 per cento e al 22 per cento). \u00c8 stato reiterato inoltre anche il potenziamento del bonus sociale, lo sconto in bolletta previsto per le famiglie con disagio economico e fisico, in modo da azzerare l\u2019effetto dei rincari.<\/p>\n","protected":false},"excerpt":{"rendered":"<p>Gli aumenti di luce e gas avranno degli effetti molto pesanti sul fronte occupazionale. A dirlo \u00e8 l\u2019Ufficio studi della CGIA che stima in almeno 35 mila gli addetti presenti in Veneto nei settori energivori che, a causa dei rincari delle bollette, potrebbero rimanere temporaneamente a casa nei primi sei mesi del 2022. Nei prossimi&hellip;<\/p>\n","protected":false},"author":2,"featured_media":251109,"comment_status":"closed","ping_status":"open","sticky":false,"template":"","format":"standard","meta":{"_monsterinsights_skip_tracking":false,"_monsterinsights_sitenote_active":false,"_monsterinsights_sitenote_note":"","_monsterinsights_sitenote_category":0,"footnotes":""},"categories":[104,49],"tags":[],"class_list":["post-251108","post","type-post","status-publish","format-standard","has-post-thumbnail","hentry","category-evidenza_3","category-news-18","category-104","category-49","description-off"],"img_url":"https:\/\/www.radiopiu.net\/wordpress\/wp-content\/uploads\/2021\/12\/bollette.jpeg","_links":{"self":[{"href":"https:\/\/www.radiopiu.net\/wordpress\/wp-json\/wp\/v2\/posts\/251108","targetHints":{"allow":["GET"]}}],"collection":[{"href":"https:\/\/www.radiopiu.net\/wordpress\/wp-json\/wp\/v2\/posts"}],"about":[{"href":"https:\/\/www.radiopiu.net\/wordpress\/wp-json\/wp\/v2\/types\/post"}],"author":[{"embeddable":true,"href":"https:\/\/www.radiopiu.net\/wordpress\/wp-json\/wp\/v2\/users\/2"}],"replies":[{"embeddable":true,"href":"https:\/\/www.radiopiu.net\/wordpress\/wp-json\/wp\/v2\/comments?post=251108"}],"version-history":[{"count":0,"href":"https:\/\/www.radiopiu.net\/wordpress\/wp-json\/wp\/v2\/posts\/251108\/revisions"}],"wp:featuredmedia":[{"embeddable":true,"href":"https:\/\/www.radiopiu.net\/wordpress\/wp-json\/wp\/v2\/media\/251109"}],"wp:attachment":[{"href":"https:\/\/www.radiopiu.net\/wordpress\/wp-json\/wp\/v2\/media?parent=251108"}],"wp:term":[{"taxonomy":"category","embeddable":true,"href":"https:\/\/www.radiopiu.net\/wordpress\/wp-json\/wp\/v2\/categories?post=251108"},{"taxonomy":"post_tag","embeddable":true,"href":"https:\/\/www.radiopiu.net\/wordpress\/wp-json\/wp\/v2\/tags?post=251108"}],"curies":[{"name":"wp","href":"https:\/\/api.w.org\/{rel}","templated":true}]}}